{"id":9786,"date":"2014-08-21T08:04:41","date_gmt":"2014-08-21T06:04:41","guid":{"rendered":"http:\/\/somos.vicencianos.org\/blog\/?p=9786"},"modified":"2016-07-26T17:22:02","modified_gmt":"2016-07-26T15:22:02","slug":"el-espiritu-de-san-vicente-de-paul","status":"publish","type":"post","link":"http:\/\/vincentians.com\/es\/el-espiritu-de-san-vicente-de-paul\/","title":{"rendered":"El esp\u00edritu de san Vicente de Pa\u00fal"},"content":{"rendered":"<h2>Esp\u00edritu y Espiritualidad<\/h2>\n<p><a href=\"https:\/\/i0.wp.com\/vicencianos.org\/wp-content\/2011\/05\/vicente_clichy.jpg\"><img data-recalc-dims=\"1\" loading=\"lazy\" decoding=\"async\" class=\"alignright size-medium wp-image-38431\" title=\"Collection de dessins de CHALLAMEL, BN.Collection Paul GUNTH,\" src=\"https:\/\/i0.wp.com\/vicencianos.org\/wp-content\/2011\/05\/vicente_clichy-216x300.jpg?resize=216%2C300\" alt=\"\" width=\"216\" height=\"300\" \/><\/a>El P. Paiva inici\u00f3 su exposici\u00f3n con una cr\u00edtica a los exclusivismos de que se han dejado llevar las familias religiosas, al exponer y defender el esp\u00edritu de los fun\u00addadores. Desaprob\u00f3 tambi\u00e9n las modali\u00addades artificiales con que en los novicia\u00addos se pretend\u00eda \u00abimbuir\u00bb forzadamente en ese esp\u00edritu, a los candidatos, cuya al\u00adma se supon\u00eda ser como una sala vac\u00eda, que los directores se esforzaban por de\u00adcorar, poniendo en ella, a manera de cua\u00addros o de floreros, las virtudes caracter\u00eds\u00adticas del respectivo fundador.<\/p>\n<p>Ha primado una manera intelectual\u00eds\u00adtica y descarnada de entender la vida de los santos, abstrayendo de los condiciona\u00admientos de tiempo y de lugar en que vi\u00advieron. Los fundadores no adquirieron su esp\u00edritu escogiendo un determinado n\u00fame\u00adro de virtudes, aisl\u00e1ndose luego en la so\u00adledad para practicarlas y yendo despu\u00e9s a las labores apost\u00f3licas. La pr\u00e1ctica de ciertas virtudes que se revelan en sus vidas, fueron el medio que consideraron necesario para poder conseguir el ideal de su apostolado.<\/p>\n<p>El esp\u00edritu de un santo es una adaptaci\u00f3n del esp\u00edritu de Cristo, a circunstancias particulares. propias del contexto hist\u00f3rico en que vivi\u00f3. Implica una mentalidad caracter\u00edstica y una manera peculiar de interpretar la realidad de su \u00e9poca.<\/p>\n<p>La espiritualidad es la forma concreta como se manifiesta el esp\u00edritu de un santo, en sus modos t\u00edpicos de pensar y de ac\u00adtuar.<\/p>\n<h2>El proceso de conversi\u00f3n de san Vicente<\/h2>\n<p>A partir de la confesi\u00f3n general del cam\u00adpesino de Gannes y del serm\u00f3n del 25 de enero de 1617 en Folleville, S. Vicente \u00abse convirti\u00f3\u00bb, e.d. rompi\u00f3 con su pasado de ambiciones terrenales y con su presente de comodidades y honores en la casa de los Gondi e hizo una reordenaci\u00f3n de todas sus experiencias y de sus relaciones con Dios y con los hombres, en vista de lo que des\u00adcubri\u00f3 entonces como polo orientador de toda su vida en adelante: el servicio de Dios en los pobres campesinos.<\/p>\n<p>Empieza resueltamente a trabajar para la consecuci\u00f3n de este objetivo. Y es en\u00adtonces cuando experimentalmente descu\u00adbre la necesidad de las virtudes de senci\u00adllez, humildad, mansedumbre, mortifica\u00adci\u00f3n y celo, como requisitos indispensables para poder abordar al campesino, inspi\u00adrarle confianza y soportar las incomodida\u00addes de este tipo de apostolado. Y, m\u00e1s tarde, comprueba que son tambi\u00e9n instru\u00admento eficaz para trabajar en la formaci\u00f3n del clero. S\u00f3lo despu\u00e9s de estas expe\u00adriencias vivenciales, reconsideradas en la oraci\u00f3n e iluminadas con la reflexi\u00f3n teo\u00adl\u00f3gica, hace Vicente formulaciones doctri\u00adnales, conducentes a transmitir su pen\u00adsamiento, sus vivencias y sus aspiracio\u00adnes, a sus colaboradores. Y al hacerlo, ne\u00adcesariamente estuvo condicionado por el estado en que se hallaba la teolog\u00eda, por la escuela de espiritualidad (la berulliana) que hab\u00eda frecuentado y por los influjos sociales, pol\u00edticos y econ\u00f3micos del siglo XVII.<\/p>\n<h2>Nuestro proceso para adquirir el esp\u00edritu vicentino<\/h2>\n<p>Deber\u00eda ser an\u00e1logo al que sigui\u00f3 S. Vi\u00adcente: La condici\u00f3n \u00absine qua non\u00bb para principiar, es la convicci\u00f3n profunda de que la mejor manera de realizarnos sa\u00adcerdotalmente, es el servicio de los po\u00adbres. Luego, para elevarnos al plano so\u00adbrenatural en la intenci\u00f3n de nuestro apos\u00adtolado, tendr\u00edamos que cultivar un intenso esp\u00edritu de fe para ver a Jesucristo en los pobres, conforme a su misma ense\u00f1anza en Mt.25, 40 y 45: \u00ab<em>Lo que hic\u00edsteis al m\u00e1s peque\u00f1o de mis hermanos, a M\u00ed me lo hicisteis&#8230; Lo que dej\u00e1steis de hacer con \u00e9l, a M\u00ed me la hab\u00e9is dejado de ha\u00adcer<\/em>\u00ab.<\/p>\n<p>Del an\u00e1lisis de estos textos, se deduce la urgencia de que adoptemos otras dos actitudes, como lo hizo S. Vicente: <strong>Rom\u00ad<\/strong><strong>pimiento <\/strong>con nuestro ego\u00edsmo y con sus manifestaciones sociales y <strong>Compromiso <\/strong>efectivo de solidaridad con los oprimidos y de pr\u00e1ctica de la caridad por medio del <strong>amor humano <\/strong>hacia ellos.<\/p>\n<p>Finalmente es preciso recordar que S. Vicente no puede ni debe ser imitado por nosotros, en el sentido de pretender copiar literalmente o duplicar hoy sus activida\u00addes del S. XVII. Debemos mirarlo como un modelo en el que podemos encontrar elementos v\u00e1lidos para incorporarlos en nuestra propia espiritualidad y para inspi\u00adrar nuestra actividad apost\u00f3lica.<\/p>\n<p style=\"text-align: right\"><em>Por: Luis Jenaro Rojas Chaux, C.M.<br \/>\nTomado de:<\/em><\/p>\n","protected":false},"excerpt":{"rendered":"<p>Esp\u00edritu y Espiritualidad El P. Paiva inici\u00f3 su exposici\u00f3n con una cr\u00edtica a los exclusivismos de que se han dejado llevar las familias religiosas, al exponer y defender el esp\u00edritu de los fun\u00addadores. Desaprob\u00f3 tambi\u00e9n &#8230; <a href=\"http:\/\/vincentians.com\/es\/el-espiritu-de-san-vicente-de-paul\/\" class=\"more-link\">Read More<\/a><\/p>\n","protected":false},"author":4,"featured_media":38431,"comment_status":"open","ping_status":"open","sticky":false,"template":"","format":"standard","meta":{"jetpack_post_was_ever_published":false,"_jetpack_newsletter_access":"","_jetpack_dont_email_post_to_subs":false,"_jetpack_newsletter_tier_id":0,"_jetpack_memberships_contains_paywalled_content":false,"_jetpack_memberships_contains_paid_content":false,"footnotes":"","jetpack_publicize_message":"","jetpack_publicize_feature_enabled":true,"jetpack_social_post_already_shared":true,"jetpack_social_options":{"image_generator_settings":{"template":"highway","default_image_id":0,"font":"","enabled":false},"version":2}},"categories":[5],"tags":[175,145,119],"class_list":["post-9786","post","type-post","status-publish","format-standard","has-post-thumbnail","hentry","category-vicente-de-paul","tag-folleville","tag-gannes","tag-gondi"],"yoast_head":"<!-- This site is optimized with the Yoast SEO plugin v26.3 - https:\/\/yoast.com\/wordpress\/plugins\/seo\/ -->\n<title>El esp\u00edritu de san Vicente de Pa\u00fal - Somos Vicencianos<\/title>\n<meta name=\"robots\" content=\"index, follow, max-snippet:-1, max-image-preview:large, max-video-preview:-1\" \/>\n<link rel=\"canonical\" href=\"https:\/\/vincentians.com\/es\/el-espiritu-de-san-vicente-de-paul\/\" \/>\n<meta property=\"og:locale\" content=\"es_ES\" \/>\n<meta property=\"og:type\" content=\"article\" \/>\n<meta property=\"og:title\" content=\"El esp\u00edritu de san Vicente de Pa\u00fal - Somos Vicencianos\" \/>\n<meta property=\"og:description\" content=\"Esp\u00edritu y Espiritualidad El P. Paiva inici\u00f3 su exposici\u00f3n con una cr\u00edtica a los exclusivismos de que se han dejado llevar las familias religiosas, al exponer y defender el esp\u00edritu de los fun\u00addadores. Desaprob\u00f3 tambi\u00e9n ... Read More\" \/>\n<meta property=\"og:url\" content=\"https:\/\/vincentians.com\/es\/el-espiritu-de-san-vicente-de-paul\/\" \/>\n<meta property=\"og:site_name\" content=\"Somos Vicencianos\" \/>\n<meta property=\"article:publisher\" content=\"https:\/\/www.facebook.com\/WeAreVincentians\/\" \/>\n<meta property=\"article:author\" content=\"https:\/\/www.facebook.com\/JavierChento\" \/>\n<meta property=\"article:published_time\" content=\"2014-08-21T06:04:41+00:00\" \/>\n<meta property=\"article:modified_time\" content=\"2016-07-26T15:22:02+00:00\" \/>\n<meta name=\"author\" content=\"Francisco Javier Fern\u00e1ndez Chento\" \/>\n<meta name=\"twitter:card\" content=\"summary_large_image\" \/>\n<meta name=\"twitter:creator\" content=\"@https:\/\/twitter.com\/javierchento\" \/>\n<meta name=\"twitter:site\" content=\"@WeVincentians\" \/>\n<meta name=\"twitter:label1\" content=\"Escrito por\" \/>\n\t<meta name=\"twitter:data1\" content=\"Francisco Javier Fern\u00e1ndez Chento\" \/>\n\t<meta name=\"twitter:label2\" content=\"Tiempo de lectura\" \/>\n\t<meta name=\"twitter:data2\" content=\"4 minutos\" \/>\n<script type=\"application\/ld+json\" class=\"yoast-schema-graph\">{\"@context\":\"https:\/\/schema.org\",\"@graph\":[{\"@type\":\"Article\",\"@id\":\"https:\/\/vincentians.com\/es\/el-espiritu-de-san-vicente-de-paul\/#article\",\"isPartOf\":{\"@id\":\"https:\/\/vincentians.com\/es\/el-espiritu-de-san-vicente-de-paul\/\"},\"author\":{\"name\":\"Francisco Javier Fern\u00e1ndez Chento\",\"@id\":\"https:\/\/vincentians.com\/es\/#\/schema\/person\/9623ef4d9aa3b2dfb8c061f1499288f2\"},\"headline\":\"El esp\u00edritu de san Vicente de Pa\u00fal\",\"datePublished\":\"2014-08-21T06:04:41+00:00\",\"dateModified\":\"2016-07-26T15:22:02+00:00\",\"mainEntityOfPage\":{\"@id\":\"https:\/\/vincentians.com\/es\/el-espiritu-de-san-vicente-de-paul\/\"},\"wordCount\":773,\"commentCount\":0,\"publisher\":{\"@id\":\"https:\/\/vincentians.com\/es\/#organization\"},\"image\":{\"@id\":\"https:\/\/vincentians.com\/es\/el-espiritu-de-san-vicente-de-paul\/#primaryimage\"},\"thumbnailUrl\":\"\",\"keywords\":[\"Folleville\",\"Gannes\",\"Gondi\"],\"articleSection\":[\"Vicente de Pa\u00fal\"],\"inLanguage\":\"es\",\"potentialAction\":[{\"@type\":\"CommentAction\",\"name\":\"Comment\",\"target\":[\"https:\/\/vincentians.com\/es\/el-espiritu-de-san-vicente-de-paul\/#respond\"]}]},{\"@type\":\"WebPage\",\"@id\":\"https:\/\/vincentians.com\/es\/el-espiritu-de-san-vicente-de-paul\/\",\"url\":\"https:\/\/vincentians.com\/es\/el-espiritu-de-san-vicente-de-paul\/\",\"name\":\"El esp\u00edritu de san Vicente de Pa\u00fal - Somos Vicencianos\",\"isPartOf\":{\"@id\":\"https:\/\/vincentians.com\/es\/#website\"},\"primaryImageOfPage\":{\"@id\":\"https:\/\/vincentians.com\/es\/el-espiritu-de-san-vicente-de-paul\/#primaryimage\"},\"image\":{\"@id\":\"https:\/\/vincentians.com\/es\/el-espiritu-de-san-vicente-de-paul\/#primaryimage\"},\"thumbnailUrl\":\"\",\"datePublished\":\"2014-08-21T06:04:41+00:00\",\"dateModified\":\"2016-07-26T15:22:02+00:00\",\"breadcrumb\":{\"@id\":\"https:\/\/vincentians.com\/es\/el-espiritu-de-san-vicente-de-paul\/#breadcrumb\"},\"inLanguage\":\"es\",\"potentialAction\":[{\"@type\":\"ReadAction\",\"target\":[\"https:\/\/vincentians.com\/es\/el-espiritu-de-san-vicente-de-paul\/\"]}]},{\"@type\":\"ImageObject\",\"inLanguage\":\"es\",\"@id\":\"https:\/\/vincentians.com\/es\/el-espiritu-de-san-vicente-de-paul\/#primaryimage\",\"url\":\"\",\"contentUrl\":\"\"},{\"@type\":\"BreadcrumbList\",\"@id\":\"https:\/\/vincentians.com\/es\/el-espiritu-de-san-vicente-de-paul\/#breadcrumb\",\"itemListElement\":[{\"@type\":\"ListItem\",\"position\":1,\"name\":\"Portada\",\"item\":\"https:\/\/vincentians.com\/es\/\"},{\"@type\":\"ListItem\",\"position\":2,\"name\":\"El esp\u00edritu de san Vicente de Pa\u00fal\"}]},{\"@type\":\"WebSite\",\"@id\":\"https:\/\/vincentians.com\/es\/#website\",\"url\":\"https:\/\/vincentians.com\/es\/\",\"name\":\"Somos Vicencianos\",\"description\":\"Know more to serve more\",\"publisher\":{\"@id\":\"https:\/\/vincentians.com\/es\/#organization\"},\"potentialAction\":[{\"@type\":\"SearchAction\",\"target\":{\"@type\":\"EntryPoint\",\"urlTemplate\":\"https:\/\/vincentians.com\/es\/?s={search_term_string}\"},\"query-input\":{\"@type\":\"PropertyValueSpecification\",\"valueRequired\":true,\"valueName\":\"search_term_string\"}}],\"inLanguage\":\"es\"},{\"@type\":\"Organization\",\"@id\":\"https:\/\/vincentians.com\/es\/#organization\",\"name\":\"The Vincentian Network\",\"url\":\"https:\/\/vincentians.com\/es\/\",\"logo\":{\"@type\":\"ImageObject\",\"inLanguage\":\"es\",\"@id\":\"https:\/\/vincentians.com\/es\/#\/schema\/logo\/image\/\",\"url\":\"https:\/\/i1.wp.com\/vincentians.com\/es\/wp-content\/uploads\/sites\/11\/2016\/06\/Vincentian-Network-logo-big.png?fit=778%2C778\",\"contentUrl\":\"https:\/\/i1.wp.com\/vincentians.com\/es\/wp-content\/uploads\/sites\/11\/2016\/06\/Vincentian-Network-logo-big.png?fit=778%2C778\",\"width\":778,\"height\":778,\"caption\":\"The Vincentian Network\"},\"image\":{\"@id\":\"https:\/\/vincentians.com\/es\/#\/schema\/logo\/image\/\"},\"sameAs\":[\"https:\/\/www.facebook.com\/WeAreVincentians\/\",\"https:\/\/x.com\/WeVincentians\"]},{\"@type\":\"Person\",\"@id\":\"https:\/\/vincentians.com\/es\/#\/schema\/person\/9623ef4d9aa3b2dfb8c061f1499288f2\",\"name\":\"Francisco Javier Fern\u00e1ndez Chento\",\"image\":{\"@type\":\"ImageObject\",\"inLanguage\":\"es\",\"@id\":\"https:\/\/vincentians.com\/es\/#\/schema\/person\/image\/\",\"url\":\"https:\/\/secure.gravatar.com\/avatar\/497d5cde87b4c3d097d0315953521681ba2cd523ee66e5077c3711f7021e65de?s=96&d=mm&r=g\",\"contentUrl\":\"https:\/\/secure.gravatar.com\/avatar\/497d5cde87b4c3d097d0315953521681ba2cd523ee66e5077c3711f7021e65de?s=96&d=mm&r=g\",\"caption\":\"Francisco Javier Fern\u00e1ndez Chento\"},\"description\":\"Director General y cofundador de La Red de Formaci\u00f3n Vicenciana. Javier es laico vicenciano, afiliado a la Congregaci\u00f3n de la Misi\u00f3n y miembro del Equipo de Misiones Populares de la provincia can\u00f3nica de Zaragoza (Espa\u00f1a) de la Congregaci\u00f3n de la Misi\u00f3n. Graduado en la Universidad Oberta de Catalunya con cuatro grados (Asistente de direcci\u00f3n, Gesti\u00f3n Administrativa, Recursos Humanos y Contabilidad Avanzada). Bil\u00edng\u00fce Espa\u00f1ol\/Ingl\u00e9s. gestiona y mantiene varias p\u00e1ginas web cristianas y vicencianas, incluida including La Red de Formaci\u00f3n Vicenciana, de la que es cofundador. Actualmente es responsable del \u00e1rea de Espa\u00f1ol de .famvin, la Red de Noticias de la Familia Vicenciana. Tambi\u00e9n es m\u00fasico cat\u00f3lico y ha editado varios discos. Es Director General y cofundador de Trovador, una reconocida compa\u00f1\u00eda discogr\u00e1fica critiana de Espa\u00f1a. Trabaja en las Tecnolog\u00edas de la Informaci\u00f3n, ofreciendo servicios de alojamiento, dise\u00f1o y mantenimiento Web, as\u00ed como asesoramiento, formaci\u00f3n y soluciones inform\u00e1ticas, gesti\u00f3n documental y digitalizaci\u00f3n de textos, edici\u00f3n y maquetaci\u00f3n de libros, revistas, flyers, etc.\",\"sameAs\":[\"http:\/\/chento.org\",\"https:\/\/www.facebook.com\/JavierChento\",\"https:\/\/x.com\/https:\/\/twitter.com\/javierchento\"],\"url\":\"http:\/\/vincentians.com\/es\/author\/chento\/\"}]}<\/script>\n<!-- \/ Yoast SEO plugin. -->","yoast_head_json":{"title":"El esp\u00edritu de san Vicente de Pa\u00fal - Somos Vicencianos","robots":{"index":"index","follow":"follow","max-snippet":"max-snippet:-1","max-image-preview":"max-image-preview:large","max-video-preview":"max-video-preview:-1"},"canonical":"https:\/\/vincentians.com\/es\/el-espiritu-de-san-vicente-de-paul\/","og_locale":"es_ES","og_type":"article","og_title":"El esp\u00edritu de san Vicente de Pa\u00fal - Somos Vicencianos","og_description":"Esp\u00edritu y Espiritualidad El P. Paiva inici\u00f3 su exposici\u00f3n con una cr\u00edtica a los exclusivismos de que se han dejado llevar las familias religiosas, al exponer y defender el esp\u00edritu de los fun\u00addadores. Desaprob\u00f3 tambi\u00e9n ... Read More","og_url":"https:\/\/vincentians.com\/es\/el-espiritu-de-san-vicente-de-paul\/","og_site_name":"Somos Vicencianos","article_publisher":"https:\/\/www.facebook.com\/WeAreVincentians\/","article_author":"https:\/\/www.facebook.com\/JavierChento","article_published_time":"2014-08-21T06:04:41+00:00","article_modified_time":"2016-07-26T15:22:02+00:00","author":"Francisco Javier Fern\u00e1ndez Chento","twitter_card":"summary_large_image","twitter_creator":"@https:\/\/twitter.com\/javierchento","twitter_site":"@WeVincentians","twitter_misc":{"Escrito por":"Francisco Javier Fern\u00e1ndez Chento","Tiempo de lectura":"4 minutos"},"schema":{"@context":"https:\/\/schema.org","@graph":[{"@type":"Article","@id":"https:\/\/vincentians.com\/es\/el-espiritu-de-san-vicente-de-paul\/#article","isPartOf":{"@id":"https:\/\/vincentians.com\/es\/el-espiritu-de-san-vicente-de-paul\/"},"author":{"name":"Francisco Javier Fern\u00e1ndez Chento","@id":"https:\/\/vincentians.com\/es\/#\/schema\/person\/9623ef4d9aa3b2dfb8c061f1499288f2"},"headline":"El esp\u00edritu de san Vicente de Pa\u00fal","datePublished":"2014-08-21T06:04:41+00:00","dateModified":"2016-07-26T15:22:02+00:00","mainEntityOfPage":{"@id":"https:\/\/vincentians.com\/es\/el-espiritu-de-san-vicente-de-paul\/"},"wordCount":773,"commentCount":0,"publisher":{"@id":"https:\/\/vincentians.com\/es\/#organization"},"image":{"@id":"https:\/\/vincentians.com\/es\/el-espiritu-de-san-vicente-de-paul\/#primaryimage"},"thumbnailUrl":"","keywords":["Folleville","Gannes","Gondi"],"articleSection":["Vicente de Pa\u00fal"],"inLanguage":"es","potentialAction":[{"@type":"CommentAction","name":"Comment","target":["https:\/\/vincentians.com\/es\/el-espiritu-de-san-vicente-de-paul\/#respond"]}]},{"@type":"WebPage","@id":"https:\/\/vincentians.com\/es\/el-espiritu-de-san-vicente-de-paul\/","url":"https:\/\/vincentians.com\/es\/el-espiritu-de-san-vicente-de-paul\/","name":"El esp\u00edritu de san Vicente de Pa\u00fal - Somos Vicencianos","isPartOf":{"@id":"https:\/\/vincentians.com\/es\/#website"},"primaryImageOfPage":{"@id":"https:\/\/vincentians.com\/es\/el-espiritu-de-san-vicente-de-paul\/#primaryimage"},"image":{"@id":"https:\/\/vincentians.com\/es\/el-espiritu-de-san-vicente-de-paul\/#primaryimage"},"thumbnailUrl":"","datePublished":"2014-08-21T06:04:41+00:00","dateModified":"2016-07-26T15:22:02+00:00","breadcrumb":{"@id":"https:\/\/vincentians.com\/es\/el-espiritu-de-san-vicente-de-paul\/#breadcrumb"},"inLanguage":"es","potentialAction":[{"@type":"ReadAction","target":["https:\/\/vincentians.com\/es\/el-espiritu-de-san-vicente-de-paul\/"]}]},{"@type":"ImageObject","inLanguage":"es","@id":"https:\/\/vincentians.com\/es\/el-espiritu-de-san-vicente-de-paul\/#primaryimage","url":"","contentUrl":""},{"@type":"BreadcrumbList","@id":"https:\/\/vincentians.com\/es\/el-espiritu-de-san-vicente-de-paul\/#breadcrumb","itemListElement":[{"@type":"ListItem","position":1,"name":"Portada","item":"https:\/\/vincentians.com\/es\/"},{"@type":"ListItem","position":2,"name":"El esp\u00edritu de san Vicente de Pa\u00fal"}]},{"@type":"WebSite","@id":"https:\/\/vincentians.com\/es\/#website","url":"https:\/\/vincentians.com\/es\/","name":"Somos Vicencianos","description":"Know more to serve more","publisher":{"@id":"https:\/\/vincentians.com\/es\/#organization"},"potentialAction":[{"@type":"SearchAction","target":{"@type":"EntryPoint","urlTemplate":"https:\/\/vincentians.com\/es\/?s={search_term_string}"},"query-input":{"@type":"PropertyValueSpecification","valueRequired":true,"valueName":"search_term_string"}}],"inLanguage":"es"},{"@type":"Organization","@id":"https:\/\/vincentians.com\/es\/#organization","name":"The Vincentian Network","url":"https:\/\/vincentians.com\/es\/","logo":{"@type":"ImageObject","inLanguage":"es","@id":"https:\/\/vincentians.com\/es\/#\/schema\/logo\/image\/","url":"https:\/\/i1.wp.com\/vincentians.com\/es\/wp-content\/uploads\/sites\/11\/2016\/06\/Vincentian-Network-logo-big.png?fit=778%2C778","contentUrl":"https:\/\/i1.wp.com\/vincentians.com\/es\/wp-content\/uploads\/sites\/11\/2016\/06\/Vincentian-Network-logo-big.png?fit=778%2C778","width":778,"height":778,"caption":"The Vincentian Network"},"image":{"@id":"https:\/\/vincentians.com\/es\/#\/schema\/logo\/image\/"},"sameAs":["https:\/\/www.facebook.com\/WeAreVincentians\/","https:\/\/x.com\/WeVincentians"]},{"@type":"Person","@id":"https:\/\/vincentians.com\/es\/#\/schema\/person\/9623ef4d9aa3b2dfb8c061f1499288f2","name":"Francisco Javier Fern\u00e1ndez Chento","image":{"@type":"ImageObject","inLanguage":"es","@id":"https:\/\/vincentians.com\/es\/#\/schema\/person\/image\/","url":"https:\/\/secure.gravatar.com\/avatar\/497d5cde87b4c3d097d0315953521681ba2cd523ee66e5077c3711f7021e65de?s=96&d=mm&r=g","contentUrl":"https:\/\/secure.gravatar.com\/avatar\/497d5cde87b4c3d097d0315953521681ba2cd523ee66e5077c3711f7021e65de?s=96&d=mm&r=g","caption":"Francisco Javier Fern\u00e1ndez Chento"},"description":"Director General y cofundador de La Red de Formaci\u00f3n Vicenciana. Javier es laico vicenciano, afiliado a la Congregaci\u00f3n de la Misi\u00f3n y miembro del Equipo de Misiones Populares de la provincia can\u00f3nica de Zaragoza (Espa\u00f1a) de la Congregaci\u00f3n de la Misi\u00f3n. Graduado en la Universidad Oberta de Catalunya con cuatro grados (Asistente de direcci\u00f3n, Gesti\u00f3n Administrativa, Recursos Humanos y Contabilidad Avanzada). Bil\u00edng\u00fce Espa\u00f1ol\/Ingl\u00e9s. gestiona y mantiene varias p\u00e1ginas web cristianas y vicencianas, incluida including La Red de Formaci\u00f3n Vicenciana, de la que es cofundador. Actualmente es responsable del \u00e1rea de Espa\u00f1ol de .famvin, la Red de Noticias de la Familia Vicenciana. Tambi\u00e9n es m\u00fasico cat\u00f3lico y ha editado varios discos. Es Director General y cofundador de Trovador, una reconocida compa\u00f1\u00eda discogr\u00e1fica critiana de Espa\u00f1a. Trabaja en las Tecnolog\u00edas de la Informaci\u00f3n, ofreciendo servicios de alojamiento, dise\u00f1o y mantenimiento Web, as\u00ed como asesoramiento, formaci\u00f3n y soluciones inform\u00e1ticas, gesti\u00f3n documental y digitalizaci\u00f3n de textos, edici\u00f3n y maquetaci\u00f3n de libros, revistas, flyers, etc.","sameAs":["http:\/\/chento.org","https:\/\/www.facebook.com\/JavierChento","https:\/\/x.com\/https:\/\/twitter.com\/javierchento"],"url":"http:\/\/vincentians.com\/es\/author\/chento\/"}]}},"jetpack_publicize_connections":[],"jetpack_featured_media_url":"","jetpack_sharing_enabled":true,"jetpack_shortlink":"https:\/\/wp.me\/p7ETMF-2xQ","jetpack-related-posts":[{"id":131132,"url":"http:\/\/vincentians.com\/es\/fieles-a-san-vicente\/","url_meta":{"origin":9786,"position":0},"title":"Fieles a San Vicente","author":"Francisco Javier Fern\u00e1ndez Chento","date":"25\/08\/2014","format":false,"excerpt":"\"El carisma mismo de los Fundadores se revela como una experiencia del Esp\u00edritu (EN 11), transmitida a los propios disc\u00edpulos para ser por ellos vivida, custodiada, profundizada y desarrollada constantemente en sinton\u00eda con el Cuerpo de Cristo en crecimiento perenne\". (MR 11). \"El fin de la Congregaci\u00f3n de la Misi\u00f3n\u2026","rel":"","context":"En \u00abEspiritualidad vicenciana\u00bb","block_context":{"text":"Espiritualidad vicenciana","link":"http:\/\/vincentians.com\/es\/category\/espiritualidad\/espiritualidad-vicenciana\/"},"img":{"alt_text":"espiritualidad","src":"https:\/\/i0.wp.com\/vicencianos.org\/wp-content\/2014\/07\/espiritualidad.jpg?resize=350%2C200","width":350,"height":200},"classes":[]},{"id":124169,"url":"http:\/\/vincentians.com\/es\/reflexiones-sobre-la-ssvdp\/","url_meta":{"origin":9786,"position":1},"title":"Reflexiones sobre la SSVdP","author":"Francisco Javier Fern\u00e1ndez Chento","date":"19\/02\/2023","format":false,"excerpt":"\u00bfFundador? \u00bfFundadores? \u00bfEtapa Fundacional cole\u00adgiada? En 1.856, tres a\u00f1os despu\u00e9s de la muerte de Federico Oza\u00adnam, primero que fallece de entre los miembros reconoci\u00addos como Fundadores, se inicia una discusi\u00f3n que, a pesar del tiempo transcurrido, contin\u00faa vigente en nuestros d\u00edas aunque con mucha menor intensidad: es la duda en\u2026","rel":"","context":"En \u00abHistoria de la Sociedad de san Vicente de Pa\u00fal\u00bb","block_context":{"text":"Historia de la Sociedad de san Vicente de Pa\u00fal","link":"http:\/\/vincentians.com\/es\/category\/historia-de-la-familia-vicenciana\/historia-de-la-sociedad-de-san-vicente-de-paul\/"},"img":{"alt_text":"","src":"https:\/\/i0.wp.com\/vincentians.com\/es\/wp-content\/uploads\/sites\/11\/2021\/11\/Masarnau-4.jpg?fit=1200%2C630&resize=350%2C200","width":350,"height":200,"srcset":"https:\/\/i0.wp.com\/vincentians.com\/es\/wp-content\/uploads\/sites\/11\/2021\/11\/Masarnau-4.jpg?fit=1200%2C630&resize=350%2C200 1x, https:\/\/i0.wp.com\/vincentians.com\/es\/wp-content\/uploads\/sites\/11\/2021\/11\/Masarnau-4.jpg?fit=1200%2C630&resize=525%2C300 1.5x, https:\/\/i0.wp.com\/vincentians.com\/es\/wp-content\/uploads\/sites\/11\/2021\/11\/Masarnau-4.jpg?fit=1200%2C630&resize=700%2C400 2x, https:\/\/i0.wp.com\/vincentians.com\/es\/wp-content\/uploads\/sites\/11\/2021\/11\/Masarnau-4.jpg?fit=1200%2C630&resize=1050%2C600 3x"},"classes":[]},{"id":119820,"url":"http:\/\/vincentians.com\/es\/mision-e-identidad-de-la-congregacion-de-la-mision\/","url_meta":{"origin":9786,"position":2},"title":"Misi\u00f3n e identidad de la Congregaci\u00f3n de la Misi\u00f3n","author":"Francisco Javier Fern\u00e1ndez Chento","date":"29\/05\/2015","format":false,"excerpt":"I. Introducci\u00f3n: el movimiento misionero en el siglo XVII \"La expansi\u00f3n del cristianismo alcanz\u00f3 en el siglo XVII franc\u00e9s un vigor extraordinario que puede medirse especial\u00admente a trav\u00e9s de los informes de las misiones del interior o parroquiales. Estos informes permiten localizar a los \"margi\u00adnados\" del cristianismo, dirigir una mirada\u2026","rel":"","context":"En \u00abCongregaci\u00f3n de la Misi\u00f3n\u00bb","block_context":{"text":"Congregaci\u00f3n de la Misi\u00f3n","link":"http:\/\/vincentians.com\/es\/category\/la-familia-vicenciana\/ramas\/congregacion-de-la-mision\/"},"img":{"alt_text":"logocm","src":"https:\/\/i0.wp.com\/vicencianos.org\/wp-content\/2011\/12\/logocm-245x300.png?resize=350%2C200","width":350,"height":200},"classes":[]},{"id":130444,"url":"http:\/\/vincentians.com\/es\/un-perfil-heroico-santa-luisa-de-marillac-19\/","url_meta":{"origin":9786,"position":3},"title":"Un perfil heroico: santa Luisa de Marillac (19)","author":"Francisco Javier Fern\u00e1ndez Chento","date":"13\/03\/2015","format":false,"excerpt":"Y pondr\u00e9 mi esp\u00edritu en vosotros, y har\u00e9 que guard\u00e9is mis preceptos. Y vosotros ser\u00e9is el pueblo m\u00edo, y yo ser\u00e9 vuestro Dios. (Ezequiel, XXXVI.) VICENTE de Pa\u00fal, cuyo coraz\u00f3n se regocijaba santamente al contemplar las bellas disposiciones de esp\u00edritu de las Hijas de la Caridad, y los frutos copiosos\u2026","rel":"","context":"En \u00abLuisa de Marillac\u00bb","block_context":{"text":"Luisa de Marillac","link":"http:\/\/vincentians.com\/es\/category\/la-familia-vicenciana\/fundadores\/luisa-de-marillac\/"},"img":{"alt_text":"OLYMPUS DIGITAL CAMERA","src":"https:\/\/i0.wp.com\/vicencianos.org\/wp-content\/2014\/04\/louise-marillac-300x248.jpg?resize=350%2C200","width":350,"height":200},"classes":[]},{"id":387816,"url":"http:\/\/vincentians.com\/es\/espiritu-de-jesus-espiritu-de-la-familia-vicenciana\/","url_meta":{"origin":9786,"position":4},"title":"Esp\u00edritu de Jes\u00fas, esp\u00edritu de la Familia Vicenciana","author":"Mitxel Olabu\u00e9naga","date":"14\/09\/2016","format":false,"excerpt":"El Esp\u00edritu de Jes\u00fas es el Esp\u00ed\u00adritu Santo, Se\u00f1or y dador de vida, trasmitido a los cristianos por la participaci\u00f3n en la misi\u00f3n sacerdotal de Jesucristo. Pero se en\u00adtiende tambi\u00e9n por esp\u00edritu de Jes\u00fas un talante o estilo de vida que le distingue de los maestros de la Ley. Jes\u00fas\u2026","rel":"","context":"En \u00abFormaci\u00f3n Vicenciana sin categorizar\u00bb","block_context":{"text":"Formaci\u00f3n Vicenciana sin categorizar","link":"http:\/\/vincentians.com\/es\/category\/formacion-vicenciana\/formacion-vicenciana-sin-categorizar\/"},"img":{"alt_text":"","src":"https:\/\/i0.wp.com\/vincentians.com\/es\/wp-content\/uploads\/sites\/11\/2016\/09\/espiritu-de-jesus.jpg?fit=1200%2C630&resize=350%2C200","width":350,"height":200,"srcset":"https:\/\/i0.wp.com\/vincentians.com\/es\/wp-content\/uploads\/sites\/11\/2016\/09\/espiritu-de-jesus.jpg?fit=1200%2C630&resize=350%2C200 1x, https:\/\/i0.wp.com\/vincentians.com\/es\/wp-content\/uploads\/sites\/11\/2016\/09\/espiritu-de-jesus.jpg?fit=1200%2C630&resize=525%2C300 1.5x, https:\/\/i0.wp.com\/vincentians.com\/es\/wp-content\/uploads\/sites\/11\/2016\/09\/espiritu-de-jesus.jpg?fit=1200%2C630&resize=700%2C400 2x, https:\/\/i0.wp.com\/vincentians.com\/es\/wp-content\/uploads\/sites\/11\/2016\/09\/espiritu-de-jesus.jpg?fit=1200%2C630&resize=1050%2C600 3x"},"classes":[]},{"id":119636,"url":"http:\/\/vincentians.com\/es\/identidad-de-la-compania-de-las-hijas-de-la-caridad\/","url_meta":{"origin":9786,"position":5},"title":"Identidad de la Compa\u00f1\u00eda de las Hijas de la Caridad","author":"Francisco Javier Fern\u00e1ndez Chento","date":"29\/11\/2022","format":false,"excerpt":"Introducci\u00f3n San Vicente estaba convencido de que, con la fundaci\u00f3n de la Compa\u00f1\u00eda de las Hijas de la Caridad, Dios hab\u00eda suscitado algo nuevo en la Iglesia. Y esa novedad no estaba s\u00f3lo en el fin de la Compa\u00f1\u00eda (servir a Cristo en los pobres); ni tampoco en el estilo\u2026","rel":"","context":"En \u00abHijas de la Caridad\u00bb","block_context":{"text":"Hijas de la Caridad","link":"http:\/\/vincentians.com\/es\/category\/la-familia-vicenciana\/ramas\/hijas-de-la-caridad\/"},"img":{"alt_text":"","src":"https:\/\/i0.wp.com\/vincentians.com\/es\/wp-content\/uploads\/sites\/11\/2013\/04\/Hijas-de-la-Caridad.jpg?fit=400%2C300&resize=350%2C200","width":350,"height":200},"classes":[]}],"_links":{"self":[{"href":"http:\/\/vincentians.com\/es\/wp-json\/wp\/v2\/posts\/9786","targetHints":{"allow":["GET"]}}],"collection":[{"href":"http:\/\/vincentians.com\/es\/wp-json\/wp\/v2\/posts"}],"about":[{"href":"http:\/\/vincentians.com\/es\/wp-json\/wp\/v2\/types\/post"}],"author":[{"embeddable":true,"href":"http:\/\/vincentians.com\/es\/wp-json\/wp\/v2\/users\/4"}],"replies":[{"embeddable":true,"href":"http:\/\/vincentians.com\/es\/wp-json\/wp\/v2\/comments?post=9786"}],"version-history":[{"count":0,"href":"http:\/\/vincentians.com\/es\/wp-json\/wp\/v2\/posts\/9786\/revisions"}],"wp:featuredmedia":[{"embeddable":true,"href":"http:\/\/vincentians.com\/es\/wp-json\/"}],"wp:attachment":[{"href":"http:\/\/vincentians.com\/es\/wp-json\/wp\/v2\/media?parent=9786"}],"wp:term":[{"taxonomy":"category","embeddable":true,"href":"http:\/\/vincentians.com\/es\/wp-json\/wp\/v2\/categories?post=9786"},{"taxonomy":"post_tag","embeddable":true,"href":"http:\/\/vincentians.com\/es\/wp-json\/wp\/v2\/tags?post=9786"}],"curies":[{"name":"wp","href":"https:\/\/api.w.org\/{rel}","templated":true}]}}