{"id":970,"date":"2008-11-01T02:00:00","date_gmt":"2008-11-01T01:00:00","guid":{"rendered":"http:\/\/www.vicencianos.org\/web\/?p=970"},"modified":"2016-07-26T20:25:12","modified_gmt":"2016-07-26T18:25:12","slug":"vicente-de-paul-carta-0002-al-senor-de-comet","status":"publish","type":"post","link":"http:\/\/vincentians.com\/es\/vicente-de-paul-carta-0002-al-senor-de-comet\/","title":{"rendered":"Vicente de Pa\u00fal, Carta 0002: Al Se\u00f1or de Comet"},"content":{"rendered":"<p>Se\u00f1or:<\/p>\n<p>Le he escrito ya dos veces por medio del ordinario de Espa\u00f1a, que pasa por Par\u00eds y Bayona, dirigiendo mis cartas al se\u00f1or de la Lande\u00a0 para que se las pasase al se\u00f1or procurador del rey, pues he recordado que son parientes, por no saber cui altari vovere vota mea, para tener noticias suyas, cuando Dios, que, etiamsi differat, non aufert tamen spei effectus , me ha hecho encontrar a este venerable padre religioso a punto de partir, por medio del cual espero gozar del bien de que me hab\u00eda privado la perfidia de aquellos a quienes fi\u00e9 mis anteriores cartas.<\/p>\n<p>Este bien no es otra cosa, se\u00f1or, sino la nueva seguridad de su buen estado de salud y del de toda su familia, para la que pido al se\u00f1or la felicidad colmada de todas sus gracias. Le doy gracias por los anteriores cuidados paternales que le plugo tener de m\u00ed y de mis asuntos, y ruego a Dios, como lo har\u00e9 toda mi vida, que me conceda la gracia de disponer de los medios necesarios para pagar sus servicios, que usted ha sabido hipotecarse con todo el bien que un padre puede hacer a su propio hijo.<\/p>\n<p>Me apena much\u00edsimo no poder escribirle m\u00e1s que muy sumariamente sobre el estado de mis asuntos, debido a la urgente partida de los marineros poco corteses con quienes se marcha este padre, no a Dax, seg\u00fan me ha dicho, sino a Bearn, donde me dice que est\u00e1 predicando el reverendo padre Antonio Pontanus, que siempre ha sido buen amigo m\u00edo, al cual, como de quien espero un buen servicio, dirijo mis cartas, rog\u00e1ndole os entregue la presente y me devuelva a su comodidad, como me ha dicho este padre que lo har\u00eda, la respuesta que espero me querr\u00e9is dar.<\/p>\n<p>As\u00ed pues. mi estado en una palabra es tal que estoy en esta ciudad de Roma, donde contin\u00fao mis estudios, mantenido por monse\u00f1or el vicelegado que era de Avi\u00f1\u00f3n, que me concede el honor de estimarse y de desear mi ascenso, por haberle ense\u00f1ado muy bellas cosas curiosas que aprend\u00ed durante mi esclavitud con aquel viejo turco a quien, como ya le escrib\u00ed, hab\u00eda sido vendido; entre las cuales curiosidades est\u00e1 el comienzo, aunque no la total perfecci\u00f3n, del espejo de Arqu\u00edmedes, un resorte artificial para hacer hablar a una cabeza de muerto, de la que aquel miserable se serv\u00eda para seducir al pueblo, dici\u00e9ndole que su dios Mahoma le daba a conocer su voluntad por aquella cabeza, y otras mil bellas cosas geom\u00e9tricas que de \u00e9l aprend\u00ed, de las cuales monse\u00f1or se muestra tan celoso que no quiere que me acerque a nadie, por miedo a que se las ense\u00f1e, deseando tener \u00e9l solo la reputaci\u00f3n de saber estas cosas, que se complace en hacer ver a veces a Su Santidad y a los cardenales. As\u00ed pues, este afecto y benevolencia suya me hacen esperar, como tambi\u00e9n \u00e9l me ha prometido, el medio de conseguir un retiro honroso, haci\u00e9ndome obtener para este fin alg\u00fan decoroso beneficio en Francia. Para ello me es sumamente necesaria una copia de mis t\u00edtulos de ordenaci\u00f3n, firmados y sellados por monse\u00f1or de Dax, con un testimonio de dicho se\u00f1or, que \u00e9l podr\u00eda obtener de una investigaci\u00f3n sumaria de algunos amigos nuestros, de que siempre se me ha reconocido como hombre de bien, con todas las dem\u00e1s solemnidades requeridas en estos casos. Es lo que todos los d\u00edas me encarga monse\u00f1or que consiga. Por lo cual, le ruego, se\u00f1or, con toda humildad, que me quiera conceder este nuevo servicio de enviarme una nueva copia de mis t\u00edtulos y de intervenir para que me mande monse\u00f1or de Dax este testimonio, en la forma indicada, a trav\u00e9s del mencionado reverendo padre Pontanus. Le enviar\u00eda a vuestra merced dinero para estos fines, si no temiera que el dinero hiciese que se perdiera esta carta. Por eso le ruego que trate este asunto con mi madre, que proporcionar\u00e1 lo que haga falta. Creo que ser\u00e1n precisos de 3 a 4 escudos. Yo he entregado 2, como pura limosna a este religioso y \u00e9l me prometi\u00f3 entregarlos a dicho padre Antonio para que los env\u00ede con este fin. Si as\u00ed es, ruego a usted que los tome; si no, le prometo enviar lo necesario dentro de cuatro o cinco meses por letra de cambio con lo que debo en Toulouse; porque estoy decidido a pagarlo todo, ya que plugo a Dios darme el medio para ello. Escribo tambi\u00e9n a mi t\u00edo, el se\u00f1or Dusin, rog\u00e1ndole me quiera ayudar en este asunto.<\/p>\n<p>Acabo de recibir de la persona que le fue a visitar de mi parte, el t\u00edtulo de bachiller que tuvo a bien usted enviarme, con una copia de mis letras testimoniales que ha sido juzgada inv\u00e1lida, por no estar autorizada con la firma y el sello del se\u00f1or obispo de Dax.<\/p>\n<p>No hay nada nuevo que pueda comunicarle, a no ser la conversi\u00f3n de tres familias t\u00e1rtaras, que han venido a bautizarse a esta ciudad, a las que Su Santidad ha recibido con l\u00e1grimas en los ojos, y la catolizaci\u00f3n de un obispo embajador para los griegos cism\u00e1ticos.<\/p>\n<p>La urgencia me obliga a concluir la presente, mal perge\u00f1ada de momento, con la humilde s\u00faplica de que excuse mi excesiva importunidad y que est\u00e9 seguro que apresurar\u00e9 mi vuelta todo lo posible para pagar los servicios que le debo; entre tanto quedo, se\u00f1or, vuestro m\u00e1s humilde y obediente servidor<\/p>\n<p>DEPAUL.<\/p>\n<p>De Roma, 28 febrero 1608.<\/p>\n<p>Direcci\u00f3n: Al se\u00f1or de Comet, abogado en la Corte presidencial de Dax, en Dax.<\/p>\n","protected":false},"excerpt":{"rendered":"<p>Se\u00f1or: Le he escrito ya dos veces por medio del ordinario de Espa\u00f1a, que pasa por Par\u00eds y Bayona, dirigiendo mis cartas al se\u00f1or de la Lande\u00a0 para que se las pasase al se\u00f1or procurador &#8230; <a href=\"http:\/\/vincentians.com\/es\/vicente-de-paul-carta-0002-al-senor-de-comet\/\" class=\"more-link\">Read More<\/a><\/p>\n","protected":false},"author":4,"featured_media":393753,"comment_status":"open","ping_status":"open","sticky":false,"template":"","format":"standard","meta":{"jetpack_post_was_ever_published":false,"_jetpack_newsletter_access":"","_jetpack_dont_email_post_to_subs":false,"_jetpack_newsletter_tier_id":0,"_jetpack_memberships_contains_paywalled_content":false,"_jetpack_memberships_contains_paid_content":false,"footnotes":"","jetpack_publicize_message":"","jetpack_publicize_feature_enabled":true,"jetpack_social_post_already_shared":true,"jetpack_social_options":{"image_generator_settings":{"template":"highway","default_image_id":0,"font":"","enabled":false},"version":2}},"categories":[65],"tags":[115],"class_list":["post-970","post","type-post","status-publish","format-standard","has-post-thumbnail","hentry","category-escritos-de-vicente-de-paul","tag-senor-de-comet"],"yoast_head":"<!-- This site is optimized with the Yoast SEO plugin v26.3 - https:\/\/yoast.com\/wordpress\/plugins\/seo\/ -->\n<title>Vicente de Pa\u00fal, Carta 0002: Al Se\u00f1or de Comet - Somos Vicencianos<\/title>\n<meta name=\"robots\" content=\"index, follow, max-snippet:-1, max-image-preview:large, max-video-preview:-1\" \/>\n<link rel=\"canonical\" href=\"https:\/\/vincentians.com\/es\/vicente-de-paul-carta-0002-al-senor-de-comet\/\" \/>\n<meta property=\"og:locale\" content=\"es_ES\" \/>\n<meta property=\"og:type\" content=\"article\" \/>\n<meta property=\"og:title\" content=\"Vicente de Pa\u00fal, Carta 0002: Al Se\u00f1or de Comet - Somos Vicencianos\" \/>\n<meta property=\"og:description\" content=\"Se\u00f1or: Le he escrito ya dos veces por medio del ordinario de Espa\u00f1a, que pasa por Par\u00eds y Bayona, dirigiendo mis cartas al se\u00f1or de la Lande\u00a0 para que se las pasase al se\u00f1or procurador ... Read More\" \/>\n<meta property=\"og:url\" content=\"https:\/\/vincentians.com\/es\/vicente-de-paul-carta-0002-al-senor-de-comet\/\" \/>\n<meta property=\"og:site_name\" content=\"Somos Vicencianos\" \/>\n<meta property=\"article:publisher\" content=\"https:\/\/www.facebook.com\/WeAreVincentians\/\" \/>\n<meta property=\"article:author\" content=\"https:\/\/www.facebook.com\/JavierChento\" \/>\n<meta property=\"article:published_time\" content=\"2008-11-01T01:00:00+00:00\" \/>\n<meta property=\"article:modified_time\" content=\"2016-07-26T18:25:12+00:00\" \/>\n<meta property=\"og:image\" content=\"https:\/\/i0.wp.com\/vincentians.com\/es\/wp-content\/uploads\/sites\/11\/2016\/07\/escritos-vicente-de-paul.jpg?fit=1200%2C630&ssl=1\" \/>\n\t<meta property=\"og:image:width\" content=\"1200\" \/>\n\t<meta property=\"og:image:height\" content=\"630\" \/>\n\t<meta property=\"og:image:type\" content=\"image\/jpeg\" \/>\n<meta name=\"author\" content=\"Francisco Javier Fern\u00e1ndez Chento\" \/>\n<meta name=\"twitter:card\" content=\"summary_large_image\" \/>\n<meta name=\"twitter:creator\" content=\"@https:\/\/twitter.com\/javierchento\" \/>\n<meta name=\"twitter:site\" content=\"@WeVincentians\" \/>\n<meta name=\"twitter:label1\" content=\"Escrito por\" \/>\n\t<meta name=\"twitter:data1\" content=\"Francisco Javier Fern\u00e1ndez Chento\" \/>\n\t<meta name=\"twitter:label2\" content=\"Tiempo de lectura\" \/>\n\t<meta name=\"twitter:data2\" content=\"5 minutos\" \/>\n<script type=\"application\/ld+json\" class=\"yoast-schema-graph\">{\"@context\":\"https:\/\/schema.org\",\"@graph\":[{\"@type\":\"Article\",\"@id\":\"https:\/\/vincentians.com\/es\/vicente-de-paul-carta-0002-al-senor-de-comet\/#article\",\"isPartOf\":{\"@id\":\"https:\/\/vincentians.com\/es\/vicente-de-paul-carta-0002-al-senor-de-comet\/\"},\"author\":{\"name\":\"Francisco Javier Fern\u00e1ndez Chento\",\"@id\":\"http:\/\/vincentians.com\/es\/#\/schema\/person\/9623ef4d9aa3b2dfb8c061f1499288f2\"},\"headline\":\"Vicente de Pa\u00fal, Carta 0002: Al Se\u00f1or de Comet\",\"datePublished\":\"2008-11-01T01:00:00+00:00\",\"dateModified\":\"2016-07-26T18:25:12+00:00\",\"mainEntityOfPage\":{\"@id\":\"https:\/\/vincentians.com\/es\/vicente-de-paul-carta-0002-al-senor-de-comet\/\"},\"wordCount\":996,\"commentCount\":0,\"publisher\":{\"@id\":\"http:\/\/vincentians.com\/es\/#organization\"},\"image\":{\"@id\":\"https:\/\/vincentians.com\/es\/vicente-de-paul-carta-0002-al-senor-de-comet\/#primaryimage\"},\"thumbnailUrl\":\"https:\/\/i0.wp.com\/vincentians.com\/es\/wp-content\/uploads\/sites\/11\/2016\/07\/escritos-vicente-de-paul.jpg?fit=1200%2C630\",\"keywords\":[\"Se\u00f1or de Comet\"],\"articleSection\":[\"Escritos de Vicente de Pa\u00fal\"],\"inLanguage\":\"es\",\"potentialAction\":[{\"@type\":\"CommentAction\",\"name\":\"Comment\",\"target\":[\"https:\/\/vincentians.com\/es\/vicente-de-paul-carta-0002-al-senor-de-comet\/#respond\"]}]},{\"@type\":\"WebPage\",\"@id\":\"https:\/\/vincentians.com\/es\/vicente-de-paul-carta-0002-al-senor-de-comet\/\",\"url\":\"https:\/\/vincentians.com\/es\/vicente-de-paul-carta-0002-al-senor-de-comet\/\",\"name\":\"Vicente de Pa\u00fal, Carta 0002: Al Se\u00f1or de Comet - Somos Vicencianos\",\"isPartOf\":{\"@id\":\"http:\/\/vincentians.com\/es\/#website\"},\"primaryImageOfPage\":{\"@id\":\"https:\/\/vincentians.com\/es\/vicente-de-paul-carta-0002-al-senor-de-comet\/#primaryimage\"},\"image\":{\"@id\":\"https:\/\/vincentians.com\/es\/vicente-de-paul-carta-0002-al-senor-de-comet\/#primaryimage\"},\"thumbnailUrl\":\"https:\/\/i0.wp.com\/vincentians.com\/es\/wp-content\/uploads\/sites\/11\/2016\/07\/escritos-vicente-de-paul.jpg?fit=1200%2C630\",\"datePublished\":\"2008-11-01T01:00:00+00:00\",\"dateModified\":\"2016-07-26T18:25:12+00:00\",\"breadcrumb\":{\"@id\":\"https:\/\/vincentians.com\/es\/vicente-de-paul-carta-0002-al-senor-de-comet\/#breadcrumb\"},\"inLanguage\":\"es\",\"potentialAction\":[{\"@type\":\"ReadAction\",\"target\":[\"https:\/\/vincentians.com\/es\/vicente-de-paul-carta-0002-al-senor-de-comet\/\"]}]},{\"@type\":\"ImageObject\",\"inLanguage\":\"es\",\"@id\":\"https:\/\/vincentians.com\/es\/vicente-de-paul-carta-0002-al-senor-de-comet\/#primaryimage\",\"url\":\"https:\/\/i0.wp.com\/vincentians.com\/es\/wp-content\/uploads\/sites\/11\/2016\/07\/escritos-vicente-de-paul.jpg?fit=1200%2C630\",\"contentUrl\":\"https:\/\/i0.wp.com\/vincentians.com\/es\/wp-content\/uploads\/sites\/11\/2016\/07\/escritos-vicente-de-paul.jpg?fit=1200%2C630\",\"width\":1200,\"height\":630},{\"@type\":\"BreadcrumbList\",\"@id\":\"https:\/\/vincentians.com\/es\/vicente-de-paul-carta-0002-al-senor-de-comet\/#breadcrumb\",\"itemListElement\":[{\"@type\":\"ListItem\",\"position\":1,\"name\":\"Portada\",\"item\":\"http:\/\/vincentians.com\/es\/\"},{\"@type\":\"ListItem\",\"position\":2,\"name\":\"Vicente de Pa\u00fal, Carta 0002: Al Se\u00f1or de Comet\"}]},{\"@type\":\"WebSite\",\"@id\":\"http:\/\/vincentians.com\/es\/#website\",\"url\":\"http:\/\/vincentians.com\/es\/\",\"name\":\"Somos Vicencianos\",\"description\":\"Know more to serve more\",\"publisher\":{\"@id\":\"http:\/\/vincentians.com\/es\/#organization\"},\"potentialAction\":[{\"@type\":\"SearchAction\",\"target\":{\"@type\":\"EntryPoint\",\"urlTemplate\":\"http:\/\/vincentians.com\/es\/?s={search_term_string}\"},\"query-input\":{\"@type\":\"PropertyValueSpecification\",\"valueRequired\":true,\"valueName\":\"search_term_string\"}}],\"inLanguage\":\"es\"},{\"@type\":\"Organization\",\"@id\":\"http:\/\/vincentians.com\/es\/#organization\",\"name\":\"The Vincentian Network\",\"url\":\"http:\/\/vincentians.com\/es\/\",\"logo\":{\"@type\":\"ImageObject\",\"inLanguage\":\"es\",\"@id\":\"http:\/\/vincentians.com\/es\/#\/schema\/logo\/image\/\",\"url\":\"https:\/\/i1.wp.com\/vincentians.com\/es\/wp-content\/uploads\/sites\/11\/2016\/06\/Vincentian-Network-logo-big.png?fit=778%2C778\",\"contentUrl\":\"https:\/\/i1.wp.com\/vincentians.com\/es\/wp-content\/uploads\/sites\/11\/2016\/06\/Vincentian-Network-logo-big.png?fit=778%2C778\",\"width\":778,\"height\":778,\"caption\":\"The Vincentian Network\"},\"image\":{\"@id\":\"http:\/\/vincentians.com\/es\/#\/schema\/logo\/image\/\"},\"sameAs\":[\"https:\/\/www.facebook.com\/WeAreVincentians\/\",\"https:\/\/x.com\/WeVincentians\"]},{\"@type\":\"Person\",\"@id\":\"http:\/\/vincentians.com\/es\/#\/schema\/person\/9623ef4d9aa3b2dfb8c061f1499288f2\",\"name\":\"Francisco Javier Fern\u00e1ndez Chento\",\"image\":{\"@type\":\"ImageObject\",\"inLanguage\":\"es\",\"@id\":\"http:\/\/vincentians.com\/es\/#\/schema\/person\/image\/\",\"url\":\"https:\/\/secure.gravatar.com\/avatar\/497d5cde87b4c3d097d0315953521681ba2cd523ee66e5077c3711f7021e65de?s=96&d=mm&r=g\",\"contentUrl\":\"https:\/\/secure.gravatar.com\/avatar\/497d5cde87b4c3d097d0315953521681ba2cd523ee66e5077c3711f7021e65de?s=96&d=mm&r=g\",\"caption\":\"Francisco Javier Fern\u00e1ndez Chento\"},\"description\":\"Director General y cofundador de La Red de Formaci\u00f3n Vicenciana. Javier es laico vicenciano, afiliado a la Congregaci\u00f3n de la Misi\u00f3n y miembro del Equipo de Misiones Populares de la provincia can\u00f3nica de Zaragoza (Espa\u00f1a) de la Congregaci\u00f3n de la Misi\u00f3n. Graduado en la Universidad Oberta de Catalunya con cuatro grados (Asistente de direcci\u00f3n, Gesti\u00f3n Administrativa, Recursos Humanos y Contabilidad Avanzada). Bil\u00edng\u00fce Espa\u00f1ol\/Ingl\u00e9s. gestiona y mantiene varias p\u00e1ginas web cristianas y vicencianas, incluida including La Red de Formaci\u00f3n Vicenciana, de la que es cofundador. Actualmente es responsable del \u00e1rea de Espa\u00f1ol de .famvin, la Red de Noticias de la Familia Vicenciana. Tambi\u00e9n es m\u00fasico cat\u00f3lico y ha editado varios discos. Es Director General y cofundador de Trovador, una reconocida compa\u00f1\u00eda discogr\u00e1fica critiana de Espa\u00f1a. Trabaja en las Tecnolog\u00edas de la Informaci\u00f3n, ofreciendo servicios de alojamiento, dise\u00f1o y mantenimiento Web, as\u00ed como asesoramiento, formaci\u00f3n y soluciones inform\u00e1ticas, gesti\u00f3n documental y digitalizaci\u00f3n de textos, edici\u00f3n y maquetaci\u00f3n de libros, revistas, flyers, etc.\",\"sameAs\":[\"http:\/\/chento.org\",\"https:\/\/www.facebook.com\/JavierChento\",\"https:\/\/x.com\/https:\/\/twitter.com\/javierchento\"],\"url\":\"http:\/\/vincentians.com\/es\/author\/chento\/\"}]}<\/script>\n<!-- \/ Yoast SEO plugin. -->","yoast_head_json":{"title":"Vicente de Pa\u00fal, Carta 0002: Al Se\u00f1or de Comet - Somos Vicencianos","robots":{"index":"index","follow":"follow","max-snippet":"max-snippet:-1","max-image-preview":"max-image-preview:large","max-video-preview":"max-video-preview:-1"},"canonical":"https:\/\/vincentians.com\/es\/vicente-de-paul-carta-0002-al-senor-de-comet\/","og_locale":"es_ES","og_type":"article","og_title":"Vicente de Pa\u00fal, Carta 0002: Al Se\u00f1or de Comet - Somos Vicencianos","og_description":"Se\u00f1or: Le he escrito ya dos veces por medio del ordinario de Espa\u00f1a, que pasa por Par\u00eds y Bayona, dirigiendo mis cartas al se\u00f1or de la Lande\u00a0 para que se las pasase al se\u00f1or procurador ... Read More","og_url":"https:\/\/vincentians.com\/es\/vicente-de-paul-carta-0002-al-senor-de-comet\/","og_site_name":"Somos Vicencianos","article_publisher":"https:\/\/www.facebook.com\/WeAreVincentians\/","article_author":"https:\/\/www.facebook.com\/JavierChento","article_published_time":"2008-11-01T01:00:00+00:00","article_modified_time":"2016-07-26T18:25:12+00:00","og_image":[{"width":1200,"height":630,"url":"https:\/\/i0.wp.com\/vincentians.com\/es\/wp-content\/uploads\/sites\/11\/2016\/07\/escritos-vicente-de-paul.jpg?fit=1200%2C630&ssl=1","type":"image\/jpeg"}],"author":"Francisco Javier Fern\u00e1ndez Chento","twitter_card":"summary_large_image","twitter_creator":"@https:\/\/twitter.com\/javierchento","twitter_site":"@WeVincentians","twitter_misc":{"Escrito por":"Francisco Javier Fern\u00e1ndez Chento","Tiempo de lectura":"5 minutos"},"schema":{"@context":"https:\/\/schema.org","@graph":[{"@type":"Article","@id":"https:\/\/vincentians.com\/es\/vicente-de-paul-carta-0002-al-senor-de-comet\/#article","isPartOf":{"@id":"https:\/\/vincentians.com\/es\/vicente-de-paul-carta-0002-al-senor-de-comet\/"},"author":{"name":"Francisco Javier Fern\u00e1ndez Chento","@id":"http:\/\/vincentians.com\/es\/#\/schema\/person\/9623ef4d9aa3b2dfb8c061f1499288f2"},"headline":"Vicente de Pa\u00fal, Carta 0002: Al Se\u00f1or de Comet","datePublished":"2008-11-01T01:00:00+00:00","dateModified":"2016-07-26T18:25:12+00:00","mainEntityOfPage":{"@id":"https:\/\/vincentians.com\/es\/vicente-de-paul-carta-0002-al-senor-de-comet\/"},"wordCount":996,"commentCount":0,"publisher":{"@id":"http:\/\/vincentians.com\/es\/#organization"},"image":{"@id":"https:\/\/vincentians.com\/es\/vicente-de-paul-carta-0002-al-senor-de-comet\/#primaryimage"},"thumbnailUrl":"https:\/\/i0.wp.com\/vincentians.com\/es\/wp-content\/uploads\/sites\/11\/2016\/07\/escritos-vicente-de-paul.jpg?fit=1200%2C630","keywords":["Se\u00f1or de Comet"],"articleSection":["Escritos de Vicente de Pa\u00fal"],"inLanguage":"es","potentialAction":[{"@type":"CommentAction","name":"Comment","target":["https:\/\/vincentians.com\/es\/vicente-de-paul-carta-0002-al-senor-de-comet\/#respond"]}]},{"@type":"WebPage","@id":"https:\/\/vincentians.com\/es\/vicente-de-paul-carta-0002-al-senor-de-comet\/","url":"https:\/\/vincentians.com\/es\/vicente-de-paul-carta-0002-al-senor-de-comet\/","name":"Vicente de Pa\u00fal, Carta 0002: Al Se\u00f1or de Comet - Somos Vicencianos","isPartOf":{"@id":"http:\/\/vincentians.com\/es\/#website"},"primaryImageOfPage":{"@id":"https:\/\/vincentians.com\/es\/vicente-de-paul-carta-0002-al-senor-de-comet\/#primaryimage"},"image":{"@id":"https:\/\/vincentians.com\/es\/vicente-de-paul-carta-0002-al-senor-de-comet\/#primaryimage"},"thumbnailUrl":"https:\/\/i0.wp.com\/vincentians.com\/es\/wp-content\/uploads\/sites\/11\/2016\/07\/escritos-vicente-de-paul.jpg?fit=1200%2C630","datePublished":"2008-11-01T01:00:00+00:00","dateModified":"2016-07-26T18:25:12+00:00","breadcrumb":{"@id":"https:\/\/vincentians.com\/es\/vicente-de-paul-carta-0002-al-senor-de-comet\/#breadcrumb"},"inLanguage":"es","potentialAction":[{"@type":"ReadAction","target":["https:\/\/vincentians.com\/es\/vicente-de-paul-carta-0002-al-senor-de-comet\/"]}]},{"@type":"ImageObject","inLanguage":"es","@id":"https:\/\/vincentians.com\/es\/vicente-de-paul-carta-0002-al-senor-de-comet\/#primaryimage","url":"https:\/\/i0.wp.com\/vincentians.com\/es\/wp-content\/uploads\/sites\/11\/2016\/07\/escritos-vicente-de-paul.jpg?fit=1200%2C630","contentUrl":"https:\/\/i0.wp.com\/vincentians.com\/es\/wp-content\/uploads\/sites\/11\/2016\/07\/escritos-vicente-de-paul.jpg?fit=1200%2C630","width":1200,"height":630},{"@type":"BreadcrumbList","@id":"https:\/\/vincentians.com\/es\/vicente-de-paul-carta-0002-al-senor-de-comet\/#breadcrumb","itemListElement":[{"@type":"ListItem","position":1,"name":"Portada","item":"http:\/\/vincentians.com\/es\/"},{"@type":"ListItem","position":2,"name":"Vicente de Pa\u00fal, Carta 0002: Al Se\u00f1or de Comet"}]},{"@type":"WebSite","@id":"http:\/\/vincentians.com\/es\/#website","url":"http:\/\/vincentians.com\/es\/","name":"Somos Vicencianos","description":"Know more to serve more","publisher":{"@id":"http:\/\/vincentians.com\/es\/#organization"},"potentialAction":[{"@type":"SearchAction","target":{"@type":"EntryPoint","urlTemplate":"http:\/\/vincentians.com\/es\/?s={search_term_string}"},"query-input":{"@type":"PropertyValueSpecification","valueRequired":true,"valueName":"search_term_string"}}],"inLanguage":"es"},{"@type":"Organization","@id":"http:\/\/vincentians.com\/es\/#organization","name":"The Vincentian Network","url":"http:\/\/vincentians.com\/es\/","logo":{"@type":"ImageObject","inLanguage":"es","@id":"http:\/\/vincentians.com\/es\/#\/schema\/logo\/image\/","url":"https:\/\/i1.wp.com\/vincentians.com\/es\/wp-content\/uploads\/sites\/11\/2016\/06\/Vincentian-Network-logo-big.png?fit=778%2C778","contentUrl":"https:\/\/i1.wp.com\/vincentians.com\/es\/wp-content\/uploads\/sites\/11\/2016\/06\/Vincentian-Network-logo-big.png?fit=778%2C778","width":778,"height":778,"caption":"The Vincentian Network"},"image":{"@id":"http:\/\/vincentians.com\/es\/#\/schema\/logo\/image\/"},"sameAs":["https:\/\/www.facebook.com\/WeAreVincentians\/","https:\/\/x.com\/WeVincentians"]},{"@type":"Person","@id":"http:\/\/vincentians.com\/es\/#\/schema\/person\/9623ef4d9aa3b2dfb8c061f1499288f2","name":"Francisco Javier Fern\u00e1ndez Chento","image":{"@type":"ImageObject","inLanguage":"es","@id":"http:\/\/vincentians.com\/es\/#\/schema\/person\/image\/","url":"https:\/\/secure.gravatar.com\/avatar\/497d5cde87b4c3d097d0315953521681ba2cd523ee66e5077c3711f7021e65de?s=96&d=mm&r=g","contentUrl":"https:\/\/secure.gravatar.com\/avatar\/497d5cde87b4c3d097d0315953521681ba2cd523ee66e5077c3711f7021e65de?s=96&d=mm&r=g","caption":"Francisco Javier Fern\u00e1ndez Chento"},"description":"Director General y cofundador de La Red de Formaci\u00f3n Vicenciana. Javier es laico vicenciano, afiliado a la Congregaci\u00f3n de la Misi\u00f3n y miembro del Equipo de Misiones Populares de la provincia can\u00f3nica de Zaragoza (Espa\u00f1a) de la Congregaci\u00f3n de la Misi\u00f3n. Graduado en la Universidad Oberta de Catalunya con cuatro grados (Asistente de direcci\u00f3n, Gesti\u00f3n Administrativa, Recursos Humanos y Contabilidad Avanzada). Bil\u00edng\u00fce Espa\u00f1ol\/Ingl\u00e9s. gestiona y mantiene varias p\u00e1ginas web cristianas y vicencianas, incluida including La Red de Formaci\u00f3n Vicenciana, de la que es cofundador. Actualmente es responsable del \u00e1rea de Espa\u00f1ol de .famvin, la Red de Noticias de la Familia Vicenciana. Tambi\u00e9n es m\u00fasico cat\u00f3lico y ha editado varios discos. Es Director General y cofundador de Trovador, una reconocida compa\u00f1\u00eda discogr\u00e1fica critiana de Espa\u00f1a. Trabaja en las Tecnolog\u00edas de la Informaci\u00f3n, ofreciendo servicios de alojamiento, dise\u00f1o y mantenimiento Web, as\u00ed como asesoramiento, formaci\u00f3n y soluciones inform\u00e1ticas, gesti\u00f3n documental y digitalizaci\u00f3n de textos, edici\u00f3n y maquetaci\u00f3n de libros, revistas, flyers, etc.","sameAs":["http:\/\/chento.org","https:\/\/www.facebook.com\/JavierChento","https:\/\/x.com\/https:\/\/twitter.com\/javierchento"],"url":"http:\/\/vincentians.com\/es\/author\/chento\/"}]}},"jetpack_publicize_connections":[],"jetpack_featured_media_url":"https:\/\/i0.wp.com\/vincentians.com\/es\/wp-content\/uploads\/sites\/11\/2016\/07\/escritos-vicente-de-paul.jpg?fit=1200%2C630","jetpack_sharing_enabled":true,"jetpack_shortlink":"https:\/\/wp.me\/p7ETMF-fE","jetpack-related-posts":[{"id":114848,"url":"http:\/\/vincentians.com\/es\/vicente-de-paul-carta-1014-lamberto-aux-couteaux-a-san-vicente\/","url_meta":{"origin":970,"position":0},"title":"Vicente de Pa\u00fal, Carta 1014: Lamberto Aux Couteaux A San Vicente","author":"Francisco Javier Fern\u00e1ndez Chento","date":"25\/11\/2012","format":false,"excerpt":"Nantes, 26 julio 1647. Padre: \u00a1Su bendici\u00f3n, por favor! Estamos a punto de partir de Nantes, despu\u00e9s de haber hecho todas las cosas que le voy a explicar. Puedo asegurarle que nuestras hermanas han estado muy agitadas; ciertamente, si han cometido algunas faltillas, la Providencia de Dios las ha puesto\u2026","rel":"","context":"En \u00abEscritos de Vicente de Pa\u00fal\u00bb","block_context":{"text":"Escritos de Vicente de Pa\u00fal","link":"http:\/\/vincentians.com\/es\/category\/escritos\/escritos-de-vicente-de-paul\/"},"img":{"alt_text":"","src":"https:\/\/i0.wp.com\/vincentians.com\/es\/wp-content\/uploads\/sites\/11\/2016\/07\/escritos-vicente-de-paul.jpg?fit=1200%2C630&resize=350%2C200","width":350,"height":200,"srcset":"https:\/\/i0.wp.com\/vincentians.com\/es\/wp-content\/uploads\/sites\/11\/2016\/07\/escritos-vicente-de-paul.jpg?fit=1200%2C630&resize=350%2C200 1x, https:\/\/i0.wp.com\/vincentians.com\/es\/wp-content\/uploads\/sites\/11\/2016\/07\/escritos-vicente-de-paul.jpg?fit=1200%2C630&resize=525%2C300 1.5x, https:\/\/i0.wp.com\/vincentians.com\/es\/wp-content\/uploads\/sites\/11\/2016\/07\/escritos-vicente-de-paul.jpg?fit=1200%2C630&resize=700%2C400 2x, https:\/\/i0.wp.com\/vincentians.com\/es\/wp-content\/uploads\/sites\/11\/2016\/07\/escritos-vicente-de-paul.jpg?fit=1200%2C630&resize=1050%2C600 3x"},"classes":[]},{"id":135243,"url":"http:\/\/vincentians.com\/es\/vicente-de-paul-carta-1245-a-un-sacerdote-de-la-mision-de-la-casa-de-saintes\/","url_meta":{"origin":970,"position":1},"title":"Vicente de Pa\u00fal, Carta 1245: A Un Sacerdote De La Misi\u00f3n De La Casa De Saintes","author":"Francisco Javier Fern\u00e1ndez Chento","date":"10\/01\/2015","format":false,"excerpt":"20 febrero 1650. No puedo menos de testimoniarle mi alegr\u00eda al verle casi siempre dedicado a la salvaci\u00f3n de las almas y que la suya avanza de este modo en el amor de Dios. Ruego a su infinita bondad que bendiga sus trabajos y le doy gracias por todo lo\u2026","rel":"","context":"En \u00abEscritos de Vicente de Pa\u00fal\u00bb","block_context":{"text":"Escritos de Vicente de Pa\u00fal","link":"http:\/\/vincentians.com\/es\/category\/escritos\/escritos-de-vicente-de-paul\/"},"img":{"alt_text":"","src":"https:\/\/i0.wp.com\/vincentians.com\/es\/wp-content\/uploads\/sites\/11\/2016\/07\/escritos-vicente-de-paul.jpg?fit=1200%2C630&resize=350%2C200","width":350,"height":200,"srcset":"https:\/\/i0.wp.com\/vincentians.com\/es\/wp-content\/uploads\/sites\/11\/2016\/07\/escritos-vicente-de-paul.jpg?fit=1200%2C630&resize=350%2C200 1x, https:\/\/i0.wp.com\/vincentians.com\/es\/wp-content\/uploads\/sites\/11\/2016\/07\/escritos-vicente-de-paul.jpg?fit=1200%2C630&resize=525%2C300 1.5x, https:\/\/i0.wp.com\/vincentians.com\/es\/wp-content\/uploads\/sites\/11\/2016\/07\/escritos-vicente-de-paul.jpg?fit=1200%2C630&resize=700%2C400 2x, https:\/\/i0.wp.com\/vincentians.com\/es\/wp-content\/uploads\/sites\/11\/2016\/07\/escritos-vicente-de-paul.jpg?fit=1200%2C630&resize=1050%2C600 3x"},"classes":[]},{"id":119347,"url":"http:\/\/vincentians.com\/es\/vicente-de-paul-carta-1113-a-luisa-de-marillac\/","url_meta":{"origin":970,"position":2},"title":"Vicente de Pa\u00fal, Carta 1113: A Luisa De Marillac","author":"Francisco Javier Fern\u00e1ndez Chento","date":"09\/04\/2013","format":false,"excerpt":"Par\u00eds, 5 septiembre 1648. \u00a1Bendito sea Dios, se\u00f1orita, por la solicitud que le da Nuestro Se\u00f1or por sus queridas hijas y por m\u00ed en medio de estas agitaciones populares!\u00a0 Todos estamos bien, gracias a Dios, sin que Nuestro Se\u00f1or nos haya hecho dignos de sufrir nada por \u00e9l en esta\u2026","rel":"","context":"En \u00abEscritos de Vicente de Pa\u00fal\u00bb","block_context":{"text":"Escritos de Vicente de Pa\u00fal","link":"http:\/\/vincentians.com\/es\/category\/escritos\/escritos-de-vicente-de-paul\/"},"img":{"alt_text":"","src":"https:\/\/i0.wp.com\/vincentians.com\/es\/wp-content\/uploads\/sites\/11\/2016\/07\/escritos-vicente-de-paul.jpg?fit=1200%2C630&resize=350%2C200","width":350,"height":200,"srcset":"https:\/\/i0.wp.com\/vincentians.com\/es\/wp-content\/uploads\/sites\/11\/2016\/07\/escritos-vicente-de-paul.jpg?fit=1200%2C630&resize=350%2C200 1x, https:\/\/i0.wp.com\/vincentians.com\/es\/wp-content\/uploads\/sites\/11\/2016\/07\/escritos-vicente-de-paul.jpg?fit=1200%2C630&resize=525%2C300 1.5x, https:\/\/i0.wp.com\/vincentians.com\/es\/wp-content\/uploads\/sites\/11\/2016\/07\/escritos-vicente-de-paul.jpg?fit=1200%2C630&resize=700%2C400 2x, https:\/\/i0.wp.com\/vincentians.com\/es\/wp-content\/uploads\/sites\/11\/2016\/07\/escritos-vicente-de-paul.jpg?fit=1200%2C630&resize=1050%2C600 3x"},"classes":[]},{"id":102602,"url":"http:\/\/vincentians.com\/es\/vicente-de-paul-carta-0961-a-juan-martin\/","url_meta":{"origin":970,"position":3},"title":"Vicente de Pa\u00fal, Carta 0961: A Juan Martin","author":"Francisco Javier Fern\u00e1ndez Chento","date":"08\/09\/2012","format":false,"excerpt":"Par\u00eds, \u00faltimo de febrero 1647. Padre: La gracia de Nuestro Se\u00f1or sea siempre con nosotros. Recib\u00ed carta suya esta semana, pero no del padre Blatiron que, como est\u00e1 ausente y en medio de grandes ocupaciones, no puede dar abasto a todo. Admiro ciertamente la atenci\u00f3n que tiene conmigo, a pesar\u2026","rel":"","context":"En \u00abEscritos de Vicente de Pa\u00fal\u00bb","block_context":{"text":"Escritos de Vicente de Pa\u00fal","link":"http:\/\/vincentians.com\/es\/category\/escritos\/escritos-de-vicente-de-paul\/"},"img":{"alt_text":"","src":"https:\/\/i0.wp.com\/vincentians.com\/es\/wp-content\/uploads\/sites\/11\/2016\/07\/escritos-vicente-de-paul.jpg?fit=1200%2C630&resize=350%2C200","width":350,"height":200,"srcset":"https:\/\/i0.wp.com\/vincentians.com\/es\/wp-content\/uploads\/sites\/11\/2016\/07\/escritos-vicente-de-paul.jpg?fit=1200%2C630&resize=350%2C200 1x, https:\/\/i0.wp.com\/vincentians.com\/es\/wp-content\/uploads\/sites\/11\/2016\/07\/escritos-vicente-de-paul.jpg?fit=1200%2C630&resize=525%2C300 1.5x, https:\/\/i0.wp.com\/vincentians.com\/es\/wp-content\/uploads\/sites\/11\/2016\/07\/escritos-vicente-de-paul.jpg?fit=1200%2C630&resize=700%2C400 2x, https:\/\/i0.wp.com\/vincentians.com\/es\/wp-content\/uploads\/sites\/11\/2016\/07\/escritos-vicente-de-paul.jpg?fit=1200%2C630&resize=1050%2C600 3x"},"classes":[]},{"id":103862,"url":"http:\/\/vincentians.com\/es\/vicente-de-paul-carta-0967-luisa-de-marillac-a-san-vicente\/","url_meta":{"origin":970,"position":4},"title":"Vicente de Pa\u00fal, Carta 0967: Luisa De Marillac A San Vicente","author":"Francisco Javier Fern\u00e1ndez Chento","date":"14\/09\/2012","format":false,"excerpt":"10 marzo [1647] Padre: El ajetreo en que usted se encuentra con tanta gente en su casa me impide enviarle la carta del se\u00f1or des Jonch\u00e8res, teniendo adem\u00e1s algunas otras cosas que tratar con su caridad para que me aconseje. No creo que lo que dijo mi hijo fuera mal\u2026","rel":"","context":"En \u00abEscritos de Vicente de Pa\u00fal\u00bb","block_context":{"text":"Escritos de Vicente de Pa\u00fal","link":"http:\/\/vincentians.com\/es\/category\/escritos\/escritos-de-vicente-de-paul\/"},"img":{"alt_text":"","src":"https:\/\/i0.wp.com\/vincentians.com\/es\/wp-content\/uploads\/sites\/11\/2016\/07\/escritos-vicente-de-paul.jpg?fit=1200%2C630&resize=350%2C200","width":350,"height":200,"srcset":"https:\/\/i0.wp.com\/vincentians.com\/es\/wp-content\/uploads\/sites\/11\/2016\/07\/escritos-vicente-de-paul.jpg?fit=1200%2C630&resize=350%2C200 1x, https:\/\/i0.wp.com\/vincentians.com\/es\/wp-content\/uploads\/sites\/11\/2016\/07\/escritos-vicente-de-paul.jpg?fit=1200%2C630&resize=525%2C300 1.5x, https:\/\/i0.wp.com\/vincentians.com\/es\/wp-content\/uploads\/sites\/11\/2016\/07\/escritos-vicente-de-paul.jpg?fit=1200%2C630&resize=700%2C400 2x, https:\/\/i0.wp.com\/vincentians.com\/es\/wp-content\/uploads\/sites\/11\/2016\/07\/escritos-vicente-de-paul.jpg?fit=1200%2C630&resize=1050%2C600 3x"},"classes":[]},{"id":126117,"url":"http:\/\/vincentians.com\/es\/vicente-de-paul-carta-1185-a-luisa-de-marillac\/","url_meta":{"origin":970,"position":5},"title":"Vicente de Pa\u00fal, Carta 1185: A Luisa De Marillac","author":"Francisco Javier Fern\u00e1ndez Chento","date":"26\/12\/2013","format":false,"excerpt":"Par\u00eds, 2 septiembre [1649] Se\u00f1orita: La gracia de Nuestro Se\u00f1or sea siempre con nosotros. Es usted demasiado impresionable por la salida de sus hijas. En nombre de Dios, se\u00f1orita, esfu\u00e9rcese en adquirir la gracia de la aceptaci\u00f3n de tales momentos. Es una misericordia de Nuestro Se\u00f1or con la Compa\u00f1\u00eda el\u2026","rel":"","context":"En \u00abEscritos de Vicente de Pa\u00fal\u00bb","block_context":{"text":"Escritos de Vicente de Pa\u00fal","link":"http:\/\/vincentians.com\/es\/category\/escritos\/escritos-de-vicente-de-paul\/"},"img":{"alt_text":"","src":"https:\/\/i0.wp.com\/vincentians.com\/es\/wp-content\/uploads\/sites\/11\/2016\/07\/escritos-vicente-de-paul.jpg?fit=1200%2C630&resize=350%2C200","width":350,"height":200,"srcset":"https:\/\/i0.wp.com\/vincentians.com\/es\/wp-content\/uploads\/sites\/11\/2016\/07\/escritos-vicente-de-paul.jpg?fit=1200%2C630&resize=350%2C200 1x, https:\/\/i0.wp.com\/vincentians.com\/es\/wp-content\/uploads\/sites\/11\/2016\/07\/escritos-vicente-de-paul.jpg?fit=1200%2C630&resize=525%2C300 1.5x, https:\/\/i0.wp.com\/vincentians.com\/es\/wp-content\/uploads\/sites\/11\/2016\/07\/escritos-vicente-de-paul.jpg?fit=1200%2C630&resize=700%2C400 2x, https:\/\/i0.wp.com\/vincentians.com\/es\/wp-content\/uploads\/sites\/11\/2016\/07\/escritos-vicente-de-paul.jpg?fit=1200%2C630&resize=1050%2C600 3x"},"classes":[]}],"_links":{"self":[{"href":"http:\/\/vincentians.com\/es\/wp-json\/wp\/v2\/posts\/970","targetHints":{"allow":["GET"]}}],"collection":[{"href":"http:\/\/vincentians.com\/es\/wp-json\/wp\/v2\/posts"}],"about":[{"href":"http:\/\/vincentians.com\/es\/wp-json\/wp\/v2\/types\/post"}],"author":[{"embeddable":true,"href":"http:\/\/vincentians.com\/es\/wp-json\/wp\/v2\/users\/4"}],"replies":[{"embeddable":true,"href":"http:\/\/vincentians.com\/es\/wp-json\/wp\/v2\/comments?post=970"}],"version-history":[{"count":0,"href":"http:\/\/vincentians.com\/es\/wp-json\/wp\/v2\/posts\/970\/revisions"}],"wp:featuredmedia":[{"embeddable":true,"href":"http:\/\/vincentians.com\/es\/wp-json\/wp\/v2\/media\/393753"}],"wp:attachment":[{"href":"http:\/\/vincentians.com\/es\/wp-json\/wp\/v2\/media?parent=970"}],"wp:term":[{"taxonomy":"category","embeddable":true,"href":"http:\/\/vincentians.com\/es\/wp-json\/wp\/v2\/categories?post=970"},{"taxonomy":"post_tag","embeddable":true,"href":"http:\/\/vincentians.com\/es\/wp-json\/wp\/v2\/tags?post=970"}],"curies":[{"name":"wp","href":"https:\/\/api.w.org\/{rel}","templated":true}]}}