{"id":95851,"date":"2018-06-12T05:11:29","date_gmt":"2018-06-12T03:11:29","guid":{"rendered":"http:\/\/somos.vicencianos.org\/?p=95851"},"modified":"2018-06-05T08:57:11","modified_gmt":"2018-06-05T06:57:11","slug":"san-vicente-el-hombre","status":"publish","type":"post","link":"http:\/\/vincentians.com\/es\/san-vicente-el-hombre\/","title":{"rendered":"San Vicente: el hombre"},"content":{"rendered":"<p>Para conocer a San Vicente, es preciso referirse a los textos, supone un problema, pues antes de 1640 hay po\u00adcos y la inmensa mayor\u00eda de los mismos son de S. Vicente a la edad de 70 a\u00f1os en lo relativo a las Hijas de la Caridad, y a la de 75 para los Padres. La abundancia de textos de esta \u00e9poca proviene de la iniciativa del H. Ducor\u00adneau, secretario de San Vicente. Este Hermano realiza el trabajo a partir de 1658, con dos cohermanos y a espaldas del Santo.<\/p>\n<h2><strong>Principios generales<\/strong><\/h2>\n<h3><strong>1. B\u00fasqueda espiritual<\/strong><\/h3>\n<p>\u00bfQu\u00e9 se esconde bajo esta palabra? Esto es capital para San Vicente. La espiritualidad es el esp\u00edritu de Jesucris\u00adto que anima y unifica una vida. El problema para nosotros no es el situar\u00adnos en un cat\u00e1logo de espiritualidad, sino encontrar alguien que haya vivido de Jesucristo. No se trata de envolver la personalidad de un Santo sobre las insistentes oraciones y las virtudes, sino rodear toda su vida y todo su ha\u00adcer revelador.<\/p>\n<h3><strong>2. La santidad es un principio <\/strong><strong>que unifica<\/strong><\/h3>\n<p>Es preciso huir de una dicotom\u00eda: un tiempo para trabajar, un tiempo para orar. Unificar la oraci\u00f3n y la vida, es el medio m\u00e1s seguro para encontrar a Cristo. \u00abDejar a Dios por Dios\u00bb es un tema al que vuelve constantemente. Eso muestra la continuidad entre la actitud espiritual de la oraci\u00f3n y la del servi\u00adcio, entre la actitud espiritual en la Eu\u00adcarist\u00eda y el contacto con el pobre.<\/p>\n<p>San Vicente ha confirmado esta uni\u00addad entre la oraci\u00f3n y la vida. El amor de Dios est\u00e1 puesto en relaci\u00f3n directa vital con el esfuerzo. \u00abDevoci\u00f3n labo\u00adriosa y s\u00f3lida\u00bb, he aqu\u00ed los calificativos vicencianos.<\/p>\n<h2><strong>Introducci\u00f3n<\/strong><\/h2>\n<p>\u00abSan Vicente hoy\u00bb. La dificultad se encuentra al hacer un salto de tres si\u00adglos. Ante tal estudio hay tres reac\u00adciones:<\/p>\n<ul>\n<li>aquella de historiadores profesio\u00adnales, para quien San Vicente, en funci\u00f3n del siglo XX, es exponerse al anacronismo, pues los pobres del siglo XVII no temen nada que ver con los de este siglo. Bajo esta \u00f3ptica se har\u00eda de San Vi\u00adcente un objeto de estudio de bi\u00adblioteca.<\/li>\n<li>los defensores del siglo XX; para quienes s\u00f3lo el siglo XX cuenta, que reh\u00fasan la vuelta a las fuen\u00adtes bajo pretexto de que aquellos recalcan s\u00f3lo lo espec\u00edfico y que el Vaticano II promulga la apertu\u00adra de las Congregaciones. Ellos quieren a San Vicente para su vida espiritual, pero no para su vida apost\u00f3lica.<br \/>\nPero es preciso ser nosotros mis\u00admos y no podemos ir a los po\u00adbres hoy d\u00eda m\u00e1s que en la l\u00ed\u00adnea de San Vicente. Se confunde con frecuencia unidad y uniformi\u00addad.<br \/>\nBajo pretexto de una \u00fanica pas\u00adtoral, sacerdotes &#8211; religiosos por una misma medida, peligra la uni\u00adformidad y entonces se lleva la propia vocaci\u00f3n como un comple\u00adjo. En la Iglesia se integran todos los valores en una unidad. La he\u00adrej\u00eda del enga\u00f1o del siglo XX, ba\u00adjo pretexto de trabajar en com\u00fan, de comunicar con aquellos del ba\u00adrrio, pierde su especificidad, pero psicol\u00f3gicamente no podr\u00e1 nunca estar con otros, si no se est\u00e1 per\u00admanentemente con uno mismo.<\/li>\n<li>aquellos explotadores de San Vi\u00adcente que lo utilizan para justifi\u00adcar sus pensamientos o sus accio\u00adnes.<\/li>\n<\/ul>\n<p>De cara a estas reacciones para estu\u00addiar a San Vicente, es preciso poseer:<\/p>\n<p style=\"padding-left: 30px\">a) Una cierta espiritualidad unifica\u00addora que englobe la oraci\u00f3n y la acci\u00f3n, la naturaleza y la gracia, \u00e9sta que implica estudiar a San Vicente no en una etapa de su vida, sino en su caminar.<\/p>\n<p style=\"padding-left: 30px\">b) Una cierta concepci\u00f3n de la ri\u00adqueza de la Iglesia. El misterio de la encarnaci\u00f3n es el misterio de exhuberante variedad. Nos ha\u00adce aparecer hijos e hijas de San Vicente cerca de los pobres, ya que \u00e9stos tienen necesidad de su carisma.<\/p>\n<p style=\"padding-left: 30px\">c) Una cierta concepci\u00f3n de la histo\u00adria. Es necesario estudiar a San Vicente para vivirle. Leyendo a San Vicente nosotras tendremos siempre la preocupaci\u00f3n de tra\u00adducirle para los pobres de hoy, pues ellos son \u00abnuestros Se\u00f1o\u00adres\u00bb.<\/p>\n<h2><strong>C\u00f3mo leer a san Vicente hoy<\/strong><\/h2>\n<p>Ocho mil quinientas p\u00e1ginas es una \u00ednfima parte de lo que \u00e9l escribi\u00f3 (no hay una sola conferencia a las Visitandinas, hay muy pocas conferencias con\u00adservadas a los misioneros).<\/p>\n<p>La primera impresi\u00f3n leyendo es gri\u00adtar: \u00abDios m\u00edo\u00bb, qu\u00e9 bien conoce el siglo XVIII. Es uno de los santos m\u00e1s encarnados que se conocen. Era eminentemente social y faltamente esto le ha insertado m\u00e1s en medio del siglo XVII. Por temperamento, pero tambi\u00e9n por santidad, \u00e9l se encuentra sumergido en su tiempo. De ah\u00ed ciertas trabas que repercuten en la lectura:<\/p>\n<ul>\n<li>su concepci\u00f3n de la pastoral: con\u00adfesiones generales, decir la peque\u00ad\u00f1a palabra. Esto se explica en el siglo XVII, donde no hab\u00eda m\u00e1s que creyentes; la libertad religiosa no exist\u00eda y tampoco el res\u00adpeto humano que nosotros cono\u00adcemos.<\/li>\n<li>su actitud de cara a los grandes es de deferencia extraordinaria. En esta \u00e9poca en que la monar\u00adqu\u00eda era de derecho divino, donde la explicaci\u00f3n de esta actitud va a contradecir casi sistem\u00e1tica\u00admente ciertas opciones. As\u00ed, San Vicente ir\u00e1 a predicar a la Corte (\u00e9l que prohib\u00eda a los misioneros ir a las ciudades donde hab\u00eda un obispo), porque el rey se lo pe\u00add\u00eda.<\/li>\n<li>el estilo de frases del siglo XVII en su correspondencia.<\/li>\n<li>las medidas, los medios de trans\u00adporte.<\/li>\n<\/ul>\n<p>Es preciso traducir a San Vicente hoy d\u00eda, pero hace falta conocer dos lenguas para no hacer contrasentido.<\/p>\n<p>Es preciso amar nuestro mundo para conocer el mundo de San Vicente, y pa\u00adra comprenderle es preciso comulgar con nuestro mundo de hoy. Para leer a San Vicente sin miedo a ser enga\u00f1ado, hay que conocerle a \u00e9l mismo, y acep\u00adtar entrar en su mundo, su personali\u00addad, su medio y sus problemas.<\/p>\n<h2><strong>Tres principios a tener en cuenta para leer a san Vicente<\/strong><\/h2>\n<ul>\n<li>No olvidar jam\u00e1s al hombre que tiene la pluma, el origen campe\u00adsino, gasc\u00f3n&#8230;<\/li>\n<li>No olvidar jam\u00e1s la edad de este hombre: importancia de las fe\u00adchas.<\/li>\n<li>No olvidar jam\u00e1s el contexto en el cual San Vicente escribe tal o cual carta.<\/li>\n<\/ul>\n<h3><strong>a) No olvidar nunca al hombre&#8230;<\/strong><\/h3>\n<p>&#8230; en la conferencia o en la carta que \u00e9l dicta. Se trata de un campesino en su espiritualidad, en su mentalidad.<\/p>\n<ol>\n<li>Es a este car\u00e1cter campesino al que se debe atribuir \u00absu lentitud\u00bb m\u00e1s que de car\u00e1cter es de su medido de fondo lo ha hereda\u00addo; por otra parte, para la deci\u00adsi\u00f3n es r\u00e1pido; por ejemplo, en la Congregaci\u00f3n eran veintiocho mi\u00adsioneros, se le piden veinte para el ej\u00e9rcito, veinticuatro horas des\u00adpu\u00e9s env\u00eda doce, casi la mitad de su comunidad.<\/li>\n<li>San Vicente ten\u00eda el sentido rural de la Providencia. Un campesino conoce todos los elementos alea\u00adtorios en las semillas. El ritmo de la naturaleza, acaba por surgir so\u00adbre la mentalidad del hombre. As\u00ed cuando San Vicente habla de los or\u00edgenes de la Congregaci\u00f3n de la Misi\u00f3n o de la Compa\u00f1\u00eda es el golpe de vista del campesino de\u00adlante del milagro de la naturaleza y la multiplicaci\u00f3n de las semi\u00adllas. Toda su imaginaci\u00f3n est\u00e1 lle\u00adna de \u00abflashes\u00bb de la naturaleza (coloca a los animales en las con\u00adferencias).<\/li>\n<li>El orden y la actitud frente al di\u00adnero; es preciso economizar, no es necesario que quede mucho tiempo en el bolsillo; especie de desconfianza respecto al dinero al modo del campesino.<\/li>\n<li>Su actitud frente a los grandes, hecha de atenciones, de reveren\u00adcias, de humildad, heredada de su mentalidad campesina.<\/li>\n<\/ol>\n<p>Se trata de un gasc\u00f3n con un tanto de malicia y salidas de humor: carta a Ferm\u00edn; a un hermano que quiere vol\u00adver cerca de su viejo padre para cui\u00addarle: \u00abvuestro padre no tiene m\u00e1s que cuarenta o cuarenta y cinco a\u00f1os, est\u00e1 fuerte y casado con una joven de die\u00adciocho\u00bb; a un predicador: \u00abme apercibo que os fatig\u00e1is demasiado, economizad vuestra salud, por ejemplo predicando menos fuerte; a un sacerdote que am\u00adbiciona el episcopado: \u00abqu\u00e9 p\u00e9rdida se\u00adr\u00e1 para vuestra congregaci\u00f3n\u00bb.<\/p>\n<h3><strong>b) No olvidar nunca la edad <\/strong><strong>del hombre que habla<\/strong><\/h3>\n<p>Bajo pretexto de que se trata de un santo, se estar\u00eda tentado de no hacer caso de la edad; ellos han atravesado la vida con sus diferentes edades. La santidad no trastorna la evoluci\u00f3n en la edad de un santo.<\/p>\n<p>Han sido j\u00f3venes: entusiastas, em\u00adprendedores, fogosos.<\/p>\n<p>Adultos: edad donde se reflexiona, se realiza, se organiza.<\/p>\n<p>Ancianos: por consiguiente, m\u00e1s sol\u00ed\u00adcitos en perseverar, en conservar, des\u00adconfiado de cara a las novedades, los cambios&#8230;<\/p>\n<p>He aqu\u00ed una falta de interpretaci\u00f3n de texto sin tener en cuenta la edad. San Vicente tuvo la gracia de una an\u00adcianidad l\u00facida. As\u00ed, en la conferencia de 6-XII-58 se muestra defensor del plu\u00adralismo para los compromisos pastora\u00adles. En esta conferencia, \u00e9l va a imagi\u00adnar las contestaciones que arriesgar\u00e1n minar la congregaci\u00f3n tan pronto como haya muerto y las refuta.<\/p>\n<p>Es preciso tener siempre en cuenta que:<\/p>\n<ul>\n<li>el 51 por 100 de sus conferencias a las Hijas de la Caridad son escritas entre los 70 y 80 a\u00f1os.<\/li>\n<li>el 84 por 100 de las conferencias a los misioneros las escribe entre los 75 y los 80 a\u00f1os.<\/li>\n<\/ul>\n<h3><strong>c) Nunca separar al hombre del contexto donde est\u00e1<\/strong><\/h3>\n<p>El siglo <strong>XVII, <\/strong>siglo de cristianismo.\u2014 Esto explica la sacramentalidad en San Vicente, su insistencia sobre la peniten\u00adcia: sencillas palabras mientras se les atiende.<\/p>\n<p>Siglo de monarqu\u00eda de derecho divi\u00adno; S. Vicente no contesta a la auto\u00adridad.<\/p>\n<p>Siglo de guerras, de epidemias, de grandes miserias, de injusticias (el 70 por 100 en las ciudades no saben leer, el 95 por 100 en las aldeas) (50 por 100 de mortalidad infantil, la edad media es de 35 a\u00f1os).<\/p>\n<p>Siglo de grandes crisis para la Igle\u00adsia y clero de Francia en particular. Se dice que el cardenal de Retz, arzobispo de Par\u00eds, era el menos religioso de los esp\u00edritus. Hab\u00eda cien maneras de decir la misa. El clero ignoraba las f\u00f3rmulas lit\u00fargicas penitenciales. Con frecuencia, S. Vicente pone en guardia a las Hijas de la Caridad para que no se fiasen del clero (en esta \u00e9poca esto no era un exceso).<\/p>\n<p><strong>Las comunidades<\/strong>. \u2014 San Vicente, en conferencias hablaba de conceptos mi\u00adsioneros de la \u00e9poca. Se habla de la \u00abhumildad del cuerpo\u00bb. San Vicente quer\u00eda hacerles reaccionar del \u00e9xito de sus comunidades, dando una actitud de freno frente a las Hijas de la Caridad o los misioneros, que estaban a la ca\u00adbeza en la pastoral y de ah\u00ed esta acen\u00adtuaci\u00f3n extraordinaria en la humildad del cuerpo. Pero hoy d\u00eda la situaci\u00f3n no es la misma. Esta humildad de cuerpo no se puede aplicar a la letra.<\/p>\n<h2><strong>El hombre: Se\u00f1or Vicente<\/strong><\/h2>\n<ol>\n<li>Todos los <strong>retratos <\/strong>que tenemos le representan a una edad avanzada co\u00admo en un complot. El padre espiritual viene a ser \u00abel abuelo\u00bb. Es preciso des\u00adembarazarse de esta imaginer\u00eda y, \u00bfpor qu\u00e9 as\u00ed?, porque S. Vicente no ha sido c\u00e9lebre m\u00e1s que a partir de 1631 y los retratistas no se desplazaban nada m\u00e1s que para las celebridades. Lo m\u00e1s a los 50 a\u00f1os los trazos humanos eran ya en\u00e9rgicos y S. Vicente ha sido siempre reticente a posar. Ha sido preciso que sus hermanos lo asedieran para que acepte que un cierto Sim\u00f3n Frarwois de Tours venga a comer al refectorio y enseguida realice un retrato de me\u00admoria. Los restantes retratos se inspi\u00adraron en \u00e9ste.<br \/>\nMed\u00eda 1,59 metros, era bien propor\u00adcionado, muy bien formado. Se recuer\u00adda, sobre todo, sus ojos y la sonrisa. Da la impresi\u00f3n de vivacidad, malicia, bondad en la mirada que observa sin cesar.<\/li>\n<li>San Vicente era <strong>enfermizo <\/strong>pero vigoroso. Hay cantidad de alusiones en sus cartas de peque\u00f1as alteraciones de su salud.\n<ul>\n<li>En 1615 tuvo una grave enferme\u00addad que le ha dejado una dolencia cr\u00f3\u00adnica en las piernas. Se le aconseja hacer curas en Forges-les-aus y \u00e9l ir\u00e1 asiduamente.<\/li>\n<li>En 1644, tiene 63 a\u00f1os. Esta en\u00adfermedad tiene repercusi\u00f3n en las co\u00admunidades. En la \u00e9poca se entregaban las cartas abiertas al Superior, por lo que San Vicente se enter\u00f3 de su muer\u00adte inminente, por lo que dio las gra\u00adcias al Hermano que la escrib\u00eda. Saliendo de esta enfermedad, San Vi\u00adcente tiene necesidad de hacer los re\u00adglamentos, ya que se vio morir y deja\u00adba a sus comunidades sin reglas. Esta enfermedad le hace cambiar de pensa\u00admiento a \u00e9l, que antes no quer\u00eda apre\u00adsurarse a dar reglas.<\/li>\n<li>En 1650 el Arzobispo de Par\u00eds proh\u00edbe a S. Vicente montar a caballo (era un excelente jinete). Sin embargo, seis meses despu\u00e9s S. Vicente tiene un accidente de caballo.<\/li>\n<li>En 1655 queda en cama de marzo a noviembre.<br \/>\nSi est\u00e1 enfermo no teme hablar de sus enfermedades, as\u00ed le permite com\u00adprender mejor a sus hermanos enfer\u00admos; est\u00e1 capacitado de paciencia y bondad infinitas para con ellos.<\/li>\n<\/ul>\n<\/li>\n<li>Mas <strong>\u00e9l es muy <\/strong>vigoroso. Para to\u00admarse cuentas trata de reconstruir su planing.\n<ul>\n<li>Sus responsabilidades:\n<ul>\n<li>las dos familias: Hijas de la Caridad y Congregaci\u00f3n de la Misi\u00f3n.<\/li>\n<li>las cofrad\u00edas dispersas en todo el reino.<\/li>\n<li>las Damas de la Caridad que consti\u00adtuyen un grupo exigente.<\/li>\n<li>las Visitandinas de las que era Supe\u00adrior y a las que daba conferencias regularmente.<\/li>\n<li>las conferencias de los martes (gru\u00adpos de sacerdotes que \u00e9l formaba).<\/li>\n<li>los ordenandos, embri\u00f3n de gran Se\u00adminario. En lugar de Seminario Ma\u00adyor se hac\u00eda un retiro de 6 a 8 d\u00edas, despu\u00e9s que se ordenaban.<\/li>\n<li>ten\u00eda la organizaci\u00f3n de todos los socorros nacionales.<\/li>\n<li>era ministro para el Reino encarga\u00addo del nombramiento de Obispos y particularmente en el Consejo de Conciencia.<\/li>\n<li>limosnero de las galeras y esto has\u00adta el fin.<\/li>\n<\/ul>\n<\/li>\n<li>En sus cartas dice con frecuencia: \u00abyo recibo&#8230; Yo dir\u00e9&#8230;\u00bb. Esto da idea del trabajo que pod\u00eda abarcar en una jornada. A esto es preciso unir una correspondencia enorme: \u00abos escribo a medianoche&#8230;, o a borde del camino&#8230;, por la noche durmi\u00e9ndome&#8230;, a grandes trazos&#8230;\u00bb. San Vicente velaba mucho. Respecto a su correspondencia, su des\u00adpacho deb\u00eda estar atestado. Escribe: \u00abhe perdido su carta&#8230;\u00bb, y algunas l\u00ed\u00adneas despu\u00e9s: \u00abya la encontr\u00e9\u00bb.<\/li>\n<li>Dos ejemplos muy particulares de su vigor muestran su complexi\u00f3n poco com\u00fan.\n<ul>\n<li>Tiene 62 a\u00f1os y conoce la vida com\u00adprometida de emigrante por haber de\u00adfendido a la Reina. As\u00ed parte a caballo, atraviesa el Sena a pesar de que lo per\u00adsiguen.<\/li>\n<li>En la misma \u00e9poca, en Orsigny, lucha solo en un gran incendio, para salvar dos caballos y doscientos cuarenta car\u00adneros.<\/li>\n<\/ul>\n<\/li>\n<\/ul>\n<\/li>\n<\/ol>\n<h3><strong>La sensibilidad<\/strong><\/h3>\n<p>Bajo pretexto de ensalzar su mortifi\u00adcaci\u00f3n, su desprendimiento, se acaba por olvidar que era un hombre de gran sensibilidad.<\/p>\n<p style=\"padding-left: 30px\">a) Se revela muy apegado a su fami\u00adlia. Tiene tres hermanos y dos herma\u00adnas, pero una preferida, Mar\u00eda. En 1626 deja todos sus bienes a su familia; paga una deuda a su hermano en 1635; el porvenir de sus sobrinos le inquieta. Conservaba enormemente sus recuer\u00addos de infancia, sobre todo en su vejez. Al fin de su vida refer\u00eda tal o cual hecho, por ejemplo, la manera c\u00f3mo se com\u00eda en su familia.<\/p>\n<p style=\"padding-left: 30px\">b) Su delicada amistad con Luisa de Marillac y Santa Juana de Chantal.<\/p>\n<p style=\"padding-left: 30px\">c) Su amor paternal por sus herma nos se encuentra en su corresponden\u00adcia: con Juan Mart\u00edn, \u00abel m\u00e1s peque\u00f1o de la familia\u00bb, muchacho seguramente muy bien dotado, a los 24 a\u00f1os nom\u00adbrado Superior, para animarlo quiere que le escriba con frecuencia. El le es\u00adcribe cada ocho d\u00edas y le reclama sus respuestas; en ello, se ve el desinter\u00e9s de esta relaci\u00f3n.<\/p>\n<p style=\"padding-left: 30px\">d) Su relaci\u00f3n con el se\u00f1or Portail. Bien que meridional, este Padre era muy t\u00edmido y esperaba mucho tiempo antes de salir al p\u00falpito. Por su primer serm\u00f3n, San Vicente le escribe una car\u00adta de felicitaci\u00f3n.<\/p>\n<p style=\"padding-left: 30px\">e) Su relaci\u00f3n con el se\u00f1or Lambert en Conteaux, su gran amigo. En 1647, la Propaganda Fide, pide al se\u00f1or Lam\u00adbert para ser nombrado obispo. San Vicente responde que es como si le \u00abarrancaran un ojo\u00bb. Finalmente, la elecci\u00f3n recaer\u00e1 sobre alg\u00fan otro. En 1651, el se\u00f1or Lambert es nombrado ayudante para el Consejo y enseguida se cruza entre los dos amigos una co\u00adrrespondencia, de \u00abcada ocho d\u00edas\u00bb.<\/p>\n<p>Para amar a los pobres como se les debe amar es preciso amarles con todo su coraz\u00f3n humano y comprender su sensibilidad.<\/p>\n<h3><strong>La inteligencia<\/strong><\/h3>\n<p>No podemos poner a San Vicente en la categor\u00eda del Cura de Ars, su nivel era superior. Hab\u00eda hecho buenos es\u00adtudios en Dax. obtenido un precepto\u00adrado, hab\u00eda seguido el ritmo del estu\u00addiante pobre. Va a Tolosa; al mismo tiempo se ocupa de un peque\u00f1o inter\u00adnado en Buzet. Sale de la Universidad de Tolosa bachiller en teolog\u00eda. M\u00e1s tarde se licenciar\u00e1 en Derecho can\u00f3ni\u00adco. En este tiempo se instalar\u00e1 en el Colegio de Bons Enfants. Para ser Di\u00adrector es preciso estar licenciado, si bien a \u00e9l no se le ha preguntado si tiene este t\u00edtulo.<\/p>\n<p>Est\u00e1 al corriente de los libros de Teolog\u00eda, de espiritualidad, que apare\u00adcen en su \u00e9poca. Estaba al tanto de las grandes corrientes del pensamiento de su \u00e9poca (humanistas, jansenistas, Saint?Cyran), el teatro; cuando explica el \u00abpeque\u00f1o m\u00e9todo\u00bb hace un paralelo entre la predicaci\u00f3n y la manera de representar la comedia.<\/p>\n<p>Es recordado con Duval, Berulle y S. Francisco de Sales. En la pol\u00edtica, negocia con los grandes.<\/p>\n<p>Tiene una inteligencia especulativa, pero su caracter\u00edstica m\u00e1s importante es su sentido pr\u00e1ctico. Para \u00e9l esta fa\u00adcultad de adaptaci\u00f3n comprende.<\/p>\n<ul>\n<li>don de contacto con las personas y grupos<\/li>\n<li>don de organizaci\u00f3n<\/li>\n<li>don de observaci\u00f3n.<\/li>\n<\/ul>\n<p>a) Los contactos con las personas son muy importantes. Se queda uno estupefacto al ver la repercusi\u00f3n que puede tener un encuentro con S. Vi\u00adcente. Aprovecha y explota al m\u00e1ximo todos los encuentros (por ejemplo, con Margarita Naseau). Para pesar este don es suficiente observar su corresponden\u00adcia; su facultad de adaptaci\u00f3n a su in\u00adterlocutor es prodigiosa. La direcci\u00f3n espiritual constituye un aspecto im\u00adportante. As\u00ed, con Santa Luisa da la impresi\u00f3n de entablar un di\u00e1logo de sordos y en otro momento S. Vicente le pide camisas, a continuaci\u00f3n se van metiendo en preocupaciones apost\u00f3li\u00adcas de Sta. Luisa, cuando era Visitado\u00adra de las Cofrad\u00edas de Par\u00eds, de donde le nace el deseo de ocuparse de las Hi\u00adjas de la Caridad. Con los grupos, el contacto que toma es interesant\u00edsimo. Era profundo ani\u00admador (recordemos Folleville y la vuel\u00adta al confesionario despu\u00e9s de un solo serm\u00f3n). Existe un \u00abraport\u00bb de causa- efecto entre una intervenci\u00f3n p\u00fablica de S. Vicente y la actitud del grupo.<\/p>\n<p>b) Don de observaci\u00f3n. Es la fuente de todo su realismo y lo tenemos pre\u00adsente en su retrato (mirada). Estos son los \u00edndices:<\/p>\n<ul>\n<li>la riqueza de sus inquietudes: el hos\u00adpital para los galeotes ha nacido despu\u00e9s de un encuentro, cuando \u00e9l mismo estaba encargado de las ga\u00adleras. Sab\u00eda analizar las situaciones.<\/li>\n<li>el don de dar \u00f3rdenes de misi\u00f3n; as\u00ed confeccionaba un itinerario de\u00adtallado con las personas que encon\u00adtrar\u00eda, las dificultades que pod\u00eda prever, las orientaciones sobre el lu\u00adgar. Hay detalles sobre el clima, la mentalidad de los habitantes. Para registrar tanta informaci\u00f3n es que deb\u00eda observar mucho.<\/li>\n<\/ul>\n<p>c) Don de organizaci\u00f3n. En Chatillon se da cuenta de la caridad mal organi\u00adzada; esto provoca su sentido de orga\u00adnizaci\u00f3n. Tres d\u00edas despu\u00e9s las carida\u00addes son creadas. S. Vicente ha hecho muchos reglamentos, lo que prueba que para \u00e9l los reglamentos eran relativos. San Vicente posee tambi\u00e9n una cua\u00adlidad muy rara, la de ir a la concep\u00adci\u00f3n de grandes proyectos y valerse de detalles.<\/p>\n<h3><strong>La voluntad<\/strong><\/h3>\n<p>Ser firmes sobre el fin y flexible en los medios. He aqu\u00ed tres ejemplos:<\/p>\n<p style=\"padding-left: 30px\">a) Es la historia de los votos de la Congregaci\u00f3n de la Misi\u00f3n. Tal como<\/p>\n<p style=\"padding-left: 30px\">b) San Vicente conceb\u00eda la Congregaci\u00f3n de la Misi\u00f3n no ten\u00eda semejante con Roma. Es su proyecto dio pruebas de una firmeza incre\u00edble, pero tambi\u00e9n de una flexibilidad enorme. En un a\u00f1o cambi\u00f3 siete veces de proposiciones, ya que todas eran rechazadas. En este texto de 1631, se encuentra todo lo que San Vicente so\u00f1aba y que, a la larga (1651), tuvo que rehusar. \u00abEn cuanto a las palabras, no por el contenido, hace falta alguna demora.\u00bb<\/p>\n<p style=\"padding-left: 30px\">c) Respecto a la obra de los ni\u00f1os exp\u00f3sitos, se nota el esfuerzo de San Vicente para salvaguardarla.<\/p>\n<p style=\"padding-left: 30px\">d) Madagascar. Envi\u00f3 a los misione\u00adros m\u00e1s j\u00f3venes, los cuales fallec\u00edan. La Congregaci\u00f3n se sublev\u00f3 contra \u00e9l, mas \u00e9l se manten\u00eda. El recomenz\u00f3 ca\u00adtorce veces.<\/p>\n","protected":false},"excerpt":{"rendered":"<p>Para conocer a San Vicente, es preciso referirse a los textos, supone un problema, pues antes de 1640 hay po\u00adcos y la inmensa mayor\u00eda de los mismos son de S. Vicente a la edad de &#8230; <a href=\"http:\/\/vincentians.com\/es\/san-vicente-el-hombre\/\" class=\"more-link\">Read More<\/a><\/p>\n","protected":false},"author":4,"featured_media":400011,"comment_status":"open","ping_status":"open","sticky":false,"template":"","format":"standard","meta":{"jetpack_post_was_ever_published":false,"_jetpack_newsletter_access":"","_jetpack_dont_email_post_to_subs":false,"_jetpack_newsletter_tier_id":0,"_jetpack_memberships_contains_paywalled_content":false,"_jetpack_memberships_contains_paid_content":false,"footnotes":"","jetpack_publicize_message":"","jetpack_publicize_feature_enabled":true,"jetpack_social_post_already_shared":true,"jetpack_social_options":{"image_generator_settings":{"template":"highway","default_image_id":0,"font":"","enabled":false},"version":2}},"categories":[28],"tags":[224,163,173,175,144,127],"class_list":["post-95851","post","type-post","status-publish","format-standard","has-post-thumbnail","hentry","category-formacion-vicenciana","tag-berulle","tag-bons-enfants","tag-chatillon-les-dombes","tag-folleville","tag-lambert","tag-portail"],"yoast_head":"<!-- This site is optimized with the Yoast SEO plugin v26.3 - https:\/\/yoast.com\/wordpress\/plugins\/seo\/ -->\n<title>San Vicente: el hombre - Somos Vicencianos<\/title>\n<meta name=\"robots\" content=\"index, follow, max-snippet:-1, max-image-preview:large, max-video-preview:-1\" \/>\n<link rel=\"canonical\" href=\"http:\/\/vincentians.com\/es\/san-vicente-el-hombre\/\" \/>\n<meta property=\"og:locale\" content=\"es_ES\" \/>\n<meta property=\"og:type\" content=\"article\" \/>\n<meta property=\"og:title\" content=\"San Vicente: el hombre - Somos Vicencianos\" \/>\n<meta property=\"og:description\" content=\"Para conocer a San Vicente, es preciso referirse a los textos, supone un problema, pues antes de 1640 hay po\u00adcos y la inmensa mayor\u00eda de los mismos son de S. Vicente a la edad de ... Read More\" \/>\n<meta property=\"og:url\" content=\"http:\/\/vincentians.com\/es\/san-vicente-el-hombre\/\" \/>\n<meta property=\"og:site_name\" content=\"Somos Vicencianos\" \/>\n<meta property=\"article:publisher\" content=\"https:\/\/www.facebook.com\/WeAreVincentians\/\" \/>\n<meta property=\"article:author\" content=\"https:\/\/www.facebook.com\/JavierChento\" \/>\n<meta property=\"article:published_time\" content=\"2018-06-12T03:11:29+00:00\" \/>\n<meta property=\"og:image\" content=\"https:\/\/i0.wp.com\/vincentians.com\/es\/wp-content\/uploads\/sites\/11\/2016\/09\/sencillos-como-palomas.jpg?fit=1200%2C630\" \/>\n\t<meta property=\"og:image:width\" content=\"1200\" \/>\n\t<meta property=\"og:image:height\" content=\"630\" \/>\n\t<meta property=\"og:image:type\" content=\"image\/jpeg\" \/>\n<meta name=\"author\" content=\"Francisco Javier Fern\u00e1ndez Chento\" \/>\n<meta name=\"twitter:card\" content=\"summary_large_image\" \/>\n<meta name=\"twitter:creator\" content=\"@https:\/\/twitter.com\/javierchento\" \/>\n<meta name=\"twitter:site\" content=\"@WeVincentians\" \/>\n<meta name=\"twitter:label1\" content=\"Escrito por\" \/>\n\t<meta name=\"twitter:data1\" content=\"Francisco Javier Fern\u00e1ndez Chento\" \/>\n\t<meta name=\"twitter:label2\" content=\"Tiempo de lectura\" \/>\n\t<meta name=\"twitter:data2\" content=\"18 minutos\" \/>\n<script type=\"application\/ld+json\" class=\"yoast-schema-graph\">{\"@context\":\"https:\/\/schema.org\",\"@graph\":[{\"@type\":\"Article\",\"@id\":\"http:\/\/vincentians.com\/es\/san-vicente-el-hombre\/#article\",\"isPartOf\":{\"@id\":\"http:\/\/vincentians.com\/es\/san-vicente-el-hombre\/\"},\"author\":{\"name\":\"Francisco Javier Fern\u00e1ndez Chento\",\"@id\":\"https:\/\/vincentians.com\/es\/#\/schema\/person\/9623ef4d9aa3b2dfb8c061f1499288f2\"},\"headline\":\"San Vicente: el hombre\",\"datePublished\":\"2018-06-12T03:11:29+00:00\",\"mainEntityOfPage\":{\"@id\":\"http:\/\/vincentians.com\/es\/san-vicente-el-hombre\/\"},\"wordCount\":3634,\"commentCount\":0,\"publisher\":{\"@id\":\"https:\/\/vincentians.com\/es\/#organization\"},\"image\":{\"@id\":\"http:\/\/vincentians.com\/es\/san-vicente-el-hombre\/#primaryimage\"},\"thumbnailUrl\":\"https:\/\/i0.wp.com\/vincentians.com\/es\/wp-content\/uploads\/sites\/11\/2016\/09\/sencillos-como-palomas.jpg?fit=1200%2C630\",\"keywords\":[\"Berulle\",\"Bons Enfants\",\"Chatillon\",\"Folleville\",\"Lambert\",\"Portail\"],\"articleSection\":[\"Formaci\u00f3n Vicenciana\"],\"inLanguage\":\"es\",\"potentialAction\":[{\"@type\":\"CommentAction\",\"name\":\"Comment\",\"target\":[\"http:\/\/vincentians.com\/es\/san-vicente-el-hombre\/#respond\"]}]},{\"@type\":\"WebPage\",\"@id\":\"http:\/\/vincentians.com\/es\/san-vicente-el-hombre\/\",\"url\":\"http:\/\/vincentians.com\/es\/san-vicente-el-hombre\/\",\"name\":\"San Vicente: el hombre - Somos Vicencianos\",\"isPartOf\":{\"@id\":\"https:\/\/vincentians.com\/es\/#website\"},\"primaryImageOfPage\":{\"@id\":\"http:\/\/vincentians.com\/es\/san-vicente-el-hombre\/#primaryimage\"},\"image\":{\"@id\":\"http:\/\/vincentians.com\/es\/san-vicente-el-hombre\/#primaryimage\"},\"thumbnailUrl\":\"https:\/\/i0.wp.com\/vincentians.com\/es\/wp-content\/uploads\/sites\/11\/2016\/09\/sencillos-como-palomas.jpg?fit=1200%2C630\",\"datePublished\":\"2018-06-12T03:11:29+00:00\",\"breadcrumb\":{\"@id\":\"http:\/\/vincentians.com\/es\/san-vicente-el-hombre\/#breadcrumb\"},\"inLanguage\":\"es\",\"potentialAction\":[{\"@type\":\"ReadAction\",\"target\":[\"http:\/\/vincentians.com\/es\/san-vicente-el-hombre\/\"]}]},{\"@type\":\"ImageObject\",\"inLanguage\":\"es\",\"@id\":\"http:\/\/vincentians.com\/es\/san-vicente-el-hombre\/#primaryimage\",\"url\":\"https:\/\/i0.wp.com\/vincentians.com\/es\/wp-content\/uploads\/sites\/11\/2016\/09\/sencillos-como-palomas.jpg?fit=1200%2C630\",\"contentUrl\":\"https:\/\/i0.wp.com\/vincentians.com\/es\/wp-content\/uploads\/sites\/11\/2016\/09\/sencillos-como-palomas.jpg?fit=1200%2C630\",\"width\":1200,\"height\":630},{\"@type\":\"BreadcrumbList\",\"@id\":\"http:\/\/vincentians.com\/es\/san-vicente-el-hombre\/#breadcrumb\",\"itemListElement\":[{\"@type\":\"ListItem\",\"position\":1,\"name\":\"Portada\",\"item\":\"https:\/\/vincentians.com\/es\/\"},{\"@type\":\"ListItem\",\"position\":2,\"name\":\"San Vicente: el hombre\"}]},{\"@type\":\"WebSite\",\"@id\":\"https:\/\/vincentians.com\/es\/#website\",\"url\":\"https:\/\/vincentians.com\/es\/\",\"name\":\"Somos Vicencianos\",\"description\":\"Know more to serve more\",\"publisher\":{\"@id\":\"https:\/\/vincentians.com\/es\/#organization\"},\"potentialAction\":[{\"@type\":\"SearchAction\",\"target\":{\"@type\":\"EntryPoint\",\"urlTemplate\":\"https:\/\/vincentians.com\/es\/?s={search_term_string}\"},\"query-input\":{\"@type\":\"PropertyValueSpecification\",\"valueRequired\":true,\"valueName\":\"search_term_string\"}}],\"inLanguage\":\"es\"},{\"@type\":\"Organization\",\"@id\":\"https:\/\/vincentians.com\/es\/#organization\",\"name\":\"The Vincentian Network\",\"url\":\"https:\/\/vincentians.com\/es\/\",\"logo\":{\"@type\":\"ImageObject\",\"inLanguage\":\"es\",\"@id\":\"https:\/\/vincentians.com\/es\/#\/schema\/logo\/image\/\",\"url\":\"https:\/\/i1.wp.com\/vincentians.com\/es\/wp-content\/uploads\/sites\/11\/2016\/06\/Vincentian-Network-logo-big.png?fit=778%2C778\",\"contentUrl\":\"https:\/\/i1.wp.com\/vincentians.com\/es\/wp-content\/uploads\/sites\/11\/2016\/06\/Vincentian-Network-logo-big.png?fit=778%2C778\",\"width\":778,\"height\":778,\"caption\":\"The Vincentian Network\"},\"image\":{\"@id\":\"https:\/\/vincentians.com\/es\/#\/schema\/logo\/image\/\"},\"sameAs\":[\"https:\/\/www.facebook.com\/WeAreVincentians\/\",\"https:\/\/x.com\/WeVincentians\"]},{\"@type\":\"Person\",\"@id\":\"https:\/\/vincentians.com\/es\/#\/schema\/person\/9623ef4d9aa3b2dfb8c061f1499288f2\",\"name\":\"Francisco Javier Fern\u00e1ndez Chento\",\"image\":{\"@type\":\"ImageObject\",\"inLanguage\":\"es\",\"@id\":\"https:\/\/vincentians.com\/es\/#\/schema\/person\/image\/\",\"url\":\"https:\/\/secure.gravatar.com\/avatar\/497d5cde87b4c3d097d0315953521681ba2cd523ee66e5077c3711f7021e65de?s=96&d=mm&r=g\",\"contentUrl\":\"https:\/\/secure.gravatar.com\/avatar\/497d5cde87b4c3d097d0315953521681ba2cd523ee66e5077c3711f7021e65de?s=96&d=mm&r=g\",\"caption\":\"Francisco Javier Fern\u00e1ndez Chento\"},\"description\":\"Director General y cofundador de La Red de Formaci\u00f3n Vicenciana. Javier es laico vicenciano, afiliado a la Congregaci\u00f3n de la Misi\u00f3n y miembro del Equipo de Misiones Populares de la provincia can\u00f3nica de Zaragoza (Espa\u00f1a) de la Congregaci\u00f3n de la Misi\u00f3n. Graduado en la Universidad Oberta de Catalunya con cuatro grados (Asistente de direcci\u00f3n, Gesti\u00f3n Administrativa, Recursos Humanos y Contabilidad Avanzada). Bil\u00edng\u00fce Espa\u00f1ol\/Ingl\u00e9s. gestiona y mantiene varias p\u00e1ginas web cristianas y vicencianas, incluida including La Red de Formaci\u00f3n Vicenciana, de la que es cofundador. Actualmente es responsable del \u00e1rea de Espa\u00f1ol de .famvin, la Red de Noticias de la Familia Vicenciana. Tambi\u00e9n es m\u00fasico cat\u00f3lico y ha editado varios discos. Es Director General y cofundador de Trovador, una reconocida compa\u00f1\u00eda discogr\u00e1fica critiana de Espa\u00f1a. Trabaja en las Tecnolog\u00edas de la Informaci\u00f3n, ofreciendo servicios de alojamiento, dise\u00f1o y mantenimiento Web, as\u00ed como asesoramiento, formaci\u00f3n y soluciones inform\u00e1ticas, gesti\u00f3n documental y digitalizaci\u00f3n de textos, edici\u00f3n y maquetaci\u00f3n de libros, revistas, flyers, etc.\",\"sameAs\":[\"http:\/\/chento.org\",\"https:\/\/www.facebook.com\/JavierChento\",\"https:\/\/x.com\/https:\/\/twitter.com\/javierchento\"],\"url\":\"http:\/\/vincentians.com\/es\/author\/chento\/\"}]}<\/script>\n<!-- \/ Yoast SEO plugin. -->","yoast_head_json":{"title":"San Vicente: el hombre - Somos Vicencianos","robots":{"index":"index","follow":"follow","max-snippet":"max-snippet:-1","max-image-preview":"max-image-preview:large","max-video-preview":"max-video-preview:-1"},"canonical":"http:\/\/vincentians.com\/es\/san-vicente-el-hombre\/","og_locale":"es_ES","og_type":"article","og_title":"San Vicente: el hombre - Somos Vicencianos","og_description":"Para conocer a San Vicente, es preciso referirse a los textos, supone un problema, pues antes de 1640 hay po\u00adcos y la inmensa mayor\u00eda de los mismos son de S. Vicente a la edad de ... Read More","og_url":"http:\/\/vincentians.com\/es\/san-vicente-el-hombre\/","og_site_name":"Somos Vicencianos","article_publisher":"https:\/\/www.facebook.com\/WeAreVincentians\/","article_author":"https:\/\/www.facebook.com\/JavierChento","article_published_time":"2018-06-12T03:11:29+00:00","og_image":[{"width":1200,"height":630,"url":"https:\/\/i0.wp.com\/vincentians.com\/es\/wp-content\/uploads\/sites\/11\/2016\/09\/sencillos-como-palomas.jpg?fit=1200%2C630","type":"image\/jpeg"}],"author":"Francisco Javier Fern\u00e1ndez Chento","twitter_card":"summary_large_image","twitter_creator":"@https:\/\/twitter.com\/javierchento","twitter_site":"@WeVincentians","twitter_misc":{"Escrito por":"Francisco Javier Fern\u00e1ndez Chento","Tiempo de lectura":"18 minutos"},"schema":{"@context":"https:\/\/schema.org","@graph":[{"@type":"Article","@id":"http:\/\/vincentians.com\/es\/san-vicente-el-hombre\/#article","isPartOf":{"@id":"http:\/\/vincentians.com\/es\/san-vicente-el-hombre\/"},"author":{"name":"Francisco Javier Fern\u00e1ndez Chento","@id":"https:\/\/vincentians.com\/es\/#\/schema\/person\/9623ef4d9aa3b2dfb8c061f1499288f2"},"headline":"San Vicente: el hombre","datePublished":"2018-06-12T03:11:29+00:00","mainEntityOfPage":{"@id":"http:\/\/vincentians.com\/es\/san-vicente-el-hombre\/"},"wordCount":3634,"commentCount":0,"publisher":{"@id":"https:\/\/vincentians.com\/es\/#organization"},"image":{"@id":"http:\/\/vincentians.com\/es\/san-vicente-el-hombre\/#primaryimage"},"thumbnailUrl":"https:\/\/i0.wp.com\/vincentians.com\/es\/wp-content\/uploads\/sites\/11\/2016\/09\/sencillos-como-palomas.jpg?fit=1200%2C630","keywords":["Berulle","Bons Enfants","Chatillon","Folleville","Lambert","Portail"],"articleSection":["Formaci\u00f3n Vicenciana"],"inLanguage":"es","potentialAction":[{"@type":"CommentAction","name":"Comment","target":["http:\/\/vincentians.com\/es\/san-vicente-el-hombre\/#respond"]}]},{"@type":"WebPage","@id":"http:\/\/vincentians.com\/es\/san-vicente-el-hombre\/","url":"http:\/\/vincentians.com\/es\/san-vicente-el-hombre\/","name":"San Vicente: el hombre - Somos Vicencianos","isPartOf":{"@id":"https:\/\/vincentians.com\/es\/#website"},"primaryImageOfPage":{"@id":"http:\/\/vincentians.com\/es\/san-vicente-el-hombre\/#primaryimage"},"image":{"@id":"http:\/\/vincentians.com\/es\/san-vicente-el-hombre\/#primaryimage"},"thumbnailUrl":"https:\/\/i0.wp.com\/vincentians.com\/es\/wp-content\/uploads\/sites\/11\/2016\/09\/sencillos-como-palomas.jpg?fit=1200%2C630","datePublished":"2018-06-12T03:11:29+00:00","breadcrumb":{"@id":"http:\/\/vincentians.com\/es\/san-vicente-el-hombre\/#breadcrumb"},"inLanguage":"es","potentialAction":[{"@type":"ReadAction","target":["http:\/\/vincentians.com\/es\/san-vicente-el-hombre\/"]}]},{"@type":"ImageObject","inLanguage":"es","@id":"http:\/\/vincentians.com\/es\/san-vicente-el-hombre\/#primaryimage","url":"https:\/\/i0.wp.com\/vincentians.com\/es\/wp-content\/uploads\/sites\/11\/2016\/09\/sencillos-como-palomas.jpg?fit=1200%2C630","contentUrl":"https:\/\/i0.wp.com\/vincentians.com\/es\/wp-content\/uploads\/sites\/11\/2016\/09\/sencillos-como-palomas.jpg?fit=1200%2C630","width":1200,"height":630},{"@type":"BreadcrumbList","@id":"http:\/\/vincentians.com\/es\/san-vicente-el-hombre\/#breadcrumb","itemListElement":[{"@type":"ListItem","position":1,"name":"Portada","item":"https:\/\/vincentians.com\/es\/"},{"@type":"ListItem","position":2,"name":"San Vicente: el hombre"}]},{"@type":"WebSite","@id":"https:\/\/vincentians.com\/es\/#website","url":"https:\/\/vincentians.com\/es\/","name":"Somos Vicencianos","description":"Know more to serve more","publisher":{"@id":"https:\/\/vincentians.com\/es\/#organization"},"potentialAction":[{"@type":"SearchAction","target":{"@type":"EntryPoint","urlTemplate":"https:\/\/vincentians.com\/es\/?s={search_term_string}"},"query-input":{"@type":"PropertyValueSpecification","valueRequired":true,"valueName":"search_term_string"}}],"inLanguage":"es"},{"@type":"Organization","@id":"https:\/\/vincentians.com\/es\/#organization","name":"The Vincentian Network","url":"https:\/\/vincentians.com\/es\/","logo":{"@type":"ImageObject","inLanguage":"es","@id":"https:\/\/vincentians.com\/es\/#\/schema\/logo\/image\/","url":"https:\/\/i1.wp.com\/vincentians.com\/es\/wp-content\/uploads\/sites\/11\/2016\/06\/Vincentian-Network-logo-big.png?fit=778%2C778","contentUrl":"https:\/\/i1.wp.com\/vincentians.com\/es\/wp-content\/uploads\/sites\/11\/2016\/06\/Vincentian-Network-logo-big.png?fit=778%2C778","width":778,"height":778,"caption":"The Vincentian Network"},"image":{"@id":"https:\/\/vincentians.com\/es\/#\/schema\/logo\/image\/"},"sameAs":["https:\/\/www.facebook.com\/WeAreVincentians\/","https:\/\/x.com\/WeVincentians"]},{"@type":"Person","@id":"https:\/\/vincentians.com\/es\/#\/schema\/person\/9623ef4d9aa3b2dfb8c061f1499288f2","name":"Francisco Javier Fern\u00e1ndez Chento","image":{"@type":"ImageObject","inLanguage":"es","@id":"https:\/\/vincentians.com\/es\/#\/schema\/person\/image\/","url":"https:\/\/secure.gravatar.com\/avatar\/497d5cde87b4c3d097d0315953521681ba2cd523ee66e5077c3711f7021e65de?s=96&d=mm&r=g","contentUrl":"https:\/\/secure.gravatar.com\/avatar\/497d5cde87b4c3d097d0315953521681ba2cd523ee66e5077c3711f7021e65de?s=96&d=mm&r=g","caption":"Francisco Javier Fern\u00e1ndez Chento"},"description":"Director General y cofundador de La Red de Formaci\u00f3n Vicenciana. Javier es laico vicenciano, afiliado a la Congregaci\u00f3n de la Misi\u00f3n y miembro del Equipo de Misiones Populares de la provincia can\u00f3nica de Zaragoza (Espa\u00f1a) de la Congregaci\u00f3n de la Misi\u00f3n. Graduado en la Universidad Oberta de Catalunya con cuatro grados (Asistente de direcci\u00f3n, Gesti\u00f3n Administrativa, Recursos Humanos y Contabilidad Avanzada). Bil\u00edng\u00fce Espa\u00f1ol\/Ingl\u00e9s. gestiona y mantiene varias p\u00e1ginas web cristianas y vicencianas, incluida including La Red de Formaci\u00f3n Vicenciana, de la que es cofundador. Actualmente es responsable del \u00e1rea de Espa\u00f1ol de .famvin, la Red de Noticias de la Familia Vicenciana. Tambi\u00e9n es m\u00fasico cat\u00f3lico y ha editado varios discos. Es Director General y cofundador de Trovador, una reconocida compa\u00f1\u00eda discogr\u00e1fica critiana de Espa\u00f1a. Trabaja en las Tecnolog\u00edas de la Informaci\u00f3n, ofreciendo servicios de alojamiento, dise\u00f1o y mantenimiento Web, as\u00ed como asesoramiento, formaci\u00f3n y soluciones inform\u00e1ticas, gesti\u00f3n documental y digitalizaci\u00f3n de textos, edici\u00f3n y maquetaci\u00f3n de libros, revistas, flyers, etc.","sameAs":["http:\/\/chento.org","https:\/\/www.facebook.com\/JavierChento","https:\/\/x.com\/https:\/\/twitter.com\/javierchento"],"url":"http:\/\/vincentians.com\/es\/author\/chento\/"}]}},"jetpack_publicize_connections":[],"jetpack_featured_media_url":"https:\/\/i0.wp.com\/vincentians.com\/es\/wp-content\/uploads\/sites\/11\/2016\/09\/sencillos-como-palomas.jpg?fit=1200%2C630","jetpack_sharing_enabled":true,"jetpack_shortlink":"https:\/\/wp.me\/p7ETMF-oVZ","jetpack-related-posts":[{"id":119421,"url":"http:\/\/vincentians.com\/es\/la-espiritualidad-de-san-vicente\/","url_meta":{"origin":95851,"position":0},"title":"La espiritualidad de san Vicente","author":"Francisco Javier Fern\u00e1ndez Chento","date":"25\/02\/2015","format":false,"excerpt":"Introducci\u00f3n En \"San Vicente y la Caridad\", Andr\u00e9 Dodin muestra bien la inutilidad de la empresa, que consistir\u00eda en intentar definir la doctrina espiritual de san Vicente, y demuestra que no pod\u00eda tratarse m\u00e1s que de una doctrina en una vida. Es pues, siguiendo la vida de san Vicente, analizando\u2026","rel":"","context":"En \u00abEspiritualidad vicenciana\u00bb","block_context":{"text":"Espiritualidad vicenciana","link":"http:\/\/vincentians.com\/es\/category\/espiritualidad\/espiritualidad-vicenciana\/"},"img":{"alt_text":"nddm_vincent1","src":"https:\/\/i0.wp.com\/vicencianos.org\/wp-content\/2011\/03\/nddm_vincent1-300x242.jpg?resize=350%2C200","width":350,"height":200},"classes":[]},{"id":118009,"url":"http:\/\/vincentians.com\/es\/el-p-andre-dodin-habla-sobre-actualidad-de-los-estudios-vicencianos-1965\/","url_meta":{"origin":95851,"position":1},"title":"El P. Andr\u00e9 Dodin habla sobre \u00abactualidad de los estudios vicencianos\u00bb (1965)","author":"Francisco Javier Fern\u00e1ndez Chento","date":"23\/08\/2021","format":false,"excerpt":"Del 10 al 13 de marzo el P. A. Dodin, de nuestra Casa de Pa\u00adr\u00eds, acompa\u00f1ado del P. Buhigas, de nuestra Casa de Dax, dio en nuestro Seminario de Salamanca un cursillo de cinco conferen\u00adcias sobre la persona, obra y espiritualidad de San Vicente y so\u00adbre la imagen que de\u2026","rel":"","context":"En \u00abFormaci\u00f3n Vicenciana\u00bb","block_context":{"text":"Formaci\u00f3n Vicenciana","link":"http:\/\/vincentians.com\/es\/category\/formacion-vicenciana\/"},"img":{"alt_text":"","src":"https:\/\/i0.wp.com\/vincentians.com\/es\/wp-content\/uploads\/sites\/11\/2019\/11\/hijas-caridaqd.jpg?fit=1200%2C675&resize=350%2C200","width":350,"height":200,"srcset":"https:\/\/i0.wp.com\/vincentians.com\/es\/wp-content\/uploads\/sites\/11\/2019\/11\/hijas-caridaqd.jpg?fit=1200%2C675&resize=350%2C200 1x, https:\/\/i0.wp.com\/vincentians.com\/es\/wp-content\/uploads\/sites\/11\/2019\/11\/hijas-caridaqd.jpg?fit=1200%2C675&resize=525%2C300 1.5x, https:\/\/i0.wp.com\/vincentians.com\/es\/wp-content\/uploads\/sites\/11\/2019\/11\/hijas-caridaqd.jpg?fit=1200%2C675&resize=700%2C400 2x, https:\/\/i0.wp.com\/vincentians.com\/es\/wp-content\/uploads\/sites\/11\/2019\/11\/hijas-caridaqd.jpg?fit=1200%2C675&resize=1050%2C600 3x"},"classes":[]},{"id":116230,"url":"http:\/\/vincentians.com\/es\/el-pobre-segun-san-vicente-2\/","url_meta":{"origin":95851,"position":2},"title":"El pobre seg\u00fan san Vicente","author":"Francisco Javier Fern\u00e1ndez Chento","date":"23\/05\/2015","format":false,"excerpt":"Podernos encontrar en San Vicente tres maneras de ver al pobre que a menudo se han confundido o m\u00e1s exactamente, uni\u00adficado. Una visi\u00f3n que es m\u00e1s bien de orden social. Una visi\u00f3n que es m\u00e1s bien de orden pastoral. Una visi\u00f3n que es m\u00e1s bien de miden m\u00edstico. 1. En\u2026","rel":"","context":"En \u00abFormaci\u00f3n Vicenciana\u00bb","block_context":{"text":"Formaci\u00f3n Vicenciana","link":"http:\/\/vincentians.com\/es\/category\/formacion-vicenciana\/"},"img":{"alt_text":"vicente_pobre","src":"https:\/\/i0.wp.com\/vicencianos.org\/wp-content\/2012\/09\/vicente_pobre-241x300.jpg?resize=350%2C200","width":350,"height":200},"classes":[]},{"id":116232,"url":"http:\/\/vincentians.com\/es\/la-fe-de-san-vicente\/","url_meta":{"origin":95851,"position":3},"title":"La Fe de san Vicente","author":"Francisco Javier Fern\u00e1ndez Chento","date":"14\/10\/2018","format":false,"excerpt":"I. San Vicente: un creyente Para abordar cualquier tema referente a San Vicente, el m\u00e9todo m\u00e1s seguro siempre es el de volver a la experiencia y al recorrido del Fundador. Por temperamento y por formaci\u00f3n, Vicente de Pa\u00fal fue siem\u00adpre un hombre que concedi\u00f3 gran importancia a la vida, al\u2026","rel":"","context":"En \u00abFormaci\u00f3n Vicenciana\u00bb","block_context":{"text":"Formaci\u00f3n Vicenciana","link":"http:\/\/vincentians.com\/es\/category\/formacion-vicenciana\/"},"img":{"alt_text":"","src":"","width":0,"height":0},"classes":[]},{"id":386892,"url":"http:\/\/vincentians.com\/es\/volver-a-jesus-para-evangelizar\/","url_meta":{"origin":95851,"position":4},"title":"Volver a Jes\u00fas para evangelizar","author":"Francisco Javier Fern\u00e1ndez Chento","date":"25\/01\/2016","format":false,"excerpt":"Me alegra inmensamente que la pr\u00f3xima Asamblea de la Congregaci\u00f3n de la Misi\u00f3n tenga como tema de reflexi\u00f3n y motivaci\u00f3n un asunto que tiene que ver con su identidad apost\u00f3lica: la Nueva Evangelizaci\u00f3n. Conviene, sin embargo, recordar que la evangelizaci\u00f3n tiene un gran supuesto: la contemplaci\u00f3n de Cristo enviado por\u2026","rel":"","context":"En \u00abFormaci\u00f3n Vicenciana\u00bb","block_context":{"text":"Formaci\u00f3n Vicenciana","link":"http:\/\/vincentians.com\/es\/category\/formacion-vicenciana\/"},"img":{"alt_text":"hora de evangelizar","src":"https:\/\/i0.wp.com\/vicencianos.org\/wp-content\/uploads\/2016\/01\/hora-de-evangelizar-300x283.jpg?resize=350%2C200","width":350,"height":200},"classes":[]},{"id":130675,"url":"http:\/\/vincentians.com\/es\/el-cristo-de-vicente-de-paul-i\/","url_meta":{"origin":95851,"position":5},"title":"El Cristo de Vicente de Pa\u00fal (I)","author":"Francisco Javier Fern\u00e1ndez Chento","date":"12\/06\/2014","format":false,"excerpt":"Caminemos con confianza por este camino real en el que Jesucristo ser\u00e1 nuestro mentor y nuestro gu\u00eda. (Abelly, BI, 248). En la producci\u00f3n teol\u00f3gica reciente existe una corriente s\u00f3lida que destaca la importancia de los santos como fuente de teolog\u00eda'. Esta corriente se\u00f1ala con fuerza que los santos liberan a\u2026","rel":"","context":"En \u00abFormaci\u00f3n Vicenciana\u00bb","block_context":{"text":"Formaci\u00f3n Vicenciana","link":"http:\/\/vincentians.com\/es\/category\/formacion-vicenciana\/"},"img":{"alt_text":"dibujo-diaconado","src":"https:\/\/i0.wp.com\/vicencianos.org\/wp-content\/2013\/11\/dibujo-diaconado.jpg?resize=350%2C200","width":350,"height":200},"classes":[]}],"_links":{"self":[{"href":"http:\/\/vincentians.com\/es\/wp-json\/wp\/v2\/posts\/95851","targetHints":{"allow":["GET"]}}],"collection":[{"href":"http:\/\/vincentians.com\/es\/wp-json\/wp\/v2\/posts"}],"about":[{"href":"http:\/\/vincentians.com\/es\/wp-json\/wp\/v2\/types\/post"}],"author":[{"embeddable":true,"href":"http:\/\/vincentians.com\/es\/wp-json\/wp\/v2\/users\/4"}],"replies":[{"embeddable":true,"href":"http:\/\/vincentians.com\/es\/wp-json\/wp\/v2\/comments?post=95851"}],"version-history":[{"count":1,"href":"http:\/\/vincentians.com\/es\/wp-json\/wp\/v2\/posts\/95851\/revisions"}],"predecessor-version":[{"id":401834,"href":"http:\/\/vincentians.com\/es\/wp-json\/wp\/v2\/posts\/95851\/revisions\/401834"}],"wp:featuredmedia":[{"embeddable":true,"href":"http:\/\/vincentians.com\/es\/wp-json\/wp\/v2\/media\/400011"}],"wp:attachment":[{"href":"http:\/\/vincentians.com\/es\/wp-json\/wp\/v2\/media?parent=95851"}],"wp:term":[{"taxonomy":"category","embeddable":true,"href":"http:\/\/vincentians.com\/es\/wp-json\/wp\/v2\/categories?post=95851"},{"taxonomy":"post_tag","embeddable":true,"href":"http:\/\/vincentians.com\/es\/wp-json\/wp\/v2\/tags?post=95851"}],"curies":[{"name":"wp","href":"https:\/\/api.w.org\/{rel}","templated":true}]}}