{"id":93271,"date":"2018-11-27T07:00:06","date_gmt":"2018-11-27T06:00:06","guid":{"rendered":"http:\/\/somos.vicencianos.org\/?p=93271"},"modified":"2018-11-05T09:40:07","modified_gmt":"2018-11-05T08:40:07","slug":"estatutos-generales-de-la-asociacion-medalla-milagrosa","status":"publish","type":"post","link":"http:\/\/vincentians.com\/es\/estatutos-generales-de-la-asociacion-medalla-milagrosa\/","title":{"rendered":"Estatutos generales de la Asociaci\u00f3n Medalla Milagrosa"},"content":{"rendered":"<p>Roma, 31 de mayo de 2010<br \/>\nFiesta de la Visitaci\u00f3n de la Virgen Mar\u00eda<\/p>\n<p><em>A todos los miembros de la Asociaci\u00f3n de la Medalla Milagrosa:<\/em><\/p>\n<p>\u00a1La gracia y la paz de Nuestro Se\u00f1or Jesucristo llenen sus corazones ahora y siempre!<\/p>\n<p>La Sant\u00edsima Virgen Mar\u00eda, en las apariciones a Santa Catalina Labour\u00e9 en 1830, regal\u00f3 a la Iglesia un mensaje evangelizador de esperanza, expresado en la Medalla que encarg\u00f3 difundir. Desde entonces, este deseo de la Sant\u00edsima Virgen se ha ido haciendo realidad y las distintas Congregaciones y Asociaciones, que hoy componen la Familia Vicenciana, han hecho de esta difusi\u00f3n uno de los elementos de su apostolado.<\/p>\n<p>La Asociaci\u00f3n de la Medalla Milagrosa, fundada en numerosos pa\u00edses y con personas de todas las razas y condiciones, ha venido realizando, con entusiasmo y generosidad, ese encargo de Mar\u00eda. La historia de la Asociaci\u00f3n es la expresi\u00f3n viva de tantos esfuerzos gozosos en dar a conocer la Medalla y difundirla, especialmente entre los que tienen un coraz\u00f3n pobre capaz de acoger la gracia del Se\u00f1or.<\/p>\n<p>A lo largo de todos estos a\u00f1os, hasta el presente, la Asociaci\u00f3n se ha ido regulando a trav\u00e9s de los Estatutos propios aprobados por la Santa Sede, tanto en 1909 como en 1998. Cada AMM elabor\u00f3 sus Estatutos nacionales a partir de los Generales, que, despu\u00e9s de haber sido aprobados por el Director General, se convirtieron en la pauta y gu\u00eda de todas sus actuaciones.<\/p>\n<p>En los \u00faltimos a\u00f1os se trat\u00f3 la conveniencia de hacer una adaptaci\u00f3n de todos los Estatutos a un mundo y a una Iglesia que han evolucionado de un modo r\u00e1pido. Nos urg\u00eda a ello el gran plan pastoral propuesto a toda la Iglesia por el querido Papa Juan Pablo II, en su documento: \u00abNovo Millennio Ineunte\u00bb. Todo esto llev\u00f3 al Consejo General de la AMM a elaborar un proyecto de nuevos Estatutos Generales, que se trabaj\u00f3 en las AMM Nacionales a lo largo de un a\u00f1o, para concluir con una amplia reflexi\u00f3n sobre el mismo en el Encuentro Internacional de la AMM, en Par\u00eds, en noviembre de 2009, y la redacci\u00f3n de un texto de Estatutos Generales que, a continuaci\u00f3n, se someti\u00f3 a la aprobaci\u00f3n de !a Santa Sede.<\/p>\n<p>El fruto de este trabajo son estos Estatutos Generales, aprobados por la Congregaci\u00f3n de Institutos de Vida Consagrada y Sociedades de Vida Apost\u00f3lica el 14 de abril de 2010.<\/p>\n<p>Os invito a que los recib\u00e1is con cari\u00f1o, como el camino que ahora nos propone la Iglesia de Jesucristo, en fidelidad al deseo de Mar\u00eda, a fin de que sinti\u00e9ndoos hijos de Dios y de Mar\u00eda, en el amor que une a todos los miembros de la AMM, se\u00e1is testigos del evangelio y servidores en el mundo concreto en el que viv\u00eds.<\/p>\n<p>Caminemos por esta senda todos los que pertenecemos a la AMM, de la mano de nuestra Madre Milagrosa, al encuentro de su Hijo, Jesucristo, nuestro Se\u00f1or.<\/p>\n<p>Su hermano en San Vicente<\/p>\n<p>G. Gregory Gay, C.M.<\/p>\n<p>Director General de la AMM<\/p>\n<p><em>(Traducido del italiano)<\/em><\/p>\n<h2><strong>Decreto<\/strong><\/h2>\n<p>La Asociaci\u00f3n de fieles de la Medalla Milagrosa, compuesta por fieles laicos, cl\u00e9rigos y miembros de Institutos de vida consagrada y Sociedades de vida apost\u00f3lica, fue aprobada y reconocida en toda la Iglesia, con finalidad y Estatutos propios, por Su Santidad el Papa S. P\u00edo X, mediante el Breve <em>Dilectus filius <\/em>del 8 de julio de 1909, vincul\u00e1ndola a la direcci\u00f3n del Superior General de la Congregaci\u00f3n de la Misi\u00f3n y de la Compa\u00f1\u00eda de las Hijas de la Caridad.<\/p>\n<p>Despu\u00e9s del Encuentro Internacional celebrado en el mes de noviembre del 2009, con ocasi\u00f3n de la conclusi\u00f3n del centenario de la primera aprobaci\u00f3n, visto el crecimiento y la difusi\u00f3n de la Asociaci\u00f3n en muchos pa\u00edses con diferentes expresiones culturales y religiosas, la autoridad competente de la Asociaci\u00f3n ha procedido a un cuidadoso trabajo de estudio y de revisi\u00f3n de los actuales Estatutos.<\/p>\n<p>El Superior General de la Congregaci\u00f3n de la Misi\u00f3n, con fecha 29 de marzo 2010, ha presentado a la Sede Apost\u00f3lica la petici\u00f3n de aprobaci\u00f3n de los Estatutos renovados.<\/p>\n<p>Esta Congregaci\u00f3n para los Institutos de vida consagrada y Sociedades de vida apost\u00f3lica, despu\u00e9s de un atento examen de la materia, con el presente Decreto.<\/p>\n<p align=\"center\"><strong><em>Aprueba<\/em><\/strong><\/p>\n<p>El nuevo texto de los Estatutos Generales de la Asociaci\u00f3n de la <em>Medalla<\/em><em> Milagrosa<\/em><em>, <\/em>seg\u00fan el ejemplar en lengua espa\u00f1ola conservado en sus archivos.<\/p>\n<p>No obstante cualquier disposici\u00f3n en contrario.<\/p>\n<p>Del Vaticano, 14 abril 2010.<\/p>\n<p>Franc Card. Rod\u00e9, C.M.<br \/>\nPrefecto<\/p>\n<p>Sr Enrica Rosanna, F.M.A.<br \/>\nSubsecretario<\/p>\n<h2><strong>I &#8211; Origen<\/strong><\/h2>\n<h3><strong>1. <\/strong><strong>Origen de la Asociaci\u00f3n<\/strong><\/h3>\n<p>La Asociaci\u00f3n Medalla Milagrosa es un vivo y perenne memorial de las apariciones de la Inmaculada Virgen Mar\u00eda en 1830. En esta aparici\u00f3n, la Virgen mostr\u00f3 un modelo de la medalla, que al ser acu\u00f1ada se extendi\u00f3 r\u00e1pidamente en muchos pa\u00edses. Fue el pueblo mismo quien la llam\u00f3 \u00abmilagrosa\u00bb debido a los innumerables favores que Dios conced\u00eda por medio de ella.<\/p>\n<p>La Asociaci\u00f3n naci\u00f3 para dar a conocer a la Virgen de la Medalla Milagrosa y transmitir el mensaje de la Medalla, como una catequesis de la Historia de la Salvaci\u00f3n, ofrecida por la misma Virgen Mar\u00eda, para aquellos que tienen un coraz\u00f3n abierto a su mensaje.<\/p>\n<h3><strong>2. Aprobaci\u00f3n Pontificia<\/strong><\/h3>\n<p>La Asociaci\u00f3n Medalla Milagrosa<span id='easy-footnote-1-93271' class='easy-footnote-margin-adjust'><\/span><span class='easy-footnote'><a href='http:\/\/vincentians.com\/es\/estatutos-generales-de-la-asociacion-medalla-milagrosa\/#easy-footnote-bottom-1-93271' title='En la aprobaci\u00f3n de 1998 se reconoce que el nombre popular es &lt;strong&gt;&lt;em&gt;Asociaci\u00f3n Medalla Milagrosa&lt;\/em&gt;&lt;\/strong&gt;, nombre que la Asociaci\u00f3n adopta como propio y \u00fanico a partir de ahora, dejando de utilizar otros. En estos Estatutos ya se usa de modo normal. La Asociaci\u00f3n Medalla Milagrosa re\u00fane en s\u00ed misma a las antiguas Asociaciones, con los nombres utilizados: \u00abAsociaci\u00f3n Novena de Oraciones en honor de la B. Virgen Mar\u00eda de la Sagrada Medalla\u00bb, la \u00abAsociaci\u00f3n de la Inmaculada Concepci\u00f3n de la Sagrada Medalla\u00bb, y otros que se hayan podido usar para nombrar a la misma Asociaci\u00f3n.'><sup>1<\/sup><\/a><\/span> fue aprobada y reconocida para toda la Iglesia, con Fines y Estatutos propios, por el Breve <em>Dilectus filius, <\/em>de P\u00edo X, del 8 de julio de 1909.<\/p>\n<p>La aprobaci\u00f3n de 1909 supuso vincular la Asociaci\u00f3n a la Direcci\u00f3n del Superior General de la Congregaci\u00f3n de la Misi\u00f3n y de la Compa\u00f1\u00eda de las Hijas de la Caridad. <strong>Los Estatutos han sido revisados y aprobados de nuevo por la Congregaci\u00f3n de Institutos de Vida Consagrada y<\/strong> Sociedades de Vida Apost\u00f3lica el 14 de abril 2010. (Prot N.P. 53-1\/98).<\/p>\n<h3><strong>3. La sede de la Asociaci\u00f3n. <\/strong><\/h3>\n<p>3.1. La sede religiosa Internacional y devocional es:<\/p>\n<p>Capilla de Nuestra Se\u00f1ora de la Medalla Milagrosa<br \/>\n140, rue du Bac<br \/>\n75340 Par\u00eds, Cedex 07 \u2013 Francia.<\/p>\n<p>3.2. La Sede can\u00f3nica es el lugar de residencia del Director General:<\/p>\n<p>Casa Generalizia<br \/>\nVia dei Capasso, 30<br \/>\n00164 Roma \u2013 Italia.<\/p>\n<p>3.3. La sede funcional es el lugar de residencia del Subdirector General.<\/p>\n<h2><strong>II &#8211; Naturaleza<\/strong><\/h2>\n<p>4. La Asociaci\u00f3n Medalla Milagrosa es una asociaci\u00f3n p\u00fablica de fieles internacional (cf. can 312 ss.), integrada por laicos, cl\u00e9rigos y miembros de institutos de vida consagrada y sociedades de vida apost\u00f3lica, que, llevando consigo la Medalla Milagrosa, la honran con una vida cristiana y apost\u00f3lica. Cada miembro seg\u00fan su estado de vida, buscan fomentar una vida m\u00e1s perfecta por medio de la difusi\u00f3n del mensaje que la Sant\u00edsima Virgen entreg\u00f3 a Santa Catalina Labour\u00e9 en 1830.<\/p>\n<p>5. Se caracteriza por tres notas:<\/p>\n<p><strong>5.1. Nota Eclesial:<\/strong><\/p>\n<p>5.1.1. Porque todos sus miembros, desde el bautismo, est\u00e1n llamados a participar de la misi\u00f3n salv\u00edfica de la Iglesia bajo la direcci\u00f3n de sus pastores.<\/p>\n<p>5.1.2. Porque el cumplimiento de sus Fines est\u00e1 ligado a la misi\u00f3n de la Iglesia.<\/p>\n<p>5.1.3. Porque ha sido aprobada y reconocida por la iglesia.<\/p>\n<p><strong>5.2. Nota Mariana:<\/strong><\/p>\n<p>5.2.1 Porque la misma naturaleza de la espiritualidad cristiana tiene presente la dimensi\u00f3n mariana.<\/p>\n<p>5.2.2. Porque la Asociaci\u00f3n nace a ra\u00edz de las apariciones de la Virgen Mar\u00eda a Santa Catalina Labour\u00e9 en 1830.<\/p>\n<p>5.2.3. Porque todos sus miembros se sienten llamados a conocer, vivir y difundir el mensaje de estas apariciones de 1830.<\/p>\n<p><strong>5.3. Nota Vicentina:<\/strong><\/p>\n<p>5.3.1. Porque la Asociaci\u00f3n nace en el interior de la Familia de San Vicente de Pa\u00fal y Santa Luisa de Marillac, cuyo carisma es el servicio y la evangelizaci\u00f3n de los pobres.<\/p>\n<p>5.3.2. Porque la direcci\u00f3n de la Asociaci\u00f3n ha sido confiada al Superior General de la Congregaci\u00f3n de la Misi\u00f3n y de la Compa\u00f1\u00eda de las Hijas de la Caridad.<\/p>\n<p>6. <strong>Insignia<\/strong><\/p>\n<p>La insignia de la Asociaci\u00f3n Medalla Milagrosa es la misma Medalla tal como aparece en el logotipo que se pone a continuaci\u00f3n:<\/p>\n<p style=\"text-align: center\"><em><a href=\"https:\/\/i0.wp.com\/vicencianos.org\/wp-content\/2010\/03\/amm.jpg\"><img data-recalc-dims=\"1\" loading=\"lazy\" decoding=\"async\" class=\"aligncenter\" title=\"amm\" src=\"https:\/\/i0.wp.com\/vicencianos.org\/wp-content\/2010\/03\/amm.jpg?resize=177%2C253\" alt=\"\" width=\"177\" height=\"253\" \/><\/a><\/em><\/p>\n<p>Esta insignia debe ser la misma en todos los pa\u00edses.<\/p>\n<h2>III <strong>&#8211; Del Fin y los Medios<\/strong><\/h2>\n<p><strong>7. La Asociaci\u00f3n tiene como finalidad:<\/strong><\/p>\n<p>7.1. El seguimiento de Jesucristo con la fuerza del Esp\u00edritu, a ejemplo de Mar\u00eda, disc\u00edpula y modelo de vida cristiana.<\/p>\n<p>7.2. Honrar y fomentar la devoci\u00f3n y el compromiso con la Virgen de la Medalla Milagrosa.<\/p>\n<p>7.3. Difundir la espiritualidad mariana a trav\u00e9s del mensaje de la Medalla Milagrosa.<\/p>\n<p>7.4. La santificaci\u00f3n a trav\u00e9s de la comuni\u00f3n, la vida espiritual y el apostolado.<\/p>\n<p>7.5. La Evangelizaci\u00f3n y el Servicio. La forma de ejercer este apostolado es m\u00faltiple. Tradicionalmente, la Asociaci\u00f3n Medalla Milagrosa, en muchos pa\u00edses, la hace con las familias, ya sea por medio de la Visita Domiciliaria o a trav\u00e9s de otros medios de difusi\u00f3n, como revistas, hojas de divulgaci\u00f3n, contactos personales o env\u00edos por correo. El servicio de Caridad se ejerce por medio de Proyectos en beneficio de los que viven en pobreza, y se realiza, ya sea en colaboraci\u00f3n con otras ramas de la Familia Vicenciana, o por medios propios. Cada Asociaci\u00f3n nacional de la Medalla Milagrosa programa la Evangelizaci\u00f3n y el Servicio del modo que cree m\u00e1s conveniente.<\/p>\n<p><strong>8<\/strong>. <strong>Medios<\/strong><\/p>\n<p>8.1. La vida de oraci\u00f3n personal y comunitaria, especialmente centrada en la Palabra de Dios.<\/p>\n<p>8.2. Vivir en aut\u00e9ntica comuni\u00f3n con los otros miembros de la Asociaci\u00f3n, expresada en la eucarist\u00eda.<\/p>\n<p>8.3. Conocer y actualizar el mensaje de las Apariciones que se concreta en los signos de la medalla.<\/p>\n<p>8.4. La formaci\u00f3n integral desde la participaci\u00f3n en la vida de los centros locales, especialmente encuentros, asambleas, talleres, cursos, retiros.<\/p>\n<p>8.5. Apostolado organizado de evangelizaci\u00f3n y de servicio a los pobres y a las familias. Este apostolado se realiza por medio de la visita domiciliaria, y\/u otros medios pastorales, como las nuevas tecnolog\u00edas.<\/p>\n<h2><strong>IV &#8211; Vida espiritual<\/strong><\/h2>\n<p>9. Los miembros de la Asociaci\u00f3n son conscientes de que una vida interior y comunitaria, s\u00f3lidamente construida y vivida, da fuerza y valor al testimonio que la Asociaci\u00f3n se propone vivir a trav\u00e9s de sus fines. Adem\u00e1s de todo lo que abarca vivir una vida cristiana, asumida con profundidad y gozo, la Asociaci\u00f3n trata de expresarse en unas virtudes que nacen de las notas propias:<\/p>\n<p>10. ORAR Y CONTEMPLAR. Invitados por Mar\u00eda (\u00abVenid al pie del altar\u2026\u00bb \u00abOh Mar\u00eda\u2026 ruega\u2026 que recurrimos\u2026\u00bb) los miembros de la Asociaci\u00f3n cuidan el encuentro con Dios en la oraci\u00f3n y contemplaci\u00f3n, tanto personal como comunitaria. La fuerza de esta actitud orante sostiene a toda la Asociaci\u00f3n y la capacita para salir al encuentro evangelizador de los dem\u00e1s seres humanos.<\/p>\n<p><em>Esto supone:<\/em> cuidar personal y comunitariamente el ejercicio de la oraci\u00f3n y contemplaci\u00f3n.<\/p>\n<p>11. VIVIR EN <strong>COMUNI\u00d3N <\/strong>de encuentro, en el Amor evang\u00e9lico, como tarea y gozo, a ejemplo de Mar\u00eda, reunida en el cen\u00e1culo con la Iglesia naciente. Esto da el ser a la Asociaci\u00f3n, la une, la invita a celebrarlo en la liturgia, especialmente en la eucarist\u00eda, y encuentros, y tambi\u00e9n la vincula a la Iglesia.<\/p>\n<p><em>Esto supone<\/em>: Esforzarse por tener un estilo de vida personal y comunitaria en Caridad que resulte significativa ante el mismo mundo (Jn 13,35; Hch 2,42-47; 4,32-35).<\/p>\n<p>Esta Comuni\u00f3n se expresa, desde la nota Eclesial, en el sentir con la misma Iglesia y participar comprometidamente en su vida y ministerios.<\/p>\n<p>12. <strong>\u2013 EVANGELIZAR<\/strong>: Ser portadores de vida, a ejemplo de Mar\u00eda, en el misterio de la Visitaci\u00f3n, reconociendo continuamente las maravillas del Se\u00f1or y cantando su alabanza porque \u00ablevanta del polvo al desvalido\u00bb.<\/p>\n<p><em>Esto supone<\/em>: Intentar vivir las actitudes de Mar\u00eda de Nazaret, respecto a Dios y a los dem\u00e1s, para anunciarles la buena nueva de Jesucristo.<\/p>\n<p>13. <strong>\u2013 SERVIR<\/strong>: Disponibilidad para SERVIR A CRISTO EN LOS POBRES, permaneciendo junto a ellos, como Mar\u00eda en casa de su pariente Isabel, y en el estilo caracter\u00edstico de toda vocaci\u00f3n vicenciana.<\/p>\n<p><em>Esto supone<\/em>: Vivir el esp\u00edritu contemplativo vicenciano que nos impulsa a expresar la caridad y realizar la justicia, corporal y espiritualmente, en el servicio a Jesucristo en los Pobres.<\/p>\n<p>14. La vida espiritual da forma a todas las expresiones de vida de la Asociaci\u00f3n, concretizadas en:<\/p>\n<ul>\n<li>La reflexi\u00f3n y la oraci\u00f3n<\/li>\n<li>La celebraci\u00f3n y el encuentro<\/li>\n<li>La evangelizaci\u00f3n y el servicio a los que son pobres.<\/li>\n<\/ul>\n<p>La Asociaci\u00f3n fomenta esta vida espiritual por medio de un Camino de vida propio, un texto que sirve de inspiraci\u00f3n o regla de vida para toda la AMM, y que considera como uno de los medios fundamentales para vivir en sencillez sus fines.<\/p>\n<p><strong>15. Indulgencias<\/strong><\/p>\n<p>Los miembros de la Asociaci\u00f3n Medalla Milagrosa gozan de las indulgencias concedidas a perpetuidad por el rescripto de la Penitenciar\u00eda Apost\u00f3lica dado el 27 de Octubre de 1995, y completadas en los Estatutos aprobados el 19 de febrero de 1998. (Prot. N. 53-1\/98) y en estos Estatutos:<\/p>\n<ul>\n<li>en el d\u00eda de la Inscripci\u00f3n en la Asociaci\u00f3n,<\/li>\n<li>en el aniversario de la instituci\u00f3n de la Asociaci\u00f3n (a nivel local, diocesano, nacional e internacional).<\/li>\n<li>en la fiesta de Santa Luisa de Marillac, 15 de marzo,<\/li>\n<li>en la fiesta de San Vicente de Pa\u00fal, 27 de setiembre,<\/li>\n<li>en el d\u00eda de la fiesta de Nuestra Se\u00f1ora de la Medalla Milagrosa, 27 de noviembre,<\/li>\n<li>en la fiesta de Santa Catalina Labour\u00e9, 28 de noviembre.<\/li>\n<\/ul>\n<p><strong>16. Fiesta Lit\u00fargica propia<\/strong><\/p>\n<p>La Fiesta principal de la Asociaci\u00f3n se celebra el 27 de Noviembre, en el que se recuerda la Manifestaci\u00f3n de la Virgen de la Medalla Milagrosa a Santa Catalina Labour\u00e9.<\/p>\n<p>La Asociaci\u00f3n recuerda dicha fiesta el 27 de cada mes, o el d\u00eda que cada Centro considere oportuno, con la celebraci\u00f3n de eucarist\u00edas o Jornadas Marianas.<\/p>\n<p>Adem\u00e1s, los miembros de la Asociaci\u00f3n participan con gozo, de modo especial, en todas las celebraciones marianas y vicencianas del calendario lit\u00fargico.<\/p>\n<h2><strong>V &#8211; Miembros<\/strong><\/h2>\n<p><strong>17. Miembros en general<\/strong><\/p>\n<p>\u00abTodos los fieles pueden pertenecer a esta Asociaci\u00f3n y participar de sus privilegios, con tal que lleven sobre su pecho pendiente del cuello la Sagrada Medalla, bendecida e impuesta\u2026 Los socios se complacen en repetir con frecuencia la invocaci\u00f3n: \u00ab\u00a1Oh Mar\u00eda, sin pecado concebida; ruega por nosotros, que recurrimos a ti !\u00bb.\u00bb (San P\u00edo X, Estatutos, arts. 5 y 7)<\/p>\n<p>Esto significa:<\/p>\n<ul>\n<li>haber aceptado conscientemente el mensaje de la Medalla,<\/li>\n<li>recibir la medalla bendecida, por medio de la imposici\u00f3n, como aceptaci\u00f3n plena de lo que significa,<\/li>\n<li>llevarla con nosotros, como un recordatorio continuo del mensaje, para vivirlo,<\/li>\n<li>invocar habitualmente a Mar\u00eda con la jaculatoria, para fomentar nuestra fidelidad a Ella.<\/li>\n<\/ul>\n<p>La Sagrada Medalla es un regalo para todos y quien la reciba y la lleve con devoci\u00f3n y confianza es considerado miembro de esta Asociaci\u00f3n.<\/p>\n<p><strong>18. Miembros comprometidos<\/strong><\/p>\n<p>Son miembros comprometidos, todas aquellas personas que, habiendo recibido una formaci\u00f3n b\u00e1sica, a tenor del art. 20, expresan su deseo de pertenecer a la Asociaci\u00f3n y aceptan trabajar para realizar los fines de la misma.<\/p>\n<p>Es necesario hacer este compromiso de un modo formal.<\/p>\n<p><strong>19. Derechos y Responsabilidades de los miembros comprometidos <\/strong><\/p>\n<p><strong>19.1 Derechos:<\/strong><\/p>\n<p>Gozar de todos los beneficios espirituales que la Iglesia concede a sus miembros y tener voz activa y pasiva en su participaci\u00f3n dentro de ella.<\/p>\n<p><strong>19.2 Responsabilidades:<\/strong><\/p>\n<p>Comprometerse a cumplir y hacer cumplir los Estatutos y participar activamente dentro de la Asociaci\u00f3n. Tomar parte en las actividades programadas para recibir formaci\u00f3n y en el apostolado propio.<\/p>\n<p><strong>20. Recepci\u00f3n de los miembros comprometidos<\/strong><\/p>\n<p>Para que una persona llegue a formar parte de la Asociaci\u00f3n, como miembro comprometido, se le pedir\u00e1:<\/p>\n<p>20.1 Llevar una formaci\u00f3n b\u00e1sica en cuanto a los principales elementos de la doctrina cristiana y la identidad de la Asociaci\u00f3n durante seis meses como m\u00ednimo. Cada Asociaci\u00f3n Nacional en sus Estatutos se\u00f1alar\u00e1 el ritmo y contenido de esta formaci\u00f3n.<\/p>\n<p>20.2. Expresar su prop\u00f3sito de sentirse unida, en esp\u00edritu de comuni\u00f3n cristiana, con todos los miembros de la Asociaci\u00f3n.<\/p>\n<p>20.3. Haber participado ya en el apostolado propio de la Asociaci\u00f3n.<\/p>\n<p>20.4. Manifestar por escrito, en lo posible, su deseo de pertenecer a la Asociaci\u00f3n e inscribirse en el Libro de socios de su Centro Local.<\/p>\n<h2><strong>VI &#8211; Gobierno<\/strong><\/h2>\n<p>21. El gobierno de la Asociaci\u00f3n se lleva a cabo en los niveles: General, Nacional, local, y, donde fuera conveniente, Regional<\/p>\n<p><strong>22. Nivel General<\/strong><\/p>\n<p><strong>22.1 Director General.<\/strong><\/p>\n<p>Esta Asociaci\u00f3n se rige por la autoridad de un Director General, que es el Superior General de la Congregaci\u00f3n de la Misi\u00f3n y de la Compa\u00f1\u00eda de las Hijas de la Caridad, tal y como fue establecido por la Santa Sede (Breve <em>Dilectus filius<\/em>, del 8 de julio de 1909).<\/p>\n<p><strong>22.1.1 Competencia del Director General<\/strong><\/p>\n<p>Compete al Director General:<\/p>\n<p>22.1.1.1. Gobernar y animar la Asociaci\u00f3n. Su autoridad nace de su oficio de Superior General de la Congregaci\u00f3n de la Misi\u00f3n y de la Compa\u00f1\u00eda de las Hijas de la Caridad, reconocida por P\u00edo X, de acuerdo con el Breve <em>Dilectus filius<\/em>. Y supone, seg\u00fan dicho texto, garant\u00eda de \u00abunidad\u00bb y \u00abperennidad\u00bb a la Asociaci\u00f3n.<\/p>\n<p>22.1.1.2. Representar a la Asociaci\u00f3n ante los organismos internacionales de la Iglesia y en todas las reuniones a las que sea convocado.<\/p>\n<p>22.1.1.3. Nombrar al Subdirector General que normalmente ser\u00e1 un miembro de la Congregaci\u00f3n de la Misi\u00f3n, aunque tambi\u00e9n podr\u00eda ser una Hija de la Caridad o cualquier otro miembro de la propia Asociaci\u00f3n Medalla Milagrosa.<\/p>\n<p>22.1.1.4. Nombrar, a petici\u00f3n del Visitador o Visitadores del pa\u00eds, y su Consejo, a los Directores Nacionales.<\/p>\n<p>22.1.1.5. Nombrar, a petici\u00f3n de la Visitadora o Visitadoras del pa\u00eds, y su Consejo, a las Hermanas Delegadas Nacionales.<\/p>\n<p>22.1.1.6. En los casos en que no se trate de un miembro de la Congregaci\u00f3n de la Misi\u00f3n o de una Hija de la Caridad, el nombramiento se har\u00e1 a petici\u00f3n del Subdirector General.<\/p>\n<p>22.1.1.7. Erigir las Asociaciones Nacionales con la aprobaci\u00f3n de sus Estatutos.<\/p>\n<p>22.1.1.8. Convocar, por s\u00ed o por su delegado, en caso excepcional, al Consejo General.<\/p>\n<p title=\"\">22.1.1.9. Remover a los miembros del Consejo General seg\u00fan las condiciones del canon 318, \u00a7 2.<span id='easy-footnote-2-93271' class='easy-footnote-margin-adjust'><\/span><span class='easy-footnote'><a href='http:\/\/vincentians.com\/es\/estatutos-generales-de-la-asociacion-medalla-milagrosa\/#easy-footnote-bottom-2-93271' title='Canon 318. \u00a7 2. Puede remover de su cargo al presidente de una asociaci\u00f3n p\u00fablica, con justa causa, la autoridad que lo nombr\u00f3 o confirm\u00f3, oyendo antes, sin embargo, a dicho presidente y a los &lt;strong&gt;oficiales mayores&lt;\/strong&gt; seg\u00fan los estatutos; conforme a la norma de los cc. 192-195, puede remover al capell\u00e1n aqu\u00e9l que le nombr\u00f3.'><sup>2<\/sup><\/a><\/span>\n<p><strong>22.2. Asamblea General <\/strong><\/p>\n<p>La Asamblea General trata de promover la participaci\u00f3n y comuni\u00f3n de cada miembro en la Asociaci\u00f3n. Se realizar\u00e1, al menos, cada seis a\u00f1os.<\/p>\n<p><strong>22.2.1 Participantes en la Asamblea General<\/strong><\/p>\n<p>Participan el Consejo General, y por cada Asociaci\u00f3n Nacional con Estatutos aprobados, su Director Nacional, la Hermana Delegada y dos laicos. Las Asociaciones Nacionales que a\u00fan no tienen sus Estatutos aprobados, podr\u00e1n enviar dos representantes, de los cuales uno es el Director Nacional o la Hermana Delegada, y el otro un laico.<\/p>\n<p>Todos los representantes en la Asamblea General tienen voz y voto.<\/p>\n<p><strong>22.2.2. Las tareas de la Asamblea General son:<\/strong><\/p>\n<p title=\"\">22.2.2.1. Elegir a tres miembros para el Consejo General, intentando que sean representativos de las regiones donde se encuentra establecida la Asociaci\u00f3n. Para las elecciones se tendr\u00e1n en cuenta las condiciones del canon 119.<span id='easy-footnote-3-93271' class='easy-footnote-margin-adjust'><\/span><span class='easy-footnote'><a href='http:\/\/vincentians.com\/es\/estatutos-generales-de-la-asociacion-medalla-milagrosa\/#easy-footnote-bottom-3-93271' title='Canon 119. Respecto a los actos colegiales, mientras el derecho o los estatutos no dispongan otra cosa:&lt;\/p&gt;\n&lt;p&gt;1. cuando se trata de elecciones, tiene valor jur\u00eddico aquello que, hall\u00e1ndose presente la mayor\u00eda de los que deben ser convocados, se aprueba por mayor\u00eda absoluta de los presentes; despu\u00e9s de dos escrutinios ineficaces, h\u00e1gase la votaci\u00f3n sobre los dos candidatos que hayan obtenido mayor n\u00famero de votos, o si son m\u00e1s, sobre los dos de m\u00e1s edad; despu\u00e9s del tercer escrutinio, si persiste el empate, queda elegido el de m\u00e1s edad;&lt;\/p&gt;\n&lt;p&gt;2. cuando se trate de otros asuntos, es jur\u00eddicamente v\u00e1lido lo que, hall\u00e1ndose presente la mayor parte de los que deben ser convocados, se aprueba por mayor\u00eda absoluta de los presentes; si despu\u00e9s de dos escrutinios persistiera la igualdad de votos, el presidente puede resolver el empate con su voto;&lt;\/p&gt;\n&lt;p&gt;3. mas lo que afecta a todos y a cada uno, debe ser aprobado por todos.'><sup>3<\/sup><\/a><\/span>\n<p>22.2.2.2. Proponer la revisi\u00f3n de Estatutos Generales. Cualquier cambio de Estatutos deber\u00e1 ser aprobado por 2\/3 de los miembros de la Asamblea, y tener la aprobaci\u00f3n del Director General. Estos cambios se presentar\u00e1n para su aprobaci\u00f3n a la Santa Sede.<\/p>\n<p>22.2.2.3. Estudiar la situaci\u00f3n de la Asociaci\u00f3n: espiritual, pastoral, econ\u00f3mica, etc., y proponer iniciativas para el futuro, en cualquiera de los campos en los que la Asociaci\u00f3n se exprese.<\/p>\n<p>22.2.2.4. Sugerir temas de formaci\u00f3n relacionados con el esp\u00edritu y desarrollo de la Asociaci\u00f3n.<\/p>\n<p>22.2.2.5. Aprobar los compromisos surgidos de la propia Asamblea.<\/p>\n<p>22.2.2.6. El Subdirector General presentar\u00e1 un informe sobre la marcha de la Asociaci\u00f3n desde la \u00faltima Asamblea General.<\/p>\n<p>22.2.2.7. Aprobar la cuota anual que las Asociaciones Nacionales abonar\u00e1n para el funcionamiento del Consejo General y del Secretariado General.<\/p>\n<p><strong>22.2.3 Toma de decisiones<\/strong><\/p>\n<p>Excepto en lo concerniente a la revisi\u00f3n de Estatutos, todas las dem\u00e1s decisiones son hechas de acuerdo con el c. 119: En lo referente a la elecci\u00f3n de personas, y en lo relacionado a otros asuntos.<\/p>\n<p><strong>22.3 Subdirector General<\/strong><\/p>\n<p>Normalmente el Subdirector General es un miembro de la Congregaci\u00f3n de la Misi\u00f3n, nombrado por el Director General para ayudarlo en el cumplimiento de sus funciones. Podr\u00eda ser tambi\u00e9n una Hija de la Caridad o cualquier otro miembro de la propia Asociaci\u00f3n Medalla Milagrosa.<\/p>\n<p><strong>22.3.1 Funciones<\/strong><\/p>\n<p>Su autoridad est\u00e1 delegada por el Director General como se describe a continuaci\u00f3n, y tambi\u00e9n en ocasiones marcadas puntualmente por el mismo Director General. Las principales funciones del Subdirector Internacional son las siguientes:<\/p>\n<p>22.3.1.1.<\/p>\n<ul>\n<li>Animar y orientar a los Consejos Nacionales, para que promuevan el cumplimiento de los fines de la Asociaci\u00f3n.<\/li>\n<li>Promover la fundaci\u00f3n de la Asociaci\u00f3n en aquellos pa\u00edses en los que a\u00fan no existe la Asociaci\u00f3n.<\/li>\n<li>Examinar los Estatutos Nacionales de la Asociaci\u00f3n haciendo pertinentes observaciones a ellos de acuerdo con los Estatutos Generales, y presentarlos al Director General para su aprobaci\u00f3n.<\/li>\n<li>Dar su opini\u00f3n al Director General sobre el nombramiento del Director Nacional, as\u00ed como el nombramiento de la Hija de la Caridad como Delegada Nacional.<\/li>\n<li>Ofrecer materiales de formaci\u00f3n para la Asociaci\u00f3n en los diversos pa\u00edses. Dar criterios para la elaboraci\u00f3n de otros nuevos, en concordancia con las recomendaciones de los documentos finales de los Encuentros Internacionales de la AMM.<\/li>\n<li>Presentar al Director General al menos una vez al a\u00f1o un informe sobre el caminar de la Asociaci\u00f3n en el mundo.<\/li>\n<li>Convocar y preparar una reuni\u00f3n de dos d\u00edas y al menos una vez al a\u00f1o, en la cual pueda encontrarse el Consejo General con el Director General. En dicha reuni\u00f3n se evaluar\u00e1n y se planear\u00e1n las actividades del Consejo para llevar a cabo la animaci\u00f3n y difusi\u00f3n de la Asociaci\u00f3n en los pa\u00edses.<\/li>\n<li>Animar a los pa\u00edses a estudiar los Documentos Finales de los Encuentros y a elaborar compromisos o l\u00edneas de acci\u00f3n de acuerdo a las propias necesidades y valores culturales.<\/li>\n<li>Mantener comunicaci\u00f3n con los Directores Nacionales de la Asociaci\u00f3n, ofreci\u00e9ndoles informaci\u00f3n y materiales de formaci\u00f3n para que realicen una efectiva animaci\u00f3n y acompa\u00f1amientos a los Consejos Nacionales y grupos locales.<\/li>\n<li>Supervisar la p\u00e1gina Web de la AMM Internacional como medio de informaci\u00f3n y formaci\u00f3n.<\/li>\n<\/ul>\n<p><strong>22.3.2 Duraci\u00f3n en el cargo<\/strong><\/p>\n<p>La duraci\u00f3n del mandato del Subdirector General se deja a la decisi\u00f3n del Superior General, tal y como se indique por escrito en el momento del nombramiento, y no ser\u00e1 superior a seis a\u00f1os, aunque podr\u00e1 ser nombrado para un segundo mandato de tres a\u00f1os no renovable.<\/p>\n<p><strong>22.4. El Consejo General<\/strong><\/p>\n<p><strong>22.4.1 Miembros<\/strong><\/p>\n<p>Adem\u00e1s de los miembros elegidos por la Asamblea, forman parte del Consejo General: el Director General, el Subdirector General y una Consejera General de las Hijas de la Caridad, el secretario(a) ejecutivo y el tesorero(a). Ellos son los \u00abResponsable mayores\u00bb (Cf. Canon 318 \u00a7 2) de la Asociaci\u00f3n.<\/p>\n<p><strong>22.4.2 Reuniones<\/strong><\/p>\n<p>El Consejo General se reunir\u00e1, al menos, una vez al a\u00f1o. Esta reuni\u00f3n es convocada y presidida por el Director General o el Subdirector General, o la persona a quien designe el Director General. Conviene que haya comunicaci\u00f3n entre ellos a lo largo del a\u00f1o.<\/p>\n<p><strong>22.4.3 Funciones<\/strong><\/p>\n<ul>\n<li>Proponer temas de reflexi\u00f3n sobre aspectos importantes de la vida y actividad de la Asociaci\u00f3n.<\/li>\n<li>Asegurar la animaci\u00f3n, una buena comunicaci\u00f3n y el apoyo con y entre las Asociaciones a nivel Internacional o Nacional a trav\u00e9s de correspondencia, visitas y otros medios posibles.<\/li>\n<li>Evaluar los compromisos aprobados por la Asamblea General o en encuentros internacionales y llevar a cabo los acuerdos tomados.<\/li>\n<li>Preparar la Asamblea General y los Encuentros internacionales.<\/li>\n<li>Estudiar y aprobar el presupuesto y el balance final del a\u00f1o, presentados por el tesorero.<\/li>\n<li>Velar por el cumplimiento de los Estatutos Generales.<\/li>\n<li>Designar a los liquidadores de bienes, en caso de disoluci\u00f3n de la Asociaci\u00f3n, seg\u00fan las normas que establecer\u00e1 el mismo Consejo General.<\/li>\n<\/ul>\n<p><strong>22.4.4 Duraci\u00f3n de los cargos:<\/strong><\/p>\n<p>Los tres miembros elegidos en la Asamblea General ejercer\u00e1n su oficio hasta la Asamblea siguiente, y podr\u00e1n ser reelegidos para un segundo mandato solamente.<\/p>\n<p><strong>22.5 Secretariado General <\/strong><\/p>\n<p><strong>22.5.1 Constituci\u00f3n<\/strong><\/p>\n<p>Estar\u00e1 constituido por el Subdirector General, un\/a secretario\/a ejecutivo\/a y el\/la tesorero\/a generales, los que son nombrados por el Director General, despu\u00e9s de consultar el Consejo General de la Asociaci\u00f3n, y los respectivos Visitadores y Visitadoras, si son miembros de la Congregaci\u00f3n de la Misi\u00f3n o de las Hijas de la Caridad. Tambi\u00e9n pueden ser miembros laicos de la Asociaci\u00f3n.<\/p>\n<p><strong>22.5.2 Funciones del Secretariado General <\/strong><\/p>\n<ul>\n<li>Promover la vitalidad de la Asociaci\u00f3n a trav\u00e9s de la ejecuci\u00f3n de las acciones propuestas por el Consejo General.<\/li>\n<li>Favorecer medios de uni\u00f3n entre las Asociaciones nacionales.<\/li>\n<li>Informar sobre la vida de la Asociaci\u00f3n.<\/li>\n<li>Recibir las notificaciones de nombramientos en el \u00e1mbito nacional, as\u00ed como las de la creaci\u00f3n de nuevas Asociaciones.<\/li>\n<li>Organizar y llevar a cabo en el \u00e1mbito internacional los encuentros y otras iniciativas que el Director General o el Consejo General juzguen convenientes para promover espiritual y apost\u00f3licamente la vida de la Asociaci\u00f3n.<\/li>\n<li>Mantener al d\u00eda los archivos de la Asociaci\u00f3n.<\/li>\n<li>Presentar al Consejo General un presupuesto provisional al inicio del a\u00f1o y un balance al final del mismo.<\/li>\n<\/ul>\n<p><strong>22.5.3 Duraci\u00f3n en el cargo.<\/strong><\/p>\n<p>La duraci\u00f3n del mandato del Secretario y Tesorero Generales se deja a la decisi\u00f3n del Director General, y no ser\u00e1 superior a seis a\u00f1os, aunque podr\u00e1 ser nombrado para un segundo mandato de tres a\u00f1os no renovable.<\/p>\n<p><strong>23. Nivel Nacional<\/strong><\/p>\n<p>23.1. Para erigir una Asociaci\u00f3n Nacional se requiere la aprobaci\u00f3n de sus Estatutos por el Director General.<\/p>\n<p>23.2. En los Estatutos Nacionales se establecen las normas particulares que se consideran convenientes en la propia naci\u00f3n sobre la formaci\u00f3n y la organizaci\u00f3n de los miembros, derechos y obligaciones de los mismos y el trabajo apost\u00f3lico que la Asociaci\u00f3n se propone realizar. Tambi\u00e9n deben se\u00f1alar la manera de formar una Asociaci\u00f3n local, la organizaci\u00f3n de los cargos y la elaboraci\u00f3n de proyectos de trabajo nacional y local.<\/p>\n<p>23.3. La AMM tendr\u00e1 un Consejo Nacional definido en los Estatutos Nacionales y aprobado por el Director General.<\/p>\n<p>23.4. La funci\u00f3n del Director Nacional es representar al Director General, seg\u00fan las atribuciones se\u00f1aladas en los Estatutos Nacionales.<\/p>\n<p>23.5 El Director Nacional informar\u00e1 al Director General, con copia al Subdirector General, sobre la marcha de la Asociaci\u00f3n en el pa\u00eds. Esto lo har\u00e1 al menos una vez al a\u00f1o.<\/p>\n<p><strong>24. Nivel Local<\/strong><\/p>\n<p>24.1. Los grupos o centros locales, con sus actividades, son la verdadera vida de la Asociaci\u00f3n.<\/p>\n<p>24.2. Para comenzar un nuevo grupo de la Asociaci\u00f3n, es necesaria la aprobaci\u00f3n del Consejo Nacional y el consentimiento por escrito de la autoridad eclesi\u00e1stica competente, en virtud del derecho com\u00fan y del propio.<\/p>\n<p>25. Tanto el Consejo General como el Consejo Nacional y local est\u00e1n al servicio de la Asociaci\u00f3n y de los miembros en general.<\/p>\n<h2><strong>VII &#8211; Finanzas<\/strong><\/h2>\n<p>26. La Asociaci\u00f3n Medalla Milagrosa no tiene car\u00e1cter lucrativo. Sus miembros son conscientes de que los bienes se administran como patrimonio de los Pobres, y han de estar al servicio de la Asociaci\u00f3n y sus fines apost\u00f3licos, seg\u00fan lo establezcan los Estatutos.<\/p>\n<p>26.1 Tanto el Consejo General, como los Consejos Nacionales y los Centros Locales nombrar\u00e1n un Tesorero que se encargue de administrar los bienes de la Asociaci\u00f3n seg\u00fan los fines de la misma y bajo la direcci\u00f3n de los Consejos respectivos.<\/p>\n<p>26.2. Estos tesoreros deben dar cuenta peri\u00f3dicamente de su administraci\u00f3n a los responsables del Consejo. En el Consejo General se ha de dar cuenta una vez al a\u00f1o.<\/p>\n<p>En los otros Consejos, seg\u00fan lo especifiquen los Estatutos Nacionales.<\/p>\n<p>26.3 Los tesoreros, en los distintos niveles, tendr\u00e1n hecho un inventario de bienes, que se actualizar\u00e1 cada a\u00f1o.<\/p>\n<p>26.4. Para el funcionamiento del Consejo General y del Secretariado General, la Asociaci\u00f3n en cada pa\u00eds abonar\u00e1 una cuota anual fijada en Asamblea General. Donar\u00e1 adem\u00e1s una aportaci\u00f3n solidaria y razonable anualmente para los gastos y proyectos del Consejo General.<\/p>\n<h2><strong>VIII &#8211; Disoluci\u00f3n de la Asociaci\u00f3n<\/strong><\/h2>\n<p>27. El Director General, podr\u00e1 pedir a la Santa Sede la disoluci\u00f3n de la Asociaci\u00f3n por causa justificada.<\/p>\n<p>27.1. El Consejo General har\u00e1 las liquidaciones correspondientes.<\/p>\n<p>27.2. Los bienes que resten, una vez saldadas las deudas, se emplear\u00e1n en favor de los pobres designados por el Director General.<\/p>\n<p>27.3. Este art\u00edculo 27 ser\u00e1 recogido en los Estatutos Nacionales, para su aplicaci\u00f3n adecuada en el caso de Disoluci\u00f3n de la Asociaci\u00f3n Nacional y\/o Local.<\/p>\n<h2><strong>IX <\/strong><strong>\u2013 Observaci\u00f3n y exhortaci\u00f3n final<\/strong><\/h2>\n<p>28. Para todo aquello que no est\u00e9 expresamente indicado en los presentes Estatutos de la Asociaci\u00f3n se regir\u00e1 por lo prescrito en el derecho universal de la Iglesia en materia de asociaci\u00f3n de fieles.<\/p>\n<p>29. Los miembros, conscientes de que Mar\u00eda, <em>\u00abasunta a los cielos,&#8230; no abandon\u00f3 su misi\u00f3n salvadora, sino que con su m\u00faltiple intercesi\u00f3n contin\u00faa procur\u00e1ndonos los dones de la salvaci\u00f3n eterna\u00bb (Lumen Gentium, 62), <\/em>procuran repetir con frecuencia las palabras que aparecen en la medalla, \u00abOh Mar\u00eda, sin pecado concebida, ruega por nosotros que recurrimos a ti\u00bb. Sin embargo, deben recordar que <em>la verdadera devoci\u00f3n no consiste ni en un sentimiento pasajero y sin frutos ni en una credulidad vac\u00eda. Al contrar\u00edo, procede de la fe, que nos lleva a reconocer la grandeza de la Madre de Dios y nos anima a amar como hijos a nuestra Madre y a imitar sus virtudes\u00bb (Lumen Gentium, 67).<\/em><\/p>\n","protected":false},"excerpt":{"rendered":"<p>Roma, 31 de mayo de 2010 Fiesta de la Visitaci\u00f3n de la Virgen Mar\u00eda A todos los miembros de la Asociaci\u00f3n de la Medalla Milagrosa: \u00a1La gracia y la paz de Nuestro Se\u00f1or Jesucristo llenen &#8230; <a href=\"http:\/\/vincentians.com\/es\/estatutos-generales-de-la-asociacion-medalla-milagrosa\/\" class=\"more-link\">Read More<\/a><\/p>\n","protected":false},"author":4,"featured_media":400154,"comment_status":"open","ping_status":"open","sticky":false,"template":"","format":"standard","meta":{"jetpack_post_was_ever_published":false,"_jetpack_newsletter_access":"","_jetpack_dont_email_post_to_subs":false,"_jetpack_newsletter_tier_id":0,"_jetpack_memberships_contains_paywalled_content":false,"_jetpack_memberships_contains_paid_content":false,"footnotes":"","jetpack_publicize_message":"","jetpack_publicize_feature_enabled":true,"jetpack_social_post_already_shared":true,"jetpack_social_options":{"image_generator_settings":{"template":"highway","default_image_id":0,"font":"","enabled":false},"version":2}},"categories":[368],"tags":[172,190],"class_list":["post-93271","post","type-post","status-publish","format-standard","has-post-thumbnail","hentry","category-documentos-de-la-asociacion-de-la-medalla-milagrosa","tag-pobreza","tag-rue-du-bac"],"yoast_head":"<!-- This site is optimized with the Yoast SEO plugin v26.3 - https:\/\/yoast.com\/wordpress\/plugins\/seo\/ -->\n<title>Estatutos generales de la Asociaci\u00f3n Medalla Milagrosa - Somos Vicencianos<\/title>\n<meta name=\"robots\" content=\"index, follow, max-snippet:-1, max-image-preview:large, max-video-preview:-1\" \/>\n<link rel=\"canonical\" href=\"http:\/\/vincentians.com\/es\/estatutos-generales-de-la-asociacion-medalla-milagrosa\/\" \/>\n<meta property=\"og:locale\" content=\"es_ES\" \/>\n<meta property=\"og:type\" content=\"article\" \/>\n<meta property=\"og:title\" content=\"Estatutos generales de la Asociaci\u00f3n Medalla Milagrosa - Somos Vicencianos\" \/>\n<meta property=\"og:description\" content=\"Roma, 31 de mayo de 2010 Fiesta de la Visitaci\u00f3n de la Virgen Mar\u00eda A todos los miembros de la Asociaci\u00f3n de la Medalla Milagrosa: \u00a1La gracia y la paz de Nuestro Se\u00f1or Jesucristo llenen ... Read More\" \/>\n<meta property=\"og:url\" content=\"http:\/\/vincentians.com\/es\/estatutos-generales-de-la-asociacion-medalla-milagrosa\/\" \/>\n<meta property=\"og:site_name\" content=\"Somos Vicencianos\" \/>\n<meta property=\"article:publisher\" content=\"https:\/\/www.facebook.com\/WeAreVincentians\/\" \/>\n<meta property=\"article:author\" content=\"https:\/\/www.facebook.com\/JavierChento\" \/>\n<meta property=\"article:published_time\" content=\"2018-11-27T06:00:06+00:00\" \/>\n<meta property=\"og:image\" content=\"https:\/\/i0.wp.com\/vincentians.com\/es\/wp-content\/uploads\/sites\/11\/2016\/10\/LOGO-AMM.jpg?fit=140%2C146\" \/>\n\t<meta property=\"og:image:width\" content=\"140\" \/>\n\t<meta property=\"og:image:height\" content=\"146\" \/>\n\t<meta property=\"og:image:type\" content=\"image\/jpeg\" \/>\n<meta name=\"author\" content=\"Francisco Javier Fern\u00e1ndez Chento\" \/>\n<meta name=\"twitter:card\" content=\"summary_large_image\" \/>\n<meta name=\"twitter:creator\" content=\"@https:\/\/twitter.com\/javierchento\" \/>\n<meta name=\"twitter:site\" content=\"@WeVincentians\" \/>\n<meta name=\"twitter:label1\" content=\"Escrito por\" \/>\n\t<meta name=\"twitter:data1\" content=\"Francisco Javier Fern\u00e1ndez Chento\" \/>\n\t<meta name=\"twitter:label2\" content=\"Tiempo de lectura\" \/>\n\t<meta name=\"twitter:data2\" content=\"27 minutos\" \/>\n<script type=\"application\/ld+json\" class=\"yoast-schema-graph\">{\"@context\":\"https:\/\/schema.org\",\"@graph\":[{\"@type\":\"Article\",\"@id\":\"http:\/\/vincentians.com\/es\/estatutos-generales-de-la-asociacion-medalla-milagrosa\/#article\",\"isPartOf\":{\"@id\":\"http:\/\/vincentians.com\/es\/estatutos-generales-de-la-asociacion-medalla-milagrosa\/\"},\"author\":{\"name\":\"Francisco Javier Fern\u00e1ndez Chento\",\"@id\":\"http:\/\/vincentians.com\/es\/#\/schema\/person\/9623ef4d9aa3b2dfb8c061f1499288f2\"},\"headline\":\"Estatutos generales de la Asociaci\u00f3n Medalla Milagrosa\",\"datePublished\":\"2018-11-27T06:00:06+00:00\",\"mainEntityOfPage\":{\"@id\":\"http:\/\/vincentians.com\/es\/estatutos-generales-de-la-asociacion-medalla-milagrosa\/\"},\"wordCount\":5407,\"commentCount\":3,\"publisher\":{\"@id\":\"http:\/\/vincentians.com\/es\/#organization\"},\"image\":{\"@id\":\"http:\/\/vincentians.com\/es\/estatutos-generales-de-la-asociacion-medalla-milagrosa\/#primaryimage\"},\"thumbnailUrl\":\"https:\/\/i0.wp.com\/vincentians.com\/es\/wp-content\/uploads\/sites\/11\/2016\/10\/LOGO-AMM.jpg?fit=140%2C146\",\"keywords\":[\"Pobreza\",\"Rue du Bac\"],\"articleSection\":[\"Documentos de la Asociaci\u00f3n de la Medalla Milagrosa\"],\"inLanguage\":\"es\",\"potentialAction\":[{\"@type\":\"CommentAction\",\"name\":\"Comment\",\"target\":[\"http:\/\/vincentians.com\/es\/estatutos-generales-de-la-asociacion-medalla-milagrosa\/#respond\"]}]},{\"@type\":\"WebPage\",\"@id\":\"http:\/\/vincentians.com\/es\/estatutos-generales-de-la-asociacion-medalla-milagrosa\/\",\"url\":\"http:\/\/vincentians.com\/es\/estatutos-generales-de-la-asociacion-medalla-milagrosa\/\",\"name\":\"Estatutos generales de la Asociaci\u00f3n Medalla Milagrosa - Somos Vicencianos\",\"isPartOf\":{\"@id\":\"http:\/\/vincentians.com\/es\/#website\"},\"primaryImageOfPage\":{\"@id\":\"http:\/\/vincentians.com\/es\/estatutos-generales-de-la-asociacion-medalla-milagrosa\/#primaryimage\"},\"image\":{\"@id\":\"http:\/\/vincentians.com\/es\/estatutos-generales-de-la-asociacion-medalla-milagrosa\/#primaryimage\"},\"thumbnailUrl\":\"https:\/\/i0.wp.com\/vincentians.com\/es\/wp-content\/uploads\/sites\/11\/2016\/10\/LOGO-AMM.jpg?fit=140%2C146\",\"datePublished\":\"2018-11-27T06:00:06+00:00\",\"breadcrumb\":{\"@id\":\"http:\/\/vincentians.com\/es\/estatutos-generales-de-la-asociacion-medalla-milagrosa\/#breadcrumb\"},\"inLanguage\":\"es\",\"potentialAction\":[{\"@type\":\"ReadAction\",\"target\":[\"http:\/\/vincentians.com\/es\/estatutos-generales-de-la-asociacion-medalla-milagrosa\/\"]}]},{\"@type\":\"ImageObject\",\"inLanguage\":\"es\",\"@id\":\"http:\/\/vincentians.com\/es\/estatutos-generales-de-la-asociacion-medalla-milagrosa\/#primaryimage\",\"url\":\"https:\/\/i0.wp.com\/vincentians.com\/es\/wp-content\/uploads\/sites\/11\/2016\/10\/LOGO-AMM.jpg?fit=140%2C146\",\"contentUrl\":\"https:\/\/i0.wp.com\/vincentians.com\/es\/wp-content\/uploads\/sites\/11\/2016\/10\/LOGO-AMM.jpg?fit=140%2C146\",\"width\":140,\"height\":146},{\"@type\":\"BreadcrumbList\",\"@id\":\"http:\/\/vincentians.com\/es\/estatutos-generales-de-la-asociacion-medalla-milagrosa\/#breadcrumb\",\"itemListElement\":[{\"@type\":\"ListItem\",\"position\":1,\"name\":\"Portada\",\"item\":\"http:\/\/vincentians.com\/es\/\"},{\"@type\":\"ListItem\",\"position\":2,\"name\":\"Estatutos generales de la Asociaci\u00f3n Medalla Milagrosa\"}]},{\"@type\":\"WebSite\",\"@id\":\"http:\/\/vincentians.com\/es\/#website\",\"url\":\"http:\/\/vincentians.com\/es\/\",\"name\":\"Somos Vicencianos\",\"description\":\"Know more to serve more\",\"publisher\":{\"@id\":\"http:\/\/vincentians.com\/es\/#organization\"},\"potentialAction\":[{\"@type\":\"SearchAction\",\"target\":{\"@type\":\"EntryPoint\",\"urlTemplate\":\"http:\/\/vincentians.com\/es\/?s={search_term_string}\"},\"query-input\":{\"@type\":\"PropertyValueSpecification\",\"valueRequired\":true,\"valueName\":\"search_term_string\"}}],\"inLanguage\":\"es\"},{\"@type\":\"Organization\",\"@id\":\"http:\/\/vincentians.com\/es\/#organization\",\"name\":\"The Vincentian Network\",\"url\":\"http:\/\/vincentians.com\/es\/\",\"logo\":{\"@type\":\"ImageObject\",\"inLanguage\":\"es\",\"@id\":\"http:\/\/vincentians.com\/es\/#\/schema\/logo\/image\/\",\"url\":\"https:\/\/i1.wp.com\/vincentians.com\/es\/wp-content\/uploads\/sites\/11\/2016\/06\/Vincentian-Network-logo-big.png?fit=778%2C778\",\"contentUrl\":\"https:\/\/i1.wp.com\/vincentians.com\/es\/wp-content\/uploads\/sites\/11\/2016\/06\/Vincentian-Network-logo-big.png?fit=778%2C778\",\"width\":778,\"height\":778,\"caption\":\"The Vincentian Network\"},\"image\":{\"@id\":\"http:\/\/vincentians.com\/es\/#\/schema\/logo\/image\/\"},\"sameAs\":[\"https:\/\/www.facebook.com\/WeAreVincentians\/\",\"https:\/\/x.com\/WeVincentians\"]},{\"@type\":\"Person\",\"@id\":\"http:\/\/vincentians.com\/es\/#\/schema\/person\/9623ef4d9aa3b2dfb8c061f1499288f2\",\"name\":\"Francisco Javier Fern\u00e1ndez Chento\",\"image\":{\"@type\":\"ImageObject\",\"inLanguage\":\"es\",\"@id\":\"http:\/\/vincentians.com\/es\/#\/schema\/person\/image\/\",\"url\":\"https:\/\/secure.gravatar.com\/avatar\/497d5cde87b4c3d097d0315953521681ba2cd523ee66e5077c3711f7021e65de?s=96&d=mm&r=g\",\"contentUrl\":\"https:\/\/secure.gravatar.com\/avatar\/497d5cde87b4c3d097d0315953521681ba2cd523ee66e5077c3711f7021e65de?s=96&d=mm&r=g\",\"caption\":\"Francisco Javier Fern\u00e1ndez Chento\"},\"description\":\"Director General y cofundador de La Red de Formaci\u00f3n Vicenciana. Javier es laico vicenciano, afiliado a la Congregaci\u00f3n de la Misi\u00f3n y miembro del Equipo de Misiones Populares de la provincia can\u00f3nica de Zaragoza (Espa\u00f1a) de la Congregaci\u00f3n de la Misi\u00f3n. Graduado en la Universidad Oberta de Catalunya con cuatro grados (Asistente de direcci\u00f3n, Gesti\u00f3n Administrativa, Recursos Humanos y Contabilidad Avanzada). Bil\u00edng\u00fce Espa\u00f1ol\/Ingl\u00e9s. gestiona y mantiene varias p\u00e1ginas web cristianas y vicencianas, incluida including La Red de Formaci\u00f3n Vicenciana, de la que es cofundador. Actualmente es responsable del \u00e1rea de Espa\u00f1ol de .famvin, la Red de Noticias de la Familia Vicenciana. Tambi\u00e9n es m\u00fasico cat\u00f3lico y ha editado varios discos. Es Director General y cofundador de Trovador, una reconocida compa\u00f1\u00eda discogr\u00e1fica critiana de Espa\u00f1a. Trabaja en las Tecnolog\u00edas de la Informaci\u00f3n, ofreciendo servicios de alojamiento, dise\u00f1o y mantenimiento Web, as\u00ed como asesoramiento, formaci\u00f3n y soluciones inform\u00e1ticas, gesti\u00f3n documental y digitalizaci\u00f3n de textos, edici\u00f3n y maquetaci\u00f3n de libros, revistas, flyers, etc.\",\"sameAs\":[\"http:\/\/chento.org\",\"https:\/\/www.facebook.com\/JavierChento\",\"https:\/\/x.com\/https:\/\/twitter.com\/javierchento\"],\"url\":\"http:\/\/vincentians.com\/es\/author\/chento\/\"}]}<\/script>\n<!-- \/ Yoast SEO plugin. -->","yoast_head_json":{"title":"Estatutos generales de la Asociaci\u00f3n Medalla Milagrosa - Somos Vicencianos","robots":{"index":"index","follow":"follow","max-snippet":"max-snippet:-1","max-image-preview":"max-image-preview:large","max-video-preview":"max-video-preview:-1"},"canonical":"http:\/\/vincentians.com\/es\/estatutos-generales-de-la-asociacion-medalla-milagrosa\/","og_locale":"es_ES","og_type":"article","og_title":"Estatutos generales de la Asociaci\u00f3n Medalla Milagrosa - Somos Vicencianos","og_description":"Roma, 31 de mayo de 2010 Fiesta de la Visitaci\u00f3n de la Virgen Mar\u00eda A todos los miembros de la Asociaci\u00f3n de la Medalla Milagrosa: \u00a1La gracia y la paz de Nuestro Se\u00f1or Jesucristo llenen ... Read More","og_url":"http:\/\/vincentians.com\/es\/estatutos-generales-de-la-asociacion-medalla-milagrosa\/","og_site_name":"Somos Vicencianos","article_publisher":"https:\/\/www.facebook.com\/WeAreVincentians\/","article_author":"https:\/\/www.facebook.com\/JavierChento","article_published_time":"2018-11-27T06:00:06+00:00","og_image":[{"width":140,"height":146,"url":"https:\/\/i0.wp.com\/vincentians.com\/es\/wp-content\/uploads\/sites\/11\/2016\/10\/LOGO-AMM.jpg?fit=140%2C146","type":"image\/jpeg"}],"author":"Francisco Javier Fern\u00e1ndez Chento","twitter_card":"summary_large_image","twitter_creator":"@https:\/\/twitter.com\/javierchento","twitter_site":"@WeVincentians","twitter_misc":{"Escrito por":"Francisco Javier Fern\u00e1ndez Chento","Tiempo de lectura":"27 minutos"},"schema":{"@context":"https:\/\/schema.org","@graph":[{"@type":"Article","@id":"http:\/\/vincentians.com\/es\/estatutos-generales-de-la-asociacion-medalla-milagrosa\/#article","isPartOf":{"@id":"http:\/\/vincentians.com\/es\/estatutos-generales-de-la-asociacion-medalla-milagrosa\/"},"author":{"name":"Francisco Javier Fern\u00e1ndez Chento","@id":"http:\/\/vincentians.com\/es\/#\/schema\/person\/9623ef4d9aa3b2dfb8c061f1499288f2"},"headline":"Estatutos generales de la Asociaci\u00f3n Medalla Milagrosa","datePublished":"2018-11-27T06:00:06+00:00","mainEntityOfPage":{"@id":"http:\/\/vincentians.com\/es\/estatutos-generales-de-la-asociacion-medalla-milagrosa\/"},"wordCount":5407,"commentCount":3,"publisher":{"@id":"http:\/\/vincentians.com\/es\/#organization"},"image":{"@id":"http:\/\/vincentians.com\/es\/estatutos-generales-de-la-asociacion-medalla-milagrosa\/#primaryimage"},"thumbnailUrl":"https:\/\/i0.wp.com\/vincentians.com\/es\/wp-content\/uploads\/sites\/11\/2016\/10\/LOGO-AMM.jpg?fit=140%2C146","keywords":["Pobreza","Rue du Bac"],"articleSection":["Documentos de la Asociaci\u00f3n de la Medalla Milagrosa"],"inLanguage":"es","potentialAction":[{"@type":"CommentAction","name":"Comment","target":["http:\/\/vincentians.com\/es\/estatutos-generales-de-la-asociacion-medalla-milagrosa\/#respond"]}]},{"@type":"WebPage","@id":"http:\/\/vincentians.com\/es\/estatutos-generales-de-la-asociacion-medalla-milagrosa\/","url":"http:\/\/vincentians.com\/es\/estatutos-generales-de-la-asociacion-medalla-milagrosa\/","name":"Estatutos generales de la Asociaci\u00f3n Medalla Milagrosa - Somos Vicencianos","isPartOf":{"@id":"http:\/\/vincentians.com\/es\/#website"},"primaryImageOfPage":{"@id":"http:\/\/vincentians.com\/es\/estatutos-generales-de-la-asociacion-medalla-milagrosa\/#primaryimage"},"image":{"@id":"http:\/\/vincentians.com\/es\/estatutos-generales-de-la-asociacion-medalla-milagrosa\/#primaryimage"},"thumbnailUrl":"https:\/\/i0.wp.com\/vincentians.com\/es\/wp-content\/uploads\/sites\/11\/2016\/10\/LOGO-AMM.jpg?fit=140%2C146","datePublished":"2018-11-27T06:00:06+00:00","breadcrumb":{"@id":"http:\/\/vincentians.com\/es\/estatutos-generales-de-la-asociacion-medalla-milagrosa\/#breadcrumb"},"inLanguage":"es","potentialAction":[{"@type":"ReadAction","target":["http:\/\/vincentians.com\/es\/estatutos-generales-de-la-asociacion-medalla-milagrosa\/"]}]},{"@type":"ImageObject","inLanguage":"es","@id":"http:\/\/vincentians.com\/es\/estatutos-generales-de-la-asociacion-medalla-milagrosa\/#primaryimage","url":"https:\/\/i0.wp.com\/vincentians.com\/es\/wp-content\/uploads\/sites\/11\/2016\/10\/LOGO-AMM.jpg?fit=140%2C146","contentUrl":"https:\/\/i0.wp.com\/vincentians.com\/es\/wp-content\/uploads\/sites\/11\/2016\/10\/LOGO-AMM.jpg?fit=140%2C146","width":140,"height":146},{"@type":"BreadcrumbList","@id":"http:\/\/vincentians.com\/es\/estatutos-generales-de-la-asociacion-medalla-milagrosa\/#breadcrumb","itemListElement":[{"@type":"ListItem","position":1,"name":"Portada","item":"http:\/\/vincentians.com\/es\/"},{"@type":"ListItem","position":2,"name":"Estatutos generales de la Asociaci\u00f3n Medalla Milagrosa"}]},{"@type":"WebSite","@id":"http:\/\/vincentians.com\/es\/#website","url":"http:\/\/vincentians.com\/es\/","name":"Somos Vicencianos","description":"Know more to serve more","publisher":{"@id":"http:\/\/vincentians.com\/es\/#organization"},"potentialAction":[{"@type":"SearchAction","target":{"@type":"EntryPoint","urlTemplate":"http:\/\/vincentians.com\/es\/?s={search_term_string}"},"query-input":{"@type":"PropertyValueSpecification","valueRequired":true,"valueName":"search_term_string"}}],"inLanguage":"es"},{"@type":"Organization","@id":"http:\/\/vincentians.com\/es\/#organization","name":"The Vincentian Network","url":"http:\/\/vincentians.com\/es\/","logo":{"@type":"ImageObject","inLanguage":"es","@id":"http:\/\/vincentians.com\/es\/#\/schema\/logo\/image\/","url":"https:\/\/i1.wp.com\/vincentians.com\/es\/wp-content\/uploads\/sites\/11\/2016\/06\/Vincentian-Network-logo-big.png?fit=778%2C778","contentUrl":"https:\/\/i1.wp.com\/vincentians.com\/es\/wp-content\/uploads\/sites\/11\/2016\/06\/Vincentian-Network-logo-big.png?fit=778%2C778","width":778,"height":778,"caption":"The Vincentian Network"},"image":{"@id":"http:\/\/vincentians.com\/es\/#\/schema\/logo\/image\/"},"sameAs":["https:\/\/www.facebook.com\/WeAreVincentians\/","https:\/\/x.com\/WeVincentians"]},{"@type":"Person","@id":"http:\/\/vincentians.com\/es\/#\/schema\/person\/9623ef4d9aa3b2dfb8c061f1499288f2","name":"Francisco Javier Fern\u00e1ndez Chento","image":{"@type":"ImageObject","inLanguage":"es","@id":"http:\/\/vincentians.com\/es\/#\/schema\/person\/image\/","url":"https:\/\/secure.gravatar.com\/avatar\/497d5cde87b4c3d097d0315953521681ba2cd523ee66e5077c3711f7021e65de?s=96&d=mm&r=g","contentUrl":"https:\/\/secure.gravatar.com\/avatar\/497d5cde87b4c3d097d0315953521681ba2cd523ee66e5077c3711f7021e65de?s=96&d=mm&r=g","caption":"Francisco Javier Fern\u00e1ndez Chento"},"description":"Director General y cofundador de La Red de Formaci\u00f3n Vicenciana. Javier es laico vicenciano, afiliado a la Congregaci\u00f3n de la Misi\u00f3n y miembro del Equipo de Misiones Populares de la provincia can\u00f3nica de Zaragoza (Espa\u00f1a) de la Congregaci\u00f3n de la Misi\u00f3n. Graduado en la Universidad Oberta de Catalunya con cuatro grados (Asistente de direcci\u00f3n, Gesti\u00f3n Administrativa, Recursos Humanos y Contabilidad Avanzada). Bil\u00edng\u00fce Espa\u00f1ol\/Ingl\u00e9s. gestiona y mantiene varias p\u00e1ginas web cristianas y vicencianas, incluida including La Red de Formaci\u00f3n Vicenciana, de la que es cofundador. Actualmente es responsable del \u00e1rea de Espa\u00f1ol de .famvin, la Red de Noticias de la Familia Vicenciana. Tambi\u00e9n es m\u00fasico cat\u00f3lico y ha editado varios discos. Es Director General y cofundador de Trovador, una reconocida compa\u00f1\u00eda discogr\u00e1fica critiana de Espa\u00f1a. Trabaja en las Tecnolog\u00edas de la Informaci\u00f3n, ofreciendo servicios de alojamiento, dise\u00f1o y mantenimiento Web, as\u00ed como asesoramiento, formaci\u00f3n y soluciones inform\u00e1ticas, gesti\u00f3n documental y digitalizaci\u00f3n de textos, edici\u00f3n y maquetaci\u00f3n de libros, revistas, flyers, etc.","sameAs":["http:\/\/chento.org","https:\/\/www.facebook.com\/JavierChento","https:\/\/x.com\/https:\/\/twitter.com\/javierchento"],"url":"http:\/\/vincentians.com\/es\/author\/chento\/"}]}},"jetpack_publicize_connections":[],"jetpack_featured_media_url":"https:\/\/i0.wp.com\/vincentians.com\/es\/wp-content\/uploads\/sites\/11\/2016\/10\/LOGO-AMM.jpg?fit=140%2C146","jetpack_sharing_enabled":true,"jetpack_shortlink":"https:\/\/wp.me\/p7ETMF-ogn","jetpack-related-posts":[{"id":117125,"url":"http:\/\/vincentians.com\/es\/cartas-para-la-historia-de-la-milagrosa\/","url_meta":{"origin":93271,"position":0},"title":"Cartas para la historia de la Milagrosa","author":"Francisco Javier Fern\u00e1ndez Chento","date":"17\/08\/2021","format":false,"excerpt":"En mi fichero particular conservo cartas que pueden ser intere\u00adsantes para los lectores de ANALES y que son indudablemente fuentes de luz para los estudiosos. De ellas selecciono las tres que siguen: 1. Carta de Sor Mar\u00eda Margolari, franciscana misionera, supe\u00adriora en el convento de Tagaytay (Filipinas). \"Reverendo Padre: Pensando\u2026","rel":"","context":"En \u00abAsociaci\u00f3n de la Medalla Milagrosa\u00bb","block_context":{"text":"Asociaci\u00f3n de la Medalla Milagrosa","link":"http:\/\/vincentians.com\/es\/category\/la-familia-vicenciana\/ramas\/asociacion-de-la-medalla-milagrosa\/"},"img":{"alt_text":"","src":"https:\/\/i0.wp.com\/vincentians.com\/es\/wp-content\/uploads\/sites\/11\/2018\/12\/Catalina-1.jpg?fit=900%2C500&resize=350%2C200","width":350,"height":200,"srcset":"https:\/\/i0.wp.com\/vincentians.com\/es\/wp-content\/uploads\/sites\/11\/2018\/12\/Catalina-1.jpg?fit=900%2C500&resize=350%2C200 1x, https:\/\/i0.wp.com\/vincentians.com\/es\/wp-content\/uploads\/sites\/11\/2018\/12\/Catalina-1.jpg?fit=900%2C500&resize=525%2C300 1.5x, https:\/\/i0.wp.com\/vincentians.com\/es\/wp-content\/uploads\/sites\/11\/2018\/12\/Catalina-1.jpg?fit=900%2C500&resize=700%2C400 2x"},"classes":[]},{"id":117065,"url":"http:\/\/vincentians.com\/es\/la-basilica-de-la-milagrosa-madrid-tiene-larga-historia\/","url_meta":{"origin":93271,"position":1},"title":"La Bas\u00edlica de La Milagrosa en Madrid tiene larga historia","author":"Mitxel Olabu\u00e9naga","date":"03\/08\/2021","format":false,"excerpt":"Con motivo de sus Bodas de Oro vocacionales, el P. Eladio Ar\u00adn\u00e1iz hizo un viaje a Roma, y durante su estancia en la ciudad, el Papa P\u00edo X le recibi\u00f3 en audiencia. Luego, a su regreso a Espa\u00f1a, como Director de las Hijas de la Caridad de la entonces enorme\u2026","rel":"","context":"En \u00abHistoria de la Congregaci\u00f3n de la Misi\u00f3n en Espa\u00f1a\u00bb","block_context":{"text":"Historia de la Congregaci\u00f3n de la Misi\u00f3n en Espa\u00f1a","link":"http:\/\/vincentians.com\/es\/category\/historia-de-la-familia-vicenciana\/historia-de-la-congregacion-de-la-mision-en-espana\/"},"img":{"alt_text":"","src":"https:\/\/i0.wp.com\/vincentians.com\/es\/wp-content\/uploads\/sites\/11\/2016\/09\/enviados-evangelizar-pobres.jpg?fit=1200%2C630&resize=350%2C200","width":350,"height":200,"srcset":"https:\/\/i0.wp.com\/vincentians.com\/es\/wp-content\/uploads\/sites\/11\/2016\/09\/enviados-evangelizar-pobres.jpg?fit=1200%2C630&resize=350%2C200 1x, https:\/\/i0.wp.com\/vincentians.com\/es\/wp-content\/uploads\/sites\/11\/2016\/09\/enviados-evangelizar-pobres.jpg?fit=1200%2C630&resize=525%2C300 1.5x, https:\/\/i0.wp.com\/vincentians.com\/es\/wp-content\/uploads\/sites\/11\/2016\/09\/enviados-evangelizar-pobres.jpg?fit=1200%2C630&resize=700%2C400 2x, https:\/\/i0.wp.com\/vincentians.com\/es\/wp-content\/uploads\/sites\/11\/2016\/09\/enviados-evangelizar-pobres.jpg?fit=1200%2C630&resize=1050%2C600 3x"},"classes":[]},{"id":109333,"url":"http:\/\/vincentians.com\/es\/mision-historica-de-la-milagrosa\/","url_meta":{"origin":93271,"position":2},"title":"Misi\u00f3n hist\u00f3rica de La Milagrosa","author":"Francisco Javier Fern\u00e1ndez Chento","date":"27\/11\/2022","format":false,"excerpt":"Amadas Hermanas, se\u00f1ores y amados sacerdotes: El t\u00edtulo de la conferencia quiz\u00e1 pueda parecer a algunos ex\u00adcesivamente ambicioso: LA MISION HISTORICA DE LA MILA\u00adGROSA. En realidad a m\u00ed tambi\u00e9n me lo parece, sobre todo una vez que lo vi estampado en letras de molde; porque mi prop\u00f3sito es muy sencillo.\u2026","rel":"","context":"En \u00abVirgen Mar\u00eda\u00bb","block_context":{"text":"Virgen Mar\u00eda","link":"http:\/\/vincentians.com\/es\/category\/espiritualidad\/virgen-maria\/"},"img":{"alt_text":"","src":"https:\/\/i0.wp.com\/vincentians.com\/es\/wp-content\/uploads\/sites\/11\/2018\/11\/La-milagrosa3.jpg?fit=670%2C430&resize=350%2C200","width":350,"height":200,"srcset":"https:\/\/i0.wp.com\/vincentians.com\/es\/wp-content\/uploads\/sites\/11\/2018\/11\/La-milagrosa3.jpg?fit=670%2C430&resize=350%2C200 1x, https:\/\/i0.wp.com\/vincentians.com\/es\/wp-content\/uploads\/sites\/11\/2018\/11\/La-milagrosa3.jpg?fit=670%2C430&resize=525%2C300 1.5x"},"classes":[]},{"id":115218,"url":"http:\/\/vincentians.com\/es\/carta-de-gregory-gay-superior-general-de-la-c-m-con-motivo-de-la-fiesta-de-la-medalla-milagrosa-2012\/","url_meta":{"origin":93271,"position":3},"title":"Carta de Gregory Gay, Superior General de la C.M., con motivo de la fiesta de la Medalla Milagrosa 2012","author":"Francisco Javier Fern\u00e1ndez Chento","date":"26\/11\/2012","format":false,"excerpt":"Llamada a la Familia Vicenciana a una mayor devoci\u00f3n a Nuestra Se\u00f1ora de la Medalla Milagrosa. \u00a1La gracia de Nuestro Se\u00f1or Jesucristo est\u00e9 siempre con nosotros! Me da mucha alegr\u00eda dirigirme a Ustedes especialmente en este mes en el que celebramos, dentro del A\u00f1o de la Fe, a la Virgen\u2026","rel":"","context":"En \u00abVirgen Mar\u00eda\u00bb","block_context":{"text":"Virgen Mar\u00eda","link":"http:\/\/vincentians.com\/es\/category\/espiritualidad\/virgen-maria\/"},"img":{"alt_text":"P. Gregory Gay, C.M.","src":"https:\/\/i0.wp.com\/vicencianos.org\/wp-content\/2009\/12\/gregory_felicita_la_navidad11-300x300.jpg?resize=350%2C200","width":350,"height":200},"classes":[]},{"id":115978,"url":"http:\/\/vincentians.com\/es\/familia-vicenciana-y-medalla-milagrosa\/","url_meta":{"origin":93271,"position":4},"title":"Familia Vicenciana y Medalla Milagrosa","author":"Francisco Javier Fern\u00e1ndez Chento","date":"27\/11\/2022","format":false,"excerpt":"Lo que ha sido este legado desde 1830 El testimonio de la Historia nos dice que, si bien la Virgen se aparece a Santa Catalina Labour\u00e9, \u00e9sta, cumpliendo los deseos manifestados por la Madre de Dios, permanece oculta, desconocida, en el silencio m\u00e1s incomprensible; un silencio que a veces se\u2026","rel":"","context":"En \u00abVirgen Mar\u00eda\u00bb","block_context":{"text":"Virgen Mar\u00eda","link":"http:\/\/vincentians.com\/es\/category\/espiritualidad\/virgen-maria\/"},"img":{"alt_text":"","src":"https:\/\/i0.wp.com\/vincentians.com\/es\/wp-content\/uploads\/sites\/11\/2016\/08\/hijas-caridad.jpg?fit=1200%2C630&resize=350%2C200","width":350,"height":200,"srcset":"https:\/\/i0.wp.com\/vincentians.com\/es\/wp-content\/uploads\/sites\/11\/2016\/08\/hijas-caridad.jpg?fit=1200%2C630&resize=350%2C200 1x, https:\/\/i0.wp.com\/vincentians.com\/es\/wp-content\/uploads\/sites\/11\/2016\/08\/hijas-caridad.jpg?fit=1200%2C630&resize=525%2C300 1.5x, https:\/\/i0.wp.com\/vincentians.com\/es\/wp-content\/uploads\/sites\/11\/2016\/08\/hijas-caridad.jpg?fit=1200%2C630&resize=700%2C400 2x, https:\/\/i0.wp.com\/vincentians.com\/es\/wp-content\/uploads\/sites\/11\/2016\/08\/hijas-caridad.jpg?fit=1200%2C630&resize=1050%2C600 3x"},"classes":[]},{"id":124912,"url":"http:\/\/vincentians.com\/es\/novena-a-la-virgen-milagrosa-2013\/","url_meta":{"origin":93271,"position":5},"title":"Novena a la Virgen Milagrosa 2013","author":"Francisco Javier Fern\u00e1ndez Chento","date":"09\/11\/2013","format":false,"excerpt":"Seguimos la entra\u00f1able y participativa tradici\u00f3n de honrar a la Virgen Mar\u00eda, la Inmaculada de la Medalla Milagrosa, con la celebraci\u00f3n de la novena en la iglesia a ella dedicada y conocida en Pamplona como \"iglesia de La Milagrosa\". Seguimos la arraigada tradici\u00f3n de preparar con esmero, y con la\u2026","rel":"","context":"En \u00abVirgen Mar\u00eda\u00bb","block_context":{"text":"Virgen Mar\u00eda","link":"http:\/\/vincentians.com\/es\/category\/espiritualidad\/virgen-maria\/"},"img":{"alt_text":"","src":"https:\/\/i0.wp.com\/vicencianos.org\/wp-content\/2012\/11\/Milagrosa_Pamplona_2013-201x300.jpg?resize=350%2C200","width":350,"height":200},"classes":[]}],"_links":{"self":[{"href":"http:\/\/vincentians.com\/es\/wp-json\/wp\/v2\/posts\/93271","targetHints":{"allow":["GET"]}}],"collection":[{"href":"http:\/\/vincentians.com\/es\/wp-json\/wp\/v2\/posts"}],"about":[{"href":"http:\/\/vincentians.com\/es\/wp-json\/wp\/v2\/types\/post"}],"author":[{"embeddable":true,"href":"http:\/\/vincentians.com\/es\/wp-json\/wp\/v2\/users\/4"}],"replies":[{"embeddable":true,"href":"http:\/\/vincentians.com\/es\/wp-json\/wp\/v2\/comments?post=93271"}],"version-history":[{"count":1,"href":"http:\/\/vincentians.com\/es\/wp-json\/wp\/v2\/posts\/93271\/revisions"}],"predecessor-version":[{"id":401538,"href":"http:\/\/vincentians.com\/es\/wp-json\/wp\/v2\/posts\/93271\/revisions\/401538"}],"wp:featuredmedia":[{"embeddable":true,"href":"http:\/\/vincentians.com\/es\/wp-json\/wp\/v2\/media\/400154"}],"wp:attachment":[{"href":"http:\/\/vincentians.com\/es\/wp-json\/wp\/v2\/media?parent=93271"}],"wp:term":[{"taxonomy":"category","embeddable":true,"href":"http:\/\/vincentians.com\/es\/wp-json\/wp\/v2\/categories?post=93271"},{"taxonomy":"post_tag","embeddable":true,"href":"http:\/\/vincentians.com\/es\/wp-json\/wp\/v2\/tags?post=93271"}],"curies":[{"name":"wp","href":"https:\/\/api.w.org\/{rel}","templated":true}]}}