{"id":9295,"date":"2016-08-06T06:30:37","date_gmt":"2016-08-06T04:30:37","guid":{"rendered":"http:\/\/somos.vicencianos.org\/blog\/?p=9295"},"modified":"2016-08-06T06:31:36","modified_gmt":"2016-08-06T04:31:36","slug":"cuando-nacio-vicente-de-paul","status":"publish","type":"post","link":"http:\/\/vincentians.com\/es\/cuando-nacio-vicente-de-paul\/","title":{"rendered":"\u00bfCu\u00e1ndo naci\u00f3 Vicente de Pa\u00fal?"},"content":{"rendered":"<h2>Testimonios<\/h2>\n<ul>\n<li>Vicente: nos habla de su edad diecisiete veces en documentos escritos, recopilados por Coste (Vide Rom\u00e1n 30, nota 5 y tambi\u00e9n III, 65; XI, 274; XI, 289; VIII, 105; VIII, 148).<\/li>\n<li>Abelly: Vicente naci\u00f3 en 1576: el Martes despu\u00e9s de Pascua.<\/li>\n<li>Collet: Vicente naci\u00f3 el Martes de Pascua: 24 de Abril de 1576.<\/li>\n<li>Maynard: Vicente naci\u00f3 el 24 de Abril del a\u00f1o 1576: Martes despu\u00e9s de Pascua.<\/li>\n<li>Coste: Vicente vino al mundo el 24 de Abril de 1581.<\/li>\n<li>Rom\u00e1n: al interpretar los datos, aducidos por Vicente, se inclina por una interpretaci\u00f3n de a\u00f1os cumplidos, no incoados como Coste, lo cual le lleva al 24 de Abril de 1580 (Rom\u00e1n, 31. Nota 6 y X Semana de Salamanca, pp. 46-172).<\/li>\n<\/ul>\n<h2>Notas a la fecha de nacimiento<\/h2>\n<ol>\n<li>Vicente habla, en los textos aducidos arriba, de los a\u00f1os que tiene o cu\u00e1ndo los cumple, no de cu\u00e1ndo naci\u00f3. El Papa Gregorio XIII, al cambiar el calendario Juliano por el suyo, \u00abGregoriano\u00bb, suprimi\u00f3 10 d\u00edas (del 4 de octubre de 1582 se pas\u00f3 al 15 de octubre). En Francia se adopt\u00f3 este cambio por un decreto del Rey Enrique III. Del 15 de Diciembre se pas\u00f3 al 25 de ese mismo a\u00f1o de 1582.<\/li>\n<li>Este cambio de Calendario lleva a algunas anomal\u00edas a la hora de se\u00f1alar d\u00edas y meses para los que nacieron antes del cambio (en Francia para los nacidos antes del 15 de Diciembre de 1582). Por ejemplo si Vicente nace el VEINTIOCHO de marzo, martes de pascua de 1581,cuando dice el 12 de Octubre de 1636 que \u00ab<em>en el pr\u00f3ximo abril entrar\u00e9 en mis sesenta<\/em>\u00bb dice bien porque, aunque naci\u00f3 en marzo, cumple los a\u00f1os en abril, exactamente el d\u00eda SIETE. Sin embargo, si se dice que naci\u00f3 el 24 de abril del a\u00f1o 1576 o 1580 o 1581 Vicente tendr\u00eda que haber dicho \u00ab<em>en el pr\u00f3ximo mayo&#8230;\u00bb.<\/em> Exactamente el d\u00eda CUATRO.<\/li>\n<\/ol>\n<h2>Conclusiones<\/h2>\n<ul>\n<li>A\u00d1O: Debemos descartar el a\u00f1o 1576. Est\u00e1 en contra de los 17 escritos de Vicente. Se puede admitir el a\u00f1o 1581 y mejor el a\u00f1o 1580. (Coste. I, 18; Rom\u00e1n, 30-32)<\/li>\n<li>MES: Debemos admitir el mes de abril para el Cumplea\u00f1os (lo dice \u00e9l claramente: \u00ab<em>en el pr\u00f3ximo abril entrar\u00e9<\/em>&#8230;\u00bb), teniendo en cuenta que hablamos de nacimiento valen tambi\u00e9n las fechas del 22 al 31 de marzo, ambas incluidas y no valen las del 21 al 30 de Abril.<\/li>\n<li>D\u00cdA: Martes de Pascua:\n<ul>\n<li>Vale para el a\u00f1o 1580: Vicente hubiera nacido el 5 de abril y cumplir\u00eda los a\u00f1os, desde el a\u00f1o 1583, el d\u00eda 15 de abril.<\/li>\n<li>Vale para el a\u00f1o 1581: Vicente hubiera nacido el 28 de marzo y cumplir\u00eda los a\u00f1os, desde el a\u00f1o 1583, el d\u00eda 7 de abril.<\/li>\n<li>No vale para el a\u00f1o 1576: Vicente hubiera nacido el 24 de abril y cumplir\u00eda los a\u00f1os el 4 de Mayo todo lo contrario a lo que \u00e9l dice el 12 de Octubre de 1639: \u00ab<em>en el pr\u00f3ximo abril<\/em>\u00ab.<\/li>\n<\/ul>\n<\/li>\n<\/ul>\n","protected":false},"excerpt":{"rendered":"<p>Testimonios Vicente: nos habla de su edad diecisiete veces en documentos escritos, recopilados por Coste (Vide Rom\u00e1n 30, nota 5 y tambi\u00e9n III, 65; XI, 274; XI, 289; VIII, 105; VIII, 148). Abelly: Vicente naci\u00f3 &#8230; <a href=\"http:\/\/vincentians.com\/es\/cuando-nacio-vicente-de-paul\/\" class=\"more-link\">Read More<\/a><\/p>\n","protected":false},"author":4,"featured_media":150227,"comment_status":"open","ping_status":"open","sticky":false,"template":"","format":"standard","meta":{"jetpack_post_was_ever_published":false,"_jetpack_newsletter_access":"","_jetpack_dont_email_post_to_subs":false,"_jetpack_newsletter_tier_id":0,"_jetpack_memberships_contains_paywalled_content":false,"_jetpack_memberships_contains_paid_content":false,"footnotes":"","jetpack_publicize_message":"","jetpack_publicize_feature_enabled":true,"jetpack_social_post_already_shared":true,"jetpack_social_options":{"image_generator_settings":{"template":"highway","default_image_id":0,"font":"","enabled":false},"version":2}},"categories":[5],"tags":[218,142,227],"class_list":["post-9295","post","type-post","status-publish","format-standard","has-post-thumbnail","hentry","category-vicente-de-paul","tag-abelly","tag-collet","tag-maynard"],"yoast_head":"<!-- This site is optimized with the Yoast SEO plugin v26.3 - https:\/\/yoast.com\/wordpress\/plugins\/seo\/ -->\n<title>\u00bfCu\u00e1ndo naci\u00f3 Vicente de Pa\u00fal? - Somos Vicencianos<\/title>\n<meta name=\"robots\" content=\"index, follow, max-snippet:-1, max-image-preview:large, max-video-preview:-1\" \/>\n<link rel=\"canonical\" href=\"http:\/\/vincentians.com\/es\/cuando-nacio-vicente-de-paul\/\" \/>\n<meta property=\"og:locale\" content=\"es_ES\" \/>\n<meta property=\"og:type\" content=\"article\" \/>\n<meta property=\"og:title\" content=\"\u00bfCu\u00e1ndo naci\u00f3 Vicente de Pa\u00fal? - Somos Vicencianos\" \/>\n<meta property=\"og:description\" content=\"Testimonios Vicente: nos habla de su edad diecisiete veces en documentos escritos, recopilados por Coste (Vide Rom\u00e1n 30, nota 5 y tambi\u00e9n III, 65; XI, 274; XI, 289; VIII, 105; VIII, 148). Abelly: Vicente naci\u00f3 ... Read More\" \/>\n<meta property=\"og:url\" content=\"http:\/\/vincentians.com\/es\/cuando-nacio-vicente-de-paul\/\" \/>\n<meta property=\"og:site_name\" content=\"Somos Vicencianos\" \/>\n<meta property=\"article:publisher\" content=\"https:\/\/www.facebook.com\/WeAreVincentians\/\" \/>\n<meta property=\"article:author\" content=\"https:\/\/www.facebook.com\/JavierChento\" \/>\n<meta property=\"article:published_time\" content=\"2016-08-06T04:30:37+00:00\" \/>\n<meta property=\"article:modified_time\" content=\"2016-08-06T04:31:36+00:00\" \/>\n<meta property=\"og:image\" content=\"https:\/\/i0.wp.com\/vincentians.com\/es\/wp-content\/uploads\/sites\/11\/2012\/12\/vincent-de-paul-calenda-background.jpg?fit=1200%2C630\" \/>\n\t<meta property=\"og:image:width\" content=\"1200\" \/>\n\t<meta property=\"og:image:height\" content=\"630\" \/>\n\t<meta property=\"og:image:type\" content=\"image\/jpeg\" \/>\n<meta name=\"author\" content=\"Francisco Javier Fern\u00e1ndez Chento\" \/>\n<meta name=\"twitter:card\" content=\"summary_large_image\" \/>\n<meta name=\"twitter:creator\" content=\"@https:\/\/twitter.com\/javierchento\" \/>\n<meta name=\"twitter:site\" content=\"@WeVincentians\" \/>\n<meta name=\"twitter:label1\" content=\"Escrito por\" \/>\n\t<meta name=\"twitter:data1\" content=\"Francisco Javier Fern\u00e1ndez Chento\" \/>\n\t<meta name=\"twitter:label2\" content=\"Tiempo de lectura\" \/>\n\t<meta name=\"twitter:data2\" content=\"2 minutos\" \/>\n<script type=\"application\/ld+json\" class=\"yoast-schema-graph\">{\"@context\":\"https:\/\/schema.org\",\"@graph\":[{\"@type\":\"Article\",\"@id\":\"http:\/\/vincentians.com\/es\/cuando-nacio-vicente-de-paul\/#article\",\"isPartOf\":{\"@id\":\"http:\/\/vincentians.com\/es\/cuando-nacio-vicente-de-paul\/\"},\"author\":{\"name\":\"Francisco Javier Fern\u00e1ndez Chento\",\"@id\":\"https:\/\/vincentians.com\/es\/#\/schema\/person\/9623ef4d9aa3b2dfb8c061f1499288f2\"},\"headline\":\"\u00bfCu\u00e1ndo naci\u00f3 Vicente de Pa\u00fal?\",\"datePublished\":\"2016-08-06T04:30:37+00:00\",\"dateModified\":\"2016-08-06T04:31:36+00:00\",\"mainEntityOfPage\":{\"@id\":\"http:\/\/vincentians.com\/es\/cuando-nacio-vicente-de-paul\/\"},\"wordCount\":485,\"commentCount\":0,\"publisher\":{\"@id\":\"https:\/\/vincentians.com\/es\/#organization\"},\"image\":{\"@id\":\"http:\/\/vincentians.com\/es\/cuando-nacio-vicente-de-paul\/#primaryimage\"},\"thumbnailUrl\":\"https:\/\/i0.wp.com\/vincentians.com\/es\/wp-content\/uploads\/sites\/11\/2012\/12\/vincent-de-paul-calenda-background.jpg?fit=1200%2C630\",\"keywords\":[\"Abelly\",\"Collet\",\"Maynard\"],\"articleSection\":[\"Vicente de Pa\u00fal\"],\"inLanguage\":\"es\",\"potentialAction\":[{\"@type\":\"CommentAction\",\"name\":\"Comment\",\"target\":[\"http:\/\/vincentians.com\/es\/cuando-nacio-vicente-de-paul\/#respond\"]}]},{\"@type\":\"WebPage\",\"@id\":\"http:\/\/vincentians.com\/es\/cuando-nacio-vicente-de-paul\/\",\"url\":\"http:\/\/vincentians.com\/es\/cuando-nacio-vicente-de-paul\/\",\"name\":\"\u00bfCu\u00e1ndo naci\u00f3 Vicente de Pa\u00fal? - Somos Vicencianos\",\"isPartOf\":{\"@id\":\"https:\/\/vincentians.com\/es\/#website\"},\"primaryImageOfPage\":{\"@id\":\"http:\/\/vincentians.com\/es\/cuando-nacio-vicente-de-paul\/#primaryimage\"},\"image\":{\"@id\":\"http:\/\/vincentians.com\/es\/cuando-nacio-vicente-de-paul\/#primaryimage\"},\"thumbnailUrl\":\"https:\/\/i0.wp.com\/vincentians.com\/es\/wp-content\/uploads\/sites\/11\/2012\/12\/vincent-de-paul-calenda-background.jpg?fit=1200%2C630\",\"datePublished\":\"2016-08-06T04:30:37+00:00\",\"dateModified\":\"2016-08-06T04:31:36+00:00\",\"breadcrumb\":{\"@id\":\"http:\/\/vincentians.com\/es\/cuando-nacio-vicente-de-paul\/#breadcrumb\"},\"inLanguage\":\"es\",\"potentialAction\":[{\"@type\":\"ReadAction\",\"target\":[\"http:\/\/vincentians.com\/es\/cuando-nacio-vicente-de-paul\/\"]}]},{\"@type\":\"ImageObject\",\"inLanguage\":\"es\",\"@id\":\"http:\/\/vincentians.com\/es\/cuando-nacio-vicente-de-paul\/#primaryimage\",\"url\":\"https:\/\/i0.wp.com\/vincentians.com\/es\/wp-content\/uploads\/sites\/11\/2012\/12\/vincent-de-paul-calenda-background.jpg?fit=1200%2C630\",\"contentUrl\":\"https:\/\/i0.wp.com\/vincentians.com\/es\/wp-content\/uploads\/sites\/11\/2012\/12\/vincent-de-paul-calenda-background.jpg?fit=1200%2C630\",\"width\":1200,\"height\":630},{\"@type\":\"BreadcrumbList\",\"@id\":\"http:\/\/vincentians.com\/es\/cuando-nacio-vicente-de-paul\/#breadcrumb\",\"itemListElement\":[{\"@type\":\"ListItem\",\"position\":1,\"name\":\"Portada\",\"item\":\"https:\/\/vincentians.com\/es\/\"},{\"@type\":\"ListItem\",\"position\":2,\"name\":\"\u00bfCu\u00e1ndo naci\u00f3 Vicente de Pa\u00fal?\"}]},{\"@type\":\"WebSite\",\"@id\":\"https:\/\/vincentians.com\/es\/#website\",\"url\":\"https:\/\/vincentians.com\/es\/\",\"name\":\"Somos Vicencianos\",\"description\":\"Know more to serve more\",\"publisher\":{\"@id\":\"https:\/\/vincentians.com\/es\/#organization\"},\"potentialAction\":[{\"@type\":\"SearchAction\",\"target\":{\"@type\":\"EntryPoint\",\"urlTemplate\":\"https:\/\/vincentians.com\/es\/?s={search_term_string}\"},\"query-input\":{\"@type\":\"PropertyValueSpecification\",\"valueRequired\":true,\"valueName\":\"search_term_string\"}}],\"inLanguage\":\"es\"},{\"@type\":\"Organization\",\"@id\":\"https:\/\/vincentians.com\/es\/#organization\",\"name\":\"The Vincentian Network\",\"url\":\"https:\/\/vincentians.com\/es\/\",\"logo\":{\"@type\":\"ImageObject\",\"inLanguage\":\"es\",\"@id\":\"https:\/\/vincentians.com\/es\/#\/schema\/logo\/image\/\",\"url\":\"https:\/\/i1.wp.com\/vincentians.com\/es\/wp-content\/uploads\/sites\/11\/2016\/06\/Vincentian-Network-logo-big.png?fit=778%2C778\",\"contentUrl\":\"https:\/\/i1.wp.com\/vincentians.com\/es\/wp-content\/uploads\/sites\/11\/2016\/06\/Vincentian-Network-logo-big.png?fit=778%2C778\",\"width\":778,\"height\":778,\"caption\":\"The Vincentian Network\"},\"image\":{\"@id\":\"https:\/\/vincentians.com\/es\/#\/schema\/logo\/image\/\"},\"sameAs\":[\"https:\/\/www.facebook.com\/WeAreVincentians\/\",\"https:\/\/x.com\/WeVincentians\"]},{\"@type\":\"Person\",\"@id\":\"https:\/\/vincentians.com\/es\/#\/schema\/person\/9623ef4d9aa3b2dfb8c061f1499288f2\",\"name\":\"Francisco Javier Fern\u00e1ndez Chento\",\"image\":{\"@type\":\"ImageObject\",\"inLanguage\":\"es\",\"@id\":\"https:\/\/vincentians.com\/es\/#\/schema\/person\/image\/\",\"url\":\"https:\/\/secure.gravatar.com\/avatar\/497d5cde87b4c3d097d0315953521681ba2cd523ee66e5077c3711f7021e65de?s=96&d=mm&r=g\",\"contentUrl\":\"https:\/\/secure.gravatar.com\/avatar\/497d5cde87b4c3d097d0315953521681ba2cd523ee66e5077c3711f7021e65de?s=96&d=mm&r=g\",\"caption\":\"Francisco Javier Fern\u00e1ndez Chento\"},\"description\":\"Director General y cofundador de La Red de Formaci\u00f3n Vicenciana. Javier es laico vicenciano, afiliado a la Congregaci\u00f3n de la Misi\u00f3n y miembro del Equipo de Misiones Populares de la provincia can\u00f3nica de Zaragoza (Espa\u00f1a) de la Congregaci\u00f3n de la Misi\u00f3n. Graduado en la Universidad Oberta de Catalunya con cuatro grados (Asistente de direcci\u00f3n, Gesti\u00f3n Administrativa, Recursos Humanos y Contabilidad Avanzada). Bil\u00edng\u00fce Espa\u00f1ol\/Ingl\u00e9s. gestiona y mantiene varias p\u00e1ginas web cristianas y vicencianas, incluida including La Red de Formaci\u00f3n Vicenciana, de la que es cofundador. Actualmente es responsable del \u00e1rea de Espa\u00f1ol de .famvin, la Red de Noticias de la Familia Vicenciana. Tambi\u00e9n es m\u00fasico cat\u00f3lico y ha editado varios discos. Es Director General y cofundador de Trovador, una reconocida compa\u00f1\u00eda discogr\u00e1fica critiana de Espa\u00f1a. Trabaja en las Tecnolog\u00edas de la Informaci\u00f3n, ofreciendo servicios de alojamiento, dise\u00f1o y mantenimiento Web, as\u00ed como asesoramiento, formaci\u00f3n y soluciones inform\u00e1ticas, gesti\u00f3n documental y digitalizaci\u00f3n de textos, edici\u00f3n y maquetaci\u00f3n de libros, revistas, flyers, etc.\",\"sameAs\":[\"http:\/\/chento.org\",\"https:\/\/www.facebook.com\/JavierChento\",\"https:\/\/x.com\/https:\/\/twitter.com\/javierchento\"],\"url\":\"http:\/\/vincentians.com\/es\/author\/chento\/\"}]}<\/script>\n<!-- \/ Yoast SEO plugin. -->","yoast_head_json":{"title":"\u00bfCu\u00e1ndo naci\u00f3 Vicente de Pa\u00fal? - Somos Vicencianos","robots":{"index":"index","follow":"follow","max-snippet":"max-snippet:-1","max-image-preview":"max-image-preview:large","max-video-preview":"max-video-preview:-1"},"canonical":"http:\/\/vincentians.com\/es\/cuando-nacio-vicente-de-paul\/","og_locale":"es_ES","og_type":"article","og_title":"\u00bfCu\u00e1ndo naci\u00f3 Vicente de Pa\u00fal? - Somos Vicencianos","og_description":"Testimonios Vicente: nos habla de su edad diecisiete veces en documentos escritos, recopilados por Coste (Vide Rom\u00e1n 30, nota 5 y tambi\u00e9n III, 65; XI, 274; XI, 289; VIII, 105; VIII, 148). Abelly: Vicente naci\u00f3 ... Read More","og_url":"http:\/\/vincentians.com\/es\/cuando-nacio-vicente-de-paul\/","og_site_name":"Somos Vicencianos","article_publisher":"https:\/\/www.facebook.com\/WeAreVincentians\/","article_author":"https:\/\/www.facebook.com\/JavierChento","article_published_time":"2016-08-06T04:30:37+00:00","article_modified_time":"2016-08-06T04:31:36+00:00","og_image":[{"width":1200,"height":630,"url":"https:\/\/i0.wp.com\/vincentians.com\/es\/wp-content\/uploads\/sites\/11\/2012\/12\/vincent-de-paul-calenda-background.jpg?fit=1200%2C630","type":"image\/jpeg"}],"author":"Francisco Javier Fern\u00e1ndez Chento","twitter_card":"summary_large_image","twitter_creator":"@https:\/\/twitter.com\/javierchento","twitter_site":"@WeVincentians","twitter_misc":{"Escrito por":"Francisco Javier Fern\u00e1ndez Chento","Tiempo de lectura":"2 minutos"},"schema":{"@context":"https:\/\/schema.org","@graph":[{"@type":"Article","@id":"http:\/\/vincentians.com\/es\/cuando-nacio-vicente-de-paul\/#article","isPartOf":{"@id":"http:\/\/vincentians.com\/es\/cuando-nacio-vicente-de-paul\/"},"author":{"name":"Francisco Javier Fern\u00e1ndez Chento","@id":"https:\/\/vincentians.com\/es\/#\/schema\/person\/9623ef4d9aa3b2dfb8c061f1499288f2"},"headline":"\u00bfCu\u00e1ndo naci\u00f3 Vicente de Pa\u00fal?","datePublished":"2016-08-06T04:30:37+00:00","dateModified":"2016-08-06T04:31:36+00:00","mainEntityOfPage":{"@id":"http:\/\/vincentians.com\/es\/cuando-nacio-vicente-de-paul\/"},"wordCount":485,"commentCount":0,"publisher":{"@id":"https:\/\/vincentians.com\/es\/#organization"},"image":{"@id":"http:\/\/vincentians.com\/es\/cuando-nacio-vicente-de-paul\/#primaryimage"},"thumbnailUrl":"https:\/\/i0.wp.com\/vincentians.com\/es\/wp-content\/uploads\/sites\/11\/2012\/12\/vincent-de-paul-calenda-background.jpg?fit=1200%2C630","keywords":["Abelly","Collet","Maynard"],"articleSection":["Vicente de Pa\u00fal"],"inLanguage":"es","potentialAction":[{"@type":"CommentAction","name":"Comment","target":["http:\/\/vincentians.com\/es\/cuando-nacio-vicente-de-paul\/#respond"]}]},{"@type":"WebPage","@id":"http:\/\/vincentians.com\/es\/cuando-nacio-vicente-de-paul\/","url":"http:\/\/vincentians.com\/es\/cuando-nacio-vicente-de-paul\/","name":"\u00bfCu\u00e1ndo naci\u00f3 Vicente de Pa\u00fal? - Somos Vicencianos","isPartOf":{"@id":"https:\/\/vincentians.com\/es\/#website"},"primaryImageOfPage":{"@id":"http:\/\/vincentians.com\/es\/cuando-nacio-vicente-de-paul\/#primaryimage"},"image":{"@id":"http:\/\/vincentians.com\/es\/cuando-nacio-vicente-de-paul\/#primaryimage"},"thumbnailUrl":"https:\/\/i0.wp.com\/vincentians.com\/es\/wp-content\/uploads\/sites\/11\/2012\/12\/vincent-de-paul-calenda-background.jpg?fit=1200%2C630","datePublished":"2016-08-06T04:30:37+00:00","dateModified":"2016-08-06T04:31:36+00:00","breadcrumb":{"@id":"http:\/\/vincentians.com\/es\/cuando-nacio-vicente-de-paul\/#breadcrumb"},"inLanguage":"es","potentialAction":[{"@type":"ReadAction","target":["http:\/\/vincentians.com\/es\/cuando-nacio-vicente-de-paul\/"]}]},{"@type":"ImageObject","inLanguage":"es","@id":"http:\/\/vincentians.com\/es\/cuando-nacio-vicente-de-paul\/#primaryimage","url":"https:\/\/i0.wp.com\/vincentians.com\/es\/wp-content\/uploads\/sites\/11\/2012\/12\/vincent-de-paul-calenda-background.jpg?fit=1200%2C630","contentUrl":"https:\/\/i0.wp.com\/vincentians.com\/es\/wp-content\/uploads\/sites\/11\/2012\/12\/vincent-de-paul-calenda-background.jpg?fit=1200%2C630","width":1200,"height":630},{"@type":"BreadcrumbList","@id":"http:\/\/vincentians.com\/es\/cuando-nacio-vicente-de-paul\/#breadcrumb","itemListElement":[{"@type":"ListItem","position":1,"name":"Portada","item":"https:\/\/vincentians.com\/es\/"},{"@type":"ListItem","position":2,"name":"\u00bfCu\u00e1ndo naci\u00f3 Vicente de Pa\u00fal?"}]},{"@type":"WebSite","@id":"https:\/\/vincentians.com\/es\/#website","url":"https:\/\/vincentians.com\/es\/","name":"Somos Vicencianos","description":"Know more to serve more","publisher":{"@id":"https:\/\/vincentians.com\/es\/#organization"},"potentialAction":[{"@type":"SearchAction","target":{"@type":"EntryPoint","urlTemplate":"https:\/\/vincentians.com\/es\/?s={search_term_string}"},"query-input":{"@type":"PropertyValueSpecification","valueRequired":true,"valueName":"search_term_string"}}],"inLanguage":"es"},{"@type":"Organization","@id":"https:\/\/vincentians.com\/es\/#organization","name":"The Vincentian Network","url":"https:\/\/vincentians.com\/es\/","logo":{"@type":"ImageObject","inLanguage":"es","@id":"https:\/\/vincentians.com\/es\/#\/schema\/logo\/image\/","url":"https:\/\/i1.wp.com\/vincentians.com\/es\/wp-content\/uploads\/sites\/11\/2016\/06\/Vincentian-Network-logo-big.png?fit=778%2C778","contentUrl":"https:\/\/i1.wp.com\/vincentians.com\/es\/wp-content\/uploads\/sites\/11\/2016\/06\/Vincentian-Network-logo-big.png?fit=778%2C778","width":778,"height":778,"caption":"The Vincentian Network"},"image":{"@id":"https:\/\/vincentians.com\/es\/#\/schema\/logo\/image\/"},"sameAs":["https:\/\/www.facebook.com\/WeAreVincentians\/","https:\/\/x.com\/WeVincentians"]},{"@type":"Person","@id":"https:\/\/vincentians.com\/es\/#\/schema\/person\/9623ef4d9aa3b2dfb8c061f1499288f2","name":"Francisco Javier Fern\u00e1ndez Chento","image":{"@type":"ImageObject","inLanguage":"es","@id":"https:\/\/vincentians.com\/es\/#\/schema\/person\/image\/","url":"https:\/\/secure.gravatar.com\/avatar\/497d5cde87b4c3d097d0315953521681ba2cd523ee66e5077c3711f7021e65de?s=96&d=mm&r=g","contentUrl":"https:\/\/secure.gravatar.com\/avatar\/497d5cde87b4c3d097d0315953521681ba2cd523ee66e5077c3711f7021e65de?s=96&d=mm&r=g","caption":"Francisco Javier Fern\u00e1ndez Chento"},"description":"Director General y cofundador de La Red de Formaci\u00f3n Vicenciana. Javier es laico vicenciano, afiliado a la Congregaci\u00f3n de la Misi\u00f3n y miembro del Equipo de Misiones Populares de la provincia can\u00f3nica de Zaragoza (Espa\u00f1a) de la Congregaci\u00f3n de la Misi\u00f3n. Graduado en la Universidad Oberta de Catalunya con cuatro grados (Asistente de direcci\u00f3n, Gesti\u00f3n Administrativa, Recursos Humanos y Contabilidad Avanzada). Bil\u00edng\u00fce Espa\u00f1ol\/Ingl\u00e9s. gestiona y mantiene varias p\u00e1ginas web cristianas y vicencianas, incluida including La Red de Formaci\u00f3n Vicenciana, de la que es cofundador. Actualmente es responsable del \u00e1rea de Espa\u00f1ol de .famvin, la Red de Noticias de la Familia Vicenciana. Tambi\u00e9n es m\u00fasico cat\u00f3lico y ha editado varios discos. Es Director General y cofundador de Trovador, una reconocida compa\u00f1\u00eda discogr\u00e1fica critiana de Espa\u00f1a. Trabaja en las Tecnolog\u00edas de la Informaci\u00f3n, ofreciendo servicios de alojamiento, dise\u00f1o y mantenimiento Web, as\u00ed como asesoramiento, formaci\u00f3n y soluciones inform\u00e1ticas, gesti\u00f3n documental y digitalizaci\u00f3n de textos, edici\u00f3n y maquetaci\u00f3n de libros, revistas, flyers, etc.","sameAs":["http:\/\/chento.org","https:\/\/www.facebook.com\/JavierChento","https:\/\/x.com\/https:\/\/twitter.com\/javierchento"],"url":"http:\/\/vincentians.com\/es\/author\/chento\/"}]}},"jetpack_publicize_connections":[],"jetpack_featured_media_url":"https:\/\/i0.wp.com\/vincentians.com\/es\/wp-content\/uploads\/sites\/11\/2012\/12\/vincent-de-paul-calenda-background.jpg?fit=1200%2C630","jetpack_sharing_enabled":true,"jetpack_shortlink":"https:\/\/wp.me\/p7ETMF-2pV","jetpack-related-posts":[{"id":121252,"url":"http:\/\/vincentians.com\/es\/san-vicente-de-paul-nacio-en-francia-i-nacimiento\/","url_meta":{"origin":9295,"position":0},"title":"San Vicente de Pa\u00fal naci\u00f3 en Francia. I. Nacimiento","author":"Francisco Javier Fern\u00e1ndez Chento","date":"26\/04\/2015","format":false,"excerpt":"Vincentius a Pa\u00falo, natione Gallus, Podii non procul ab Aquis Tarbellis in Aquitania natus. (Breviario romano, 19 julio.) Primera parte Se public\u00f3 en Barcelona (Espa\u00f1a), como ap\u00e9ndice a la traducci\u00f3n de la obra del Sr. Arturo Loth: San Vicente de Pa\u00fal y su misi\u00f3n social, una tesis hist\u00f3rica en extremo\u2026","rel":"","context":"En \u00abVicente de Pa\u00fal\u00bb","block_context":{"text":"Vicente de Pa\u00fal","link":"http:\/\/vincentians.com\/es\/category\/la-familia-vicenciana\/fundadores\/vicente-de-paul\/"},"img":{"alt_text":"pemartin","src":"https:\/\/i0.wp.com\/vicencianos.org\/wp-content\/2013\/04\/pemartin-189x300.jpg?resize=350%2C200","width":350,"height":200},"classes":[]},{"id":121425,"url":"http:\/\/vincentians.com\/es\/san-vicente-de-paul-nacio-en-francia-iv-primera-dificultad\/","url_meta":{"origin":9295,"position":1},"title":"San Vicente de Pa\u00fal naci\u00f3 en Francia. IV. Primera dificultad","author":"Francisco Javier Fern\u00e1ndez Chento","date":"29\/04\/2015","format":false,"excerpt":"Segunda Parte: Contestaci\u00f3n a las objeciones del traductor Nos proponemos seguir paso a paso al ilustrado traduc\u00adtor en su primer ap\u00e9ndice, y contestar a todos las objecio\u00adnes que revistan alguna importancia. Primera dificultad 1\u00ba Dice el Sr. Feli\u00fa y Perez: \"Entre los pueblos del mundo, pocos hay que puedan competir\u2026","rel":"","context":"En \u00abVicente de Pa\u00fal\u00bb","block_context":{"text":"Vicente de Pa\u00fal","link":"http:\/\/vincentians.com\/es\/category\/la-familia-vicenciana\/fundadores\/vicente-de-paul\/"},"img":{"alt_text":"","src":"","width":0,"height":0},"classes":[]},{"id":119546,"url":"http:\/\/vincentians.com\/es\/san-vicente-de-paul-y-su-entronque-hispanico-iii\/","url_meta":{"origin":9295,"position":2},"title":"San Vicente de Pa\u00fal y su entronque hisp\u00e1nico (III)","author":"Francisco Javier Fern\u00e1ndez Chento","date":"07\/05\/2013","format":false,"excerpt":"Art\u00edculo tercer0: La fecha del nacimiento Si el Santo naci\u00f3 el 24 de abril de 1576 o de 1581 es cosa que todav\u00eda no est\u00e1 absolutamente averiguada. La primera fecha tiene m\u00e1s de tres siglos y medio de absoluta y total vigenciala sin ninguna competencia. La segunda apenas si tiene\u2026","rel":"","context":"En \u00abVicente de Pa\u00fal\u00bb","block_context":{"text":"Vicente de Pa\u00fal","link":"http:\/\/vincentians.com\/es\/category\/la-familia-vicenciana\/fundadores\/vicente-de-paul\/"},"img":{"alt_text":"SANV","src":"https:\/\/i0.wp.com\/vicencianos.org\/wp-content\/2013\/04\/SANV.jpg?resize=350%2C200","width":350,"height":200},"classes":[]},{"id":121299,"url":"http:\/\/vincentians.com\/es\/san-vicente-de-paul-nacio-en-francia-ii-estudios\/","url_meta":{"origin":9295,"position":3},"title":"San Vicente de Pa\u00fal naci\u00f3 en Francia. II. Estudios","author":"Francisco Javier Fern\u00e1ndez Chento","date":"27\/04\/2015","format":false,"excerpt":"II. Estudios En lo concerniente a los estudios teol\u00f3gicos de Vicente de Pa\u00fal, los detalles no ser\u00e1n abundantes, dado el cuidado del Santo por hacerse pasar por un estudiante de cuarto a\u00f1o. Sin embargo. despu\u00e9s de su muerte, se encuentran tres documentos, cuya existencia no se sospechaba, y que arrojan\u2026","rel":"","context":"En \u00abVicente de Pa\u00fal\u00bb","block_context":{"text":"Vicente de Pa\u00fal","link":"http:\/\/vincentians.com\/es\/category\/la-familia-vicenciana\/fundadores\/vicente-de-paul\/"},"img":{"alt_text":"","src":"","width":0,"height":0},"classes":[]},{"id":101805,"url":"http:\/\/vincentians.com\/es\/vida-del-senor-vicente-de-paul-interludio\/","url_meta":{"origin":9295,"position":4},"title":"Vida del Se\u00f1or Vicente de Pa\u00fal: Interludio","author":"Francisco Javier Fern\u00e1ndez Chento","date":"11\/05\/2015","format":false,"excerpt":"Interludio Mientras hace su d\u00eda de retiro el se\u00f1or Vicente vamos tambi\u00e9n nosotros a hacer un alto de descanso en la narraci\u00f3n de su vida. La na\u00adrraci\u00f3n contin\u00faa en 1634. El lector apresurado puede -saltarse limpiamente este in\u00adterludio y continuar a partir de ese punto. No sufrir\u00e1 mucho con ello\u2026","rel":"","context":"En \u00abVicente de Pa\u00fal\u00bb","block_context":{"text":"Vicente de Pa\u00fal","link":"http:\/\/vincentians.com\/es\/category\/la-familia-vicenciana\/fundadores\/vicente-de-paul\/"},"img":{"alt_text":"sanvibiblia","src":"https:\/\/i0.wp.com\/vicencianos.org\/wp-content\/2012\/08\/sanvibiblia-300x300.png?resize=350%2C200","width":350,"height":200},"classes":[]},{"id":121434,"url":"http:\/\/vincentians.com\/es\/san-vicente-de-paul-nacio-en-francia-v-segunda-dificultad\/","url_meta":{"origin":9295,"position":5},"title":"San Vicente de Pa\u00fal naci\u00f3 en Francia. V. Segunda dificultad","author":"Francisco Javier Fern\u00e1ndez Chento","date":"30\/04\/2015","format":false,"excerpt":"Segunda dificultad En el cap\u00edtulo titulado la vocaci\u00f3n, contin\u00faa el traduc\u00adtor: Arturo Loth afirma que el Santo naci\u00f3 en Pouy, el 24 de Abril de 1576. Afirmaci\u00f3n tan categ\u00f3rica parece que ha de tener por base el \u00fanico documento irrefragable: la partida de bautismo; pero \u00e9sta no existe en los\u2026","rel":"","context":"En \u00abVicente de Pa\u00fal\u00bb","block_context":{"text":"Vicente de Pa\u00fal","link":"http:\/\/vincentians.com\/es\/category\/la-familia-vicenciana\/fundadores\/vicente-de-paul\/"},"img":{"alt_text":"","src":"","width":0,"height":0},"classes":[]}],"_links":{"self":[{"href":"http:\/\/vincentians.com\/es\/wp-json\/wp\/v2\/posts\/9295","targetHints":{"allow":["GET"]}}],"collection":[{"href":"http:\/\/vincentians.com\/es\/wp-json\/wp\/v2\/posts"}],"about":[{"href":"http:\/\/vincentians.com\/es\/wp-json\/wp\/v2\/types\/post"}],"author":[{"embeddable":true,"href":"http:\/\/vincentians.com\/es\/wp-json\/wp\/v2\/users\/4"}],"replies":[{"embeddable":true,"href":"http:\/\/vincentians.com\/es\/wp-json\/wp\/v2\/comments?post=9295"}],"version-history":[{"count":0,"href":"http:\/\/vincentians.com\/es\/wp-json\/wp\/v2\/posts\/9295\/revisions"}],"wp:featuredmedia":[{"embeddable":true,"href":"http:\/\/vincentians.com\/es\/wp-json\/wp\/v2\/media\/150227"}],"wp:attachment":[{"href":"http:\/\/vincentians.com\/es\/wp-json\/wp\/v2\/media?parent=9295"}],"wp:term":[{"taxonomy":"category","embeddable":true,"href":"http:\/\/vincentians.com\/es\/wp-json\/wp\/v2\/categories?post=9295"},{"taxonomy":"post_tag","embeddable":true,"href":"http:\/\/vincentians.com\/es\/wp-json\/wp\/v2\/tags?post=9295"}],"curies":[{"name":"wp","href":"https:\/\/api.w.org\/{rel}","templated":true}]}}