{"id":89361,"date":"2015-03-09T06:00:59","date_gmt":"2015-03-09T05:00:59","guid":{"rendered":"http:\/\/somos.vicencianos.org\/?p=89361"},"modified":"2016-07-26T19:17:52","modified_gmt":"2016-07-26T17:17:52","slug":"la-mision-y-la-caridad","status":"publish","type":"post","link":"http:\/\/vincentians.com\/es\/la-mision-y-la-caridad\/","title":{"rendered":"La Misi\u00f3n y la Caridad"},"content":{"rendered":"<h2><strong>Introducci\u00f3n<\/strong><\/h2>\n<p><a href=\"https:\/\/i0.wp.com\/vicencianos.org\/wp-content\/2012\/06\/fe-y-caridad.jpg\"><img data-recalc-dims=\"1\" loading=\"lazy\" decoding=\"async\" class=\"alignright size-medium wp-image-141361\" src=\"https:\/\/i0.wp.com\/vicencianos.org\/wp-content\/2012\/06\/fe-y-caridad-300x210.jpg?resize=300%2C210\" alt=\"fe y caridad\" width=\"300\" height=\"210\" \/><\/a>La historia de la Congregaci\u00f3n de la Misi\u00f3n y de la Compa\u00f1\u00eda de las Hijas de la Caridad se ha ido tejiendo con unos lazos espirituales, apost\u00f3licos y jur\u00eddicos que se remontan a los or\u00edgenes de ambas instituciones. Y en los casi cuatro siglos de existencia, guardando cada una su propia identidad y autonom\u00eda, se han ido escribiendo en colaboraci\u00f3n p\u00e1ginas hermosas de un libro a\u00fan inacabado.<\/p>\n<p>Hay otras muchas Congregaciones masculinas y femeninas en la Iglesia que tambi\u00e9n tienen el o los mismos fundadores. Pero creo que entre ellas, en ninguna se ha dado una relaci\u00f3n tan fraterna como la que ha existido entre la Congregaci\u00f3n de la Misi\u00f3n y las Hijas de la Caridad. En esto hemos sido un caso singular dentro de la vida consagrada.<\/p>\n<p>Adem\u00e1s del Superior General colocado en la cima de ambas Compa\u00f1\u00edas, creo que se puede afirmar que las personas que m\u00e1s han contribuido a cultivar esa mutua colaboraci\u00f3n han sido los Directores Provinciales. Por ser miembros de la Congregaci\u00f3n de la Misi\u00f3n con un ministerio orientado a la animaci\u00f3n espiritual y apost\u00f3lica de las Hijas de la Caridad est\u00e1n en la situaci\u00f3n m\u00e1s favorable para ser ese lazo privilegiado de la uni\u00f3n y colaboraci\u00f3n entre ambas congregaciones. Para que as\u00ed siga siendo en el futuro, y de la mejor manera posible, se ha organizado este mes de formaci\u00f3n.<\/p>\n<p>La conferencia tendr\u00e1 un enfoque pr\u00e1ctico. Si bien comenzar\u00e9 con una referencia hist\u00f3rica, me detendr\u00e9 en la realidad actual de dicha colaboraci\u00f3n y con la mirada puesta en el futuro pr\u00f3ximo.<\/p>\n<h2><strong>1. Una mirada a los or\u00edgenes<\/strong><\/h2>\n<p>Si volvemos la mirada a los or\u00edgenes de la Congregaci\u00f3n de la Misi\u00f3n y de las Hijas de la Caridad es porque reconocemos la verdad que encierra la sentencia que dice: \u00ab<em>La historia es maestra de la vida<\/em>\u00ab. El conocimiento del pasado nos ayuda a comprender y a vivir el presente de cara al futuro.<span id='easy-footnote-1-89361' class='easy-footnote-margin-adjust'><\/span><span class='easy-footnote'><a href='http:\/\/vincentians.com\/es\/la-mision-y-la-caridad\/#easy-footnote-bottom-1-89361' title='Para un estudio m\u00e1s detallado sobre el tema cf. J. Jamet, &lt;em&gt;Vicente de Pa\u00fal animador de la vida comunitaria&lt;\/em&gt;. (Varios autores), p\u00e1gs. 267-279, Salamanca 1975; M. Lloret, &lt;em&gt;Comunicaci\u00f3n a la Asamblea General de la Congregaci\u00f3n de la Misi\u00f3n&lt;\/em&gt;, Roma, 1992 y Miguel P. Flores, en un trabajo del que dispongo, pero desconozco si ha sido publicado.'><sup>1<\/sup><\/a><\/span>\n<p>En el camino espiritual de San Vicente se dio un descubrimiento progresivo de la uni\u00f3n que existe entre Misi\u00f3n y Caridad y, por lo mismo, entre la Congregaci\u00f3n y la Compa\u00f1\u00eda. De ah\u00ed el t\u00edtulo de esta conferencia. La experiencia de Gannes, Folleville y Chatillon le hacen descubrir al pobre pueblo que se muere de hambre a causa de la pobreza y se condena por ignorancia de las verdades necesarias para salvarse. Las sucesivas fundaciones de las cofrad\u00edas, de la Congregaci\u00f3n de la Misi\u00f3n y de las Hijas de la Caridad son diferentes respuestas a esa pobreza material y espiritual.<\/p>\n<p>Vistas en conjunto estas tres fundaciones, podemos considerarlas como el inicio de un proyecto pastoral y social a realizar con la colaboraci\u00f3n de laicos, sacerdotes y consagrados.<\/p>\n<p>Esas tres fundaciones est\u00e1n destinadas al mismo fin, la atenci\u00f3n integral de los pobres, y animadas por un mismo esp\u00edritu, por la caridad y humildad fundamentalmente. Fin y esp\u00edritu con los que intentan continuar la misi\u00f3n de Cristo, revestidos de su mismo esp\u00edritu y usando sus mismas armas.<\/p>\n<p>Y, centr\u00e1ndonos en las dos Compa\u00f1\u00edas, el fundador las consider\u00f3 como la encarnaci\u00f3n de la Misi\u00f3n y la Caridad. Las dos unidas, como lo est\u00e1n la evangelizaci\u00f3n y la humanizaci\u00f3n, el servicio espiritual y corporal al pobre pueblo que tiene hambre de la palabra de Dios y hambre de pan. Para tratar de saciarlas existen la Congregaci\u00f3n de la Misi\u00f3n y la Compa\u00f1\u00eda de las Hijas de la Caridad como \u00abdos ramas del mismo \u00e1rbol y dos manos de un mismo cuerpo\u00bb.<\/p>\n<p>San Vicente dec\u00eda a los misioneros que al venir a la Congregaci\u00f3n lo hac\u00edan no s\u00f3lo para evangelizar a los pobres, sino tambi\u00e9n para asistirlos en sus necesidades materiales. \u00ab<em>Hacer esto es evangelizar de palabra y de obra y es lo m\u00e1s perfecto, es lo que hizo nuestro Se\u00f1or<\/em>\u00ab.<span id='easy-footnote-2-89361' class='easy-footnote-margin-adjust'><\/span><span class='easy-footnote'><a href='http:\/\/vincentians.com\/es\/la-mision-y-la-caridad\/#easy-footnote-bottom-2-89361' title='SV XII, 88 \/ ES XI, 393.'><sup>2<\/sup><\/a><\/span> Sin embargo, en la pr\u00e1ctica, los misioneros privilegiaron el ministerio de la Palabra y las Hijas de la Caridad el del servicio. El mismo San Vicente lo reconoci\u00f3 y lo aprobaba: \u00ab<em>Las Hijas de la Caridad han entrado en el orden de la Providencia como medio que Dios nos da para hacer por sus manos lo que no podemos hacer con las nuestras en la asistencia a los pobres<\/em>\u00ab.<span id='easy-footnote-3-89361' class='easy-footnote-margin-adjust'><\/span><span class='easy-footnote'><a href='http:\/\/vincentians.com\/es\/la-mision-y-la-caridad\/#easy-footnote-bottom-3-89361' title='SV VIII, 239 \/ ES VIII, 227.'><sup>3<\/sup><\/a><\/span>\n<p>Desde esta convicci\u00f3n, los misioneros sirven tambi\u00e9n a los pobres cuando colaboran en la animaci\u00f3n espiritual de las Hermanas. Por eso, desde los or\u00edgenes, San Vicente dedic\u00f3 a algunos misioneros a la atenci\u00f3n de las Hijas de la Caridad. Y a otros, como Superior General de las dos Compa\u00f1\u00edas, les deleg\u00f3 tareas de gobierno, por ejemplo a los Padres Portail (primer Director General), Lambert, Almer\u00e1s etc. En una conferencia sobre \u00abLas relaciones de las Hermanas de las casas alejadas con los Superiores de Par\u00eds\u00bb les dice: \u00ab<em>Las Hijas de la Caridad tienen como Superior al General de la Misi\u00f3n, o a aquel que ocupa su lugar; de forma que \u00e9l tiene jurisdicci\u00f3n espiritual sobre toda la Compa\u00f1\u00eda, y ning\u00fan otro, si \u00e9l no se la da<\/em>\u00ab.<span id='easy-footnote-4-89361' class='easy-footnote-margin-adjust'><\/span><span class='easy-footnote'><a href='http:\/\/vincentians.com\/es\/la-mision-y-la-caridad\/#easy-footnote-bottom-4-89361' title='SV X, 655 \/ ES IX, 1173. En el Consejo del 8 septiembre 1655, San Vicente afirma que la se\u00f1orita Legras es \u00ab&lt;em&gt;la cabeza o el alma que anima a toda la Compa\u00f1\u00eda&lt;\/em&gt;\u00bb y que \u00ab&lt;em&gt;puede disponer de todas las Hermanas junto con el Superior General&lt;\/em&gt;\u00ab.'><sup>4<\/sup><\/a><\/span>\n<p>No todos los misioneros compart\u00edan la opini\u00f3n y pr\u00e1ctica del fundador. Las Reglas de la Congregaci\u00f3n de la Misi\u00f3n prohib\u00edan a los misioneros tener ministerios con las religiosas. En esto se apoyaba el P. de la Fosse para probar que los misioneros no deb\u00edan ocuparse de la atenci\u00f3n de las Hermanas. San Vicente, refutando ese argumento, le escribe diciendo: \u00ab<em>Las Hijas de la Caridad no son religiosas&#8230; Si tenemos que dirigirlas es porque, seg\u00fan el plan de Dios, para el nacimiento de su peque\u00f1a Compa\u00f1\u00eda se ha servido de la nuestra; y ya sabe que, Dios utiliza los mismos medios para dar a luz el ser a las cosas que para conservarlas<\/em>\u00ab. Y la conclusi\u00f3n l\u00f3gica que saca San Vicente es que \u00ab<em>tenemos obligaci\u00f3n de ayudarlas a avanzar en la virtud para que se dediquen al ejercicio de la caridad<\/em>\u00ab.<span id='easy-footnote-5-89361' class='easy-footnote-margin-adjust'><\/span><span class='easy-footnote'><a href='http:\/\/vincentians.com\/es\/la-mision-y-la-caridad\/#easy-footnote-bottom-5-89361' title='SV VIII, 238-239 \/ ES VIII, 226-227.'><sup>5<\/sup><\/a><\/span> Y en otra ocasi\u00f3n, adelant\u00e1ndose a posibles objeciones que pudiesen aparecer en el futuro, argument\u00f3 a los misioneros con estas razones: \u00ab<em>\u00bfNo vino nuestro Se\u00f1or a evangelizar a los pobres? S\u00ed. \u00bfNo quiso que le acompa\u00f1asen algunas mujeres? S\u00ed. \u00bfNo las dirigi\u00f3 a la perfecci\u00f3n y al servicio de los pobres? S\u00ed. Pues si nuestro Se\u00f1or hizo todo eso para nuestra instrucci\u00f3n \u00bfcre\u00e9is que no hacemos bien en seguirle? \u00bfEs, acaso, contrario a su modo de proceder atender a esas mujeres para que asistan a los pobres? &#8230; Nuestro Se\u00f1or no vino al mundo sino para evangelizar a los pobres y, sin embargo, dirigi\u00f3 un grupo de mujeres. &#8216;Qu\u00e9 bendici\u00f3n es encontrarnos en el mismo estado que el Hijo de Dios, dirigiendo como \u00c9l, a unas mujeres que le sirven y sirven a los pobres<\/em>\u00ab.<span id='easy-footnote-6-89361' class='easy-footnote-margin-adjust'><\/span><span class='easy-footnote'><a href='http:\/\/vincentians.com\/es\/la-mision-y-la-caridad\/#easy-footnote-bottom-6-89361' title='SV XII, 86-87 \/ ES XI, 392, 397; Cf. SV XII, 38-39 \/ ES XI, 353.'><sup>6<\/sup><\/a><\/span> Para el fundador de ambas Compa\u00f1\u00edas, el que los misioneros se ocupen de la atenci\u00f3n espiritual de las Hijas de la Caridad es una consecuencia l\u00f3gica. Por eso coloca este ministerio al lado de las misiones al pueblo y la formaci\u00f3n del clero; y los tres son maneras diferentes de vivir la vocaci\u00f3n al servicio de los pobres.<\/p>\n<p>Pero en esta colaboraci\u00f3n juega un papel fundamental Santa Luisa. Cuando la Compa\u00f1\u00eda recibi\u00f3 la primera aprobaci\u00f3n (20 de noviembre de 1646) seg\u00fan la cual San Vicente era el Superior General, pero quedaba bajo la autoridad del arzobispo de Par\u00eds, Santa Luisa escribe a San Vicente: \u00ab<em>Esos t\u00e9rminos tan absolutos de depender de Monse\u00f1or \u00bfno podr\u00e1 perjudicarnos en el futuro, al darle libertad para apartarnos del Superior General de la Misi\u00f3n? \u00bfNo ser\u00eda necesario que desde nuestra fundaci\u00f3n, vuestra caridad nos sea dado como director perpetuo? En nombre de Dios, Padre, no permit\u00e1is que ocurra nada que pueda dar pie para que un d\u00eda la Compa\u00f1\u00eda pueda ser separada de la direcci\u00f3n que Dios le ha dado; pues tened la seguridad de que enseguida ya no ser\u00eda lo que es<\/em>\u00ab.<span id='easy-footnote-7-89361' class='easy-footnote-margin-adjust'><\/span><span class='easy-footnote'><a href='http:\/\/vincentians.com\/es\/la-mision-y-la-caridad\/#easy-footnote-bottom-7-89361' title='Carta de Santa Luisa a S. Vicente, Nov. 1646.'><sup>7<\/sup><\/a><\/span> Y un a\u00f1o despu\u00e9s vuelve a escribirle insistiendo en \u00ab<em>la necesidad de que la Compa\u00f1\u00eda est\u00e9 siempre y sucesivamente bajo la direcci\u00f3n que la divina Providencia le ha dado, tanto para lo espiritual como para lo material&#8230; y que ser\u00eda mejor que desapareciese la Compa\u00f1\u00eda por completo antes que estar bajo otra direcci\u00f3n<\/em>\u00ab.<span id='easy-footnote-8-89361' class='easy-footnote-margin-adjust'><\/span><span class='easy-footnote'><a href='http:\/\/vincentians.com\/es\/la-mision-y-la-caridad\/#easy-footnote-bottom-8-89361' title='Carta de Santa Luisa a S. Vicente, Nov. 1647.'><sup>8<\/sup><\/a><\/span> De hecho, en la segunda aprobaci\u00f3n (1655), Santa Luisa consigui\u00f3 lo que pretend\u00eda. Alguien ha dicho que las Hijas de la Caridad son lo que San Vicente quiso y lo que Santa Luisa hizo. Incluso, hasta cruz\u00f3 por su mente la idea de que las dos Compa\u00f1\u00edas formasen una sola instituci\u00f3n.<\/p>\n<p>Ese empe\u00f1o de los fundadores por vincular las dos Compa\u00f1\u00edas tiene una explicaci\u00f3n. Conocemos la insistencia de San Vicente en que las Hijas de la Caridad no fuesen dirigidas por los religiosos. Eso podr\u00eda llevar a que ellas asimilasen elementos del estado religioso, con el riesgo de que las identificasen con las religiosas, lo cual, en aquella \u00e9poca, conllevaba vivir en clausura. Y si esto ocurriese -como as\u00ed sucedi\u00f3 con las Visitandinas de San Francisco de Sales- \u00ab<em>adi\u00f3s a la caridad y al servicio a los pobres<\/em>\u00ab.<\/p>\n<p>Hay otra vertiente m\u00e1s importante y vital desde la que se explica y comprende la \u00edntima relaci\u00f3n que existe entre las dos Congregaciones. Es la uni\u00f3n, la sinton\u00eda y el dinamismo que provienen del estar animadas por un mismo esp\u00edritu. Un mismo esp\u00edritu que brota, ante todo, de un modo de seguimiento a Cristo inspirado por el Esp\u00edritu Santo a San Vicente. Un Cristo Evangelizador y Servidor de los Pobres, caridad infinita, amor humillado. Ese Cristo es la Regla de la Misi\u00f3n y de las Hijas de la Caridad. A ese Cristo es al que tienen que contemplar en la oraci\u00f3n, para traducir sus mismas actitudes en el servicio de evangelizaci\u00f3n y en la atenci\u00f3n de los pobres. Un mismo esp\u00edritu que se expresa en unas virtudes caracter\u00edsticas de ambas Compa\u00f1\u00edas.<\/p>\n<p>San Vicente, comunicando su fe y su experiencia, trat\u00f3 de que los misioneros y las Hijas de la Caridad tambi\u00e9n se revistiesen de ese esp\u00edritu de Jesucristo. Las conferencias a unos y a otras fueron el principal instrumento del que se sirvi\u00f3. Ser\u00eda interesante al respecto estudiar la similitud doctrinal que hay entre las conferencias que dio a los Padres y a las Hermanas. En la explicaci\u00f3n que les da de las Reglas, de los votos, de las virtudes, de la oraci\u00f3n y otras pr\u00e1cticas espirituales y comunitarias es palpable esa similitud.<\/p>\n<p>Y no s\u00f3lo las ense\u00f1anzas son similares; frecuentemente dice a las Hermanas: en nuestra Congregaci\u00f3n hacemos esto o aquello, o les pone el ejemplo de algunos Padres y Hermanos. Lo que s\u00ed se ha estudiado es la similitud de los votos de ambas Compa\u00f1\u00edas, su secularidad, el estatuto de pobreza &#8230; No es de extra\u00f1ar que, incluso hoy, cuando los misioneros hablamos a las Hermanas, ellas perciban que les damos \u00abel pan de casa\u00bb; y cuando son otros los que lo hacen, sintonizando con su espiritualidad, digan: \u00abparece un hijo de San Vicente\u00bb.<\/p>\n<h2><strong>2. Despu\u00e9s de los fundadores<\/strong><\/h2>\n<p>El 6 de junio de 1668, la Compa\u00f1\u00eda obtuvo la aprobaci\u00f3n pontificia concedida por el Cardenal Vend\u00f4me, legado del Papa Clemente IX, a petici\u00f3n del primer sucesor de San Vicente, P. Almer\u00e1s, y de la tercera Superiora General de la Compa\u00f1\u00eda, Sor Maturina Guerin. Por tal aprobaci\u00f3n, la Compa\u00f1\u00eda deja de ser una \u00abcofrad\u00eda\u00bb para constituirse en una comunidad secular que depende del Papa y no de los Obispos. Esos dos Superiores Generales redactaron las Reglas Comunes de la Compa\u00f1\u00eda, publicadas en 1672. El P. Bonnet public\u00f3 los Estatutos en 1718. En ellos se precisa c\u00f3mo es el gobierno de la Compa\u00f1\u00eda, los votos, las elecciones, la admisi\u00f3n, los diversos oficios etc. Respecto a la manera de gobierno dicen que la Compa\u00f1\u00eda la gobierna la Superiora General con el Superior General de la Misi\u00f3n.<\/p>\n<p>El P. Henin redacta la Instrucci\u00f3n sobre los votos que aprobar\u00e1 y publicar\u00e1 el Superior General, P. Pierron, en 1701. En ese catecismo se explica a las Hermanas las obligaciones que contraen al asumir los votos, entre otras, la obediencia al Superior General de la Congregaci\u00f3n de la Misi\u00f3n.<\/p>\n<p>Desde 1711 a 1736 es el P. Bonnet quien dirige el gobierno de las dos Compa\u00f1\u00edas. A \u00e9l se debe un gran desarrollo del derecho particular de la Compa\u00f1\u00eda: visitas can\u00f3nicas y regulares, asambleas cada seis a\u00f1os para la elecci\u00f3n de la Superiora General, reglamentos del Director General, Asistenta, Ec\u00f3noma, Secretaria y administraci\u00f3n de bienes.<\/p>\n<p>Durante el siglo XIX y la celebraci\u00f3n del Concilio Vaticano I, la Compa\u00f1\u00eda es blanco de las pretensiones de varios obispos que intentan substraerlas a la autoridad del Superior General, hacerlas religiosas, designar los confesores, suprimir la visita can\u00f3nica que hac\u00edan los misioneros, disponer de los bienes de la Compa\u00f1\u00eda etc. Las valientes intervenciones de los Superiores Generales consiguen que Roma responda confirmando siempre lo establecido en la Compa\u00f1\u00eda.<\/p>\n<p>Es en el siglo XX cuando se esclarece y consolida definitivamente la autoridad del Superior General sobre la Compa\u00f1\u00eda de las Hijas de la Caridad, gracias al Derecho Can\u00f3nico de 1917 y a la evoluci\u00f3n del derecho particular de la Compa\u00f1\u00eda. El Papa P\u00edo XII firma el Decreto (17 de octubre de 1946) confirmando dicha autoridad y la exenci\u00f3n de los obispos. Lo mismo se conceder\u00e1 al aprobar las primeras Constituciones acomodadas al Derecho Can\u00f3nico, el 1\u00ba de junio de 1954. Esas primeras Constituciones tienen un tono jur\u00eddico y religioso, pero desde otros puntos de vista, clarifican temas fundamentales.<\/p>\n<h2><strong>3. Desde el Concilio Vaticano II hasta hoy<\/strong><\/h2>\n<p>La gran expansi\u00f3n de las dos Compa\u00f1\u00edas se dio entre los siglos XIX y XX hasta la d\u00e9cada de los a\u00f1os setenta. Durante esta \u00e9poca, la colaboraci\u00f3n entre las dos Compa\u00f1\u00edas se ampl\u00eda en todos los sentidos.<\/p>\n<p>La pr\u00e1ctica que frecuentemente siguieron los dos fundadores fue enviar una nueva comunidad de Hijas de la Caridad all\u00ed donde ya estaba presente la Congregaci\u00f3n de la Misi\u00f3n o viceversa.<span id='easy-footnote-9-89361' class='easy-footnote-margin-adjust'><\/span><span class='easy-footnote'><a href='http:\/\/vincentians.com\/es\/la-mision-y-la-caridad\/#easy-footnote-bottom-9-89361' title='cf. SV X, 475, 563. \/ ES IX, 1028, 1099.'><sup>9<\/sup><\/a><\/span> Algo similar ha ocurrido despu\u00e9s. El origen de muchas de las actuales Provincias o la presencia de comunidades en lugares concretos se ha debido al reclamo de Padres o Hermanas que ya estaban presentes all\u00ed. El apoyo que mutuamente se han prestado en el proceso de consolidaci\u00f3n o en situaciones dif\u00edciles por las que unos y otras han podido pasar ha sido ejemplar muchas veces.<\/p>\n<p>El Concilio Vaticano II mand\u00f3 que todas las Congregaciones revisasen sus Constituciones. El Papa Pablo VI y dos rescriptos de la Sagrada Congregaci\u00f3n de religiosos (1967) dieron las normas sobre c\u00f3mo hacerlo: se introducen las Asambleas Generales con poder legislativo y m\u00e1ximo \u00f3rgano de gobierno (hasta entonces s\u00f3lo se hab\u00edan convocado para elegir a la Superiora General) y las Asambleas provinciales y locales. Tanto en la elaboraci\u00f3n de los reglamentos para esas tres clases de asambleas como en las sucesivas redacciones de las nuevas Constituciones (1968, 1974 y 1980), la Congregaci\u00f3n de la Misi\u00f3n colabora con las Hijas de la Caridad aportando los misioneros m\u00e1s expertos en Derecho Can\u00f3nico y en doctrina vicenciana. El 2 de febrero de 1983 fueron aprobadas las actuales Constituciones. Son el resultado de doce a\u00f1os de reflexi\u00f3n y trabajo de toda la Compa\u00f1\u00eda y un texto mod\u00e9lico en el que se conjuga perfectamente la fidelidad a los or\u00edgenes y la atenci\u00f3n a los signos de este tiempo. En ese texto de las Constituciones se establecen los principios y los criterios sobre los que se apoyan hoy las relaciones de la Compa\u00f1\u00eda con la Congregaci\u00f3n de la Misi\u00f3n. Podemos clasificarlos en cuatro niveles:<\/p>\n<h3><strong><em>a) Nivel de Gobierno<\/em><\/strong><\/h3>\n<p>La Compa\u00f1\u00eda, fiel a lo querido por los fundadores, tiene como Superior General al de la Congregaci\u00f3n de la Misi\u00f3n con poder dominativo y de jurisdicci\u00f3n. Su misi\u00f3n es, ante todo, procurar que las Hijas de la Caridad mantengan su identidad y conserven vivo el esp\u00edritu vicenciano. Para ello se vale de los medios que juzga convenientes: escritos, visitas, conferencias&#8230; Las Constituciones le conf\u00edan especialmente todo lo relacionado con los votos; preside el Consejo y la Asamblea General y es el int\u00e9rprete pr\u00e1ctico de las Constituciones.<span id='easy-footnote-10-89361' class='easy-footnote-margin-adjust'><\/span><span class='easy-footnote'><a href='http:\/\/vincentians.com\/es\/la-mision-y-la-caridad\/#easy-footnote-bottom-10-89361' title='C. 3. 27 y 1. 14.'><sup>10<\/sup><\/a><\/span> Nombra al Director General,<span id='easy-footnote-11-89361' class='easy-footnote-margin-adjust'><\/span><span class='easy-footnote'><a href='http:\/\/vincentians.com\/es\/la-mision-y-la-caridad\/#easy-footnote-bottom-11-89361' title='C. 3. 28.'><sup>11<\/sup><\/a><\/span> Directores Provinciales,<span id='easy-footnote-12-89361' class='easy-footnote-margin-adjust'><\/span><span class='easy-footnote'><a href='http:\/\/vincentians.com\/es\/la-mision-y-la-caridad\/#easy-footnote-bottom-12-89361' title='C. 3. 38.'><sup>12<\/sup><\/a><\/span> Visitadoras,<span id='easy-footnote-13-89361' class='easy-footnote-margin-adjust'><\/span><span class='easy-footnote'><a href='http:\/\/vincentians.com\/es\/la-mision-y-la-caridad\/#easy-footnote-bottom-13-89361' title='C. 3. 36.'><sup>13<\/sup><\/a><\/span> Consejeras Provinciales<span id='easy-footnote-14-89361' class='easy-footnote-margin-adjust'><\/span><span class='easy-footnote'><a href='http:\/\/vincentians.com\/es\/la-mision-y-la-caridad\/#easy-footnote-bottom-14-89361' title='C. 3. 39.'><sup>14<\/sup><\/a><\/span> y confirma los nombramientos de la Ec\u00f3noma General,<span id='easy-footnote-15-89361' class='easy-footnote-margin-adjust'><\/span><span class='easy-footnote'><a href='http:\/\/vincentians.com\/es\/la-mision-y-la-caridad\/#easy-footnote-bottom-15-89361' title='C. 3. 32.'><sup>15<\/sup><\/a><\/span> Ec\u00f3nomas Provinciales<span id='easy-footnote-16-89361' class='easy-footnote-margin-adjust'><\/span><span class='easy-footnote'><a href='http:\/\/vincentians.com\/es\/la-mision-y-la-caridad\/#easy-footnote-bottom-16-89361' title='C. 3. 40'><sup>16<\/sup><\/a><\/span> y Hermanas Sirvientes.<span id='easy-footnote-17-89361' class='easy-footnote-margin-adjust'><\/span><span class='easy-footnote'><a href='http:\/\/vincentians.com\/es\/la-mision-y-la-caridad\/#easy-footnote-bottom-17-89361' title='C. 3. 45; Est. 35.'><sup>17<\/sup><\/a><\/span>\n<p>En la autoridad del Superior General se sustentan las relaciones de autoridad que otros miembros de la Congregaci\u00f3n de la Misi\u00f3n pueden tener en la Compa\u00f1\u00eda: Director General y Directores Provinciales.<\/p>\n<p>Esta autoridad en la cumbre de las dos Compa\u00f1\u00edas no las hace dependientes una de la otra. Ni la Congregaci\u00f3n de la Misi\u00f3n es la rama masculina de la Compa\u00f1\u00eda, ni \u00e9sta es la rama femenina de la Congregaci\u00f3n de la Misi\u00f3n. Cada una tiene sus Constituciones propias y en ellas se establecen tambi\u00e9n sus formas de gobierno.<\/p>\n<p>Las de las Hijas de la Caridad dicen: \u00ab<em>El Gobierno inmediato de la Compa\u00f1\u00eda lo ejerce la Superiora General, ayudada por el Consejo General<\/em>\u00ab.<span id='easy-footnote-18-89361' class='easy-footnote-margin-adjust'><\/span><span class='easy-footnote'><a href='http:\/\/vincentians.com\/es\/la-mision-y-la-caridad\/#easy-footnote-bottom-18-89361' title='C. 1. 15; cf. 3. 29.'><sup>18<\/sup><\/a><\/span> La continua comunicaci\u00f3n entre los dos Superiores Generales hace que el gobierno se ejerza sin interferencias ni dificultades especiales. La personalidad distinta de cada uno de ellos da un tono diferente a ese gobierno conjunto. Relaciones similares tendr\u00e1n que darse en los otros niveles de gobierno en los que participan los misioneros: Director General y Directores Provinciales. No me detengo en este \u00faltimo aspecto porque lo tratar\u00e9 expresamente el d\u00eda que presente el oficio del Director Provincial. Pero hay que decir, en relaci\u00f3n con este nivel jur\u00eddico, que tanto el Superior General, como el Director General y Provinciales tenemos una funci\u00f3n de gobierno -la que nos concede el derecho propio de la Compa\u00f1\u00eda- y que no se reduce a ser directores o asesores espirituales. Hay que reconocer y aceptar que las atribuciones y el modo de ejercer estos niveles de gobierno han evolucionado, acentu\u00e1ndose cada vez m\u00e1s los aspectos espirituales y pastorales. Pero las Constituciones y Estatutos siguen asignando y pidiendo a algunos misioneros una colaboraci\u00f3n a nivel de gobierno que, mientras lo mantengan, habr\u00e1 que aceptar y no debemos descuidar.<\/p>\n<h3><strong><em>b) Nivel espiritual<\/em><\/strong><\/h3>\n<p>Es en este plano -junto con el pastoral- donde se da y se percibe la mayor colaboraci\u00f3n entre ambas Compa\u00f1\u00edas. Algunas estad\u00edsticas que se han hecho sobre este particular muestran que -adem\u00e1s del Superior General, del Director General y Provinciales- casi un tercio de los miembros de la Congregaci\u00f3n de la Misi\u00f3n tienen alg\u00fan ministerio con las Hermanas. Esos ministerios son muy diversos: ejercicios espirituales, retiros mensuales, visitas trimestrales, confesores, directores espirituales, colaboradores en la formaci\u00f3n, capellanes etc. Generalmente esa colaboraci\u00f3n se establece de com\u00fan acuerdo entre Visitadora, Director, Hermanas Sirvientes, por una parte, y Visitadores, Superiores locales y misioneros por otra. As\u00ed se evitan posibles conflictos que puedan aparecer en la pr\u00e1ctica. Las Constituciones de la Compa\u00f1\u00eda dicen: \u00ab<em>La direcci\u00f3n espiritual es un medio eficaz para adelantar en la imitaci\u00f3n de Cristo. Para ella, las Hijas de la Caridad acuden con preferencia a los Sacerdotes de la Misi\u00f3n, como a los m\u00e1s aptos para ayudarlas a responder a su vocaci\u00f3n vicenciana<\/em>\u00ab.<span id='easy-footnote-19-89361' class='easy-footnote-margin-adjust'><\/span><span class='easy-footnote'><a href='http:\/\/vincentians.com\/es\/la-mision-y-la-caridad\/#easy-footnote-bottom-19-89361' title='C. 2. 13 \u00a7 2\u00ba.'><sup>19<\/sup><\/a><\/span> Y el Estatuto 23: \u00ab<em>En las diferentes etapas de la formaci\u00f3n, se procura recurrir a la competencia de personas cualificadas. Para la orientaci\u00f3n espiritual y vicenciana, se acude, en cuanto es posible, a los Sacerdotes de la Misi\u00f3n<\/em>\u00ab.<\/p>\n<p>Por su parte, las Constituciones de la Congregaci\u00f3n de la Misi\u00f3n dicen: \u00ab<em>Dado que la Congregaci\u00f3n de la Misi\u00f3n goza de la misma herencia que las Hijas de la Caridad, los misioneros se prestar\u00e1n gozosos a ayudarles cuando lo pidan, especialmente en lo que concierne a ejercicios y direcci\u00f3n espiritual. Tambi\u00e9n colaborar\u00e1n siempre con ellas fraternalmente en las obras emprendidas de com\u00fan acuerdo<\/em>\u00ab.<span id='easy-footnote-20-89361' class='easy-footnote-margin-adjust'><\/span><span class='easy-footnote'><a href='http:\/\/vincentians.com\/es\/la-mision-y-la-caridad\/#easy-footnote-bottom-20-89361' title='C. 17.'><sup>20<\/sup><\/a><\/span>\n<p>La mayor parte de las aproximadamente 500 tandas de ejercicios espirituales anuales a las Hijas de la Caridad est\u00e1n confiados a Sacerdotes de la Misi\u00f3n. Y all\u00ed donde no son ellos los que los dirigen, es m\u00e1s bien por escasez de misioneros que por la falta de disponibilidad. Las Hermanas, en general, aprecian esta colaboraci\u00f3n, aunque algunas prefieren otras modalidades. Por eso, la \u00faltima Asamblea General aprob\u00f3 una proposici\u00f3n que dice: \u00ab<em>Hacen un retiro anual de ocho d\u00edas, determinado por las normas establecidas en cada Provincia<\/em>\u00ab. En cada Provincia, pues, se puede determinar cu\u00e1l ser\u00e1 la forma m\u00e1s provechosa para conseguir la finalidad de esa pr\u00e1ctica del retiro anual.<\/p>\n<p>En las etapas de formaci\u00f3n inicial, principalmente, se recomienda a las Hermanas la pr\u00e1ctica de la direcci\u00f3n espiritual, preferentemente con los sacerdotes de la Misi\u00f3n. En este campo hay mayores dificultades, bien sea por el escaso n\u00famero de misioneros, bien porque no les agrada o no se sienten preparados para prestar este servicio a las Hermanas. Sin embargo, son muchas las que ocasionalmente o en momentos especiales acuden al consejo de los misioneros.<\/p>\n<p>Esta colaboraci\u00f3n a nivel espiritual requiere, de parte de los misioneros, respetar y alentar la identidad de la Compa\u00f1\u00eda. Para ello tendr\u00e1n que conocer los escritos de los fundadores, sus Constituciones y Estatutos, la Instrucci\u00f3n sobre los votos, los Documentos de cada Asamblea General, los Ecos de la Compa\u00f1\u00eda &#8230; Una llamada de atenci\u00f3n: hoy se escribe mucho sobre la vida religiosa. Si no sabemos seleccionar lo que dentro de esa bibliograf\u00eda es coherente con la identidad de las Hijas de la Caridad corremos el peligro de \u00abreligiosizarlas\u00bb. Si nos consideran como los m\u00e1s aptos para ayudarles a ser fieles a su propio carisma es porque suponen que lo conocemos.<\/p>\n<h3><strong><em>c) Nivel pastoral<\/em><\/strong><\/h3>\n<p>La colaboraci\u00f3n pastoral entre las dos Compa\u00f1\u00edas es muy diversa en formas e intensidad. Al no estar regulada por normas, depende de los pa\u00edses, las obras, el n\u00famero de miembros, las posibilidades y el talante de las personas. La colaboraci\u00f3n por parte de las Hermanas se da en la catequesis y las celebraciones lit\u00fargicas, en la pastoral con los enfermos y personas mayores, en dispensarios, guarder\u00edas y otros centros educativos, en la animaci\u00f3n de los grupos de laicos vicencianos, en la pastoral juvenil y vocacional. Un campo en el que se est\u00e1 dando hoy una especial colaboraci\u00f3n pastoral es en las misiones populares, y tambi\u00e9n mediante comisiones interprovinciales en el campo de la ense\u00f1anza, de la pastoral juvenil y vocacional.<\/p>\n<h3><strong><em>d) Nivel de formaci\u00f3n<\/em><\/strong><\/h3>\n<p>Las Hermanas, en general, piensan que los misioneros est\u00e1n m\u00e1s capacitados que ellas en el campo de la formaci\u00f3n. Por eso piden hoy su colaboraci\u00f3n con m\u00e1s insistencia.<\/p>\n<p>En varios pa\u00edses donde la Congregaci\u00f3n de la Misi\u00f3n y la Compa\u00f1\u00eda tienen varias Provincias, viene funcionando, con m\u00e1s o menos \u00e9xito y frecuencia, la comisi\u00f3n mixta compuesta por Visitadores, Visitadoras y Directores. Y si bien tratan de todos aquellos asuntos que afectan a las dos Compa\u00f1\u00edas, el tema m\u00e1s frecuente es el de la colaboraci\u00f3n interprovincial en la formaci\u00f3n.<\/p>\n<p>Las Visitadoras de Am\u00e9rica Latina han iniciado un centro de formaci\u00f3n interprovincial para Hermanas, con sede en Bogot\u00e1 (Colombia) que cuenta con el asesoramiento de la Confederaci\u00f3n Latinoamerciana de las Provincias Vicentinas de la Congregaci\u00f3n de la Misi\u00f3n (CLAPVI) y de las Hijas de la Caridad. Este organismo est\u00e1 impulsando la colaboraci\u00f3n en proyectos pastorales conjuntos y en la formaci\u00f3n de misioneros, Hermanas y laicado vicenciano. Algo similar est\u00e1 proyect\u00e1ndose en Filipinas entre Padres y Hermanas para el continente asi\u00e1tico. En Espa\u00f1a son ya veinticinco las Semanas de estudios Vicencianos (Salamanca) en las que participan Padres, Hermanas en gran n\u00famero y laicos. Existen tambi\u00e9n cursos de estudios vicencianos para Hermanas en tres niveles: de iniciaci\u00f3n, medio y de profundizaci\u00f3n. A \u00e9ste, de un mes de duraci\u00f3n, se incorporan tambi\u00e9n los misioneros. Y tanto en las Semanas como en los cursos, los profesores son predominantemente de la Familia Vicenciana. La editorial CEME ha sido desde hace treinta a\u00f1os, el mejor medio de difusi\u00f3n de la doctrina vicenciana entre los hispanoparlantes y, por lo mismo, de formaci\u00f3n para los miembros de las dos Compa\u00f1\u00edas.<\/p>\n<p>El impulso que nuestro Superior General est\u00e1 dando a la Familia Vicenciana, en su sentido m\u00e1s amplio, abre unas posibilidades nuevas y probablemente m\u00e1s eficaces a la colaboraci\u00f3n. Por ahora, los frutos se perciben en un mayor conocimiento y cercan\u00eda entre las distintas ramas del \u00e1rbol vicenciano, en la animaci\u00f3n espiritual y en la formaci\u00f3n. Pero, sin duda, que la mayor colaboraci\u00f3n entre todas esas fuerzas dar\u00e1 como fruto el poder emprender obras de servicios a los pobres que sin esa colaboraci\u00f3n ser\u00edan imposibles. Los secretariados internacionales de JMV (Juventud Marina Vicenciana) y MISEVI (Misioneros Seglares Vicencianos) son otros dos cauces y motivos de esperanza en esa colaboraci\u00f3n.<\/p>\n<h2><strong>4. <\/strong><strong>Desde el hoy, mirando al futuro<\/strong><\/h2>\n<p>Hemos hecho un breve recorrido a trav\u00e9s de casi cuatro siglos de colaboraci\u00f3n de las dos Compa\u00f1\u00edas, unidas por un mismo fundador y un mismo esp\u00edritu. Hemos se\u00f1alado cuatro campos en los que se ha concretado y expresado la colaboraci\u00f3n. \u00bfQu\u00e9 evaluaci\u00f3n podemos hacer de esta larga historia?<\/p>\n<p>Creo que, con m\u00e1s luces que sombras, el resultado es altamente positivo para las dos Compa\u00f1\u00edas. Quiz\u00e1 encontremos algunas sombras en un excesivo centralismo y autoritarismo, intromisi\u00f3n a veces, en algunos Superiores Generales que no siempre respetaron la autonom\u00eda de la Compa\u00f1\u00eda; o en algunos Visitadores que hasta 1955 eran al mismo tiempo Directores de las Hermanas en sus respectivas Provincias y en los Directores que decid\u00edan los nombramientos y los destinos de las Hermanas. Pero desde esos tres niveles de autoridad ha sido tambi\u00e9n donde se ha defendido ante diversas instancias el estatuto jur\u00eddico de la Compa\u00f1\u00eda, su secularidad y exenci\u00f3n etc.. Y sobre todo, con la animaci\u00f3n espiritual, se ha contribuido a que no se haya resentido la unidad de la Compa\u00f1\u00eda, pese a estar extendida por los cinco continentes.<\/p>\n<p>En relaci\u00f3n con este aspecto jur\u00eddico y de gobierno, las Hermanas no cuestionan la autoridad del Superior General ni de los Directores. Sin duda que habr\u00e1 algunas que juzgan anacr\u00f3nica la presencia de los misioneros en esos tres niveles del gobierno. Ciertamente que es una situaci\u00f3n \u00fanica en la vida consagrada que tampoco entienden otras congregaciones, menos a\u00fan en contextos culturales m\u00e1s marcadamente feministas. Pero \u00e9sta no es una tendencia generalizada entre las Hermanas. De ser as\u00ed, habr\u00edan cambiado su derecho propio al respecto, como tienen la posibilidad de hacerlo en cada Asamblea General. Algunas Hermanas sugieren tener alg\u00fan modo de participaci\u00f3n con motivo del nombramiento del Superior General, no necesariamente a trav\u00e9s de una votaci\u00f3n, sino algo similar a las consultas que se hacen para el nombramiento del Director General o de los Directores Provinciales.<\/p>\n<p>Lo cierto es que ninguna de estas opiniones han hecho disminuir el respeto y aprecio por el Superior General ni por quienes somos sus delegados ante la Compa\u00f1\u00eda y las Provincias. Y sin embargo, hay que reconocer que ejercer una autoridad compartida y complementaria respetando la autonom\u00eda no siempre es f\u00e1cil. Pero una larga historia demuestra que es posible y ha resultado beneficiosa.<\/p>\n<p>En el nivel espiritual, las Hermanas reconocen la ayuda que han recibido de los misioneros en orden a mantener la fidelidad al esp\u00edritu. En sus Constituciones y Estatutos siguen consider\u00e1ndonos los m\u00e1s aptos para alentar su fidelidad a la vocaci\u00f3n. Y en este sentido est\u00e1n exigi\u00e9ndonos una mayor formaci\u00f3n, incluyendo en ella un mejor conocimiento de su identidad y espiritualidad. Desean de los misioneros una mayor preparaci\u00f3n y disponibilidad para la direcci\u00f3n espiritual, y tambi\u00e9n que se les ofrezca la oportunidad de recibir m\u00e1s frecuentemente el sacramento de la Penitencia.<\/p>\n<p>En el nivel pastoral hay que reconocer que las Hermanas han sido y est\u00e1n siendo una de las columnas sobre las que se apoyan bastantes de los proyectos pastorales de la Congregaci\u00f3n de la Misi\u00f3n. En algunos casos nos reprochan falta de confianza en ellas y excesivo autoritarismo y paternalismo por nuestra parte. Desean una colaboraci\u00f3n en plano de igualdad respetando las diferencias. \u00abVita Consecrata\u00bb pide que, ante la nueva conciencia femenina y sus justas reivindicaciones, los hombres revisen sus esquemas mentales.<span id='easy-footnote-21-89361' class='easy-footnote-margin-adjust'><\/span><span class='easy-footnote'><a href='http:\/\/vincentians.com\/es\/la-mision-y-la-caridad\/#easy-footnote-bottom-21-89361' title='V. C. 57 a.'><sup>21<\/sup><\/a><\/span>\n<p>En el nivel de la formaci\u00f3n, particularmente la vicenciana, las Hermanas reconocen la aportaci\u00f3n insustituible de los misioneros, especialmente de los expertos en vicencianismo, y el impulso que han recibido para lanzarse ellas mismas a explorar y profundizar en un terreno que, durante siglos, parec\u00eda ser exclusivo de la Congregaci\u00f3n de la Misi\u00f3n.<\/p>\n<h2><strong><em>Conclusi\u00f3n<\/em><\/strong><\/h2>\n<p>En la Exhortaci\u00f3n Apost\u00f3lica \u00abVita Consecrata\u00bb, Juan Pablo II ha recordado la misi\u00f3n insustituible que sigue teniendo hoy la vida consagrada en la Iglesia y en el mundo. Y a la vez, ha insistido en la necesidad de que cada una de las ramas que forman el \u00e1rbol de la vida consagrada sea fiel a su identidad, a sus or\u00edgenes y sanas tradiciones.<\/p>\n<p>En la persona del Superior General de ambas Compa\u00f1\u00edas sigue haci\u00e9ndose presente una voluntad y una tradici\u00f3n que se remonta hasta los fundadores. De esa autoridad del Superior General dimanan fundamentalmente los lazos jur\u00eddicos y espirituales que han existido y existen entre la Congregaci\u00f3n de la Misi\u00f3n y las Hijas de la Caridad. Y de ah\u00ed se ha expandido y concretado en la colaboraci\u00f3n pastoral, formaci\u00f3n etc. Negar u olvidar esta historia nos incapacitar\u00eda para comprender algo que ha caracterizado las mutuas relaciones de ambas Compa\u00f1\u00edas. Romper con esa historia ser\u00eda un empobrecimiento para una y para otra, y, sin duda, tambi\u00e9n para la misi\u00f3n que las dos tienen confiada entre los pobres.<\/p>\n<p>Probablemente, como ha venido ocurriendo, seguir\u00e1 habiendo cambios en la manera de comprender, ejercer y expresar esa unidad y colaboraci\u00f3n, poniendo el acento en lo espiritual, lo formativo y lo pastoral. El impulso que los Superiores Generales est\u00e1n dando a la Familia Vicenciana abre nuevos horizontes. Pero no ser\u00edamos coherentes si ese impulso a la Familia Vicenciana alargada fuese en detrimento del apoyo y la colaboraci\u00f3n que ha existido siempre entre quienes nos hemos y nos han considerado como las dos ramas m\u00e1s importantes del \u00e1rbol vicenciano.<\/p>\n<p>A lo largo de la conferencia ha aparecido con mayor insistencia la aportaci\u00f3n y la colaboraci\u00f3n de la Congregaci\u00f3n de la Misi\u00f3n con la Compa\u00f1\u00eda que a la inversa. Se comprende que as\u00ed haya sido por ser un miembro de la Congregaci\u00f3n quien les ha hablado. Sugiero que alguna Hija de la Caridad continuase este tema enfoc\u00e1ndolo en la otra direcci\u00f3n. Y si constatase que ha sido menor la influencia y la aportaci\u00f3n de la Compa\u00f1\u00eda hacia la Congregaci\u00f3n de la Misi\u00f3n, personalmente creo que en el futuro tendr\u00eda que corregirse ese d\u00e9ficit. Los misioneros tambi\u00e9n necesitamos ser dinamizados y enriquecidos por las Hermanas. Muchos ya lo reconocen. Frecuentemente leo en los Boletines provinciales de las Hermanas las palabras de agradecimiento que dirigen a los Directores Provinciales que cesan. Estos responden siempre reconociendo que han recibido de ellas m\u00e1s de lo que ellos han dado. Uno de los cohermanos que han comenzado la misi\u00f3n en \u00c1frica Central me escribe textualmente: \u00ab\u00a1Qu\u00e9 ser\u00eda de nosotros sin la ayuda que estamos recibiendo de las Hermanas!\u00bb.<\/p>\n<p>La Congregaci\u00f3n de la Misi\u00f3n y la Compa\u00f1\u00eda de las Hijas de la Caridad tienen cada una su propia identidad y autonom\u00eda. Es un fin similar y un mismo esp\u00edritu lo que las une. Y una historia secular de colaboraci\u00f3n fraterna de la que somos herederos. En el libro de esa historia hay p\u00e1ginas hermosas e inolvidables. Habr\u00e1 que seguir a\u00f1adiendo otras similares.<\/p>\n<p>He comenzado esta conferencia diciendo que ser\u00eda como el tel\u00f3n de fondo y el marco de todo lo que viviremos juntos durante este mes de formaci\u00f3n. Concluyo diciendo que en el presente y en el futuro, el Director Provincial es el miembro de la Congregaci\u00f3n de la Misi\u00f3n que mejor puede encarnar y potenciar esa unidad y colaboraci\u00f3n entre ambas Compa\u00f1\u00edas. No s\u00f3lo por lo que conlleva su ministerio en los niveles de gobierno, espiritual, pastoral y formativo, sino tambi\u00e9n porque es el cauce que puede facilitar el que esa corriente de ayuda y colaboraci\u00f3n mutua entre los miembros de las dos Compa\u00f1\u00edas circule en ambos sentidos. As\u00ed lo reconoce y pide el Directorio de los Directores.<span id='easy-footnote-22-89361' class='easy-footnote-margin-adjust'><\/span><span class='easy-footnote'><a href='http:\/\/vincentians.com\/es\/la-mision-y-la-caridad\/#easy-footnote-bottom-22-89361' title='cf. N&lt;sup&gt;os&lt;\/sup&gt;, 70-71.'><sup>22<\/sup><\/a><\/span> Este es uno de los objetivos de este mes vicenciano para los Directores Provinciales.<\/p>\n<p>Quien m\u00e1s luch\u00f3 por esos v\u00ednculos de colaboraci\u00f3n y proximidad fue Santa Luisa. Concluyo con esta reflexi\u00f3n y experiencia que ella nos transmiti\u00f3: \u00ab<em>El d\u00eda de la octava del Corpus, adorando en el coro de nuestros venerados Padres, le ped\u00ed por la uni\u00f3n del Verbo con la naturaleza divina, que ellos y nosotras estuvi\u00e9ramos unidos a \u00e9l eternamente y en adhesi\u00f3n inquebrantable a la jerarqu\u00eda apost\u00f3lica, mediante la uni\u00f3n firme y sincera de todo el cuerpo de ambas familias con los pobres, seg\u00fan es la voluntad de Dios<\/em>\u00ab.<span id='easy-footnote-23-89361' class='easy-footnote-margin-adjust'><\/span><span class='easy-footnote'><a href='http:\/\/vincentians.com\/es\/la-mision-y-la-caridad\/#easy-footnote-bottom-23-89361' title='&lt;em&gt;Santa Luisa, &lt;\/em&gt;Corres.y Escr. E. 33, p. 718.'><sup>23<\/sup><\/a><\/span>\n","protected":false},"excerpt":{"rendered":"<p>Introducci\u00f3n La historia de la Congregaci\u00f3n de la Misi\u00f3n y de la Compa\u00f1\u00eda de las Hijas de la Caridad se ha ido tejiendo con unos lazos espirituales, apost\u00f3licos y jur\u00eddicos que se remontan a los &#8230; <a href=\"http:\/\/vincentians.com\/es\/la-mision-y-la-caridad\/\" class=\"more-link\">Read More<\/a><\/p>\n","protected":false},"author":4,"featured_media":141361,"comment_status":"open","ping_status":"open","sticky":false,"template":"","format":"standard","meta":{"jetpack_post_was_ever_published":false,"_jetpack_newsletter_access":"","_jetpack_dont_email_post_to_subs":false,"_jetpack_newsletter_tier_id":0,"_jetpack_memberships_contains_paywalled_content":false,"_jetpack_memberships_contains_paid_content":false,"footnotes":"","jetpack_publicize_message":"","jetpack_publicize_feature_enabled":true,"jetpack_social_post_already_shared":true,"jetpack_social_options":{"image_generator_settings":{"template":"highway","default_image_id":0,"font":"","enabled":false},"version":2}},"categories":[28],"tags":[230,173,175,145,144,195,176,172,127],"class_list":["post-89361","post","type-post","status-publish","format-standard","has-post-thumbnail","hentry","category-formacion-vicenciana","tag-almeras","tag-chatillon-les-dombes","tag-folleville","tag-gannes","tag-lambert","tag-misioneros-seglares","tag-misiones-populares","tag-pobreza","tag-portail"],"yoast_head":"<!-- This site is optimized with the Yoast SEO plugin v26.3 - https:\/\/yoast.com\/wordpress\/plugins\/seo\/ -->\n<title>La Misi\u00f3n y la Caridad - Somos Vicencianos<\/title>\n<meta name=\"robots\" content=\"index, follow, max-snippet:-1, max-image-preview:large, max-video-preview:-1\" \/>\n<link rel=\"canonical\" href=\"http:\/\/vincentians.com\/es\/la-mision-y-la-caridad\/\" \/>\n<meta property=\"og:locale\" content=\"es_ES\" \/>\n<meta property=\"og:type\" content=\"article\" \/>\n<meta property=\"og:title\" content=\"La Misi\u00f3n y la Caridad - Somos Vicencianos\" \/>\n<meta property=\"og:description\" content=\"Introducci\u00f3n La historia de la Congregaci\u00f3n de la Misi\u00f3n y de la Compa\u00f1\u00eda de las Hijas de la Caridad se ha ido tejiendo con unos lazos espirituales, apost\u00f3licos y jur\u00eddicos que se remontan a los ... Read More\" \/>\n<meta property=\"og:url\" content=\"http:\/\/vincentians.com\/es\/la-mision-y-la-caridad\/\" \/>\n<meta property=\"og:site_name\" content=\"Somos Vicencianos\" \/>\n<meta property=\"article:publisher\" content=\"https:\/\/www.facebook.com\/WeAreVincentians\/\" \/>\n<meta property=\"article:author\" content=\"https:\/\/www.facebook.com\/JavierChento\" \/>\n<meta property=\"article:published_time\" content=\"2015-03-09T05:00:59+00:00\" \/>\n<meta property=\"article:modified_time\" content=\"2016-07-26T17:17:52+00:00\" \/>\n<meta name=\"author\" content=\"Francisco Javier Fern\u00e1ndez Chento\" \/>\n<meta name=\"twitter:card\" content=\"summary_large_image\" \/>\n<meta name=\"twitter:creator\" content=\"@https:\/\/twitter.com\/javierchento\" \/>\n<meta name=\"twitter:site\" content=\"@WeVincentians\" \/>\n<meta name=\"twitter:label1\" content=\"Escrito por\" \/>\n\t<meta name=\"twitter:data1\" content=\"Francisco Javier Fern\u00e1ndez Chento\" \/>\n\t<meta name=\"twitter:label2\" content=\"Tiempo de lectura\" \/>\n\t<meta name=\"twitter:data2\" content=\"30 minutos\" \/>\n<script type=\"application\/ld+json\" class=\"yoast-schema-graph\">{\"@context\":\"https:\/\/schema.org\",\"@graph\":[{\"@type\":\"Article\",\"@id\":\"http:\/\/vincentians.com\/es\/la-mision-y-la-caridad\/#article\",\"isPartOf\":{\"@id\":\"http:\/\/vincentians.com\/es\/la-mision-y-la-caridad\/\"},\"author\":{\"name\":\"Francisco Javier Fern\u00e1ndez Chento\",\"@id\":\"http:\/\/vincentians.com\/es\/#\/schema\/person\/9623ef4d9aa3b2dfb8c061f1499288f2\"},\"headline\":\"La Misi\u00f3n y la Caridad\",\"datePublished\":\"2015-03-09T05:00:59+00:00\",\"dateModified\":\"2016-07-26T17:17:52+00:00\",\"mainEntityOfPage\":{\"@id\":\"http:\/\/vincentians.com\/es\/la-mision-y-la-caridad\/\"},\"wordCount\":6038,\"commentCount\":0,\"publisher\":{\"@id\":\"http:\/\/vincentians.com\/es\/#organization\"},\"image\":{\"@id\":\"http:\/\/vincentians.com\/es\/la-mision-y-la-caridad\/#primaryimage\"},\"thumbnailUrl\":\"\",\"keywords\":[\"Almer\u00e1s\",\"Chatillon\",\"Folleville\",\"Gannes\",\"Lambert\",\"Misioneros Seglares\",\"Misiones Populares\",\"Pobreza\",\"Portail\"],\"articleSection\":[\"Formaci\u00f3n Vicenciana\"],\"inLanguage\":\"es\",\"potentialAction\":[{\"@type\":\"CommentAction\",\"name\":\"Comment\",\"target\":[\"http:\/\/vincentians.com\/es\/la-mision-y-la-caridad\/#respond\"]}]},{\"@type\":\"WebPage\",\"@id\":\"http:\/\/vincentians.com\/es\/la-mision-y-la-caridad\/\",\"url\":\"http:\/\/vincentians.com\/es\/la-mision-y-la-caridad\/\",\"name\":\"La Misi\u00f3n y la Caridad - Somos Vicencianos\",\"isPartOf\":{\"@id\":\"http:\/\/vincentians.com\/es\/#website\"},\"primaryImageOfPage\":{\"@id\":\"http:\/\/vincentians.com\/es\/la-mision-y-la-caridad\/#primaryimage\"},\"image\":{\"@id\":\"http:\/\/vincentians.com\/es\/la-mision-y-la-caridad\/#primaryimage\"},\"thumbnailUrl\":\"\",\"datePublished\":\"2015-03-09T05:00:59+00:00\",\"dateModified\":\"2016-07-26T17:17:52+00:00\",\"breadcrumb\":{\"@id\":\"http:\/\/vincentians.com\/es\/la-mision-y-la-caridad\/#breadcrumb\"},\"inLanguage\":\"es\",\"potentialAction\":[{\"@type\":\"ReadAction\",\"target\":[\"http:\/\/vincentians.com\/es\/la-mision-y-la-caridad\/\"]}]},{\"@type\":\"ImageObject\",\"inLanguage\":\"es\",\"@id\":\"http:\/\/vincentians.com\/es\/la-mision-y-la-caridad\/#primaryimage\",\"url\":\"\",\"contentUrl\":\"\"},{\"@type\":\"BreadcrumbList\",\"@id\":\"http:\/\/vincentians.com\/es\/la-mision-y-la-caridad\/#breadcrumb\",\"itemListElement\":[{\"@type\":\"ListItem\",\"position\":1,\"name\":\"Portada\",\"item\":\"http:\/\/vincentians.com\/es\/\"},{\"@type\":\"ListItem\",\"position\":2,\"name\":\"La Misi\u00f3n y la Caridad\"}]},{\"@type\":\"WebSite\",\"@id\":\"http:\/\/vincentians.com\/es\/#website\",\"url\":\"http:\/\/vincentians.com\/es\/\",\"name\":\"Somos Vicencianos\",\"description\":\"Know more to serve more\",\"publisher\":{\"@id\":\"http:\/\/vincentians.com\/es\/#organization\"},\"potentialAction\":[{\"@type\":\"SearchAction\",\"target\":{\"@type\":\"EntryPoint\",\"urlTemplate\":\"http:\/\/vincentians.com\/es\/?s={search_term_string}\"},\"query-input\":{\"@type\":\"PropertyValueSpecification\",\"valueRequired\":true,\"valueName\":\"search_term_string\"}}],\"inLanguage\":\"es\"},{\"@type\":\"Organization\",\"@id\":\"http:\/\/vincentians.com\/es\/#organization\",\"name\":\"The Vincentian Network\",\"url\":\"http:\/\/vincentians.com\/es\/\",\"logo\":{\"@type\":\"ImageObject\",\"inLanguage\":\"es\",\"@id\":\"http:\/\/vincentians.com\/es\/#\/schema\/logo\/image\/\",\"url\":\"https:\/\/i1.wp.com\/vincentians.com\/es\/wp-content\/uploads\/sites\/11\/2016\/06\/Vincentian-Network-logo-big.png?fit=778%2C778\",\"contentUrl\":\"https:\/\/i1.wp.com\/vincentians.com\/es\/wp-content\/uploads\/sites\/11\/2016\/06\/Vincentian-Network-logo-big.png?fit=778%2C778\",\"width\":778,\"height\":778,\"caption\":\"The Vincentian Network\"},\"image\":{\"@id\":\"http:\/\/vincentians.com\/es\/#\/schema\/logo\/image\/\"},\"sameAs\":[\"https:\/\/www.facebook.com\/WeAreVincentians\/\",\"https:\/\/x.com\/WeVincentians\"]},{\"@type\":\"Person\",\"@id\":\"http:\/\/vincentians.com\/es\/#\/schema\/person\/9623ef4d9aa3b2dfb8c061f1499288f2\",\"name\":\"Francisco Javier Fern\u00e1ndez Chento\",\"image\":{\"@type\":\"ImageObject\",\"inLanguage\":\"es\",\"@id\":\"http:\/\/vincentians.com\/es\/#\/schema\/person\/image\/\",\"url\":\"https:\/\/secure.gravatar.com\/avatar\/497d5cde87b4c3d097d0315953521681ba2cd523ee66e5077c3711f7021e65de?s=96&d=mm&r=g\",\"contentUrl\":\"https:\/\/secure.gravatar.com\/avatar\/497d5cde87b4c3d097d0315953521681ba2cd523ee66e5077c3711f7021e65de?s=96&d=mm&r=g\",\"caption\":\"Francisco Javier Fern\u00e1ndez Chento\"},\"description\":\"Director General y cofundador de La Red de Formaci\u00f3n Vicenciana. Javier es laico vicenciano, afiliado a la Congregaci\u00f3n de la Misi\u00f3n y miembro del Equipo de Misiones Populares de la provincia can\u00f3nica de Zaragoza (Espa\u00f1a) de la Congregaci\u00f3n de la Misi\u00f3n. Graduado en la Universidad Oberta de Catalunya con cuatro grados (Asistente de direcci\u00f3n, Gesti\u00f3n Administrativa, Recursos Humanos y Contabilidad Avanzada). Bil\u00edng\u00fce Espa\u00f1ol\/Ingl\u00e9s. gestiona y mantiene varias p\u00e1ginas web cristianas y vicencianas, incluida including La Red de Formaci\u00f3n Vicenciana, de la que es cofundador. Actualmente es responsable del \u00e1rea de Espa\u00f1ol de .famvin, la Red de Noticias de la Familia Vicenciana. Tambi\u00e9n es m\u00fasico cat\u00f3lico y ha editado varios discos. Es Director General y cofundador de Trovador, una reconocida compa\u00f1\u00eda discogr\u00e1fica critiana de Espa\u00f1a. Trabaja en las Tecnolog\u00edas de la Informaci\u00f3n, ofreciendo servicios de alojamiento, dise\u00f1o y mantenimiento Web, as\u00ed como asesoramiento, formaci\u00f3n y soluciones inform\u00e1ticas, gesti\u00f3n documental y digitalizaci\u00f3n de textos, edici\u00f3n y maquetaci\u00f3n de libros, revistas, flyers, etc.\",\"sameAs\":[\"http:\/\/chento.org\",\"https:\/\/www.facebook.com\/JavierChento\",\"https:\/\/x.com\/https:\/\/twitter.com\/javierchento\"],\"url\":\"http:\/\/vincentians.com\/es\/author\/chento\/\"}]}<\/script>\n<!-- \/ Yoast SEO plugin. -->","yoast_head_json":{"title":"La Misi\u00f3n y la Caridad - Somos Vicencianos","robots":{"index":"index","follow":"follow","max-snippet":"max-snippet:-1","max-image-preview":"max-image-preview:large","max-video-preview":"max-video-preview:-1"},"canonical":"http:\/\/vincentians.com\/es\/la-mision-y-la-caridad\/","og_locale":"es_ES","og_type":"article","og_title":"La Misi\u00f3n y la Caridad - Somos Vicencianos","og_description":"Introducci\u00f3n La historia de la Congregaci\u00f3n de la Misi\u00f3n y de la Compa\u00f1\u00eda de las Hijas de la Caridad se ha ido tejiendo con unos lazos espirituales, apost\u00f3licos y jur\u00eddicos que se remontan a los ... Read More","og_url":"http:\/\/vincentians.com\/es\/la-mision-y-la-caridad\/","og_site_name":"Somos Vicencianos","article_publisher":"https:\/\/www.facebook.com\/WeAreVincentians\/","article_author":"https:\/\/www.facebook.com\/JavierChento","article_published_time":"2015-03-09T05:00:59+00:00","article_modified_time":"2016-07-26T17:17:52+00:00","author":"Francisco Javier Fern\u00e1ndez Chento","twitter_card":"summary_large_image","twitter_creator":"@https:\/\/twitter.com\/javierchento","twitter_site":"@WeVincentians","twitter_misc":{"Escrito por":"Francisco Javier Fern\u00e1ndez Chento","Tiempo de lectura":"30 minutos"},"schema":{"@context":"https:\/\/schema.org","@graph":[{"@type":"Article","@id":"http:\/\/vincentians.com\/es\/la-mision-y-la-caridad\/#article","isPartOf":{"@id":"http:\/\/vincentians.com\/es\/la-mision-y-la-caridad\/"},"author":{"name":"Francisco Javier Fern\u00e1ndez Chento","@id":"http:\/\/vincentians.com\/es\/#\/schema\/person\/9623ef4d9aa3b2dfb8c061f1499288f2"},"headline":"La Misi\u00f3n y la Caridad","datePublished":"2015-03-09T05:00:59+00:00","dateModified":"2016-07-26T17:17:52+00:00","mainEntityOfPage":{"@id":"http:\/\/vincentians.com\/es\/la-mision-y-la-caridad\/"},"wordCount":6038,"commentCount":0,"publisher":{"@id":"http:\/\/vincentians.com\/es\/#organization"},"image":{"@id":"http:\/\/vincentians.com\/es\/la-mision-y-la-caridad\/#primaryimage"},"thumbnailUrl":"","keywords":["Almer\u00e1s","Chatillon","Folleville","Gannes","Lambert","Misioneros Seglares","Misiones Populares","Pobreza","Portail"],"articleSection":["Formaci\u00f3n Vicenciana"],"inLanguage":"es","potentialAction":[{"@type":"CommentAction","name":"Comment","target":["http:\/\/vincentians.com\/es\/la-mision-y-la-caridad\/#respond"]}]},{"@type":"WebPage","@id":"http:\/\/vincentians.com\/es\/la-mision-y-la-caridad\/","url":"http:\/\/vincentians.com\/es\/la-mision-y-la-caridad\/","name":"La Misi\u00f3n y la Caridad - Somos Vicencianos","isPartOf":{"@id":"http:\/\/vincentians.com\/es\/#website"},"primaryImageOfPage":{"@id":"http:\/\/vincentians.com\/es\/la-mision-y-la-caridad\/#primaryimage"},"image":{"@id":"http:\/\/vincentians.com\/es\/la-mision-y-la-caridad\/#primaryimage"},"thumbnailUrl":"","datePublished":"2015-03-09T05:00:59+00:00","dateModified":"2016-07-26T17:17:52+00:00","breadcrumb":{"@id":"http:\/\/vincentians.com\/es\/la-mision-y-la-caridad\/#breadcrumb"},"inLanguage":"es","potentialAction":[{"@type":"ReadAction","target":["http:\/\/vincentians.com\/es\/la-mision-y-la-caridad\/"]}]},{"@type":"ImageObject","inLanguage":"es","@id":"http:\/\/vincentians.com\/es\/la-mision-y-la-caridad\/#primaryimage","url":"","contentUrl":""},{"@type":"BreadcrumbList","@id":"http:\/\/vincentians.com\/es\/la-mision-y-la-caridad\/#breadcrumb","itemListElement":[{"@type":"ListItem","position":1,"name":"Portada","item":"http:\/\/vincentians.com\/es\/"},{"@type":"ListItem","position":2,"name":"La Misi\u00f3n y la Caridad"}]},{"@type":"WebSite","@id":"http:\/\/vincentians.com\/es\/#website","url":"http:\/\/vincentians.com\/es\/","name":"Somos Vicencianos","description":"Know more to serve more","publisher":{"@id":"http:\/\/vincentians.com\/es\/#organization"},"potentialAction":[{"@type":"SearchAction","target":{"@type":"EntryPoint","urlTemplate":"http:\/\/vincentians.com\/es\/?s={search_term_string}"},"query-input":{"@type":"PropertyValueSpecification","valueRequired":true,"valueName":"search_term_string"}}],"inLanguage":"es"},{"@type":"Organization","@id":"http:\/\/vincentians.com\/es\/#organization","name":"The Vincentian Network","url":"http:\/\/vincentians.com\/es\/","logo":{"@type":"ImageObject","inLanguage":"es","@id":"http:\/\/vincentians.com\/es\/#\/schema\/logo\/image\/","url":"https:\/\/i1.wp.com\/vincentians.com\/es\/wp-content\/uploads\/sites\/11\/2016\/06\/Vincentian-Network-logo-big.png?fit=778%2C778","contentUrl":"https:\/\/i1.wp.com\/vincentians.com\/es\/wp-content\/uploads\/sites\/11\/2016\/06\/Vincentian-Network-logo-big.png?fit=778%2C778","width":778,"height":778,"caption":"The Vincentian Network"},"image":{"@id":"http:\/\/vincentians.com\/es\/#\/schema\/logo\/image\/"},"sameAs":["https:\/\/www.facebook.com\/WeAreVincentians\/","https:\/\/x.com\/WeVincentians"]},{"@type":"Person","@id":"http:\/\/vincentians.com\/es\/#\/schema\/person\/9623ef4d9aa3b2dfb8c061f1499288f2","name":"Francisco Javier Fern\u00e1ndez Chento","image":{"@type":"ImageObject","inLanguage":"es","@id":"http:\/\/vincentians.com\/es\/#\/schema\/person\/image\/","url":"https:\/\/secure.gravatar.com\/avatar\/497d5cde87b4c3d097d0315953521681ba2cd523ee66e5077c3711f7021e65de?s=96&d=mm&r=g","contentUrl":"https:\/\/secure.gravatar.com\/avatar\/497d5cde87b4c3d097d0315953521681ba2cd523ee66e5077c3711f7021e65de?s=96&d=mm&r=g","caption":"Francisco Javier Fern\u00e1ndez Chento"},"description":"Director General y cofundador de La Red de Formaci\u00f3n Vicenciana. Javier es laico vicenciano, afiliado a la Congregaci\u00f3n de la Misi\u00f3n y miembro del Equipo de Misiones Populares de la provincia can\u00f3nica de Zaragoza (Espa\u00f1a) de la Congregaci\u00f3n de la Misi\u00f3n. Graduado en la Universidad Oberta de Catalunya con cuatro grados (Asistente de direcci\u00f3n, Gesti\u00f3n Administrativa, Recursos Humanos y Contabilidad Avanzada). Bil\u00edng\u00fce Espa\u00f1ol\/Ingl\u00e9s. gestiona y mantiene varias p\u00e1ginas web cristianas y vicencianas, incluida including La Red de Formaci\u00f3n Vicenciana, de la que es cofundador. Actualmente es responsable del \u00e1rea de Espa\u00f1ol de .famvin, la Red de Noticias de la Familia Vicenciana. Tambi\u00e9n es m\u00fasico cat\u00f3lico y ha editado varios discos. Es Director General y cofundador de Trovador, una reconocida compa\u00f1\u00eda discogr\u00e1fica critiana de Espa\u00f1a. Trabaja en las Tecnolog\u00edas de la Informaci\u00f3n, ofreciendo servicios de alojamiento, dise\u00f1o y mantenimiento Web, as\u00ed como asesoramiento, formaci\u00f3n y soluciones inform\u00e1ticas, gesti\u00f3n documental y digitalizaci\u00f3n de textos, edici\u00f3n y maquetaci\u00f3n de libros, revistas, flyers, etc.","sameAs":["http:\/\/chento.org","https:\/\/www.facebook.com\/JavierChento","https:\/\/x.com\/https:\/\/twitter.com\/javierchento"],"url":"http:\/\/vincentians.com\/es\/author\/chento\/"}]}},"jetpack_publicize_connections":[],"jetpack_featured_media_url":"","jetpack_sharing_enabled":true,"jetpack_shortlink":"https:\/\/wp.me\/p7ETMF-nfj","jetpack-related-posts":[{"id":398637,"url":"http:\/\/vincentians.com\/es\/aportacion-del-carisma-vicenciano-la-mision-la-iglesia-1\/","url_meta":{"origin":89361,"position":0},"title":"Aportaci\u00f3n del carisma vicenciano a la Misi\u00f3n de la Iglesia (1)","author":"Francisco Javier Fern\u00e1ndez Chento","date":"04\/08\/2016","format":false,"excerpt":"Introducci\u00f3n: Al reflexionar sobre la aportaci\u00f3n del carisma vicenciano a la Misi\u00f3n de la Iglesia, me parece necesario formular previamente algunas precisiones. 1.- Cuando hablamos de carisma vicenciano, nos referimos al don del Esp\u00edritu suscitado por Dios en su Iglesia en las personas de Vicente de Pa\u00fal y de Luisa\u2026","rel":"","context":"En \u00abFormaci\u00f3n Vicenciana\u00bb","block_context":{"text":"Formaci\u00f3n Vicenciana","link":"http:\/\/vincentians.com\/es\/category\/formacion-vicenciana\/"},"img":{"alt_text":"","src":"https:\/\/i0.wp.com\/vincentians.com\/es\/wp-content\/uploads\/sites\/11\/2016\/06\/contributions-charism.jpg?fit=1200%2C630&resize=350%2C200","width":350,"height":200,"srcset":"https:\/\/i0.wp.com\/vincentians.com\/es\/wp-content\/uploads\/sites\/11\/2016\/06\/contributions-charism.jpg?fit=1200%2C630&resize=350%2C200 1x, https:\/\/i0.wp.com\/vincentians.com\/es\/wp-content\/uploads\/sites\/11\/2016\/06\/contributions-charism.jpg?fit=1200%2C630&resize=525%2C300 1.5x, https:\/\/i0.wp.com\/vincentians.com\/es\/wp-content\/uploads\/sites\/11\/2016\/06\/contributions-charism.jpg?fit=1200%2C630&resize=700%2C400 2x, https:\/\/i0.wp.com\/vincentians.com\/es\/wp-content\/uploads\/sites\/11\/2016\/06\/contributions-charism.jpg?fit=1200%2C630&resize=1050%2C600 3x"},"classes":[]},{"id":129146,"url":"http:\/\/vincentians.com\/es\/la-aprobacion-frustrada-de-la-compania\/","url_meta":{"origin":89361,"position":1},"title":"La aprobaci\u00f3n frustrada de la Compa\u00f1\u00eda","author":"Francisco Javier Fern\u00e1ndez Chento","date":"21\/06\/2025","format":false,"excerpt":"Los antecedentes Desde 1636, y con m\u00e1s realidad desde 1639, las Hijas de la Caridad ten\u00edan una exis\u00adtencia aut\u00f3noma y, en el gobierno de la Compa\u00f1\u00eda, eran independientes de hecho de las se\u00ad\u00f1oras de las Caridades. Desde 1640, los fundadores hab\u00edan ido dando a la Compa\u00f1\u00eda una organizaci\u00f3n y unas\u2026","rel":"","context":"En \u00abFormaci\u00f3n Vicenciana\u00bb","block_context":{"text":"Formaci\u00f3n Vicenciana","link":"http:\/\/vincentians.com\/es\/category\/formacion-vicenciana\/"},"img":{"alt_text":"","src":"https:\/\/i0.wp.com\/vincentians.com\/es\/wp-content\/uploads\/sites\/11\/2016\/10\/ranquines.jpg?fit=1200%2C630&resize=350%2C200","width":350,"height":200,"srcset":"https:\/\/i0.wp.com\/vincentians.com\/es\/wp-content\/uploads\/sites\/11\/2016\/10\/ranquines.jpg?fit=1200%2C630&resize=350%2C200 1x, https:\/\/i0.wp.com\/vincentians.com\/es\/wp-content\/uploads\/sites\/11\/2016\/10\/ranquines.jpg?fit=1200%2C630&resize=525%2C300 1.5x, https:\/\/i0.wp.com\/vincentians.com\/es\/wp-content\/uploads\/sites\/11\/2016\/10\/ranquines.jpg?fit=1200%2C630&resize=700%2C400 2x, https:\/\/i0.wp.com\/vincentians.com\/es\/wp-content\/uploads\/sites\/11\/2016\/10\/ranquines.jpg?fit=1200%2C630&resize=1050%2C600 3x"},"classes":[]},{"id":398638,"url":"http:\/\/vincentians.com\/es\/aportacion-del-carisma-vicenciano-la-mision-la-iglesia-2\/","url_meta":{"origin":89361,"position":2},"title":"Aportaci\u00f3n del carisma vicenciano a la Misi\u00f3n de la Iglesia (2)","author":"Francisco Javier Fern\u00e1ndez Chento","date":"05\/08\/2016","format":false,"excerpt":"2.- La vida cristiana a partir de la Teolog\u00eda de la Misi\u00f3n: continuadores de la Misi\u00f3n del Hijo. Acabo de hacer referencia a la teolog\u00eda de la Misi\u00f3n como punto de partida para las nuevas formas de vida en la Iglesia de las que la Congregaci\u00f3n de la Misi\u00f3n y\u2026","rel":"","context":"En \u00abFormaci\u00f3n Vicenciana\u00bb","block_context":{"text":"Formaci\u00f3n Vicenciana","link":"http:\/\/vincentians.com\/es\/category\/formacion-vicenciana\/"},"img":{"alt_text":"","src":"https:\/\/i0.wp.com\/vincentians.com\/es\/wp-content\/uploads\/sites\/11\/2016\/06\/contributions-charism.jpg?fit=1200%2C630&resize=350%2C200","width":350,"height":200,"srcset":"https:\/\/i0.wp.com\/vincentians.com\/es\/wp-content\/uploads\/sites\/11\/2016\/06\/contributions-charism.jpg?fit=1200%2C630&resize=350%2C200 1x, https:\/\/i0.wp.com\/vincentians.com\/es\/wp-content\/uploads\/sites\/11\/2016\/06\/contributions-charism.jpg?fit=1200%2C630&resize=525%2C300 1.5x, https:\/\/i0.wp.com\/vincentians.com\/es\/wp-content\/uploads\/sites\/11\/2016\/06\/contributions-charism.jpg?fit=1200%2C630&resize=700%2C400 2x, https:\/\/i0.wp.com\/vincentians.com\/es\/wp-content\/uploads\/sites\/11\/2016\/06\/contributions-charism.jpg?fit=1200%2C630&resize=1050%2C600 3x"},"classes":[]},{"id":139369,"url":"http:\/\/vincentians.com\/es\/servidores-de-las-hijas-de-la-caridad\/","url_meta":{"origin":89361,"position":3},"title":"Servidores de las Hijas de la Caridad","author":"Francisco Javier Fern\u00e1ndez Chento","date":"10\/02\/2015","format":false,"excerpt":"\u00abIba caminando de pueblo en pueblo y de aldea en al\u00addea proclamando la Buena Noticia del Reino de Dios; lo acompa\u00f1aban los Doce y algunas mujeres que \u00e9l hab\u00eda curado de malos esp\u00edritus y enfermedades\u00bb. (Lc 8,1-2). \u00abDado que la Congregaci\u00f3n de la Misi\u00f3n goza de la mis\u00adma herencia que\u2026","rel":"","context":"En \u00abEspiritualidad vicenciana\u00bb","block_context":{"text":"Espiritualidad vicenciana","link":"http:\/\/vincentians.com\/es\/category\/espiritualidad\/espiritualidad-vicenciana\/"},"img":{"alt_text":"maxresdefault","src":"https:\/\/i0.wp.com\/vicencianos.org\/wp-content\/2015\/02\/maxresdefault-300x179.jpg?resize=350%2C200","width":350,"height":200},"classes":[]},{"id":387743,"url":"http:\/\/vincentians.com\/es\/la-provincia-espanola-de-las-hijas-de-la-caridad-xxxiv\/","url_meta":{"origin":89361,"position":4},"title":"La Provincia espa\u00f1ola de las Hijas de la Caridad (XXXIV)","author":"Mitxel Olabu\u00e9naga","date":"01\/08\/2016","format":false,"excerpt":"A la muerte del P. Feu se modific\u00f3 el gobierno de las Hijas de la Caridad en Espa\u00f1a y se volvi\u00f3 a unir al cargo de Visitador de la Misi\u00f3n la Direcci\u00f3n general de las Hermanas, quedando suprimida la Casa de Capellanes adjunta al Real Noviciado. As\u00ed lo hab\u00eda deseado\u2026","rel":"","context":"En \u00abHistoria de las Hijas de la Caridad\u00bb","block_context":{"text":"Historia de las Hijas de la Caridad","link":"http:\/\/vincentians.com\/es\/category\/historia-de-la-familia-vicenciana\/historia-de-las-hijas-de-la-caridad\/"},"img":{"alt_text":"","src":"https:\/\/i0.wp.com\/vincentians.com\/es\/wp-content\/uploads\/sites\/11\/2016\/07\/hijas-caridad-espanya.jpg?fit=1200%2C630&resize=350%2C200","width":350,"height":200,"srcset":"https:\/\/i0.wp.com\/vincentians.com\/es\/wp-content\/uploads\/sites\/11\/2016\/07\/hijas-caridad-espanya.jpg?fit=1200%2C630&resize=350%2C200 1x, https:\/\/i0.wp.com\/vincentians.com\/es\/wp-content\/uploads\/sites\/11\/2016\/07\/hijas-caridad-espanya.jpg?fit=1200%2C630&resize=525%2C300 1.5x, https:\/\/i0.wp.com\/vincentians.com\/es\/wp-content\/uploads\/sites\/11\/2016\/07\/hijas-caridad-espanya.jpg?fit=1200%2C630&resize=700%2C400 2x, https:\/\/i0.wp.com\/vincentians.com\/es\/wp-content\/uploads\/sites\/11\/2016\/07\/hijas-caridad-espanya.jpg?fit=1200%2C630&resize=1050%2C600 3x"},"classes":[]},{"id":134886,"url":"http:\/\/vincentians.com\/es\/de-las-caridades-a-las-hijas-de-la-caridad\/","url_meta":{"origin":89361,"position":5},"title":"De las \u00abCaridades\u00bb a las \u00abHijas de la Caridad\u00bb","author":"Francisco Javier Fern\u00e1ndez Chento","date":"27\/08\/2016","format":false,"excerpt":"Estamos en 1617. Dos experiencias particularmente significativas marcan la vida de Vicente de Pa\u00fal, y est\u00e1n en el origen de sus dos realizaciones revolucionarias: la experiencia de Gannes Folleville y la de Ch\u00e1tillon-les-Dombes. Nacido el 24 de abril de 1581 en Pouy (hoy San Vicente de Pa\u00fal) en las cercan\u00edas\u2026","rel":"","context":"En \u00abHijas de la Caridad\u00bb","block_context":{"text":"Hijas de la Caridad","link":"http:\/\/vincentians.com\/es\/category\/la-familia-vicenciana\/ramas\/hijas-de-la-caridad\/"},"img":{"alt_text":"","src":"https:\/\/i0.wp.com\/vincentians.com\/es\/wp-content\/uploads\/sites\/11\/2016\/08\/hijas-caridad.jpg?fit=1200%2C630&resize=350%2C200","width":350,"height":200,"srcset":"https:\/\/i0.wp.com\/vincentians.com\/es\/wp-content\/uploads\/sites\/11\/2016\/08\/hijas-caridad.jpg?fit=1200%2C630&resize=350%2C200 1x, https:\/\/i0.wp.com\/vincentians.com\/es\/wp-content\/uploads\/sites\/11\/2016\/08\/hijas-caridad.jpg?fit=1200%2C630&resize=525%2C300 1.5x, https:\/\/i0.wp.com\/vincentians.com\/es\/wp-content\/uploads\/sites\/11\/2016\/08\/hijas-caridad.jpg?fit=1200%2C630&resize=700%2C400 2x, https:\/\/i0.wp.com\/vincentians.com\/es\/wp-content\/uploads\/sites\/11\/2016\/08\/hijas-caridad.jpg?fit=1200%2C630&resize=1050%2C600 3x"},"classes":[]}],"_links":{"self":[{"href":"http:\/\/vincentians.com\/es\/wp-json\/wp\/v2\/posts\/89361","targetHints":{"allow":["GET"]}}],"collection":[{"href":"http:\/\/vincentians.com\/es\/wp-json\/wp\/v2\/posts"}],"about":[{"href":"http:\/\/vincentians.com\/es\/wp-json\/wp\/v2\/types\/post"}],"author":[{"embeddable":true,"href":"http:\/\/vincentians.com\/es\/wp-json\/wp\/v2\/users\/4"}],"replies":[{"embeddable":true,"href":"http:\/\/vincentians.com\/es\/wp-json\/wp\/v2\/comments?post=89361"}],"version-history":[{"count":0,"href":"http:\/\/vincentians.com\/es\/wp-json\/wp\/v2\/posts\/89361\/revisions"}],"wp:featuredmedia":[{"embeddable":true,"href":"http:\/\/vincentians.com\/es\/wp-json\/"}],"wp:attachment":[{"href":"http:\/\/vincentians.com\/es\/wp-json\/wp\/v2\/media?parent=89361"}],"wp:term":[{"taxonomy":"category","embeddable":true,"href":"http:\/\/vincentians.com\/es\/wp-json\/wp\/v2\/categories?post=89361"},{"taxonomy":"post_tag","embeddable":true,"href":"http:\/\/vincentians.com\/es\/wp-json\/wp\/v2\/tags?post=89361"}],"curies":[{"name":"wp","href":"https:\/\/api.w.org\/{rel}","templated":true}]}}