{"id":8902,"date":"2015-04-18T08:13:30","date_gmt":"2015-04-18T06:13:30","guid":{"rendered":"http:\/\/somos.vicencianos.org\/blog\/?p=8902"},"modified":"2015-04-18T08:13:30","modified_gmt":"2015-04-18T06:13:30","slug":"la-mision-popular-reflexion-inicial","status":"publish","type":"post","link":"http:\/\/vincentians.com\/es\/la-mision-popular-reflexion-inicial\/","title":{"rendered":"La Misi\u00f3n Popular: reflexi\u00f3n inicial"},"content":{"rendered":"<p>Quiero comenzar este trabajo con una definici\u00f3n de pastoral de sesgo vicenciano. Definici\u00f3n que actuar\u00e1 como una luz que, desde arriba, enfoque esta presentaci\u00f3n: Pastoral es <em>el esfuerzo por alcanzar <\/em>a <em>Cristo porque \u00e9l te ha alcanzado primero <\/em>(esfuerzo por la propia san\u00adtificaci\u00f3n); <em>esfuerzo que s\u00f3lo se puede vivir en comunidad <\/em>(lugar de encuentro con Cristo), en esa comunidad que ha recibido un man\u00addato: <em>Seguidme, dad testimonio de mi, id y haced disc\u00edpulos m\u00edos&#8230; <\/em>(fin propio).<\/p>\n<p>Esta definici\u00f3n nos ofrece los tres elementos claves en la evan\u00adgelizaci\u00f3n. Elementos que son constitutivos de nuestro esp\u00edritu:<\/p>\n<ol>\n<li>La Misi\u00f3n no es obra nuestra. Es Cristo quien nos ha elegido y nos ha enviado. Y&#8230;, <em>\u00a1pobres de nosotros si no anunciamos Su <\/em><em>evangelio!<\/em><\/li>\n<li>La Iglesia y el mundo nos necesita pare <em>hacer efectivo el evange\u00ad<\/em><em>lio; <\/em>para vivir el mandato de Jes\u00fas. <em>Como el Padre me <\/em><em>ha envia\u00addo, <\/em><em>as\u00ed os env\u00edo yo. <\/em>San Vicente nos lo propone con <em>las <\/em><em>mismas <\/em>palabras de Jes\u00fas: <em>\u00abMe ha enviado a evangelizar a los pobres\u00bb<\/em><span id='easy-footnote-1-8902' class='easy-footnote-margin-adjust'><\/span><span class='easy-footnote'><a href='http:\/\/vincentians.com\/es\/la-mision-popular-reflexion-inicial\/#easy-footnote-bottom-1-8902' title='Cons. 5'><sup>1<\/sup><\/a><\/span>.<\/li>\n<li>Pero esta inquietud no podemos vivirla como francotiradores, sino en comunidad. Todos y cada uno de sus miembros (de la Congregaci\u00f3n) se atreven a decir con Jes\u00fas: <em>\u00abTengo que anunciar\u00ad<\/em><em>les el reino de Dios; para eso me han enviado\u00bb<\/em><span id='easy-footnote-2-8902' class='easy-footnote-margin-adjust'><\/span><span class='easy-footnote'><a href='http:\/\/vincentians.com\/es\/la-mision-popular-reflexion-inicial\/#easy-footnote-bottom-2-8902' title='Lc 4,43; Cons. 10'><sup>2<\/sup><\/a><\/span>.<\/li>\n<\/ol>\n<p>Por eso, nuestra comunidad \u00abpuede afirmar de si misma, como la Iglesia toda, pero de un modo peculiar, que la misi\u00f3n de evange\u00adlizar constituye su gracia y vocaci\u00f3n propia y expresa su verdadera naturaleza\u00bb<span id='easy-footnote-3-8902' class='easy-footnote-margin-adjust'><\/span><span class='easy-footnote'><a href='http:\/\/vincentians.com\/es\/la-mision-popular-reflexion-inicial\/#easy-footnote-bottom-3-8902' title='cf. E.N. 14; ver Cons. 10'><sup>3<\/sup><\/a><\/span>.<\/p>\n<p>La <em>Misi\u00f3n Vicenciana al Pueblo tiene <\/em>su sitio dentro de la pasto\u00adral en general. Pero ;ojo! Este sitio no viene llovido del cielo; no nos lo va a dar nadie. Hay que buscarlo. Buscarlo y encontrarlo, si pre\u00adtendemos la pervivencia.<\/p>\n<p>Hace un tiempo que el anterior Vicario General, P. Flores, me comentaba: <em>La Iglesia nunca desaparecer\u00e1, ni como carisma ni como <\/em><em>instituci\u00f3n; lo ha asegurado el mismo Cristo. Pero una Congregaci\u00f3n <\/em><em>puede desaparecer como carisma y como instituci\u00f3n. <\/em>Esto es verdad y lo ha sido ya hist\u00f3ricamente. Nosotros no podemos dormimos. Ne\u00adcesitamos trabajar y buscar nuestro lugar. Para eso nos hemos reu\u00adnido aqu\u00ed.<\/p>\n<p>Adem\u00e1s, necesitamos buscarlo y encontrarlo por un camino especifico: por el camino que inici\u00f3 san Vicente, <em>adapt\u00e1ndose a las <\/em><em>circunstancias de las personas, de los lugares y de los tiempos<\/em><span id='easy-footnote-4-8902' class='easy-footnote-margin-adjust'><\/span><span class='easy-footnote'><a href='http:\/\/vincentians.com\/es\/la-mision-popular-reflexion-inicial\/#easy-footnote-bottom-4-8902' title='1, 227; I, 274'><sup>4<\/sup><\/a><\/span>.<\/p>\n<h2>I. Situarse correctamente<\/h2>\n<p>Nos hemos reunido con una inquietud: la de hacer cre\u00edble el anuncio del evangelio al hombre de hoy que desarrolla su vida en diversas circunstancias y culturas. Alguien ha definido la tarea evan\u00adgelizadora que nos une a todos como un movimiento de salida. Este dinamismo de salida lo inici\u00f3 Dios mismo. Con su <em>condescendencia hacia <\/em>los hombres pone en marcha la Historia <em>de <\/em>la Salvaci\u00f3n. His\u00adtoria que culmina Jes\u00fas cuando deja el cielo, <em>renuncia a su categor\u00eda, <\/em>desciende y <em>se abaja <\/em>pare ponerse a nuestro nivel, al nivel de la gente sencilla.<\/p>\n<p>Este dinamismo iniciado por Dios, hoy, tras los avatares de la Historia de la Iglesia, ha de ser una salida de nuestra cultura que nos lleve a encamamos en otras culturas y nos haga vivir en una doble fidelidad:<\/p>\n<p><em>La fidelidad al hombre <\/em>a quien nos dirigimos y <em>la fidelidad a <\/em><em>un tesoro <\/em>que hemos recibido y <em>del que somos servidores; <\/em>que <em>llevamos en vasijas de barro, <\/em>pero que es capaz de <em>\u00abalcanzar y <\/em><em>transformar con la fuerza del Evangelio los criterios de juicios. los valores determinantes, los puntos de inter\u00e9s, las l\u00edneas de <\/em><em>pensamiento, las fuentes inspiradoras y los modelos de vida de la humanidad\u00bb<\/em><span id='easy-footnote-5-8902' class='easy-footnote-margin-adjust'><\/span><span class='easy-footnote'><a href='http:\/\/vincentians.com\/es\/la-mision-popular-reflexion-inicial\/#easy-footnote-bottom-5-8902' title='E.N. 19'><sup>5<\/sup><\/a><\/span>.<\/p>\n<p>Vamos a comenzar los trabajos de este mes, fieles a las sugeren\u00adcias de la mayor\u00eda, dialogando. Como record\u00e1bamos arriba, quere\u00admos, con San Vicente, mirar la realidad. Por su sentido de la reali\u00addad. San Vicente acert\u00f3 a o\u00edr la voz de Dios que lo reclamaba pare la misi\u00f3n a trav\u00e9s de unos pobres campesinos, a trav\u00e9s del <em>pueblo pobre <\/em>y <em>abandonado.<\/em><\/p>\n<p>Hoy y aqu\u00ed, vamos a intentar hacer lo mismo. Dios nos sigue reclamando a trav\u00e9s de situaciones parecidas de nuestros pueblos. Pero hace falta que <em>\u00abhoy\u00bb escuchemos su voz. <\/em>Volvamos, pues, nuestra mirada a la realidad. Seguro que Dios, a trav\u00e9s de tantos pueblos representados por nosotros, quiere decimos un mont\u00f3n de cosas interesantes.<\/p>\n<h2>II.- Ver y vernos<\/h2>\n<p>Est\u00e1 claro, pues, que vamos a comenzar haciendo un ejercicio de ver y de vernos. Inmersos dentro de la realidad, podemos fijarnos en tres aspectos, el mundo (nuestro peque\u00f1o mundo), la Iglesia (las parroquias que misionamos), nuestras Comunidades y Equipos Pro\u00advinciales.<\/p>\n<p><strong>(I) El mundo &#8211; <\/strong>Pero no el mundo en general, sino nuestro peque\u00f1o mundo; esas realidades humanas que vivimos quienes nos hemos reunido aqu\u00ed; la situaci\u00f3n concreta de nuestra gente, sus necesidades <em>de <\/em>evangelizaci\u00f3n, sus expectativas&#8230;<\/p>\n<p>Como proclama el Concilio Vaticano ll:<\/p>\n<p style=\"padding-left: 30px\"><em>\u00abEl Pueblo de Dios, movido por la fe, que le impulse a creer <\/em><em>que quien lo conduce es el Esp\u00edritu del Se\u00f1or, que llena el uni\u00ad<\/em><em>verso, procure discernir en los <\/em><strong>acontecimientos, exigencias <\/strong><strong>y deseos, <\/strong><em>de los cuales participa juntamente con sus con\u00ad<\/em><em>tempor\u00e1neos, los signos verdaderos de la presencia o de los <\/em><em>planes de Dios. La fe todo lo ilumina con nueva luz y mani\u00adfiesta el plan divino sobre la entera vocaci\u00f3n del hombre. Por ello orienta la meta hacia soluciones plenamente humanas\u00bb<\/em><span id='easy-footnote-6-8902' class='easy-footnote-margin-adjust'><\/span><span class='easy-footnote'><a href='http:\/\/vincentians.com\/es\/la-mision-popular-reflexion-inicial\/#easy-footnote-bottom-6-8902' title='G.S. 11'><sup>6<\/sup><\/a><\/span>.<\/p>\n<p>Si no nos quedamos en la superficie y miramos a lo profundo, quiz\u00e1 acertemos <em>a discernir en los <\/em><strong>acontecimientos, exigencias y <\/strong><strong>deseos <\/strong>los signos verdaderos de la presencia o de los planes de Dios. Para eso queremos dialogar en com\u00fan. Dice un refr\u00e1n de mi pa\u00eds que <em>M\u00e1s ven cuatro ojos que dos. <\/em>Vamos, pues, todos juntos a mirar la realidad.<\/p>\n<p>La historia concreta es lugar teol\u00f3gico de la <em>llamada <\/em>de Dios, del <em>encuentro <\/em>con <strong>\u00c9l. <\/strong>Es el campo donde se da <em>la decisi\u00f3n de seguirlo. <\/em>Nos interesa percibir si hay voces que nos llevan a sentir aquella lla\u00admada de <em>Dios: \u00abHe visto la opresi\u00f3n de mi pueblo&#8230;. he o\u00eddo sus quejas <\/em><em>contra sus opresores, me he fijado en sus sufrimientos. 14 Y ahora, <\/em><em>anda ve a liberado\u00bb<\/em><span id='easy-footnote-7-8902' class='easy-footnote-margin-adjust'><\/span><span class='easy-footnote'><a href='http:\/\/vincentians.com\/es\/la-mision-popular-reflexion-inicial\/#easy-footnote-bottom-7-8902' title='Ex 3.7 ss.'><sup>7<\/sup><\/a><\/span>. Por eso vamos a comenzar pregun\u00adt\u00e1ndonos:<\/p>\n<ul>\n<li>\u00bfCu\u00e1les son las necesidades de evangelizaci\u00f3n m\u00e1s urgen\u00adtes de nuestros pueblos? \u00bfD\u00f3nde las percibimos?<\/li>\n<li>\u00bfQu\u00e9 situaciones dolorosas de nuestros pueblos podemos ayudar a superar a trav\u00e9s de la misi\u00f3n? (Hay aqu\u00ed un con\u00adcepto de misi\u00f3n que supera la idea de \u00abpredicar\u00bb misiones).<\/li>\n<li>\u00bfQu\u00e9 \u00absituaciones de oscuridad\u00bb est\u00e1n necesitando la luz del Evangelio?<\/li>\n<\/ul>\n<p><strong>(2) La Iglesia &#8211; <\/strong>A dar vida a un mundo concreto est\u00e1 llamada la Igle\u00adsia. Tanto la Iglesia en general como las iglesias particulares viven unas realidades con <em>luces y sombras. <\/em>San Vicente tambi\u00e9n encontr\u00f3 una Iglesia as\u00ed, con luces y sombras. Porque la amaba y se daba cuenta de sus imperfecciones, trabaj\u00f3 para transformarla. Dio una respuesta.<\/p>\n<p>A nosotros tambi\u00e9n, a partir de las <em>luces y sombras que vemos en <\/em><em>nuestras iglesias, <\/em>se nos pide una respuesta. Antes de formular nuevas preguntas, permitidme que recuerde alguna de estas situaciones que le toc\u00f3 conocer y vivir a San Vicente. Quiz\u00e1 sean semejantes a las nuestras:<\/p>\n<p>a) La primera situaci\u00f3n con que se tropez\u00f3 San Vicente fue la igno\u00adrancia del pueblo:<\/p>\n<p style=\"padding-left: 30px\"><em>\u00abYa sab\u00e9is muy bien cu\u00e1nta es, conoc\u00e9is la ignorancia del pobre pueblo, una ignorancia casi incre\u00edble. Y. \u00bfc\u00f3mo puede creer, esperar y amar un alma que no conoce a Dios ni sabe lo que Dios ha hecho por su amor? <\/em>\u00bfY <em>c\u00f3mo podr\u00e1 sal\u00ad<\/em><em>varse sin fe, sin esperanza y sin amor? Pues bien, Dios, viendo <\/em><em>esta necesidad y las calamidades que, por culpa de los tiempos, <\/em><em>ocurren por negligencia de los pastores y por el nacimiento de las herej\u00edas, que han causado un grave da\u00f1o a la iglesia, ha <\/em><em>querido, por su gran misericordia, poner remedio a esto por <\/em><em>medio de los misioneros, envi\u00e1ndolos pare poner a esas pobres gentes en disposici\u00f3n de salvarse\u00bb<\/em><span id='easy-footnote-8-8902' class='easy-footnote-margin-adjust'><\/span><span class='easy-footnote'><a href='http:\/\/vincentians.com\/es\/la-mision-popular-reflexion-inicial\/#easy-footnote-bottom-8-8902' title='XI, 80-81; XI, 387-388'><sup>8<\/sup><\/a><\/span>.<\/p>\n<p>Y, \u00bfno sucede hoy lo mismo, cuando los poderosos medios de comunicaci\u00f3n est\u00e1n creando unas falsas expectativas de salvaci\u00f3n en la gente?<\/p>\n<p>b) Seguimos con San Vicente:<\/p>\n<p style=\"padding-left: 30px\"><em>\u00abHe aqu\u00ed otra consideraci\u00f3n: la necesidad que tiene la Iglesia <\/em><em>de buenos sacerdotes, que reparen tanta ignorancia y tantos <\/em><em>vicios de los que est\u00e1 cubierta la tierra, y que libren a la pobre <\/em><em>Iglesia de este lamentable estado, por el que las almas buenas <\/em><em>deber\u00edan llorar l\u00e1grimas de sangre\u00bb<\/em><span id='easy-footnote-9-8902' class='easy-footnote-margin-adjust'><\/span><span class='easy-footnote'><a href='http:\/\/vincentians.com\/es\/la-mision-popular-reflexion-inicial\/#easy-footnote-bottom-9-8902' title='XII, 85; XI, 392'><sup>9<\/sup><\/a><\/span>.<\/p>\n<p>\u00bfNo es tambi\u00e9n real que hoy, mientras el <strong><em>\u00abpobre pueblo\u00bb <\/em><\/strong><em>nece\u00adsita la <\/em>luz del evangelio, no encuentra la respuesta que necesita en nuestras iglesias? \u00bfNo vemos aqu\u00ed otra urgencia que nos reclama como misioneros?<\/p>\n<p>c) Otra vertiente de todo aut\u00e9ntico misionero, que quiere vivir al estilo de Jes\u00fas, que <em>\u00abdijo y predic\u00f3\u00bb <\/em>pero tambi\u00e9n <em>\u00abactu\u00f3\u00bb<\/em><span id='easy-footnote-10-8902' class='easy-footnote-margin-adjust'><\/span><span class='easy-footnote'><a href='http:\/\/vincentians.com\/es\/la-mision-popular-reflexion-inicial\/#easy-footnote-bottom-10-8902' title='Hech 1,1'><sup>10<\/sup><\/a><\/span>. \u00bfCu\u00e1l es el nivel de compromiso de los cristianos en favor de los m\u00e1s necesitados?&#8230; San Vicente sigue lanz\u00e1ndonos nuevos interrogantes.<\/p>\n<p>San Vicente afirma con claridad: <em>\u00abEvangelizar de palabra y de obra es <\/em><em>lo m\u00e1s perfecto; y es lo que nuestro Se\u00f1or practic\u00f3 y tienen que prac\u00adticar los que lo representan en la tierra\u00bb<\/em><span id='easy-footnote-11-8902' class='easy-footnote-margin-adjust'><\/span><span class='easy-footnote'><a href='http:\/\/vincentians.com\/es\/la-mision-popular-reflexion-inicial\/#easy-footnote-bottom-11-8902' title='Xl, 89-90; XI, 393'><sup>11<\/sup><\/a><\/span>.<\/p>\n<p style=\"padding-left: 30px\"><em>&#8216;Podr\u00eda suceder que, despu\u00e9s de mi muerte, algunos esp\u00edritus de contradicci\u00f3n y comodones dijesen: &#8216;\u00bfPara qu\u00e9 molestarse <\/em><em>en cuidar de esos hospitales? \u00bfC\u00f3mo poder atender a esas per\u00ad<\/em><em>sonas arruinadas por la guerra y para qu\u00e9 ir a buscarlas en sus casas? \u00bfPor qu\u00e9 cargarse de tantos asuntos y de tantos pobres? \u00bfPor qu\u00e9 dirigir a las mujeres que atienden a los enfer\u00admos y por qu\u00e9 perder el tiempo con los locos?&#8217;. Habr\u00e1 algunos que criticar\u00e1n esas obras, no lo dud\u00e9is; otros dir\u00e1n que es demasiado ambicioso enviar misioneros a pa\u00edses lejanos f&#8230;) Deseamos dar misiones aqu\u00ed; ya hay bastante que hacer, sin ir m\u00e1s lejos; deseo ocuparme en esto; \u00a1que no me hablen de los ni\u00f1os exp\u00f3sitos, ni de los ancianos del Nombre de Jes\u00fas, ni de esos presos!\u00bb<\/em><span id='easy-footnote-12-8902' class='easy-footnote-margin-adjust'><\/span><span class='easy-footnote'><a href='http:\/\/vincentians.com\/es\/la-mision-popular-reflexion-inicial\/#easy-footnote-bottom-12-8902' title='XI 1, 89-90; XI, 393'><sup>12<\/sup><\/a><\/span>.<\/p>\n<p>Estos textos de San Vicente indican la direcci\u00f3n que podr\u00eda seguir el di\u00e1logo de grupos. Las preguntas sobre la Iglesia deben sur\u00adgir de las \u00abnecesidades de salvaci\u00f3n\u00bb descubiertas en el mundo, en nuestro peque\u00f1o mundo. Podr\u00edamos dialogar de las siguientes cues\u00adtiones:<\/p>\n<p>Hemos descubierto unas necesidades de \u00absalvaci\u00f3n\u00bb, en nuestros pueblos. A estas necesidades:<\/p>\n<ul>\n<li>\u00bfQu\u00e9 respuestas est\u00e1n dando nuestras iglesias?<\/li>\n<li>\u00bfQu\u00e9 respuestas estamos dando nosotros, los hijos de San Vicente?<\/li>\n<li>\u00bfSer\u00eda necesario dar otras respuestas diferentes? (\u00bfCu\u00e1les? \u00bfC\u00f3mo?).<\/li>\n<\/ul>\n<p>Podemos fijarnos tanto en las respuestas positives como en las deficiencias. Igualmente, al llegar a este punto, podr\u00edamos fijarnos en la realidad de las parroquias o de las comunidades que misionamos.<\/p>\n<p>(3) &#8211; El tercer punto en este intento de \u00abver\u00bb nos toca m\u00e1s de cerca. Hemos de mirarnos a <strong>nosotros mismos. <\/strong>Hemos de ver nuestras comunidades y Provincias y la respuesta que estamos dando \u00abhoy\u00bb como hijos de San Vicente. Hemos de mirar y fijarnos en la realidad de nuestros Equipos Misioneros. A los problemas se\u00f1alados, \u00bfles estamos dando una respuesta convincente, cristiana y vicenciana?<\/p>\n<p>Pablo VI en la E.N., al hablar de los evangelizadores, nos hace unas consideraciones que no es bueno dejar pasar por <em>alto:<\/em><\/p>\n<p style=\"padding-left: 30px\"><em>\u00abSe ha repetido frecuentemente en nuestros d\u00edas que este siglo siente sed de autenticidad. Sobre todo con relaci\u00f3n a los j\u00f3ve<\/em><em>nes, se afirma que \u00e9stos sufren horrores ante lo ficticio, ante la falsedad y que adem\u00e1s son decididamente partidarios de la <\/em><strong><em>ver\u00ad<\/em><\/strong><strong><em>dad <\/em><\/strong><em>y la transparencia. A estos &#8216;signos de los tiempos&#8217; deber\u00eda <\/em><em>corresponder en nosotros una actitud vigilante. T\u00e1citamente o a grandes gritos, pero siempre con fuerza, se nos pregunta: &#8216;\u00bfCre\u00e9is verdaderamente en lo que anunci\u00e1is? \u00bfViv\u00eds lo que cre\u00e9is? \u00bfPredic\u00e1is verdaderamente lo que Viv\u00eds? Hoy m\u00e1s que nunca el testimonio de vida se ha convertido en una con\u00addici\u00f3n esencial con vistas a una eficacia real de la predicaci\u00f3n. Sin andar con rodeos, podemos decir que en cierta medida nos hacemos responsables del Evangelio que proclamamos'\u00bb<\/em><span id='easy-footnote-13-8902' class='easy-footnote-margin-adjust'><\/span><span class='easy-footnote'><a href='http:\/\/vincentians.com\/es\/la-mision-popular-reflexion-inicial\/#easy-footnote-bottom-13-8902' title='E.N. 76'><sup>13<\/sup><\/a><\/span>.<\/p>\n<p>El pensamiento de Pablo VI coincide curiosamente con el de San Vicente. Vemos c\u00f3mo pon\u00eda el dedo en la llaga ante alguno de los problemas que exist\u00edan ya en el principio. Un hombre de gran\u00addes ideales como \u00e9l, no pod\u00eda menos que se\u00f1alar estas realidades negativas:<\/p>\n<p style=\"padding-left: 30px\"><em>\u00abBuscamos la sombra; no nos gusta salir al sol; \u00a1nos gusta tanto la comodidad! <\/em>En <em>la misi\u00f3n, por lo menos, estamos en <\/em><em>la iglesia, a cubierto de las injurias del tiempo, del ardor del sol, de la lluvia, a lo que est\u00e1n expuestas esas pobres gentes. \u00a1Y gritamos pidiendo ayuda cuando nos dan un poquito m\u00e1s de ocupaci\u00f3n que de ordinario! \u00a1Mi cuarto, mis libros, mi misa! \u00a1Ya est\u00e1 bien! \u00bfEs eso ser misionero, tener todas las comodi\u00addades? [&#8230;] Vivimos del patrimonio de Jesucristo, del sudor de los pobres\u00bb. Al ir al refectorio deber\u00edamos pensar: \u00ab\u00bfMe he ganado el alimento que voy a tomar?\u00bb<\/em><span id='easy-footnote-14-8902' class='easy-footnote-margin-adjust'><\/span><span class='easy-footnote'><a href='http:\/\/vincentians.com\/es\/la-mision-popular-reflexion-inicial\/#easy-footnote-bottom-14-8902' title='XI, 201; XI, 120-121'><sup>14<\/sup><\/a><\/span>.<\/p>\n<p>Un trabajo misionero deficiente, puede tener su origen en la falta de celo por la salvaci\u00f3n de los hombres. Y sin embargo sin este celo somos <em>\u00abcad\u00e1veres de misioneros\u00bb. <\/em>Sin este celo, nos faltar\u00eda \u00abidenti\u00addad\u00bb. Este mes vicenciano es un nuevo intento de volver a las fuentes, a beber la frescura del esp\u00edritu evangelizador y misionero. Oigamos de nuevo a San Vicente:<\/p>\n<p style=\"padding-left: 30px\"><em>\u00abS\u00e9 muy bien c\u00f3mo se hacia esto al comienzo de la compa\u00f1\u00eda, y c\u00f3mo segu\u00edamos exactamente la pr\u00e1ctica de no dejar que pasase ninguna ocasi\u00f3n de ense\u00f1ar a un pobre&#8230;\u00bb<\/em><span id='easy-footnote-15-8902' class='easy-footnote-margin-adjust'><\/span><span class='easy-footnote'><a href='http:\/\/vincentians.com\/es\/la-mision-popular-reflexion-inicial\/#easy-footnote-bottom-15-8902' title='XI, 381; XI, 267'><sup>15<\/sup><\/a><\/span>.<\/p>\n<p>Con estas motivaciones que nos brindan tanto la E.N. como San Vicente, podemos desembocar en un nuevo campo de an\u00e1lisis y de di\u00e1logo. Sinceramente, \u00bfqu\u00e9 respuestas estamos dando \u00abcon hechos\u00bb al pueblo necesitado? \u00bfNos contentamos con hablar, o, realmente podemos decir que somos \u00abevangelizadores de los pobres\u00bb? \u00bfEn qu\u00e9 se nota que nos dedicamos a evangelizar a los pobres, sobre todo a los m\u00e1s necesitados?<span id='easy-footnote-16-8902' class='easy-footnote-margin-adjust'><\/span><span class='easy-footnote'><a href='http:\/\/vincentians.com\/es\/la-mision-popular-reflexion-inicial\/#easy-footnote-bottom-16-8902' title='Cons. 1,2'><sup>16<\/sup><\/a><\/span>.<\/p>\n<ul>\n<li>Como C.M. estamos llamados a dar una respuesta misionera a los problemas de nuestros pueblos. Pero cual es el panorama real con respecto a la misi\u00f3n de nuestras Provincias.<\/li>\n<li>\u00bfC\u00f3mo nos vemos? \u00bfC\u00f3mo vemos nuestra realidad con relaci\u00f3n a nuestro fin?<\/li>\n<\/ul>\n<p>\u00bfPor qu\u00e9 no hacemos un \u00abauto-retrato\u00bb? (Podemos intentarlo).<\/p>\n<p>Puede ser que el problema del \u00abhacer\u00bb no est\u00e9 en relaci\u00f3n con la mala voluntad o con la desidia. Puede ser que estemos encontrando dificultades reales. \u00bfPor qu\u00e9 no hablamos tambi\u00e9n de ello, al inicio de este mes en el que queremos avanzar, aunque sea unos pasitos, <em>en <\/em>nuestra dedicaci\u00f3n misionera? Merecer\u00eda la pena que habl\u00e1ramos tambi\u00e9n de las dificultades que estamos encontrando.<\/p>\n<ul>\n<li>\u00bfQu\u00e9 dificultades estamos encontrando en nuestras situaciones concretas para anunciar la buena noticia a los pobres?<\/li>\n<li>\u00bfPodr\u00edamos se\u00f1alar las causes de estas dificultades?<\/li>\n<\/ul>\n<h2><strong>III. <\/strong>Observaciones pr\u00e1cticas<\/h2>\n<p>Vamos a pasar ahora al di\u00e1logo por grupos ling\u00fc\u00edsticos. Y con el fin de que el di\u00e1logo sea m\u00e1s fruct\u00edfero, quiero hacer alguna obser\u00advaci\u00f3n pr\u00e1ctica.<\/p>\n<ol>\n<li>Este primer di\u00e1logo debe llevamos a un conocimiento m\u00e1s profundo de nuestras realidades: realizaciones, ilusiones, deseos, pro\u00adblemas, fallos, expectativas&#8230; Sin embargo, conviene que notemos que el tema es demasiado amplio para el tiempo de que podemos disponer, hasta las 17 horas. Por eso, pedir\u00edamos que <em>no nos fij\u00e1ra\u00ad<\/em><em>mos demasiado en los peque\u00f1os detalles poco importantes, <\/em>sino que fu\u00e9ramos a lo fundamental. Cuando a la tarde nos volvamos a encon\u00adtrar en Asamblea Plenaria ser\u00e1 bueno que comuniquemos experien\u00adcias significativas. Otros detalles, por importantes que sean, podemos dejarlos para los di\u00e1logos informales, que, seguro, ser\u00e1n uno de los gozos de estos d\u00edas.<\/li>\n<li>Otra observaci\u00f3n. En el di\u00e1logo no tenemos que fijamos s\u00f3lo en aspectos negativos. Quiz\u00e1 haya grupos que en un sincero an\u00e1lisis no encuentren ning\u00fan aspecto negativo. Quiz\u00e1 constatemos que esta\u00admos haciendo \u00abtodo lo que podemos\u00bb. Dios no nos exige&#8217; m\u00e1s de lo que podemos honradamente hacer.<br \/>\nEs importante que, si es as\u00ed, lo comuniquemos tambi\u00e9n a los dem\u00e1s. Las realidades negativas que observamos al hacer un examen de nuestra realidad, s\u00f3lo deber\u00edan llevarnos a corregirlas. El examen sincero es el primer paso en el camino ascendente de la conversi\u00f3n.<br \/>\nPero tambi\u00e9n necesitamos ver y conocer todo el bien que Dios est\u00e1 haciendo a trav\u00e9s de nuestro sencillo esfuerzo o trabajo. Como Mar\u00eda, hemos de saber dar gracias a Dios que se manifiesta <em>grande <\/em>entre nosotros.<\/li>\n<li>Este primer di\u00e1logo es importante dentro de la concepci\u00f3n total del mes: a las necesidades e inquietudes que broten espont\u00e1nea\u00admente en el di\u00e1logo de los grupos deber\u00edamos intentar dar respuesta a lo largo del mes.<br \/>\nPor otra parte, la realidad que aqu\u00ed aparezca a trav\u00e9s de la sen\u00adsibilidad misionera de quienes nos hemos reunido vamos a hacerla llegar al P. General y a los cohermanos de nuestras Provincias y de nuestros Equipos misioneros. Pretendemos en estos d\u00edas ofrecer un servicio misionero a nuestras Provincias y a nuestros Equipos.<\/li>\n<li>Finalmente quiero advertir que la \u00abplantilla\u00bb que ofrecemos s\u00f3lo tiene una finalidad: ayudar y facilitar el di\u00e1logo. Las preguntas de la plantilla no son las preguntas de un examen. Por eso, que cada grupo tome la plantilla con libertad y vea desde su experiencia con\u00adcrete y diversa \u2014sin perder demasiado tiempo en ello\u2014, cu\u00e1les son las cuestiones m\u00e1s interesantes para poner en com\u00fan.<\/li>\n<\/ol>\n<p><a href=\"https:\/\/i0.wp.com\/vicencianos.org\/wp-content\/2015\/04\/luismari_1.jpg\"><img data-recalc-dims=\"1\" loading=\"lazy\" decoding=\"async\" class=\"aligncenter size-large wp-image-143590\" src=\"https:\/\/i0.wp.com\/vicencianos.org\/wp-content\/2015\/04\/luismari_1-1024x516.jpg?resize=846%2C426\" alt=\"luismari_1\" width=\"846\" height=\"426\" \/><\/a><\/p>\n","protected":false},"excerpt":{"rendered":"<p>Quiero comenzar este trabajo con una definici\u00f3n de pastoral de sesgo vicenciano. Definici\u00f3n que actuar\u00e1 como una luz que, desde arriba, enfoque esta presentaci\u00f3n: Pastoral es el esfuerzo por alcanzar a Cristo porque \u00e9l te &#8230; <a href=\"http:\/\/vincentians.com\/es\/la-mision-popular-reflexion-inicial\/\" class=\"more-link\">Read More<\/a><\/p>\n","protected":false},"author":4,"featured_media":143590,"comment_status":"open","ping_status":"open","sticky":false,"template":"","format":"standard","meta":{"jetpack_post_was_ever_published":false,"_jetpack_newsletter_access":"","_jetpack_dont_email_post_to_subs":false,"_jetpack_newsletter_tier_id":0,"_jetpack_memberships_contains_paywalled_content":false,"_jetpack_memberships_contains_paid_content":false,"footnotes":"","jetpack_publicize_message":"","jetpack_publicize_feature_enabled":true,"jetpack_social_post_already_shared":true,"jetpack_social_options":{"image_generator_settings":{"template":"highway","default_image_id":0,"font":"","enabled":false},"version":2}},"categories":[201],"tags":[],"class_list":["post-8902","post","type-post","status-publish","format-standard","has-post-thumbnail","hentry","category-misiones-ad-gentes"],"yoast_head":"<!-- This site is optimized with the Yoast SEO plugin v26.3 - https:\/\/yoast.com\/wordpress\/plugins\/seo\/ -->\n<title>La Misi\u00f3n Popular: reflexi\u00f3n inicial - Somos Vicencianos<\/title>\n<meta name=\"robots\" content=\"index, follow, max-snippet:-1, max-image-preview:large, max-video-preview:-1\" \/>\n<link rel=\"canonical\" href=\"http:\/\/vincentians.com\/es\/la-mision-popular-reflexion-inicial\/\" \/>\n<meta property=\"og:locale\" content=\"es_ES\" \/>\n<meta property=\"og:type\" content=\"article\" \/>\n<meta property=\"og:title\" content=\"La Misi\u00f3n Popular: reflexi\u00f3n inicial - Somos Vicencianos\" \/>\n<meta property=\"og:description\" content=\"Quiero comenzar este trabajo con una definici\u00f3n de pastoral de sesgo vicenciano. Definici\u00f3n que actuar\u00e1 como una luz que, desde arriba, enfoque esta presentaci\u00f3n: Pastoral es el esfuerzo por alcanzar a Cristo porque \u00e9l te ... Read More\" \/>\n<meta property=\"og:url\" content=\"http:\/\/vincentians.com\/es\/la-mision-popular-reflexion-inicial\/\" \/>\n<meta property=\"og:site_name\" content=\"Somos Vicencianos\" \/>\n<meta property=\"article:publisher\" content=\"https:\/\/www.facebook.com\/WeAreVincentians\/\" \/>\n<meta property=\"article:author\" content=\"https:\/\/www.facebook.com\/JavierChento\" \/>\n<meta property=\"article:published_time\" content=\"2015-04-18T06:13:30+00:00\" \/>\n<meta name=\"author\" content=\"Francisco Javier Fern\u00e1ndez Chento\" \/>\n<meta name=\"twitter:card\" content=\"summary_large_image\" \/>\n<meta name=\"twitter:creator\" content=\"@https:\/\/twitter.com\/javierchento\" \/>\n<meta name=\"twitter:site\" content=\"@WeVincentians\" \/>\n<meta name=\"twitter:label1\" content=\"Escrito por\" \/>\n\t<meta name=\"twitter:data1\" content=\"Francisco Javier Fern\u00e1ndez Chento\" \/>\n\t<meta name=\"twitter:label2\" content=\"Tiempo de lectura\" \/>\n\t<meta name=\"twitter:data2\" content=\"15 minutos\" \/>\n<script type=\"application\/ld+json\" class=\"yoast-schema-graph\">{\"@context\":\"https:\/\/schema.org\",\"@graph\":[{\"@type\":\"Article\",\"@id\":\"http:\/\/vincentians.com\/es\/la-mision-popular-reflexion-inicial\/#article\",\"isPartOf\":{\"@id\":\"http:\/\/vincentians.com\/es\/la-mision-popular-reflexion-inicial\/\"},\"author\":{\"name\":\"Francisco Javier Fern\u00e1ndez Chento\",\"@id\":\"http:\/\/vincentians.com\/es\/#\/schema\/person\/9623ef4d9aa3b2dfb8c061f1499288f2\"},\"headline\":\"La Misi\u00f3n Popular: reflexi\u00f3n inicial\",\"datePublished\":\"2015-04-18T06:13:30+00:00\",\"mainEntityOfPage\":{\"@id\":\"http:\/\/vincentians.com\/es\/la-mision-popular-reflexion-inicial\/\"},\"wordCount\":3096,\"commentCount\":0,\"publisher\":{\"@id\":\"http:\/\/vincentians.com\/es\/#organization\"},\"image\":{\"@id\":\"http:\/\/vincentians.com\/es\/la-mision-popular-reflexion-inicial\/#primaryimage\"},\"thumbnailUrl\":\"\",\"articleSection\":[\"Misiones \u00abAd gentes\u00bb\"],\"inLanguage\":\"es\",\"potentialAction\":[{\"@type\":\"CommentAction\",\"name\":\"Comment\",\"target\":[\"http:\/\/vincentians.com\/es\/la-mision-popular-reflexion-inicial\/#respond\"]}]},{\"@type\":\"WebPage\",\"@id\":\"http:\/\/vincentians.com\/es\/la-mision-popular-reflexion-inicial\/\",\"url\":\"http:\/\/vincentians.com\/es\/la-mision-popular-reflexion-inicial\/\",\"name\":\"La Misi\u00f3n Popular: reflexi\u00f3n inicial - Somos Vicencianos\",\"isPartOf\":{\"@id\":\"http:\/\/vincentians.com\/es\/#website\"},\"primaryImageOfPage\":{\"@id\":\"http:\/\/vincentians.com\/es\/la-mision-popular-reflexion-inicial\/#primaryimage\"},\"image\":{\"@id\":\"http:\/\/vincentians.com\/es\/la-mision-popular-reflexion-inicial\/#primaryimage\"},\"thumbnailUrl\":\"\",\"datePublished\":\"2015-04-18T06:13:30+00:00\",\"breadcrumb\":{\"@id\":\"http:\/\/vincentians.com\/es\/la-mision-popular-reflexion-inicial\/#breadcrumb\"},\"inLanguage\":\"es\",\"potentialAction\":[{\"@type\":\"ReadAction\",\"target\":[\"http:\/\/vincentians.com\/es\/la-mision-popular-reflexion-inicial\/\"]}]},{\"@type\":\"ImageObject\",\"inLanguage\":\"es\",\"@id\":\"http:\/\/vincentians.com\/es\/la-mision-popular-reflexion-inicial\/#primaryimage\",\"url\":\"\",\"contentUrl\":\"\"},{\"@type\":\"BreadcrumbList\",\"@id\":\"http:\/\/vincentians.com\/es\/la-mision-popular-reflexion-inicial\/#breadcrumb\",\"itemListElement\":[{\"@type\":\"ListItem\",\"position\":1,\"name\":\"Portada\",\"item\":\"http:\/\/vincentians.com\/es\/\"},{\"@type\":\"ListItem\",\"position\":2,\"name\":\"La Misi\u00f3n Popular: reflexi\u00f3n inicial\"}]},{\"@type\":\"WebSite\",\"@id\":\"http:\/\/vincentians.com\/es\/#website\",\"url\":\"http:\/\/vincentians.com\/es\/\",\"name\":\"Somos Vicencianos\",\"description\":\"Know more to serve more\",\"publisher\":{\"@id\":\"http:\/\/vincentians.com\/es\/#organization\"},\"potentialAction\":[{\"@type\":\"SearchAction\",\"target\":{\"@type\":\"EntryPoint\",\"urlTemplate\":\"http:\/\/vincentians.com\/es\/?s={search_term_string}\"},\"query-input\":{\"@type\":\"PropertyValueSpecification\",\"valueRequired\":true,\"valueName\":\"search_term_string\"}}],\"inLanguage\":\"es\"},{\"@type\":\"Organization\",\"@id\":\"http:\/\/vincentians.com\/es\/#organization\",\"name\":\"The Vincentian Network\",\"url\":\"http:\/\/vincentians.com\/es\/\",\"logo\":{\"@type\":\"ImageObject\",\"inLanguage\":\"es\",\"@id\":\"http:\/\/vincentians.com\/es\/#\/schema\/logo\/image\/\",\"url\":\"https:\/\/i1.wp.com\/vincentians.com\/es\/wp-content\/uploads\/sites\/11\/2016\/06\/Vincentian-Network-logo-big.png?fit=778%2C778\",\"contentUrl\":\"https:\/\/i1.wp.com\/vincentians.com\/es\/wp-content\/uploads\/sites\/11\/2016\/06\/Vincentian-Network-logo-big.png?fit=778%2C778\",\"width\":778,\"height\":778,\"caption\":\"The Vincentian Network\"},\"image\":{\"@id\":\"http:\/\/vincentians.com\/es\/#\/schema\/logo\/image\/\"},\"sameAs\":[\"https:\/\/www.facebook.com\/WeAreVincentians\/\",\"https:\/\/x.com\/WeVincentians\"]},{\"@type\":\"Person\",\"@id\":\"http:\/\/vincentians.com\/es\/#\/schema\/person\/9623ef4d9aa3b2dfb8c061f1499288f2\",\"name\":\"Francisco Javier Fern\u00e1ndez Chento\",\"image\":{\"@type\":\"ImageObject\",\"inLanguage\":\"es\",\"@id\":\"http:\/\/vincentians.com\/es\/#\/schema\/person\/image\/\",\"url\":\"https:\/\/secure.gravatar.com\/avatar\/497d5cde87b4c3d097d0315953521681ba2cd523ee66e5077c3711f7021e65de?s=96&d=mm&r=g\",\"contentUrl\":\"https:\/\/secure.gravatar.com\/avatar\/497d5cde87b4c3d097d0315953521681ba2cd523ee66e5077c3711f7021e65de?s=96&d=mm&r=g\",\"caption\":\"Francisco Javier Fern\u00e1ndez Chento\"},\"description\":\"Director General y cofundador de La Red de Formaci\u00f3n Vicenciana. Javier es laico vicenciano, afiliado a la Congregaci\u00f3n de la Misi\u00f3n y miembro del Equipo de Misiones Populares de la provincia can\u00f3nica de Zaragoza (Espa\u00f1a) de la Congregaci\u00f3n de la Misi\u00f3n. Graduado en la Universidad Oberta de Catalunya con cuatro grados (Asistente de direcci\u00f3n, Gesti\u00f3n Administrativa, Recursos Humanos y Contabilidad Avanzada). Bil\u00edng\u00fce Espa\u00f1ol\/Ingl\u00e9s. gestiona y mantiene varias p\u00e1ginas web cristianas y vicencianas, incluida including La Red de Formaci\u00f3n Vicenciana, de la que es cofundador. Actualmente es responsable del \u00e1rea de Espa\u00f1ol de .famvin, la Red de Noticias de la Familia Vicenciana. Tambi\u00e9n es m\u00fasico cat\u00f3lico y ha editado varios discos. Es Director General y cofundador de Trovador, una reconocida compa\u00f1\u00eda discogr\u00e1fica critiana de Espa\u00f1a. Trabaja en las Tecnolog\u00edas de la Informaci\u00f3n, ofreciendo servicios de alojamiento, dise\u00f1o y mantenimiento Web, as\u00ed como asesoramiento, formaci\u00f3n y soluciones inform\u00e1ticas, gesti\u00f3n documental y digitalizaci\u00f3n de textos, edici\u00f3n y maquetaci\u00f3n de libros, revistas, flyers, etc.\",\"sameAs\":[\"http:\/\/chento.org\",\"https:\/\/www.facebook.com\/JavierChento\",\"https:\/\/x.com\/https:\/\/twitter.com\/javierchento\"],\"url\":\"http:\/\/vincentians.com\/es\/author\/chento\/\"}]}<\/script>\n<!-- \/ Yoast SEO plugin. -->","yoast_head_json":{"title":"La Misi\u00f3n Popular: reflexi\u00f3n inicial - Somos Vicencianos","robots":{"index":"index","follow":"follow","max-snippet":"max-snippet:-1","max-image-preview":"max-image-preview:large","max-video-preview":"max-video-preview:-1"},"canonical":"http:\/\/vincentians.com\/es\/la-mision-popular-reflexion-inicial\/","og_locale":"es_ES","og_type":"article","og_title":"La Misi\u00f3n Popular: reflexi\u00f3n inicial - Somos Vicencianos","og_description":"Quiero comenzar este trabajo con una definici\u00f3n de pastoral de sesgo vicenciano. Definici\u00f3n que actuar\u00e1 como una luz que, desde arriba, enfoque esta presentaci\u00f3n: Pastoral es el esfuerzo por alcanzar a Cristo porque \u00e9l te ... Read More","og_url":"http:\/\/vincentians.com\/es\/la-mision-popular-reflexion-inicial\/","og_site_name":"Somos Vicencianos","article_publisher":"https:\/\/www.facebook.com\/WeAreVincentians\/","article_author":"https:\/\/www.facebook.com\/JavierChento","article_published_time":"2015-04-18T06:13:30+00:00","author":"Francisco Javier Fern\u00e1ndez Chento","twitter_card":"summary_large_image","twitter_creator":"@https:\/\/twitter.com\/javierchento","twitter_site":"@WeVincentians","twitter_misc":{"Escrito por":"Francisco Javier Fern\u00e1ndez Chento","Tiempo de lectura":"15 minutos"},"schema":{"@context":"https:\/\/schema.org","@graph":[{"@type":"Article","@id":"http:\/\/vincentians.com\/es\/la-mision-popular-reflexion-inicial\/#article","isPartOf":{"@id":"http:\/\/vincentians.com\/es\/la-mision-popular-reflexion-inicial\/"},"author":{"name":"Francisco Javier Fern\u00e1ndez Chento","@id":"http:\/\/vincentians.com\/es\/#\/schema\/person\/9623ef4d9aa3b2dfb8c061f1499288f2"},"headline":"La Misi\u00f3n Popular: reflexi\u00f3n inicial","datePublished":"2015-04-18T06:13:30+00:00","mainEntityOfPage":{"@id":"http:\/\/vincentians.com\/es\/la-mision-popular-reflexion-inicial\/"},"wordCount":3096,"commentCount":0,"publisher":{"@id":"http:\/\/vincentians.com\/es\/#organization"},"image":{"@id":"http:\/\/vincentians.com\/es\/la-mision-popular-reflexion-inicial\/#primaryimage"},"thumbnailUrl":"","articleSection":["Misiones \u00abAd gentes\u00bb"],"inLanguage":"es","potentialAction":[{"@type":"CommentAction","name":"Comment","target":["http:\/\/vincentians.com\/es\/la-mision-popular-reflexion-inicial\/#respond"]}]},{"@type":"WebPage","@id":"http:\/\/vincentians.com\/es\/la-mision-popular-reflexion-inicial\/","url":"http:\/\/vincentians.com\/es\/la-mision-popular-reflexion-inicial\/","name":"La Misi\u00f3n Popular: reflexi\u00f3n inicial - Somos Vicencianos","isPartOf":{"@id":"http:\/\/vincentians.com\/es\/#website"},"primaryImageOfPage":{"@id":"http:\/\/vincentians.com\/es\/la-mision-popular-reflexion-inicial\/#primaryimage"},"image":{"@id":"http:\/\/vincentians.com\/es\/la-mision-popular-reflexion-inicial\/#primaryimage"},"thumbnailUrl":"","datePublished":"2015-04-18T06:13:30+00:00","breadcrumb":{"@id":"http:\/\/vincentians.com\/es\/la-mision-popular-reflexion-inicial\/#breadcrumb"},"inLanguage":"es","potentialAction":[{"@type":"ReadAction","target":["http:\/\/vincentians.com\/es\/la-mision-popular-reflexion-inicial\/"]}]},{"@type":"ImageObject","inLanguage":"es","@id":"http:\/\/vincentians.com\/es\/la-mision-popular-reflexion-inicial\/#primaryimage","url":"","contentUrl":""},{"@type":"BreadcrumbList","@id":"http:\/\/vincentians.com\/es\/la-mision-popular-reflexion-inicial\/#breadcrumb","itemListElement":[{"@type":"ListItem","position":1,"name":"Portada","item":"http:\/\/vincentians.com\/es\/"},{"@type":"ListItem","position":2,"name":"La Misi\u00f3n Popular: reflexi\u00f3n inicial"}]},{"@type":"WebSite","@id":"http:\/\/vincentians.com\/es\/#website","url":"http:\/\/vincentians.com\/es\/","name":"Somos Vicencianos","description":"Know more to serve more","publisher":{"@id":"http:\/\/vincentians.com\/es\/#organization"},"potentialAction":[{"@type":"SearchAction","target":{"@type":"EntryPoint","urlTemplate":"http:\/\/vincentians.com\/es\/?s={search_term_string}"},"query-input":{"@type":"PropertyValueSpecification","valueRequired":true,"valueName":"search_term_string"}}],"inLanguage":"es"},{"@type":"Organization","@id":"http:\/\/vincentians.com\/es\/#organization","name":"The Vincentian Network","url":"http:\/\/vincentians.com\/es\/","logo":{"@type":"ImageObject","inLanguage":"es","@id":"http:\/\/vincentians.com\/es\/#\/schema\/logo\/image\/","url":"https:\/\/i1.wp.com\/vincentians.com\/es\/wp-content\/uploads\/sites\/11\/2016\/06\/Vincentian-Network-logo-big.png?fit=778%2C778","contentUrl":"https:\/\/i1.wp.com\/vincentians.com\/es\/wp-content\/uploads\/sites\/11\/2016\/06\/Vincentian-Network-logo-big.png?fit=778%2C778","width":778,"height":778,"caption":"The Vincentian Network"},"image":{"@id":"http:\/\/vincentians.com\/es\/#\/schema\/logo\/image\/"},"sameAs":["https:\/\/www.facebook.com\/WeAreVincentians\/","https:\/\/x.com\/WeVincentians"]},{"@type":"Person","@id":"http:\/\/vincentians.com\/es\/#\/schema\/person\/9623ef4d9aa3b2dfb8c061f1499288f2","name":"Francisco Javier Fern\u00e1ndez Chento","image":{"@type":"ImageObject","inLanguage":"es","@id":"http:\/\/vincentians.com\/es\/#\/schema\/person\/image\/","url":"https:\/\/secure.gravatar.com\/avatar\/497d5cde87b4c3d097d0315953521681ba2cd523ee66e5077c3711f7021e65de?s=96&d=mm&r=g","contentUrl":"https:\/\/secure.gravatar.com\/avatar\/497d5cde87b4c3d097d0315953521681ba2cd523ee66e5077c3711f7021e65de?s=96&d=mm&r=g","caption":"Francisco Javier Fern\u00e1ndez Chento"},"description":"Director General y cofundador de La Red de Formaci\u00f3n Vicenciana. Javier es laico vicenciano, afiliado a la Congregaci\u00f3n de la Misi\u00f3n y miembro del Equipo de Misiones Populares de la provincia can\u00f3nica de Zaragoza (Espa\u00f1a) de la Congregaci\u00f3n de la Misi\u00f3n. Graduado en la Universidad Oberta de Catalunya con cuatro grados (Asistente de direcci\u00f3n, Gesti\u00f3n Administrativa, Recursos Humanos y Contabilidad Avanzada). Bil\u00edng\u00fce Espa\u00f1ol\/Ingl\u00e9s. gestiona y mantiene varias p\u00e1ginas web cristianas y vicencianas, incluida including La Red de Formaci\u00f3n Vicenciana, de la que es cofundador. Actualmente es responsable del \u00e1rea de Espa\u00f1ol de .famvin, la Red de Noticias de la Familia Vicenciana. Tambi\u00e9n es m\u00fasico cat\u00f3lico y ha editado varios discos. Es Director General y cofundador de Trovador, una reconocida compa\u00f1\u00eda discogr\u00e1fica critiana de Espa\u00f1a. Trabaja en las Tecnolog\u00edas de la Informaci\u00f3n, ofreciendo servicios de alojamiento, dise\u00f1o y mantenimiento Web, as\u00ed como asesoramiento, formaci\u00f3n y soluciones inform\u00e1ticas, gesti\u00f3n documental y digitalizaci\u00f3n de textos, edici\u00f3n y maquetaci\u00f3n de libros, revistas, flyers, etc.","sameAs":["http:\/\/chento.org","https:\/\/www.facebook.com\/JavierChento","https:\/\/x.com\/https:\/\/twitter.com\/javierchento"],"url":"http:\/\/vincentians.com\/es\/author\/chento\/"}]}},"jetpack_publicize_connections":[],"jetpack_featured_media_url":"","jetpack_sharing_enabled":true,"jetpack_shortlink":"https:\/\/wp.me\/p7ETMF-2jA","jetpack-related-posts":[{"id":120365,"url":"http:\/\/vincentians.com\/es\/dinamica-y-contenidos-de-la-mision-popular\/","url_meta":{"origin":8902,"position":0},"title":"Din\u00e1mica y contenidos de la misi\u00f3n popular","author":"Francisco Javier Fern\u00e1ndez Chento","date":"10\/05\/2013","format":false,"excerpt":"Abordar la din\u00e1mica y contenidos de la misi\u00f3n popular es arriesgado, por lo mucho vivido y por lo poco sistematizado en publicaciones. Estas p\u00e1ginas van a correr, pues, un riesgo. Salen alentadas por el deseo de contribuci\u00f3n a la s\u00edntesis de una riqueza pastoral escondida en la historia, y a\u2026","rel":"","context":"En \u00abMisiones \u00abAd gentes\u00bb\u00bb","block_context":{"text":"Misiones \u00abAd gentes\u00bb","link":"http:\/\/vincentians.com\/es\/category\/servicios-y-ministerios\/misiones-ad-gentes\/"},"img":{"alt_text":"granados","src":"https:\/\/i0.wp.com\/vicencianos.org\/wp-content\/2013\/04\/granados-300x186.jpg?resize=350%2C200","width":350,"height":200},"classes":[]},{"id":119438,"url":"http:\/\/vincentians.com\/es\/anunciar-a-jesucristo-hoy\/","url_meta":{"origin":8902,"position":1},"title":"Anunciar a Jesucristo, hoy","author":"Francisco Javier Fern\u00e1ndez Chento","date":"10\/04\/2013","format":false,"excerpt":"I - Un nuevo escenario cultural Vivimos un momento de cambios y transformaciones importantes en todos los \u00e1mbitos de la existencia humana; \"una acelerada transformaci\u00f3n\" de la sociedad ha generado un nuevo escenario cultural caracterizado por la p\u00e9rdida de la consistencia ontol\u00f3gica del alma, una crisis de verdad, una perversi\u00f3n\u2026","rel":"","context":"En \u00abFormaci\u00f3n Cristiana\u00bb","block_context":{"text":"Formaci\u00f3n Cristiana","link":"http:\/\/vincentians.com\/es\/category\/formacion-cristiana\/"},"img":{"alt_text":"anunciar","src":"https:\/\/i0.wp.com\/vicencianos.org\/wp-content\/2013\/04\/anunciar-211x300.jpg?resize=350%2C200","width":350,"height":200},"classes":[]},{"id":143745,"url":"http:\/\/vincentians.com\/es\/espiritualidad-de-misevi\/","url_meta":{"origin":8902,"position":2},"title":"Espiritualidad de MISEVI","author":"Francisco Javier Fern\u00e1ndez Chento","date":"22\/04\/2015","format":false,"excerpt":"1.- Esta es nuestra historia y nuestra vida Introducci\u00f3n La animaci\u00f3n misionera realizada por JMV, desde 1984, ha facilitado que los j\u00f3venes de JMV-Espa\u00f1a realizasen experiencias misioneras \"Ad Gentes\" durante los meses de vacaciones, un promedio de treinta por temporada. Tres a\u00f1os m\u00e1s tarde, en 1987, algunos de estos j\u00f3venes\u2026","rel":"","context":"En \u00abMisevi\u00bb","block_context":{"text":"Misevi","link":"http:\/\/vincentians.com\/es\/category\/la-familia-vicenciana\/ramas\/misevi\/"},"img":{"alt_text":"documento_de_espiritualidad-1","src":"https:\/\/i0.wp.com\/vicencianos.org\/wp-content\/2015\/04\/documento_de_espiritualidad-1-300x287.jpg?resize=350%2C200","width":350,"height":200},"classes":[]},{"id":386892,"url":"http:\/\/vincentians.com\/es\/volver-a-jesus-para-evangelizar\/","url_meta":{"origin":8902,"position":3},"title":"Volver a Jes\u00fas para evangelizar","author":"Francisco Javier Fern\u00e1ndez Chento","date":"25\/01\/2016","format":false,"excerpt":"Me alegra inmensamente que la pr\u00f3xima Asamblea de la Congregaci\u00f3n de la Misi\u00f3n tenga como tema de reflexi\u00f3n y motivaci\u00f3n un asunto que tiene que ver con su identidad apost\u00f3lica: la Nueva Evangelizaci\u00f3n. Conviene, sin embargo, recordar que la evangelizaci\u00f3n tiene un gran supuesto: la contemplaci\u00f3n de Cristo enviado por\u2026","rel":"","context":"En \u00abFormaci\u00f3n Vicenciana\u00bb","block_context":{"text":"Formaci\u00f3n Vicenciana","link":"http:\/\/vincentians.com\/es\/category\/formacion-vicenciana\/"},"img":{"alt_text":"hora de evangelizar","src":"https:\/\/i0.wp.com\/vicencianos.org\/wp-content\/uploads\/2016\/01\/hora-de-evangelizar-300x283.jpg?resize=350%2C200","width":350,"height":200},"classes":[]},{"id":133248,"url":"http:\/\/vincentians.com\/es\/presentacion-de-las-misiones-populares-vicencianas\/","url_meta":{"origin":8902,"position":4},"title":"Presentaci\u00f3n de las misiones populares vicencianas","author":"Francisco Javier Fern\u00e1ndez Chento","date":"21\/12\/2014","format":false,"excerpt":"Las misiones son nuestra vocaci\u00f3n: por eso nos llamamos Congregaci\u00f3n de la Misi\u00f3n, una vocaci\u00f3n que nos lleva a \"corresponder a los designios eternos que Dios tiene sobre nosotros\". San Vicente lo dice con claridad: \"Lo m\u00e1s importante de nuestra vocaci\u00f3n es trabajar por la salvaci\u00f3n de las pobres gentes\u2026","rel":"","context":"En \u00abMisiones populares\u00bb","block_context":{"text":"Misiones populares","link":"http:\/\/vincentians.com\/es\/category\/servicios-y-ministerios\/misiones-populares-misiones\/"},"img":{"alt_text":"Peral","src":"https:\/\/i0.wp.com\/vicencianos.org\/wp-content\/2014\/12\/Peral-300x223.jpg?resize=350%2C200","width":350,"height":200},"classes":[]},{"id":133254,"url":"http:\/\/vincentians.com\/es\/conceptos-clave-en-misiones-populares-03-conversion\/","url_meta":{"origin":8902,"position":5},"title":"Conceptos clave en misiones populares 03: Conversi\u00f3n","author":"Francisco Javier Fern\u00e1ndez Chento","date":"03\/01\/2015","format":false,"excerpt":"Lo se\u00f1al\u00e1bamos al dar contenido al concepto anterior, renovaci\u00f3n: \"La Pastoral misionera no es, ante todo, llevar a cabo unas acciones distintas, crear nuevas estructuras, sino conversi\u00f3n al Evangelio, lo cual se manifestar\u00e1 tambi\u00e9n en un nuevo talante personal, comunitario, eclesial, en un nuevo modo de hacer en la Iglesia\u2026\"\u2026","rel":"","context":"En \u00abMisiones populares\u00bb","block_context":{"text":"Misiones populares","link":"http:\/\/vincentians.com\/es\/category\/servicios-y-ministerios\/misiones-populares-misiones\/"},"img":{"alt_text":"Convertirse_a_Jesus","src":"https:\/\/i0.wp.com\/vicencianos.org\/wp-content\/2015\/01\/Convertirse_a_Jesus-300x300.jpg?resize=350%2C200","width":350,"height":200},"classes":[]}],"_links":{"self":[{"href":"http:\/\/vincentians.com\/es\/wp-json\/wp\/v2\/posts\/8902","targetHints":{"allow":["GET"]}}],"collection":[{"href":"http:\/\/vincentians.com\/es\/wp-json\/wp\/v2\/posts"}],"about":[{"href":"http:\/\/vincentians.com\/es\/wp-json\/wp\/v2\/types\/post"}],"author":[{"embeddable":true,"href":"http:\/\/vincentians.com\/es\/wp-json\/wp\/v2\/users\/4"}],"replies":[{"embeddable":true,"href":"http:\/\/vincentians.com\/es\/wp-json\/wp\/v2\/comments?post=8902"}],"version-history":[{"count":0,"href":"http:\/\/vincentians.com\/es\/wp-json\/wp\/v2\/posts\/8902\/revisions"}],"wp:featuredmedia":[{"embeddable":true,"href":"http:\/\/vincentians.com\/es\/wp-json\/"}],"wp:attachment":[{"href":"http:\/\/vincentians.com\/es\/wp-json\/wp\/v2\/media?parent=8902"}],"wp:term":[{"taxonomy":"category","embeddable":true,"href":"http:\/\/vincentians.com\/es\/wp-json\/wp\/v2\/categories?post=8902"},{"taxonomy":"post_tag","embeddable":true,"href":"http:\/\/vincentians.com\/es\/wp-json\/wp\/v2\/tags?post=8902"}],"curies":[{"name":"wp","href":"https:\/\/api.w.org\/{rel}","templated":true}]}}