{"id":8878,"date":"2015-02-23T09:20:37","date_gmt":"2015-02-23T08:20:37","guid":{"rendered":"http:\/\/somos.vicencianos.org\/blog\/?p=8878"},"modified":"2015-02-23T09:20:37","modified_gmt":"2015-02-23T08:20:37","slug":"carta-de-vicente-de-paul-a-los-cristianos-de-hoy","status":"publish","type":"post","link":"http:\/\/vincentians.com\/es\/carta-de-vicente-de-paul-a-los-cristianos-de-hoy\/","title":{"rendered":"Carta de Vicente de Pa\u00fal a los cristianos de hoy"},"content":{"rendered":"<p><a href=\"https:\/\/i0.wp.com\/vicencianos.org\/wp-content\/2011\/03\/nddm_vincent1.jpg\"><img data-recalc-dims=\"1\" loading=\"lazy\" decoding=\"async\" class=\"alignleft size-medium wp-image-32182\" title=\"nddm_vincent1\" src=\"https:\/\/i0.wp.com\/vicencianos.org\/wp-content\/2011\/03\/nddm_vincent1-300x242.jpg?resize=300%2C242\" alt=\"\" width=\"300\" height=\"242\" \/><\/a>Yo, Vicente de Pa\u00fal, indigno sacerdote de la Misi\u00f3n, voy a tener el atrevi\u00admiento de dirigirme a vosotros, cristianos de un siglo supercivilizado. Permitid\u00adme que a\u00f1ada una carta m\u00e1s a las treinta mil que escrib\u00ed en mi existencia terrena. Desde luego, no es mi intenci\u00f3n cansaros con el relato de mi vida, que bien sabe Dios que no tuvo excepcional importancia, y que muchos de vosotros hab\u00e9is narrado y analizado con excesiva benevolencia. Tampoco quiero hacer laudes de lo que algunos investigadores de buen coraz\u00f3n han llamado \u00abmi espiritualidad\u00bb. Porque no tuve m\u00e1s \u00abespiritualidad\u00bb que Cristo y su Evangelio, y estar\u00e9is de acuerdo en que tal camino est\u00e1 al alcance de cualquiera que ponga un m\u00ednimo esfuerzo. No voy a atormentaros, en absoluto, con mis muchas y reiteradas negligencias y torpezas en el servicio de Dios Nuestro Se\u00f1or. Ser\u00eda solapada vanidad y orgullo encubierto, por lo que tantas veces ped\u00ed perd\u00f3n a Nuestro Salvador.<\/p>\n<p>Muchas veces he o\u00eddo que algunos de vosotros lanzaba al aire esta pregunta: \u00ab\u00bfQu\u00e9 dir\u00eda y har\u00eda hoy el se\u00f1or Vicente?\u00bb. Y no me parecen desacertadas las respuestas que se han ido apuntando. Pero os declaro que mi coraz\u00f3n no se siente a gusto cuando le encierran en los estrechos l\u00edmites de un exclusivismo \u00abdom\u00e9stico y religioso\u00bb. Y, por supuesto, mi obra, mi pensamiento y mi persona me resultan un tanto \u00abextra\u00f1as\u00bb cuando las veo asentadas en una pl\u00e1cida atm\u00f3s\u00adfera desencarnada y espiritualista. Me temo que, tal vez, sin pretenderlo, algunos est\u00e1n cayendo en la tentaci\u00f3n de minimizar lo \u00fanico que siempre catapult\u00f3 mi existencia: el ancho y cruel mundo de la esclavitud, la explotaci\u00f3n, la miseria, el abandono, el dolor; la \u00abpasi\u00f3n de la humanidad\u00bb donde se me revel\u00f3 constan\u00adte y n\u00edtidamente el rostro humillado de. Cristo.<\/p>\n<p>Por eso, esta carta no es nada original. Es la repetici\u00f3n de lo que siempre he querido deciros. El esfuerzo continuo de refrescar vuestra inteligencia y todo vuestro ser con lo \u00fanico que merece la pena: llevar adelante la vida y la misi\u00f3n de Jesucristo, siendo y actuando como Jesucristo, en el amor concreto y eficaz a los pobres, los predilectos de Dios. Pero, \u00a1ay!, \u00a1c\u00f3mo hemos llenado p\u00e1ginas y p\u00e1ginas bell\u00edsimas y profund\u00edsimas sobre la teolog\u00eda de los pobres! \u00a1Oh Salvador! \u00a1C\u00f3mo hemos abusado de la palabra \u00abpobres\u00bb, y c\u00f3mo nos olvidamos de los pobres de carne y hueso! \u00a1Tendr\u00edamos que pronunciar esta palabra con temor y temblor!<\/p>\n<p>\u00a1Cristianos y hermanos m\u00edos del siglo XX! \u00a1Qu\u00e9 regocijo tan grande me inund\u00f3 cuando en aquella \u00abhora de Dios\u00bb que se llam\u00f3 Concilio Vaticano II, se remo\u00advieron los rescoldos de la \u00abIglesia de los pobres\u00bb! Entonces reviv\u00ed mis luchas, mis planteamientos, mi fe, mi vida toda. Incluso \u2014Dios sea bendito\u2014, me sent\u00ed rejuvenecer en mis ra\u00edces m\u00e1s \u00edntimas. Pero, con la misma sinceridad, os digo que mi \u00e1nimo se llena de confusi\u00f3n cuando compruebo que aquella expresi\u00f3n \u2014\u00bbIglesia de los pobres\u00bb\u2014 se queda, much\u00edsimas veces, en una atildada frase literaria o en una simple declaraci\u00f3n de buenas intenciones. Y no llego a enten\u00adder c\u00f3mo hay cristianos que todav\u00eda se pasan las horas pregunt\u00e1ndose qui\u00e9nes son los pobres y d\u00f3nde se encuentran los marginados; y que ponen extra\u00f1as etiquetas sospechosas a multitud de seguidores de Cristo que gastan y desgastan sus fuerzas en llevar la Buena Noticia a los m\u00e1s desheredados de la tierra.<\/p>\n<p>Nunca fui amigo de dar altisonantes consejos. \u00abTodo lo que tenemos que hacer es trabajar\u00bb, escrib\u00ed en alguna ocasi\u00f3n. Pero me vais a perdonar la osad\u00eda de abriros mi alma como un testamento sempiterno. Quisiera dejar bien claro que no olvid\u00e9is nunca dos derechos de la Iglesia que le son otorgados por la carta fundacional del Evangelio: el derecho a ser perseguida y el derecho a estar junto a los pobres. No renunci\u00e9is nunca al derecho de poneros siempre, pase lo que pase, del lado de los que son el tr\u00e1gico subproducto del mundo actual.<\/p>\n<p>Desde mi actual \u00absituaci\u00f3n\u00bb se ve muy bien qu\u00e9 cosas son importantes. Por ejemplo, no caig\u00e1is en la tentaci\u00f3n de mirar tanto hacia adentro que perd\u00e1is la sensibilidad para los que est\u00e1n en los m\u00e1rgenes. Los problemas \u00abintraeclesiales y jur\u00eddicos\u00bb tienen su peso, pero ser\u00eda muy triste que se convirtieran en freno de una urgencia incontestable: la agon\u00eda que Dios mismo sufre en la persona de los oprimidos. Y \u00e9ste s\u00ed que es un problema vital.<\/p>\n<p>Siempre rechac\u00e9 los manique\u00edsmos. Y hoy me asusta que a\u00fan pervivan dos clases curiosas de \u00abcristianos\u00bb: los del \u00abprimer mandamiento\u00bb y los del \u00absegun\u00addo mandamiento\u00bb. Los primeros parcializan su cristianismo en \u00abamar a Dios sin amar al pr\u00f3jimo\u00bb. Los segundos, declaran que \u00abaman al pr\u00f3jimo al margen de Dios\u00bb. Y yo no encuentro otra actitud correcta que la que pretend\u00ed vivir y ense\u00f1ar: entregarnos totalmente a Dios en el total servicio a los pobres.<\/p>\n<p>\u00a1Cristianos y hermanos m\u00edos! \u00bfQu\u00e9 har\u00eda hoy el se\u00f1or Vicente? Lo que siempre hice. Detectar la voluntad de Dios en una se\u00f1al tan sencilla como arriesgada: los acontecimientos y la necesidad de los abandonados. Con una opci\u00f3n incuestio\u00adnable: tomar partido por su integral liberaci\u00f3n. Este es el camino evang\u00e9lico que os quiero recordar. Lo dem\u00e1s es relativo. Porque, como alguno de vosotros ha dicho, \u00abno es cristiano quien niega su mano al herido, y poco importa lo que haga despu\u00e9s con esa mano\u00bb.<\/p>\n<p>Vuestro indigno servidor: <strong>Vicente de Pa\u00fal.<\/strong><\/p>\n","protected":false},"excerpt":{"rendered":"<p>Yo, Vicente de Pa\u00fal, indigno sacerdote de la Misi\u00f3n, voy a tener el atrevi\u00admiento de dirigirme a vosotros, cristianos de un siglo supercivilizado. Permitid\u00adme que a\u00f1ada una carta m\u00e1s a las treinta mil que escrib\u00ed &#8230; <a href=\"http:\/\/vincentians.com\/es\/carta-de-vicente-de-paul-a-los-cristianos-de-hoy\/\" class=\"more-link\">Read More<\/a><\/p>\n","protected":false},"author":4,"featured_media":32182,"comment_status":"open","ping_status":"open","sticky":false,"template":"","format":"standard","meta":{"jetpack_post_was_ever_published":false,"_jetpack_newsletter_access":"","_jetpack_dont_email_post_to_subs":false,"_jetpack_newsletter_tier_id":0,"_jetpack_memberships_contains_paywalled_content":false,"_jetpack_memberships_contains_paid_content":false,"footnotes":"","jetpack_publicize_message":"","jetpack_publicize_feature_enabled":true,"jetpack_social_post_already_shared":true,"jetpack_social_options":{"image_generator_settings":{"template":"highway","default_image_id":0,"font":"","enabled":false},"version":2}},"categories":[226],"tags":[],"class_list":["post-8878","post","type-post","status-publish","format-standard","has-post-thumbnail","hentry","category-espiritualidad-vicenciana"],"yoast_head":"<!-- This site is optimized with the Yoast SEO plugin v26.3 - https:\/\/yoast.com\/wordpress\/plugins\/seo\/ -->\n<title>Carta de Vicente de Pa\u00fal a los cristianos de hoy - Somos Vicencianos<\/title>\n<meta name=\"robots\" content=\"index, follow, max-snippet:-1, max-image-preview:large, max-video-preview:-1\" \/>\n<link rel=\"canonical\" href=\"http:\/\/vincentians.com\/es\/carta-de-vicente-de-paul-a-los-cristianos-de-hoy\/\" \/>\n<meta property=\"og:locale\" content=\"es_ES\" \/>\n<meta property=\"og:type\" content=\"article\" \/>\n<meta property=\"og:title\" content=\"Carta de Vicente de Pa\u00fal a los cristianos de hoy - Somos Vicencianos\" \/>\n<meta property=\"og:description\" content=\"Yo, Vicente de Pa\u00fal, indigno sacerdote de la Misi\u00f3n, voy a tener el atrevi\u00admiento de dirigirme a vosotros, cristianos de un siglo supercivilizado. Permitid\u00adme que a\u00f1ada una carta m\u00e1s a las treinta mil que escrib\u00ed ... Read More\" \/>\n<meta property=\"og:url\" content=\"http:\/\/vincentians.com\/es\/carta-de-vicente-de-paul-a-los-cristianos-de-hoy\/\" \/>\n<meta property=\"og:site_name\" content=\"Somos Vicencianos\" \/>\n<meta property=\"article:publisher\" content=\"https:\/\/www.facebook.com\/WeAreVincentians\/\" \/>\n<meta property=\"article:author\" content=\"https:\/\/www.facebook.com\/JavierChento\" \/>\n<meta property=\"article:published_time\" content=\"2015-02-23T08:20:37+00:00\" \/>\n<meta name=\"author\" content=\"Francisco Javier Fern\u00e1ndez Chento\" \/>\n<meta name=\"twitter:card\" content=\"summary_large_image\" \/>\n<meta name=\"twitter:creator\" content=\"@https:\/\/twitter.com\/javierchento\" \/>\n<meta name=\"twitter:site\" content=\"@WeVincentians\" \/>\n<meta name=\"twitter:label1\" content=\"Escrito por\" \/>\n\t<meta name=\"twitter:data1\" content=\"Francisco Javier Fern\u00e1ndez Chento\" \/>\n\t<meta name=\"twitter:label2\" content=\"Tiempo de lectura\" \/>\n\t<meta name=\"twitter:data2\" content=\"5 minutos\" \/>\n<script type=\"application\/ld+json\" class=\"yoast-schema-graph\">{\"@context\":\"https:\/\/schema.org\",\"@graph\":[{\"@type\":\"Article\",\"@id\":\"http:\/\/vincentians.com\/es\/carta-de-vicente-de-paul-a-los-cristianos-de-hoy\/#article\",\"isPartOf\":{\"@id\":\"http:\/\/vincentians.com\/es\/carta-de-vicente-de-paul-a-los-cristianos-de-hoy\/\"},\"author\":{\"name\":\"Francisco Javier Fern\u00e1ndez Chento\",\"@id\":\"http:\/\/vincentians.com\/es\/#\/schema\/person\/9623ef4d9aa3b2dfb8c061f1499288f2\"},\"headline\":\"Carta de Vicente de Pa\u00fal a los cristianos de hoy\",\"datePublished\":\"2015-02-23T08:20:37+00:00\",\"mainEntityOfPage\":{\"@id\":\"http:\/\/vincentians.com\/es\/carta-de-vicente-de-paul-a-los-cristianos-de-hoy\/\"},\"wordCount\":989,\"commentCount\":0,\"publisher\":{\"@id\":\"http:\/\/vincentians.com\/es\/#organization\"},\"image\":{\"@id\":\"http:\/\/vincentians.com\/es\/carta-de-vicente-de-paul-a-los-cristianos-de-hoy\/#primaryimage\"},\"thumbnailUrl\":\"\",\"articleSection\":[\"Espiritualidad vicenciana\"],\"inLanguage\":\"es\",\"potentialAction\":[{\"@type\":\"CommentAction\",\"name\":\"Comment\",\"target\":[\"http:\/\/vincentians.com\/es\/carta-de-vicente-de-paul-a-los-cristianos-de-hoy\/#respond\"]}]},{\"@type\":\"WebPage\",\"@id\":\"http:\/\/vincentians.com\/es\/carta-de-vicente-de-paul-a-los-cristianos-de-hoy\/\",\"url\":\"http:\/\/vincentians.com\/es\/carta-de-vicente-de-paul-a-los-cristianos-de-hoy\/\",\"name\":\"Carta de Vicente de Pa\u00fal a los cristianos de hoy - Somos Vicencianos\",\"isPartOf\":{\"@id\":\"http:\/\/vincentians.com\/es\/#website\"},\"primaryImageOfPage\":{\"@id\":\"http:\/\/vincentians.com\/es\/carta-de-vicente-de-paul-a-los-cristianos-de-hoy\/#primaryimage\"},\"image\":{\"@id\":\"http:\/\/vincentians.com\/es\/carta-de-vicente-de-paul-a-los-cristianos-de-hoy\/#primaryimage\"},\"thumbnailUrl\":\"\",\"datePublished\":\"2015-02-23T08:20:37+00:00\",\"breadcrumb\":{\"@id\":\"http:\/\/vincentians.com\/es\/carta-de-vicente-de-paul-a-los-cristianos-de-hoy\/#breadcrumb\"},\"inLanguage\":\"es\",\"potentialAction\":[{\"@type\":\"ReadAction\",\"target\":[\"http:\/\/vincentians.com\/es\/carta-de-vicente-de-paul-a-los-cristianos-de-hoy\/\"]}]},{\"@type\":\"ImageObject\",\"inLanguage\":\"es\",\"@id\":\"http:\/\/vincentians.com\/es\/carta-de-vicente-de-paul-a-los-cristianos-de-hoy\/#primaryimage\",\"url\":\"\",\"contentUrl\":\"\"},{\"@type\":\"BreadcrumbList\",\"@id\":\"http:\/\/vincentians.com\/es\/carta-de-vicente-de-paul-a-los-cristianos-de-hoy\/#breadcrumb\",\"itemListElement\":[{\"@type\":\"ListItem\",\"position\":1,\"name\":\"Portada\",\"item\":\"http:\/\/vincentians.com\/es\/\"},{\"@type\":\"ListItem\",\"position\":2,\"name\":\"Carta de Vicente de Pa\u00fal a los cristianos de hoy\"}]},{\"@type\":\"WebSite\",\"@id\":\"http:\/\/vincentians.com\/es\/#website\",\"url\":\"http:\/\/vincentians.com\/es\/\",\"name\":\"Somos Vicencianos\",\"description\":\"Know more to serve more\",\"publisher\":{\"@id\":\"http:\/\/vincentians.com\/es\/#organization\"},\"potentialAction\":[{\"@type\":\"SearchAction\",\"target\":{\"@type\":\"EntryPoint\",\"urlTemplate\":\"http:\/\/vincentians.com\/es\/?s={search_term_string}\"},\"query-input\":{\"@type\":\"PropertyValueSpecification\",\"valueRequired\":true,\"valueName\":\"search_term_string\"}}],\"inLanguage\":\"es\"},{\"@type\":\"Organization\",\"@id\":\"http:\/\/vincentians.com\/es\/#organization\",\"name\":\"The Vincentian Network\",\"url\":\"http:\/\/vincentians.com\/es\/\",\"logo\":{\"@type\":\"ImageObject\",\"inLanguage\":\"es\",\"@id\":\"http:\/\/vincentians.com\/es\/#\/schema\/logo\/image\/\",\"url\":\"https:\/\/i1.wp.com\/vincentians.com\/es\/wp-content\/uploads\/sites\/11\/2016\/06\/Vincentian-Network-logo-big.png?fit=778%2C778\",\"contentUrl\":\"https:\/\/i1.wp.com\/vincentians.com\/es\/wp-content\/uploads\/sites\/11\/2016\/06\/Vincentian-Network-logo-big.png?fit=778%2C778\",\"width\":778,\"height\":778,\"caption\":\"The Vincentian Network\"},\"image\":{\"@id\":\"http:\/\/vincentians.com\/es\/#\/schema\/logo\/image\/\"},\"sameAs\":[\"https:\/\/www.facebook.com\/WeAreVincentians\/\",\"https:\/\/x.com\/WeVincentians\"]},{\"@type\":\"Person\",\"@id\":\"http:\/\/vincentians.com\/es\/#\/schema\/person\/9623ef4d9aa3b2dfb8c061f1499288f2\",\"name\":\"Francisco Javier Fern\u00e1ndez Chento\",\"image\":{\"@type\":\"ImageObject\",\"inLanguage\":\"es\",\"@id\":\"http:\/\/vincentians.com\/es\/#\/schema\/person\/image\/\",\"url\":\"https:\/\/secure.gravatar.com\/avatar\/497d5cde87b4c3d097d0315953521681ba2cd523ee66e5077c3711f7021e65de?s=96&d=mm&r=g\",\"contentUrl\":\"https:\/\/secure.gravatar.com\/avatar\/497d5cde87b4c3d097d0315953521681ba2cd523ee66e5077c3711f7021e65de?s=96&d=mm&r=g\",\"caption\":\"Francisco Javier Fern\u00e1ndez Chento\"},\"description\":\"Director General y cofundador de La Red de Formaci\u00f3n Vicenciana. Javier es laico vicenciano, afiliado a la Congregaci\u00f3n de la Misi\u00f3n y miembro del Equipo de Misiones Populares de la provincia can\u00f3nica de Zaragoza (Espa\u00f1a) de la Congregaci\u00f3n de la Misi\u00f3n. Graduado en la Universidad Oberta de Catalunya con cuatro grados (Asistente de direcci\u00f3n, Gesti\u00f3n Administrativa, Recursos Humanos y Contabilidad Avanzada). Bil\u00edng\u00fce Espa\u00f1ol\/Ingl\u00e9s. gestiona y mantiene varias p\u00e1ginas web cristianas y vicencianas, incluida including La Red de Formaci\u00f3n Vicenciana, de la que es cofundador. Actualmente es responsable del \u00e1rea de Espa\u00f1ol de .famvin, la Red de Noticias de la Familia Vicenciana. Tambi\u00e9n es m\u00fasico cat\u00f3lico y ha editado varios discos. Es Director General y cofundador de Trovador, una reconocida compa\u00f1\u00eda discogr\u00e1fica critiana de Espa\u00f1a. Trabaja en las Tecnolog\u00edas de la Informaci\u00f3n, ofreciendo servicios de alojamiento, dise\u00f1o y mantenimiento Web, as\u00ed como asesoramiento, formaci\u00f3n y soluciones inform\u00e1ticas, gesti\u00f3n documental y digitalizaci\u00f3n de textos, edici\u00f3n y maquetaci\u00f3n de libros, revistas, flyers, etc.\",\"sameAs\":[\"http:\/\/chento.org\",\"https:\/\/www.facebook.com\/JavierChento\",\"https:\/\/x.com\/https:\/\/twitter.com\/javierchento\"],\"url\":\"http:\/\/vincentians.com\/es\/author\/chento\/\"}]}<\/script>\n<!-- \/ Yoast SEO plugin. -->","yoast_head_json":{"title":"Carta de Vicente de Pa\u00fal a los cristianos de hoy - Somos Vicencianos","robots":{"index":"index","follow":"follow","max-snippet":"max-snippet:-1","max-image-preview":"max-image-preview:large","max-video-preview":"max-video-preview:-1"},"canonical":"http:\/\/vincentians.com\/es\/carta-de-vicente-de-paul-a-los-cristianos-de-hoy\/","og_locale":"es_ES","og_type":"article","og_title":"Carta de Vicente de Pa\u00fal a los cristianos de hoy - Somos Vicencianos","og_description":"Yo, Vicente de Pa\u00fal, indigno sacerdote de la Misi\u00f3n, voy a tener el atrevi\u00admiento de dirigirme a vosotros, cristianos de un siglo supercivilizado. Permitid\u00adme que a\u00f1ada una carta m\u00e1s a las treinta mil que escrib\u00ed ... Read More","og_url":"http:\/\/vincentians.com\/es\/carta-de-vicente-de-paul-a-los-cristianos-de-hoy\/","og_site_name":"Somos Vicencianos","article_publisher":"https:\/\/www.facebook.com\/WeAreVincentians\/","article_author":"https:\/\/www.facebook.com\/JavierChento","article_published_time":"2015-02-23T08:20:37+00:00","author":"Francisco Javier Fern\u00e1ndez Chento","twitter_card":"summary_large_image","twitter_creator":"@https:\/\/twitter.com\/javierchento","twitter_site":"@WeVincentians","twitter_misc":{"Escrito por":"Francisco Javier Fern\u00e1ndez Chento","Tiempo de lectura":"5 minutos"},"schema":{"@context":"https:\/\/schema.org","@graph":[{"@type":"Article","@id":"http:\/\/vincentians.com\/es\/carta-de-vicente-de-paul-a-los-cristianos-de-hoy\/#article","isPartOf":{"@id":"http:\/\/vincentians.com\/es\/carta-de-vicente-de-paul-a-los-cristianos-de-hoy\/"},"author":{"name":"Francisco Javier Fern\u00e1ndez Chento","@id":"http:\/\/vincentians.com\/es\/#\/schema\/person\/9623ef4d9aa3b2dfb8c061f1499288f2"},"headline":"Carta de Vicente de Pa\u00fal a los cristianos de hoy","datePublished":"2015-02-23T08:20:37+00:00","mainEntityOfPage":{"@id":"http:\/\/vincentians.com\/es\/carta-de-vicente-de-paul-a-los-cristianos-de-hoy\/"},"wordCount":989,"commentCount":0,"publisher":{"@id":"http:\/\/vincentians.com\/es\/#organization"},"image":{"@id":"http:\/\/vincentians.com\/es\/carta-de-vicente-de-paul-a-los-cristianos-de-hoy\/#primaryimage"},"thumbnailUrl":"","articleSection":["Espiritualidad vicenciana"],"inLanguage":"es","potentialAction":[{"@type":"CommentAction","name":"Comment","target":["http:\/\/vincentians.com\/es\/carta-de-vicente-de-paul-a-los-cristianos-de-hoy\/#respond"]}]},{"@type":"WebPage","@id":"http:\/\/vincentians.com\/es\/carta-de-vicente-de-paul-a-los-cristianos-de-hoy\/","url":"http:\/\/vincentians.com\/es\/carta-de-vicente-de-paul-a-los-cristianos-de-hoy\/","name":"Carta de Vicente de Pa\u00fal a los cristianos de hoy - Somos Vicencianos","isPartOf":{"@id":"http:\/\/vincentians.com\/es\/#website"},"primaryImageOfPage":{"@id":"http:\/\/vincentians.com\/es\/carta-de-vicente-de-paul-a-los-cristianos-de-hoy\/#primaryimage"},"image":{"@id":"http:\/\/vincentians.com\/es\/carta-de-vicente-de-paul-a-los-cristianos-de-hoy\/#primaryimage"},"thumbnailUrl":"","datePublished":"2015-02-23T08:20:37+00:00","breadcrumb":{"@id":"http:\/\/vincentians.com\/es\/carta-de-vicente-de-paul-a-los-cristianos-de-hoy\/#breadcrumb"},"inLanguage":"es","potentialAction":[{"@type":"ReadAction","target":["http:\/\/vincentians.com\/es\/carta-de-vicente-de-paul-a-los-cristianos-de-hoy\/"]}]},{"@type":"ImageObject","inLanguage":"es","@id":"http:\/\/vincentians.com\/es\/carta-de-vicente-de-paul-a-los-cristianos-de-hoy\/#primaryimage","url":"","contentUrl":""},{"@type":"BreadcrumbList","@id":"http:\/\/vincentians.com\/es\/carta-de-vicente-de-paul-a-los-cristianos-de-hoy\/#breadcrumb","itemListElement":[{"@type":"ListItem","position":1,"name":"Portada","item":"http:\/\/vincentians.com\/es\/"},{"@type":"ListItem","position":2,"name":"Carta de Vicente de Pa\u00fal a los cristianos de hoy"}]},{"@type":"WebSite","@id":"http:\/\/vincentians.com\/es\/#website","url":"http:\/\/vincentians.com\/es\/","name":"Somos Vicencianos","description":"Know more to serve more","publisher":{"@id":"http:\/\/vincentians.com\/es\/#organization"},"potentialAction":[{"@type":"SearchAction","target":{"@type":"EntryPoint","urlTemplate":"http:\/\/vincentians.com\/es\/?s={search_term_string}"},"query-input":{"@type":"PropertyValueSpecification","valueRequired":true,"valueName":"search_term_string"}}],"inLanguage":"es"},{"@type":"Organization","@id":"http:\/\/vincentians.com\/es\/#organization","name":"The Vincentian Network","url":"http:\/\/vincentians.com\/es\/","logo":{"@type":"ImageObject","inLanguage":"es","@id":"http:\/\/vincentians.com\/es\/#\/schema\/logo\/image\/","url":"https:\/\/i1.wp.com\/vincentians.com\/es\/wp-content\/uploads\/sites\/11\/2016\/06\/Vincentian-Network-logo-big.png?fit=778%2C778","contentUrl":"https:\/\/i1.wp.com\/vincentians.com\/es\/wp-content\/uploads\/sites\/11\/2016\/06\/Vincentian-Network-logo-big.png?fit=778%2C778","width":778,"height":778,"caption":"The Vincentian Network"},"image":{"@id":"http:\/\/vincentians.com\/es\/#\/schema\/logo\/image\/"},"sameAs":["https:\/\/www.facebook.com\/WeAreVincentians\/","https:\/\/x.com\/WeVincentians"]},{"@type":"Person","@id":"http:\/\/vincentians.com\/es\/#\/schema\/person\/9623ef4d9aa3b2dfb8c061f1499288f2","name":"Francisco Javier Fern\u00e1ndez Chento","image":{"@type":"ImageObject","inLanguage":"es","@id":"http:\/\/vincentians.com\/es\/#\/schema\/person\/image\/","url":"https:\/\/secure.gravatar.com\/avatar\/497d5cde87b4c3d097d0315953521681ba2cd523ee66e5077c3711f7021e65de?s=96&d=mm&r=g","contentUrl":"https:\/\/secure.gravatar.com\/avatar\/497d5cde87b4c3d097d0315953521681ba2cd523ee66e5077c3711f7021e65de?s=96&d=mm&r=g","caption":"Francisco Javier Fern\u00e1ndez Chento"},"description":"Director General y cofundador de La Red de Formaci\u00f3n Vicenciana. Javier es laico vicenciano, afiliado a la Congregaci\u00f3n de la Misi\u00f3n y miembro del Equipo de Misiones Populares de la provincia can\u00f3nica de Zaragoza (Espa\u00f1a) de la Congregaci\u00f3n de la Misi\u00f3n. Graduado en la Universidad Oberta de Catalunya con cuatro grados (Asistente de direcci\u00f3n, Gesti\u00f3n Administrativa, Recursos Humanos y Contabilidad Avanzada). Bil\u00edng\u00fce Espa\u00f1ol\/Ingl\u00e9s. gestiona y mantiene varias p\u00e1ginas web cristianas y vicencianas, incluida including La Red de Formaci\u00f3n Vicenciana, de la que es cofundador. Actualmente es responsable del \u00e1rea de Espa\u00f1ol de .famvin, la Red de Noticias de la Familia Vicenciana. Tambi\u00e9n es m\u00fasico cat\u00f3lico y ha editado varios discos. Es Director General y cofundador de Trovador, una reconocida compa\u00f1\u00eda discogr\u00e1fica critiana de Espa\u00f1a. Trabaja en las Tecnolog\u00edas de la Informaci\u00f3n, ofreciendo servicios de alojamiento, dise\u00f1o y mantenimiento Web, as\u00ed como asesoramiento, formaci\u00f3n y soluciones inform\u00e1ticas, gesti\u00f3n documental y digitalizaci\u00f3n de textos, edici\u00f3n y maquetaci\u00f3n de libros, revistas, flyers, etc.","sameAs":["http:\/\/chento.org","https:\/\/www.facebook.com\/JavierChento","https:\/\/x.com\/https:\/\/twitter.com\/javierchento"],"url":"http:\/\/vincentians.com\/es\/author\/chento\/"}]}},"jetpack_publicize_connections":[],"jetpack_featured_media_url":"","jetpack_sharing_enabled":true,"jetpack_shortlink":"https:\/\/wp.me\/p7ETMF-2jc","jetpack-related-posts":[{"id":403755,"url":"http:\/\/vincentians.com\/es\/experiencia-espiritual-de-santa-luisa-y-espiritualidad-vicenciana-iii\/","url_meta":{"origin":8878,"position":0},"title":"Experiencia espiritual de santa Luisa y espiritualidad vicenciana (III)","author":"Mitxel Olabu\u00e9naga","date":"02\/09\/2021","format":false,"excerpt":"III. LA ESPIRITUALIDAD DE LUISA DE MARILLAC ES ESPIRITUALIDAD VICENCIANA Luisa de Marillac hab\u00eda ido desarrollando su vida espiritual bajo diversas orientaciones, recibidas de los que el Se\u00f1or le puso en el camino como acompa\u00f1antes. Tambi\u00e9n Vicente de Pa\u00fal hab\u00eda recorrido su propio camino, acompa\u00f1ado igualmente por quienes el Se\u00f1or\u2026","rel":"","context":"En \u00abEspiritualidad vicenciana\u00bb","block_context":{"text":"Espiritualidad vicenciana","link":"http:\/\/vincentians.com\/es\/category\/espiritualidad\/espiritualidad-vicenciana\/"},"img":{"alt_text":"","src":"https:\/\/i0.wp.com\/vincentians.com\/es\/wp-content\/uploads\/sites\/11\/2016\/08\/luisa-y-vicente-con-ninyos.jpg?fit=1200%2C630&resize=350%2C200","width":350,"height":200,"srcset":"https:\/\/i0.wp.com\/vincentians.com\/es\/wp-content\/uploads\/sites\/11\/2016\/08\/luisa-y-vicente-con-ninyos.jpg?fit=1200%2C630&resize=350%2C200 1x, https:\/\/i0.wp.com\/vincentians.com\/es\/wp-content\/uploads\/sites\/11\/2016\/08\/luisa-y-vicente-con-ninyos.jpg?fit=1200%2C630&resize=525%2C300 1.5x, https:\/\/i0.wp.com\/vincentians.com\/es\/wp-content\/uploads\/sites\/11\/2016\/08\/luisa-y-vicente-con-ninyos.jpg?fit=1200%2C630&resize=700%2C400 2x, https:\/\/i0.wp.com\/vincentians.com\/es\/wp-content\/uploads\/sites\/11\/2016\/08\/luisa-y-vicente-con-ninyos.jpg?fit=1200%2C630&resize=1050%2C600 3x"},"classes":[]},{"id":404536,"url":"http:\/\/vincentians.com\/es\/la-fe-como-experiencia-de-san-vicente-i\/","url_meta":{"origin":8878,"position":1},"title":"La fe como experiencia de san Vicente (I)","author":"Mitxel Olabu\u00e9naga","date":"02\/01\/2023","format":false,"excerpt":"INTRODUCCI\u00d3N El tema que me fue propuesto lo he aceptado tal cual me lleg\u00f3; no he realizado ning\u00fan cambio. Lo que ya no tengo tan claro es si he acertado en mi interpretaci\u00f3n y formulaci\u00f3n del mismo. Espero no desviarme de la idea origen ni defraudar al respecto. Pero tendr\u00e1n\u2026","rel":"","context":"En \u00abEspiritualidad vicenciana\u00bb","block_context":{"text":"Espiritualidad vicenciana","link":"http:\/\/vincentians.com\/es\/category\/espiritualidad\/espiritualidad-vicenciana\/"},"img":{"alt_text":"","src":"https:\/\/i0.wp.com\/vincentians.com\/es\/wp-content\/uploads\/sites\/11\/2013\/04\/f-5-scaled.jpg?fit=1200%2C570&resize=350%2C200","width":350,"height":200,"srcset":"https:\/\/i0.wp.com\/vincentians.com\/es\/wp-content\/uploads\/sites\/11\/2013\/04\/f-5-scaled.jpg?fit=1200%2C570&resize=350%2C200 1x, https:\/\/i0.wp.com\/vincentians.com\/es\/wp-content\/uploads\/sites\/11\/2013\/04\/f-5-scaled.jpg?fit=1200%2C570&resize=525%2C300 1.5x, https:\/\/i0.wp.com\/vincentians.com\/es\/wp-content\/uploads\/sites\/11\/2013\/04\/f-5-scaled.jpg?fit=1200%2C570&resize=700%2C400 2x, https:\/\/i0.wp.com\/vincentians.com\/es\/wp-content\/uploads\/sites\/11\/2013\/04\/f-5-scaled.jpg?fit=1200%2C570&resize=1050%2C600 3x"},"classes":[]},{"id":5146,"url":"http:\/\/vincentians.com\/es\/vicente-de-paul-carta-0187-a-luisa-de-marillac\/","url_meta":{"origin":8878,"position":2},"title":"Vicente de Pa\u00fal, Carta 0187: A Luisa De Marillac","author":"Francisco Javier Fern\u00e1ndez Chento","date":"20\/11\/2008","format":false,"excerpt":"Se\u00f1orita: Me parece bien su carta. El esp\u00edritu maligno se entremete en el plan de la asistencia espiritual de esas pobres mujeres. El se\u00f1or Chevenis me ha hablado tambi\u00e9n esta ma\u00f1ana y me dice que los chevitanos est\u00e1n muy molestos con ello y me dice que no son de la\u2026","rel":"","context":"En \u00abEscritos de Vicente de Pa\u00fal\u00bb","block_context":{"text":"Escritos de Vicente de Pa\u00fal","link":"http:\/\/vincentians.com\/es\/category\/escritos\/escritos-de-vicente-de-paul\/"},"img":{"alt_text":"","src":"https:\/\/i0.wp.com\/vincentians.com\/es\/wp-content\/uploads\/sites\/11\/2016\/07\/escritos-vicente-de-paul.jpg?fit=1200%2C630&resize=350%2C200","width":350,"height":200,"srcset":"https:\/\/i0.wp.com\/vincentians.com\/es\/wp-content\/uploads\/sites\/11\/2016\/07\/escritos-vicente-de-paul.jpg?fit=1200%2C630&resize=350%2C200 1x, https:\/\/i0.wp.com\/vincentians.com\/es\/wp-content\/uploads\/sites\/11\/2016\/07\/escritos-vicente-de-paul.jpg?fit=1200%2C630&resize=525%2C300 1.5x, https:\/\/i0.wp.com\/vincentians.com\/es\/wp-content\/uploads\/sites\/11\/2016\/07\/escritos-vicente-de-paul.jpg?fit=1200%2C630&resize=700%2C400 2x, https:\/\/i0.wp.com\/vincentians.com\/es\/wp-content\/uploads\/sites\/11\/2016\/07\/escritos-vicente-de-paul.jpg?fit=1200%2C630&resize=1050%2C600 3x"},"classes":[]},{"id":140029,"url":"http:\/\/vincentians.com\/es\/aportes-vicencianos-a-la-nueva-evangelizacion-2\/","url_meta":{"origin":8878,"position":3},"title":"Aportes vicencianos a la Nueva Evangelizaci\u00f3n","author":"Francisco Javier Fern\u00e1ndez Chento","date":"19\/02\/2015","format":false,"excerpt":"Convocados por el Superior General, P. Gregory G. Gay, los misioneros de la Congregaci\u00f3n de la Misi\u00f3n celebrar\u00e1n su 42\u00aa Asamblea General, del 27 de junio al 15 de julio de 2016. El lema de la Asamblea se centra en la entra\u00f1a evangelizadora de nuestro ser y quehacer: \u201cDej\u00e9monos renovar\u2026","rel":"","context":"En \u00abEspiritualidad vicenciana\u00bb","block_context":{"text":"Espiritualidad vicenciana","link":"http:\/\/vincentians.com\/es\/category\/espiritualidad\/espiritualidad-vicenciana\/"},"img":{"alt_text":"OLYMPUS DIGITAL CAMERA","src":"https:\/\/i0.wp.com\/vicencianos.org\/wp-content\/2015\/02\/nueva-evangelizacion1-300x225.jpg?resize=350%2C200","width":350,"height":200},"classes":[]},{"id":403989,"url":"http:\/\/vincentians.com\/es\/formacion-humana-y-cristiana-de-luisa-de-marillac-x\/","url_meta":{"origin":8878,"position":4},"title":"Formaci\u00f3n humana y cristiana de Luisa de Marillac (X)","author":"Mitxel Olabu\u00e9naga","date":"20\/01\/2022","format":false,"excerpt":"LA ORIENTACI\u00d3N DE FRANCISCO DE SALES La influencia de Francisco de Sales en la formaci\u00f3n cristiana de Luisa de Marillac es muy grande. Luisa habla en varias ocasiones con Francisco de Sales, lee y medita sus obras, y tiene por director espiritual a un disc\u00edpulo suyo, Juan Pedro Camus. Tambi\u00e9n\u2026","rel":"","context":"En \u00abFormaci\u00f3n Vicenciana\u00bb","block_context":{"text":"Formaci\u00f3n Vicenciana","link":"http:\/\/vincentians.com\/es\/category\/formacion-vicenciana\/"},"img":{"alt_text":"","src":"https:\/\/i0.wp.com\/vincentians.com\/es\/wp-content\/uploads\/sites\/11\/2021\/12\/a-2.png?fit=1200%2C675&resize=350%2C200","width":350,"height":200,"srcset":"https:\/\/i0.wp.com\/vincentians.com\/es\/wp-content\/uploads\/sites\/11\/2021\/12\/a-2.png?fit=1200%2C675&resize=350%2C200 1x, https:\/\/i0.wp.com\/vincentians.com\/es\/wp-content\/uploads\/sites\/11\/2021\/12\/a-2.png?fit=1200%2C675&resize=525%2C300 1.5x, https:\/\/i0.wp.com\/vincentians.com\/es\/wp-content\/uploads\/sites\/11\/2021\/12\/a-2.png?fit=1200%2C675&resize=700%2C400 2x, https:\/\/i0.wp.com\/vincentians.com\/es\/wp-content\/uploads\/sites\/11\/2021\/12\/a-2.png?fit=1200%2C675&resize=1050%2C600 3x"},"classes":[]},{"id":35474,"url":"http:\/\/vincentians.com\/es\/la-revolucion-perdida-el-lugar-de-san-vicente-de-paul-en-la-historia-de-la-espiritualidad\/","url_meta":{"origin":8878,"position":5},"title":"La revoluci\u00f3n perdida: El lugar de San Vicente de Pa\u00fal en la historia de la espiritualidad","author":"Francisco Javier Fern\u00e1ndez Chento","date":"11\/06\/2023","format":false,"excerpt":"Prenotando primero: por qu\u00e9 se perdi\u00f3 la revoluci\u00f3n El t\u00edtulo de este estudio ha sido sugerido por el del jugo\u00adso librito de A. M\u00e9nabr\u00e9a, La r\u00e9volution inapercue: la fi\u00adgura, el pensamiento y la obra de san Vicente de Pa\u00fal su\u00adponen en la historia social y en la historia de la\u2026","rel":"","context":"En \u00abVicente de Pa\u00fal\u00bb","block_context":{"text":"Vicente de Pa\u00fal","link":"http:\/\/vincentians.com\/es\/category\/la-familia-vicenciana\/fundadores\/vicente-de-paul\/"},"img":{"alt_text":"","src":"https:\/\/i0.wp.com\/vincentians.com\/es\/wp-content\/uploads\/sites\/11\/2013\/04\/e-1.jpg?fit=976%2C570&resize=350%2C200","width":350,"height":200,"srcset":"https:\/\/i0.wp.com\/vincentians.com\/es\/wp-content\/uploads\/sites\/11\/2013\/04\/e-1.jpg?fit=976%2C570&resize=350%2C200 1x, https:\/\/i0.wp.com\/vincentians.com\/es\/wp-content\/uploads\/sites\/11\/2013\/04\/e-1.jpg?fit=976%2C570&resize=525%2C300 1.5x, https:\/\/i0.wp.com\/vincentians.com\/es\/wp-content\/uploads\/sites\/11\/2013\/04\/e-1.jpg?fit=976%2C570&resize=700%2C400 2x"},"classes":[]}],"_links":{"self":[{"href":"http:\/\/vincentians.com\/es\/wp-json\/wp\/v2\/posts\/8878","targetHints":{"allow":["GET"]}}],"collection":[{"href":"http:\/\/vincentians.com\/es\/wp-json\/wp\/v2\/posts"}],"about":[{"href":"http:\/\/vincentians.com\/es\/wp-json\/wp\/v2\/types\/post"}],"author":[{"embeddable":true,"href":"http:\/\/vincentians.com\/es\/wp-json\/wp\/v2\/users\/4"}],"replies":[{"embeddable":true,"href":"http:\/\/vincentians.com\/es\/wp-json\/wp\/v2\/comments?post=8878"}],"version-history":[{"count":0,"href":"http:\/\/vincentians.com\/es\/wp-json\/wp\/v2\/posts\/8878\/revisions"}],"wp:featuredmedia":[{"embeddable":true,"href":"http:\/\/vincentians.com\/es\/wp-json\/"}],"wp:attachment":[{"href":"http:\/\/vincentians.com\/es\/wp-json\/wp\/v2\/media?parent=8878"}],"wp:term":[{"taxonomy":"category","embeddable":true,"href":"http:\/\/vincentians.com\/es\/wp-json\/wp\/v2\/categories?post=8878"},{"taxonomy":"post_tag","embeddable":true,"href":"http:\/\/vincentians.com\/es\/wp-json\/wp\/v2\/tags?post=8878"}],"curies":[{"name":"wp","href":"https:\/\/api.w.org\/{rel}","templated":true}]}}