{"id":80373,"date":"2012-05-15T01:20:16","date_gmt":"2012-05-14T23:20:16","guid":{"rendered":"http:\/\/somos.vicencianos.org\/?p=80373"},"modified":"2016-07-27T12:14:24","modified_gmt":"2016-07-27T10:14:24","slug":"miguel-garcia-padilla-1945-2002","status":"publish","type":"post","link":"http:\/\/vincentians.com\/es\/miguel-garcia-padilla-1945-2002\/","title":{"rendered":"Miguel Garc\u00eda Padilla (1945-2002)"},"content":{"rendered":"<p><a href=\"https:\/\/i0.wp.com\/vicencianos.org\/wp-content\/2012\/05\/Miguel.png\"><img data-recalc-dims=\"1\" loading=\"lazy\" decoding=\"async\" class=\"alignleft size-medium wp-image-80374\" src=\"https:\/\/i0.wp.com\/vicencianos.org\/wp-content\/2012\/05\/Miguel-221x300.png?resize=221%2C300\" alt=\"\" width=\"221\" height=\"300\" \/><\/a>\u00abHay un tiempo para <em>vivir <\/em>y hay un tiempo para morir&#8230;\u00bb, podemos afirmar parafraseando la inapelable sentencia del autor del Libro del Eclesiast\u00e9s.<\/p>\n<p>\u00abVejez venerable no son los muchos d\u00edas, ni se mide por el n\u00famero de a\u00f1os&#8230; Agrad\u00f3 mucho a Dios, Y Dios lo am\u00f3\u00bb, nos alecciona el libro de la Sabidur\u00eda.<\/p>\n<p><strong>Hay un tiempo para vivir<\/strong>: la vida de nuestro estimado biografiado no fue larga en a\u00f1os, pero s\u00ed que Dios le concedi\u00f3 la gracia de saber aprovechar plenamente los 56 a\u00f1os de vida que le concedi\u00f3, para llevar a cabo, con un tes\u00f3n extraordinario la misi\u00f3n que la Provincia de Barcelona pod\u00eda esperar de uno de sus noveles miembros desde los inicios de su ministerio sacerdotal. Lo desarrollaremos m\u00e1s adelante.<strong><\/strong><\/p>\n<p><strong>Y hay un tiempo para morir. <\/strong>Se podr\u00eda decir que el P. Miguel se resisti\u00f3 a que le llegara la hora de cumplir con la segunda parte del proverbio. Una persona sin las ansias de vida como las suyas quiz\u00e1 hubiera sucumbido m\u00e1s f\u00e1cilmente a los largos, dolorosos y repetidos embates de la muerte. Ansias de vivir, s\u00ed, pero para seguir trabajando generosamente, con ilusi\u00f3n, por el bien de los dem\u00e1s y esto a pesar de sus dolencias, y hasta el final de su vida. Mientras quienes le visitaban los \u00faltimos d\u00edas de su enfermedad s\u00f3lo presagiaban el pronto desenlace de aquella vida que se extingu\u00eda, desde su lecho de muerte el enfermo todav\u00eda manifestaba al P. Visitador, quien le visit\u00f3 cuantas veces pudo, sus deseos de participar en la Santa Misi\u00f3n que se empezaba a dar aquellos d\u00edas en l&#8217;Atmella de Mar y que \u00e9l mismo hab\u00eda estado preparando con gran entusiasmo desde hac\u00eda largo tiempo&#8230;; y su inter\u00e9s en dar uno m\u00e1s de los muchos cursillos de liturgia que hab\u00eda impartido en numerosas ocasiones y que ten\u00eda previsto dar dentro de algunas semanas&#8230;; y su ilusi\u00f3n de seguir trabajando en su querida parroquia de Monte Olivete&#8230;<\/p>\n<p>Pero la hermana muerte le estaba traicionando. El d\u00eda anterior al final del combate entre la vida y la muerte a una de las Hijas de la Caridad que fue a visitarle le expres\u00f3 con entrecortadas palabras: \u00abSiento que el alma&#8230; se quiere&#8230; ir&#8230; pronto&#8230;\u00bb, a lo que la Hermana le contest\u00f3: \u00abMiguel, ya no eres de este mundo desde que te ordenaste, tranquilo, Dios est\u00e1 contigo\u00bb, arrancando una tenue sonrisa del enfermo irremediablemente atacado por la muerte.<\/p>\n<p>Y as\u00ed fue. Era el s\u00e1bado 12 de enero. Bien de ma\u00f1ana el superior de la casa de Valencia le administr\u00f3 el sacramento de la unci\u00f3n de los enfermos, mientras el moribundo le confiaba con serenidad: \u00abEstoy en paz con Dios\u00bb. Hacia las 12:30 la respiraci\u00f3n del enfermo se hizo m\u00e1s pausada y fatigosa, y sus ojos empezaban a te\u00f1irse de blanco. Hab\u00eda llegado la hora. Mientras todos los presentes, sacerdotes, familiares y su inseparable enfermero que le hab\u00eda atendido abnegadamente d\u00eda y noche desde que fue hospitalizado el d\u00eda 27 de diciembre, se un\u00edan apesadumbrados en la plegaria reconfortante del padrenuestro, el alma del fiel servidor de Cristo empezaba su ascenso hacia la Casa del Padre. El P. Jos\u00e9 Vicente cerr\u00f3 conmocionado los p\u00e1rpados de aquellos ojos que hab\u00edan relucido vivarachos a lo largo de 56 cortos a\u00f1os y que nunca m\u00e1s volver\u00edan a ver el fulgor de las cosas mundanas.<\/p>\n<p><strong>Hay un tiempo para vivir. <\/strong>Miguel Garc\u00eda Padilla empez\u00f3 su peregrinar por este mundo el d\u00eda 8 de mayo de 1945 en G\u00e9nave, Ja\u00e9n, el \u00faltimo de los cinco hijos de Hilario y Saturnina. Hu\u00e9rfano de madre desde los cinco a\u00f1os, a la edad de unos 12 a\u00f1os se fue a vivir a Mallorca junto con su hermana Mar\u00eda que serv\u00eda de mayordoma del p\u00e1rroco de Vileta, un sacerdote amante del arte. Gracias a los buenos ejemplos del piadoso cura p\u00e1rroco y al apoyo de su hermana, al jovencito monaguillo Miguel le entraron ganas de ser sacerdote. As\u00ed fue como la Providencia le encamin\u00f3 hacia la Escuela Apost\u00f3lica de Palma de Mallorca, donde entr\u00f3 en septiembre de 1958. Cinco a\u00f1os m\u00e1s tarde, el d\u00eda 7 de septiembre de 1963 vest\u00eda, en l&#8217;Espluga de Francol\u00ed la sotana y faja de misionero pa\u00fal. El tradicional d\u00eda del nacimiento de la Virgen Mar\u00eda de 1965 pronunci\u00f3 con gran fervor sus votos. Del largo testimonio que dej\u00f3 escrito de sus emociones de aquel d\u00eda tan esperado, perm\u00edtanme los lectores copiar solamente un par de frases que nos demuestran su verdadero amor a su vocaci\u00f3n misionera: <em>\u00abPalpita mi <\/em><em>coraz\u00f3n en un ritmo algo descontrolado&#8230; La verdad es que soy feliz, demasiado feliz. \u00a1Los <\/em><em>votos.&#8217; \u00a1He hecho mis votos.&#8217; \u00a1He vencido! \u00a1Me he laureado!&#8230; El crucifijo de mis votos es m\u00edo <\/em><em>y preside todos mis actos en la cabecera de mi cama. \u00c9l ser\u00e1 mi escudo y mi espada&#8230;.\u00bb.<\/em><\/p>\n<p>Los dos primeros a\u00f1os de Filosof\u00eda los empez\u00f3 all\u00ed mismo y el tercero lo curs\u00f3 en Hortaleza (Madrid). Se traslad\u00f3 a Salamanca para hacer los dos primeros cursos de Teolog\u00eda y regres\u00f3 a Barcelona en 1970 para completar los restantes en la \u00abFacultat de Teolog\u00eda de Sant Paci\u00f3\u00bb. El 29 de mayo de 1971 se incorpor\u00f3 definitivamente a la Congregaci\u00f3n de la Misi\u00f3n mediante los votos perpetuos. Pocos d\u00edas despu\u00e9s, el 6 y 19 de junio el obispo auxiliar de Barcelona Mons. Josep NP Guix le administraba las Ordenes Menores. El orden del subdiaconado se lo confiri\u00f3 Mons. Jaime Brufau el mismo a\u00f1o en el d\u00eda de la fiesta de San Vicente de Pa\u00fal en nuestra parroquia de Barcelona y al d\u00eda siguiente el diaconado en la amplia y bella capilla de Mar\u00eda Reina. La ordenaci\u00f3n sacerdotal la recibi\u00f3 el d\u00eda 28 de junio de 1972 en nuestra esbelta iglesia de San Vicente de Pa\u00fal de Barcelona de manos del Arzobispo de la di\u00f3cesis, el Dr. Narc\u00eds Jubany.<\/p>\n<p>El neo sacerdote escogi\u00f3 su villa natal para solemnizar su primera misa, vi\u00e9ndose acompa\u00f1ado de sus hermanos, parientes, amistades y numerosos feligreses. Por parte de la Provincia asistieron los padres Jos\u00e9 Mulet, Visitador y Nicol\u00e1s Mas, Director de las Hijas de la Caridad y su compa\u00f1ero de estudios Antonio C\u00e1rcel.<\/p>\n<p>Despu\u00e9s de continuar durante un a\u00f1o m\u00e1s sus estudios en Barcelona e iniciarse en el ministerio sacerdotal, el P. Miguel Garc\u00eda fue destinado a la parroquia de la Sagrada Familia de Palma de Mallorca en julio de 1973 y de all\u00ed pas\u00f3 un a\u00f1o m\u00e1s tarde a la de la Mare de D\u00e9u de Montolivet, en Valencia, como vicario, haci\u00e9ndose cargo principalmente de la catequesis y la atenci\u00f3n a la juventud de la parroquia.<\/p>\n<p>El d\u00eda de su santo del a\u00f1o 1976, cuando s\u00f3lo ten\u00eda 31 a\u00f1os, se le confi\u00f3 ponerse al frente de la parroquia, ampliando de esta manera el campo de trabajo. Su ilusi\u00f3n todav\u00eda juvenil y su total entrega, a\u00f1adidas a sus cortos pero laboriosos a\u00f1os de experiencia pastoral, dieron un nuevo y conveniente impulso a las diversas actividades parroquiales. Entre las innovaciones surgidas de sus ansias de mejorar la vida de la parroquia podemos consignar el reorganizar los varios grupos parroquiales, iniciar las primeras catequesis de preparaci\u00f3n para establecer el camino Neocatecumenal, en octubre de 1978; el poner en marcha el Consejo Pastoral al a\u00f1o siguiente, contando con todos los agrupaciones de la feligres\u00eda; recuperar las fiestas patronales con el concurso de las seis primeras claraviesas y que ir\u00edan aumentando de n\u00famero progresivamente los a\u00f1os posteriores; y la Campa\u00f1a de Evangelizaci\u00f3n dividida en varias etapas a lo largo del a\u00f1o 1980 y en la que entre otros participaron los padres Jos\u00e9 Mulet, Luis Sol\u00e9, coordinador, junto con algunas Hijas de la Caridad. Tambi\u00e9n se instauraron aquel a\u00f1o los Ministros delegados de la Eucarist\u00eda. A \u00e9l se deben, en nuestra Provincia de Barcelona los inicios de Juventudes Marianas Vicencianas, as\u00ed como tambi\u00e9n la promoci\u00f3n vocacional mediante la Etapa de Acogida en Valencia.<\/p>\n<p>La proyecci\u00f3n provincial del P. Garc\u00eda se increment\u00f3 con la elecci\u00f3n del P. Nicol\u00e1s Mas como nuevo Visitador, el d\u00eda 19 de junio de 1979. A finales de agosto de aquel mismo a\u00f1o se celebr\u00f3 la Asamblea Provincial, en la cual el P. Garc\u00eda fue elegido Consejero Provincial. El d\u00eda 3 de septiembre se reuni\u00f3 el P. Mas con sus Consejeros y entre las varias determinaciones que se tomaron &#8216;fue la de poner en pr\u00e1ctica la resoluci\u00f3n de la Asamblea Provincial de nombrar un \u00abEquipo de Pastoral de la Provincia\u00bb. Al P. Garc\u00eda se le confi\u00f3 quedar al frente de la Pastoral de Parroquias junto con el P. Pedro J. G\u00f3mez y se le encarg\u00f3 la Direcci\u00f3n del \u00abButllet\u00ed Informatiu\u00bb. El cambio de responsable de la revista provincial se not\u00f3 desde el primer n\u00famero (el 29) con la mejora del formato interior, con abundancia de relatos, recortes y fotograf\u00edas, favorecido por la \u00abCampa\u00f1a de Evangelizaci\u00f3n\u00bb, auspiciada por Mons. Jaime Brufau en San Pedro Sula el verano de 1979 y que culminar\u00eda con los dos a\u00f1os de la Santa Misi\u00f3n en toda la vasta di\u00f3cesis, y en la que tambi\u00e9n \u00e9l particip\u00f3.<\/p>\n<p>El mayor desarroll\u00f3 en el campo de la pastoral vocacional lo pudo realizar a tiempo completo al ser nombrado Director del Estudiantado a principios de curso del a\u00f1o 1984-85. Las vocaciones entre los j\u00f3venes de J.M.V. que \u00e9l mismo hab\u00eda empezado a sembrar con esmero en Valencia dieron buenos frutos y pronto el tercer piso de la Casa Provincial tuvo que ser convenientemente remozado para poder albergar con mejores facilidades a los nuevos j\u00f3venes que ir\u00edan llegando de Valencia, Alicante, Mallorca, Girona, Brooklyn, Honduras&#8230;<\/p>\n<p>Sus celo misionero en favor de la Misi\u00f3n de Honduras le impuls\u00f3 a ponerse al frente de los grupos de J.M.V. de ambos sexos que todos los veranos, a partir del a\u00f1o 1984 iban a evangelizar durante los meses de verano, catequizando y animando las Campa\u00f1as Infantiles que el din\u00e1mico P. Antonio Quetglas hab\u00eda empezado a organizar unos 8 a\u00f1os atr\u00e1s en Puerto Cort\u00e9s y m\u00e1s tarde en San Pedro Sula.<\/p>\n<p>Su cargo de Director del Seminario Mayor, nombre que se le dio a nuestra Casa de Formaci\u00f3n de Barcelona, no le imped\u00eda participar en otras m\u00faltiples actividades pastorales como predicar retiros y ejercicios espirituales a las Hijas de la Caridad, participar en misiones populares, dar cursillos de Liturgia, participar en cuantas reuniones interprovinciales se convocaban&#8230;<\/p>\n<p>Del a\u00f1o 1985 al 1994 volvi\u00f3 a formar parte del Consejo Provincial. El 23 de octubre de 1993 hab\u00eda sido nombrado Superior de la Casa Provincial. Y el 10 de julio de 1995 seria elegido Visitador de la Provincia, continuando por iniciativa propia como Director del Seminario Mayor por un a\u00f1o m\u00e1s.<\/p>\n<p>El d\u00eda 2 de septiembre el P. Miguel Garc\u00eda tomaba posesi\u00f3n de su nuevo oficio durante una Eucarist\u00eda en la que concelebraron 24 sacerdotes de la Provincia, adem\u00e1s del Visitador de Zaragoza, P. Carlos Esparza, dos padres de las Provincia de Madrid y uno de Venezuela, convirti\u00e9ndose en el duod\u00e9cimo Visitador de la Provincia de Barcelona (decimotercero si contamos los dos mandatos de 9 a\u00f1os del P. Jos\u00e9 Mulet). En su saludo de presentaci\u00f3n, usando el idioma catal\u00e1n, que a pesar de no ser el suyo propio lleg\u00f3 a dominar muy aceptablemente, no dej\u00f3 de exponer su disponibilidad, primero a Dios, y despu\u00e9s a todos los miembros de la Provincia \u00aben su realidad personal con un deseo expreso de que todos y cada uno se sintieran acogidos, escuchados, valorados y estimados, como tambi\u00e9n su actitud de servicio generoso que facilitase el di\u00e1logo y la corresponsabilidad\u00bb. Creemos que el P. Garc\u00eda se mantuvo fiel a sus compromisos durante los casi 6 a\u00f1os que se mantuvo en el cargo, los tres \u00faltimos aquejado, m\u00e1s o menos gravemente, por su larga y dolorosa enfermedad que se esforz\u00f3 en soportar con un esp\u00edritu fuerte y ejemplar edificaci\u00f3n.<\/p>\n<p>Su gran capacidad de trabajo y su constante dedicaci\u00f3n a sus nuevas responsabilidades mientras su salud se lo permit\u00eda, hicieron que atendiera con eficacia a todos los quehaceres, que s\u00f3lo el que tiene experiencia de haber asumido el cargo de Visitador puede llegar a conocer. Sus frecuentes desplazamientos para entrevistarse con los miembros de las comunidades e interesarse por los enfermos, tanto en las 4 regiones auton\u00f3micas que le compet\u00edan en Espa\u00f1a, como sus repetidos y largos viajes a Brooklyn y sobre todo a Honduras, dan prueba de su gran inter\u00e9s por el bien de las personas e instituciones de la Provincia. Su apoyo a nuestra Misi\u00f3n \u00abad gentes\u00bb de Honduras puede que sea uno de sus mejores logros, a pesar de la escasez de personal. El establecimiento en Patuca de las Hermanas de la Caridad (\u00abMallorquines\u00bb), y el nuevo Centro Misional en Puerto Lempira, con la participaci\u00f3n de las Provincias de Zaragoza y Colombia son dos buenos ejemplos de ello. Imposible hacer muchas concreciones. Destaquemos, quiz\u00e1, su inter\u00e9s particular en habilitar nuestra finca de Montcada i Rexach primero como Centro de rehabilitaci\u00f3n para excarcelados y posteriormente en apoyo del Proyecto Hombre para drogadictos.<\/p>\n<p>Durante los \u00faltimos meses, debido a la inesperada muerte del que fuera Procurador Provincial por espacio de 40 a\u00f1os, el P. Jos\u00e9 Font, le oblig\u00f3 a ponerse m\u00e1s directamente en los asuntos econ\u00f3micos de la Provincia, encontrando una buena ayuda en un buen feligr\u00e9s de la parroquia y algo m\u00e1s tarde con el nombramiento del joven P. Jos\u00e9 Luis para ocupar este alto cargo de responsabilidad provincial.<\/p>\n<p>Su colaboraci\u00f3n en el ministerio con nuestras hermanas las Hijas de la Caridad de la Provincia de Barcelona creemos que fue siempre de mutua disponibilidad y ayuda.<\/p>\n<p>Se puede bien decir que dej\u00f3 el legado al nuevo Visitador con suficiente antelaci\u00f3n. Para conseguirlo convoc\u00f3 elecciones con m\u00e1s anterioridad que lo establecido y a fin de que su sucesor pudiera participar en el mes de junio al Encuentro de Visitadores de toda la Congregaci\u00f3n con el Superior General, P. Robert P. Maloney en Dublin.<\/p>\n<p>&#8230;Y hay un tiempo para morir. No quisiera volver a repetir nada de lo que he expuesto anteriormente. Ni tampoco alargar demasiado esta biograf\u00eda de nuestro estimado P. Miguel. Solamente unos apuntes acerca de la enfermedad que le llevar\u00eda inexorablemente a la muerte. Todo empez\u00f3 cuando se le declar\u00f3 un c\u00e1ncer maligno del recto a finales de 1997 y del que fue intervenido el 20 de marzo de 1998, (en la mitad de su cargo de Visitador) y de la que se recuper\u00f3, de momento, satisfactoriamente gracias a un prolongado tratamiento de radioterapia. Pero la enfermedad segu\u00eda su curso extendi\u00e9ndose por la parte p\u00e9lvica y fue necesaria una segunda intervenci\u00f3n que no pudo realizarse hasta finales de febrero de 2001 ya que el P. Garc\u00eda quiso ir antes a despedirse de su querida Misi\u00f3n de Honduras, pasando all\u00ed la noche vieja. Aquella operaci\u00f3n tuvo serias complicaciones, que le causaban dolores muy fuertes, y fue necesaria una tercera intervenci\u00f3n quir\u00fargica. El d\u00eda 9 de abril era dado de alta, pero con la necesidad de pasar por el control ambulatorio. La recuperaci\u00f3n fue larga, pero pudo volver a sus quehaceres combinando su trabajo con las subsiguientes sesiones de quimioterapia y radioterapia, siendo siempre acompa\u00f1ado por su fiel enfermero el Sr. Ram\u00f3n Carbonell, y al menos aparentemente pareci\u00f3 \u00abrejuvenecer\u00bb volvi\u00e9ndosele a repoblar su ondulado canoso cabello. Sin embargo el c\u00e1ncer segu\u00eda minando la parte del pelvis y no hubo m\u00e1s remedio que aumentar el tratamiento terap\u00e9utico para tratar de aliviarle lo m\u00e1s posible el fuerte dolor que sent\u00eda, sobre todo los \u00faltimos meses y que le obligaron a hacer uso de un bast\u00f3n.<\/p>\n<p>Al acercarse el final de los seis a\u00f1os de su mandato como Visitador tuvo la suficiente prudencia para no volver a presentarse como candidato para un posible nuevo trienio.<\/p>\n<p>Despu\u00e9s de permanecer unos meses en Barcelona, en buena parte para seguir su tratamiento m\u00e9dico, y tambi\u00e9n para orientar al nuevo Visitador, decidi\u00f3 volver a Valencia, aceptando ser nombrado vicario de la parroquia de Montolivet.<\/p>\n<p>El d\u00eda 27 de Diciembre se le subi\u00f3 mucho la fiebre y tuvo que ser internado en el hospital, donde permaneci\u00f3 hasta el fin de a\u00f1o, pasando la nochevieja con la Comunidad., Al d\u00eda siguiente, empero, tuvo que volver a ser hospitalizado debido a que su salud empeoraba.<\/p>\n<p>Los \u00faltimos d\u00edas de vida y en particular el fallecimiento del P. Garc\u00eda al mediod\u00eda del s\u00e1bado 12 de enero ya lo hemos comentado. Pero no podr\u00edamos cerrar esta rese\u00f1a sin llegar al final: las emocionantes exequias y el entierro de sus restos mortales el lunes d\u00eda 14 de enero.<\/p>\n<p>Como era de esperar, la asistencia a la Eucarist\u00eda exequial fue muy concurrida: estaban presentes sus dos hermanas Mar\u00eda y Saturnina, y hermano Hilario con sus c\u00f3nyuges e hijos respectivos; el P. Visitador y 12 sacerdotes de la Provincia; nuestros dos hermanos coadjutores, un estudiante y todos los seminaristas de Teruel; padres de las otras tres Provincias espa\u00f1olas, encabezados por los Visitadores de Madrid y Salamanca, PP. F\u00e9lix \u00c1lvarez y Antonio Otero; muchas Hijas de la Caridad de Barcelona, Valencia, Alicante&#8230; con las Visitadoras de las Provincias de Barcelona y Pamplona al frente, sor Mar\u00eda Cruz Arbeloa y sor Ma Teresa Claver\u00eda, respectivamente; otros miembros de la Familia Vicenciana, especialmente Voluntarias y J.M.V. de los primeros tiempos y actuales; adem\u00e1s de los muchos feligreses que llenaron a rebosar la iglesia de Ntra. Sra. de Montolivet.<\/p>\n<p>El obispo auxiliar de Valencia, Mons. Esteban Escudero se ofreci\u00f3 para presidir la Eucarist\u00eda, acompa\u00f1\u00e1ndole en el altar el Vicario Episcopal, el Arcipreste y alg\u00fan otro sacerdote diocesano y tambi\u00e9n el reci\u00e9n ordenado sacerdote de la di\u00f3cesis de Barcelona, Jos\u00e9 Rodr\u00edguez a quien le un\u00eda una larga amistad con el P. Garc\u00eda. En total fuimos 26 los concelebrantes. El coro de la parroquia, Hijas de la Caridad y j\u00f3venes de J.M.V. con sus guitarras ayudaron a la animaci\u00f3n de los adecuados cantos escogidos para la celebraci\u00f3n f\u00fanebre. En su breve y adecuada homil\u00eda Mons. Escudero coment\u00f3 el fin y las virtudes b\u00e1sicas de la Congregaci\u00f3n de la Misi\u00f3n, fidelidad a la voluntad de Dios y a la vocaci\u00f3n, la humildad y sencillez, practicadas ejemplarmente por el P. Miguel Garc\u00eda, as\u00ed como al esp\u00edritu de caridad aut\u00e9ntica, puesta en pr\u00e1ctica como el Buen Samaritano de la par\u00e1bola del Evangelio de san Lucas que hab\u00eda sido proclamado.<\/p>\n<p>Muy cort\u00e9smente el Sr. Obispo cedi\u00f3 al P. Visitador que oficiara el final del rito de las exequias, momento en el que el P. Jos\u00e9 Vicente tuvo la oportunidad de hacer un resumen de lo que seguramente hubiera sido su homil\u00eda: su primer comentario, no exento de un sano matiz de jovialidad, se refiri\u00f3 referir a que por lo mucho que le gustaba al P. Garc\u00eda organizar y dirigir, \u00abseguro ser\u00e1 tan pesado con Dios que nos har\u00e1 caso y nos ayudar\u00e1\u00bb. Recalc\u00f3 a continuaci\u00f3n su gran apoyo a la Pastoral Vocacional y a la apertura de la Etapa de Acogida cuando era superior de Valencia. Nos record\u00f3 asimismo que todo lo que fuera ayudar a la Misi\u00f3n de Honduras, \u00e9l lo apoyaba y animaba, terminando con unas sinceras palabras de agradecimiento hacia todos los asistentes, en particular al gran n\u00famero de Hijas de la Caridad llegadas de muchas comunidades, a los PP. Pa\u00fales, especialmente a los Visitadores de Madrid y Salamanca (el de Zaragoza se hab\u00eda excusado) y a las Visitadoras de Barcelona y Pamplona con algunas de sus Consejeras.<\/p>\n<p>A continuaci\u00f3n el f\u00e9retro fue llevado al cementerio, acompa\u00f1ado de bastantes coches. Despu\u00e9s que el superior de Valencia, P. Pedro Torrens, rezara las preces rituales, mientras era tapada la losa del nicho donde qued\u00f3 guardado el ata\u00fad, el P. Jos\u00e9 Vicente invit\u00f3 a los presentes a despedimos con el canto de la Salve Regina.<\/p>\n<p>As\u00ed terminaba el largo y emocionante acto de sepelio con que los familiares naturales y de Congregaci\u00f3n y dem\u00e1s participantes honr\u00e1bamos la persona y buenas obras del fiel sacerdote de Cristo, nuestro estimado hermano el P. Miguel Garc\u00eda Padilla. Ya descansa en el sue\u00f1o de los justos. Ya goza de la Pascua. \u00a1Aleluya!<\/p>\n","protected":false},"excerpt":{"rendered":"<p>\u00abHay un tiempo para vivir y hay un tiempo para morir&#8230;\u00bb, podemos afirmar parafraseando la inapelable sentencia del autor del Libro del Eclesiast\u00e9s. \u00abVejez venerable no son los muchos d\u00edas, ni se mide por el &#8230; <a href=\"http:\/\/vincentians.com\/es\/miguel-garcia-padilla-1945-2002\/\" class=\"more-link\">Read More<\/a><\/p>\n","protected":false},"author":5,"featured_media":391249,"comment_status":"open","ping_status":"open","sticky":false,"template":"","format":"standard","meta":{"jetpack_post_was_ever_published":false,"_jetpack_newsletter_access":"","_jetpack_dont_email_post_to_subs":false,"_jetpack_newsletter_tier_id":0,"_jetpack_memberships_contains_paywalled_content":false,"_jetpack_memberships_contains_paid_content":false,"footnotes":"","jetpack_publicize_message":"","jetpack_publicize_feature_enabled":true,"jetpack_social_post_already_shared":true,"jetpack_social_options":{"image_generator_settings":{"template":"highway","default_image_id":0,"font":"","enabled":false},"version":2}},"categories":[19],"tags":[176],"class_list":["post-80373","post","type-post","status-publish","format-standard","has-post-thumbnail","hentry","category-biografias-de-misioneros-paules","tag-misiones-populares"],"yoast_head":"<!-- This site is optimized with the Yoast SEO plugin v26.3 - https:\/\/yoast.com\/wordpress\/plugins\/seo\/ -->\n<title>Miguel Garc\u00eda Padilla (1945-2002) - Somos Vicencianos<\/title>\n<meta name=\"robots\" content=\"index, follow, max-snippet:-1, max-image-preview:large, max-video-preview:-1\" \/>\n<link rel=\"canonical\" href=\"http:\/\/vincentians.com\/es\/miguel-garcia-padilla-1945-2002\/\" \/>\n<meta property=\"og:locale\" content=\"es_ES\" \/>\n<meta property=\"og:type\" content=\"article\" \/>\n<meta property=\"og:title\" content=\"Miguel Garc\u00eda Padilla (1945-2002) - Somos Vicencianos\" \/>\n<meta property=\"og:description\" content=\"\u00abHay un tiempo para vivir y hay un tiempo para morir&#8230;\u00bb, podemos afirmar parafraseando la inapelable sentencia del autor del Libro del Eclesiast\u00e9s. \u00abVejez venerable no son los muchos d\u00edas, ni se mide por el ... Read More\" \/>\n<meta property=\"og:url\" content=\"http:\/\/vincentians.com\/es\/miguel-garcia-padilla-1945-2002\/\" \/>\n<meta property=\"og:site_name\" content=\"Somos Vicencianos\" \/>\n<meta property=\"article:publisher\" content=\"https:\/\/www.facebook.com\/WeAreVincentians\/\" \/>\n<meta property=\"article:published_time\" content=\"2012-05-14T23:20:16+00:00\" \/>\n<meta property=\"article:modified_time\" content=\"2016-07-27T10:14:24+00:00\" \/>\n<meta property=\"og:image\" content=\"https:\/\/i0.wp.com\/vincentians.com\/es\/wp-content\/uploads\/sites\/11\/2016\/07\/bio-cm.jpg?fit=1200%2C630\" \/>\n\t<meta property=\"og:image:width\" content=\"1200\" \/>\n\t<meta property=\"og:image:height\" content=\"630\" \/>\n\t<meta property=\"og:image:type\" content=\"image\/jpeg\" \/>\n<meta name=\"author\" content=\"Mitxel Olabu\u00e9naga\" \/>\n<meta name=\"twitter:card\" content=\"summary_large_image\" \/>\n<meta name=\"twitter:creator\" content=\"@WeVincentians\" \/>\n<meta name=\"twitter:site\" content=\"@WeVincentians\" \/>\n<meta name=\"twitter:label1\" content=\"Escrito por\" \/>\n\t<meta name=\"twitter:data1\" content=\"Mitxel Olabu\u00e9naga\" \/>\n\t<meta name=\"twitter:label2\" content=\"Tiempo de lectura\" \/>\n\t<meta name=\"twitter:data2\" content=\"18 minutos\" \/>\n<script type=\"application\/ld+json\" class=\"yoast-schema-graph\">{\"@context\":\"https:\/\/schema.org\",\"@graph\":[{\"@type\":\"Article\",\"@id\":\"http:\/\/vincentians.com\/es\/miguel-garcia-padilla-1945-2002\/#article\",\"isPartOf\":{\"@id\":\"http:\/\/vincentians.com\/es\/miguel-garcia-padilla-1945-2002\/\"},\"author\":{\"name\":\"Mitxel Olabu\u00e9naga\",\"@id\":\"http:\/\/vincentians.com\/es\/#\/schema\/person\/7c2670b4445a7ca9d164ea6acdb31859\"},\"headline\":\"Miguel Garc\u00eda Padilla (1945-2002)\",\"datePublished\":\"2012-05-14T23:20:16+00:00\",\"dateModified\":\"2016-07-27T10:14:24+00:00\",\"mainEntityOfPage\":{\"@id\":\"http:\/\/vincentians.com\/es\/miguel-garcia-padilla-1945-2002\/\"},\"wordCount\":3553,\"commentCount\":1,\"publisher\":{\"@id\":\"http:\/\/vincentians.com\/es\/#organization\"},\"image\":{\"@id\":\"http:\/\/vincentians.com\/es\/miguel-garcia-padilla-1945-2002\/#primaryimage\"},\"thumbnailUrl\":\"https:\/\/i0.wp.com\/vincentians.com\/es\/wp-content\/uploads\/sites\/11\/2016\/07\/bio-cm.jpg?fit=1200%2C630\",\"keywords\":[\"Misiones Populares\"],\"articleSection\":[\"Biograf\u00edas de Misioneros Pa\u00fales\"],\"inLanguage\":\"es\",\"potentialAction\":[{\"@type\":\"CommentAction\",\"name\":\"Comment\",\"target\":[\"http:\/\/vincentians.com\/es\/miguel-garcia-padilla-1945-2002\/#respond\"]}]},{\"@type\":\"WebPage\",\"@id\":\"http:\/\/vincentians.com\/es\/miguel-garcia-padilla-1945-2002\/\",\"url\":\"http:\/\/vincentians.com\/es\/miguel-garcia-padilla-1945-2002\/\",\"name\":\"Miguel Garc\u00eda Padilla (1945-2002) - Somos Vicencianos\",\"isPartOf\":{\"@id\":\"http:\/\/vincentians.com\/es\/#website\"},\"primaryImageOfPage\":{\"@id\":\"http:\/\/vincentians.com\/es\/miguel-garcia-padilla-1945-2002\/#primaryimage\"},\"image\":{\"@id\":\"http:\/\/vincentians.com\/es\/miguel-garcia-padilla-1945-2002\/#primaryimage\"},\"thumbnailUrl\":\"https:\/\/i0.wp.com\/vincentians.com\/es\/wp-content\/uploads\/sites\/11\/2016\/07\/bio-cm.jpg?fit=1200%2C630\",\"datePublished\":\"2012-05-14T23:20:16+00:00\",\"dateModified\":\"2016-07-27T10:14:24+00:00\",\"breadcrumb\":{\"@id\":\"http:\/\/vincentians.com\/es\/miguel-garcia-padilla-1945-2002\/#breadcrumb\"},\"inLanguage\":\"es\",\"potentialAction\":[{\"@type\":\"ReadAction\",\"target\":[\"http:\/\/vincentians.com\/es\/miguel-garcia-padilla-1945-2002\/\"]}]},{\"@type\":\"ImageObject\",\"inLanguage\":\"es\",\"@id\":\"http:\/\/vincentians.com\/es\/miguel-garcia-padilla-1945-2002\/#primaryimage\",\"url\":\"https:\/\/i0.wp.com\/vincentians.com\/es\/wp-content\/uploads\/sites\/11\/2016\/07\/bio-cm.jpg?fit=1200%2C630\",\"contentUrl\":\"https:\/\/i0.wp.com\/vincentians.com\/es\/wp-content\/uploads\/sites\/11\/2016\/07\/bio-cm.jpg?fit=1200%2C630\",\"width\":1200,\"height\":630},{\"@type\":\"BreadcrumbList\",\"@id\":\"http:\/\/vincentians.com\/es\/miguel-garcia-padilla-1945-2002\/#breadcrumb\",\"itemListElement\":[{\"@type\":\"ListItem\",\"position\":1,\"name\":\"Portada\",\"item\":\"http:\/\/vincentians.com\/es\/\"},{\"@type\":\"ListItem\",\"position\":2,\"name\":\"Miguel Garc\u00eda Padilla (1945-2002)\"}]},{\"@type\":\"WebSite\",\"@id\":\"http:\/\/vincentians.com\/es\/#website\",\"url\":\"http:\/\/vincentians.com\/es\/\",\"name\":\"Somos Vicencianos\",\"description\":\"Know more to serve more\",\"publisher\":{\"@id\":\"http:\/\/vincentians.com\/es\/#organization\"},\"potentialAction\":[{\"@type\":\"SearchAction\",\"target\":{\"@type\":\"EntryPoint\",\"urlTemplate\":\"http:\/\/vincentians.com\/es\/?s={search_term_string}\"},\"query-input\":{\"@type\":\"PropertyValueSpecification\",\"valueRequired\":true,\"valueName\":\"search_term_string\"}}],\"inLanguage\":\"es\"},{\"@type\":\"Organization\",\"@id\":\"http:\/\/vincentians.com\/es\/#organization\",\"name\":\"The Vincentian Network\",\"url\":\"http:\/\/vincentians.com\/es\/\",\"logo\":{\"@type\":\"ImageObject\",\"inLanguage\":\"es\",\"@id\":\"http:\/\/vincentians.com\/es\/#\/schema\/logo\/image\/\",\"url\":\"https:\/\/i1.wp.com\/vincentians.com\/es\/wp-content\/uploads\/sites\/11\/2016\/06\/Vincentian-Network-logo-big.png?fit=778%2C778\",\"contentUrl\":\"https:\/\/i1.wp.com\/vincentians.com\/es\/wp-content\/uploads\/sites\/11\/2016\/06\/Vincentian-Network-logo-big.png?fit=778%2C778\",\"width\":778,\"height\":778,\"caption\":\"The Vincentian Network\"},\"image\":{\"@id\":\"http:\/\/vincentians.com\/es\/#\/schema\/logo\/image\/\"},\"sameAs\":[\"https:\/\/www.facebook.com\/WeAreVincentians\/\",\"https:\/\/x.com\/WeVincentians\"]},{\"@type\":\"Person\",\"@id\":\"http:\/\/vincentians.com\/es\/#\/schema\/person\/7c2670b4445a7ca9d164ea6acdb31859\",\"name\":\"Mitxel Olabu\u00e9naga\",\"image\":{\"@type\":\"ImageObject\",\"inLanguage\":\"es\",\"@id\":\"http:\/\/vincentians.com\/es\/#\/schema\/person\/image\/\",\"url\":\"https:\/\/secure.gravatar.com\/avatar\/34137ec2e2b8939cbbed975731e71f3f4f1defc7266ded337a5ce0f925426877?s=96&d=mm&r=g\",\"contentUrl\":\"https:\/\/secure.gravatar.com\/avatar\/34137ec2e2b8939cbbed975731e71f3f4f1defc7266ded337a5ce0f925426877?s=96&d=mm&r=g\",\"caption\":\"Mitxel Olabu\u00e9naga\"},\"url\":\"http:\/\/vincentians.com\/es\/author\/mitxel\/\"}]}<\/script>\n<!-- \/ Yoast SEO plugin. -->","yoast_head_json":{"title":"Miguel Garc\u00eda Padilla (1945-2002) - Somos Vicencianos","robots":{"index":"index","follow":"follow","max-snippet":"max-snippet:-1","max-image-preview":"max-image-preview:large","max-video-preview":"max-video-preview:-1"},"canonical":"http:\/\/vincentians.com\/es\/miguel-garcia-padilla-1945-2002\/","og_locale":"es_ES","og_type":"article","og_title":"Miguel Garc\u00eda Padilla (1945-2002) - Somos Vicencianos","og_description":"\u00abHay un tiempo para vivir y hay un tiempo para morir&#8230;\u00bb, podemos afirmar parafraseando la inapelable sentencia del autor del Libro del Eclesiast\u00e9s. \u00abVejez venerable no son los muchos d\u00edas, ni se mide por el ... Read More","og_url":"http:\/\/vincentians.com\/es\/miguel-garcia-padilla-1945-2002\/","og_site_name":"Somos Vicencianos","article_publisher":"https:\/\/www.facebook.com\/WeAreVincentians\/","article_published_time":"2012-05-14T23:20:16+00:00","article_modified_time":"2016-07-27T10:14:24+00:00","og_image":[{"width":1200,"height":630,"url":"https:\/\/i0.wp.com\/vincentians.com\/es\/wp-content\/uploads\/sites\/11\/2016\/07\/bio-cm.jpg?fit=1200%2C630","type":"image\/jpeg"}],"author":"Mitxel Olabu\u00e9naga","twitter_card":"summary_large_image","twitter_creator":"@WeVincentians","twitter_site":"@WeVincentians","twitter_misc":{"Escrito por":"Mitxel Olabu\u00e9naga","Tiempo de lectura":"18 minutos"},"schema":{"@context":"https:\/\/schema.org","@graph":[{"@type":"Article","@id":"http:\/\/vincentians.com\/es\/miguel-garcia-padilla-1945-2002\/#article","isPartOf":{"@id":"http:\/\/vincentians.com\/es\/miguel-garcia-padilla-1945-2002\/"},"author":{"name":"Mitxel Olabu\u00e9naga","@id":"http:\/\/vincentians.com\/es\/#\/schema\/person\/7c2670b4445a7ca9d164ea6acdb31859"},"headline":"Miguel Garc\u00eda Padilla (1945-2002)","datePublished":"2012-05-14T23:20:16+00:00","dateModified":"2016-07-27T10:14:24+00:00","mainEntityOfPage":{"@id":"http:\/\/vincentians.com\/es\/miguel-garcia-padilla-1945-2002\/"},"wordCount":3553,"commentCount":1,"publisher":{"@id":"http:\/\/vincentians.com\/es\/#organization"},"image":{"@id":"http:\/\/vincentians.com\/es\/miguel-garcia-padilla-1945-2002\/#primaryimage"},"thumbnailUrl":"https:\/\/i0.wp.com\/vincentians.com\/es\/wp-content\/uploads\/sites\/11\/2016\/07\/bio-cm.jpg?fit=1200%2C630","keywords":["Misiones Populares"],"articleSection":["Biograf\u00edas de Misioneros Pa\u00fales"],"inLanguage":"es","potentialAction":[{"@type":"CommentAction","name":"Comment","target":["http:\/\/vincentians.com\/es\/miguel-garcia-padilla-1945-2002\/#respond"]}]},{"@type":"WebPage","@id":"http:\/\/vincentians.com\/es\/miguel-garcia-padilla-1945-2002\/","url":"http:\/\/vincentians.com\/es\/miguel-garcia-padilla-1945-2002\/","name":"Miguel Garc\u00eda Padilla (1945-2002) - Somos Vicencianos","isPartOf":{"@id":"http:\/\/vincentians.com\/es\/#website"},"primaryImageOfPage":{"@id":"http:\/\/vincentians.com\/es\/miguel-garcia-padilla-1945-2002\/#primaryimage"},"image":{"@id":"http:\/\/vincentians.com\/es\/miguel-garcia-padilla-1945-2002\/#primaryimage"},"thumbnailUrl":"https:\/\/i0.wp.com\/vincentians.com\/es\/wp-content\/uploads\/sites\/11\/2016\/07\/bio-cm.jpg?fit=1200%2C630","datePublished":"2012-05-14T23:20:16+00:00","dateModified":"2016-07-27T10:14:24+00:00","breadcrumb":{"@id":"http:\/\/vincentians.com\/es\/miguel-garcia-padilla-1945-2002\/#breadcrumb"},"inLanguage":"es","potentialAction":[{"@type":"ReadAction","target":["http:\/\/vincentians.com\/es\/miguel-garcia-padilla-1945-2002\/"]}]},{"@type":"ImageObject","inLanguage":"es","@id":"http:\/\/vincentians.com\/es\/miguel-garcia-padilla-1945-2002\/#primaryimage","url":"https:\/\/i0.wp.com\/vincentians.com\/es\/wp-content\/uploads\/sites\/11\/2016\/07\/bio-cm.jpg?fit=1200%2C630","contentUrl":"https:\/\/i0.wp.com\/vincentians.com\/es\/wp-content\/uploads\/sites\/11\/2016\/07\/bio-cm.jpg?fit=1200%2C630","width":1200,"height":630},{"@type":"BreadcrumbList","@id":"http:\/\/vincentians.com\/es\/miguel-garcia-padilla-1945-2002\/#breadcrumb","itemListElement":[{"@type":"ListItem","position":1,"name":"Portada","item":"http:\/\/vincentians.com\/es\/"},{"@type":"ListItem","position":2,"name":"Miguel Garc\u00eda Padilla (1945-2002)"}]},{"@type":"WebSite","@id":"http:\/\/vincentians.com\/es\/#website","url":"http:\/\/vincentians.com\/es\/","name":"Somos Vicencianos","description":"Know more to serve more","publisher":{"@id":"http:\/\/vincentians.com\/es\/#organization"},"potentialAction":[{"@type":"SearchAction","target":{"@type":"EntryPoint","urlTemplate":"http:\/\/vincentians.com\/es\/?s={search_term_string}"},"query-input":{"@type":"PropertyValueSpecification","valueRequired":true,"valueName":"search_term_string"}}],"inLanguage":"es"},{"@type":"Organization","@id":"http:\/\/vincentians.com\/es\/#organization","name":"The Vincentian Network","url":"http:\/\/vincentians.com\/es\/","logo":{"@type":"ImageObject","inLanguage":"es","@id":"http:\/\/vincentians.com\/es\/#\/schema\/logo\/image\/","url":"https:\/\/i1.wp.com\/vincentians.com\/es\/wp-content\/uploads\/sites\/11\/2016\/06\/Vincentian-Network-logo-big.png?fit=778%2C778","contentUrl":"https:\/\/i1.wp.com\/vincentians.com\/es\/wp-content\/uploads\/sites\/11\/2016\/06\/Vincentian-Network-logo-big.png?fit=778%2C778","width":778,"height":778,"caption":"The Vincentian Network"},"image":{"@id":"http:\/\/vincentians.com\/es\/#\/schema\/logo\/image\/"},"sameAs":["https:\/\/www.facebook.com\/WeAreVincentians\/","https:\/\/x.com\/WeVincentians"]},{"@type":"Person","@id":"http:\/\/vincentians.com\/es\/#\/schema\/person\/7c2670b4445a7ca9d164ea6acdb31859","name":"Mitxel Olabu\u00e9naga","image":{"@type":"ImageObject","inLanguage":"es","@id":"http:\/\/vincentians.com\/es\/#\/schema\/person\/image\/","url":"https:\/\/secure.gravatar.com\/avatar\/34137ec2e2b8939cbbed975731e71f3f4f1defc7266ded337a5ce0f925426877?s=96&d=mm&r=g","contentUrl":"https:\/\/secure.gravatar.com\/avatar\/34137ec2e2b8939cbbed975731e71f3f4f1defc7266ded337a5ce0f925426877?s=96&d=mm&r=g","caption":"Mitxel Olabu\u00e9naga"},"url":"http:\/\/vincentians.com\/es\/author\/mitxel\/"}]}},"jetpack_publicize_connections":[],"jetpack_featured_media_url":"https:\/\/i0.wp.com\/vincentians.com\/es\/wp-content\/uploads\/sites\/11\/2016\/07\/bio-cm.jpg?fit=1200%2C630","jetpack_sharing_enabled":true,"jetpack_shortlink":"https:\/\/wp.me\/p7ETMF-kUl","jetpack-related-posts":[{"id":116815,"url":"http:\/\/vincentians.com\/es\/p-juan-viver\/","url_meta":{"origin":80373,"position":0},"title":"P. Juan Viver","author":"Mitxel Olabu\u00e9naga","date":"14\/01\/2013","format":false,"excerpt":"Vio la luz en Ametlla (Barcelona) el 25 de octubre de 1775. Admitido el 3 de septiem\u00adbre de 1795, hizo los votos dos a\u00f1os m\u00e1s tarde, el 4 del citado mes: para entonces hab\u00eda recibido ya los \u00f3rdenes menores. Despu\u00e9s de trabajar en algunas misiones de la casa de Barcelona,\u2026","rel":"","context":"En \u00abBiograf\u00edas de Misioneros Pa\u00fales\u00bb","block_context":{"text":"Biograf\u00edas de Misioneros Pa\u00fales","link":"http:\/\/vincentians.com\/es\/category\/la-familia-vicenciana\/biografias-vicencianas\/biografias-de-misioneros-paules\/"},"img":{"alt_text":"","src":"https:\/\/i0.wp.com\/vincentians.com\/es\/wp-content\/uploads\/sites\/11\/2016\/07\/bio-cm.jpg?fit=1200%2C630&resize=350%2C200","width":350,"height":200,"srcset":"https:\/\/i0.wp.com\/vincentians.com\/es\/wp-content\/uploads\/sites\/11\/2016\/07\/bio-cm.jpg?fit=1200%2C630&resize=350%2C200 1x, https:\/\/i0.wp.com\/vincentians.com\/es\/wp-content\/uploads\/sites\/11\/2016\/07\/bio-cm.jpg?fit=1200%2C630&resize=525%2C300 1.5x, https:\/\/i0.wp.com\/vincentians.com\/es\/wp-content\/uploads\/sites\/11\/2016\/07\/bio-cm.jpg?fit=1200%2C630&resize=700%2C400 2x, https:\/\/i0.wp.com\/vincentians.com\/es\/wp-content\/uploads\/sites\/11\/2016\/07\/bio-cm.jpg?fit=1200%2C630&resize=1050%2C600 3x"},"classes":[]},{"id":130510,"url":"http:\/\/vincentians.com\/es\/vicente-de-paul-andrade-pau\/","url_meta":{"origin":80373,"position":1},"title":"Vicente de Pa\u00fal Andrade Pau","author":"Mitxel Olabu\u00e9naga","date":"31\/05\/2014","format":false,"excerpt":"Nacimiento: 23.2.1844 en la ciudad de M\u00e9xico \/ Fecha de vocaci\u00f3n: 12.11.1863 ibidem \/ Votos perpetuos: 13.11.1865 en la capilla del Hospital de San Juan de Dios ante Boquet \/ Fecha de ordenaci\u00f3n: 19.12.1868 en Par\u00eds. DESTINOS: Jalapa seminario 1870 \/ Zacatecas seminario 1872 \/ Puebla 1876 (el libro de\u2026","rel":"","context":"En \u00abBiograf\u00edas de Misioneros Pa\u00fales\u00bb","block_context":{"text":"Biograf\u00edas de Misioneros Pa\u00fales","link":"http:\/\/vincentians.com\/es\/category\/la-familia-vicenciana\/biografias-vicencianas\/biografias-de-misioneros-paules\/"},"img":{"alt_text":"","src":"https:\/\/i0.wp.com\/vincentians.com\/es\/wp-content\/uploads\/sites\/11\/2016\/07\/bio-cm.jpg?fit=1200%2C630&resize=350%2C200","width":350,"height":200,"srcset":"https:\/\/i0.wp.com\/vincentians.com\/es\/wp-content\/uploads\/sites\/11\/2016\/07\/bio-cm.jpg?fit=1200%2C630&resize=350%2C200 1x, https:\/\/i0.wp.com\/vincentians.com\/es\/wp-content\/uploads\/sites\/11\/2016\/07\/bio-cm.jpg?fit=1200%2C630&resize=525%2C300 1.5x, https:\/\/i0.wp.com\/vincentians.com\/es\/wp-content\/uploads\/sites\/11\/2016\/07\/bio-cm.jpg?fit=1200%2C630&resize=700%2C400 2x, https:\/\/i0.wp.com\/vincentians.com\/es\/wp-content\/uploads\/sites\/11\/2016\/07\/bio-cm.jpg?fit=1200%2C630&resize=1050%2C600 3x"},"classes":[]},{"id":117787,"url":"http:\/\/vincentians.com\/es\/p-pablo-vaques-y-miguel\/","url_meta":{"origin":80373,"position":2},"title":"P. Pablo Vaqu\u00e9s y Miguel","author":"Mitxel Olabu\u00e9naga","date":"12\/02\/2013","format":false,"excerpt":"Era de Gu\u00f1ola (Barcelona), y naci\u00f3 el 8 de abril de 1765. Admitido en el no\u00adviciado el 6 de marzo de 1797, hizo los votos dos a\u00f1os m\u00e1s tarde, el 7 de dicho mes. En marzo de 1802 le desti\u00adnaron a Mallorca, donde permaneci\u00f3 el resto de su vida dedicado\u2026","rel":"","context":"En \u00abBiograf\u00edas de Misioneros Pa\u00fales\u00bb","block_context":{"text":"Biograf\u00edas de Misioneros Pa\u00fales","link":"http:\/\/vincentians.com\/es\/category\/la-familia-vicenciana\/biografias-vicencianas\/biografias-de-misioneros-paules\/"},"img":{"alt_text":"","src":"https:\/\/i0.wp.com\/vincentians.com\/es\/wp-content\/uploads\/sites\/11\/2016\/07\/bio-cm.jpg?fit=1200%2C630&resize=350%2C200","width":350,"height":200,"srcset":"https:\/\/i0.wp.com\/vincentians.com\/es\/wp-content\/uploads\/sites\/11\/2016\/07\/bio-cm.jpg?fit=1200%2C630&resize=350%2C200 1x, https:\/\/i0.wp.com\/vincentians.com\/es\/wp-content\/uploads\/sites\/11\/2016\/07\/bio-cm.jpg?fit=1200%2C630&resize=525%2C300 1.5x, https:\/\/i0.wp.com\/vincentians.com\/es\/wp-content\/uploads\/sites\/11\/2016\/07\/bio-cm.jpg?fit=1200%2C630&resize=700%2C400 2x, https:\/\/i0.wp.com\/vincentians.com\/es\/wp-content\/uploads\/sites\/11\/2016\/07\/bio-cm.jpg?fit=1200%2C630&resize=1050%2C600 3x"},"classes":[]},{"id":127599,"url":"http:\/\/vincentians.com\/es\/miguel-peregri\/","url_meta":{"origin":80373,"position":3},"title":"Miguel Peregr\u00ed","author":"Mitxel Olabu\u00e9naga","date":"04\/02\/2014","format":false,"excerpt":"Natural de Riells (Barcelo\u00adna); naci\u00f3 el 31 de octubre de 1806 y fue admitido en la Congregaci\u00f3n el 6 de julio de 1828, haciendo dos a\u00f1os despu\u00e9s los votos (7 julio). Formaba parte de la Comuni\u00addad de Barcelona en julio de 1835 y estaba ordenado ya de sacerdote. Consta que\u2026","rel":"","context":"En \u00abBiograf\u00edas de Misioneros Pa\u00fales\u00bb","block_context":{"text":"Biograf\u00edas de Misioneros Pa\u00fales","link":"http:\/\/vincentians.com\/es\/category\/la-familia-vicenciana\/biografias-vicencianas\/biografias-de-misioneros-paules\/"},"img":{"alt_text":"","src":"https:\/\/i0.wp.com\/vincentians.com\/es\/wp-content\/uploads\/sites\/11\/2016\/07\/bio-cm.jpg?fit=1200%2C630&resize=350%2C200","width":350,"height":200,"srcset":"https:\/\/i0.wp.com\/vincentians.com\/es\/wp-content\/uploads\/sites\/11\/2016\/07\/bio-cm.jpg?fit=1200%2C630&resize=350%2C200 1x, https:\/\/i0.wp.com\/vincentians.com\/es\/wp-content\/uploads\/sites\/11\/2016\/07\/bio-cm.jpg?fit=1200%2C630&resize=525%2C300 1.5x, https:\/\/i0.wp.com\/vincentians.com\/es\/wp-content\/uploads\/sites\/11\/2016\/07\/bio-cm.jpg?fit=1200%2C630&resize=700%2C400 2x, https:\/\/i0.wp.com\/vincentians.com\/es\/wp-content\/uploads\/sites\/11\/2016\/07\/bio-cm.jpg?fit=1200%2C630&resize=1050%2C600 3x"},"classes":[]},{"id":131591,"url":"http:\/\/vincentians.com\/es\/p-jose-prol-rodriguez-c-m\/","url_meta":{"origin":80373,"position":4},"title":"P. Jos\u00e9 Prol Rodr\u00edguez, C.M.","author":"Mitxel Olabu\u00e9naga","date":"21\/10\/2014","format":false,"excerpt":"Naci\u00f3 el padre Prol el 19 de agosto de 1923 y falleci\u00f3 el d\u00eda 22 de ju lio de 2014. Ten\u00eda, pues, 91 a\u00f1os. Hace un a\u00f1o que el padre Visitador destin\u00f3 al padre Jos\u00e9 Prol a la enfermer\u00eda de la comunidad de Salamanca. Atr\u00e1s qued\u00f3 una dilatada vida entregada\u2026","rel":"","context":"En \u00abBiograf\u00edas de Misioneros Pa\u00fales\u00bb","block_context":{"text":"Biograf\u00edas de Misioneros Pa\u00fales","link":"http:\/\/vincentians.com\/es\/category\/la-familia-vicenciana\/biografias-vicencianas\/biografias-de-misioneros-paules\/"},"img":{"alt_text":"","src":"https:\/\/i0.wp.com\/vincentians.com\/es\/wp-content\/uploads\/sites\/11\/2016\/07\/bio-cm.jpg?fit=1200%2C630&resize=350%2C200","width":350,"height":200,"srcset":"https:\/\/i0.wp.com\/vincentians.com\/es\/wp-content\/uploads\/sites\/11\/2016\/07\/bio-cm.jpg?fit=1200%2C630&resize=350%2C200 1x, https:\/\/i0.wp.com\/vincentians.com\/es\/wp-content\/uploads\/sites\/11\/2016\/07\/bio-cm.jpg?fit=1200%2C630&resize=525%2C300 1.5x, https:\/\/i0.wp.com\/vincentians.com\/es\/wp-content\/uploads\/sites\/11\/2016\/07\/bio-cm.jpg?fit=1200%2C630&resize=700%2C400 2x, https:\/\/i0.wp.com\/vincentians.com\/es\/wp-content\/uploads\/sites\/11\/2016\/07\/bio-cm.jpg?fit=1200%2C630&resize=1050%2C600 3x"},"classes":[]},{"id":116949,"url":"http:\/\/vincentians.com\/es\/un-modelo-de-misioneros-p-cipriano-oses\/","url_meta":{"origin":80373,"position":5},"title":"Un modelo de misioneros: P. Cipriano Os\u00e9s","author":"Mitxel Olabu\u00e9naga","date":"27\/01\/2013","format":false,"excerpt":"IN MEMORIAM: ESQUEMA DE VIDA \"El 23 de junio de 1967 mor\u00eda en Naga el R. P. Cipriano Os\u00e9s. Hab\u00eda nacido el 9 de diciembre de 1892 en Muruz\u00e1bal, Navarra, de Espa\u00f1a. El 12 de septiembre de 1912 ingres\u00f3 en la Congregaci\u00f3n de la Misi\u00f3n, en la que pronunci\u00f3 sus\u2026","rel":"","context":"En \u00abBiograf\u00edas de Misioneros Pa\u00fales\u00bb","block_context":{"text":"Biograf\u00edas de Misioneros Pa\u00fales","link":"http:\/\/vincentians.com\/es\/category\/la-familia-vicenciana\/biografias-vicencianas\/biografias-de-misioneros-paules\/"},"img":{"alt_text":"","src":"https:\/\/i0.wp.com\/vincentians.com\/es\/wp-content\/uploads\/sites\/11\/2016\/07\/bio-cm.jpg?fit=1200%2C630&resize=350%2C200","width":350,"height":200,"srcset":"https:\/\/i0.wp.com\/vincentians.com\/es\/wp-content\/uploads\/sites\/11\/2016\/07\/bio-cm.jpg?fit=1200%2C630&resize=350%2C200 1x, https:\/\/i0.wp.com\/vincentians.com\/es\/wp-content\/uploads\/sites\/11\/2016\/07\/bio-cm.jpg?fit=1200%2C630&resize=525%2C300 1.5x, https:\/\/i0.wp.com\/vincentians.com\/es\/wp-content\/uploads\/sites\/11\/2016\/07\/bio-cm.jpg?fit=1200%2C630&resize=700%2C400 2x, https:\/\/i0.wp.com\/vincentians.com\/es\/wp-content\/uploads\/sites\/11\/2016\/07\/bio-cm.jpg?fit=1200%2C630&resize=1050%2C600 3x"},"classes":[]}],"_links":{"self":[{"href":"http:\/\/vincentians.com\/es\/wp-json\/wp\/v2\/posts\/80373","targetHints":{"allow":["GET"]}}],"collection":[{"href":"http:\/\/vincentians.com\/es\/wp-json\/wp\/v2\/posts"}],"about":[{"href":"http:\/\/vincentians.com\/es\/wp-json\/wp\/v2\/types\/post"}],"author":[{"embeddable":true,"href":"http:\/\/vincentians.com\/es\/wp-json\/wp\/v2\/users\/5"}],"replies":[{"embeddable":true,"href":"http:\/\/vincentians.com\/es\/wp-json\/wp\/v2\/comments?post=80373"}],"version-history":[{"count":0,"href":"http:\/\/vincentians.com\/es\/wp-json\/wp\/v2\/posts\/80373\/revisions"}],"wp:featuredmedia":[{"embeddable":true,"href":"http:\/\/vincentians.com\/es\/wp-json\/wp\/v2\/media\/391249"}],"wp:attachment":[{"href":"http:\/\/vincentians.com\/es\/wp-json\/wp\/v2\/media?parent=80373"}],"wp:term":[{"taxonomy":"category","embeddable":true,"href":"http:\/\/vincentians.com\/es\/wp-json\/wp\/v2\/categories?post=80373"},{"taxonomy":"post_tag","embeddable":true,"href":"http:\/\/vincentians.com\/es\/wp-json\/wp\/v2\/tags?post=80373"}],"curies":[{"name":"wp","href":"https:\/\/api.w.org\/{rel}","templated":true}]}}