{"id":73071,"date":"2024-09-11T08:51:22","date_gmt":"2024-09-11T06:51:22","guid":{"rendered":"http:\/\/somos.vicencianos.org\/?p=73071"},"modified":"2024-09-10T12:46:28","modified_gmt":"2024-09-10T10:46:28","slug":"cuatro-temas-de-la-espiritualidad-de-san-juan-gabriel-perboyre","status":"publish","type":"post","link":"http:\/\/vincentians.com\/es\/cuatro-temas-de-la-espiritualidad-de-san-juan-gabriel-perboyre\/","title":{"rendered":"Cuatro temas de la espiritualidad de san Juan Gabriel Perboyre"},"content":{"rendered":"<p>\u00bfLo creer\u00e1n ustedes, Hermanas? Durante el a\u00f1o que ha terminado anoche, ha habido m\u00e1s matanzas de misioneros, hombres y mujeres, que en cualquier otro a\u00f1o desde que la Iglesia lleva estad\u00edsticas. Yo dec\u00eda y lo he dicho con frecuen\u00adcia en p\u00fablico\u2014 que es raro que haya m\u00e1rtires; pero hoy esto no resulta verdad. Todas ustedes han o\u00eddo hablar de los misioneros, numerosos, que han muerto en Argelia, en Ruanda, en Burundi, sin hablar de otros muchos pa\u00edses. Ahora, en el comienzo de este nuevo a\u00f1o, estoy convencido de que esas mujeres, esos hom\u00adbres, heroicos, est\u00e1n en la presencia de Dios para interceder por nosotros.<\/p>\n<p style=\"text-align: justify\">La Iglesia no canoniza a todas estas personas; pero de vez en cuando, para bien nuestro, nos presenta a alguna de ellas como modelo, a fin de alentarnos a nosotros que vamos todav\u00eda de camino. La Iglesia nos dice:<\/p>\n<p style=\"text-align: justify\">\u00abFijaos bien en este hombre, meditad en la vida de esta mujer, aprended de ellos lo que significa hoy ser santo.<\/p>\n<p style=\"text-align: justify\">Lo mismo ocurre con Juan Gabriel Perboyre. El 2 de junio de 1996 ha sido declarado oficialmente santo. \u00bfY qu\u00e9 es lo que nos ense\u00f1a sobre la manera de vivir la vida de Dios?<\/p>\n<p style=\"text-align: justify\">No voy a intentar repetir aqu\u00ed lo que otros han dicho ya. Mi prop\u00f3sito es modesto. Planteo esta cuesti\u00f3n: \u00bfQu\u00e9 llenaba el coraz\u00f3n de este aut\u00e9ntico santo? \u00bfC\u00f3mo ve\u00eda a Dios? \u00bfC\u00f3mo enfocaba su misi\u00f3n? \u00bfCu\u00e1l era su actitud ante los que le rodeaban? \u00bfQu\u00e9 forma adoptaba su vida de oraci\u00f3n?<\/p>\n<p style=\"text-align: justify\">Para formular una respuesta, he analizado sus cartas. Otros lo han hecho con los acontecimientos de su vida y su muerte para tratar de comprenderle plena\u00admente.<\/p>\n<p style=\"text-align: justify\">Cuatro temas resaltan en especial en su correspondencia.<\/p>\n<h2 style=\"text-align: justify\"><strong>1. Su devoci\u00f3n a la Providencia<\/strong><\/h2>\n<p style=\"text-align: justify\"><em>\u00abAmo mucho este misterio do la Providencia\u00bb.<\/em><\/p>\n<p style=\"text-align: justify\">Estas palabras las escribe Perboyre a Pedro Lo Go, Sus cartas ponen de relieve con toda claridad la profundidad de ese amor. En realidad puede decirse que el misterio de la Providencia es un leitmotiv que salta a la vista en todas sus p\u00e1ginas, una melod\u00eda que entona en sordina mientras va reflexionando en los diversos acontecimientos de la vida. Este inter\u00e9s por la Providencia resalta de manera especial en tres planos.<\/p>\n<p style=\"text-align: justify\">En primer lugar, la Providencia de Dios es el \u00abtoma do viaje\u00bb en muchas de las cartas de Perboyre: Dios va caminando con \u00e9l y lo protege. Le pide al Superior General, P. Domingo Salhorgne, que se una a hl y a sus compa\u00f1eros para alabar \u00aba la Providencia del Padre Celestial\u00bb por todas las cosas admirables que han transcurrido a lo largo de su viaje de El Havre a Jakarta (antiguamente, Batavia). En el mismo sentido, escribe a otros corresponsales de Surabaya y de Macao. Pero Perboyre es muy concreto en el tema de la Providencia. Aunque todo lo atribuye a Dios, reconoce claramente que Dios actea a trav\u00e9s de causas segun\u00addas: Y as\u00ed est\u00e1 convencido, por ejemplo, do que los misioneros que viajaban por mar, deb\u00edan su salvaci\u00f3n no s\u00f3lo a la Providencia, sino tambi\u00e9n al capit\u00e1n del barco. Durante sus viajes a pie, ya en China, estaba completamente seguro de que Dios le conduc\u00eda paso a paso, pero no por ello dejaba de estar agradecido a sus gu\u00edas. Igualmente, mientras cre\u00eda profundamente en lo m\u00e1s \u00edntimo de su ser que era la Providencia la que hab\u00eda preparado el camino a toda su aventura misionera en China, daba las gracias a sus Superiores por haberle enviado all\u00e1.<\/p>\n<p style=\"text-align: justify\">En segundo lugar, junto al tema del viaje, la Providencia tiene una resonancia m\u00e1s profunda en los escritos de Perboyre, considerada como \u00abun orden\u00bb dentro \u00abdel plan oculto de Dios\u00bb. En ese sentido, al igual que san Vicente de Pa\u00fal, no quiere \u00abadelantarse a ella\u00bb. A su hermano Luis, inmediatamente antes de la marcha de \u00e9ste a China, le escribe: \u00abDios sabe llegar a sus fines y promover su mayor gloria y la santificaci\u00f3n de sus elegidos\u00bb. Esta carta de Perboyre es tanto m\u00e1s emotiva cuanto que era el \u00faltimo contacto que ten\u00edan los dos hermanos. Luis muri\u00f3 en el camino, sin haber alcanzado el fin que se propon\u00eda: China.<\/p>\n<p style=\"text-align: justify\">Al saber la muerte de su hermano, Juan Gabriel escribi\u00f3 a sus padres: \u00abLa Providencia de Dios es muy suave, admirable hacia sus servidores, e infinitamente m\u00e1s misericordiosa que lo que podr\u00edamos concebir\u00bb.<\/p>\n<p style=\"text-align: justify\">En tercer lugar, resulta evidente, seg\u00fan las cartas de Perboyre, que considera el sufrimiento como un aspecto del amor providente de Dios. Est\u00e1 convencido de que \u00abDios castiga a los que ama\u00bb. Declara que \u00absufrir constituye la mitad del misionero. Desde China, escribe al Superior General: \u00abNo s\u00e9 lo que me est\u00e1 reservado en la carrera que se abre ante m\u00ed; sin duda, muchas cruces, porque ese es el pan cotidiano del misionero. Y \u00bfqu\u00e9 cosa mejor se puede desear cuando se va a predicar a un Dios crucificado?\u00bb. A medida que empieza a entrever la posibilidad de su propia muerte, va profundizando en ese tema.<\/p>\n<p style=\"text-align: justify\">La perspectiva del martirio no escasea en sus cartas. Lo contempla con sere\u00adnidad. Escribe a su padre: \u00abSi nos fuera dado sufrir el martirio, ser\u00eda una gracia muy grande\u00bb. A su primo: \u00abNuestro Se\u00f1or cuida siempre de los que lo abando\u00adnan todo por El; y cuando se ven m\u00e1s desprotegidos de los hombres, sobre todo en el momento de la muerte, es cuando les devuelve por encima del c\u00e9ntuplo prometido\u00bb. Siente el ardiente deseo de que su propio coraz\u00f3n est\u00e9 \u00edntimamente unido a los corazones dolientes de Jes\u00fas y Mar\u00eda. Poco tiempo antes de ser arrestado, escribiendo a Jean Grappin, Asistente General, en Par\u00eds, bromea acer\u00adca de su mala salud y de su porvenir y saca la conclusi\u00f3n: \u00abPor lo dem\u00e1s, no me inquieto demasiado por esa cuesti\u00f3n. Queda en manos de la Providencia\u00bb.<\/p>\n<p style=\"text-align: justify\" align=\"center\"><strong>2. Su amor a la misi\u00f3n<\/strong><\/p>\n<p style=\"text-align: justify\" align=\"center\">\u00a1Qu\u00e9 feliz me siento en tan admirable vocaci\u00f3n!<\/p>\n<p style=\"text-align: justify\">Esa es su exclamaci\u00f3n cuando anuncia a su t\u00edo que ha sido destinado a China. El entusiasmo de Perboyre por las misiones se dej\u00f3 ver muy pronto. Es cierto que dos misioneros que partieron a China fueron para \u00e9l fuente de inspira\u00adci\u00f3n profunda: Francisco Regis Clet y su propio hermano Luis.<\/p>\n<p style=\"text-align: justify\">Con frecuencia hace menci\u00f3n de Clet. A Pedro Le Go le dice: \u00abOjal\u00e1 pueda yo asemejarme, hasta el final, a un venerable cohermano, cuya larga vida apos\u00adt\u00f3lica ha sido coronada por la gloriosa palma del martirio\u00bb. Sus cartas desde China hablan de Clet con gran admiraci\u00f3n. Espera que su causa de beatificaci\u00f3n vaya por buen camino. Expresa un gran deseo de visitar su tumba. Habla de los largos a\u00f1os del ministerio de Clet, de la dificultad que tuvo para llegar a hablar el chino, de sus sufrimientos, de su muerte por estrangulaci\u00f3n en una cruz.<\/p>\n<p style=\"text-align: justify\">Existe una bella carta escrita a su t\u00edo desde Surabaya, en la que habla de su hermano:<\/p>\n<p style=\"text-align: justify\">\u00abNo pod\u00eda hacer este viaje a China sin tener presente con frecuencia el recuerdo de mi hermano Luis; me gustaba pensar en \u00e9l, caminando por delante de m\u00ed e indic\u00e1n\u00addome el camino que deb\u00eda seguir. Pero \u00a1ay! como la estrella que guiaba a los Ma\u00adgos, desapareci\u00f3 de mi vista&#8230; \u00a1Cu\u00e1nta ser\u00e1 mi alegr\u00eda cuando vuelva a verlo, rodea\u00addo de brillante luz y mostr\u00e1ndome el lugar donde se halla el divino Rey Jes\u00fas!\u00bb.<\/p>\n<p style=\"text-align: justify\">No cabe dudar que, desde febrero de 1832, Juan Gabriel sent\u00eda el deseo de ocupar el lugar de Luis, como misionero en China. En su correspondencia se encuentra frecuentemente la alusi\u00f3n a su hermano.<\/p>\n<p style=\"text-align: justify\">Desde su llegada al continente, Perboyre env\u00eda relatos muy expresivos de sus nuevas actividades misioneras. Es evidente que amaba al pueblo chino\u00bb. Actual\u00admente, en que con tanta insistencia hablamos de la inculturaci\u00f3n, es interesante apreciar las diferentes maneras como intent\u00f3 adaptarse a la vida china. Ante todo, adopt\u00f3 la apariencia y la vestimenta china. <em>\u00ab\u00a1Si pudieras verme!\u00bb, <\/em>escribe festiva\u00admente a su hermano Santiago, describi\u00e9ndole el aspecto que presenta con su indu\u00admentaria china, la cabeza afeitada, una trenza muy larga y sus bigotes y su manera de comer con los palillos. Es cierto que parte de esta adaptaci\u00f3n iba motivada por la necesidad que ten\u00edan los misioneros de pasar inadvertidos (porque estaba de\u00adcretada la pena de muerte para los europeos que entrasen en China de manera ilegal), pero queda claro tambi\u00e9n que Perboyre quer\u00eda <em>\u00abdarse todo a todos\u00bb <\/em>como se lo dice expl\u00edcitamente a Santiago. Sol\u00eda insistir en que los misioneros ten\u00edan que adaptarse a las costumbres chinas, y cuando no lo hac\u00edan, no dudaba en expresar su manera de pensar. Trabaj\u00f3 mucho para aprender la lengua; de hecho \u00e9l mis\u00admo reconoc\u00eda que pod\u00eda expresarse en chino de manera satisfactoria.<\/p>\n<p style=\"text-align: justify\">Dec\u00eda que la vida de los misioneros en China era \u00abdel todo apost\u00f3lica\u00bb, llena de dificultades y peligros. Pasaban tres cuartas partes del a\u00f1o caminando de pue\u00adblo en pueblo, predicando, catequizando, administrando los sacramentos, viviendo con frugalidad en un pa\u00eds en el que la mayor parte de los cristianos eran pobres.<\/p>\n<p style=\"text-align: justify\" align=\"center\"><strong>3. Su amor a la Comunidad \u00abDar\u00eda por ella mil vidas\u00bb.<\/strong><\/p>\n<p style=\"text-align: justify\">La adhesi\u00f3n de Perboyre a la Compa\u00f1\u00eda queda f\u00e1cilmente demostrada en sus cartas. A su primo Gabriel le recuerda la gratitud que ambos deben tener a la Congregaci\u00f3n por todo lo que les ha aportado.<\/p>\n<p style=\"text-align: justify\">Uno de los temas que con m\u00e1s frecuencia se encuentra en sus cartas es la forma en que Dios bendice a la Compa\u00f1\u00eda. En la calidad de los novicios, ve una se\u00f1al de los planes de Dios sobre el porvenir de la Compa\u00f1\u00eda&#8217;. Desea con fervor que otros j\u00f3venes lleguen a ser hijos de san Vicente. Est\u00e1 convencido de que el santo sigue atrayendo las bendiciones de Dios sobre la Congregaci\u00f3n.<\/p>\n<p style=\"text-align: justify\">Sus cartas revelan amistades profundas en el seno de la Comunidad. Sin embargo, no vacila en criticar, con sencillez, lo que, a su juicio, es de lamentar en la Congregaci\u00f3n. Este \u00faltimo rasgo le atrajo algunas dificultades por parte de su Superior Juan Bautista Torrette, que fue compa\u00f1ero suyo de promoci\u00f3n en el seminario. Juan Gabriel no dej\u00f3 de presentar sus excusas a Torrette, que le hab\u00eda escrito una carta bastante dura con reproches. Mas aunque la carta de Perboyre fuera excus\u00e1ndose, no ced\u00eda plenamente en sus apreciaciones.<\/p>\n<p style=\"text-align: justify\" align=\"center\"><strong>4. Su devoci\u00f3n a la Sant\u00edsima Virgen<\/strong><\/p>\n<p style=\"text-align: justify\" align=\"center\">\u00abLa tierra entera est\u00e1 llena de la misericordia de Mar\u00eda\u00bb.<\/p>\n<p style=\"text-align: justify\">En la carta en la que da a su t\u00edo la buena noticia de su env\u00edo a China, a\u00f1ade que sus Superiores le han comunicado su destino el d\u00eda de la fiesta de la Purifi\u00adcaci\u00f3n, lo que le lleva a pensar que, en este asunto, le debe mucho a la Sant\u00edsima Virgen. En los \u00faltimos a\u00f1os de su vida, su amor a Mar\u00eda tom\u00f3 la forma de devoci\u00f3n a la Medalla Milagrosa.<\/p>\n<p style=\"text-align: justify\">La lectura de las cartas de Perboyre muestra con evidencia que \u00e9l mismo, junto a otros, llevaron medallas a China poco despu\u00e9s de las apariciones de la Virgen en Par\u00eds, sirvi\u00e9ndose de las mismas para incrementar la devoci\u00f3n a Mar\u00eda. Juan Ga\u00adbriel conoc\u00eda muy bien al Padre Aladel, Director espiritual de sor Catalina Labour\u00e9. En 1838, le escribi\u00f3 para referirle con entusiasmo las gracias de la Medalla de China.<\/p>\n<p style=\"text-align: justify\">Desde Jakarta escribi\u00f3 al Superior General, Padre Salhorgne, refiri\u00e9ndole que durante una terrible tempestad, ocurrida en el transcurso de su viaje, viendo las olas asemejarse a monta\u00f1as, los misioneros rezaron la jaculatoria: \u00abOh Mar\u00eda, sin pecado concebida&#8230;\u00bb Y, a\u00f1ade, que apenas hab\u00edan elevado sus voces a la Estre\u00adlla del Mar, la tempestad se calm\u00f3 poco a poco&#8217;.<\/p>\n<p style=\"text-align: justify\">Reflexi\u00f3n final<\/p>\n<p style=\"text-align: justify\">Sin duda, no es casualidad que estos cuatro temas cobren tanto realce en las cartas que conservamos de Perboyre. Todos ellos son otros tantos elementos importantes de la tradici\u00f3n recibida por \u00e9l como miembro de la familia vicenciana, y que, a su vez, transmit\u00eda a otros, tanto en su calidad de Director del Seminario en Francia como, posteriormente, siendo Misionero en China. Todos estos temas se encuentran en las Reglas, dadas por san Vicente a sus hijos e hijas, e igualmente en las Constituciones actuales.<\/p>\n<p style=\"text-align: justify\">La devoci\u00f3n a la Providencia est\u00e1 en la ra\u00edz: Fe en la presencia atenta de un Dios personal que camina con nosotros en los diversos episodios dram\u00e1ticos de la experiencia humana \u2014luz y tinieblas, gracia y pecado, calma y lucha, paz y turbaci\u00f3n, salud y enfermedad, vida y muerte\u2014.<\/p>\n<p style=\"text-align: justify\">El amor a la Misi\u00f3n se halla en el coraz\u00f3n de la vida vicenciana: es una aspiraci\u00f3n profunda a seguir a Cristo, Evangelizador y Servidor de los pobres, yendo, efectivamente, en busca de los m\u00e1s abandonados, sirvi\u00e9ndoles \u00abespiritual y corporalmente\u00bb \u00abcon palabras y con obras\u00bb.<\/p>\n<p style=\"text-align: justify\">El amor a la Comunidad se manifiesta fundamentalmente en la fidelidad a nuestros compromisos en nuestra vida y nuestro trabajo en com\u00fan, \u00abam\u00e1ndonos y respet\u00e1ndonos mutuamente como Hermanas, unidas por Nuestro Se\u00f1or para su servicio\u00bb. Una de sus expresiones m\u00e1s claras es el esp\u00edritu de gratitud por todo lo que Dios nos ha dado en y por la Compa\u00f1\u00eda, evitando as\u00ed la tentaci\u00f3n perpetua de ingratitud, \u00abel crimen de los cr\u00edmenes\u00bb, como la llama san Vicente.<\/p>\n<p style=\"text-align: justify\">La devoci\u00f3n a Mar\u00eda se expresa hoy de muy variadas maneras \u2014por la cele\u00adbraci\u00f3n de sus fiestas&#8217;, el rosario, la Medalla Milagrosa\u00a0 pero de manera espe\u00adcial, como san Vicente nos urg\u00eda a hacerlo, por nuestra uni\u00f3n con Ella en la escucha de la Palabra de Dios. \u00abMejor que nadie, nos recuerda san Vicente, Ella ha penetrado la sustancia de esa Palabra y nos ha ense\u00f1ado su pr\u00e1ctica\u00bb.<\/p>\n<p style=\"text-align: justify\">Si las canonizaciones se hacen para nosotros, entonces, ciertamente, estos cuatro temas, que tanto resaltan en las cartas de san Juan Gabriel Perboyre, nos ofrecen muchos puntos de reflexi\u00f3n.<\/p>\n","protected":false},"excerpt":{"rendered":"<p>\u00bfLo creer\u00e1n ustedes, Hermanas? Durante el a\u00f1o que ha terminado anoche, ha habido m\u00e1s matanzas de misioneros, hombres y mujeres, que en cualquier otro a\u00f1o desde que la Iglesia lleva estad\u00edsticas. Yo dec\u00eda y lo &#8230; <a href=\"http:\/\/vincentians.com\/es\/cuatro-temas-de-la-espiritualidad-de-san-juan-gabriel-perboyre\/\" class=\"more-link\">Read More<\/a><\/p>\n","protected":false},"author":4,"featured_media":401249,"comment_status":"open","ping_status":"open","sticky":false,"template":"","format":"standard","meta":{"jetpack_post_was_ever_published":false,"_jetpack_newsletter_access":"","_jetpack_dont_email_post_to_subs":false,"_jetpack_newsletter_tier_id":0,"_jetpack_memberships_contains_paywalled_content":false,"_jetpack_memberships_contains_paid_content":false,"footnotes":"","jetpack_publicize_message":"","jetpack_publicize_feature_enabled":true,"jetpack_social_post_already_shared":true,"jetpack_social_options":{"image_generator_settings":{"template":"highway","default_image_id":0,"font":"","enabled":false},"version":2}},"categories":[226],"tags":[168,196],"class_list":["post-73071","post","type-post","status-publish","format-standard","has-post-thumbnail","hentry","category-espiritualidad-vicenciana","tag-argel","tag-perboyre"],"yoast_head":"<!-- This site is optimized with the Yoast SEO plugin v26.3 - https:\/\/yoast.com\/wordpress\/plugins\/seo\/ -->\n<title>Cuatro temas de la espiritualidad de san Juan Gabriel Perboyre - Somos Vicencianos<\/title>\n<meta name=\"robots\" content=\"index, follow, max-snippet:-1, max-image-preview:large, max-video-preview:-1\" \/>\n<link rel=\"canonical\" href=\"http:\/\/vincentians.com\/es\/cuatro-temas-de-la-espiritualidad-de-san-juan-gabriel-perboyre\/\" \/>\n<meta property=\"og:locale\" content=\"es_ES\" \/>\n<meta property=\"og:type\" content=\"article\" \/>\n<meta property=\"og:title\" content=\"Cuatro temas de la espiritualidad de san Juan Gabriel Perboyre - Somos Vicencianos\" \/>\n<meta property=\"og:description\" content=\"\u00bfLo creer\u00e1n ustedes, Hermanas? Durante el a\u00f1o que ha terminado anoche, ha habido m\u00e1s matanzas de misioneros, hombres y mujeres, que en cualquier otro a\u00f1o desde que la Iglesia lleva estad\u00edsticas. Yo dec\u00eda y lo ... Read More\" \/>\n<meta property=\"og:url\" content=\"http:\/\/vincentians.com\/es\/cuatro-temas-de-la-espiritualidad-de-san-juan-gabriel-perboyre\/\" \/>\n<meta property=\"og:site_name\" content=\"Somos Vicencianos\" \/>\n<meta property=\"article:publisher\" content=\"https:\/\/www.facebook.com\/WeAreVincentians\/\" \/>\n<meta property=\"article:author\" content=\"https:\/\/www.facebook.com\/JavierChento\" \/>\n<meta property=\"article:published_time\" content=\"2024-09-11T06:51:22+00:00\" \/>\n<meta property=\"og:image\" content=\"https:\/\/i0.wp.com\/vincentians.com\/es\/wp-content\/uploads\/sites\/11\/2015\/06\/Gabriel-Perboyre-2.jpg?fit=635%2C300\" \/>\n\t<meta property=\"og:image:width\" content=\"635\" \/>\n\t<meta property=\"og:image:height\" content=\"300\" \/>\n\t<meta property=\"og:image:type\" content=\"image\/jpeg\" \/>\n<meta name=\"author\" content=\"Francisco Javier Fern\u00e1ndez Chento\" \/>\n<meta name=\"twitter:card\" content=\"summary_large_image\" \/>\n<meta name=\"twitter:creator\" content=\"@https:\/\/twitter.com\/javierchento\" \/>\n<meta name=\"twitter:site\" content=\"@WeVincentians\" \/>\n<meta name=\"twitter:label1\" content=\"Escrito por\" \/>\n\t<meta name=\"twitter:data1\" content=\"Francisco Javier Fern\u00e1ndez Chento\" \/>\n\t<meta name=\"twitter:label2\" content=\"Tiempo de lectura\" \/>\n\t<meta name=\"twitter:data2\" content=\"11 minutos\" \/>\n<script type=\"application\/ld+json\" class=\"yoast-schema-graph\">{\"@context\":\"https:\/\/schema.org\",\"@graph\":[{\"@type\":\"Article\",\"@id\":\"http:\/\/vincentians.com\/es\/cuatro-temas-de-la-espiritualidad-de-san-juan-gabriel-perboyre\/#article\",\"isPartOf\":{\"@id\":\"http:\/\/vincentians.com\/es\/cuatro-temas-de-la-espiritualidad-de-san-juan-gabriel-perboyre\/\"},\"author\":{\"name\":\"Francisco Javier Fern\u00e1ndez Chento\",\"@id\":\"https:\/\/vincentians.com\/es\/#\/schema\/person\/9623ef4d9aa3b2dfb8c061f1499288f2\"},\"headline\":\"Cuatro temas de la espiritualidad de san Juan Gabriel Perboyre\",\"datePublished\":\"2024-09-11T06:51:22+00:00\",\"mainEntityOfPage\":{\"@id\":\"http:\/\/vincentians.com\/es\/cuatro-temas-de-la-espiritualidad-de-san-juan-gabriel-perboyre\/\"},\"wordCount\":2448,\"commentCount\":1,\"publisher\":{\"@id\":\"https:\/\/vincentians.com\/es\/#organization\"},\"image\":{\"@id\":\"http:\/\/vincentians.com\/es\/cuatro-temas-de-la-espiritualidad-de-san-juan-gabriel-perboyre\/#primaryimage\"},\"thumbnailUrl\":\"https:\/\/i0.wp.com\/vincentians.com\/es\/wp-content\/uploads\/sites\/11\/2015\/06\/Gabriel-Perboyre-2.jpg?fit=635%2C300\",\"keywords\":[\"Argel\",\"Perboyre\"],\"articleSection\":[\"Espiritualidad vicenciana\"],\"inLanguage\":\"es\",\"potentialAction\":[{\"@type\":\"CommentAction\",\"name\":\"Comment\",\"target\":[\"http:\/\/vincentians.com\/es\/cuatro-temas-de-la-espiritualidad-de-san-juan-gabriel-perboyre\/#respond\"]}]},{\"@type\":\"WebPage\",\"@id\":\"http:\/\/vincentians.com\/es\/cuatro-temas-de-la-espiritualidad-de-san-juan-gabriel-perboyre\/\",\"url\":\"http:\/\/vincentians.com\/es\/cuatro-temas-de-la-espiritualidad-de-san-juan-gabriel-perboyre\/\",\"name\":\"Cuatro temas de la espiritualidad de san Juan Gabriel Perboyre - Somos Vicencianos\",\"isPartOf\":{\"@id\":\"https:\/\/vincentians.com\/es\/#website\"},\"primaryImageOfPage\":{\"@id\":\"http:\/\/vincentians.com\/es\/cuatro-temas-de-la-espiritualidad-de-san-juan-gabriel-perboyre\/#primaryimage\"},\"image\":{\"@id\":\"http:\/\/vincentians.com\/es\/cuatro-temas-de-la-espiritualidad-de-san-juan-gabriel-perboyre\/#primaryimage\"},\"thumbnailUrl\":\"https:\/\/i0.wp.com\/vincentians.com\/es\/wp-content\/uploads\/sites\/11\/2015\/06\/Gabriel-Perboyre-2.jpg?fit=635%2C300\",\"datePublished\":\"2024-09-11T06:51:22+00:00\",\"breadcrumb\":{\"@id\":\"http:\/\/vincentians.com\/es\/cuatro-temas-de-la-espiritualidad-de-san-juan-gabriel-perboyre\/#breadcrumb\"},\"inLanguage\":\"es\",\"potentialAction\":[{\"@type\":\"ReadAction\",\"target\":[\"http:\/\/vincentians.com\/es\/cuatro-temas-de-la-espiritualidad-de-san-juan-gabriel-perboyre\/\"]}]},{\"@type\":\"ImageObject\",\"inLanguage\":\"es\",\"@id\":\"http:\/\/vincentians.com\/es\/cuatro-temas-de-la-espiritualidad-de-san-juan-gabriel-perboyre\/#primaryimage\",\"url\":\"https:\/\/i0.wp.com\/vincentians.com\/es\/wp-content\/uploads\/sites\/11\/2015\/06\/Gabriel-Perboyre-2.jpg?fit=635%2C300\",\"contentUrl\":\"https:\/\/i0.wp.com\/vincentians.com\/es\/wp-content\/uploads\/sites\/11\/2015\/06\/Gabriel-Perboyre-2.jpg?fit=635%2C300\",\"width\":635,\"height\":300},{\"@type\":\"BreadcrumbList\",\"@id\":\"http:\/\/vincentians.com\/es\/cuatro-temas-de-la-espiritualidad-de-san-juan-gabriel-perboyre\/#breadcrumb\",\"itemListElement\":[{\"@type\":\"ListItem\",\"position\":1,\"name\":\"Portada\",\"item\":\"https:\/\/vincentians.com\/es\/\"},{\"@type\":\"ListItem\",\"position\":2,\"name\":\"Cuatro temas de la espiritualidad de san Juan Gabriel Perboyre\"}]},{\"@type\":\"WebSite\",\"@id\":\"https:\/\/vincentians.com\/es\/#website\",\"url\":\"https:\/\/vincentians.com\/es\/\",\"name\":\"Somos Vicencianos\",\"description\":\"Know more to serve more\",\"publisher\":{\"@id\":\"https:\/\/vincentians.com\/es\/#organization\"},\"potentialAction\":[{\"@type\":\"SearchAction\",\"target\":{\"@type\":\"EntryPoint\",\"urlTemplate\":\"https:\/\/vincentians.com\/es\/?s={search_term_string}\"},\"query-input\":{\"@type\":\"PropertyValueSpecification\",\"valueRequired\":true,\"valueName\":\"search_term_string\"}}],\"inLanguage\":\"es\"},{\"@type\":\"Organization\",\"@id\":\"https:\/\/vincentians.com\/es\/#organization\",\"name\":\"The Vincentian Network\",\"url\":\"https:\/\/vincentians.com\/es\/\",\"logo\":{\"@type\":\"ImageObject\",\"inLanguage\":\"es\",\"@id\":\"https:\/\/vincentians.com\/es\/#\/schema\/logo\/image\/\",\"url\":\"https:\/\/i1.wp.com\/vincentians.com\/es\/wp-content\/uploads\/sites\/11\/2016\/06\/Vincentian-Network-logo-big.png?fit=778%2C778\",\"contentUrl\":\"https:\/\/i1.wp.com\/vincentians.com\/es\/wp-content\/uploads\/sites\/11\/2016\/06\/Vincentian-Network-logo-big.png?fit=778%2C778\",\"width\":778,\"height\":778,\"caption\":\"The Vincentian Network\"},\"image\":{\"@id\":\"https:\/\/vincentians.com\/es\/#\/schema\/logo\/image\/\"},\"sameAs\":[\"https:\/\/www.facebook.com\/WeAreVincentians\/\",\"https:\/\/x.com\/WeVincentians\"]},{\"@type\":\"Person\",\"@id\":\"https:\/\/vincentians.com\/es\/#\/schema\/person\/9623ef4d9aa3b2dfb8c061f1499288f2\",\"name\":\"Francisco Javier Fern\u00e1ndez Chento\",\"image\":{\"@type\":\"ImageObject\",\"inLanguage\":\"es\",\"@id\":\"https:\/\/vincentians.com\/es\/#\/schema\/person\/image\/\",\"url\":\"https:\/\/secure.gravatar.com\/avatar\/497d5cde87b4c3d097d0315953521681ba2cd523ee66e5077c3711f7021e65de?s=96&d=mm&r=g\",\"contentUrl\":\"https:\/\/secure.gravatar.com\/avatar\/497d5cde87b4c3d097d0315953521681ba2cd523ee66e5077c3711f7021e65de?s=96&d=mm&r=g\",\"caption\":\"Francisco Javier Fern\u00e1ndez Chento\"},\"description\":\"Director General y cofundador de La Red de Formaci\u00f3n Vicenciana. Javier es laico vicenciano, afiliado a la Congregaci\u00f3n de la Misi\u00f3n y miembro del Equipo de Misiones Populares de la provincia can\u00f3nica de Zaragoza (Espa\u00f1a) de la Congregaci\u00f3n de la Misi\u00f3n. Graduado en la Universidad Oberta de Catalunya con cuatro grados (Asistente de direcci\u00f3n, Gesti\u00f3n Administrativa, Recursos Humanos y Contabilidad Avanzada). Bil\u00edng\u00fce Espa\u00f1ol\/Ingl\u00e9s. gestiona y mantiene varias p\u00e1ginas web cristianas y vicencianas, incluida including La Red de Formaci\u00f3n Vicenciana, de la que es cofundador. Actualmente es responsable del \u00e1rea de Espa\u00f1ol de .famvin, la Red de Noticias de la Familia Vicenciana. Tambi\u00e9n es m\u00fasico cat\u00f3lico y ha editado varios discos. Es Director General y cofundador de Trovador, una reconocida compa\u00f1\u00eda discogr\u00e1fica critiana de Espa\u00f1a. Trabaja en las Tecnolog\u00edas de la Informaci\u00f3n, ofreciendo servicios de alojamiento, dise\u00f1o y mantenimiento Web, as\u00ed como asesoramiento, formaci\u00f3n y soluciones inform\u00e1ticas, gesti\u00f3n documental y digitalizaci\u00f3n de textos, edici\u00f3n y maquetaci\u00f3n de libros, revistas, flyers, etc.\",\"sameAs\":[\"http:\/\/chento.org\",\"https:\/\/www.facebook.com\/JavierChento\",\"https:\/\/x.com\/https:\/\/twitter.com\/javierchento\"],\"url\":\"http:\/\/vincentians.com\/es\/author\/chento\/\"}]}<\/script>\n<!-- \/ Yoast SEO plugin. -->","yoast_head_json":{"title":"Cuatro temas de la espiritualidad de san Juan Gabriel Perboyre - Somos Vicencianos","robots":{"index":"index","follow":"follow","max-snippet":"max-snippet:-1","max-image-preview":"max-image-preview:large","max-video-preview":"max-video-preview:-1"},"canonical":"http:\/\/vincentians.com\/es\/cuatro-temas-de-la-espiritualidad-de-san-juan-gabriel-perboyre\/","og_locale":"es_ES","og_type":"article","og_title":"Cuatro temas de la espiritualidad de san Juan Gabriel Perboyre - Somos Vicencianos","og_description":"\u00bfLo creer\u00e1n ustedes, Hermanas? Durante el a\u00f1o que ha terminado anoche, ha habido m\u00e1s matanzas de misioneros, hombres y mujeres, que en cualquier otro a\u00f1o desde que la Iglesia lleva estad\u00edsticas. Yo dec\u00eda y lo ... Read More","og_url":"http:\/\/vincentians.com\/es\/cuatro-temas-de-la-espiritualidad-de-san-juan-gabriel-perboyre\/","og_site_name":"Somos Vicencianos","article_publisher":"https:\/\/www.facebook.com\/WeAreVincentians\/","article_author":"https:\/\/www.facebook.com\/JavierChento","article_published_time":"2024-09-11T06:51:22+00:00","og_image":[{"width":635,"height":300,"url":"https:\/\/i0.wp.com\/vincentians.com\/es\/wp-content\/uploads\/sites\/11\/2015\/06\/Gabriel-Perboyre-2.jpg?fit=635%2C300","type":"image\/jpeg"}],"author":"Francisco Javier Fern\u00e1ndez Chento","twitter_card":"summary_large_image","twitter_creator":"@https:\/\/twitter.com\/javierchento","twitter_site":"@WeVincentians","twitter_misc":{"Escrito por":"Francisco Javier Fern\u00e1ndez Chento","Tiempo de lectura":"11 minutos"},"schema":{"@context":"https:\/\/schema.org","@graph":[{"@type":"Article","@id":"http:\/\/vincentians.com\/es\/cuatro-temas-de-la-espiritualidad-de-san-juan-gabriel-perboyre\/#article","isPartOf":{"@id":"http:\/\/vincentians.com\/es\/cuatro-temas-de-la-espiritualidad-de-san-juan-gabriel-perboyre\/"},"author":{"name":"Francisco Javier Fern\u00e1ndez Chento","@id":"https:\/\/vincentians.com\/es\/#\/schema\/person\/9623ef4d9aa3b2dfb8c061f1499288f2"},"headline":"Cuatro temas de la espiritualidad de san Juan Gabriel Perboyre","datePublished":"2024-09-11T06:51:22+00:00","mainEntityOfPage":{"@id":"http:\/\/vincentians.com\/es\/cuatro-temas-de-la-espiritualidad-de-san-juan-gabriel-perboyre\/"},"wordCount":2448,"commentCount":1,"publisher":{"@id":"https:\/\/vincentians.com\/es\/#organization"},"image":{"@id":"http:\/\/vincentians.com\/es\/cuatro-temas-de-la-espiritualidad-de-san-juan-gabriel-perboyre\/#primaryimage"},"thumbnailUrl":"https:\/\/i0.wp.com\/vincentians.com\/es\/wp-content\/uploads\/sites\/11\/2015\/06\/Gabriel-Perboyre-2.jpg?fit=635%2C300","keywords":["Argel","Perboyre"],"articleSection":["Espiritualidad vicenciana"],"inLanguage":"es","potentialAction":[{"@type":"CommentAction","name":"Comment","target":["http:\/\/vincentians.com\/es\/cuatro-temas-de-la-espiritualidad-de-san-juan-gabriel-perboyre\/#respond"]}]},{"@type":"WebPage","@id":"http:\/\/vincentians.com\/es\/cuatro-temas-de-la-espiritualidad-de-san-juan-gabriel-perboyre\/","url":"http:\/\/vincentians.com\/es\/cuatro-temas-de-la-espiritualidad-de-san-juan-gabriel-perboyre\/","name":"Cuatro temas de la espiritualidad de san Juan Gabriel Perboyre - Somos Vicencianos","isPartOf":{"@id":"https:\/\/vincentians.com\/es\/#website"},"primaryImageOfPage":{"@id":"http:\/\/vincentians.com\/es\/cuatro-temas-de-la-espiritualidad-de-san-juan-gabriel-perboyre\/#primaryimage"},"image":{"@id":"http:\/\/vincentians.com\/es\/cuatro-temas-de-la-espiritualidad-de-san-juan-gabriel-perboyre\/#primaryimage"},"thumbnailUrl":"https:\/\/i0.wp.com\/vincentians.com\/es\/wp-content\/uploads\/sites\/11\/2015\/06\/Gabriel-Perboyre-2.jpg?fit=635%2C300","datePublished":"2024-09-11T06:51:22+00:00","breadcrumb":{"@id":"http:\/\/vincentians.com\/es\/cuatro-temas-de-la-espiritualidad-de-san-juan-gabriel-perboyre\/#breadcrumb"},"inLanguage":"es","potentialAction":[{"@type":"ReadAction","target":["http:\/\/vincentians.com\/es\/cuatro-temas-de-la-espiritualidad-de-san-juan-gabriel-perboyre\/"]}]},{"@type":"ImageObject","inLanguage":"es","@id":"http:\/\/vincentians.com\/es\/cuatro-temas-de-la-espiritualidad-de-san-juan-gabriel-perboyre\/#primaryimage","url":"https:\/\/i0.wp.com\/vincentians.com\/es\/wp-content\/uploads\/sites\/11\/2015\/06\/Gabriel-Perboyre-2.jpg?fit=635%2C300","contentUrl":"https:\/\/i0.wp.com\/vincentians.com\/es\/wp-content\/uploads\/sites\/11\/2015\/06\/Gabriel-Perboyre-2.jpg?fit=635%2C300","width":635,"height":300},{"@type":"BreadcrumbList","@id":"http:\/\/vincentians.com\/es\/cuatro-temas-de-la-espiritualidad-de-san-juan-gabriel-perboyre\/#breadcrumb","itemListElement":[{"@type":"ListItem","position":1,"name":"Portada","item":"https:\/\/vincentians.com\/es\/"},{"@type":"ListItem","position":2,"name":"Cuatro temas de la espiritualidad de san Juan Gabriel Perboyre"}]},{"@type":"WebSite","@id":"https:\/\/vincentians.com\/es\/#website","url":"https:\/\/vincentians.com\/es\/","name":"Somos Vicencianos","description":"Know more to serve more","publisher":{"@id":"https:\/\/vincentians.com\/es\/#organization"},"potentialAction":[{"@type":"SearchAction","target":{"@type":"EntryPoint","urlTemplate":"https:\/\/vincentians.com\/es\/?s={search_term_string}"},"query-input":{"@type":"PropertyValueSpecification","valueRequired":true,"valueName":"search_term_string"}}],"inLanguage":"es"},{"@type":"Organization","@id":"https:\/\/vincentians.com\/es\/#organization","name":"The Vincentian Network","url":"https:\/\/vincentians.com\/es\/","logo":{"@type":"ImageObject","inLanguage":"es","@id":"https:\/\/vincentians.com\/es\/#\/schema\/logo\/image\/","url":"https:\/\/i1.wp.com\/vincentians.com\/es\/wp-content\/uploads\/sites\/11\/2016\/06\/Vincentian-Network-logo-big.png?fit=778%2C778","contentUrl":"https:\/\/i1.wp.com\/vincentians.com\/es\/wp-content\/uploads\/sites\/11\/2016\/06\/Vincentian-Network-logo-big.png?fit=778%2C778","width":778,"height":778,"caption":"The Vincentian Network"},"image":{"@id":"https:\/\/vincentians.com\/es\/#\/schema\/logo\/image\/"},"sameAs":["https:\/\/www.facebook.com\/WeAreVincentians\/","https:\/\/x.com\/WeVincentians"]},{"@type":"Person","@id":"https:\/\/vincentians.com\/es\/#\/schema\/person\/9623ef4d9aa3b2dfb8c061f1499288f2","name":"Francisco Javier Fern\u00e1ndez Chento","image":{"@type":"ImageObject","inLanguage":"es","@id":"https:\/\/vincentians.com\/es\/#\/schema\/person\/image\/","url":"https:\/\/secure.gravatar.com\/avatar\/497d5cde87b4c3d097d0315953521681ba2cd523ee66e5077c3711f7021e65de?s=96&d=mm&r=g","contentUrl":"https:\/\/secure.gravatar.com\/avatar\/497d5cde87b4c3d097d0315953521681ba2cd523ee66e5077c3711f7021e65de?s=96&d=mm&r=g","caption":"Francisco Javier Fern\u00e1ndez Chento"},"description":"Director General y cofundador de La Red de Formaci\u00f3n Vicenciana. Javier es laico vicenciano, afiliado a la Congregaci\u00f3n de la Misi\u00f3n y miembro del Equipo de Misiones Populares de la provincia can\u00f3nica de Zaragoza (Espa\u00f1a) de la Congregaci\u00f3n de la Misi\u00f3n. Graduado en la Universidad Oberta de Catalunya con cuatro grados (Asistente de direcci\u00f3n, Gesti\u00f3n Administrativa, Recursos Humanos y Contabilidad Avanzada). Bil\u00edng\u00fce Espa\u00f1ol\/Ingl\u00e9s. gestiona y mantiene varias p\u00e1ginas web cristianas y vicencianas, incluida including La Red de Formaci\u00f3n Vicenciana, de la que es cofundador. Actualmente es responsable del \u00e1rea de Espa\u00f1ol de .famvin, la Red de Noticias de la Familia Vicenciana. Tambi\u00e9n es m\u00fasico cat\u00f3lico y ha editado varios discos. Es Director General y cofundador de Trovador, una reconocida compa\u00f1\u00eda discogr\u00e1fica critiana de Espa\u00f1a. Trabaja en las Tecnolog\u00edas de la Informaci\u00f3n, ofreciendo servicios de alojamiento, dise\u00f1o y mantenimiento Web, as\u00ed como asesoramiento, formaci\u00f3n y soluciones inform\u00e1ticas, gesti\u00f3n documental y digitalizaci\u00f3n de textos, edici\u00f3n y maquetaci\u00f3n de libros, revistas, flyers, etc.","sameAs":["http:\/\/chento.org","https:\/\/www.facebook.com\/JavierChento","https:\/\/x.com\/https:\/\/twitter.com\/javierchento"],"url":"http:\/\/vincentians.com\/es\/author\/chento\/"}]}},"jetpack_publicize_connections":[],"jetpack_featured_media_url":"https:\/\/i0.wp.com\/vincentians.com\/es\/wp-content\/uploads\/sites\/11\/2015\/06\/Gabriel-Perboyre-2.jpg?fit=635%2C300","jetpack_sharing_enabled":true,"jetpack_shortlink":"https:\/\/wp.me\/p7ETMF-j0z","jetpack-related-posts":[{"id":131135,"url":"http:\/\/vincentians.com\/es\/revestidos-del-espiritu-de-cristo\/","url_meta":{"origin":73071,"position":0},"title":"Revestidos del Esp\u00edritu de Cristo","author":"Francisco Javier Fern\u00e1ndez Chento","date":"28\/08\/2014","format":false,"excerpt":"Porque todos al bautizarnos vincul\u00e1ndoos al Mes\u00edas os revestisteis del Mes\u00edas (Gal. 3,27). El fin de la Congregaci\u00f3n de la Misi\u00f3n es seguir a Cristo evangelizador de los pobres. Este fin se logra cuando sus miembros y comunidades, fieles a San Vicente: 1.\u00b0 procuran con todas sus fuerzas revestirse del\u2026","rel":"","context":"En \u00abFormaci\u00f3n Vicenciana\u00bb","block_context":{"text":"Formaci\u00f3n Vicenciana","link":"http:\/\/vincentians.com\/es\/category\/formacion-vicenciana\/"},"img":{"alt_text":"espiritualidad","src":"https:\/\/i0.wp.com\/vicencianos.org\/wp-content\/2014\/07\/espiritualidad.jpg?resize=350%2C200","width":350,"height":200},"classes":[]},{"id":130784,"url":"http:\/\/vincentians.com\/es\/i-los-cuatro-votos-tal-como-los-describe-san-vicente-castidad-ii\/","url_meta":{"origin":73071,"position":1},"title":"I: LOS CUATRO VOTOS TAL COMO LOS DESCRIBE SAN VICENTE: (castidad) (II)","author":"Francisco Javier Fern\u00e1ndez Chento","date":"29\/06\/2014","format":false,"excerpt":"2. Castidad Su ense\u00f1anza Para entender lo que dice san Vicente sobre la castidad es importante conocer los modelos de pensamiento del tiempo en que vivi\u00f3. La visi\u00f3n que se ten\u00eda de la sexualidad, tal como aparec\u00eda expresada en los libros espirituales y en la literatura teol\u00f3gica que ten\u00eda a\u2026","rel":"","context":"En \u00abFormaci\u00f3n Vicenciana\u00bb","block_context":{"text":"Formaci\u00f3n Vicenciana","link":"http:\/\/vincentians.com\/es\/category\/formacion-vicenciana\/"},"img":{"alt_text":"voca","src":"https:\/\/i0.wp.com\/vicencianos.org\/wp-content\/2014\/06\/voca.jpg?resize=350%2C200","width":350,"height":200},"classes":[]},{"id":134948,"url":"http:\/\/vincentians.com\/es\/los-votos-no-religiosos-y-el-habito-como-las-campesinas\/","url_meta":{"origin":73071,"position":2},"title":"Los votos \u00abno religiosos\u00bb y el h\u00e1bito \u00abcomo las campesinas\u00bb","author":"Francisco Javier Fern\u00e1ndez Chento","date":"12\/01\/2015","format":false,"excerpt":"Al tratar del car\u00e1cter secular de las Hijas de la Caridad (c. III), he afirmado que los Fundadores, en orden a salvaguardar la identidad, evitaron cuidadosamente cuanto era propio de la vida religiosa: votos, h\u00e1bito, terminolog\u00eda, usos, como rejas en el locutorio, cambio del nombre del bautismo, etc. \u00bfC\u00f3mo, entonces,\u2026","rel":"","context":"En \u00abHijas de la Caridad\u00bb","block_context":{"text":"Hijas de la Caridad","link":"http:\/\/vincentians.com\/es\/category\/la-familia-vicenciana\/ramas\/hijas-de-la-caridad\/"},"img":{"alt_text":"guardame","src":"https:\/\/i0.wp.com\/vicencianos.org\/wp-content\/2015\/01\/guardame-300x246.jpg?resize=350%2C200","width":350,"height":200},"classes":[]},{"id":143203,"url":"http:\/\/vincentians.com\/es\/la-mision-segun-san-vicente-el-misionero\/","url_meta":{"origin":73071,"position":3},"title":"La Misi\u00f3n seg\u00fan san Vicente, el misionero","author":"Francisco Javier Fern\u00e1ndez Chento","date":"16\/04\/2015","format":false,"excerpt":"Introducci\u00f3n Las palabras \u201cmisi\u00f3n y misionero\u201d son ciertamente las que mejor definen a san Vicente, las que mejor unifican su personalidad y su espiritualidad. Cuando estudiamos a san Vicente, su vida, sus actividades o sus obras, se corre el riesgo de ser sorprendido o desbordado, por el lado imponente y\u2026","rel":"","context":"En \u00abFormaci\u00f3n Vicenciana\u00bb","block_context":{"text":"Formaci\u00f3n Vicenciana","link":"http:\/\/vincentians.com\/es\/category\/formacion-vicenciana\/"},"img":{"alt_text":"imagenes-vicente","src":"https:\/\/i0.wp.com\/vicencianos.org\/wp-content\/2015\/04\/imagenes-vicente-300x169.jpg?resize=350%2C200","width":350,"height":200},"classes":[]},{"id":124199,"url":"http:\/\/vincentians.com\/es\/vicente-de-paul-espiritu-y-formacion\/","url_meta":{"origin":73071,"position":4},"title":"Vicente de Pa\u00fal: Esp\u00edritu y formaci\u00f3n","author":"Francisco Javier Fern\u00e1ndez Chento","date":"09\/03\/2023","format":false,"excerpt":"De todos los carismas del P. Vicente, el m\u00e1s importante era su capacidad de promover el crecimiento espiritual de los dem\u00e1s, de dirigirles y de aconsejarles usando su gran capacidad de escuchar atentamente. Adquiri\u00f3 la destreza en la direcci\u00f3n de esp\u00edritus por experiencia de su propia direcci\u00f3n, con gu\u00edas tales\u2026","rel":"","context":"En \u00abVicente de Pa\u00fal\u00bb","block_context":{"text":"Vicente de Pa\u00fal","link":"http:\/\/vincentians.com\/es\/category\/la-familia-vicenciana\/fundadores\/vicente-de-paul\/"},"img":{"alt_text":"","src":"https:\/\/i0.wp.com\/vincentians.com\/es\/wp-content\/uploads\/sites\/11\/2013\/04\/hijas-caridaqd.jpg?fit=1200%2C675&resize=350%2C200","width":350,"height":200,"srcset":"https:\/\/i0.wp.com\/vincentians.com\/es\/wp-content\/uploads\/sites\/11\/2013\/04\/hijas-caridaqd.jpg?fit=1200%2C675&resize=350%2C200 1x, https:\/\/i0.wp.com\/vincentians.com\/es\/wp-content\/uploads\/sites\/11\/2013\/04\/hijas-caridaqd.jpg?fit=1200%2C675&resize=525%2C300 1.5x, https:\/\/i0.wp.com\/vincentians.com\/es\/wp-content\/uploads\/sites\/11\/2013\/04\/hijas-caridaqd.jpg?fit=1200%2C675&resize=700%2C400 2x, https:\/\/i0.wp.com\/vincentians.com\/es\/wp-content\/uploads\/sites\/11\/2013\/04\/hijas-caridaqd.jpg?fit=1200%2C675&resize=1050%2C600 3x"},"classes":[]},{"id":130078,"url":"http:\/\/vincentians.com\/es\/la-nacionalidad-de-los-misioneros-catolicos-de-china1940\/","url_meta":{"origin":73071,"position":5},"title":"La nacionalidad de los misioneros cat\u00f3licos de China (1940)","author":"Mitxel Olabu\u00e9naga","date":"27\/03\/2014","format":false,"excerpt":"A) Esta estad\u00edstica se refiere \u00fanicamente a los Misioneros sacerdotes, pues por lo que hace a los Hermanos y a las Reli\u00adgiosas, los datos que poseemos son todav\u00eda muy incompletos. B) Los datos que consignamos son del a\u00f1o 1939; pero, puede asegurarse que las cifras actuales difieren muy poco le\u2026","rel":"","context":"En \u00abHistoria de la Congregaci\u00f3n de la Misi\u00f3n\u00bb","block_context":{"text":"Historia de la Congregaci\u00f3n de la Misi\u00f3n","link":"http:\/\/vincentians.com\/es\/category\/historia-de-la-familia-vicenciana\/historia-de-la-congregacion-de-la-mision\/"},"img":{"alt_text":"Juan Gabriel Perboyre","src":"https:\/\/i0.wp.com\/vicencianos.org\/wp-content\/2014\/03\/Juan-Gabriel-Perboyre.jpg?resize=350%2C200","width":350,"height":200},"classes":[]}],"_links":{"self":[{"href":"http:\/\/vincentians.com\/es\/wp-json\/wp\/v2\/posts\/73071","targetHints":{"allow":["GET"]}}],"collection":[{"href":"http:\/\/vincentians.com\/es\/wp-json\/wp\/v2\/posts"}],"about":[{"href":"http:\/\/vincentians.com\/es\/wp-json\/wp\/v2\/types\/post"}],"author":[{"embeddable":true,"href":"http:\/\/vincentians.com\/es\/wp-json\/wp\/v2\/users\/4"}],"replies":[{"embeddable":true,"href":"http:\/\/vincentians.com\/es\/wp-json\/wp\/v2\/comments?post=73071"}],"version-history":[{"count":3,"href":"http:\/\/vincentians.com\/es\/wp-json\/wp\/v2\/posts\/73071\/revisions"}],"predecessor-version":[{"id":405468,"href":"http:\/\/vincentians.com\/es\/wp-json\/wp\/v2\/posts\/73071\/revisions\/405468"}],"wp:featuredmedia":[{"embeddable":true,"href":"http:\/\/vincentians.com\/es\/wp-json\/wp\/v2\/media\/401249"}],"wp:attachment":[{"href":"http:\/\/vincentians.com\/es\/wp-json\/wp\/v2\/media?parent=73071"}],"wp:term":[{"taxonomy":"category","embeddable":true,"href":"http:\/\/vincentians.com\/es\/wp-json\/wp\/v2\/categories?post=73071"},{"taxonomy":"post_tag","embeddable":true,"href":"http:\/\/vincentians.com\/es\/wp-json\/wp\/v2\/tags?post=73071"}],"curies":[{"name":"wp","href":"https:\/\/api.w.org\/{rel}","templated":true}]}}