{"id":7251,"date":"2014-11-26T12:10:16","date_gmt":"2014-11-26T11:10:16","guid":{"rendered":"http:\/\/somos.vicencianos.org\/comentarios\/2014\/11\/19\/jesucristo-rey-del-universo-reflexion-de-jose-antonio-pagola-3-2\/"},"modified":"2016-07-24T10:22:41","modified_gmt":"2016-07-24T08:22:41","slug":"domingo-1o-de-adviento-reflexion-de-jose-antonio-pagola-2","status":"publish","type":"post","link":"http:\/\/vincentians.com\/es\/domingo-1o-de-adviento-reflexion-de-jose-antonio-pagola-2\/","title":{"rendered":"Domingo 1\u00ba de Adviento (reflexi\u00f3n de Jos\u00e9 Antonio Pagola)"},"content":{"rendered":"<h2>Una Iglesia despierta<\/h2>\n<p><img data-recalc-dims=\"1\" loading=\"lazy\" decoding=\"async\" class=\"alignright size-full wp-image-86\" title=\"jose_antonio_pagola\" src=\"https:\/\/i0.wp.com\/vicencianos.org\/wp-content\/2010\/12\/jose_antonio_pagola.jpg?resize=257%2C264\" alt=\"\" width=\"257\" height=\"264\" \/><\/p>\n<p>Las primeras generaciones cristianas vivieron <strong>obsesionadas por la pronta venida de Jes\u00fas<\/strong>. El resucitado no pod\u00eda tardar. Viv\u00edan tan atra\u00eddos por \u00e9l que quer\u00edan encontrarse de nuevo cuanto antes. Los problemas empezaron cuando vieron que el tiempo pasaba y la venida del Se\u00f1or se demoraba.<a id=\"more360876\" name=\"more360876\"><\/a><\/p>\n<p>Pronto se dieron cuenta de que esta tardanza encerraba un peligro mortal. <strong>Se pod\u00eda apagar el primer ardor<\/strong>. Con el tiempo, aquellas peque\u00f1as comunidades pod\u00edan caer poco a poco en la indiferencia y el olvido. Les preocupaba una cosa: \u00abQue, al llegar Cristo, nos encuentre dormidos\u00bb.<\/p>\n<p><strong>La vigilancia se convirti\u00f3 en la palabra clave<\/strong>. Los evangelios la repiten constantemente: \u00abvigilad\u00bb, \u00abestad alerta\u00bb, \u00abvivid despiertos\u00bb. Seg\u00fan Marcos, la orden de Jes\u00fas no es solo para los disc\u00edpulos que le est\u00e1n escuchando. \u00abLo que os digo a vosotros lo digo a todos: Velad\u00bb. No es una llamada m\u00e1s. La orden es para todos sus seguidores de todos los tiempos.<\/p>\n<p>Han pasado veinte siglos de cristianismo. \u00bfQu\u00e9 ha sido de esta orden de Jes\u00fas? \u00bfC\u00f3mo vivimos los cristianos de hoy?<strong> \u00bfSeguimos despiertos? <\/strong>\u00bfSe mantiene viva nuestra fe o se ha ido apagando en la indiferencia y la mediocridad?<\/p>\n<p>\u00bfNo vemos que la Iglesia necesita un coraz\u00f3n nuevo? <strong>\u00bfNo sentimos la necesidad de sacudirnos la apat\u00eda y el autoenga\u00f1o?<\/strong> \u00bfNo vamos a despertar lo mejor que hay en la Iglesia? \u00bfNo vamos a reavivar esa fe humilde y limpia de tantos creyentes sencillos?<\/p>\n<p>\u00bfNo hemos de recuperar el rostro vivo de Jes\u00fas, que atrae, llama, interpela y despierta? <strong>\u00bfC\u00f3mo podemos seguir hablando, escribiendo y discutiendo tanto de Cristo, sin que su persona nos enamore y trasforme un poco m\u00e1s? <\/strong>\u00bfNo nos damos cuenta de que una Iglesia \u00abdormida\u00bb a la que Jesucristo no seduce ni toca el coraz\u00f3n, es una Iglesia sin futuro, que se ir\u00e1 apagando y envejeciendo por falta de vida?<\/p>\n<p>\u00bfNo sentimos la necesidad de despertar e intensificar nuestra relaci\u00f3n con \u00e9l? \u00bfQui\u00e9n como \u00e9l puede liberar nuestro cristianismo de la inmovilidad, de la inercia, del peso del pasado, de la falta de creatividad? \u00bfQui\u00e9n podr\u00e1 contagiarnos su alegr\u00eda? \u00bfQui\u00e9n nos dar\u00e1 su fuerza creadora y su vitalidad?<\/p>\n<p><strong>Jos\u00e9 Antonio Pagola<\/strong><\/p>\n<p>1 Domingo de Adviento \u2013 B (Marcos 13,33-37)<\/p>\n","protected":false},"excerpt":{"rendered":"<p>Una Iglesia despierta Las primeras generaciones cristianas vivieron obsesionadas por la pronta venida de Jes\u00fas. El resucitado no pod\u00eda tardar. Viv\u00edan tan atra\u00eddos por \u00e9l que quer\u00edan encontrarse de nuevo cuanto antes. Los problemas empezaron &#8230; <a href=\"http:\/\/vincentians.com\/es\/domingo-1o-de-adviento-reflexion-de-jose-antonio-pagola-2\/\" class=\"more-link\">Read More<\/a><\/p>\n","protected":false},"author":4,"featured_media":388396,"comment_status":"open","ping_status":"open","sticky":false,"template":"","format":"standard","meta":{"jetpack_post_was_ever_published":false,"_jetpack_newsletter_access":"","_jetpack_dont_email_post_to_subs":false,"_jetpack_newsletter_tier_id":0,"_jetpack_memberships_contains_paywalled_content":false,"_jetpack_memberships_contains_paid_content":false,"footnotes":"","jetpack_publicize_message":"","jetpack_publicize_feature_enabled":true,"jetpack_social_post_already_shared":true,"jetpack_social_options":{"image_generator_settings":{"template":"highway","default_image_id":0,"font":"","enabled":false},"version":2}},"categories":[93],"tags":[],"class_list":["post-7251","post","type-post","status-publish","format-standard","has-post-thumbnail","hentry","category-homilias-y-reflexiones-ano-b"],"yoast_head":"<!-- This site is optimized with the Yoast SEO plugin v26.3 - https:\/\/yoast.com\/wordpress\/plugins\/seo\/ -->\n<title>Domingo 1\u00ba de Adviento (reflexi\u00f3n de Jos\u00e9 Antonio Pagola) - Somos Vicencianos<\/title>\n<meta name=\"robots\" content=\"index, follow, max-snippet:-1, max-image-preview:large, max-video-preview:-1\" \/>\n<link rel=\"canonical\" href=\"http:\/\/vincentians.com\/es\/domingo-1o-de-adviento-reflexion-de-jose-antonio-pagola-2\/\" \/>\n<meta property=\"og:locale\" content=\"es_ES\" \/>\n<meta property=\"og:type\" content=\"article\" \/>\n<meta property=\"og:title\" content=\"Domingo 1\u00ba de Adviento (reflexi\u00f3n de Jos\u00e9 Antonio Pagola) - Somos Vicencianos\" \/>\n<meta property=\"og:description\" content=\"Una Iglesia despierta Las primeras generaciones cristianas vivieron obsesionadas por la pronta venida de Jes\u00fas. El resucitado no pod\u00eda tardar. Viv\u00edan tan atra\u00eddos por \u00e9l que quer\u00edan encontrarse de nuevo cuanto antes. Los problemas empezaron ... Read More\" \/>\n<meta property=\"og:url\" content=\"http:\/\/vincentians.com\/es\/domingo-1o-de-adviento-reflexion-de-jose-antonio-pagola-2\/\" \/>\n<meta property=\"og:site_name\" content=\"Somos Vicencianos\" \/>\n<meta property=\"article:publisher\" content=\"https:\/\/www.facebook.com\/WeAreVincentians\/\" \/>\n<meta property=\"article:author\" content=\"https:\/\/www.facebook.com\/JavierChento\" \/>\n<meta property=\"article:published_time\" content=\"2014-11-26T11:10:16+00:00\" \/>\n<meta property=\"article:modified_time\" content=\"2016-07-24T08:22:41+00:00\" \/>\n<meta property=\"og:image\" content=\"https:\/\/i0.wp.com\/vincentians.com\/es\/wp-content\/uploads\/sites\/11\/2016\/07\/reflexiones-pagola.jpg?fit=1200%2C630\" \/>\n\t<meta property=\"og:image:width\" content=\"1200\" \/>\n\t<meta property=\"og:image:height\" content=\"630\" \/>\n\t<meta property=\"og:image:type\" content=\"image\/jpeg\" \/>\n<meta name=\"author\" content=\"Francisco Javier Fern\u00e1ndez Chento\" \/>\n<meta name=\"twitter:card\" content=\"summary_large_image\" \/>\n<meta name=\"twitter:creator\" content=\"@https:\/\/twitter.com\/javierchento\" \/>\n<meta name=\"twitter:site\" content=\"@WeVincentians\" \/>\n<meta name=\"twitter:label1\" content=\"Escrito por\" \/>\n\t<meta name=\"twitter:data1\" content=\"Francisco Javier Fern\u00e1ndez Chento\" \/>\n\t<meta name=\"twitter:label2\" content=\"Tiempo de lectura\" \/>\n\t<meta name=\"twitter:data2\" content=\"2 minutos\" \/>\n<script type=\"application\/ld+json\" class=\"yoast-schema-graph\">{\"@context\":\"https:\/\/schema.org\",\"@graph\":[{\"@type\":\"Article\",\"@id\":\"http:\/\/vincentians.com\/es\/domingo-1o-de-adviento-reflexion-de-jose-antonio-pagola-2\/#article\",\"isPartOf\":{\"@id\":\"http:\/\/vincentians.com\/es\/domingo-1o-de-adviento-reflexion-de-jose-antonio-pagola-2\/\"},\"author\":{\"name\":\"Francisco Javier Fern\u00e1ndez Chento\",\"@id\":\"https:\/\/vincentians.com\/es\/#\/schema\/person\/9623ef4d9aa3b2dfb8c061f1499288f2\"},\"headline\":\"Domingo 1\u00ba de Adviento (reflexi\u00f3n de Jos\u00e9 Antonio Pagola)\",\"datePublished\":\"2014-11-26T11:10:16+00:00\",\"dateModified\":\"2016-07-24T08:22:41+00:00\",\"mainEntityOfPage\":{\"@id\":\"http:\/\/vincentians.com\/es\/domingo-1o-de-adviento-reflexion-de-jose-antonio-pagola-2\/\"},\"wordCount\":401,\"commentCount\":0,\"publisher\":{\"@id\":\"https:\/\/vincentians.com\/es\/#organization\"},\"image\":{\"@id\":\"http:\/\/vincentians.com\/es\/domingo-1o-de-adviento-reflexion-de-jose-antonio-pagola-2\/#primaryimage\"},\"thumbnailUrl\":\"https:\/\/i0.wp.com\/vincentians.com\/es\/wp-content\/uploads\/sites\/11\/2016\/07\/reflexiones-pagola.jpg?fit=1200%2C630\",\"articleSection\":[\"Homil\u00edas y reflexiones, A\u00f1o B\"],\"inLanguage\":\"es\",\"potentialAction\":[{\"@type\":\"CommentAction\",\"name\":\"Comment\",\"target\":[\"http:\/\/vincentians.com\/es\/domingo-1o-de-adviento-reflexion-de-jose-antonio-pagola-2\/#respond\"]}]},{\"@type\":\"WebPage\",\"@id\":\"http:\/\/vincentians.com\/es\/domingo-1o-de-adviento-reflexion-de-jose-antonio-pagola-2\/\",\"url\":\"http:\/\/vincentians.com\/es\/domingo-1o-de-adviento-reflexion-de-jose-antonio-pagola-2\/\",\"name\":\"Domingo 1\u00ba de Adviento (reflexi\u00f3n de Jos\u00e9 Antonio Pagola) - Somos Vicencianos\",\"isPartOf\":{\"@id\":\"https:\/\/vincentians.com\/es\/#website\"},\"primaryImageOfPage\":{\"@id\":\"http:\/\/vincentians.com\/es\/domingo-1o-de-adviento-reflexion-de-jose-antonio-pagola-2\/#primaryimage\"},\"image\":{\"@id\":\"http:\/\/vincentians.com\/es\/domingo-1o-de-adviento-reflexion-de-jose-antonio-pagola-2\/#primaryimage\"},\"thumbnailUrl\":\"https:\/\/i0.wp.com\/vincentians.com\/es\/wp-content\/uploads\/sites\/11\/2016\/07\/reflexiones-pagola.jpg?fit=1200%2C630\",\"datePublished\":\"2014-11-26T11:10:16+00:00\",\"dateModified\":\"2016-07-24T08:22:41+00:00\",\"breadcrumb\":{\"@id\":\"http:\/\/vincentians.com\/es\/domingo-1o-de-adviento-reflexion-de-jose-antonio-pagola-2\/#breadcrumb\"},\"inLanguage\":\"es\",\"potentialAction\":[{\"@type\":\"ReadAction\",\"target\":[\"http:\/\/vincentians.com\/es\/domingo-1o-de-adviento-reflexion-de-jose-antonio-pagola-2\/\"]}]},{\"@type\":\"ImageObject\",\"inLanguage\":\"es\",\"@id\":\"http:\/\/vincentians.com\/es\/domingo-1o-de-adviento-reflexion-de-jose-antonio-pagola-2\/#primaryimage\",\"url\":\"https:\/\/i0.wp.com\/vincentians.com\/es\/wp-content\/uploads\/sites\/11\/2016\/07\/reflexiones-pagola.jpg?fit=1200%2C630\",\"contentUrl\":\"https:\/\/i0.wp.com\/vincentians.com\/es\/wp-content\/uploads\/sites\/11\/2016\/07\/reflexiones-pagola.jpg?fit=1200%2C630\",\"width\":1200,\"height\":630},{\"@type\":\"BreadcrumbList\",\"@id\":\"http:\/\/vincentians.com\/es\/domingo-1o-de-adviento-reflexion-de-jose-antonio-pagola-2\/#breadcrumb\",\"itemListElement\":[{\"@type\":\"ListItem\",\"position\":1,\"name\":\"Portada\",\"item\":\"https:\/\/vincentians.com\/es\/\"},{\"@type\":\"ListItem\",\"position\":2,\"name\":\"Domingo 1\u00ba de Adviento (reflexi\u00f3n de Jos\u00e9 Antonio Pagola)\"}]},{\"@type\":\"WebSite\",\"@id\":\"https:\/\/vincentians.com\/es\/#website\",\"url\":\"https:\/\/vincentians.com\/es\/\",\"name\":\"Somos Vicencianos\",\"description\":\"Know more to serve more\",\"publisher\":{\"@id\":\"https:\/\/vincentians.com\/es\/#organization\"},\"potentialAction\":[{\"@type\":\"SearchAction\",\"target\":{\"@type\":\"EntryPoint\",\"urlTemplate\":\"https:\/\/vincentians.com\/es\/?s={search_term_string}\"},\"query-input\":{\"@type\":\"PropertyValueSpecification\",\"valueRequired\":true,\"valueName\":\"search_term_string\"}}],\"inLanguage\":\"es\"},{\"@type\":\"Organization\",\"@id\":\"https:\/\/vincentians.com\/es\/#organization\",\"name\":\"The Vincentian Network\",\"url\":\"https:\/\/vincentians.com\/es\/\",\"logo\":{\"@type\":\"ImageObject\",\"inLanguage\":\"es\",\"@id\":\"https:\/\/vincentians.com\/es\/#\/schema\/logo\/image\/\",\"url\":\"https:\/\/i1.wp.com\/vincentians.com\/es\/wp-content\/uploads\/sites\/11\/2016\/06\/Vincentian-Network-logo-big.png?fit=778%2C778\",\"contentUrl\":\"https:\/\/i1.wp.com\/vincentians.com\/es\/wp-content\/uploads\/sites\/11\/2016\/06\/Vincentian-Network-logo-big.png?fit=778%2C778\",\"width\":778,\"height\":778,\"caption\":\"The Vincentian Network\"},\"image\":{\"@id\":\"https:\/\/vincentians.com\/es\/#\/schema\/logo\/image\/\"},\"sameAs\":[\"https:\/\/www.facebook.com\/WeAreVincentians\/\",\"https:\/\/x.com\/WeVincentians\"]},{\"@type\":\"Person\",\"@id\":\"https:\/\/vincentians.com\/es\/#\/schema\/person\/9623ef4d9aa3b2dfb8c061f1499288f2\",\"name\":\"Francisco Javier Fern\u00e1ndez Chento\",\"image\":{\"@type\":\"ImageObject\",\"inLanguage\":\"es\",\"@id\":\"https:\/\/vincentians.com\/es\/#\/schema\/person\/image\/\",\"url\":\"https:\/\/secure.gravatar.com\/avatar\/497d5cde87b4c3d097d0315953521681ba2cd523ee66e5077c3711f7021e65de?s=96&d=mm&r=g\",\"contentUrl\":\"https:\/\/secure.gravatar.com\/avatar\/497d5cde87b4c3d097d0315953521681ba2cd523ee66e5077c3711f7021e65de?s=96&d=mm&r=g\",\"caption\":\"Francisco Javier Fern\u00e1ndez Chento\"},\"description\":\"Director General y cofundador de La Red de Formaci\u00f3n Vicenciana. Javier es laico vicenciano, afiliado a la Congregaci\u00f3n de la Misi\u00f3n y miembro del Equipo de Misiones Populares de la provincia can\u00f3nica de Zaragoza (Espa\u00f1a) de la Congregaci\u00f3n de la Misi\u00f3n. Graduado en la Universidad Oberta de Catalunya con cuatro grados (Asistente de direcci\u00f3n, Gesti\u00f3n Administrativa, Recursos Humanos y Contabilidad Avanzada). Bil\u00edng\u00fce Espa\u00f1ol\/Ingl\u00e9s. gestiona y mantiene varias p\u00e1ginas web cristianas y vicencianas, incluida including La Red de Formaci\u00f3n Vicenciana, de la que es cofundador. Actualmente es responsable del \u00e1rea de Espa\u00f1ol de .famvin, la Red de Noticias de la Familia Vicenciana. Tambi\u00e9n es m\u00fasico cat\u00f3lico y ha editado varios discos. Es Director General y cofundador de Trovador, una reconocida compa\u00f1\u00eda discogr\u00e1fica critiana de Espa\u00f1a. Trabaja en las Tecnolog\u00edas de la Informaci\u00f3n, ofreciendo servicios de alojamiento, dise\u00f1o y mantenimiento Web, as\u00ed como asesoramiento, formaci\u00f3n y soluciones inform\u00e1ticas, gesti\u00f3n documental y digitalizaci\u00f3n de textos, edici\u00f3n y maquetaci\u00f3n de libros, revistas, flyers, etc.\",\"sameAs\":[\"http:\/\/chento.org\",\"https:\/\/www.facebook.com\/JavierChento\",\"https:\/\/x.com\/https:\/\/twitter.com\/javierchento\"],\"url\":\"http:\/\/vincentians.com\/es\/author\/chento\/\"}]}<\/script>\n<!-- \/ Yoast SEO plugin. -->","yoast_head_json":{"title":"Domingo 1\u00ba de Adviento (reflexi\u00f3n de Jos\u00e9 Antonio Pagola) - Somos Vicencianos","robots":{"index":"index","follow":"follow","max-snippet":"max-snippet:-1","max-image-preview":"max-image-preview:large","max-video-preview":"max-video-preview:-1"},"canonical":"http:\/\/vincentians.com\/es\/domingo-1o-de-adviento-reflexion-de-jose-antonio-pagola-2\/","og_locale":"es_ES","og_type":"article","og_title":"Domingo 1\u00ba de Adviento (reflexi\u00f3n de Jos\u00e9 Antonio Pagola) - Somos Vicencianos","og_description":"Una Iglesia despierta Las primeras generaciones cristianas vivieron obsesionadas por la pronta venida de Jes\u00fas. El resucitado no pod\u00eda tardar. Viv\u00edan tan atra\u00eddos por \u00e9l que quer\u00edan encontrarse de nuevo cuanto antes. Los problemas empezaron ... Read More","og_url":"http:\/\/vincentians.com\/es\/domingo-1o-de-adviento-reflexion-de-jose-antonio-pagola-2\/","og_site_name":"Somos Vicencianos","article_publisher":"https:\/\/www.facebook.com\/WeAreVincentians\/","article_author":"https:\/\/www.facebook.com\/JavierChento","article_published_time":"2014-11-26T11:10:16+00:00","article_modified_time":"2016-07-24T08:22:41+00:00","og_image":[{"width":1200,"height":630,"url":"https:\/\/i0.wp.com\/vincentians.com\/es\/wp-content\/uploads\/sites\/11\/2016\/07\/reflexiones-pagola.jpg?fit=1200%2C630","type":"image\/jpeg"}],"author":"Francisco Javier Fern\u00e1ndez Chento","twitter_card":"summary_large_image","twitter_creator":"@https:\/\/twitter.com\/javierchento","twitter_site":"@WeVincentians","twitter_misc":{"Escrito por":"Francisco Javier Fern\u00e1ndez Chento","Tiempo de lectura":"2 minutos"},"schema":{"@context":"https:\/\/schema.org","@graph":[{"@type":"Article","@id":"http:\/\/vincentians.com\/es\/domingo-1o-de-adviento-reflexion-de-jose-antonio-pagola-2\/#article","isPartOf":{"@id":"http:\/\/vincentians.com\/es\/domingo-1o-de-adviento-reflexion-de-jose-antonio-pagola-2\/"},"author":{"name":"Francisco Javier Fern\u00e1ndez Chento","@id":"https:\/\/vincentians.com\/es\/#\/schema\/person\/9623ef4d9aa3b2dfb8c061f1499288f2"},"headline":"Domingo 1\u00ba de Adviento (reflexi\u00f3n de Jos\u00e9 Antonio Pagola)","datePublished":"2014-11-26T11:10:16+00:00","dateModified":"2016-07-24T08:22:41+00:00","mainEntityOfPage":{"@id":"http:\/\/vincentians.com\/es\/domingo-1o-de-adviento-reflexion-de-jose-antonio-pagola-2\/"},"wordCount":401,"commentCount":0,"publisher":{"@id":"https:\/\/vincentians.com\/es\/#organization"},"image":{"@id":"http:\/\/vincentians.com\/es\/domingo-1o-de-adviento-reflexion-de-jose-antonio-pagola-2\/#primaryimage"},"thumbnailUrl":"https:\/\/i0.wp.com\/vincentians.com\/es\/wp-content\/uploads\/sites\/11\/2016\/07\/reflexiones-pagola.jpg?fit=1200%2C630","articleSection":["Homil\u00edas y reflexiones, A\u00f1o B"],"inLanguage":"es","potentialAction":[{"@type":"CommentAction","name":"Comment","target":["http:\/\/vincentians.com\/es\/domingo-1o-de-adviento-reflexion-de-jose-antonio-pagola-2\/#respond"]}]},{"@type":"WebPage","@id":"http:\/\/vincentians.com\/es\/domingo-1o-de-adviento-reflexion-de-jose-antonio-pagola-2\/","url":"http:\/\/vincentians.com\/es\/domingo-1o-de-adviento-reflexion-de-jose-antonio-pagola-2\/","name":"Domingo 1\u00ba de Adviento (reflexi\u00f3n de Jos\u00e9 Antonio Pagola) - Somos Vicencianos","isPartOf":{"@id":"https:\/\/vincentians.com\/es\/#website"},"primaryImageOfPage":{"@id":"http:\/\/vincentians.com\/es\/domingo-1o-de-adviento-reflexion-de-jose-antonio-pagola-2\/#primaryimage"},"image":{"@id":"http:\/\/vincentians.com\/es\/domingo-1o-de-adviento-reflexion-de-jose-antonio-pagola-2\/#primaryimage"},"thumbnailUrl":"https:\/\/i0.wp.com\/vincentians.com\/es\/wp-content\/uploads\/sites\/11\/2016\/07\/reflexiones-pagola.jpg?fit=1200%2C630","datePublished":"2014-11-26T11:10:16+00:00","dateModified":"2016-07-24T08:22:41+00:00","breadcrumb":{"@id":"http:\/\/vincentians.com\/es\/domingo-1o-de-adviento-reflexion-de-jose-antonio-pagola-2\/#breadcrumb"},"inLanguage":"es","potentialAction":[{"@type":"ReadAction","target":["http:\/\/vincentians.com\/es\/domingo-1o-de-adviento-reflexion-de-jose-antonio-pagola-2\/"]}]},{"@type":"ImageObject","inLanguage":"es","@id":"http:\/\/vincentians.com\/es\/domingo-1o-de-adviento-reflexion-de-jose-antonio-pagola-2\/#primaryimage","url":"https:\/\/i0.wp.com\/vincentians.com\/es\/wp-content\/uploads\/sites\/11\/2016\/07\/reflexiones-pagola.jpg?fit=1200%2C630","contentUrl":"https:\/\/i0.wp.com\/vincentians.com\/es\/wp-content\/uploads\/sites\/11\/2016\/07\/reflexiones-pagola.jpg?fit=1200%2C630","width":1200,"height":630},{"@type":"BreadcrumbList","@id":"http:\/\/vincentians.com\/es\/domingo-1o-de-adviento-reflexion-de-jose-antonio-pagola-2\/#breadcrumb","itemListElement":[{"@type":"ListItem","position":1,"name":"Portada","item":"https:\/\/vincentians.com\/es\/"},{"@type":"ListItem","position":2,"name":"Domingo 1\u00ba de Adviento (reflexi\u00f3n de Jos\u00e9 Antonio Pagola)"}]},{"@type":"WebSite","@id":"https:\/\/vincentians.com\/es\/#website","url":"https:\/\/vincentians.com\/es\/","name":"Somos Vicencianos","description":"Know more to serve more","publisher":{"@id":"https:\/\/vincentians.com\/es\/#organization"},"potentialAction":[{"@type":"SearchAction","target":{"@type":"EntryPoint","urlTemplate":"https:\/\/vincentians.com\/es\/?s={search_term_string}"},"query-input":{"@type":"PropertyValueSpecification","valueRequired":true,"valueName":"search_term_string"}}],"inLanguage":"es"},{"@type":"Organization","@id":"https:\/\/vincentians.com\/es\/#organization","name":"The Vincentian Network","url":"https:\/\/vincentians.com\/es\/","logo":{"@type":"ImageObject","inLanguage":"es","@id":"https:\/\/vincentians.com\/es\/#\/schema\/logo\/image\/","url":"https:\/\/i1.wp.com\/vincentians.com\/es\/wp-content\/uploads\/sites\/11\/2016\/06\/Vincentian-Network-logo-big.png?fit=778%2C778","contentUrl":"https:\/\/i1.wp.com\/vincentians.com\/es\/wp-content\/uploads\/sites\/11\/2016\/06\/Vincentian-Network-logo-big.png?fit=778%2C778","width":778,"height":778,"caption":"The Vincentian Network"},"image":{"@id":"https:\/\/vincentians.com\/es\/#\/schema\/logo\/image\/"},"sameAs":["https:\/\/www.facebook.com\/WeAreVincentians\/","https:\/\/x.com\/WeVincentians"]},{"@type":"Person","@id":"https:\/\/vincentians.com\/es\/#\/schema\/person\/9623ef4d9aa3b2dfb8c061f1499288f2","name":"Francisco Javier Fern\u00e1ndez Chento","image":{"@type":"ImageObject","inLanguage":"es","@id":"https:\/\/vincentians.com\/es\/#\/schema\/person\/image\/","url":"https:\/\/secure.gravatar.com\/avatar\/497d5cde87b4c3d097d0315953521681ba2cd523ee66e5077c3711f7021e65de?s=96&d=mm&r=g","contentUrl":"https:\/\/secure.gravatar.com\/avatar\/497d5cde87b4c3d097d0315953521681ba2cd523ee66e5077c3711f7021e65de?s=96&d=mm&r=g","caption":"Francisco Javier Fern\u00e1ndez Chento"},"description":"Director General y cofundador de La Red de Formaci\u00f3n Vicenciana. Javier es laico vicenciano, afiliado a la Congregaci\u00f3n de la Misi\u00f3n y miembro del Equipo de Misiones Populares de la provincia can\u00f3nica de Zaragoza (Espa\u00f1a) de la Congregaci\u00f3n de la Misi\u00f3n. Graduado en la Universidad Oberta de Catalunya con cuatro grados (Asistente de direcci\u00f3n, Gesti\u00f3n Administrativa, Recursos Humanos y Contabilidad Avanzada). Bil\u00edng\u00fce Espa\u00f1ol\/Ingl\u00e9s. gestiona y mantiene varias p\u00e1ginas web cristianas y vicencianas, incluida including La Red de Formaci\u00f3n Vicenciana, de la que es cofundador. Actualmente es responsable del \u00e1rea de Espa\u00f1ol de .famvin, la Red de Noticias de la Familia Vicenciana. Tambi\u00e9n es m\u00fasico cat\u00f3lico y ha editado varios discos. Es Director General y cofundador de Trovador, una reconocida compa\u00f1\u00eda discogr\u00e1fica critiana de Espa\u00f1a. Trabaja en las Tecnolog\u00edas de la Informaci\u00f3n, ofreciendo servicios de alojamiento, dise\u00f1o y mantenimiento Web, as\u00ed como asesoramiento, formaci\u00f3n y soluciones inform\u00e1ticas, gesti\u00f3n documental y digitalizaci\u00f3n de textos, edici\u00f3n y maquetaci\u00f3n de libros, revistas, flyers, etc.","sameAs":["http:\/\/chento.org","https:\/\/www.facebook.com\/JavierChento","https:\/\/x.com\/https:\/\/twitter.com\/javierchento"],"url":"http:\/\/vincentians.com\/es\/author\/chento\/"}]}},"jetpack_publicize_connections":[],"jetpack_featured_media_url":"https:\/\/i0.wp.com\/vincentians.com\/es\/wp-content\/uploads\/sites\/11\/2016\/07\/reflexiones-pagola.jpg?fit=1200%2C630","jetpack_sharing_enabled":true,"jetpack_shortlink":"https:\/\/wp.me\/p7ETMF-1SX","jetpack-related-posts":[{"id":146325,"url":"http:\/\/vincentians.com\/es\/pentecostes-reflexion-de-jose-antonio-pagola-3\/","url_meta":{"origin":7251,"position":0},"title":"Pentecost\u00e9s (reflexi\u00f3n de Jos\u00e9 Antonio Pagola)","author":"Francisco Javier Fern\u00e1ndez Chento","date":"18\/05\/2015","format":false,"excerpt":"Invocaci\u00f3n al Esp\u00edritu Ven, Esp\u00edritu Santo. Despierta nuestra fe d\u00e9bil, peque\u00f1a y vacilante. Ens\u00e9\u00f1anos a vivir confiando en el amor insondable de Dios, nuestro Padre, a todos sus hijos e hijas, est\u00e9n dentro o fuera de tu Iglesia. Si se apaga esta fe en nuestros corazones, pronto morir\u00e1 tambi\u00e9n en\u2026","rel":"","context":"En \u00abHomil\u00edas y reflexiones, A\u00f1o B\u00bb","block_context":{"text":"Homil\u00edas y reflexiones, A\u00f1o B","link":"http:\/\/vincentians.com\/es\/category\/homilias-y-reflexiones-a-la-palabra-de-dios\/homilias-y-reflexiones-ano-b\/"},"img":{"alt_text":"","src":"https:\/\/i0.wp.com\/vincentians.com\/es\/wp-content\/uploads\/sites\/11\/2016\/07\/reflexiones-pagola.jpg?fit=1200%2C630&resize=350%2C200","width":350,"height":200,"srcset":"https:\/\/i0.wp.com\/vincentians.com\/es\/wp-content\/uploads\/sites\/11\/2016\/07\/reflexiones-pagola.jpg?fit=1200%2C630&resize=350%2C200 1x, https:\/\/i0.wp.com\/vincentians.com\/es\/wp-content\/uploads\/sites\/11\/2016\/07\/reflexiones-pagola.jpg?fit=1200%2C630&resize=525%2C300 1.5x, https:\/\/i0.wp.com\/vincentians.com\/es\/wp-content\/uploads\/sites\/11\/2016\/07\/reflexiones-pagola.jpg?fit=1200%2C630&resize=700%2C400 2x, https:\/\/i0.wp.com\/vincentians.com\/es\/wp-content\/uploads\/sites\/11\/2016\/07\/reflexiones-pagola.jpg?fit=1200%2C630&resize=1050%2C600 3x"},"classes":[]},{"id":7231,"url":"http:\/\/vincentians.com\/es\/domingo-1o-de-adviento-reflexion-de-jose-roman-flecha-2\/","url_meta":{"origin":7251,"position":1},"title":"Domingo 1\u00ba de Adviento (reflexi\u00f3n de Jos\u00e9 Rom\u00e1n Flecha)","author":"Francisco Javier Fern\u00e1ndez Chento","date":"26\/11\/2014","format":false,"excerpt":"LA VENIDA DEL SE\u00d1OR Domingo 1\u00ba de Adviento. B 30 de noviembre de 2014 \"Ojal\u00e1 rasgases el cielo y bajases, derritiendo los montes con tu presencia\" (Is 64,1). Ese grito, que se encuentra en la tercera parte del libro del profeta Isa\u00edas, parece reflejar una situaci\u00f3n de angustia y una\u2026","rel":"","context":"En \u00abHomil\u00edas y reflexiones, A\u00f1o B\u00bb","block_context":{"text":"Homil\u00edas y reflexiones, A\u00f1o B","link":"http:\/\/vincentians.com\/es\/category\/homilias-y-reflexiones-a-la-palabra-de-dios\/homilias-y-reflexiones-ano-b\/"},"img":{"alt_text":"","src":"https:\/\/i0.wp.com\/vincentians.com\/es\/wp-content\/uploads\/sites\/11\/2016\/07\/reflexiones-palabra-de-dios.jpg?fit=1200%2C630&resize=350%2C200","width":350,"height":200,"srcset":"https:\/\/i0.wp.com\/vincentians.com\/es\/wp-content\/uploads\/sites\/11\/2016\/07\/reflexiones-palabra-de-dios.jpg?fit=1200%2C630&resize=350%2C200 1x, https:\/\/i0.wp.com\/vincentians.com\/es\/wp-content\/uploads\/sites\/11\/2016\/07\/reflexiones-palabra-de-dios.jpg?fit=1200%2C630&resize=525%2C300 1.5x, https:\/\/i0.wp.com\/vincentians.com\/es\/wp-content\/uploads\/sites\/11\/2016\/07\/reflexiones-palabra-de-dios.jpg?fit=1200%2C630&resize=700%2C400 2x, https:\/\/i0.wp.com\/vincentians.com\/es\/wp-content\/uploads\/sites\/11\/2016\/07\/reflexiones-palabra-de-dios.jpg?fit=1200%2C630&resize=1050%2C600 3x"},"classes":[]},{"id":4394,"url":"http:\/\/vincentians.com\/es\/domingo-1o-de-adviento-reflexion-de-jose-antonio-pagola\/","url_meta":{"origin":7251,"position":2},"title":"Domingo 1\u00ba de Adviento (reflexi\u00f3n de Jos\u00e9 Antonio Pagola)","author":"Francisco Javier Fern\u00e1ndez Chento","date":"25\/11\/2013","format":false,"excerpt":"Con los ojos abiertos Las primeras comunidades cristianas vivieron a\u00f1os muy dif\u00edciles. Perdidos en el vasto Imperio de Roma, en medio de conflictos y persecuciones, aquellos cristianos buscaban fuerza y aliento esperando la pronta venida de Jes\u00fas y recordando sus palabras: Vigilad. Vivid despiertos. Tened los ojos abiertos. Estad alerta.\u2026","rel":"","context":"En \u00abHomil\u00edas y reflexiones, A\u00f1o A\u00bb","block_context":{"text":"Homil\u00edas y reflexiones, A\u00f1o A","link":"http:\/\/vincentians.com\/es\/category\/homilias-y-reflexiones-a-la-palabra-de-dios\/homilias-y-reflexiones-ano-a\/"},"img":{"alt_text":"","src":"https:\/\/i0.wp.com\/vincentians.com\/es\/wp-content\/uploads\/sites\/11\/2016\/07\/reflexiones-pagola.jpg?fit=1200%2C630&resize=350%2C200","width":350,"height":200,"srcset":"https:\/\/i0.wp.com\/vincentians.com\/es\/wp-content\/uploads\/sites\/11\/2016\/07\/reflexiones-pagola.jpg?fit=1200%2C630&resize=350%2C200 1x, https:\/\/i0.wp.com\/vincentians.com\/es\/wp-content\/uploads\/sites\/11\/2016\/07\/reflexiones-pagola.jpg?fit=1200%2C630&resize=525%2C300 1.5x, https:\/\/i0.wp.com\/vincentians.com\/es\/wp-content\/uploads\/sites\/11\/2016\/07\/reflexiones-pagola.jpg?fit=1200%2C630&resize=700%2C400 2x, https:\/\/i0.wp.com\/vincentians.com\/es\/wp-content\/uploads\/sites\/11\/2016\/07\/reflexiones-pagola.jpg?fit=1200%2C630&resize=1050%2C600 3x"},"classes":[]},{"id":135673,"url":"http:\/\/vincentians.com\/es\/4o-domingo-de-t-o-reflexion-de-jose-antonio-pagola\/","url_meta":{"origin":7251,"position":3},"title":"4\u00ba Domingo de T.O. (reflexi\u00f3n de Jos\u00e9 Antonio Pagola)","author":"Francisco Javier Fern\u00e1ndez Chento","date":"23\/01\/2012","format":false,"excerpt":"Curador Seg\u00fan Marcos, la primera actuaci\u00f3n p\u00fablica de Jes\u00fas fue la curaci\u00f3n de un hombre pose\u00eddo por un esp\u00edritu maligno en la sinagoga de Cafarna\u00fan. Es una escena sobrecogedora, narrada para que, desde el comienzo, los lectores descubran la fuerza curadora y liberadora de Jes\u00fas. Es s\u00e1bado y el pueblo\u2026","rel":"","context":"En \u00abHomil\u00edas y reflexiones, A\u00f1o B\u00bb","block_context":{"text":"Homil\u00edas y reflexiones, A\u00f1o B","link":"http:\/\/vincentians.com\/es\/category\/homilias-y-reflexiones-a-la-palabra-de-dios\/homilias-y-reflexiones-ano-b\/"},"img":{"alt_text":"","src":"https:\/\/i0.wp.com\/vincentians.com\/es\/wp-content\/uploads\/sites\/11\/2016\/07\/reflexiones-pagola.jpg?fit=1200%2C630&resize=350%2C200","width":350,"height":200,"srcset":"https:\/\/i0.wp.com\/vincentians.com\/es\/wp-content\/uploads\/sites\/11\/2016\/07\/reflexiones-pagola.jpg?fit=1200%2C630&resize=350%2C200 1x, https:\/\/i0.wp.com\/vincentians.com\/es\/wp-content\/uploads\/sites\/11\/2016\/07\/reflexiones-pagola.jpg?fit=1200%2C630&resize=525%2C300 1.5x, https:\/\/i0.wp.com\/vincentians.com\/es\/wp-content\/uploads\/sites\/11\/2016\/07\/reflexiones-pagola.jpg?fit=1200%2C630&resize=700%2C400 2x, https:\/\/i0.wp.com\/vincentians.com\/es\/wp-content\/uploads\/sites\/11\/2016\/07\/reflexiones-pagola.jpg?fit=1200%2C630&resize=1050%2C600 3x"},"classes":[]},{"id":4390,"url":"http:\/\/vincentians.com\/es\/domingo-1o-de-adviento-reflexion-de-jose-roman-flecha\/","url_meta":{"origin":7251,"position":4},"title":"Domingo 1\u00ba de Adviento (reflexi\u00f3n de Jos\u00e9 Rom\u00e1n Flecha)","author":"Francisco Javier Fern\u00e1ndez Chento","date":"25\/11\/2013","format":false,"excerpt":"ADVIENTO Y ESPERANZA Domingo 1\u00ba de Adviento. Ciclo A 1 de diciembre de 2013 Una vez m\u00e1s estamos en el tiempo de Adviento. Durante estas cuatro semanas preparamos la celebraci\u00f3n de la fiesta del nacimiento de Jes\u00fas. Pero no s\u00f3lo eso. El Adviento es el tiempo que resume toda nuestra\u2026","rel":"","context":"En \u00abHomil\u00edas y reflexiones, A\u00f1o A\u00bb","block_context":{"text":"Homil\u00edas y reflexiones, A\u00f1o A","link":"http:\/\/vincentians.com\/es\/category\/homilias-y-reflexiones-a-la-palabra-de-dios\/homilias-y-reflexiones-ano-a\/"},"img":{"alt_text":"","src":"https:\/\/i0.wp.com\/vincentians.com\/es\/wp-content\/uploads\/sites\/11\/2016\/07\/reflexiones-palabra-de-dios.jpg?fit=1200%2C630&resize=350%2C200","width":350,"height":200,"srcset":"https:\/\/i0.wp.com\/vincentians.com\/es\/wp-content\/uploads\/sites\/11\/2016\/07\/reflexiones-palabra-de-dios.jpg?fit=1200%2C630&resize=350%2C200 1x, https:\/\/i0.wp.com\/vincentians.com\/es\/wp-content\/uploads\/sites\/11\/2016\/07\/reflexiones-palabra-de-dios.jpg?fit=1200%2C630&resize=525%2C300 1.5x, https:\/\/i0.wp.com\/vincentians.com\/es\/wp-content\/uploads\/sites\/11\/2016\/07\/reflexiones-palabra-de-dios.jpg?fit=1200%2C630&resize=700%2C400 2x, https:\/\/i0.wp.com\/vincentians.com\/es\/wp-content\/uploads\/sites\/11\/2016\/07\/reflexiones-palabra-de-dios.jpg?fit=1200%2C630&resize=1050%2C600 3x"},"classes":[]},{"id":7248,"url":"http:\/\/vincentians.com\/es\/lectio-para-domingo-1o-de-adviento-preparada-por-chuno-chavez-alva-c-m-2\/","url_meta":{"origin":7251,"position":5},"title":"Lectio para Domingo 1\u00ba de Adviento (preparada por Chuno Ch\u00e1vez Alva, C.M.)","author":"Francisco Javier Fern\u00e1ndez Chento","date":"26\/11\/2014","format":false,"excerpt":"Vigilen, est\u00e9n preparados LA PALABRA HOY: Isa\u00edas 63, 16-17; 64,1.3-8; Salmo 79; 1 Corintios 1,3-9; Marcos 13, 33-37 Ambientaci\u00f3n: Corona de adviento, 1\u00aa vela encendida; una biblia abierta y un despertador Cantos sugeridos: Ven, ven Se\u00f1or no tardes; Consolad Ambientaci\u00f3n Con el Adviento comenzamos un nuevo a\u00f1o Lit\u00fargico, tiempo de\u2026","rel":"","context":"En \u00abHomil\u00edas y reflexiones, A\u00f1o B\u00bb","block_context":{"text":"Homil\u00edas y reflexiones, A\u00f1o B","link":"http:\/\/vincentians.com\/es\/category\/homilias-y-reflexiones-a-la-palabra-de-dios\/homilias-y-reflexiones-ano-b\/"},"img":{"alt_text":"","src":"https:\/\/i0.wp.com\/vincentians.com\/es\/wp-content\/uploads\/sites\/11\/2016\/07\/reflexiones-palabra-de-dios.jpg?fit=1200%2C630&resize=350%2C200","width":350,"height":200,"srcset":"https:\/\/i0.wp.com\/vincentians.com\/es\/wp-content\/uploads\/sites\/11\/2016\/07\/reflexiones-palabra-de-dios.jpg?fit=1200%2C630&resize=350%2C200 1x, https:\/\/i0.wp.com\/vincentians.com\/es\/wp-content\/uploads\/sites\/11\/2016\/07\/reflexiones-palabra-de-dios.jpg?fit=1200%2C630&resize=525%2C300 1.5x, https:\/\/i0.wp.com\/vincentians.com\/es\/wp-content\/uploads\/sites\/11\/2016\/07\/reflexiones-palabra-de-dios.jpg?fit=1200%2C630&resize=700%2C400 2x, https:\/\/i0.wp.com\/vincentians.com\/es\/wp-content\/uploads\/sites\/11\/2016\/07\/reflexiones-palabra-de-dios.jpg?fit=1200%2C630&resize=1050%2C600 3x"},"classes":[]}],"_links":{"self":[{"href":"http:\/\/vincentians.com\/es\/wp-json\/wp\/v2\/posts\/7251","targetHints":{"allow":["GET"]}}],"collection":[{"href":"http:\/\/vincentians.com\/es\/wp-json\/wp\/v2\/posts"}],"about":[{"href":"http:\/\/vincentians.com\/es\/wp-json\/wp\/v2\/types\/post"}],"author":[{"embeddable":true,"href":"http:\/\/vincentians.com\/es\/wp-json\/wp\/v2\/users\/4"}],"replies":[{"embeddable":true,"href":"http:\/\/vincentians.com\/es\/wp-json\/wp\/v2\/comments?post=7251"}],"version-history":[{"count":0,"href":"http:\/\/vincentians.com\/es\/wp-json\/wp\/v2\/posts\/7251\/revisions"}],"wp:featuredmedia":[{"embeddable":true,"href":"http:\/\/vincentians.com\/es\/wp-json\/wp\/v2\/media\/388396"}],"wp:attachment":[{"href":"http:\/\/vincentians.com\/es\/wp-json\/wp\/v2\/media?parent=7251"}],"wp:term":[{"taxonomy":"category","embeddable":true,"href":"http:\/\/vincentians.com\/es\/wp-json\/wp\/v2\/categories?post=7251"},{"taxonomy":"post_tag","embeddable":true,"href":"http:\/\/vincentians.com\/es\/wp-json\/wp\/v2\/tags?post=7251"}],"curies":[{"name":"wp","href":"https:\/\/api.w.org\/{rel}","templated":true}]}}