{"id":7009,"date":"2009-05-31T05:14:23","date_gmt":"2009-05-31T04:14:23","guid":{"rendered":"http:\/\/www.vicencianos.org\/web\/2009\/05\/31\/vicente-de-paul-conferencia-120-eleccion-de-las-oficialas\/"},"modified":"2016-07-26T11:00:20","modified_gmt":"2016-07-26T09:00:20","slug":"vicente-de-paul-conferencia-120-eleccion-de-las-oficialas","status":"publish","type":"post","link":"http:\/\/vincentians.com\/es\/vicente-de-paul-conferencia-120-eleccion-de-las-oficialas\/","title":{"rendered":"Vicente de Pa\u00fal, Conferencia 120: Elecci\u00f3n de las oficialas"},"content":{"rendered":"<p><em>(27.08.60)<br \/>\n<\/em><\/p>\n<p>Nuestro venerado padre, despu\u00e9s de la invocaci\u00f3n del Esp\u00edritu Santo, dijo:<\/p>\n<p>Mis queridas hermanas, el motivo de esta reuni\u00f3n es la elecci\u00f3n de las oficialas. Como sab\u00e9is, ten\u00edamos la costumbre de se\u00f1alar unos puntos, para que cada una pensase delante de Dios lo que ten\u00eda que hacer sobre un tema determinado. Me hubiera gustado mucho o\u00edros decir las razones que tenemos para hacer bien esta elecci\u00f3n; en segundo lugar, cu\u00e1les son las cualidades requeridas en una oficiala; en tercer lugar, c\u00f3mo hay que proceder en esta elecci\u00f3n.<\/p>\n<p>Pero mientras ven\u00edais, ha venido a verme una persona distinguida, que me ha entretenido, y ahora est\u00e1 ya urgiendo el tiempo. Os ruego que me perdon\u00e9is; \u00edbamos a tardar demasiado y tendremos que dejarlo. No os har\u00e9 ninguna pregunta.<\/p>\n<p>En cuanto al primer punto, hijas m\u00edas, dir\u00e9 una raz\u00f3n para que la juzgu\u00e9is vosotras mismas: es que todo el bien de vuestra Compa\u00f1\u00eda, como el de todas las dem\u00e1s, depende de las oficialas todo depende de ellas. Pod\u00e9is juzgarlo vosotras mismas. Todo el bien de la Compa\u00f1\u00eda, tanto de hombres como de mujeres dependen de sus superiores y superioras. Por el contrario, las cosas caen en el mayor desorden cuando los superiores abandonan su oficio, quieren gobernar de otra manera distinta de como deben hacerlo y seguir sus propios criterios. \u00a1Ay, hijas m\u00edas!, si hay una Compa\u00f1\u00eda que tiene necesidad de buenas oficialas, es la Compa\u00f1\u00eda de la Caridad, debido a la diversidad de esp\u00edritus y porque es necesario que sirvan para aconsejar a los superiores y les den su voto. Es preciso tener una cabeza organizada. Hasta ahora, gracias a Dios, las hermanas que han sido llamadas al Consejo han obrado por el Esp\u00edritu de Dios. Pues, desde que se ha acudido a ellas, ha ido todo bien, gracias a Dios. Si no hubiera sido as\u00ed, si esas hermanas no hubieran obrado por el esp\u00edritu de Dios, \u00bfqu\u00e9 habr\u00eda pasado? Despu\u00e9s que el Se\u00f1or quiso llevarse a esta gran sierva de Dios, no ha cambiado nada, hijas m\u00edas, como pod\u00e9is ver. Se las ha llamado y todas han demostrado que ten\u00edan gracia de Dios; y tambi\u00e9n obraron bien todas las que les precedieron. Y en algunas ocasiones, cuando parec\u00eda que estaba todo perdido, han sabido dar buenos consejos que han salvado la situaci\u00f3n. Cuando surg\u00eda la ocasi\u00f3n de opinar sobre ciertas dificultades, ellas han dado su parecer sin mirar para nada a las criaturas. Pues, aunque a veces la se\u00f1orita no era de su misma opini\u00f3n, no por eso dejaban de decir lo que pensaban delante de Dios. Y todo ha resultado bien, gracias a Dios. No es que yo quiera decir que no tienen imperfecciones; no, ni mucho menos, no hay nadie que no las tenga v tambi\u00e9n ellas tendr\u00e1n que dar cuenta a Dios.<\/p>\n<p>En cuanto a los medios para conocer a las hermanas indicadas para ser oficialas, la primera se\u00f1al es que sea una hermana nacida de buena familia, de personas de bien, una mujer prudente en su juventud, que haya sido ejemplar en su parroquia, reconocida como tal, y luego que haya sido edificante en la Compa\u00f1\u00eda y haya vivido como verdadera hija de la Caridad, en la observancia de las reglas, una buena hermana que haya dado ejemplo en todo. No sirven las que no sean verdaderas hijas de la Caridad, que siguen unas m\u00e1ximas totalmente contrarias al esp\u00edritu de la Compa\u00f1\u00eda, que se empe\u00f1an en seguir sus sentimientos y opiniones; hijas m\u00edas esas hermanas no sirven.<\/p>\n<p>Pero, padre, me dir\u00e9is, si vi\u00e9ramos a algunas que hubieran vivido en contra de la observancia de las reglas, \u00bflas podr\u00edamos elegir como oficialas?\u00a0 \u00a1Oh, no! Si no se encontrase a otras, podr\u00edan pasar; tendr\u00edan que ser unas que hayan faltado raramente, no muchas veces. Es imposible no caer en alguna falta, no hay nadie que no falte en alguna ocasi\u00f3n.<\/p>\n<p>Pero, en fin, \u00bfcu\u00e1les ser\u00e1n los medios para llegar a esta elecci\u00f3n? Hijas m\u00edas, hemos tenido muchas reuniones y se ha examinado a aquellas que parecen tener las cualidades requeridas. En algunas de ellas parece ser que habr\u00eda algo que desear, pero poco. Se han estudiado todos los problemas que pudieran surgir por fuera. Dios tendr\u00e1 que bendecir lo que hagamos. Si no encontramos a algunas hermanas perfectas, \u00e9l bendecir\u00e1 nuestra buena intenci\u00f3n. Finalmente, hay que tener en cuenta las cosas que se refieren a las hermanas, a prop\u00f3sito de las cualidades requeridas en aquellas sobre las que hay que poner los ojos para proponerlas.<\/p>\n<p>En primer lugar, es menester que sean hermanas de sentido com\u00fan; pues ten\u00e9is que saber que no hay que fijarse solamente en hermanas que hagan bien su oficio, sino en hermanas capaces de dar su opini\u00f3n sobre las cosas que hay que hacer. Resumir\u00e9 las cualidades que se requieren para ser oficialas y superiora. Helas aqu\u00ed.<\/p>\n<p>Primero, en cuanto a la edad, tiene que ser la superiora de treinta a\u00f1os y que haya pasado diez en la comunidad, pues se necesitan cabezas tan fuertes que las m\u00e1s j\u00f3venes no podr\u00edan resistir. En cuanto a las oficialas, necesitan al menos veintiocho a\u00f1os de edad y ocho en la comunidad; porque mirad, hijas m\u00edas, entre las razones que os obligan a escoger buenas oficialas, es que las oficialas tienen que ser llamadas al consejo, en el que se decide todo. Mirad, hijas m\u00edas, todo lo que se hace pasa por all\u00ed: nos reunimos y se pide el parecer de las hermanas. Cuando viv\u00eda la se\u00f1orita Le Gras, se hac\u00eda as\u00ed; estaba el padre Portail, la se\u00f1orita, las hermanas y yo; nos reun\u00edamos y se propon\u00eda lo que hab\u00eda que hacer; se ped\u00eda el parecer de las hermanas v cada una de ellas daba su opini\u00f3n, y luego nosotros la nuestra; y nuestras hermanas no ten\u00edan para nada en cuenta la opini\u00f3n de los dem\u00e1s y a veces eran contrarias a la opini\u00f3n de la se\u00f1orita y de los otros; lo \u00fanico que se miraba era la voluntad de Dios. Pues bien, hijas m\u00edas, os digo todo esto para que ve\u00e1is la grandeza de vuestra condici\u00f3n y alab\u00e9is a Dios. Suponiendo entonces, hijas m\u00edas, que las hermanas est\u00e1n destinadas al gobierno de la Compa\u00f1\u00eda junto con el superior general de la Misi\u00f3n, juzgad cu\u00e1n necesario es que esas hermanas sean virtuosas, tengan sentido com\u00fan, v\u00a0 lo que es principal en su oficio\u00a0 sean muy humildes; pues lo que no se hace con humildad no sirve de nada; una hermana que no hace las cosas por esp\u00edritu de humildad no es hija de la Caridad m\u00e1s que de nombre.<\/p>\n<p>Pero, padre, me dir\u00e9is, cuando viv\u00eda la se\u00f1orita Le Gras, \u00bfdaba tambi\u00e9n su parecer de esta manera? S\u00ed, hijas m\u00edas, as\u00ed es como se hac\u00eda; pero es menester que sep\u00e1is que nunca se dec\u00edan las faltas en detalle. Se dec\u00eda en general: \u00abEsa hermana tiene tal defecto, que es preciso remediar\u00bb, pero nunca en detalle.<\/p>\n<p>Esto por lo que se refiere a las oficialas. Es menester que tenga veintiocho a\u00f1os de edad y ocho de comunidad; porque, hijas m\u00edas, no es cuesti\u00f3n de poner en este cargo a unas hermanas reci\u00e9n llegadas que no conocen todav\u00eda las reglas.<\/p>\n<p>Las dem\u00e1s, para tener derecho a dar su voto, tienen que llevar seis a\u00f1os en la comunidad. Otras veces bastaba con cuatro a\u00f1os, pero la experiencia nos ha demostrado que no es suficiente.<\/p>\n<p>As\u00ed pues, hijas m\u00edas, las que llevan m\u00e1s de ocho a\u00f1os pueden ser elegidas oficialas. Es que las cualidades de esa edad son las m\u00e1s seguras. Veintiocho a\u00f1os de edad y ocho de Compa\u00f1\u00eda. La verdad es, hijas m\u00edas, que hay motivos para esperar que las oraciones de la difunta se\u00f1orita Le Gras nos ayudar\u00e1n a obtener de Dios la gracia de escoger buenas oficialas. Con la ayuda de Dios y la del superior general, ten\u00e9is motivos para esperar que todo ir\u00e1 bien, con tal que la Compa\u00f1\u00eda se mantenga en la humildad y en el deseo de corregirse.<\/p>\n<p>Si me dec\u00eds: \u00abPadre, \u00bfqui\u00e9n podr\u00e1 sostener a la Compa\u00f1\u00eda de la Caridad?, os dir\u00e9, hijas m\u00edas, que es la humildad. \u00bfY qu\u00e9 m\u00e1s? La humildad. Nada m\u00e1s que eso, junto con un desprendimiento total de todas las cosas de la tierra. De modo que no ten\u00e9is que mirar m\u00e1s que a Dios, que es el que os ha llamado a ella. S\u00ed, Dios la conservar\u00e1 mientras os manteng\u00e1is en la humildad.<\/p>\n<p>\u00abPero, padre, me dir\u00e9is, vaya el grano. \u00bfEn qui\u00e9n piensa usted como superiora y de d\u00f3nde sacar a una hermana que pueda ser elegida?\u00bb. Mis queridas hermanas, en cuanto a la superiora, he aqu\u00ed lo que ocurri\u00f3 durante una enfermedad de la se\u00f1orita Le Gras, no ya en la \u00faltima, pues como sab\u00e9is no tuve la dicha de verla, sino en la anterior. Le pregunt\u00e9: \u00abSe\u00f1orita, \u00bfno ha puesto usted los ojos en alguna de sus hijas para que ocupe su lugar?\u00bb. Ella pensaba unas veces en una, otras en otra, hasta que al final me dijo: \u00abPadre, lo mismo que usted me escogi\u00f3 a m\u00ed por la divina Providencia, me parece que, trat\u00e1ndose de la primera vez, no es conveniente que sea por pluralidad de votos, sino que la nombre usted directamente por \u00fanica vez. En cuanto a m\u00ed, creo que sor Margarita Ch\u00e9tif estar\u00eda muy indicada para ello. Es una hermana que ha demostrado mucha prudencia en todo y a la que todo le ha salido bien. Donde est\u00e1, que es en Arras, ha hecho mucho bien y se ha mostrado muy animosa con los soldados\u00bb. Porque, hijas m\u00edas, se necesita una buena cabeza, de modo que quedamos en eso. Yo en esto me atengo a su parecer. Por consiguiente, ser\u00e1 superiora sor Margarita Ch\u00e9tif. Hay otras que tambi\u00e9n podr\u00edan serlo perfectamente; pero me parece conveniente seguir su consejo; lo hago solamente por esta vez.<\/p>\n<p>En cuanto a las oficialas, voy a proponeros a seis, dos para cada oficio. No ha sido ocurrencia m\u00eda, sino que las hermanas que han sido asistentes han dado su parecer, y las han puesto en parejas, para imitar a los ap\u00f3stoles en la elecci\u00f3n que hicieron de un ap\u00f3stol en lugar de Judas. Por consiguiente, hijas m\u00edas, ten\u00e9is que ver delante de Dios a la que est\u00e1 m\u00e1s indicada para ello. Pero es menester que teng\u00e1is mucho cuidado en no dar vuestro apoyo a las que sean m\u00e1s conformes con vuestra inclinaci\u00f3n. Al contrario, haced el prop\u00f3sito de no tener en cuenta m\u00e1s que a Dios.<\/p>\n<p>Las tres oficialas tienen que ser las siguientes: la primera es la asistente; la segunda, la tesorera; y la tercera, la despensera. Pues bien, hemos mirado por todas partes y hemos pensado mucho en ello delante de Dios. No se trata de una designaci\u00f3n que se deba a ocurrencia humana. Se trata de proceder de la misma forma que los ap\u00f3stoles. No sois vosotras ni yo quienes las hemos escogido, sino Dios, con el parecer de nuestras antiguas oficialas, del padre Dehorgny y m\u00edo.<\/p>\n<p>En Santa Mar\u00eda se suele hacer lo siguiente. Se hace una lista de las hermanas que juzgan id\u00f3neas. El superior, la superiora, las hermanas, para elegir dan cada una su voto a alguna de las propuestas; si ellas est\u00e1n conformes, ya est\u00e1 todo; a todas les parece bien lo que se ha hecho. Nosotros lo haremos tambi\u00e9n as\u00ed. Aqu\u00ed est\u00e1 la lista de todas las que han sido juzgadas m\u00e1s id\u00f3neas.<\/p>\n<p>En primer lugar, se cree que son id\u00f3neas para asistenta la hermana Juliana y la hermana Juana Cristina; para tesorera, la hermana Luisa Cristina y la hermana&#8230;; para despensera, la hermana Felipa y la hermana Mar\u00eda Donjon. Cada una ir\u00e1 diciendo cu\u00e1l es la que delante de Dios cree m\u00e1s adecuada.<\/p>\n<p>A continuaci\u00f3n, las hermanas que sal\u00edan del cargo pidieron perd\u00f3n por las faltas y por los malos ejemplos que pensaban haber dado a la Compa\u00f1\u00eda durante el tiempo de su cargo. Nuestro venerado padre les dijo lo siguiente:<\/p>\n<p>\u00a1Dios las bendiga, hijas m\u00edas, y les pague la caridad que han mostrado con la Compa\u00f1\u00eda! Lo hab\u00e9is hecho muy bien, lo mismo que todas las hermanas que os han precedido. Pero hac\u00e9is bien en pedir perd\u00f3n, pues es imposible no cometer algunas faltas. Hijas m\u00edas, alegraos y pedid a Dios que nos d\u00e9 buenas oficialas.<\/p>\n<p>Luego las hermanas fueron dando su voto y nuestro venerado padre dijo al final:<\/p>\n<p>Hijas m\u00edas, la pluralidad de votos ha ca\u00eddo en la hermana Juana Cristina. Pero es preciso que sep\u00e1is que nos costar\u00e1 mucho y habr\u00e1 muchas dificultades en sacarla de donde est\u00e1, pues los se\u00f1ores de Sed\u00e1n no la dejar\u00e1n marchar, tanto m\u00e1s cuanto que desde hace poco les han dado una ocupaci\u00f3n extraordinaria, que es el cuidado de las personas reci\u00e9n convertidas. Pues bien, \u00bfc\u00f3mo podremos sacarla de all\u00ed? Aquellos se\u00f1ores no lo permitir\u00e1n. \u00bfQu\u00e9 vamos a hacer entonces? Hijas m\u00edas, cuando una persona que ha sido elegida no puede desempe\u00f1ar su cargo, bien sea por enfermedad o por alg\u00fan otro motivo, la suerte recae en aquella que fue propuesta junto con ella. As\u00ed pues, quedan elegidas sor Juliana para asistente, sor Luisa Cristina como tesorera y sor Felipa como despensera. Hemos de aceptarlas tal como resulta de la elecci\u00f3n. En cuanto al cargo de superiora, la hermana Margarita Ch\u00e9tif. Ella todav\u00eda no sabe nada de esto. Pero le escribiremos.<\/p>\n<p>Por consiguiente, la hermana Ch\u00e9tif como superiora, como asistenta la hermana Juliana Loret, como tesorera la hermana Luisa Cristina y como despensera la hermana Felipa Bailly. Todo est\u00e1 en orden. Bien, hijas m\u00edas, demos gracias a Dios.<\/p>\n<p>Me olvidaba de deciros que hay que cambiar todos los a\u00f1os a las oficialas una tras otra, y a la superiora cada tres a\u00f1os.<\/p>\n<p>Bien, hijas m\u00edas, demos gracias a Dios y agradezc\u00e1moles con todo nuestro coraz\u00f3n las gracias que han concedido a la Compa\u00f1\u00eda. Hijas m\u00edas, os pido con todo inter\u00e9s que renov\u00e9is desde ahora el prop\u00f3sito que hab\u00e9is hecho de entregaros a Dios de nuevo. Hijas m\u00edas, si sois fieles a Dios y al cumplimiento de vuestras reglas, \u00a1qu\u00e9 alegr\u00eda dar\u00e9is a la se\u00f1orita Le Gras, al padre Portail y a todas nuestras buenas hermanas que est\u00e1n ahora en el cielo rezando por vosotras!<\/p>\n<p>S\u00ed, mis queridas hermanas, la se\u00f1orita Le Gras reza por vosotras desde el cielo y no os ser\u00e1 de menos utilidad all\u00ed que en este mundo; m\u00e1s a\u00fan, os seguir\u00e1 ayudando todav\u00eda m\u00e1s, con tal que se\u00e1is fieles a Dios. Os suplico, hijas m\u00edas, con todo inter\u00e9s que sep\u00e1is guardar el secreto y que no dig\u00e1is a nadie nada de lo que acabamos de hacer; pues, como ya os he dicho otras veces, los asuntos de Dios que salen por fuera ya no son asuntos de Dios.<\/p>\n<p>Ruego a su bondad que derrame sobre vosotras sus gracias para que se\u00e1is fieles en hacer lo que \u00e9l pide de vosotras. As\u00ed se lo suplico con todo mi coraz\u00f3n.<\/p>\n<p>Benedictio Domini nostri&#8230;<\/p>\n<p>Sancta Maria, succurre miseris&#8230;<\/p>\n","protected":false},"excerpt":{"rendered":"<p>(27.08.60) Nuestro venerado padre, despu\u00e9s de la invocaci\u00f3n del Esp\u00edritu Santo, dijo: Mis queridas hermanas, el motivo de esta reuni\u00f3n es la elecci\u00f3n de las oficialas. Como sab\u00e9is, ten\u00edamos la costumbre de se\u00f1alar unos puntos, &#8230; <a href=\"http:\/\/vincentians.com\/es\/vicente-de-paul-conferencia-120-eleccion-de-las-oficialas\/\" class=\"more-link\">Read More<\/a><\/p>\n","protected":false},"author":4,"featured_media":393753,"comment_status":"open","ping_status":"open","sticky":false,"template":"","format":"standard","meta":{"jetpack_post_was_ever_published":false,"_jetpack_newsletter_access":"","_jetpack_dont_email_post_to_subs":false,"_jetpack_newsletter_tier_id":0,"_jetpack_memberships_contains_paywalled_content":false,"_jetpack_memberships_contains_paid_content":false,"footnotes":"","jetpack_publicize_message":"","jetpack_publicize_feature_enabled":true,"jetpack_social_post_already_shared":true,"jetpack_social_options":{"image_generator_settings":{"template":"highway","default_image_id":0,"font":"","enabled":false},"version":2}},"categories":[65],"tags":[164,126,127],"class_list":["post-7009","post","type-post","status-publish","format-standard","has-post-thumbnail","hentry","category-escritos-de-vicente-de-paul","tag-bailly","tag-dehorgny","tag-portail"],"yoast_head":"<!-- This site is optimized with the Yoast SEO plugin v26.3 - https:\/\/yoast.com\/wordpress\/plugins\/seo\/ -->\n<title>Vicente de Pa\u00fal, Conferencia 120: Elecci\u00f3n de las oficialas - Somos Vicencianos<\/title>\n<meta name=\"robots\" content=\"index, follow, max-snippet:-1, max-image-preview:large, max-video-preview:-1\" \/>\n<link rel=\"canonical\" href=\"http:\/\/vincentians.com\/es\/vicente-de-paul-conferencia-120-eleccion-de-las-oficialas\/\" \/>\n<meta property=\"og:locale\" content=\"es_ES\" \/>\n<meta property=\"og:type\" content=\"article\" \/>\n<meta property=\"og:title\" content=\"Vicente de Pa\u00fal, Conferencia 120: Elecci\u00f3n de las oficialas - Somos Vicencianos\" \/>\n<meta property=\"og:description\" content=\"(27.08.60) Nuestro venerado padre, despu\u00e9s de la invocaci\u00f3n del Esp\u00edritu Santo, dijo: Mis queridas hermanas, el motivo de esta reuni\u00f3n es la elecci\u00f3n de las oficialas. Como sab\u00e9is, ten\u00edamos la costumbre de se\u00f1alar unos puntos, ... Read More\" \/>\n<meta property=\"og:url\" content=\"http:\/\/vincentians.com\/es\/vicente-de-paul-conferencia-120-eleccion-de-las-oficialas\/\" \/>\n<meta property=\"og:site_name\" content=\"Somos Vicencianos\" \/>\n<meta property=\"article:publisher\" content=\"https:\/\/www.facebook.com\/WeAreVincentians\/\" \/>\n<meta property=\"article:author\" content=\"https:\/\/www.facebook.com\/JavierChento\" \/>\n<meta property=\"article:published_time\" content=\"2009-05-31T04:14:23+00:00\" \/>\n<meta property=\"article:modified_time\" content=\"2016-07-26T09:00:20+00:00\" \/>\n<meta property=\"og:image\" content=\"https:\/\/i0.wp.com\/vincentians.com\/es\/wp-content\/uploads\/sites\/11\/2016\/07\/escritos-vicente-de-paul.jpg?fit=1200%2C630\" \/>\n\t<meta property=\"og:image:width\" content=\"1200\" \/>\n\t<meta property=\"og:image:height\" content=\"630\" \/>\n\t<meta property=\"og:image:type\" content=\"image\/jpeg\" \/>\n<meta name=\"author\" content=\"Francisco Javier Fern\u00e1ndez Chento\" \/>\n<meta name=\"twitter:card\" content=\"summary_large_image\" \/>\n<meta name=\"twitter:creator\" content=\"@https:\/\/twitter.com\/javierchento\" \/>\n<meta name=\"twitter:site\" content=\"@WeVincentians\" \/>\n<meta name=\"twitter:label1\" content=\"Escrito por\" \/>\n\t<meta name=\"twitter:data1\" content=\"Francisco Javier Fern\u00e1ndez Chento\" \/>\n\t<meta name=\"twitter:label2\" content=\"Tiempo de lectura\" \/>\n\t<meta name=\"twitter:data2\" content=\"14 minutos\" \/>\n<script type=\"application\/ld+json\" class=\"yoast-schema-graph\">{\"@context\":\"https:\/\/schema.org\",\"@graph\":[{\"@type\":\"Article\",\"@id\":\"http:\/\/vincentians.com\/es\/vicente-de-paul-conferencia-120-eleccion-de-las-oficialas\/#article\",\"isPartOf\":{\"@id\":\"http:\/\/vincentians.com\/es\/vicente-de-paul-conferencia-120-eleccion-de-las-oficialas\/\"},\"author\":{\"name\":\"Francisco Javier Fern\u00e1ndez Chento\",\"@id\":\"https:\/\/vincentians.com\/es\/#\/schema\/person\/9623ef4d9aa3b2dfb8c061f1499288f2\"},\"headline\":\"Vicente de Pa\u00fal, Conferencia 120: Elecci\u00f3n de las oficialas\",\"datePublished\":\"2009-05-31T04:14:23+00:00\",\"dateModified\":\"2016-07-26T09:00:20+00:00\",\"mainEntityOfPage\":{\"@id\":\"http:\/\/vincentians.com\/es\/vicente-de-paul-conferencia-120-eleccion-de-las-oficialas\/\"},\"wordCount\":2721,\"commentCount\":0,\"publisher\":{\"@id\":\"https:\/\/vincentians.com\/es\/#organization\"},\"image\":{\"@id\":\"http:\/\/vincentians.com\/es\/vicente-de-paul-conferencia-120-eleccion-de-las-oficialas\/#primaryimage\"},\"thumbnailUrl\":\"https:\/\/i0.wp.com\/vincentians.com\/es\/wp-content\/uploads\/sites\/11\/2016\/07\/escritos-vicente-de-paul.jpg?fit=1200%2C630\",\"keywords\":[\"Bailly\",\"Dehorgny\",\"Portail\"],\"articleSection\":[\"Escritos de Vicente de Pa\u00fal\"],\"inLanguage\":\"es\",\"potentialAction\":[{\"@type\":\"CommentAction\",\"name\":\"Comment\",\"target\":[\"http:\/\/vincentians.com\/es\/vicente-de-paul-conferencia-120-eleccion-de-las-oficialas\/#respond\"]}]},{\"@type\":\"WebPage\",\"@id\":\"http:\/\/vincentians.com\/es\/vicente-de-paul-conferencia-120-eleccion-de-las-oficialas\/\",\"url\":\"http:\/\/vincentians.com\/es\/vicente-de-paul-conferencia-120-eleccion-de-las-oficialas\/\",\"name\":\"Vicente de Pa\u00fal, Conferencia 120: Elecci\u00f3n de las oficialas - Somos Vicencianos\",\"isPartOf\":{\"@id\":\"https:\/\/vincentians.com\/es\/#website\"},\"primaryImageOfPage\":{\"@id\":\"http:\/\/vincentians.com\/es\/vicente-de-paul-conferencia-120-eleccion-de-las-oficialas\/#primaryimage\"},\"image\":{\"@id\":\"http:\/\/vincentians.com\/es\/vicente-de-paul-conferencia-120-eleccion-de-las-oficialas\/#primaryimage\"},\"thumbnailUrl\":\"https:\/\/i0.wp.com\/vincentians.com\/es\/wp-content\/uploads\/sites\/11\/2016\/07\/escritos-vicente-de-paul.jpg?fit=1200%2C630\",\"datePublished\":\"2009-05-31T04:14:23+00:00\",\"dateModified\":\"2016-07-26T09:00:20+00:00\",\"breadcrumb\":{\"@id\":\"http:\/\/vincentians.com\/es\/vicente-de-paul-conferencia-120-eleccion-de-las-oficialas\/#breadcrumb\"},\"inLanguage\":\"es\",\"potentialAction\":[{\"@type\":\"ReadAction\",\"target\":[\"http:\/\/vincentians.com\/es\/vicente-de-paul-conferencia-120-eleccion-de-las-oficialas\/\"]}]},{\"@type\":\"ImageObject\",\"inLanguage\":\"es\",\"@id\":\"http:\/\/vincentians.com\/es\/vicente-de-paul-conferencia-120-eleccion-de-las-oficialas\/#primaryimage\",\"url\":\"https:\/\/i0.wp.com\/vincentians.com\/es\/wp-content\/uploads\/sites\/11\/2016\/07\/escritos-vicente-de-paul.jpg?fit=1200%2C630\",\"contentUrl\":\"https:\/\/i0.wp.com\/vincentians.com\/es\/wp-content\/uploads\/sites\/11\/2016\/07\/escritos-vicente-de-paul.jpg?fit=1200%2C630\",\"width\":1200,\"height\":630},{\"@type\":\"BreadcrumbList\",\"@id\":\"http:\/\/vincentians.com\/es\/vicente-de-paul-conferencia-120-eleccion-de-las-oficialas\/#breadcrumb\",\"itemListElement\":[{\"@type\":\"ListItem\",\"position\":1,\"name\":\"Portada\",\"item\":\"https:\/\/vincentians.com\/es\/\"},{\"@type\":\"ListItem\",\"position\":2,\"name\":\"Vicente de Pa\u00fal, Conferencia 120: Elecci\u00f3n de las oficialas\"}]},{\"@type\":\"WebSite\",\"@id\":\"https:\/\/vincentians.com\/es\/#website\",\"url\":\"https:\/\/vincentians.com\/es\/\",\"name\":\"Somos Vicencianos\",\"description\":\"Know more to serve more\",\"publisher\":{\"@id\":\"https:\/\/vincentians.com\/es\/#organization\"},\"potentialAction\":[{\"@type\":\"SearchAction\",\"target\":{\"@type\":\"EntryPoint\",\"urlTemplate\":\"https:\/\/vincentians.com\/es\/?s={search_term_string}\"},\"query-input\":{\"@type\":\"PropertyValueSpecification\",\"valueRequired\":true,\"valueName\":\"search_term_string\"}}],\"inLanguage\":\"es\"},{\"@type\":\"Organization\",\"@id\":\"https:\/\/vincentians.com\/es\/#organization\",\"name\":\"The Vincentian Network\",\"url\":\"https:\/\/vincentians.com\/es\/\",\"logo\":{\"@type\":\"ImageObject\",\"inLanguage\":\"es\",\"@id\":\"https:\/\/vincentians.com\/es\/#\/schema\/logo\/image\/\",\"url\":\"https:\/\/i1.wp.com\/vincentians.com\/es\/wp-content\/uploads\/sites\/11\/2016\/06\/Vincentian-Network-logo-big.png?fit=778%2C778\",\"contentUrl\":\"https:\/\/i1.wp.com\/vincentians.com\/es\/wp-content\/uploads\/sites\/11\/2016\/06\/Vincentian-Network-logo-big.png?fit=778%2C778\",\"width\":778,\"height\":778,\"caption\":\"The Vincentian Network\"},\"image\":{\"@id\":\"https:\/\/vincentians.com\/es\/#\/schema\/logo\/image\/\"},\"sameAs\":[\"https:\/\/www.facebook.com\/WeAreVincentians\/\",\"https:\/\/x.com\/WeVincentians\"]},{\"@type\":\"Person\",\"@id\":\"https:\/\/vincentians.com\/es\/#\/schema\/person\/9623ef4d9aa3b2dfb8c061f1499288f2\",\"name\":\"Francisco Javier Fern\u00e1ndez Chento\",\"image\":{\"@type\":\"ImageObject\",\"inLanguage\":\"es\",\"@id\":\"https:\/\/vincentians.com\/es\/#\/schema\/person\/image\/\",\"url\":\"https:\/\/secure.gravatar.com\/avatar\/497d5cde87b4c3d097d0315953521681ba2cd523ee66e5077c3711f7021e65de?s=96&d=mm&r=g\",\"contentUrl\":\"https:\/\/secure.gravatar.com\/avatar\/497d5cde87b4c3d097d0315953521681ba2cd523ee66e5077c3711f7021e65de?s=96&d=mm&r=g\",\"caption\":\"Francisco Javier Fern\u00e1ndez Chento\"},\"description\":\"Director General y cofundador de La Red de Formaci\u00f3n Vicenciana. Javier es laico vicenciano, afiliado a la Congregaci\u00f3n de la Misi\u00f3n y miembro del Equipo de Misiones Populares de la provincia can\u00f3nica de Zaragoza (Espa\u00f1a) de la Congregaci\u00f3n de la Misi\u00f3n. Graduado en la Universidad Oberta de Catalunya con cuatro grados (Asistente de direcci\u00f3n, Gesti\u00f3n Administrativa, Recursos Humanos y Contabilidad Avanzada). Bil\u00edng\u00fce Espa\u00f1ol\/Ingl\u00e9s. gestiona y mantiene varias p\u00e1ginas web cristianas y vicencianas, incluida including La Red de Formaci\u00f3n Vicenciana, de la que es cofundador. Actualmente es responsable del \u00e1rea de Espa\u00f1ol de .famvin, la Red de Noticias de la Familia Vicenciana. Tambi\u00e9n es m\u00fasico cat\u00f3lico y ha editado varios discos. Es Director General y cofundador de Trovador, una reconocida compa\u00f1\u00eda discogr\u00e1fica critiana de Espa\u00f1a. Trabaja en las Tecnolog\u00edas de la Informaci\u00f3n, ofreciendo servicios de alojamiento, dise\u00f1o y mantenimiento Web, as\u00ed como asesoramiento, formaci\u00f3n y soluciones inform\u00e1ticas, gesti\u00f3n documental y digitalizaci\u00f3n de textos, edici\u00f3n y maquetaci\u00f3n de libros, revistas, flyers, etc.\",\"sameAs\":[\"http:\/\/chento.org\",\"https:\/\/www.facebook.com\/JavierChento\",\"https:\/\/x.com\/https:\/\/twitter.com\/javierchento\"],\"url\":\"http:\/\/vincentians.com\/es\/author\/chento\/\"}]}<\/script>\n<!-- \/ Yoast SEO plugin. -->","yoast_head_json":{"title":"Vicente de Pa\u00fal, Conferencia 120: Elecci\u00f3n de las oficialas - Somos Vicencianos","robots":{"index":"index","follow":"follow","max-snippet":"max-snippet:-1","max-image-preview":"max-image-preview:large","max-video-preview":"max-video-preview:-1"},"canonical":"http:\/\/vincentians.com\/es\/vicente-de-paul-conferencia-120-eleccion-de-las-oficialas\/","og_locale":"es_ES","og_type":"article","og_title":"Vicente de Pa\u00fal, Conferencia 120: Elecci\u00f3n de las oficialas - Somos Vicencianos","og_description":"(27.08.60) Nuestro venerado padre, despu\u00e9s de la invocaci\u00f3n del Esp\u00edritu Santo, dijo: Mis queridas hermanas, el motivo de esta reuni\u00f3n es la elecci\u00f3n de las oficialas. Como sab\u00e9is, ten\u00edamos la costumbre de se\u00f1alar unos puntos, ... Read More","og_url":"http:\/\/vincentians.com\/es\/vicente-de-paul-conferencia-120-eleccion-de-las-oficialas\/","og_site_name":"Somos Vicencianos","article_publisher":"https:\/\/www.facebook.com\/WeAreVincentians\/","article_author":"https:\/\/www.facebook.com\/JavierChento","article_published_time":"2009-05-31T04:14:23+00:00","article_modified_time":"2016-07-26T09:00:20+00:00","og_image":[{"width":1200,"height":630,"url":"https:\/\/i0.wp.com\/vincentians.com\/es\/wp-content\/uploads\/sites\/11\/2016\/07\/escritos-vicente-de-paul.jpg?fit=1200%2C630","type":"image\/jpeg"}],"author":"Francisco Javier Fern\u00e1ndez Chento","twitter_card":"summary_large_image","twitter_creator":"@https:\/\/twitter.com\/javierchento","twitter_site":"@WeVincentians","twitter_misc":{"Escrito por":"Francisco Javier Fern\u00e1ndez Chento","Tiempo de lectura":"14 minutos"},"schema":{"@context":"https:\/\/schema.org","@graph":[{"@type":"Article","@id":"http:\/\/vincentians.com\/es\/vicente-de-paul-conferencia-120-eleccion-de-las-oficialas\/#article","isPartOf":{"@id":"http:\/\/vincentians.com\/es\/vicente-de-paul-conferencia-120-eleccion-de-las-oficialas\/"},"author":{"name":"Francisco Javier Fern\u00e1ndez Chento","@id":"https:\/\/vincentians.com\/es\/#\/schema\/person\/9623ef4d9aa3b2dfb8c061f1499288f2"},"headline":"Vicente de Pa\u00fal, Conferencia 120: Elecci\u00f3n de las oficialas","datePublished":"2009-05-31T04:14:23+00:00","dateModified":"2016-07-26T09:00:20+00:00","mainEntityOfPage":{"@id":"http:\/\/vincentians.com\/es\/vicente-de-paul-conferencia-120-eleccion-de-las-oficialas\/"},"wordCount":2721,"commentCount":0,"publisher":{"@id":"https:\/\/vincentians.com\/es\/#organization"},"image":{"@id":"http:\/\/vincentians.com\/es\/vicente-de-paul-conferencia-120-eleccion-de-las-oficialas\/#primaryimage"},"thumbnailUrl":"https:\/\/i0.wp.com\/vincentians.com\/es\/wp-content\/uploads\/sites\/11\/2016\/07\/escritos-vicente-de-paul.jpg?fit=1200%2C630","keywords":["Bailly","Dehorgny","Portail"],"articleSection":["Escritos de Vicente de Pa\u00fal"],"inLanguage":"es","potentialAction":[{"@type":"CommentAction","name":"Comment","target":["http:\/\/vincentians.com\/es\/vicente-de-paul-conferencia-120-eleccion-de-las-oficialas\/#respond"]}]},{"@type":"WebPage","@id":"http:\/\/vincentians.com\/es\/vicente-de-paul-conferencia-120-eleccion-de-las-oficialas\/","url":"http:\/\/vincentians.com\/es\/vicente-de-paul-conferencia-120-eleccion-de-las-oficialas\/","name":"Vicente de Pa\u00fal, Conferencia 120: Elecci\u00f3n de las oficialas - Somos Vicencianos","isPartOf":{"@id":"https:\/\/vincentians.com\/es\/#website"},"primaryImageOfPage":{"@id":"http:\/\/vincentians.com\/es\/vicente-de-paul-conferencia-120-eleccion-de-las-oficialas\/#primaryimage"},"image":{"@id":"http:\/\/vincentians.com\/es\/vicente-de-paul-conferencia-120-eleccion-de-las-oficialas\/#primaryimage"},"thumbnailUrl":"https:\/\/i0.wp.com\/vincentians.com\/es\/wp-content\/uploads\/sites\/11\/2016\/07\/escritos-vicente-de-paul.jpg?fit=1200%2C630","datePublished":"2009-05-31T04:14:23+00:00","dateModified":"2016-07-26T09:00:20+00:00","breadcrumb":{"@id":"http:\/\/vincentians.com\/es\/vicente-de-paul-conferencia-120-eleccion-de-las-oficialas\/#breadcrumb"},"inLanguage":"es","potentialAction":[{"@type":"ReadAction","target":["http:\/\/vincentians.com\/es\/vicente-de-paul-conferencia-120-eleccion-de-las-oficialas\/"]}]},{"@type":"ImageObject","inLanguage":"es","@id":"http:\/\/vincentians.com\/es\/vicente-de-paul-conferencia-120-eleccion-de-las-oficialas\/#primaryimage","url":"https:\/\/i0.wp.com\/vincentians.com\/es\/wp-content\/uploads\/sites\/11\/2016\/07\/escritos-vicente-de-paul.jpg?fit=1200%2C630","contentUrl":"https:\/\/i0.wp.com\/vincentians.com\/es\/wp-content\/uploads\/sites\/11\/2016\/07\/escritos-vicente-de-paul.jpg?fit=1200%2C630","width":1200,"height":630},{"@type":"BreadcrumbList","@id":"http:\/\/vincentians.com\/es\/vicente-de-paul-conferencia-120-eleccion-de-las-oficialas\/#breadcrumb","itemListElement":[{"@type":"ListItem","position":1,"name":"Portada","item":"https:\/\/vincentians.com\/es\/"},{"@type":"ListItem","position":2,"name":"Vicente de Pa\u00fal, Conferencia 120: Elecci\u00f3n de las oficialas"}]},{"@type":"WebSite","@id":"https:\/\/vincentians.com\/es\/#website","url":"https:\/\/vincentians.com\/es\/","name":"Somos Vicencianos","description":"Know more to serve more","publisher":{"@id":"https:\/\/vincentians.com\/es\/#organization"},"potentialAction":[{"@type":"SearchAction","target":{"@type":"EntryPoint","urlTemplate":"https:\/\/vincentians.com\/es\/?s={search_term_string}"},"query-input":{"@type":"PropertyValueSpecification","valueRequired":true,"valueName":"search_term_string"}}],"inLanguage":"es"},{"@type":"Organization","@id":"https:\/\/vincentians.com\/es\/#organization","name":"The Vincentian Network","url":"https:\/\/vincentians.com\/es\/","logo":{"@type":"ImageObject","inLanguage":"es","@id":"https:\/\/vincentians.com\/es\/#\/schema\/logo\/image\/","url":"https:\/\/i1.wp.com\/vincentians.com\/es\/wp-content\/uploads\/sites\/11\/2016\/06\/Vincentian-Network-logo-big.png?fit=778%2C778","contentUrl":"https:\/\/i1.wp.com\/vincentians.com\/es\/wp-content\/uploads\/sites\/11\/2016\/06\/Vincentian-Network-logo-big.png?fit=778%2C778","width":778,"height":778,"caption":"The Vincentian Network"},"image":{"@id":"https:\/\/vincentians.com\/es\/#\/schema\/logo\/image\/"},"sameAs":["https:\/\/www.facebook.com\/WeAreVincentians\/","https:\/\/x.com\/WeVincentians"]},{"@type":"Person","@id":"https:\/\/vincentians.com\/es\/#\/schema\/person\/9623ef4d9aa3b2dfb8c061f1499288f2","name":"Francisco Javier Fern\u00e1ndez Chento","image":{"@type":"ImageObject","inLanguage":"es","@id":"https:\/\/vincentians.com\/es\/#\/schema\/person\/image\/","url":"https:\/\/secure.gravatar.com\/avatar\/497d5cde87b4c3d097d0315953521681ba2cd523ee66e5077c3711f7021e65de?s=96&d=mm&r=g","contentUrl":"https:\/\/secure.gravatar.com\/avatar\/497d5cde87b4c3d097d0315953521681ba2cd523ee66e5077c3711f7021e65de?s=96&d=mm&r=g","caption":"Francisco Javier Fern\u00e1ndez Chento"},"description":"Director General y cofundador de La Red de Formaci\u00f3n Vicenciana. Javier es laico vicenciano, afiliado a la Congregaci\u00f3n de la Misi\u00f3n y miembro del Equipo de Misiones Populares de la provincia can\u00f3nica de Zaragoza (Espa\u00f1a) de la Congregaci\u00f3n de la Misi\u00f3n. Graduado en la Universidad Oberta de Catalunya con cuatro grados (Asistente de direcci\u00f3n, Gesti\u00f3n Administrativa, Recursos Humanos y Contabilidad Avanzada). Bil\u00edng\u00fce Espa\u00f1ol\/Ingl\u00e9s. gestiona y mantiene varias p\u00e1ginas web cristianas y vicencianas, incluida including La Red de Formaci\u00f3n Vicenciana, de la que es cofundador. Actualmente es responsable del \u00e1rea de Espa\u00f1ol de .famvin, la Red de Noticias de la Familia Vicenciana. Tambi\u00e9n es m\u00fasico cat\u00f3lico y ha editado varios discos. Es Director General y cofundador de Trovador, una reconocida compa\u00f1\u00eda discogr\u00e1fica critiana de Espa\u00f1a. Trabaja en las Tecnolog\u00edas de la Informaci\u00f3n, ofreciendo servicios de alojamiento, dise\u00f1o y mantenimiento Web, as\u00ed como asesoramiento, formaci\u00f3n y soluciones inform\u00e1ticas, gesti\u00f3n documental y digitalizaci\u00f3n de textos, edici\u00f3n y maquetaci\u00f3n de libros, revistas, flyers, etc.","sameAs":["http:\/\/chento.org","https:\/\/www.facebook.com\/JavierChento","https:\/\/x.com\/https:\/\/twitter.com\/javierchento"],"url":"http:\/\/vincentians.com\/es\/author\/chento\/"}]}},"jetpack_publicize_connections":[],"jetpack_featured_media_url":"https:\/\/i0.wp.com\/vincentians.com\/es\/wp-content\/uploads\/sites\/11\/2016\/07\/escritos-vicente-de-paul.jpg?fit=1200%2C630","jetpack_sharing_enabled":true,"jetpack_shortlink":"https:\/\/wp.me\/p7ETMF-1P3","jetpack-related-posts":[{"id":103917,"url":"http:\/\/vincentians.com\/es\/luisa-de-marillac-carta-0634-al-senor-vicente\/","url_meta":{"origin":7009,"position":0},"title":"Luisa de Marillac, Carta 0634: Al se\u00f1or Vicente","author":"Francisco Javier Fern\u00e1ndez Chento","date":"10\/09\/2012","format":false,"excerpt":"Hoy, santo d\u00eda de Pentecost\u00e9s [junio 1658] Si su caridad hace el favor, mi muy Honorable Padre, recuerde que en las fiestas de Pentecost\u00e9s se procede a la elecci\u00f3n de las \"oficialas\", y vea si fuera posible hacerlo hoy mismo, por temor a que otro d\u00eda no pueda usted. El\u2026","rel":"","context":"En \u00abEscritos de Luisa de Marillac\u00bb","block_context":{"text":"Escritos de Luisa de Marillac","link":"http:\/\/vincentians.com\/es\/category\/escritos\/escritos-de-luisa-de-marillac\/"},"img":{"alt_text":"","src":"https:\/\/i0.wp.com\/vincentians.com\/es\/wp-content\/uploads\/sites\/11\/2016\/07\/escritos-luisa-de-marillac.jpg?fit=1200%2C630&resize=350%2C200","width":350,"height":200,"srcset":"https:\/\/i0.wp.com\/vincentians.com\/es\/wp-content\/uploads\/sites\/11\/2016\/07\/escritos-luisa-de-marillac.jpg?fit=1200%2C630&resize=350%2C200 1x, https:\/\/i0.wp.com\/vincentians.com\/es\/wp-content\/uploads\/sites\/11\/2016\/07\/escritos-luisa-de-marillac.jpg?fit=1200%2C630&resize=525%2C300 1.5x, https:\/\/i0.wp.com\/vincentians.com\/es\/wp-content\/uploads\/sites\/11\/2016\/07\/escritos-luisa-de-marillac.jpg?fit=1200%2C630&resize=700%2C400 2x, https:\/\/i0.wp.com\/vincentians.com\/es\/wp-content\/uploads\/sites\/11\/2016\/07\/escritos-luisa-de-marillac.jpg?fit=1200%2C630&resize=1050%2C600 3x"},"classes":[]},{"id":135232,"url":"http:\/\/vincentians.com\/es\/vicente-de-paul-carta-1259-a-un-obispo\/","url_meta":{"origin":7009,"position":1},"title":"Vicente de Pa\u00fal, Carta 1259: A Un Obispo","author":"Francisco Javier Fern\u00e1ndez Chento","date":"24\/01\/2015","format":false,"excerpt":"[Entre 1634 y 1652] Hace un a\u00f1o poco m\u00e1s o menos que me tom\u00e9 el honor de escribirle a prop\u00f3sito de la elecci\u00f3n de... para abad de..., a fin de que se tomase usted la molestia de venir a Par\u00eds a informar a la reina de las cualidades de esa\u2026","rel":"","context":"En \u00abEscritos de Vicente de Pa\u00fal\u00bb","block_context":{"text":"Escritos de Vicente de Pa\u00fal","link":"http:\/\/vincentians.com\/es\/category\/escritos\/escritos-de-vicente-de-paul\/"},"img":{"alt_text":"","src":"https:\/\/i0.wp.com\/vincentians.com\/es\/wp-content\/uploads\/sites\/11\/2016\/07\/escritos-vicente-de-paul.jpg?fit=1200%2C630&resize=350%2C200","width":350,"height":200,"srcset":"https:\/\/i0.wp.com\/vincentians.com\/es\/wp-content\/uploads\/sites\/11\/2016\/07\/escritos-vicente-de-paul.jpg?fit=1200%2C630&resize=350%2C200 1x, https:\/\/i0.wp.com\/vincentians.com\/es\/wp-content\/uploads\/sites\/11\/2016\/07\/escritos-vicente-de-paul.jpg?fit=1200%2C630&resize=525%2C300 1.5x, https:\/\/i0.wp.com\/vincentians.com\/es\/wp-content\/uploads\/sites\/11\/2016\/07\/escritos-vicente-de-paul.jpg?fit=1200%2C630&resize=700%2C400 2x, https:\/\/i0.wp.com\/vincentians.com\/es\/wp-content\/uploads\/sites\/11\/2016\/07\/escritos-vicente-de-paul.jpg?fit=1200%2C630&resize=1050%2C600 3x"},"classes":[]},{"id":22908,"url":"http:\/\/vincentians.com\/es\/tal-dia-como-hoy-7-de-agosto\/","url_meta":{"origin":7009,"position":2},"title":"Tal d\u00eda como hoy: 7 de agosto","author":"Francisco Javier Fern\u00e1ndez Chento","date":"07\/08\/2016","format":false,"excerpt":"1655. Carta de Luisa de Marillac a Vicente de Pa\u00fal proponi\u00e9ndole que no se hable de ella en la pr\u00f3xima elecci\u00f3n de las oficialas. Las razones que da son: \"que debo ser completamente dependiente de la direcci\u00f3n de Dios; que si fuera nombrada por la compa\u00f1\u00eda, esto podr\u00eda tener consecuencias\u2026","rel":"","context":"En \u00abEfem\u00e9rides Vicencianas\u00bb","block_context":{"text":"Efem\u00e9rides Vicencianas","link":"http:\/\/vincentians.com\/es\/category\/historia-de-la-familia-vicenciana\/efemerides-vicencianas\/"},"img":{"alt_text":"","src":"https:\/\/i0.wp.com\/vincentians.com\/es\/wp-content\/uploads\/sites\/11\/2016\/07\/ephemerides-fb.jpg?fit=1200%2C630&resize=350%2C200","width":350,"height":200,"srcset":"https:\/\/i0.wp.com\/vincentians.com\/es\/wp-content\/uploads\/sites\/11\/2016\/07\/ephemerides-fb.jpg?fit=1200%2C630&resize=350%2C200 1x, https:\/\/i0.wp.com\/vincentians.com\/es\/wp-content\/uploads\/sites\/11\/2016\/07\/ephemerides-fb.jpg?fit=1200%2C630&resize=525%2C300 1.5x, https:\/\/i0.wp.com\/vincentians.com\/es\/wp-content\/uploads\/sites\/11\/2016\/07\/ephemerides-fb.jpg?fit=1200%2C630&resize=700%2C400 2x, https:\/\/i0.wp.com\/vincentians.com\/es\/wp-content\/uploads\/sites\/11\/2016\/07\/ephemerides-fb.jpg?fit=1200%2C630&resize=1050%2C600 3x"},"classes":[]},{"id":6916,"url":"http:\/\/vincentians.com\/es\/vicente-de-paul-conferencia-080-eleccion-de-las-oficialas\/","url_meta":{"origin":7009,"position":3},"title":"Vicente de Pa\u00fal, Conferencia 080: Elecci\u00f3n de las oficialas","author":"Francisco Javier Fern\u00e1ndez Chento","date":"21\/04\/2009","format":false,"excerpt":"(22.05.57) Mis queridas hermanas, el tema de esta conferencia es la pr\u00e1ctica de una de vuestras reglas, que es la elecci\u00f3n de las oficialas. Tiene que hacerse todos los a\u00f1os, la v\u00edspera de Pentecost\u00e9s. No s\u00e9 por qu\u00e9 raz\u00f3n no la hicimos el a\u00f1o pasado; creo que fui yo el\u2026","rel":"","context":"En \u00abEscritos de Vicente de Pa\u00fal\u00bb","block_context":{"text":"Escritos de Vicente de Pa\u00fal","link":"http:\/\/vincentians.com\/es\/category\/escritos\/escritos-de-vicente-de-paul\/"},"img":{"alt_text":"","src":"https:\/\/i0.wp.com\/vincentians.com\/es\/wp-content\/uploads\/sites\/11\/2016\/07\/escritos-vicente-de-paul.jpg?fit=1200%2C630&resize=350%2C200","width":350,"height":200,"srcset":"https:\/\/i0.wp.com\/vincentians.com\/es\/wp-content\/uploads\/sites\/11\/2016\/07\/escritos-vicente-de-paul.jpg?fit=1200%2C630&resize=350%2C200 1x, https:\/\/i0.wp.com\/vincentians.com\/es\/wp-content\/uploads\/sites\/11\/2016\/07\/escritos-vicente-de-paul.jpg?fit=1200%2C630&resize=525%2C300 1.5x, https:\/\/i0.wp.com\/vincentians.com\/es\/wp-content\/uploads\/sites\/11\/2016\/07\/escritos-vicente-de-paul.jpg?fit=1200%2C630&resize=700%2C400 2x, https:\/\/i0.wp.com\/vincentians.com\/es\/wp-content\/uploads\/sites\/11\/2016\/07\/escritos-vicente-de-paul.jpg?fit=1200%2C630&resize=1050%2C600 3x"},"classes":[]},{"id":30502,"url":"http:\/\/vincentians.com\/es\/vicente-de-paul-carta-0530-a-luisa-de-marillac\/","url_meta":{"origin":7009,"position":4},"title":"Vicente de Pa\u00fal, Carta 0530: A Luisa De Marillac","author":"Francisco Javier Fern\u00e1ndez Chento","date":"12\/03\/2011","format":false,"excerpt":"Jueves por la ma\u00f1ana [7 de febrero de 1641] Se\u00f1orita: Las damas oficiales de Saint-Germain-de-l'Auxerrois estuvieron ayer por aqu\u00ed para exponerme sus sentimientos a prop\u00f3sito de nuestra hermana Mar\u00eda, no tanto para retenerla como para tener hermanas que sepan servir y hacer las composiciones y los remedios; que la compa\u00f1era\u2026","rel":"","context":"En \u00abEscritos de Vicente de Pa\u00fal\u00bb","block_context":{"text":"Escritos de Vicente de Pa\u00fal","link":"http:\/\/vincentians.com\/es\/category\/escritos\/escritos-de-vicente-de-paul\/"},"img":{"alt_text":"","src":"https:\/\/i0.wp.com\/vincentians.com\/es\/wp-content\/uploads\/sites\/11\/2016\/07\/escritos-vicente-de-paul.jpg?fit=1200%2C630&resize=350%2C200","width":350,"height":200,"srcset":"https:\/\/i0.wp.com\/vincentians.com\/es\/wp-content\/uploads\/sites\/11\/2016\/07\/escritos-vicente-de-paul.jpg?fit=1200%2C630&resize=350%2C200 1x, https:\/\/i0.wp.com\/vincentians.com\/es\/wp-content\/uploads\/sites\/11\/2016\/07\/escritos-vicente-de-paul.jpg?fit=1200%2C630&resize=525%2C300 1.5x, https:\/\/i0.wp.com\/vincentians.com\/es\/wp-content\/uploads\/sites\/11\/2016\/07\/escritos-vicente-de-paul.jpg?fit=1200%2C630&resize=700%2C400 2x, https:\/\/i0.wp.com\/vincentians.com\/es\/wp-content\/uploads\/sites\/11\/2016\/07\/escritos-vicente-de-paul.jpg?fit=1200%2C630&resize=1050%2C600 3x"},"classes":[]},{"id":1160,"url":"http:\/\/vincentians.com\/es\/vicente-de-paul-carta-0060-a-luisa-de-marillac-en-montmirail\/","url_meta":{"origin":7009,"position":5},"title":"Vicente de Pa\u00fal, Carta 0060: A Luisa de Marillac, en Montmirail","author":"Francisco Javier Fern\u00e1ndez Chento","date":"06\/11\/2008","format":false,"excerpt":"29 octubre 1630 Se\u00f1orita: Bendito sea Dios porque est\u00e1 ya usted curada y porque la sutileza de esos aires no le hace da\u00f1o. Siendo as\u00ed, contin\u00fae ah\u00ed, si le place, hasta que haya hecho el mismo fruto que en otras partes hizo. Pero si nota alguna se\u00f1al de reca\u00edda, prev\u00e9ngalo,\u2026","rel":"","context":"En \u00abEscritos de Vicente de Pa\u00fal\u00bb","block_context":{"text":"Escritos de Vicente de Pa\u00fal","link":"http:\/\/vincentians.com\/es\/category\/escritos\/escritos-de-vicente-de-paul\/"},"img":{"alt_text":"","src":"https:\/\/i0.wp.com\/vincentians.com\/es\/wp-content\/uploads\/sites\/11\/2016\/07\/escritos-vicente-de-paul.jpg?fit=1200%2C630&resize=350%2C200","width":350,"height":200,"srcset":"https:\/\/i0.wp.com\/vincentians.com\/es\/wp-content\/uploads\/sites\/11\/2016\/07\/escritos-vicente-de-paul.jpg?fit=1200%2C630&resize=350%2C200 1x, https:\/\/i0.wp.com\/vincentians.com\/es\/wp-content\/uploads\/sites\/11\/2016\/07\/escritos-vicente-de-paul.jpg?fit=1200%2C630&resize=525%2C300 1.5x, https:\/\/i0.wp.com\/vincentians.com\/es\/wp-content\/uploads\/sites\/11\/2016\/07\/escritos-vicente-de-paul.jpg?fit=1200%2C630&resize=700%2C400 2x, https:\/\/i0.wp.com\/vincentians.com\/es\/wp-content\/uploads\/sites\/11\/2016\/07\/escritos-vicente-de-paul.jpg?fit=1200%2C630&resize=1050%2C600 3x"},"classes":[]}],"_links":{"self":[{"href":"http:\/\/vincentians.com\/es\/wp-json\/wp\/v2\/posts\/7009","targetHints":{"allow":["GET"]}}],"collection":[{"href":"http:\/\/vincentians.com\/es\/wp-json\/wp\/v2\/posts"}],"about":[{"href":"http:\/\/vincentians.com\/es\/wp-json\/wp\/v2\/types\/post"}],"author":[{"embeddable":true,"href":"http:\/\/vincentians.com\/es\/wp-json\/wp\/v2\/users\/4"}],"replies":[{"embeddable":true,"href":"http:\/\/vincentians.com\/es\/wp-json\/wp\/v2\/comments?post=7009"}],"version-history":[{"count":0,"href":"http:\/\/vincentians.com\/es\/wp-json\/wp\/v2\/posts\/7009\/revisions"}],"wp:featuredmedia":[{"embeddable":true,"href":"http:\/\/vincentians.com\/es\/wp-json\/wp\/v2\/media\/393753"}],"wp:attachment":[{"href":"http:\/\/vincentians.com\/es\/wp-json\/wp\/v2\/media?parent=7009"}],"wp:term":[{"taxonomy":"category","embeddable":true,"href":"http:\/\/vincentians.com\/es\/wp-json\/wp\/v2\/categories?post=7009"},{"taxonomy":"post_tag","embeddable":true,"href":"http:\/\/vincentians.com\/es\/wp-json\/wp\/v2\/tags?post=7009"}],"curies":[{"name":"wp","href":"https:\/\/api.w.org\/{rel}","templated":true}]}}