{"id":6682,"date":"2009-04-21T16:37:36","date_gmt":"2009-04-21T15:37:36","guid":{"rendered":"http:\/\/www.vicencianos.org\/web\/2009\/04\/21\/luisa-de-marillac-pensamiento-111-testamento-de-la-senorita-le-gras\/"},"modified":"2016-07-26T20:01:55","modified_gmt":"2016-07-26T18:01:55","slug":"luisa-de-marillac-pensamiento-111-testamento-de-la-senorita-le-gras","status":"publish","type":"post","link":"http:\/\/vincentians.com\/es\/luisa-de-marillac-pensamiento-111-testamento-de-la-senorita-le-gras\/","title":{"rendered":"Luisa de Marillac, Pensamiento 111: Testamento de la Se\u00f1orita Le Gras"},"content":{"rendered":"<p>E. 111 (A. 114) Testamento de la Se\u00f1orita Le Gras. pp.827-835<\/p>\n<p>15 de diciembre de 1645<\/p>\n<p>289. En el nombre de Dios, Padre, Hijo y Esp\u00edritu Santo.<\/p>\n<p>Postrada con toda humildad a la vista de la verdadera presencia de Dios en todo lugar, \u00fanico Ser y Creador de todas las almas inmortales, en el verdadero conocimiento de mi nada e impotencia sin su gracia, imploro muy humildemente su misericordia sobre mis miserias, que me han hecho culpable de tantas ingratitudes para con su bondad, a la que tantas veces he ofendido con mis miserables pecados que me hacen indigna de participar en los m\u00e9ritos de Jes\u00fas Crucificado en quien, confi\u00e1ndome a pesar de todo, pongo toda mi esperanza; suplicando para ello a la sant\u00edsima Virgen que me sea verdadera Madre y protectora, y que me obtenga perd\u00f3n, en el instante de mi muerte, del abuso que he hecho de las gracias de Dios. Y con el benepl\u00e1cito de mi Dios, suplico a mi santo angel de la guarda, a san Luis y a todos los santos que me ayuden con su intercesi\u00f3n en este paso tan importante y al que me someto por el amor de Dios, aunque no hubiera necesidad, para honrar el instante de la separaci\u00f3n de la divina alma de mi Salvador, deseando la salvaci\u00f3n de la m\u00eda para glorificarlo eternamente, con su Padre y el Esp\u00edritu Santo.<\/p>\n<p>Protesto ante Dios y todas las creaturas que quiero vivir y morir en la Iglesia Cat\u00f3lica, Apost\u00f3lica y Romana, y recomiendo a mi hijo, en tanto en cuanto puedo, que haga lo mismo, ya que es el \u00fanico camino del Para\u00edso para el que hemos sido creados. Y en la esperanza que tengo de que Dios le conceder\u00e1 esta gracia, suplico a su bondad que tome plena y entera posesi\u00f3n de cuanto \u00e9l es para hacer en \u00e9l y de el su sant\u00edsima voluntad, y que roc\u00ede con sus gracias eficaces para el tiempo y la eternidad la Bendici\u00f3n que como a madre suya me ha dado poder de darle y que le doy. En el nombre del Padre y del Hijo y del Esp\u00edritu Santo. Am\u00e9n. Suplicando a la humanidad santa de Jes\u00fas nuestro Salvador que tenga piedad de nuestras almas pecadoras en el instante de nuestra muerte.<\/p>\n<p>290. Pido muy humildemente perd\u00f3n a mi santo \u00e1ngel de la guarda y a mi muy Honorable Padre y Director, por quienes plugo a la bondad de Dios tenerme atada de voluntad a hacer la suya sant\u00edsima, de la poca correspondencia y fidelidad que he tenido a los caritativos cuidados que me han hecho el honor de tener de mi salvaci\u00f3n; reconociendo que sin ello muchas veces me hubiera apartado miserablemente de Dios.<\/p>\n<p>Pido tambi\u00e9n muy humildemente perd\u00f3n a todos mis queridos pr\u00f3jimos a quienes he desedificado y escandalizado con mis pecados; a aquellos a quienes he ofendido y contristado de cualquier manera que sea y a todas las creaturas de cuyo uso he abusado contra la sant\u00edsima voluntad de Dios, d\u00e1ndome a Dios para hacerles por ello la restituci\u00f3n que plazca a su misericordiosa justicia, en este mundo o en el otro.<\/p>\n<p>291. La obligaci\u00f3n de madre, con el afecto natural que he tenido siempre profundamente por mi hijo, me hace recomendarle que se acuerde del cuidado que la bondad de Dios ha tenido de su educaci\u00f3n para su salvaci\u00f3n, y suplicarle que le sea agradecido por ello toda su vida, procurando no hacer nunca nada contra su sant\u00edsima voluntad. Y para ayudarte a ello, hijo m\u00edo, acons\u00e9jate en todos tus asuntos de personas capaces y de santa vida, y para servirte \u00fatilmente de los consejos que te den, p\u00eddelos siempre antes de tener la opini\u00f3n formada, porque esto te impedir\u00eda decir francamente el pro y el contra de tus propuestas, y con ello te enga\u00f1ar\u00edas a ti mismo.<\/p>\n<p>Espero con toda certeza de la bondad del se\u00f1or Vicente que nunca te negar\u00e1 su asistencia en tus necesidades tanto en lo temporal como para lo espiritual. \u00bfSabes lo obligados que t\u00fa y yo le estamos? Esto me hace suplicarte que, si tienes la dicha de tener ocasi\u00f3n de servir a su Compa\u00f1\u00eda, te emplees en ello a fondo, ya que est\u00e1s obligado a ello muy particularmente, no s\u00f3lo por el reconocimiento a los beneficios que de ella hemos recibido, sino tambi\u00e9n por el servicio que ellos hacen a la santa Iglesia, nuestra Madre; haz, te ruego, lo mismo por los se\u00f1ores de la Comunidad de San Nicol\u00e1s du Chardonnet, por las mismas razones.<\/p>\n<p>Ruego a mi hijo que se acuerde con frecuencia de pedir a Dios por el descanso del alma de su padre y de traer a la memoria su buena vida, pues, era muy temeroso de Dios y exacto en ser irreprochable, y sobre todo de su paciencia en sufrir los grandes males que le sobrevinieron en sus \u00faltimos a\u00f1os, en los cuales practic\u00f3 muy grandes virtudes.<\/p>\n<p>Hijo m\u00edo, acu\u00e9rdate siempre de honrar a los se\u00f1ores de Marillac y servirlos de coraz\u00f3n, si Dios te da ocasi\u00f3n; como tambi\u00e9n al se\u00f1or Conde y a la se\u00f1ora Condesa de Maure y a todos aquellos a los que tengo el honor de pertenecer: s\u00e9 que unos y otros te tendr\u00e1n siempre afecto en tanto en cuanto te comportes como hombre de honor, no te negar\u00e1n nunca su ayuda en tus necesidades, como muy humildemente se lo suplico, acord\u00e1ndose de que los se\u00f1ores sus predecesores nos han obligado siempre en este modo haci\u00e9ndonos el honor de reconocernos por allegados suyos: esto que digo, oh Dios m\u00edo, T\u00fa sabes que es por la necesidad que creo que este hijo que me has dado tiene de ello.<\/p>\n<p>292. Declaro que los herederos del se\u00f1or Gachier, de Auvergnia, tienen en su poder siete u ochocientas libras, sin el inter\u00e9s de dicha suma, desde la muerte del difunto se\u00f1or Le Gras, mi marido, que me pertenecen como a su primera acreedora, a causa de mis derechos de viudez y mis estipulaciones, no habiendo podido retirar este dinero por ninguno de los ruegos que le he hecho hacer al se\u00f1or Bonnefoy, su nieto y \u00fanico heredero, al cual no he querido meter en juicio hasta el presente, rogando de nuevo a mi hijo que solucione este asunto 1. Adici\u00f3n al margen, de mano y firmada por Santa Luisa:<\/p>\n<p>He recordado que inmediatamente despu\u00e9s de la muerte del difunto se\u00f1or Le Gras, el se\u00f1or Gachier me dec\u00eda que quer\u00eda descargarse de esta suma y empez\u00f3 a entrar en pago envi\u00e1ndome cien libras o m\u00e1s, de lo que no me acuerdo, y de las que le envi\u00e9 recibo. Marillac.por la v\u00eda m\u00e1s suave que pueda 1<\/p>\n<p>Doy y dejo diez escudos de este dinero mencionado en este \u00faltimo art\u00edculo, a los pobres vergonzantes de la villa de Montferand, cuando se cobre.<\/p>\n<p>Dejo treinta libras de renta a perpetuidad, despu\u00e9s de la muerte de mi hijo, a los venerables Sacerdotes de la Misi\u00f3n, establecidos al principio, con la gracia de Dios, por el se\u00f1or Vicente en el Colegio de Bons Enfants, junto a la Puerta de Saint Victor, a condici\u00f3n de que manden decir todos los a\u00f1os tres misas rezadas en San Pablo, en la capilla de San Amable, a saber: una, el primer d\u00eda del a\u00f1o; otra, el d\u00eda de Todos los Santos y la otra el de la Inmaculada Concepci\u00f3n de la Sant\u00edsima Virgen, en descarga de la obligaci\u00f3n que tengo por el testamento de mi difunto padre, habi\u00e9ndoseme dado poder por parte del difunto se\u00f1or de Marillac, Guardasellos, de disponer de ello a mi muerte. Y estar\u00e1n obligados tambi\u00e9n dichos se\u00f1ores de la Misi\u00f3n a dar en limosna cada d\u00eda de celebraci\u00f3n de dichas misas cinco sueldos a la obra, cinco sueldos a los pobres y, adem\u00e1s, a dar dos cirios de una libra por pieza a dicha obra, despu\u00e9s de que hayan estado ardiendo el d\u00eda de Difuntos durante la santa misa celebrada en la mencionada capilla; como tambi\u00e9n, a decir, en el lugar que les parezca, tres misas rezadas: una, el d\u00eda de santo Tom\u00e1s, antes de Navidad, d\u00eda del fallecimiento de mi difunto marido; y las otras dos, en los d\u00edas aniversarios de mi muerte y de la de mi hijo, y esto para honrar el instante de la muerte de Nuestro Se\u00f1or en la Cruz, para que el m\u00e9rito de este divino sacrificio perpetuo sea aplicado a las almas agonizantes y a las que est\u00e1n encenegadas en el pecado mortal, para obtenerles de la misericordia de Dios una gracia eficaz para sacarlos de \u00e9l.<\/p>\n<p>Doy dieciocho libras a mi confesor de la parroquia donde yo muera en reconocimiento de todas las molestias que su caridad se ha tomado por m\u00ed; la cual suma deseo le sea empleada en algunos libros o cosas que le sean bien \u00fatiles.<\/p>\n<p>293. Doy seis escudos a mi ahijada, que es tambi\u00e9n ahijada de mi hijo, Ana Luisa M\u00e9tais, para que le sean empleados en algunos regalitos cuando le den la dote, y la recomiendo a mi hijo en el caso de que su madre muera antes de que ella se case o (entre) religiosa o (est\u00e9) en edad de poderse conducir.<\/p>\n<p>Doy un escudo a cada una de las cofrad\u00edas nombradas a continuaci\u00f3n en las que he tenido el honor de ser recibida, pidiendo perd\u00f3n a Dios por haber faltado tanto a las devociones que ellas recomiendan, lo que me hace comprender que vale m\u00e1s apuntarse a pocas y cumplir bien. Los lugares en los cuales he tenido el honor se ser inscrita son: en S. Nicol\u00e1s du Chardonnet a la Cofrad\u00eda del Sant\u00edsimo Sacramento; en los Dominicos de la calle Santiago, a las de las Cinco Llagas de Nuestro Se\u00f1or; en los Franciscanos del Gran Convento, a la del Cord\u00f3n de San Francisco; en los Dominicos del barrio de Saint Honor\u00e9, a la del Rosario; y en los Agustinos del barrio Saint Germain, a la del Cintur\u00f3n de Santa M\u00f3nica; y en San Lorenzo, como asociada a la Compa\u00f1\u00eda del Sant\u00edsimo Sacramento.<\/p>\n<p>Doy seis escudos anuales a las Hijas de la Caridad, mis muy queridas Hermanas, con las que he tenido el honor de estar desde hace muchos a\u00f1os; las cuales dieciocho libras ser\u00e1n para ayudarlas a hacer ung\u00fcentos que ellas emplean para curar a los pobres enfermos que vienen a su Casa; declarando que estoy obligada a hacer mucho por ellas si Dios me hubiera dado medio para ello. Y por eso ruego a mi hijo que les est\u00e9 siempre agradecido por las caridades que ellas me han hecho y que tenga como una gran bendici\u00f3n el que Dios le d\u00e9 alguna ocasi\u00f3n de trabajar por ellas, a lo que, en cuanto puedo, le exhorto que no falte.<\/p>\n<p>294. Doy y dejo diez escudos para que se distribuyan a los pobres mendigos el primer domingo o fiesta despu\u00e9s de mi muerte, habi\u00e9ndoles sido hecha una predicaci\u00f3n por alguna persona caritativa que tenga a bien tomarse esta molestia por el amor de Dios en la iglesia de san Lorenzo o de La Chapelle, o mejor en San L\u00e1zaro si se puede. Suplic\u00e1ndole en nombre de Nuestro Se\u00f1or que hable s\u00f3lo para instrucci\u00f3n de los pobres, ense\u00f1\u00e1ndoles la obligaci\u00f3n que tienen de conocer a Dios, lo que se refiere a buenos y malos pobres y cu\u00e1n provechosa les es su condici\u00f3n para su salvaci\u00f3n si saben usar bien de ella; lo que deben hacer antes de venir a mendigar; con qu\u00e9 humildad deben pedir; su obligaci\u00f3n de servir a Dios y o\u00edr la santa misa las fiestas y los domingos; hacerlos resolverse a ponerse de rodillas por la ma\u00f1ana y por la noche; todo para gloria de Dios y bien de estas almas que pierden tantas gracias por no conocer su estado y obligaciones.<\/p>\n<p>Doy un escudo anual a perpetuidad a las Hijas de la Caridad, mis muy queridas Hermanas, comenzando el primer a\u00f1o de mi muerte; a condici\u00f3n de que una de ellas rece todos los a\u00f1os cinco veces el Rosario por mi hijo, a saber: en la fiesta de la Presentaci\u00f3n de la Sant\u00edsima Virgen, en la de su Concepci\u00f3n Inmaculada, el tercer viernes de febrero, y el Viernes Santo y el viernes de las cuatro t\u00e9mporas de la Exaltaci\u00f3n de la Santa Cruz. Y esto entre las siete y las ocho de la tarde de los susodichos d\u00edas; y eso para obtener de nuestro buen Dios alguna gracia particular para los que reciben los \u00f3rdenes sagrados.<\/p>\n<p>295. Mi hijo gozar\u00e1 de mis bienes despu\u00e9s de mi muerte como \u00fanico heredero, despu\u00e9s de pagadas mis deudas y legados; y, despu\u00e9s de su muerte, todos los bienes que le dejo pertenecer\u00e1n a los pobres a quienes sustituyo mis herederos despu\u00e9s de \u00e9l. Y en el caso de que \u00e9l llegue a casarse y tenga hijos, de ellos gozar\u00e1 \u00e9l y sus hijos del modo acostumbrado en las sucesiones sustitutivas; entendiendo y queriendo que los pobres sean herederos de lo poco que Dios me ha dado en cuanto El no le d\u00e9 descendientes leg\u00edtimos. Y para ello, suplico muy humildemente al se\u00f1or Vicente de Pa\u00fal, Fundador y General de los Sacerdotes de la Misi\u00f3n y a sus sucesores despu\u00e9s de \u00e9l que se tomen la molestia de prestar atenci\u00f3n a esta disposici\u00f3n; para que, si la sustituci\u00f3n hubiera de tener lugar, ellos la manden recoger para hacer anualmente su distribuci\u00f3n, sabiendo que su principal ejercicio es trabajar por la salvaci\u00f3n de los pobres a la que yo quisiera, si pudiera, contribuir con mi propia vida.<\/p>\n<p>Pero, en el caso de que Dios conceda la bendici\u00f3n de un s\u00f3lido establecimiento a la Compa\u00f1\u00eda de las Hermanas de la Caridad de las Parroquias, o que ellas puedan subsistir como lo hacen desde hace algunos a\u00f1os, permaneciendo bajo la direcci\u00f3n de dichos se\u00f1ores de la Misi\u00f3n, mi intenci\u00f3n y \u00faltima voluntad es: que sean ellas quienes gocen, con los fines y condiciones susodichas, de los pocos bienes que dejo, para darles m\u00e1s medios de asistir a los pobres enfermos de los campos, en los lugares en que ellas encuentren poca ayuda, con la excepci\u00f3n de que dichos se\u00f1ores de la Misi\u00f3n gozar\u00e1n de cien libras de renta. Suplicando a la bondad de Dios que, si es de su agrado conceder alg\u00fan m\u00e9rito a esta disposici\u00f3n, lo aplique como medio para atraer su misericordia sobre el alma de mi hijo y la m\u00eda en el instante de nuestra muerte, de la que tenemos gran necesidad para nuestra salvaci\u00f3n.<\/p>\n<p>Suplico muy humildemente al se\u00f1or Vicente, por la caridad que Dios le ha dado para con el pr\u00f3jimo y por el amor que tiene a la humanidad santa de nuestro Redentor, que me perdone todas las faltas de reconocimiento del honor que me ha hecho ejercitando tanta caridad para con mi hijo y conmigo, de lo que le doy gracias con todo mi coraz\u00f3n y le ruego que quiera continuar su santo afecto para con \u00e9l, sirvi\u00e9ndole de padre con sus buenos consejos y ayuda en sus necesidades; concedi\u00e9ndome la muy humilde petici\u00f3n que le hago por el amor de Dios, y a su sucesor, si Dios lo llama a Si antes que a mi, de ser el Ejecutor de este mi primer testamento, con mi hijo al cual 2. Al margen: prometi\u00e9ndoles, si place a Dios tener misericordia conmigo e introducirme en el Para\u00edso, hacer cuanto pueda hacer un alma por ellos, en recompensa de la caridad que ellos ejercer\u00e1n en este asunto.propuse la sustituci\u00f3n 2, que he hecho en el presente testamento, un poco antes de su matrimonio, en la habitaci\u00f3n de las hijas que sirven la colaci\u00f3n de los pobres del Hospital General, y la acept\u00f3.<\/p>\n<p>Luisa de Marillac<\/p>\n<p>296. Entrego y abandono mi alma de todo coraz\u00f3n en manos de Dios su Creador y su \u00faltimo fin, y dejo de muy buena voluntad mi cuerpo a la tierra, esperando su resurrecci\u00f3n. Por (lo que mira) al lugar de su sepultura, la dejo enteramente a la disposici\u00f3n de la divina Providencia, por medio de la direcci\u00f3n del se\u00f1or Vicente, a quien ruego que se acuerde de que le he manifestado tener un gran deseo de ser puesta a lo largo de un muro debajo de la iglesia de San L\u00e1zaro (en el patio peque\u00f1o que parece un cementerio, pues se han encontrado en \u00e9l huesos de muerto). Lo cual sigo deseando en cuanto puedo, y lo pido por el amor de Dios a su caridad.<\/p>\n<p>Suplic\u00e1ndole tambi\u00e9n que se ponga inmediatamente en el mismo lugar contra el muro una gran cruz de madera con un Crucifijo y un letrero al pie en el que haya esta inscripci\u00f3n:<em> Spes Unica<\/em>; todo a expensas de lo poco que he dejado y que Dios me ha dado para ejecutar este mi testamento.<\/p>\n<p>Para mis funerales, declaro que no quiero que se hagan otros gastos que los que se han hecho para nuestras Hermanas difuntas; y que si alguien quisiera ser causa de que se hiciera de otro modo, creo desde ahora que no habr\u00eda tenido nunca ning\u00fan afecto por m\u00ed; no siendo razonable que mi miserable cuerpo, que tanto ha ofendido y hecho ofender a Dios, sea tenido en ninguna consideraci\u00f3n. Y, adem\u00e1s, seria declararme indigna de parecer haber muerto como verdadera Hermana de la Caridad y sirvienta de los miembros de Jesucristo; aunque, sin embargo, no merezco esta condici\u00f3n.<\/p>\n<p>He aqu\u00ed, \u00a1oh, Dios m\u00edo!, tu pobre creatura postrada a los pies de tu divina Majestad y Grandeza, que, confes\u00e1ndose criminal y merecer el infierno en el rigor de tu justicia, que me deb\u00eda condenar a \u00e9l si no fuera por este poderoso amor que ha hecho hombre a tu Hijo \u00fanico para librarme de \u00e9l. Plegue a tu divina bondad que yo sea, y mi hijo, del n\u00famero de las almas que, por El, te glorificar\u00e1n eternamente; y d\u00edgnate mirar benignamente los actos, deseos y disposiciones plasmadas en el presente testamento, que hago en la creencia de que es tu santa voluntad la que ha dirigido la m\u00eda, sin la cual protesto con todo mi coraz\u00f3n no querer nada jam\u00e1s; y con la cual declaro querer acabar mi vida, como hago este escrito que he hecho y firmado de propia mano este viernes d\u00e9cimo quinto d\u00eda de diciembre, mil seiscientos cuarenta y cinco.<\/p>\n<p>Luisa de Marillac<\/p>\n<p>estando sana de cuerpo y esp\u00edritu por la gracia de Dios.<\/p>\n<p><strong>Primer codicilo<\/strong><\/p>\n<p>28 de diciembre de 1653<\/p>\n<p>297. En nombre del Padre y del Hijo y del Esp\u00edritu Santo.<\/p>\n<p>Hoy, fiesta de los santos Inocentes del a\u00f1o mil seiscientos cincuenta y tres: he revisado mi testamento, que he cre\u00eddo estar hecho en la mejor forma en que yo lo pod\u00eda hacer para surtir su pleno efecto. Y por tanto, lo confirmo y apruebo en todos sus articulas. Y por cuanto ha habido cambio en mi hijo, al que la divina Providencia creo que ten\u00eda destinado al matrimonio, y que por su contrato le he dado quinientas libras de renta constituidas por diversos contratos que le he entregado en mano, asegur\u00e1ndome de \u00e9l verbalmente, poco antes de su matrimonio, que \u00e9l no sufrir\u00eda nada por la sustituci\u00f3n de mi peque\u00f1a herencia, no caus\u00e1ndole ning\u00fan perjuicio ni a sus hijos si \u00e9l los deja; he pensado que estoy obligada en conciencia a declarar lo que sigue para la ejecuci\u00f3n de mi testamento; deseando con todo mi coraz\u00f3n que, si Dios da a ello alg\u00fan m\u00e9rito, que su bondad lo aplique para la salvaci\u00f3n de toda la familia y para tener misericordia de mi pobre alma.<\/p>\n<p>298. En primer lugar: Hasta tanto que los se\u00f1ores de la Misi\u00f3n sean encargados de mandar celebrar las misas mencionadas en mi testamento, o despu\u00e9s de la muerte de mi hijo, \u00e9ste gozar\u00e1 de las treinta libras estipuladas para ello, que ser\u00e1n tomadas de la renta del Hotel-de-Ville que me he reservado; como tambi\u00e9n ser\u00e1n tomados de \u00e9sta todos los legados que he hecho, con reserva de los diez escudos cargados al dinero que se me debe en Auvernia.<\/p>\n<p>Y si sucediese por desgracia que se perdiese esta renta y que no pudiese recurrirse a los bienes de la se\u00f1ora de Vandy, que me la ha vendido a cambio de las rentas que ella me deb\u00eda sobre todos sus bienes, ruego a mi hijo que no deje de ejecutar este mi testamento en consideraci\u00f3n a todo lo que \u00e9l sabe que he hecho por \u00e9l y que, por la cuenta que le he dado en justicia poco despu\u00e9s de la muerte de su difunto padre, mi buen marido que Dios tenga en su misericordia, \u00e9l me ha quedado deudor, creo, de casi cuatro mil libras, Dios me es testigo de que hago este acto creyendo estar obligada a ello, no a continuar la celebraci\u00f3n de las misas en el caso de que esta renta se pierda en su totalidad, ya que este fondo estaba asignado sobre dicha naturaleza.<\/p>\n<p>Para conclusi\u00f3n de la presente declaraci\u00f3n, el contrato de esta renta quedar\u00e1 en poder de los se\u00f1ores de la Misi\u00f3n, los cuales gozar\u00e1n del resto, si lo hay, a partes iguales con nuestras Hermanas de la Caridad, suplic\u00e1ndoles a unos y a otras que pidan misericordia para mi.<\/p>\n<p>Dicho contrato se encontrar\u00e1, junto con la cuenta de que he hecho menci\u00f3n, en el armario de mi escritorio d&#8217;Allemagne, que ruego al Se\u00f1or Vicente se le d\u00e9 a mi hijo con algunas otras piezas del resto de nuestros muebles del que se encontrar\u00e1 un inventario, si Dios quiere, que es muy poco.<\/p>\n<p>299. T\u00fa sabes, Dios m\u00edo, que soy toda tuya y que tu Providencia, por tu bondad, ha sido la directora de todos los estados de mi vida, de lo que te doy gracias muy humildemente, pidi\u00e9ndote sinceramente perd\u00f3n con todo mi coraz\u00f3n por mis olvidos e ingratitudes. Te ofrezco esta peque\u00f1a disposici\u00f3n como movida por tu voluntad, renunciando a cualquier otra consideraci\u00f3n.<\/p>\n<p>Suplic\u00e1ndote por el amor de Jes\u00fas Crucificado que me des tu bendici\u00f3n, a mi hijo y a toda su familia, para que podamos glorificarte eternamente.<\/p>\n<p>Hecho y firmado este d\u00eda y a\u00f1o ya mencionado.<\/p>\n<p>Luisa de Marillac<\/p>\n<p><strong>Segundo codicilo<\/strong><\/p>\n<p>11 de mayo de 1656<\/p>\n<p>300. Hoy, jueves, und\u00e9cimo d\u00eda de mayo, a las cuatro de la tarde, del a\u00f1o mil seiscientos cincuenta y seis, por mandato de la se\u00f1orita Luisa de Marillac, viuda del difunto Antonio Le Gras, en vida Escudero secretario de la difunta reina Mar\u00eda de M\u00e9dicis, los Notarios abajo firmantes se han trasladado a la casa en la que dicha se\u00f1orita vive, barrio de Saint-Denis, frente a la iglesia de san L\u00e1zaro, donde la han encontrado en cama, enferma de cuerpo pero sana de esp\u00edritu, memoria y entendimiento, como aparece por sus palabras y comportamiento. La cual ha dicho y declarado que tiene hecho su testamento ol\u00f3grafo desde el quince de diciembre de mil seiscientos cuarenta y cinco, y luego un codicilo, tambi\u00e9n ol\u00f3grafo, el d\u00eda de los santos Inocentes del a\u00f1o mil seiscientos cincuenta y tres: de los que habiendo hecho lectura despu\u00e9s de la enfermedad por la que se encuentra impedida, ha querido hacer un nuevo codicilo que, a este fin, ha dictado y dicho a los citados notarios como sigue:<\/p>\n<p>301. Teniendo todos los motivos para estar contenta de la conducta de Miguel Antonio Le Gras, Escudero, su hijo \u00fanico, bail\u00edo de san L\u00e1zaro y consejero en el tribunal de la Moneda, y de la se\u00f1orita Gabriela Le Clerc, su esposa, por los respetos y testimonios de amistad que ha recibido de ellos despu\u00e9s de su matrimonio. Asegur\u00e1ndose de que su dicho hijo, viniendo a morir sin descendencia, cuidar\u00e1 de asistir a los pobres con los bienes que \u00e9l tiene y tenga de la dicha se\u00f1orita su madre; ella ha revocado y revoca por las presentes la sustituci\u00f3n que ha hecho de sus bienes por dicho testamento en favor de los pobres, queriendo que su dicho hijo goce de ellos y disponga en plena propiedad como bien le parezca. Quiere y ordena siguiendo dichos testamentos y codicilos, que las rentas que le pertenecen sobre la Villa sean para y en provecho de los se\u00f1ores de la Misi\u00f3n, a los que ella hace abundantes donaciones y legados en las cargas impuestas por dicho testamento y codicilo, y que comiencen a recibirlos a partir del d\u00eda de su fallecimiento y a satisfacer dichas cargas. M\u00e1s: entregar sobre los primeros atrasos que reciban, treinta libras para los pobres de san Lorenzo su parroquia, que han sido pagadas, y diez y ocho libras para el legado que ella ha hecho por dicho testamento a su confesor, y tambi\u00e9n de entregar cada a\u00f1o diez y ocho libras a su nieta, hija de su se\u00f1or hijo, durante su vida para emplearlas en dar una peque\u00f1a comida a los pobres de la parroquia en la que viva su nieta a la cual comida \u00e9sta les servir\u00e1.<\/p>\n<p>Queriendo que el resto de dicho testamento y codicilo sea ejecutado; suplicando al se\u00f1or Vicente que acepte ser, con dicho su hijo, ejecutor del presente codicilo.<\/p>\n<p>As\u00ed fue hecho, dicho y pronunciado por dicha se\u00f1orita Le Gras a dichos Notarios y a ella por uno de \u00e9stos, presente el otro; lectura que ella ha dicho escuchar bien, en dicha casa en la que ella vive, en una peque\u00f1a habitaci\u00f3n en el primer piso en la que ella est\u00e1 en el lecho enferma, los dichos d\u00eda y a\u00f1o y ha firmado as\u00ed, firmado,<\/p>\n<p>Luisa de Marillac.<\/p>\n<p>Le Caron et Galois, Notarios con r\u00fabrica<\/p>\n","protected":false},"excerpt":{"rendered":"<p>E. 111 (A. 114) Testamento de la Se\u00f1orita Le Gras. pp.827-835 15 de diciembre de 1645 289. En el nombre de Dios, Padre, Hijo y Esp\u00edritu Santo. Postrada con toda humildad a la vista de &#8230; <a href=\"http:\/\/vincentians.com\/es\/luisa-de-marillac-pensamiento-111-testamento-de-la-senorita-le-gras\/\" class=\"more-link\">Read More<\/a><\/p>\n","protected":false},"author":4,"featured_media":393751,"comment_status":"open","ping_status":"open","sticky":false,"template":"","format":"standard","meta":{"jetpack_post_was_ever_published":false,"_jetpack_newsletter_access":"","_jetpack_dont_email_post_to_subs":false,"_jetpack_newsletter_tier_id":0,"_jetpack_memberships_contains_paywalled_content":false,"_jetpack_memberships_contains_paid_content":false,"footnotes":"","jetpack_publicize_message":"","jetpack_publicize_feature_enabled":true,"jetpack_social_post_already_shared":true,"jetpack_social_options":{"image_generator_settings":{"template":"highway","default_image_id":0,"font":"","enabled":false},"version":2}},"categories":[67],"tags":[163,143],"class_list":["post-6682","post","type-post","status-publish","format-standard","has-post-thumbnail","hentry","category-escritos-de-luisa-de-marillac","tag-bons-enfants","tag-san-lazaro"],"yoast_head":"<!-- This site is optimized with the Yoast SEO plugin v26.3 - https:\/\/yoast.com\/wordpress\/plugins\/seo\/ -->\n<title>Luisa de Marillac, Pensamiento 111: Testamento de la Se\u00f1orita Le Gras - Somos Vicencianos<\/title>\n<meta name=\"robots\" content=\"index, follow, max-snippet:-1, max-image-preview:large, max-video-preview:-1\" \/>\n<link rel=\"canonical\" href=\"http:\/\/vincentians.com\/es\/luisa-de-marillac-pensamiento-111-testamento-de-la-senorita-le-gras\/\" \/>\n<meta property=\"og:locale\" content=\"es_ES\" \/>\n<meta property=\"og:type\" content=\"article\" \/>\n<meta property=\"og:title\" content=\"Luisa de Marillac, Pensamiento 111: Testamento de la Se\u00f1orita Le Gras - Somos Vicencianos\" \/>\n<meta property=\"og:description\" content=\"E. 111 (A. 114) Testamento de la Se\u00f1orita Le Gras. pp.827-835 15 de diciembre de 1645 289. En el nombre de Dios, Padre, Hijo y Esp\u00edritu Santo. Postrada con toda humildad a la vista de ... Read More\" \/>\n<meta property=\"og:url\" content=\"http:\/\/vincentians.com\/es\/luisa-de-marillac-pensamiento-111-testamento-de-la-senorita-le-gras\/\" \/>\n<meta property=\"og:site_name\" content=\"Somos Vicencianos\" \/>\n<meta property=\"article:publisher\" content=\"https:\/\/www.facebook.com\/WeAreVincentians\/\" \/>\n<meta property=\"article:author\" content=\"https:\/\/www.facebook.com\/JavierChento\" \/>\n<meta property=\"article:published_time\" content=\"2009-04-21T15:37:36+00:00\" \/>\n<meta property=\"article:modified_time\" content=\"2016-07-26T18:01:55+00:00\" \/>\n<meta property=\"og:image\" content=\"https:\/\/i0.wp.com\/vincentians.com\/es\/wp-content\/uploads\/sites\/11\/2016\/07\/escritos-luisa-de-marillac.jpg?fit=1200%2C630\" \/>\n\t<meta property=\"og:image:width\" content=\"1200\" \/>\n\t<meta property=\"og:image:height\" content=\"630\" \/>\n\t<meta property=\"og:image:type\" content=\"image\/jpeg\" \/>\n<meta name=\"author\" content=\"Francisco Javier Fern\u00e1ndez Chento\" \/>\n<meta name=\"twitter:card\" content=\"summary_large_image\" \/>\n<meta name=\"twitter:creator\" content=\"@https:\/\/twitter.com\/javierchento\" \/>\n<meta name=\"twitter:site\" content=\"@WeVincentians\" \/>\n<meta name=\"twitter:label1\" content=\"Escrito por\" \/>\n\t<meta name=\"twitter:data1\" content=\"Francisco Javier Fern\u00e1ndez Chento\" \/>\n\t<meta name=\"twitter:label2\" content=\"Tiempo de lectura\" \/>\n\t<meta name=\"twitter:data2\" content=\"23 minutos\" \/>\n<script type=\"application\/ld+json\" class=\"yoast-schema-graph\">{\"@context\":\"https:\/\/schema.org\",\"@graph\":[{\"@type\":\"Article\",\"@id\":\"http:\/\/vincentians.com\/es\/luisa-de-marillac-pensamiento-111-testamento-de-la-senorita-le-gras\/#article\",\"isPartOf\":{\"@id\":\"http:\/\/vincentians.com\/es\/luisa-de-marillac-pensamiento-111-testamento-de-la-senorita-le-gras\/\"},\"author\":{\"name\":\"Francisco Javier Fern\u00e1ndez Chento\",\"@id\":\"https:\/\/vincentians.com\/es\/#\/schema\/person\/9623ef4d9aa3b2dfb8c061f1499288f2\"},\"headline\":\"Luisa de Marillac, Pensamiento 111: Testamento de la Se\u00f1orita Le Gras\",\"datePublished\":\"2009-04-21T15:37:36+00:00\",\"dateModified\":\"2016-07-26T18:01:55+00:00\",\"mainEntityOfPage\":{\"@id\":\"http:\/\/vincentians.com\/es\/luisa-de-marillac-pensamiento-111-testamento-de-la-senorita-le-gras\/\"},\"wordCount\":4539,\"commentCount\":0,\"publisher\":{\"@id\":\"https:\/\/vincentians.com\/es\/#organization\"},\"image\":{\"@id\":\"http:\/\/vincentians.com\/es\/luisa-de-marillac-pensamiento-111-testamento-de-la-senorita-le-gras\/#primaryimage\"},\"thumbnailUrl\":\"https:\/\/i0.wp.com\/vincentians.com\/es\/wp-content\/uploads\/sites\/11\/2016\/07\/escritos-luisa-de-marillac.jpg?fit=1200%2C630\",\"keywords\":[\"Bons Enfants\",\"San L\u00e1zaro\"],\"articleSection\":[\"Escritos de Luisa de Marillac\"],\"inLanguage\":\"es\",\"potentialAction\":[{\"@type\":\"CommentAction\",\"name\":\"Comment\",\"target\":[\"http:\/\/vincentians.com\/es\/luisa-de-marillac-pensamiento-111-testamento-de-la-senorita-le-gras\/#respond\"]}]},{\"@type\":\"WebPage\",\"@id\":\"http:\/\/vincentians.com\/es\/luisa-de-marillac-pensamiento-111-testamento-de-la-senorita-le-gras\/\",\"url\":\"http:\/\/vincentians.com\/es\/luisa-de-marillac-pensamiento-111-testamento-de-la-senorita-le-gras\/\",\"name\":\"Luisa de Marillac, Pensamiento 111: Testamento de la Se\u00f1orita Le Gras - Somos Vicencianos\",\"isPartOf\":{\"@id\":\"https:\/\/vincentians.com\/es\/#website\"},\"primaryImageOfPage\":{\"@id\":\"http:\/\/vincentians.com\/es\/luisa-de-marillac-pensamiento-111-testamento-de-la-senorita-le-gras\/#primaryimage\"},\"image\":{\"@id\":\"http:\/\/vincentians.com\/es\/luisa-de-marillac-pensamiento-111-testamento-de-la-senorita-le-gras\/#primaryimage\"},\"thumbnailUrl\":\"https:\/\/i0.wp.com\/vincentians.com\/es\/wp-content\/uploads\/sites\/11\/2016\/07\/escritos-luisa-de-marillac.jpg?fit=1200%2C630\",\"datePublished\":\"2009-04-21T15:37:36+00:00\",\"dateModified\":\"2016-07-26T18:01:55+00:00\",\"breadcrumb\":{\"@id\":\"http:\/\/vincentians.com\/es\/luisa-de-marillac-pensamiento-111-testamento-de-la-senorita-le-gras\/#breadcrumb\"},\"inLanguage\":\"es\",\"potentialAction\":[{\"@type\":\"ReadAction\",\"target\":[\"http:\/\/vincentians.com\/es\/luisa-de-marillac-pensamiento-111-testamento-de-la-senorita-le-gras\/\"]}]},{\"@type\":\"ImageObject\",\"inLanguage\":\"es\",\"@id\":\"http:\/\/vincentians.com\/es\/luisa-de-marillac-pensamiento-111-testamento-de-la-senorita-le-gras\/#primaryimage\",\"url\":\"https:\/\/i0.wp.com\/vincentians.com\/es\/wp-content\/uploads\/sites\/11\/2016\/07\/escritos-luisa-de-marillac.jpg?fit=1200%2C630\",\"contentUrl\":\"https:\/\/i0.wp.com\/vincentians.com\/es\/wp-content\/uploads\/sites\/11\/2016\/07\/escritos-luisa-de-marillac.jpg?fit=1200%2C630\",\"width\":1200,\"height\":630},{\"@type\":\"BreadcrumbList\",\"@id\":\"http:\/\/vincentians.com\/es\/luisa-de-marillac-pensamiento-111-testamento-de-la-senorita-le-gras\/#breadcrumb\",\"itemListElement\":[{\"@type\":\"ListItem\",\"position\":1,\"name\":\"Portada\",\"item\":\"https:\/\/vincentians.com\/es\/\"},{\"@type\":\"ListItem\",\"position\":2,\"name\":\"Luisa de Marillac, Pensamiento 111: Testamento de la Se\u00f1orita Le Gras\"}]},{\"@type\":\"WebSite\",\"@id\":\"https:\/\/vincentians.com\/es\/#website\",\"url\":\"https:\/\/vincentians.com\/es\/\",\"name\":\"Somos Vicencianos\",\"description\":\"Know more to serve more\",\"publisher\":{\"@id\":\"https:\/\/vincentians.com\/es\/#organization\"},\"potentialAction\":[{\"@type\":\"SearchAction\",\"target\":{\"@type\":\"EntryPoint\",\"urlTemplate\":\"https:\/\/vincentians.com\/es\/?s={search_term_string}\"},\"query-input\":{\"@type\":\"PropertyValueSpecification\",\"valueRequired\":true,\"valueName\":\"search_term_string\"}}],\"inLanguage\":\"es\"},{\"@type\":\"Organization\",\"@id\":\"https:\/\/vincentians.com\/es\/#organization\",\"name\":\"The Vincentian Network\",\"url\":\"https:\/\/vincentians.com\/es\/\",\"logo\":{\"@type\":\"ImageObject\",\"inLanguage\":\"es\",\"@id\":\"https:\/\/vincentians.com\/es\/#\/schema\/logo\/image\/\",\"url\":\"https:\/\/i1.wp.com\/vincentians.com\/es\/wp-content\/uploads\/sites\/11\/2016\/06\/Vincentian-Network-logo-big.png?fit=778%2C778\",\"contentUrl\":\"https:\/\/i1.wp.com\/vincentians.com\/es\/wp-content\/uploads\/sites\/11\/2016\/06\/Vincentian-Network-logo-big.png?fit=778%2C778\",\"width\":778,\"height\":778,\"caption\":\"The Vincentian Network\"},\"image\":{\"@id\":\"https:\/\/vincentians.com\/es\/#\/schema\/logo\/image\/\"},\"sameAs\":[\"https:\/\/www.facebook.com\/WeAreVincentians\/\",\"https:\/\/x.com\/WeVincentians\"]},{\"@type\":\"Person\",\"@id\":\"https:\/\/vincentians.com\/es\/#\/schema\/person\/9623ef4d9aa3b2dfb8c061f1499288f2\",\"name\":\"Francisco Javier Fern\u00e1ndez Chento\",\"image\":{\"@type\":\"ImageObject\",\"inLanguage\":\"es\",\"@id\":\"https:\/\/vincentians.com\/es\/#\/schema\/person\/image\/\",\"url\":\"https:\/\/secure.gravatar.com\/avatar\/497d5cde87b4c3d097d0315953521681ba2cd523ee66e5077c3711f7021e65de?s=96&d=mm&r=g\",\"contentUrl\":\"https:\/\/secure.gravatar.com\/avatar\/497d5cde87b4c3d097d0315953521681ba2cd523ee66e5077c3711f7021e65de?s=96&d=mm&r=g\",\"caption\":\"Francisco Javier Fern\u00e1ndez Chento\"},\"description\":\"Director General y cofundador de La Red de Formaci\u00f3n Vicenciana. Javier es laico vicenciano, afiliado a la Congregaci\u00f3n de la Misi\u00f3n y miembro del Equipo de Misiones Populares de la provincia can\u00f3nica de Zaragoza (Espa\u00f1a) de la Congregaci\u00f3n de la Misi\u00f3n. Graduado en la Universidad Oberta de Catalunya con cuatro grados (Asistente de direcci\u00f3n, Gesti\u00f3n Administrativa, Recursos Humanos y Contabilidad Avanzada). Bil\u00edng\u00fce Espa\u00f1ol\/Ingl\u00e9s. gestiona y mantiene varias p\u00e1ginas web cristianas y vicencianas, incluida including La Red de Formaci\u00f3n Vicenciana, de la que es cofundador. Actualmente es responsable del \u00e1rea de Espa\u00f1ol de .famvin, la Red de Noticias de la Familia Vicenciana. Tambi\u00e9n es m\u00fasico cat\u00f3lico y ha editado varios discos. Es Director General y cofundador de Trovador, una reconocida compa\u00f1\u00eda discogr\u00e1fica critiana de Espa\u00f1a. Trabaja en las Tecnolog\u00edas de la Informaci\u00f3n, ofreciendo servicios de alojamiento, dise\u00f1o y mantenimiento Web, as\u00ed como asesoramiento, formaci\u00f3n y soluciones inform\u00e1ticas, gesti\u00f3n documental y digitalizaci\u00f3n de textos, edici\u00f3n y maquetaci\u00f3n de libros, revistas, flyers, etc.\",\"sameAs\":[\"http:\/\/chento.org\",\"https:\/\/www.facebook.com\/JavierChento\",\"https:\/\/x.com\/https:\/\/twitter.com\/javierchento\"],\"url\":\"http:\/\/vincentians.com\/es\/author\/chento\/\"}]}<\/script>\n<!-- \/ Yoast SEO plugin. -->","yoast_head_json":{"title":"Luisa de Marillac, Pensamiento 111: Testamento de la Se\u00f1orita Le Gras - Somos Vicencianos","robots":{"index":"index","follow":"follow","max-snippet":"max-snippet:-1","max-image-preview":"max-image-preview:large","max-video-preview":"max-video-preview:-1"},"canonical":"http:\/\/vincentians.com\/es\/luisa-de-marillac-pensamiento-111-testamento-de-la-senorita-le-gras\/","og_locale":"es_ES","og_type":"article","og_title":"Luisa de Marillac, Pensamiento 111: Testamento de la Se\u00f1orita Le Gras - Somos Vicencianos","og_description":"E. 111 (A. 114) Testamento de la Se\u00f1orita Le Gras. pp.827-835 15 de diciembre de 1645 289. En el nombre de Dios, Padre, Hijo y Esp\u00edritu Santo. Postrada con toda humildad a la vista de ... Read More","og_url":"http:\/\/vincentians.com\/es\/luisa-de-marillac-pensamiento-111-testamento-de-la-senorita-le-gras\/","og_site_name":"Somos Vicencianos","article_publisher":"https:\/\/www.facebook.com\/WeAreVincentians\/","article_author":"https:\/\/www.facebook.com\/JavierChento","article_published_time":"2009-04-21T15:37:36+00:00","article_modified_time":"2016-07-26T18:01:55+00:00","og_image":[{"width":1200,"height":630,"url":"https:\/\/i0.wp.com\/vincentians.com\/es\/wp-content\/uploads\/sites\/11\/2016\/07\/escritos-luisa-de-marillac.jpg?fit=1200%2C630","type":"image\/jpeg"}],"author":"Francisco Javier Fern\u00e1ndez Chento","twitter_card":"summary_large_image","twitter_creator":"@https:\/\/twitter.com\/javierchento","twitter_site":"@WeVincentians","twitter_misc":{"Escrito por":"Francisco Javier Fern\u00e1ndez Chento","Tiempo de lectura":"23 minutos"},"schema":{"@context":"https:\/\/schema.org","@graph":[{"@type":"Article","@id":"http:\/\/vincentians.com\/es\/luisa-de-marillac-pensamiento-111-testamento-de-la-senorita-le-gras\/#article","isPartOf":{"@id":"http:\/\/vincentians.com\/es\/luisa-de-marillac-pensamiento-111-testamento-de-la-senorita-le-gras\/"},"author":{"name":"Francisco Javier Fern\u00e1ndez Chento","@id":"https:\/\/vincentians.com\/es\/#\/schema\/person\/9623ef4d9aa3b2dfb8c061f1499288f2"},"headline":"Luisa de Marillac, Pensamiento 111: Testamento de la Se\u00f1orita Le Gras","datePublished":"2009-04-21T15:37:36+00:00","dateModified":"2016-07-26T18:01:55+00:00","mainEntityOfPage":{"@id":"http:\/\/vincentians.com\/es\/luisa-de-marillac-pensamiento-111-testamento-de-la-senorita-le-gras\/"},"wordCount":4539,"commentCount":0,"publisher":{"@id":"https:\/\/vincentians.com\/es\/#organization"},"image":{"@id":"http:\/\/vincentians.com\/es\/luisa-de-marillac-pensamiento-111-testamento-de-la-senorita-le-gras\/#primaryimage"},"thumbnailUrl":"https:\/\/i0.wp.com\/vincentians.com\/es\/wp-content\/uploads\/sites\/11\/2016\/07\/escritos-luisa-de-marillac.jpg?fit=1200%2C630","keywords":["Bons Enfants","San L\u00e1zaro"],"articleSection":["Escritos de Luisa de Marillac"],"inLanguage":"es","potentialAction":[{"@type":"CommentAction","name":"Comment","target":["http:\/\/vincentians.com\/es\/luisa-de-marillac-pensamiento-111-testamento-de-la-senorita-le-gras\/#respond"]}]},{"@type":"WebPage","@id":"http:\/\/vincentians.com\/es\/luisa-de-marillac-pensamiento-111-testamento-de-la-senorita-le-gras\/","url":"http:\/\/vincentians.com\/es\/luisa-de-marillac-pensamiento-111-testamento-de-la-senorita-le-gras\/","name":"Luisa de Marillac, Pensamiento 111: Testamento de la Se\u00f1orita Le Gras - Somos Vicencianos","isPartOf":{"@id":"https:\/\/vincentians.com\/es\/#website"},"primaryImageOfPage":{"@id":"http:\/\/vincentians.com\/es\/luisa-de-marillac-pensamiento-111-testamento-de-la-senorita-le-gras\/#primaryimage"},"image":{"@id":"http:\/\/vincentians.com\/es\/luisa-de-marillac-pensamiento-111-testamento-de-la-senorita-le-gras\/#primaryimage"},"thumbnailUrl":"https:\/\/i0.wp.com\/vincentians.com\/es\/wp-content\/uploads\/sites\/11\/2016\/07\/escritos-luisa-de-marillac.jpg?fit=1200%2C630","datePublished":"2009-04-21T15:37:36+00:00","dateModified":"2016-07-26T18:01:55+00:00","breadcrumb":{"@id":"http:\/\/vincentians.com\/es\/luisa-de-marillac-pensamiento-111-testamento-de-la-senorita-le-gras\/#breadcrumb"},"inLanguage":"es","potentialAction":[{"@type":"ReadAction","target":["http:\/\/vincentians.com\/es\/luisa-de-marillac-pensamiento-111-testamento-de-la-senorita-le-gras\/"]}]},{"@type":"ImageObject","inLanguage":"es","@id":"http:\/\/vincentians.com\/es\/luisa-de-marillac-pensamiento-111-testamento-de-la-senorita-le-gras\/#primaryimage","url":"https:\/\/i0.wp.com\/vincentians.com\/es\/wp-content\/uploads\/sites\/11\/2016\/07\/escritos-luisa-de-marillac.jpg?fit=1200%2C630","contentUrl":"https:\/\/i0.wp.com\/vincentians.com\/es\/wp-content\/uploads\/sites\/11\/2016\/07\/escritos-luisa-de-marillac.jpg?fit=1200%2C630","width":1200,"height":630},{"@type":"BreadcrumbList","@id":"http:\/\/vincentians.com\/es\/luisa-de-marillac-pensamiento-111-testamento-de-la-senorita-le-gras\/#breadcrumb","itemListElement":[{"@type":"ListItem","position":1,"name":"Portada","item":"https:\/\/vincentians.com\/es\/"},{"@type":"ListItem","position":2,"name":"Luisa de Marillac, Pensamiento 111: Testamento de la Se\u00f1orita Le Gras"}]},{"@type":"WebSite","@id":"https:\/\/vincentians.com\/es\/#website","url":"https:\/\/vincentians.com\/es\/","name":"Somos Vicencianos","description":"Know more to serve more","publisher":{"@id":"https:\/\/vincentians.com\/es\/#organization"},"potentialAction":[{"@type":"SearchAction","target":{"@type":"EntryPoint","urlTemplate":"https:\/\/vincentians.com\/es\/?s={search_term_string}"},"query-input":{"@type":"PropertyValueSpecification","valueRequired":true,"valueName":"search_term_string"}}],"inLanguage":"es"},{"@type":"Organization","@id":"https:\/\/vincentians.com\/es\/#organization","name":"The Vincentian Network","url":"https:\/\/vincentians.com\/es\/","logo":{"@type":"ImageObject","inLanguage":"es","@id":"https:\/\/vincentians.com\/es\/#\/schema\/logo\/image\/","url":"https:\/\/i1.wp.com\/vincentians.com\/es\/wp-content\/uploads\/sites\/11\/2016\/06\/Vincentian-Network-logo-big.png?fit=778%2C778","contentUrl":"https:\/\/i1.wp.com\/vincentians.com\/es\/wp-content\/uploads\/sites\/11\/2016\/06\/Vincentian-Network-logo-big.png?fit=778%2C778","width":778,"height":778,"caption":"The Vincentian Network"},"image":{"@id":"https:\/\/vincentians.com\/es\/#\/schema\/logo\/image\/"},"sameAs":["https:\/\/www.facebook.com\/WeAreVincentians\/","https:\/\/x.com\/WeVincentians"]},{"@type":"Person","@id":"https:\/\/vincentians.com\/es\/#\/schema\/person\/9623ef4d9aa3b2dfb8c061f1499288f2","name":"Francisco Javier Fern\u00e1ndez Chento","image":{"@type":"ImageObject","inLanguage":"es","@id":"https:\/\/vincentians.com\/es\/#\/schema\/person\/image\/","url":"https:\/\/secure.gravatar.com\/avatar\/497d5cde87b4c3d097d0315953521681ba2cd523ee66e5077c3711f7021e65de?s=96&d=mm&r=g","contentUrl":"https:\/\/secure.gravatar.com\/avatar\/497d5cde87b4c3d097d0315953521681ba2cd523ee66e5077c3711f7021e65de?s=96&d=mm&r=g","caption":"Francisco Javier Fern\u00e1ndez Chento"},"description":"Director General y cofundador de La Red de Formaci\u00f3n Vicenciana. Javier es laico vicenciano, afiliado a la Congregaci\u00f3n de la Misi\u00f3n y miembro del Equipo de Misiones Populares de la provincia can\u00f3nica de Zaragoza (Espa\u00f1a) de la Congregaci\u00f3n de la Misi\u00f3n. Graduado en la Universidad Oberta de Catalunya con cuatro grados (Asistente de direcci\u00f3n, Gesti\u00f3n Administrativa, Recursos Humanos y Contabilidad Avanzada). Bil\u00edng\u00fce Espa\u00f1ol\/Ingl\u00e9s. gestiona y mantiene varias p\u00e1ginas web cristianas y vicencianas, incluida including La Red de Formaci\u00f3n Vicenciana, de la que es cofundador. Actualmente es responsable del \u00e1rea de Espa\u00f1ol de .famvin, la Red de Noticias de la Familia Vicenciana. Tambi\u00e9n es m\u00fasico cat\u00f3lico y ha editado varios discos. Es Director General y cofundador de Trovador, una reconocida compa\u00f1\u00eda discogr\u00e1fica critiana de Espa\u00f1a. Trabaja en las Tecnolog\u00edas de la Informaci\u00f3n, ofreciendo servicios de alojamiento, dise\u00f1o y mantenimiento Web, as\u00ed como asesoramiento, formaci\u00f3n y soluciones inform\u00e1ticas, gesti\u00f3n documental y digitalizaci\u00f3n de textos, edici\u00f3n y maquetaci\u00f3n de libros, revistas, flyers, etc.","sameAs":["http:\/\/chento.org","https:\/\/www.facebook.com\/JavierChento","https:\/\/x.com\/https:\/\/twitter.com\/javierchento"],"url":"http:\/\/vincentians.com\/es\/author\/chento\/"}]}},"jetpack_publicize_connections":[],"jetpack_featured_media_url":"https:\/\/i0.wp.com\/vincentians.com\/es\/wp-content\/uploads\/sites\/11\/2016\/07\/escritos-luisa-de-marillac.jpg?fit=1200%2C630","jetpack_sharing_enabled":true,"jetpack_shortlink":"https:\/\/wp.me\/p7ETMF-1JM","jetpack-related-posts":[{"id":144824,"url":"http:\/\/vincentians.com\/es\/luisa-de-marillac-mujer-discipula-colaboradora-formadora-fundadora-madre\/","url_meta":{"origin":6682,"position":0},"title":"Luisa de Marillac: Mujer, disc\u00edpula, colaboradora, formadora, fundadora, madre","author":"Francisco Javier Fern\u00e1ndez Chento","date":"11\/05\/2015","format":false,"excerpt":"Introducci\u00f3n En julio de 1660 san Vicente de Pa\u00fal, en una conferencia a las Hermanas sobre las virtudes de la Se\u00f1orita Le Gras afirma convencido: \u201cSi desean ser buenas Hijas de la Caridad, est\u00e1n obligadas a fijarse en sus virtudes.\u201d[1]. \u201c\u2026 Ser buenas Hijas de la Caridad\u201d es la decisi\u00f3n\u2026","rel":"","context":"En \u00abLuisa de Marillac\u00bb","block_context":{"text":"Luisa de Marillac","link":"http:\/\/vincentians.com\/es\/category\/la-familia-vicenciana\/fundadores\/luisa-de-marillac\/"},"img":{"alt_text":"Louise 112","src":"https:\/\/i0.wp.com\/vicencianos.org\/wp-content\/2015\/03\/Louise-112-297x300.jpg?resize=350%2C200","width":350,"height":200},"classes":[]},{"id":109595,"url":"http:\/\/vincentians.com\/es\/san-vicente-de-paul-su-vida-su-tiempo-sus-obras-su-influencia-libro-7-capitulo-1\/","url_meta":{"origin":6682,"position":1},"title":"San Vicente de Pa\u00fal. Su vida, su tiempo; sus obras, su influencia. Libro 7, cap\u00edtulo 1","author":"Francisco Javier Fern\u00e1ndez Chento","date":"25\/01\/2015","format":false,"excerpt":"LIBRO VII: Las Hijas y las Damas de la Caridad.2 Los Hospitales Cap\u00edtulo Primero: Las Hijas de la Caridad. Hemos advertido m\u00e1s de una vez que, en todas sus Misiones, Vicente y sus hijos dejaban siempre una cofrad\u00eda de la Caridad como monumento de su paso. Durante algunos a\u00f1os, el\u2026","rel":"","context":"En \u00abVicente de Pa\u00fal\u00bb","block_context":{"text":"Vicente de Pa\u00fal","link":"http:\/\/vincentians.com\/es\/category\/la-familia-vicenciana\/fundadores\/vicente-de-paul\/"},"img":{"alt_text":"","src":"","width":0,"height":0},"classes":[]},{"id":126117,"url":"http:\/\/vincentians.com\/es\/vicente-de-paul-carta-1185-a-luisa-de-marillac\/","url_meta":{"origin":6682,"position":2},"title":"Vicente de Pa\u00fal, Carta 1185: A Luisa De Marillac","author":"Francisco Javier Fern\u00e1ndez Chento","date":"26\/12\/2013","format":false,"excerpt":"Par\u00eds, 2 septiembre [1649] Se\u00f1orita: La gracia de Nuestro Se\u00f1or sea siempre con nosotros. Es usted demasiado impresionable por la salida de sus hijas. En nombre de Dios, se\u00f1orita, esfu\u00e9rcese en adquirir la gracia de la aceptaci\u00f3n de tales momentos. Es una misericordia de Nuestro Se\u00f1or con la Compa\u00f1\u00eda el\u2026","rel":"","context":"En \u00abEscritos de Vicente de Pa\u00fal\u00bb","block_context":{"text":"Escritos de Vicente de Pa\u00fal","link":"http:\/\/vincentians.com\/es\/category\/escritos\/escritos-de-vicente-de-paul\/"},"img":{"alt_text":"","src":"https:\/\/i0.wp.com\/vincentians.com\/es\/wp-content\/uploads\/sites\/11\/2016\/07\/escritos-vicente-de-paul.jpg?fit=1200%2C630&resize=350%2C200","width":350,"height":200,"srcset":"https:\/\/i0.wp.com\/vincentians.com\/es\/wp-content\/uploads\/sites\/11\/2016\/07\/escritos-vicente-de-paul.jpg?fit=1200%2C630&resize=350%2C200 1x, https:\/\/i0.wp.com\/vincentians.com\/es\/wp-content\/uploads\/sites\/11\/2016\/07\/escritos-vicente-de-paul.jpg?fit=1200%2C630&resize=525%2C300 1.5x, https:\/\/i0.wp.com\/vincentians.com\/es\/wp-content\/uploads\/sites\/11\/2016\/07\/escritos-vicente-de-paul.jpg?fit=1200%2C630&resize=700%2C400 2x, https:\/\/i0.wp.com\/vincentians.com\/es\/wp-content\/uploads\/sites\/11\/2016\/07\/escritos-vicente-de-paul.jpg?fit=1200%2C630&resize=1050%2C600 3x"},"classes":[]},{"id":117474,"url":"http:\/\/vincentians.com\/es\/vicente-de-paul-carta-1048-luisa-de-marillac-a-san-vicente\/","url_meta":{"origin":6682,"position":3},"title":"Vicente de Pa\u00fal, Carta 1048: Luisa De Marillac A San Vicente","author":"Francisco Javier Fern\u00e1ndez Chento","date":"11\/01\/2013","format":false,"excerpt":"[Entre 1644 y 1649] Acordarse de avisar a las damas que procuren en sus instrucciones no hablar mucho con los enfermos graves, aunque no hayan hecho la confesi\u00f3n general, sino decirles solamente que se confiesen de los pecados olvidados o que se hayan callado otras veces, con deseo de confesarse\u2026","rel":"","context":"En \u00abEscritos de Vicente de Pa\u00fal\u00bb","block_context":{"text":"Escritos de Vicente de Pa\u00fal","link":"http:\/\/vincentians.com\/es\/category\/escritos\/escritos-de-vicente-de-paul\/"},"img":{"alt_text":"","src":"https:\/\/i0.wp.com\/vincentians.com\/es\/wp-content\/uploads\/sites\/11\/2016\/07\/escritos-vicente-de-paul.jpg?fit=1200%2C630&resize=350%2C200","width":350,"height":200,"srcset":"https:\/\/i0.wp.com\/vincentians.com\/es\/wp-content\/uploads\/sites\/11\/2016\/07\/escritos-vicente-de-paul.jpg?fit=1200%2C630&resize=350%2C200 1x, https:\/\/i0.wp.com\/vincentians.com\/es\/wp-content\/uploads\/sites\/11\/2016\/07\/escritos-vicente-de-paul.jpg?fit=1200%2C630&resize=525%2C300 1.5x, https:\/\/i0.wp.com\/vincentians.com\/es\/wp-content\/uploads\/sites\/11\/2016\/07\/escritos-vicente-de-paul.jpg?fit=1200%2C630&resize=700%2C400 2x, https:\/\/i0.wp.com\/vincentians.com\/es\/wp-content\/uploads\/sites\/11\/2016\/07\/escritos-vicente-de-paul.jpg?fit=1200%2C630&resize=1050%2C600 3x"},"classes":[]},{"id":119355,"url":"http:\/\/vincentians.com\/es\/vicente-de-paul-carta-1117-a-luisa-de-marillac\/","url_meta":{"origin":6682,"position":4},"title":"Vicente de Pa\u00fal, Carta 1117: A Luisa De Marillac","author":"Francisco Javier Fern\u00e1ndez Chento","date":"13\/04\/2013","format":false,"excerpt":"San L\u00e1zaro [octubre 1648] El padre Vicente agradece muy humildemente a la se\u00f1orita Le Gras el remedio que le ha enviado, que se propone utilizar, si Dios quiere. Trabajaremos en el asunto de Monstrel y en el de la feria No recuerdo el asunto de la carta del se\u00f1or p\u00e1rroco\u2026","rel":"","context":"En \u00abEscritos de Vicente de Pa\u00fal\u00bb","block_context":{"text":"Escritos de Vicente de Pa\u00fal","link":"http:\/\/vincentians.com\/es\/category\/escritos\/escritos-de-vicente-de-paul\/"},"img":{"alt_text":"","src":"https:\/\/i0.wp.com\/vincentians.com\/es\/wp-content\/uploads\/sites\/11\/2016\/07\/escritos-vicente-de-paul.jpg?fit=1200%2C630&resize=350%2C200","width":350,"height":200,"srcset":"https:\/\/i0.wp.com\/vincentians.com\/es\/wp-content\/uploads\/sites\/11\/2016\/07\/escritos-vicente-de-paul.jpg?fit=1200%2C630&resize=350%2C200 1x, https:\/\/i0.wp.com\/vincentians.com\/es\/wp-content\/uploads\/sites\/11\/2016\/07\/escritos-vicente-de-paul.jpg?fit=1200%2C630&resize=525%2C300 1.5x, https:\/\/i0.wp.com\/vincentians.com\/es\/wp-content\/uploads\/sites\/11\/2016\/07\/escritos-vicente-de-paul.jpg?fit=1200%2C630&resize=700%2C400 2x, https:\/\/i0.wp.com\/vincentians.com\/es\/wp-content\/uploads\/sites\/11\/2016\/07\/escritos-vicente-de-paul.jpg?fit=1200%2C630&resize=1050%2C600 3x"},"classes":[]},{"id":124786,"url":"http:\/\/vincentians.com\/es\/matrimonio-de-luisa-de-marillac-la-senorita-le-gras\/","url_meta":{"origin":6682,"position":5},"title":"Matrimonio de Luisa de Marillac (la se\u00f1orita Le Gras)","author":"Francisco Javier Fern\u00e1ndez Chento","date":"31\/05\/2015","format":false,"excerpt":"El 5 de febrero de 1613, Luisa de Marillac contrajo matrimonio con Antonio Le Gras, hombre \u2014al decir de su esposa cuando muri\u00f3\u2014 que \"hac\u00eda mucho tiempo, por la mise\u00adricordia de Dios, no ten\u00eda ning\u00fan afecto por las cosas que pueden llevar al pecado y que ten\u00eda gran deseo de\u2026","rel":"","context":"En \u00abLuisa de Marillac\u00bb","block_context":{"text":"Luisa de Marillac","link":"http:\/\/vincentians.com\/es\/category\/la-familia-vicenciana\/fundadores\/luisa-de-marillac\/"},"img":{"alt_text":"","src":"","width":0,"height":0},"classes":[]}],"_links":{"self":[{"href":"http:\/\/vincentians.com\/es\/wp-json\/wp\/v2\/posts\/6682","targetHints":{"allow":["GET"]}}],"collection":[{"href":"http:\/\/vincentians.com\/es\/wp-json\/wp\/v2\/posts"}],"about":[{"href":"http:\/\/vincentians.com\/es\/wp-json\/wp\/v2\/types\/post"}],"author":[{"embeddable":true,"href":"http:\/\/vincentians.com\/es\/wp-json\/wp\/v2\/users\/4"}],"replies":[{"embeddable":true,"href":"http:\/\/vincentians.com\/es\/wp-json\/wp\/v2\/comments?post=6682"}],"version-history":[{"count":0,"href":"http:\/\/vincentians.com\/es\/wp-json\/wp\/v2\/posts\/6682\/revisions"}],"wp:featuredmedia":[{"embeddable":true,"href":"http:\/\/vincentians.com\/es\/wp-json\/wp\/v2\/media\/393751"}],"wp:attachment":[{"href":"http:\/\/vincentians.com\/es\/wp-json\/wp\/v2\/media?parent=6682"}],"wp:term":[{"taxonomy":"category","embeddable":true,"href":"http:\/\/vincentians.com\/es\/wp-json\/wp\/v2\/categories?post=6682"},{"taxonomy":"post_tag","embeddable":true,"href":"http:\/\/vincentians.com\/es\/wp-json\/wp\/v2\/tags?post=6682"}],"curies":[{"name":"wp","href":"https:\/\/api.w.org\/{rel}","templated":true}]}}