{"id":6660,"date":"2009-03-30T16:36:33","date_gmt":"2009-03-30T15:36:33","guid":{"rendered":"http:\/\/somos.vicencianos.org\/blog\/2009\/03\/30\/luisa-de-marillac-pensamiento-089-el-cielo-comparado-al-grano-de-mostaza\/"},"modified":"2016-07-26T20:01:57","modified_gmt":"2016-07-26T18:01:57","slug":"luisa-de-marillac-pensamiento-089-el-cielo-comparado-al-grano-de-mostaza","status":"publish","type":"post","link":"http:\/\/vincentians.com\/es\/luisa-de-marillac-pensamiento-089-el-cielo-comparado-al-grano-de-mostaza\/","title":{"rendered":"Luisa de Marillac, Pensamiento 089: El cielo comparado al grano de mostaza"},"content":{"rendered":"<p><a href=\"#_edn1\">[i]<\/a><strong><span style=\"text-decoration: underline\">E. 89 (A. 37) (El cielo comparado al grano de mostaza).<\/span><\/strong><span style=\"text-decoration: underline\"> p.793<\/span><\/p>\n<p>237. Nuestro Se\u00f1or ha querido poner m\u00e1s a nuestro alcance el reino de los cielos con la comparaci\u00f3n del grano de mostaza, para ense\u00f1arnos la facilidad para adquirirlo que El nos ha conquistado por medio de tantos trabajos y padecimientos y por su muerte; el goce <em>(de este reino) <\/em>nos est\u00e1 asegurado si lo deseamos, y parece que este reino sea solamente deseo en este mundo, porque \u00bfqu\u00e9 cosa hay m\u00e1s peque\u00f1a que un grano, qu\u00e9 cosa menor que un deseo?<\/p>\n<p>\u00a1Pues qu\u00e9! Dios m\u00edo, \u00bftan poca cosa es esa felicidad eterna, \u00fanica capaz de saciar a las almas bienaventuradas? \u00bfde tal modo desprecias la sangre y la vida que te ha costado que la rebajas hasta el punto de compararla con un diminuto grano de mostaza?; s\u00ed, ya s\u00e9 que ese grano contiene en su naturaleza una gran fuerza tanto por lo que se multiplica como por la calidad que confiere a lo que de \u00e9l sale.<\/p>\n<p>Tratar\u00e9, pues, de tener el deseo del cielo y una vez que lo tenga, lo sembrar\u00e9 en la tierra de mi coraz\u00f3n y para que crezca y se perfeccione, rogar\u00e9 a mi Dios que abone esa tierra con su c\u00e1lido Amor y la riegue con la preciosa Sangre de mi Salvador.<\/p>\n<hr size=\"1\" \/><a href=\"#_ednref1\">[i]<\/a><strong><span style=\"text-decoration: underline\">E. 89. Rc 5, A 37. Original aut\u00f3grafo.<\/span><\/strong><\/p>\n","protected":false},"excerpt":{"rendered":"<p>[i]E. 89 (A. 37) (El cielo comparado al grano de mostaza). p.793 237. Nuestro Se\u00f1or ha querido poner m\u00e1s a nuestro alcance el reino de los cielos con la comparaci\u00f3n del grano de mostaza, para &#8230; <a href=\"http:\/\/vincentians.com\/es\/luisa-de-marillac-pensamiento-089-el-cielo-comparado-al-grano-de-mostaza\/\" class=\"more-link\">Read More<\/a><\/p>\n","protected":false},"author":4,"featured_media":393751,"comment_status":"open","ping_status":"open","sticky":false,"template":"","format":"standard","meta":{"rs_blank_template":"","rs_page_bg_color":"","slide_template_v7":"","_jetpack_newsletter_access":"","_jetpack_dont_email_post_to_subs":false,"_jetpack_newsletter_tier_id":0,"_jetpack_memberships_contains_paywalled_content":false,"_jetpack_feature_clip_id":0,"_jetpack_memberships_contains_paid_content":false,"footnotes":"","jetpack_publicize_message":"","jetpack_publicize_feature_enabled":true,"jetpack_social_post_already_shared":true,"jetpack_social_options":{"image_generator_settings":{"template":"highway","default_image_id":0,"font":"","enabled":false},"version":2},"jetpack_post_was_ever_published":false},"categories":[67],"tags":[],"class_list":["post-6660","post","type-post","status-publish","format-standard","has-post-thumbnail","hentry","category-escritos-de-luisa-de-marillac"],"yoast_head":"<!-- This site is optimized with the Yoast SEO plugin v27.9 - https:\/\/yoast.com\/product\/yoast-seo-wordpress\/ -->\n<title>Luisa de Marillac, Pensamiento 089: El cielo comparado al grano de mostaza - Somos Vicencianos<\/title>\n<meta name=\"robots\" content=\"index, follow, max-snippet:-1, max-image-preview:large, max-video-preview:-1\" \/>\n<link rel=\"canonical\" href=\"https:\/\/vincentians.com\/es\/luisa-de-marillac-pensamiento-089-el-cielo-comparado-al-grano-de-mostaza\/\" \/>\n<meta property=\"og:locale\" content=\"es_ES\" \/>\n<meta property=\"og:type\" content=\"article\" \/>\n<meta property=\"og:title\" content=\"Luisa de Marillac, Pensamiento 089: El cielo comparado al grano de mostaza - Somos Vicencianos\" \/>\n<meta property=\"og:description\" content=\"[i]E. 89 (A. 37) (El cielo comparado al grano de mostaza). p.793 237. Nuestro Se\u00f1or ha querido poner m\u00e1s a nuestro alcance el reino de los cielos con la comparaci\u00f3n del grano de mostaza, para ... Read More\" \/>\n<meta property=\"og:url\" content=\"https:\/\/vincentians.com\/es\/luisa-de-marillac-pensamiento-089-el-cielo-comparado-al-grano-de-mostaza\/\" \/>\n<meta property=\"og:site_name\" content=\"Somos Vicencianos\" \/>\n<meta property=\"article:publisher\" content=\"https:\/\/www.facebook.com\/WeAreVincentians\/\" \/>\n<meta property=\"article:author\" content=\"https:\/\/www.facebook.com\/JavierChento\" \/>\n<meta property=\"article:published_time\" content=\"2009-03-30T15:36:33+00:00\" \/>\n<meta property=\"article:modified_time\" content=\"2016-07-26T18:01:57+00:00\" \/>\n<meta property=\"og:image\" content=\"https:\/\/i0.wp.com\/vincentians.com\/es\/wp-content\/uploads\/sites\/11\/2016\/07\/escritos-luisa-de-marillac.jpg?fit=1200%2C630&ssl=1\" \/>\n\t<meta property=\"og:image:width\" content=\"1200\" \/>\n\t<meta property=\"og:image:height\" content=\"630\" \/>\n\t<meta property=\"og:image:type\" content=\"image\/jpeg\" \/>\n<meta name=\"author\" content=\"Francisco Javier Fern\u00e1ndez Chento\" \/>\n<meta name=\"twitter:card\" content=\"summary_large_image\" \/>\n<meta name=\"twitter:creator\" content=\"@https:\/\/twitter.com\/javierchento\" \/>\n<meta name=\"twitter:site\" content=\"@WeVincentians\" \/>\n<meta name=\"twitter:label1\" content=\"Escrito por\" \/>\n\t<meta name=\"twitter:data1\" content=\"Francisco Javier Fern\u00e1ndez Chento\" \/>\n\t<meta name=\"twitter:label2\" content=\"Tiempo de lectura\" \/>\n\t<meta name=\"twitter:data2\" content=\"1 minuto\" \/>\n<script type=\"application\/ld+json\" class=\"yoast-schema-graph\">{\"@context\":\"https:\\\/\\\/schema.org\",\"@graph\":[{\"@type\":\"Article\",\"@id\":\"https:\\\/\\\/vincentians.com\\\/es\\\/luisa-de-marillac-pensamiento-089-el-cielo-comparado-al-grano-de-mostaza\\\/#article\",\"isPartOf\":{\"@id\":\"https:\\\/\\\/vincentians.com\\\/es\\\/luisa-de-marillac-pensamiento-089-el-cielo-comparado-al-grano-de-mostaza\\\/\"},\"author\":{\"name\":\"Francisco Javier Fern\u00e1ndez Chento\",\"@id\":\"http:\\\/\\\/vincentians.com\\\/es\\\/#\\\/schema\\\/person\\\/9623ef4d9aa3b2dfb8c061f1499288f2\"},\"headline\":\"Luisa de Marillac, Pensamiento 089: El cielo comparado al grano de mostaza\",\"datePublished\":\"2009-03-30T15:36:33+00:00\",\"dateModified\":\"2016-07-26T18:01:57+00:00\",\"mainEntityOfPage\":{\"@id\":\"https:\\\/\\\/vincentians.com\\\/es\\\/luisa-de-marillac-pensamiento-089-el-cielo-comparado-al-grano-de-mostaza\\\/\"},\"wordCount\":246,\"commentCount\":0,\"publisher\":{\"@id\":\"http:\\\/\\\/vincentians.com\\\/es\\\/#organization\"},\"image\":{\"@id\":\"https:\\\/\\\/vincentians.com\\\/es\\\/luisa-de-marillac-pensamiento-089-el-cielo-comparado-al-grano-de-mostaza\\\/#primaryimage\"},\"thumbnailUrl\":\"https:\\\/\\\/i0.wp.com\\\/vincentians.com\\\/es\\\/wp-content\\\/uploads\\\/sites\\\/11\\\/2016\\\/07\\\/escritos-luisa-de-marillac.jpg?fit=1200%2C630\",\"articleSection\":[\"Escritos de Luisa de Marillac\"],\"inLanguage\":\"es\",\"potentialAction\":[{\"@type\":\"CommentAction\",\"name\":\"Comment\",\"target\":[\"https:\\\/\\\/vincentians.com\\\/es\\\/luisa-de-marillac-pensamiento-089-el-cielo-comparado-al-grano-de-mostaza\\\/#respond\"]}]},{\"@type\":\"WebPage\",\"@id\":\"https:\\\/\\\/vincentians.com\\\/es\\\/luisa-de-marillac-pensamiento-089-el-cielo-comparado-al-grano-de-mostaza\\\/\",\"url\":\"https:\\\/\\\/vincentians.com\\\/es\\\/luisa-de-marillac-pensamiento-089-el-cielo-comparado-al-grano-de-mostaza\\\/\",\"name\":\"Luisa de Marillac, Pensamiento 089: El cielo comparado al grano de mostaza - Somos Vicencianos\",\"isPartOf\":{\"@id\":\"http:\\\/\\\/vincentians.com\\\/es\\\/#website\"},\"primaryImageOfPage\":{\"@id\":\"https:\\\/\\\/vincentians.com\\\/es\\\/luisa-de-marillac-pensamiento-089-el-cielo-comparado-al-grano-de-mostaza\\\/#primaryimage\"},\"image\":{\"@id\":\"https:\\\/\\\/vincentians.com\\\/es\\\/luisa-de-marillac-pensamiento-089-el-cielo-comparado-al-grano-de-mostaza\\\/#primaryimage\"},\"thumbnailUrl\":\"https:\\\/\\\/i0.wp.com\\\/vincentians.com\\\/es\\\/wp-content\\\/uploads\\\/sites\\\/11\\\/2016\\\/07\\\/escritos-luisa-de-marillac.jpg?fit=1200%2C630\",\"datePublished\":\"2009-03-30T15:36:33+00:00\",\"dateModified\":\"2016-07-26T18:01:57+00:00\",\"breadcrumb\":{\"@id\":\"https:\\\/\\\/vincentians.com\\\/es\\\/luisa-de-marillac-pensamiento-089-el-cielo-comparado-al-grano-de-mostaza\\\/#breadcrumb\"},\"inLanguage\":\"es\",\"potentialAction\":[{\"@type\":\"ReadAction\",\"target\":[\"https:\\\/\\\/vincentians.com\\\/es\\\/luisa-de-marillac-pensamiento-089-el-cielo-comparado-al-grano-de-mostaza\\\/\"]}]},{\"@type\":\"ImageObject\",\"inLanguage\":\"es\",\"@id\":\"https:\\\/\\\/vincentians.com\\\/es\\\/luisa-de-marillac-pensamiento-089-el-cielo-comparado-al-grano-de-mostaza\\\/#primaryimage\",\"url\":\"https:\\\/\\\/i0.wp.com\\\/vincentians.com\\\/es\\\/wp-content\\\/uploads\\\/sites\\\/11\\\/2016\\\/07\\\/escritos-luisa-de-marillac.jpg?fit=1200%2C630\",\"contentUrl\":\"https:\\\/\\\/i0.wp.com\\\/vincentians.com\\\/es\\\/wp-content\\\/uploads\\\/sites\\\/11\\\/2016\\\/07\\\/escritos-luisa-de-marillac.jpg?fit=1200%2C630\",\"width\":1200,\"height\":630},{\"@type\":\"BreadcrumbList\",\"@id\":\"https:\\\/\\\/vincentians.com\\\/es\\\/luisa-de-marillac-pensamiento-089-el-cielo-comparado-al-grano-de-mostaza\\\/#breadcrumb\",\"itemListElement\":[{\"@type\":\"ListItem\",\"position\":1,\"name\":\"Portada\",\"item\":\"http:\\\/\\\/vincentians.com\\\/es\\\/\"},{\"@type\":\"ListItem\",\"position\":2,\"name\":\"Luisa de Marillac, Pensamiento 089: El cielo comparado al grano de mostaza\"}]},{\"@type\":\"WebSite\",\"@id\":\"http:\\\/\\\/vincentians.com\\\/es\\\/#website\",\"url\":\"http:\\\/\\\/vincentians.com\\\/es\\\/\",\"name\":\"Somos Vicencianos\",\"description\":\"Know more to serve more\",\"publisher\":{\"@id\":\"http:\\\/\\\/vincentians.com\\\/es\\\/#organization\"},\"potentialAction\":[{\"@type\":\"SearchAction\",\"target\":{\"@type\":\"EntryPoint\",\"urlTemplate\":\"http:\\\/\\\/vincentians.com\\\/es\\\/?s={search_term_string}\"},\"query-input\":{\"@type\":\"PropertyValueSpecification\",\"valueRequired\":true,\"valueName\":\"search_term_string\"}}],\"inLanguage\":\"es\"},{\"@type\":\"Organization\",\"@id\":\"http:\\\/\\\/vincentians.com\\\/es\\\/#organization\",\"name\":\"The Vincentian Network\",\"url\":\"http:\\\/\\\/vincentians.com\\\/es\\\/\",\"logo\":{\"@type\":\"ImageObject\",\"inLanguage\":\"es\",\"@id\":\"http:\\\/\\\/vincentians.com\\\/es\\\/#\\\/schema\\\/logo\\\/image\\\/\",\"url\":\"https:\\\/\\\/i1.wp.com\\\/vincentians.com\\\/es\\\/wp-content\\\/uploads\\\/sites\\\/11\\\/2016\\\/06\\\/Vincentian-Network-logo-big.png?fit=778%2C778\",\"contentUrl\":\"https:\\\/\\\/i1.wp.com\\\/vincentians.com\\\/es\\\/wp-content\\\/uploads\\\/sites\\\/11\\\/2016\\\/06\\\/Vincentian-Network-logo-big.png?fit=778%2C778\",\"width\":778,\"height\":778,\"caption\":\"The Vincentian Network\"},\"image\":{\"@id\":\"http:\\\/\\\/vincentians.com\\\/es\\\/#\\\/schema\\\/logo\\\/image\\\/\"},\"sameAs\":[\"https:\\\/\\\/www.facebook.com\\\/WeAreVincentians\\\/\",\"https:\\\/\\\/x.com\\\/WeVincentians\"]},{\"@type\":\"Person\",\"@id\":\"http:\\\/\\\/vincentians.com\\\/es\\\/#\\\/schema\\\/person\\\/9623ef4d9aa3b2dfb8c061f1499288f2\",\"name\":\"Francisco Javier Fern\u00e1ndez Chento\",\"image\":{\"@type\":\"ImageObject\",\"inLanguage\":\"es\",\"@id\":\"https:\\\/\\\/secure.gravatar.com\\\/avatar\\\/497d5cde87b4c3d097d0315953521681ba2cd523ee66e5077c3711f7021e65de?s=96&d=mm&r=g\",\"url\":\"https:\\\/\\\/secure.gravatar.com\\\/avatar\\\/497d5cde87b4c3d097d0315953521681ba2cd523ee66e5077c3711f7021e65de?s=96&d=mm&r=g\",\"contentUrl\":\"https:\\\/\\\/secure.gravatar.com\\\/avatar\\\/497d5cde87b4c3d097d0315953521681ba2cd523ee66e5077c3711f7021e65de?s=96&d=mm&r=g\",\"caption\":\"Francisco Javier Fern\u00e1ndez Chento\"},\"description\":\"Director General y cofundador de La Red de Formaci\u00f3n Vicenciana. Javier es laico vicenciano, afiliado a la Congregaci\u00f3n de la Misi\u00f3n y miembro del Equipo de Misiones Populares de la provincia can\u00f3nica de Zaragoza (Espa\u00f1a) de la Congregaci\u00f3n de la Misi\u00f3n. Graduado en la Universidad Oberta de Catalunya con cuatro grados (Asistente de direcci\u00f3n, Gesti\u00f3n Administrativa, Recursos Humanos y Contabilidad Avanzada). Bil\u00edng\u00fce Espa\u00f1ol\\\/Ingl\u00e9s. gestiona y mantiene varias p\u00e1ginas web cristianas y vicencianas, incluida including La Red de Formaci\u00f3n Vicenciana, de la que es cofundador. Actualmente es responsable del \u00e1rea de Espa\u00f1ol de .famvin, la Red de Noticias de la Familia Vicenciana. Tambi\u00e9n es m\u00fasico cat\u00f3lico y ha editado varios discos. Es Director General y cofundador de Trovador, una reconocida compa\u00f1\u00eda discogr\u00e1fica critiana de Espa\u00f1a. Trabaja en las Tecnolog\u00edas de la Informaci\u00f3n, ofreciendo servicios de alojamiento, dise\u00f1o y mantenimiento Web, as\u00ed como asesoramiento, formaci\u00f3n y soluciones inform\u00e1ticas, gesti\u00f3n documental y digitalizaci\u00f3n de textos, edici\u00f3n y maquetaci\u00f3n de libros, revistas, flyers, etc.\",\"sameAs\":[\"http:\\\/\\\/chento.org\",\"https:\\\/\\\/www.facebook.com\\\/JavierChento\",\"https:\\\/\\\/x.com\\\/https:\\\/\\\/twitter.com\\\/javierchento\"],\"url\":\"http:\\\/\\\/vincentians.com\\\/es\\\/author\\\/chento\\\/\"}]}<\/script>\n<!-- \/ Yoast SEO plugin. -->","yoast_head_json":{"title":"Luisa de Marillac, Pensamiento 089: El cielo comparado al grano de mostaza - Somos Vicencianos","robots":{"index":"index","follow":"follow","max-snippet":"max-snippet:-1","max-image-preview":"max-image-preview:large","max-video-preview":"max-video-preview:-1"},"canonical":"https:\/\/vincentians.com\/es\/luisa-de-marillac-pensamiento-089-el-cielo-comparado-al-grano-de-mostaza\/","og_locale":"es_ES","og_type":"article","og_title":"Luisa de Marillac, Pensamiento 089: El cielo comparado al grano de mostaza - Somos Vicencianos","og_description":"[i]E. 89 (A. 37) (El cielo comparado al grano de mostaza). p.793 237. Nuestro Se\u00f1or ha querido poner m\u00e1s a nuestro alcance el reino de los cielos con la comparaci\u00f3n del grano de mostaza, para ... Read More","og_url":"https:\/\/vincentians.com\/es\/luisa-de-marillac-pensamiento-089-el-cielo-comparado-al-grano-de-mostaza\/","og_site_name":"Somos Vicencianos","article_publisher":"https:\/\/www.facebook.com\/WeAreVincentians\/","article_author":"https:\/\/www.facebook.com\/JavierChento","article_published_time":"2009-03-30T15:36:33+00:00","article_modified_time":"2016-07-26T18:01:57+00:00","og_image":[{"width":1200,"height":630,"url":"https:\/\/i0.wp.com\/vincentians.com\/es\/wp-content\/uploads\/sites\/11\/2016\/07\/escritos-luisa-de-marillac.jpg?fit=1200%2C630&ssl=1","type":"image\/jpeg"}],"author":"Francisco Javier Fern\u00e1ndez Chento","twitter_card":"summary_large_image","twitter_creator":"@https:\/\/twitter.com\/javierchento","twitter_site":"@WeVincentians","twitter_misc":{"Escrito por":"Francisco Javier Fern\u00e1ndez Chento","Tiempo de lectura":"1 minuto"},"schema":{"@context":"https:\/\/schema.org","@graph":[{"@type":"Article","@id":"https:\/\/vincentians.com\/es\/luisa-de-marillac-pensamiento-089-el-cielo-comparado-al-grano-de-mostaza\/#article","isPartOf":{"@id":"https:\/\/vincentians.com\/es\/luisa-de-marillac-pensamiento-089-el-cielo-comparado-al-grano-de-mostaza\/"},"author":{"name":"Francisco Javier Fern\u00e1ndez Chento","@id":"http:\/\/vincentians.com\/es\/#\/schema\/person\/9623ef4d9aa3b2dfb8c061f1499288f2"},"headline":"Luisa de Marillac, Pensamiento 089: El cielo comparado al grano de mostaza","datePublished":"2009-03-30T15:36:33+00:00","dateModified":"2016-07-26T18:01:57+00:00","mainEntityOfPage":{"@id":"https:\/\/vincentians.com\/es\/luisa-de-marillac-pensamiento-089-el-cielo-comparado-al-grano-de-mostaza\/"},"wordCount":246,"commentCount":0,"publisher":{"@id":"http:\/\/vincentians.com\/es\/#organization"},"image":{"@id":"https:\/\/vincentians.com\/es\/luisa-de-marillac-pensamiento-089-el-cielo-comparado-al-grano-de-mostaza\/#primaryimage"},"thumbnailUrl":"https:\/\/i0.wp.com\/vincentians.com\/es\/wp-content\/uploads\/sites\/11\/2016\/07\/escritos-luisa-de-marillac.jpg?fit=1200%2C630","articleSection":["Escritos de Luisa de Marillac"],"inLanguage":"es","potentialAction":[{"@type":"CommentAction","name":"Comment","target":["https:\/\/vincentians.com\/es\/luisa-de-marillac-pensamiento-089-el-cielo-comparado-al-grano-de-mostaza\/#respond"]}]},{"@type":"WebPage","@id":"https:\/\/vincentians.com\/es\/luisa-de-marillac-pensamiento-089-el-cielo-comparado-al-grano-de-mostaza\/","url":"https:\/\/vincentians.com\/es\/luisa-de-marillac-pensamiento-089-el-cielo-comparado-al-grano-de-mostaza\/","name":"Luisa de Marillac, Pensamiento 089: El cielo comparado al grano de mostaza - Somos Vicencianos","isPartOf":{"@id":"http:\/\/vincentians.com\/es\/#website"},"primaryImageOfPage":{"@id":"https:\/\/vincentians.com\/es\/luisa-de-marillac-pensamiento-089-el-cielo-comparado-al-grano-de-mostaza\/#primaryimage"},"image":{"@id":"https:\/\/vincentians.com\/es\/luisa-de-marillac-pensamiento-089-el-cielo-comparado-al-grano-de-mostaza\/#primaryimage"},"thumbnailUrl":"https:\/\/i0.wp.com\/vincentians.com\/es\/wp-content\/uploads\/sites\/11\/2016\/07\/escritos-luisa-de-marillac.jpg?fit=1200%2C630","datePublished":"2009-03-30T15:36:33+00:00","dateModified":"2016-07-26T18:01:57+00:00","breadcrumb":{"@id":"https:\/\/vincentians.com\/es\/luisa-de-marillac-pensamiento-089-el-cielo-comparado-al-grano-de-mostaza\/#breadcrumb"},"inLanguage":"es","potentialAction":[{"@type":"ReadAction","target":["https:\/\/vincentians.com\/es\/luisa-de-marillac-pensamiento-089-el-cielo-comparado-al-grano-de-mostaza\/"]}]},{"@type":"ImageObject","inLanguage":"es","@id":"https:\/\/vincentians.com\/es\/luisa-de-marillac-pensamiento-089-el-cielo-comparado-al-grano-de-mostaza\/#primaryimage","url":"https:\/\/i0.wp.com\/vincentians.com\/es\/wp-content\/uploads\/sites\/11\/2016\/07\/escritos-luisa-de-marillac.jpg?fit=1200%2C630","contentUrl":"https:\/\/i0.wp.com\/vincentians.com\/es\/wp-content\/uploads\/sites\/11\/2016\/07\/escritos-luisa-de-marillac.jpg?fit=1200%2C630","width":1200,"height":630},{"@type":"BreadcrumbList","@id":"https:\/\/vincentians.com\/es\/luisa-de-marillac-pensamiento-089-el-cielo-comparado-al-grano-de-mostaza\/#breadcrumb","itemListElement":[{"@type":"ListItem","position":1,"name":"Portada","item":"http:\/\/vincentians.com\/es\/"},{"@type":"ListItem","position":2,"name":"Luisa de Marillac, Pensamiento 089: El cielo comparado al grano de mostaza"}]},{"@type":"WebSite","@id":"http:\/\/vincentians.com\/es\/#website","url":"http:\/\/vincentians.com\/es\/","name":"Somos Vicencianos","description":"Know more to serve more","publisher":{"@id":"http:\/\/vincentians.com\/es\/#organization"},"potentialAction":[{"@type":"SearchAction","target":{"@type":"EntryPoint","urlTemplate":"http:\/\/vincentians.com\/es\/?s={search_term_string}"},"query-input":{"@type":"PropertyValueSpecification","valueRequired":true,"valueName":"search_term_string"}}],"inLanguage":"es"},{"@type":"Organization","@id":"http:\/\/vincentians.com\/es\/#organization","name":"The Vincentian Network","url":"http:\/\/vincentians.com\/es\/","logo":{"@type":"ImageObject","inLanguage":"es","@id":"http:\/\/vincentians.com\/es\/#\/schema\/logo\/image\/","url":"https:\/\/i1.wp.com\/vincentians.com\/es\/wp-content\/uploads\/sites\/11\/2016\/06\/Vincentian-Network-logo-big.png?fit=778%2C778","contentUrl":"https:\/\/i1.wp.com\/vincentians.com\/es\/wp-content\/uploads\/sites\/11\/2016\/06\/Vincentian-Network-logo-big.png?fit=778%2C778","width":778,"height":778,"caption":"The Vincentian Network"},"image":{"@id":"http:\/\/vincentians.com\/es\/#\/schema\/logo\/image\/"},"sameAs":["https:\/\/www.facebook.com\/WeAreVincentians\/","https:\/\/x.com\/WeVincentians"]},{"@type":"Person","@id":"http:\/\/vincentians.com\/es\/#\/schema\/person\/9623ef4d9aa3b2dfb8c061f1499288f2","name":"Francisco Javier Fern\u00e1ndez Chento","image":{"@type":"ImageObject","inLanguage":"es","@id":"https:\/\/secure.gravatar.com\/avatar\/497d5cde87b4c3d097d0315953521681ba2cd523ee66e5077c3711f7021e65de?s=96&d=mm&r=g","url":"https:\/\/secure.gravatar.com\/avatar\/497d5cde87b4c3d097d0315953521681ba2cd523ee66e5077c3711f7021e65de?s=96&d=mm&r=g","contentUrl":"https:\/\/secure.gravatar.com\/avatar\/497d5cde87b4c3d097d0315953521681ba2cd523ee66e5077c3711f7021e65de?s=96&d=mm&r=g","caption":"Francisco Javier Fern\u00e1ndez Chento"},"description":"Director General y cofundador de La Red de Formaci\u00f3n Vicenciana. Javier es laico vicenciano, afiliado a la Congregaci\u00f3n de la Misi\u00f3n y miembro del Equipo de Misiones Populares de la provincia can\u00f3nica de Zaragoza (Espa\u00f1a) de la Congregaci\u00f3n de la Misi\u00f3n. Graduado en la Universidad Oberta de Catalunya con cuatro grados (Asistente de direcci\u00f3n, Gesti\u00f3n Administrativa, Recursos Humanos y Contabilidad Avanzada). Bil\u00edng\u00fce Espa\u00f1ol\/Ingl\u00e9s. gestiona y mantiene varias p\u00e1ginas web cristianas y vicencianas, incluida including La Red de Formaci\u00f3n Vicenciana, de la que es cofundador. Actualmente es responsable del \u00e1rea de Espa\u00f1ol de .famvin, la Red de Noticias de la Familia Vicenciana. Tambi\u00e9n es m\u00fasico cat\u00f3lico y ha editado varios discos. Es Director General y cofundador de Trovador, una reconocida compa\u00f1\u00eda discogr\u00e1fica critiana de Espa\u00f1a. Trabaja en las Tecnolog\u00edas de la Informaci\u00f3n, ofreciendo servicios de alojamiento, dise\u00f1o y mantenimiento Web, as\u00ed como asesoramiento, formaci\u00f3n y soluciones inform\u00e1ticas, gesti\u00f3n documental y digitalizaci\u00f3n de textos, edici\u00f3n y maquetaci\u00f3n de libros, revistas, flyers, etc.","sameAs":["http:\/\/chento.org","https:\/\/www.facebook.com\/JavierChento","https:\/\/x.com\/https:\/\/twitter.com\/javierchento"],"url":"http:\/\/vincentians.com\/es\/author\/chento\/"}]}},"jetpack_publicize_connections":[],"jetpack_featured_media_url":"https:\/\/i0.wp.com\/vincentians.com\/es\/wp-content\/uploads\/sites\/11\/2016\/07\/escritos-luisa-de-marillac.jpg?fit=1200%2C630","jetpack_sharing_enabled":true,"jetpack_shortlink":"https:\/\/wp.me\/p7ETMF-1Jq","jetpack-related-posts":[{"id":143412,"url":"http:\/\/vincentians.com\/es\/la-fe-don-y-respuesta-libre-en-lo-cotidiano-en-la-oracion-la-vida-comunitaria-y-el-servicio-de-los-pobres\/","url_meta":{"origin":6660,"position":0},"title":"La fe, don y respuesta libre en lo cotidiano: en la oraci\u00f3n, la vida comunitaria y el servicio de los pobres","author":"Francisco Javier Fern\u00e1ndez Chento","date":"19\/04\/2015","format":false,"excerpt":"\u201cEn verdad, en verdad te digo: el que no nazca de nuevo, no puede ver el reino de Dios\u201d (Jn 3,3) Se me ha pedido que les hable de la fe en el centro de nuestra experiencia como personas consagradas que creen, oran, aman y sirven. Pueden imaginar que no\u2026","rel":"","context":"En \u00abFormaci\u00f3n Vicenciana\u00bb","block_context":{"text":"Formaci\u00f3n Vicenciana","link":"http:\/\/vincentians.com\/es\/category\/formacion-vicenciana\/"},"img":{"alt_text":"un paso de fe","src":"https:\/\/i0.wp.com\/vicencianos.org\/wp-content\/2015\/04\/un-paso-de-fe-300x221.jpg?resize=350%2C200","width":350,"height":200},"classes":[]},{"id":130372,"url":"http:\/\/vincentians.com\/es\/un-perfil-heroico-santa-luisa-de-marillac-17\/","url_meta":{"origin":6660,"position":1},"title":"Un perfil heroico: santa Luisa de Marillac (17)","author":"Francisco Javier Fern\u00e1ndez Chento","date":"11\/03\/2015","format":false,"excerpt":"Id, pues, a las salidas de los caminos, y a todos cuantos encontr\u00e9is convidadlos a las bodas. (Mat., XXII.) Las obras emprendidas en la Caridad se afianzaban por todas partes bajo el prudente cuidado de los santos fundadores. Parec\u00eda imposible que dos vidas tan llenas pudieran multiplicarse nuevamente en el\u2026","rel":"","context":"En \u00abLuisa de Marillac\u00bb","block_context":{"text":"Luisa de Marillac","link":"http:\/\/vincentians.com\/es\/category\/la-familia-vicenciana\/fundadores\/luisa-de-marillac\/"},"img":{"alt_text":"OLYMPUS DIGITAL CAMERA","src":"https:\/\/i0.wp.com\/vicencianos.org\/wp-content\/2014\/04\/louise-marillac-300x248.jpg?resize=350%2C200","width":350,"height":200},"classes":[]},{"id":401706,"url":"http:\/\/vincentians.com\/es\/doctrina-vicenciana-la-virtud-ii\/","url_meta":{"origin":6660,"position":2},"title":"DOCTRINA VICENCIANA DE LA VIRTUD (II)","author":"Mitxel Olabu\u00e9naga","date":"27\/02\/2018","format":false,"excerpt":"EL VALOR DE LA VIRTUD Para Vicente de Pa\u00fal, tanto el proyecto \u00e9tico como la verda\u00addera vida espiritual, pasan por la pr\u00e1ctica de la virtud. De este modo, se alegra cuando ve que se practica la virtud. De hecho, la mayor\u00eda de los elogios que realiza sobre alguna persona est\u00e1n\u2026","rel":"","context":"En \u00abEspiritualidad vicenciana\u00bb","block_context":{"text":"Espiritualidad vicenciana","link":"http:\/\/vincentians.com\/es\/category\/espiritualidad\/espiritualidad-vicenciana\/"},"img":{"alt_text":"","src":"https:\/\/i0.wp.com\/vincentians.com\/es\/wp-content\/uploads\/sites\/11\/2016\/09\/sencillos-como-palomas.jpg?fit=1200%2C630&resize=350%2C200","width":350,"height":200,"srcset":"https:\/\/i0.wp.com\/vincentians.com\/es\/wp-content\/uploads\/sites\/11\/2016\/09\/sencillos-como-palomas.jpg?fit=1200%2C630&resize=350%2C200 1x, https:\/\/i0.wp.com\/vincentians.com\/es\/wp-content\/uploads\/sites\/11\/2016\/09\/sencillos-como-palomas.jpg?fit=1200%2C630&resize=525%2C300 1.5x, https:\/\/i0.wp.com\/vincentians.com\/es\/wp-content\/uploads\/sites\/11\/2016\/09\/sencillos-como-palomas.jpg?fit=1200%2C630&resize=700%2C400 2x, https:\/\/i0.wp.com\/vincentians.com\/es\/wp-content\/uploads\/sites\/11\/2016\/09\/sencillos-como-palomas.jpg?fit=1200%2C630&resize=1050%2C600 3x"},"classes":[]},{"id":404012,"url":"http:\/\/vincentians.com\/es\/luisa-de-marillac-escuchadora-de-la-palabra-de-dios-iii\/","url_meta":{"origin":6660,"position":3},"title":"Luisa de Marillac escuchadora de la palabra de Dios (III)","author":"Mitxel Olabu\u00e9naga","date":"06\/02\/2022","format":false,"excerpt":"LA ESCENA DE LA PASI\u00d3N La Pasi\u00f3n de Jes\u00fas es una escena donde la Humanidad de Jes\u00fas, en cuanto Palabra revelada, penetra en el coraz\u00f3n de los cristianos. Tambi\u00e9n en el de Luisa de Marillac. Citando frases sueltas, va reconstruyendo peque\u00f1as escenas de un drama terrible: La Pasi\u00f3n de un\u2026","rel":"","context":"En \u00abFormaci\u00f3n Vicenciana\u00bb","block_context":{"text":"Formaci\u00f3n Vicenciana","link":"http:\/\/vincentians.com\/es\/category\/formacion-vicenciana\/"},"img":{"alt_text":"","src":"https:\/\/i0.wp.com\/vincentians.com\/es\/wp-content\/uploads\/sites\/11\/2022\/01\/c.jpg?fit=1200%2C675&resize=350%2C200","width":350,"height":200,"srcset":"https:\/\/i0.wp.com\/vincentians.com\/es\/wp-content\/uploads\/sites\/11\/2022\/01\/c.jpg?fit=1200%2C675&resize=350%2C200 1x, https:\/\/i0.wp.com\/vincentians.com\/es\/wp-content\/uploads\/sites\/11\/2022\/01\/c.jpg?fit=1200%2C675&resize=525%2C300 1.5x, https:\/\/i0.wp.com\/vincentians.com\/es\/wp-content\/uploads\/sites\/11\/2022\/01\/c.jpg?fit=1200%2C675&resize=700%2C400 2x, https:\/\/i0.wp.com\/vincentians.com\/es\/wp-content\/uploads\/sites\/11\/2022\/01\/c.jpg?fit=1200%2C675&resize=1050%2C600 3x"},"classes":[]},{"id":103923,"url":"http:\/\/vincentians.com\/es\/luisa-de-marillac-carta-0649-a-mis-muy-queridas-hermanas-las-hijas-de-la-caridad\/","url_meta":{"origin":6660,"position":4},"title":"Luisa de Marillac, Carta 0649: A mis muy queridas Hermanas las Hijas de la Caridad","author":"Francisco Javier Fern\u00e1ndez Chento","date":"25\/09\/2012","format":false,"excerpt":"Siervas de los Pobres Enfermos en Ussel Hoy, 20 de septiembre de 1658 Mis muy queridas Hermanas: Tenemos muchos motivos para alabar a Dios por la paciencia que les ha dado y la bendici\u00f3n que su bondad ha derramado despu\u00e9s sobre los designios de nuestra buena y respetada se\u00f1ora Duquesa.\u2026","rel":"","context":"En \u00abEscritos de Luisa de Marillac\u00bb","block_context":{"text":"Escritos de Luisa de Marillac","link":"http:\/\/vincentians.com\/es\/category\/escritos\/escritos-de-luisa-de-marillac\/"},"img":{"alt_text":"","src":"https:\/\/i0.wp.com\/vincentians.com\/es\/wp-content\/uploads\/sites\/11\/2016\/07\/escritos-luisa-de-marillac.jpg?fit=1200%2C630&resize=350%2C200","width":350,"height":200,"srcset":"https:\/\/i0.wp.com\/vincentians.com\/es\/wp-content\/uploads\/sites\/11\/2016\/07\/escritos-luisa-de-marillac.jpg?fit=1200%2C630&resize=350%2C200 1x, https:\/\/i0.wp.com\/vincentians.com\/es\/wp-content\/uploads\/sites\/11\/2016\/07\/escritos-luisa-de-marillac.jpg?fit=1200%2C630&resize=525%2C300 1.5x, https:\/\/i0.wp.com\/vincentians.com\/es\/wp-content\/uploads\/sites\/11\/2016\/07\/escritos-luisa-de-marillac.jpg?fit=1200%2C630&resize=700%2C400 2x, https:\/\/i0.wp.com\/vincentians.com\/es\/wp-content\/uploads\/sites\/11\/2016\/07\/escritos-luisa-de-marillac.jpg?fit=1200%2C630&resize=1050%2C600 3x"},"classes":[]},{"id":103916,"url":"http:\/\/vincentians.com\/es\/luisa-de-marillac-carta-0654-a-sor-hardemont\/","url_meta":{"origin":6660,"position":5},"title":"Luisa de Marillac, Carta 0654: A Sor Hardemont","author":"Francisco Javier Fern\u00e1ndez Chento","date":"30\/09\/2012","format":false,"excerpt":"(Ussel) (1658) Mi querida Hermana: Menester es amar el benepl\u00e1cito divino en todos los acontecimientos que dispone su Providencia; es verdad que est\u00e1n ustedes en grandes dificultades y penas; si no fuera porque espero han de tener la asistencia del esp\u00edritu de Dios para dirigirlas como lo necesiten, temer\u00eda mucho\u2026","rel":"","context":"En \u00abEscritos de Luisa de Marillac\u00bb","block_context":{"text":"Escritos de Luisa de Marillac","link":"http:\/\/vincentians.com\/es\/category\/escritos\/escritos-de-luisa-de-marillac\/"},"img":{"alt_text":"","src":"https:\/\/i0.wp.com\/vincentians.com\/es\/wp-content\/uploads\/sites\/11\/2016\/07\/escritos-luisa-de-marillac.jpg?fit=1200%2C630&resize=350%2C200","width":350,"height":200,"srcset":"https:\/\/i0.wp.com\/vincentians.com\/es\/wp-content\/uploads\/sites\/11\/2016\/07\/escritos-luisa-de-marillac.jpg?fit=1200%2C630&resize=350%2C200 1x, https:\/\/i0.wp.com\/vincentians.com\/es\/wp-content\/uploads\/sites\/11\/2016\/07\/escritos-luisa-de-marillac.jpg?fit=1200%2C630&resize=525%2C300 1.5x, https:\/\/i0.wp.com\/vincentians.com\/es\/wp-content\/uploads\/sites\/11\/2016\/07\/escritos-luisa-de-marillac.jpg?fit=1200%2C630&resize=700%2C400 2x, https:\/\/i0.wp.com\/vincentians.com\/es\/wp-content\/uploads\/sites\/11\/2016\/07\/escritos-luisa-de-marillac.jpg?fit=1200%2C630&resize=1050%2C600 3x"},"classes":[]}],"_links":{"self":[{"href":"http:\/\/vincentians.com\/es\/wp-json\/wp\/v2\/posts\/6660","targetHints":{"allow":["GET"]}}],"collection":[{"href":"http:\/\/vincentians.com\/es\/wp-json\/wp\/v2\/posts"}],"about":[{"href":"http:\/\/vincentians.com\/es\/wp-json\/wp\/v2\/types\/post"}],"author":[{"embeddable":true,"href":"http:\/\/vincentians.com\/es\/wp-json\/wp\/v2\/users\/4"}],"replies":[{"embeddable":true,"href":"http:\/\/vincentians.com\/es\/wp-json\/wp\/v2\/comments?post=6660"}],"version-history":[{"count":0,"href":"http:\/\/vincentians.com\/es\/wp-json\/wp\/v2\/posts\/6660\/revisions"}],"wp:featuredmedia":[{"embeddable":true,"href":"http:\/\/vincentians.com\/es\/wp-json\/wp\/v2\/media\/393751"}],"wp:attachment":[{"href":"http:\/\/vincentians.com\/es\/wp-json\/wp\/v2\/media?parent=6660"}],"wp:term":[{"taxonomy":"category","embeddable":true,"href":"http:\/\/vincentians.com\/es\/wp-json\/wp\/v2\/categories?post=6660"},{"taxonomy":"post_tag","embeddable":true,"href":"http:\/\/vincentians.com\/es\/wp-json\/wp\/v2\/tags?post=6660"}],"curies":[{"name":"wp","href":"https:\/\/api.w.org\/{rel}","templated":true}]}}