{"id":6598,"date":"2009-02-28T16:18:16","date_gmt":"2009-02-28T15:18:16","guid":{"rendered":"http:\/\/www.vicencianos.org\/web\/2009\/02\/28\/luisa-de-marillac-pensamiento-059-sobre-la-multiplicacion-de-los-panes-en-el-desierto\/"},"modified":"2016-07-26T20:02:02","modified_gmt":"2016-07-26T18:02:02","slug":"luisa-de-marillac-pensamiento-059-sobre-la-multiplicacion-de-los-panes-en-el-desierto","status":"publish","type":"post","link":"http:\/\/vincentians.com\/es\/luisa-de-marillac-pensamiento-059-sobre-la-multiplicacion-de-los-panes-en-el-desierto\/","title":{"rendered":"Luisa de Marillac, Pensamiento 059: Sobre la multiplicaci\u00f3n de los panes en el desierto"},"content":{"rendered":"<p><a href=\"#_edn1\">[i]<\/a><strong><span style=\"text-decoration: underline\">E. 59 (A. 42) (Sobre la multiplicaci\u00f3n de los panes en el desierto)<\/span><\/strong><span style=\"text-decoration: underline\">. pp.765-766<\/span><\/p>\n<p><em>Cum sublevasset oculos<\/em><\/p>\n<p>189. Esta acci\u00f3n de Nuestro Se\u00f1or como hombre debe hacernos considerar cu\u00e1l era la modestia de su porte exterior, y darme a entender que, en cuanto Dios, esa mirada suya es el escudo que protege y conserva nuestro ser, tanto natural como inmortal, as\u00ed como el de la gracia que subsiste en nosotros s\u00f3lo por su amor y bondad, por lo que quiero estarle eternamente agradecida y tambi\u00e9n por la misericordia que nos muestra en todas las acciones de su santa vida, especialmente el cuidado que su Providencia quiso tener de las turbas que le segu\u00edan; y como si ignorara el medio de proveer a sus necesidades, pregunt\u00f3 d\u00f3nde se podr\u00eda comprar pan.<\/p>\n<p>Quieres, Dios m\u00edo, ense\u00f1arme el medio para recibir tu asistencia en mis necesidades: en la Imposibilidad que se deja ver en aquel lugar debo reconocer mi pobreza y ver la verdad de mi nada y de todas mis miserias que me impiden atraer la magnitud de tus misericordias.<\/p>\n<p>\u00a1Oh Santa Providencia! t\u00fa que eres la fuente de todas esas gracias, haz que mi alma conf\u00ede siempre en ti; pero s\u00f3lo por esa mirada de Jes\u00fas podr\u00e9 conseguirlo, esa mirada que se dirige hacia lo alto. Tengo, pues, que desasirme de la tierra y unirme fuertemente a Dios, con la ayuda de su gracia; y mediante la pr\u00e1ctica de su santa presencia, esa dulce mirada me inflamar\u00e1 en su santo amor.<\/p>\n<p>Como el ciervo desea las aguas, as\u00ed mi alma desea a mi Dios: me preparar\u00e9<em> (a comulgar)<\/em> por un gran deseo de estar unida a Dios para que, as\u00ed como el alimento comunica sus cualidades al cuerpo humano que lo toma, as\u00ed la uni\u00f3n de mi alma con Dios la torne semejante a El, y la comuni\u00f3n del precios\u00edsimo Cuerpo de mi Salvador me lleve a la imitaci\u00f3n de su vida sant\u00edsima.<\/p>\n<hr size=\"1\" \/><a href=\"#_ednref1\">[i]<\/a><strong><span style=\"text-decoration: underline\">E. 59 Rc 5 A 42 Original aut\u00f3grafo<\/span><\/strong><\/p>\n","protected":false},"excerpt":{"rendered":"<p>[i]E. 59 (A. 42) (Sobre la multiplicaci\u00f3n de los panes en el desierto). pp.765-766 Cum sublevasset oculos 189. Esta acci\u00f3n de Nuestro Se\u00f1or como hombre debe hacernos considerar cu\u00e1l era la modestia de su porte &#8230; <a href=\"http:\/\/vincentians.com\/es\/luisa-de-marillac-pensamiento-059-sobre-la-multiplicacion-de-los-panes-en-el-desierto\/\" class=\"more-link\">Read More<\/a><\/p>\n","protected":false},"author":4,"featured_media":393751,"comment_status":"open","ping_status":"open","sticky":false,"template":"","format":"standard","meta":{"rs_blank_template":"","rs_page_bg_color":"","slide_template_v7":"","_jetpack_newsletter_access":"","_jetpack_dont_email_post_to_subs":false,"_jetpack_newsletter_tier_id":0,"_jetpack_memberships_contains_paywalled_content":false,"_jetpack_feature_clip_id":0,"_jetpack_memberships_contains_paid_content":false,"footnotes":"","jetpack_publicize_message":"","jetpack_publicize_feature_enabled":true,"jetpack_social_post_already_shared":true,"jetpack_social_options":{"image_generator_settings":{"template":"highway","default_image_id":0,"font":"","enabled":false},"version":2},"jetpack_post_was_ever_published":false},"categories":[67],"tags":[],"class_list":["post-6598","post","type-post","status-publish","format-standard","has-post-thumbnail","hentry","category-escritos-de-luisa-de-marillac"],"yoast_head":"<!-- This site is optimized with the Yoast SEO plugin v27.9 - https:\/\/yoast.com\/product\/yoast-seo-wordpress\/ -->\n<title>Luisa de Marillac, Pensamiento 059: Sobre la multiplicaci\u00f3n de los panes en el desierto - Somos Vicencianos<\/title>\n<meta name=\"robots\" content=\"index, follow, max-snippet:-1, max-image-preview:large, max-video-preview:-1\" \/>\n<link rel=\"canonical\" href=\"https:\/\/vincentians.com\/es\/luisa-de-marillac-pensamiento-059-sobre-la-multiplicacion-de-los-panes-en-el-desierto\/\" \/>\n<meta property=\"og:locale\" content=\"es_ES\" \/>\n<meta property=\"og:type\" content=\"article\" \/>\n<meta property=\"og:title\" content=\"Luisa de Marillac, Pensamiento 059: Sobre la multiplicaci\u00f3n de los panes en el desierto - Somos Vicencianos\" \/>\n<meta property=\"og:description\" content=\"[i]E. 59 (A. 42) (Sobre la multiplicaci\u00f3n de los panes en el desierto). pp.765-766 Cum sublevasset oculos 189. Esta acci\u00f3n de Nuestro Se\u00f1or como hombre debe hacernos considerar cu\u00e1l era la modestia de su porte ... Read More\" \/>\n<meta property=\"og:url\" content=\"https:\/\/vincentians.com\/es\/luisa-de-marillac-pensamiento-059-sobre-la-multiplicacion-de-los-panes-en-el-desierto\/\" \/>\n<meta property=\"og:site_name\" content=\"Somos Vicencianos\" \/>\n<meta property=\"article:publisher\" content=\"https:\/\/www.facebook.com\/WeAreVincentians\/\" \/>\n<meta property=\"article:author\" content=\"https:\/\/www.facebook.com\/JavierChento\" \/>\n<meta property=\"article:published_time\" content=\"2009-02-28T15:18:16+00:00\" \/>\n<meta property=\"article:modified_time\" content=\"2016-07-26T18:02:02+00:00\" \/>\n<meta property=\"og:image\" content=\"https:\/\/i0.wp.com\/vincentians.com\/es\/wp-content\/uploads\/sites\/11\/2016\/07\/escritos-luisa-de-marillac.jpg?fit=1200%2C630&ssl=1\" \/>\n\t<meta property=\"og:image:width\" content=\"1200\" \/>\n\t<meta property=\"og:image:height\" content=\"630\" \/>\n\t<meta property=\"og:image:type\" content=\"image\/jpeg\" \/>\n<meta name=\"author\" content=\"Francisco Javier Fern\u00e1ndez Chento\" \/>\n<meta name=\"twitter:card\" content=\"summary_large_image\" \/>\n<meta name=\"twitter:creator\" content=\"@https:\/\/twitter.com\/javierchento\" \/>\n<meta name=\"twitter:site\" content=\"@WeVincentians\" \/>\n<meta name=\"twitter:label1\" content=\"Escrito por\" \/>\n\t<meta name=\"twitter:data1\" content=\"Francisco Javier Fern\u00e1ndez Chento\" \/>\n\t<meta name=\"twitter:label2\" content=\"Tiempo de lectura\" \/>\n\t<meta name=\"twitter:data2\" content=\"2 minutos\" \/>\n<script type=\"application\/ld+json\" class=\"yoast-schema-graph\">{\"@context\":\"https:\\\/\\\/schema.org\",\"@graph\":[{\"@type\":\"Article\",\"@id\":\"https:\\\/\\\/vincentians.com\\\/es\\\/luisa-de-marillac-pensamiento-059-sobre-la-multiplicacion-de-los-panes-en-el-desierto\\\/#article\",\"isPartOf\":{\"@id\":\"https:\\\/\\\/vincentians.com\\\/es\\\/luisa-de-marillac-pensamiento-059-sobre-la-multiplicacion-de-los-panes-en-el-desierto\\\/\"},\"author\":{\"name\":\"Francisco Javier Fern\u00e1ndez Chento\",\"@id\":\"http:\\\/\\\/vincentians.com\\\/es\\\/#\\\/schema\\\/person\\\/9623ef4d9aa3b2dfb8c061f1499288f2\"},\"headline\":\"Luisa de Marillac, Pensamiento 059: Sobre la multiplicaci\u00f3n de los panes en el desierto\",\"datePublished\":\"2009-02-28T15:18:16+00:00\",\"dateModified\":\"2016-07-26T18:02:02+00:00\",\"mainEntityOfPage\":{\"@id\":\"https:\\\/\\\/vincentians.com\\\/es\\\/luisa-de-marillac-pensamiento-059-sobre-la-multiplicacion-de-los-panes-en-el-desierto\\\/\"},\"wordCount\":362,\"commentCount\":0,\"publisher\":{\"@id\":\"http:\\\/\\\/vincentians.com\\\/es\\\/#organization\"},\"image\":{\"@id\":\"https:\\\/\\\/vincentians.com\\\/es\\\/luisa-de-marillac-pensamiento-059-sobre-la-multiplicacion-de-los-panes-en-el-desierto\\\/#primaryimage\"},\"thumbnailUrl\":\"https:\\\/\\\/i0.wp.com\\\/vincentians.com\\\/es\\\/wp-content\\\/uploads\\\/sites\\\/11\\\/2016\\\/07\\\/escritos-luisa-de-marillac.jpg?fit=1200%2C630\",\"articleSection\":[\"Escritos de Luisa de Marillac\"],\"inLanguage\":\"es\",\"potentialAction\":[{\"@type\":\"CommentAction\",\"name\":\"Comment\",\"target\":[\"https:\\\/\\\/vincentians.com\\\/es\\\/luisa-de-marillac-pensamiento-059-sobre-la-multiplicacion-de-los-panes-en-el-desierto\\\/#respond\"]}]},{\"@type\":\"WebPage\",\"@id\":\"https:\\\/\\\/vincentians.com\\\/es\\\/luisa-de-marillac-pensamiento-059-sobre-la-multiplicacion-de-los-panes-en-el-desierto\\\/\",\"url\":\"https:\\\/\\\/vincentians.com\\\/es\\\/luisa-de-marillac-pensamiento-059-sobre-la-multiplicacion-de-los-panes-en-el-desierto\\\/\",\"name\":\"Luisa de Marillac, Pensamiento 059: Sobre la multiplicaci\u00f3n de los panes en el desierto - Somos Vicencianos\",\"isPartOf\":{\"@id\":\"http:\\\/\\\/vincentians.com\\\/es\\\/#website\"},\"primaryImageOfPage\":{\"@id\":\"https:\\\/\\\/vincentians.com\\\/es\\\/luisa-de-marillac-pensamiento-059-sobre-la-multiplicacion-de-los-panes-en-el-desierto\\\/#primaryimage\"},\"image\":{\"@id\":\"https:\\\/\\\/vincentians.com\\\/es\\\/luisa-de-marillac-pensamiento-059-sobre-la-multiplicacion-de-los-panes-en-el-desierto\\\/#primaryimage\"},\"thumbnailUrl\":\"https:\\\/\\\/i0.wp.com\\\/vincentians.com\\\/es\\\/wp-content\\\/uploads\\\/sites\\\/11\\\/2016\\\/07\\\/escritos-luisa-de-marillac.jpg?fit=1200%2C630\",\"datePublished\":\"2009-02-28T15:18:16+00:00\",\"dateModified\":\"2016-07-26T18:02:02+00:00\",\"breadcrumb\":{\"@id\":\"https:\\\/\\\/vincentians.com\\\/es\\\/luisa-de-marillac-pensamiento-059-sobre-la-multiplicacion-de-los-panes-en-el-desierto\\\/#breadcrumb\"},\"inLanguage\":\"es\",\"potentialAction\":[{\"@type\":\"ReadAction\",\"target\":[\"https:\\\/\\\/vincentians.com\\\/es\\\/luisa-de-marillac-pensamiento-059-sobre-la-multiplicacion-de-los-panes-en-el-desierto\\\/\"]}]},{\"@type\":\"ImageObject\",\"inLanguage\":\"es\",\"@id\":\"https:\\\/\\\/vincentians.com\\\/es\\\/luisa-de-marillac-pensamiento-059-sobre-la-multiplicacion-de-los-panes-en-el-desierto\\\/#primaryimage\",\"url\":\"https:\\\/\\\/i0.wp.com\\\/vincentians.com\\\/es\\\/wp-content\\\/uploads\\\/sites\\\/11\\\/2016\\\/07\\\/escritos-luisa-de-marillac.jpg?fit=1200%2C630\",\"contentUrl\":\"https:\\\/\\\/i0.wp.com\\\/vincentians.com\\\/es\\\/wp-content\\\/uploads\\\/sites\\\/11\\\/2016\\\/07\\\/escritos-luisa-de-marillac.jpg?fit=1200%2C630\",\"width\":1200,\"height\":630},{\"@type\":\"BreadcrumbList\",\"@id\":\"https:\\\/\\\/vincentians.com\\\/es\\\/luisa-de-marillac-pensamiento-059-sobre-la-multiplicacion-de-los-panes-en-el-desierto\\\/#breadcrumb\",\"itemListElement\":[{\"@type\":\"ListItem\",\"position\":1,\"name\":\"Portada\",\"item\":\"http:\\\/\\\/vincentians.com\\\/es\\\/\"},{\"@type\":\"ListItem\",\"position\":2,\"name\":\"Luisa de Marillac, Pensamiento 059: Sobre la multiplicaci\u00f3n de los panes en el desierto\"}]},{\"@type\":\"WebSite\",\"@id\":\"http:\\\/\\\/vincentians.com\\\/es\\\/#website\",\"url\":\"http:\\\/\\\/vincentians.com\\\/es\\\/\",\"name\":\"Somos Vicencianos\",\"description\":\"Know more to serve more\",\"publisher\":{\"@id\":\"http:\\\/\\\/vincentians.com\\\/es\\\/#organization\"},\"potentialAction\":[{\"@type\":\"SearchAction\",\"target\":{\"@type\":\"EntryPoint\",\"urlTemplate\":\"http:\\\/\\\/vincentians.com\\\/es\\\/?s={search_term_string}\"},\"query-input\":{\"@type\":\"PropertyValueSpecification\",\"valueRequired\":true,\"valueName\":\"search_term_string\"}}],\"inLanguage\":\"es\"},{\"@type\":\"Organization\",\"@id\":\"http:\\\/\\\/vincentians.com\\\/es\\\/#organization\",\"name\":\"The Vincentian Network\",\"url\":\"http:\\\/\\\/vincentians.com\\\/es\\\/\",\"logo\":{\"@type\":\"ImageObject\",\"inLanguage\":\"es\",\"@id\":\"http:\\\/\\\/vincentians.com\\\/es\\\/#\\\/schema\\\/logo\\\/image\\\/\",\"url\":\"https:\\\/\\\/i1.wp.com\\\/vincentians.com\\\/es\\\/wp-content\\\/uploads\\\/sites\\\/11\\\/2016\\\/06\\\/Vincentian-Network-logo-big.png?fit=778%2C778\",\"contentUrl\":\"https:\\\/\\\/i1.wp.com\\\/vincentians.com\\\/es\\\/wp-content\\\/uploads\\\/sites\\\/11\\\/2016\\\/06\\\/Vincentian-Network-logo-big.png?fit=778%2C778\",\"width\":778,\"height\":778,\"caption\":\"The Vincentian Network\"},\"image\":{\"@id\":\"http:\\\/\\\/vincentians.com\\\/es\\\/#\\\/schema\\\/logo\\\/image\\\/\"},\"sameAs\":[\"https:\\\/\\\/www.facebook.com\\\/WeAreVincentians\\\/\",\"https:\\\/\\\/x.com\\\/WeVincentians\"]},{\"@type\":\"Person\",\"@id\":\"http:\\\/\\\/vincentians.com\\\/es\\\/#\\\/schema\\\/person\\\/9623ef4d9aa3b2dfb8c061f1499288f2\",\"name\":\"Francisco Javier Fern\u00e1ndez Chento\",\"image\":{\"@type\":\"ImageObject\",\"inLanguage\":\"es\",\"@id\":\"https:\\\/\\\/secure.gravatar.com\\\/avatar\\\/497d5cde87b4c3d097d0315953521681ba2cd523ee66e5077c3711f7021e65de?s=96&d=mm&r=g\",\"url\":\"https:\\\/\\\/secure.gravatar.com\\\/avatar\\\/497d5cde87b4c3d097d0315953521681ba2cd523ee66e5077c3711f7021e65de?s=96&d=mm&r=g\",\"contentUrl\":\"https:\\\/\\\/secure.gravatar.com\\\/avatar\\\/497d5cde87b4c3d097d0315953521681ba2cd523ee66e5077c3711f7021e65de?s=96&d=mm&r=g\",\"caption\":\"Francisco Javier Fern\u00e1ndez Chento\"},\"description\":\"Director General y cofundador de La Red de Formaci\u00f3n Vicenciana. Javier es laico vicenciano, afiliado a la Congregaci\u00f3n de la Misi\u00f3n y miembro del Equipo de Misiones Populares de la provincia can\u00f3nica de Zaragoza (Espa\u00f1a) de la Congregaci\u00f3n de la Misi\u00f3n. Graduado en la Universidad Oberta de Catalunya con cuatro grados (Asistente de direcci\u00f3n, Gesti\u00f3n Administrativa, Recursos Humanos y Contabilidad Avanzada). Bil\u00edng\u00fce Espa\u00f1ol\\\/Ingl\u00e9s. gestiona y mantiene varias p\u00e1ginas web cristianas y vicencianas, incluida including La Red de Formaci\u00f3n Vicenciana, de la que es cofundador. Actualmente es responsable del \u00e1rea de Espa\u00f1ol de .famvin, la Red de Noticias de la Familia Vicenciana. Tambi\u00e9n es m\u00fasico cat\u00f3lico y ha editado varios discos. Es Director General y cofundador de Trovador, una reconocida compa\u00f1\u00eda discogr\u00e1fica critiana de Espa\u00f1a. Trabaja en las Tecnolog\u00edas de la Informaci\u00f3n, ofreciendo servicios de alojamiento, dise\u00f1o y mantenimiento Web, as\u00ed como asesoramiento, formaci\u00f3n y soluciones inform\u00e1ticas, gesti\u00f3n documental y digitalizaci\u00f3n de textos, edici\u00f3n y maquetaci\u00f3n de libros, revistas, flyers, etc.\",\"sameAs\":[\"http:\\\/\\\/chento.org\",\"https:\\\/\\\/www.facebook.com\\\/JavierChento\",\"https:\\\/\\\/x.com\\\/https:\\\/\\\/twitter.com\\\/javierchento\"],\"url\":\"http:\\\/\\\/vincentians.com\\\/es\\\/author\\\/chento\\\/\"}]}<\/script>\n<!-- \/ Yoast SEO plugin. -->","yoast_head_json":{"title":"Luisa de Marillac, Pensamiento 059: Sobre la multiplicaci\u00f3n de los panes en el desierto - Somos Vicencianos","robots":{"index":"index","follow":"follow","max-snippet":"max-snippet:-1","max-image-preview":"max-image-preview:large","max-video-preview":"max-video-preview:-1"},"canonical":"https:\/\/vincentians.com\/es\/luisa-de-marillac-pensamiento-059-sobre-la-multiplicacion-de-los-panes-en-el-desierto\/","og_locale":"es_ES","og_type":"article","og_title":"Luisa de Marillac, Pensamiento 059: Sobre la multiplicaci\u00f3n de los panes en el desierto - Somos Vicencianos","og_description":"[i]E. 59 (A. 42) (Sobre la multiplicaci\u00f3n de los panes en el desierto). pp.765-766 Cum sublevasset oculos 189. Esta acci\u00f3n de Nuestro Se\u00f1or como hombre debe hacernos considerar cu\u00e1l era la modestia de su porte ... Read More","og_url":"https:\/\/vincentians.com\/es\/luisa-de-marillac-pensamiento-059-sobre-la-multiplicacion-de-los-panes-en-el-desierto\/","og_site_name":"Somos Vicencianos","article_publisher":"https:\/\/www.facebook.com\/WeAreVincentians\/","article_author":"https:\/\/www.facebook.com\/JavierChento","article_published_time":"2009-02-28T15:18:16+00:00","article_modified_time":"2016-07-26T18:02:02+00:00","og_image":[{"width":1200,"height":630,"url":"https:\/\/i0.wp.com\/vincentians.com\/es\/wp-content\/uploads\/sites\/11\/2016\/07\/escritos-luisa-de-marillac.jpg?fit=1200%2C630&ssl=1","type":"image\/jpeg"}],"author":"Francisco Javier Fern\u00e1ndez Chento","twitter_card":"summary_large_image","twitter_creator":"@https:\/\/twitter.com\/javierchento","twitter_site":"@WeVincentians","twitter_misc":{"Escrito por":"Francisco Javier Fern\u00e1ndez Chento","Tiempo de lectura":"2 minutos"},"schema":{"@context":"https:\/\/schema.org","@graph":[{"@type":"Article","@id":"https:\/\/vincentians.com\/es\/luisa-de-marillac-pensamiento-059-sobre-la-multiplicacion-de-los-panes-en-el-desierto\/#article","isPartOf":{"@id":"https:\/\/vincentians.com\/es\/luisa-de-marillac-pensamiento-059-sobre-la-multiplicacion-de-los-panes-en-el-desierto\/"},"author":{"name":"Francisco Javier Fern\u00e1ndez Chento","@id":"http:\/\/vincentians.com\/es\/#\/schema\/person\/9623ef4d9aa3b2dfb8c061f1499288f2"},"headline":"Luisa de Marillac, Pensamiento 059: Sobre la multiplicaci\u00f3n de los panes en el desierto","datePublished":"2009-02-28T15:18:16+00:00","dateModified":"2016-07-26T18:02:02+00:00","mainEntityOfPage":{"@id":"https:\/\/vincentians.com\/es\/luisa-de-marillac-pensamiento-059-sobre-la-multiplicacion-de-los-panes-en-el-desierto\/"},"wordCount":362,"commentCount":0,"publisher":{"@id":"http:\/\/vincentians.com\/es\/#organization"},"image":{"@id":"https:\/\/vincentians.com\/es\/luisa-de-marillac-pensamiento-059-sobre-la-multiplicacion-de-los-panes-en-el-desierto\/#primaryimage"},"thumbnailUrl":"https:\/\/i0.wp.com\/vincentians.com\/es\/wp-content\/uploads\/sites\/11\/2016\/07\/escritos-luisa-de-marillac.jpg?fit=1200%2C630","articleSection":["Escritos de Luisa de Marillac"],"inLanguage":"es","potentialAction":[{"@type":"CommentAction","name":"Comment","target":["https:\/\/vincentians.com\/es\/luisa-de-marillac-pensamiento-059-sobre-la-multiplicacion-de-los-panes-en-el-desierto\/#respond"]}]},{"@type":"WebPage","@id":"https:\/\/vincentians.com\/es\/luisa-de-marillac-pensamiento-059-sobre-la-multiplicacion-de-los-panes-en-el-desierto\/","url":"https:\/\/vincentians.com\/es\/luisa-de-marillac-pensamiento-059-sobre-la-multiplicacion-de-los-panes-en-el-desierto\/","name":"Luisa de Marillac, Pensamiento 059: Sobre la multiplicaci\u00f3n de los panes en el desierto - Somos Vicencianos","isPartOf":{"@id":"http:\/\/vincentians.com\/es\/#website"},"primaryImageOfPage":{"@id":"https:\/\/vincentians.com\/es\/luisa-de-marillac-pensamiento-059-sobre-la-multiplicacion-de-los-panes-en-el-desierto\/#primaryimage"},"image":{"@id":"https:\/\/vincentians.com\/es\/luisa-de-marillac-pensamiento-059-sobre-la-multiplicacion-de-los-panes-en-el-desierto\/#primaryimage"},"thumbnailUrl":"https:\/\/i0.wp.com\/vincentians.com\/es\/wp-content\/uploads\/sites\/11\/2016\/07\/escritos-luisa-de-marillac.jpg?fit=1200%2C630","datePublished":"2009-02-28T15:18:16+00:00","dateModified":"2016-07-26T18:02:02+00:00","breadcrumb":{"@id":"https:\/\/vincentians.com\/es\/luisa-de-marillac-pensamiento-059-sobre-la-multiplicacion-de-los-panes-en-el-desierto\/#breadcrumb"},"inLanguage":"es","potentialAction":[{"@type":"ReadAction","target":["https:\/\/vincentians.com\/es\/luisa-de-marillac-pensamiento-059-sobre-la-multiplicacion-de-los-panes-en-el-desierto\/"]}]},{"@type":"ImageObject","inLanguage":"es","@id":"https:\/\/vincentians.com\/es\/luisa-de-marillac-pensamiento-059-sobre-la-multiplicacion-de-los-panes-en-el-desierto\/#primaryimage","url":"https:\/\/i0.wp.com\/vincentians.com\/es\/wp-content\/uploads\/sites\/11\/2016\/07\/escritos-luisa-de-marillac.jpg?fit=1200%2C630","contentUrl":"https:\/\/i0.wp.com\/vincentians.com\/es\/wp-content\/uploads\/sites\/11\/2016\/07\/escritos-luisa-de-marillac.jpg?fit=1200%2C630","width":1200,"height":630},{"@type":"BreadcrumbList","@id":"https:\/\/vincentians.com\/es\/luisa-de-marillac-pensamiento-059-sobre-la-multiplicacion-de-los-panes-en-el-desierto\/#breadcrumb","itemListElement":[{"@type":"ListItem","position":1,"name":"Portada","item":"http:\/\/vincentians.com\/es\/"},{"@type":"ListItem","position":2,"name":"Luisa de Marillac, Pensamiento 059: Sobre la multiplicaci\u00f3n de los panes en el desierto"}]},{"@type":"WebSite","@id":"http:\/\/vincentians.com\/es\/#website","url":"http:\/\/vincentians.com\/es\/","name":"Somos Vicencianos","description":"Know more to serve more","publisher":{"@id":"http:\/\/vincentians.com\/es\/#organization"},"potentialAction":[{"@type":"SearchAction","target":{"@type":"EntryPoint","urlTemplate":"http:\/\/vincentians.com\/es\/?s={search_term_string}"},"query-input":{"@type":"PropertyValueSpecification","valueRequired":true,"valueName":"search_term_string"}}],"inLanguage":"es"},{"@type":"Organization","@id":"http:\/\/vincentians.com\/es\/#organization","name":"The Vincentian Network","url":"http:\/\/vincentians.com\/es\/","logo":{"@type":"ImageObject","inLanguage":"es","@id":"http:\/\/vincentians.com\/es\/#\/schema\/logo\/image\/","url":"https:\/\/i1.wp.com\/vincentians.com\/es\/wp-content\/uploads\/sites\/11\/2016\/06\/Vincentian-Network-logo-big.png?fit=778%2C778","contentUrl":"https:\/\/i1.wp.com\/vincentians.com\/es\/wp-content\/uploads\/sites\/11\/2016\/06\/Vincentian-Network-logo-big.png?fit=778%2C778","width":778,"height":778,"caption":"The Vincentian Network"},"image":{"@id":"http:\/\/vincentians.com\/es\/#\/schema\/logo\/image\/"},"sameAs":["https:\/\/www.facebook.com\/WeAreVincentians\/","https:\/\/x.com\/WeVincentians"]},{"@type":"Person","@id":"http:\/\/vincentians.com\/es\/#\/schema\/person\/9623ef4d9aa3b2dfb8c061f1499288f2","name":"Francisco Javier Fern\u00e1ndez Chento","image":{"@type":"ImageObject","inLanguage":"es","@id":"https:\/\/secure.gravatar.com\/avatar\/497d5cde87b4c3d097d0315953521681ba2cd523ee66e5077c3711f7021e65de?s=96&d=mm&r=g","url":"https:\/\/secure.gravatar.com\/avatar\/497d5cde87b4c3d097d0315953521681ba2cd523ee66e5077c3711f7021e65de?s=96&d=mm&r=g","contentUrl":"https:\/\/secure.gravatar.com\/avatar\/497d5cde87b4c3d097d0315953521681ba2cd523ee66e5077c3711f7021e65de?s=96&d=mm&r=g","caption":"Francisco Javier Fern\u00e1ndez Chento"},"description":"Director General y cofundador de La Red de Formaci\u00f3n Vicenciana. Javier es laico vicenciano, afiliado a la Congregaci\u00f3n de la Misi\u00f3n y miembro del Equipo de Misiones Populares de la provincia can\u00f3nica de Zaragoza (Espa\u00f1a) de la Congregaci\u00f3n de la Misi\u00f3n. Graduado en la Universidad Oberta de Catalunya con cuatro grados (Asistente de direcci\u00f3n, Gesti\u00f3n Administrativa, Recursos Humanos y Contabilidad Avanzada). Bil\u00edng\u00fce Espa\u00f1ol\/Ingl\u00e9s. gestiona y mantiene varias p\u00e1ginas web cristianas y vicencianas, incluida including La Red de Formaci\u00f3n Vicenciana, de la que es cofundador. Actualmente es responsable del \u00e1rea de Espa\u00f1ol de .famvin, la Red de Noticias de la Familia Vicenciana. Tambi\u00e9n es m\u00fasico cat\u00f3lico y ha editado varios discos. Es Director General y cofundador de Trovador, una reconocida compa\u00f1\u00eda discogr\u00e1fica critiana de Espa\u00f1a. Trabaja en las Tecnolog\u00edas de la Informaci\u00f3n, ofreciendo servicios de alojamiento, dise\u00f1o y mantenimiento Web, as\u00ed como asesoramiento, formaci\u00f3n y soluciones inform\u00e1ticas, gesti\u00f3n documental y digitalizaci\u00f3n de textos, edici\u00f3n y maquetaci\u00f3n de libros, revistas, flyers, etc.","sameAs":["http:\/\/chento.org","https:\/\/www.facebook.com\/JavierChento","https:\/\/x.com\/https:\/\/twitter.com\/javierchento"],"url":"http:\/\/vincentians.com\/es\/author\/chento\/"}]}},"jetpack_publicize_connections":[],"jetpack_featured_media_url":"https:\/\/i0.wp.com\/vincentians.com\/es\/wp-content\/uploads\/sites\/11\/2016\/07\/escritos-luisa-de-marillac.jpg?fit=1200%2C630","jetpack_sharing_enabled":true,"jetpack_shortlink":"https:\/\/wp.me\/p7ETMF-1Iq","jetpack-related-posts":[{"id":122036,"url":"http:\/\/vincentians.com\/es\/vicente-de-paul-carta-1139-a-luisa-de-marillac\/","url_meta":{"origin":6598,"position":0},"title":"Vicente de Pa\u00fal, Carta 1139: A Luisa De Marillac","author":"Francisco Javier Fern\u00e1ndez Chento","date":"06\/05\/2013","format":false,"excerpt":"Fr\u00e9neville, 4 febrero 1649. Se\u00f1orita: La gracia de Nuestro Se\u00f1or sea siempre con nosotros. Sigo en Fr\u00e9neville, donde me ha sorprendido este tiempo tan fr\u00edo, con ocasi\u00f3n de la fiesta que he querido celebrar aqu\u00ed, para ayudar a estas buenas gentes a disponerse para entregarse a Dios, para que les\u2026","rel":"","context":"En \u00abEscritos de Vicente de Pa\u00fal\u00bb","block_context":{"text":"Escritos de Vicente de Pa\u00fal","link":"http:\/\/vincentians.com\/es\/category\/escritos\/escritos-de-vicente-de-paul\/"},"img":{"alt_text":"","src":"https:\/\/i0.wp.com\/vincentians.com\/es\/wp-content\/uploads\/sites\/11\/2016\/07\/escritos-vicente-de-paul.jpg?fit=1200%2C630&resize=350%2C200","width":350,"height":200,"srcset":"https:\/\/i0.wp.com\/vincentians.com\/es\/wp-content\/uploads\/sites\/11\/2016\/07\/escritos-vicente-de-paul.jpg?fit=1200%2C630&resize=350%2C200 1x, https:\/\/i0.wp.com\/vincentians.com\/es\/wp-content\/uploads\/sites\/11\/2016\/07\/escritos-vicente-de-paul.jpg?fit=1200%2C630&resize=525%2C300 1.5x, https:\/\/i0.wp.com\/vincentians.com\/es\/wp-content\/uploads\/sites\/11\/2016\/07\/escritos-vicente-de-paul.jpg?fit=1200%2C630&resize=700%2C400 2x, https:\/\/i0.wp.com\/vincentians.com\/es\/wp-content\/uploads\/sites\/11\/2016\/07\/escritos-vicente-de-paul.jpg?fit=1200%2C630&resize=1050%2C600 3x"},"classes":[]},{"id":126942,"url":"http:\/\/vincentians.com\/es\/luisa-de-marillac-carta-0723-a-la-senora\/","url_meta":{"origin":6598,"position":1},"title":"Luisa de Marillac, Carta 0723: (A la Se\u00f1ora&#8230;)","author":"Francisco Javier Fern\u00e1ndez Chento","date":"26\/12\/2013","format":false,"excerpt":"Aqu\u00ed tiene el ejercicio de que le he hablado y que me parece muy adecuado para usted, seg\u00fan el conocimiento que su bondad ha querido darme de su alma. Viva, pues, as\u00ed, siendo toda de Dios, querida se\u00f1ora, por esa uni\u00f3n suave y amorosa de su voluntad con la de\u2026","rel":"","context":"En \u00abEscritos de Luisa de Marillac\u00bb","block_context":{"text":"Escritos de Luisa de Marillac","link":"http:\/\/vincentians.com\/es\/category\/escritos\/escritos-de-luisa-de-marillac\/"},"img":{"alt_text":"","src":"https:\/\/i0.wp.com\/vincentians.com\/es\/wp-content\/uploads\/sites\/11\/2016\/07\/escritos-luisa-de-marillac.jpg?fit=1200%2C630&resize=350%2C200","width":350,"height":200,"srcset":"https:\/\/i0.wp.com\/vincentians.com\/es\/wp-content\/uploads\/sites\/11\/2016\/07\/escritos-luisa-de-marillac.jpg?fit=1200%2C630&resize=350%2C200 1x, https:\/\/i0.wp.com\/vincentians.com\/es\/wp-content\/uploads\/sites\/11\/2016\/07\/escritos-luisa-de-marillac.jpg?fit=1200%2C630&resize=525%2C300 1.5x, https:\/\/i0.wp.com\/vincentians.com\/es\/wp-content\/uploads\/sites\/11\/2016\/07\/escritos-luisa-de-marillac.jpg?fit=1200%2C630&resize=700%2C400 2x, https:\/\/i0.wp.com\/vincentians.com\/es\/wp-content\/uploads\/sites\/11\/2016\/07\/escritos-luisa-de-marillac.jpg?fit=1200%2C630&resize=1050%2C600 3x"},"classes":[]},{"id":117532,"url":"http:\/\/vincentians.com\/es\/luisa-de-marillac-carta-0673-a-mi-querida-sor-juana-delacroix\/","url_meta":{"origin":6598,"position":2},"title":"Luisa de Marillac, Carta 0673: A mi querida Sor Juana Delacroix","author":"Francisco Javier Fern\u00e1ndez Chento","date":"14\/01\/2013","format":false,"excerpt":"Hija de la Caridad Sierva de los Pobres Enfermos Ch\u00e2teaudun Hoy, 23 de febrero de 1659 Mi querida Hermana: Me parece que lleva usted mucho tiempo sin darme noticias suyas, lo que me preocupa un poco; me extra\u00f1o tambi\u00e9n de que Sor Ana no me escriba. Me gustar\u00eda mucho saber\u2026","rel":"","context":"En \u00abEscritos de Luisa de Marillac\u00bb","block_context":{"text":"Escritos de Luisa de Marillac","link":"http:\/\/vincentians.com\/es\/category\/escritos\/escritos-de-luisa-de-marillac\/"},"img":{"alt_text":"","src":"https:\/\/i0.wp.com\/vincentians.com\/es\/wp-content\/uploads\/sites\/11\/2016\/07\/escritos-luisa-de-marillac.jpg?fit=1200%2C630&resize=350%2C200","width":350,"height":200,"srcset":"https:\/\/i0.wp.com\/vincentians.com\/es\/wp-content\/uploads\/sites\/11\/2016\/07\/escritos-luisa-de-marillac.jpg?fit=1200%2C630&resize=350%2C200 1x, https:\/\/i0.wp.com\/vincentians.com\/es\/wp-content\/uploads\/sites\/11\/2016\/07\/escritos-luisa-de-marillac.jpg?fit=1200%2C630&resize=525%2C300 1.5x, https:\/\/i0.wp.com\/vincentians.com\/es\/wp-content\/uploads\/sites\/11\/2016\/07\/escritos-luisa-de-marillac.jpg?fit=1200%2C630&resize=700%2C400 2x, https:\/\/i0.wp.com\/vincentians.com\/es\/wp-content\/uploads\/sites\/11\/2016\/07\/escritos-luisa-de-marillac.jpg?fit=1200%2C630&resize=1050%2C600 3x"},"classes":[]},{"id":144824,"url":"http:\/\/vincentians.com\/es\/luisa-de-marillac-mujer-discipula-colaboradora-formadora-fundadora-madre\/","url_meta":{"origin":6598,"position":3},"title":"Luisa de Marillac: Mujer, disc\u00edpula, colaboradora, formadora, fundadora, madre","author":"Francisco Javier Fern\u00e1ndez Chento","date":"11\/05\/2015","format":false,"excerpt":"Introducci\u00f3n En julio de 1660 san Vicente de Pa\u00fal, en una conferencia a las Hermanas sobre las virtudes de la Se\u00f1orita Le Gras afirma convencido: \u201cSi desean ser buenas Hijas de la Caridad, est\u00e1n obligadas a fijarse en sus virtudes.\u201d[1]. \u201c\u2026 Ser buenas Hijas de la Caridad\u201d es la decisi\u00f3n\u2026","rel":"","context":"En \u00abLuisa de Marillac\u00bb","block_context":{"text":"Luisa de Marillac","link":"http:\/\/vincentians.com\/es\/category\/la-familia-vicenciana\/fundadores\/luisa-de-marillac\/"},"img":{"alt_text":"Louise 112","src":"https:\/\/i0.wp.com\/vicencianos.org\/wp-content\/2015\/03\/Louise-112-297x300.jpg?resize=350%2C200","width":350,"height":200},"classes":[]},{"id":107172,"url":"http:\/\/vincentians.com\/es\/honrar-al-dios-trinidad\/","url_meta":{"origin":6598,"position":4},"title":"Honrar al Dios Trinidad","author":"Francisco Javier Fern\u00e1ndez Chento","date":"30\/06\/2018","format":false,"excerpt":"En su oraci\u00f3n, su meditaci\u00f3n, Luisa de Marillac no se\u00adpara la Humanidad santa de Cristo de su Divinidad. Je\u00adsucristo, Hijo de Mar\u00eda, Jesucristo, Redentor del mundo, es el Hijo de Dios, la segunda Persona de la Sant\u00edsima Tri\u00adnidad. Con la Iglesia, Luisa descubre en Jesucristo al Dios que es Amor.\u2026","rel":"","context":"En \u00abEspiritualidad vicenciana\u00bb","block_context":{"text":"Espiritualidad vicenciana","link":"http:\/\/vincentians.com\/es\/category\/espiritualidad\/espiritualidad-vicenciana\/"},"img":{"alt_text":"","src":"https:\/\/i0.wp.com\/vincentians.com\/es\/wp-content\/uploads\/sites\/11\/2011\/11\/espiritualidad.jpg?fit=310%2C285&resize=350%2C200","width":350,"height":200},"classes":[]},{"id":101837,"url":"http:\/\/vincentians.com\/es\/luisa-de-marillac-carta-0621-a-sor-claudia-carre\/","url_meta":{"origin":6598,"position":5},"title":"Luisa de Marillac, Carta 0621: A Sor Claudia Carr\u00e9","author":"Francisco Javier Fern\u00e1ndez Chento","date":"28\/08\/2012","format":false,"excerpt":"(Angers) 13 de febrero de 1658 Mi querida Hermana: Quiero creer que su caridad la incita con frecuencia a velar por nuestras Hermanas para advertirles cordialmente y en particular las peque\u00f1as faltas que pueda usted ver en ellas y tambi\u00e9n las santas pr\u00e1cticas que podr\u00e1n servirles para que todas sus\u2026","rel":"","context":"En \u00abEscritos de Luisa de Marillac\u00bb","block_context":{"text":"Escritos de Luisa de Marillac","link":"http:\/\/vincentians.com\/es\/category\/escritos\/escritos-de-luisa-de-marillac\/"},"img":{"alt_text":"","src":"https:\/\/i0.wp.com\/vincentians.com\/es\/wp-content\/uploads\/sites\/11\/2016\/07\/escritos-luisa-de-marillac.jpg?fit=1200%2C630&resize=350%2C200","width":350,"height":200,"srcset":"https:\/\/i0.wp.com\/vincentians.com\/es\/wp-content\/uploads\/sites\/11\/2016\/07\/escritos-luisa-de-marillac.jpg?fit=1200%2C630&resize=350%2C200 1x, https:\/\/i0.wp.com\/vincentians.com\/es\/wp-content\/uploads\/sites\/11\/2016\/07\/escritos-luisa-de-marillac.jpg?fit=1200%2C630&resize=525%2C300 1.5x, https:\/\/i0.wp.com\/vincentians.com\/es\/wp-content\/uploads\/sites\/11\/2016\/07\/escritos-luisa-de-marillac.jpg?fit=1200%2C630&resize=700%2C400 2x, https:\/\/i0.wp.com\/vincentians.com\/es\/wp-content\/uploads\/sites\/11\/2016\/07\/escritos-luisa-de-marillac.jpg?fit=1200%2C630&resize=1050%2C600 3x"},"classes":[]}],"_links":{"self":[{"href":"http:\/\/vincentians.com\/es\/wp-json\/wp\/v2\/posts\/6598","targetHints":{"allow":["GET"]}}],"collection":[{"href":"http:\/\/vincentians.com\/es\/wp-json\/wp\/v2\/posts"}],"about":[{"href":"http:\/\/vincentians.com\/es\/wp-json\/wp\/v2\/types\/post"}],"author":[{"embeddable":true,"href":"http:\/\/vincentians.com\/es\/wp-json\/wp\/v2\/users\/4"}],"replies":[{"embeddable":true,"href":"http:\/\/vincentians.com\/es\/wp-json\/wp\/v2\/comments?post=6598"}],"version-history":[{"count":0,"href":"http:\/\/vincentians.com\/es\/wp-json\/wp\/v2\/posts\/6598\/revisions"}],"wp:featuredmedia":[{"embeddable":true,"href":"http:\/\/vincentians.com\/es\/wp-json\/wp\/v2\/media\/393751"}],"wp:attachment":[{"href":"http:\/\/vincentians.com\/es\/wp-json\/wp\/v2\/media?parent=6598"}],"wp:term":[{"taxonomy":"category","embeddable":true,"href":"http:\/\/vincentians.com\/es\/wp-json\/wp\/v2\/categories?post=6598"},{"taxonomy":"post_tag","embeddable":true,"href":"http:\/\/vincentians.com\/es\/wp-json\/wp\/v2\/tags?post=6598"}],"curies":[{"name":"wp","href":"https:\/\/api.w.org\/{rel}","templated":true}]}}