{"id":6552,"date":"2009-02-09T15:59:55","date_gmt":"2009-02-09T14:59:55","guid":{"rendered":"http:\/\/www.vicencianos.org\/web\/2009\/02\/09\/luisa-de-marillac-pensamiento-040-sobre-la-fiesta-de-la-epifania\/"},"modified":"2016-07-26T20:02:06","modified_gmt":"2016-07-26T18:02:06","slug":"luisa-de-marillac-pensamiento-040-sobre-la-fiesta-de-la-epifania","status":"publish","type":"post","link":"http:\/\/vincentians.com\/es\/luisa-de-marillac-pensamiento-040-sobre-la-fiesta-de-la-epifania\/","title":{"rendered":"Luisa de Marillac, Pensamiento 040: Sobre la fiesta de la Epifan\u00eda"},"content":{"rendered":"<p><a href=\"#_edn1\">[i]<\/a><strong><span style=\"text-decoration: underline\">E. 40 (A. 45 bis) (Sobre la fiesta de la Epifan\u00eda)<\/span><\/strong><span style=\"text-decoration: underline\">. pp.722-723<\/span><\/p>\n<p>125. No basta con tener el entendimiento iluminado con el conocimiento de nuestros defectos; es preciso, adem\u00e1s, tener la voluntad caldeada para digerirlos: lo uno sirve para limpiar la conciencia <em>(disponi\u00e9ndola)<\/em> para el nacimiento en nosotros de nuestro Jes\u00fas; lo otro, para adornarla y embellecerla para esa misma recepci\u00f3n.<\/p>\n<p>La limpieza se hace mediante la confesi\u00f3n \u00edntegra de nuestros pecados y el embellecimiento mediante el ejercicio de las virtudes y principalmente de la oraci\u00f3n, el ayuno y la limosna, que en cierto modo sirven a las personas del mundo como los tres votos de religi\u00f3n, a saber: la limosna en lugar de la pobreza; el ayuno, de la castidad, y la oraci\u00f3n, de la obediencia.<\/p>\n<p>Podemos tambi\u00e9n ofrecerlos ante el pesebre como los presentes de los tres Reyes. La limosna en vez del oro, el ayuno en vez de la mirra y la oraci\u00f3n como el incienso: y tambi\u00e9n present\u00e1rselos los tres a la Sant\u00edsima Trinidad: la oraci\u00f3n al Padre, el ayuno al Hijo y la limosna al Esp\u00edritu Santo; haci\u00e9ndolo as\u00ed, adoraremos a nuestro Dios encarnado con los Angeles por medio de la oraci\u00f3n, con los Reyes por medio de la limosna y con los pastores por el ayuno, y Dios nos bendecir\u00e1<\/p>\n<hr size=\"1\" \/><a href=\"#_ednref1\">[i]<\/a><strong><span style=\"text-decoration: underline\"> E. 40 Rc 5 A 45 bis. Original aut\u00f3grafo.<\/span><\/strong><\/p>\n","protected":false},"excerpt":{"rendered":"<p>[i]E. 40 (A. 45 bis) (Sobre la fiesta de la Epifan\u00eda). pp.722-723 125. No basta con tener el entendimiento iluminado con el conocimiento de nuestros defectos; es preciso, adem\u00e1s, tener la voluntad caldeada para digerirlos: &#8230; <a href=\"http:\/\/vincentians.com\/es\/luisa-de-marillac-pensamiento-040-sobre-la-fiesta-de-la-epifania\/\" class=\"more-link\">Read More<\/a><\/p>\n","protected":false},"author":4,"featured_media":393751,"comment_status":"open","ping_status":"open","sticky":false,"template":"","format":"standard","meta":{"rs_blank_template":"","rs_page_bg_color":"","slide_template_v7":"","_jetpack_newsletter_access":"","_jetpack_dont_email_post_to_subs":false,"_jetpack_newsletter_tier_id":0,"_jetpack_memberships_contains_paywalled_content":false,"_jetpack_feature_clip_id":0,"_jetpack_memberships_contains_paid_content":false,"footnotes":"","jetpack_publicize_message":"","jetpack_publicize_feature_enabled":true,"jetpack_social_post_already_shared":true,"jetpack_social_options":{"image_generator_settings":{"template":"highway","default_image_id":0,"font":"","enabled":false},"version":2},"jetpack_post_was_ever_published":false},"categories":[67],"tags":[],"class_list":["post-6552","post","type-post","status-publish","format-standard","has-post-thumbnail","hentry","category-escritos-de-luisa-de-marillac"],"yoast_head":"<!-- This site is optimized with the Yoast SEO plugin v27.9 - https:\/\/yoast.com\/product\/yoast-seo-wordpress\/ -->\n<title>Luisa de Marillac, Pensamiento 040: Sobre la fiesta de la Epifan\u00eda - Somos Vicencianos<\/title>\n<meta name=\"robots\" content=\"index, follow, max-snippet:-1, max-image-preview:large, max-video-preview:-1\" \/>\n<link rel=\"canonical\" href=\"http:\/\/vincentians.com\/es\/luisa-de-marillac-pensamiento-040-sobre-la-fiesta-de-la-epifania\/\" \/>\n<meta property=\"og:locale\" content=\"es_ES\" \/>\n<meta property=\"og:type\" content=\"article\" \/>\n<meta property=\"og:title\" content=\"Luisa de Marillac, Pensamiento 040: Sobre la fiesta de la Epifan\u00eda - Somos Vicencianos\" \/>\n<meta property=\"og:description\" content=\"[i]E. 40 (A. 45 bis) (Sobre la fiesta de la Epifan\u00eda). pp.722-723 125. No basta con tener el entendimiento iluminado con el conocimiento de nuestros defectos; es preciso, adem\u00e1s, tener la voluntad caldeada para digerirlos: ... Read More\" \/>\n<meta property=\"og:url\" content=\"http:\/\/vincentians.com\/es\/luisa-de-marillac-pensamiento-040-sobre-la-fiesta-de-la-epifania\/\" \/>\n<meta property=\"og:site_name\" content=\"Somos Vicencianos\" \/>\n<meta property=\"article:publisher\" content=\"https:\/\/www.facebook.com\/WeAreVincentians\/\" \/>\n<meta property=\"article:author\" content=\"https:\/\/www.facebook.com\/JavierChento\" \/>\n<meta property=\"article:published_time\" content=\"2009-02-09T14:59:55+00:00\" \/>\n<meta property=\"article:modified_time\" content=\"2016-07-26T18:02:06+00:00\" \/>\n<meta property=\"og:image\" content=\"https:\/\/i0.wp.com\/vincentians.com\/es\/wp-content\/uploads\/sites\/11\/2016\/07\/escritos-luisa-de-marillac.jpg?fit=1200%2C630\" \/>\n\t<meta property=\"og:image:width\" content=\"1200\" \/>\n\t<meta property=\"og:image:height\" content=\"630\" \/>\n\t<meta property=\"og:image:type\" content=\"image\/jpeg\" \/>\n<meta name=\"author\" content=\"Francisco Javier Fern\u00e1ndez Chento\" \/>\n<meta name=\"twitter:card\" content=\"summary_large_image\" \/>\n<meta name=\"twitter:creator\" content=\"@https:\/\/twitter.com\/javierchento\" \/>\n<meta name=\"twitter:site\" content=\"@WeVincentians\" \/>\n<meta name=\"twitter:label1\" content=\"Escrito por\" \/>\n\t<meta name=\"twitter:data1\" content=\"Francisco Javier Fern\u00e1ndez Chento\" \/>\n\t<meta name=\"twitter:label2\" content=\"Tiempo de lectura\" \/>\n\t<meta name=\"twitter:data2\" content=\"1 minuto\" \/>\n<script type=\"application\/ld+json\" class=\"yoast-schema-graph\">{\"@context\":\"https:\\\/\\\/schema.org\",\"@graph\":[{\"@type\":\"Article\",\"@id\":\"http:\\\/\\\/vincentians.com\\\/es\\\/luisa-de-marillac-pensamiento-040-sobre-la-fiesta-de-la-epifania\\\/#article\",\"isPartOf\":{\"@id\":\"http:\\\/\\\/vincentians.com\\\/es\\\/luisa-de-marillac-pensamiento-040-sobre-la-fiesta-de-la-epifania\\\/\"},\"author\":{\"name\":\"Francisco Javier Fern\u00e1ndez Chento\",\"@id\":\"http:\\\/\\\/vincentians.com\\\/es\\\/#\\\/schema\\\/person\\\/9623ef4d9aa3b2dfb8c061f1499288f2\"},\"headline\":\"Luisa de Marillac, Pensamiento 040: Sobre la fiesta de la Epifan\u00eda\",\"datePublished\":\"2009-02-09T14:59:55+00:00\",\"dateModified\":\"2016-07-26T18:02:06+00:00\",\"mainEntityOfPage\":{\"@id\":\"http:\\\/\\\/vincentians.com\\\/es\\\/luisa-de-marillac-pensamiento-040-sobre-la-fiesta-de-la-epifania\\\/\"},\"wordCount\":252,\"commentCount\":0,\"publisher\":{\"@id\":\"http:\\\/\\\/vincentians.com\\\/es\\\/#organization\"},\"image\":{\"@id\":\"http:\\\/\\\/vincentians.com\\\/es\\\/luisa-de-marillac-pensamiento-040-sobre-la-fiesta-de-la-epifania\\\/#primaryimage\"},\"thumbnailUrl\":\"https:\\\/\\\/i0.wp.com\\\/vincentians.com\\\/es\\\/wp-content\\\/uploads\\\/sites\\\/11\\\/2016\\\/07\\\/escritos-luisa-de-marillac.jpg?fit=1200%2C630\",\"articleSection\":[\"Escritos de Luisa de Marillac\"],\"inLanguage\":\"es\",\"potentialAction\":[{\"@type\":\"CommentAction\",\"name\":\"Comment\",\"target\":[\"http:\\\/\\\/vincentians.com\\\/es\\\/luisa-de-marillac-pensamiento-040-sobre-la-fiesta-de-la-epifania\\\/#respond\"]}]},{\"@type\":\"WebPage\",\"@id\":\"http:\\\/\\\/vincentians.com\\\/es\\\/luisa-de-marillac-pensamiento-040-sobre-la-fiesta-de-la-epifania\\\/\",\"url\":\"http:\\\/\\\/vincentians.com\\\/es\\\/luisa-de-marillac-pensamiento-040-sobre-la-fiesta-de-la-epifania\\\/\",\"name\":\"Luisa de Marillac, Pensamiento 040: Sobre la fiesta de la Epifan\u00eda - Somos Vicencianos\",\"isPartOf\":{\"@id\":\"http:\\\/\\\/vincentians.com\\\/es\\\/#website\"},\"primaryImageOfPage\":{\"@id\":\"http:\\\/\\\/vincentians.com\\\/es\\\/luisa-de-marillac-pensamiento-040-sobre-la-fiesta-de-la-epifania\\\/#primaryimage\"},\"image\":{\"@id\":\"http:\\\/\\\/vincentians.com\\\/es\\\/luisa-de-marillac-pensamiento-040-sobre-la-fiesta-de-la-epifania\\\/#primaryimage\"},\"thumbnailUrl\":\"https:\\\/\\\/i0.wp.com\\\/vincentians.com\\\/es\\\/wp-content\\\/uploads\\\/sites\\\/11\\\/2016\\\/07\\\/escritos-luisa-de-marillac.jpg?fit=1200%2C630\",\"datePublished\":\"2009-02-09T14:59:55+00:00\",\"dateModified\":\"2016-07-26T18:02:06+00:00\",\"breadcrumb\":{\"@id\":\"http:\\\/\\\/vincentians.com\\\/es\\\/luisa-de-marillac-pensamiento-040-sobre-la-fiesta-de-la-epifania\\\/#breadcrumb\"},\"inLanguage\":\"es\",\"potentialAction\":[{\"@type\":\"ReadAction\",\"target\":[\"http:\\\/\\\/vincentians.com\\\/es\\\/luisa-de-marillac-pensamiento-040-sobre-la-fiesta-de-la-epifania\\\/\"]}]},{\"@type\":\"ImageObject\",\"inLanguage\":\"es\",\"@id\":\"http:\\\/\\\/vincentians.com\\\/es\\\/luisa-de-marillac-pensamiento-040-sobre-la-fiesta-de-la-epifania\\\/#primaryimage\",\"url\":\"https:\\\/\\\/i0.wp.com\\\/vincentians.com\\\/es\\\/wp-content\\\/uploads\\\/sites\\\/11\\\/2016\\\/07\\\/escritos-luisa-de-marillac.jpg?fit=1200%2C630\",\"contentUrl\":\"https:\\\/\\\/i0.wp.com\\\/vincentians.com\\\/es\\\/wp-content\\\/uploads\\\/sites\\\/11\\\/2016\\\/07\\\/escritos-luisa-de-marillac.jpg?fit=1200%2C630\",\"width\":1200,\"height\":630},{\"@type\":\"BreadcrumbList\",\"@id\":\"http:\\\/\\\/vincentians.com\\\/es\\\/luisa-de-marillac-pensamiento-040-sobre-la-fiesta-de-la-epifania\\\/#breadcrumb\",\"itemListElement\":[{\"@type\":\"ListItem\",\"position\":1,\"name\":\"Portada\",\"item\":\"http:\\\/\\\/vincentians.com\\\/es\\\/\"},{\"@type\":\"ListItem\",\"position\":2,\"name\":\"Luisa de Marillac, Pensamiento 040: Sobre la fiesta de la Epifan\u00eda\"}]},{\"@type\":\"WebSite\",\"@id\":\"http:\\\/\\\/vincentians.com\\\/es\\\/#website\",\"url\":\"http:\\\/\\\/vincentians.com\\\/es\\\/\",\"name\":\"Somos Vicencianos\",\"description\":\"Know more to serve more\",\"publisher\":{\"@id\":\"http:\\\/\\\/vincentians.com\\\/es\\\/#organization\"},\"potentialAction\":[{\"@type\":\"SearchAction\",\"target\":{\"@type\":\"EntryPoint\",\"urlTemplate\":\"http:\\\/\\\/vincentians.com\\\/es\\\/?s={search_term_string}\"},\"query-input\":{\"@type\":\"PropertyValueSpecification\",\"valueRequired\":true,\"valueName\":\"search_term_string\"}}],\"inLanguage\":\"es\"},{\"@type\":\"Organization\",\"@id\":\"http:\\\/\\\/vincentians.com\\\/es\\\/#organization\",\"name\":\"The Vincentian Network\",\"url\":\"http:\\\/\\\/vincentians.com\\\/es\\\/\",\"logo\":{\"@type\":\"ImageObject\",\"inLanguage\":\"es\",\"@id\":\"http:\\\/\\\/vincentians.com\\\/es\\\/#\\\/schema\\\/logo\\\/image\\\/\",\"url\":\"https:\\\/\\\/i1.wp.com\\\/vincentians.com\\\/es\\\/wp-content\\\/uploads\\\/sites\\\/11\\\/2016\\\/06\\\/Vincentian-Network-logo-big.png?fit=778%2C778\",\"contentUrl\":\"https:\\\/\\\/i1.wp.com\\\/vincentians.com\\\/es\\\/wp-content\\\/uploads\\\/sites\\\/11\\\/2016\\\/06\\\/Vincentian-Network-logo-big.png?fit=778%2C778\",\"width\":778,\"height\":778,\"caption\":\"The Vincentian Network\"},\"image\":{\"@id\":\"http:\\\/\\\/vincentians.com\\\/es\\\/#\\\/schema\\\/logo\\\/image\\\/\"},\"sameAs\":[\"https:\\\/\\\/www.facebook.com\\\/WeAreVincentians\\\/\",\"https:\\\/\\\/x.com\\\/WeVincentians\"]},{\"@type\":\"Person\",\"@id\":\"http:\\\/\\\/vincentians.com\\\/es\\\/#\\\/schema\\\/person\\\/9623ef4d9aa3b2dfb8c061f1499288f2\",\"name\":\"Francisco Javier Fern\u00e1ndez Chento\",\"image\":{\"@type\":\"ImageObject\",\"inLanguage\":\"es\",\"@id\":\"https:\\\/\\\/secure.gravatar.com\\\/avatar\\\/497d5cde87b4c3d097d0315953521681ba2cd523ee66e5077c3711f7021e65de?s=96&d=mm&r=g\",\"url\":\"https:\\\/\\\/secure.gravatar.com\\\/avatar\\\/497d5cde87b4c3d097d0315953521681ba2cd523ee66e5077c3711f7021e65de?s=96&d=mm&r=g\",\"contentUrl\":\"https:\\\/\\\/secure.gravatar.com\\\/avatar\\\/497d5cde87b4c3d097d0315953521681ba2cd523ee66e5077c3711f7021e65de?s=96&d=mm&r=g\",\"caption\":\"Francisco Javier Fern\u00e1ndez Chento\"},\"description\":\"Director General y cofundador de La Red de Formaci\u00f3n Vicenciana. Javier es laico vicenciano, afiliado a la Congregaci\u00f3n de la Misi\u00f3n y miembro del Equipo de Misiones Populares de la provincia can\u00f3nica de Zaragoza (Espa\u00f1a) de la Congregaci\u00f3n de la Misi\u00f3n. Graduado en la Universidad Oberta de Catalunya con cuatro grados (Asistente de direcci\u00f3n, Gesti\u00f3n Administrativa, Recursos Humanos y Contabilidad Avanzada). Bil\u00edng\u00fce Espa\u00f1ol\\\/Ingl\u00e9s. gestiona y mantiene varias p\u00e1ginas web cristianas y vicencianas, incluida including La Red de Formaci\u00f3n Vicenciana, de la que es cofundador. Actualmente es responsable del \u00e1rea de Espa\u00f1ol de .famvin, la Red de Noticias de la Familia Vicenciana. Tambi\u00e9n es m\u00fasico cat\u00f3lico y ha editado varios discos. Es Director General y cofundador de Trovador, una reconocida compa\u00f1\u00eda discogr\u00e1fica critiana de Espa\u00f1a. Trabaja en las Tecnolog\u00edas de la Informaci\u00f3n, ofreciendo servicios de alojamiento, dise\u00f1o y mantenimiento Web, as\u00ed como asesoramiento, formaci\u00f3n y soluciones inform\u00e1ticas, gesti\u00f3n documental y digitalizaci\u00f3n de textos, edici\u00f3n y maquetaci\u00f3n de libros, revistas, flyers, etc.\",\"sameAs\":[\"http:\\\/\\\/chento.org\",\"https:\\\/\\\/www.facebook.com\\\/JavierChento\",\"https:\\\/\\\/x.com\\\/https:\\\/\\\/twitter.com\\\/javierchento\"],\"url\":\"http:\\\/\\\/vincentians.com\\\/es\\\/author\\\/chento\\\/\"}]}<\/script>\n<!-- \/ Yoast SEO plugin. -->","yoast_head_json":{"title":"Luisa de Marillac, Pensamiento 040: Sobre la fiesta de la Epifan\u00eda - Somos Vicencianos","robots":{"index":"index","follow":"follow","max-snippet":"max-snippet:-1","max-image-preview":"max-image-preview:large","max-video-preview":"max-video-preview:-1"},"canonical":"http:\/\/vincentians.com\/es\/luisa-de-marillac-pensamiento-040-sobre-la-fiesta-de-la-epifania\/","og_locale":"es_ES","og_type":"article","og_title":"Luisa de Marillac, Pensamiento 040: Sobre la fiesta de la Epifan\u00eda - Somos Vicencianos","og_description":"[i]E. 40 (A. 45 bis) (Sobre la fiesta de la Epifan\u00eda). pp.722-723 125. No basta con tener el entendimiento iluminado con el conocimiento de nuestros defectos; es preciso, adem\u00e1s, tener la voluntad caldeada para digerirlos: ... Read More","og_url":"http:\/\/vincentians.com\/es\/luisa-de-marillac-pensamiento-040-sobre-la-fiesta-de-la-epifania\/","og_site_name":"Somos Vicencianos","article_publisher":"https:\/\/www.facebook.com\/WeAreVincentians\/","article_author":"https:\/\/www.facebook.com\/JavierChento","article_published_time":"2009-02-09T14:59:55+00:00","article_modified_time":"2016-07-26T18:02:06+00:00","og_image":[{"width":1200,"height":630,"url":"https:\/\/i0.wp.com\/vincentians.com\/es\/wp-content\/uploads\/sites\/11\/2016\/07\/escritos-luisa-de-marillac.jpg?fit=1200%2C630","type":"image\/jpeg"}],"author":"Francisco Javier Fern\u00e1ndez Chento","twitter_card":"summary_large_image","twitter_creator":"@https:\/\/twitter.com\/javierchento","twitter_site":"@WeVincentians","twitter_misc":{"Escrito por":"Francisco Javier Fern\u00e1ndez Chento","Tiempo de lectura":"1 minuto"},"schema":{"@context":"https:\/\/schema.org","@graph":[{"@type":"Article","@id":"http:\/\/vincentians.com\/es\/luisa-de-marillac-pensamiento-040-sobre-la-fiesta-de-la-epifania\/#article","isPartOf":{"@id":"http:\/\/vincentians.com\/es\/luisa-de-marillac-pensamiento-040-sobre-la-fiesta-de-la-epifania\/"},"author":{"name":"Francisco Javier Fern\u00e1ndez Chento","@id":"http:\/\/vincentians.com\/es\/#\/schema\/person\/9623ef4d9aa3b2dfb8c061f1499288f2"},"headline":"Luisa de Marillac, Pensamiento 040: Sobre la fiesta de la Epifan\u00eda","datePublished":"2009-02-09T14:59:55+00:00","dateModified":"2016-07-26T18:02:06+00:00","mainEntityOfPage":{"@id":"http:\/\/vincentians.com\/es\/luisa-de-marillac-pensamiento-040-sobre-la-fiesta-de-la-epifania\/"},"wordCount":252,"commentCount":0,"publisher":{"@id":"http:\/\/vincentians.com\/es\/#organization"},"image":{"@id":"http:\/\/vincentians.com\/es\/luisa-de-marillac-pensamiento-040-sobre-la-fiesta-de-la-epifania\/#primaryimage"},"thumbnailUrl":"https:\/\/i0.wp.com\/vincentians.com\/es\/wp-content\/uploads\/sites\/11\/2016\/07\/escritos-luisa-de-marillac.jpg?fit=1200%2C630","articleSection":["Escritos de Luisa de Marillac"],"inLanguage":"es","potentialAction":[{"@type":"CommentAction","name":"Comment","target":["http:\/\/vincentians.com\/es\/luisa-de-marillac-pensamiento-040-sobre-la-fiesta-de-la-epifania\/#respond"]}]},{"@type":"WebPage","@id":"http:\/\/vincentians.com\/es\/luisa-de-marillac-pensamiento-040-sobre-la-fiesta-de-la-epifania\/","url":"http:\/\/vincentians.com\/es\/luisa-de-marillac-pensamiento-040-sobre-la-fiesta-de-la-epifania\/","name":"Luisa de Marillac, Pensamiento 040: Sobre la fiesta de la Epifan\u00eda - Somos Vicencianos","isPartOf":{"@id":"http:\/\/vincentians.com\/es\/#website"},"primaryImageOfPage":{"@id":"http:\/\/vincentians.com\/es\/luisa-de-marillac-pensamiento-040-sobre-la-fiesta-de-la-epifania\/#primaryimage"},"image":{"@id":"http:\/\/vincentians.com\/es\/luisa-de-marillac-pensamiento-040-sobre-la-fiesta-de-la-epifania\/#primaryimage"},"thumbnailUrl":"https:\/\/i0.wp.com\/vincentians.com\/es\/wp-content\/uploads\/sites\/11\/2016\/07\/escritos-luisa-de-marillac.jpg?fit=1200%2C630","datePublished":"2009-02-09T14:59:55+00:00","dateModified":"2016-07-26T18:02:06+00:00","breadcrumb":{"@id":"http:\/\/vincentians.com\/es\/luisa-de-marillac-pensamiento-040-sobre-la-fiesta-de-la-epifania\/#breadcrumb"},"inLanguage":"es","potentialAction":[{"@type":"ReadAction","target":["http:\/\/vincentians.com\/es\/luisa-de-marillac-pensamiento-040-sobre-la-fiesta-de-la-epifania\/"]}]},{"@type":"ImageObject","inLanguage":"es","@id":"http:\/\/vincentians.com\/es\/luisa-de-marillac-pensamiento-040-sobre-la-fiesta-de-la-epifania\/#primaryimage","url":"https:\/\/i0.wp.com\/vincentians.com\/es\/wp-content\/uploads\/sites\/11\/2016\/07\/escritos-luisa-de-marillac.jpg?fit=1200%2C630","contentUrl":"https:\/\/i0.wp.com\/vincentians.com\/es\/wp-content\/uploads\/sites\/11\/2016\/07\/escritos-luisa-de-marillac.jpg?fit=1200%2C630","width":1200,"height":630},{"@type":"BreadcrumbList","@id":"http:\/\/vincentians.com\/es\/luisa-de-marillac-pensamiento-040-sobre-la-fiesta-de-la-epifania\/#breadcrumb","itemListElement":[{"@type":"ListItem","position":1,"name":"Portada","item":"http:\/\/vincentians.com\/es\/"},{"@type":"ListItem","position":2,"name":"Luisa de Marillac, Pensamiento 040: Sobre la fiesta de la Epifan\u00eda"}]},{"@type":"WebSite","@id":"http:\/\/vincentians.com\/es\/#website","url":"http:\/\/vincentians.com\/es\/","name":"Somos Vicencianos","description":"Know more to serve more","publisher":{"@id":"http:\/\/vincentians.com\/es\/#organization"},"potentialAction":[{"@type":"SearchAction","target":{"@type":"EntryPoint","urlTemplate":"http:\/\/vincentians.com\/es\/?s={search_term_string}"},"query-input":{"@type":"PropertyValueSpecification","valueRequired":true,"valueName":"search_term_string"}}],"inLanguage":"es"},{"@type":"Organization","@id":"http:\/\/vincentians.com\/es\/#organization","name":"The Vincentian Network","url":"http:\/\/vincentians.com\/es\/","logo":{"@type":"ImageObject","inLanguage":"es","@id":"http:\/\/vincentians.com\/es\/#\/schema\/logo\/image\/","url":"https:\/\/i1.wp.com\/vincentians.com\/es\/wp-content\/uploads\/sites\/11\/2016\/06\/Vincentian-Network-logo-big.png?fit=778%2C778","contentUrl":"https:\/\/i1.wp.com\/vincentians.com\/es\/wp-content\/uploads\/sites\/11\/2016\/06\/Vincentian-Network-logo-big.png?fit=778%2C778","width":778,"height":778,"caption":"The Vincentian Network"},"image":{"@id":"http:\/\/vincentians.com\/es\/#\/schema\/logo\/image\/"},"sameAs":["https:\/\/www.facebook.com\/WeAreVincentians\/","https:\/\/x.com\/WeVincentians"]},{"@type":"Person","@id":"http:\/\/vincentians.com\/es\/#\/schema\/person\/9623ef4d9aa3b2dfb8c061f1499288f2","name":"Francisco Javier Fern\u00e1ndez Chento","image":{"@type":"ImageObject","inLanguage":"es","@id":"https:\/\/secure.gravatar.com\/avatar\/497d5cde87b4c3d097d0315953521681ba2cd523ee66e5077c3711f7021e65de?s=96&d=mm&r=g","url":"https:\/\/secure.gravatar.com\/avatar\/497d5cde87b4c3d097d0315953521681ba2cd523ee66e5077c3711f7021e65de?s=96&d=mm&r=g","contentUrl":"https:\/\/secure.gravatar.com\/avatar\/497d5cde87b4c3d097d0315953521681ba2cd523ee66e5077c3711f7021e65de?s=96&d=mm&r=g","caption":"Francisco Javier Fern\u00e1ndez Chento"},"description":"Director General y cofundador de La Red de Formaci\u00f3n Vicenciana. Javier es laico vicenciano, afiliado a la Congregaci\u00f3n de la Misi\u00f3n y miembro del Equipo de Misiones Populares de la provincia can\u00f3nica de Zaragoza (Espa\u00f1a) de la Congregaci\u00f3n de la Misi\u00f3n. Graduado en la Universidad Oberta de Catalunya con cuatro grados (Asistente de direcci\u00f3n, Gesti\u00f3n Administrativa, Recursos Humanos y Contabilidad Avanzada). Bil\u00edng\u00fce Espa\u00f1ol\/Ingl\u00e9s. gestiona y mantiene varias p\u00e1ginas web cristianas y vicencianas, incluida including La Red de Formaci\u00f3n Vicenciana, de la que es cofundador. Actualmente es responsable del \u00e1rea de Espa\u00f1ol de .famvin, la Red de Noticias de la Familia Vicenciana. Tambi\u00e9n es m\u00fasico cat\u00f3lico y ha editado varios discos. Es Director General y cofundador de Trovador, una reconocida compa\u00f1\u00eda discogr\u00e1fica critiana de Espa\u00f1a. Trabaja en las Tecnolog\u00edas de la Informaci\u00f3n, ofreciendo servicios de alojamiento, dise\u00f1o y mantenimiento Web, as\u00ed como asesoramiento, formaci\u00f3n y soluciones inform\u00e1ticas, gesti\u00f3n documental y digitalizaci\u00f3n de textos, edici\u00f3n y maquetaci\u00f3n de libros, revistas, flyers, etc.","sameAs":["http:\/\/chento.org","https:\/\/www.facebook.com\/JavierChento","https:\/\/x.com\/https:\/\/twitter.com\/javierchento"],"url":"http:\/\/vincentians.com\/es\/author\/chento\/"}]}},"jetpack_publicize_connections":[],"jetpack_featured_media_url":"https:\/\/i0.wp.com\/vincentians.com\/es\/wp-content\/uploads\/sites\/11\/2016\/07\/escritos-luisa-de-marillac.jpg?fit=1200%2C630","jetpack_sharing_enabled":true,"jetpack_shortlink":"https:\/\/wp.me\/p7ETMF-1HG","jetpack-related-posts":[{"id":119624,"url":"http:\/\/vincentians.com\/es\/mirada-de-fe-del-itinerario-espiritual-de-luisa-de-marillac\/","url_meta":{"origin":6552,"position":0},"title":"Mirada de fe del itinerario espiritual de Luisa de Marillac","author":"Francisco Javier Fern\u00e1ndez Chento","date":"12\/04\/2013","format":false,"excerpt":"Introducci\u00f3n La mirada de fe es un hecho humano fundamental que nos orienta hacia Dios y nos invita a vivir de su Esp\u00edritu. La presencia de los Santos es un recuerdo continuo de las cosas del cielo. La Iglesia nos ense\u00f1a que los santos son inseparables de la plenitud de\u2026","rel":"","context":"En \u00abEspiritualidad vicenciana\u00bb","block_context":{"text":"Espiritualidad vicenciana","link":"http:\/\/vincentians.com\/es\/category\/espiritualidad\/espiritualidad-vicenciana\/"},"img":{"alt_text":"Luisa de Marillac","src":"https:\/\/i0.wp.com\/vicencianos.org\/wp-content\/2011\/02\/luisa_marillac-181x300.jpg?resize=350%2C200","width":350,"height":200},"classes":[]},{"id":41481,"url":"http:\/\/vincentians.com\/es\/el-senor-vicente-visto-por-su-secretario-luis-robineau-articulos-221-al-225\/","url_meta":{"origin":6552,"position":1},"title":"El se\u00f1or Vicente visto por su secretario, Luis Robineau. Art\u00edculos 221 al 225","author":"Francisco Javier Fern\u00e1ndez Chento","date":"15\/03\/2014","format":false,"excerpt":"221. Ayunos de las v\u00edsperas de fiestas. Hace unos siete u ocho a\u00f1os estableci\u00f3 los ayunos, que la Compa\u00ad\u00f1\u00eda acostumbra a guardar desde entonces las v\u00edsperas de las fiestas de Nuestro Se\u00f1or y de la Sant\u00edsima Virgen Mar\u00eda. Y de todo eso, as\u00ed como de la Cuaresma, no quer\u00eda dispensarse\u2026","rel":"","context":"En \u00abEscritos de Luis Robineau\u00bb","block_context":{"text":"Escritos de Luis Robineau","link":"http:\/\/vincentians.com\/es\/category\/escritos\/escritos-de-luis-robineau\/"},"img":{"alt_text":"","src":"","width":0,"height":0},"classes":[]},{"id":6485,"url":"http:\/\/vincentians.com\/es\/luisa-de-marillac-pensamiento-007-reglamento-de-vida-en-el-mundo\/","url_meta":{"origin":6552,"position":2},"title":"Luisa de Marillac, Pensamiento 007: Reglamento De Vida En El Mundo","author":"Francisco Javier Fern\u00e1ndez Chento","date":"07\/01\/2009","format":false,"excerpt":"\u00a1En el nombre de Dios, pueda yo vivir as\u00ed si me lo permiten! 18. Que est\u00e9 siempre en mi coraz\u00f3n el deseo de la santa pobreza, para que libre de todo, siga a Jesucristo y sirva con toda humildad y mansedumbre a mi pr\u00f3jimo, viviendo en obediencia y castidad toda\u2026","rel":"","context":"En \u00abEscritos de Luisa de Marillac\u00bb","block_context":{"text":"Escritos de Luisa de Marillac","link":"http:\/\/vincentians.com\/es\/category\/escritos\/escritos-de-luisa-de-marillac\/"},"img":{"alt_text":"","src":"https:\/\/i0.wp.com\/vincentians.com\/es\/wp-content\/uploads\/sites\/11\/2016\/07\/escritos-luisa-de-marillac.jpg?fit=1200%2C630&resize=350%2C200","width":350,"height":200,"srcset":"https:\/\/i0.wp.com\/vincentians.com\/es\/wp-content\/uploads\/sites\/11\/2016\/07\/escritos-luisa-de-marillac.jpg?fit=1200%2C630&resize=350%2C200 1x, https:\/\/i0.wp.com\/vincentians.com\/es\/wp-content\/uploads\/sites\/11\/2016\/07\/escritos-luisa-de-marillac.jpg?fit=1200%2C630&resize=525%2C300 1.5x, https:\/\/i0.wp.com\/vincentians.com\/es\/wp-content\/uploads\/sites\/11\/2016\/07\/escritos-luisa-de-marillac.jpg?fit=1200%2C630&resize=700%2C400 2x, https:\/\/i0.wp.com\/vincentians.com\/es\/wp-content\/uploads\/sites\/11\/2016\/07\/escritos-luisa-de-marillac.jpg?fit=1200%2C630&resize=1050%2C600 3x"},"classes":[]},{"id":6681,"url":"http:\/\/vincentians.com\/es\/luisa-de-marillac-pensamiento-110-oracion-antes-de-la-sagrada-comunion\/","url_meta":{"origin":6552,"position":3},"title":"Luisa de Marillac, Pensamiento 110: Oraci\u00f3n antes de la Sagrada Comuni\u00f3n","author":"Francisco Javier Fern\u00e1ndez Chento","date":"20\/04\/2009","format":false,"excerpt":"[i]E. 110 (A. 59) (enero 1660) Oraci\u00f3n antes de la Sagrada Comuni\u00f3n. p.827 288. Esp\u00edritu Santo, Amor del Padre y del Hijo, ven a purificar y embellecer mi alma para que sea agradable a mi Salvador y que yo pueda recibirle para gloria suya y mi salvaci\u00f3n. Con todo mi\u2026","rel":"","context":"En \u00abEscritos de Luisa de Marillac\u00bb","block_context":{"text":"Escritos de Luisa de Marillac","link":"http:\/\/vincentians.com\/es\/category\/escritos\/escritos-de-luisa-de-marillac\/"},"img":{"alt_text":"","src":"https:\/\/i0.wp.com\/vincentians.com\/es\/wp-content\/uploads\/sites\/11\/2016\/07\/escritos-luisa-de-marillac.jpg?fit=1200%2C630&resize=350%2C200","width":350,"height":200,"srcset":"https:\/\/i0.wp.com\/vincentians.com\/es\/wp-content\/uploads\/sites\/11\/2016\/07\/escritos-luisa-de-marillac.jpg?fit=1200%2C630&resize=350%2C200 1x, https:\/\/i0.wp.com\/vincentians.com\/es\/wp-content\/uploads\/sites\/11\/2016\/07\/escritos-luisa-de-marillac.jpg?fit=1200%2C630&resize=525%2C300 1.5x, https:\/\/i0.wp.com\/vincentians.com\/es\/wp-content\/uploads\/sites\/11\/2016\/07\/escritos-luisa-de-marillac.jpg?fit=1200%2C630&resize=700%2C400 2x, https:\/\/i0.wp.com\/vincentians.com\/es\/wp-content\/uploads\/sites\/11\/2016\/07\/escritos-luisa-de-marillac.jpg?fit=1200%2C630&resize=1050%2C600 3x"},"classes":[]},{"id":117485,"url":"http:\/\/vincentians.com\/es\/vicente-de-paul-carta-1053-a-luisa-de-marillac\/","url_meta":{"origin":6552,"position":4},"title":"Vicente de Pa\u00fal, Carta 1053: A Luisa De Marillac","author":"Francisco Javier Fern\u00e1ndez Chento","date":"16\/01\/2013","format":false,"excerpt":"[Entre 1643 y 1649] No podr\u00e9 dedicarme hoy a este menester, se\u00f1orita. Tengo que verla a usted antes de decidir el n\u00famero. Espero hacerlo ma\u00f1ana, Dios mediante. Hoy tenemos la reuni\u00f3n de las damas en casa de la se\u00f1ora de Lamoignon. Le deseo buenos d\u00edas y me encomiendo a sus\u2026","rel":"","context":"En \u00abEscritos de Vicente de Pa\u00fal\u00bb","block_context":{"text":"Escritos de Vicente de Pa\u00fal","link":"http:\/\/vincentians.com\/es\/category\/escritos\/escritos-de-vicente-de-paul\/"},"img":{"alt_text":"","src":"https:\/\/i0.wp.com\/vincentians.com\/es\/wp-content\/uploads\/sites\/11\/2016\/07\/escritos-vicente-de-paul.jpg?fit=1200%2C630&resize=350%2C200","width":350,"height":200,"srcset":"https:\/\/i0.wp.com\/vincentians.com\/es\/wp-content\/uploads\/sites\/11\/2016\/07\/escritos-vicente-de-paul.jpg?fit=1200%2C630&resize=350%2C200 1x, https:\/\/i0.wp.com\/vincentians.com\/es\/wp-content\/uploads\/sites\/11\/2016\/07\/escritos-vicente-de-paul.jpg?fit=1200%2C630&resize=525%2C300 1.5x, https:\/\/i0.wp.com\/vincentians.com\/es\/wp-content\/uploads\/sites\/11\/2016\/07\/escritos-vicente-de-paul.jpg?fit=1200%2C630&resize=700%2C400 2x, https:\/\/i0.wp.com\/vincentians.com\/es\/wp-content\/uploads\/sites\/11\/2016\/07\/escritos-vicente-de-paul.jpg?fit=1200%2C630&resize=1050%2C600 3x"},"classes":[]},{"id":117533,"url":"http:\/\/vincentians.com\/es\/luisa-de-marillac-carta-0674-a-mi-querida-sor-clara\/","url_meta":{"origin":6552,"position":5},"title":"Luisa de Marillac, Carta 0674: A mi querida Sor Clara","author":"Francisco Javier Fern\u00e1ndez Chento","date":"15\/01\/2013","format":false,"excerpt":"Hija de la Caridad Sierva de los Pobres Enfermos La Roche-Guyon Hoy, 27 de febrero de 1659 Mi querida Hermana: Desear\u00eda tanto como usted, que viniese a hacer los ejercicios, pero lo impiden dos cosas; una es que este tiempo es de verdadera cosecha para sus ni\u00f1as de la escuela,\u2026","rel":"","context":"En \u00abEscritos de Luisa de Marillac\u00bb","block_context":{"text":"Escritos de Luisa de Marillac","link":"http:\/\/vincentians.com\/es\/category\/escritos\/escritos-de-luisa-de-marillac\/"},"img":{"alt_text":"","src":"https:\/\/i0.wp.com\/vincentians.com\/es\/wp-content\/uploads\/sites\/11\/2016\/07\/escritos-luisa-de-marillac.jpg?fit=1200%2C630&resize=350%2C200","width":350,"height":200,"srcset":"https:\/\/i0.wp.com\/vincentians.com\/es\/wp-content\/uploads\/sites\/11\/2016\/07\/escritos-luisa-de-marillac.jpg?fit=1200%2C630&resize=350%2C200 1x, https:\/\/i0.wp.com\/vincentians.com\/es\/wp-content\/uploads\/sites\/11\/2016\/07\/escritos-luisa-de-marillac.jpg?fit=1200%2C630&resize=525%2C300 1.5x, https:\/\/i0.wp.com\/vincentians.com\/es\/wp-content\/uploads\/sites\/11\/2016\/07\/escritos-luisa-de-marillac.jpg?fit=1200%2C630&resize=700%2C400 2x, https:\/\/i0.wp.com\/vincentians.com\/es\/wp-content\/uploads\/sites\/11\/2016\/07\/escritos-luisa-de-marillac.jpg?fit=1200%2C630&resize=1050%2C600 3x"},"classes":[]}],"_links":{"self":[{"href":"http:\/\/vincentians.com\/es\/wp-json\/wp\/v2\/posts\/6552","targetHints":{"allow":["GET"]}}],"collection":[{"href":"http:\/\/vincentians.com\/es\/wp-json\/wp\/v2\/posts"}],"about":[{"href":"http:\/\/vincentians.com\/es\/wp-json\/wp\/v2\/types\/post"}],"author":[{"embeddable":true,"href":"http:\/\/vincentians.com\/es\/wp-json\/wp\/v2\/users\/4"}],"replies":[{"embeddable":true,"href":"http:\/\/vincentians.com\/es\/wp-json\/wp\/v2\/comments?post=6552"}],"version-history":[{"count":0,"href":"http:\/\/vincentians.com\/es\/wp-json\/wp\/v2\/posts\/6552\/revisions"}],"wp:featuredmedia":[{"embeddable":true,"href":"http:\/\/vincentians.com\/es\/wp-json\/wp\/v2\/media\/393751"}],"wp:attachment":[{"href":"http:\/\/vincentians.com\/es\/wp-json\/wp\/v2\/media?parent=6552"}],"wp:term":[{"taxonomy":"category","embeddable":true,"href":"http:\/\/vincentians.com\/es\/wp-json\/wp\/v2\/categories?post=6552"},{"taxonomy":"post_tag","embeddable":true,"href":"http:\/\/vincentians.com\/es\/wp-json\/wp\/v2\/tags?post=6552"}],"curies":[{"name":"wp","href":"https:\/\/api.w.org\/{rel}","templated":true}]}}