{"id":6549,"date":"2009-02-06T15:59:48","date_gmt":"2009-02-06T14:59:48","guid":{"rendered":"http:\/\/www.vicencianos.org\/web\/2009\/02\/06\/luisa-de-marillac-pensamiento-037-sobre-la-fiesta-de-la-santisima-trinidad\/"},"modified":"2016-07-26T20:02:06","modified_gmt":"2016-07-26T18:02:06","slug":"luisa-de-marillac-pensamiento-037-sobre-la-fiesta-de-la-santisima-trinidad","status":"publish","type":"post","link":"http:\/\/vincentians.com\/es\/luisa-de-marillac-pensamiento-037-sobre-la-fiesta-de-la-santisima-trinidad\/","title":{"rendered":"Luisa de Marillac, Pensamiento 037: Sobre la fiesta de la Sant\u00edsima Trinidad"},"content":{"rendered":"<p><a href=\"#_edn1\">[i]<\/a><strong><span style=\"text-decoration: underline\">E. 37 (A. 22) ()<\/span><\/strong><span style=\"text-decoration: underline\">. p.721<\/span> 121. Queriendo celebrar la fiesta de la Sant\u00edsima Trinidad como Dios prescribi\u00f3 se celebrara el s\u00e1bado, llamado el d\u00eda del descanso del Se\u00f1or, despu\u00e9s de los seis d\u00edas de la creaci\u00f3n del mundo, cuya obra principal fue el hombre, me ha parecido que el pecado, en cieno modo, lo hab\u00eda aniquilado, torn\u00e1ndole incapaz de gozar de Dios. Y Como el designio de Dios es que ese aniquilamiento no fuera perdurable, toda vez que el mismo Dios, en la distinci\u00f3n de sus Personas, hab\u00eda dicho: \u00abHagamos al hombre a nuestra imagen y semejanza\u00bb, de la misma manera decidi\u00f3 redimirle, lo que es una nueva creaci\u00f3n. Y como quiera que tras todos los misterios de nuestra Redenci\u00f3n el Esp\u00edritu Santo inspir\u00f3 a la Iglesia la celebraci\u00f3n de la fiesta de la Sant\u00edsima Trinidad, me ha parecido que era para nosotros como una orden de Dios para que solemniz\u00e1ramos este d\u00eda como el d\u00eda del descanso<\/p>\n<hr size=\"1\" \/><a href=\"#_ednref1\">[i]<\/a><strong><span style=\"text-decoration: underline\">E. 37 Rc 5 A 22 Original aut\u00f3grafo.<\/span><\/strong><\/p>\n","protected":false},"excerpt":{"rendered":"<p>[i]E. 37 (A. 22) (). p.721 121. Queriendo celebrar la fiesta de la Sant\u00edsima Trinidad como Dios prescribi\u00f3 se celebrara el s\u00e1bado, llamado el d\u00eda del descanso del Se\u00f1or, despu\u00e9s de los seis d\u00edas de &#8230; <a href=\"http:\/\/vincentians.com\/es\/luisa-de-marillac-pensamiento-037-sobre-la-fiesta-de-la-santisima-trinidad\/\" class=\"more-link\">Read More<\/a><\/p>\n","protected":false},"author":4,"featured_media":393751,"comment_status":"open","ping_status":"open","sticky":false,"template":"","format":"standard","meta":{"rs_blank_template":"","rs_page_bg_color":"","slide_template_v7":"","_jetpack_newsletter_access":"","_jetpack_dont_email_post_to_subs":false,"_jetpack_newsletter_tier_id":0,"_jetpack_memberships_contains_paywalled_content":false,"_jetpack_feature_clip_id":0,"_jetpack_memberships_contains_paid_content":false,"footnotes":"","jetpack_publicize_message":"","jetpack_publicize_feature_enabled":true,"jetpack_social_post_already_shared":true,"jetpack_social_options":{"image_generator_settings":{"template":"highway","default_image_id":0,"font":"","enabled":false},"version":2},"jetpack_post_was_ever_published":false},"categories":[67],"tags":[],"class_list":["post-6549","post","type-post","status-publish","format-standard","has-post-thumbnail","hentry","category-escritos-de-luisa-de-marillac"],"yoast_head":"<!-- This site is optimized with the Yoast SEO plugin v27.9 - https:\/\/yoast.com\/product\/yoast-seo-wordpress\/ -->\n<title>Luisa de Marillac, Pensamiento 037: Sobre la fiesta de la Sant\u00edsima Trinidad - Somos Vicencianos<\/title>\n<meta name=\"robots\" content=\"index, follow, max-snippet:-1, max-image-preview:large, max-video-preview:-1\" \/>\n<link rel=\"canonical\" href=\"http:\/\/vincentians.com\/es\/luisa-de-marillac-pensamiento-037-sobre-la-fiesta-de-la-santisima-trinidad\/\" \/>\n<meta property=\"og:locale\" content=\"es_ES\" \/>\n<meta property=\"og:type\" content=\"article\" \/>\n<meta property=\"og:title\" content=\"Luisa de Marillac, Pensamiento 037: Sobre la fiesta de la Sant\u00edsima Trinidad - Somos Vicencianos\" \/>\n<meta property=\"og:description\" content=\"[i]E. 37 (A. 22) (). p.721 121. Queriendo celebrar la fiesta de la Sant\u00edsima Trinidad como Dios prescribi\u00f3 se celebrara el s\u00e1bado, llamado el d\u00eda del descanso del Se\u00f1or, despu\u00e9s de los seis d\u00edas de ... Read More\" \/>\n<meta property=\"og:url\" content=\"http:\/\/vincentians.com\/es\/luisa-de-marillac-pensamiento-037-sobre-la-fiesta-de-la-santisima-trinidad\/\" \/>\n<meta property=\"og:site_name\" content=\"Somos Vicencianos\" \/>\n<meta property=\"article:publisher\" content=\"https:\/\/www.facebook.com\/WeAreVincentians\/\" \/>\n<meta property=\"article:author\" content=\"https:\/\/www.facebook.com\/JavierChento\" \/>\n<meta property=\"article:published_time\" content=\"2009-02-06T14:59:48+00:00\" \/>\n<meta property=\"article:modified_time\" content=\"2016-07-26T18:02:06+00:00\" \/>\n<meta property=\"og:image\" content=\"https:\/\/i0.wp.com\/vincentians.com\/es\/wp-content\/uploads\/sites\/11\/2016\/07\/escritos-luisa-de-marillac.jpg?fit=1200%2C630\" \/>\n\t<meta property=\"og:image:width\" content=\"1200\" \/>\n\t<meta property=\"og:image:height\" content=\"630\" \/>\n\t<meta property=\"og:image:type\" content=\"image\/jpeg\" \/>\n<meta name=\"author\" content=\"Francisco Javier Fern\u00e1ndez Chento\" \/>\n<meta name=\"twitter:card\" content=\"summary_large_image\" \/>\n<meta name=\"twitter:creator\" content=\"@https:\/\/twitter.com\/javierchento\" \/>\n<meta name=\"twitter:site\" content=\"@WeVincentians\" \/>\n<meta name=\"twitter:label1\" content=\"Escrito por\" \/>\n\t<meta name=\"twitter:data1\" content=\"Francisco Javier Fern\u00e1ndez Chento\" \/>\n\t<meta name=\"twitter:label2\" content=\"Tiempo de lectura\" \/>\n\t<meta name=\"twitter:data2\" content=\"1 minuto\" \/>\n<script type=\"application\/ld+json\" class=\"yoast-schema-graph\">{\"@context\":\"https:\\\/\\\/schema.org\",\"@graph\":[{\"@type\":\"Article\",\"@id\":\"http:\\\/\\\/vincentians.com\\\/es\\\/luisa-de-marillac-pensamiento-037-sobre-la-fiesta-de-la-santisima-trinidad\\\/#article\",\"isPartOf\":{\"@id\":\"http:\\\/\\\/vincentians.com\\\/es\\\/luisa-de-marillac-pensamiento-037-sobre-la-fiesta-de-la-santisima-trinidad\\\/\"},\"author\":{\"name\":\"Francisco Javier Fern\u00e1ndez Chento\",\"@id\":\"http:\\\/\\\/vincentians.com\\\/es\\\/#\\\/schema\\\/person\\\/9623ef4d9aa3b2dfb8c061f1499288f2\"},\"headline\":\"Luisa de Marillac, Pensamiento 037: Sobre la fiesta de la Sant\u00edsima Trinidad\",\"datePublished\":\"2009-02-06T14:59:48+00:00\",\"dateModified\":\"2016-07-26T18:02:06+00:00\",\"mainEntityOfPage\":{\"@id\":\"http:\\\/\\\/vincentians.com\\\/es\\\/luisa-de-marillac-pensamiento-037-sobre-la-fiesta-de-la-santisima-trinidad\\\/\"},\"wordCount\":194,\"commentCount\":0,\"publisher\":{\"@id\":\"http:\\\/\\\/vincentians.com\\\/es\\\/#organization\"},\"image\":{\"@id\":\"http:\\\/\\\/vincentians.com\\\/es\\\/luisa-de-marillac-pensamiento-037-sobre-la-fiesta-de-la-santisima-trinidad\\\/#primaryimage\"},\"thumbnailUrl\":\"https:\\\/\\\/i0.wp.com\\\/vincentians.com\\\/es\\\/wp-content\\\/uploads\\\/sites\\\/11\\\/2016\\\/07\\\/escritos-luisa-de-marillac.jpg?fit=1200%2C630\",\"articleSection\":[\"Escritos de Luisa de Marillac\"],\"inLanguage\":\"es\",\"potentialAction\":[{\"@type\":\"CommentAction\",\"name\":\"Comment\",\"target\":[\"http:\\\/\\\/vincentians.com\\\/es\\\/luisa-de-marillac-pensamiento-037-sobre-la-fiesta-de-la-santisima-trinidad\\\/#respond\"]}]},{\"@type\":\"WebPage\",\"@id\":\"http:\\\/\\\/vincentians.com\\\/es\\\/luisa-de-marillac-pensamiento-037-sobre-la-fiesta-de-la-santisima-trinidad\\\/\",\"url\":\"http:\\\/\\\/vincentians.com\\\/es\\\/luisa-de-marillac-pensamiento-037-sobre-la-fiesta-de-la-santisima-trinidad\\\/\",\"name\":\"Luisa de Marillac, Pensamiento 037: Sobre la fiesta de la Sant\u00edsima Trinidad - Somos Vicencianos\",\"isPartOf\":{\"@id\":\"http:\\\/\\\/vincentians.com\\\/es\\\/#website\"},\"primaryImageOfPage\":{\"@id\":\"http:\\\/\\\/vincentians.com\\\/es\\\/luisa-de-marillac-pensamiento-037-sobre-la-fiesta-de-la-santisima-trinidad\\\/#primaryimage\"},\"image\":{\"@id\":\"http:\\\/\\\/vincentians.com\\\/es\\\/luisa-de-marillac-pensamiento-037-sobre-la-fiesta-de-la-santisima-trinidad\\\/#primaryimage\"},\"thumbnailUrl\":\"https:\\\/\\\/i0.wp.com\\\/vincentians.com\\\/es\\\/wp-content\\\/uploads\\\/sites\\\/11\\\/2016\\\/07\\\/escritos-luisa-de-marillac.jpg?fit=1200%2C630\",\"datePublished\":\"2009-02-06T14:59:48+00:00\",\"dateModified\":\"2016-07-26T18:02:06+00:00\",\"breadcrumb\":{\"@id\":\"http:\\\/\\\/vincentians.com\\\/es\\\/luisa-de-marillac-pensamiento-037-sobre-la-fiesta-de-la-santisima-trinidad\\\/#breadcrumb\"},\"inLanguage\":\"es\",\"potentialAction\":[{\"@type\":\"ReadAction\",\"target\":[\"http:\\\/\\\/vincentians.com\\\/es\\\/luisa-de-marillac-pensamiento-037-sobre-la-fiesta-de-la-santisima-trinidad\\\/\"]}]},{\"@type\":\"ImageObject\",\"inLanguage\":\"es\",\"@id\":\"http:\\\/\\\/vincentians.com\\\/es\\\/luisa-de-marillac-pensamiento-037-sobre-la-fiesta-de-la-santisima-trinidad\\\/#primaryimage\",\"url\":\"https:\\\/\\\/i0.wp.com\\\/vincentians.com\\\/es\\\/wp-content\\\/uploads\\\/sites\\\/11\\\/2016\\\/07\\\/escritos-luisa-de-marillac.jpg?fit=1200%2C630\",\"contentUrl\":\"https:\\\/\\\/i0.wp.com\\\/vincentians.com\\\/es\\\/wp-content\\\/uploads\\\/sites\\\/11\\\/2016\\\/07\\\/escritos-luisa-de-marillac.jpg?fit=1200%2C630\",\"width\":1200,\"height\":630},{\"@type\":\"BreadcrumbList\",\"@id\":\"http:\\\/\\\/vincentians.com\\\/es\\\/luisa-de-marillac-pensamiento-037-sobre-la-fiesta-de-la-santisima-trinidad\\\/#breadcrumb\",\"itemListElement\":[{\"@type\":\"ListItem\",\"position\":1,\"name\":\"Portada\",\"item\":\"http:\\\/\\\/vincentians.com\\\/es\\\/\"},{\"@type\":\"ListItem\",\"position\":2,\"name\":\"Luisa de Marillac, Pensamiento 037: Sobre la fiesta de la Sant\u00edsima Trinidad\"}]},{\"@type\":\"WebSite\",\"@id\":\"http:\\\/\\\/vincentians.com\\\/es\\\/#website\",\"url\":\"http:\\\/\\\/vincentians.com\\\/es\\\/\",\"name\":\"Somos Vicencianos\",\"description\":\"Know more to serve more\",\"publisher\":{\"@id\":\"http:\\\/\\\/vincentians.com\\\/es\\\/#organization\"},\"potentialAction\":[{\"@type\":\"SearchAction\",\"target\":{\"@type\":\"EntryPoint\",\"urlTemplate\":\"http:\\\/\\\/vincentians.com\\\/es\\\/?s={search_term_string}\"},\"query-input\":{\"@type\":\"PropertyValueSpecification\",\"valueRequired\":true,\"valueName\":\"search_term_string\"}}],\"inLanguage\":\"es\"},{\"@type\":\"Organization\",\"@id\":\"http:\\\/\\\/vincentians.com\\\/es\\\/#organization\",\"name\":\"The Vincentian Network\",\"url\":\"http:\\\/\\\/vincentians.com\\\/es\\\/\",\"logo\":{\"@type\":\"ImageObject\",\"inLanguage\":\"es\",\"@id\":\"http:\\\/\\\/vincentians.com\\\/es\\\/#\\\/schema\\\/logo\\\/image\\\/\",\"url\":\"https:\\\/\\\/i1.wp.com\\\/vincentians.com\\\/es\\\/wp-content\\\/uploads\\\/sites\\\/11\\\/2016\\\/06\\\/Vincentian-Network-logo-big.png?fit=778%2C778\",\"contentUrl\":\"https:\\\/\\\/i1.wp.com\\\/vincentians.com\\\/es\\\/wp-content\\\/uploads\\\/sites\\\/11\\\/2016\\\/06\\\/Vincentian-Network-logo-big.png?fit=778%2C778\",\"width\":778,\"height\":778,\"caption\":\"The Vincentian Network\"},\"image\":{\"@id\":\"http:\\\/\\\/vincentians.com\\\/es\\\/#\\\/schema\\\/logo\\\/image\\\/\"},\"sameAs\":[\"https:\\\/\\\/www.facebook.com\\\/WeAreVincentians\\\/\",\"https:\\\/\\\/x.com\\\/WeVincentians\"]},{\"@type\":\"Person\",\"@id\":\"http:\\\/\\\/vincentians.com\\\/es\\\/#\\\/schema\\\/person\\\/9623ef4d9aa3b2dfb8c061f1499288f2\",\"name\":\"Francisco Javier Fern\u00e1ndez Chento\",\"image\":{\"@type\":\"ImageObject\",\"inLanguage\":\"es\",\"@id\":\"https:\\\/\\\/secure.gravatar.com\\\/avatar\\\/497d5cde87b4c3d097d0315953521681ba2cd523ee66e5077c3711f7021e65de?s=96&d=mm&r=g\",\"url\":\"https:\\\/\\\/secure.gravatar.com\\\/avatar\\\/497d5cde87b4c3d097d0315953521681ba2cd523ee66e5077c3711f7021e65de?s=96&d=mm&r=g\",\"contentUrl\":\"https:\\\/\\\/secure.gravatar.com\\\/avatar\\\/497d5cde87b4c3d097d0315953521681ba2cd523ee66e5077c3711f7021e65de?s=96&d=mm&r=g\",\"caption\":\"Francisco Javier Fern\u00e1ndez Chento\"},\"description\":\"Director General y cofundador de La Red de Formaci\u00f3n Vicenciana. Javier es laico vicenciano, afiliado a la Congregaci\u00f3n de la Misi\u00f3n y miembro del Equipo de Misiones Populares de la provincia can\u00f3nica de Zaragoza (Espa\u00f1a) de la Congregaci\u00f3n de la Misi\u00f3n. Graduado en la Universidad Oberta de Catalunya con cuatro grados (Asistente de direcci\u00f3n, Gesti\u00f3n Administrativa, Recursos Humanos y Contabilidad Avanzada). Bil\u00edng\u00fce Espa\u00f1ol\\\/Ingl\u00e9s. gestiona y mantiene varias p\u00e1ginas web cristianas y vicencianas, incluida including La Red de Formaci\u00f3n Vicenciana, de la que es cofundador. Actualmente es responsable del \u00e1rea de Espa\u00f1ol de .famvin, la Red de Noticias de la Familia Vicenciana. Tambi\u00e9n es m\u00fasico cat\u00f3lico y ha editado varios discos. Es Director General y cofundador de Trovador, una reconocida compa\u00f1\u00eda discogr\u00e1fica critiana de Espa\u00f1a. Trabaja en las Tecnolog\u00edas de la Informaci\u00f3n, ofreciendo servicios de alojamiento, dise\u00f1o y mantenimiento Web, as\u00ed como asesoramiento, formaci\u00f3n y soluciones inform\u00e1ticas, gesti\u00f3n documental y digitalizaci\u00f3n de textos, edici\u00f3n y maquetaci\u00f3n de libros, revistas, flyers, etc.\",\"sameAs\":[\"http:\\\/\\\/chento.org\",\"https:\\\/\\\/www.facebook.com\\\/JavierChento\",\"https:\\\/\\\/x.com\\\/https:\\\/\\\/twitter.com\\\/javierchento\"],\"url\":\"http:\\\/\\\/vincentians.com\\\/es\\\/author\\\/chento\\\/\"}]}<\/script>\n<!-- \/ Yoast SEO plugin. -->","yoast_head_json":{"title":"Luisa de Marillac, Pensamiento 037: Sobre la fiesta de la Sant\u00edsima Trinidad - Somos Vicencianos","robots":{"index":"index","follow":"follow","max-snippet":"max-snippet:-1","max-image-preview":"max-image-preview:large","max-video-preview":"max-video-preview:-1"},"canonical":"http:\/\/vincentians.com\/es\/luisa-de-marillac-pensamiento-037-sobre-la-fiesta-de-la-santisima-trinidad\/","og_locale":"es_ES","og_type":"article","og_title":"Luisa de Marillac, Pensamiento 037: Sobre la fiesta de la Sant\u00edsima Trinidad - Somos Vicencianos","og_description":"[i]E. 37 (A. 22) (). p.721 121. Queriendo celebrar la fiesta de la Sant\u00edsima Trinidad como Dios prescribi\u00f3 se celebrara el s\u00e1bado, llamado el d\u00eda del descanso del Se\u00f1or, despu\u00e9s de los seis d\u00edas de ... Read More","og_url":"http:\/\/vincentians.com\/es\/luisa-de-marillac-pensamiento-037-sobre-la-fiesta-de-la-santisima-trinidad\/","og_site_name":"Somos Vicencianos","article_publisher":"https:\/\/www.facebook.com\/WeAreVincentians\/","article_author":"https:\/\/www.facebook.com\/JavierChento","article_published_time":"2009-02-06T14:59:48+00:00","article_modified_time":"2016-07-26T18:02:06+00:00","og_image":[{"width":1200,"height":630,"url":"https:\/\/i0.wp.com\/vincentians.com\/es\/wp-content\/uploads\/sites\/11\/2016\/07\/escritos-luisa-de-marillac.jpg?fit=1200%2C630","type":"image\/jpeg"}],"author":"Francisco Javier Fern\u00e1ndez Chento","twitter_card":"summary_large_image","twitter_creator":"@https:\/\/twitter.com\/javierchento","twitter_site":"@WeVincentians","twitter_misc":{"Escrito por":"Francisco Javier Fern\u00e1ndez Chento","Tiempo de lectura":"1 minuto"},"schema":{"@context":"https:\/\/schema.org","@graph":[{"@type":"Article","@id":"http:\/\/vincentians.com\/es\/luisa-de-marillac-pensamiento-037-sobre-la-fiesta-de-la-santisima-trinidad\/#article","isPartOf":{"@id":"http:\/\/vincentians.com\/es\/luisa-de-marillac-pensamiento-037-sobre-la-fiesta-de-la-santisima-trinidad\/"},"author":{"name":"Francisco Javier Fern\u00e1ndez Chento","@id":"http:\/\/vincentians.com\/es\/#\/schema\/person\/9623ef4d9aa3b2dfb8c061f1499288f2"},"headline":"Luisa de Marillac, Pensamiento 037: Sobre la fiesta de la Sant\u00edsima Trinidad","datePublished":"2009-02-06T14:59:48+00:00","dateModified":"2016-07-26T18:02:06+00:00","mainEntityOfPage":{"@id":"http:\/\/vincentians.com\/es\/luisa-de-marillac-pensamiento-037-sobre-la-fiesta-de-la-santisima-trinidad\/"},"wordCount":194,"commentCount":0,"publisher":{"@id":"http:\/\/vincentians.com\/es\/#organization"},"image":{"@id":"http:\/\/vincentians.com\/es\/luisa-de-marillac-pensamiento-037-sobre-la-fiesta-de-la-santisima-trinidad\/#primaryimage"},"thumbnailUrl":"https:\/\/i0.wp.com\/vincentians.com\/es\/wp-content\/uploads\/sites\/11\/2016\/07\/escritos-luisa-de-marillac.jpg?fit=1200%2C630","articleSection":["Escritos de Luisa de Marillac"],"inLanguage":"es","potentialAction":[{"@type":"CommentAction","name":"Comment","target":["http:\/\/vincentians.com\/es\/luisa-de-marillac-pensamiento-037-sobre-la-fiesta-de-la-santisima-trinidad\/#respond"]}]},{"@type":"WebPage","@id":"http:\/\/vincentians.com\/es\/luisa-de-marillac-pensamiento-037-sobre-la-fiesta-de-la-santisima-trinidad\/","url":"http:\/\/vincentians.com\/es\/luisa-de-marillac-pensamiento-037-sobre-la-fiesta-de-la-santisima-trinidad\/","name":"Luisa de Marillac, Pensamiento 037: Sobre la fiesta de la Sant\u00edsima Trinidad - Somos Vicencianos","isPartOf":{"@id":"http:\/\/vincentians.com\/es\/#website"},"primaryImageOfPage":{"@id":"http:\/\/vincentians.com\/es\/luisa-de-marillac-pensamiento-037-sobre-la-fiesta-de-la-santisima-trinidad\/#primaryimage"},"image":{"@id":"http:\/\/vincentians.com\/es\/luisa-de-marillac-pensamiento-037-sobre-la-fiesta-de-la-santisima-trinidad\/#primaryimage"},"thumbnailUrl":"https:\/\/i0.wp.com\/vincentians.com\/es\/wp-content\/uploads\/sites\/11\/2016\/07\/escritos-luisa-de-marillac.jpg?fit=1200%2C630","datePublished":"2009-02-06T14:59:48+00:00","dateModified":"2016-07-26T18:02:06+00:00","breadcrumb":{"@id":"http:\/\/vincentians.com\/es\/luisa-de-marillac-pensamiento-037-sobre-la-fiesta-de-la-santisima-trinidad\/#breadcrumb"},"inLanguage":"es","potentialAction":[{"@type":"ReadAction","target":["http:\/\/vincentians.com\/es\/luisa-de-marillac-pensamiento-037-sobre-la-fiesta-de-la-santisima-trinidad\/"]}]},{"@type":"ImageObject","inLanguage":"es","@id":"http:\/\/vincentians.com\/es\/luisa-de-marillac-pensamiento-037-sobre-la-fiesta-de-la-santisima-trinidad\/#primaryimage","url":"https:\/\/i0.wp.com\/vincentians.com\/es\/wp-content\/uploads\/sites\/11\/2016\/07\/escritos-luisa-de-marillac.jpg?fit=1200%2C630","contentUrl":"https:\/\/i0.wp.com\/vincentians.com\/es\/wp-content\/uploads\/sites\/11\/2016\/07\/escritos-luisa-de-marillac.jpg?fit=1200%2C630","width":1200,"height":630},{"@type":"BreadcrumbList","@id":"http:\/\/vincentians.com\/es\/luisa-de-marillac-pensamiento-037-sobre-la-fiesta-de-la-santisima-trinidad\/#breadcrumb","itemListElement":[{"@type":"ListItem","position":1,"name":"Portada","item":"http:\/\/vincentians.com\/es\/"},{"@type":"ListItem","position":2,"name":"Luisa de Marillac, Pensamiento 037: Sobre la fiesta de la Sant\u00edsima Trinidad"}]},{"@type":"WebSite","@id":"http:\/\/vincentians.com\/es\/#website","url":"http:\/\/vincentians.com\/es\/","name":"Somos Vicencianos","description":"Know more to serve more","publisher":{"@id":"http:\/\/vincentians.com\/es\/#organization"},"potentialAction":[{"@type":"SearchAction","target":{"@type":"EntryPoint","urlTemplate":"http:\/\/vincentians.com\/es\/?s={search_term_string}"},"query-input":{"@type":"PropertyValueSpecification","valueRequired":true,"valueName":"search_term_string"}}],"inLanguage":"es"},{"@type":"Organization","@id":"http:\/\/vincentians.com\/es\/#organization","name":"The Vincentian Network","url":"http:\/\/vincentians.com\/es\/","logo":{"@type":"ImageObject","inLanguage":"es","@id":"http:\/\/vincentians.com\/es\/#\/schema\/logo\/image\/","url":"https:\/\/i1.wp.com\/vincentians.com\/es\/wp-content\/uploads\/sites\/11\/2016\/06\/Vincentian-Network-logo-big.png?fit=778%2C778","contentUrl":"https:\/\/i1.wp.com\/vincentians.com\/es\/wp-content\/uploads\/sites\/11\/2016\/06\/Vincentian-Network-logo-big.png?fit=778%2C778","width":778,"height":778,"caption":"The Vincentian Network"},"image":{"@id":"http:\/\/vincentians.com\/es\/#\/schema\/logo\/image\/"},"sameAs":["https:\/\/www.facebook.com\/WeAreVincentians\/","https:\/\/x.com\/WeVincentians"]},{"@type":"Person","@id":"http:\/\/vincentians.com\/es\/#\/schema\/person\/9623ef4d9aa3b2dfb8c061f1499288f2","name":"Francisco Javier Fern\u00e1ndez Chento","image":{"@type":"ImageObject","inLanguage":"es","@id":"https:\/\/secure.gravatar.com\/avatar\/497d5cde87b4c3d097d0315953521681ba2cd523ee66e5077c3711f7021e65de?s=96&d=mm&r=g","url":"https:\/\/secure.gravatar.com\/avatar\/497d5cde87b4c3d097d0315953521681ba2cd523ee66e5077c3711f7021e65de?s=96&d=mm&r=g","contentUrl":"https:\/\/secure.gravatar.com\/avatar\/497d5cde87b4c3d097d0315953521681ba2cd523ee66e5077c3711f7021e65de?s=96&d=mm&r=g","caption":"Francisco Javier Fern\u00e1ndez Chento"},"description":"Director General y cofundador de La Red de Formaci\u00f3n Vicenciana. Javier es laico vicenciano, afiliado a la Congregaci\u00f3n de la Misi\u00f3n y miembro del Equipo de Misiones Populares de la provincia can\u00f3nica de Zaragoza (Espa\u00f1a) de la Congregaci\u00f3n de la Misi\u00f3n. Graduado en la Universidad Oberta de Catalunya con cuatro grados (Asistente de direcci\u00f3n, Gesti\u00f3n Administrativa, Recursos Humanos y Contabilidad Avanzada). Bil\u00edng\u00fce Espa\u00f1ol\/Ingl\u00e9s. gestiona y mantiene varias p\u00e1ginas web cristianas y vicencianas, incluida including La Red de Formaci\u00f3n Vicenciana, de la que es cofundador. Actualmente es responsable del \u00e1rea de Espa\u00f1ol de .famvin, la Red de Noticias de la Familia Vicenciana. Tambi\u00e9n es m\u00fasico cat\u00f3lico y ha editado varios discos. Es Director General y cofundador de Trovador, una reconocida compa\u00f1\u00eda discogr\u00e1fica critiana de Espa\u00f1a. Trabaja en las Tecnolog\u00edas de la Informaci\u00f3n, ofreciendo servicios de alojamiento, dise\u00f1o y mantenimiento Web, as\u00ed como asesoramiento, formaci\u00f3n y soluciones inform\u00e1ticas, gesti\u00f3n documental y digitalizaci\u00f3n de textos, edici\u00f3n y maquetaci\u00f3n de libros, revistas, flyers, etc.","sameAs":["http:\/\/chento.org","https:\/\/www.facebook.com\/JavierChento","https:\/\/x.com\/https:\/\/twitter.com\/javierchento"],"url":"http:\/\/vincentians.com\/es\/author\/chento\/"}]}},"jetpack_publicize_connections":[],"jetpack_featured_media_url":"https:\/\/i0.wp.com\/vincentians.com\/es\/wp-content\/uploads\/sites\/11\/2016\/07\/escritos-luisa-de-marillac.jpg?fit=1200%2C630","jetpack_sharing_enabled":true,"jetpack_shortlink":"https:\/\/wp.me\/p7ETMF-1HD","jetpack-related-posts":[{"id":107172,"url":"http:\/\/vincentians.com\/es\/honrar-al-dios-trinidad\/","url_meta":{"origin":6549,"position":0},"title":"Honrar al Dios Trinidad","author":"Francisco Javier Fern\u00e1ndez Chento","date":"30\/06\/2018","format":false,"excerpt":"En su oraci\u00f3n, su meditaci\u00f3n, Luisa de Marillac no se\u00adpara la Humanidad santa de Cristo de su Divinidad. Je\u00adsucristo, Hijo de Mar\u00eda, Jesucristo, Redentor del mundo, es el Hijo de Dios, la segunda Persona de la Sant\u00edsima Tri\u00adnidad. Con la Iglesia, Luisa descubre en Jesucristo al Dios que es Amor.\u2026","rel":"","context":"En \u00abEspiritualidad vicenciana\u00bb","block_context":{"text":"Espiritualidad vicenciana","link":"http:\/\/vincentians.com\/es\/category\/espiritualidad\/espiritualidad-vicenciana\/"},"img":{"alt_text":"","src":"https:\/\/i0.wp.com\/vincentians.com\/es\/wp-content\/uploads\/sites\/11\/2011\/11\/espiritualidad.jpg?fit=310%2C285&resize=350%2C200","width":350,"height":200},"classes":[]},{"id":101790,"url":"http:\/\/vincentians.com\/es\/honrar-al-verbo-encarnado\/","url_meta":{"origin":6549,"position":1},"title":"Honrar al Verbo encarnado","author":"Francisco Javier Fern\u00e1ndez Chento","date":"15\/04\/2016","format":false,"excerpt":"En sus meditaciones, Luisa de Marillac se detiene con mayor frecuencia en el misterio de la Encarnaci\u00f3n y se ex\u00adtas\u00eda en ese Amor inmenso de Dios hecho hombre por amor al hombre. \"Tan pronto como nuestro primer padre hubo peca\u00addo, la bondad de Dios, apiad\u00e1ndose de la naturaleza humana, prometi\u00f3\u2026","rel":"","context":"En \u00abEspiritualidad vicenciana\u00bb","block_context":{"text":"Espiritualidad vicenciana","link":"http:\/\/vincentians.com\/es\/category\/espiritualidad\/espiritualidad-vicenciana\/"},"img":{"alt_text":"rostros_luisa_09-768x1024","src":"https:\/\/i0.wp.com\/vicencianos.org\/wp-content\/uploads\/2012\/08\/rostros_luisa_09-768x1024-225x300.jpg?resize=350%2C200","width":350,"height":200},"classes":[]},{"id":114208,"url":"http:\/\/vincentians.com\/es\/la-vida-comunitaria-2\/","url_meta":{"origin":6549,"position":2},"title":"La vida comunitaria","author":"Francisco Javier Fern\u00e1ndez Chento","date":"16\/04\/2016","format":false,"excerpt":"La Compa\u00f1\u00eda de las Hijas de la Caridad nace el 29 de noviembre de 1633, d\u00eda en que Luisa de Marillac re\u00fane en su propia casa a algunas j\u00f3venes que, desde hace varios a\u00f1os, sirven a los pobres enfermos de las Cofrad\u00edas de la Caridad. Gobillon, el primer bi\u00f3grafo de\u2026","rel":"","context":"En \u00abFormaci\u00f3n Vicenciana\u00bb","block_context":{"text":"Formaci\u00f3n Vicenciana","link":"http:\/\/vincentians.com\/es\/category\/formacion-vicenciana\/"},"img":{"alt_text":"espiritualidad","src":"https:\/\/i0.wp.com\/vicencianos.org\/wp-content\/uploads\/2012\/10\/espiritualidad-300x276.jpg?resize=350%2C200","width":350,"height":200},"classes":[]},{"id":118429,"url":"http:\/\/vincentians.com\/es\/santa-luisa-y-la-encarnacion\/","url_meta":{"origin":6549,"position":3},"title":"Santa Luisa y la Encarnaci\u00f3n","author":"Francisco Javier Fern\u00e1ndez Chento","date":"23\/03\/2020","format":false,"excerpt":"San Anselmo de Canterbury y la redenci\u00f3n El gran interrogante de los cristianos a largo de la historia ha sido saber por qu\u00e9 Dios se hizo hombre. De las cartas de san Pablo la teolog\u00eda occidental ha ido sacando principios para explicar que Cristo se hizo hombre para reparar el\u2026","rel":"","context":"En \u00abLuisa de Marillac\u00bb","block_context":{"text":"Luisa de Marillac","link":"http:\/\/vincentians.com\/es\/category\/la-familia-vicenciana\/fundadores\/luisa-de-marillac\/"},"img":{"alt_text":"","src":"https:\/\/i0.wp.com\/vincentians.com\/es\/wp-content\/uploads\/sites\/11\/2017\/10\/hijas-caridad1.jpg?fit=846%2C446&resize=350%2C200","width":350,"height":200,"srcset":"https:\/\/i0.wp.com\/vincentians.com\/es\/wp-content\/uploads\/sites\/11\/2017\/10\/hijas-caridad1.jpg?fit=846%2C446&resize=350%2C200 1x, https:\/\/i0.wp.com\/vincentians.com\/es\/wp-content\/uploads\/sites\/11\/2017\/10\/hijas-caridad1.jpg?fit=846%2C446&resize=525%2C300 1.5x, https:\/\/i0.wp.com\/vincentians.com\/es\/wp-content\/uploads\/sites\/11\/2017\/10\/hijas-caridad1.jpg?fit=846%2C446&resize=700%2C400 2x"},"classes":[]},{"id":101771,"url":"http:\/\/vincentians.com\/es\/orando-con-luisa-de-marillac\/","url_meta":{"origin":6549,"position":4},"title":"Orando con Luisa de Marillac","author":"Francisco Javier Fern\u00e1ndez Chento","date":"07\/04\/2015","format":false,"excerpt":"Las primeras Hijas de la Caridad quedaron impresiona\u00addos por la actitud orante de Luisa de Marillac. En las conferencias celebradas sobre las virtudes de la Srta. Le Gras, varias Hermanas pusieron de relieve su pro\u00adfunda uni\u00f3n con Dios: \"Siempre ten\u00eda su esp\u00edritu ocupado en Dios.\" \"Ten\u00eda mucha vida Interior y\u2026","rel":"","context":"En \u00abEspiritualidad vicenciana\u00bb","block_context":{"text":"Espiritualidad vicenciana","link":"http:\/\/vincentians.com\/es\/category\/espiritualidad\/espiritualidad-vicenciana\/"},"img":{"alt_text":"","src":"https:\/\/i0.wp.com\/vicencianos.org\/wp-content\/2011\/09\/rostros_luisa_09-225x300.jpg?resize=350%2C200","width":350,"height":200},"classes":[]},{"id":136686,"url":"http:\/\/vincentians.com\/es\/hermana-sirviente-de-una-comunidad-unida\/","url_meta":{"origin":6549,"position":5},"title":"Hermana sirviente de una comunidad unida","author":"Francisco Javier Fern\u00e1ndez Chento","date":"27\/01\/2015","format":false,"excerpt":"Santa Luisa ense\u00f1a el gobierno En los primeros a\u00f1os la Compa\u00f1\u00eda ven\u00eda a ser como una Comunidad grande con una superiora, la se\u00f1orita Le Gras. La Compa\u00f1\u00eda comenz\u00f3 con un grupito de cuatro o cinco j\u00f3venes a las que ella prepar\u00f3. Al ir aumentando el n\u00famero de Hermanas, la se\u00f1orita\u2026","rel":"","context":"En \u00abHijas de la Caridad\u00bb","block_context":{"text":"Hijas de la Caridad","link":"http:\/\/vincentians.com\/es\/category\/la-familia-vicenciana\/ramas\/hijas-de-la-caridad\/"},"img":{"alt_text":"hermanas sirvientes","src":"https:\/\/i0.wp.com\/vicencianos.org\/wp-content\/2015\/01\/hermanas-sirvientes-300x204.jpg?resize=350%2C200","width":350,"height":200},"classes":[]}],"_links":{"self":[{"href":"http:\/\/vincentians.com\/es\/wp-json\/wp\/v2\/posts\/6549","targetHints":{"allow":["GET"]}}],"collection":[{"href":"http:\/\/vincentians.com\/es\/wp-json\/wp\/v2\/posts"}],"about":[{"href":"http:\/\/vincentians.com\/es\/wp-json\/wp\/v2\/types\/post"}],"author":[{"embeddable":true,"href":"http:\/\/vincentians.com\/es\/wp-json\/wp\/v2\/users\/4"}],"replies":[{"embeddable":true,"href":"http:\/\/vincentians.com\/es\/wp-json\/wp\/v2\/comments?post=6549"}],"version-history":[{"count":0,"href":"http:\/\/vincentians.com\/es\/wp-json\/wp\/v2\/posts\/6549\/revisions"}],"wp:featuredmedia":[{"embeddable":true,"href":"http:\/\/vincentians.com\/es\/wp-json\/wp\/v2\/media\/393751"}],"wp:attachment":[{"href":"http:\/\/vincentians.com\/es\/wp-json\/wp\/v2\/media?parent=6549"}],"wp:term":[{"taxonomy":"category","embeddable":true,"href":"http:\/\/vincentians.com\/es\/wp-json\/wp\/v2\/categories?post=6549"},{"taxonomy":"post_tag","embeddable":true,"href":"http:\/\/vincentians.com\/es\/wp-json\/wp\/v2\/tags?post=6549"}],"curies":[{"name":"wp","href":"https:\/\/api.w.org\/{rel}","templated":true}]}}