{"id":6485,"date":"2009-01-07T15:20:29","date_gmt":"2009-01-07T14:20:29","guid":{"rendered":"http:\/\/www.vicencianos.org\/web\/2009\/01\/07\/luisa-de-marillac-pensamiento-007-reglamento-de-vida-en-el-mundo\/"},"modified":"2016-07-26T20:02:10","modified_gmt":"2016-07-26T18:02:10","slug":"luisa-de-marillac-pensamiento-007-reglamento-de-vida-en-el-mundo","status":"publish","type":"post","link":"http:\/\/vincentians.com\/es\/luisa-de-marillac-pensamiento-007-reglamento-de-vida-en-el-mundo\/","title":{"rendered":"Luisa de Marillac, Pensamiento 007: Reglamento De Vida En El Mundo"},"content":{"rendered":"<p>\u00a1En el nombre de Dios, pueda yo vivir as\u00ed si me lo permiten!<\/p>\n<p>18. Que est\u00e9 siempre en mi coraz\u00f3n el deseo de la santa pobreza, para que libre de todo, siga a Jesucristo y sirva con toda humildad y mansedumbre a mi pr\u00f3jimo, viviendo en obediencia y castidad toda mi vida, honrando la pobreza de Jesucristo, que El guard\u00f3 con tanta perfecci\u00f3n.<\/p>\n<p>Que mi primer pensamiento, despu\u00e9s del descanso de la noche sea para Dios, haciendo un acto de adoraci\u00f3n, de acci\u00f3n de gracias y de abandono de mi voluntad en la suya sant\u00edsima y con la vista puesta en mi miseria e impotencia, pedir\u00e9 la gracia del Esp\u00edritu Santo, en la que he de tener una gran confianza, para que se cumpla en m\u00ed su santisima voluntad, que ser\u00e1 el \u00fanico deseo de mi coraz\u00f3n.<\/p>\n<p>Que mientras me sea posible, desde Pascua hasta la fiesta de Todos los Santos, me levantar\u00e9 a las cinco y media y desde la fiesta de Todos los Santos hasta Pascua a las seis.<\/p>\n<p>Una vez levantada, har\u00e9 inmediatamente la oraci\u00f3n (por espacio) de una hora o tres cuartos; tomar\u00e9 el tema de los Santos Evangelios y Ep\u00edstolas 1. Es decir, probablemente, todo el tiempo de la oraci\u00f3nuna hora entera 1\u00a0y con las Ep\u00edstolas y Evangelios, la vida del Santo del d\u00eda para que me sirva de instrucci\u00f3n el ejemplo del m\u00e9rito del Santo.<\/p>\n<p>19. Acabada la oraci\u00f3n, rezar\u00e9 pausadamente Prima y Tercia de Nuestra Se\u00f1ora, conservando los sentimientos de la oraci\u00f3n. Y si hay que dar alguna orden para el gobierno de la casa, me ocupar\u00e9 de ello mientras acabo de arreglarme.<\/p>\n<p>A las ocho y media en verano y a las nueve en invierno ir\u00e9 a o\u00edr la Santa Misa; unas veces con la sola intenci\u00f3n de la Iglesia y otras sirvi\u00e9ndome de los puntos para meditaci\u00f3n durante ella en Filotea o en otro libro titulado Dositea.<\/p>\n<p>Acabada la Santa Misa, rezar\u00e9 lo que queda del oficio de la Virgen conservando en mi coraz\u00f3n el sentimiento del gran amor que Dios nos tuvo por nosotros en la instituci\u00f3n de este Santo Sacrificio.<\/p>\n<p>De vuelta a casa, a las nueve y media en verano y a las diez en invierno, coser\u00e9 hasta las 11, hora a la que comer\u00e9, despu\u00e9s de haber hecho lectura de2. Palabra dejada en blanco. un cap\u00edtulo del&#8230; 2<\/p>\n<p>20. A mediod\u00eda en punto, (har\u00e9) medio cuarto de hora de oraci\u00f3n, para honrar el instante de la Encarnaci\u00f3n del Verbo en el seno sagrado de la Sant\u00edsima Virgen.<\/p>\n<p>Procurar\u00e9 no estar jam\u00e1s ociosa, por lo cual, despu\u00e9s de este medio cuarto de hora, volver\u00e9 a tomar la labor, trabajando alegremente, ya para la Iglesia ya para los Pobres o bien para utilidad de la casa, y el trabajo durar\u00e1 hasta las cuatro.<\/p>\n<p>Si me veo obligada a devolver algunas visitas o a recibirlas, emplear\u00e9 en ello estas horas.<\/p>\n<p>Al dar las cuatro, aunque me halle por la ciudad, si no estoy demasiado comprometida en una obra de caridad o alguna conveniencia social muy se\u00f1alada, me retirar\u00e9 a la iglesia m\u00e1s pr\u00f3xima para rezar v\u00edsperas de la Sant\u00edsima Virgen y durante ellas recoger mi esp\u00edritu para hacer despu\u00e9s media hora de oraci\u00f3n y luego retirarme a casa permaneciendo all\u00ed lo m\u00e1s que pueda. Si me queda tiempo despu\u00e9s de la oraci\u00f3n, coser\u00e9 hasta las seis.<\/p>\n<p>Cenar\u00e9 a las seis y media, teniendo antes un cuarto de hora largo o media hora de lectura, de cuyos pensamientos ocupar\u00e9 mi esp\u00edritu o hablar\u00e9 a las personas con quienes estuviere a la mesa 3. Manuscrito rasgado.sin&#8230; 3.<\/p>\n<p>Despu\u00e9s de cenar tendr\u00e9 media hora de expansi\u00f3n y despu\u00e9s trabajar\u00e9 otra media hora.<\/p>\n<p>A las ocho me retirar\u00e9 para hacer mi examen de conciencia, humill\u00e1ndome profundamente, tanto por las gracias que haya recibido de Dios durante el d\u00eda, como por las faltas cometidas, confiando, no obstante, siempre en su misericordia y bondad divinas, que ser\u00e1 toda mi esperanza. Despu\u00e9s del examen rezar\u00e9 Maitines de la Virgen para el d\u00eda siguiente.<\/p>\n<p>21. Rezar\u00e9 todos los d\u00edas la tercera parte del Rosario, meditando uno de los misterios, examin\u00e1ndome de vez en cuando de c\u00f3mo vivo como cristiana y cat\u00f3lica y como mujer que desea ser devota y observar fielmente los mandamientos de Dios.<\/p>\n<p>Tratar\u00e9 de ponerme cada hora, al menos cuatro veces, en el recuerdo de la presencia de Dios, excitando cuanto pueda el deseo de su amor con frecuentes afectos en oraciones jaculatorias, sin fijar n\u00famero, pero lo m\u00e1s a menudo posible.<\/p>\n<p>Leer\u00e9 una vez por semana las notas que escrib\u00ed hace unos cinco a\u00f1os, para que me sirvan de recuerdo del prop\u00f3sito que entonces hice de servir a Dios toda mi vida.<\/p>\n<p>Todos los primeros s\u00e1bados de mes renovar\u00e9 mis votos y buenas resoluciones, leyendo mi protestaci\u00f3n antes o despu\u00e9s de la Sagrada Comuni\u00f3n, y esto, precisamente en s\u00e1bado, como testimonio de haber tomado a la Sant\u00edsima Virgen por mi Protectora, a causa de mi debilidad e inconstancia, a fin de que por su intercesi\u00f3n pueda durante el resto de mis d\u00edas honrar en Ella, la estima que Dios ha hecho de la Virginidad con preferencia al matrimonio.<\/p>\n<p>Tendr\u00e9 pues, particular devoci\u00f3n a la Sant\u00edsima Virgen, al Angel de mi Guarda, a los Santos Ap\u00f3stoles, con el deseo de imitar su vida en cuanto me sea posible por haber sido ellos imitadores de Nuestro Se\u00f1or.<\/p>\n<p>Durante todo el a\u00f1o, el d\u00eda (de la semana) en que cayere la fiesta de Navidad, rezar\u00e9 el himno Jesu Nostri Redemptor y el d\u00eda (del mes) en que cayere la de Pentecost\u00e9s, la Secuencia Veni Sancte Spiritus et emit&#8230; 3.<\/p>\n<p>La santa Comuni\u00f3n&#8230; 3\u00a0los domingos, martes&#8230; 3\u00a0a no ser que cayeran fiestas en la semana que me obligasen a escoger otros d\u00edas, y esto para darme a conocer que no tendr\u00e9 el deseo de servir a Dios sino en la medida en que me atraiga su santo amor.<\/p>\n<p>22. Trabajar\u00e9 cuanto pueda en la mortificaci\u00f3n de mis pasiones y principalmente en la de la vanidad y la precipitaci\u00f3n y para ello y tambi\u00e9n para honrar los sufrimientos de Jesucristo, me disciplinar\u00e9 dos o tres veces en esp\u00edritu de penitencia, mientras rezo un Pater en honor de Jesucristo, un Ave en honor de la Sant\u00edsima Virgen y el De Profundis por las almas del Purgatorio; y todos los d\u00edas de Comuni\u00f3n llevar\u00e9 cilicio de cintura la ma\u00f1ana y los viernes todo el d\u00eda.<\/p>\n<p>Ayunar\u00e9 todos los viernes del a\u00f1o, en el Adviento y la Cuaresma, todas las viseras de las fiestas de Nuestro Se\u00f1or, de la Virgen, de los Ap\u00f3stoles y todos los dem\u00e1s (d\u00edas de) ayuno mandados por la Iglesia. En los d\u00edas que no son de ayuno har\u00e9 solamente dos comidas, a no ser que tuviera necesidad de obrar de otra manera o que a ello me obligar\u00e1 la condescendencia hacia el pr\u00f3jimo.<\/p>\n<p>Desear\u00eda hacer ocho o diez d\u00edas de Retiro dos veces al a\u00f1o, a saber, en los d\u00edas entre la Ascensi\u00f3n y Pentecost\u00e9s, para honrar la gracia que Dios hizo a su Iglesia, d\u00e1ndole su Santo Esp\u00edritu para conducirla, y la elecci\u00f3n de los Ap\u00f3stoles para anunciar su Santo Evangelio, y para llevarlo yo a la pr\u00e1ctica pondr\u00e9 una particular atenci\u00f3n en o\u00edrlo y tendr\u00e9 devoci\u00f3n a la Ley de Dios que son sus mandamientos. Los otros d\u00edas de Ejercicios ser\u00e1n en Adviento&#8230; 3.<\/p>\n<p>Te adoro, \u00a1oh mi buen Dios! y reconozco haber recibido de ti mi conservaci\u00f3n; y por el amor que te debo, me abandono enteramente a las disposiciones de tu Santa Voluntad; y aunque llena de flaquezas y de motivos de humillaci\u00f3n por mis pecados, me conf\u00edo a tu misericordia y te suplico, por el amor que tienes a tus criaturas, la asistencia de tu Esp\u00edritu Santo, para el total cumplimiento del designio que, desde toda la eternidad, ha tenido tu Santa Voluntad sobre mi alma y sobre todas las que han sido redimidas por la sangre de Jesucristo tu Unico&#8230;<\/p>\n","protected":false},"excerpt":{"rendered":"<p>\u00a1En el nombre de Dios, pueda yo vivir as\u00ed si me lo permiten! 18. Que est\u00e9 siempre en mi coraz\u00f3n el deseo de la santa pobreza, para que libre de todo, siga a Jesucristo y &#8230; <a href=\"http:\/\/vincentians.com\/es\/luisa-de-marillac-pensamiento-007-reglamento-de-vida-en-el-mundo\/\" class=\"more-link\">Read More<\/a><\/p>\n","protected":false},"author":4,"featured_media":393751,"comment_status":"open","ping_status":"open","sticky":false,"template":"","format":"standard","meta":{"jetpack_post_was_ever_published":false,"_jetpack_newsletter_access":"","_jetpack_dont_email_post_to_subs":false,"_jetpack_newsletter_tier_id":0,"_jetpack_memberships_contains_paywalled_content":false,"_jetpack_memberships_contains_paid_content":false,"footnotes":"","jetpack_publicize_message":"","jetpack_publicize_feature_enabled":true,"jetpack_social_post_already_shared":true,"jetpack_social_options":{"image_generator_settings":{"template":"highway","default_image_id":0,"font":"","enabled":false},"version":2}},"categories":[67],"tags":[],"class_list":["post-6485","post","type-post","status-publish","format-standard","has-post-thumbnail","hentry","category-escritos-de-luisa-de-marillac"],"yoast_head":"<!-- This site is optimized with the Yoast SEO plugin v26.3 - https:\/\/yoast.com\/wordpress\/plugins\/seo\/ -->\n<title>Luisa de Marillac, Pensamiento 007: Reglamento De Vida En El Mundo - Somos Vicencianos<\/title>\n<meta name=\"robots\" content=\"index, follow, max-snippet:-1, max-image-preview:large, max-video-preview:-1\" \/>\n<link rel=\"canonical\" href=\"http:\/\/vincentians.com\/es\/luisa-de-marillac-pensamiento-007-reglamento-de-vida-en-el-mundo\/\" \/>\n<meta property=\"og:locale\" content=\"es_ES\" \/>\n<meta property=\"og:type\" content=\"article\" \/>\n<meta property=\"og:title\" content=\"Luisa de Marillac, Pensamiento 007: Reglamento De Vida En El Mundo - Somos Vicencianos\" \/>\n<meta property=\"og:description\" content=\"\u00a1En el nombre de Dios, pueda yo vivir as\u00ed si me lo permiten! 18. Que est\u00e9 siempre en mi coraz\u00f3n el deseo de la santa pobreza, para que libre de todo, siga a Jesucristo y ... Read More\" \/>\n<meta property=\"og:url\" content=\"http:\/\/vincentians.com\/es\/luisa-de-marillac-pensamiento-007-reglamento-de-vida-en-el-mundo\/\" \/>\n<meta property=\"og:site_name\" content=\"Somos Vicencianos\" \/>\n<meta property=\"article:publisher\" content=\"https:\/\/www.facebook.com\/WeAreVincentians\/\" \/>\n<meta property=\"article:author\" content=\"https:\/\/www.facebook.com\/JavierChento\" \/>\n<meta property=\"article:published_time\" content=\"2009-01-07T14:20:29+00:00\" \/>\n<meta property=\"article:modified_time\" content=\"2016-07-26T18:02:10+00:00\" \/>\n<meta property=\"og:image\" content=\"https:\/\/i0.wp.com\/vincentians.com\/es\/wp-content\/uploads\/sites\/11\/2016\/07\/escritos-luisa-de-marillac.jpg?fit=1200%2C630\" \/>\n\t<meta property=\"og:image:width\" content=\"1200\" \/>\n\t<meta property=\"og:image:height\" content=\"630\" \/>\n\t<meta property=\"og:image:type\" content=\"image\/jpeg\" \/>\n<meta name=\"author\" content=\"Francisco Javier Fern\u00e1ndez Chento\" \/>\n<meta name=\"twitter:card\" content=\"summary_large_image\" \/>\n<meta name=\"twitter:creator\" content=\"@https:\/\/twitter.com\/javierchento\" \/>\n<meta name=\"twitter:site\" content=\"@WeVincentians\" \/>\n<meta name=\"twitter:label1\" content=\"Escrito por\" \/>\n\t<meta name=\"twitter:data1\" content=\"Francisco Javier Fern\u00e1ndez Chento\" \/>\n\t<meta name=\"twitter:label2\" content=\"Tiempo de lectura\" \/>\n\t<meta name=\"twitter:data2\" content=\"7 minutos\" \/>\n<script type=\"application\/ld+json\" class=\"yoast-schema-graph\">{\"@context\":\"https:\/\/schema.org\",\"@graph\":[{\"@type\":\"Article\",\"@id\":\"http:\/\/vincentians.com\/es\/luisa-de-marillac-pensamiento-007-reglamento-de-vida-en-el-mundo\/#article\",\"isPartOf\":{\"@id\":\"http:\/\/vincentians.com\/es\/luisa-de-marillac-pensamiento-007-reglamento-de-vida-en-el-mundo\/\"},\"author\":{\"name\":\"Francisco Javier Fern\u00e1ndez Chento\",\"@id\":\"http:\/\/vincentians.com\/es\/#\/schema\/person\/9623ef4d9aa3b2dfb8c061f1499288f2\"},\"headline\":\"Luisa de Marillac, Pensamiento 007: Reglamento De Vida En El Mundo\",\"datePublished\":\"2009-01-07T14:20:29+00:00\",\"dateModified\":\"2016-07-26T18:02:10+00:00\",\"mainEntityOfPage\":{\"@id\":\"http:\/\/vincentians.com\/es\/luisa-de-marillac-pensamiento-007-reglamento-de-vida-en-el-mundo\/\"},\"wordCount\":1432,\"commentCount\":0,\"publisher\":{\"@id\":\"http:\/\/vincentians.com\/es\/#organization\"},\"image\":{\"@id\":\"http:\/\/vincentians.com\/es\/luisa-de-marillac-pensamiento-007-reglamento-de-vida-en-el-mundo\/#primaryimage\"},\"thumbnailUrl\":\"https:\/\/i0.wp.com\/vincentians.com\/es\/wp-content\/uploads\/sites\/11\/2016\/07\/escritos-luisa-de-marillac.jpg?fit=1200%2C630\",\"articleSection\":[\"Escritos de Luisa de Marillac\"],\"inLanguage\":\"es\",\"potentialAction\":[{\"@type\":\"CommentAction\",\"name\":\"Comment\",\"target\":[\"http:\/\/vincentians.com\/es\/luisa-de-marillac-pensamiento-007-reglamento-de-vida-en-el-mundo\/#respond\"]}]},{\"@type\":\"WebPage\",\"@id\":\"http:\/\/vincentians.com\/es\/luisa-de-marillac-pensamiento-007-reglamento-de-vida-en-el-mundo\/\",\"url\":\"http:\/\/vincentians.com\/es\/luisa-de-marillac-pensamiento-007-reglamento-de-vida-en-el-mundo\/\",\"name\":\"Luisa de Marillac, Pensamiento 007: Reglamento De Vida En El Mundo - Somos Vicencianos\",\"isPartOf\":{\"@id\":\"http:\/\/vincentians.com\/es\/#website\"},\"primaryImageOfPage\":{\"@id\":\"http:\/\/vincentians.com\/es\/luisa-de-marillac-pensamiento-007-reglamento-de-vida-en-el-mundo\/#primaryimage\"},\"image\":{\"@id\":\"http:\/\/vincentians.com\/es\/luisa-de-marillac-pensamiento-007-reglamento-de-vida-en-el-mundo\/#primaryimage\"},\"thumbnailUrl\":\"https:\/\/i0.wp.com\/vincentians.com\/es\/wp-content\/uploads\/sites\/11\/2016\/07\/escritos-luisa-de-marillac.jpg?fit=1200%2C630\",\"datePublished\":\"2009-01-07T14:20:29+00:00\",\"dateModified\":\"2016-07-26T18:02:10+00:00\",\"breadcrumb\":{\"@id\":\"http:\/\/vincentians.com\/es\/luisa-de-marillac-pensamiento-007-reglamento-de-vida-en-el-mundo\/#breadcrumb\"},\"inLanguage\":\"es\",\"potentialAction\":[{\"@type\":\"ReadAction\",\"target\":[\"http:\/\/vincentians.com\/es\/luisa-de-marillac-pensamiento-007-reglamento-de-vida-en-el-mundo\/\"]}]},{\"@type\":\"ImageObject\",\"inLanguage\":\"es\",\"@id\":\"http:\/\/vincentians.com\/es\/luisa-de-marillac-pensamiento-007-reglamento-de-vida-en-el-mundo\/#primaryimage\",\"url\":\"https:\/\/i0.wp.com\/vincentians.com\/es\/wp-content\/uploads\/sites\/11\/2016\/07\/escritos-luisa-de-marillac.jpg?fit=1200%2C630\",\"contentUrl\":\"https:\/\/i0.wp.com\/vincentians.com\/es\/wp-content\/uploads\/sites\/11\/2016\/07\/escritos-luisa-de-marillac.jpg?fit=1200%2C630\",\"width\":1200,\"height\":630},{\"@type\":\"BreadcrumbList\",\"@id\":\"http:\/\/vincentians.com\/es\/luisa-de-marillac-pensamiento-007-reglamento-de-vida-en-el-mundo\/#breadcrumb\",\"itemListElement\":[{\"@type\":\"ListItem\",\"position\":1,\"name\":\"Portada\",\"item\":\"http:\/\/vincentians.com\/es\/\"},{\"@type\":\"ListItem\",\"position\":2,\"name\":\"Luisa de Marillac, Pensamiento 007: Reglamento De Vida En El Mundo\"}]},{\"@type\":\"WebSite\",\"@id\":\"http:\/\/vincentians.com\/es\/#website\",\"url\":\"http:\/\/vincentians.com\/es\/\",\"name\":\"Somos Vicencianos\",\"description\":\"Know more to serve more\",\"publisher\":{\"@id\":\"http:\/\/vincentians.com\/es\/#organization\"},\"potentialAction\":[{\"@type\":\"SearchAction\",\"target\":{\"@type\":\"EntryPoint\",\"urlTemplate\":\"http:\/\/vincentians.com\/es\/?s={search_term_string}\"},\"query-input\":{\"@type\":\"PropertyValueSpecification\",\"valueRequired\":true,\"valueName\":\"search_term_string\"}}],\"inLanguage\":\"es\"},{\"@type\":\"Organization\",\"@id\":\"http:\/\/vincentians.com\/es\/#organization\",\"name\":\"The Vincentian Network\",\"url\":\"http:\/\/vincentians.com\/es\/\",\"logo\":{\"@type\":\"ImageObject\",\"inLanguage\":\"es\",\"@id\":\"http:\/\/vincentians.com\/es\/#\/schema\/logo\/image\/\",\"url\":\"https:\/\/i1.wp.com\/vincentians.com\/es\/wp-content\/uploads\/sites\/11\/2016\/06\/Vincentian-Network-logo-big.png?fit=778%2C778\",\"contentUrl\":\"https:\/\/i1.wp.com\/vincentians.com\/es\/wp-content\/uploads\/sites\/11\/2016\/06\/Vincentian-Network-logo-big.png?fit=778%2C778\",\"width\":778,\"height\":778,\"caption\":\"The Vincentian Network\"},\"image\":{\"@id\":\"http:\/\/vincentians.com\/es\/#\/schema\/logo\/image\/\"},\"sameAs\":[\"https:\/\/www.facebook.com\/WeAreVincentians\/\",\"https:\/\/x.com\/WeVincentians\"]},{\"@type\":\"Person\",\"@id\":\"http:\/\/vincentians.com\/es\/#\/schema\/person\/9623ef4d9aa3b2dfb8c061f1499288f2\",\"name\":\"Francisco Javier Fern\u00e1ndez Chento\",\"image\":{\"@type\":\"ImageObject\",\"inLanguage\":\"es\",\"@id\":\"http:\/\/vincentians.com\/es\/#\/schema\/person\/image\/\",\"url\":\"https:\/\/secure.gravatar.com\/avatar\/497d5cde87b4c3d097d0315953521681ba2cd523ee66e5077c3711f7021e65de?s=96&d=mm&r=g\",\"contentUrl\":\"https:\/\/secure.gravatar.com\/avatar\/497d5cde87b4c3d097d0315953521681ba2cd523ee66e5077c3711f7021e65de?s=96&d=mm&r=g\",\"caption\":\"Francisco Javier Fern\u00e1ndez Chento\"},\"description\":\"Director General y cofundador de La Red de Formaci\u00f3n Vicenciana. Javier es laico vicenciano, afiliado a la Congregaci\u00f3n de la Misi\u00f3n y miembro del Equipo de Misiones Populares de la provincia can\u00f3nica de Zaragoza (Espa\u00f1a) de la Congregaci\u00f3n de la Misi\u00f3n. Graduado en la Universidad Oberta de Catalunya con cuatro grados (Asistente de direcci\u00f3n, Gesti\u00f3n Administrativa, Recursos Humanos y Contabilidad Avanzada). Bil\u00edng\u00fce Espa\u00f1ol\/Ingl\u00e9s. gestiona y mantiene varias p\u00e1ginas web cristianas y vicencianas, incluida including La Red de Formaci\u00f3n Vicenciana, de la que es cofundador. Actualmente es responsable del \u00e1rea de Espa\u00f1ol de .famvin, la Red de Noticias de la Familia Vicenciana. Tambi\u00e9n es m\u00fasico cat\u00f3lico y ha editado varios discos. Es Director General y cofundador de Trovador, una reconocida compa\u00f1\u00eda discogr\u00e1fica critiana de Espa\u00f1a. Trabaja en las Tecnolog\u00edas de la Informaci\u00f3n, ofreciendo servicios de alojamiento, dise\u00f1o y mantenimiento Web, as\u00ed como asesoramiento, formaci\u00f3n y soluciones inform\u00e1ticas, gesti\u00f3n documental y digitalizaci\u00f3n de textos, edici\u00f3n y maquetaci\u00f3n de libros, revistas, flyers, etc.\",\"sameAs\":[\"http:\/\/chento.org\",\"https:\/\/www.facebook.com\/JavierChento\",\"https:\/\/x.com\/https:\/\/twitter.com\/javierchento\"],\"url\":\"http:\/\/vincentians.com\/es\/author\/chento\/\"}]}<\/script>\n<!-- \/ Yoast SEO plugin. -->","yoast_head_json":{"title":"Luisa de Marillac, Pensamiento 007: Reglamento De Vida En El Mundo - Somos Vicencianos","robots":{"index":"index","follow":"follow","max-snippet":"max-snippet:-1","max-image-preview":"max-image-preview:large","max-video-preview":"max-video-preview:-1"},"canonical":"http:\/\/vincentians.com\/es\/luisa-de-marillac-pensamiento-007-reglamento-de-vida-en-el-mundo\/","og_locale":"es_ES","og_type":"article","og_title":"Luisa de Marillac, Pensamiento 007: Reglamento De Vida En El Mundo - Somos Vicencianos","og_description":"\u00a1En el nombre de Dios, pueda yo vivir as\u00ed si me lo permiten! 18. Que est\u00e9 siempre en mi coraz\u00f3n el deseo de la santa pobreza, para que libre de todo, siga a Jesucristo y ... Read More","og_url":"http:\/\/vincentians.com\/es\/luisa-de-marillac-pensamiento-007-reglamento-de-vida-en-el-mundo\/","og_site_name":"Somos Vicencianos","article_publisher":"https:\/\/www.facebook.com\/WeAreVincentians\/","article_author":"https:\/\/www.facebook.com\/JavierChento","article_published_time":"2009-01-07T14:20:29+00:00","article_modified_time":"2016-07-26T18:02:10+00:00","og_image":[{"width":1200,"height":630,"url":"https:\/\/i0.wp.com\/vincentians.com\/es\/wp-content\/uploads\/sites\/11\/2016\/07\/escritos-luisa-de-marillac.jpg?fit=1200%2C630","type":"image\/jpeg"}],"author":"Francisco Javier Fern\u00e1ndez Chento","twitter_card":"summary_large_image","twitter_creator":"@https:\/\/twitter.com\/javierchento","twitter_site":"@WeVincentians","twitter_misc":{"Escrito por":"Francisco Javier Fern\u00e1ndez Chento","Tiempo de lectura":"7 minutos"},"schema":{"@context":"https:\/\/schema.org","@graph":[{"@type":"Article","@id":"http:\/\/vincentians.com\/es\/luisa-de-marillac-pensamiento-007-reglamento-de-vida-en-el-mundo\/#article","isPartOf":{"@id":"http:\/\/vincentians.com\/es\/luisa-de-marillac-pensamiento-007-reglamento-de-vida-en-el-mundo\/"},"author":{"name":"Francisco Javier Fern\u00e1ndez Chento","@id":"http:\/\/vincentians.com\/es\/#\/schema\/person\/9623ef4d9aa3b2dfb8c061f1499288f2"},"headline":"Luisa de Marillac, Pensamiento 007: Reglamento De Vida En El Mundo","datePublished":"2009-01-07T14:20:29+00:00","dateModified":"2016-07-26T18:02:10+00:00","mainEntityOfPage":{"@id":"http:\/\/vincentians.com\/es\/luisa-de-marillac-pensamiento-007-reglamento-de-vida-en-el-mundo\/"},"wordCount":1432,"commentCount":0,"publisher":{"@id":"http:\/\/vincentians.com\/es\/#organization"},"image":{"@id":"http:\/\/vincentians.com\/es\/luisa-de-marillac-pensamiento-007-reglamento-de-vida-en-el-mundo\/#primaryimage"},"thumbnailUrl":"https:\/\/i0.wp.com\/vincentians.com\/es\/wp-content\/uploads\/sites\/11\/2016\/07\/escritos-luisa-de-marillac.jpg?fit=1200%2C630","articleSection":["Escritos de Luisa de Marillac"],"inLanguage":"es","potentialAction":[{"@type":"CommentAction","name":"Comment","target":["http:\/\/vincentians.com\/es\/luisa-de-marillac-pensamiento-007-reglamento-de-vida-en-el-mundo\/#respond"]}]},{"@type":"WebPage","@id":"http:\/\/vincentians.com\/es\/luisa-de-marillac-pensamiento-007-reglamento-de-vida-en-el-mundo\/","url":"http:\/\/vincentians.com\/es\/luisa-de-marillac-pensamiento-007-reglamento-de-vida-en-el-mundo\/","name":"Luisa de Marillac, Pensamiento 007: Reglamento De Vida En El Mundo - Somos Vicencianos","isPartOf":{"@id":"http:\/\/vincentians.com\/es\/#website"},"primaryImageOfPage":{"@id":"http:\/\/vincentians.com\/es\/luisa-de-marillac-pensamiento-007-reglamento-de-vida-en-el-mundo\/#primaryimage"},"image":{"@id":"http:\/\/vincentians.com\/es\/luisa-de-marillac-pensamiento-007-reglamento-de-vida-en-el-mundo\/#primaryimage"},"thumbnailUrl":"https:\/\/i0.wp.com\/vincentians.com\/es\/wp-content\/uploads\/sites\/11\/2016\/07\/escritos-luisa-de-marillac.jpg?fit=1200%2C630","datePublished":"2009-01-07T14:20:29+00:00","dateModified":"2016-07-26T18:02:10+00:00","breadcrumb":{"@id":"http:\/\/vincentians.com\/es\/luisa-de-marillac-pensamiento-007-reglamento-de-vida-en-el-mundo\/#breadcrumb"},"inLanguage":"es","potentialAction":[{"@type":"ReadAction","target":["http:\/\/vincentians.com\/es\/luisa-de-marillac-pensamiento-007-reglamento-de-vida-en-el-mundo\/"]}]},{"@type":"ImageObject","inLanguage":"es","@id":"http:\/\/vincentians.com\/es\/luisa-de-marillac-pensamiento-007-reglamento-de-vida-en-el-mundo\/#primaryimage","url":"https:\/\/i0.wp.com\/vincentians.com\/es\/wp-content\/uploads\/sites\/11\/2016\/07\/escritos-luisa-de-marillac.jpg?fit=1200%2C630","contentUrl":"https:\/\/i0.wp.com\/vincentians.com\/es\/wp-content\/uploads\/sites\/11\/2016\/07\/escritos-luisa-de-marillac.jpg?fit=1200%2C630","width":1200,"height":630},{"@type":"BreadcrumbList","@id":"http:\/\/vincentians.com\/es\/luisa-de-marillac-pensamiento-007-reglamento-de-vida-en-el-mundo\/#breadcrumb","itemListElement":[{"@type":"ListItem","position":1,"name":"Portada","item":"http:\/\/vincentians.com\/es\/"},{"@type":"ListItem","position":2,"name":"Luisa de Marillac, Pensamiento 007: Reglamento De Vida En El Mundo"}]},{"@type":"WebSite","@id":"http:\/\/vincentians.com\/es\/#website","url":"http:\/\/vincentians.com\/es\/","name":"Somos Vicencianos","description":"Know more to serve more","publisher":{"@id":"http:\/\/vincentians.com\/es\/#organization"},"potentialAction":[{"@type":"SearchAction","target":{"@type":"EntryPoint","urlTemplate":"http:\/\/vincentians.com\/es\/?s={search_term_string}"},"query-input":{"@type":"PropertyValueSpecification","valueRequired":true,"valueName":"search_term_string"}}],"inLanguage":"es"},{"@type":"Organization","@id":"http:\/\/vincentians.com\/es\/#organization","name":"The Vincentian Network","url":"http:\/\/vincentians.com\/es\/","logo":{"@type":"ImageObject","inLanguage":"es","@id":"http:\/\/vincentians.com\/es\/#\/schema\/logo\/image\/","url":"https:\/\/i1.wp.com\/vincentians.com\/es\/wp-content\/uploads\/sites\/11\/2016\/06\/Vincentian-Network-logo-big.png?fit=778%2C778","contentUrl":"https:\/\/i1.wp.com\/vincentians.com\/es\/wp-content\/uploads\/sites\/11\/2016\/06\/Vincentian-Network-logo-big.png?fit=778%2C778","width":778,"height":778,"caption":"The Vincentian Network"},"image":{"@id":"http:\/\/vincentians.com\/es\/#\/schema\/logo\/image\/"},"sameAs":["https:\/\/www.facebook.com\/WeAreVincentians\/","https:\/\/x.com\/WeVincentians"]},{"@type":"Person","@id":"http:\/\/vincentians.com\/es\/#\/schema\/person\/9623ef4d9aa3b2dfb8c061f1499288f2","name":"Francisco Javier Fern\u00e1ndez Chento","image":{"@type":"ImageObject","inLanguage":"es","@id":"http:\/\/vincentians.com\/es\/#\/schema\/person\/image\/","url":"https:\/\/secure.gravatar.com\/avatar\/497d5cde87b4c3d097d0315953521681ba2cd523ee66e5077c3711f7021e65de?s=96&d=mm&r=g","contentUrl":"https:\/\/secure.gravatar.com\/avatar\/497d5cde87b4c3d097d0315953521681ba2cd523ee66e5077c3711f7021e65de?s=96&d=mm&r=g","caption":"Francisco Javier Fern\u00e1ndez Chento"},"description":"Director General y cofundador de La Red de Formaci\u00f3n Vicenciana. Javier es laico vicenciano, afiliado a la Congregaci\u00f3n de la Misi\u00f3n y miembro del Equipo de Misiones Populares de la provincia can\u00f3nica de Zaragoza (Espa\u00f1a) de la Congregaci\u00f3n de la Misi\u00f3n. Graduado en la Universidad Oberta de Catalunya con cuatro grados (Asistente de direcci\u00f3n, Gesti\u00f3n Administrativa, Recursos Humanos y Contabilidad Avanzada). Bil\u00edng\u00fce Espa\u00f1ol\/Ingl\u00e9s. gestiona y mantiene varias p\u00e1ginas web cristianas y vicencianas, incluida including La Red de Formaci\u00f3n Vicenciana, de la que es cofundador. Actualmente es responsable del \u00e1rea de Espa\u00f1ol de .famvin, la Red de Noticias de la Familia Vicenciana. Tambi\u00e9n es m\u00fasico cat\u00f3lico y ha editado varios discos. Es Director General y cofundador de Trovador, una reconocida compa\u00f1\u00eda discogr\u00e1fica critiana de Espa\u00f1a. Trabaja en las Tecnolog\u00edas de la Informaci\u00f3n, ofreciendo servicios de alojamiento, dise\u00f1o y mantenimiento Web, as\u00ed como asesoramiento, formaci\u00f3n y soluciones inform\u00e1ticas, gesti\u00f3n documental y digitalizaci\u00f3n de textos, edici\u00f3n y maquetaci\u00f3n de libros, revistas, flyers, etc.","sameAs":["http:\/\/chento.org","https:\/\/www.facebook.com\/JavierChento","https:\/\/x.com\/https:\/\/twitter.com\/javierchento"],"url":"http:\/\/vincentians.com\/es\/author\/chento\/"}]}},"jetpack_publicize_connections":[],"jetpack_featured_media_url":"https:\/\/i0.wp.com\/vincentians.com\/es\/wp-content\/uploads\/sites\/11\/2016\/07\/escritos-luisa-de-marillac.jpg?fit=1200%2C630","jetpack_sharing_enabled":true,"jetpack_shortlink":"https:\/\/wp.me\/p7ETMF-1GB","jetpack-related-posts":[{"id":107172,"url":"http:\/\/vincentians.com\/es\/honrar-al-dios-trinidad\/","url_meta":{"origin":6485,"position":0},"title":"Honrar al Dios Trinidad","author":"Francisco Javier Fern\u00e1ndez Chento","date":"30\/06\/2018","format":false,"excerpt":"En su oraci\u00f3n, su meditaci\u00f3n, Luisa de Marillac no se\u00adpara la Humanidad santa de Cristo de su Divinidad. Je\u00adsucristo, Hijo de Mar\u00eda, Jesucristo, Redentor del mundo, es el Hijo de Dios, la segunda Persona de la Sant\u00edsima Tri\u00adnidad. Con la Iglesia, Luisa descubre en Jesucristo al Dios que es Amor.\u2026","rel":"","context":"En \u00abEspiritualidad vicenciana\u00bb","block_context":{"text":"Espiritualidad vicenciana","link":"http:\/\/vincentians.com\/es\/category\/espiritualidad\/espiritualidad-vicenciana\/"},"img":{"alt_text":"","src":"https:\/\/i0.wp.com\/vincentians.com\/es\/wp-content\/uploads\/sites\/11\/2011\/11\/espiritualidad.jpg?fit=310%2C285&resize=350%2C200","width":350,"height":200},"classes":[]},{"id":119624,"url":"http:\/\/vincentians.com\/es\/mirada-de-fe-del-itinerario-espiritual-de-luisa-de-marillac\/","url_meta":{"origin":6485,"position":1},"title":"Mirada de fe del itinerario espiritual de Luisa de Marillac","author":"Francisco Javier Fern\u00e1ndez Chento","date":"12\/04\/2013","format":false,"excerpt":"Introducci\u00f3n La mirada de fe es un hecho humano fundamental que nos orienta hacia Dios y nos invita a vivir de su Esp\u00edritu. La presencia de los Santos es un recuerdo continuo de las cosas del cielo. La Iglesia nos ense\u00f1a que los santos son inseparables de la plenitud de\u2026","rel":"","context":"En \u00abEspiritualidad vicenciana\u00bb","block_context":{"text":"Espiritualidad vicenciana","link":"http:\/\/vincentians.com\/es\/category\/espiritualidad\/espiritualidad-vicenciana\/"},"img":{"alt_text":"Luisa de Marillac","src":"https:\/\/i0.wp.com\/vicencianos.org\/wp-content\/2011\/02\/luisa_marillac-181x300.jpg?resize=350%2C200","width":350,"height":200},"classes":[]},{"id":143413,"url":"http:\/\/vincentians.com\/es\/el-camino-de-fe-de-santa-luisa\/","url_meta":{"origin":6485,"position":2},"title":"El camino de fe de santa Luisa","author":"Francisco Javier Fern\u00e1ndez Chento","date":"19\/04\/2015","format":false,"excerpt":"Hablaremos del largo camino que santa Luisa recorrido durante m\u00e1s de 60 a\u00f1os, donde vemos que su fe fue cuestionada por la vida que ella tuvo, por los acontecimientos que vivi\u00f3, una vida llena de dudas, inquietudes pero tambi\u00e9n de alegr\u00edas y preocupaciones. Entraremos en la intimidad de Luisa, esta\u2026","rel":"","context":"En \u00abLuisa de Marillac\u00bb","block_context":{"text":"Luisa de Marillac","link":"http:\/\/vincentians.com\/es\/category\/la-familia-vicenciana\/fundadores\/luisa-de-marillac\/"},"img":{"alt_text":"St-Louise-de-Marillac","src":"https:\/\/i0.wp.com\/vicencianos.org\/wp-content\/2012\/08\/St-Louise-de-Marillac-300x202.png?resize=350%2C200","width":350,"height":200},"classes":[]},{"id":101771,"url":"http:\/\/vincentians.com\/es\/orando-con-luisa-de-marillac\/","url_meta":{"origin":6485,"position":3},"title":"Orando con Luisa de Marillac","author":"Francisco Javier Fern\u00e1ndez Chento","date":"07\/04\/2015","format":false,"excerpt":"Las primeras Hijas de la Caridad quedaron impresiona\u00addos por la actitud orante de Luisa de Marillac. En las conferencias celebradas sobre las virtudes de la Srta. Le Gras, varias Hermanas pusieron de relieve su pro\u00adfunda uni\u00f3n con Dios: \"Siempre ten\u00eda su esp\u00edritu ocupado en Dios.\" \"Ten\u00eda mucha vida Interior y\u2026","rel":"","context":"En \u00abEspiritualidad vicenciana\u00bb","block_context":{"text":"Espiritualidad vicenciana","link":"http:\/\/vincentians.com\/es\/category\/espiritualidad\/espiritualidad-vicenciana\/"},"img":{"alt_text":"","src":"https:\/\/i0.wp.com\/vicencianos.org\/wp-content\/2011\/09\/rostros_luisa_09-225x300.jpg?resize=350%2C200","width":350,"height":200},"classes":[]},{"id":386870,"url":"http:\/\/vincentians.com\/es\/santa-luisa-de-marillac-y-la-eucaristia\/","url_meta":{"origin":6485,"position":4},"title":"Santa Luisa de Marillac y la Eucarist\u00eda","author":"Francisco Javier Fern\u00e1ndez Chento","date":"09\/05\/2021","format":false,"excerpt":"El sacramento de la Eucarist\u00eda en el siglo XVII Santa Luisa de Marillac fue una mujer de su tiempo en todo, tambi\u00e9n en la experiencia espiritual y en su vida de fe. En la \u00e9poca que ella vivi\u00f3, el Magisterio de la Iglesia no propiciaba la comuni\u00f3n frecuente como en\u2026","rel":"","context":"En \u00abLuisa de Marillac\u00bb","block_context":{"text":"Luisa de Marillac","link":"http:\/\/vincentians.com\/es\/category\/la-familia-vicenciana\/fundadores\/luisa-de-marillac\/"},"img":{"alt_text":"","src":"https:\/\/i0.wp.com\/vincentians.com\/es\/wp-content\/uploads\/sites\/11\/2016\/09\/vincentian-missionarie.jpg?fit=846%2C444&resize=350%2C200","width":350,"height":200,"srcset":"https:\/\/i0.wp.com\/vincentians.com\/es\/wp-content\/uploads\/sites\/11\/2016\/09\/vincentian-missionarie.jpg?fit=846%2C444&resize=350%2C200 1x, https:\/\/i0.wp.com\/vincentians.com\/es\/wp-content\/uploads\/sites\/11\/2016\/09\/vincentian-missionarie.jpg?fit=846%2C444&resize=525%2C300 1.5x, https:\/\/i0.wp.com\/vincentians.com\/es\/wp-content\/uploads\/sites\/11\/2016\/09\/vincentian-missionarie.jpg?fit=846%2C444&resize=700%2C400 2x"},"classes":[]},{"id":6474,"url":"http:\/\/vincentians.com\/es\/luisa-de-marillac-pensamiento-004-acto-de-protestacion\/","url_meta":{"origin":6485,"position":5},"title":"Luisa de Marillac, Pensamiento 004: Acto de protestaci\u00f3n","author":"Francisco Javier Fern\u00e1ndez Chento","date":"04\/01\/2009","format":false,"excerpt":"8. Yo, la abajo firmante, puesta en la presencia de Dios eterno, habiendo considerado que en el d\u00eda de mi sagrado bautismo fui consagrada y dedicada a mi Dios para ser su hija y que a pesar de ello, tantas y tantas veces he obrado en contra de su sant\u00edsima\u2026","rel":"","context":"En \u00abEscritos de Luisa de Marillac\u00bb","block_context":{"text":"Escritos de Luisa de Marillac","link":"http:\/\/vincentians.com\/es\/category\/escritos\/escritos-de-luisa-de-marillac\/"},"img":{"alt_text":"","src":"https:\/\/i0.wp.com\/vincentians.com\/es\/wp-content\/uploads\/sites\/11\/2016\/07\/escritos-luisa-de-marillac.jpg?fit=1200%2C630&resize=350%2C200","width":350,"height":200,"srcset":"https:\/\/i0.wp.com\/vincentians.com\/es\/wp-content\/uploads\/sites\/11\/2016\/07\/escritos-luisa-de-marillac.jpg?fit=1200%2C630&resize=350%2C200 1x, https:\/\/i0.wp.com\/vincentians.com\/es\/wp-content\/uploads\/sites\/11\/2016\/07\/escritos-luisa-de-marillac.jpg?fit=1200%2C630&resize=525%2C300 1.5x, https:\/\/i0.wp.com\/vincentians.com\/es\/wp-content\/uploads\/sites\/11\/2016\/07\/escritos-luisa-de-marillac.jpg?fit=1200%2C630&resize=700%2C400 2x, https:\/\/i0.wp.com\/vincentians.com\/es\/wp-content\/uploads\/sites\/11\/2016\/07\/escritos-luisa-de-marillac.jpg?fit=1200%2C630&resize=1050%2C600 3x"},"classes":[]}],"_links":{"self":[{"href":"http:\/\/vincentians.com\/es\/wp-json\/wp\/v2\/posts\/6485","targetHints":{"allow":["GET"]}}],"collection":[{"href":"http:\/\/vincentians.com\/es\/wp-json\/wp\/v2\/posts"}],"about":[{"href":"http:\/\/vincentians.com\/es\/wp-json\/wp\/v2\/types\/post"}],"author":[{"embeddable":true,"href":"http:\/\/vincentians.com\/es\/wp-json\/wp\/v2\/users\/4"}],"replies":[{"embeddable":true,"href":"http:\/\/vincentians.com\/es\/wp-json\/wp\/v2\/comments?post=6485"}],"version-history":[{"count":0,"href":"http:\/\/vincentians.com\/es\/wp-json\/wp\/v2\/posts\/6485\/revisions"}],"wp:featuredmedia":[{"embeddable":true,"href":"http:\/\/vincentians.com\/es\/wp-json\/wp\/v2\/media\/393751"}],"wp:attachment":[{"href":"http:\/\/vincentians.com\/es\/wp-json\/wp\/v2\/media?parent=6485"}],"wp:term":[{"taxonomy":"category","embeddable":true,"href":"http:\/\/vincentians.com\/es\/wp-json\/wp\/v2\/categories?post=6485"},{"taxonomy":"post_tag","embeddable":true,"href":"http:\/\/vincentians.com\/es\/wp-json\/wp\/v2\/tags?post=6485"}],"curies":[{"name":"wp","href":"https:\/\/api.w.org\/{rel}","templated":true}]}}