{"id":61406,"date":"2012-01-19T01:00:29","date_gmt":"2012-01-19T00:00:29","guid":{"rendered":"http:\/\/somos.vicencianos.org\/?p=61406"},"modified":"2016-07-26T11:06:01","modified_gmt":"2016-07-26T09:06:01","slug":"luisa-de-marillac-carta-0474-al-senor-vicente","status":"publish","type":"post","link":"http:\/\/vincentians.com\/es\/luisa-de-marillac-carta-0474-al-senor-vicente\/","title":{"rendered":"Luisa de Marillac, Carta 0474: Al se\u00f1or Vicente"},"content":{"rendered":"<p>Hoy, lunes noviembre 1654<span id='easy-footnote-1-61406' class='easy-footnote-margin-adjust'><\/span><span class='easy-footnote'><a href='http:\/\/vincentians.com\/es\/luisa-de-marillac-carta-0474-al-senor-vicente\/#easy-footnote-bottom-1-61406' title='C. 474 Rc 2 lt 418. Carta aut\u00f3grafa. Dorso: noviembre 1654 (H. Duc.).'><sup>1<\/sup><\/a><\/span>\n<p>Mi muy Honorable Padre:<\/p>\n<p>La buena Sor Mar\u00eda<span id='easy-footnote-2-61406' class='easy-footnote-margin-adjust'><\/span><span class='easy-footnote'><a href='http:\/\/vincentians.com\/es\/luisa-de-marillac-carta-0474-al-senor-vicente\/#easy-footnote-bottom-2-61406' title='Mar\u00eda Joly estaba en Sedan desde 1641. Llamada a Par\u00eds se hab\u00eda negado a salir de all\u00e1, jact\u00e1ndose de que obedecer\u00eda si el se\u00f1or Vicente le escrib\u00eda. Este le mand\u00f3 efectivamente una carta, que le hizo entregar por Juan Mart\u00edn, el Superior de 105 Sacerdotes de la Misi\u00f3n de Sedan (SVP, V, 207; S\u00edg. V, 188).'><sup>2<\/sup><\/a><\/span> de Sedan nos dej\u00f3 ayer por la tarde sin decirnos adi\u00f3s; se ha llevado su paquete; temo que su intenci\u00f3n sea marchar para Sedan ma\u00f1ana y quiz\u00e1 fuera f\u00e1cil encontrarla en la salida de la diligencia, si a su caridad le pareciera bien que se mandara a alguien. Temo, sin embargo, que aun cuando fueran las Hermanas, no tengan bastante fuerza moral para detenerla. Al menos, mi muy Honorable Padre, pienso ser\u00eda necesario escribir cuanto antes a Sedan para avisarles lo que tienen que hacer si se presenta en su antigua casa,<span id='easy-footnote-3-61406' class='easy-footnote-margin-adjust'><\/span><span class='easy-footnote'><a href='http:\/\/vincentians.com\/es\/luisa-de-marillac-carta-0474-al-senor-vicente\/#easy-footnote-bottom-3-61406' title='Mar\u00eda Joly no regres\u00f3 a Sedan. Arrepentida de lo que hab\u00eda hecho, se present\u00f3 al d\u00eda siguiente en la Casa Madre (SVP, V, 223; S\u00edg. V, 202).'><sup>3<\/sup><\/a><\/span> ya que no puedo impedirme de pensar que quiera ir a sacar provecho, vendiendo cuanto pueda para hacerse con una bonita cantidad.<\/p>\n<p>Aqu\u00ed va una carta para Sor Juana Cristina,<span id='easy-footnote-4-61406' class='easy-footnote-margin-adjust'><\/span><span class='easy-footnote'><a href='http:\/\/vincentians.com\/es\/luisa-de-marillac-carta-0474-al-senor-vicente\/#easy-footnote-bottom-4-61406' title='Juana Cristina Pr\u00e9vost (ver C. 140 n. 2), iba destinada a Sedan.'><sup>4<\/sup><\/a><\/span> con el fin de que pueda marchar tan pronto como su caridad se lo ordene. Ser\u00eda muy enojoso que la Sor Mar\u00eda regresara all\u00e1 antes de que ella llegara.<\/p>\n<p>El se\u00f1or M\u00e9nard me ha dicho que si su caridad le env\u00eda una carroza ma\u00f1ana, a la una m\u00e1s o menos, ir\u00e1 gustosamente a donde usted le indique. Me parece que podr\u00e1 darse mejor cuenta del estado del enfermo si lo ve acostado que en pie, y esto podr\u00eda hacerlo en Bons Enfants, con tal de que la carroza y lo largo del trayecto no le perjudiquen.<span id='easy-footnote-5-61406' class='easy-footnote-margin-adjust'><\/span><span class='easy-footnote'><a href='http:\/\/vincentians.com\/es\/luisa-de-marillac-carta-0474-al-senor-vicente\/#easy-footnote-bottom-5-61406' title='Presume el P. Casta\u00f1ares en nota a esta carta que el enfermo fuera Miguel Le Gras.'><sup>5<\/sup><\/a><\/span>\n<p>Si hubiera previsto lo que ha ocurrido con Sor Mar\u00eda, hubiera podido impedirlo haci\u00e9ndola entrar de retiro. Siempre soy yo la causa de alg\u00fan mal. Era esta mi resoluci\u00f3n para ma\u00f1ana; tengo mucha necesidad de que su caridad piense en aplicarme alg\u00fan poderoso remedio para sacarme de mi endurecimiento y ayudarme a ser efectivamente, mi muy Honorable Padre, su muy humilde.<\/p>\n","protected":false},"excerpt":{"rendered":"<p>Hoy, lunes noviembre 1654 Mi muy Honorable Padre: La buena Sor Mar\u00eda de Sedan nos dej\u00f3 ayer por la tarde sin decirnos adi\u00f3s; se ha llevado su paquete; temo que su intenci\u00f3n sea marchar para &#8230; <a href=\"http:\/\/vincentians.com\/es\/luisa-de-marillac-carta-0474-al-senor-vicente\/\" class=\"more-link\">Read More<\/a><\/p>\n","protected":false},"author":4,"featured_media":393751,"comment_status":"open","ping_status":"open","sticky":false,"template":"","format":"standard","meta":{"jetpack_post_was_ever_published":false,"_jetpack_newsletter_access":"","_jetpack_dont_email_post_to_subs":false,"_jetpack_newsletter_tier_id":0,"_jetpack_memberships_contains_paywalled_content":false,"_jetpack_memberships_contains_paid_content":false,"footnotes":"","jetpack_publicize_message":"","jetpack_publicize_feature_enabled":true,"jetpack_social_post_already_shared":true,"jetpack_social_options":{"image_generator_settings":{"template":"highway","default_image_id":0,"font":"","enabled":false},"version":2}},"categories":[67],"tags":[163],"class_list":["post-61406","post","type-post","status-publish","format-standard","has-post-thumbnail","hentry","category-escritos-de-luisa-de-marillac","tag-bons-enfants"],"yoast_head":"<!-- This site is optimized with the Yoast SEO plugin v26.3 - https:\/\/yoast.com\/wordpress\/plugins\/seo\/ -->\n<title>Luisa de Marillac, Carta 0474: Al se\u00f1or Vicente - Somos Vicencianos<\/title>\n<meta name=\"robots\" content=\"index, follow, max-snippet:-1, max-image-preview:large, max-video-preview:-1\" \/>\n<link rel=\"canonical\" href=\"http:\/\/vincentians.com\/es\/luisa-de-marillac-carta-0474-al-senor-vicente\/\" \/>\n<meta property=\"og:locale\" content=\"es_ES\" \/>\n<meta property=\"og:type\" content=\"article\" \/>\n<meta property=\"og:title\" content=\"Luisa de Marillac, Carta 0474: Al se\u00f1or Vicente - Somos Vicencianos\" \/>\n<meta property=\"og:description\" content=\"Hoy, lunes noviembre 1654 Mi muy Honorable Padre: La buena Sor Mar\u00eda de Sedan nos dej\u00f3 ayer por la tarde sin decirnos adi\u00f3s; se ha llevado su paquete; temo que su intenci\u00f3n sea marchar para ... Read More\" \/>\n<meta property=\"og:url\" content=\"http:\/\/vincentians.com\/es\/luisa-de-marillac-carta-0474-al-senor-vicente\/\" \/>\n<meta property=\"og:site_name\" content=\"Somos Vicencianos\" \/>\n<meta property=\"article:publisher\" content=\"https:\/\/www.facebook.com\/WeAreVincentians\/\" \/>\n<meta property=\"article:author\" content=\"https:\/\/www.facebook.com\/JavierChento\" \/>\n<meta property=\"article:published_time\" content=\"2012-01-19T00:00:29+00:00\" \/>\n<meta property=\"article:modified_time\" content=\"2016-07-26T09:06:01+00:00\" \/>\n<meta property=\"og:image\" content=\"https:\/\/i0.wp.com\/vincentians.com\/es\/wp-content\/uploads\/sites\/11\/2016\/07\/escritos-luisa-de-marillac.jpg?fit=1200%2C630\" \/>\n\t<meta property=\"og:image:width\" content=\"1200\" \/>\n\t<meta property=\"og:image:height\" content=\"630\" \/>\n\t<meta property=\"og:image:type\" content=\"image\/jpeg\" \/>\n<meta name=\"author\" content=\"Francisco Javier Fern\u00e1ndez Chento\" \/>\n<meta name=\"twitter:card\" content=\"summary_large_image\" \/>\n<meta name=\"twitter:creator\" content=\"@https:\/\/twitter.com\/javierchento\" \/>\n<meta name=\"twitter:site\" content=\"@WeVincentians\" \/>\n<meta name=\"twitter:label1\" content=\"Escrito por\" \/>\n\t<meta name=\"twitter:data1\" content=\"Francisco Javier Fern\u00e1ndez Chento\" \/>\n\t<meta name=\"twitter:label2\" content=\"Tiempo de lectura\" \/>\n\t<meta name=\"twitter:data2\" content=\"2 minutos\" \/>\n<script type=\"application\/ld+json\" class=\"yoast-schema-graph\">{\"@context\":\"https:\/\/schema.org\",\"@graph\":[{\"@type\":\"Article\",\"@id\":\"http:\/\/vincentians.com\/es\/luisa-de-marillac-carta-0474-al-senor-vicente\/#article\",\"isPartOf\":{\"@id\":\"http:\/\/vincentians.com\/es\/luisa-de-marillac-carta-0474-al-senor-vicente\/\"},\"author\":{\"name\":\"Francisco Javier Fern\u00e1ndez Chento\",\"@id\":\"http:\/\/vincentians.com\/es\/#\/schema\/person\/9623ef4d9aa3b2dfb8c061f1499288f2\"},\"headline\":\"Luisa de Marillac, Carta 0474: Al se\u00f1or Vicente\",\"datePublished\":\"2012-01-19T00:00:29+00:00\",\"dateModified\":\"2016-07-26T09:06:01+00:00\",\"mainEntityOfPage\":{\"@id\":\"http:\/\/vincentians.com\/es\/luisa-de-marillac-carta-0474-al-senor-vicente\/\"},\"wordCount\":457,\"commentCount\":0,\"publisher\":{\"@id\":\"http:\/\/vincentians.com\/es\/#organization\"},\"image\":{\"@id\":\"http:\/\/vincentians.com\/es\/luisa-de-marillac-carta-0474-al-senor-vicente\/#primaryimage\"},\"thumbnailUrl\":\"https:\/\/i0.wp.com\/vincentians.com\/es\/wp-content\/uploads\/sites\/11\/2016\/07\/escritos-luisa-de-marillac.jpg?fit=1200%2C630\",\"keywords\":[\"Bons Enfants\"],\"articleSection\":[\"Escritos de Luisa de Marillac\"],\"inLanguage\":\"es\",\"potentialAction\":[{\"@type\":\"CommentAction\",\"name\":\"Comment\",\"target\":[\"http:\/\/vincentians.com\/es\/luisa-de-marillac-carta-0474-al-senor-vicente\/#respond\"]}]},{\"@type\":\"WebPage\",\"@id\":\"http:\/\/vincentians.com\/es\/luisa-de-marillac-carta-0474-al-senor-vicente\/\",\"url\":\"http:\/\/vincentians.com\/es\/luisa-de-marillac-carta-0474-al-senor-vicente\/\",\"name\":\"Luisa de Marillac, Carta 0474: Al se\u00f1or Vicente - Somos Vicencianos\",\"isPartOf\":{\"@id\":\"http:\/\/vincentians.com\/es\/#website\"},\"primaryImageOfPage\":{\"@id\":\"http:\/\/vincentians.com\/es\/luisa-de-marillac-carta-0474-al-senor-vicente\/#primaryimage\"},\"image\":{\"@id\":\"http:\/\/vincentians.com\/es\/luisa-de-marillac-carta-0474-al-senor-vicente\/#primaryimage\"},\"thumbnailUrl\":\"https:\/\/i0.wp.com\/vincentians.com\/es\/wp-content\/uploads\/sites\/11\/2016\/07\/escritos-luisa-de-marillac.jpg?fit=1200%2C630\",\"datePublished\":\"2012-01-19T00:00:29+00:00\",\"dateModified\":\"2016-07-26T09:06:01+00:00\",\"breadcrumb\":{\"@id\":\"http:\/\/vincentians.com\/es\/luisa-de-marillac-carta-0474-al-senor-vicente\/#breadcrumb\"},\"inLanguage\":\"es\",\"potentialAction\":[{\"@type\":\"ReadAction\",\"target\":[\"http:\/\/vincentians.com\/es\/luisa-de-marillac-carta-0474-al-senor-vicente\/\"]}]},{\"@type\":\"ImageObject\",\"inLanguage\":\"es\",\"@id\":\"http:\/\/vincentians.com\/es\/luisa-de-marillac-carta-0474-al-senor-vicente\/#primaryimage\",\"url\":\"https:\/\/i0.wp.com\/vincentians.com\/es\/wp-content\/uploads\/sites\/11\/2016\/07\/escritos-luisa-de-marillac.jpg?fit=1200%2C630\",\"contentUrl\":\"https:\/\/i0.wp.com\/vincentians.com\/es\/wp-content\/uploads\/sites\/11\/2016\/07\/escritos-luisa-de-marillac.jpg?fit=1200%2C630\",\"width\":1200,\"height\":630},{\"@type\":\"BreadcrumbList\",\"@id\":\"http:\/\/vincentians.com\/es\/luisa-de-marillac-carta-0474-al-senor-vicente\/#breadcrumb\",\"itemListElement\":[{\"@type\":\"ListItem\",\"position\":1,\"name\":\"Portada\",\"item\":\"http:\/\/vincentians.com\/es\/\"},{\"@type\":\"ListItem\",\"position\":2,\"name\":\"Luisa de Marillac, Carta 0474: Al se\u00f1or Vicente\"}]},{\"@type\":\"WebSite\",\"@id\":\"http:\/\/vincentians.com\/es\/#website\",\"url\":\"http:\/\/vincentians.com\/es\/\",\"name\":\"Somos Vicencianos\",\"description\":\"Know more to serve more\",\"publisher\":{\"@id\":\"http:\/\/vincentians.com\/es\/#organization\"},\"potentialAction\":[{\"@type\":\"SearchAction\",\"target\":{\"@type\":\"EntryPoint\",\"urlTemplate\":\"http:\/\/vincentians.com\/es\/?s={search_term_string}\"},\"query-input\":{\"@type\":\"PropertyValueSpecification\",\"valueRequired\":true,\"valueName\":\"search_term_string\"}}],\"inLanguage\":\"es\"},{\"@type\":\"Organization\",\"@id\":\"http:\/\/vincentians.com\/es\/#organization\",\"name\":\"The Vincentian Network\",\"url\":\"http:\/\/vincentians.com\/es\/\",\"logo\":{\"@type\":\"ImageObject\",\"inLanguage\":\"es\",\"@id\":\"http:\/\/vincentians.com\/es\/#\/schema\/logo\/image\/\",\"url\":\"https:\/\/i1.wp.com\/vincentians.com\/es\/wp-content\/uploads\/sites\/11\/2016\/06\/Vincentian-Network-logo-big.png?fit=778%2C778\",\"contentUrl\":\"https:\/\/i1.wp.com\/vincentians.com\/es\/wp-content\/uploads\/sites\/11\/2016\/06\/Vincentian-Network-logo-big.png?fit=778%2C778\",\"width\":778,\"height\":778,\"caption\":\"The Vincentian Network\"},\"image\":{\"@id\":\"http:\/\/vincentians.com\/es\/#\/schema\/logo\/image\/\"},\"sameAs\":[\"https:\/\/www.facebook.com\/WeAreVincentians\/\",\"https:\/\/x.com\/WeVincentians\"]},{\"@type\":\"Person\",\"@id\":\"http:\/\/vincentians.com\/es\/#\/schema\/person\/9623ef4d9aa3b2dfb8c061f1499288f2\",\"name\":\"Francisco Javier Fern\u00e1ndez Chento\",\"image\":{\"@type\":\"ImageObject\",\"inLanguage\":\"es\",\"@id\":\"http:\/\/vincentians.com\/es\/#\/schema\/person\/image\/\",\"url\":\"https:\/\/secure.gravatar.com\/avatar\/497d5cde87b4c3d097d0315953521681ba2cd523ee66e5077c3711f7021e65de?s=96&d=mm&r=g\",\"contentUrl\":\"https:\/\/secure.gravatar.com\/avatar\/497d5cde87b4c3d097d0315953521681ba2cd523ee66e5077c3711f7021e65de?s=96&d=mm&r=g\",\"caption\":\"Francisco Javier Fern\u00e1ndez Chento\"},\"description\":\"Director General y cofundador de La Red de Formaci\u00f3n Vicenciana. Javier es laico vicenciano, afiliado a la Congregaci\u00f3n de la Misi\u00f3n y miembro del Equipo de Misiones Populares de la provincia can\u00f3nica de Zaragoza (Espa\u00f1a) de la Congregaci\u00f3n de la Misi\u00f3n. Graduado en la Universidad Oberta de Catalunya con cuatro grados (Asistente de direcci\u00f3n, Gesti\u00f3n Administrativa, Recursos Humanos y Contabilidad Avanzada). Bil\u00edng\u00fce Espa\u00f1ol\/Ingl\u00e9s. gestiona y mantiene varias p\u00e1ginas web cristianas y vicencianas, incluida including La Red de Formaci\u00f3n Vicenciana, de la que es cofundador. Actualmente es responsable del \u00e1rea de Espa\u00f1ol de .famvin, la Red de Noticias de la Familia Vicenciana. Tambi\u00e9n es m\u00fasico cat\u00f3lico y ha editado varios discos. Es Director General y cofundador de Trovador, una reconocida compa\u00f1\u00eda discogr\u00e1fica critiana de Espa\u00f1a. Trabaja en las Tecnolog\u00edas de la Informaci\u00f3n, ofreciendo servicios de alojamiento, dise\u00f1o y mantenimiento Web, as\u00ed como asesoramiento, formaci\u00f3n y soluciones inform\u00e1ticas, gesti\u00f3n documental y digitalizaci\u00f3n de textos, edici\u00f3n y maquetaci\u00f3n de libros, revistas, flyers, etc.\",\"sameAs\":[\"http:\/\/chento.org\",\"https:\/\/www.facebook.com\/JavierChento\",\"https:\/\/x.com\/https:\/\/twitter.com\/javierchento\"],\"url\":\"http:\/\/vincentians.com\/es\/author\/chento\/\"}]}<\/script>\n<!-- \/ Yoast SEO plugin. -->","yoast_head_json":{"title":"Luisa de Marillac, Carta 0474: Al se\u00f1or Vicente - Somos Vicencianos","robots":{"index":"index","follow":"follow","max-snippet":"max-snippet:-1","max-image-preview":"max-image-preview:large","max-video-preview":"max-video-preview:-1"},"canonical":"http:\/\/vincentians.com\/es\/luisa-de-marillac-carta-0474-al-senor-vicente\/","og_locale":"es_ES","og_type":"article","og_title":"Luisa de Marillac, Carta 0474: Al se\u00f1or Vicente - Somos Vicencianos","og_description":"Hoy, lunes noviembre 1654 Mi muy Honorable Padre: La buena Sor Mar\u00eda de Sedan nos dej\u00f3 ayer por la tarde sin decirnos adi\u00f3s; se ha llevado su paquete; temo que su intenci\u00f3n sea marchar para ... Read More","og_url":"http:\/\/vincentians.com\/es\/luisa-de-marillac-carta-0474-al-senor-vicente\/","og_site_name":"Somos Vicencianos","article_publisher":"https:\/\/www.facebook.com\/WeAreVincentians\/","article_author":"https:\/\/www.facebook.com\/JavierChento","article_published_time":"2012-01-19T00:00:29+00:00","article_modified_time":"2016-07-26T09:06:01+00:00","og_image":[{"width":1200,"height":630,"url":"https:\/\/i0.wp.com\/vincentians.com\/es\/wp-content\/uploads\/sites\/11\/2016\/07\/escritos-luisa-de-marillac.jpg?fit=1200%2C630","type":"image\/jpeg"}],"author":"Francisco Javier Fern\u00e1ndez Chento","twitter_card":"summary_large_image","twitter_creator":"@https:\/\/twitter.com\/javierchento","twitter_site":"@WeVincentians","twitter_misc":{"Escrito por":"Francisco Javier Fern\u00e1ndez Chento","Tiempo de lectura":"2 minutos"},"schema":{"@context":"https:\/\/schema.org","@graph":[{"@type":"Article","@id":"http:\/\/vincentians.com\/es\/luisa-de-marillac-carta-0474-al-senor-vicente\/#article","isPartOf":{"@id":"http:\/\/vincentians.com\/es\/luisa-de-marillac-carta-0474-al-senor-vicente\/"},"author":{"name":"Francisco Javier Fern\u00e1ndez Chento","@id":"http:\/\/vincentians.com\/es\/#\/schema\/person\/9623ef4d9aa3b2dfb8c061f1499288f2"},"headline":"Luisa de Marillac, Carta 0474: Al se\u00f1or Vicente","datePublished":"2012-01-19T00:00:29+00:00","dateModified":"2016-07-26T09:06:01+00:00","mainEntityOfPage":{"@id":"http:\/\/vincentians.com\/es\/luisa-de-marillac-carta-0474-al-senor-vicente\/"},"wordCount":457,"commentCount":0,"publisher":{"@id":"http:\/\/vincentians.com\/es\/#organization"},"image":{"@id":"http:\/\/vincentians.com\/es\/luisa-de-marillac-carta-0474-al-senor-vicente\/#primaryimage"},"thumbnailUrl":"https:\/\/i0.wp.com\/vincentians.com\/es\/wp-content\/uploads\/sites\/11\/2016\/07\/escritos-luisa-de-marillac.jpg?fit=1200%2C630","keywords":["Bons Enfants"],"articleSection":["Escritos de Luisa de Marillac"],"inLanguage":"es","potentialAction":[{"@type":"CommentAction","name":"Comment","target":["http:\/\/vincentians.com\/es\/luisa-de-marillac-carta-0474-al-senor-vicente\/#respond"]}]},{"@type":"WebPage","@id":"http:\/\/vincentians.com\/es\/luisa-de-marillac-carta-0474-al-senor-vicente\/","url":"http:\/\/vincentians.com\/es\/luisa-de-marillac-carta-0474-al-senor-vicente\/","name":"Luisa de Marillac, Carta 0474: Al se\u00f1or Vicente - Somos Vicencianos","isPartOf":{"@id":"http:\/\/vincentians.com\/es\/#website"},"primaryImageOfPage":{"@id":"http:\/\/vincentians.com\/es\/luisa-de-marillac-carta-0474-al-senor-vicente\/#primaryimage"},"image":{"@id":"http:\/\/vincentians.com\/es\/luisa-de-marillac-carta-0474-al-senor-vicente\/#primaryimage"},"thumbnailUrl":"https:\/\/i0.wp.com\/vincentians.com\/es\/wp-content\/uploads\/sites\/11\/2016\/07\/escritos-luisa-de-marillac.jpg?fit=1200%2C630","datePublished":"2012-01-19T00:00:29+00:00","dateModified":"2016-07-26T09:06:01+00:00","breadcrumb":{"@id":"http:\/\/vincentians.com\/es\/luisa-de-marillac-carta-0474-al-senor-vicente\/#breadcrumb"},"inLanguage":"es","potentialAction":[{"@type":"ReadAction","target":["http:\/\/vincentians.com\/es\/luisa-de-marillac-carta-0474-al-senor-vicente\/"]}]},{"@type":"ImageObject","inLanguage":"es","@id":"http:\/\/vincentians.com\/es\/luisa-de-marillac-carta-0474-al-senor-vicente\/#primaryimage","url":"https:\/\/i0.wp.com\/vincentians.com\/es\/wp-content\/uploads\/sites\/11\/2016\/07\/escritos-luisa-de-marillac.jpg?fit=1200%2C630","contentUrl":"https:\/\/i0.wp.com\/vincentians.com\/es\/wp-content\/uploads\/sites\/11\/2016\/07\/escritos-luisa-de-marillac.jpg?fit=1200%2C630","width":1200,"height":630},{"@type":"BreadcrumbList","@id":"http:\/\/vincentians.com\/es\/luisa-de-marillac-carta-0474-al-senor-vicente\/#breadcrumb","itemListElement":[{"@type":"ListItem","position":1,"name":"Portada","item":"http:\/\/vincentians.com\/es\/"},{"@type":"ListItem","position":2,"name":"Luisa de Marillac, Carta 0474: Al se\u00f1or Vicente"}]},{"@type":"WebSite","@id":"http:\/\/vincentians.com\/es\/#website","url":"http:\/\/vincentians.com\/es\/","name":"Somos Vicencianos","description":"Know more to serve more","publisher":{"@id":"http:\/\/vincentians.com\/es\/#organization"},"potentialAction":[{"@type":"SearchAction","target":{"@type":"EntryPoint","urlTemplate":"http:\/\/vincentians.com\/es\/?s={search_term_string}"},"query-input":{"@type":"PropertyValueSpecification","valueRequired":true,"valueName":"search_term_string"}}],"inLanguage":"es"},{"@type":"Organization","@id":"http:\/\/vincentians.com\/es\/#organization","name":"The Vincentian Network","url":"http:\/\/vincentians.com\/es\/","logo":{"@type":"ImageObject","inLanguage":"es","@id":"http:\/\/vincentians.com\/es\/#\/schema\/logo\/image\/","url":"https:\/\/i1.wp.com\/vincentians.com\/es\/wp-content\/uploads\/sites\/11\/2016\/06\/Vincentian-Network-logo-big.png?fit=778%2C778","contentUrl":"https:\/\/i1.wp.com\/vincentians.com\/es\/wp-content\/uploads\/sites\/11\/2016\/06\/Vincentian-Network-logo-big.png?fit=778%2C778","width":778,"height":778,"caption":"The Vincentian Network"},"image":{"@id":"http:\/\/vincentians.com\/es\/#\/schema\/logo\/image\/"},"sameAs":["https:\/\/www.facebook.com\/WeAreVincentians\/","https:\/\/x.com\/WeVincentians"]},{"@type":"Person","@id":"http:\/\/vincentians.com\/es\/#\/schema\/person\/9623ef4d9aa3b2dfb8c061f1499288f2","name":"Francisco Javier Fern\u00e1ndez Chento","image":{"@type":"ImageObject","inLanguage":"es","@id":"http:\/\/vincentians.com\/es\/#\/schema\/person\/image\/","url":"https:\/\/secure.gravatar.com\/avatar\/497d5cde87b4c3d097d0315953521681ba2cd523ee66e5077c3711f7021e65de?s=96&d=mm&r=g","contentUrl":"https:\/\/secure.gravatar.com\/avatar\/497d5cde87b4c3d097d0315953521681ba2cd523ee66e5077c3711f7021e65de?s=96&d=mm&r=g","caption":"Francisco Javier Fern\u00e1ndez Chento"},"description":"Director General y cofundador de La Red de Formaci\u00f3n Vicenciana. Javier es laico vicenciano, afiliado a la Congregaci\u00f3n de la Misi\u00f3n y miembro del Equipo de Misiones Populares de la provincia can\u00f3nica de Zaragoza (Espa\u00f1a) de la Congregaci\u00f3n de la Misi\u00f3n. Graduado en la Universidad Oberta de Catalunya con cuatro grados (Asistente de direcci\u00f3n, Gesti\u00f3n Administrativa, Recursos Humanos y Contabilidad Avanzada). Bil\u00edng\u00fce Espa\u00f1ol\/Ingl\u00e9s. gestiona y mantiene varias p\u00e1ginas web cristianas y vicencianas, incluida including La Red de Formaci\u00f3n Vicenciana, de la que es cofundador. Actualmente es responsable del \u00e1rea de Espa\u00f1ol de .famvin, la Red de Noticias de la Familia Vicenciana. Tambi\u00e9n es m\u00fasico cat\u00f3lico y ha editado varios discos. Es Director General y cofundador de Trovador, una reconocida compa\u00f1\u00eda discogr\u00e1fica critiana de Espa\u00f1a. Trabaja en las Tecnolog\u00edas de la Informaci\u00f3n, ofreciendo servicios de alojamiento, dise\u00f1o y mantenimiento Web, as\u00ed como asesoramiento, formaci\u00f3n y soluciones inform\u00e1ticas, gesti\u00f3n documental y digitalizaci\u00f3n de textos, edici\u00f3n y maquetaci\u00f3n de libros, revistas, flyers, etc.","sameAs":["http:\/\/chento.org","https:\/\/www.facebook.com\/JavierChento","https:\/\/x.com\/https:\/\/twitter.com\/javierchento"],"url":"http:\/\/vincentians.com\/es\/author\/chento\/"}]}},"jetpack_publicize_connections":[],"jetpack_featured_media_url":"https:\/\/i0.wp.com\/vincentians.com\/es\/wp-content\/uploads\/sites\/11\/2016\/07\/escritos-luisa-de-marillac.jpg?fit=1200%2C630","jetpack_sharing_enabled":true,"jetpack_shortlink":"https:\/\/wp.me\/p7ETMF-fYq","jetpack-related-posts":[{"id":100680,"url":"http:\/\/vincentians.com\/es\/luisa-de-marillac-carta-0611-a-mi-querida-sor-lorenza-dubois\/","url_meta":{"origin":61406,"position":0},"title":"Luisa de Marillac, Carta 0611: A mi querida Sor Lorenza Dubois","author":"Francisco Javier Fern\u00e1ndez Chento","date":"18\/08\/2012","format":false,"excerpt":"Hija de la Caridad Sierva de los Pobres Enfermos Bernay Hoy, 16 de noviembre de 1657 : No s\u00e9 si recibe usted nuestras cartas; le hemos escrito despu\u00e9s de haber marchado ah\u00ed Sor Ana y no hemos sabido nada de ustedes, lo que me tiene preocupada; le ruego me d\u00e9\u2026","rel":"","context":"En \u00abEscritos de Luisa de Marillac\u00bb","block_context":{"text":"Escritos de Luisa de Marillac","link":"http:\/\/vincentians.com\/es\/category\/escritos\/escritos-de-luisa-de-marillac\/"},"img":{"alt_text":"","src":"https:\/\/i0.wp.com\/vincentians.com\/es\/wp-content\/uploads\/sites\/11\/2016\/07\/escritos-luisa-de-marillac.jpg?fit=1200%2C630&resize=350%2C200","width":350,"height":200,"srcset":"https:\/\/i0.wp.com\/vincentians.com\/es\/wp-content\/uploads\/sites\/11\/2016\/07\/escritos-luisa-de-marillac.jpg?fit=1200%2C630&resize=350%2C200 1x, https:\/\/i0.wp.com\/vincentians.com\/es\/wp-content\/uploads\/sites\/11\/2016\/07\/escritos-luisa-de-marillac.jpg?fit=1200%2C630&resize=525%2C300 1.5x, https:\/\/i0.wp.com\/vincentians.com\/es\/wp-content\/uploads\/sites\/11\/2016\/07\/escritos-luisa-de-marillac.jpg?fit=1200%2C630&resize=700%2C400 2x, https:\/\/i0.wp.com\/vincentians.com\/es\/wp-content\/uploads\/sites\/11\/2016\/07\/escritos-luisa-de-marillac.jpg?fit=1200%2C630&resize=1050%2C600 3x"},"classes":[]},{"id":61408,"url":"http:\/\/vincentians.com\/es\/luisa-de-marillac-carta-0476-al-senor-vicente\/","url_meta":{"origin":61406,"position":1},"title":"Luisa de Marillac, Carta 0476: Al se\u00f1or Vicente","author":"Francisco Javier Fern\u00e1ndez Chento","date":"21\/01\/2012","format":false,"excerpt":"Hoy, viernes [diciembre de 1654] Mi muy Honorable Padre: Me parece que su caridad no me ha dado contestaci\u00f3n a si, al enviar el libro y la carta a Sor Juana Lepintre, debo hacerle alguna advertencia de c\u00f3mo hay que obrar cuando se escribe a sus amistades; esto me ha\u2026","rel":"","context":"En \u00abEscritos de Luisa de Marillac\u00bb","block_context":{"text":"Escritos de Luisa de Marillac","link":"http:\/\/vincentians.com\/es\/category\/escritos\/escritos-de-luisa-de-marillac\/"},"img":{"alt_text":"","src":"https:\/\/i0.wp.com\/vincentians.com\/es\/wp-content\/uploads\/sites\/11\/2016\/07\/escritos-luisa-de-marillac.jpg?fit=1200%2C630&resize=350%2C200","width":350,"height":200,"srcset":"https:\/\/i0.wp.com\/vincentians.com\/es\/wp-content\/uploads\/sites\/11\/2016\/07\/escritos-luisa-de-marillac.jpg?fit=1200%2C630&resize=350%2C200 1x, https:\/\/i0.wp.com\/vincentians.com\/es\/wp-content\/uploads\/sites\/11\/2016\/07\/escritos-luisa-de-marillac.jpg?fit=1200%2C630&resize=525%2C300 1.5x, https:\/\/i0.wp.com\/vincentians.com\/es\/wp-content\/uploads\/sites\/11\/2016\/07\/escritos-luisa-de-marillac.jpg?fit=1200%2C630&resize=700%2C400 2x, https:\/\/i0.wp.com\/vincentians.com\/es\/wp-content\/uploads\/sites\/11\/2016\/07\/escritos-luisa-de-marillac.jpg?fit=1200%2C630&resize=1050%2C600 3x"},"classes":[]},{"id":120085,"url":"http:\/\/vincentians.com\/es\/luisa-de-marillac-carta-0691-al-senor-vicente\/","url_meta":{"origin":61406,"position":2},"title":"Luisa de Marillac, Carta 0691: Al se\u00f1or Vicente","author":"Francisco Javier Fern\u00e1ndez Chento","date":"18\/04\/2013","format":false,"excerpt":"Hoy, mi\u00e9rcoles [septiembre 1659] Mi muy Honorable Padre: Creo es necesario mandar a buscar a\u00a0 Sor Mar\u00eda Marta hoy mismo. Una de nuestras Hermanas me ha hecho recordar que\u00a0las Hermanas nombradas, excepto\u00a0Sor Carcireux, no desempe\u00f1an mucho trabajo. Es cierto que las otras dos son de un temperamento calmoso por dem\u00e1s,\u2026","rel":"","context":"En \u00abEscritos de Luisa de Marillac\u00bb","block_context":{"text":"Escritos de Luisa de Marillac","link":"http:\/\/vincentians.com\/es\/category\/escritos\/escritos-de-luisa-de-marillac\/"},"img":{"alt_text":"","src":"https:\/\/i0.wp.com\/vincentians.com\/es\/wp-content\/uploads\/sites\/11\/2016\/07\/escritos-luisa-de-marillac.jpg?fit=1200%2C630&resize=350%2C200","width":350,"height":200,"srcset":"https:\/\/i0.wp.com\/vincentians.com\/es\/wp-content\/uploads\/sites\/11\/2016\/07\/escritos-luisa-de-marillac.jpg?fit=1200%2C630&resize=350%2C200 1x, https:\/\/i0.wp.com\/vincentians.com\/es\/wp-content\/uploads\/sites\/11\/2016\/07\/escritos-luisa-de-marillac.jpg?fit=1200%2C630&resize=525%2C300 1.5x, https:\/\/i0.wp.com\/vincentians.com\/es\/wp-content\/uploads\/sites\/11\/2016\/07\/escritos-luisa-de-marillac.jpg?fit=1200%2C630&resize=700%2C400 2x, https:\/\/i0.wp.com\/vincentians.com\/es\/wp-content\/uploads\/sites\/11\/2016\/07\/escritos-luisa-de-marillac.jpg?fit=1200%2C630&resize=1050%2C600 3x"},"classes":[]},{"id":119449,"url":"http:\/\/vincentians.com\/es\/luisa-de-marillac-carta-0689-al-senor-vicente\/","url_meta":{"origin":61406,"position":3},"title":"Luisa de Marillac, Carta 0689: Al se\u00f1or Vicente","author":"Francisco Javier Fern\u00e1ndez Chento","date":"14\/04\/2013","format":false,"excerpt":"Hoy, 24 de agosto [1659] Nuestras dos Hermanas, mi muy Honorable Padre, que le han pedido permiso a su caridad para hacer los votos, est\u00e1n en el quinto a\u00f1o de su entrado en la Compa\u00f1\u00eda. Una se llama Petronila y no ignora el aprecio que debe hacer de tal acto\u2026","rel":"","context":"En \u00abEscritos de Luisa de Marillac\u00bb","block_context":{"text":"Escritos de Luisa de Marillac","link":"http:\/\/vincentians.com\/es\/category\/escritos\/escritos-de-luisa-de-marillac\/"},"img":{"alt_text":"","src":"https:\/\/i0.wp.com\/vincentians.com\/es\/wp-content\/uploads\/sites\/11\/2016\/07\/escritos-luisa-de-marillac.jpg?fit=1200%2C630&resize=350%2C200","width":350,"height":200,"srcset":"https:\/\/i0.wp.com\/vincentians.com\/es\/wp-content\/uploads\/sites\/11\/2016\/07\/escritos-luisa-de-marillac.jpg?fit=1200%2C630&resize=350%2C200 1x, https:\/\/i0.wp.com\/vincentians.com\/es\/wp-content\/uploads\/sites\/11\/2016\/07\/escritos-luisa-de-marillac.jpg?fit=1200%2C630&resize=525%2C300 1.5x, https:\/\/i0.wp.com\/vincentians.com\/es\/wp-content\/uploads\/sites\/11\/2016\/07\/escritos-luisa-de-marillac.jpg?fit=1200%2C630&resize=700%2C400 2x, https:\/\/i0.wp.com\/vincentians.com\/es\/wp-content\/uploads\/sites\/11\/2016\/07\/escritos-luisa-de-marillac.jpg?fit=1200%2C630&resize=1050%2C600 3x"},"classes":[]},{"id":129805,"url":"http:\/\/vincentians.com\/es\/madurez-de-la-compania\/","url_meta":{"origin":61406,"position":4},"title":"Madurez de la Compa\u00f1\u00eda","author":"Francisco Javier Fern\u00e1ndez Chento","date":"14\/03\/2014","format":false,"excerpt":"Nuevas fundaciones 1654 comienza en la vida de Luisa de Marillac con un grito suave: Necesitamos Her\u00admanas. Se las piden de todas partes y no las tiene. A ra\u00edz de la Fronda, entraban pocas j\u00f3\u00advenes. M\u00e1s triste y doloroso era darse cuenta de que \"despu\u00e9s de haber sido formadas ade\u00adcuadamente\u2026","rel":"","context":"En \u00abFormaci\u00f3n Vicenciana\u00bb","block_context":{"text":"Formaci\u00f3n Vicenciana","link":"http:\/\/vincentians.com\/es\/category\/formacion-vicenciana\/"},"img":{"alt_text":"cartel","src":"https:\/\/i0.wp.com\/vicencianos.org\/wp-content\/2014\/02\/cartel.jpg?resize=350%2C200","width":350,"height":200},"classes":[]},{"id":30536,"url":"http:\/\/vincentians.com\/es\/vicente-de-paul-carta-0547-a-luisa-de-marillac\/","url_meta":{"origin":61406,"position":5},"title":"Vicente de Pa\u00fal, Carta 0547: A Luisa De Marillac","author":"Francisco Javier Fern\u00e1ndez Chento","date":"29\/03\/2011","format":false,"excerpt":"Martes a mediod\u00eda. [Entre 1641 y 1654] Le mando sus papeles, se\u00f1orita. Ya hablaremos de lo que usted me dice de la habitaci\u00f3n de la se\u00f1ora Lhoste (?). El hermano Pedro Rogue se march\u00f3 sin despedirse; ya hace un mes que no est\u00e1 aqu\u00ed. Haga lo que mejor le parezca\u2026","rel":"","context":"En \u00abEscritos de Vicente de Pa\u00fal\u00bb","block_context":{"text":"Escritos de Vicente de Pa\u00fal","link":"http:\/\/vincentians.com\/es\/category\/escritos\/escritos-de-vicente-de-paul\/"},"img":{"alt_text":"","src":"https:\/\/i0.wp.com\/vincentians.com\/es\/wp-content\/uploads\/sites\/11\/2016\/07\/escritos-vicente-de-paul.jpg?fit=1200%2C630&resize=350%2C200","width":350,"height":200,"srcset":"https:\/\/i0.wp.com\/vincentians.com\/es\/wp-content\/uploads\/sites\/11\/2016\/07\/escritos-vicente-de-paul.jpg?fit=1200%2C630&resize=350%2C200 1x, https:\/\/i0.wp.com\/vincentians.com\/es\/wp-content\/uploads\/sites\/11\/2016\/07\/escritos-vicente-de-paul.jpg?fit=1200%2C630&resize=525%2C300 1.5x, https:\/\/i0.wp.com\/vincentians.com\/es\/wp-content\/uploads\/sites\/11\/2016\/07\/escritos-vicente-de-paul.jpg?fit=1200%2C630&resize=700%2C400 2x, https:\/\/i0.wp.com\/vincentians.com\/es\/wp-content\/uploads\/sites\/11\/2016\/07\/escritos-vicente-de-paul.jpg?fit=1200%2C630&resize=1050%2C600 3x"},"classes":[]}],"_links":{"self":[{"href":"http:\/\/vincentians.com\/es\/wp-json\/wp\/v2\/posts\/61406","targetHints":{"allow":["GET"]}}],"collection":[{"href":"http:\/\/vincentians.com\/es\/wp-json\/wp\/v2\/posts"}],"about":[{"href":"http:\/\/vincentians.com\/es\/wp-json\/wp\/v2\/types\/post"}],"author":[{"embeddable":true,"href":"http:\/\/vincentians.com\/es\/wp-json\/wp\/v2\/users\/4"}],"replies":[{"embeddable":true,"href":"http:\/\/vincentians.com\/es\/wp-json\/wp\/v2\/comments?post=61406"}],"version-history":[{"count":0,"href":"http:\/\/vincentians.com\/es\/wp-json\/wp\/v2\/posts\/61406\/revisions"}],"wp:featuredmedia":[{"embeddable":true,"href":"http:\/\/vincentians.com\/es\/wp-json\/wp\/v2\/media\/393751"}],"wp:attachment":[{"href":"http:\/\/vincentians.com\/es\/wp-json\/wp\/v2\/media?parent=61406"}],"wp:term":[{"taxonomy":"category","embeddable":true,"href":"http:\/\/vincentians.com\/es\/wp-json\/wp\/v2\/categories?post=61406"},{"taxonomy":"post_tag","embeddable":true,"href":"http:\/\/vincentians.com\/es\/wp-json\/wp\/v2\/tags?post=61406"}],"curies":[{"name":"wp","href":"https:\/\/api.w.org\/{rel}","templated":true}]}}