{"id":60774,"date":"2017-06-08T08:27:58","date_gmt":"2017-06-08T06:27:58","guid":{"rendered":"http:\/\/somos.vicencianos.org\/?p=60774"},"modified":"2017-04-14T11:14:56","modified_gmt":"2017-04-14T09:14:56","slug":"la-casa-central-de-la-c-m-en-espana-iv","status":"publish","type":"post","link":"http:\/\/vincentians.com\/es\/la-casa-central-de-la-c-m-en-espana-iv\/","title":{"rendered":"La casa central de la C.M. en Espa\u00f1a (IV)"},"content":{"rendered":"<p><img data-recalc-dims=\"1\" loading=\"lazy\" decoding=\"async\" data-attachment-id=\"399680\" data-permalink=\"http:\/\/vincentians.com\/es\/origen-las-cofradias-asociaciones-caridad\/cofradias-de-caridad\/\" data-orig-file=\"https:\/\/i0.wp.com\/vincentians.com\/es\/wp-content\/uploads\/sites\/11\/2016\/08\/cofradias-de-caridad.jpg?fit=1200%2C630\" data-orig-size=\"1200,630\" data-comments-opened=\"1\" data-image-meta=\"{&quot;aperture&quot;:&quot;0&quot;,&quot;credit&quot;:&quot;&quot;,&quot;camera&quot;:&quot;&quot;,&quot;caption&quot;:&quot;&quot;,&quot;created_timestamp&quot;:&quot;0&quot;,&quot;copyright&quot;:&quot;&quot;,&quot;focal_length&quot;:&quot;0&quot;,&quot;iso&quot;:&quot;0&quot;,&quot;shutter_speed&quot;:&quot;0&quot;,&quot;title&quot;:&quot;&quot;,&quot;orientation&quot;:&quot;1&quot;}\" data-image-title=\"cofradias de caridad\" data-image-description=\"\" data-image-caption=\"\" data-medium-file=\"https:\/\/i0.wp.com\/vincentians.com\/es\/wp-content\/uploads\/sites\/11\/2016\/08\/cofradias-de-caridad.jpg?fit=300%2C158\" data-large-file=\"https:\/\/i0.wp.com\/vincentians.com\/es\/wp-content\/uploads\/sites\/11\/2016\/08\/cofradias-de-caridad.jpg?fit=846%2C444\" class=\"alignnone size-medium wp-image-399680 alignleft\" src=\"https:\/\/i0.wp.com\/vincentians.com\/es\/wp-content\/uploads\/sites\/11\/2016\/08\/cofradias-de-caridad.jpg?resize=300%2C158\" alt=\"\" width=\"300\" height=\"158\" srcset=\"https:\/\/i0.wp.com\/vincentians.com\/es\/wp-content\/uploads\/sites\/11\/2016\/08\/cofradias-de-caridad.jpg?resize=300%2C158 300w, https:\/\/i0.wp.com\/vincentians.com\/es\/wp-content\/uploads\/sites\/11\/2016\/08\/cofradias-de-caridad.jpg?resize=768%2C403 768w, https:\/\/i0.wp.com\/vincentians.com\/es\/wp-content\/uploads\/sites\/11\/2016\/08\/cofradias-de-caridad.jpg?resize=1024%2C538 1024w, https:\/\/i0.wp.com\/vincentians.com\/es\/wp-content\/uploads\/sites\/11\/2016\/08\/cofradias-de-caridad.jpg?resize=100%2C53 100w, https:\/\/i0.wp.com\/vincentians.com\/es\/wp-content\/uploads\/sites\/11\/2016\/08\/cofradias-de-caridad.jpg?resize=846%2C444 846w, https:\/\/i0.wp.com\/vincentians.com\/es\/wp-content\/uploads\/sites\/11\/2016\/08\/cofradias-de-caridad.jpg?resize=1004%2C527 1004w, https:\/\/i0.wp.com\/vincentians.com\/es\/wp-content\/uploads\/sites\/11\/2016\/08\/cofradias-de-caridad.jpg?w=1200 1200w\" sizes=\"auto, (max-width: 300px) 100vw, 300px\" \/>De este d\u00e9bil y pobre bosquejo que se acaba de trazar \u00bfno podemos inferir que la bondadosa Providencia sigue aun protegiendo, bajo la fecunda sombra de sus alas maternales, a la familia de San Vicente que Sent Just y Pag\u00e9s trajo a Espa\u00f1a? \u00bfque si permiti\u00f3 que por alg\u00fan tiempo desapareciera y que en otro en gran parte se dispersara, su mano poderosa luego, reuniendo antiguos y nuevos elementos, le ha dado nueva existencia de mayor desarrollo, de vida m\u00e1s fecunda y vigorosa?<\/p>\n<p>La primera Casa en el dilatado espacio de ciento veinticinco a\u00f1os, debido a su prolongada dependencia de dos\u00a0 Provincias remotas y extranjeras, y despu\u00e9s a su aislamiento de Castilla y provincias hermanas, debido adem\u00e1s al prodigioso n\u00famero de Comunidades, que en aquella \u00e1poca daban vida y verdadera prosperidad a nuestra Patria y a sus vastos dominios, no extendi\u00f3 sus ramas m\u00e1s all\u00e1 de ocho Casas, y \u00e9stas, si exceptuamos una, ce\u00f1idas por la corona de Arag\u00f3n.<\/p>\n<p>La del Barquillo, en su ef\u00edmera existencia de nueve a\u00f1os, s\u00f3lo a\u00f1adi\u00f3 la unidad, desgaj\u00e1ndose de la primera para constituirse en Casa Central a la sombra de la Corte; oscilando el n\u00famero de sus seminaristas entre 8 y 12, y as\u00ed, proporcionalmente el de los Estudiantes; la de Leganitos, primera de nuestra Restauraci\u00f3n, en el accidentado per\u00edodo de diez y siete a\u00f1os escasos, ya despleg\u00f3 su vida en siete Casas dentro de la Pen\u00ednsula y ocho en nuestras colonias de Levante y Poniente, elev\u00e1ndose a unos treinta y cinco respectivamente los alumnos del Seminario y del Estudiando. Mas la Comunidad comprendida en nuestras dos Casas de \u00abLos Cipreses\u00bb y de \u00abLa Misi\u00f3n\u00bb de la calle de Garc\u00eda de Paredes, en el espacio de veinticinco a\u00f1os, a la vez que como cabeza central de la Pen\u00ednsula, surte de personal a 18 Casas, provee tambi\u00e9n de Misioneros a otras tres y casi cuatro Provincias. \u00bfCu\u00e1ndo hasta nuestros d\u00edas, en el largo transcurso de casi dos centurias, se hab\u00eda visto nuestra Casa de formaci\u00f3n con un Seminario tan numeroso y un Estudiantado tan florido? Reglamentos, ejercicios de piedad, estudios, textos, salas, gabinetes, museos, bibliotecas, local proporcionado, situaci\u00f3n desahogada, todo favorece a su formaci\u00f3n fundamental: \u00bfno hay motivos para alabar a Dios, serle uno agradecido y aplicarse con mayor empe\u00f1o en hacer su santa obra?<\/p>\n<p>Verdad es que nuestra cuna se honraba con el gr\u00e1fico y primordial nombre de \u00abLa Misi\u00f3n\u00bb, como expresando el origen y aplicaci\u00f3n primaria de aquella Casa; y con mucha raz\u00f3n la voz com\u00fan la llamaba \u00abla Casa santa y santificant\u00bb, por el esp\u00edritu que sus habituales moradores respiraban, soledad, silencio, recogimiento, oraci\u00f3n, pobreza, humildad y observancia, y por las conferencias al Clero y ejercicios espirituales que con gran esp\u00edritu daban a numerosas tandas de ejercitantes, as\u00ed eclesi\u00e1sticos como seglares, de las clases acomodadas y de las clases pobres, de la ciudad y del campo. El Sr. Sent Just y Pag\u00e9s, al cuidar de su obra en lo material, la edific\u00f3 y levant\u00f3 tambi\u00e9n con sus grandes virtudes el Sr. Ferrer continuaba, engrandec\u00eda esa obra y esclarec\u00eda su nombre con su gobierno, con su santidad y piadosos escritos; el Hermano Coadjutor Betta la acreditaba con sus heroicos ejemplos de menosprecio de las grandezas del mundo, desasimiento de los bienes terrenos y con su obediencia ciega, humildad y abnegaci\u00f3n continua; y si por sus frutos se conoce el \u00e1rbol, esta Casa nos dio, entre otros, los grandes Misioneros, a los Padres de nuestra tradici\u00f3n y Restauraci\u00f3n, el Sr. Codina, el Sr. Sanz y el Sr. Borja; esta \u00abCasa santa y santificant\u00bb leg\u00f3 su esp\u00edritu de \u00abcartujo y ap\u00f3stol\u00bb a su hija y heredera la \u00bb Casa del Barquillo\u00bb.<\/p>\n<p>Esta segunda Casa central, animada de tan rico esp\u00edritu, comenzaba a desarrollar sus obras y se dispon\u00eda a dar de mostraciones de fecundidad, cuando vino a levantarla de cuajo la tormenta revolucionaria. a esta Comunidad debemos el haber admitido y amamantado a sus pechos al bueno del Sr. Masnou y al santo del Sr. Maller, que tanto han edificado a las dos familias despu\u00e9s de nuestra Restauraci\u00f3n, haci\u00e9ndose acreedores al dictado de \u00abnuestros Padres\u00bb, se\u00f1aladamente el segundo.<\/p>\n<p>Con tales conductos de nuestra tradici\u00f3n como los Codinas, los Sanz, los Borjas, los Masnou y los Maller, nuestros Padres y pedagogos, y troncos de nuestra Restauraci\u00f3n, \u00bfc\u00f3mo no hab\u00eda de circular por los miembros de la Comunidad de Osuna la antigua y vivificante savia del esp\u00edritu primitivo? \u00bfC\u00f3mo no hab\u00edan de transmitirse los usos santas pr\u00e1cticas de nuestros antiguos Misioneros? No lloremos decir con esto que todo hubiese sido ya restando y llevado a su mayor perfecci\u00f3n en aquella Comunidad renaciente.<\/p>\n<p>Gran favor de la Providencia fue\u00a0 el verse \u00e9sta transportada, dada la Septembrina de triste recuerdo, a la Cuna, y s\u00f3lo a la Cuna de nuestro Santo Padre, donde conserv\u00f3 su existencia y personalidad, adquiriendo nuevos elementos tic vida, de uni\u00f3n m\u00e1s estrecha y m\u00e1s \u00edntima con la Cepa primitiva y tres veces secular de San Vicente. Al venir a esconderse y a sepultarse, despu\u00e9s de buscar asiento en varias Provincias y Casas, a la sombra de unos cipreses, con preferencia a otros lugares, imitar quiso al grano de mostaza: quod nisi seminatum et occultatum in terra fuerit, crescere, fructumque facere non potest.<\/p>\n<p>\u00a1Oh Madre nuestra! Esc\u00f3ndete y sigue siempre ocult\u00e1ndote a los ojos de los hombres; Dios te har\u00e1 grande a su Dita; dilatar\u00e1 tus entra\u00f1as, cresces in orille millia. T\u00fa ir\u00e1s empre en aumento como planta de arraigo, y cada d\u00eda arrojar\u00e1s m\u00e1s abundantes y sabrosos frutos para la Iglesia y para el Cielo: mittet radicem deorsum, et faciet fructum sursum.<\/p>\n<p>\u00a1Oh Madrecita de nuestra Espa\u00f1a, hija leg\u00edtima y fiel de a gran Madre! cons\u00e9rvanos afectos, adictos y estrechamente unidos al Cuerpo m\u00edstico de San Vicente, en cuya cuna de nuestro Padre renovaste cual \u00e1guila tu juventud durante tu destierro, in terra aliena.<\/p>\n<p>Dios seguir\u00e1 bendici\u00e9ndote, si formas a tus hijos \u00abcartujos en casa y ap\u00f3stoles en la campa\u00f1a\u00bb, seg\u00fan el ideal de San Vicente, nuestro amado Padre; hombres interiores primero, espirituales, de entera abnegaci\u00f3n, de oraci\u00f3n y dad; que al ir despu\u00e9s a tratar con los hombres, eructen ahogos de la abundancia de la suavidad de Dios, ilustra, sus inteligencias, ganando sus corazones, no menos con ejemplos de sacrificio, humildad y pobreza, que con la predicaci\u00f3n del Evangelio.<\/p>\n<p>Ya que de nuevo te honras y engalanas con el simp\u00e1tico, y antiguo nombre de \u00abLa Misi\u00f3n\u00bb, hazte acreedora tambi\u00e9n del doble y elocuente dictado de \u00abCasa santa y santificante\u00bb<\/p>\n<p>\u00a1Que el esp\u00edritu de San Vicente, de Almer\u00e1s, Jolly, Ferrari, F\u00edgari, Sent Just, Ferrer, Borja y Maller, nuestro venerables Padres, informe a todos tus hijos, para que se magnifique la alegr\u00eda, al paso que se multiplica la gente ro proporciones tan admirables y halag\u00fce\u00f1as!<\/p>\n<p>Que la ciencia, en todos tiempos tan necesaria, mayor mente en los nuestros y en especial a los Misioneros, lejos de hinchar a tus hijos de orgullo, presunci\u00f3n y arrogancia, los haga m\u00e1s humildes y desconfiados de s\u00ed mismos, y, levant\u00e1ndolos y uni\u00e9ndolos \u00edntimamente con la suprema inteligencia, suma verdad, Dios, que es infinita caridad y Padre de las luces, queden ilustrados y edificados, ilustren y edifiquen como San Vicente, y a manera de antorchas ardientes y luminosas ardan en caridad \u00e9 iluminen con el saber y el ejemplo.<\/p>\n<p>Hablo bajito, con cari\u00f1o y respeto: si conservas el esp\u00edritu primitivo, Dios te conservar\u00e1, en santos te har\u00e1 fecunda y en santas empresas; si eres \u00absanta y santificarte\u00bb, el Dios de santidad te tomar\u00e1 por instrumento de sus amorosos designios; si la prosperidad no te envanece ni destruye en ti el esp\u00edritu de mortificaci\u00f3n y de pobreza, Dios te dar\u00e1 fortaleza, virilidad, duraci\u00f3n y perpetuidad envidiable; si de lleno te entregas en hacer el negocio de Dios, \u00c9l har\u00e1 perfectamente el tuyo; si guardas fielmente las Reglas que el Se\u00f1or te ha dado, \u00c9l te guardar\u00e1 con ellas; si cultivas con preferencia la obra de las Misiones, Ejercicios y Seminarios, Dios te reconocer\u00e1 por suya; si haces a tus hijos \u00abcartujos y ap\u00f3stoles\u00bb, Dios te multiplicar\u00e1 sin cuento; seguir\u00e1s creciendo, levant\u00e1ndote, y a manera de \u00e1rbol frondoso extender\u00e1s tus ramas; las aves de los pueblos, de los Seminarios, de los Cabildos y parroquias vendr\u00e1n a posarse sobre tus remas y anidar\u00e1n en ellas, si sigues la humildad, si imitas la marcha, la forma y condici\u00f3n del granito de mostaza.<\/p>\n","protected":false},"excerpt":{"rendered":"<p>De este d\u00e9bil y pobre bosquejo que se acaba de trazar \u00bfno podemos inferir que la bondadosa Providencia sigue aun protegiendo, bajo la fecunda sombra de sus alas maternales, a la familia de San Vicente &#8230; <a href=\"http:\/\/vincentians.com\/es\/la-casa-central-de-la-c-m-en-espana-iv\/\" class=\"more-link\">Read More<\/a><\/p>\n","protected":false},"author":5,"featured_media":399680,"comment_status":"open","ping_status":"open","sticky":false,"template":"","format":"standard","meta":{"jetpack_post_was_ever_published":false,"_jetpack_newsletter_access":"","_jetpack_dont_email_post_to_subs":false,"_jetpack_newsletter_tier_id":0,"_jetpack_memberships_contains_paywalled_content":false,"_jetpack_memberships_contains_paid_content":false,"footnotes":"","jetpack_publicize_message":"","jetpack_publicize_feature_enabled":true,"jetpack_social_post_already_shared":true,"jetpack_social_options":{"image_generator_settings":{"template":"highway","default_image_id":0,"font":"","enabled":false},"version":2}},"categories":[214],"tags":[230,177],"class_list":["post-60774","post","type-post","status-publish","format-standard","has-post-thumbnail","hentry","category-historia-de-la-congregacion-de-la-mision","tag-almeras","tag-jolly"],"yoast_head":"<!-- This site is optimized with the Yoast SEO plugin v26.3 - https:\/\/yoast.com\/wordpress\/plugins\/seo\/ -->\n<title>La casa central de la C.M. en Espa\u00f1a (IV) - Somos Vicencianos<\/title>\n<meta name=\"robots\" content=\"index, follow, max-snippet:-1, max-image-preview:large, max-video-preview:-1\" \/>\n<link rel=\"canonical\" href=\"http:\/\/vincentians.com\/es\/la-casa-central-de-la-c-m-en-espana-iv\/\" \/>\n<meta property=\"og:locale\" content=\"es_ES\" \/>\n<meta property=\"og:type\" content=\"article\" \/>\n<meta property=\"og:title\" content=\"La casa central de la C.M. en Espa\u00f1a (IV) - Somos Vicencianos\" \/>\n<meta property=\"og:description\" content=\"De este d\u00e9bil y pobre bosquejo que se acaba de trazar \u00bfno podemos inferir que la bondadosa Providencia sigue aun protegiendo, bajo la fecunda sombra de sus alas maternales, a la familia de San Vicente ... Read More\" \/>\n<meta property=\"og:url\" content=\"http:\/\/vincentians.com\/es\/la-casa-central-de-la-c-m-en-espana-iv\/\" \/>\n<meta property=\"og:site_name\" content=\"Somos Vicencianos\" \/>\n<meta property=\"article:publisher\" content=\"https:\/\/www.facebook.com\/WeAreVincentians\/\" \/>\n<meta property=\"article:published_time\" content=\"2017-06-08T06:27:58+00:00\" \/>\n<meta property=\"og:image\" content=\"https:\/\/i0.wp.com\/vincentians.com\/es\/wp-content\/uploads\/sites\/11\/2016\/08\/cofradias-de-caridad.jpg?fit=1200%2C630\" \/>\n\t<meta property=\"og:image:width\" content=\"1200\" \/>\n\t<meta property=\"og:image:height\" content=\"630\" \/>\n\t<meta property=\"og:image:type\" content=\"image\/jpeg\" \/>\n<meta name=\"author\" content=\"Mitxel Olabu\u00e9naga\" \/>\n<meta name=\"twitter:card\" content=\"summary_large_image\" \/>\n<meta name=\"twitter:creator\" content=\"@WeVincentians\" \/>\n<meta name=\"twitter:site\" content=\"@WeVincentians\" \/>\n<meta name=\"twitter:label1\" content=\"Escrito por\" \/>\n\t<meta name=\"twitter:data1\" content=\"Mitxel Olabu\u00e9naga\" \/>\n\t<meta name=\"twitter:label2\" content=\"Tiempo de lectura\" \/>\n\t<meta name=\"twitter:data2\" content=\"8 minutos\" \/>\n<script type=\"application\/ld+json\" class=\"yoast-schema-graph\">{\"@context\":\"https:\/\/schema.org\",\"@graph\":[{\"@type\":\"Article\",\"@id\":\"http:\/\/vincentians.com\/es\/la-casa-central-de-la-c-m-en-espana-iv\/#article\",\"isPartOf\":{\"@id\":\"http:\/\/vincentians.com\/es\/la-casa-central-de-la-c-m-en-espana-iv\/\"},\"author\":{\"name\":\"Mitxel Olabu\u00e9naga\",\"@id\":\"http:\/\/vincentians.com\/es\/#\/schema\/person\/7c2670b4445a7ca9d164ea6acdb31859\"},\"headline\":\"La casa central de la C.M. en Espa\u00f1a (IV)\",\"datePublished\":\"2017-06-08T06:27:58+00:00\",\"mainEntityOfPage\":{\"@id\":\"http:\/\/vincentians.com\/es\/la-casa-central-de-la-c-m-en-espana-iv\/\"},\"wordCount\":1512,\"commentCount\":0,\"publisher\":{\"@id\":\"http:\/\/vincentians.com\/es\/#organization\"},\"image\":{\"@id\":\"http:\/\/vincentians.com\/es\/la-casa-central-de-la-c-m-en-espana-iv\/#primaryimage\"},\"thumbnailUrl\":\"https:\/\/i0.wp.com\/vincentians.com\/es\/wp-content\/uploads\/sites\/11\/2016\/08\/cofradias-de-caridad.jpg?fit=1200%2C630\",\"keywords\":[\"Almer\u00e1s\",\"Jolly\"],\"articleSection\":[\"Historia de la Congregaci\u00f3n de la Misi\u00f3n\"],\"inLanguage\":\"es\",\"potentialAction\":[{\"@type\":\"CommentAction\",\"name\":\"Comment\",\"target\":[\"http:\/\/vincentians.com\/es\/la-casa-central-de-la-c-m-en-espana-iv\/#respond\"]}]},{\"@type\":\"WebPage\",\"@id\":\"http:\/\/vincentians.com\/es\/la-casa-central-de-la-c-m-en-espana-iv\/\",\"url\":\"http:\/\/vincentians.com\/es\/la-casa-central-de-la-c-m-en-espana-iv\/\",\"name\":\"La casa central de la C.M. en Espa\u00f1a (IV) - Somos Vicencianos\",\"isPartOf\":{\"@id\":\"http:\/\/vincentians.com\/es\/#website\"},\"primaryImageOfPage\":{\"@id\":\"http:\/\/vincentians.com\/es\/la-casa-central-de-la-c-m-en-espana-iv\/#primaryimage\"},\"image\":{\"@id\":\"http:\/\/vincentians.com\/es\/la-casa-central-de-la-c-m-en-espana-iv\/#primaryimage\"},\"thumbnailUrl\":\"https:\/\/i0.wp.com\/vincentians.com\/es\/wp-content\/uploads\/sites\/11\/2016\/08\/cofradias-de-caridad.jpg?fit=1200%2C630\",\"datePublished\":\"2017-06-08T06:27:58+00:00\",\"breadcrumb\":{\"@id\":\"http:\/\/vincentians.com\/es\/la-casa-central-de-la-c-m-en-espana-iv\/#breadcrumb\"},\"inLanguage\":\"es\",\"potentialAction\":[{\"@type\":\"ReadAction\",\"target\":[\"http:\/\/vincentians.com\/es\/la-casa-central-de-la-c-m-en-espana-iv\/\"]}]},{\"@type\":\"ImageObject\",\"inLanguage\":\"es\",\"@id\":\"http:\/\/vincentians.com\/es\/la-casa-central-de-la-c-m-en-espana-iv\/#primaryimage\",\"url\":\"https:\/\/i0.wp.com\/vincentians.com\/es\/wp-content\/uploads\/sites\/11\/2016\/08\/cofradias-de-caridad.jpg?fit=1200%2C630\",\"contentUrl\":\"https:\/\/i0.wp.com\/vincentians.com\/es\/wp-content\/uploads\/sites\/11\/2016\/08\/cofradias-de-caridad.jpg?fit=1200%2C630\",\"width\":1200,\"height\":630},{\"@type\":\"BreadcrumbList\",\"@id\":\"http:\/\/vincentians.com\/es\/la-casa-central-de-la-c-m-en-espana-iv\/#breadcrumb\",\"itemListElement\":[{\"@type\":\"ListItem\",\"position\":1,\"name\":\"Portada\",\"item\":\"http:\/\/vincentians.com\/es\/\"},{\"@type\":\"ListItem\",\"position\":2,\"name\":\"La casa central de la C.M. en Espa\u00f1a (IV)\"}]},{\"@type\":\"WebSite\",\"@id\":\"http:\/\/vincentians.com\/es\/#website\",\"url\":\"http:\/\/vincentians.com\/es\/\",\"name\":\"Somos Vicencianos\",\"description\":\"Know more to serve more\",\"publisher\":{\"@id\":\"http:\/\/vincentians.com\/es\/#organization\"},\"potentialAction\":[{\"@type\":\"SearchAction\",\"target\":{\"@type\":\"EntryPoint\",\"urlTemplate\":\"http:\/\/vincentians.com\/es\/?s={search_term_string}\"},\"query-input\":{\"@type\":\"PropertyValueSpecification\",\"valueRequired\":true,\"valueName\":\"search_term_string\"}}],\"inLanguage\":\"es\"},{\"@type\":\"Organization\",\"@id\":\"http:\/\/vincentians.com\/es\/#organization\",\"name\":\"The Vincentian Network\",\"url\":\"http:\/\/vincentians.com\/es\/\",\"logo\":{\"@type\":\"ImageObject\",\"inLanguage\":\"es\",\"@id\":\"http:\/\/vincentians.com\/es\/#\/schema\/logo\/image\/\",\"url\":\"https:\/\/i1.wp.com\/vincentians.com\/es\/wp-content\/uploads\/sites\/11\/2016\/06\/Vincentian-Network-logo-big.png?fit=778%2C778\",\"contentUrl\":\"https:\/\/i1.wp.com\/vincentians.com\/es\/wp-content\/uploads\/sites\/11\/2016\/06\/Vincentian-Network-logo-big.png?fit=778%2C778\",\"width\":778,\"height\":778,\"caption\":\"The Vincentian Network\"},\"image\":{\"@id\":\"http:\/\/vincentians.com\/es\/#\/schema\/logo\/image\/\"},\"sameAs\":[\"https:\/\/www.facebook.com\/WeAreVincentians\/\",\"https:\/\/x.com\/WeVincentians\"]},{\"@type\":\"Person\",\"@id\":\"http:\/\/vincentians.com\/es\/#\/schema\/person\/7c2670b4445a7ca9d164ea6acdb31859\",\"name\":\"Mitxel Olabu\u00e9naga\",\"image\":{\"@type\":\"ImageObject\",\"inLanguage\":\"es\",\"@id\":\"http:\/\/vincentians.com\/es\/#\/schema\/person\/image\/\",\"url\":\"https:\/\/secure.gravatar.com\/avatar\/34137ec2e2b8939cbbed975731e71f3f4f1defc7266ded337a5ce0f925426877?s=96&d=mm&r=g\",\"contentUrl\":\"https:\/\/secure.gravatar.com\/avatar\/34137ec2e2b8939cbbed975731e71f3f4f1defc7266ded337a5ce0f925426877?s=96&d=mm&r=g\",\"caption\":\"Mitxel Olabu\u00e9naga\"},\"url\":\"http:\/\/vincentians.com\/es\/author\/mitxel\/\"}]}<\/script>\n<!-- \/ Yoast SEO plugin. -->","yoast_head_json":{"title":"La casa central de la C.M. en Espa\u00f1a (IV) - Somos Vicencianos","robots":{"index":"index","follow":"follow","max-snippet":"max-snippet:-1","max-image-preview":"max-image-preview:large","max-video-preview":"max-video-preview:-1"},"canonical":"http:\/\/vincentians.com\/es\/la-casa-central-de-la-c-m-en-espana-iv\/","og_locale":"es_ES","og_type":"article","og_title":"La casa central de la C.M. en Espa\u00f1a (IV) - Somos Vicencianos","og_description":"De este d\u00e9bil y pobre bosquejo que se acaba de trazar \u00bfno podemos inferir que la bondadosa Providencia sigue aun protegiendo, bajo la fecunda sombra de sus alas maternales, a la familia de San Vicente ... Read More","og_url":"http:\/\/vincentians.com\/es\/la-casa-central-de-la-c-m-en-espana-iv\/","og_site_name":"Somos Vicencianos","article_publisher":"https:\/\/www.facebook.com\/WeAreVincentians\/","article_published_time":"2017-06-08T06:27:58+00:00","og_image":[{"width":1200,"height":630,"url":"https:\/\/i0.wp.com\/vincentians.com\/es\/wp-content\/uploads\/sites\/11\/2016\/08\/cofradias-de-caridad.jpg?fit=1200%2C630","type":"image\/jpeg"}],"author":"Mitxel Olabu\u00e9naga","twitter_card":"summary_large_image","twitter_creator":"@WeVincentians","twitter_site":"@WeVincentians","twitter_misc":{"Escrito por":"Mitxel Olabu\u00e9naga","Tiempo de lectura":"8 minutos"},"schema":{"@context":"https:\/\/schema.org","@graph":[{"@type":"Article","@id":"http:\/\/vincentians.com\/es\/la-casa-central-de-la-c-m-en-espana-iv\/#article","isPartOf":{"@id":"http:\/\/vincentians.com\/es\/la-casa-central-de-la-c-m-en-espana-iv\/"},"author":{"name":"Mitxel Olabu\u00e9naga","@id":"http:\/\/vincentians.com\/es\/#\/schema\/person\/7c2670b4445a7ca9d164ea6acdb31859"},"headline":"La casa central de la C.M. en Espa\u00f1a (IV)","datePublished":"2017-06-08T06:27:58+00:00","mainEntityOfPage":{"@id":"http:\/\/vincentians.com\/es\/la-casa-central-de-la-c-m-en-espana-iv\/"},"wordCount":1512,"commentCount":0,"publisher":{"@id":"http:\/\/vincentians.com\/es\/#organization"},"image":{"@id":"http:\/\/vincentians.com\/es\/la-casa-central-de-la-c-m-en-espana-iv\/#primaryimage"},"thumbnailUrl":"https:\/\/i0.wp.com\/vincentians.com\/es\/wp-content\/uploads\/sites\/11\/2016\/08\/cofradias-de-caridad.jpg?fit=1200%2C630","keywords":["Almer\u00e1s","Jolly"],"articleSection":["Historia de la Congregaci\u00f3n de la Misi\u00f3n"],"inLanguage":"es","potentialAction":[{"@type":"CommentAction","name":"Comment","target":["http:\/\/vincentians.com\/es\/la-casa-central-de-la-c-m-en-espana-iv\/#respond"]}]},{"@type":"WebPage","@id":"http:\/\/vincentians.com\/es\/la-casa-central-de-la-c-m-en-espana-iv\/","url":"http:\/\/vincentians.com\/es\/la-casa-central-de-la-c-m-en-espana-iv\/","name":"La casa central de la C.M. en Espa\u00f1a (IV) - Somos Vicencianos","isPartOf":{"@id":"http:\/\/vincentians.com\/es\/#website"},"primaryImageOfPage":{"@id":"http:\/\/vincentians.com\/es\/la-casa-central-de-la-c-m-en-espana-iv\/#primaryimage"},"image":{"@id":"http:\/\/vincentians.com\/es\/la-casa-central-de-la-c-m-en-espana-iv\/#primaryimage"},"thumbnailUrl":"https:\/\/i0.wp.com\/vincentians.com\/es\/wp-content\/uploads\/sites\/11\/2016\/08\/cofradias-de-caridad.jpg?fit=1200%2C630","datePublished":"2017-06-08T06:27:58+00:00","breadcrumb":{"@id":"http:\/\/vincentians.com\/es\/la-casa-central-de-la-c-m-en-espana-iv\/#breadcrumb"},"inLanguage":"es","potentialAction":[{"@type":"ReadAction","target":["http:\/\/vincentians.com\/es\/la-casa-central-de-la-c-m-en-espana-iv\/"]}]},{"@type":"ImageObject","inLanguage":"es","@id":"http:\/\/vincentians.com\/es\/la-casa-central-de-la-c-m-en-espana-iv\/#primaryimage","url":"https:\/\/i0.wp.com\/vincentians.com\/es\/wp-content\/uploads\/sites\/11\/2016\/08\/cofradias-de-caridad.jpg?fit=1200%2C630","contentUrl":"https:\/\/i0.wp.com\/vincentians.com\/es\/wp-content\/uploads\/sites\/11\/2016\/08\/cofradias-de-caridad.jpg?fit=1200%2C630","width":1200,"height":630},{"@type":"BreadcrumbList","@id":"http:\/\/vincentians.com\/es\/la-casa-central-de-la-c-m-en-espana-iv\/#breadcrumb","itemListElement":[{"@type":"ListItem","position":1,"name":"Portada","item":"http:\/\/vincentians.com\/es\/"},{"@type":"ListItem","position":2,"name":"La casa central de la C.M. en Espa\u00f1a (IV)"}]},{"@type":"WebSite","@id":"http:\/\/vincentians.com\/es\/#website","url":"http:\/\/vincentians.com\/es\/","name":"Somos Vicencianos","description":"Know more to serve more","publisher":{"@id":"http:\/\/vincentians.com\/es\/#organization"},"potentialAction":[{"@type":"SearchAction","target":{"@type":"EntryPoint","urlTemplate":"http:\/\/vincentians.com\/es\/?s={search_term_string}"},"query-input":{"@type":"PropertyValueSpecification","valueRequired":true,"valueName":"search_term_string"}}],"inLanguage":"es"},{"@type":"Organization","@id":"http:\/\/vincentians.com\/es\/#organization","name":"The Vincentian Network","url":"http:\/\/vincentians.com\/es\/","logo":{"@type":"ImageObject","inLanguage":"es","@id":"http:\/\/vincentians.com\/es\/#\/schema\/logo\/image\/","url":"https:\/\/i1.wp.com\/vincentians.com\/es\/wp-content\/uploads\/sites\/11\/2016\/06\/Vincentian-Network-logo-big.png?fit=778%2C778","contentUrl":"https:\/\/i1.wp.com\/vincentians.com\/es\/wp-content\/uploads\/sites\/11\/2016\/06\/Vincentian-Network-logo-big.png?fit=778%2C778","width":778,"height":778,"caption":"The Vincentian Network"},"image":{"@id":"http:\/\/vincentians.com\/es\/#\/schema\/logo\/image\/"},"sameAs":["https:\/\/www.facebook.com\/WeAreVincentians\/","https:\/\/x.com\/WeVincentians"]},{"@type":"Person","@id":"http:\/\/vincentians.com\/es\/#\/schema\/person\/7c2670b4445a7ca9d164ea6acdb31859","name":"Mitxel Olabu\u00e9naga","image":{"@type":"ImageObject","inLanguage":"es","@id":"http:\/\/vincentians.com\/es\/#\/schema\/person\/image\/","url":"https:\/\/secure.gravatar.com\/avatar\/34137ec2e2b8939cbbed975731e71f3f4f1defc7266ded337a5ce0f925426877?s=96&d=mm&r=g","contentUrl":"https:\/\/secure.gravatar.com\/avatar\/34137ec2e2b8939cbbed975731e71f3f4f1defc7266ded337a5ce0f925426877?s=96&d=mm&r=g","caption":"Mitxel Olabu\u00e9naga"},"url":"http:\/\/vincentians.com\/es\/author\/mitxel\/"}]}},"jetpack_publicize_connections":[],"jetpack_featured_media_url":"https:\/\/i0.wp.com\/vincentians.com\/es\/wp-content\/uploads\/sites\/11\/2016\/08\/cofradias-de-caridad.jpg?fit=1200%2C630","jetpack_sharing_enabled":true,"jetpack_shortlink":"https:\/\/wp.me\/p7ETMF-fOe","jetpack-related-posts":[{"id":115584,"url":"http:\/\/vincentians.com\/es\/venida-a-espana-del-padre-general-1969-i\/","url_meta":{"origin":60774,"position":0},"title":"Venida a Espa\u00f1a del Padre General. 1969. (I)","author":"Mitxel Olabu\u00e9naga","date":"11\/12\/2012","format":false,"excerpt":"La primera noticia oficial de la venida del P. General la transmiti\u00f3 a la Provincia el R. P. Visitador por medio de una peque\u00f1a circular, fe\u00adchada el 3 de octubre, en que se dec\u00eda: \"Notifico a todos ustedes por la presente que, seg\u00fan me ha comunicado el Revdmo. P. Superior\u2026","rel":"","context":"En \u00abHistoria de la Congregaci\u00f3n de la Misi\u00f3n en Espa\u00f1a\u00bb","block_context":{"text":"Historia de la Congregaci\u00f3n de la Misi\u00f3n en Espa\u00f1a","link":"http:\/\/vincentians.com\/es\/category\/historia-de-la-familia-vicenciana\/historia-de-la-congregacion-de-la-mision-en-espana\/"},"img":{"alt_text":"ESCUDOCM","src":"https:\/\/i0.wp.com\/vicencianos.org\/wp-content\/2012\/12\/ESCUDOCM5-237x300.jpg?resize=350%2C200","width":350,"height":200},"classes":[]},{"id":60777,"url":"http:\/\/vincentians.com\/es\/la-casa-central-de-la-c-m-en-espana-iv-2\/","url_meta":{"origin":60774,"position":1},"title":"La casa central de la C.M. en Espa\u00f1a (IV)","author":"Mitxel Olabu\u00e9naga","date":"10\/01\/2012","format":false,"excerpt":"XII De este d\u00e9bil y pobre bosquejo que se acaba de trazar \u00bfno podemos inferir que la bondadosa Providencia sigue aun protegiendo, bajo la fecunda sombra de sus alas materna-les, a la familia de San Vicente que Sent Just y Pag\u00e9s trajo a Espa\u00f1a? \u00bfque si permiti\u00f3 que por alg\u00fan\u2026","rel":"","context":"En \u00abHistoria de la Congregaci\u00f3n de la Misi\u00f3n\u00bb","block_context":{"text":"Historia de la Congregaci\u00f3n de la Misi\u00f3n","link":"http:\/\/vincentians.com\/es\/category\/historia-de-la-familia-vicenciana\/historia-de-la-congregacion-de-la-mision\/"},"img":{"alt_text":"","src":"https:\/\/i0.wp.com\/vicencianos.org\/wp-content\/2012\/01\/msoBB17A-300x179.jpg?resize=350%2C200","width":350,"height":200},"classes":[]},{"id":109355,"url":"http:\/\/vincentians.com\/es\/200-anos-de-provincia-espanola\/","url_meta":{"origin":60774,"position":2},"title":"200 a\u00f1os de Provincia (espa\u00f1ola)","author":"Mitxel Olabu\u00e9naga","date":"23\/10\/2012","format":false,"excerpt":"Este, de 1974, es el a\u00f1o bicentenario de la Provincia vicenciana de Espa\u00f1a. 200 a\u00f1os ya forman una alta torre en el tiempo, desde la que se pueden contemplar los avatares de centenares y a\u00fan miles de misio\u00adneros en la construcci\u00f3n del Reino de Dios en Espa\u00f1a. Y, puesto que\u2026","rel":"","context":"En \u00abHistoria de la Congregaci\u00f3n de la Misi\u00f3n\u00bb","block_context":{"text":"Historia de la Congregaci\u00f3n de la Misi\u00f3n","link":"http:\/\/vincentians.com\/es\/category\/historia-de-la-familia-vicenciana\/historia-de-la-congregacion-de-la-mision\/"},"img":{"alt_text":"","src":"https:\/\/i0.wp.com\/vicencianos.org\/wp-content\/2012\/09\/ESCUDOCM8-237x300.jpg?resize=350%2C200","width":350,"height":200},"classes":[]},{"id":115266,"url":"http:\/\/vincentians.com\/es\/anales-direccion-del-p-mauricio-horcajada-1901-22\/","url_meta":{"origin":60774,"position":3},"title":"Anales: Direcci\u00f3n del P. Mauricio Horcajada (1901-22)","author":"Mitxel Olabu\u00e9naga","date":"11\/07\/2021","format":false,"excerpt":"Al P. Horcajada le conocieron todos los Padres que pasan un poco de los sesenta, incluido el cronista, que todav\u00eda le tuvo de profesor en el ultimo curso de su carrera. Su ficha nos dice que residi\u00f3 en la Casa Central toda su vida, desde su ingreso en 1880 hasta\u2026","rel":"","context":"En \u00abHistoria de la Congregaci\u00f3n de la Misi\u00f3n\u00bb","block_context":{"text":"Historia de la Congregaci\u00f3n de la Misi\u00f3n","link":"http:\/\/vincentians.com\/es\/category\/historia-de-la-familia-vicenciana\/historia-de-la-congregacion-de-la-mision\/"},"img":{"alt_text":"","src":"https:\/\/i0.wp.com\/vincentians.com\/es\/wp-content\/uploads\/sites\/11\/2016\/09\/ojos-jesucristo.jpg?fit=1200%2C630&resize=350%2C200","width":350,"height":200,"srcset":"https:\/\/i0.wp.com\/vincentians.com\/es\/wp-content\/uploads\/sites\/11\/2016\/09\/ojos-jesucristo.jpg?fit=1200%2C630&resize=350%2C200 1x, https:\/\/i0.wp.com\/vincentians.com\/es\/wp-content\/uploads\/sites\/11\/2016\/09\/ojos-jesucristo.jpg?fit=1200%2C630&resize=525%2C300 1.5x, https:\/\/i0.wp.com\/vincentians.com\/es\/wp-content\/uploads\/sites\/11\/2016\/09\/ojos-jesucristo.jpg?fit=1200%2C630&resize=700%2C400 2x, https:\/\/i0.wp.com\/vincentians.com\/es\/wp-content\/uploads\/sites\/11\/2016\/09\/ojos-jesucristo.jpg?fit=1200%2C630&resize=1050%2C600 3x"},"classes":[]},{"id":117108,"url":"http:\/\/vincentians.com\/es\/santo-domingo-ya-es-provincia-hh-de-la-c\/","url_meta":{"origin":60774,"position":4},"title":"Santo Domingo&#8230; ya es Provincia (HH. de la C.) (1967)","author":"Mitxel Olabu\u00e9naga","date":"31\/01\/2013","format":false,"excerpt":"La PROVINCIA de Santo Domingo nace, por lo tanto, en el mes consagrado al SAGRADO CORAZON, fuente y modelo de toda santidad y horno ardiente de caridad. Pues que El la guarde siempre fiel a su vocaci\u00f3n MISIONERA, al esp\u00edritu de nuestros SANTOS FUNDADORES y a la consigna del Santo\u2026","rel":"","context":"En \u00abHistoria de las Hijas de la Caridad\u00bb","block_context":{"text":"Historia de las Hijas de la Caridad","link":"http:\/\/vincentians.com\/es\/category\/historia-de-la-familia-vicenciana\/historia-de-las-hijas-de-la-caridad\/"},"img":{"alt_text":"Hijas2","src":"https:\/\/i0.wp.com\/vicencianos.org\/wp-content\/2012\/12\/Hijas2.gif?resize=350%2C200","width":350,"height":200},"classes":[]},{"id":387887,"url":"http:\/\/vincentians.com\/es\/la-provincia-espanola-de-las-hijas-de-la-caridad-xlix\/","url_meta":{"origin":60774,"position":5},"title":"La Provincia espa\u00f1ola de las Hijas de la Caridad (XLIX)","author":"Mitxel Olabu\u00e9naga","date":"18\/09\/2016","format":false,"excerpt":"Por entonces se comenz\u00f3 a propagar en Espa\u00f1a la devoci\u00f3n a la Medalla Milagrosa. Las primeras en conocerla fueron naturalmente las Hijas de la Caridad. Las apariciones llegaron a noticia de \u00e9stas por una relaci\u00f3n manuscrita enviada en 1833 a Madrid y publicada por el P. Nieto, en \"La Beata\u2026","rel":"","context":"En \u00abHistoria de las Hijas de la Caridad\u00bb","block_context":{"text":"Historia de las Hijas de la Caridad","link":"http:\/\/vincentians.com\/es\/category\/historia-de-la-familia-vicenciana\/historia-de-las-hijas-de-la-caridad\/"},"img":{"alt_text":"","src":"https:\/\/i0.wp.com\/vincentians.com\/es\/wp-content\/uploads\/sites\/11\/2016\/07\/hijas-caridad-espanya.jpg?fit=1200%2C630&resize=350%2C200","width":350,"height":200,"srcset":"https:\/\/i0.wp.com\/vincentians.com\/es\/wp-content\/uploads\/sites\/11\/2016\/07\/hijas-caridad-espanya.jpg?fit=1200%2C630&resize=350%2C200 1x, https:\/\/i0.wp.com\/vincentians.com\/es\/wp-content\/uploads\/sites\/11\/2016\/07\/hijas-caridad-espanya.jpg?fit=1200%2C630&resize=525%2C300 1.5x, https:\/\/i0.wp.com\/vincentians.com\/es\/wp-content\/uploads\/sites\/11\/2016\/07\/hijas-caridad-espanya.jpg?fit=1200%2C630&resize=700%2C400 2x, https:\/\/i0.wp.com\/vincentians.com\/es\/wp-content\/uploads\/sites\/11\/2016\/07\/hijas-caridad-espanya.jpg?fit=1200%2C630&resize=1050%2C600 3x"},"classes":[]}],"_links":{"self":[{"href":"http:\/\/vincentians.com\/es\/wp-json\/wp\/v2\/posts\/60774","targetHints":{"allow":["GET"]}}],"collection":[{"href":"http:\/\/vincentians.com\/es\/wp-json\/wp\/v2\/posts"}],"about":[{"href":"http:\/\/vincentians.com\/es\/wp-json\/wp\/v2\/types\/post"}],"author":[{"embeddable":true,"href":"http:\/\/vincentians.com\/es\/wp-json\/wp\/v2\/users\/5"}],"replies":[{"embeddable":true,"href":"http:\/\/vincentians.com\/es\/wp-json\/wp\/v2\/comments?post=60774"}],"version-history":[{"count":2,"href":"http:\/\/vincentians.com\/es\/wp-json\/wp\/v2\/posts\/60774\/revisions"}],"predecessor-version":[{"id":400704,"href":"http:\/\/vincentians.com\/es\/wp-json\/wp\/v2\/posts\/60774\/revisions\/400704"}],"wp:featuredmedia":[{"embeddable":true,"href":"http:\/\/vincentians.com\/es\/wp-json\/wp\/v2\/media\/399680"}],"wp:attachment":[{"href":"http:\/\/vincentians.com\/es\/wp-json\/wp\/v2\/media?parent=60774"}],"wp:term":[{"taxonomy":"category","embeddable":true,"href":"http:\/\/vincentians.com\/es\/wp-json\/wp\/v2\/categories?post=60774"},{"taxonomy":"post_tag","embeddable":true,"href":"http:\/\/vincentians.com\/es\/wp-json\/wp\/v2\/tags?post=60774"}],"curies":[{"name":"wp","href":"https:\/\/api.w.org\/{rel}","templated":true}]}}