{"id":59439,"date":"2012-02-05T05:01:18","date_gmt":"2012-02-05T04:01:18","guid":{"rendered":"http:\/\/somos.vicencianos.org\/?p=59439"},"modified":"2016-07-26T17:29:18","modified_gmt":"2016-07-26T15:29:18","slug":"el-convertido-de-la-medalla-milagrosa-150-aniversario","status":"publish","type":"post","link":"http:\/\/vincentians.com\/es\/el-convertido-de-la-medalla-milagrosa-150-aniversario\/","title":{"rendered":"El \u00abconvertido\u00bb de la Medalla Milagrosa (150 aniversario)"},"content":{"rendered":"<p><a><img data-recalc-dims=\"1\" loading=\"lazy\" decoding=\"async\" class=\"alignleft size-medium wp-image-59442\" src=\"https:\/\/i0.wp.com\/vicencianos.org\/wp-content\/2012\/01\/Ratisbona-180x300.jpg?resize=180%2C300\" alt=\"\" width=\"180\" height=\"300\" \/><\/a>El 20 de enero de 1842, en la iglesia Sant&#8217;Andrea delle Fratte, un Roma, el joven Tob\u00edas-Alfonso RATISBONA (1814-1884), nacido en Estrasburgo, (10 padres jud\u00edos, se convirti\u00f3 s\u00fabitamente: la Sant\u00edsima Virgen se le apareci\u00f3 como en la Medalla Milagrosa que un amigo, Teodoro de BUSSI\u00c9RES, le puso al cuello unos d\u00edas antes, al mismo tiempo que le retaba a decir diariamente el \u00abAcordaos\u00bb (\u00abMemorare\u00bb)&#8230; Recibi\u00f3 el bautismo el 31 de enero en la iglesia del \u00abGesu\u00bb bajo el nombre de \u00abMar\u00eda Alfonso\u00bb. Los Jesuitas desempe\u00f1aron un gran papel con \u00e9l cuando era catec\u00fameno y ne\u00f3fito. Entr\u00f3 en esa Compa\u00f1\u00eda, la dej\u00f3 en 1852.<\/p>\n<p>Su hermano Teodoro le hab\u00eda precedido, aunque por otro camino, en este paso al catolicismo y hab\u00eda sido ordenado sacerdote en Notre Dame, en 1830. Colaboraron \u00edntimamente en la fundaci\u00f3n de las Religiosas y de los Sacerdotes Misioneros de Nuestra Se\u00f1ora de Sion. El v\u00ednculo con la familia vicenciana fue tanto m\u00e1s fuerte cuanto que, en el momento de la conversi\u00f3n de Alfonso, Teodoro era Capell\u00e1n de la Casa de la Providencia San Carlos (actual calle Oudinot, Par\u00eds 7) creada en 1820 por el Abate DUFRICHE-DESGENETTES, p\u00e1rroco de Misiones Extranjeras \u2014la iglesia de San Francisco Javier no se hab\u00eda construido todav\u00eda \u2014 y que fue nombrado m\u00e1s tarde p\u00e1rroco de Nuestra Se\u00f1ora de las Victorias donde fund\u00f3 la \u00abAsociaci\u00f3n del Sant\u00edsimo e Inmaculado Coraz\u00f3n de Mar\u00eda\u00bb en la l\u00ednea de las apariciones de la calle del Bac. En el orfanato de la Providencia, las Hijas de la Caridad prestaron sus servicios desde los comienzos. Alfonso Mar\u00eda dir\u00eda de ellas: \u00abSon \u00e1ngeles&#8230;\u00bb.<\/p>\n<p>Al final del art\u00edculo encontrar\u00e1n una bibliograf\u00eda para un estudio m\u00e1s detallado. Si podemos hablar de un 150.\u00b0 aniversario \u00absignificativo\u00bb, es porque el acontecimiento \u00abRatisbona\u00bb, con sus consecuencias, es susceptible y ha sido objeto de varias lecturas: espiritual (Mauriac, Frossard), filos\u00f3fico y psicol\u00f3gico (William James, Bergson, Jean Guittonl, hist\u00f3rico (Ren\u00e9 Laurentin). En el momento en que la Casa Madre de las Hijas de la Caridad acaba de heredar el cuadro que encarg\u00f3 el mismo Mar\u00eda Alfonso, en recuerdo del 20 de enero de 1842, podemos considerar aqu\u00ed tres dimensiones \u00absignificativas\u00bb:<\/p>\n<ul>\n<li>el aspecto doctrinal y, principalmente, mariol\u00f3gico,<\/li>\n<li>la cuesti\u00f3n tan compleja de la relaci\u00f3n entre Juda\u00edsmo y Cristianismo,<\/li>\n<li>las repercusiones de orden social.<\/li>\n<\/ul>\n<h2>I &#8211; Mar\u00eda y el misterio de la salvaci\u00f3n<\/h2>\n<h3>1. La percepci\u00f3n de Alfonso Mar\u00eda Ratisbona<\/h3>\n<p>\u00abCuando me encuentre muy mal, decid tan s\u00f3lo \u00abMar\u00eda\u00bb y esta palabra llegar\u00e1 a mi coraz\u00f3n\u00bb. Esto se realiz\u00f3 al pie de la letra: la \u00faltima palabra de Alfonso Mar\u00eda fue: \u00ab\u00a1Mar\u00eda!\u00bb.<\/p>\n<p>Cuando habl\u00f3 con el Papa Gregorio XVI, el 3 de febrero de 1842, le pidi\u00f3 que bendijera un centenar de medallas \u00abde Francia\u00bb, como \u00e9l dec\u00eda, y coment\u00f3: \u00abEs una metralla de la que pienso servirme despu\u00e9s\u00bb. El 3 de junio siguiente, el Cardenal Vicario de Roma, PATRIZI, firma el decreto que reconoc\u00eda la conversi\u00f3n \u00abinstant\u00e1nea y perfecta\u00bb, sin dirigir un juicio \u2014como es normal\u2014 sobre la aparici\u00f3n como tal, a la que dicha conversi\u00f3n estaba vinculada.<\/p>\n<p>Alfonso Mar\u00eda hizo apremiantes pero in\u00fatiles gestiones para conocer y hablar con la silenciosa Catalina LABOUR\u00c9. Por supuesto que su \u00abvisi\u00f3n\u00bb contribuy\u00f3 mucho a dar a conocer la Medalla Milagrosa y a hacer que aprobaran la fiesta y el oficio en su honor. Mejor todav\u00eda y m\u00e1s inmediatamente, todo esto prepar\u00f3 la definici\u00f3n del dogma de la Inmaculada Concepci\u00f3n de Mar\u00eda por P\u00edo IX en 1854, confirmada a su vez por las apariciones de Lourdes en 1858. Pero lo importante es ver el sentido y el mensaje de los acontecimientos de 1830 en la calle del Bac y de 1842 en Roma: recordar, al mundo de hoy, el lugar que ocupa Mar\u00eda en el Misterio de la Salvaci\u00f3n. A prop\u00f3sito de su \u00abvisi\u00f3n\u00bb, Alfonso Mar\u00eda tiene esta fuerte expresi\u00f3n: \u00abNo me ha dicho nada pero lo comprend\u00ed todo\u00bb, y tambi\u00e9n: \u00abNo vi sobre la Sant\u00edsima Virgen m\u00e1s que un manto de misericordia\u00bb.<\/p>\n<h3>2. El \u00abmensaje\u00bb<\/h3>\n<p>Con frecuencia hemos evocado todo el valor teol\u00f3gico y kerigm\u00e1tico (anuncio) de la Medalla y c\u00f3mo, al mismo tiempo, gracias a esta \u00abimagen\u00bb totalmente sencilla, hay una catequesis condensada para uso de los peque\u00f1os y de los humildes.<\/p>\n<p>Una \u00abmedalla\u00bb puede rebajar la religi\u00f3n reduci\u00e9ndola al fetichismo; puede y debe tambi\u00e9n elevar la conciencia religiosa y hacerse predicaci\u00f3n viva, lo mismo que la roca y la fuente de Massabielle en Lourdes.<\/p>\n<p>El anverso de la Medalla presenta a Mar\u00eda en la gloria. Es el drama de la Salvaci\u00f3n llegado a su m\u00e1s perfecto triunfo, la lucha antigua entre la Mujer y la Serpiente. Es la imagen de nuestra liberaci\u00f3n en Jesucristo. Dios, fuente divina, se complace en derramarse en misericordia preparando, mediante la Inmaculada Concepci\u00f3n de Mar\u00eda, una morada digna del Salvador e invit\u00e1ndonos a \u00abrecurrir a Ella\u00bb en nuestra miseria.<\/p>\n<p>El reverso de la Medalla expresa precisamente la interioridad de este Misterio: la Cruz, dos corazones. Es el punto focal y es dif\u00edcil concentrar m\u00e1s s\u00edmbolos acerca del Misterio Pascual. El Evangelio se refracta en este \u00abespejo\u00bb que es la Madre de Jes\u00fas (Bodas de Can\u00e1); y las doce estrellas, imagen de los ap\u00f3stoles, invitan a anunciar esta Buena Noticia.<\/p>\n<p>Para el mismo Alfonso Mar\u00eda \u2014a pesar de todo el proselitismo del que fue objeto por parte de sus amigos cristianos, hay que admitirlo\u2014 la transformaci\u00f3n en definitiva, brot\u00f3 del interior. Su conversi\u00f3n contribuy\u00f3 al mismo tiempo a toda una renovaci\u00f3n en la Iglesia y en la sociedad. En cuanto a nosotros, seguidores de San Vicente, hemos de tomar conciencia de los tesoros que tenemos confiados y de nuestras responsabilidades a este respecto, en la l\u00ednea de nuestra vocaci\u00f3n. Es verdad que RATISBONA y otros muchos, antes y despu\u00e9s de \u00e9l \u2014cualesquiera que sean los mecanismos de su conversi\u00f3n\u2014 vivieron un \u00abinstante pleno\u00bb que esclareci\u00f3 toda su vida. Pero lo mismo que nosotros, a trav\u00e9s de alegr\u00edas y penas, a trav\u00e9s de luchas, fracasos y \u00e9xitos, tuvieron que vivir en la Fe d\u00eda a d\u00eda. Con frecuencia hemos recordado a prop\u00f3sito de Catalina LABOURE que no fue a la \u00abvidente\u00bb a quien canoniz\u00f3 la Iglesia, sino a la verdadera y fiel Hija de la Caridad.<\/p>\n<p>Resulta conmovedor que la impresi\u00f3n de \u00abcomprenderlo todo\u00bb haya coincidido con una visi\u00f3n de Mar\u00eda. En esa l\u00ednea es donde hemos de volver a situar a Mar\u00eda dentro del Misterio de la salvaci\u00f3n. La Medalla Milagrosa, como lo hac\u00edan San Vicente y Santa Luisa seg\u00fan la ense\u00f1anza de la Iglesia, nos invita a ver a Mar\u00eda en el pensamiento divino cuando, desde toda la eternidad, decidi\u00f3 su plan de Amor sobre toda la Humanidad. Podemos decir que Mar\u00eda est\u00e1 unida a las relaciones eternas de las tres divinas personas, y Santa Luisa la invoca como \u00abHija muy amada del Padre, Madre del Hijo, Digna Esposa del Esp\u00edritu Santo\u00bb (Corr. y Escr. E. 5, p. 670). Esto da su pleno sentido a la presencia de Mar\u00eda en Can\u00e1 y en el Calvario. Es inseparable de Jes\u00fas y de la Iglesia. Es verdaderamente la \u00abTe\u00f3tocos\u00bb (Madre de Dios), ya que es Madre de Cristo, Dios y Hombre. Todos los dogmas cat\u00f3licos tienen una resonancia en el dogma mariano y una mariolog\u00eda sana es una se\u00f1al de autenticidad. \u00abLa letra M y la Cruz dicen bastante\u00bb, seg\u00fan la expresi\u00f3n de Catalina LABOUR\u00c9 y RATISBONA, en la noche precedente a su conversi\u00f3n, hab\u00eda visto una gran cruz negra. Una de sus \u00faltimas palabras ser\u00e1: \u00abPrimero la Cruz, despu\u00e9s Mar\u00eda\u00bb.<\/p>\n<h2>II &#8211; Un problema siempre actual<\/h2>\n<h3>1. El \u00abJuda\u00edsmo\u00bb de Ratisbona<\/h3>\n<p>Si hay un problema (\u00bfun misterio?) siempre tambi\u00e9n actual y dram\u00e1tico es el de la relaci\u00f3n de! Juda\u00edsmo con el Cristianismo (m\u00e1s especialmente con el Catolicismo), entre el Antiguo y el Nuevo Testamento, entre Israel y Cristo, entre la Sinagoga y la Iglesia. A decir verdad, podemos preguntarnos qu\u00e9 es lo que Alfonso Mar\u00eda de RATISBONA conoci\u00f3 y vivi\u00f3 realmente de su religi\u00f3n original en la que estaba bien enraizado, como el conjunto de su familia \u2014su sobrina y novia, Flora, tomar\u00e1 la iniciativa de la ruptura con \u00e9l\u2014. De esta familia hab\u00eda heredado una dignidad moral innegable y un rango socio-profesional que le permiti\u00f3 precisamente ser acogido sin prejuicios en Roma. El, por el contrario, qued\u00f3 escandalizado por el ghetto romano que todav\u00eda no estaba liberado \u2014esto ser\u00e1 obra de P\u00edo IX\u2014 y critic\u00f3 mucho a la Iglesia.<\/p>\n<p>En Francia, en aquella \u00e9poca, los jud\u00edos hab\u00edan ya escapado en conjunto a una segregaci\u00f3n y a un antisemitismo que, por desgracia, se despertar\u00edan m\u00e1s tarde bajo diversas formas. Luis XVI hab\u00eda encargado a su ministro MALESHERBES \u2014quien por otra parte se burlaba a este respecto dado su agnosticismo\u2014 diera a los Jud\u00edos un estatuto de ciudadanos de pleno derecho. Por el contrario, a nivel religioso, RATISBONA, como otros muchos cristianos, se hab\u00eda forjado una religi\u00f3n m\u00e1s bien secularizada y as\u00e9ptica que no ten\u00eda mucho parecido con el soplo de los profetas.<\/p>\n<h3>2. El \u00abcumplimiento\u00bb<\/h3>\n<p>De hecho, vivi\u00f3 su conversi\u00f3n como un \u00abdescubrimiento\u00bb conmovedor en todos los aspectos. Por parad\u00f3jico que ello pueda parecer a primera vista, encontraba al mismo tiempo el pasado del pueblo elegido&#8230; y su futuro verdadero, y esto gracias a un encuentro luminoso con Mar\u00eda, joven jud\u00eda de otros tiempos, mujer bendita entre todas las mujeres. S\u00ed, como \u00e9l dijo: \u00abcomprendi\u00f3 todo\u00bb: la Biblia, el Mes\u00edas, el proyecto de Dios al mismo tiempo que el extrav\u00ede de su propia vida. Indudablemente le faltar\u00e1, como hemos dicho, descubrir la verdad de esta intuici\u00f3n en el detalle y en la vida real. Como San Pablo, con el que se comparaba gustoso, acced\u00eda a la \u00abplenitud\u00bb: la Salvaci\u00f3n del \u00abPueblo de Dios\u00bb se realizaba en una sublimaci\u00f3n que no es una abolici\u00f3n sino un cumplimiento gracias al Sacrificio de Cristo que prefiguraban los sacrificios de la antigua Ley.<\/p>\n<p>Esto es lo que va a inspirar sus iniciativas en Francia y Palestina, en colaboraci\u00f3n con su hermano. Est\u00e1 persuadido de que hay que \u00abexpiar\u00bb la actitud de algunos hijos de Israel pero quiere tambi\u00e9n trabajar en la \u00abconversi\u00f3n\u00bb de los jud\u00edos para garantizar la \u00abintegridad\u00bb que \u00e9l mismo ha descubierto. Piensa que, si Israel hubiera querido, la Religi\u00f3n de Jes\u00fas no se hubiera separado de la religi\u00f3n de Abraham y de Mois\u00e9s. El puesto de Israel sigue estando por tanto preparado en la Iglesia y, en cierta manera, tiene que ser el primero, a la vez en el orden de la historia que pasa y de la predilecci\u00f3n divina que no pasa, ya que sus dones se dan sin que haya lugar al arrepentimiento.<\/p>\n<p>Teodoro RATISBONA fue, seg\u00fan parece, m\u00e1s lejos en este sentido \u00abpositivo\u00bb, en este convencimiento de los valores cristianos contenidos en el Juda\u00edsmo y que cobran toda su plenitud en esa superaci\u00f3n. En Jes\u00fas, el muro de separaci\u00f3n y de enemistad fue abatido para hacer en El, de los dos pueblos, uno solo. No podemos menos de pensar en la intervenci\u00f3n del Cardenal BEA en el Concilio Vaticano II y en los pasos dados en este sentido por Pablo VI y Juan Pablo II. Hoy estamos mucho m\u00e1s sensibilizados hacia todo esto. Claro est\u00e1, aqu\u00ed s\u00f3lo hablamos del punto de vista religioso. \u00bfVuelve Israel a encontrar el esp\u00edritu universalista de los Profetas?&#8230; \u00bfEl mundo cristiano conoce mejor el puesto que ocupa Israel en la preparaci\u00f3n de la Iglesia?<\/p>\n<h3>3. Las fundaciones de los hermanos RATISBONA<\/h3>\n<p>Mientras que Alfonso Mar\u00eda iba al noviciado de los Jesuitas a Toulouse, Teodoro emprend\u00eda el camino de Roma para recibir del Papa mismo la misi\u00f3n de trabajar en la santificaci\u00f3n de Israel. Ambos colaboraron \u00edntimamente, como lo hemos dicho, en la fundaci\u00f3n de los Sacerdotes de Nuestra Se\u00f1ora de Si\u00f3n, pues Alfonso Mar\u00eda no tard\u00f3 en pedir a P\u00edo IX el poder unirse a dicha Sociedad. A su llegada a Jerusal\u00e9n qued\u00f3 conmovido por el aspecto de tristeza que presentaba la \u00abCiudad Santa\u00bb. Muy pronto dese\u00f3 introducir en ella a las Religiosas de Nuestra Se\u00f1ora de Si\u00f3n y as\u00ed se lo suplicaba al. Se\u00f1or por medio de Aquella que es \u00abla gloria y el honor de Israel\u00bb. En 1869 estas religiosas ocupaban el Convento del \u00abEcce Homo\u00bb.<\/p>\n<p>Alfonso Mar\u00eda vio tambi\u00e9n con alegr\u00eda c\u00f3mo se desarrollaba el orfanato de Ain Karim para ni\u00f1as, pr\u00f3ximo al Santuario de la Visitaci\u00f3n y el Instituto San Pedro de Jerusal\u00e9n para los ni\u00f1os. Contribuy\u00f3 a la instalaci\u00f3n de diversas Comunidades: Carmelitas, Padres de B\u00e9tharram, Padres de Nuestra Se\u00f1ora de \u00c1frica, Hermanos de las Escuelas Cristianas, Dominicos, Jesuitas, Asuncionistas. En seguida se dio cuenta de la importancia de las peregrinaciones. Otra rama, de fundaci\u00f3n m\u00e1s reciente, vendr\u00e1 a unirse a la de las religiosas de ense\u00f1anza, las \u00abSiervas de Nuestra Se\u00f1ora de Si\u00f3n\u00bb quienes, por sus estatutos, tienen mayor libertad de acci\u00f3n.<\/p>\n<p>Los dos hermanos se siguieron de cerca en la muerte: Teodoro el 10 de enero y Alfonso Mar\u00eda el 6 de mayo de 1884. Este \u00faltimo fue enterrado cerca de Jerusal\u00e9n, en San Juan \u00abin Montana\u00bb. Uno y otro nos han dejado un mensaje de fraternidad y de amor.<\/p>\n<h2>III &#8211; Al servicio de la promoci\u00f3n humana y cristiana<\/h2>\n<h3>1. La \u00abregeneraci\u00f3n\u00bb<\/h3>\n<p>Tob\u00edas-Alfonso estaba ya preocupado por el deseo de mejorar la suerte de los jud\u00edos, de instruirlos, de \u00abregenerarlos\u00bb, seg\u00fan sus propias palabras, es decir de sacarlos de la condici\u00f3n social y moral miserable en que vegetaban muchos de ellos. Incluso se sent\u00eda vagamente atra\u00eddo por Jerusal\u00e9n, patria y hogar de Israel: \u00abToda mi vida \u2014dir\u00eda despu\u00e9s de su conversi\u00f3n\u2014 hab\u00eda experimentado un atractivo irresistible por Jerusal\u00e9n; pero desde ese momento \u2014su conversi\u00f3n \u2014 me sent\u00eda dispuesto a sufrir todo por Jerusal\u00e9n\u00bb. Esta \u00abvocaci\u00f3n\u00bb, en cierto sentido, no cambiaba, pues; lo que cambia es la manera de tomar conciencia de la misma y los medios para vivirla.<\/p>\n<p>Despu\u00e9s de haberle aparecido como el enemigo que hab\u00eda que apartar, el Cristianismo le aparece como el instrumento de esa \u00abregeneraci\u00f3n\u00bb. Por fin se entrega a servir a los Pobres de todas las razas en la tierra de Abraham. Por eso, a prop\u00f3sito de la fundaci\u00f3n del Instituto San Pedro, dec\u00eda que el motivo que le llevaba a dicha fundaci\u00f3n era la inmensa compasi\u00f3n que llenaba su coraz\u00f3n al pensar en la miseria f\u00edsica y moral de aquellos pobres ni\u00f1os. Y no escatim\u00f3 esfuerzos: numerosos y dif\u00edciles viajes a Occidente, m\u00faltiples cartas de s\u00faplica, gestiones de todo tipo. Su verdadero descanso era la intimidad con su nueva familia: los pobres, los peque\u00f1os, los hu\u00e9rfanos. Se encontraba en medio de ellos con alegr\u00eda, bondad, sencillez. Y se maravillaba por otra parte del impulso que all\u00ed encontraba. Imposible que dejara de pensar en las Hijas de la Caridad para las implantaciones en Tierra Santa, pero, de hecho, \u00e9stas no ir\u00edan all\u00ed hasta despu\u00e9s de su muerte, en 1886. Iba al frente una Hermana Sirviente con un apellido que parec\u00eda predestinado: Sor Sion, nacida en el norte de Francia y a la saz\u00f3n Hermana Sirviente en Montluel (Ain). Las Hermanas introducir\u00edan, a su vez, a los Sacerdotes de la Misi\u00f3n. Hablaremos despu\u00e9s de las relaciones de los RATISBONA con la familia vicenciana, relaciones que son de otro orden, dentro del aspecto social \u2014demasiado desconocido\u2014 de la Medalla Milagrosa.<\/p>\n<p>En cuanto a Alfonso Mar\u00eda, en aquel tiempo, las noticias que le llegaban de Francia, sobre todo las persecuciones religiosas, le desolaban, pero hac\u00edan que su fe desbordara. Volv\u00eda siempre a su preocupaci\u00f3n dominante y dec\u00eda con el estilo de su \u00e9poca: \u00abEl Dios de las misericordias sacude a Israel; lo persigue con sus luces y con su gracia; se hace el trabajo, todo se prepara; Si\u00f3n est\u00e1 ah\u00ed, en su santuario expiatorio. \u00bfNo ven que los pueblos est\u00e1n por todas partes en ebullici\u00f3n? La rebeli\u00f3n contra el Se\u00f1or y contra su Cristo es general; Israel est\u00e1 mezclado en todas esas conmociones. Se encontrar\u00e1 arrastrado a los pies del divino Redentor cuando las naciones perdidas busquen su Salvaci\u00f3n, reconociendo que no puede existir fuera de la Iglesia Cat\u00f3lica\u00bb. Bajo estas palabras de un ne\u00f3fito del siglo XIX descubrimos a un Alfonso Mar\u00eda que se aplica verdaderamente a conformar su vida con la de Cristo crucificado. A la manera de San Pablo, dice: \u00abNuestro Se\u00f1or ha escogido como instrumento al ser menos apto, al m\u00e1s incapaz, y debo afirmar, al m\u00e1s indigno que haya podido encontrar en su mano\u00bb.<\/p>\n<p>Se ha podido decir de los hermanos RATISBONA que recuerdan a las grandes figuras b\u00edblicas y \u00abson verdaderos israelitas en quienes no hay enga\u00f1o\u00bb y que cumplen la espl\u00e9ndida descripci\u00f3n que hac\u00eda el cardenal Pie de la espiritualidad de los santos de la Antigua Ley: \u00ablo que impresiona en los Patriarcas es su esp\u00edritu de infancia y de abandono, su sencillez hasta en los estados m\u00e1s sublimes. El sello de su personalidad es tener ante Dios lo menos posible de dicha personalidad&#8230; Caminan seg\u00fan Dios los toma y los lleva, los conduce y los vuelve a traer. A la voz del Se\u00f1or, a la voz de su Angel, no saben responder sino: &#8216;Adsum, heme aqu\u00ed\u00bb\u00bb.<\/p>\n<h3>2. Actualizaci\u00f3n del carisma vicenciano<\/h3>\n<p>Hemos recordado ya que no hay que dudar en hablar de una \u00abdimensi\u00f3n social del Mensaje de 1830\u00bb. Lejos de dejar que se pierda en lo abstracto, lo maravilloso, lo intemporal, debemos tomar conciencia de sus incidencias. Para transmitirlo, la Virgen se dirigi\u00f3 a una familia espiritual que se consagra al servicio de los Pobres y a la causa de los Pobres, y esto en un contexto hist\u00f3rico que no puede dejarnos indiferentes en su aspecto positivo y sobre todo en el negativo: industrializaci\u00f3n, seguida de un impulso sin precedentes de la ciencia y de la t\u00e9cnica, socializaci\u00f3n creciente bajo m\u00faltiples formas, toma de conciencia de las personas, de los grupos, de los pueblos, de las dimensiones internacionales y universales. Se ha minimizado el cometido de los \u00abcristianos sociales\u00bb del siglo pasado y comienzos de este siglo&#8230; En lo que nos concierne m\u00e1s directamente, pensemos por ejemplo en Sor Rosal\u00eda RENDU, en las Conferencias de San Vicente de Pa\u00fal de Federico OZANAM y de sus compa\u00f1eros, en las Juventudes Marianas \u2014 Hijas de Mar\u00eda en aquella \u00e9poca\u2014, en Sor MILCENT y sus sindicatos femeninos. De todas formas, el verdadero culto mariano, lejos de ser \u00abinmovilizador\u00bb, nos remite al Magnificat y a su \u00abrevoluci\u00f3n de Dios\u00bb, como se le ha llamado.<\/p>\n<p>Es este campo es donde, en cierta manera, encontramos a los hermanos RATISBONA. Teodoro recibi\u00f3 la noticia de la conversi\u00f3n de su hermano el 1.\u00b0 de febrero de 1841. Al d\u00eda siguiente, fiesta de la Presentaci\u00f3n del Se\u00f1or y de la Purificaci\u00f3n de Mar\u00eda, fue a la Casa de la Providencia a la que ya hemos hecho alusi\u00f3n, para celebrar la Misa como de costumbre. No pudo ocultar su emoci\u00f3n y, al contar en su serm\u00f3n la conversi\u00f3n de un joven israelita, termin\u00f3 diciendo: \u00ab\u00a1Es mi hermano!\u00bb. Las Hermanas y los hu\u00e9rfanos entonaron el Magnificat. Lo mismo ocurri\u00f3 el domingo siguiente en Nuestra Se\u00f1ora de las Victorias. Alfonso Mar\u00eda lleg\u00f3 a Par\u00eds a principios de marzo. Se comprende con qu\u00e9 alegr\u00eda fue recibido en la Providencia: se aloj\u00f3 con su hermano en una casa de la actual calle Vaneau, que era como la casa rectoral de la parroquia de Misiones Extranjeras, y todas las ma\u00f1anas iba a ayudar a Misa. Despu\u00e9s visitaba a las ni\u00f1as, se un\u00eda a sus oraciones y a sus trabajos. El 1.\u00b0 de mayo siguiente, se pon\u00eda la primera<\/p>\n<p>Cf. Ecos de la Compa\u00f1\u00eda, febrero y marzo de 1988, piedra de una capilla que hizo construir como ex-voto del milagro de Sant&#8217;Andrea delle Fratte, capilla que hoy ha desaparecido. Hasta una \u00e9poca reciente se rezaba cada d\u00eda en ella el \u00abAcordaos\u00bb en recuerdo de este acontecimiento.<\/p>\n<p>Pero es especialmente interesante se\u00f1alar que este establecimiento se inscribe desde el comienzo en un deseo de responder a las necesidades de los pobres de aquel tiempo. M\u00e1s tard\u00e9, en 1937, a petici\u00f3n de la Madre INCHELIN, Sor JACQUART fundar\u00e1 all\u00ed una Escuela Profesional, que entonces, fue una iniciativa audaz y abierta a todos, sin distinci\u00f3n de ambiente, religi\u00f3n o raza. Los seglares que han sucedido a las Hijas de la Caridad se esfuerzan por conservar el esp\u00edritu vicenciano de su origen: \u00abEs la experiencia de San Vicente \u2014le\u00edamos ya en el bolet\u00edn de las Antiguas Alumnas con ocasi\u00f3n del cuarto centenario del nacimiento de San Vicente\u2014, debemos hacerla nuestra dentro de la flexibilidad de la adaptaci\u00f3n\u00bb.<\/p>\n<p>\u00a1Quiera Dios que la Compa\u00f1\u00eda pueda permanecer as\u00ed atenta a las llamadas de los desprovistos y, principalmente, de los j\u00f3venes, en la l\u00ednea de la dimensi\u00f3n social y evangelizadora del Mensaje de 1830 y de su propia vocaci\u00f3n en la Iglesia y en el mundo!<\/p>\n","protected":false},"excerpt":{"rendered":"<p>El 20 de enero de 1842, en la iglesia Sant&#8217;Andrea delle Fratte, un Roma, el joven Tob\u00edas-Alfonso RATISBONA (1814-1884), nacido en Estrasburgo, (10 padres jud\u00edos, se convirti\u00f3 s\u00fabitamente: la Sant\u00edsima Virgen se le apareci\u00f3 como &#8230; <a href=\"http:\/\/vincentians.com\/es\/el-convertido-de-la-medalla-milagrosa-150-aniversario\/\" class=\"more-link\">Read More<\/a><\/p>\n","protected":false},"author":4,"featured_media":59442,"comment_status":"open","ping_status":"open","sticky":false,"template":"","format":"standard","meta":{"jetpack_post_was_ever_published":false,"_jetpack_newsletter_access":"","_jetpack_dont_email_post_to_subs":false,"_jetpack_newsletter_tier_id":0,"_jetpack_memberships_contains_paywalled_content":false,"_jetpack_memberships_contains_paid_content":false,"footnotes":"","jetpack_publicize_message":"","jetpack_publicize_feature_enabled":true,"jetpack_social_post_already_shared":true,"jetpack_social_options":{"image_generator_settings":{"template":"highway","default_image_id":0,"font":"","enabled":false},"version":2}},"categories":[8],"tags":[261,182,149],"class_list":["post-59439","post","type-post","status-publish","format-standard","has-post-thumbnail","hentry","category-virgen-maria","tag-jean-guitton","tag-ratisbona","tag-san-francisco-javier"],"yoast_head":"<!-- This site is optimized with the Yoast SEO plugin v26.3 - https:\/\/yoast.com\/wordpress\/plugins\/seo\/ -->\n<title>El \u00abconvertido\u00bb de la Medalla Milagrosa (150 aniversario) - Somos Vicencianos<\/title>\n<meta name=\"robots\" content=\"index, follow, max-snippet:-1, max-image-preview:large, max-video-preview:-1\" \/>\n<link rel=\"canonical\" href=\"http:\/\/vincentians.com\/es\/el-convertido-de-la-medalla-milagrosa-150-aniversario\/\" \/>\n<meta property=\"og:locale\" content=\"es_ES\" \/>\n<meta property=\"og:type\" content=\"article\" \/>\n<meta property=\"og:title\" content=\"El \u00abconvertido\u00bb de la Medalla Milagrosa (150 aniversario) - Somos Vicencianos\" \/>\n<meta property=\"og:description\" content=\"El 20 de enero de 1842, en la iglesia Sant&#8217;Andrea delle Fratte, un Roma, el joven Tob\u00edas-Alfonso RATISBONA (1814-1884), nacido en Estrasburgo, (10 padres jud\u00edos, se convirti\u00f3 s\u00fabitamente: la Sant\u00edsima Virgen se le apareci\u00f3 como ... Read More\" \/>\n<meta property=\"og:url\" content=\"http:\/\/vincentians.com\/es\/el-convertido-de-la-medalla-milagrosa-150-aniversario\/\" \/>\n<meta property=\"og:site_name\" content=\"Somos Vicencianos\" \/>\n<meta property=\"article:publisher\" content=\"https:\/\/www.facebook.com\/WeAreVincentians\/\" \/>\n<meta property=\"article:author\" content=\"https:\/\/www.facebook.com\/JavierChento\" \/>\n<meta property=\"article:published_time\" content=\"2012-02-05T04:01:18+00:00\" \/>\n<meta property=\"article:modified_time\" content=\"2016-07-26T15:29:18+00:00\" \/>\n<meta name=\"author\" content=\"Francisco Javier Fern\u00e1ndez Chento\" \/>\n<meta name=\"twitter:card\" content=\"summary_large_image\" \/>\n<meta name=\"twitter:creator\" content=\"@https:\/\/twitter.com\/javierchento\" \/>\n<meta name=\"twitter:site\" content=\"@WeVincentians\" \/>\n<meta name=\"twitter:label1\" content=\"Escrito por\" \/>\n\t<meta name=\"twitter:data1\" content=\"Francisco Javier Fern\u00e1ndez Chento\" \/>\n\t<meta name=\"twitter:label2\" content=\"Tiempo de lectura\" \/>\n\t<meta name=\"twitter:data2\" content=\"19 minutos\" \/>\n<script type=\"application\/ld+json\" class=\"yoast-schema-graph\">{\"@context\":\"https:\/\/schema.org\",\"@graph\":[{\"@type\":\"Article\",\"@id\":\"http:\/\/vincentians.com\/es\/el-convertido-de-la-medalla-milagrosa-150-aniversario\/#article\",\"isPartOf\":{\"@id\":\"http:\/\/vincentians.com\/es\/el-convertido-de-la-medalla-milagrosa-150-aniversario\/\"},\"author\":{\"name\":\"Francisco Javier Fern\u00e1ndez Chento\",\"@id\":\"http:\/\/vincentians.com\/es\/#\/schema\/person\/9623ef4d9aa3b2dfb8c061f1499288f2\"},\"headline\":\"El \u00abconvertido\u00bb de la Medalla Milagrosa (150 aniversario)\",\"datePublished\":\"2012-02-05T04:01:18+00:00\",\"dateModified\":\"2016-07-26T15:29:18+00:00\",\"mainEntityOfPage\":{\"@id\":\"http:\/\/vincentians.com\/es\/el-convertido-de-la-medalla-milagrosa-150-aniversario\/\"},\"wordCount\":3732,\"commentCount\":0,\"publisher\":{\"@id\":\"http:\/\/vincentians.com\/es\/#organization\"},\"image\":{\"@id\":\"http:\/\/vincentians.com\/es\/el-convertido-de-la-medalla-milagrosa-150-aniversario\/#primaryimage\"},\"thumbnailUrl\":\"\",\"keywords\":[\"Jean Guitton\",\"Ratisbona\",\"San Francisco Javier\"],\"articleSection\":[\"Virgen Mar\u00eda\"],\"inLanguage\":\"es\",\"potentialAction\":[{\"@type\":\"CommentAction\",\"name\":\"Comment\",\"target\":[\"http:\/\/vincentians.com\/es\/el-convertido-de-la-medalla-milagrosa-150-aniversario\/#respond\"]}]},{\"@type\":\"WebPage\",\"@id\":\"http:\/\/vincentians.com\/es\/el-convertido-de-la-medalla-milagrosa-150-aniversario\/\",\"url\":\"http:\/\/vincentians.com\/es\/el-convertido-de-la-medalla-milagrosa-150-aniversario\/\",\"name\":\"El \u00abconvertido\u00bb de la Medalla Milagrosa (150 aniversario) - Somos Vicencianos\",\"isPartOf\":{\"@id\":\"http:\/\/vincentians.com\/es\/#website\"},\"primaryImageOfPage\":{\"@id\":\"http:\/\/vincentians.com\/es\/el-convertido-de-la-medalla-milagrosa-150-aniversario\/#primaryimage\"},\"image\":{\"@id\":\"http:\/\/vincentians.com\/es\/el-convertido-de-la-medalla-milagrosa-150-aniversario\/#primaryimage\"},\"thumbnailUrl\":\"\",\"datePublished\":\"2012-02-05T04:01:18+00:00\",\"dateModified\":\"2016-07-26T15:29:18+00:00\",\"breadcrumb\":{\"@id\":\"http:\/\/vincentians.com\/es\/el-convertido-de-la-medalla-milagrosa-150-aniversario\/#breadcrumb\"},\"inLanguage\":\"es\",\"potentialAction\":[{\"@type\":\"ReadAction\",\"target\":[\"http:\/\/vincentians.com\/es\/el-convertido-de-la-medalla-milagrosa-150-aniversario\/\"]}]},{\"@type\":\"ImageObject\",\"inLanguage\":\"es\",\"@id\":\"http:\/\/vincentians.com\/es\/el-convertido-de-la-medalla-milagrosa-150-aniversario\/#primaryimage\",\"url\":\"\",\"contentUrl\":\"\"},{\"@type\":\"BreadcrumbList\",\"@id\":\"http:\/\/vincentians.com\/es\/el-convertido-de-la-medalla-milagrosa-150-aniversario\/#breadcrumb\",\"itemListElement\":[{\"@type\":\"ListItem\",\"position\":1,\"name\":\"Portada\",\"item\":\"http:\/\/vincentians.com\/es\/\"},{\"@type\":\"ListItem\",\"position\":2,\"name\":\"El \u00abconvertido\u00bb de la Medalla Milagrosa (150 aniversario)\"}]},{\"@type\":\"WebSite\",\"@id\":\"http:\/\/vincentians.com\/es\/#website\",\"url\":\"http:\/\/vincentians.com\/es\/\",\"name\":\"Somos Vicencianos\",\"description\":\"Know more to serve more\",\"publisher\":{\"@id\":\"http:\/\/vincentians.com\/es\/#organization\"},\"potentialAction\":[{\"@type\":\"SearchAction\",\"target\":{\"@type\":\"EntryPoint\",\"urlTemplate\":\"http:\/\/vincentians.com\/es\/?s={search_term_string}\"},\"query-input\":{\"@type\":\"PropertyValueSpecification\",\"valueRequired\":true,\"valueName\":\"search_term_string\"}}],\"inLanguage\":\"es\"},{\"@type\":\"Organization\",\"@id\":\"http:\/\/vincentians.com\/es\/#organization\",\"name\":\"The Vincentian Network\",\"url\":\"http:\/\/vincentians.com\/es\/\",\"logo\":{\"@type\":\"ImageObject\",\"inLanguage\":\"es\",\"@id\":\"http:\/\/vincentians.com\/es\/#\/schema\/logo\/image\/\",\"url\":\"https:\/\/i1.wp.com\/vincentians.com\/es\/wp-content\/uploads\/sites\/11\/2016\/06\/Vincentian-Network-logo-big.png?fit=778%2C778\",\"contentUrl\":\"https:\/\/i1.wp.com\/vincentians.com\/es\/wp-content\/uploads\/sites\/11\/2016\/06\/Vincentian-Network-logo-big.png?fit=778%2C778\",\"width\":778,\"height\":778,\"caption\":\"The Vincentian Network\"},\"image\":{\"@id\":\"http:\/\/vincentians.com\/es\/#\/schema\/logo\/image\/\"},\"sameAs\":[\"https:\/\/www.facebook.com\/WeAreVincentians\/\",\"https:\/\/x.com\/WeVincentians\"]},{\"@type\":\"Person\",\"@id\":\"http:\/\/vincentians.com\/es\/#\/schema\/person\/9623ef4d9aa3b2dfb8c061f1499288f2\",\"name\":\"Francisco Javier Fern\u00e1ndez Chento\",\"image\":{\"@type\":\"ImageObject\",\"inLanguage\":\"es\",\"@id\":\"http:\/\/vincentians.com\/es\/#\/schema\/person\/image\/\",\"url\":\"https:\/\/secure.gravatar.com\/avatar\/497d5cde87b4c3d097d0315953521681ba2cd523ee66e5077c3711f7021e65de?s=96&d=mm&r=g\",\"contentUrl\":\"https:\/\/secure.gravatar.com\/avatar\/497d5cde87b4c3d097d0315953521681ba2cd523ee66e5077c3711f7021e65de?s=96&d=mm&r=g\",\"caption\":\"Francisco Javier Fern\u00e1ndez Chento\"},\"description\":\"Director General y cofundador de La Red de Formaci\u00f3n Vicenciana. Javier es laico vicenciano, afiliado a la Congregaci\u00f3n de la Misi\u00f3n y miembro del Equipo de Misiones Populares de la provincia can\u00f3nica de Zaragoza (Espa\u00f1a) de la Congregaci\u00f3n de la Misi\u00f3n. Graduado en la Universidad Oberta de Catalunya con cuatro grados (Asistente de direcci\u00f3n, Gesti\u00f3n Administrativa, Recursos Humanos y Contabilidad Avanzada). Bil\u00edng\u00fce Espa\u00f1ol\/Ingl\u00e9s. gestiona y mantiene varias p\u00e1ginas web cristianas y vicencianas, incluida including La Red de Formaci\u00f3n Vicenciana, de la que es cofundador. Actualmente es responsable del \u00e1rea de Espa\u00f1ol de .famvin, la Red de Noticias de la Familia Vicenciana. Tambi\u00e9n es m\u00fasico cat\u00f3lico y ha editado varios discos. Es Director General y cofundador de Trovador, una reconocida compa\u00f1\u00eda discogr\u00e1fica critiana de Espa\u00f1a. Trabaja en las Tecnolog\u00edas de la Informaci\u00f3n, ofreciendo servicios de alojamiento, dise\u00f1o y mantenimiento Web, as\u00ed como asesoramiento, formaci\u00f3n y soluciones inform\u00e1ticas, gesti\u00f3n documental y digitalizaci\u00f3n de textos, edici\u00f3n y maquetaci\u00f3n de libros, revistas, flyers, etc.\",\"sameAs\":[\"http:\/\/chento.org\",\"https:\/\/www.facebook.com\/JavierChento\",\"https:\/\/x.com\/https:\/\/twitter.com\/javierchento\"],\"url\":\"http:\/\/vincentians.com\/es\/author\/chento\/\"}]}<\/script>\n<!-- \/ Yoast SEO plugin. -->","yoast_head_json":{"title":"El \u00abconvertido\u00bb de la Medalla Milagrosa (150 aniversario) - Somos Vicencianos","robots":{"index":"index","follow":"follow","max-snippet":"max-snippet:-1","max-image-preview":"max-image-preview:large","max-video-preview":"max-video-preview:-1"},"canonical":"http:\/\/vincentians.com\/es\/el-convertido-de-la-medalla-milagrosa-150-aniversario\/","og_locale":"es_ES","og_type":"article","og_title":"El \u00abconvertido\u00bb de la Medalla Milagrosa (150 aniversario) - Somos Vicencianos","og_description":"El 20 de enero de 1842, en la iglesia Sant&#8217;Andrea delle Fratte, un Roma, el joven Tob\u00edas-Alfonso RATISBONA (1814-1884), nacido en Estrasburgo, (10 padres jud\u00edos, se convirti\u00f3 s\u00fabitamente: la Sant\u00edsima Virgen se le apareci\u00f3 como ... Read More","og_url":"http:\/\/vincentians.com\/es\/el-convertido-de-la-medalla-milagrosa-150-aniversario\/","og_site_name":"Somos Vicencianos","article_publisher":"https:\/\/www.facebook.com\/WeAreVincentians\/","article_author":"https:\/\/www.facebook.com\/JavierChento","article_published_time":"2012-02-05T04:01:18+00:00","article_modified_time":"2016-07-26T15:29:18+00:00","author":"Francisco Javier Fern\u00e1ndez Chento","twitter_card":"summary_large_image","twitter_creator":"@https:\/\/twitter.com\/javierchento","twitter_site":"@WeVincentians","twitter_misc":{"Escrito por":"Francisco Javier Fern\u00e1ndez Chento","Tiempo de lectura":"19 minutos"},"schema":{"@context":"https:\/\/schema.org","@graph":[{"@type":"Article","@id":"http:\/\/vincentians.com\/es\/el-convertido-de-la-medalla-milagrosa-150-aniversario\/#article","isPartOf":{"@id":"http:\/\/vincentians.com\/es\/el-convertido-de-la-medalla-milagrosa-150-aniversario\/"},"author":{"name":"Francisco Javier Fern\u00e1ndez Chento","@id":"http:\/\/vincentians.com\/es\/#\/schema\/person\/9623ef4d9aa3b2dfb8c061f1499288f2"},"headline":"El \u00abconvertido\u00bb de la Medalla Milagrosa (150 aniversario)","datePublished":"2012-02-05T04:01:18+00:00","dateModified":"2016-07-26T15:29:18+00:00","mainEntityOfPage":{"@id":"http:\/\/vincentians.com\/es\/el-convertido-de-la-medalla-milagrosa-150-aniversario\/"},"wordCount":3732,"commentCount":0,"publisher":{"@id":"http:\/\/vincentians.com\/es\/#organization"},"image":{"@id":"http:\/\/vincentians.com\/es\/el-convertido-de-la-medalla-milagrosa-150-aniversario\/#primaryimage"},"thumbnailUrl":"","keywords":["Jean Guitton","Ratisbona","San Francisco Javier"],"articleSection":["Virgen Mar\u00eda"],"inLanguage":"es","potentialAction":[{"@type":"CommentAction","name":"Comment","target":["http:\/\/vincentians.com\/es\/el-convertido-de-la-medalla-milagrosa-150-aniversario\/#respond"]}]},{"@type":"WebPage","@id":"http:\/\/vincentians.com\/es\/el-convertido-de-la-medalla-milagrosa-150-aniversario\/","url":"http:\/\/vincentians.com\/es\/el-convertido-de-la-medalla-milagrosa-150-aniversario\/","name":"El \u00abconvertido\u00bb de la Medalla Milagrosa (150 aniversario) - Somos Vicencianos","isPartOf":{"@id":"http:\/\/vincentians.com\/es\/#website"},"primaryImageOfPage":{"@id":"http:\/\/vincentians.com\/es\/el-convertido-de-la-medalla-milagrosa-150-aniversario\/#primaryimage"},"image":{"@id":"http:\/\/vincentians.com\/es\/el-convertido-de-la-medalla-milagrosa-150-aniversario\/#primaryimage"},"thumbnailUrl":"","datePublished":"2012-02-05T04:01:18+00:00","dateModified":"2016-07-26T15:29:18+00:00","breadcrumb":{"@id":"http:\/\/vincentians.com\/es\/el-convertido-de-la-medalla-milagrosa-150-aniversario\/#breadcrumb"},"inLanguage":"es","potentialAction":[{"@type":"ReadAction","target":["http:\/\/vincentians.com\/es\/el-convertido-de-la-medalla-milagrosa-150-aniversario\/"]}]},{"@type":"ImageObject","inLanguage":"es","@id":"http:\/\/vincentians.com\/es\/el-convertido-de-la-medalla-milagrosa-150-aniversario\/#primaryimage","url":"","contentUrl":""},{"@type":"BreadcrumbList","@id":"http:\/\/vincentians.com\/es\/el-convertido-de-la-medalla-milagrosa-150-aniversario\/#breadcrumb","itemListElement":[{"@type":"ListItem","position":1,"name":"Portada","item":"http:\/\/vincentians.com\/es\/"},{"@type":"ListItem","position":2,"name":"El \u00abconvertido\u00bb de la Medalla Milagrosa (150 aniversario)"}]},{"@type":"WebSite","@id":"http:\/\/vincentians.com\/es\/#website","url":"http:\/\/vincentians.com\/es\/","name":"Somos Vicencianos","description":"Know more to serve more","publisher":{"@id":"http:\/\/vincentians.com\/es\/#organization"},"potentialAction":[{"@type":"SearchAction","target":{"@type":"EntryPoint","urlTemplate":"http:\/\/vincentians.com\/es\/?s={search_term_string}"},"query-input":{"@type":"PropertyValueSpecification","valueRequired":true,"valueName":"search_term_string"}}],"inLanguage":"es"},{"@type":"Organization","@id":"http:\/\/vincentians.com\/es\/#organization","name":"The Vincentian Network","url":"http:\/\/vincentians.com\/es\/","logo":{"@type":"ImageObject","inLanguage":"es","@id":"http:\/\/vincentians.com\/es\/#\/schema\/logo\/image\/","url":"https:\/\/i1.wp.com\/vincentians.com\/es\/wp-content\/uploads\/sites\/11\/2016\/06\/Vincentian-Network-logo-big.png?fit=778%2C778","contentUrl":"https:\/\/i1.wp.com\/vincentians.com\/es\/wp-content\/uploads\/sites\/11\/2016\/06\/Vincentian-Network-logo-big.png?fit=778%2C778","width":778,"height":778,"caption":"The Vincentian Network"},"image":{"@id":"http:\/\/vincentians.com\/es\/#\/schema\/logo\/image\/"},"sameAs":["https:\/\/www.facebook.com\/WeAreVincentians\/","https:\/\/x.com\/WeVincentians"]},{"@type":"Person","@id":"http:\/\/vincentians.com\/es\/#\/schema\/person\/9623ef4d9aa3b2dfb8c061f1499288f2","name":"Francisco Javier Fern\u00e1ndez Chento","image":{"@type":"ImageObject","inLanguage":"es","@id":"http:\/\/vincentians.com\/es\/#\/schema\/person\/image\/","url":"https:\/\/secure.gravatar.com\/avatar\/497d5cde87b4c3d097d0315953521681ba2cd523ee66e5077c3711f7021e65de?s=96&d=mm&r=g","contentUrl":"https:\/\/secure.gravatar.com\/avatar\/497d5cde87b4c3d097d0315953521681ba2cd523ee66e5077c3711f7021e65de?s=96&d=mm&r=g","caption":"Francisco Javier Fern\u00e1ndez Chento"},"description":"Director General y cofundador de La Red de Formaci\u00f3n Vicenciana. Javier es laico vicenciano, afiliado a la Congregaci\u00f3n de la Misi\u00f3n y miembro del Equipo de Misiones Populares de la provincia can\u00f3nica de Zaragoza (Espa\u00f1a) de la Congregaci\u00f3n de la Misi\u00f3n. Graduado en la Universidad Oberta de Catalunya con cuatro grados (Asistente de direcci\u00f3n, Gesti\u00f3n Administrativa, Recursos Humanos y Contabilidad Avanzada). Bil\u00edng\u00fce Espa\u00f1ol\/Ingl\u00e9s. gestiona y mantiene varias p\u00e1ginas web cristianas y vicencianas, incluida including La Red de Formaci\u00f3n Vicenciana, de la que es cofundador. Actualmente es responsable del \u00e1rea de Espa\u00f1ol de .famvin, la Red de Noticias de la Familia Vicenciana. Tambi\u00e9n es m\u00fasico cat\u00f3lico y ha editado varios discos. Es Director General y cofundador de Trovador, una reconocida compa\u00f1\u00eda discogr\u00e1fica critiana de Espa\u00f1a. Trabaja en las Tecnolog\u00edas de la Informaci\u00f3n, ofreciendo servicios de alojamiento, dise\u00f1o y mantenimiento Web, as\u00ed como asesoramiento, formaci\u00f3n y soluciones inform\u00e1ticas, gesti\u00f3n documental y digitalizaci\u00f3n de textos, edici\u00f3n y maquetaci\u00f3n de libros, revistas, flyers, etc.","sameAs":["http:\/\/chento.org","https:\/\/www.facebook.com\/JavierChento","https:\/\/x.com\/https:\/\/twitter.com\/javierchento"],"url":"http:\/\/vincentians.com\/es\/author\/chento\/"}]}},"jetpack_publicize_connections":[],"jetpack_featured_media_url":"","jetpack_sharing_enabled":true,"jetpack_shortlink":"https:\/\/wp.me\/p7ETMF-fsH","jetpack-related-posts":[{"id":53386,"url":"http:\/\/vincentians.com\/es\/san-alfonso-de-ratisbona\/","url_meta":{"origin":59439,"position":0},"title":"San Alfonso de Ratisbona","author":"Francisco Javier Fern\u00e1ndez Chento","date":"02\/03\/2015","format":false,"excerpt":"En la Iglesia de San Andr\u00e9s delle Fratte de Roma se lee en la capilla de la Virgen: \"El 20 de enero de 1842 Alfonso de Ratisbona de Estrasburgo vino aqu\u00ed jud\u00edo empedernido. La Virgen se le apareci\u00f3 como la ves. Cay\u00f3 jud\u00edo y se levant\u00f3 cristiano. Extranjero: lleva contigo\u2026","rel":"","context":"En \u00abVirgen Mar\u00eda\u00bb","block_context":{"text":"Virgen Mar\u00eda","link":"http:\/\/vincentians.com\/es\/category\/espiritualidad\/virgen-maria\/"},"img":{"alt_text":"","src":"https:\/\/i0.wp.com\/vicencianos.org\/wp-content\/2011\/11\/san-alfonsoderatisbona-220x300.jpg?resize=350%2C200","width":350,"height":200},"classes":[]},{"id":53296,"url":"http:\/\/vincentians.com\/es\/el-mensaje-de-rue-du-bac-ix-la-conversion-instantanea-de-alfonso-ratisbona\/","url_meta":{"origin":59439,"position":1},"title":"El mensaje de Rue du Bac (IX. La conversi\u00f3n instant\u00e1nea de Alfonso Ratisbona)","author":"Francisco Javier Fern\u00e1ndez Chento","date":"15\/11\/2023","format":false,"excerpt":"La conversi\u00f3n de Alfonso Tobie Ratisbona es el hecho m\u00e1s re\u00adlevante en la historia de la Medalla, no s\u00f3lo porque puso el men\u00adsaje de Par\u00eds en conocimiento del mundo no cat\u00f3lico, sino tam\u00adbi\u00e9n porque dio como resultado el reconocimiento oficial de las apariciones de Rue du Bac por la Santa\u2026","rel":"","context":"En \u00abVirgen Mar\u00eda\u00bb","block_context":{"text":"Virgen Mar\u00eda","link":"http:\/\/vincentians.com\/es\/category\/espiritualidad\/virgen-maria\/"},"img":{"alt_text":"","src":"https:\/\/i0.wp.com\/vincentians.com\/es\/wp-content\/uploads\/sites\/11\/2022\/08\/imagen-1-2.jpg?fit=350%2C349&resize=350%2C200","width":350,"height":200},"classes":[]},{"id":6312,"url":"http:\/\/vincentians.com\/es\/tal-dia-como-hoy-20-de-enero\/","url_meta":{"origin":59439,"position":2},"title":"Tal d\u00eda como hoy: 20 de enero","author":"Francisco Javier Fern\u00e1ndez Chento","date":"20\/01\/2017","format":false,"excerpt":"1661. En San L\u00e1zaro, la primera Asamblea General de la Congregaci\u00f3n de la Misi\u00f3n que ha elegido al P. Renato Alm\u00e9ras como primer sucesor de Vicente de Pa\u00fal llega a su fin. Tras la elecci\u00f3n del superior general, la Asamblea ha designado como asistentes del mismo a Juan Dehorgny, Tom\u00e1s\u2026","rel":"","context":"En \u00abEfem\u00e9rides Vicencianas\u00bb","block_context":{"text":"Efem\u00e9rides Vicencianas","link":"http:\/\/vincentians.com\/es\/category\/historia-de-la-familia-vicenciana\/efemerides-vicencianas\/"},"img":{"alt_text":"","src":"https:\/\/i0.wp.com\/vincentians.com\/es\/wp-content\/uploads\/sites\/11\/2016\/07\/ephemerides-fb.jpg?fit=1200%2C630&resize=350%2C200","width":350,"height":200,"srcset":"https:\/\/i0.wp.com\/vincentians.com\/es\/wp-content\/uploads\/sites\/11\/2016\/07\/ephemerides-fb.jpg?fit=1200%2C630&resize=350%2C200 1x, https:\/\/i0.wp.com\/vincentians.com\/es\/wp-content\/uploads\/sites\/11\/2016\/07\/ephemerides-fb.jpg?fit=1200%2C630&resize=525%2C300 1.5x, https:\/\/i0.wp.com\/vincentians.com\/es\/wp-content\/uploads\/sites\/11\/2016\/07\/ephemerides-fb.jpg?fit=1200%2C630&resize=700%2C400 2x, https:\/\/i0.wp.com\/vincentians.com\/es\/wp-content\/uploads\/sites\/11\/2016\/07\/ephemerides-fb.jpg?fit=1200%2C630&resize=1050%2C600 3x"},"classes":[]},{"id":53389,"url":"http:\/\/vincentians.com\/es\/virgen-de-la-medalla-milagrosa\/","url_meta":{"origin":59439,"position":3},"title":"Virgen de la Medalla Milagrosa","author":"Francisco Javier Fern\u00e1ndez Chento","date":"24\/11\/2011","format":false,"excerpt":"Se aparece a Catalina Labour\u00e9, hermana de la Caridad, en el convento de la calle Du Bac de Par\u00eds, el 18 de julio de 1830. Ella cuenta que a las 11:30 de la noche, se despert\u00f3, porque alguien la llamaba. Descorre las cortinas de su cama y ve a un\u2026","rel":"","context":"En \u00abVirgen Mar\u00eda\u00bb","block_context":{"text":"Virgen Mar\u00eda","link":"http:\/\/vincentians.com\/es\/category\/espiritualidad\/virgen-maria\/"},"img":{"alt_text":"","src":"https:\/\/i0.wp.com\/vicencianos.org\/wp-content\/2010\/06\/medalla_milagrosa_2corazones-204x300.jpg?resize=350%2C200","width":350,"height":200},"classes":[]},{"id":53381,"url":"http:\/\/vincentians.com\/es\/la-medalla-milagrosa\/","url_meta":{"origin":59439,"position":4},"title":"La Medalla Milagrosa","author":"Francisco Javier Fern\u00e1ndez Chento","date":"27\/11\/2019","format":false,"excerpt":"Nuestra Madre la Virgen se apareci\u00f3 el 18 de julio de 1830 a Sor Catalina Labour\u00e9, y volvi\u00f3 a aparec\u00e9rsele el 27 de noviembre del mismo a\u00f1o con las manos extendidas, irradiando mucha luz y con una serpiente a sus pies, teniendo a su alrededor escritas las palabras: Oh Mar\u00eda,\u2026","rel":"","context":"En \u00abVirgen Mar\u00eda\u00bb","block_context":{"text":"Virgen Mar\u00eda","link":"http:\/\/vincentians.com\/es\/category\/espiritualidad\/virgen-maria\/"},"img":{"alt_text":"","src":"https:\/\/i0.wp.com\/vincentians.com\/es\/wp-content\/uploads\/sites\/11\/2016\/11\/La-Milagrosa5.jpg?fit=1200%2C630&resize=350%2C200","width":350,"height":200,"srcset":"https:\/\/i0.wp.com\/vincentians.com\/es\/wp-content\/uploads\/sites\/11\/2016\/11\/La-Milagrosa5.jpg?fit=1200%2C630&resize=350%2C200 1x, https:\/\/i0.wp.com\/vincentians.com\/es\/wp-content\/uploads\/sites\/11\/2016\/11\/La-Milagrosa5.jpg?fit=1200%2C630&resize=525%2C300 1.5x, https:\/\/i0.wp.com\/vincentians.com\/es\/wp-content\/uploads\/sites\/11\/2016\/11\/La-Milagrosa5.jpg?fit=1200%2C630&resize=700%2C400 2x, https:\/\/i0.wp.com\/vincentians.com\/es\/wp-content\/uploads\/sites\/11\/2016\/11\/La-Milagrosa5.jpg?fit=1200%2C630&resize=1050%2C600 3x"},"classes":[]},{"id":134037,"url":"http:\/\/vincentians.com\/es\/primera-asamblea-general-de-la-asociacion-de-la-medalla-milagrosa\/","url_meta":{"origin":59439,"position":5},"title":"Primera Asamblea General de la Asociaci\u00f3n de la Medalla Milagrosa","author":"Francisco Javier Fern\u00e1ndez Chento","date":"28\/12\/2014","format":false,"excerpt":"Fruto de tres Encuentros o Congresos Internacionales (2001-2009), que dieron a la Asociaci\u00f3n de la Medalla Milagrosa (AMM) unos Estatutos operativos y una organizaci\u00f3n internacional, ha sido esta 1\u00aa Asamblea General, celebrada en la Casa Mar\u00eda Inmacolata, via Ezio, Roma, y en el mes de La Milagrosa: del 3 al\u2026","rel":"","context":"En \u00abAsociaci\u00f3n de la Medalla Milagrosa\u00bb","block_context":{"text":"Asociaci\u00f3n de la Medalla Milagrosa","link":"http:\/\/vincentians.com\/es\/category\/la-familia-vicenciana\/ramas\/asociacion-de-la-medalla-milagrosa\/"},"img":{"alt_text":"asamblea_amm_1","src":"https:\/\/i0.wp.com\/vicencianos.org\/wp-content\/2014\/12\/asamblea_amm_1-300x200.jpg?resize=350%2C200","width":350,"height":200},"classes":[]}],"_links":{"self":[{"href":"http:\/\/vincentians.com\/es\/wp-json\/wp\/v2\/posts\/59439","targetHints":{"allow":["GET"]}}],"collection":[{"href":"http:\/\/vincentians.com\/es\/wp-json\/wp\/v2\/posts"}],"about":[{"href":"http:\/\/vincentians.com\/es\/wp-json\/wp\/v2\/types\/post"}],"author":[{"embeddable":true,"href":"http:\/\/vincentians.com\/es\/wp-json\/wp\/v2\/users\/4"}],"replies":[{"embeddable":true,"href":"http:\/\/vincentians.com\/es\/wp-json\/wp\/v2\/comments?post=59439"}],"version-history":[{"count":0,"href":"http:\/\/vincentians.com\/es\/wp-json\/wp\/v2\/posts\/59439\/revisions"}],"wp:featuredmedia":[{"embeddable":true,"href":"http:\/\/vincentians.com\/es\/wp-json\/"}],"wp:attachment":[{"href":"http:\/\/vincentians.com\/es\/wp-json\/wp\/v2\/media?parent=59439"}],"wp:term":[{"taxonomy":"category","embeddable":true,"href":"http:\/\/vincentians.com\/es\/wp-json\/wp\/v2\/categories?post=59439"},{"taxonomy":"post_tag","embeddable":true,"href":"http:\/\/vincentians.com\/es\/wp-json\/wp\/v2\/tags?post=59439"}],"curies":[{"name":"wp","href":"https:\/\/api.w.org\/{rel}","templated":true}]}}