{"id":5924,"date":"2014-04-28T06:40:16","date_gmt":"2014-04-28T04:40:16","guid":{"rendered":"http:\/\/somos.vicencianos.org\/comentarios\/2014\/04\/16\/domingo-de-resurreccion-reflexion-de-jose-antonio-pagola-2-3\/"},"modified":"2016-07-24T10:26:49","modified_gmt":"2016-07-24T08:26:49","slug":"3o-domingo-de-pascua-reflexion-de-jose-antonio-pagola-2","status":"publish","type":"post","link":"http:\/\/vincentians.com\/es\/3o-domingo-de-pascua-reflexion-de-jose-antonio-pagola-2\/","title":{"rendered":"3\u00ba Domingo de Pascua (reflexi\u00f3n de Jos\u00e9 Antonio Pagola)"},"content":{"rendered":"<h2>Acoger la fuerza del Evangelio<\/h2>\n<p><img data-recalc-dims=\"1\" loading=\"lazy\" decoding=\"async\" class=\"alignright size-full wp-image-86\" title=\"jose_antonio_pagola\" src=\"https:\/\/i0.wp.com\/vicencianos.org\/comentarios\/files\/2010\/12\/jose_antonio_pagola.jpg?resize=257%2C264\" alt=\"\" width=\"257\" height=\"264\" \/><\/p>\n<p><strong>Dos disc\u00edpulos de Jes\u00fas <\/strong>se van alejando de Jerusal\u00e9n. Caminan tristes y desolados. En su coraz\u00f3n se ha apagado la esperanza que hab\u00edan puesto en Jes\u00fas, cuando lo han visto morir en la cruz. Sin embargo, contin\u00faan pensando en \u00e9l. No lo pueden olvidar. \u00bfHabr\u00e1 sido todo una ilusi\u00f3n?<\/p>\n<p>Mientras conversan y discuten de todo lo vivido, Jes\u00fas se acerca y se pone a caminar con ellos. Sin embargo, los disc\u00edpulos no lo reconocen.<strong> Aquel Jes\u00fas en el que tanto hab\u00edan confiado y al que hab\u00edan amado tal vez con pasi\u00f3n, les parece ahora un caminante extra\u00f1o<\/strong>.<a id=\"more351413\" name=\"more351413\"><\/a><\/p>\n<p><strong>Jes\u00fas se une a su conversaci\u00f3n<\/strong>. Los caminantes lo escuchan primero sorprendidos, pero poco a poco algo se va despertando en su coraz\u00f3n. No saben exactamente qu\u00e9. M\u00e1s tarde dir\u00e1n: \u201c\u00bfNo estaba ardiendo nuestro coraz\u00f3n mientras nos hablaba por el camino?\u201d<\/p>\n<p>Los caminantes se sienten atra\u00eddos por las palabras de Jes\u00fas. <strong>Llega un momento en que necesitan su compa\u00f1\u00eda. No quieren dejarlo marchar<\/strong>: \u201cQu\u00e9date con nosotros\u201d. Durante la cena, se les abrir\u00e1n los ojos y lo reconocer\u00e1n. Este es el primer mensaje del relato: Cuando acogemos a Jes\u00fas como compa\u00f1ero de camino, sus palabras pueden despertar en nosotros la esperanza perdida.<\/p>\n<p>Durante estos a\u00f1os, muchas personas han perdido su confianza en Jes\u00fas. Poco a poco, se les ha convertido en un personaje extra\u00f1o e irreconocible. Todo lo que saben de \u00e9l es lo que pueden reconstruir, de manera parcial y fragmentaria, a partir de lo que han escuchado a predicadores y catequistas.<\/p>\n<p>Sin duda, la <strong>homil\u00eda <\/strong>de los domingos cumple una tarea insustituible, pero resulta claramente insuficiente para que las personas de hoy puedan entrar en contacto directo y vivo con el Evangelio. Tal como se lleva a cabo, ante un pueblo que ha de permanecer mudo, sin exponer sus inquietudes, interrogantes y problemas, es dif\u00edcil que logre regenerar la fe vacilante de tantas personas que buscan, a veces sin saberlo, encontrarse con Jes\u00fas.<\/p>\n<p><strong>\u00bfNo ha llegado el momento de instaurar, fuera del contexto de la liturgia dominical, un espacio nuevo y diferente para escuchar juntos el Evangelio de Jes\u00fas?<\/strong> \u00bfPor qu\u00e9 no reunirnos laicos y presb\u00edteros, mujeres y hombres, cristianos convencidos y personas que se interesan por la fe, a escuchar, compartir, dialogar y acoger el Evangelio de Jes\u00fas?<\/p>\n<p>Hemos de dar al Evangelio la oportunidad de entrar con toda su fuerza transformadora en contacto directo e inmediato con los problemas, crisis, miedos y esperanzas de la gente de hoy. <strong>Pronto ser\u00e1 demasiado tarde para recuperar entre nosotros la frescura original del Evangelio<\/strong>.<\/p>\n<p><strong>Jos\u00e9 Antonio Pagola<\/strong><\/p>\n<p>4 de mayo de 2014<br \/>\n3 Pascua (A)<br \/>\nLucas 24, 13-35<\/p>\n","protected":false},"excerpt":{"rendered":"<p>Acoger la fuerza del Evangelio Dos disc\u00edpulos de Jes\u00fas se van alejando de Jerusal\u00e9n. Caminan tristes y desolados. En su coraz\u00f3n se ha apagado la esperanza que hab\u00edan puesto en Jes\u00fas, cuando lo han visto &#8230; <a href=\"http:\/\/vincentians.com\/es\/3o-domingo-de-pascua-reflexion-de-jose-antonio-pagola-2\/\" class=\"more-link\">Read More<\/a><\/p>\n","protected":false},"author":4,"featured_media":388396,"comment_status":"open","ping_status":"open","sticky":false,"template":"","format":"standard","meta":{"jetpack_post_was_ever_published":false,"_jetpack_newsletter_access":"","_jetpack_dont_email_post_to_subs":false,"_jetpack_newsletter_tier_id":0,"_jetpack_memberships_contains_paywalled_content":false,"_jetpack_memberships_contains_paid_content":false,"footnotes":"","jetpack_publicize_message":"","jetpack_publicize_feature_enabled":true,"jetpack_social_post_already_shared":true,"jetpack_social_options":{"image_generator_settings":{"template":"highway","default_image_id":0,"font":"","enabled":false},"version":2}},"categories":[95],"tags":[],"class_list":["post-5924","post","type-post","status-publish","format-standard","has-post-thumbnail","hentry","category-homilias-y-reflexiones-ano-a"],"yoast_head":"<!-- This site is optimized with the Yoast SEO plugin v26.3 - https:\/\/yoast.com\/wordpress\/plugins\/seo\/ -->\n<title>3\u00ba Domingo de Pascua (reflexi\u00f3n de Jos\u00e9 Antonio Pagola) - Somos Vicencianos<\/title>\n<meta name=\"robots\" content=\"index, follow, max-snippet:-1, max-image-preview:large, max-video-preview:-1\" \/>\n<link rel=\"canonical\" href=\"https:\/\/vincentians.com\/es\/3o-domingo-de-pascua-reflexion-de-jose-antonio-pagola-2\/\" \/>\n<meta property=\"og:locale\" content=\"es_ES\" \/>\n<meta property=\"og:type\" content=\"article\" \/>\n<meta property=\"og:title\" content=\"3\u00ba Domingo de Pascua (reflexi\u00f3n de Jos\u00e9 Antonio Pagola) - Somos Vicencianos\" \/>\n<meta property=\"og:description\" content=\"Acoger la fuerza del Evangelio Dos disc\u00edpulos de Jes\u00fas se van alejando de Jerusal\u00e9n. Caminan tristes y desolados. En su coraz\u00f3n se ha apagado la esperanza que hab\u00edan puesto en Jes\u00fas, cuando lo han visto ... Read More\" \/>\n<meta property=\"og:url\" content=\"https:\/\/vincentians.com\/es\/3o-domingo-de-pascua-reflexion-de-jose-antonio-pagola-2\/\" \/>\n<meta property=\"og:site_name\" content=\"Somos Vicencianos\" \/>\n<meta property=\"article:publisher\" content=\"https:\/\/www.facebook.com\/WeAreVincentians\/\" \/>\n<meta property=\"article:author\" content=\"https:\/\/www.facebook.com\/JavierChento\" \/>\n<meta property=\"article:published_time\" content=\"2014-04-28T04:40:16+00:00\" \/>\n<meta property=\"article:modified_time\" content=\"2016-07-24T08:26:49+00:00\" \/>\n<meta property=\"og:image\" content=\"https:\/\/i0.wp.com\/vincentians.com\/es\/wp-content\/uploads\/sites\/11\/2016\/07\/reflexiones-pagola.jpg?fit=1200%2C630&ssl=1\" \/>\n\t<meta property=\"og:image:width\" content=\"1200\" \/>\n\t<meta property=\"og:image:height\" content=\"630\" \/>\n\t<meta property=\"og:image:type\" content=\"image\/jpeg\" \/>\n<meta name=\"author\" content=\"Francisco Javier Fern\u00e1ndez Chento\" \/>\n<meta name=\"twitter:card\" content=\"summary_large_image\" \/>\n<meta name=\"twitter:creator\" content=\"@https:\/\/twitter.com\/javierchento\" \/>\n<meta name=\"twitter:site\" content=\"@WeVincentians\" \/>\n<meta name=\"twitter:label1\" content=\"Escrito por\" \/>\n\t<meta name=\"twitter:data1\" content=\"Francisco Javier Fern\u00e1ndez Chento\" \/>\n\t<meta name=\"twitter:label2\" content=\"Tiempo de lectura\" \/>\n\t<meta name=\"twitter:data2\" content=\"2 minutos\" \/>\n<script type=\"application\/ld+json\" class=\"yoast-schema-graph\">{\"@context\":\"https:\/\/schema.org\",\"@graph\":[{\"@type\":\"Article\",\"@id\":\"https:\/\/vincentians.com\/es\/3o-domingo-de-pascua-reflexion-de-jose-antonio-pagola-2\/#article\",\"isPartOf\":{\"@id\":\"https:\/\/vincentians.com\/es\/3o-domingo-de-pascua-reflexion-de-jose-antonio-pagola-2\/\"},\"author\":{\"name\":\"Francisco Javier Fern\u00e1ndez Chento\",\"@id\":\"https:\/\/vincentians.com\/es\/#\/schema\/person\/9623ef4d9aa3b2dfb8c061f1499288f2\"},\"headline\":\"3\u00ba Domingo de Pascua (reflexi\u00f3n de Jos\u00e9 Antonio Pagola)\",\"datePublished\":\"2014-04-28T04:40:16+00:00\",\"dateModified\":\"2016-07-24T08:26:49+00:00\",\"mainEntityOfPage\":{\"@id\":\"https:\/\/vincentians.com\/es\/3o-domingo-de-pascua-reflexion-de-jose-antonio-pagola-2\/\"},\"wordCount\":483,\"commentCount\":0,\"publisher\":{\"@id\":\"https:\/\/vincentians.com\/es\/#organization\"},\"image\":{\"@id\":\"https:\/\/vincentians.com\/es\/3o-domingo-de-pascua-reflexion-de-jose-antonio-pagola-2\/#primaryimage\"},\"thumbnailUrl\":\"https:\/\/i0.wp.com\/vincentians.com\/es\/wp-content\/uploads\/sites\/11\/2016\/07\/reflexiones-pagola.jpg?fit=1200%2C630\",\"articleSection\":[\"Homil\u00edas y reflexiones, A\u00f1o A\"],\"inLanguage\":\"es\",\"potentialAction\":[{\"@type\":\"CommentAction\",\"name\":\"Comment\",\"target\":[\"https:\/\/vincentians.com\/es\/3o-domingo-de-pascua-reflexion-de-jose-antonio-pagola-2\/#respond\"]}]},{\"@type\":\"WebPage\",\"@id\":\"https:\/\/vincentians.com\/es\/3o-domingo-de-pascua-reflexion-de-jose-antonio-pagola-2\/\",\"url\":\"https:\/\/vincentians.com\/es\/3o-domingo-de-pascua-reflexion-de-jose-antonio-pagola-2\/\",\"name\":\"3\u00ba Domingo de Pascua (reflexi\u00f3n de Jos\u00e9 Antonio Pagola) - Somos Vicencianos\",\"isPartOf\":{\"@id\":\"https:\/\/vincentians.com\/es\/#website\"},\"primaryImageOfPage\":{\"@id\":\"https:\/\/vincentians.com\/es\/3o-domingo-de-pascua-reflexion-de-jose-antonio-pagola-2\/#primaryimage\"},\"image\":{\"@id\":\"https:\/\/vincentians.com\/es\/3o-domingo-de-pascua-reflexion-de-jose-antonio-pagola-2\/#primaryimage\"},\"thumbnailUrl\":\"https:\/\/i0.wp.com\/vincentians.com\/es\/wp-content\/uploads\/sites\/11\/2016\/07\/reflexiones-pagola.jpg?fit=1200%2C630\",\"datePublished\":\"2014-04-28T04:40:16+00:00\",\"dateModified\":\"2016-07-24T08:26:49+00:00\",\"breadcrumb\":{\"@id\":\"https:\/\/vincentians.com\/es\/3o-domingo-de-pascua-reflexion-de-jose-antonio-pagola-2\/#breadcrumb\"},\"inLanguage\":\"es\",\"potentialAction\":[{\"@type\":\"ReadAction\",\"target\":[\"https:\/\/vincentians.com\/es\/3o-domingo-de-pascua-reflexion-de-jose-antonio-pagola-2\/\"]}]},{\"@type\":\"ImageObject\",\"inLanguage\":\"es\",\"@id\":\"https:\/\/vincentians.com\/es\/3o-domingo-de-pascua-reflexion-de-jose-antonio-pagola-2\/#primaryimage\",\"url\":\"https:\/\/i0.wp.com\/vincentians.com\/es\/wp-content\/uploads\/sites\/11\/2016\/07\/reflexiones-pagola.jpg?fit=1200%2C630\",\"contentUrl\":\"https:\/\/i0.wp.com\/vincentians.com\/es\/wp-content\/uploads\/sites\/11\/2016\/07\/reflexiones-pagola.jpg?fit=1200%2C630\",\"width\":1200,\"height\":630},{\"@type\":\"BreadcrumbList\",\"@id\":\"https:\/\/vincentians.com\/es\/3o-domingo-de-pascua-reflexion-de-jose-antonio-pagola-2\/#breadcrumb\",\"itemListElement\":[{\"@type\":\"ListItem\",\"position\":1,\"name\":\"Portada\",\"item\":\"https:\/\/vincentians.com\/es\/\"},{\"@type\":\"ListItem\",\"position\":2,\"name\":\"3\u00ba Domingo de Pascua (reflexi\u00f3n de Jos\u00e9 Antonio Pagola)\"}]},{\"@type\":\"WebSite\",\"@id\":\"https:\/\/vincentians.com\/es\/#website\",\"url\":\"https:\/\/vincentians.com\/es\/\",\"name\":\"Somos Vicencianos\",\"description\":\"Know more to serve more\",\"publisher\":{\"@id\":\"https:\/\/vincentians.com\/es\/#organization\"},\"potentialAction\":[{\"@type\":\"SearchAction\",\"target\":{\"@type\":\"EntryPoint\",\"urlTemplate\":\"https:\/\/vincentians.com\/es\/?s={search_term_string}\"},\"query-input\":{\"@type\":\"PropertyValueSpecification\",\"valueRequired\":true,\"valueName\":\"search_term_string\"}}],\"inLanguage\":\"es\"},{\"@type\":\"Organization\",\"@id\":\"https:\/\/vincentians.com\/es\/#organization\",\"name\":\"The Vincentian Network\",\"url\":\"https:\/\/vincentians.com\/es\/\",\"logo\":{\"@type\":\"ImageObject\",\"inLanguage\":\"es\",\"@id\":\"https:\/\/vincentians.com\/es\/#\/schema\/logo\/image\/\",\"url\":\"https:\/\/i1.wp.com\/vincentians.com\/es\/wp-content\/uploads\/sites\/11\/2016\/06\/Vincentian-Network-logo-big.png?fit=778%2C778\",\"contentUrl\":\"https:\/\/i1.wp.com\/vincentians.com\/es\/wp-content\/uploads\/sites\/11\/2016\/06\/Vincentian-Network-logo-big.png?fit=778%2C778\",\"width\":778,\"height\":778,\"caption\":\"The Vincentian Network\"},\"image\":{\"@id\":\"https:\/\/vincentians.com\/es\/#\/schema\/logo\/image\/\"},\"sameAs\":[\"https:\/\/www.facebook.com\/WeAreVincentians\/\",\"https:\/\/x.com\/WeVincentians\"]},{\"@type\":\"Person\",\"@id\":\"https:\/\/vincentians.com\/es\/#\/schema\/person\/9623ef4d9aa3b2dfb8c061f1499288f2\",\"name\":\"Francisco Javier Fern\u00e1ndez Chento\",\"image\":{\"@type\":\"ImageObject\",\"inLanguage\":\"es\",\"@id\":\"https:\/\/vincentians.com\/es\/#\/schema\/person\/image\/\",\"url\":\"https:\/\/secure.gravatar.com\/avatar\/497d5cde87b4c3d097d0315953521681ba2cd523ee66e5077c3711f7021e65de?s=96&d=mm&r=g\",\"contentUrl\":\"https:\/\/secure.gravatar.com\/avatar\/497d5cde87b4c3d097d0315953521681ba2cd523ee66e5077c3711f7021e65de?s=96&d=mm&r=g\",\"caption\":\"Francisco Javier Fern\u00e1ndez Chento\"},\"description\":\"Director General y cofundador de La Red de Formaci\u00f3n Vicenciana. Javier es laico vicenciano, afiliado a la Congregaci\u00f3n de la Misi\u00f3n y miembro del Equipo de Misiones Populares de la provincia can\u00f3nica de Zaragoza (Espa\u00f1a) de la Congregaci\u00f3n de la Misi\u00f3n. Graduado en la Universidad Oberta de Catalunya con cuatro grados (Asistente de direcci\u00f3n, Gesti\u00f3n Administrativa, Recursos Humanos y Contabilidad Avanzada). Bil\u00edng\u00fce Espa\u00f1ol\/Ingl\u00e9s. gestiona y mantiene varias p\u00e1ginas web cristianas y vicencianas, incluida including La Red de Formaci\u00f3n Vicenciana, de la que es cofundador. Actualmente es responsable del \u00e1rea de Espa\u00f1ol de .famvin, la Red de Noticias de la Familia Vicenciana. Tambi\u00e9n es m\u00fasico cat\u00f3lico y ha editado varios discos. Es Director General y cofundador de Trovador, una reconocida compa\u00f1\u00eda discogr\u00e1fica critiana de Espa\u00f1a. Trabaja en las Tecnolog\u00edas de la Informaci\u00f3n, ofreciendo servicios de alojamiento, dise\u00f1o y mantenimiento Web, as\u00ed como asesoramiento, formaci\u00f3n y soluciones inform\u00e1ticas, gesti\u00f3n documental y digitalizaci\u00f3n de textos, edici\u00f3n y maquetaci\u00f3n de libros, revistas, flyers, etc.\",\"sameAs\":[\"http:\/\/chento.org\",\"https:\/\/www.facebook.com\/JavierChento\",\"https:\/\/x.com\/https:\/\/twitter.com\/javierchento\"],\"url\":\"http:\/\/vincentians.com\/es\/author\/chento\/\"}]}<\/script>\n<!-- \/ Yoast SEO plugin. -->","yoast_head_json":{"title":"3\u00ba Domingo de Pascua (reflexi\u00f3n de Jos\u00e9 Antonio Pagola) - Somos Vicencianos","robots":{"index":"index","follow":"follow","max-snippet":"max-snippet:-1","max-image-preview":"max-image-preview:large","max-video-preview":"max-video-preview:-1"},"canonical":"https:\/\/vincentians.com\/es\/3o-domingo-de-pascua-reflexion-de-jose-antonio-pagola-2\/","og_locale":"es_ES","og_type":"article","og_title":"3\u00ba Domingo de Pascua (reflexi\u00f3n de Jos\u00e9 Antonio Pagola) - Somos Vicencianos","og_description":"Acoger la fuerza del Evangelio Dos disc\u00edpulos de Jes\u00fas se van alejando de Jerusal\u00e9n. Caminan tristes y desolados. En su coraz\u00f3n se ha apagado la esperanza que hab\u00edan puesto en Jes\u00fas, cuando lo han visto ... Read More","og_url":"https:\/\/vincentians.com\/es\/3o-domingo-de-pascua-reflexion-de-jose-antonio-pagola-2\/","og_site_name":"Somos Vicencianos","article_publisher":"https:\/\/www.facebook.com\/WeAreVincentians\/","article_author":"https:\/\/www.facebook.com\/JavierChento","article_published_time":"2014-04-28T04:40:16+00:00","article_modified_time":"2016-07-24T08:26:49+00:00","og_image":[{"width":1200,"height":630,"url":"https:\/\/i0.wp.com\/vincentians.com\/es\/wp-content\/uploads\/sites\/11\/2016\/07\/reflexiones-pagola.jpg?fit=1200%2C630&ssl=1","type":"image\/jpeg"}],"author":"Francisco Javier Fern\u00e1ndez Chento","twitter_card":"summary_large_image","twitter_creator":"@https:\/\/twitter.com\/javierchento","twitter_site":"@WeVincentians","twitter_misc":{"Escrito por":"Francisco Javier Fern\u00e1ndez Chento","Tiempo de lectura":"2 minutos"},"schema":{"@context":"https:\/\/schema.org","@graph":[{"@type":"Article","@id":"https:\/\/vincentians.com\/es\/3o-domingo-de-pascua-reflexion-de-jose-antonio-pagola-2\/#article","isPartOf":{"@id":"https:\/\/vincentians.com\/es\/3o-domingo-de-pascua-reflexion-de-jose-antonio-pagola-2\/"},"author":{"name":"Francisco Javier Fern\u00e1ndez Chento","@id":"https:\/\/vincentians.com\/es\/#\/schema\/person\/9623ef4d9aa3b2dfb8c061f1499288f2"},"headline":"3\u00ba Domingo de Pascua (reflexi\u00f3n de Jos\u00e9 Antonio Pagola)","datePublished":"2014-04-28T04:40:16+00:00","dateModified":"2016-07-24T08:26:49+00:00","mainEntityOfPage":{"@id":"https:\/\/vincentians.com\/es\/3o-domingo-de-pascua-reflexion-de-jose-antonio-pagola-2\/"},"wordCount":483,"commentCount":0,"publisher":{"@id":"https:\/\/vincentians.com\/es\/#organization"},"image":{"@id":"https:\/\/vincentians.com\/es\/3o-domingo-de-pascua-reflexion-de-jose-antonio-pagola-2\/#primaryimage"},"thumbnailUrl":"https:\/\/i0.wp.com\/vincentians.com\/es\/wp-content\/uploads\/sites\/11\/2016\/07\/reflexiones-pagola.jpg?fit=1200%2C630","articleSection":["Homil\u00edas y reflexiones, A\u00f1o A"],"inLanguage":"es","potentialAction":[{"@type":"CommentAction","name":"Comment","target":["https:\/\/vincentians.com\/es\/3o-domingo-de-pascua-reflexion-de-jose-antonio-pagola-2\/#respond"]}]},{"@type":"WebPage","@id":"https:\/\/vincentians.com\/es\/3o-domingo-de-pascua-reflexion-de-jose-antonio-pagola-2\/","url":"https:\/\/vincentians.com\/es\/3o-domingo-de-pascua-reflexion-de-jose-antonio-pagola-2\/","name":"3\u00ba Domingo de Pascua (reflexi\u00f3n de Jos\u00e9 Antonio Pagola) - Somos Vicencianos","isPartOf":{"@id":"https:\/\/vincentians.com\/es\/#website"},"primaryImageOfPage":{"@id":"https:\/\/vincentians.com\/es\/3o-domingo-de-pascua-reflexion-de-jose-antonio-pagola-2\/#primaryimage"},"image":{"@id":"https:\/\/vincentians.com\/es\/3o-domingo-de-pascua-reflexion-de-jose-antonio-pagola-2\/#primaryimage"},"thumbnailUrl":"https:\/\/i0.wp.com\/vincentians.com\/es\/wp-content\/uploads\/sites\/11\/2016\/07\/reflexiones-pagola.jpg?fit=1200%2C630","datePublished":"2014-04-28T04:40:16+00:00","dateModified":"2016-07-24T08:26:49+00:00","breadcrumb":{"@id":"https:\/\/vincentians.com\/es\/3o-domingo-de-pascua-reflexion-de-jose-antonio-pagola-2\/#breadcrumb"},"inLanguage":"es","potentialAction":[{"@type":"ReadAction","target":["https:\/\/vincentians.com\/es\/3o-domingo-de-pascua-reflexion-de-jose-antonio-pagola-2\/"]}]},{"@type":"ImageObject","inLanguage":"es","@id":"https:\/\/vincentians.com\/es\/3o-domingo-de-pascua-reflexion-de-jose-antonio-pagola-2\/#primaryimage","url":"https:\/\/i0.wp.com\/vincentians.com\/es\/wp-content\/uploads\/sites\/11\/2016\/07\/reflexiones-pagola.jpg?fit=1200%2C630","contentUrl":"https:\/\/i0.wp.com\/vincentians.com\/es\/wp-content\/uploads\/sites\/11\/2016\/07\/reflexiones-pagola.jpg?fit=1200%2C630","width":1200,"height":630},{"@type":"BreadcrumbList","@id":"https:\/\/vincentians.com\/es\/3o-domingo-de-pascua-reflexion-de-jose-antonio-pagola-2\/#breadcrumb","itemListElement":[{"@type":"ListItem","position":1,"name":"Portada","item":"https:\/\/vincentians.com\/es\/"},{"@type":"ListItem","position":2,"name":"3\u00ba Domingo de Pascua (reflexi\u00f3n de Jos\u00e9 Antonio Pagola)"}]},{"@type":"WebSite","@id":"https:\/\/vincentians.com\/es\/#website","url":"https:\/\/vincentians.com\/es\/","name":"Somos Vicencianos","description":"Know more to serve more","publisher":{"@id":"https:\/\/vincentians.com\/es\/#organization"},"potentialAction":[{"@type":"SearchAction","target":{"@type":"EntryPoint","urlTemplate":"https:\/\/vincentians.com\/es\/?s={search_term_string}"},"query-input":{"@type":"PropertyValueSpecification","valueRequired":true,"valueName":"search_term_string"}}],"inLanguage":"es"},{"@type":"Organization","@id":"https:\/\/vincentians.com\/es\/#organization","name":"The Vincentian Network","url":"https:\/\/vincentians.com\/es\/","logo":{"@type":"ImageObject","inLanguage":"es","@id":"https:\/\/vincentians.com\/es\/#\/schema\/logo\/image\/","url":"https:\/\/i1.wp.com\/vincentians.com\/es\/wp-content\/uploads\/sites\/11\/2016\/06\/Vincentian-Network-logo-big.png?fit=778%2C778","contentUrl":"https:\/\/i1.wp.com\/vincentians.com\/es\/wp-content\/uploads\/sites\/11\/2016\/06\/Vincentian-Network-logo-big.png?fit=778%2C778","width":778,"height":778,"caption":"The Vincentian Network"},"image":{"@id":"https:\/\/vincentians.com\/es\/#\/schema\/logo\/image\/"},"sameAs":["https:\/\/www.facebook.com\/WeAreVincentians\/","https:\/\/x.com\/WeVincentians"]},{"@type":"Person","@id":"https:\/\/vincentians.com\/es\/#\/schema\/person\/9623ef4d9aa3b2dfb8c061f1499288f2","name":"Francisco Javier Fern\u00e1ndez Chento","image":{"@type":"ImageObject","inLanguage":"es","@id":"https:\/\/vincentians.com\/es\/#\/schema\/person\/image\/","url":"https:\/\/secure.gravatar.com\/avatar\/497d5cde87b4c3d097d0315953521681ba2cd523ee66e5077c3711f7021e65de?s=96&d=mm&r=g","contentUrl":"https:\/\/secure.gravatar.com\/avatar\/497d5cde87b4c3d097d0315953521681ba2cd523ee66e5077c3711f7021e65de?s=96&d=mm&r=g","caption":"Francisco Javier Fern\u00e1ndez Chento"},"description":"Director General y cofundador de La Red de Formaci\u00f3n Vicenciana. Javier es laico vicenciano, afiliado a la Congregaci\u00f3n de la Misi\u00f3n y miembro del Equipo de Misiones Populares de la provincia can\u00f3nica de Zaragoza (Espa\u00f1a) de la Congregaci\u00f3n de la Misi\u00f3n. Graduado en la Universidad Oberta de Catalunya con cuatro grados (Asistente de direcci\u00f3n, Gesti\u00f3n Administrativa, Recursos Humanos y Contabilidad Avanzada). Bil\u00edng\u00fce Espa\u00f1ol\/Ingl\u00e9s. gestiona y mantiene varias p\u00e1ginas web cristianas y vicencianas, incluida including La Red de Formaci\u00f3n Vicenciana, de la que es cofundador. Actualmente es responsable del \u00e1rea de Espa\u00f1ol de .famvin, la Red de Noticias de la Familia Vicenciana. Tambi\u00e9n es m\u00fasico cat\u00f3lico y ha editado varios discos. Es Director General y cofundador de Trovador, una reconocida compa\u00f1\u00eda discogr\u00e1fica critiana de Espa\u00f1a. Trabaja en las Tecnolog\u00edas de la Informaci\u00f3n, ofreciendo servicios de alojamiento, dise\u00f1o y mantenimiento Web, as\u00ed como asesoramiento, formaci\u00f3n y soluciones inform\u00e1ticas, gesti\u00f3n documental y digitalizaci\u00f3n de textos, edici\u00f3n y maquetaci\u00f3n de libros, revistas, flyers, etc.","sameAs":["http:\/\/chento.org","https:\/\/www.facebook.com\/JavierChento","https:\/\/x.com\/https:\/\/twitter.com\/javierchento"],"url":"http:\/\/vincentians.com\/es\/author\/chento\/"}]}},"jetpack_publicize_connections":[],"jetpack_featured_media_url":"https:\/\/i0.wp.com\/vincentians.com\/es\/wp-content\/uploads\/sites\/11\/2016\/07\/reflexiones-pagola.jpg?fit=1200%2C630","jetpack_sharing_enabled":true,"jetpack_shortlink":"https:\/\/wp.me\/p7ETMF-1xy","jetpack-related-posts":[{"id":136972,"url":"http:\/\/vincentians.com\/es\/ciclo-a-domingo-3%c2%ba-de-pascua-reflexion-de-jose-antonio-pagola\/","url_meta":{"origin":5924,"position":0},"title":"Ciclo A, Domingo 3\u00ba de Pascua (reflexi\u00f3n de Jos\u00e9 Antonio Pagola)","author":"Francisco Javier Fern\u00e1ndez Chento","date":"03\/05\/2011","format":false,"excerpt":"Recordar m\u00e1s a Jes\u00fas El relato de los disc\u00edpulos de Ema\u00fas nos describe la experiencia vivida por dos seguidores de Jes\u00fas mientras caminan desde Jerusal\u00e9n hacia la peque\u00f1a aldea de Ema\u00fas, a ocho kil\u00f3metros de distancia de la capital. El narrador lo hace con tal maestr\u00eda que nos ayuda a\u2026","rel":"","context":"En \u00abHomil\u00edas y reflexiones, A\u00f1o A\u00bb","block_context":{"text":"Homil\u00edas y reflexiones, A\u00f1o A","link":"http:\/\/vincentians.com\/es\/category\/homilias-y-reflexiones-a-la-palabra-de-dios\/homilias-y-reflexiones-ano-a\/"},"img":{"alt_text":"","src":"https:\/\/i0.wp.com\/vincentians.com\/es\/wp-content\/uploads\/sites\/11\/2016\/07\/reflexiones-pagola.jpg?fit=1200%2C630&resize=350%2C200","width":350,"height":200,"srcset":"https:\/\/i0.wp.com\/vincentians.com\/es\/wp-content\/uploads\/sites\/11\/2016\/07\/reflexiones-pagola.jpg?fit=1200%2C630&resize=350%2C200 1x, https:\/\/i0.wp.com\/vincentians.com\/es\/wp-content\/uploads\/sites\/11\/2016\/07\/reflexiones-pagola.jpg?fit=1200%2C630&resize=525%2C300 1.5x, https:\/\/i0.wp.com\/vincentians.com\/es\/wp-content\/uploads\/sites\/11\/2016\/07\/reflexiones-pagola.jpg?fit=1200%2C630&resize=700%2C400 2x, https:\/\/i0.wp.com\/vincentians.com\/es\/wp-content\/uploads\/sites\/11\/2016\/07\/reflexiones-pagola.jpg?fit=1200%2C630&resize=1050%2C600 3x"},"classes":[]},{"id":135844,"url":"http:\/\/vincentians.com\/es\/domingo-de-resurreccion-reflexion-de-jose-roman-flecha\/","url_meta":{"origin":5924,"position":1},"title":"Domingo de Resurrecci\u00f3n (reflexi\u00f3n de Jos\u00e9 Rom\u00e1n Flecha)","author":"Francisco Javier Fern\u00e1ndez Chento","date":"25\/03\/2013","format":false,"excerpt":"LA GLORIA DE LA PASCUA Domingo de Pascua de la Resurrecci\u00f3n del Se\u00f1or 31 de marzo de 2013 \u201c\u00bfQu\u00e9 has visto de camino, Mar\u00eda, en la ma\u00f1ana?\u201d\u00a0 Esa es la pregunta que la comunidad de los cristianos dirige en este d\u00eda de Pascua a Mar\u00eda Magdalena. Nosotros somos los que\u2026","rel":"","context":"En \u00abHomil\u00edas y reflexiones, A\u00f1o C\u00bb","block_context":{"text":"Homil\u00edas y reflexiones, A\u00f1o C","link":"http:\/\/vincentians.com\/es\/category\/homilias-y-reflexiones-a-la-palabra-de-dios\/homilias-y-reflexiones-ano-c\/"},"img":{"alt_text":"","src":"https:\/\/i0.wp.com\/vincentians.com\/es\/wp-content\/uploads\/sites\/11\/2016\/07\/reflexiones-palabra-de-dios.jpg?fit=1200%2C630&resize=350%2C200","width":350,"height":200,"srcset":"https:\/\/i0.wp.com\/vincentians.com\/es\/wp-content\/uploads\/sites\/11\/2016\/07\/reflexiones-palabra-de-dios.jpg?fit=1200%2C630&resize=350%2C200 1x, https:\/\/i0.wp.com\/vincentians.com\/es\/wp-content\/uploads\/sites\/11\/2016\/07\/reflexiones-palabra-de-dios.jpg?fit=1200%2C630&resize=525%2C300 1.5x, https:\/\/i0.wp.com\/vincentians.com\/es\/wp-content\/uploads\/sites\/11\/2016\/07\/reflexiones-palabra-de-dios.jpg?fit=1200%2C630&resize=700%2C400 2x, https:\/\/i0.wp.com\/vincentians.com\/es\/wp-content\/uploads\/sites\/11\/2016\/07\/reflexiones-palabra-de-dios.jpg?fit=1200%2C630&resize=1050%2C600 3x"},"classes":[]},{"id":136977,"url":"http:\/\/vincentians.com\/es\/ciclo-a-5%c2%ba-domingo-de-pascua-reflexion-de-pedro-guillen-goni-c-m\/","url_meta":{"origin":5924,"position":2},"title":"Ciclo A, 5\u00ba Domingo de Pascua (reflexi\u00f3n de Pedro Guill\u00e9n Go\u00f1i, C.M.)","author":"Francisco Javier Fern\u00e1ndez Chento","date":"20\/05\/2011","format":false,"excerpt":"El evangelio del domingo de hoy, V de Pascua, se refiere a los \u00faltimos momentos de Jes\u00fas en compa\u00f1\u00eda de sus disc\u00edpulos antes de su desenlace final. Se sienten confundidos e inseguros y les produce una sensaci\u00f3n de incertidumbre y angustia. Jes\u00fas les anuncia su \u201cpartida del mundo\u201d y su\u2026","rel":"","context":"En \u00abHomil\u00edas y reflexiones, A\u00f1o A\u00bb","block_context":{"text":"Homil\u00edas y reflexiones, A\u00f1o A","link":"http:\/\/vincentians.com\/es\/category\/homilias-y-reflexiones-a-la-palabra-de-dios\/homilias-y-reflexiones-ano-a\/"},"img":{"alt_text":"","src":"https:\/\/i0.wp.com\/vincentians.com\/es\/wp-content\/uploads\/sites\/11\/2016\/07\/reflexiones-palabra-de-dios.jpg?fit=1200%2C630&resize=350%2C200","width":350,"height":200,"srcset":"https:\/\/i0.wp.com\/vincentians.com\/es\/wp-content\/uploads\/sites\/11\/2016\/07\/reflexiones-palabra-de-dios.jpg?fit=1200%2C630&resize=350%2C200 1x, https:\/\/i0.wp.com\/vincentians.com\/es\/wp-content\/uploads\/sites\/11\/2016\/07\/reflexiones-palabra-de-dios.jpg?fit=1200%2C630&resize=525%2C300 1.5x, https:\/\/i0.wp.com\/vincentians.com\/es\/wp-content\/uploads\/sites\/11\/2016\/07\/reflexiones-palabra-de-dios.jpg?fit=1200%2C630&resize=700%2C400 2x, https:\/\/i0.wp.com\/vincentians.com\/es\/wp-content\/uploads\/sites\/11\/2016\/07\/reflexiones-palabra-de-dios.jpg?fit=1200%2C630&resize=1050%2C600 3x"},"classes":[]},{"id":136974,"url":"http:\/\/vincentians.com\/es\/ciclo-a-domingo-5%c2%ba-de-pascua-reflexion-de-jose-roman-flecha\/","url_meta":{"origin":5924,"position":3},"title":"Ciclo A, Domingo 5\u00ba de Pascua (reflexi\u00f3n de Jos\u00e9 Rom\u00e1n Flecha)","author":"Francisco Javier Fern\u00e1ndez Chento","date":"18\/05\/2011","format":false,"excerpt":"LA META Y EL CAMINO Domingo 5\u00ba de Pascua 22 de mayo de 2011 El evangelio que se proclama en este domingo quinto de Pascua es muy rico en sugerencias (Jn 14, 1-12). Vemos que, al menos, contiene una promesa, una revelaci\u00f3n y una exhortaci\u00f3n. La promesa forma parte de\u2026","rel":"","context":"En \u00abHomil\u00edas y reflexiones, A\u00f1o A\u00bb","block_context":{"text":"Homil\u00edas y reflexiones, A\u00f1o A","link":"http:\/\/vincentians.com\/es\/category\/homilias-y-reflexiones-a-la-palabra-de-dios\/homilias-y-reflexiones-ano-a\/"},"img":{"alt_text":"","src":"","width":0,"height":0},"classes":[]},{"id":135849,"url":"http:\/\/vincentians.com\/es\/2o-domingo-de-pascua-reflexion-de-jose-roman-flecha\/","url_meta":{"origin":5924,"position":4},"title":"2\u00ba Domingo de Pascua (reflexi\u00f3n de Jos\u00e9 Rom\u00e1n Flecha)","author":"Francisco Javier Fern\u00e1ndez Chento","date":"01\/04\/2013","format":false,"excerpt":"TOM\u00c1S Y LA COMUNIDAD Domingo 2\u00aa de Pascua. C 7 de abril de 2013 \u201cLos hermanos eran constantes en escuchar la ense\u00f1anza de los ap\u00f3stoles, en la vida com\u00fan, en la fracci\u00f3n del pan y en las oraciones\u201d. Este texto (Hech 2, 42) suele ser conocido como uno de los\u2026","rel":"","context":"En \u00abHomil\u00edas y reflexiones, A\u00f1o C\u00bb","block_context":{"text":"Homil\u00edas y reflexiones, A\u00f1o C","link":"http:\/\/vincentians.com\/es\/category\/homilias-y-reflexiones-a-la-palabra-de-dios\/homilias-y-reflexiones-ano-c\/"},"img":{"alt_text":"","src":"https:\/\/i0.wp.com\/vincentians.com\/es\/wp-content\/uploads\/sites\/11\/2016\/07\/reflexiones-palabra-de-dios.jpg?fit=1200%2C630&resize=350%2C200","width":350,"height":200,"srcset":"https:\/\/i0.wp.com\/vincentians.com\/es\/wp-content\/uploads\/sites\/11\/2016\/07\/reflexiones-palabra-de-dios.jpg?fit=1200%2C630&resize=350%2C200 1x, https:\/\/i0.wp.com\/vincentians.com\/es\/wp-content\/uploads\/sites\/11\/2016\/07\/reflexiones-palabra-de-dios.jpg?fit=1200%2C630&resize=525%2C300 1.5x, https:\/\/i0.wp.com\/vincentians.com\/es\/wp-content\/uploads\/sites\/11\/2016\/07\/reflexiones-palabra-de-dios.jpg?fit=1200%2C630&resize=700%2C400 2x, https:\/\/i0.wp.com\/vincentians.com\/es\/wp-content\/uploads\/sites\/11\/2016\/07\/reflexiones-palabra-de-dios.jpg?fit=1200%2C630&resize=1050%2C600 3x"},"classes":[]},{"id":515,"url":"http:\/\/vincentians.com\/es\/ciclo-a-domingo-3%c2%ba-de-pascua-reflexion-de-jose-roman-flecha\/","url_meta":{"origin":5924,"position":5},"title":"Ciclo A, Domingo 3\u00ba de Pascua (reflexi\u00f3n de Jos\u00e9 Rom\u00e1n Flecha)","author":"Francisco Javier Fern\u00e1ndez Chento","date":"04\/05\/2011","format":false,"excerpt":"DE LA DESESPERANZA AL RECONOCIMIENTO Domingo 3\u00ba de Pascua 8 de mayo de 2011 Jes\u00fas ha sido crucificado. Pasado el descanso del s\u00e1bado dos de sus disc\u00edpulos abandonan Jerusal\u00e9n y se dirigen a Ema\u00fas. Hemos le\u00eddo muchas veces este hermoso relato (Lc 24, 13-35). Y\u00a0 otras tantas veces hemos considerado\u2026","rel":"","context":"En \u00abHomil\u00edas y reflexiones, A\u00f1o A\u00bb","block_context":{"text":"Homil\u00edas y reflexiones, A\u00f1o A","link":"http:\/\/vincentians.com\/es\/category\/homilias-y-reflexiones-a-la-palabra-de-dios\/homilias-y-reflexiones-ano-a\/"},"img":{"alt_text":"","src":"","width":0,"height":0},"classes":[]}],"_links":{"self":[{"href":"http:\/\/vincentians.com\/es\/wp-json\/wp\/v2\/posts\/5924","targetHints":{"allow":["GET"]}}],"collection":[{"href":"http:\/\/vincentians.com\/es\/wp-json\/wp\/v2\/posts"}],"about":[{"href":"http:\/\/vincentians.com\/es\/wp-json\/wp\/v2\/types\/post"}],"author":[{"embeddable":true,"href":"http:\/\/vincentians.com\/es\/wp-json\/wp\/v2\/users\/4"}],"replies":[{"embeddable":true,"href":"http:\/\/vincentians.com\/es\/wp-json\/wp\/v2\/comments?post=5924"}],"version-history":[{"count":0,"href":"http:\/\/vincentians.com\/es\/wp-json\/wp\/v2\/posts\/5924\/revisions"}],"wp:featuredmedia":[{"embeddable":true,"href":"http:\/\/vincentians.com\/es\/wp-json\/wp\/v2\/media\/388396"}],"wp:attachment":[{"href":"http:\/\/vincentians.com\/es\/wp-json\/wp\/v2\/media?parent=5924"}],"wp:term":[{"taxonomy":"category","embeddable":true,"href":"http:\/\/vincentians.com\/es\/wp-json\/wp\/v2\/categories?post=5924"},{"taxonomy":"post_tag","embeddable":true,"href":"http:\/\/vincentians.com\/es\/wp-json\/wp\/v2\/tags?post=5924"}],"curies":[{"name":"wp","href":"https:\/\/api.w.org\/{rel}","templated":true}]}}