{"id":59229,"date":"2012-01-10T03:00:38","date_gmt":"2012-01-10T02:00:38","guid":{"rendered":"http:\/\/somos.vicencianos.org\/?p=59229"},"modified":"2012-01-10T03:00:38","modified_gmt":"2012-01-10T02:00:38","slug":"acompanando-la-post-mision","status":"publish","type":"post","link":"http:\/\/vincentians.com\/es\/acompanando-la-post-mision\/","title":{"rendered":"Acompa\u00f1ando la post-misi\u00f3n"},"content":{"rendered":"<h2><strong>Introducci\u00f3n<\/strong><\/h2>\n<p><a href=\"https:\/\/i0.wp.com\/vicencianos.org\/wp-content\/2011\/12\/misiones_zaragoza_05.jpg\"><img data-recalc-dims=\"1\" loading=\"lazy\" decoding=\"async\" class=\"alignright size-medium wp-image-56684\" title=\"misiones_zaragoza_05\" src=\"https:\/\/i0.wp.com\/vicencianos.org\/wp-content\/2011\/12\/misiones_zaragoza_05-300x169.jpg?resize=300%2C169\" alt=\"\" width=\"300\" height=\"169\" \/><\/a>Antes de tratar el punto del acompa\u00f1amiento es importante situarnos dentro de su contexto que es la Post-Misi\u00f3n.<\/p>\n<p>Entendemos la Post-Misi\u00f3n como la etapa y el lugar donde se consolida toda la experiencia de gracias recibidas en la misi\u00f3n, con el deseo y el compromiso de continuarla.<\/p>\n<p><strong>Esto exige de concreto<\/strong>:<strong><\/strong><\/p>\n<h3><strong>A) Organizar y programar el trabajo de continuidad de la misi\u00f3n<\/strong><\/h3>\n<ul>\n<li>Comienza con un taller<em> <\/em>para los laicos comprometidos, sobre la Nueva Evangelizaci\u00f3n, que desde la Eclesiolog\u00eda y Cristolog\u00eda, orientar\u00e1 el trabajo pastoral hacia un estado de misi\u00f3n permanente.<\/li>\n<li>En este taller es presentado el material a trabajar durante la Post-Misi\u00f3n. Su duraci\u00f3n es aproximadamente de tres a\u00f1os. Tiempo que dura el Acompa\u00f1amiento en las parroquias misionadas.<\/li>\n<li><strong>Material de Post-Misi\u00f3n<\/strong>. Este material responde a les necesidades requeridas. pera alcanzar el Objetivo General de la Misi\u00f3n Popular Vicentina: \u00abFormar en toda la parroquia Comunidades Familiares comprometidas en vivir su dimensi\u00f3n bautismal conociendo, celebrando y compartiendo su fe para que sean animadores de la vida cristiana\u00bb.<\/li>\n<li>El proceso del material de<em> <\/em>Post-Misi\u00f3n consta de cuatro pasos:<\/li>\n<ol>\n<li><em>Temas sobre la Comunidad<\/em> para entender mejor lo que es<strong><em> <\/em><\/strong>la comunidad y detectar el apoyo de los nuevos Animadores.<\/li>\n<li><em>Temas sobre la persona de Jesucristo<\/em> para profundizar en su conocimiento, sus ense\u00f1anzas y su seguimiento.<\/li>\n<li><em>Temas sobre el ser de la Iglesia<\/em> para fortalecer a la comunidad en su fe, sus celebraciones y su compromiso -aqu\u00ed surge el nacimiento de nuevos<strong><em> <\/em><\/strong>ministerios que ayuden a la vida de la comunidad parroquial-.<\/li>\n<li><em>Temas sociales<\/em> para profundizar en la formaci\u00f3n y saber ver la realidad cr\u00edticamente e incidir en ella.<\/li>\n<\/ol>\n<\/ul>\n<h3><strong>B) El Acompa\u00f1amiento<\/strong><\/h3>\n<p>&#8211; Se da por medio de las Visitas del Equipo de Misiones Populares Vicentinas al lugar misionado para evaluar y motivar esta caminada de la acci\u00f3n Post-Misional en la Iglesia Local.<\/p>\n<h2><strong>1. Acompa\u00f1ando la post-misi\u00f3n<\/strong><\/h2>\n<p>Las visitas son marcadas y realizadas de acuerdo al ritmo al proceso que presenta el material de Post-Misi\u00f3n.<\/p>\n<h3><strong><em>Primera visita:<\/em><\/strong><\/h3>\n<p>Es realizada aproximadamente despu\u00e9s de los primeros seis meses de la misi\u00f3n. Tiene como duraci\u00f3n una semana y hacemos lo siguiente:<\/p>\n<p><strong> a) Memorial de la Misi\u00f3n<\/strong><\/p>\n<p>&#8211; \u00bfQu\u00e9 signific\u00f3 para ti la misi\u00f3n?<\/p>\n<p><strong> b) Luces y Sombras:<\/strong><\/p>\n<p>&#8211; Evaluar c\u00f3mo han cambiado las Comunidades sobre: el material, el apoyo que les ha dado el p\u00e1rroco, la constancia de los animadores, su puntualidad, entrega, dedicaci\u00f3n, testimonio y asistencia a la. comunidad (ha bajado el numero, ha sido constante o ha aumentado).<\/p>\n<p><strong> c) Necesidades:<\/strong><\/p>\n<p>&#8211; \u00bfQu\u00e9 hace falta para que sigan las comunidades?<\/p>\n<p><strong> d) Formaci\u00f3n:<\/strong><\/p>\n<p>&#8211; Sobre los temas del ser de la Iglesia.<\/p>\n<p><strong> e) Retiro con los agentes de pastoral<\/strong><\/p>\n<h3><strong><em> Segunda visita:<\/em><\/strong><\/h3>\n<p>Es realizada aproximadamente seis meses despu\u00e9s de la primera visita y desarrollamos los siguientes puntos:<\/p>\n<p><strong> a) Memorial de la Primera Visita:<\/strong><\/p>\n<p>&#8211; Qu\u00e9 se evalu\u00f3 y qu\u00e9 se program\u00f3.<\/p>\n<p><strong>b) Luces y Sombras:<\/strong><\/p>\n<p>&#8211; El caminar de lo que se programo: surgimiento de servicios y madurez de la comunidad.<\/p>\n<p><strong>c) Necesidades de cara a la Tercera Visita:<\/strong><\/p>\n<p>&#8211; Necesidades detectadas por las comunidades.<\/p>\n<p>&#8211; Promoci\u00f3n integral alternativa: Talleres de teatro, salud, liturgia, misa con ni\u00f1os, derechos humanos, grupos laicales vicentinos, etc.<\/p>\n<p><strong>d) Compromisos programados por Comunidades:<\/strong><\/p>\n<p>&#8211; Se refiere al inter\u00e9s de la comunidad por sus necesidades; atenderlas y satisfacerlas, lo mismo que ir proyectandose sobre los tallares y diferentes alternativas.<\/p>\n<p><strong>e) Formaci\u00f3n:<\/strong><\/p>\n<p>&#8211; Sobre los temas sociales.<\/p>\n<p><strong><em> Tercera visita:<\/em><\/strong><\/p>\n<p><strong>a) Memorial de la Segunda Visita:<\/strong><\/p>\n<p>&#8211; Qu\u00e9 se evalu\u00f3 y qu\u00e9 se program\u00f3.<\/p>\n<p><strong>b) Luces y Sombras:<\/strong><\/p>\n<p>&#8211; El caminar de lo que se program\u00f3; madurez de los servicios.<\/p>\n<p><strong>c) Necesidades:<\/strong><\/p>\n<p>&#8211; Necesidades detectadas por las comunidades y selecci\u00f3n de la promoci\u00f3n integral alternativa (talleres).<\/p>\n<p><strong>d) Formaci\u00f3n:<\/strong><\/p>\n<p>&#8211; Sobre los talleres escogidos<\/p>\n<p><strong>e) Retiro con los agentes de pastoral.<\/strong><\/p>\n<p>* Aqu\u00ed paramos con nuestras visitas porque se est\u00e1 caminando a\u00fan para definir el fin del acompa\u00f1amiento de la Post-Misi\u00f3n.<\/p>\n<h2><strong>2. Resultados del acompa\u00f1amiento de la posmisi\u00f3n<\/strong><strong><\/strong><\/h2>\n<p>Hablar de resultados en general resulta un poco complicado porque cada misi\u00f3n tiene sus particularidades y por consiguiente sus propios resultados, que por lo general son m\u00e1s grandes en relaci\u00f3n a aquellos que conseguimos detectar con nuestros ojos. La Gracia de Dios nos rebasa.<\/p>\n<p>Sin embargo voy a intentar compartir las caracter\u00edsticas generales de los resultados obtenidos en la etapa de la Post-Misi\u00f3n<em>.<\/em><\/p>\n<ul>\n<li>De entrada podemos decir que las<em> <\/em>visitas realizadas durante la Post-Misi\u00f3n han sido bien acogidas y esperadas con cierta ansiedad por las comunidades misionadas.<\/li>\n<li>En ocasiones nuestras visitas al lugar misionado ha sido un motivo de resurgimiento de animadores y comunidades familiares que hab\u00edan parado por cualquier dificultad que encontraron en el camino. \u00abVan a llegar los misioneros, que verg\u00fcenza si no nos encuentran reunidos\u00bb.<\/li>\n<li>Durante las visitas reparamos con algunas dificultades que son fruto del caminar de las Comunidades Familiares: que ya desaparecieron algunas Comunidades, que el animador ya no quiere saber m\u00e1s de la comunidad, que el p\u00e1rroco no los acompa\u00f1a, que algunas comunidades disminuyeron, que tal animador no da los temas bien y que algunos miembros de las comunidades no se quieren comprometer.<\/li>\n<li>Por otro, lado tambi\u00e9n o\u00edmos: En tal barrio naci\u00f3 otra comunidad, nos seguimos reuniendo, ya creci\u00f3 la comunidad, tenemos m\u00e1s animadores, tuvimos este problema y todas las comunidades nos organizamos y colaboramos, el p\u00e1rroco nos visita y nos re\u00fane, ya convivo mas con mis vecinos, cada d\u00eda conozco mas mi religi\u00f3n, desde que estoy en la comunidad mi vida ha cambiado&#8230;<\/li>\n<li>El material que utilizamos es un apoyo muy claro <em>en <\/em>el resurgimiento de la Fe de una Comunidad, puesto que se sienten involucrados desde el principio de la Misi\u00f3n. Es toda una carga que bien llevada por los Animadores, despierta la fe y elimina los tropiezo que inciden en ella.<\/li>\n<li>Acercamiento a los fieles y acercamiento de los fieles. Creo que es una realidad que nos desencanta a medida que pasan los d\u00edas<em> <\/em>de la Misi\u00f3n. Encontramos cristianos. abandonados, resentidos, decepcionados, amargados, cargados de enormes problemas de toda clase (humanos, religiosos, familiares, morales, econ\u00f3micos y pol\u00edticos&#8230;) Y, Gracias a Dios, la misi\u00f3n empieza a calar en su vida; Dios es Padre y nos ama, nos respeta y nos perdona.<\/li>\n<li>Multiplicaci\u00f3n de los Grupos: Nos hab\u00eda dicho el Papa Pablo VI en EN. \u00abque una Iglesia evangelizadora es a la vez evangelizada y, adem\u00e1s, que esta es la garant\u00eda que hace cre\u00edble el Evangelio\u00bb. Vemos con alegr\u00eda la sencillez de la gente que busca el c\u00f3mo servir a sus hermanos desde lo que va aprendiendo y sobre todo, experimentando en el camino de la Iglesia. Es <em>en <\/em>nuestra gente pobre del campo, nos dice San Vicente, en donde se encuentra la verdadera religi\u00f3n.<\/li>\n<li>Con esta continuidad en la Post-Misi\u00f3n las comunidades misionadas no se quedan s\u00f3lo en el fervor de la Misi\u00f3n de quince d\u00edas o un mes, sino que, verdaderamente se transforman en comunidades en permanente misi\u00f3n, que procuran desde el compartir de la Palabra una manera concreta de seguir Jesucristo en su comunidad parroquial.<\/li>\n<\/ul>\n","protected":false},"excerpt":{"rendered":"<p>Introducci\u00f3n Antes de tratar el punto del acompa\u00f1amiento es importante situarnos dentro de su contexto que es la Post-Misi\u00f3n. Entendemos la Post-Misi\u00f3n como la etapa y el lugar donde se consolida toda la experiencia de &#8230; <a href=\"http:\/\/vincentians.com\/es\/acompanando-la-post-mision\/\" class=\"more-link\">Read More<\/a><\/p>\n","protected":false},"author":4,"featured_media":56684,"comment_status":"open","ping_status":"open","sticky":false,"template":"","format":"standard","meta":{"jetpack_post_was_ever_published":false,"_jetpack_newsletter_access":"","_jetpack_dont_email_post_to_subs":false,"_jetpack_newsletter_tier_id":0,"_jetpack_memberships_contains_paywalled_content":false,"_jetpack_memberships_contains_paid_content":false,"footnotes":"","jetpack_publicize_message":"","jetpack_publicize_feature_enabled":true,"jetpack_social_post_already_shared":true,"jetpack_social_options":{"image_generator_settings":{"template":"highway","default_image_id":0,"font":"","enabled":false},"version":2}},"categories":[201],"tags":[176],"class_list":["post-59229","post","type-post","status-publish","format-standard","has-post-thumbnail","hentry","category-misiones-ad-gentes","tag-misiones-populares"],"yoast_head":"<!-- This site is optimized with the Yoast SEO plugin v26.3 - https:\/\/yoast.com\/wordpress\/plugins\/seo\/ -->\n<title>Acompa\u00f1ando la post-misi\u00f3n - Somos Vicencianos<\/title>\n<meta name=\"robots\" content=\"index, follow, max-snippet:-1, max-image-preview:large, max-video-preview:-1\" \/>\n<link rel=\"canonical\" href=\"http:\/\/vincentians.com\/es\/acompanando-la-post-mision\/\" \/>\n<meta property=\"og:locale\" content=\"es_ES\" \/>\n<meta property=\"og:type\" content=\"article\" \/>\n<meta property=\"og:title\" content=\"Acompa\u00f1ando la post-misi\u00f3n - Somos Vicencianos\" \/>\n<meta property=\"og:description\" content=\"Introducci\u00f3n Antes de tratar el punto del acompa\u00f1amiento es importante situarnos dentro de su contexto que es la Post-Misi\u00f3n. Entendemos la Post-Misi\u00f3n como la etapa y el lugar donde se consolida toda la experiencia de ... Read More\" \/>\n<meta property=\"og:url\" content=\"http:\/\/vincentians.com\/es\/acompanando-la-post-mision\/\" \/>\n<meta property=\"og:site_name\" content=\"Somos Vicencianos\" \/>\n<meta property=\"article:publisher\" content=\"https:\/\/www.facebook.com\/WeAreVincentians\/\" \/>\n<meta property=\"article:author\" content=\"https:\/\/www.facebook.com\/JavierChento\" \/>\n<meta property=\"article:published_time\" content=\"2012-01-10T02:00:38+00:00\" \/>\n<meta name=\"author\" content=\"Francisco Javier Fern\u00e1ndez Chento\" \/>\n<meta name=\"twitter:card\" content=\"summary_large_image\" \/>\n<meta name=\"twitter:creator\" content=\"@https:\/\/twitter.com\/javierchento\" \/>\n<meta name=\"twitter:site\" content=\"@WeVincentians\" \/>\n<meta name=\"twitter:label1\" content=\"Escrito por\" \/>\n\t<meta name=\"twitter:data1\" content=\"Francisco Javier Fern\u00e1ndez Chento\" \/>\n\t<meta name=\"twitter:label2\" content=\"Tiempo de lectura\" \/>\n\t<meta name=\"twitter:data2\" content=\"6 minutos\" \/>\n<script type=\"application\/ld+json\" class=\"yoast-schema-graph\">{\"@context\":\"https:\/\/schema.org\",\"@graph\":[{\"@type\":\"Article\",\"@id\":\"http:\/\/vincentians.com\/es\/acompanando-la-post-mision\/#article\",\"isPartOf\":{\"@id\":\"http:\/\/vincentians.com\/es\/acompanando-la-post-mision\/\"},\"author\":{\"name\":\"Francisco Javier Fern\u00e1ndez Chento\",\"@id\":\"http:\/\/vincentians.com\/es\/#\/schema\/person\/9623ef4d9aa3b2dfb8c061f1499288f2\"},\"headline\":\"Acompa\u00f1ando la post-misi\u00f3n\",\"datePublished\":\"2012-01-10T02:00:38+00:00\",\"mainEntityOfPage\":{\"@id\":\"http:\/\/vincentians.com\/es\/acompanando-la-post-mision\/\"},\"wordCount\":1233,\"commentCount\":0,\"publisher\":{\"@id\":\"http:\/\/vincentians.com\/es\/#organization\"},\"image\":{\"@id\":\"http:\/\/vincentians.com\/es\/acompanando-la-post-mision\/#primaryimage\"},\"thumbnailUrl\":\"\",\"keywords\":[\"Misiones Populares\"],\"articleSection\":[\"Misiones \u00abAd gentes\u00bb\"],\"inLanguage\":\"es\",\"potentialAction\":[{\"@type\":\"CommentAction\",\"name\":\"Comment\",\"target\":[\"http:\/\/vincentians.com\/es\/acompanando-la-post-mision\/#respond\"]}]},{\"@type\":\"WebPage\",\"@id\":\"http:\/\/vincentians.com\/es\/acompanando-la-post-mision\/\",\"url\":\"http:\/\/vincentians.com\/es\/acompanando-la-post-mision\/\",\"name\":\"Acompa\u00f1ando la post-misi\u00f3n - Somos Vicencianos\",\"isPartOf\":{\"@id\":\"http:\/\/vincentians.com\/es\/#website\"},\"primaryImageOfPage\":{\"@id\":\"http:\/\/vincentians.com\/es\/acompanando-la-post-mision\/#primaryimage\"},\"image\":{\"@id\":\"http:\/\/vincentians.com\/es\/acompanando-la-post-mision\/#primaryimage\"},\"thumbnailUrl\":\"\",\"datePublished\":\"2012-01-10T02:00:38+00:00\",\"breadcrumb\":{\"@id\":\"http:\/\/vincentians.com\/es\/acompanando-la-post-mision\/#breadcrumb\"},\"inLanguage\":\"es\",\"potentialAction\":[{\"@type\":\"ReadAction\",\"target\":[\"http:\/\/vincentians.com\/es\/acompanando-la-post-mision\/\"]}]},{\"@type\":\"ImageObject\",\"inLanguage\":\"es\",\"@id\":\"http:\/\/vincentians.com\/es\/acompanando-la-post-mision\/#primaryimage\",\"url\":\"\",\"contentUrl\":\"\"},{\"@type\":\"BreadcrumbList\",\"@id\":\"http:\/\/vincentians.com\/es\/acompanando-la-post-mision\/#breadcrumb\",\"itemListElement\":[{\"@type\":\"ListItem\",\"position\":1,\"name\":\"Portada\",\"item\":\"http:\/\/vincentians.com\/es\/\"},{\"@type\":\"ListItem\",\"position\":2,\"name\":\"Acompa\u00f1ando la post-misi\u00f3n\"}]},{\"@type\":\"WebSite\",\"@id\":\"http:\/\/vincentians.com\/es\/#website\",\"url\":\"http:\/\/vincentians.com\/es\/\",\"name\":\"Somos Vicencianos\",\"description\":\"Know more to serve more\",\"publisher\":{\"@id\":\"http:\/\/vincentians.com\/es\/#organization\"},\"potentialAction\":[{\"@type\":\"SearchAction\",\"target\":{\"@type\":\"EntryPoint\",\"urlTemplate\":\"http:\/\/vincentians.com\/es\/?s={search_term_string}\"},\"query-input\":{\"@type\":\"PropertyValueSpecification\",\"valueRequired\":true,\"valueName\":\"search_term_string\"}}],\"inLanguage\":\"es\"},{\"@type\":\"Organization\",\"@id\":\"http:\/\/vincentians.com\/es\/#organization\",\"name\":\"The Vincentian Network\",\"url\":\"http:\/\/vincentians.com\/es\/\",\"logo\":{\"@type\":\"ImageObject\",\"inLanguage\":\"es\",\"@id\":\"http:\/\/vincentians.com\/es\/#\/schema\/logo\/image\/\",\"url\":\"https:\/\/i1.wp.com\/vincentians.com\/es\/wp-content\/uploads\/sites\/11\/2016\/06\/Vincentian-Network-logo-big.png?fit=778%2C778\",\"contentUrl\":\"https:\/\/i1.wp.com\/vincentians.com\/es\/wp-content\/uploads\/sites\/11\/2016\/06\/Vincentian-Network-logo-big.png?fit=778%2C778\",\"width\":778,\"height\":778,\"caption\":\"The Vincentian Network\"},\"image\":{\"@id\":\"http:\/\/vincentians.com\/es\/#\/schema\/logo\/image\/\"},\"sameAs\":[\"https:\/\/www.facebook.com\/WeAreVincentians\/\",\"https:\/\/x.com\/WeVincentians\"]},{\"@type\":\"Person\",\"@id\":\"http:\/\/vincentians.com\/es\/#\/schema\/person\/9623ef4d9aa3b2dfb8c061f1499288f2\",\"name\":\"Francisco Javier Fern\u00e1ndez Chento\",\"image\":{\"@type\":\"ImageObject\",\"inLanguage\":\"es\",\"@id\":\"http:\/\/vincentians.com\/es\/#\/schema\/person\/image\/\",\"url\":\"https:\/\/secure.gravatar.com\/avatar\/497d5cde87b4c3d097d0315953521681ba2cd523ee66e5077c3711f7021e65de?s=96&d=mm&r=g\",\"contentUrl\":\"https:\/\/secure.gravatar.com\/avatar\/497d5cde87b4c3d097d0315953521681ba2cd523ee66e5077c3711f7021e65de?s=96&d=mm&r=g\",\"caption\":\"Francisco Javier Fern\u00e1ndez Chento\"},\"description\":\"Director General y cofundador de La Red de Formaci\u00f3n Vicenciana. Javier es laico vicenciano, afiliado a la Congregaci\u00f3n de la Misi\u00f3n y miembro del Equipo de Misiones Populares de la provincia can\u00f3nica de Zaragoza (Espa\u00f1a) de la Congregaci\u00f3n de la Misi\u00f3n. Graduado en la Universidad Oberta de Catalunya con cuatro grados (Asistente de direcci\u00f3n, Gesti\u00f3n Administrativa, Recursos Humanos y Contabilidad Avanzada). Bil\u00edng\u00fce Espa\u00f1ol\/Ingl\u00e9s. gestiona y mantiene varias p\u00e1ginas web cristianas y vicencianas, incluida including La Red de Formaci\u00f3n Vicenciana, de la que es cofundador. Actualmente es responsable del \u00e1rea de Espa\u00f1ol de .famvin, la Red de Noticias de la Familia Vicenciana. Tambi\u00e9n es m\u00fasico cat\u00f3lico y ha editado varios discos. Es Director General y cofundador de Trovador, una reconocida compa\u00f1\u00eda discogr\u00e1fica critiana de Espa\u00f1a. Trabaja en las Tecnolog\u00edas de la Informaci\u00f3n, ofreciendo servicios de alojamiento, dise\u00f1o y mantenimiento Web, as\u00ed como asesoramiento, formaci\u00f3n y soluciones inform\u00e1ticas, gesti\u00f3n documental y digitalizaci\u00f3n de textos, edici\u00f3n y maquetaci\u00f3n de libros, revistas, flyers, etc.\",\"sameAs\":[\"http:\/\/chento.org\",\"https:\/\/www.facebook.com\/JavierChento\",\"https:\/\/x.com\/https:\/\/twitter.com\/javierchento\"],\"url\":\"http:\/\/vincentians.com\/es\/author\/chento\/\"}]}<\/script>\n<!-- \/ Yoast SEO plugin. -->","yoast_head_json":{"title":"Acompa\u00f1ando la post-misi\u00f3n - Somos Vicencianos","robots":{"index":"index","follow":"follow","max-snippet":"max-snippet:-1","max-image-preview":"max-image-preview:large","max-video-preview":"max-video-preview:-1"},"canonical":"http:\/\/vincentians.com\/es\/acompanando-la-post-mision\/","og_locale":"es_ES","og_type":"article","og_title":"Acompa\u00f1ando la post-misi\u00f3n - Somos Vicencianos","og_description":"Introducci\u00f3n Antes de tratar el punto del acompa\u00f1amiento es importante situarnos dentro de su contexto que es la Post-Misi\u00f3n. Entendemos la Post-Misi\u00f3n como la etapa y el lugar donde se consolida toda la experiencia de ... Read More","og_url":"http:\/\/vincentians.com\/es\/acompanando-la-post-mision\/","og_site_name":"Somos Vicencianos","article_publisher":"https:\/\/www.facebook.com\/WeAreVincentians\/","article_author":"https:\/\/www.facebook.com\/JavierChento","article_published_time":"2012-01-10T02:00:38+00:00","author":"Francisco Javier Fern\u00e1ndez Chento","twitter_card":"summary_large_image","twitter_creator":"@https:\/\/twitter.com\/javierchento","twitter_site":"@WeVincentians","twitter_misc":{"Escrito por":"Francisco Javier Fern\u00e1ndez Chento","Tiempo de lectura":"6 minutos"},"schema":{"@context":"https:\/\/schema.org","@graph":[{"@type":"Article","@id":"http:\/\/vincentians.com\/es\/acompanando-la-post-mision\/#article","isPartOf":{"@id":"http:\/\/vincentians.com\/es\/acompanando-la-post-mision\/"},"author":{"name":"Francisco Javier Fern\u00e1ndez Chento","@id":"http:\/\/vincentians.com\/es\/#\/schema\/person\/9623ef4d9aa3b2dfb8c061f1499288f2"},"headline":"Acompa\u00f1ando la post-misi\u00f3n","datePublished":"2012-01-10T02:00:38+00:00","mainEntityOfPage":{"@id":"http:\/\/vincentians.com\/es\/acompanando-la-post-mision\/"},"wordCount":1233,"commentCount":0,"publisher":{"@id":"http:\/\/vincentians.com\/es\/#organization"},"image":{"@id":"http:\/\/vincentians.com\/es\/acompanando-la-post-mision\/#primaryimage"},"thumbnailUrl":"","keywords":["Misiones Populares"],"articleSection":["Misiones \u00abAd gentes\u00bb"],"inLanguage":"es","potentialAction":[{"@type":"CommentAction","name":"Comment","target":["http:\/\/vincentians.com\/es\/acompanando-la-post-mision\/#respond"]}]},{"@type":"WebPage","@id":"http:\/\/vincentians.com\/es\/acompanando-la-post-mision\/","url":"http:\/\/vincentians.com\/es\/acompanando-la-post-mision\/","name":"Acompa\u00f1ando la post-misi\u00f3n - Somos Vicencianos","isPartOf":{"@id":"http:\/\/vincentians.com\/es\/#website"},"primaryImageOfPage":{"@id":"http:\/\/vincentians.com\/es\/acompanando-la-post-mision\/#primaryimage"},"image":{"@id":"http:\/\/vincentians.com\/es\/acompanando-la-post-mision\/#primaryimage"},"thumbnailUrl":"","datePublished":"2012-01-10T02:00:38+00:00","breadcrumb":{"@id":"http:\/\/vincentians.com\/es\/acompanando-la-post-mision\/#breadcrumb"},"inLanguage":"es","potentialAction":[{"@type":"ReadAction","target":["http:\/\/vincentians.com\/es\/acompanando-la-post-mision\/"]}]},{"@type":"ImageObject","inLanguage":"es","@id":"http:\/\/vincentians.com\/es\/acompanando-la-post-mision\/#primaryimage","url":"","contentUrl":""},{"@type":"BreadcrumbList","@id":"http:\/\/vincentians.com\/es\/acompanando-la-post-mision\/#breadcrumb","itemListElement":[{"@type":"ListItem","position":1,"name":"Portada","item":"http:\/\/vincentians.com\/es\/"},{"@type":"ListItem","position":2,"name":"Acompa\u00f1ando la post-misi\u00f3n"}]},{"@type":"WebSite","@id":"http:\/\/vincentians.com\/es\/#website","url":"http:\/\/vincentians.com\/es\/","name":"Somos Vicencianos","description":"Know more to serve more","publisher":{"@id":"http:\/\/vincentians.com\/es\/#organization"},"potentialAction":[{"@type":"SearchAction","target":{"@type":"EntryPoint","urlTemplate":"http:\/\/vincentians.com\/es\/?s={search_term_string}"},"query-input":{"@type":"PropertyValueSpecification","valueRequired":true,"valueName":"search_term_string"}}],"inLanguage":"es"},{"@type":"Organization","@id":"http:\/\/vincentians.com\/es\/#organization","name":"The Vincentian Network","url":"http:\/\/vincentians.com\/es\/","logo":{"@type":"ImageObject","inLanguage":"es","@id":"http:\/\/vincentians.com\/es\/#\/schema\/logo\/image\/","url":"https:\/\/i1.wp.com\/vincentians.com\/es\/wp-content\/uploads\/sites\/11\/2016\/06\/Vincentian-Network-logo-big.png?fit=778%2C778","contentUrl":"https:\/\/i1.wp.com\/vincentians.com\/es\/wp-content\/uploads\/sites\/11\/2016\/06\/Vincentian-Network-logo-big.png?fit=778%2C778","width":778,"height":778,"caption":"The Vincentian Network"},"image":{"@id":"http:\/\/vincentians.com\/es\/#\/schema\/logo\/image\/"},"sameAs":["https:\/\/www.facebook.com\/WeAreVincentians\/","https:\/\/x.com\/WeVincentians"]},{"@type":"Person","@id":"http:\/\/vincentians.com\/es\/#\/schema\/person\/9623ef4d9aa3b2dfb8c061f1499288f2","name":"Francisco Javier Fern\u00e1ndez Chento","image":{"@type":"ImageObject","inLanguage":"es","@id":"http:\/\/vincentians.com\/es\/#\/schema\/person\/image\/","url":"https:\/\/secure.gravatar.com\/avatar\/497d5cde87b4c3d097d0315953521681ba2cd523ee66e5077c3711f7021e65de?s=96&d=mm&r=g","contentUrl":"https:\/\/secure.gravatar.com\/avatar\/497d5cde87b4c3d097d0315953521681ba2cd523ee66e5077c3711f7021e65de?s=96&d=mm&r=g","caption":"Francisco Javier Fern\u00e1ndez Chento"},"description":"Director General y cofundador de La Red de Formaci\u00f3n Vicenciana. Javier es laico vicenciano, afiliado a la Congregaci\u00f3n de la Misi\u00f3n y miembro del Equipo de Misiones Populares de la provincia can\u00f3nica de Zaragoza (Espa\u00f1a) de la Congregaci\u00f3n de la Misi\u00f3n. Graduado en la Universidad Oberta de Catalunya con cuatro grados (Asistente de direcci\u00f3n, Gesti\u00f3n Administrativa, Recursos Humanos y Contabilidad Avanzada). Bil\u00edng\u00fce Espa\u00f1ol\/Ingl\u00e9s. gestiona y mantiene varias p\u00e1ginas web cristianas y vicencianas, incluida including La Red de Formaci\u00f3n Vicenciana, de la que es cofundador. Actualmente es responsable del \u00e1rea de Espa\u00f1ol de .famvin, la Red de Noticias de la Familia Vicenciana. Tambi\u00e9n es m\u00fasico cat\u00f3lico y ha editado varios discos. Es Director General y cofundador de Trovador, una reconocida compa\u00f1\u00eda discogr\u00e1fica critiana de Espa\u00f1a. Trabaja en las Tecnolog\u00edas de la Informaci\u00f3n, ofreciendo servicios de alojamiento, dise\u00f1o y mantenimiento Web, as\u00ed como asesoramiento, formaci\u00f3n y soluciones inform\u00e1ticas, gesti\u00f3n documental y digitalizaci\u00f3n de textos, edici\u00f3n y maquetaci\u00f3n de libros, revistas, flyers, etc.","sameAs":["http:\/\/chento.org","https:\/\/www.facebook.com\/JavierChento","https:\/\/x.com\/https:\/\/twitter.com\/javierchento"],"url":"http:\/\/vincentians.com\/es\/author\/chento\/"}]}},"jetpack_publicize_connections":[],"jetpack_featured_media_url":"","jetpack_sharing_enabled":true,"jetpack_shortlink":"https:\/\/wp.me\/p7ETMF-fpj","jetpack-related-posts":[{"id":386896,"url":"http:\/\/vincentians.com\/es\/saludo-del-superior-general-en-la-fiesta-de-la-congregacion-de-la-mision\/","url_meta":{"origin":59229,"position":0},"title":"Saludo del Superior General, en la fiesta de la Congregaci\u00f3n de la Misi\u00f3n","author":"Francisco Javier Fern\u00e1ndez Chento","date":"25\/01\/2016","format":"video","excerpt":"https:\/\/www.youtube.com\/watch?v=Kq5xTyJ7wPc \u00a0 Mis queridos hermanos de la Congregaci\u00f3n de la Misi\u00f3n: Con mucha alegr\u00eda tengo la oportunidad de felicitarles, en este d\u00eda en el que celebramos el aniversario de nuestra fundaci\u00f3n, en la fiesta de la conversi\u00f3n de san Pablo, un d\u00eda que marc\u00f3 la vida de san Vicente de\u2026","rel":"","context":"En \u00abCongregaci\u00f3n de la Misi\u00f3n\u00bb","block_context":{"text":"Congregaci\u00f3n de la Misi\u00f3n","link":"http:\/\/vincentians.com\/es\/category\/la-familia-vicenciana\/ramas\/congregacion-de-la-mision\/"},"img":{"alt_text":"","src":"https:\/\/i0.wp.com\/img.youtube.com\/vi\/Kq5xTyJ7wPc\/0.jpg?resize=350%2C200","width":350,"height":200},"classes":[]},{"id":115233,"url":"http:\/\/vincentians.com\/es\/p-laureano-esteban\/","url_meta":{"origin":59229,"position":1},"title":"P. Laureano Esteban","author":"Mitxel Olabu\u00e9naga","date":"27\/11\/2012","format":false,"excerpt":"Este fue el P. Laureano Esteban, riojano de pura cepa, que supo transformar el calor del vino de su tierra por el calor del vino del amor de Dios y de las almas, que en \u00e9l adquiri\u00f3 grados y quilates de hervor y de heroismo. Se form\u00f3 en la escuela\u2026","rel":"","context":"En \u00abBiograf\u00edas de Misioneros Pa\u00fales\u00bb","block_context":{"text":"Biograf\u00edas de Misioneros Pa\u00fales","link":"http:\/\/vincentians.com\/es\/category\/la-familia-vicenciana\/biografias-vicencianas\/biografias-de-misioneros-paules\/"},"img":{"alt_text":"","src":"https:\/\/i0.wp.com\/vincentians.com\/es\/wp-content\/uploads\/sites\/11\/2016\/07\/bio-cm.jpg?fit=1200%2C630&resize=350%2C200","width":350,"height":200,"srcset":"https:\/\/i0.wp.com\/vincentians.com\/es\/wp-content\/uploads\/sites\/11\/2016\/07\/bio-cm.jpg?fit=1200%2C630&resize=350%2C200 1x, https:\/\/i0.wp.com\/vincentians.com\/es\/wp-content\/uploads\/sites\/11\/2016\/07\/bio-cm.jpg?fit=1200%2C630&resize=525%2C300 1.5x, https:\/\/i0.wp.com\/vincentians.com\/es\/wp-content\/uploads\/sites\/11\/2016\/07\/bio-cm.jpg?fit=1200%2C630&resize=700%2C400 2x, https:\/\/i0.wp.com\/vincentians.com\/es\/wp-content\/uploads\/sites\/11\/2016\/07\/bio-cm.jpg?fit=1200%2C630&resize=1050%2C600 3x"},"classes":[]},{"id":119268,"url":"http:\/\/vincentians.com\/es\/historia-de-los-paules-en-cuba-capitulo-v-d\/","url_meta":{"origin":59229,"position":2},"title":"Historia de los Pa\u00fales en Cuba: cap\u00edtulo V (D)","author":"Mitxel Olabu\u00e9naga","date":"11\/04\/2013","format":false,"excerpt":"4. Los Pa\u00fales y las primeras Misiones en los campos, c\u00e1rceles y ciudades. Mientras tanto los Padres Pa\u00fales continuaban su obra. Ya hemos visto que las primeras misiones que realizaron los Hijos de San Vicente en Cuba fueron las de La Habana, del 3 al 18 de marzo de 1864,\u2026","rel":"","context":"En \u00abHistoria de la Congregaci\u00f3n de la Misi\u00f3n\u00bb","block_context":{"text":"Historia de la Congregaci\u00f3n de la Misi\u00f3n","link":"http:\/\/vincentians.com\/es\/category\/historia-de-la-familia-vicenciana\/historia-de-la-congregacion-de-la-mision\/"},"img":{"alt_text":"41747943_95fc4657ec","src":"https:\/\/i0.wp.com\/vicencianos.org\/wp-content\/2013\/02\/41747943_95fc4657ec.jpg?resize=350%2C200","width":350,"height":200},"classes":[]},{"id":127199,"url":"http:\/\/vincentians.com\/es\/misioneros-vicencianos-con-dios-entre-los-mas-pobres\/","url_meta":{"origin":59229,"position":3},"title":"Misioneros Vicencianos: con Dios entre los m\u00e1s pobres","author":"Francisco Javier Fern\u00e1ndez Chento","date":"15\/01\/2024","format":false,"excerpt":"Bajo la denominaci\u00f3n de Misioneros Vicencianos se hace referencia en este art\u00edculo al carisma misionero de los Padres Pa\u00fales, Hijas de la Caridad y Misioneros Seglares Vicencianos. Una galer\u00eda de hombres y mujeres de talla excepcional que se encuentran all\u00ed donde m\u00e1s se les necesita \u2013entre los perseguidos, hu\u00e9rfanos, hambrientos,\u2026","rel":"","context":"En \u00abMisiones \u00abAd gentes\u00bb\u00bb","block_context":{"text":"Misiones \u00abAd gentes\u00bb","link":"http:\/\/vincentians.com\/es\/category\/servicios-y-ministerios\/misiones-ad-gentes\/"},"img":{"alt_text":"","src":"https:\/\/i0.wp.com\/vincentians.com\/es\/wp-content\/uploads\/sites\/11\/2016\/09\/enviados-evangelizar-pobres.jpg?fit=1200%2C630&resize=350%2C200","width":350,"height":200,"srcset":"https:\/\/i0.wp.com\/vincentians.com\/es\/wp-content\/uploads\/sites\/11\/2016\/09\/enviados-evangelizar-pobres.jpg?fit=1200%2C630&resize=350%2C200 1x, https:\/\/i0.wp.com\/vincentians.com\/es\/wp-content\/uploads\/sites\/11\/2016\/09\/enviados-evangelizar-pobres.jpg?fit=1200%2C630&resize=525%2C300 1.5x, https:\/\/i0.wp.com\/vincentians.com\/es\/wp-content\/uploads\/sites\/11\/2016\/09\/enviados-evangelizar-pobres.jpg?fit=1200%2C630&resize=700%2C400 2x, https:\/\/i0.wp.com\/vincentians.com\/es\/wp-content\/uploads\/sites\/11\/2016\/09\/enviados-evangelizar-pobres.jpg?fit=1200%2C630&resize=1050%2C600 3x"},"classes":[]},{"id":131130,"url":"http:\/\/vincentians.com\/es\/seguidores-de-cristo-evangelizador-de-los-pobres\/","url_meta":{"origin":59229,"position":4},"title":"Seguidores de Cristo evangelizador de los pobres","author":"Francisco Javier Fern\u00e1ndez Chento","date":"22\/08\/2014","format":false,"excerpt":"El Esp\u00edritu del Se\u00f1or sobre m\u00ed, porque El me ha ungido para que d\u00e9 la Buena Noticia a los pobres\". Lc. 4,18). \"El fin de la Congregaci\u00f3n es seguir a Cristo evangelizador de los pobres...\". (C. 1). Vocaci\u00f3n y misi\u00f3n son dos ideas que se complementan mutuamente. El \"ven y\u2026","rel":"","context":"En \u00abEspiritualidad vicenciana\u00bb","block_context":{"text":"Espiritualidad vicenciana","link":"http:\/\/vincentians.com\/es\/category\/espiritualidad\/espiritualidad-vicenciana\/"},"img":{"alt_text":"espiritualidad","src":"https:\/\/i0.wp.com\/vicencianos.org\/wp-content\/2014\/07\/espiritualidad.jpg?resize=350%2C200","width":350,"height":200},"classes":[]},{"id":133262,"url":"http:\/\/vincentians.com\/es\/conceptos-clave-en-misiones-populares-19-eucaristia-final\/","url_meta":{"origin":59229,"position":5},"title":"Conceptos clave en misiones populares 19: Eucarist\u00eda final","author":"Francisco Javier Fern\u00e1ndez Chento","date":"19\/01\/2015","format":false,"excerpt":"Este nombre que le damos entre nosotros est\u00e1 cargado de sentido. Los curas hablan frecuentemente de eucarist\u00eda \"de clausura\", nosotros de eucarist\u00eda \"final de etapa\". Su sentido es misionero. Retoma la historia propia (tradici\u00f3n) de la comunidad y lo vivido en la misi\u00f3n (a trav\u00e9s de las Conclusiones de la\u2026","rel":"","context":"En \u00abMisiones populares\u00bb","block_context":{"text":"Misiones populares","link":"http:\/\/vincentians.com\/es\/category\/servicios-y-ministerios\/misiones-populares-misiones\/"},"img":{"alt_text":"SVPAZ-2","src":"https:\/\/i0.wp.com\/vicencianos.org\/wp-content\/2015\/01\/SVPAZ-2-200x300.jpg?resize=350%2C200","width":350,"height":200},"classes":[]}],"_links":{"self":[{"href":"http:\/\/vincentians.com\/es\/wp-json\/wp\/v2\/posts\/59229","targetHints":{"allow":["GET"]}}],"collection":[{"href":"http:\/\/vincentians.com\/es\/wp-json\/wp\/v2\/posts"}],"about":[{"href":"http:\/\/vincentians.com\/es\/wp-json\/wp\/v2\/types\/post"}],"author":[{"embeddable":true,"href":"http:\/\/vincentians.com\/es\/wp-json\/wp\/v2\/users\/4"}],"replies":[{"embeddable":true,"href":"http:\/\/vincentians.com\/es\/wp-json\/wp\/v2\/comments?post=59229"}],"version-history":[{"count":0,"href":"http:\/\/vincentians.com\/es\/wp-json\/wp\/v2\/posts\/59229\/revisions"}],"wp:featuredmedia":[{"embeddable":true,"href":"http:\/\/vincentians.com\/es\/wp-json\/"}],"wp:attachment":[{"href":"http:\/\/vincentians.com\/es\/wp-json\/wp\/v2\/media?parent=59229"}],"wp:term":[{"taxonomy":"category","embeddable":true,"href":"http:\/\/vincentians.com\/es\/wp-json\/wp\/v2\/categories?post=59229"},{"taxonomy":"post_tag","embeddable":true,"href":"http:\/\/vincentians.com\/es\/wp-json\/wp\/v2\/tags?post=59229"}],"curies":[{"name":"wp","href":"https:\/\/api.w.org\/{rel}","templated":true}]}}