{"id":58783,"date":"2012-01-06T04:51:35","date_gmt":"2012-01-06T03:51:35","guid":{"rendered":"http:\/\/somos.vicencianos.org\/?p=58783"},"modified":"2016-07-26T09:44:44","modified_gmt":"2016-07-26T07:44:44","slug":"los-vicencianos-en-europa-en-1999-un-tiempo-de-crisis","status":"publish","type":"post","link":"http:\/\/vincentians.com\/es\/los-vicencianos-en-europa-en-1999-un-tiempo-de-crisis\/","title":{"rendered":"Los Vicencianos en Europa en 1999: Un tiempo de crisis"},"content":{"rendered":"<h2>Introducci\u00f3n<\/h2>\n<p><strong>\u00bfPor qu\u00e9 centrarnos ahora en Europa?<\/strong><strong><\/strong><\/p>\n<p><a href=\"https:\/\/i0.wp.com\/vicencianos.org\/wp-content\/2011\/12\/logocm.png\"><img data-recalc-dims=\"1\" loading=\"lazy\" decoding=\"async\" class=\"alignright size-medium wp-image-57594\" title=\"logocm\" src=\"https:\/\/i0.wp.com\/vicencianos.org\/wp-content\/2011\/12\/logocm-245x300.png?resize=245%2C300\" alt=\"\" width=\"245\" height=\"300\" \/><\/a>En su carta a los Visitadores de Europa previa a la reuni\u00f3n de \u00e9stos en L\u00edbano en abril de 1999, el Superior General, P. Robert Maloney, nos anim\u00f3 a dirigir nuestro pensamiento m\u00e1s all\u00e1 de las perspectivas de nuestras propias provincias y a centrar nuestra reflexi\u00f3n en los retos que, como vicencianos \u2018en misi\u00f3n en Europa\u2019, se nos presentan actualmente.<span id='easy-footnote-1-58783' class='easy-footnote-margin-adjust'><\/span><span class='easy-footnote'><a href='http:\/\/vincentians.com\/es\/los-vicencianos-en-europa-en-1999-un-tiempo-de-crisis\/#easy-footnote-bottom-1-58783' title='Vincentiana, Mayo-Junio 1999 &amp;#8211; Carta del P. Maloney a los miembros de CEVIM (Conferencia Europea de Visitadores de la Misi\u00f3n), 12 de abril de 1999, p. 145-149.'><sup>1<\/sup><\/a><\/span> Al hacerlo, el P. General reconoc\u00eda la diversidad del contexto y la variedad de misi\u00f3n y ministerios en las provincias europeas. Si examinamos nuestro cat\u00e1logo<span id='easy-footnote-2-58783' class='easy-footnote-margin-adjust'><\/span><span class='easy-footnote'><a href='http:\/\/vincentians.com\/es\/los-vicencianos-en-europa-en-1999-un-tiempo-de-crisis\/#easy-footnote-bottom-2-58783' title='Estad\u00edsticas de las Provincias de CEVIM &amp;#8211; Cat\u00e1logo 1999.'><sup>2<\/sup><\/a><\/span> nos daremos cuenta de que actualmente existe una gran diversidad de una provincia a otra respecto al tama\u00f1o, al personal, al n\u00famero de comunidades y tambi\u00e9n respecto a las obras en que cada provincia est\u00e1 empe\u00f1ada. Sin embargo, con la excepci\u00f3n de nuestras provincias de Europa del Este, podr\u00edamos afirmar con verdad que actualmente nos hallamos en un tiempo de verdadera crisis respecto al futuro de muchas de nuestras provincias de Europa. El n\u00famero de candidatos ha disminuido dr\u00e1sticamente y muchas de nuestras provincias se enfrentan a la realidad de no tener suficientes cohermanos para mantener nuestras obras en el futuro. Al mismo tiempo, la edad media de los cohermanos de muchas provincias es muy alta, en muchos casos alrededor de los 65 a\u00f1os. Por supuesto, no estamos en situaci\u00f3n distinta de otras muchas \u00f3rdenes y congregaciones en esta necesidad de reflexionar sobre qu\u00e9 clase de futuro pueda tener la Congregaci\u00f3n en nuestros respectivos pa\u00edses. Ciertamente, el futuro ante muchas de nuestras provincias es el de un progresivo declive o el de una m\u00e1s concentrada presencia vicenciana, a pesar de ser pocos en n\u00famero.<\/p>\n<p>Una segunda raz\u00f3n para una ulterior consideraci\u00f3n de una perspectiva europea para la Congregaci\u00f3n es el hecho de que, a muchos otros niveles, est\u00e1 en marcha un proceso de reflexi\u00f3n \u2013pol\u00edtica, social y culturalmente\u2013 acerca de Europa y no s\u00f3lo sobre la Uni\u00f3n Europea, sino sobre una m\u00e1s amplia visi\u00f3n de Europa que se extiende del Oeste al Este, desde el Atl\u00e1ntico a los Urales, y desde el Norte al Sur, desde el polo norte al Mediterr\u00e1neo. Podemos tener varias actitudes hacia la Uni\u00f3n Europea y ser esc\u00e9pticos respecto al EURO como tal.<span id='easy-footnote-3-58783' class='easy-footnote-margin-adjust'><\/span><span class='easy-footnote'><a href='http:\/\/vincentians.com\/es\/los-vicencianos-en-europa-en-1999-un-tiempo-de-crisis\/#easy-footnote-bottom-3-58783' title='En noviembre de 1998, en el &lt;em&gt;International Herald Tribune, 28-29 Nov.&lt;\/em&gt;, el fil\u00f3sofo franc\u00e9s, Regis Debray, escribi\u00f3:&lt;\/p&gt;\n&lt;p&gt;\u00ab\u00bfQu\u00e9 vemos en los billetes de nuestro futuro EURO cuyos grabados acaban de ser creados? Ventanas, puentes, portales, puertas de cristal y viaductos, todos s\u00edmbolos de apertura y comunicaci\u00f3n. No se encuentra la figura ni siquiera de un ser humano. Los pilares y columnas no tienen fundamentos. No hay nombres propios, ni tampoco paisaje, ni fecha, ni lugar. S\u00f3lo fr\u00edas, t\u00e9cnicas, des\u00e9rticas im\u00e1genes generadas por ordenadores. \u00c9sta es Eurolandia, una tierra de nadie, una tierra inexistente.&lt;\/p&gt;\n&lt;p&gt;\u00bfCarecemos los europeos de memorias y patrimonio? Aunque despreciemos la gloria pol\u00edtica y militar, lo cual inevitablemente ofende al orgullo nacional, todav\u00eda nos quedan Erasmo, Newton, Shakespeare, Garibaldi, Goethe, Voltaire, Cervantes y otros muchos. Las naciones son \u2018comunidades imaginarias\u2019 en las que los individuos est\u00e1n unidos menos por sus ideas que por im\u00e1genes compartidas, mitos, leyendas y personales peculiaridades. La memoria es esencial para formar una com\u00fan voluntad.&lt;\/p&gt;\n&lt;p&gt;Realmente, nada hay m\u00e1s revelador que estos billetes que no tienen historia alguna que contar, ni figuras de las que uno pudiera sentirse orgulloso, ning\u00fan acontecimiento fundante, ninguna independencia. Parece que hemos olvidado las lecciones que los fil\u00f3sofos nos impartieron a lo largo del curso de las civilizaciones \u2013 \u2018nada grande puede alcanzarse sin pasi\u00f3n\u2019.&lt;\/p&gt;\n&lt;p&gt;Debray podr\u00eda haber incluido a los santos, San Benito, Santo Domingo, San Francisco, Santa Teresa de Jes\u00fas, San Ignacio de Loyola, San Vicente de Pa\u00fal y otros muchos que, a\u00fan m\u00e1s que los fil\u00f3sofos, han mostrado un apasionado inter\u00e9s por el bienestar de los hombres, sus hermanos.'><sup>3<\/sup><\/a><\/span> El hecho en este asunto es que hoy probablemente estamos divididos en EURO entusiastas y en EURO esc\u00e9pticos y que nos encontramos frente a todas las barreras nacionalistas que son parte y herencia de nuestra historia europea. El reto de la carta del P. Maloney y tambi\u00e9n el reto de mucho de lo que nos est\u00e1 llegando del reciente S\u00ednodo europeo es c\u00f3mo centrarnos en una misi\u00f3n en Europa que responda a las necesidades de las gentes hoy.<\/p>\n<p><strong>Tiempo de crisis<\/strong><strong><\/strong><\/p>\n<p>Algunos pueden pensar que la palabra \u2018crisis\u2019 es demasiado fuerte para usarla respecto a la situaci\u00f3n actual. A lo largo de este art\u00edculo, se\u00f1alar\u00e9 algunos de los factores que, a mi parecer, justifican el uso de tal palabra, pero de momento desear\u00eda indicar que la empleo en su doble sentido, en el positivo y en el negativo. No hay duda de que \u00e9ste es un extraordinario tiempo de cambio y de transici\u00f3n en nuestras sociedades de Europa. El ritmo de cambio en muchos y diversos niveles se ha incrementado r\u00e1pidamente durante estos 10 \u00f3 20 \u00faltimos a\u00f1os. Toda clase de nuevos retos y de nuevas necesidades est\u00e1 surgiendo a nuestro alrededor. Es en contexto de cambio acelerado y de nuevas oportunidades para la misi\u00f3n y evangelizaci\u00f3n en el que uso la palabra \u2018crisis\u2019. La empleo tambi\u00e9n en el sentido de que si no aprovechamos estas oportunidades, podr\u00edamos muy bien mantener alg\u00fan tipo de presencia en el futuro, pero, quiz\u00e1, fuera una presencia con la que no respondi\u00e9ramos a las necesidades reales de los cristianos de hoy, o nos retirar\u00edamos a un mundo cerrado donde s\u00f3lo trat\u00e1ramos de sobrevivir a toda costa.<\/p>\n<p><strong>Una reflexi\u00f3n centrada en Europa<\/strong><strong><\/strong><\/p>\n<p>Puedo ya percibir que algunas personas se sientan ansiosas ante la reflexi\u00f3n euroc\u00e9ntrica de este art\u00edculo. Desde el Vaticano II se nos ha animado a mirar hacia afuera, m\u00e1s all\u00e1 de Europa y a centrarnos en una iglesia universal y a fijarnos, asimismo, en lo que Europa puede aprender de Asia, \u00c1frica, Norteam\u00e9rica, Sudam\u00e9rica y Australia. Doy todo eso por supuesto y que nos es saludable hacerlo as\u00ed. El hecho, precisamente, de que la mayor\u00eda de nuestras provincias haya trabajado y colaborado en las misiones de varias partes del mundo nos ha proporcionado, realmente, muchos puntos de contacto con los otros continentes. Al mismo tiempo, pienso que ha llegado el momento de que centremos nuestra reflexi\u00f3n sobre qu\u00e9 forma tomar\u00e1 la misi\u00f3n en el futuro en la misma Europa sin perder la perspectiva mundial o global. \u00bfSer\u00e1 verdad decir que algunas provincias de Europa est\u00e1n muriendo al dar a luz a nuevas provincias en \u00c1frica o Asia o Sudam\u00e9rica? Muchos recursos en personal y en ayudas materiales se han dirigido a nuevas misiones, donde las j\u00f3venes Iglesias han ido echando ra\u00edces. No hay duda de que hay muchas cosas dignas de alabanza en este planteamiento, pero, al mismo tiempo, me parece que tambi\u00e9n estamos llamados a aceptar seriamente el desaf\u00edo que tenemos a nuestra puerta, como lo se\u00f1al\u00f3 el Papa Juan Pablo en su enc\u00edclica <em>Redemptoris Missio<\/em>,<span id='easy-footnote-4-58783' class='easy-footnote-margin-adjust'><\/span><span class='easy-footnote'><a href='http:\/\/vincentians.com\/es\/los-vicencianos-en-europa-en-1999-un-tiempo-de-crisis\/#easy-footnote-bottom-4-58783' title='&lt;em&gt;Redemptoris Missio, &lt;\/em&gt;33, 34, 37.'><sup>4<\/sup><\/a><\/span> hace unos nueve a\u00f1os.<\/p>\n<h2>I. Una situaci\u00f3n de cambio en Europa: en la sociedad y en la Iglesia<\/h2>\n<p>Este verano particip\u00e9 en una escuela de verano en la Universidad de Lovaina. Durante una sesi\u00f3n, un joven conferenciante indic\u00f3 que \u00e9l y los de su edad (ten\u00eda unos 35 a\u00f1os) cre\u00edan que la tradici\u00f3n cat\u00f3lica podr\u00eda desaparecer en Europa del Norte en los pr\u00f3ximos 20 a\u00f1os. Muchos de los que asist\u00edamos a la conferencia quedamos realmente impresionados. Al preguntarle por qu\u00e9 pensaba as\u00ed, respondi\u00f3 indicando, primeramente, que en el grupo de su edad, de 30 a 40 a\u00f1os y m\u00e1s j\u00f3venes, eran muy pocos los que participaban hoy d\u00eda en la vida de la Iglesia. En segundo lugar, muchos seminarios est\u00e1n pr\u00e1cticamente vac\u00edos y es dif\u00edcil ver de d\u00f3nde saldr\u00e1n las personas que con dedicaci\u00f3n plena mantengan la vida de la Iglesia en el futuro si las cosas siguen estructuradas como actualmente. Hizo otras observaciones sobre el clericalismo, el patriarcado, la alienaci\u00f3n de las mujeres, que se oyen hoy por todas partes. El acento de los comentarios de este joven conferenciante era Europa del Norte (B\u00e9lgica, Holanda, Alemania y Francia). Las estad\u00edsticas de la Europa mediterr\u00e1nea (Espa\u00f1a e Italia) son menos inquietantes, pero no menos serias. Cuando se mira los hechos y datos que los soci\u00f3logos est\u00e1n dando a conocer hoy, uno se encuentra ante una continua p\u00e9rdida de la pr\u00e1ctica religiosa a\u00fan en estos pa\u00edses. La excepci\u00f3n, por supuesto, es la Europa del Este, donde se recibe la impresi\u00f3n de que una vigorosa vida eclesial crece en Eslovenia, Eslovaquia, Polonia y Hungr\u00eda. Sin embargo, en recientes reuniones de los Visitadores de Europa, me he visto, a menudo, sorprendido por las observaciones de algunos cohermanos de estas provincias, que me indicaban que los retos ante los que se encuentra Europa Occidental ser\u00e1n los mismos que en breve afrontar\u00e1n Centro Europa y Europa del Este. Lo que parece cierto es que en la mayor\u00eda de los pa\u00edses europeos se est\u00e1 dando una acelerada p\u00e9rdida de la juventud para la Iglesia, lo que ha llevado a hablar de una \u2018Iglesia agonizante\u2019 en muchas partes del mundo occidental.<\/p>\n<p>Este verano apareci\u00f3 en un diario religioso ingl\u00e9s, <em>The Tablet,<\/em><em> <\/em><span id='easy-footnote-5-58783' class='easy-footnote-margin-adjust'><\/span><span class='easy-footnote'><a href='http:\/\/vincentians.com\/es\/los-vicencianos-en-europa-en-1999-un-tiempo-de-crisis\/#easy-footnote-bottom-5-58783' title='&lt;em&gt;The Tablet, &lt;\/em&gt;24 de julio de 1999: Gordon Heald, &lt;em&gt;Where Have All The Catholics Gone?,&lt;\/em&gt;pp. 860-863. Las \u00faltimas estad\u00edsticas sobre la Iglesia cat\u00f3lica en Inglaterra y Gales revelan una aguda ca\u00edda en la mayor\u00eda de los aspectos de la vida eclesial a partir de los sesenta.'><sup>5<\/sup><\/a><\/span> una serie de art\u00edculos sobre la progresiva sangr\u00eda de la pr\u00e1ctica religiosa cat\u00f3lica en Inglaterra y Gales en los \u00faltimos 40 a\u00f1os. Este asunto fue tratado en las siguientes semanas por otros escritores, entre ellos Jan Kerkhofs,<span id='easy-footnote-6-58783' class='easy-footnote-margin-adjust'><\/span><span class='easy-footnote'><a href='http:\/\/vincentians.com\/es\/los-vicencianos-en-europa-en-1999-un-tiempo-de-crisis\/#easy-footnote-bottom-6-58783' title='&lt;em&gt;The Tablet,&lt;\/em&gt; 24 de julio de 1999: Jan Kerkhofs &lt;em&gt;Where Have All The Catholics Gone? &amp;#8211; Europe Needs Therapy, &lt;\/em&gt;pp. 1015-1016. Fund\u00e1ndose en el \u2018Estudio de los Valores Europeos\u2019, Kerkhofs indica que las tendencias que Heald (cf. arriba) indica para los cat\u00f3licos de Inglaterra y Gales son caracter\u00edsticas, con pocas excepciones, de toda Europa y de todas las principales Iglesias europeas. He aqu\u00ed algunas de las estad\u00edsticas que Kerkhofs incluye en este art\u00edculo:&lt;\/p&gt;\n&lt;p&gt;HOLANDA: porcentaje de poblaci\u00f3n que dice no pertenecer a la Iglesia Cristiana: 1900 (1% de la poblaci\u00f3n); 1958 (4%); 1970 (39%); 1991 (58%). En la franja de los 21-30 a\u00f1os de edad: 72%. Bautismos cat\u00f3licos: 1992 (36%); 1996 (24%). S\u00f3lo el 25% de los holandeses ser\u00e1n cristianos en el a\u00f1o 2020.&lt;\/p&gt;\n&lt;p&gt;ALEMANIA: asistencia regular a la misa dominical entre los cat\u00f3licos en Alemania: 1950 (51%); 1965 (43%, Alemania Occidental); 1989 (22%); 1996 (18%, toda Alemania). Cristianos que abandonas sus iglesias: 1986-1990 (1 mill\u00f3n); 1991-1995 (2 millones); 1995: 186.000 cat\u00f3licos y 297.000 protestantes.&lt;\/p&gt;\n&lt;p&gt;B\u00c9LGICA: asistencia regular a la misa dominical entre los cat\u00f3licos: 1950, 50%; 1967, 43% (en Flandes, 15%); 1980, 26% (Wallonia, 11%); 1995, 13% (Bruselas, 7%). Bautismos (1967, 90%; 1996, 68%); Matrimonios (1967, 86%; 1996, 50%); Funerales en la iglesia (1967, 84%; 1996, 78%). Se estima que hoy, en B\u00e9lgica, una de cada dos personas menores de 25 a\u00f1os no pertenece ya a la Iglesia.&lt;\/p&gt;\n&lt;p&gt;ITALIA: 88% dicen que pertenecen a la Iglesia cat\u00f3lica; 9% dice que no tienen ninguna religi\u00f3n. Asistencia regular a la misa dominical: 1981, 36%; 1990, 40%; 1995, 31%.&lt;\/p&gt;\n&lt;p&gt;ESPA\u00d1A: Se profesan no creyentes: 1970, 2%; 1990, 25%. Pr\u00e1ctica religiosa regular: 1970, 87%; 1990, 53%. (S\u00f3lo el 15% entre la generaci\u00f3n m\u00e1s joven).&lt;\/p&gt;\n&lt;p&gt;FRANCIA: El porcentaje de los que dicen que no pertenecen a ninguna religi\u00f3n ha aumentado en todos los grupos de edad (especialmente en la franja de los 15 a los 25 a\u00f1os): 1987, 33%; 1996, 40%. La pr\u00e1ctica dominical se ha establecido en el 8%, creciendo lentamente en los mayores de 60 a\u00f1os. Bautismos: 60%; matrimonios: 50%; funerales en la iglesia: 80%.&lt;\/p&gt;\n&lt;p&gt;EUROPA CENTRAL: Manifiestan ser cat\u00f3licos: Polonia (89%); Croacia (83%); Lituania (67%); Eslovenia (62%); Eslovaquia (58%). Manifiestan no profesar ninguna religi\u00f3n: Rep\u00fablica Checa (73%); Alemania del Este (72%); Ucrania (68%); Hungr\u00eda (40%); Estonia (87%); Litunia (63%); Rusia (63%). Las comparaciones entre 1990 y 1998 muestran que en la mayor\u00eda de estos pa\u00edses la generaci\u00f3n m\u00e1s joven esta alej\u00e1ndose cada vez m\u00e1s de las iglesias.'><sup>6<\/sup><\/a><\/span> que escrib\u00eda desde la perspectiva de la Europa Continental. Se discuti\u00f3 mucho sobre c\u00f3mo interpretar estas cifras. \u00bfEs cuesti\u00f3n de ver el vaso medio lleno, lo que conduce a una interpretaci\u00f3n optimista, o medio vac\u00edo, lo que lleva a una interpretaci\u00f3n pesimista?. Lo que m\u00e1s me interes\u00f3 de estos art\u00edculos fue la cuesti\u00f3n de centrarse en un an\u00e1lisis social y cultural de toda Europa actual que nos ayudara a entender mejor el mundo que estamos llamados a evangelizar. El siguiente es un breve sumario de 10 factores claves que inciden en nuestra actual situaci\u00f3n europea y que, a menudo, son mencionados como causas del deterioro de la pr\u00e1ctica religiosa en muchos de nuestros pa\u00edses:<\/p>\n<ul>\n<li><strong>Cambios econ\u00f3micos y sociales: <\/strong>En la mayor\u00eda de nuestros pa\u00edses europeos hemos experimentado en los \u00faltimos 50 a\u00f1os cambios sociales y econ\u00f3micos extraordinarios. Muchos cohermanos de mi generaci\u00f3n recodar\u00e1n la vida frugal en la Europa de la postguerra, con toda probabilidad en un medio rural. Hoy, mucha gente ha emigrado del campo a la ciudad. El desarrollo econ\u00f3mico y la creciente abundancia han abierto toda clase de nuevas oportunidades para la gente. El ritmo del cambio, ciertamente, var\u00eda de un pa\u00eds a otro. El supermercado ha reemplazado a la Iglesia como centro de la vida social. El crecimiento de las oportunidades de ocio, especialmente los fines de semana, ofrece toda clase de alternativas a la participaci\u00f3n en la vida de la Iglesia los domingos y fines de semana.<\/li>\n<li><strong>Sorprendentes avances en los medios de comunicaci\u00f3n: <\/strong>Muchos soci\u00f3logos llaman la atenci\u00f3n sobre el hecho de que tenemos muchas m\u00e1s fuentes democr\u00e1ticas de informaci\u00f3n en nuestros medios de comunicaci\u00f3n actuales, medios que atacan sin piedad todo respeto a la autoridad. Algunos dir\u00edan que los medios de comunicaci\u00f3n han reemplazado a la Iglesia como la autoridad absoluta. En muchos pa\u00edses europeos, la Iglesia Cat\u00f3lica est\u00e1 continua y despiadadamente expuesta a una cr\u00edtica negativa, que, con el tiempo, llega a formar parte del aire que respiramos. Asimilamos as\u00ed im\u00e1genes negativas de la Iglesia, que pueden ahogar la fe de mucha gente y conducirla a buscar valores positivos en otra parte. Por otra parte, los medios de comunicaci\u00f3n, como la \u00absecularizaci\u00f3n\u00bb, son vistos a menudo como una de las cabezas del drag\u00f3n del Apocalipsis. Ver los medios de comunicaci\u00f3n no como algo demon\u00edaco, sino como medios con gran potencial para la evangelizaci\u00f3n, requiere con frecuencia, un cambio de perspectiva.<\/li>\n<li><strong>M\u00e1s amplio acceso al segundo y tercer nivel de educaci\u00f3n: <\/strong>Uno de los extraordinarios avances en los pa\u00edses europeos, incluyendo la Europa del Este, es que el segundo nivel de educaci\u00f3n est\u00e1 a disposici\u00f3n de todos los ciudadanos y que muchos ahora tienen la oportunidad de acceder al tercer nivel y a la formaci\u00f3n universitaria. La consecuencia es, desde luego, que nos enfrentamos al reto de evangelizar a \u2018la gente con educaci\u00f3n superior\u2019, que ser\u00e1 mucho m\u00e1s cr\u00edtica con lo que le presentamos como mensaje cristiano y mucho m\u00e1s exigente respecto a la atenci\u00f3n pastoral que le prestamos. Al mismo tiempo, comprobamos que el nivel de la formaci\u00f3n religiosa de muchos adultos se ha quedado en un nivel rudimentario. En el reciente S\u00ednodo se hizo un profundo examen sobre la cuesti\u00f3n del fracaso de la Iglesia cat\u00f3lica en transmitir las ense\u00f1anzas del Vaticano II a nuestras gentes.<\/li>\n<li><strong>La marginaci\u00f3n de la Iglesia: <\/strong>Con la disminuci\u00f3n del personal dedicado plenamente a la Iglesia, hemos observado en muchos pa\u00edses que el estado ha ido asumiendo m\u00e1s y m\u00e1s responsabilidad en la educaci\u00f3n, en la sanidad y en los servicios sociales. A\u00fan en nuestros as\u00ed llamados \u2018pa\u00edses cat\u00f3licos\u2019, la presencia de personal cat\u00f3lico ha disminuido en estas esferas. Todo esto suscita un n\u00famero de preguntas acerca de c\u00f3mo hemos preparado a los laicos, hombres y mujeres \u2013maestros, doctores, enfermeras, asistentes sociales y otros\u2013 para ejercer una influencia cristiana en estas importantes \u00e1reas de la vida.<\/li>\n<li><strong>La privatizaci\u00f3n de la religi\u00f3n: <\/strong>La pr\u00e1ctica religiosa est\u00e1 siendo considerada cada vez m\u00e1s como un asunto voluntario y sujeto a la decisi\u00f3n individual.<span id='easy-footnote-7-58783' class='easy-footnote-margin-adjust'><\/span><span class='easy-footnote'><a href='http:\/\/vincentians.com\/es\/los-vicencianos-en-europa-en-1999-un-tiempo-de-crisis\/#easy-footnote-bottom-7-58783' title='En el reciente S\u00ednodo Europeo fue interesante comprobar la frecuencia con la que varios participantes hablaron de la \u2018libertad\u2019: una nueva libertad de culto en la Europa del Este; los abusos de la libertad en la Europa Occidental; el conflicto entre la Iglesia y la modernidad en Europa, un drama que a su debido tiempo se repetir\u00e1 en otras partes; las restricciones de la libertad de la mujer (las discusiones del S\u00ednodo se empobrecieron al no participar en ellas las mujeres de un modo significativo); c\u00f3mo puede el Evangelio ser proclamado como Buena Noticia, una invitaci\u00f3n, m\u00e1s bien que una letan\u00eda de exigencias morales.'><sup>7<\/sup><\/a><\/span> Mucha gente sigue sintiendo hambre religiosa, pero encuentra \u2018alternativas espirituales\u2019 a la misa del domingo, que pueden tomar la forma de expansiones culturales \u2013por una parte, literatura y m\u00fasica y, en su manifestaci\u00f3n peor, creencias religiosas exot\u00e9ricas \u2013New Age,<span id='easy-footnote-8-58783' class='easy-footnote-margin-adjust'><\/span><span class='easy-footnote'><a href='http:\/\/vincentians.com\/es\/los-vicencianos-en-europa-en-1999-un-tiempo-de-crisis\/#easy-footnote-bottom-8-58783' title='En los cinco \u00faltimos a\u00f1os me ha sorprendido frecuentemente la amplitud de espacio dado a esta clase de literatura en las buenas librer\u00edas de muchas ciudades de Europa.'><sup>8<\/sup><\/a><\/span> etc.<\/li>\n<li><strong>Grupos carism\u00e1ticos &#8211; Nuevos Movimientos: <\/strong>En todo el mundo, llama la atenci\u00f3n el \u00e9xito de los grupos carism\u00e1ticos, dentro y fuera de la tradici\u00f3n cat\u00f3lica y esto tambi\u00e9n es verdad en Europa. Bastantes de estos grupos parece que toman muy en serio la formaci\u00f3n b\u00edblica y teol\u00f3gica de sus miembros, pero otros tienden al fundamentalismo, que es dif\u00edcil de reconciliar, en el mundo de hoy, con una creencia religiosa \u2018razonable\u2019. La ambivalencia de muchos cat\u00f3licos hacia los \u2018Nuevos Movimientos\u2019 en la Iglesia actual, en el contexto europeo, puede proceder de arriba.<span id='easy-footnote-9-58783' class='easy-footnote-margin-adjust'><\/span><span class='easy-footnote'><a href='http:\/\/vincentians.com\/es\/los-vicencianos-en-europa-en-1999-un-tiempo-de-crisis\/#easy-footnote-bottom-9-58783' title='El valor de los Nuevos Movimientos para la Iglesia hoy se podr\u00eda ver en que ha sido uno de los puntos importantes en el S\u00ednodo Europeo. \u00bfConstituyen una \u00faltima esperanza para la Iglesia europea en crisis o deben ser absorbidos por la vida de la parroquia, dando as\u00ed una nueva energ\u00eda y nuevo dinamismo a parroquias en decadencia? Cf. &lt;em&gt;Tablet, &lt;\/em&gt;Relaciones del S\u00ednodo, 23 de octubre de 1999, p. 1444 y &lt;em&gt;Tablet, &lt;\/em&gt;30 de octubre de 1999, p. 1459.'><sup>9<\/sup><\/a><\/span><\/li>\n<li><strong>Creer, pero no pertenecer: <\/strong>Un reciente estudio de dos soci\u00f3logos ingleses, que entrevistaron a un importante n\u00famero de personas que hab\u00edan abandonado la pr\u00e1ctica religiosa, descubrieron que m\u00e1s del 80% de los entrevistados hab\u00edan dejado la pr\u00e1ctica religiosa por decepci\u00f3n respecto a alg\u00fan aspecto de \u00abla liturgia de la Iglesia, la calidad de la atenci\u00f3n pastoral, o a causa de opiniones negativas acerca del liderazgo de la Iglesia hoy\u00bb.<span id='easy-footnote-10-58783' class='easy-footnote-margin-adjust'><\/span><span class='easy-footnote'><a href='http:\/\/vincentians.com\/es\/los-vicencianos-en-europa-en-1999-un-tiempo-de-crisis\/#easy-footnote-bottom-10-58783' title='Philip Richter y Leslie Francis, &lt;em&gt;Gone But Not Forgotten, &lt;\/em&gt;Darton, Longman &amp;amp; Todd, London 1998.'><sup>10<\/sup><\/a><\/span> Sin duda que pueden darse entre la gente expectativas muy contradictorias acerca de la liturgia y el liderazgo de la Iglesia y, ciertamente, ha habido una amplia polarizaci\u00f3n en muchos pa\u00edses europeos en estas materias. C\u00f3mo mantenerse en el justo medio puede resultar dif\u00edcil.<\/li>\n<li><strong>P\u00e9rdida de la fe, una cultura postmoderna: <\/strong>En todo an\u00e1lisis de la situaci\u00f3n actual en Europa no podemos obviar el hecho de que vivimos actualmente en lo que se llama la \u2018era postmoderna\u2019. Cuando uno procede a trav\u00e9s de las complejidades de intentar desentra\u00f1ar lo que la palabra \u2018postmoderna\u2019 significa, tenemos que aceptar que los creyentes se enfrentan a toda una gama de cr\u00edticas negativas de la religi\u00f3n, procedentes de la filosof\u00eda, la sociolog\u00eda, la psicolog\u00eda, la antropolog\u00eda, etc. Se podr\u00eda arg\u00fcir que las cr\u00edticas provenientes de estas disciplinas pueden \u2018purificar\u2019 las creencias religiosas, pero se requiere un gran esfuerzo para alcanzar tal situaci\u00f3n y, por el contrario, la fe de muchos podr\u00eda marchitarse plenamente con las primeras r\u00e1fagas heladas de los ateos y agn\u00f3sticos de nuestra cultura contempor\u00e1nea.<\/li>\n<li><strong>Ritos de tr\u00e1nsito: <\/strong>La evidencia que salta de las estad\u00edsticas de Kerkhofs indica que muchos cat\u00f3licos se mantienen en contacto con la Iglesia por los importantes \u2018ritos de tr\u00e1nsito\u2019, nacimientos, matrimonios y muertes. Mucho del trabajo que conlleva la preparaci\u00f3n de los j\u00f3venes a la primera comuni\u00f3n y confirmaci\u00f3n, es seguido por un r\u00e1pido abandono de la Iglesia, tanto es as\u00ed que cada vez m\u00e1s la gente considerar\u00e1 la primera comuni\u00f3n y confirmaci\u00f3n como el \u2018adi\u00f3s a los sacramentos\u2019. Para muchos j\u00f3venes hoy, la religi\u00f3n es algo de lo que \u2018se sale al crecer\u2019. En este contexto, los sacerdotes y dem\u00e1s ministros son vistos m\u00e1s y m\u00e1s como \u2018funcionarios\u2019 ocupados en ritos que han perdido todo significado para muchos participantes.<\/li>\n<li><strong>De la secularizaci\u00f3n social a la cultural: <\/strong>Partiendo de un contexto irland\u00e9s, donde en los \u00faltimos 10 a\u00f1os se ha producido una dram\u00e1tica ca\u00edda de la pr\u00e1ctica religiosa y donde la credibilidad general de la Iglesia ha sido da\u00f1ada por diversos esc\u00e1ndalos, Michael Paul Gallagher, S.J., sostiene que nuestra cultura \u2018secular\u2019 tiene su mayor impacto en las zonas de la imaginaci\u00f3n, el temperamento y la sensibilidad. \u00ab<em>La nuestra parece ser una crisis, no de credo, sino de cultura, no de la fe en s\u00ed misma, sino de la capacidad para creer m\u00e1s all\u00e1 de nosotros mismos\u00bb<\/em>.<span id='easy-footnote-11-58783' class='easy-footnote-margin-adjust'><\/span><span class='easy-footnote'><a href='http:\/\/vincentians.com\/es\/los-vicencianos-en-europa-en-1999-un-tiempo-de-crisis\/#easy-footnote-bottom-11-58783' title='Michael Paul Gallagher, S.J., &lt;em&gt;From Social To Cultural Secularisation, &lt;\/em&gt;Louvain Studies (24) 1999, p. 104.'><sup>11<\/sup><\/a><\/span> E indica que nos hemos pasado de un anticlericalismo de antiguo estilo a un campo de batalla m\u00e1s profundo, en el que el contexto secular dominante puede eclipsar todo sentido de necesidad o de deseo de algo que no sea lo inmediato. <em>\u00abDios est\u00e1 ausente, pero no perdido\u00bb. <\/em>Gallagher se\u00f1ala que en este contexto: <em>\u00abLa fe cristiana se convierte no tanto en incre\u00edble cuanto en inimaginada e incluso en inimaginable\u00bb<\/em>.<span id='easy-footnote-12-58783' class='easy-footnote-margin-adjust'><\/span><span class='easy-footnote'><a href='http:\/\/vincentians.com\/es\/los-vicencianos-en-europa-en-1999-un-tiempo-de-crisis\/#easy-footnote-bottom-12-58783' title='Ibid., p. 105.'><sup>12<\/sup><\/a><\/span><\/li>\n<\/ul>\n<p>Frecuentemente he descubierto que muchos de los factores arriba mencionados est\u00e1n amasados juntos bajo el t\u00e9rmino \u2018secularizaci\u00f3n\u2019.<span id='easy-footnote-13-58783' class='easy-footnote-margin-adjust'><\/span><span class='easy-footnote'><a href='http:\/\/vincentians.com\/es\/los-vicencianos-en-europa-en-1999-un-tiempo-de-crisis\/#easy-footnote-bottom-13-58783' title='Para evitar una absoluta condenaci\u00f3n de la \u2018secularizaci\u00f3n\u2019 algunos te\u00f3logos distinguen entre secularizaci\u00f3n y secularismo. Cf. tambi\u00e9n Pablo VI, &lt;em&gt;Evangelii Nuntiandi, &lt;\/em&gt;55.'><sup>13<\/sup><\/a><\/span> Cuando se mira m\u00e1s de cerca a cada uno de ellos se descubre que, a menudo, hay muchos factores positivos en acci\u00f3n: eliminaci\u00f3n de la pobreza, desarrollo cultural, superaci\u00f3n de la superstici\u00f3n, un mejor enfoque del papel esencial de la Iglesia en la sociedad, m\u00e1s espacio para proclamar los aut\u00e9nticos valores del Evangelio, abandono del catolicismo tribal, etc. Hay, por supuesto, muchos factores negativos tambi\u00e9n en acci\u00f3n: el materialismo, el ego\u00edsmo, el individualismo, el narcisismo, la falta de preocupaci\u00f3n por los marginados y d\u00e9biles. Compartir la cr\u00edtica, tanto positiva como negativa, de la situaci\u00f3n sociopol\u00edtica y cultural de nuestros respectivos pa\u00edses es un importante ejercicio en el que empe\u00f1arse antes de centrar nuestra reflexi\u00f3n en la misi\u00f3n vicenciana en Europa.<\/p>\n<h2>II. Una lectura Vicenciana de los signos de los tiempos<\/h2>\n<p>En los \u00faltimos 30 a\u00f1os, varias Asambleas Generales nos han ofrecido una lectura vicenciana de los signos de los tiempos y el enfoque de c\u00f3mo aparecen las cosas desde \u2018abajo\u2019, es decir, desde los pobres, los exclu\u00eddos, los marginados. Muchos de los puntos tocados anteriormente, \u00bfpodr\u00edan ser vistos desde esta perspectiva? En lo que sigue, quisiera centrarme en lo que hemos llamado las dos \u2018obras fundacionales\u2019 de la Congregaci\u00f3n, que, a mi parecer, est\u00e1n \u2018en crisis\u2019, crisis en su sentido positivo y negativo mencionados anteriormente.<\/p>\n<p><strong>a) Las Misiones Parroquiales, un ministerio en transici\u00f3n<\/strong><\/p>\n<p>Se me ocurre que un \u00e1rea digna de ser explorada, como un \u00e1rea de inter\u00e9s com\u00fan en todas nuestras provincias de Europa, es el ministerio de las misiones parroquiales, mucho m\u00e1s ahora cuando los pa\u00edses de Europa est\u00e1n d\u00e1ndose cuenta de la necesidad de nuevas formas de evangelizaci\u00f3n. El mes vicenciano sobre las Misiones Populares, tenido en Par\u00eds del 7 de julio al 2 de agosto de 1997, ofreci\u00f3 ciertamente un buen esbozo de los avances en muchas de nuestras provincias en otras partes del mundo, as\u00ed como en nuestras provincias de Europa. Uno no puede menos de quedar impresionado por los esfuerzos de cohermanos en muchas de nuestras provincias para enfocar bien esta obra y ver qu\u00e9 forma se le ha de dar cuando vamos a cruzar el umbral del nuevo siglo.<\/p>\n<p>En su carta de abril de 1999 a los Visitadores de Europa, el P. Maloney expon\u00eda unos cuantos comentarios interesantes sobre las misiones populares en un contexto europeo:<\/p>\n<p><em>\u00abEl ministerio de las misiones populares ha experimentado una cr\u00edtica significativa. En algunos lugares, la forma tradicional de las misiones populares sigue siendo todav\u00eda eficaz. En otros, las provincias buscan nuevos m\u00e9todos para una evangelizaci\u00f3n integral y para una renovaci\u00f3n de las comunidades parroquiales\u00bb<\/em>\u00a0.<span id='easy-footnote-14-58783' class='easy-footnote-margin-adjust'><\/span><span class='easy-footnote'><a href='http:\/\/vincentians.com\/es\/los-vicencianos-en-europa-en-1999-un-tiempo-de-crisis\/#easy-footnote-bottom-14-58783' title='&lt;em&gt;Vincentiana, &lt;\/em&gt;1999, n\u00ba 3, mayo-junio, Carta del P. Maloney a los Visitadores de Europa, p. 147.'><sup>14<\/sup><\/a><\/span>\n<p>Me atrever\u00eda a decir que las siguientes son algunas de las razones por las que se est\u00e1 dando actualmente \u2018una cr\u00edtica significativa\u2019 del que consideramos como uno de los \u00abministerios fundacionales\u00bb de la Congregaci\u00f3n.<\/p>\n<ul>\n<li>Una cuesti\u00f3n que surge en muchas Provincias es el <strong>punto preciso de nuestra inserci\u00f3n <\/strong>en todo el proceso de la renovaci\u00f3n parroquial y diocesana. En muchas de nuestras provincias, uno se da cuenta de que los sacerdotes diocesanos han tomado en sus manos todo el proceso de renovaci\u00f3n y hay buenas razones para que lo hagan. Cualquier di\u00f3cesis que se est\u00e1 moviendo hacia adelante hoy, querr\u00e1 estar al frente del proceso de renovaci\u00f3n y por eso, a veces, es bastante dif\u00edcil ver qu\u00e9 papel pueden desempe\u00f1ar los misioneros parroquiales en este proceso de renovaci\u00f3n.<\/li>\n<li>\u00bfC\u00f3mo <strong>se evangeliza a gente \u2018con educaci\u00f3n superior\u2019? <\/strong>Obviamente, en muchas situaciones las misiones parroquiales se encuentran con gente que ha pasado por nivel medio de ense\u00f1anza y con un creciente n\u00famero de personas que tienen el nivel superior de educaci\u00f3n. \u00bfSer\u00e1 verdad afirmar que todo el movimiento de las misiones parroquiales en el pasado se dirig\u00eda a la gente que ten\u00eda los niveles b\u00e1sicos de educaci\u00f3n y que consideraba a los sacerdotes como a uno de los pocos grupos con formaci\u00f3n en una parroquia?<\/li>\n<li>Muchos quiz\u00e1s opinar\u00e1n que todo <strong>el movimiento de la misi\u00f3n parroquial ha sido \u2018domesticado\u2019<\/strong>, es decir, que ahora toma la forma de unos ejercicios espirituales parroquiales o de un tiempo de renovaci\u00f3n para los practicantes. En el contexto irland\u00e9s, Emmet Larkin, una autoridad en la historia eclesi\u00e1stica de Irlanda en el siglo XIX observa que el movimiento de las misiones parroquiales perdi\u00f3 su fuego ya en 1870, despu\u00e9s de que muchas parroquias hab\u00edan sido evangelizadas. Sospecho que esto es verdad tambi\u00e9n en otros pa\u00edses de Europa.<\/li>\n<li>Hemos tendido a <strong>separar las misiones parroquiales de la teolog\u00eda general de la misi\u00f3n <\/strong>y esto, pienso yo, en detrimento del ministerio de las misiones parroquiales en las Provincias de Europa. F\u00e1cilmente hemos dicho que los que cruzaban los mares para ir a los que llam\u00e1bamos pa\u00edses de misi\u00f3n estaban empe\u00f1ados en la misi\u00f3n, y aunque usamos la expresi\u00f3n de \u00abmisiones populares\u00bb, dudo que la palabra \u00abmisi\u00f3n\u00bb haya conservado su significado original en el contexto de las parroquias en nuestras Provincias de Europa.<span id='easy-footnote-15-58783' class='easy-footnote-margin-adjust'><\/span><span class='easy-footnote'><a href='http:\/\/vincentians.com\/es\/los-vicencianos-en-europa-en-1999-un-tiempo-de-crisis\/#easy-footnote-bottom-15-58783' title='David Bosch, &lt;em&gt;Transforming Mission &amp;#8211; Paradigm Shifts in Theology of Mission. &lt;\/em&gt;Orbis Books, N.Y. 1993, p. 349 ss. Bosch afirma de diversas maneras el punto de que no hay que cruzar el profundo mar azul para ir a misi\u00f3n.'><sup>15<\/sup><\/a><\/span><\/li>\n<li>\u00bfA qu\u00e9 clase de comunidad eclesial estamos pidiendo a la gente que vuelva?. En las cr\u00edticas de las misiones populares hoy como una forma de evangelizaci\u00f3n nos vamos a encontrar inevitablemente con la <strong>teolog\u00eda de la Iglesia y del ministerio <\/strong>que sostiene y fortalece el proceso de la misi\u00f3n parroquial: la teolog\u00eda de la Iglesia y del ministerio que hallamos en las parroquias y la teolog\u00eda de la Iglesia y del ministerio que esperamos introducir en las mismas.<span id='easy-footnote-16-58783' class='easy-footnote-margin-adjust'><\/span><span class='easy-footnote'><a href='http:\/\/vincentians.com\/es\/los-vicencianos-en-europa-en-1999-un-tiempo-de-crisis\/#easy-footnote-bottom-16-58783' title='Estamos todav\u00eda en el proceso de establecer los avances teol\u00f3gicos b\u00e1sicos del Vaticano II, tales como: entender la Iglesia como \u2018comuni\u00f3n\u2019 y no s\u00f3lo como \u2018instituci\u00f3n\u2019; el reconocimiento de la idea de que fuera de la Iglesia hay salvaci\u00f3n; encontrar caminos para que los seglares, hombres y mujeres, participen activamente en el ministerio de la Iglesia; encontrar caminos para dar forma a un ministerio en colaboraci\u00f3n, en vez de uno exclusivamente clerical; reconocer que el sentido fundamental de \u2018vocaci\u00f3n\u2019 es la vocaci\u00f3n bautismal de todos los bautizados.'><sup>16<\/sup><\/a><\/span><\/li>\n<li>Una cuesti\u00f3n crucial para todos los implicados en las misiones parroquiales es c\u00f3mo comunicar la <strong>\u2018urgencia\u2019 de la salvaci\u00f3n <\/strong>hoy. Mucha gente de las generaciones ancianas tendr\u00e1 amargos recuerdos de \u2018t\u00e1cticas del miedo\u2019 en tiempos pasados. C\u00f3mo comunicar el amor compasivo y la misericordia de Dios, lo que llamamos la \u2018Buena Noticia de la salvaci\u00f3n\u2019, a la gente de hoy es uno de los grandes retos de esta clase de evangelizaci\u00f3n.<\/li>\n<li>Finalmente, uno se ve abocado a preguntar si el proceso de las misiones parroquiales, especialmente cuando es un proceso corto, de una, dos o tres semanas, es un instrumento inadecuado para afrontar los diferentes tipos y grados de alejamiento que encontramos entre los cristianos. Se requerir\u00eda un proceso m\u00e1s largo para tratar con los alejados, por no hablar de la necesidad de una evangelizaci\u00f3n primera si tuvi\u00e9ramos que continuarla.<span id='easy-footnote-17-58783' class='easy-footnote-margin-adjust'><\/span><span class='easy-footnote'><a href='http:\/\/vincentians.com\/es\/los-vicencianos-en-europa-en-1999-un-tiempo-de-crisis\/#easy-footnote-bottom-17-58783' title='Kevin Rafferty, &lt;em&gt;Moralidad y Conversi\u00f3n, &lt;\/em&gt;Vincentiana, n\u00ba 4-5, Julio-Octubre 1997, p. 278.'><sup>17<\/sup><\/a><\/span><\/li>\n<\/ul>\n<p>Los cohermanos que se reunieron en Par\u00eds en julio de 1997 elaboraron unas cuantas propuestas respecto al futuro de las misiones parroquiales en la Congregaci\u00f3n. Dos de ellas tienen una importancia especial en el contexto europeo:<\/p>\n<ul>\n<li><em>\u00abCrear un Secretariado internacional para las Misiones Populares, que comprenda la informaci\u00f3n, la formaci\u00f3n y la promoci\u00f3n. Esto mismo h\u00e1gase a nivel interprovincial, (donde sea posible)\u00bb <\/em>(Propuesta 2).<\/li>\n<li><em>\u00abPromover encuentros peri\u00f3dicos de Equipos de Misiones Populares, tanto a nivel de zonas-regiones como a nivel internacional\u00bb <\/em>(Propuesta 8).<span id='easy-footnote-18-58783' class='easy-footnote-margin-adjust'><\/span><span class='easy-footnote'><a href='http:\/\/vincentians.com\/es\/los-vicencianos-en-europa-en-1999-un-tiempo-de-crisis\/#easy-footnote-bottom-18-58783' title='Vincentiana, n\u00ba 4-5, Julio-Octubre 1997, pp. 443-444.'><sup>18<\/sup><\/a><\/span><\/li>\n<\/ul>\n<p>Quiz\u00e1 haya llegado el tiempo de retomar estas dos propuestas a nivel europeo. Si pensamos que el contexto de una Iglesia en decadencia es una realidad en muchos de nuestros pa\u00edses, tendr\u00edamos, sin duda, mucho que discutir y compartir mutuamente, especialmente en relaci\u00f3n con nuevas formas de evangelizaci\u00f3n en el \u00e1mbito parroquial.<\/p>\n<p><strong>b) De la formaci\u00f3n en los Seminarios a la formaci\u00f3n para el ministerio. Nuevos horizontes en gestaci\u00f3n<\/strong><\/p>\n<p>Al explorar otras posibles \u00e1reas de colaboraci\u00f3n entre nuestras provincias, una que merece considerarse es la de la formaci\u00f3n en los seminarios. En este sentido, el P. Maloney ha hecho las siguientes observaciones en su carta del 12 de abril de 1999:<\/p>\n<p><em>\u00abNuestro trabajo en la formaci\u00f3n del clero diocesano se ha reducido y hasta ha desaparecido en bastantes pa\u00edses. La era post-Vaticano II ha presentado a la Congregaci\u00f3n el reto de desempe\u00f1ar un papel m\u00e1s activo en la formaci\u00f3n de laicos, hombres y mujeres, para una m\u00e1s plena participaci\u00f3n en la evangelizaci\u00f3n de los pobres.\u00bb <\/em>(CC. 1, 3*).<span id='easy-footnote-19-58783' class='easy-footnote-margin-adjust'><\/span><span class='easy-footnote'><a href='http:\/\/vincentians.com\/es\/los-vicencianos-en-europa-en-1999-un-tiempo-de-crisis\/#easy-footnote-bottom-19-58783' title='Vincentiana, n\u00ba 3, Mayo-Junio 1999, Carta del P. Maloney , del 12 de abril, 1999 a los Visitadores de Europa, p. 147.'><sup>19<\/sup><\/a><\/span>\n<p>El P. Maloney resume muy sucintamente lo que ha acontecido hist\u00f3ricamente en muchas de nuestras Provincias de Europa. A comienzos de siglo, est\u00e1bamos activamente implicados en la direcci\u00f3n y administraci\u00f3n de seminarios en muchas di\u00f3cesis; actualmente nos hemos retirado de la mayor\u00eda de ellos, aunque continuamos manteniendo cierta presencia en algunos donde hay cohermanos que trabajan a t\u00edtulo personal. Hemos considerado siempre la formaci\u00f3n en los seminarios como el segundo ministerio fundacional de la Congregaci\u00f3n y sabemos c\u00f3mo San Vicente, cuando comenz\u00f3 el movimiento de las misiones parroquiales en Francia, vio la necesidad de trabajar en la formaci\u00f3n del clero en un n\u00famero de di\u00f3cesis, ya mediante las Conferencias de los Martes o colaborando a poner en pr\u00e1ctica los decretos del concilio de Trento.<\/p>\n<p>Jan Kerkhofs, en su reciente libro, <em>Europe Without Priests?<\/em><span id='easy-footnote-20-58783' class='easy-footnote-margin-adjust'><\/span><span class='easy-footnote'><a href='http:\/\/vincentians.com\/es\/los-vicencianos-en-europa-en-1999-un-tiempo-de-crisis\/#easy-footnote-bottom-20-58783' title='Jan Kerkhofs (Ed.), &lt;em&gt;Europe Without Priests?, &lt;\/em&gt;SCM, London, 1995. Pongo abajo algunas estad\u00edsticas que da Kerkhofs en su reciente art\u00edculo en The Tablet, &lt;em&gt;The Tablet &lt;\/em&gt;(24 de julio de 1999, p. 1015):&lt;\/p&gt;\n&lt;p&gt;FRANCIA: 1965: 40.981 sacerdotes; 1985: 28.629; 1995: 19.700. Edad media: 66.&lt;\/p&gt;\n&lt;p&gt;ALEMANIA: 13.334 parroquias; 8.313 tienen sacerdote residente; 5.021 no tienen sacerdote residente; Ministros laicos: 5.166 (1990)&lt;\/p&gt;\n&lt;p&gt;B\u00c9LGICA: Ciudad de Amberes: 313 parroquias; 1986, 4 parroquias sin sacerdote; 1992, 60 parroquias sin sacerdotes; 1994, 106 parroquia sin sacerdote.&lt;\/p&gt;\n&lt;p&gt;OBSERVACIONES GENERAL SOBRE EUROPA:&lt;\/p&gt;\n&lt;p&gt;&amp;#8211; En muchas di\u00f3cesis de Europa en el a\u00f1o 2000 de 30% al 50% de las parroquias no tendr\u00e1 sacerdote residente.&lt;\/p&gt;\n&lt;p&gt;&amp;#8211; En muchas di\u00f3cesis la edad media de los sacerdotes estar\u00e1 entre los 65 y los 70 a\u00f1os.&lt;\/p&gt;\n&lt;p&gt;&amp;#8211; Europa tiene todav\u00eda el n\u00famero mayor de sacerdotes en comparaci\u00f3n con Asia, \u00c1frica y Sudam\u00e9rica. (Estas estad\u00edsticas sit\u00faan a Europa en contexto); 60% sacerdotes diocesanos; 40% sacerdotes religiosos.'><sup>20<\/sup><\/a><\/span> indica la amplitud de la crisis de los seminarios en el contexto europeo. A pesar de ciertas \u00e1reas de crecimiento, aqu\u00ed y all\u00ed, \u2013y con frecuencia se cita como ejemplo de renovaci\u00f3n y crecimiento a la Archidi\u00f3cesis de Par\u00eds\u2013 la realidad es que muchos de nuestros seminarios para el clero diocesano en Europa se hallan en una situaci\u00f3n de crisis tanto respecto al n\u00famero de candidatos que llegan como a la calidad de los mismos. Una segunda \u00e1rea de seria preocupaci\u00f3n es el creciente trabajo que recae sobre los sacerdotes cuyo n\u00famero disminuye y cuya edad crece. Las cargas que hoy tienen que llevar se ven aumentadas inmensamente viendo que en el canal de alimentaci\u00f3n no llegan los sustitutos.<\/p>\n<p>A continuaci\u00f3n van unos cuantos breves comentarios que me llaman la atenci\u00f3n sobre la presente situaci\u00f3n europea:<\/p>\n<ul>\n<li>Es bien evidente ahora que el <strong>seminario tridentino, tal como nosotros lo hemos conocido, est\u00e1 en crisis aguda. <\/strong>La Iglesia est\u00e1 pasando por una importante situaci\u00f3n de cambio de sentido en su historia con respecto a la formaci\u00f3n sacerdotal, comparable a la que tuvo lugar en la \u00e9poca de Trento en el siglo XVI y antes en Edad Media, cuando las \u00f3rdenes mendicantes influyeron en nuestra comprensi\u00f3n del ministerio sacerdotal. Me parece que nos hallamos en un proceso de b\u00fasqueda de:<br \/>\na) nuevos caminos de llamada al ministerio y<br \/>\nb) nuevos caminos de formaci\u00f3n para el ministerio.<br \/>\nMientras atravesamos este periodo de cambio es probable que haya mucha tensi\u00f3n entre los diferentes modelos de formaci\u00f3n durante muchos a\u00f1os venideros.<\/li>\n<li>Kerkhofs ha indicado que el problema de la <strong>gran escasez de sacerdotes en muchos pa\u00edses europeos <\/strong>no ha calado en la conciencia colectiva de la Iglesia cat\u00f3lica y que no le est\u00e1n dando importancia muchas autoridades de la Iglesia. De esto dan prueba los informes de las discusiones del reciente S\u00ednodo europeo.<\/li>\n<li>En los \u00faltimos 50 a\u00f1os, la Congregaci\u00f3n ha desaparecido de muchos seminarios de Europa y de otras partes. En un tiempo de grandes cambios en la formaci\u00f3n en los seminarios, no es de extra\u00f1ar que las autoridades diocesanas hayan querido tener <strong>el control pleno de los mismos <\/strong>en este tiempo de gran transici\u00f3n.<\/li>\n<li>La <em>Pastores Dabo Vobis<\/em><span id='easy-footnote-21-58783' class='easy-footnote-margin-adjust'><\/span><span class='easy-footnote'><a href='http:\/\/vincentians.com\/es\/los-vicencianos-en-europa-en-1999-un-tiempo-de-crisis\/#easy-footnote-bottom-21-58783' title='Juan Pablo II, &lt;em&gt;Pastores Dabo Vobis,&lt;\/em&gt; 64.'><sup>21<\/sup><\/a><\/span> abre, ciertamente, la puerta a la <strong>exploraci\u00f3n de nuevos modelos <\/strong>de formaci\u00f3n. Sin embargo, puede ser que el modelo tradicional de la formaci\u00f3n en el seminario permanezca todav\u00eda en nuestra mente como algo esencial. Nuestro antiguo modelo y tambi\u00e9n otros m\u00e1s recientes est\u00e1n todav\u00eda \u00abcentrados en el profesor, basados s\u00f3lo en el aula, apegados al curriculum, orientados a obtener un buen producto (la persona misma) y dominados por las asignaturas\u00bb. La cuesti\u00f3n no es, justamente, modificar el modelo de seminario, sino explorar nuevos modelos. Hay que buscar diferentes n\u00facleos, fundamentos, motivaciones y orientaciones para la gente que hoy toma la vida cristiana seriamente y quiere comprometerse en una formaci\u00f3n teol\u00f3gica, pastoral y espiritual a fin de participar activamente en sus comunidades cristianas.<span id='easy-footnote-22-58783' class='easy-footnote-margin-adjust'><\/span><span class='easy-footnote'><a href='http:\/\/vincentians.com\/es\/los-vicencianos-en-europa-en-1999-un-tiempo-de-crisis\/#easy-footnote-bottom-22-58783' title='Me he servido aqu\u00ed de las discusiones con un cohermano irland\u00e9s, Eugene Curran, que est\u00e1 estudiando varias formas de formaci\u00f3n religiosa de adultos en la actualidad.'><sup>22<\/sup><\/a><\/span><\/li>\n<li>El debate sobre los seminarios hoy tiene lugar en un contexto de gran cuestionamiento sobre <strong>los sistemas de apoyo para los sacerdotes<\/strong>. Me he encontrado con unas cuantas personas en varios pa\u00edses que dicen que estos sistemas de apoyo han dejado de existir, precisamente cuando los sacerdotes est\u00e1n comenzando a vivir en un grado de aislamiento unos de otros cada vez mayor.<\/li>\n<\/ul>\n<p>Podemos ver ya algunos signos de nuevos cambios en nuestras propias provincias vicencianas de Europa. Aparte de los cohermanos que contin\u00faan trabajando en los seminarios, otros est\u00e1n activamente entregados a la formaci\u00f3n de los laicos, hombres y mujeres. Esto se est\u00e1 haciendo con la programaci\u00f3n de cursos en varias instituciones, o, m\u00e1s a menudo, ocup\u00e1ndose en la formaci\u00f3n de los laicos en las parroquias en el contexto de nuestras misiones parroquiales.<\/p>\n<p>Nosotros, los Vicencianos, somos especialmente vulnerables en este tiempo de crisis. Tradicionalmente, hemos estado estrechamente alineados con el clero diocesano, pero hoy existe, en un pa\u00eds y otro de Europa, una aplastante evidencia de una crisis aguda respecto al futuro del sacerdocio diocesano, tal como nosotros lo hemos conocido. Esto nos coloca en un particular dilema. \u00bfContinuamos apoyando el sistema con el que hemos crecido (creo que tal es nuestra inclinaci\u00f3n natural porque siempre hemos tratado de mantener nuestros contactos con los sacerdotes diocesanos y de apoyarlos de muy diferentes maneras) o tenemos que encarar el hecho de que se est\u00e1 gestando una era totalmente nueva y que nuestros esfuerzos debieran dirigirse, ciertamente, a promover la formaci\u00f3n inicial y continua de los sacerdotes, pero tambi\u00e9n a promover la formaci\u00f3n de laicos, hombres y mujeres, para la misi\u00f3n y el ministerio? En estas circunstancias, compartir cualquier experiencia que se est\u00e9 realizando en una provincia o en otra en la formaci\u00f3n del clero y en la formaci\u00f3n de laicos, hombres y mujeres, en un contexto institucional o no, podr\u00eda ofrecernos un campo de discusi\u00f3n en nuestras provincias de Europa.<\/p>\n<h2><strong>Conclusi\u00f3n<\/strong><\/h2>\n<p>En su reciente art\u00edculo en <em>The Tablet, <\/em>Jan Kerkhofs indica, <em>\u00abparece como si una suerte de mutaci\u00f3n, probablemente mucho m\u00e1s profunda que la de despu\u00e9s del Renacimiento, se est\u00e1 acelerando en las profundidades de la conciencia colectiva de Europa\u00bb<\/em>.<span id='easy-footnote-23-58783' class='easy-footnote-margin-adjust'><\/span><span class='easy-footnote'><a href='http:\/\/vincentians.com\/es\/los-vicencianos-en-europa-en-1999-un-tiempo-de-crisis\/#easy-footnote-bottom-23-58783' title='The Tablet, 24 de julio de 1999, p. 1016.'><sup>23<\/sup><\/a><\/span>\n<p>En el contexto de las discusiones sobre los cambios sociales, pol\u00edticos y religiosos que est\u00e1n teniendo lugar en Europa hoy, tanto en el Este como en el Oeste, no es de extra\u00f1ar que el Cardenal Martini, en el reciente S\u00ednodo para Europa, hiciera una llamada para una nueva lectura de los \u2018signos de los tiempos\u2019. En la primera parte de este art\u00edculo, he esbozado 10 factores que me llaman la atenci\u00f3n en el escenario europeo, contempl\u00e1ndolo desde la periferia de Europa, desde la costa atl\u00e1ntica. No hay duda de que se dan profundas variaciones de un pa\u00eds a otro, de una provincia a otra. Sin embargo, me parece que nos deber\u00eda ser posible en las provincias de Europa llegar a un consenso respecto a los <strong>\u2018signos de los tiempos en Europa\u2019 <\/strong>le\u00eddos <strong>desde una perspectiva vicenciana.<\/strong><\/p>\n<p>La carta del P. Maloney del 12 de abril ha sido para m\u00ed un reto y los cohermanos de la provincia de Irlanda contin\u00faan reflexionando sobre los seis desaf\u00edos concretos que \u00e9l nos presenta. Uno de ellos es particularmente significativo para nosotros en este momento. Con la llegada de muchos refugiados a nuestras costas en busca de asilo en estos \u00faltimos cinco a\u00f1os, un misionero, una Hija de la Caridad y un miembro de la Sociedad de San Vicente de Pa\u00fal han creado un centro para refugiados en nuestra parroquia de Dubl\u00edn. Esperamos vivamente conocer m\u00e1s sobre lo que se hace en este campo en otras provincias de Europa, donde los cohermanos han estado comprometidos por muchos a\u00f1os. Relacionada con esto est\u00e1 la cuesti\u00f3n del P. Maloney respecto a hacer que la \u2018voz europea\u2019 de la Congregaci\u00f3n de la Misi\u00f3n se haga o\u00edr m\u00e1s claramente en los cuarteles generales de la Uni\u00f3n Europea en Bruselas.<\/p>\n<p>Me he limitado en este art\u00edculo a lo que llamamos <strong>los dos ministerios \u2018fundacionales\u2019 de la Congregaci\u00f3n: las misiones parroquiales y las formaci\u00f3n del clero y del laicado. <\/strong>Es evidente por lo que he dicho que considero que estos dos ministerios de la Congregaci\u00f3n est\u00e1n en transici\u00f3n y que estamos buscando nuevas maneras de conformarlos en el contexto de Europa. La tesis de este art\u00edculo es la de que \u00e9stas son las dos \u00e1reas sobre las que nos debemos concentrar en nuestro intercambio de informaci\u00f3n y en cualquier proyecto de colaboraci\u00f3n que pueda surgir entre nuestras provincias en el futuro.<\/p>\n<p>Como puede verse por el esbozo de las estad\u00edsticas del personal en las provincias de Europa, hay una gran variedad en las fechas de fundaci\u00f3n de cada provincia. Un conocimiento m\u00e1s amplio de los <strong>acontecimientos fundacionales <\/strong>y de nuestras <strong>respectivas historias <\/strong>pienso que nos ayudar\u00eda mucho. Esto significa no s\u00f3lo entrar en contacto con los acontecimientos fundacionales de nuestra propia provincia, sino la voluntad tambi\u00e9n de escuchar los acontecimientos fundacionales de las provincias vecinas. Paul Ricoeur observ\u00f3 en relaci\u00f3n con la uni\u00f3n pol\u00edtica en Europa:<\/p>\n<p><em>\u00abSe trata, no s\u00f3lo de someter los hechos fundacionales de nuestra cultura a una lectura interdisciplinar, sino de ayudarnos tambi\u00e9n unos a otros a liberar esa parte de vida y de renovaci\u00f3n que se encuentra cautiva en tradiciones r\u00edgidas, embalsamadas y muertas\u00bb<\/em>.<span id='easy-footnote-24-58783' class='easy-footnote-margin-adjust'><\/span><span class='easy-footnote'><a href='http:\/\/vincentians.com\/es\/los-vicencianos-en-europa-en-1999-un-tiempo-de-crisis\/#easy-footnote-bottom-24-58783' title='Cf. Paul Ricoeur: &lt;em&gt;Reflections on a New Ethos for Europe &lt;\/em&gt;en Festschrift for Paul Ricoeur, 1995, p. 5 ss.'><sup>24<\/sup><\/a><\/span>\n<p>Un mayor conocimiento mutuo nos ayudar\u00e1, a mi parecer, a recobrar algo del \u00edmpetu de los padres fundadores de nuestras diversas provincias. Podr\u00e1 tambi\u00e9n abrir ventanas sobre c\u00f3mo avanzar en intercambios y colaboraci\u00f3n.<\/p>\n<p>Algo excitante y retador est\u00e1 en marcha en el coraz\u00f3n de Europa hoy. Con nuestra presencia en tantos pa\u00edses de Europa, en el Este y Oeste, en el Norte y Sur, estamos en situaci\u00f3n de hallarnos en el coraz\u00f3n de las preguntas que se est\u00e1n formulando sobre el significado de la vida, la reconciliaci\u00f3n de los pueblos, la salvaguarda de los valores cristianos y especialmente sobre la llamada a favor de \u2018la igualdad y la justicia para todos\u2019.<\/p>\n","protected":false},"excerpt":{"rendered":"<p>Introducci\u00f3n \u00bfPor qu\u00e9 centrarnos ahora en Europa? En su carta a los Visitadores de Europa previa a la reuni\u00f3n de \u00e9stos en L\u00edbano en abril de 1999, el Superior General, P. Robert Maloney, nos anim\u00f3 &#8230; <a href=\"http:\/\/vincentians.com\/es\/los-vicencianos-en-europa-en-1999-un-tiempo-de-crisis\/\" class=\"more-link\">Read More<\/a><\/p>\n","protected":false},"author":4,"featured_media":57594,"comment_status":"open","ping_status":"open","sticky":false,"template":"","format":"standard","meta":{"jetpack_post_was_ever_published":false,"_jetpack_newsletter_access":"","_jetpack_dont_email_post_to_subs":false,"_jetpack_newsletter_tier_id":0,"_jetpack_memberships_contains_paywalled_content":false,"_jetpack_memberships_contains_paid_content":false,"footnotes":"","jetpack_publicize_message":"","jetpack_publicize_feature_enabled":true,"jetpack_social_post_already_shared":true,"jetpack_social_options":{"image_generator_settings":{"template":"highway","default_image_id":0,"font":"","enabled":false},"version":2}},"categories":[16],"tags":[176,139,147],"class_list":["post-58783","post","type-post","status-publish","format-standard","has-post-thumbnail","hentry","category-congregacion-de-la-mision","tag-misiones-populares","tag-san-benito","tag-santo-domingo"],"yoast_head":"<!-- This site is optimized with the Yoast SEO plugin v26.3 - https:\/\/yoast.com\/wordpress\/plugins\/seo\/ -->\n<title>Los Vicencianos en Europa en 1999: Un tiempo de crisis - Somos Vicencianos<\/title>\n<meta name=\"robots\" content=\"index, follow, max-snippet:-1, max-image-preview:large, max-video-preview:-1\" \/>\n<link rel=\"canonical\" href=\"http:\/\/vincentians.com\/es\/los-vicencianos-en-europa-en-1999-un-tiempo-de-crisis\/\" \/>\n<meta property=\"og:locale\" content=\"es_ES\" \/>\n<meta property=\"og:type\" content=\"article\" \/>\n<meta property=\"og:title\" content=\"Los Vicencianos en Europa en 1999: Un tiempo de crisis - Somos Vicencianos\" \/>\n<meta property=\"og:description\" content=\"Introducci\u00f3n \u00bfPor qu\u00e9 centrarnos ahora en Europa? En su carta a los Visitadores de Europa previa a la reuni\u00f3n de \u00e9stos en L\u00edbano en abril de 1999, el Superior General, P. Robert Maloney, nos anim\u00f3 ... Read More\" \/>\n<meta property=\"og:url\" content=\"http:\/\/vincentians.com\/es\/los-vicencianos-en-europa-en-1999-un-tiempo-de-crisis\/\" \/>\n<meta property=\"og:site_name\" content=\"Somos Vicencianos\" \/>\n<meta property=\"article:publisher\" content=\"https:\/\/www.facebook.com\/WeAreVincentians\/\" \/>\n<meta property=\"article:author\" content=\"https:\/\/www.facebook.com\/JavierChento\" \/>\n<meta property=\"article:published_time\" content=\"2012-01-06T03:51:35+00:00\" \/>\n<meta property=\"article:modified_time\" content=\"2016-07-26T07:44:44+00:00\" \/>\n<meta name=\"author\" content=\"Francisco Javier Fern\u00e1ndez Chento\" \/>\n<meta name=\"twitter:card\" content=\"summary_large_image\" \/>\n<meta name=\"twitter:creator\" content=\"@https:\/\/twitter.com\/javierchento\" \/>\n<meta name=\"twitter:site\" content=\"@WeVincentians\" \/>\n<meta name=\"twitter:label1\" content=\"Escrito por\" \/>\n\t<meta name=\"twitter:data1\" content=\"Francisco Javier Fern\u00e1ndez Chento\" \/>\n\t<meta name=\"twitter:label2\" content=\"Tiempo de lectura\" \/>\n\t<meta name=\"twitter:data2\" content=\"37 minutos\" \/>\n<script type=\"application\/ld+json\" class=\"yoast-schema-graph\">{\"@context\":\"https:\/\/schema.org\",\"@graph\":[{\"@type\":\"Article\",\"@id\":\"http:\/\/vincentians.com\/es\/los-vicencianos-en-europa-en-1999-un-tiempo-de-crisis\/#article\",\"isPartOf\":{\"@id\":\"http:\/\/vincentians.com\/es\/los-vicencianos-en-europa-en-1999-un-tiempo-de-crisis\/\"},\"author\":{\"name\":\"Francisco Javier Fern\u00e1ndez Chento\",\"@id\":\"https:\/\/vincentians.com\/es\/#\/schema\/person\/9623ef4d9aa3b2dfb8c061f1499288f2\"},\"headline\":\"Los Vicencianos en Europa en 1999: Un tiempo de crisis\",\"datePublished\":\"2012-01-06T03:51:35+00:00\",\"dateModified\":\"2016-07-26T07:44:44+00:00\",\"mainEntityOfPage\":{\"@id\":\"http:\/\/vincentians.com\/es\/los-vicencianos-en-europa-en-1999-un-tiempo-de-crisis\/\"},\"wordCount\":7435,\"commentCount\":0,\"publisher\":{\"@id\":\"https:\/\/vincentians.com\/es\/#organization\"},\"image\":{\"@id\":\"http:\/\/vincentians.com\/es\/los-vicencianos-en-europa-en-1999-un-tiempo-de-crisis\/#primaryimage\"},\"thumbnailUrl\":\"\",\"keywords\":[\"Misiones Populares\",\"San Benito\",\"Santo Domingo\"],\"articleSection\":[\"Congregaci\u00f3n de la Misi\u00f3n\"],\"inLanguage\":\"es\",\"potentialAction\":[{\"@type\":\"CommentAction\",\"name\":\"Comment\",\"target\":[\"http:\/\/vincentians.com\/es\/los-vicencianos-en-europa-en-1999-un-tiempo-de-crisis\/#respond\"]}]},{\"@type\":\"WebPage\",\"@id\":\"http:\/\/vincentians.com\/es\/los-vicencianos-en-europa-en-1999-un-tiempo-de-crisis\/\",\"url\":\"http:\/\/vincentians.com\/es\/los-vicencianos-en-europa-en-1999-un-tiempo-de-crisis\/\",\"name\":\"Los Vicencianos en Europa en 1999: Un tiempo de crisis - Somos Vicencianos\",\"isPartOf\":{\"@id\":\"https:\/\/vincentians.com\/es\/#website\"},\"primaryImageOfPage\":{\"@id\":\"http:\/\/vincentians.com\/es\/los-vicencianos-en-europa-en-1999-un-tiempo-de-crisis\/#primaryimage\"},\"image\":{\"@id\":\"http:\/\/vincentians.com\/es\/los-vicencianos-en-europa-en-1999-un-tiempo-de-crisis\/#primaryimage\"},\"thumbnailUrl\":\"\",\"datePublished\":\"2012-01-06T03:51:35+00:00\",\"dateModified\":\"2016-07-26T07:44:44+00:00\",\"breadcrumb\":{\"@id\":\"http:\/\/vincentians.com\/es\/los-vicencianos-en-europa-en-1999-un-tiempo-de-crisis\/#breadcrumb\"},\"inLanguage\":\"es\",\"potentialAction\":[{\"@type\":\"ReadAction\",\"target\":[\"http:\/\/vincentians.com\/es\/los-vicencianos-en-europa-en-1999-un-tiempo-de-crisis\/\"]}]},{\"@type\":\"ImageObject\",\"inLanguage\":\"es\",\"@id\":\"http:\/\/vincentians.com\/es\/los-vicencianos-en-europa-en-1999-un-tiempo-de-crisis\/#primaryimage\",\"url\":\"\",\"contentUrl\":\"\"},{\"@type\":\"BreadcrumbList\",\"@id\":\"http:\/\/vincentians.com\/es\/los-vicencianos-en-europa-en-1999-un-tiempo-de-crisis\/#breadcrumb\",\"itemListElement\":[{\"@type\":\"ListItem\",\"position\":1,\"name\":\"Portada\",\"item\":\"https:\/\/vincentians.com\/es\/\"},{\"@type\":\"ListItem\",\"position\":2,\"name\":\"Los Vicencianos en Europa en 1999: Un tiempo de crisis\"}]},{\"@type\":\"WebSite\",\"@id\":\"https:\/\/vincentians.com\/es\/#website\",\"url\":\"https:\/\/vincentians.com\/es\/\",\"name\":\"Somos Vicencianos\",\"description\":\"Know more to serve more\",\"publisher\":{\"@id\":\"https:\/\/vincentians.com\/es\/#organization\"},\"potentialAction\":[{\"@type\":\"SearchAction\",\"target\":{\"@type\":\"EntryPoint\",\"urlTemplate\":\"https:\/\/vincentians.com\/es\/?s={search_term_string}\"},\"query-input\":{\"@type\":\"PropertyValueSpecification\",\"valueRequired\":true,\"valueName\":\"search_term_string\"}}],\"inLanguage\":\"es\"},{\"@type\":\"Organization\",\"@id\":\"https:\/\/vincentians.com\/es\/#organization\",\"name\":\"The Vincentian Network\",\"url\":\"https:\/\/vincentians.com\/es\/\",\"logo\":{\"@type\":\"ImageObject\",\"inLanguage\":\"es\",\"@id\":\"https:\/\/vincentians.com\/es\/#\/schema\/logo\/image\/\",\"url\":\"https:\/\/i1.wp.com\/vincentians.com\/es\/wp-content\/uploads\/sites\/11\/2016\/06\/Vincentian-Network-logo-big.png?fit=778%2C778\",\"contentUrl\":\"https:\/\/i1.wp.com\/vincentians.com\/es\/wp-content\/uploads\/sites\/11\/2016\/06\/Vincentian-Network-logo-big.png?fit=778%2C778\",\"width\":778,\"height\":778,\"caption\":\"The Vincentian Network\"},\"image\":{\"@id\":\"https:\/\/vincentians.com\/es\/#\/schema\/logo\/image\/\"},\"sameAs\":[\"https:\/\/www.facebook.com\/WeAreVincentians\/\",\"https:\/\/x.com\/WeVincentians\"]},{\"@type\":\"Person\",\"@id\":\"https:\/\/vincentians.com\/es\/#\/schema\/person\/9623ef4d9aa3b2dfb8c061f1499288f2\",\"name\":\"Francisco Javier Fern\u00e1ndez Chento\",\"image\":{\"@type\":\"ImageObject\",\"inLanguage\":\"es\",\"@id\":\"https:\/\/vincentians.com\/es\/#\/schema\/person\/image\/\",\"url\":\"https:\/\/secure.gravatar.com\/avatar\/497d5cde87b4c3d097d0315953521681ba2cd523ee66e5077c3711f7021e65de?s=96&d=mm&r=g\",\"contentUrl\":\"https:\/\/secure.gravatar.com\/avatar\/497d5cde87b4c3d097d0315953521681ba2cd523ee66e5077c3711f7021e65de?s=96&d=mm&r=g\",\"caption\":\"Francisco Javier Fern\u00e1ndez Chento\"},\"description\":\"Director General y cofundador de La Red de Formaci\u00f3n Vicenciana. Javier es laico vicenciano, afiliado a la Congregaci\u00f3n de la Misi\u00f3n y miembro del Equipo de Misiones Populares de la provincia can\u00f3nica de Zaragoza (Espa\u00f1a) de la Congregaci\u00f3n de la Misi\u00f3n. Graduado en la Universidad Oberta de Catalunya con cuatro grados (Asistente de direcci\u00f3n, Gesti\u00f3n Administrativa, Recursos Humanos y Contabilidad Avanzada). Bil\u00edng\u00fce Espa\u00f1ol\/Ingl\u00e9s. gestiona y mantiene varias p\u00e1ginas web cristianas y vicencianas, incluida including La Red de Formaci\u00f3n Vicenciana, de la que es cofundador. Actualmente es responsable del \u00e1rea de Espa\u00f1ol de .famvin, la Red de Noticias de la Familia Vicenciana. Tambi\u00e9n es m\u00fasico cat\u00f3lico y ha editado varios discos. Es Director General y cofundador de Trovador, una reconocida compa\u00f1\u00eda discogr\u00e1fica critiana de Espa\u00f1a. Trabaja en las Tecnolog\u00edas de la Informaci\u00f3n, ofreciendo servicios de alojamiento, dise\u00f1o y mantenimiento Web, as\u00ed como asesoramiento, formaci\u00f3n y soluciones inform\u00e1ticas, gesti\u00f3n documental y digitalizaci\u00f3n de textos, edici\u00f3n y maquetaci\u00f3n de libros, revistas, flyers, etc.\",\"sameAs\":[\"http:\/\/chento.org\",\"https:\/\/www.facebook.com\/JavierChento\",\"https:\/\/x.com\/https:\/\/twitter.com\/javierchento\"],\"url\":\"http:\/\/vincentians.com\/es\/author\/chento\/\"}]}<\/script>\n<!-- \/ Yoast SEO plugin. -->","yoast_head_json":{"title":"Los Vicencianos en Europa en 1999: Un tiempo de crisis - Somos Vicencianos","robots":{"index":"index","follow":"follow","max-snippet":"max-snippet:-1","max-image-preview":"max-image-preview:large","max-video-preview":"max-video-preview:-1"},"canonical":"http:\/\/vincentians.com\/es\/los-vicencianos-en-europa-en-1999-un-tiempo-de-crisis\/","og_locale":"es_ES","og_type":"article","og_title":"Los Vicencianos en Europa en 1999: Un tiempo de crisis - Somos Vicencianos","og_description":"Introducci\u00f3n \u00bfPor qu\u00e9 centrarnos ahora en Europa? En su carta a los Visitadores de Europa previa a la reuni\u00f3n de \u00e9stos en L\u00edbano en abril de 1999, el Superior General, P. Robert Maloney, nos anim\u00f3 ... Read More","og_url":"http:\/\/vincentians.com\/es\/los-vicencianos-en-europa-en-1999-un-tiempo-de-crisis\/","og_site_name":"Somos Vicencianos","article_publisher":"https:\/\/www.facebook.com\/WeAreVincentians\/","article_author":"https:\/\/www.facebook.com\/JavierChento","article_published_time":"2012-01-06T03:51:35+00:00","article_modified_time":"2016-07-26T07:44:44+00:00","author":"Francisco Javier Fern\u00e1ndez Chento","twitter_card":"summary_large_image","twitter_creator":"@https:\/\/twitter.com\/javierchento","twitter_site":"@WeVincentians","twitter_misc":{"Escrito por":"Francisco Javier Fern\u00e1ndez Chento","Tiempo de lectura":"37 minutos"},"schema":{"@context":"https:\/\/schema.org","@graph":[{"@type":"Article","@id":"http:\/\/vincentians.com\/es\/los-vicencianos-en-europa-en-1999-un-tiempo-de-crisis\/#article","isPartOf":{"@id":"http:\/\/vincentians.com\/es\/los-vicencianos-en-europa-en-1999-un-tiempo-de-crisis\/"},"author":{"name":"Francisco Javier Fern\u00e1ndez Chento","@id":"https:\/\/vincentians.com\/es\/#\/schema\/person\/9623ef4d9aa3b2dfb8c061f1499288f2"},"headline":"Los Vicencianos en Europa en 1999: Un tiempo de crisis","datePublished":"2012-01-06T03:51:35+00:00","dateModified":"2016-07-26T07:44:44+00:00","mainEntityOfPage":{"@id":"http:\/\/vincentians.com\/es\/los-vicencianos-en-europa-en-1999-un-tiempo-de-crisis\/"},"wordCount":7435,"commentCount":0,"publisher":{"@id":"https:\/\/vincentians.com\/es\/#organization"},"image":{"@id":"http:\/\/vincentians.com\/es\/los-vicencianos-en-europa-en-1999-un-tiempo-de-crisis\/#primaryimage"},"thumbnailUrl":"","keywords":["Misiones Populares","San Benito","Santo Domingo"],"articleSection":["Congregaci\u00f3n de la Misi\u00f3n"],"inLanguage":"es","potentialAction":[{"@type":"CommentAction","name":"Comment","target":["http:\/\/vincentians.com\/es\/los-vicencianos-en-europa-en-1999-un-tiempo-de-crisis\/#respond"]}]},{"@type":"WebPage","@id":"http:\/\/vincentians.com\/es\/los-vicencianos-en-europa-en-1999-un-tiempo-de-crisis\/","url":"http:\/\/vincentians.com\/es\/los-vicencianos-en-europa-en-1999-un-tiempo-de-crisis\/","name":"Los Vicencianos en Europa en 1999: Un tiempo de crisis - Somos Vicencianos","isPartOf":{"@id":"https:\/\/vincentians.com\/es\/#website"},"primaryImageOfPage":{"@id":"http:\/\/vincentians.com\/es\/los-vicencianos-en-europa-en-1999-un-tiempo-de-crisis\/#primaryimage"},"image":{"@id":"http:\/\/vincentians.com\/es\/los-vicencianos-en-europa-en-1999-un-tiempo-de-crisis\/#primaryimage"},"thumbnailUrl":"","datePublished":"2012-01-06T03:51:35+00:00","dateModified":"2016-07-26T07:44:44+00:00","breadcrumb":{"@id":"http:\/\/vincentians.com\/es\/los-vicencianos-en-europa-en-1999-un-tiempo-de-crisis\/#breadcrumb"},"inLanguage":"es","potentialAction":[{"@type":"ReadAction","target":["http:\/\/vincentians.com\/es\/los-vicencianos-en-europa-en-1999-un-tiempo-de-crisis\/"]}]},{"@type":"ImageObject","inLanguage":"es","@id":"http:\/\/vincentians.com\/es\/los-vicencianos-en-europa-en-1999-un-tiempo-de-crisis\/#primaryimage","url":"","contentUrl":""},{"@type":"BreadcrumbList","@id":"http:\/\/vincentians.com\/es\/los-vicencianos-en-europa-en-1999-un-tiempo-de-crisis\/#breadcrumb","itemListElement":[{"@type":"ListItem","position":1,"name":"Portada","item":"https:\/\/vincentians.com\/es\/"},{"@type":"ListItem","position":2,"name":"Los Vicencianos en Europa en 1999: Un tiempo de crisis"}]},{"@type":"WebSite","@id":"https:\/\/vincentians.com\/es\/#website","url":"https:\/\/vincentians.com\/es\/","name":"Somos Vicencianos","description":"Know more to serve more","publisher":{"@id":"https:\/\/vincentians.com\/es\/#organization"},"potentialAction":[{"@type":"SearchAction","target":{"@type":"EntryPoint","urlTemplate":"https:\/\/vincentians.com\/es\/?s={search_term_string}"},"query-input":{"@type":"PropertyValueSpecification","valueRequired":true,"valueName":"search_term_string"}}],"inLanguage":"es"},{"@type":"Organization","@id":"https:\/\/vincentians.com\/es\/#organization","name":"The Vincentian Network","url":"https:\/\/vincentians.com\/es\/","logo":{"@type":"ImageObject","inLanguage":"es","@id":"https:\/\/vincentians.com\/es\/#\/schema\/logo\/image\/","url":"https:\/\/i1.wp.com\/vincentians.com\/es\/wp-content\/uploads\/sites\/11\/2016\/06\/Vincentian-Network-logo-big.png?fit=778%2C778","contentUrl":"https:\/\/i1.wp.com\/vincentians.com\/es\/wp-content\/uploads\/sites\/11\/2016\/06\/Vincentian-Network-logo-big.png?fit=778%2C778","width":778,"height":778,"caption":"The Vincentian Network"},"image":{"@id":"https:\/\/vincentians.com\/es\/#\/schema\/logo\/image\/"},"sameAs":["https:\/\/www.facebook.com\/WeAreVincentians\/","https:\/\/x.com\/WeVincentians"]},{"@type":"Person","@id":"https:\/\/vincentians.com\/es\/#\/schema\/person\/9623ef4d9aa3b2dfb8c061f1499288f2","name":"Francisco Javier Fern\u00e1ndez Chento","image":{"@type":"ImageObject","inLanguage":"es","@id":"https:\/\/vincentians.com\/es\/#\/schema\/person\/image\/","url":"https:\/\/secure.gravatar.com\/avatar\/497d5cde87b4c3d097d0315953521681ba2cd523ee66e5077c3711f7021e65de?s=96&d=mm&r=g","contentUrl":"https:\/\/secure.gravatar.com\/avatar\/497d5cde87b4c3d097d0315953521681ba2cd523ee66e5077c3711f7021e65de?s=96&d=mm&r=g","caption":"Francisco Javier Fern\u00e1ndez Chento"},"description":"Director General y cofundador de La Red de Formaci\u00f3n Vicenciana. Javier es laico vicenciano, afiliado a la Congregaci\u00f3n de la Misi\u00f3n y miembro del Equipo de Misiones Populares de la provincia can\u00f3nica de Zaragoza (Espa\u00f1a) de la Congregaci\u00f3n de la Misi\u00f3n. Graduado en la Universidad Oberta de Catalunya con cuatro grados (Asistente de direcci\u00f3n, Gesti\u00f3n Administrativa, Recursos Humanos y Contabilidad Avanzada). Bil\u00edng\u00fce Espa\u00f1ol\/Ingl\u00e9s. gestiona y mantiene varias p\u00e1ginas web cristianas y vicencianas, incluida including La Red de Formaci\u00f3n Vicenciana, de la que es cofundador. Actualmente es responsable del \u00e1rea de Espa\u00f1ol de .famvin, la Red de Noticias de la Familia Vicenciana. Tambi\u00e9n es m\u00fasico cat\u00f3lico y ha editado varios discos. Es Director General y cofundador de Trovador, una reconocida compa\u00f1\u00eda discogr\u00e1fica critiana de Espa\u00f1a. Trabaja en las Tecnolog\u00edas de la Informaci\u00f3n, ofreciendo servicios de alojamiento, dise\u00f1o y mantenimiento Web, as\u00ed como asesoramiento, formaci\u00f3n y soluciones inform\u00e1ticas, gesti\u00f3n documental y digitalizaci\u00f3n de textos, edici\u00f3n y maquetaci\u00f3n de libros, revistas, flyers, etc.","sameAs":["http:\/\/chento.org","https:\/\/www.facebook.com\/JavierChento","https:\/\/x.com\/https:\/\/twitter.com\/javierchento"],"url":"http:\/\/vincentians.com\/es\/author\/chento\/"}]}},"jetpack_publicize_connections":[],"jetpack_featured_media_url":"","jetpack_sharing_enabled":true,"jetpack_shortlink":"https:\/\/wp.me\/p7ETMF-fi7","jetpack-related-posts":[{"id":114120,"url":"http:\/\/vincentians.com\/es\/estatutos-del-secretariado-internacional-de-estudios-vicencianos-siev\/","url_meta":{"origin":58783,"position":0},"title":"Estatutos del Secretariado Internacional de Estudios Vicencianos (SIEV)","author":"Francisco Javier Fern\u00e1ndez Chento","date":"26\/10\/2012","format":false,"excerpt":"1.1 Como respuesta al postulado aprobado por la Asamblea General de 1980: \"Se propone que cada Provincia o grupo de Provincias tengan una organizaci\u00f3n propia para la promoci\u00f3n de estudios b\u00e1sicas y la divulgaci\u00f3n de los mismos (de San Vicente, Santa Luisa, la historia de las Compa\u00f1\u00edas, etc.). Otra organizaci\u00f3n\u2026","rel":"","context":"En \u00abDocumentos de otras Ramas e Instituciones vicencianas\u00bb","block_context":{"text":"Documentos de otras Ramas e Instituciones vicencianas","link":"http:\/\/vincentians.com\/es\/category\/formacion-vicenciana\/documentos-oficiales-de-la-familia-vicenciana\/documentos-de-otras-ramas-e-instituciones-vicencianas\/"},"img":{"alt_text":"","src":"","width":0,"height":0},"classes":[]},{"id":114121,"url":"http:\/\/vincentians.com\/es\/estatutos-del-centro-internacional-de-formacion-san-vicente-de-paul-cif\/","url_meta":{"origin":58783,"position":1},"title":"Estatutos del Centro Internacional de Formaci\u00f3n San Vicente de Pa\u00fal (CIF)","author":"Francisco Javier Fern\u00e1ndez Chento","date":"26\/10\/2012","format":false,"excerpt":"1. Identidad El Centro Internacional de Formaci\u00f3n San Vicente de Pa\u00fal (CIF) es una obra establecida por el Superior General de la Congregaci\u00f3n de la Misi\u00f3n con su consejo para ofrecer programas de formaci\u00f3n vicenciana. Los programas se dirigen en primer lugar a los miembros de la Congregaci\u00f3n de la\u2026","rel":"","context":"En \u00abDocumentos de otras Ramas e Instituciones vicencianas\u00bb","block_context":{"text":"Documentos de otras Ramas e Instituciones vicencianas","link":"http:\/\/vincentians.com\/es\/category\/formacion-vicenciana\/documentos-oficiales-de-la-familia-vicenciana\/documentos-de-otras-ramas-e-instituciones-vicencianas\/"},"img":{"alt_text":"","src":"","width":0,"height":0},"classes":[]},{"id":140032,"url":"http:\/\/vincentians.com\/es\/las-asambleas-generales-en-la-congregacion-de-la-mision-historia-y-resultados\/","url_meta":{"origin":58783,"position":2},"title":"Las Asambleas Generales en la Congregaci\u00f3n de la Misi\u00f3n: Historia y Resultados","author":"Mitxel Olabu\u00e9naga","date":"20\/02\/2015","format":false,"excerpt":"Introducci\u00f3n La autoridad suprema en la Congregaci\u00f3n, su asamblea general, ha sido crucial para su desarrollo y direcci\u00f3n. En su casi cuatro siglos de existencia, la Congregaci\u00f3n ha celebrado cuarenta y uno de estos encuentros, el primero fue en 1661. Vicente mismo, sin embargo, celebr\u00f3 asambleas preliminares en 1642 y\u2026","rel":"","context":"En \u00abHistoria de la Congregaci\u00f3n de la Misi\u00f3n\u00bb","block_context":{"text":"Historia de la Congregaci\u00f3n de la Misi\u00f3n","link":"http:\/\/vincentians.com\/es\/category\/historia-de-la-familia-vicenciana\/historia-de-la-congregacion-de-la-mision\/"},"img":{"alt_text":"logocm","src":"https:\/\/i0.wp.com\/vicencianos.org\/wp-content\/2011\/12\/logocm-245x300.png?resize=350%2C200","width":350,"height":200},"classes":[]},{"id":120719,"url":"http:\/\/vincentians.com\/es\/mision-ad-gentes-en-la-familia-vicenciana\/","url_meta":{"origin":58783,"position":3},"title":"Misi\u00f3n Ad Gentes en la Familia Vicenciana","author":"Francisco Javier Fern\u00e1ndez Chento","date":"19\/10\/2022","format":false,"excerpt":"Propuesta Mi propuesta para el tema de la misi\u00f3n ad gentes es muy sencilla. El compromiso con \"misiones ad gentes\", est\u00e1 en los funda\u00admentos de nuestra propia espiritualidad y carisma. Forma parte de nuestro ser. Una caracter\u00edstica a la que no hemos prestado excesiva atenci\u00f3n. Pero aunque no la hemos\u2026","rel":"","context":"En \u00abMisiones \u00abAd gentes\u00bb\u00bb","block_context":{"text":"Misiones \u00abAd gentes\u00bb","link":"http:\/\/vincentians.com\/es\/category\/servicios-y-ministerios\/misiones-ad-gentes\/"},"img":{"alt_text":"","src":"https:\/\/i0.wp.com\/vincentians.com\/es\/wp-content\/uploads\/sites\/11\/2015\/02\/St_Vincent_De_Paul_-bible-1.jpg?fit=1200%2C630&resize=350%2C200","width":350,"height":200,"srcset":"https:\/\/i0.wp.com\/vincentians.com\/es\/wp-content\/uploads\/sites\/11\/2015\/02\/St_Vincent_De_Paul_-bible-1.jpg?fit=1200%2C630&resize=350%2C200 1x, https:\/\/i0.wp.com\/vincentians.com\/es\/wp-content\/uploads\/sites\/11\/2015\/02\/St_Vincent_De_Paul_-bible-1.jpg?fit=1200%2C630&resize=525%2C300 1.5x, https:\/\/i0.wp.com\/vincentians.com\/es\/wp-content\/uploads\/sites\/11\/2015\/02\/St_Vincent_De_Paul_-bible-1.jpg?fit=1200%2C630&resize=700%2C400 2x, https:\/\/i0.wp.com\/vincentians.com\/es\/wp-content\/uploads\/sites\/11\/2015\/02\/St_Vincent_De_Paul_-bible-1.jpg?fit=1200%2C630&resize=1050%2C600 3x"},"classes":[]},{"id":119814,"url":"http:\/\/vincentians.com\/es\/ayer-y-hoy-de-las-misiones-vicencianas-en-espana-vision-historica-1965-1978\/","url_meta":{"origin":58783,"position":4},"title":"Ayer y hoy de las Misiones Vicencianas en Espa\u00f1a. Visi\u00f3n hist\u00f3rica: 1965-1978","author":"Francisco Javier Fern\u00e1ndez Chento","date":"05\/04\/2022","format":false,"excerpt":"El contenido de la presente \"comunicaci\u00f3n\" se circunscribe tan s\u00f3lo a los a\u00f1os que se indican en el ep\u00edgrafe. Por consi\u00adguiente, todos los hechos misioneros que en ella se describan no se remontar\u00e1n, ni por detr\u00e1s ni por delante, a ninguna otra \u00e9poca hist\u00f3rica que no sea la enunciada en\u2026","rel":"","context":"En \u00abMisiones \u00abAd gentes\u00bb\u00bb","block_context":{"text":"Misiones \u00abAd gentes\u00bb","link":"http:\/\/vincentians.com\/es\/category\/servicios-y-ministerios\/misiones-ad-gentes\/"},"img":{"alt_text":"","src":"https:\/\/i0.wp.com\/vincentians.com\/es\/wp-content\/uploads\/sites\/11\/2016\/07\/espiritualidad-vicenciana.jpg?fit=1200%2C630&resize=350%2C200","width":350,"height":200,"srcset":"https:\/\/i0.wp.com\/vincentians.com\/es\/wp-content\/uploads\/sites\/11\/2016\/07\/espiritualidad-vicenciana.jpg?fit=1200%2C630&resize=350%2C200 1x, https:\/\/i0.wp.com\/vincentians.com\/es\/wp-content\/uploads\/sites\/11\/2016\/07\/espiritualidad-vicenciana.jpg?fit=1200%2C630&resize=525%2C300 1.5x, https:\/\/i0.wp.com\/vincentians.com\/es\/wp-content\/uploads\/sites\/11\/2016\/07\/espiritualidad-vicenciana.jpg?fit=1200%2C630&resize=700%2C400 2x, https:\/\/i0.wp.com\/vincentians.com\/es\/wp-content\/uploads\/sites\/11\/2016\/07\/espiritualidad-vicenciana.jpg?fit=1200%2C630&resize=1050%2C600 3x"},"classes":[]},{"id":109351,"url":"http:\/\/vincentians.com\/es\/origenes-italianos-de-la-consagracion-de-la-mision-en-espana\/","url_meta":{"origin":58783,"position":5},"title":"Or\u00edgenes italianos de la Congregaci\u00f3n de la Misi\u00f3n en Espa\u00f1a","author":"Mitxel Olabu\u00e9naga","date":"10\/06\/2021","format":false,"excerpt":"En una PRIMERA PARTE del presente estudio es nuestro deber se\u00f1alar con toda claridad las diversas etapas que integran el primer per\u00edodo de la historia vicenciana de Espa\u00f1a, el per\u00edodo de la fundaci\u00f3n y de sus primeros setenta a\u00f1os, en que dependi\u00f3 del tronco vicenciano italiano, del cual proced\u00eda. ETAPA\u2026","rel":"","context":"En \u00abHistoria de la Congregaci\u00f3n de la Misi\u00f3n\u00bb","block_context":{"text":"Historia de la Congregaci\u00f3n de la Misi\u00f3n","link":"http:\/\/vincentians.com\/es\/category\/historia-de-la-familia-vicenciana\/historia-de-la-congregacion-de-la-mision\/"},"img":{"alt_text":"","src":"https:\/\/i0.wp.com\/vincentians.com\/es\/wp-content\/uploads\/sites\/11\/2016\/09\/espiritu-de-jesus.jpg?fit=1200%2C630&resize=350%2C200","width":350,"height":200,"srcset":"https:\/\/i0.wp.com\/vincentians.com\/es\/wp-content\/uploads\/sites\/11\/2016\/09\/espiritu-de-jesus.jpg?fit=1200%2C630&resize=350%2C200 1x, https:\/\/i0.wp.com\/vincentians.com\/es\/wp-content\/uploads\/sites\/11\/2016\/09\/espiritu-de-jesus.jpg?fit=1200%2C630&resize=525%2C300 1.5x, https:\/\/i0.wp.com\/vincentians.com\/es\/wp-content\/uploads\/sites\/11\/2016\/09\/espiritu-de-jesus.jpg?fit=1200%2C630&resize=700%2C400 2x, https:\/\/i0.wp.com\/vincentians.com\/es\/wp-content\/uploads\/sites\/11\/2016\/09\/espiritu-de-jesus.jpg?fit=1200%2C630&resize=1050%2C600 3x"},"classes":[]}],"_links":{"self":[{"href":"http:\/\/vincentians.com\/es\/wp-json\/wp\/v2\/posts\/58783","targetHints":{"allow":["GET"]}}],"collection":[{"href":"http:\/\/vincentians.com\/es\/wp-json\/wp\/v2\/posts"}],"about":[{"href":"http:\/\/vincentians.com\/es\/wp-json\/wp\/v2\/types\/post"}],"author":[{"embeddable":true,"href":"http:\/\/vincentians.com\/es\/wp-json\/wp\/v2\/users\/4"}],"replies":[{"embeddable":true,"href":"http:\/\/vincentians.com\/es\/wp-json\/wp\/v2\/comments?post=58783"}],"version-history":[{"count":0,"href":"http:\/\/vincentians.com\/es\/wp-json\/wp\/v2\/posts\/58783\/revisions"}],"wp:featuredmedia":[{"embeddable":true,"href":"http:\/\/vincentians.com\/es\/wp-json\/"}],"wp:attachment":[{"href":"http:\/\/vincentians.com\/es\/wp-json\/wp\/v2\/media?parent=58783"}],"wp:term":[{"taxonomy":"category","embeddable":true,"href":"http:\/\/vincentians.com\/es\/wp-json\/wp\/v2\/categories?post=58783"},{"taxonomy":"post_tag","embeddable":true,"href":"http:\/\/vincentians.com\/es\/wp-json\/wp\/v2\/tags?post=58783"}],"curies":[{"name":"wp","href":"https:\/\/api.w.org\/{rel}","templated":true}]}}