{"id":5858,"date":"2014-04-22T09:00:32","date_gmt":"2014-04-22T07:00:32","guid":{"rendered":"http:\/\/somos.vicencianos.org\/comentarios\/2014\/04\/16\/lectio-para-domingo-de-resurreccion-preparada-por-chuno-chavez-alva-c-m-2\/"},"modified":"2016-07-24T10:26:51","modified_gmt":"2016-07-24T08:26:51","slug":"lectio-para-2o-domingo-de-pascua-preparada-por-chuno-chavez-alva-c-m","status":"publish","type":"post","link":"http:\/\/vincentians.com\/es\/lectio-para-2o-domingo-de-pascua-preparada-por-chuno-chavez-alva-c-m\/","title":{"rendered":"Lectio para 2\u00ba domingo de Pascua (preparada por Chuno Ch\u00e1vez Alva, C.M.)"},"content":{"rendered":"<h2 style=\"text-align: center\"><b>Dichosos los que creen sin haber visto<\/b><\/h2>\n<p style=\"padding-left: 30px\"><strong>LA PALABRA HOY: <\/strong>Hechos Ap\u00f3stoles 2,42-47; Salmo 117; 1 Pedro 1,3-9; Juan 20,19-31<\/p>\n<p style=\"padding-left: 30px\"><strong>Ambientaci\u00f3n: <\/strong>Un cirio, rodeado de flores, imagen del Resucitado, frase: <em>\u201cHemos visto al Se\u00f1or\u201d<\/em><\/p>\n<p style=\"padding-left: 30px\"><strong>Cantos sugeridos: <\/strong>Si vienes conmigo;<\/p>\n<h2>Ambientaci\u00f3n<\/h2>\n<p><em>Las lecturas de hoy nos hablan del poder transformador de la fe pascual. El evangelio nos recuerda que esa fe es capaz de hacer que el grupo de los disc\u00edpulos, cerrado sobre s\u00ed mismo, se transforme, por la fuerza del Esp\u00edritu, en una comunidad misionera. Posiblemente, como Tom\u00e1s, necesitamos hoy m\u00e1s que nunca, experimentar por nosotros mismos, a ese Jes\u00fas resucitado y lleno de vida. Entonces s\u00ed podremos decir de coraz\u00f3n: \u201cSe\u00f1or m\u00edo y Dios m\u00edo\u201d.<\/em><\/p>\n<h2>Oraci\u00f3n inicial<\/h2>\n<p>Se\u00f1or Jes\u00fas, aunque no te vemos<br \/>\ncon estos ojos de carne,<br \/>\nnuestra ardiente profesi\u00f3n de fe es hoy<br \/>\nla del ap\u00f3stol Tom\u00e1s,<br \/>\nprimeramente incr\u00e9dulo y despu\u00e9s creyente ejemplar:<br \/>\n\u00a1Creemos en ti, Se\u00f1or nuestro y Dios nuestro!<br \/>\nVamos buscando razones, pruebas y seguridad absoluta<br \/>\npara creer y aceptar a Dios en nuestra vida personal y social.<br \/>\nPero t\u00fa nos dices: \u00a1Dichosos lo que crean sin haber visto!<br \/>\nT\u00fa eres, Se\u00f1or, la raz\u00f3n de nuestra fe, esperanza y amor.<br \/>\n\u00c1brenos, Se\u00f1or Jes\u00fas, a los dem\u00e1s,<br \/>\na sus penas y alegr\u00edas,<br \/>\nporque cuando amamos y compartimos,<br \/>\nestamos testimoniando tu resurrecci\u00f3n<br \/>\nen un mundo nuevo de amor y fraternidad. Am\u00e9n.<\/p>\n<h2>I. Lectio: \u00bfQu\u00e9 dice el texto? \u2013 <b>Juan 20, 19-31<\/b><\/h2>\n<p><strong><em>Motivaci\u00f3n:<\/em><\/strong><em> Reunidos juntos. En un sitio cerrado. A la espera, sin saber muy bien de qu\u00e9. As\u00ed se encontraban los disc\u00edpulos cuando ocurri\u00f3 lo que ahora escucharemos. Como nosotros, que reunidos tambi\u00e9n como disc\u00edpulos nos ponemos en pie para escuchar algo. Ante todo, que nuestros o\u00eddos est\u00e9n abiertos, pero tambi\u00e9n nuestros corazones, para poder albergar el gozo de la presencia de Jes\u00fas, y de ese modo tambi\u00e9n seamos de los capaces de creer sin ver.<\/em><\/p>\n<p><strong>Forma de leerlo:<\/strong><\/p>\n<ol>\n<li>Proclamar el texto en voz alta (todos de pie).<\/li>\n<li>Cada uno puede leer en voz alta el vers\u00edculo que m\u00e1s le llam\u00f3 la atenci\u00f3n (sentados).<\/li>\n<\/ol>\n<p><strong>Preguntas para la lectura:<\/strong><\/p>\n<ul>\n<li>\u00bfEn qu\u00e9 situaci\u00f3n se encontraban los disc\u00edpulos al principio del relato?<\/li>\n<li>\u00bfEn qu\u00e9 aspectos se transforma esa situaci\u00f3n inicial? \u00bfQui\u00e9n y c\u00f3mo hace posible este cambio?<\/li>\n<li>\u00bfQu\u00e9 misi\u00f3n conf\u00eda Cristo Resucitado a los disc\u00edpulos?<\/li>\n<li>\u00bfPor qu\u00e9 Tom\u00e1s tiene dificultades para creer? \u00bfQu\u00e9 reproche le hace Jes\u00fas?<\/li>\n<li>\u00bfQu\u00e9 quiere mostrar el evangelista a trav\u00e9s de este episodio?<\/li>\n<\/ul>\n<p><strong>Otros textos b\u00edblicos para confrontar: <\/strong><strong>Mt 28,16-20; Mc 16,14-20; Sal 29,11<\/strong>.<\/p>\n<h2>II. Meditatio: \u00bfQu\u00e9 me dice? \u00bfQu\u00e9 nos dice el Texto?<\/h2>\n<p><strong><em>Motivaci\u00f3n: <\/em><\/strong><em>El evangelista Juan escrib\u00eda pensando en muchos cristianos que, como Tom\u00e1s, se tambaleaban en sus convicciones y necesitaban ser fortalecidos. Necesitamos que el Se\u00f1or, como hizo con sus primeros disc\u00edpulos, nos libere de nuestros miedos y nos comunique su Esp\u00edritu para poder ser sus testigos.<\/em><\/p>\n<ul>\n<li><em>Jes\u00fas declara felices a los que creen sin haber visto. <\/em>\u00bfDe qu\u00e9 manera interpelan estas palabras tu vida de fe y tu relaci\u00f3n personal con el Se\u00f1or?<\/li>\n<li><em>Tom\u00e1s refleja las dificultades que tenemos para creer. <\/em>\u00bfCu\u00e1les son las dudas que sueles experimentar en tu proceso de fe? \u00bfC\u00f3mo intentas superarlas?<\/li>\n<li><em>\u201c\u2026as\u00ed como el Padre me envi\u00f3 a m\u00ed, as\u00ed YO los env\u00edo a ustedes\u2026\u201d. <\/em>En este sentido, \u00bfqu\u00e9 estoy haciendo para vivir y anunciar mi fe, para transmitir y comunicar lo que creo?, \u00bfde qu\u00e9 manera estoy anunciando el Evangelio y buscando que otros conozcan y sigan al Se\u00f1or?<\/li>\n<li><em>Mira mis manos y toca mis heridas\u2026 <\/em>\u00bfQu\u00e9 te sugiere este gesto en medio de un mundo como el nuestro, en el que las llagas de Jes\u00fas siguen frescas?<\/li>\n<\/ul>\n<p><em>Luego de un tiempo de meditaci\u00f3n personal, compartimos con sencillez nuestra reflexi\u00f3n, lo que el texto ME dice a mi propia realidad y situaci\u00f3n personal.<\/em><\/p>\n<h2>III. Oratio: \u00bfQu\u00e9 le digo al Se\u00f1or motivado por su Palabra?<\/h2>\n<p><strong><em>Motivaci\u00f3n: <\/em><\/strong><em>La incredulidad de Tom\u00e1s da paso a la adoraci\u00f3n: \u201cSe\u00f1or m\u00edo y Dios m\u00edo\u201d. Son palabras que s\u00f3lo pueden pronunciarse sinceramente cuando estamos convencidos de que Jes\u00fas resucitado nos acompa\u00f1a. Transformemos en oraci\u00f3n todo lo que hemos compartido en este encuentro.<\/em><\/p>\n<ul>\n<li>Luego de un tiempo de oraci\u00f3n personal, podemos compartir en voz alta nuestra oraci\u00f3n, siempre dirigi\u00e9ndonos a Dios mediante la alabanza, la acci\u00f3n de gracias o la s\u00faplica confiada.<\/li>\n<li>Se puede, tambi\u00e9n, recitar el salmo responsorial <em>(<\/em><em>Salmo 117)<\/em> que corresponde a este domingo.<\/li>\n<\/ul>\n<h2>IV. Contemplatio: \u00bfQu\u00e9 me lleva a hacer el texto?<\/h2>\n<p><strong><em>Motivaci\u00f3n: <\/em><\/strong>El abandono de los pobres que san Vicente comprueba y su meditaci\u00f3n del Evangelio, le llevan a centrar su fe y su vida en Jesucristo. Pero al servir a los pobres, descubre en ellos la imagen viviente de Jesucristo:<\/p>\n<p><em>Otro motivo, es que, al servir a los pobres, se sirve a Jesucristo. Hijas m\u00edas, \u00a1cu\u00e1nta verdad es esto! Sirven a Jesucristo en la persona de los pobres. Y esto es tan verdad como que estamos aqu\u00ed. Una hermana ir\u00e1 diez veces cada d\u00eda a ver a los enfermos, y diez veces cada d\u00eda encontrar\u00e1 en ellos a Dios\u2026 Vayan a ver a los pobres condenados a cadena perpetua, y en ellos encontrar\u00e1n a Dios; sirvan a esos ni\u00f1os, y en ellos encontrar\u00e1n a Dios. \u00a1Hijas m\u00edas, cu\u00e1n admirable es esto! Van a unas casas muy pobres, pero all\u00ed encontrar\u00e1n a Dios. (XI, 239)<\/em><\/p>\n<ul>\n<li><strong>Compromiso personal:<\/strong> \u00bfQu\u00e9 cambios particulares y comunitarios nos invita a realizar el texto de hoy para que nuestro testimonio del Resucitado sea cre\u00edble?<\/li>\n<\/ul>\n<h2>Oraci\u00f3n final<\/h2>\n<p>Se\u00f1or Resucitado,<br \/>\nT\u00fa que nos dices, que son bienaventurados<br \/>\nlos que creen sin haber visto,<br \/>\nnosotros que creemos y confiamos en ti,<br \/>\nque sabemos que T\u00fa eres el Se\u00f1or,<br \/>\nporque creemos en tu Palabra<br \/>\ny aceptamos lo que nos dice la Iglesia,<br \/>\nte pedimos la gracia de tu Esp\u00edritu Santo,<br \/>\npara que cada vez m\u00e1s,<br \/>\nte abramos el coraz\u00f3n y el entendimiento,<br \/>\npara conocerte y seguirte<br \/>\ny as\u00ed vivir lo que nos pides,<br \/>\nimit\u00e1ndote y siendo como T\u00fa.<br \/>\nQue as\u00ed sea.<\/p>\n<p><strong>\u00a0<\/strong><\/p>\n","protected":false},"excerpt":{"rendered":"<p>Dichosos los que creen sin haber visto LA PALABRA HOY: Hechos Ap\u00f3stoles 2,42-47; Salmo 117; 1 Pedro 1,3-9; Juan 20,19-31 Ambientaci\u00f3n: Un cirio, rodeado de flores, imagen del Resucitado, frase: \u201cHemos visto al Se\u00f1or\u201d Cantos &#8230; <a href=\"http:\/\/vincentians.com\/es\/lectio-para-2o-domingo-de-pascua-preparada-por-chuno-chavez-alva-c-m\/\" class=\"more-link\">Read More<\/a><\/p>\n","protected":false},"author":4,"featured_media":388408,"comment_status":"open","ping_status":"open","sticky":false,"template":"","format":"standard","meta":{"jetpack_post_was_ever_published":false,"_jetpack_newsletter_access":"","_jetpack_dont_email_post_to_subs":false,"_jetpack_newsletter_tier_id":0,"_jetpack_memberships_contains_paywalled_content":false,"_jetpack_memberships_contains_paid_content":false,"footnotes":"","jetpack_publicize_message":"","jetpack_publicize_feature_enabled":true,"jetpack_social_post_already_shared":true,"jetpack_social_options":{"image_generator_settings":{"template":"highway","default_image_id":0,"font":"","enabled":false},"version":2}},"categories":[95],"tags":[],"class_list":["post-5858","post","type-post","status-publish","format-standard","has-post-thumbnail","hentry","category-homilias-y-reflexiones-ano-a"],"yoast_head":"<!-- This site is optimized with the Yoast SEO plugin v26.3 - https:\/\/yoast.com\/wordpress\/plugins\/seo\/ -->\n<title>Lectio para 2\u00ba domingo de Pascua (preparada por Chuno Ch\u00e1vez Alva, C.M.) - Somos Vicencianos<\/title>\n<meta name=\"robots\" content=\"index, follow, max-snippet:-1, max-image-preview:large, max-video-preview:-1\" \/>\n<link rel=\"canonical\" href=\"http:\/\/vincentians.com\/es\/lectio-para-2o-domingo-de-pascua-preparada-por-chuno-chavez-alva-c-m\/\" \/>\n<meta property=\"og:locale\" content=\"es_ES\" \/>\n<meta property=\"og:type\" content=\"article\" \/>\n<meta property=\"og:title\" content=\"Lectio para 2\u00ba domingo de Pascua (preparada por Chuno Ch\u00e1vez Alva, C.M.) - Somos Vicencianos\" \/>\n<meta property=\"og:description\" content=\"Dichosos los que creen sin haber visto LA PALABRA HOY: Hechos Ap\u00f3stoles 2,42-47; Salmo 117; 1 Pedro 1,3-9; Juan 20,19-31 Ambientaci\u00f3n: Un cirio, rodeado de flores, imagen del Resucitado, frase: \u201cHemos visto al Se\u00f1or\u201d Cantos ... Read More\" \/>\n<meta property=\"og:url\" content=\"http:\/\/vincentians.com\/es\/lectio-para-2o-domingo-de-pascua-preparada-por-chuno-chavez-alva-c-m\/\" \/>\n<meta property=\"og:site_name\" content=\"Somos Vicencianos\" \/>\n<meta property=\"article:publisher\" content=\"https:\/\/www.facebook.com\/WeAreVincentians\/\" \/>\n<meta property=\"article:author\" content=\"https:\/\/www.facebook.com\/JavierChento\" \/>\n<meta property=\"article:published_time\" content=\"2014-04-22T07:00:32+00:00\" \/>\n<meta property=\"article:modified_time\" content=\"2016-07-24T08:26:51+00:00\" \/>\n<meta property=\"og:image\" content=\"https:\/\/i0.wp.com\/vincentians.com\/es\/wp-content\/uploads\/sites\/11\/2016\/07\/reflexiones-palabra-de-dios.jpg?fit=1200%2C630\" \/>\n\t<meta property=\"og:image:width\" content=\"1200\" \/>\n\t<meta property=\"og:image:height\" content=\"630\" \/>\n\t<meta property=\"og:image:type\" content=\"image\/jpeg\" \/>\n<meta name=\"author\" content=\"Francisco Javier Fern\u00e1ndez Chento\" \/>\n<meta name=\"twitter:card\" content=\"summary_large_image\" \/>\n<meta name=\"twitter:creator\" content=\"@https:\/\/twitter.com\/javierchento\" \/>\n<meta name=\"twitter:site\" content=\"@WeVincentians\" \/>\n<meta name=\"twitter:label1\" content=\"Escrito por\" \/>\n\t<meta name=\"twitter:data1\" content=\"Francisco Javier Fern\u00e1ndez Chento\" \/>\n\t<meta name=\"twitter:label2\" content=\"Tiempo de lectura\" \/>\n\t<meta name=\"twitter:data2\" content=\"5 minutos\" \/>\n<script type=\"application\/ld+json\" class=\"yoast-schema-graph\">{\"@context\":\"https:\/\/schema.org\",\"@graph\":[{\"@type\":\"Article\",\"@id\":\"http:\/\/vincentians.com\/es\/lectio-para-2o-domingo-de-pascua-preparada-por-chuno-chavez-alva-c-m\/#article\",\"isPartOf\":{\"@id\":\"http:\/\/vincentians.com\/es\/lectio-para-2o-domingo-de-pascua-preparada-por-chuno-chavez-alva-c-m\/\"},\"author\":{\"name\":\"Francisco Javier Fern\u00e1ndez Chento\",\"@id\":\"http:\/\/vincentians.com\/es\/#\/schema\/person\/9623ef4d9aa3b2dfb8c061f1499288f2\"},\"headline\":\"Lectio para 2\u00ba domingo de Pascua (preparada por Chuno Ch\u00e1vez Alva, C.M.)\",\"datePublished\":\"2014-04-22T07:00:32+00:00\",\"dateModified\":\"2016-07-24T08:26:51+00:00\",\"mainEntityOfPage\":{\"@id\":\"http:\/\/vincentians.com\/es\/lectio-para-2o-domingo-de-pascua-preparada-por-chuno-chavez-alva-c-m\/\"},\"wordCount\":1087,\"commentCount\":0,\"publisher\":{\"@id\":\"http:\/\/vincentians.com\/es\/#organization\"},\"image\":{\"@id\":\"http:\/\/vincentians.com\/es\/lectio-para-2o-domingo-de-pascua-preparada-por-chuno-chavez-alva-c-m\/#primaryimage\"},\"thumbnailUrl\":\"https:\/\/i0.wp.com\/vincentians.com\/es\/wp-content\/uploads\/sites\/11\/2016\/07\/reflexiones-palabra-de-dios.jpg?fit=1200%2C630\",\"articleSection\":[\"Homil\u00edas y reflexiones, A\u00f1o A\"],\"inLanguage\":\"es\",\"potentialAction\":[{\"@type\":\"CommentAction\",\"name\":\"Comment\",\"target\":[\"http:\/\/vincentians.com\/es\/lectio-para-2o-domingo-de-pascua-preparada-por-chuno-chavez-alva-c-m\/#respond\"]}]},{\"@type\":\"WebPage\",\"@id\":\"http:\/\/vincentians.com\/es\/lectio-para-2o-domingo-de-pascua-preparada-por-chuno-chavez-alva-c-m\/\",\"url\":\"http:\/\/vincentians.com\/es\/lectio-para-2o-domingo-de-pascua-preparada-por-chuno-chavez-alva-c-m\/\",\"name\":\"Lectio para 2\u00ba domingo de Pascua (preparada por Chuno Ch\u00e1vez Alva, C.M.) - Somos Vicencianos\",\"isPartOf\":{\"@id\":\"http:\/\/vincentians.com\/es\/#website\"},\"primaryImageOfPage\":{\"@id\":\"http:\/\/vincentians.com\/es\/lectio-para-2o-domingo-de-pascua-preparada-por-chuno-chavez-alva-c-m\/#primaryimage\"},\"image\":{\"@id\":\"http:\/\/vincentians.com\/es\/lectio-para-2o-domingo-de-pascua-preparada-por-chuno-chavez-alva-c-m\/#primaryimage\"},\"thumbnailUrl\":\"https:\/\/i0.wp.com\/vincentians.com\/es\/wp-content\/uploads\/sites\/11\/2016\/07\/reflexiones-palabra-de-dios.jpg?fit=1200%2C630\",\"datePublished\":\"2014-04-22T07:00:32+00:00\",\"dateModified\":\"2016-07-24T08:26:51+00:00\",\"breadcrumb\":{\"@id\":\"http:\/\/vincentians.com\/es\/lectio-para-2o-domingo-de-pascua-preparada-por-chuno-chavez-alva-c-m\/#breadcrumb\"},\"inLanguage\":\"es\",\"potentialAction\":[{\"@type\":\"ReadAction\",\"target\":[\"http:\/\/vincentians.com\/es\/lectio-para-2o-domingo-de-pascua-preparada-por-chuno-chavez-alva-c-m\/\"]}]},{\"@type\":\"ImageObject\",\"inLanguage\":\"es\",\"@id\":\"http:\/\/vincentians.com\/es\/lectio-para-2o-domingo-de-pascua-preparada-por-chuno-chavez-alva-c-m\/#primaryimage\",\"url\":\"https:\/\/i0.wp.com\/vincentians.com\/es\/wp-content\/uploads\/sites\/11\/2016\/07\/reflexiones-palabra-de-dios.jpg?fit=1200%2C630\",\"contentUrl\":\"https:\/\/i0.wp.com\/vincentians.com\/es\/wp-content\/uploads\/sites\/11\/2016\/07\/reflexiones-palabra-de-dios.jpg?fit=1200%2C630\",\"width\":1200,\"height\":630},{\"@type\":\"BreadcrumbList\",\"@id\":\"http:\/\/vincentians.com\/es\/lectio-para-2o-domingo-de-pascua-preparada-por-chuno-chavez-alva-c-m\/#breadcrumb\",\"itemListElement\":[{\"@type\":\"ListItem\",\"position\":1,\"name\":\"Portada\",\"item\":\"http:\/\/vincentians.com\/es\/\"},{\"@type\":\"ListItem\",\"position\":2,\"name\":\"Lectio para 2\u00ba domingo de Pascua (preparada por Chuno Ch\u00e1vez Alva, C.M.)\"}]},{\"@type\":\"WebSite\",\"@id\":\"http:\/\/vincentians.com\/es\/#website\",\"url\":\"http:\/\/vincentians.com\/es\/\",\"name\":\"Somos Vicencianos\",\"description\":\"Know more to serve more\",\"publisher\":{\"@id\":\"http:\/\/vincentians.com\/es\/#organization\"},\"potentialAction\":[{\"@type\":\"SearchAction\",\"target\":{\"@type\":\"EntryPoint\",\"urlTemplate\":\"http:\/\/vincentians.com\/es\/?s={search_term_string}\"},\"query-input\":{\"@type\":\"PropertyValueSpecification\",\"valueRequired\":true,\"valueName\":\"search_term_string\"}}],\"inLanguage\":\"es\"},{\"@type\":\"Organization\",\"@id\":\"http:\/\/vincentians.com\/es\/#organization\",\"name\":\"The Vincentian Network\",\"url\":\"http:\/\/vincentians.com\/es\/\",\"logo\":{\"@type\":\"ImageObject\",\"inLanguage\":\"es\",\"@id\":\"http:\/\/vincentians.com\/es\/#\/schema\/logo\/image\/\",\"url\":\"https:\/\/i1.wp.com\/vincentians.com\/es\/wp-content\/uploads\/sites\/11\/2016\/06\/Vincentian-Network-logo-big.png?fit=778%2C778\",\"contentUrl\":\"https:\/\/i1.wp.com\/vincentians.com\/es\/wp-content\/uploads\/sites\/11\/2016\/06\/Vincentian-Network-logo-big.png?fit=778%2C778\",\"width\":778,\"height\":778,\"caption\":\"The Vincentian Network\"},\"image\":{\"@id\":\"http:\/\/vincentians.com\/es\/#\/schema\/logo\/image\/\"},\"sameAs\":[\"https:\/\/www.facebook.com\/WeAreVincentians\/\",\"https:\/\/x.com\/WeVincentians\"]},{\"@type\":\"Person\",\"@id\":\"http:\/\/vincentians.com\/es\/#\/schema\/person\/9623ef4d9aa3b2dfb8c061f1499288f2\",\"name\":\"Francisco Javier Fern\u00e1ndez Chento\",\"image\":{\"@type\":\"ImageObject\",\"inLanguage\":\"es\",\"@id\":\"http:\/\/vincentians.com\/es\/#\/schema\/person\/image\/\",\"url\":\"https:\/\/secure.gravatar.com\/avatar\/497d5cde87b4c3d097d0315953521681ba2cd523ee66e5077c3711f7021e65de?s=96&d=mm&r=g\",\"contentUrl\":\"https:\/\/secure.gravatar.com\/avatar\/497d5cde87b4c3d097d0315953521681ba2cd523ee66e5077c3711f7021e65de?s=96&d=mm&r=g\",\"caption\":\"Francisco Javier Fern\u00e1ndez Chento\"},\"description\":\"Director General y cofundador de La Red de Formaci\u00f3n Vicenciana. Javier es laico vicenciano, afiliado a la Congregaci\u00f3n de la Misi\u00f3n y miembro del Equipo de Misiones Populares de la provincia can\u00f3nica de Zaragoza (Espa\u00f1a) de la Congregaci\u00f3n de la Misi\u00f3n. Graduado en la Universidad Oberta de Catalunya con cuatro grados (Asistente de direcci\u00f3n, Gesti\u00f3n Administrativa, Recursos Humanos y Contabilidad Avanzada). Bil\u00edng\u00fce Espa\u00f1ol\/Ingl\u00e9s. gestiona y mantiene varias p\u00e1ginas web cristianas y vicencianas, incluida including La Red de Formaci\u00f3n Vicenciana, de la que es cofundador. Actualmente es responsable del \u00e1rea de Espa\u00f1ol de .famvin, la Red de Noticias de la Familia Vicenciana. Tambi\u00e9n es m\u00fasico cat\u00f3lico y ha editado varios discos. Es Director General y cofundador de Trovador, una reconocida compa\u00f1\u00eda discogr\u00e1fica critiana de Espa\u00f1a. Trabaja en las Tecnolog\u00edas de la Informaci\u00f3n, ofreciendo servicios de alojamiento, dise\u00f1o y mantenimiento Web, as\u00ed como asesoramiento, formaci\u00f3n y soluciones inform\u00e1ticas, gesti\u00f3n documental y digitalizaci\u00f3n de textos, edici\u00f3n y maquetaci\u00f3n de libros, revistas, flyers, etc.\",\"sameAs\":[\"http:\/\/chento.org\",\"https:\/\/www.facebook.com\/JavierChento\",\"https:\/\/x.com\/https:\/\/twitter.com\/javierchento\"],\"url\":\"http:\/\/vincentians.com\/es\/author\/chento\/\"}]}<\/script>\n<!-- \/ Yoast SEO plugin. -->","yoast_head_json":{"title":"Lectio para 2\u00ba domingo de Pascua (preparada por Chuno Ch\u00e1vez Alva, C.M.) - Somos Vicencianos","robots":{"index":"index","follow":"follow","max-snippet":"max-snippet:-1","max-image-preview":"max-image-preview:large","max-video-preview":"max-video-preview:-1"},"canonical":"http:\/\/vincentians.com\/es\/lectio-para-2o-domingo-de-pascua-preparada-por-chuno-chavez-alva-c-m\/","og_locale":"es_ES","og_type":"article","og_title":"Lectio para 2\u00ba domingo de Pascua (preparada por Chuno Ch\u00e1vez Alva, C.M.) - Somos Vicencianos","og_description":"Dichosos los que creen sin haber visto LA PALABRA HOY: Hechos Ap\u00f3stoles 2,42-47; Salmo 117; 1 Pedro 1,3-9; Juan 20,19-31 Ambientaci\u00f3n: Un cirio, rodeado de flores, imagen del Resucitado, frase: \u201cHemos visto al Se\u00f1or\u201d Cantos ... Read More","og_url":"http:\/\/vincentians.com\/es\/lectio-para-2o-domingo-de-pascua-preparada-por-chuno-chavez-alva-c-m\/","og_site_name":"Somos Vicencianos","article_publisher":"https:\/\/www.facebook.com\/WeAreVincentians\/","article_author":"https:\/\/www.facebook.com\/JavierChento","article_published_time":"2014-04-22T07:00:32+00:00","article_modified_time":"2016-07-24T08:26:51+00:00","og_image":[{"width":1200,"height":630,"url":"https:\/\/i0.wp.com\/vincentians.com\/es\/wp-content\/uploads\/sites\/11\/2016\/07\/reflexiones-palabra-de-dios.jpg?fit=1200%2C630","type":"image\/jpeg"}],"author":"Francisco Javier Fern\u00e1ndez Chento","twitter_card":"summary_large_image","twitter_creator":"@https:\/\/twitter.com\/javierchento","twitter_site":"@WeVincentians","twitter_misc":{"Escrito por":"Francisco Javier Fern\u00e1ndez Chento","Tiempo de lectura":"5 minutos"},"schema":{"@context":"https:\/\/schema.org","@graph":[{"@type":"Article","@id":"http:\/\/vincentians.com\/es\/lectio-para-2o-domingo-de-pascua-preparada-por-chuno-chavez-alva-c-m\/#article","isPartOf":{"@id":"http:\/\/vincentians.com\/es\/lectio-para-2o-domingo-de-pascua-preparada-por-chuno-chavez-alva-c-m\/"},"author":{"name":"Francisco Javier Fern\u00e1ndez Chento","@id":"http:\/\/vincentians.com\/es\/#\/schema\/person\/9623ef4d9aa3b2dfb8c061f1499288f2"},"headline":"Lectio para 2\u00ba domingo de Pascua (preparada por Chuno Ch\u00e1vez Alva, C.M.)","datePublished":"2014-04-22T07:00:32+00:00","dateModified":"2016-07-24T08:26:51+00:00","mainEntityOfPage":{"@id":"http:\/\/vincentians.com\/es\/lectio-para-2o-domingo-de-pascua-preparada-por-chuno-chavez-alva-c-m\/"},"wordCount":1087,"commentCount":0,"publisher":{"@id":"http:\/\/vincentians.com\/es\/#organization"},"image":{"@id":"http:\/\/vincentians.com\/es\/lectio-para-2o-domingo-de-pascua-preparada-por-chuno-chavez-alva-c-m\/#primaryimage"},"thumbnailUrl":"https:\/\/i0.wp.com\/vincentians.com\/es\/wp-content\/uploads\/sites\/11\/2016\/07\/reflexiones-palabra-de-dios.jpg?fit=1200%2C630","articleSection":["Homil\u00edas y reflexiones, A\u00f1o A"],"inLanguage":"es","potentialAction":[{"@type":"CommentAction","name":"Comment","target":["http:\/\/vincentians.com\/es\/lectio-para-2o-domingo-de-pascua-preparada-por-chuno-chavez-alva-c-m\/#respond"]}]},{"@type":"WebPage","@id":"http:\/\/vincentians.com\/es\/lectio-para-2o-domingo-de-pascua-preparada-por-chuno-chavez-alva-c-m\/","url":"http:\/\/vincentians.com\/es\/lectio-para-2o-domingo-de-pascua-preparada-por-chuno-chavez-alva-c-m\/","name":"Lectio para 2\u00ba domingo de Pascua (preparada por Chuno Ch\u00e1vez Alva, C.M.) - Somos Vicencianos","isPartOf":{"@id":"http:\/\/vincentians.com\/es\/#website"},"primaryImageOfPage":{"@id":"http:\/\/vincentians.com\/es\/lectio-para-2o-domingo-de-pascua-preparada-por-chuno-chavez-alva-c-m\/#primaryimage"},"image":{"@id":"http:\/\/vincentians.com\/es\/lectio-para-2o-domingo-de-pascua-preparada-por-chuno-chavez-alva-c-m\/#primaryimage"},"thumbnailUrl":"https:\/\/i0.wp.com\/vincentians.com\/es\/wp-content\/uploads\/sites\/11\/2016\/07\/reflexiones-palabra-de-dios.jpg?fit=1200%2C630","datePublished":"2014-04-22T07:00:32+00:00","dateModified":"2016-07-24T08:26:51+00:00","breadcrumb":{"@id":"http:\/\/vincentians.com\/es\/lectio-para-2o-domingo-de-pascua-preparada-por-chuno-chavez-alva-c-m\/#breadcrumb"},"inLanguage":"es","potentialAction":[{"@type":"ReadAction","target":["http:\/\/vincentians.com\/es\/lectio-para-2o-domingo-de-pascua-preparada-por-chuno-chavez-alva-c-m\/"]}]},{"@type":"ImageObject","inLanguage":"es","@id":"http:\/\/vincentians.com\/es\/lectio-para-2o-domingo-de-pascua-preparada-por-chuno-chavez-alva-c-m\/#primaryimage","url":"https:\/\/i0.wp.com\/vincentians.com\/es\/wp-content\/uploads\/sites\/11\/2016\/07\/reflexiones-palabra-de-dios.jpg?fit=1200%2C630","contentUrl":"https:\/\/i0.wp.com\/vincentians.com\/es\/wp-content\/uploads\/sites\/11\/2016\/07\/reflexiones-palabra-de-dios.jpg?fit=1200%2C630","width":1200,"height":630},{"@type":"BreadcrumbList","@id":"http:\/\/vincentians.com\/es\/lectio-para-2o-domingo-de-pascua-preparada-por-chuno-chavez-alva-c-m\/#breadcrumb","itemListElement":[{"@type":"ListItem","position":1,"name":"Portada","item":"http:\/\/vincentians.com\/es\/"},{"@type":"ListItem","position":2,"name":"Lectio para 2\u00ba domingo de Pascua (preparada por Chuno Ch\u00e1vez Alva, C.M.)"}]},{"@type":"WebSite","@id":"http:\/\/vincentians.com\/es\/#website","url":"http:\/\/vincentians.com\/es\/","name":"Somos Vicencianos","description":"Know more to serve more","publisher":{"@id":"http:\/\/vincentians.com\/es\/#organization"},"potentialAction":[{"@type":"SearchAction","target":{"@type":"EntryPoint","urlTemplate":"http:\/\/vincentians.com\/es\/?s={search_term_string}"},"query-input":{"@type":"PropertyValueSpecification","valueRequired":true,"valueName":"search_term_string"}}],"inLanguage":"es"},{"@type":"Organization","@id":"http:\/\/vincentians.com\/es\/#organization","name":"The Vincentian Network","url":"http:\/\/vincentians.com\/es\/","logo":{"@type":"ImageObject","inLanguage":"es","@id":"http:\/\/vincentians.com\/es\/#\/schema\/logo\/image\/","url":"https:\/\/i1.wp.com\/vincentians.com\/es\/wp-content\/uploads\/sites\/11\/2016\/06\/Vincentian-Network-logo-big.png?fit=778%2C778","contentUrl":"https:\/\/i1.wp.com\/vincentians.com\/es\/wp-content\/uploads\/sites\/11\/2016\/06\/Vincentian-Network-logo-big.png?fit=778%2C778","width":778,"height":778,"caption":"The Vincentian Network"},"image":{"@id":"http:\/\/vincentians.com\/es\/#\/schema\/logo\/image\/"},"sameAs":["https:\/\/www.facebook.com\/WeAreVincentians\/","https:\/\/x.com\/WeVincentians"]},{"@type":"Person","@id":"http:\/\/vincentians.com\/es\/#\/schema\/person\/9623ef4d9aa3b2dfb8c061f1499288f2","name":"Francisco Javier Fern\u00e1ndez Chento","image":{"@type":"ImageObject","inLanguage":"es","@id":"http:\/\/vincentians.com\/es\/#\/schema\/person\/image\/","url":"https:\/\/secure.gravatar.com\/avatar\/497d5cde87b4c3d097d0315953521681ba2cd523ee66e5077c3711f7021e65de?s=96&d=mm&r=g","contentUrl":"https:\/\/secure.gravatar.com\/avatar\/497d5cde87b4c3d097d0315953521681ba2cd523ee66e5077c3711f7021e65de?s=96&d=mm&r=g","caption":"Francisco Javier Fern\u00e1ndez Chento"},"description":"Director General y cofundador de La Red de Formaci\u00f3n Vicenciana. Javier es laico vicenciano, afiliado a la Congregaci\u00f3n de la Misi\u00f3n y miembro del Equipo de Misiones Populares de la provincia can\u00f3nica de Zaragoza (Espa\u00f1a) de la Congregaci\u00f3n de la Misi\u00f3n. Graduado en la Universidad Oberta de Catalunya con cuatro grados (Asistente de direcci\u00f3n, Gesti\u00f3n Administrativa, Recursos Humanos y Contabilidad Avanzada). Bil\u00edng\u00fce Espa\u00f1ol\/Ingl\u00e9s. gestiona y mantiene varias p\u00e1ginas web cristianas y vicencianas, incluida including La Red de Formaci\u00f3n Vicenciana, de la que es cofundador. Actualmente es responsable del \u00e1rea de Espa\u00f1ol de .famvin, la Red de Noticias de la Familia Vicenciana. Tambi\u00e9n es m\u00fasico cat\u00f3lico y ha editado varios discos. Es Director General y cofundador de Trovador, una reconocida compa\u00f1\u00eda discogr\u00e1fica critiana de Espa\u00f1a. Trabaja en las Tecnolog\u00edas de la Informaci\u00f3n, ofreciendo servicios de alojamiento, dise\u00f1o y mantenimiento Web, as\u00ed como asesoramiento, formaci\u00f3n y soluciones inform\u00e1ticas, gesti\u00f3n documental y digitalizaci\u00f3n de textos, edici\u00f3n y maquetaci\u00f3n de libros, revistas, flyers, etc.","sameAs":["http:\/\/chento.org","https:\/\/www.facebook.com\/JavierChento","https:\/\/x.com\/https:\/\/twitter.com\/javierchento"],"url":"http:\/\/vincentians.com\/es\/author\/chento\/"}]}},"jetpack_publicize_connections":[],"jetpack_featured_media_url":"https:\/\/i0.wp.com\/vincentians.com\/es\/wp-content\/uploads\/sites\/11\/2016\/07\/reflexiones-palabra-de-dios.jpg?fit=1200%2C630","jetpack_sharing_enabled":true,"jetpack_shortlink":"https:\/\/wp.me\/p7ETMF-1wu","jetpack-related-posts":[{"id":142995,"url":"http:\/\/vincentians.com\/es\/lectio-para-2o-domingo-de-pascua-preparada-por-chuno-chavez-alva-c-m-2\/","url_meta":{"origin":5858,"position":0},"title":"Lectio para 2\u00ba Domingo de Pascua (preparada por Chuno Ch\u00e1vez Alva, C.M.)","author":"Francisco Javier Fern\u00e1ndez Chento","date":"06\/04\/2015","format":false,"excerpt":"Dichosos los que creen sin haber visto LA PALABRA HOY: Hechos Ap\u00f3stoles 4,32-35; Salmo 117; 1 Juan 5,1-6; Juan 20,19-31 Ambientaci\u00f3n: Un cirio, rodeado de flores, imagen del Resucitado, frase: \u201cHemos visto al Se\u00f1or\u201d Cantos sugeridos: Haces nuevas todas las cosas; El Se\u00f1or resucit\u00f3 Ambientaci\u00f3n Las lecturas de hoy nos\u2026","rel":"","context":"En \u00abHomil\u00edas y reflexiones, A\u00f1o B\u00bb","block_context":{"text":"Homil\u00edas y reflexiones, A\u00f1o B","link":"http:\/\/vincentians.com\/es\/category\/homilias-y-reflexiones-a-la-palabra-de-dios\/homilias-y-reflexiones-ano-b\/"},"img":{"alt_text":"","src":"https:\/\/i0.wp.com\/vincentians.com\/es\/wp-content\/uploads\/sites\/11\/2016\/07\/reflexiones-palabra-de-dios.jpg?fit=1200%2C630&resize=350%2C200","width":350,"height":200,"srcset":"https:\/\/i0.wp.com\/vincentians.com\/es\/wp-content\/uploads\/sites\/11\/2016\/07\/reflexiones-palabra-de-dios.jpg?fit=1200%2C630&resize=350%2C200 1x, https:\/\/i0.wp.com\/vincentians.com\/es\/wp-content\/uploads\/sites\/11\/2016\/07\/reflexiones-palabra-de-dios.jpg?fit=1200%2C630&resize=525%2C300 1.5x, https:\/\/i0.wp.com\/vincentians.com\/es\/wp-content\/uploads\/sites\/11\/2016\/07\/reflexiones-palabra-de-dios.jpg?fit=1200%2C630&resize=700%2C400 2x, https:\/\/i0.wp.com\/vincentians.com\/es\/wp-content\/uploads\/sites\/11\/2016\/07\/reflexiones-palabra-de-dios.jpg?fit=1200%2C630&resize=1050%2C600 3x"},"classes":[]},{"id":135849,"url":"http:\/\/vincentians.com\/es\/2o-domingo-de-pascua-reflexion-de-jose-roman-flecha\/","url_meta":{"origin":5858,"position":1},"title":"2\u00ba Domingo de Pascua (reflexi\u00f3n de Jos\u00e9 Rom\u00e1n Flecha)","author":"Francisco Javier Fern\u00e1ndez Chento","date":"01\/04\/2013","format":false,"excerpt":"TOM\u00c1S Y LA COMUNIDAD Domingo 2\u00aa de Pascua. C 7 de abril de 2013 \u201cLos hermanos eran constantes en escuchar la ense\u00f1anza de los ap\u00f3stoles, en la vida com\u00fan, en la fracci\u00f3n del pan y en las oraciones\u201d. Este texto (Hech 2, 42) suele ser conocido como uno de los\u2026","rel":"","context":"En \u00abHomil\u00edas y reflexiones, A\u00f1o C\u00bb","block_context":{"text":"Homil\u00edas y reflexiones, A\u00f1o C","link":"http:\/\/vincentians.com\/es\/category\/homilias-y-reflexiones-a-la-palabra-de-dios\/homilias-y-reflexiones-ano-c\/"},"img":{"alt_text":"","src":"https:\/\/i0.wp.com\/vincentians.com\/es\/wp-content\/uploads\/sites\/11\/2016\/07\/reflexiones-palabra-de-dios.jpg?fit=1200%2C630&resize=350%2C200","width":350,"height":200,"srcset":"https:\/\/i0.wp.com\/vincentians.com\/es\/wp-content\/uploads\/sites\/11\/2016\/07\/reflexiones-palabra-de-dios.jpg?fit=1200%2C630&resize=350%2C200 1x, https:\/\/i0.wp.com\/vincentians.com\/es\/wp-content\/uploads\/sites\/11\/2016\/07\/reflexiones-palabra-de-dios.jpg?fit=1200%2C630&resize=525%2C300 1.5x, https:\/\/i0.wp.com\/vincentians.com\/es\/wp-content\/uploads\/sites\/11\/2016\/07\/reflexiones-palabra-de-dios.jpg?fit=1200%2C630&resize=700%2C400 2x, https:\/\/i0.wp.com\/vincentians.com\/es\/wp-content\/uploads\/sites\/11\/2016\/07\/reflexiones-palabra-de-dios.jpg?fit=1200%2C630&resize=1050%2C600 3x"},"classes":[]},{"id":3121,"url":"http:\/\/vincentians.com\/es\/lectio-divina-para-2o-domingo-de-pascua-preparada-por-chuno-chavez-alva-c-m\/","url_meta":{"origin":5858,"position":2},"title":"Lectio Divina para 2\u00ba Domingo de Pascua (preparada por Chuno Ch\u00e1vez Alva, C.M.)","author":"Francisco Javier Fern\u00e1ndez Chento","date":"01\/04\/2013","format":false,"excerpt":"LA PALABRA HOY: Hechos Ap\u00f3stoles 5,12-16; Salmo 117; Apocalipsis 1,9-11.13.17-19 Ambientaci\u00f3n: Un cirio, rodeado de flores, imagen del Resucitado, frase: \u201cHemos visto al Se\u00f1or\u201d Cantos sugeridos: Alegre la ma\u00f1ana; Resucit\u00f3; Haces nuevas todas las cosas Ambientaci\u00f3n La fe en Jes\u00fas resucitado nos convierte en personas nuevas. El evangelio nos recuerda\u2026","rel":"","context":"En \u00abHomil\u00edas y reflexiones, A\u00f1o C\u00bb","block_context":{"text":"Homil\u00edas y reflexiones, A\u00f1o C","link":"http:\/\/vincentians.com\/es\/category\/homilias-y-reflexiones-a-la-palabra-de-dios\/homilias-y-reflexiones-ano-c\/"},"img":{"alt_text":"","src":"https:\/\/i0.wp.com\/vincentians.com\/es\/wp-content\/uploads\/sites\/11\/2016\/07\/reflexiones-palabra-de-dios.jpg?fit=1200%2C630&resize=350%2C200","width":350,"height":200,"srcset":"https:\/\/i0.wp.com\/vincentians.com\/es\/wp-content\/uploads\/sites\/11\/2016\/07\/reflexiones-palabra-de-dios.jpg?fit=1200%2C630&resize=350%2C200 1x, https:\/\/i0.wp.com\/vincentians.com\/es\/wp-content\/uploads\/sites\/11\/2016\/07\/reflexiones-palabra-de-dios.jpg?fit=1200%2C630&resize=525%2C300 1.5x, https:\/\/i0.wp.com\/vincentians.com\/es\/wp-content\/uploads\/sites\/11\/2016\/07\/reflexiones-palabra-de-dios.jpg?fit=1200%2C630&resize=700%2C400 2x, https:\/\/i0.wp.com\/vincentians.com\/es\/wp-content\/uploads\/sites\/11\/2016\/07\/reflexiones-palabra-de-dios.jpg?fit=1200%2C630&resize=1050%2C600 3x"},"classes":[]},{"id":135847,"url":"http:\/\/vincentians.com\/es\/lectio-divina-para-domingo-de-resurreccion-preparada-por-chuno-chavez-alva-c-m\/","url_meta":{"origin":5858,"position":3},"title":"Lectio Divina para Domingo de Resurrecci\u00f3n (preparada por Chuno Ch\u00e1vez Alva, C.M.)","author":"Francisco Javier Fern\u00e1ndez Chento","date":"25\/03\/2013","format":false,"excerpt":"LA PALABRA HOY: Hechos Ap\u00f3stoles 10, 34a.37-43; Salmo 117; Colosenses 3,1-4; Juan 20, 1-9. Ambientaci\u00f3n: Un cirio, rodeado de flores, imagen del Resucitado, frase: \u201c\u00a1Ha resucitado!\u201d. Una vela por participante Cantos sugeridos: Alegre la ma\u00f1ana; Resucit\u00f3; Haces nuevas todas las cosas Ambientaci\u00f3n Todas las lecturas de hoy se hacen eco\u2026","rel":"","context":"En \u00abHomil\u00edas y reflexiones, A\u00f1o C\u00bb","block_context":{"text":"Homil\u00edas y reflexiones, A\u00f1o C","link":"http:\/\/vincentians.com\/es\/category\/homilias-y-reflexiones-a-la-palabra-de-dios\/homilias-y-reflexiones-ano-c\/"},"img":{"alt_text":"","src":"https:\/\/i0.wp.com\/vincentians.com\/es\/wp-content\/uploads\/sites\/11\/2016\/07\/reflexiones-palabra-de-dios.jpg?fit=1200%2C630&resize=350%2C200","width":350,"height":200,"srcset":"https:\/\/i0.wp.com\/vincentians.com\/es\/wp-content\/uploads\/sites\/11\/2016\/07\/reflexiones-palabra-de-dios.jpg?fit=1200%2C630&resize=350%2C200 1x, https:\/\/i0.wp.com\/vincentians.com\/es\/wp-content\/uploads\/sites\/11\/2016\/07\/reflexiones-palabra-de-dios.jpg?fit=1200%2C630&resize=525%2C300 1.5x, https:\/\/i0.wp.com\/vincentians.com\/es\/wp-content\/uploads\/sites\/11\/2016\/07\/reflexiones-palabra-de-dios.jpg?fit=1200%2C630&resize=700%2C400 2x, https:\/\/i0.wp.com\/vincentians.com\/es\/wp-content\/uploads\/sites\/11\/2016\/07\/reflexiones-palabra-de-dios.jpg?fit=1200%2C630&resize=1050%2C600 3x"},"classes":[]},{"id":135852,"url":"http:\/\/vincentians.com\/es\/2o-domingo-de-pascua-reflexion-de-jose-antonio-pagola\/","url_meta":{"origin":5858,"position":4},"title":"2\u00ba Domingo de Pascua (reflexi\u00f3n de Jos\u00e9 Antonio Pagola)","author":"Francisco Javier Fern\u00e1ndez Chento","date":"01\/04\/2013","format":false,"excerpt":"De la duda a la Fe El hombre moderno ha aprendido a dudar. Es propio del esp\u00edritu de nuestros tiempos cuestionarlo todo para progresar en conocimiento cient\u00edfico. En este clima la fe queda con frecuencia desacreditada. El ser humano va caminando por la vida lleno de incertidumbres y dudas. Por\u2026","rel":"","context":"En \u00abHomil\u00edas y reflexiones, A\u00f1o C\u00bb","block_context":{"text":"Homil\u00edas y reflexiones, A\u00f1o C","link":"http:\/\/vincentians.com\/es\/category\/homilias-y-reflexiones-a-la-palabra-de-dios\/homilias-y-reflexiones-ano-c\/"},"img":{"alt_text":"","src":"https:\/\/i0.wp.com\/vincentians.com\/es\/wp-content\/uploads\/sites\/11\/2016\/07\/reflexiones-pagola.jpg?fit=1200%2C630&resize=350%2C200","width":350,"height":200,"srcset":"https:\/\/i0.wp.com\/vincentians.com\/es\/wp-content\/uploads\/sites\/11\/2016\/07\/reflexiones-pagola.jpg?fit=1200%2C630&resize=350%2C200 1x, https:\/\/i0.wp.com\/vincentians.com\/es\/wp-content\/uploads\/sites\/11\/2016\/07\/reflexiones-pagola.jpg?fit=1200%2C630&resize=525%2C300 1.5x, https:\/\/i0.wp.com\/vincentians.com\/es\/wp-content\/uploads\/sites\/11\/2016\/07\/reflexiones-pagola.jpg?fit=1200%2C630&resize=700%2C400 2x, https:\/\/i0.wp.com\/vincentians.com\/es\/wp-content\/uploads\/sites\/11\/2016\/07\/reflexiones-pagola.jpg?fit=1200%2C630&resize=1050%2C600 3x"},"classes":[]},{"id":142757,"url":"http:\/\/vincentians.com\/es\/lectio-para-domingo-de-resurreccion-preparada-por-chuno-chavez-alva-c-m-2\/","url_meta":{"origin":5858,"position":5},"title":"Lectio para Domingo de Resurrecci\u00f3n (preparada por Chuno Ch\u00e1vez Alva, C.M.)","author":"Francisco Javier Fern\u00e1ndez Chento","date":"31\/03\/2015","format":false,"excerpt":"No est\u00e1 aqu\u00ed, ha resucitado LA PALABRA HOY: Hechos Ap\u00f3stoles 10, 34a.37-43; Salmo 117; Colosenses 3,1-4; Juan 20, 1-9. Ambientaci\u00f3n: Un cirio, rodeado de flores, imagen del Resucitado, frase: \u201c\u00a1Ha resucitado!\u201d. Una vela por participante Cantos sugeridos: Alegre la ma\u00f1ana; Resucit\u00f3; Haces nuevas todas las cosas Ambientaci\u00f3n Hoy, celebramos la\u2026","rel":"","context":"En \u00abHomil\u00edas y reflexiones, A\u00f1o B\u00bb","block_context":{"text":"Homil\u00edas y reflexiones, A\u00f1o B","link":"http:\/\/vincentians.com\/es\/category\/homilias-y-reflexiones-a-la-palabra-de-dios\/homilias-y-reflexiones-ano-b\/"},"img":{"alt_text":"","src":"https:\/\/i0.wp.com\/vincentians.com\/es\/wp-content\/uploads\/sites\/11\/2016\/07\/reflexiones-palabra-de-dios.jpg?fit=1200%2C630&resize=350%2C200","width":350,"height":200,"srcset":"https:\/\/i0.wp.com\/vincentians.com\/es\/wp-content\/uploads\/sites\/11\/2016\/07\/reflexiones-palabra-de-dios.jpg?fit=1200%2C630&resize=350%2C200 1x, https:\/\/i0.wp.com\/vincentians.com\/es\/wp-content\/uploads\/sites\/11\/2016\/07\/reflexiones-palabra-de-dios.jpg?fit=1200%2C630&resize=525%2C300 1.5x, https:\/\/i0.wp.com\/vincentians.com\/es\/wp-content\/uploads\/sites\/11\/2016\/07\/reflexiones-palabra-de-dios.jpg?fit=1200%2C630&resize=700%2C400 2x, https:\/\/i0.wp.com\/vincentians.com\/es\/wp-content\/uploads\/sites\/11\/2016\/07\/reflexiones-palabra-de-dios.jpg?fit=1200%2C630&resize=1050%2C600 3x"},"classes":[]}],"_links":{"self":[{"href":"http:\/\/vincentians.com\/es\/wp-json\/wp\/v2\/posts\/5858","targetHints":{"allow":["GET"]}}],"collection":[{"href":"http:\/\/vincentians.com\/es\/wp-json\/wp\/v2\/posts"}],"about":[{"href":"http:\/\/vincentians.com\/es\/wp-json\/wp\/v2\/types\/post"}],"author":[{"embeddable":true,"href":"http:\/\/vincentians.com\/es\/wp-json\/wp\/v2\/users\/4"}],"replies":[{"embeddable":true,"href":"http:\/\/vincentians.com\/es\/wp-json\/wp\/v2\/comments?post=5858"}],"version-history":[{"count":0,"href":"http:\/\/vincentians.com\/es\/wp-json\/wp\/v2\/posts\/5858\/revisions"}],"wp:featuredmedia":[{"embeddable":true,"href":"http:\/\/vincentians.com\/es\/wp-json\/wp\/v2\/media\/388408"}],"wp:attachment":[{"href":"http:\/\/vincentians.com\/es\/wp-json\/wp\/v2\/media?parent=5858"}],"wp:term":[{"taxonomy":"category","embeddable":true,"href":"http:\/\/vincentians.com\/es\/wp-json\/wp\/v2\/categories?post=5858"},{"taxonomy":"post_tag","embeddable":true,"href":"http:\/\/vincentians.com\/es\/wp-json\/wp\/v2\/tags?post=5858"}],"curies":[{"name":"wp","href":"https:\/\/api.w.org\/{rel}","templated":true}]}}