{"id":5767,"date":"2019-01-22T08:08:23","date_gmt":"2019-01-22T07:08:23","guid":{"rendered":"http:\/\/somos.vicencianos.org\/blog\/2010\/02\/10\/pistas-para-la-animacion-misionera-en-los-centros-vicencianos\/"},"modified":"2019-01-06T09:59:31","modified_gmt":"2019-01-06T08:59:31","slug":"pistas-para-la-animacion-misionera-en-los-centros-vicencianos","status":"publish","type":"post","link":"http:\/\/vincentians.com\/es\/pistas-para-la-animacion-misionera-en-los-centros-vicencianos\/","title":{"rendered":"Pistas para la animaci\u00f3n misionera en los Centros Vicencianos"},"content":{"rendered":"<p>El diccionario de la lengua espa\u00f1ola define \u00abpista\u00bb en su primer significado como: Huella o rastro que dejan los animales o personas en la tierra por donde han pasado. Por lo tanto, estas \u00abmis pistas\u00bb est\u00e1n sacadas del camino recorrido por otros antes que yo, del camino recorrido por todos como Cooperaci\u00f3n Vienciana para el Desarrollo \u2013 Acci\u00f3n Misionera Vicenciana de Espa\u00f1a (COVIDE-AMVE), y del camino que yo mismo he trazado en mi experiencia misionera y como ex Director General de COVIDE-AMVE.<\/p>\n<p>Uno de esos caminos ha sido el \u00c1rea de Misi\u00f3n y Cooperaci\u00f3n de la Confederaci\u00f3n Espa\u00f1ola de Religiosos (CONFER): la experiencia vivida dentro del grupo de reflexi\u00f3n de este departamento, sobre todo el Proyecto de Animaci\u00f3n Misionera elaborado durante el 2007 y 2008.<\/p>\n<h2><strong>Animaci\u00f3n misionera<\/strong><\/h2>\n<p>El primer apartado de mi exposici\u00f3n en las Jornadas intent\u00f3 clarificar c\u00f3mo debemos entender adecuadamente la animaci\u00f3n misionera, cu\u00e1l es su din\u00e1mica, qu\u00e9 objetivos tiene y qu\u00e9 herramientas tenemos para alcanzarlos. Porque no todo vale, hay aqu\u00ed luces y sombras, como el propio Proyecto de Animaci\u00f3n Misionera de la CONFER se\u00f1ala.<\/p>\n<p>No hablo aqu\u00ed de este apartado, ya que pueden encontrarse explicados en el art\u00edculo \u00abLa animaci\u00f3n Misionera\u00bb de esta revista <strong>CAMINOS DE MISI\u00d3N<\/strong> (n\u00ba 118, marzo 09, p\u00e1gs. 9-11), que escribi\u00f3 Jos\u00e9 Manuel Madruga, qui\u00e9n es tambi\u00e9n miembro del grupo de reflexi\u00f3n del \u00c1rea de Misi\u00f3n y Cooperaci\u00f3n de la CONFER.<\/p>\n<h2><strong>Centros vicencianos<\/strong><\/h2>\n<p>El segundo apartado de mi exposici\u00f3n trat\u00f3 de ofrecer esas pistas que me solicitaron para los centros vicencianos. Lo primero a decir es que este concepto de centros vicencianos es un \u00abcaj\u00f3n\u00bb bastante amplio, as\u00ed lo quiero entender. Me niego a pensar que sean solamente obras de los pa\u00fales y de las hijas de la caridad, sino de todos los centros que tiene la Familia Vicenciana o d\u00f3nde ella est\u00e1 presente.<\/p>\n<h3><strong>De modo general<\/strong><\/h3>\n<p>He tratado de ofrecer unas pistas que pueden orientar a toda la Familia Vicenciana. Aqu\u00ed s\u00f3lo las mencionar\u00e9, ya que tambi\u00e9n se pueden encontrar en el citado art\u00edculo de Jos\u00e9 Manuel Madruga o en el Proyecto de Animaci\u00f3n Misionera de la CONFER:<\/p>\n<p>Necesidad de Animadores\/as misioneros\/as conscientes de su tarea, bien formados y haciendo de este servicio un servicio de calidad. Necesidad de coordinaci\u00f3n, como uno de los signos m\u00e1s elocuentes de comuni\u00f3n y de credibilidad, vertebrando las riquezas de cada uno y la capacidad de ayudarse mutuamente. Presencia en la realidad social y ciudadana, trabajo en la cooperaci\u00f3n al Desarrollo y cambio sist\u00e9mico.<\/p>\n<h3><strong>En particular<\/strong><\/h3>\n<p>Me atrevo a sugerir, seg\u00fan mi experiencia y conocimiento, alguna pista a determinados centros vicencianos:<\/p>\n<p><strong>Hijas de la Caridad y Congregaci\u00f3n de la Misi\u00f3n<\/strong>: La coordinaci\u00f3n \u00abinter-congregacional\u00bb es uno de los desaf\u00edos que nos planteamos en la CONFER Nacional y es una apuesta decidida por vertebrar este trabajo tanto en las CONFERs zonales como en la nacional. La CONFER se define como espacio privilegiado para animar e impulsar este estilo de ser y trabajar en la Vida Religiosa.<\/p>\n<p>Necesitamos mayor apertura. Y no debe ser por necesidad, sino por virtud. Ya quisieran muchas congregaciones e instituciones tener la participaci\u00f3n que tenemos nosotros en nuestras jornadas y actividades, pero eso no debe de hacernos autosuficientes. Hay que colaborar y trabajar con otros por comuni\u00f3n, por testimonio y por eficacia.<\/p>\n<p><strong>Centros Educativos<\/strong>: La Educaci\u00f3n para el Desarrollo es el conjunto de acciones destinadas a incrementar la responsabilidad y comprensi\u00f3n de los ciudadanos sobre los problemas de desarrollo y tratar de crear actitudes e iniciativas que contribuyan a la construcci\u00f3n de un mundo m\u00e1s justo y equitativo. La Educaci\u00f3n para el Desarrollo es una herramienta para cambiar los esquemas de la sociedad y, de esta manera, romper con las injusticias que inundan nuestro mundo.<\/p>\n<p>Deber\u00edan volcarse en este campo, y de una forma coordinada, desde el convencimiento de que es una forma eficaz para luchar contra la pobreza y construir una equidad duradera, ya que se potencia la comprensi\u00f3n de las causas y la creaci\u00f3n de actitudes personales.<\/p>\n<p><strong>Residencias de ancianos<\/strong>: Pasar del sentimentalismo a la compasi\u00f3n. Quiz\u00e1s esto sea un poco de casu\u00edstica, pero creo que servir\u00e1 para ilustrar aquello del cambio de valores que sustentan las cosas.<\/p>\n<p>En mi servicio como Director de COVIDE-AMVE hemos recibido muchos proyectos para atenci\u00f3n a los ancianos; ya que son ese tipo de ayudas que no interesan a los organismos p\u00fablicos, y por lo tanto dif\u00edciles de subvencionar. Igualmente hay muchas residencias de ancianos que realizan animaci\u00f3n misionera y ayudan a diversos proyectos. Nuestra intenci\u00f3n fue que esas residencias de ancianos colaboraran en esos proyectos de atenci\u00f3n a los ancianos pobres. Fue casi imposible. El sentimentalismo llevaba a que quisieran proyectos de ni\u00f1os.<\/p>\n<p>La aut\u00e9ntica animaci\u00f3n misionera deber\u00eda transformar esa motivaci\u00f3n. Lo l\u00f3gico parece ser que estos ancianos, que tienen toda una serie de cuidados, atenciones y posibilidades, fueran capaces de entender, de ponerse en el lugar, de compadecerse de aquellos ancianos que s\u00f3lo les queda esperar una muerte r\u00e1pida. He so\u00f1ado con hermanamientos de residencias de ancianos de aqu\u00ed y de all\u00e1. Ojal\u00e1 alg\u00fan d\u00eda lleguen a ser realidad.<\/p>\n<p><strong>Parroquias<\/strong>: Mi apreciaci\u00f3n particular es que las parroquias est\u00e1n bastante muertas en esto de la animaci\u00f3n misionera. Las colectas y alguna homil\u00eda un poco misionera es suficiente.<\/p>\n<p>A mi me parece que tendr\u00edan un papel fundamental en la formaci\u00f3n. \u00bfQui\u00e9n ofrecer\u00e1 esos espacios y tiempos de formaci\u00f3n para todos los animadores misioneros que son necesarios para transformar el mundo? \u00bfD\u00f3nde podr\u00e1n tener esa experiencia de Cristo vivo necesaria?<\/p>\n<p><strong>Asociaci\u00f3n Internacional de Caridades, Asociaci\u00f3n de la Medalla Milagrosa, Sociedad de San Vicente de Pa\u00fal y Juventudes Marianas Vicencianas<\/strong>: La Incidencia pol\u00edtica se refiere al proceso planificado de la ciudadan\u00eda organizada para influir en las pol\u00edticas y programas p\u00fablicos. Se busca influir en aquellos actores que toman decisiones de car\u00e1cter o inter\u00e9s p\u00fablico. La Incidencia Pol\u00edtica supone fortalecer la participaci\u00f3n ciudadana y el proceso de organizaci\u00f3n de la comunidad, porque es a trav\u00e9s de un proceso de planificaci\u00f3n que ellas deben hacer que se logre dar orientaci\u00f3n y direcci\u00f3n a los cambios que se pretenden realizar.<\/p>\n<p>Sin ella no habr\u00e1 verdadero cambio sist\u00e9mico. El sistema seguir\u00e1 igual por mucha atenci\u00f3n que demos a los pobres y marginados que el sistema produce. Ser\u00eda intentar paliar los efectos sin transformar las causas que lo producen.<\/p>\n<p><strong>Juventudes Marianas Vicencianas y Misioneros Seglares Vicencianos: <\/strong>Considero necesaria una coordinaci\u00f3n en presencias misioneras temporales, cualificando estas presencias, se ve necesario y urgente el que se pueda tener unos criterios que nos iluminen: acompa\u00f1amiento personal, proceso formativo, acogida a proyectos y procesos.<\/p>\n<p>Equivocar las presencias, fomentar viajes sin criterios y sin horizonte, alentar salidas sin un discernimiento motivacional puede ser un obst\u00e1culo para la animaci\u00f3n misionera y puede provocar perjuicios a las personas.<\/p>\n<p>Estas son mis pistas. No son la gran novedad, ni la receta m\u00e1gica que solucionar\u00e1 todo; tampoco son lo mismo de siempre. Son eso, \u00abpistas\u00bb, que en la \u00faltima acepci\u00f3n del diccionario define como: Conjunto de indicios o se\u00f1ales que pueden conducir a la averiguaci\u00f3n de algo. No puedo asegurar que mis pistas sean buenas o correctas; tampoco puedo asegurar que, aun si\u00e9ndolo, os conduzcan a la meta deseada, porque eso depende de vuestro propio camino. Lo que si que puedo asegurar es que son sinceras y est\u00e1n pensadas y dichas desde mi propia convicci\u00f3n personal.<\/p>\n","protected":false},"excerpt":{"rendered":"<p>El diccionario de la lengua espa\u00f1ola define \u00abpista\u00bb en su primer significado como: Huella o rastro que dejan los animales o personas en la tierra por donde han pasado. Por lo tanto, estas \u00abmis pistas\u00bb &#8230; <a href=\"http:\/\/vincentians.com\/es\/pistas-para-la-animacion-misionera-en-los-centros-vicencianos\/\" class=\"more-link\">Read More<\/a><\/p>\n","protected":false},"author":4,"featured_media":400013,"comment_status":"open","ping_status":"open","sticky":false,"template":"","format":"standard","meta":{"jetpack_post_was_ever_published":false,"_jetpack_newsletter_access":"","_jetpack_dont_email_post_to_subs":false,"_jetpack_newsletter_tier_id":0,"_jetpack_memberships_contains_paywalled_content":false,"_jetpack_memberships_contains_paid_content":false,"footnotes":"","jetpack_publicize_message":"","jetpack_publicize_feature_enabled":true,"jetpack_social_post_already_shared":true,"jetpack_social_options":{"image_generator_settings":{"template":"highway","default_image_id":0,"font":"","enabled":false},"version":2}},"categories":[201],"tags":[195],"class_list":["post-5767","post","type-post","status-publish","format-standard","has-post-thumbnail","hentry","category-misiones-ad-gentes","tag-misioneros-seglares"],"yoast_head":"<!-- This site is optimized with the Yoast SEO plugin v26.3 - https:\/\/yoast.com\/wordpress\/plugins\/seo\/ -->\n<title>Pistas para la animaci\u00f3n misionera en los Centros Vicencianos - Somos Vicencianos<\/title>\n<meta name=\"robots\" content=\"index, follow, max-snippet:-1, max-image-preview:large, max-video-preview:-1\" \/>\n<link rel=\"canonical\" href=\"http:\/\/vincentians.com\/es\/pistas-para-la-animacion-misionera-en-los-centros-vicencianos\/\" \/>\n<meta property=\"og:locale\" content=\"es_ES\" \/>\n<meta property=\"og:type\" content=\"article\" \/>\n<meta property=\"og:title\" content=\"Pistas para la animaci\u00f3n misionera en los Centros Vicencianos - Somos Vicencianos\" \/>\n<meta property=\"og:description\" content=\"El diccionario de la lengua espa\u00f1ola define \u00abpista\u00bb en su primer significado como: Huella o rastro que dejan los animales o personas en la tierra por donde han pasado. Por lo tanto, estas \u00abmis pistas\u00bb ... Read More\" \/>\n<meta property=\"og:url\" content=\"http:\/\/vincentians.com\/es\/pistas-para-la-animacion-misionera-en-los-centros-vicencianos\/\" \/>\n<meta property=\"og:site_name\" content=\"Somos Vicencianos\" \/>\n<meta property=\"article:publisher\" content=\"https:\/\/www.facebook.com\/WeAreVincentians\/\" \/>\n<meta property=\"article:author\" content=\"https:\/\/www.facebook.com\/JavierChento\" \/>\n<meta property=\"article:published_time\" content=\"2019-01-22T07:08:23+00:00\" \/>\n<meta property=\"og:image\" content=\"https:\/\/i0.wp.com\/vincentians.com\/es\/wp-content\/uploads\/sites\/11\/2015\/04\/tres-descubrimientos-de-Vicente-de-Paul.jpg?fit=1200%2C630\" \/>\n\t<meta property=\"og:image:width\" content=\"1200\" \/>\n\t<meta property=\"og:image:height\" content=\"630\" \/>\n\t<meta property=\"og:image:type\" content=\"image\/jpeg\" \/>\n<meta name=\"author\" content=\"Francisco Javier Fern\u00e1ndez Chento\" \/>\n<meta name=\"twitter:card\" content=\"summary_large_image\" \/>\n<meta name=\"twitter:creator\" content=\"@https:\/\/twitter.com\/javierchento\" \/>\n<meta name=\"twitter:site\" content=\"@WeVincentians\" \/>\n<meta name=\"twitter:label1\" content=\"Escrito por\" \/>\n\t<meta name=\"twitter:data1\" content=\"Francisco Javier Fern\u00e1ndez Chento\" \/>\n\t<meta name=\"twitter:label2\" content=\"Tiempo de lectura\" \/>\n\t<meta name=\"twitter:data2\" content=\"7 minutos\" \/>\n<script type=\"application\/ld+json\" class=\"yoast-schema-graph\">{\"@context\":\"https:\/\/schema.org\",\"@graph\":[{\"@type\":\"Article\",\"@id\":\"http:\/\/vincentians.com\/es\/pistas-para-la-animacion-misionera-en-los-centros-vicencianos\/#article\",\"isPartOf\":{\"@id\":\"http:\/\/vincentians.com\/es\/pistas-para-la-animacion-misionera-en-los-centros-vicencianos\/\"},\"author\":{\"name\":\"Francisco Javier Fern\u00e1ndez Chento\",\"@id\":\"http:\/\/vincentians.com\/es\/#\/schema\/person\/9623ef4d9aa3b2dfb8c061f1499288f2\"},\"headline\":\"Pistas para la animaci\u00f3n misionera en los Centros Vicencianos\",\"datePublished\":\"2019-01-22T07:08:23+00:00\",\"mainEntityOfPage\":{\"@id\":\"http:\/\/vincentians.com\/es\/pistas-para-la-animacion-misionera-en-los-centros-vicencianos\/\"},\"wordCount\":1330,\"commentCount\":0,\"publisher\":{\"@id\":\"http:\/\/vincentians.com\/es\/#organization\"},\"image\":{\"@id\":\"http:\/\/vincentians.com\/es\/pistas-para-la-animacion-misionera-en-los-centros-vicencianos\/#primaryimage\"},\"thumbnailUrl\":\"https:\/\/i0.wp.com\/vincentians.com\/es\/wp-content\/uploads\/sites\/11\/2015\/04\/tres-descubrimientos-de-Vicente-de-Paul.jpg?fit=1200%2C630\",\"keywords\":[\"Misioneros Seglares\"],\"articleSection\":[\"Misiones \u00abAd gentes\u00bb\"],\"inLanguage\":\"es\",\"potentialAction\":[{\"@type\":\"CommentAction\",\"name\":\"Comment\",\"target\":[\"http:\/\/vincentians.com\/es\/pistas-para-la-animacion-misionera-en-los-centros-vicencianos\/#respond\"]}]},{\"@type\":\"WebPage\",\"@id\":\"http:\/\/vincentians.com\/es\/pistas-para-la-animacion-misionera-en-los-centros-vicencianos\/\",\"url\":\"http:\/\/vincentians.com\/es\/pistas-para-la-animacion-misionera-en-los-centros-vicencianos\/\",\"name\":\"Pistas para la animaci\u00f3n misionera en los Centros Vicencianos - Somos Vicencianos\",\"isPartOf\":{\"@id\":\"http:\/\/vincentians.com\/es\/#website\"},\"primaryImageOfPage\":{\"@id\":\"http:\/\/vincentians.com\/es\/pistas-para-la-animacion-misionera-en-los-centros-vicencianos\/#primaryimage\"},\"image\":{\"@id\":\"http:\/\/vincentians.com\/es\/pistas-para-la-animacion-misionera-en-los-centros-vicencianos\/#primaryimage\"},\"thumbnailUrl\":\"https:\/\/i0.wp.com\/vincentians.com\/es\/wp-content\/uploads\/sites\/11\/2015\/04\/tres-descubrimientos-de-Vicente-de-Paul.jpg?fit=1200%2C630\",\"datePublished\":\"2019-01-22T07:08:23+00:00\",\"breadcrumb\":{\"@id\":\"http:\/\/vincentians.com\/es\/pistas-para-la-animacion-misionera-en-los-centros-vicencianos\/#breadcrumb\"},\"inLanguage\":\"es\",\"potentialAction\":[{\"@type\":\"ReadAction\",\"target\":[\"http:\/\/vincentians.com\/es\/pistas-para-la-animacion-misionera-en-los-centros-vicencianos\/\"]}]},{\"@type\":\"ImageObject\",\"inLanguage\":\"es\",\"@id\":\"http:\/\/vincentians.com\/es\/pistas-para-la-animacion-misionera-en-los-centros-vicencianos\/#primaryimage\",\"url\":\"https:\/\/i0.wp.com\/vincentians.com\/es\/wp-content\/uploads\/sites\/11\/2015\/04\/tres-descubrimientos-de-Vicente-de-Paul.jpg?fit=1200%2C630\",\"contentUrl\":\"https:\/\/i0.wp.com\/vincentians.com\/es\/wp-content\/uploads\/sites\/11\/2015\/04\/tres-descubrimientos-de-Vicente-de-Paul.jpg?fit=1200%2C630\",\"width\":1200,\"height\":630},{\"@type\":\"BreadcrumbList\",\"@id\":\"http:\/\/vincentians.com\/es\/pistas-para-la-animacion-misionera-en-los-centros-vicencianos\/#breadcrumb\",\"itemListElement\":[{\"@type\":\"ListItem\",\"position\":1,\"name\":\"Portada\",\"item\":\"http:\/\/vincentians.com\/es\/\"},{\"@type\":\"ListItem\",\"position\":2,\"name\":\"Pistas para la animaci\u00f3n misionera en los Centros Vicencianos\"}]},{\"@type\":\"WebSite\",\"@id\":\"http:\/\/vincentians.com\/es\/#website\",\"url\":\"http:\/\/vincentians.com\/es\/\",\"name\":\"Somos Vicencianos\",\"description\":\"Know more to serve more\",\"publisher\":{\"@id\":\"http:\/\/vincentians.com\/es\/#organization\"},\"potentialAction\":[{\"@type\":\"SearchAction\",\"target\":{\"@type\":\"EntryPoint\",\"urlTemplate\":\"http:\/\/vincentians.com\/es\/?s={search_term_string}\"},\"query-input\":{\"@type\":\"PropertyValueSpecification\",\"valueRequired\":true,\"valueName\":\"search_term_string\"}}],\"inLanguage\":\"es\"},{\"@type\":\"Organization\",\"@id\":\"http:\/\/vincentians.com\/es\/#organization\",\"name\":\"The Vincentian Network\",\"url\":\"http:\/\/vincentians.com\/es\/\",\"logo\":{\"@type\":\"ImageObject\",\"inLanguage\":\"es\",\"@id\":\"http:\/\/vincentians.com\/es\/#\/schema\/logo\/image\/\",\"url\":\"https:\/\/i1.wp.com\/vincentians.com\/es\/wp-content\/uploads\/sites\/11\/2016\/06\/Vincentian-Network-logo-big.png?fit=778%2C778\",\"contentUrl\":\"https:\/\/i1.wp.com\/vincentians.com\/es\/wp-content\/uploads\/sites\/11\/2016\/06\/Vincentian-Network-logo-big.png?fit=778%2C778\",\"width\":778,\"height\":778,\"caption\":\"The Vincentian Network\"},\"image\":{\"@id\":\"http:\/\/vincentians.com\/es\/#\/schema\/logo\/image\/\"},\"sameAs\":[\"https:\/\/www.facebook.com\/WeAreVincentians\/\",\"https:\/\/x.com\/WeVincentians\"]},{\"@type\":\"Person\",\"@id\":\"http:\/\/vincentians.com\/es\/#\/schema\/person\/9623ef4d9aa3b2dfb8c061f1499288f2\",\"name\":\"Francisco Javier Fern\u00e1ndez Chento\",\"image\":{\"@type\":\"ImageObject\",\"inLanguage\":\"es\",\"@id\":\"http:\/\/vincentians.com\/es\/#\/schema\/person\/image\/\",\"url\":\"https:\/\/secure.gravatar.com\/avatar\/497d5cde87b4c3d097d0315953521681ba2cd523ee66e5077c3711f7021e65de?s=96&d=mm&r=g\",\"contentUrl\":\"https:\/\/secure.gravatar.com\/avatar\/497d5cde87b4c3d097d0315953521681ba2cd523ee66e5077c3711f7021e65de?s=96&d=mm&r=g\",\"caption\":\"Francisco Javier Fern\u00e1ndez Chento\"},\"description\":\"Director General y cofundador de La Red de Formaci\u00f3n Vicenciana. Javier es laico vicenciano, afiliado a la Congregaci\u00f3n de la Misi\u00f3n y miembro del Equipo de Misiones Populares de la provincia can\u00f3nica de Zaragoza (Espa\u00f1a) de la Congregaci\u00f3n de la Misi\u00f3n. Graduado en la Universidad Oberta de Catalunya con cuatro grados (Asistente de direcci\u00f3n, Gesti\u00f3n Administrativa, Recursos Humanos y Contabilidad Avanzada). Bil\u00edng\u00fce Espa\u00f1ol\/Ingl\u00e9s. gestiona y mantiene varias p\u00e1ginas web cristianas y vicencianas, incluida including La Red de Formaci\u00f3n Vicenciana, de la que es cofundador. Actualmente es responsable del \u00e1rea de Espa\u00f1ol de .famvin, la Red de Noticias de la Familia Vicenciana. Tambi\u00e9n es m\u00fasico cat\u00f3lico y ha editado varios discos. Es Director General y cofundador de Trovador, una reconocida compa\u00f1\u00eda discogr\u00e1fica critiana de Espa\u00f1a. Trabaja en las Tecnolog\u00edas de la Informaci\u00f3n, ofreciendo servicios de alojamiento, dise\u00f1o y mantenimiento Web, as\u00ed como asesoramiento, formaci\u00f3n y soluciones inform\u00e1ticas, gesti\u00f3n documental y digitalizaci\u00f3n de textos, edici\u00f3n y maquetaci\u00f3n de libros, revistas, flyers, etc.\",\"sameAs\":[\"http:\/\/chento.org\",\"https:\/\/www.facebook.com\/JavierChento\",\"https:\/\/x.com\/https:\/\/twitter.com\/javierchento\"],\"url\":\"http:\/\/vincentians.com\/es\/author\/chento\/\"}]}<\/script>\n<!-- \/ Yoast SEO plugin. -->","yoast_head_json":{"title":"Pistas para la animaci\u00f3n misionera en los Centros Vicencianos - Somos Vicencianos","robots":{"index":"index","follow":"follow","max-snippet":"max-snippet:-1","max-image-preview":"max-image-preview:large","max-video-preview":"max-video-preview:-1"},"canonical":"http:\/\/vincentians.com\/es\/pistas-para-la-animacion-misionera-en-los-centros-vicencianos\/","og_locale":"es_ES","og_type":"article","og_title":"Pistas para la animaci\u00f3n misionera en los Centros Vicencianos - Somos Vicencianos","og_description":"El diccionario de la lengua espa\u00f1ola define \u00abpista\u00bb en su primer significado como: Huella o rastro que dejan los animales o personas en la tierra por donde han pasado. Por lo tanto, estas \u00abmis pistas\u00bb ... Read More","og_url":"http:\/\/vincentians.com\/es\/pistas-para-la-animacion-misionera-en-los-centros-vicencianos\/","og_site_name":"Somos Vicencianos","article_publisher":"https:\/\/www.facebook.com\/WeAreVincentians\/","article_author":"https:\/\/www.facebook.com\/JavierChento","article_published_time":"2019-01-22T07:08:23+00:00","og_image":[{"width":1200,"height":630,"url":"https:\/\/i0.wp.com\/vincentians.com\/es\/wp-content\/uploads\/sites\/11\/2015\/04\/tres-descubrimientos-de-Vicente-de-Paul.jpg?fit=1200%2C630","type":"image\/jpeg"}],"author":"Francisco Javier Fern\u00e1ndez Chento","twitter_card":"summary_large_image","twitter_creator":"@https:\/\/twitter.com\/javierchento","twitter_site":"@WeVincentians","twitter_misc":{"Escrito por":"Francisco Javier Fern\u00e1ndez Chento","Tiempo de lectura":"7 minutos"},"schema":{"@context":"https:\/\/schema.org","@graph":[{"@type":"Article","@id":"http:\/\/vincentians.com\/es\/pistas-para-la-animacion-misionera-en-los-centros-vicencianos\/#article","isPartOf":{"@id":"http:\/\/vincentians.com\/es\/pistas-para-la-animacion-misionera-en-los-centros-vicencianos\/"},"author":{"name":"Francisco Javier Fern\u00e1ndez Chento","@id":"http:\/\/vincentians.com\/es\/#\/schema\/person\/9623ef4d9aa3b2dfb8c061f1499288f2"},"headline":"Pistas para la animaci\u00f3n misionera en los Centros Vicencianos","datePublished":"2019-01-22T07:08:23+00:00","mainEntityOfPage":{"@id":"http:\/\/vincentians.com\/es\/pistas-para-la-animacion-misionera-en-los-centros-vicencianos\/"},"wordCount":1330,"commentCount":0,"publisher":{"@id":"http:\/\/vincentians.com\/es\/#organization"},"image":{"@id":"http:\/\/vincentians.com\/es\/pistas-para-la-animacion-misionera-en-los-centros-vicencianos\/#primaryimage"},"thumbnailUrl":"https:\/\/i0.wp.com\/vincentians.com\/es\/wp-content\/uploads\/sites\/11\/2015\/04\/tres-descubrimientos-de-Vicente-de-Paul.jpg?fit=1200%2C630","keywords":["Misioneros Seglares"],"articleSection":["Misiones \u00abAd gentes\u00bb"],"inLanguage":"es","potentialAction":[{"@type":"CommentAction","name":"Comment","target":["http:\/\/vincentians.com\/es\/pistas-para-la-animacion-misionera-en-los-centros-vicencianos\/#respond"]}]},{"@type":"WebPage","@id":"http:\/\/vincentians.com\/es\/pistas-para-la-animacion-misionera-en-los-centros-vicencianos\/","url":"http:\/\/vincentians.com\/es\/pistas-para-la-animacion-misionera-en-los-centros-vicencianos\/","name":"Pistas para la animaci\u00f3n misionera en los Centros Vicencianos - Somos Vicencianos","isPartOf":{"@id":"http:\/\/vincentians.com\/es\/#website"},"primaryImageOfPage":{"@id":"http:\/\/vincentians.com\/es\/pistas-para-la-animacion-misionera-en-los-centros-vicencianos\/#primaryimage"},"image":{"@id":"http:\/\/vincentians.com\/es\/pistas-para-la-animacion-misionera-en-los-centros-vicencianos\/#primaryimage"},"thumbnailUrl":"https:\/\/i0.wp.com\/vincentians.com\/es\/wp-content\/uploads\/sites\/11\/2015\/04\/tres-descubrimientos-de-Vicente-de-Paul.jpg?fit=1200%2C630","datePublished":"2019-01-22T07:08:23+00:00","breadcrumb":{"@id":"http:\/\/vincentians.com\/es\/pistas-para-la-animacion-misionera-en-los-centros-vicencianos\/#breadcrumb"},"inLanguage":"es","potentialAction":[{"@type":"ReadAction","target":["http:\/\/vincentians.com\/es\/pistas-para-la-animacion-misionera-en-los-centros-vicencianos\/"]}]},{"@type":"ImageObject","inLanguage":"es","@id":"http:\/\/vincentians.com\/es\/pistas-para-la-animacion-misionera-en-los-centros-vicencianos\/#primaryimage","url":"https:\/\/i0.wp.com\/vincentians.com\/es\/wp-content\/uploads\/sites\/11\/2015\/04\/tres-descubrimientos-de-Vicente-de-Paul.jpg?fit=1200%2C630","contentUrl":"https:\/\/i0.wp.com\/vincentians.com\/es\/wp-content\/uploads\/sites\/11\/2015\/04\/tres-descubrimientos-de-Vicente-de-Paul.jpg?fit=1200%2C630","width":1200,"height":630},{"@type":"BreadcrumbList","@id":"http:\/\/vincentians.com\/es\/pistas-para-la-animacion-misionera-en-los-centros-vicencianos\/#breadcrumb","itemListElement":[{"@type":"ListItem","position":1,"name":"Portada","item":"http:\/\/vincentians.com\/es\/"},{"@type":"ListItem","position":2,"name":"Pistas para la animaci\u00f3n misionera en los Centros Vicencianos"}]},{"@type":"WebSite","@id":"http:\/\/vincentians.com\/es\/#website","url":"http:\/\/vincentians.com\/es\/","name":"Somos Vicencianos","description":"Know more to serve more","publisher":{"@id":"http:\/\/vincentians.com\/es\/#organization"},"potentialAction":[{"@type":"SearchAction","target":{"@type":"EntryPoint","urlTemplate":"http:\/\/vincentians.com\/es\/?s={search_term_string}"},"query-input":{"@type":"PropertyValueSpecification","valueRequired":true,"valueName":"search_term_string"}}],"inLanguage":"es"},{"@type":"Organization","@id":"http:\/\/vincentians.com\/es\/#organization","name":"The Vincentian Network","url":"http:\/\/vincentians.com\/es\/","logo":{"@type":"ImageObject","inLanguage":"es","@id":"http:\/\/vincentians.com\/es\/#\/schema\/logo\/image\/","url":"https:\/\/i1.wp.com\/vincentians.com\/es\/wp-content\/uploads\/sites\/11\/2016\/06\/Vincentian-Network-logo-big.png?fit=778%2C778","contentUrl":"https:\/\/i1.wp.com\/vincentians.com\/es\/wp-content\/uploads\/sites\/11\/2016\/06\/Vincentian-Network-logo-big.png?fit=778%2C778","width":778,"height":778,"caption":"The Vincentian Network"},"image":{"@id":"http:\/\/vincentians.com\/es\/#\/schema\/logo\/image\/"},"sameAs":["https:\/\/www.facebook.com\/WeAreVincentians\/","https:\/\/x.com\/WeVincentians"]},{"@type":"Person","@id":"http:\/\/vincentians.com\/es\/#\/schema\/person\/9623ef4d9aa3b2dfb8c061f1499288f2","name":"Francisco Javier Fern\u00e1ndez Chento","image":{"@type":"ImageObject","inLanguage":"es","@id":"http:\/\/vincentians.com\/es\/#\/schema\/person\/image\/","url":"https:\/\/secure.gravatar.com\/avatar\/497d5cde87b4c3d097d0315953521681ba2cd523ee66e5077c3711f7021e65de?s=96&d=mm&r=g","contentUrl":"https:\/\/secure.gravatar.com\/avatar\/497d5cde87b4c3d097d0315953521681ba2cd523ee66e5077c3711f7021e65de?s=96&d=mm&r=g","caption":"Francisco Javier Fern\u00e1ndez Chento"},"description":"Director General y cofundador de La Red de Formaci\u00f3n Vicenciana. Javier es laico vicenciano, afiliado a la Congregaci\u00f3n de la Misi\u00f3n y miembro del Equipo de Misiones Populares de la provincia can\u00f3nica de Zaragoza (Espa\u00f1a) de la Congregaci\u00f3n de la Misi\u00f3n. Graduado en la Universidad Oberta de Catalunya con cuatro grados (Asistente de direcci\u00f3n, Gesti\u00f3n Administrativa, Recursos Humanos y Contabilidad Avanzada). Bil\u00edng\u00fce Espa\u00f1ol\/Ingl\u00e9s. gestiona y mantiene varias p\u00e1ginas web cristianas y vicencianas, incluida including La Red de Formaci\u00f3n Vicenciana, de la que es cofundador. Actualmente es responsable del \u00e1rea de Espa\u00f1ol de .famvin, la Red de Noticias de la Familia Vicenciana. Tambi\u00e9n es m\u00fasico cat\u00f3lico y ha editado varios discos. Es Director General y cofundador de Trovador, una reconocida compa\u00f1\u00eda discogr\u00e1fica critiana de Espa\u00f1a. Trabaja en las Tecnolog\u00edas de la Informaci\u00f3n, ofreciendo servicios de alojamiento, dise\u00f1o y mantenimiento Web, as\u00ed como asesoramiento, formaci\u00f3n y soluciones inform\u00e1ticas, gesti\u00f3n documental y digitalizaci\u00f3n de textos, edici\u00f3n y maquetaci\u00f3n de libros, revistas, flyers, etc.","sameAs":["http:\/\/chento.org","https:\/\/www.facebook.com\/JavierChento","https:\/\/x.com\/https:\/\/twitter.com\/javierchento"],"url":"http:\/\/vincentians.com\/es\/author\/chento\/"}]}},"jetpack_publicize_connections":[],"jetpack_featured_media_url":"https:\/\/i0.wp.com\/vincentians.com\/es\/wp-content\/uploads\/sites\/11\/2015\/04\/tres-descubrimientos-de-Vicente-de-Paul.jpg?fit=1200%2C630","jetpack_sharing_enabled":true,"jetpack_shortlink":"https:\/\/wp.me\/p7ETMF-1v1","jetpack-related-posts":[{"id":54101,"url":"http:\/\/vincentians.com\/es\/convivencia-de-animacion-misionera-en-rabe-de-las-calzadas-burgos-del-11-al-13-de-noviembre\/","url_meta":{"origin":5767,"position":0},"title":"Convivencia de Animaci\u00f3n Misionera en Rab\u00e9 de las Calzadas (Burgos) del 11 al 13 de Noviembre","author":"Francisco Javier Fern\u00e1ndez Chento","date":"22\/10\/2011","format":false,"excerpt":"Hemos recibido la informaci\u00f3n del encuentro anual de Animaci\u00f3n Misionera que se realizar\u00e1 en Rab\u00e9 (Burgos) y al que estamos invitados todos los miembros de la Familia Vicenciana. Este encuentro, que se realiza todos los a\u00f1os, tiene ya un largo recorrido y por su inter\u00e9s no dudamos en recomendarlo. Transcribimos\u2026","rel":"","context":"En \u00abMisiones \u00abAd gentes\u00bb\u00bb","block_context":{"text":"Misiones \u00abAd gentes\u00bb","link":"http:\/\/vincentians.com\/es\/category\/servicios-y-ministerios\/misiones-ad-gentes\/"},"img":{"alt_text":"","src":"https:\/\/i0.wp.com\/vicencianos.org\/wp-content\/2011\/10\/rabe_misionera01-644x1024.jpg?resize=350%2C200","width":350,"height":200},"classes":[]},{"id":127199,"url":"http:\/\/vincentians.com\/es\/misioneros-vicencianos-con-dios-entre-los-mas-pobres\/","url_meta":{"origin":5767,"position":1},"title":"Misioneros Vicencianos: con Dios entre los m\u00e1s pobres","author":"Francisco Javier Fern\u00e1ndez Chento","date":"15\/01\/2024","format":false,"excerpt":"Bajo la denominaci\u00f3n de Misioneros Vicencianos se hace referencia en este art\u00edculo al carisma misionero de los Padres Pa\u00fales, Hijas de la Caridad y Misioneros Seglares Vicencianos. Una galer\u00eda de hombres y mujeres de talla excepcional que se encuentran all\u00ed donde m\u00e1s se les necesita \u2013entre los perseguidos, hu\u00e9rfanos, hambrientos,\u2026","rel":"","context":"En \u00abMisiones \u00abAd gentes\u00bb\u00bb","block_context":{"text":"Misiones \u00abAd gentes\u00bb","link":"http:\/\/vincentians.com\/es\/category\/servicios-y-ministerios\/misiones-ad-gentes\/"},"img":{"alt_text":"","src":"https:\/\/i0.wp.com\/vincentians.com\/es\/wp-content\/uploads\/sites\/11\/2016\/09\/enviados-evangelizar-pobres.jpg?fit=1200%2C630&resize=350%2C200","width":350,"height":200,"srcset":"https:\/\/i0.wp.com\/vincentians.com\/es\/wp-content\/uploads\/sites\/11\/2016\/09\/enviados-evangelizar-pobres.jpg?fit=1200%2C630&resize=350%2C200 1x, https:\/\/i0.wp.com\/vincentians.com\/es\/wp-content\/uploads\/sites\/11\/2016\/09\/enviados-evangelizar-pobres.jpg?fit=1200%2C630&resize=525%2C300 1.5x, https:\/\/i0.wp.com\/vincentians.com\/es\/wp-content\/uploads\/sites\/11\/2016\/09\/enviados-evangelizar-pobres.jpg?fit=1200%2C630&resize=700%2C400 2x, https:\/\/i0.wp.com\/vincentians.com\/es\/wp-content\/uploads\/sites\/11\/2016\/09\/enviados-evangelizar-pobres.jpg?fit=1200%2C630&resize=1050%2C600 3x"},"classes":[]},{"id":120719,"url":"http:\/\/vincentians.com\/es\/mision-ad-gentes-en-la-familia-vicenciana\/","url_meta":{"origin":5767,"position":2},"title":"Misi\u00f3n Ad Gentes en la Familia Vicenciana","author":"Francisco Javier Fern\u00e1ndez Chento","date":"19\/10\/2022","format":false,"excerpt":"Propuesta Mi propuesta para el tema de la misi\u00f3n ad gentes es muy sencilla. El compromiso con \"misiones ad gentes\", est\u00e1 en los funda\u00admentos de nuestra propia espiritualidad y carisma. Forma parte de nuestro ser. Una caracter\u00edstica a la que no hemos prestado excesiva atenci\u00f3n. Pero aunque no la hemos\u2026","rel":"","context":"En \u00abMisiones \u00abAd gentes\u00bb\u00bb","block_context":{"text":"Misiones \u00abAd gentes\u00bb","link":"http:\/\/vincentians.com\/es\/category\/servicios-y-ministerios\/misiones-ad-gentes\/"},"img":{"alt_text":"","src":"https:\/\/i0.wp.com\/vincentians.com\/es\/wp-content\/uploads\/sites\/11\/2015\/02\/St_Vincent_De_Paul_-bible-1.jpg?fit=1200%2C630&resize=350%2C200","width":350,"height":200,"srcset":"https:\/\/i0.wp.com\/vincentians.com\/es\/wp-content\/uploads\/sites\/11\/2015\/02\/St_Vincent_De_Paul_-bible-1.jpg?fit=1200%2C630&resize=350%2C200 1x, https:\/\/i0.wp.com\/vincentians.com\/es\/wp-content\/uploads\/sites\/11\/2015\/02\/St_Vincent_De_Paul_-bible-1.jpg?fit=1200%2C630&resize=525%2C300 1.5x, https:\/\/i0.wp.com\/vincentians.com\/es\/wp-content\/uploads\/sites\/11\/2015\/02\/St_Vincent_De_Paul_-bible-1.jpg?fit=1200%2C630&resize=700%2C400 2x, https:\/\/i0.wp.com\/vincentians.com\/es\/wp-content\/uploads\/sites\/11\/2015\/02\/St_Vincent_De_Paul_-bible-1.jpg?fit=1200%2C630&resize=1050%2C600 3x"},"classes":[]},{"id":109355,"url":"http:\/\/vincentians.com\/es\/200-anos-de-provincia-espanola\/","url_meta":{"origin":5767,"position":3},"title":"200 a\u00f1os de Provincia (espa\u00f1ola)","author":"Mitxel Olabu\u00e9naga","date":"23\/10\/2012","format":false,"excerpt":"Este, de 1974, es el a\u00f1o bicentenario de la Provincia vicenciana de Espa\u00f1a. 200 a\u00f1os ya forman una alta torre en el tiempo, desde la que se pueden contemplar los avatares de centenares y a\u00fan miles de misio\u00adneros en la construcci\u00f3n del Reino de Dios en Espa\u00f1a. Y, puesto que\u2026","rel":"","context":"En \u00abHistoria de la Congregaci\u00f3n de la Misi\u00f3n\u00bb","block_context":{"text":"Historia de la Congregaci\u00f3n de la Misi\u00f3n","link":"http:\/\/vincentians.com\/es\/category\/historia-de-la-familia-vicenciana\/historia-de-la-congregacion-de-la-mision\/"},"img":{"alt_text":"","src":"https:\/\/i0.wp.com\/vicencianos.org\/wp-content\/2012\/09\/ESCUDOCM8-237x300.jpg?resize=350%2C200","width":350,"height":200},"classes":[]},{"id":143745,"url":"http:\/\/vincentians.com\/es\/espiritualidad-de-misevi\/","url_meta":{"origin":5767,"position":4},"title":"Espiritualidad de MISEVI","author":"Francisco Javier Fern\u00e1ndez Chento","date":"22\/04\/2015","format":false,"excerpt":"1.- Esta es nuestra historia y nuestra vida Introducci\u00f3n La animaci\u00f3n misionera realizada por JMV, desde 1984, ha facilitado que los j\u00f3venes de JMV-Espa\u00f1a realizasen experiencias misioneras \"Ad Gentes\" durante los meses de vacaciones, un promedio de treinta por temporada. Tres a\u00f1os m\u00e1s tarde, en 1987, algunos de estos j\u00f3venes\u2026","rel":"","context":"En \u00abMisevi\u00bb","block_context":{"text":"Misevi","link":"http:\/\/vincentians.com\/es\/category\/la-familia-vicenciana\/ramas\/misevi\/"},"img":{"alt_text":"documento_de_espiritualidad-1","src":"https:\/\/i0.wp.com\/vicencianos.org\/wp-content\/2015\/04\/documento_de_espiritualidad-1-300x287.jpg?resize=350%2C200","width":350,"height":200},"classes":[]},{"id":119814,"url":"http:\/\/vincentians.com\/es\/ayer-y-hoy-de-las-misiones-vicencianas-en-espana-vision-historica-1965-1978\/","url_meta":{"origin":5767,"position":5},"title":"Ayer y hoy de las Misiones Vicencianas en Espa\u00f1a. Visi\u00f3n hist\u00f3rica: 1965-1978","author":"Francisco Javier Fern\u00e1ndez Chento","date":"05\/04\/2022","format":false,"excerpt":"El contenido de la presente \"comunicaci\u00f3n\" se circunscribe tan s\u00f3lo a los a\u00f1os que se indican en el ep\u00edgrafe. Por consi\u00adguiente, todos los hechos misioneros que en ella se describan no se remontar\u00e1n, ni por detr\u00e1s ni por delante, a ninguna otra \u00e9poca hist\u00f3rica que no sea la enunciada en\u2026","rel":"","context":"En \u00abMisiones \u00abAd gentes\u00bb\u00bb","block_context":{"text":"Misiones \u00abAd gentes\u00bb","link":"http:\/\/vincentians.com\/es\/category\/servicios-y-ministerios\/misiones-ad-gentes\/"},"img":{"alt_text":"","src":"https:\/\/i0.wp.com\/vincentians.com\/es\/wp-content\/uploads\/sites\/11\/2016\/07\/espiritualidad-vicenciana.jpg?fit=1200%2C630&resize=350%2C200","width":350,"height":200,"srcset":"https:\/\/i0.wp.com\/vincentians.com\/es\/wp-content\/uploads\/sites\/11\/2016\/07\/espiritualidad-vicenciana.jpg?fit=1200%2C630&resize=350%2C200 1x, https:\/\/i0.wp.com\/vincentians.com\/es\/wp-content\/uploads\/sites\/11\/2016\/07\/espiritualidad-vicenciana.jpg?fit=1200%2C630&resize=525%2C300 1.5x, https:\/\/i0.wp.com\/vincentians.com\/es\/wp-content\/uploads\/sites\/11\/2016\/07\/espiritualidad-vicenciana.jpg?fit=1200%2C630&resize=700%2C400 2x, https:\/\/i0.wp.com\/vincentians.com\/es\/wp-content\/uploads\/sites\/11\/2016\/07\/espiritualidad-vicenciana.jpg?fit=1200%2C630&resize=1050%2C600 3x"},"classes":[]}],"_links":{"self":[{"href":"http:\/\/vincentians.com\/es\/wp-json\/wp\/v2\/posts\/5767","targetHints":{"allow":["GET"]}}],"collection":[{"href":"http:\/\/vincentians.com\/es\/wp-json\/wp\/v2\/posts"}],"about":[{"href":"http:\/\/vincentians.com\/es\/wp-json\/wp\/v2\/types\/post"}],"author":[{"embeddable":true,"href":"http:\/\/vincentians.com\/es\/wp-json\/wp\/v2\/users\/4"}],"replies":[{"embeddable":true,"href":"http:\/\/vincentians.com\/es\/wp-json\/wp\/v2\/comments?post=5767"}],"version-history":[{"count":1,"href":"http:\/\/vincentians.com\/es\/wp-json\/wp\/v2\/posts\/5767\/revisions"}],"predecessor-version":[{"id":402072,"href":"http:\/\/vincentians.com\/es\/wp-json\/wp\/v2\/posts\/5767\/revisions\/402072"}],"wp:featuredmedia":[{"embeddable":true,"href":"http:\/\/vincentians.com\/es\/wp-json\/wp\/v2\/media\/400013"}],"wp:attachment":[{"href":"http:\/\/vincentians.com\/es\/wp-json\/wp\/v2\/media?parent=5767"}],"wp:term":[{"taxonomy":"category","embeddable":true,"href":"http:\/\/vincentians.com\/es\/wp-json\/wp\/v2\/categories?post=5767"},{"taxonomy":"post_tag","embeddable":true,"href":"http:\/\/vincentians.com\/es\/wp-json\/wp\/v2\/tags?post=5767"}],"curies":[{"name":"wp","href":"https:\/\/api.w.org\/{rel}","templated":true}]}}