{"id":57539,"date":"2012-01-03T06:49:55","date_gmt":"2012-01-03T05:49:55","guid":{"rendered":"http:\/\/somos.vicencianos.org\/blog\/2012\/01\/sesenta-anos-de-sacerdote-1951-2011-evocaciones-y-recuerdos\/"},"modified":"2016-07-27T12:15:25","modified_gmt":"2016-07-27T10:15:25","slug":"sesenta-anos-de-sacerdote-1951-2011-evocaciones-y-recuerdos","status":"publish","type":"post","link":"http:\/\/vincentians.com\/es\/sesenta-anos-de-sacerdote-1951-2011-evocaciones-y-recuerdos\/","title":{"rendered":"Sesenta a\u00f1os de sacerdote (1951-2011). Evocaciones y recuerdos"},"content":{"rendered":"<p><a href=\"https:\/\/i0.wp.com\/vicencianos.org\/wp-content\/2012\/01\/sesenta_anyos_01.jpg\"><img data-recalc-dims=\"1\" loading=\"lazy\" decoding=\"async\" class=\"alignright size-medium wp-image-57540\" title=\"Bolet\u00edn Informativo Noviembre-Diciembre 2011\" src=\"https:\/\/i0.wp.com\/vicencianos.org\/wp-content\/2012\/01\/sesenta_anyos_01-298x300.jpg?resize=298%2C300\" alt=\"\" width=\"298\" height=\"300\" \/><\/a>Escribo este art\u00edculo, porque me lo ha pedido el P. Celestino, Director del Bolet\u00edn de la Provincia. Me ha sugerido que no sea una cr\u00f3nica, sino algo muy personal sobre el 60 aniversario de nuestra ordenaci\u00f3n sacerdotal, que hemos celebrado el 9 de septiembre pasado en la Bas\u00edlica de La Milagrosa de Madrid.<\/p>\n<p>De los 29 que celebramos este a\u00f1o las bodas de diamante sacerdotales, la mayor parte fuimos ordenados el 9 de septiembre de 1951 en la Bas\u00edlica de La Milagrosa de Madrid, de manos de Mons. Emilio Liss\u00f3n, C. M., Arzobispo dimisionario de Lima. Otros se ordenaron m\u00e1s tarde, en Potters Bar (Inglaterra) y en Perriville (USA) y uno, el P. Flores, en el Congreso Eucar\u00edstico de Barcelona (1952). Por eso hemos celebrado juntos este d\u00eda, 9 de septiembre, en la Bas\u00edlica de Madrid nuestras bodas de plata, de oro y ahora las de diamante, como signo de unidad y fraternidad.<\/p>\n<p>El Cardenal Mart\u00edni, S. J., Arzobispo em\u00e9rito de Mil\u00e1n dice en su libro \u00abConfesiones de un viejo Cardenal\u00bb: \u00abQuien ha alcanzado una determinada edad, est\u00e1 en condiciones de tener una mirada sint\u00e9tica sobre su propia vida, reconociendo los dones de Dios, incluso aquellos que le han llegado por medio de sufrimientos inevitables\u00bb. Voy a intentar seguir este consejo del Sr. Cardenal, resumiendo mi vida brevemente e, indirectamente, la de mis compa\u00f1eros de curso.<\/p>\n<h2><strong>Testigo de grandes cambios y acontecimientos<\/strong><\/h2>\n<p>En los 84 a\u00f1os de vida y 60 de sacerdote he sido testigo de grandes cambios y acontecimientos: la guerra civil, el Concilio Vaticano II, la transici\u00f3n pol\u00edtica y el cambio de milenio. Tambi\u00e9n ha cambiado la figura del sacerdote, en su forma externa de vestir, pero no su identidad y misi\u00f3n, que permanece para siempre (in aeternum). El sacerdote es \u00abotro Cristo\u00bb por la participaci\u00f3n ontol\u00f3gica en su sacerdocio y tiene que ser \u00abotro Cristo\u00bb en la vivencia, como \u00c9l, de ese ser sacerdotal. Y porque el obrar sigue al ser, al sacerdote ministerial se le exige, con raz\u00f3n, una identificaci\u00f3n moral con el obrar de Jesucristo, sumo y eterno Sacerdote.<\/p>\n<h2><strong>Ingreso en las Apost\u00f3licas (1939)<\/strong><\/h2>\n<p>Finalizada la guerra civil (1936-1939), ingresamos en las Escuelas Apost\u00f3licas existentes en aquella \u00e9poca: Tardajos, Pamplona, Murgu\u00eda y Villafranca del Bierzo. Los 12 a\u00f1os de la carrera en las casas de formaci\u00f3n de la Congregaci\u00f3n, m\u00e1s el curso de pastoral en Potters Bar (Inglaterra), los vivimos con una gran regularidad y austeridad, pero con mucha ilusi\u00f3n y alegr\u00eda. Fueron a\u00f1os duros y dif\u00edciles, y esto nos ha marcado para toda la vida. Los sacerdotes, ordenados en los a\u00f1os posteriores a la guerra civil tienen un corte especial: \u00abson austeros, recios, serviciales y piadosos\u00bb, dice D. Franciso Parrilla, Vicario episcopal para el Clero y la Vida Consagrada de la di\u00f3cesis de M\u00e1laga. (Biograf\u00eda del P. Federico Garc\u00eda, autor: Marcelino Boyero, 25-07-1999).<\/p>\n<p style=\"text-align: center\"><a href=\"https:\/\/i0.wp.com\/vicencianos.org\/wp-content\/2012\/01\/sesenta_anyos_02.jpg\"><img data-recalc-dims=\"1\" loading=\"lazy\" decoding=\"async\" class=\"alignnone  wp-image-57542\" title=\"Bolet\u00edn Informativo Noviembre-Diciembre 2011\" src=\"https:\/\/i0.wp.com\/vicencianos.org\/wp-content\/2012\/01\/sesenta_anyos_02-1024x704.jpg?resize=579%2C398\" alt=\"\" width=\"579\" height=\"398\" \/><\/a><\/p>\n<h2><strong>Resurgimiento de vocaciones (1940-1965)<\/strong><\/h2>\n<p>En los a\u00f1os posteriores a la guerra civil hubo un gran boom vocacional. Todos los Seminarios diocesanos y religiosos estaban llenos. Hab\u00eda tal abundancia de vocaciones en nuestra antigua Provincia de Madrid, que en el a\u00f1o 1957 se tuvo que trasladar la Teolog\u00eda del Seminario de San Pablo de Cuenca a Santa Marta de Tormes (Salamanca), donde se construy\u00f3 \u00abel peque\u00f1o Escorial\u00bb con cabida para unos 300 te\u00f3logos. Fueron los a\u00f1os del \u00abnacionalcatolicismo espa\u00f1ol\u00bb.<\/p>\n<p>Fue tambi\u00e9n la \u00e9poca de las grandes misiones populares por toda Espa\u00f1a e Hispanoam\u00e9rica, en colaboraci\u00f3n con la \u00abHermandad misionera\u00bb, que se fund\u00f3 en el a\u00f1o 1949, despu\u00e9s de la gran misi\u00f3n de Valencia, siendo Arzobispo Mons. Olaechea. A\u00fan recuerdo con emoci\u00f3n c\u00f3mo escuch\u00e1bamos en Cuenca los sermones y doctrinas de Misi\u00f3n, que se transmit\u00edan por radio, desde la Catedral de Valencia. Dirigi\u00f3 esta misi\u00f3n el P. Langarica, que ten\u00eda un gran dominio de las multitudes. El fue mi maestro de misiones. Tuve la suerte de dar misiones en su compa\u00f1\u00eda, formando bina.<\/p>\n<p>A partir de 1965 empez\u00f3 a descender, paulatinamente, el n\u00famero de vocaciones. En 1969 se dividi\u00f3 la antigua Provincia Madrid en tres: Madrid, Salamanca y Zaragoza y hoy, 40 a\u00f1os despu\u00e9s, estamos trabajando en la \u00abreconfiguraci\u00f3n\u00bb de las cuatro provincias de Espa\u00f1a, por falta de personal. Los ciclos de la Historia han sido muy r\u00e1pidos y profundos en estos 60 a\u00f1os.<\/p>\n<h2><strong>El Concilio Vaticano II (1962-1965)<\/strong><\/h2>\n<p>El Concilio Vaticano II, convocado por el Papa Juan XXIII, fue el mayor acontecimiento eclesial de la segunda parte del siglo XX, y con grandes repercusiones en toda la Iglesia, en la sociedad y en nuestra Congregaci\u00f3n. Uno de los documentos m\u00e1s importantes fue la Constituci\u00f3n sobre la Iglesia, \u00abLumen Gentium\u00bb, y en particular el cap\u00edtulo II que trata sobre la Iglesia, pueblo de Dios.<\/p>\n<p style=\"text-align: center\"><a href=\"https:\/\/i0.wp.com\/vicencianos.org\/wp-content\/2012\/01\/sesenta_anyos_03.jpg\"><img data-recalc-dims=\"1\" loading=\"lazy\" decoding=\"async\" class=\"alignnone  wp-image-57541\" title=\"Bolet\u00edn Informativo Noviembre-Diciembre 2011\" src=\"https:\/\/i0.wp.com\/vicencianos.org\/wp-content\/2012\/01\/sesenta_anyos_03-1024x547.jpg?resize=579%2C309\" alt=\"\" width=\"579\" height=\"309\" \/><\/a><\/p>\n<p>Antes del Concilio la imagen que ten\u00edamos de la Iglesia era como una gran pir\u00e1mide, donde toda la responsabilidad parec\u00eda recaer en el Papa, los Obispos y Sacerdotes. En la base de la pir\u00e1mide estaban los fieles dispuestos a escuchar, aprender y recibir todo lo que se les indicara. Recuerdo que el catecismo del P. Astete que yo aprend\u00ed de ni\u00f1o, con preguntas y respuestas, dec\u00eda: \u00abNo me lo preguntes a mi que soy ignorante, Doctores tiene la Santa Madre Iglesia que sabr\u00e1n responder.\u00bb Esta realidad est\u00e1 exigiendo, a\u00fan en nuestros d\u00edas, un cambio, una conversi\u00f3n. Los seglares han de ir asumiendo su propia responsabilidad y los sacerdotes hemos de aprender a trabajar no solo para los fieles, sino con los fieles. \u00c9sta es una de las grandes tareas a\u00fan pendientes, aunque se han conseguido algunos frutos.<\/p>\n<h2><strong>A\u00f1o jubilar Sacerdotal (2009-2010)<\/strong><\/h2>\n<p>El Papa Benedicto XVI proclam\u00f3 A\u00f1o Jubilar Sacerdotal desde el 19 de junio de 2009 hasta el 11 de junio de 2010, con ocasi\u00f3n del 150 aniversario de la muerte de San Juan Mar\u00eda Vianney, cura de Ars. Considero oportuno explicar la conveniencia de este A\u00f1o Jubilar, porque las circunstancias en la Iglesia y en la sociedad de hoy, son muy distintas de las de aquella \u00e9poca. El Cardenal Claudio Hummes, Prefecto de la Congregaci\u00f3n para el Clero en aquella \u00e9poca, dijo: \u00abCreo que este A\u00f1o Santo ha venido en un momento muy propicio y por ello debemos dar gracias a Dios. Hoy vivimos una cultura urbana postmoderna y relativista. Esta cultura es ya la imperante en Occidente y comienza a dominar en otras partes del mundo. Est\u00e1 en contra de la religi\u00f3n y considera que \u00e9sta debe estar relegada a la esfera privada. Este a\u00f1o sacerdotal, precisamente, puede ayudarnos a mejorar su condici\u00f3n. No debemos \u2018demonizar\u2019 la cultura actual y crear guetos para resistir. Esto es algo err\u00f3neo. La sociedad actual debe y puede ser evangelizada, lo mismo que ocurre con cualquier otra cultura. Para reforzar la conciencia misionera y evangelizadora frente a esta sociedad hace falta una fuerte experiencia de Jesucristo. \u00c9sta es, sin duda ninguna, la cuesti\u00f3n m\u00e1s importante\u00bb.<\/p>\n<h2><strong>Vicente de Pa\u00fal, maestro de sacerdotes<\/strong><\/h2>\n<p><a href=\"https:\/\/i0.wp.com\/vicencianos.org\/wp-content\/2012\/01\/sesenta_anyos_04.jpg\"><img data-recalc-dims=\"1\" loading=\"lazy\" decoding=\"async\" class=\"alignright size-medium wp-image-57543\" title=\"Bolet\u00edn Informativo Noviembre-Diciembre 2011\" src=\"https:\/\/i0.wp.com\/vicencianos.org\/wp-content\/2012\/01\/sesenta_anyos_04-300x190.jpg?resize=300%2C190\" alt=\"\" width=\"300\" height=\"190\" \/><\/a>Todos sabemos que Vicente de Pa\u00fal fue ordenado sacerdote antes de la edad exigida por el Concilio de Trento, en busca de un \u00abping\u00fce beneficio\u00bb. Este abuso era frecuente en aquella \u00e9poca. A los 19 a\u00f1os, para Vicente de Pa\u00fal el sacerdocio no era una vida, sino un medio de vida. Pronto iba a desenga\u00f1arse. Unos diez a\u00f1os m\u00e1s tarde (1610) tuvo lugar su conversi\u00f3n y se puso bajo la direcci\u00f3n espiritual del Cardenal Berulle, peque\u00f1o gesto que implicaba un profundo cambio de actitud. \u00abDios le hab\u00eda inspirado -comenta Abelly- llevar una vida verdaderamente eclesi\u00e1stica\u00bb.<\/p>\n<p>En 1625 fund\u00f3 la Congregaci\u00f3n de la Misi\u00f3n para la evangelizaci\u00f3n de los pobres y formaci\u00f3n del clero, pues sab\u00eda muy bien que la reforma de la Iglesia depend\u00eda, en gran parte, de la santidad de sus ministros. Por eso, Vicente de Pa\u00fal es una de las grandes figuras de la Iglesia de Francia en la renovaci\u00f3n del clero, mediante las Conferencias de los martes, los Seminarios, los ejercicios espirituales y los retiros.<\/p>\n<h2><strong>La alegr\u00eda de ser sacerdote<\/strong><\/h2>\n<p>A lo largo de mi vida, he le\u00eddo con frecuencia a Jos\u00e9 Luis Mart\u00edn Descalzo (1930-1991). Me encanta leer sus escritos, porque cuando habla del sacerdocio, de su sacerdocio, lo hace con una alegr\u00eda contagiosa. Dice as\u00ed: \u00abSin ser dignos de ello, Dios nos ha elegido para una misi\u00f3n tan grande como hacer presente a Jes\u00fas y su Evangelio en medio del mundo. Hay que sentir asombro ante ese gran misterio, porque tenemos el peligro de acostumbrarnos a ser curas, el peligro de ser funcionarios, de creer que es un trabajo m\u00e1s. Hay que vivir cada d\u00eda la alegr\u00eda de ser sacerdote, porque eso ayuda en esta \u00e9poca en la que hay muchos sacerdotes desanimados por su trabajo y las dificultades que encuentran\u00bb. Sobre la l\u00e1pida de su tumba en Valladolid est\u00e1 escrito simplemente: \u00abJos\u00e9 Luis Mart\u00edn Descalzo, sacerdote\u00bb.<\/p>\n<h2><strong>Saber envejecer<\/strong><\/h2>\n<p>Aprender a envejecer, de una manera sana, con calidad de vida, tiene una gran importancia. Para eso es muy bueno no perder el gusto por la vida y saber disfrutar de las cosas peque\u00f1as de cada d\u00eda. \u00abEn la vejez seguir\u00e1 dando fruto\u00bb, dice el Salmo 92. Tenemos un ejemplo en Benedicto XVI que el 29 de junio pasado celebr\u00f3 tambi\u00e9n las bodas de diamante sacerdotales, y en San Vicente de Pa\u00fal que estuvo trabajando hasta el final de su vida. En los \u00faltimos meses, cuando ya no pod\u00eda caminar por s\u00ed mismo, le trasladaban en un sill\u00f3n a donde se le llamaba, y al final dec\u00eda: \u00abHeme aqu\u00ed igual que un gran se\u00f1or\u00bb, pues el sentido del humor no lo perdi\u00f3 nunca.<\/p>\n<h2><strong>Conclusi\u00f3n<\/strong><\/h2>\n<p>Doy gracias a Dios por haber podido celebrar las bodas de plata, de oro y ahora las de diamante. Es un regalo de Dios. De los 29 que nos ordenamos, vivimos 12. Estoy convencido de que celebradas, con sencillez y en comunidad, nos ayudan para dar gracias a Dios por el don del sacerdocio, renovarnos en el amor a la vocaci\u00f3n y suscitar nuevas vocaciones. La liturgia nos invita a ello y tiene oraciones propias para estas conmemoraciones.<\/p>\n","protected":false},"excerpt":{"rendered":"<p>Escribo este art\u00edculo, porque me lo ha pedido el P. Celestino, Director del Bolet\u00edn de la Provincia. Me ha sugerido que no sea una cr\u00f3nica, sino algo muy personal sobre el 60 aniversario de nuestra &#8230; <a href=\"http:\/\/vincentians.com\/es\/sesenta-anos-de-sacerdote-1951-2011-evocaciones-y-recuerdos\/\" class=\"more-link\">Read More<\/a><\/p>\n","protected":false},"author":5,"featured_media":391249,"comment_status":"open","ping_status":"open","sticky":false,"template":"","format":"standard","meta":{"jetpack_post_was_ever_published":false,"_jetpack_newsletter_access":"","_jetpack_dont_email_post_to_subs":false,"_jetpack_newsletter_tier_id":0,"_jetpack_memberships_contains_paywalled_content":false,"_jetpack_memberships_contains_paid_content":false,"footnotes":"","jetpack_publicize_message":"","jetpack_publicize_feature_enabled":true,"jetpack_social_post_already_shared":true,"jetpack_social_options":{"image_generator_settings":{"template":"highway","default_image_id":0,"font":"","enabled":false},"version":2}},"categories":[19],"tags":[218,224,176],"class_list":["post-57539","post","type-post","status-publish","format-standard","has-post-thumbnail","hentry","category-biografias-de-misioneros-paules","tag-abelly","tag-berulle","tag-misiones-populares"],"yoast_head":"<!-- This site is optimized with the Yoast SEO plugin v26.3 - https:\/\/yoast.com\/wordpress\/plugins\/seo\/ -->\n<title>Sesenta a\u00f1os de sacerdote (1951-2011). Evocaciones y recuerdos - Somos Vicencianos<\/title>\n<meta name=\"robots\" content=\"index, follow, max-snippet:-1, max-image-preview:large, max-video-preview:-1\" \/>\n<link rel=\"canonical\" href=\"http:\/\/vincentians.com\/es\/sesenta-anos-de-sacerdote-1951-2011-evocaciones-y-recuerdos\/\" \/>\n<meta property=\"og:locale\" content=\"es_ES\" \/>\n<meta property=\"og:type\" content=\"article\" \/>\n<meta property=\"og:title\" content=\"Sesenta a\u00f1os de sacerdote (1951-2011). Evocaciones y recuerdos - Somos Vicencianos\" \/>\n<meta property=\"og:description\" content=\"Escribo este art\u00edculo, porque me lo ha pedido el P. Celestino, Director del Bolet\u00edn de la Provincia. Me ha sugerido que no sea una cr\u00f3nica, sino algo muy personal sobre el 60 aniversario de nuestra ... Read More\" \/>\n<meta property=\"og:url\" content=\"http:\/\/vincentians.com\/es\/sesenta-anos-de-sacerdote-1951-2011-evocaciones-y-recuerdos\/\" \/>\n<meta property=\"og:site_name\" content=\"Somos Vicencianos\" \/>\n<meta property=\"article:publisher\" content=\"https:\/\/www.facebook.com\/WeAreVincentians\/\" \/>\n<meta property=\"article:published_time\" content=\"2012-01-03T05:49:55+00:00\" \/>\n<meta property=\"article:modified_time\" content=\"2016-07-27T10:15:25+00:00\" \/>\n<meta property=\"og:image\" content=\"https:\/\/i0.wp.com\/vincentians.com\/es\/wp-content\/uploads\/sites\/11\/2016\/07\/bio-cm.jpg?fit=1200%2C630\" \/>\n\t<meta property=\"og:image:width\" content=\"1200\" \/>\n\t<meta property=\"og:image:height\" content=\"630\" \/>\n\t<meta property=\"og:image:type\" content=\"image\/jpeg\" \/>\n<meta name=\"author\" content=\"Mitxel Olabu\u00e9naga\" \/>\n<meta name=\"twitter:card\" content=\"summary_large_image\" \/>\n<meta name=\"twitter:creator\" content=\"@WeVincentians\" \/>\n<meta name=\"twitter:site\" content=\"@WeVincentians\" \/>\n<meta name=\"twitter:label1\" content=\"Escrito por\" \/>\n\t<meta name=\"twitter:data1\" content=\"Mitxel Olabu\u00e9naga\" \/>\n\t<meta name=\"twitter:label2\" content=\"Tiempo de lectura\" \/>\n\t<meta name=\"twitter:data2\" content=\"9 minutos\" \/>\n<script type=\"application\/ld+json\" class=\"yoast-schema-graph\">{\"@context\":\"https:\/\/schema.org\",\"@graph\":[{\"@type\":\"Article\",\"@id\":\"http:\/\/vincentians.com\/es\/sesenta-anos-de-sacerdote-1951-2011-evocaciones-y-recuerdos\/#article\",\"isPartOf\":{\"@id\":\"http:\/\/vincentians.com\/es\/sesenta-anos-de-sacerdote-1951-2011-evocaciones-y-recuerdos\/\"},\"author\":{\"name\":\"Mitxel Olabu\u00e9naga\",\"@id\":\"http:\/\/vincentians.com\/es\/#\/schema\/person\/7c2670b4445a7ca9d164ea6acdb31859\"},\"headline\":\"Sesenta a\u00f1os de sacerdote (1951-2011). Evocaciones y recuerdos\",\"datePublished\":\"2012-01-03T05:49:55+00:00\",\"dateModified\":\"2016-07-27T10:15:25+00:00\",\"mainEntityOfPage\":{\"@id\":\"http:\/\/vincentians.com\/es\/sesenta-anos-de-sacerdote-1951-2011-evocaciones-y-recuerdos\/\"},\"wordCount\":1769,\"commentCount\":0,\"publisher\":{\"@id\":\"http:\/\/vincentians.com\/es\/#organization\"},\"image\":{\"@id\":\"http:\/\/vincentians.com\/es\/sesenta-anos-de-sacerdote-1951-2011-evocaciones-y-recuerdos\/#primaryimage\"},\"thumbnailUrl\":\"https:\/\/i0.wp.com\/vincentians.com\/es\/wp-content\/uploads\/sites\/11\/2016\/07\/bio-cm.jpg?fit=1200%2C630\",\"keywords\":[\"Abelly\",\"Berulle\",\"Misiones Populares\"],\"articleSection\":[\"Biograf\u00edas de Misioneros Pa\u00fales\"],\"inLanguage\":\"es\",\"potentialAction\":[{\"@type\":\"CommentAction\",\"name\":\"Comment\",\"target\":[\"http:\/\/vincentians.com\/es\/sesenta-anos-de-sacerdote-1951-2011-evocaciones-y-recuerdos\/#respond\"]}]},{\"@type\":\"WebPage\",\"@id\":\"http:\/\/vincentians.com\/es\/sesenta-anos-de-sacerdote-1951-2011-evocaciones-y-recuerdos\/\",\"url\":\"http:\/\/vincentians.com\/es\/sesenta-anos-de-sacerdote-1951-2011-evocaciones-y-recuerdos\/\",\"name\":\"Sesenta a\u00f1os de sacerdote (1951-2011). Evocaciones y recuerdos - Somos Vicencianos\",\"isPartOf\":{\"@id\":\"http:\/\/vincentians.com\/es\/#website\"},\"primaryImageOfPage\":{\"@id\":\"http:\/\/vincentians.com\/es\/sesenta-anos-de-sacerdote-1951-2011-evocaciones-y-recuerdos\/#primaryimage\"},\"image\":{\"@id\":\"http:\/\/vincentians.com\/es\/sesenta-anos-de-sacerdote-1951-2011-evocaciones-y-recuerdos\/#primaryimage\"},\"thumbnailUrl\":\"https:\/\/i0.wp.com\/vincentians.com\/es\/wp-content\/uploads\/sites\/11\/2016\/07\/bio-cm.jpg?fit=1200%2C630\",\"datePublished\":\"2012-01-03T05:49:55+00:00\",\"dateModified\":\"2016-07-27T10:15:25+00:00\",\"breadcrumb\":{\"@id\":\"http:\/\/vincentians.com\/es\/sesenta-anos-de-sacerdote-1951-2011-evocaciones-y-recuerdos\/#breadcrumb\"},\"inLanguage\":\"es\",\"potentialAction\":[{\"@type\":\"ReadAction\",\"target\":[\"http:\/\/vincentians.com\/es\/sesenta-anos-de-sacerdote-1951-2011-evocaciones-y-recuerdos\/\"]}]},{\"@type\":\"ImageObject\",\"inLanguage\":\"es\",\"@id\":\"http:\/\/vincentians.com\/es\/sesenta-anos-de-sacerdote-1951-2011-evocaciones-y-recuerdos\/#primaryimage\",\"url\":\"https:\/\/i0.wp.com\/vincentians.com\/es\/wp-content\/uploads\/sites\/11\/2016\/07\/bio-cm.jpg?fit=1200%2C630\",\"contentUrl\":\"https:\/\/i0.wp.com\/vincentians.com\/es\/wp-content\/uploads\/sites\/11\/2016\/07\/bio-cm.jpg?fit=1200%2C630\",\"width\":1200,\"height\":630},{\"@type\":\"BreadcrumbList\",\"@id\":\"http:\/\/vincentians.com\/es\/sesenta-anos-de-sacerdote-1951-2011-evocaciones-y-recuerdos\/#breadcrumb\",\"itemListElement\":[{\"@type\":\"ListItem\",\"position\":1,\"name\":\"Portada\",\"item\":\"http:\/\/vincentians.com\/es\/\"},{\"@type\":\"ListItem\",\"position\":2,\"name\":\"Sesenta a\u00f1os de sacerdote (1951-2011). Evocaciones y recuerdos\"}]},{\"@type\":\"WebSite\",\"@id\":\"http:\/\/vincentians.com\/es\/#website\",\"url\":\"http:\/\/vincentians.com\/es\/\",\"name\":\"Somos Vicencianos\",\"description\":\"Know more to serve more\",\"publisher\":{\"@id\":\"http:\/\/vincentians.com\/es\/#organization\"},\"potentialAction\":[{\"@type\":\"SearchAction\",\"target\":{\"@type\":\"EntryPoint\",\"urlTemplate\":\"http:\/\/vincentians.com\/es\/?s={search_term_string}\"},\"query-input\":{\"@type\":\"PropertyValueSpecification\",\"valueRequired\":true,\"valueName\":\"search_term_string\"}}],\"inLanguage\":\"es\"},{\"@type\":\"Organization\",\"@id\":\"http:\/\/vincentians.com\/es\/#organization\",\"name\":\"The Vincentian Network\",\"url\":\"http:\/\/vincentians.com\/es\/\",\"logo\":{\"@type\":\"ImageObject\",\"inLanguage\":\"es\",\"@id\":\"http:\/\/vincentians.com\/es\/#\/schema\/logo\/image\/\",\"url\":\"https:\/\/i1.wp.com\/vincentians.com\/es\/wp-content\/uploads\/sites\/11\/2016\/06\/Vincentian-Network-logo-big.png?fit=778%2C778\",\"contentUrl\":\"https:\/\/i1.wp.com\/vincentians.com\/es\/wp-content\/uploads\/sites\/11\/2016\/06\/Vincentian-Network-logo-big.png?fit=778%2C778\",\"width\":778,\"height\":778,\"caption\":\"The Vincentian Network\"},\"image\":{\"@id\":\"http:\/\/vincentians.com\/es\/#\/schema\/logo\/image\/\"},\"sameAs\":[\"https:\/\/www.facebook.com\/WeAreVincentians\/\",\"https:\/\/x.com\/WeVincentians\"]},{\"@type\":\"Person\",\"@id\":\"http:\/\/vincentians.com\/es\/#\/schema\/person\/7c2670b4445a7ca9d164ea6acdb31859\",\"name\":\"Mitxel Olabu\u00e9naga\",\"image\":{\"@type\":\"ImageObject\",\"inLanguage\":\"es\",\"@id\":\"http:\/\/vincentians.com\/es\/#\/schema\/person\/image\/\",\"url\":\"https:\/\/secure.gravatar.com\/avatar\/34137ec2e2b8939cbbed975731e71f3f4f1defc7266ded337a5ce0f925426877?s=96&d=mm&r=g\",\"contentUrl\":\"https:\/\/secure.gravatar.com\/avatar\/34137ec2e2b8939cbbed975731e71f3f4f1defc7266ded337a5ce0f925426877?s=96&d=mm&r=g\",\"caption\":\"Mitxel Olabu\u00e9naga\"},\"url\":\"http:\/\/vincentians.com\/es\/author\/mitxel\/\"}]}<\/script>\n<!-- \/ Yoast SEO plugin. -->","yoast_head_json":{"title":"Sesenta a\u00f1os de sacerdote (1951-2011). Evocaciones y recuerdos - Somos Vicencianos","robots":{"index":"index","follow":"follow","max-snippet":"max-snippet:-1","max-image-preview":"max-image-preview:large","max-video-preview":"max-video-preview:-1"},"canonical":"http:\/\/vincentians.com\/es\/sesenta-anos-de-sacerdote-1951-2011-evocaciones-y-recuerdos\/","og_locale":"es_ES","og_type":"article","og_title":"Sesenta a\u00f1os de sacerdote (1951-2011). Evocaciones y recuerdos - Somos Vicencianos","og_description":"Escribo este art\u00edculo, porque me lo ha pedido el P. Celestino, Director del Bolet\u00edn de la Provincia. Me ha sugerido que no sea una cr\u00f3nica, sino algo muy personal sobre el 60 aniversario de nuestra ... Read More","og_url":"http:\/\/vincentians.com\/es\/sesenta-anos-de-sacerdote-1951-2011-evocaciones-y-recuerdos\/","og_site_name":"Somos Vicencianos","article_publisher":"https:\/\/www.facebook.com\/WeAreVincentians\/","article_published_time":"2012-01-03T05:49:55+00:00","article_modified_time":"2016-07-27T10:15:25+00:00","og_image":[{"width":1200,"height":630,"url":"https:\/\/i0.wp.com\/vincentians.com\/es\/wp-content\/uploads\/sites\/11\/2016\/07\/bio-cm.jpg?fit=1200%2C630","type":"image\/jpeg"}],"author":"Mitxel Olabu\u00e9naga","twitter_card":"summary_large_image","twitter_creator":"@WeVincentians","twitter_site":"@WeVincentians","twitter_misc":{"Escrito por":"Mitxel Olabu\u00e9naga","Tiempo de lectura":"9 minutos"},"schema":{"@context":"https:\/\/schema.org","@graph":[{"@type":"Article","@id":"http:\/\/vincentians.com\/es\/sesenta-anos-de-sacerdote-1951-2011-evocaciones-y-recuerdos\/#article","isPartOf":{"@id":"http:\/\/vincentians.com\/es\/sesenta-anos-de-sacerdote-1951-2011-evocaciones-y-recuerdos\/"},"author":{"name":"Mitxel Olabu\u00e9naga","@id":"http:\/\/vincentians.com\/es\/#\/schema\/person\/7c2670b4445a7ca9d164ea6acdb31859"},"headline":"Sesenta a\u00f1os de sacerdote (1951-2011). Evocaciones y recuerdos","datePublished":"2012-01-03T05:49:55+00:00","dateModified":"2016-07-27T10:15:25+00:00","mainEntityOfPage":{"@id":"http:\/\/vincentians.com\/es\/sesenta-anos-de-sacerdote-1951-2011-evocaciones-y-recuerdos\/"},"wordCount":1769,"commentCount":0,"publisher":{"@id":"http:\/\/vincentians.com\/es\/#organization"},"image":{"@id":"http:\/\/vincentians.com\/es\/sesenta-anos-de-sacerdote-1951-2011-evocaciones-y-recuerdos\/#primaryimage"},"thumbnailUrl":"https:\/\/i0.wp.com\/vincentians.com\/es\/wp-content\/uploads\/sites\/11\/2016\/07\/bio-cm.jpg?fit=1200%2C630","keywords":["Abelly","Berulle","Misiones Populares"],"articleSection":["Biograf\u00edas de Misioneros Pa\u00fales"],"inLanguage":"es","potentialAction":[{"@type":"CommentAction","name":"Comment","target":["http:\/\/vincentians.com\/es\/sesenta-anos-de-sacerdote-1951-2011-evocaciones-y-recuerdos\/#respond"]}]},{"@type":"WebPage","@id":"http:\/\/vincentians.com\/es\/sesenta-anos-de-sacerdote-1951-2011-evocaciones-y-recuerdos\/","url":"http:\/\/vincentians.com\/es\/sesenta-anos-de-sacerdote-1951-2011-evocaciones-y-recuerdos\/","name":"Sesenta a\u00f1os de sacerdote (1951-2011). Evocaciones y recuerdos - Somos Vicencianos","isPartOf":{"@id":"http:\/\/vincentians.com\/es\/#website"},"primaryImageOfPage":{"@id":"http:\/\/vincentians.com\/es\/sesenta-anos-de-sacerdote-1951-2011-evocaciones-y-recuerdos\/#primaryimage"},"image":{"@id":"http:\/\/vincentians.com\/es\/sesenta-anos-de-sacerdote-1951-2011-evocaciones-y-recuerdos\/#primaryimage"},"thumbnailUrl":"https:\/\/i0.wp.com\/vincentians.com\/es\/wp-content\/uploads\/sites\/11\/2016\/07\/bio-cm.jpg?fit=1200%2C630","datePublished":"2012-01-03T05:49:55+00:00","dateModified":"2016-07-27T10:15:25+00:00","breadcrumb":{"@id":"http:\/\/vincentians.com\/es\/sesenta-anos-de-sacerdote-1951-2011-evocaciones-y-recuerdos\/#breadcrumb"},"inLanguage":"es","potentialAction":[{"@type":"ReadAction","target":["http:\/\/vincentians.com\/es\/sesenta-anos-de-sacerdote-1951-2011-evocaciones-y-recuerdos\/"]}]},{"@type":"ImageObject","inLanguage":"es","@id":"http:\/\/vincentians.com\/es\/sesenta-anos-de-sacerdote-1951-2011-evocaciones-y-recuerdos\/#primaryimage","url":"https:\/\/i0.wp.com\/vincentians.com\/es\/wp-content\/uploads\/sites\/11\/2016\/07\/bio-cm.jpg?fit=1200%2C630","contentUrl":"https:\/\/i0.wp.com\/vincentians.com\/es\/wp-content\/uploads\/sites\/11\/2016\/07\/bio-cm.jpg?fit=1200%2C630","width":1200,"height":630},{"@type":"BreadcrumbList","@id":"http:\/\/vincentians.com\/es\/sesenta-anos-de-sacerdote-1951-2011-evocaciones-y-recuerdos\/#breadcrumb","itemListElement":[{"@type":"ListItem","position":1,"name":"Portada","item":"http:\/\/vincentians.com\/es\/"},{"@type":"ListItem","position":2,"name":"Sesenta a\u00f1os de sacerdote (1951-2011). Evocaciones y recuerdos"}]},{"@type":"WebSite","@id":"http:\/\/vincentians.com\/es\/#website","url":"http:\/\/vincentians.com\/es\/","name":"Somos Vicencianos","description":"Know more to serve more","publisher":{"@id":"http:\/\/vincentians.com\/es\/#organization"},"potentialAction":[{"@type":"SearchAction","target":{"@type":"EntryPoint","urlTemplate":"http:\/\/vincentians.com\/es\/?s={search_term_string}"},"query-input":{"@type":"PropertyValueSpecification","valueRequired":true,"valueName":"search_term_string"}}],"inLanguage":"es"},{"@type":"Organization","@id":"http:\/\/vincentians.com\/es\/#organization","name":"The Vincentian Network","url":"http:\/\/vincentians.com\/es\/","logo":{"@type":"ImageObject","inLanguage":"es","@id":"http:\/\/vincentians.com\/es\/#\/schema\/logo\/image\/","url":"https:\/\/i1.wp.com\/vincentians.com\/es\/wp-content\/uploads\/sites\/11\/2016\/06\/Vincentian-Network-logo-big.png?fit=778%2C778","contentUrl":"https:\/\/i1.wp.com\/vincentians.com\/es\/wp-content\/uploads\/sites\/11\/2016\/06\/Vincentian-Network-logo-big.png?fit=778%2C778","width":778,"height":778,"caption":"The Vincentian Network"},"image":{"@id":"http:\/\/vincentians.com\/es\/#\/schema\/logo\/image\/"},"sameAs":["https:\/\/www.facebook.com\/WeAreVincentians\/","https:\/\/x.com\/WeVincentians"]},{"@type":"Person","@id":"http:\/\/vincentians.com\/es\/#\/schema\/person\/7c2670b4445a7ca9d164ea6acdb31859","name":"Mitxel Olabu\u00e9naga","image":{"@type":"ImageObject","inLanguage":"es","@id":"http:\/\/vincentians.com\/es\/#\/schema\/person\/image\/","url":"https:\/\/secure.gravatar.com\/avatar\/34137ec2e2b8939cbbed975731e71f3f4f1defc7266ded337a5ce0f925426877?s=96&d=mm&r=g","contentUrl":"https:\/\/secure.gravatar.com\/avatar\/34137ec2e2b8939cbbed975731e71f3f4f1defc7266ded337a5ce0f925426877?s=96&d=mm&r=g","caption":"Mitxel Olabu\u00e9naga"},"url":"http:\/\/vincentians.com\/es\/author\/mitxel\/"}]}},"jetpack_publicize_connections":[],"jetpack_featured_media_url":"https:\/\/i0.wp.com\/vincentians.com\/es\/wp-content\/uploads\/sites\/11\/2016\/07\/bio-cm.jpg?fit=1200%2C630","jetpack_sharing_enabled":true,"jetpack_shortlink":"https:\/\/wp.me\/p7ETMF-eY3","jetpack-related-posts":[{"id":130438,"url":"http:\/\/vincentians.com\/es\/marcelino-boyero-vicente-1926-2014\/","url_meta":{"origin":57539,"position":0},"title":"MARCELINO BOYERO VICENTE (1926 \u2013 2014)","author":"Mitxel Olabu\u00e9naga","date":"13\/05\/2014","format":false,"excerpt":"El P. Marcelino naci\u00f3 el 17 de octubre del a\u00f1o 1926 en Navales (Salamanca). Sus padres fueron: D. Pedro y D\u00f1\u00aa Consolaci\u00f3n. Fue bautizado, el mismo d\u00eda de su nacimiento, en la iglesia parroquial. Ingres\u00f3 en la Congregaci\u00f3n de la Misi\u00f3n el 19 de septiembre de 1944, en Hortaleza (Madrid).\u2026","rel":"","context":"En \u00abBiograf\u00edas de Misioneros Pa\u00fales\u00bb","block_context":{"text":"Biograf\u00edas de Misioneros Pa\u00fales","link":"http:\/\/vincentians.com\/es\/category\/la-familia-vicenciana\/biografias-vicencianas\/biografias-de-misioneros-paules\/"},"img":{"alt_text":"","src":"https:\/\/i0.wp.com\/vincentians.com\/es\/wp-content\/uploads\/sites\/11\/2016\/07\/bio-cm.jpg?fit=1200%2C630&resize=350%2C200","width":350,"height":200,"srcset":"https:\/\/i0.wp.com\/vincentians.com\/es\/wp-content\/uploads\/sites\/11\/2016\/07\/bio-cm.jpg?fit=1200%2C630&resize=350%2C200 1x, https:\/\/i0.wp.com\/vincentians.com\/es\/wp-content\/uploads\/sites\/11\/2016\/07\/bio-cm.jpg?fit=1200%2C630&resize=525%2C300 1.5x, https:\/\/i0.wp.com\/vincentians.com\/es\/wp-content\/uploads\/sites\/11\/2016\/07\/bio-cm.jpg?fit=1200%2C630&resize=700%2C400 2x, https:\/\/i0.wp.com\/vincentians.com\/es\/wp-content\/uploads\/sites\/11\/2016\/07\/bio-cm.jpg?fit=1200%2C630&resize=1050%2C600 3x"},"classes":[]},{"id":131073,"url":"http:\/\/vincentians.com\/es\/p-marcelino-boyero-vicente-c-m-1926-2014\/","url_meta":{"origin":57539,"position":1},"title":"P. Marcelino Boyero Vicente, C.M. (1926-2014)","author":"Mitxel Olabu\u00e9naga","date":"20\/08\/2014","format":false,"excerpt":"El P. Marcelino Boyero falleci\u00f3 al amanecer del d\u00eda 1 de mayo, fiesta de San Jos\u00e9 Obrero. Aunque ya lo esper\u00e1bamos, nos produjo una fuerte impresi\u00f3n. Naci\u00f3 el 17 de octubre de 1926 en Navales (Salamanca). Esta zona de Alba de Tormes ha sido muy rica en vocaciones a la\u2026","rel":"","context":"En \u00abBiograf\u00edas de Misioneros Pa\u00fales\u00bb","block_context":{"text":"Biograf\u00edas de Misioneros Pa\u00fales","link":"http:\/\/vincentians.com\/es\/category\/la-familia-vicenciana\/biografias-vicencianas\/biografias-de-misioneros-paules\/"},"img":{"alt_text":"","src":"https:\/\/i0.wp.com\/vincentians.com\/es\/wp-content\/uploads\/sites\/11\/2016\/07\/bio-cm.jpg?fit=1200%2C630&resize=350%2C200","width":350,"height":200,"srcset":"https:\/\/i0.wp.com\/vincentians.com\/es\/wp-content\/uploads\/sites\/11\/2016\/07\/bio-cm.jpg?fit=1200%2C630&resize=350%2C200 1x, https:\/\/i0.wp.com\/vincentians.com\/es\/wp-content\/uploads\/sites\/11\/2016\/07\/bio-cm.jpg?fit=1200%2C630&resize=525%2C300 1.5x, https:\/\/i0.wp.com\/vincentians.com\/es\/wp-content\/uploads\/sites\/11\/2016\/07\/bio-cm.jpg?fit=1200%2C630&resize=700%2C400 2x, https:\/\/i0.wp.com\/vincentians.com\/es\/wp-content\/uploads\/sites\/11\/2016\/07\/bio-cm.jpg?fit=1200%2C630&resize=1050%2C600 3x"},"classes":[]},{"id":118254,"url":"http:\/\/vincentians.com\/es\/villafruela-grijelmo-eliseo-1925-2004\/","url_meta":{"origin":57539,"position":2},"title":"Villafruela Grijelmo, Eliseo (1925 \u2013 2004)","author":"Mitxel Olabu\u00e9naga","date":"11\/03\/2013","format":false,"excerpt":"Naci\u00f3 el 5 de julio de 1925 en Mahamud, Burgos. Sus padres fueron D. Eumenio y Do\u00f1a M\u00aa Amparo. Curs\u00f3 sus primeros estudios en nuestro seminario menor de Tardajos. Los Estudios de Eclesi\u00e1sticos los realiza en Hortaleza (\"Filosof\u00eda\") y en Cuenca (\"Teolog\u00eda\"). Hab\u00eda ingresado en la \"Congregaci\u00f3n de la Misi\u00f3n\",\u2026","rel":"","context":"En \u00abBiograf\u00edas de Misioneros Pa\u00fales\u00bb","block_context":{"text":"Biograf\u00edas de Misioneros Pa\u00fales","link":"http:\/\/vincentians.com\/es\/category\/la-familia-vicenciana\/biografias-vicencianas\/biografias-de-misioneros-paules\/"},"img":{"alt_text":"","src":"https:\/\/i0.wp.com\/vincentians.com\/es\/wp-content\/uploads\/sites\/11\/2016\/07\/bio-cm.jpg?fit=1200%2C630&resize=350%2C200","width":350,"height":200,"srcset":"https:\/\/i0.wp.com\/vincentians.com\/es\/wp-content\/uploads\/sites\/11\/2016\/07\/bio-cm.jpg?fit=1200%2C630&resize=350%2C200 1x, https:\/\/i0.wp.com\/vincentians.com\/es\/wp-content\/uploads\/sites\/11\/2016\/07\/bio-cm.jpg?fit=1200%2C630&resize=525%2C300 1.5x, https:\/\/i0.wp.com\/vincentians.com\/es\/wp-content\/uploads\/sites\/11\/2016\/07\/bio-cm.jpg?fit=1200%2C630&resize=700%2C400 2x, https:\/\/i0.wp.com\/vincentians.com\/es\/wp-content\/uploads\/sites\/11\/2016\/07\/bio-cm.jpg?fit=1200%2C630&resize=1050%2C600 3x"},"classes":[]},{"id":126558,"url":"http:\/\/vincentians.com\/es\/julio-herrero-calzada-1935-2004\/","url_meta":{"origin":57539,"position":3},"title":"Julio Herrero Calzada (1935 \u2013 2004)","author":"Mitxel Olabu\u00e9naga","date":"21\/12\/2013","format":false,"excerpt":"Naci\u00f3 el 22 mayo de 1935 en Cevico de la Torre, Palencia. Sus padres fueron D. Mateo Herrero y D\u00f1\u00aa Juana Calzada. Realiz\u00f3 sus primeros estudios en nuestro \"Seminario Menor\" de Tardajos, Burgos. Ingres\u00f3 en la Congregaci\u00f3n de la Misi\u00f3n el 22 de septiembre de 1951 en Limpias, Cantabria. En\u2026","rel":"","context":"En \u00abBiograf\u00edas de Misioneros Pa\u00fales\u00bb","block_context":{"text":"Biograf\u00edas de Misioneros Pa\u00fales","link":"http:\/\/vincentians.com\/es\/category\/la-familia-vicenciana\/biografias-vicencianas\/biografias-de-misioneros-paules\/"},"img":{"alt_text":"","src":"https:\/\/i0.wp.com\/vincentians.com\/es\/wp-content\/uploads\/sites\/11\/2016\/07\/bio-cm.jpg?fit=1200%2C630&resize=350%2C200","width":350,"height":200,"srcset":"https:\/\/i0.wp.com\/vincentians.com\/es\/wp-content\/uploads\/sites\/11\/2016\/07\/bio-cm.jpg?fit=1200%2C630&resize=350%2C200 1x, https:\/\/i0.wp.com\/vincentians.com\/es\/wp-content\/uploads\/sites\/11\/2016\/07\/bio-cm.jpg?fit=1200%2C630&resize=525%2C300 1.5x, https:\/\/i0.wp.com\/vincentians.com\/es\/wp-content\/uploads\/sites\/11\/2016\/07\/bio-cm.jpg?fit=1200%2C630&resize=700%2C400 2x, https:\/\/i0.wp.com\/vincentians.com\/es\/wp-content\/uploads\/sites\/11\/2016\/07\/bio-cm.jpg?fit=1200%2C630&resize=1050%2C600 3x"},"classes":[]},{"id":127636,"url":"http:\/\/vincentians.com\/es\/florentino-meneses-curieses\/","url_meta":{"origin":57539,"position":4},"title":"Florentino Meneses Curieses","author":"Mitxel Olabu\u00e9naga","date":"24\/01\/2014","format":false,"excerpt":"El P. Florentino naci\u00f3 el 15 de enero del a\u00f1o 1928 en Villamuriel de Cerrato, Palencia. Sus padres fueron: D. Florentino y D\u00f1\u00aa Primitiva. Fue bautizado el d\u00eda 22 de este mismo mes.\u00a0Ingres\u00f3 en la Congregaci\u00f3n de la Misi\u00f3n el 19 de septiembre de 1944, en Hortaleza (Madrid). En este\u2026","rel":"","context":"En \u00abBiograf\u00edas de Misioneros Pa\u00fales\u00bb","block_context":{"text":"Biograf\u00edas de Misioneros Pa\u00fales","link":"http:\/\/vincentians.com\/es\/category\/la-familia-vicenciana\/biografias-vicencianas\/biografias-de-misioneros-paules\/"},"img":{"alt_text":"","src":"https:\/\/i0.wp.com\/vincentians.com\/es\/wp-content\/uploads\/sites\/11\/2016\/07\/bio-cm.jpg?fit=1200%2C630&resize=350%2C200","width":350,"height":200,"srcset":"https:\/\/i0.wp.com\/vincentians.com\/es\/wp-content\/uploads\/sites\/11\/2016\/07\/bio-cm.jpg?fit=1200%2C630&resize=350%2C200 1x, https:\/\/i0.wp.com\/vincentians.com\/es\/wp-content\/uploads\/sites\/11\/2016\/07\/bio-cm.jpg?fit=1200%2C630&resize=525%2C300 1.5x, https:\/\/i0.wp.com\/vincentians.com\/es\/wp-content\/uploads\/sites\/11\/2016\/07\/bio-cm.jpg?fit=1200%2C630&resize=700%2C400 2x, https:\/\/i0.wp.com\/vincentians.com\/es\/wp-content\/uploads\/sites\/11\/2016\/07\/bio-cm.jpg?fit=1200%2C630&resize=1050%2C600 3x"},"classes":[]},{"id":131798,"url":"http:\/\/vincentians.com\/es\/amador-saez\/","url_meta":{"origin":57539,"position":5},"title":"Amador S\u00e1ez","author":"Mitxel Olabu\u00e9naga","date":"18\/11\/2014","format":false,"excerpt":"El P. Amador naci\u00f3 el 29 de abril del a\u00f1o 1922 en Albarrac\u00edn (Teruel). Sus padres fueron: D. Vicente y D\u00f1\u00aa Tomasa. Recibi\u00f3 el sacramento del bautismo el d\u00eda 30, de este mismo mes, en la iglesia parroquial: Santiago Ap\u00f3stol. Ingres\u00f3 en la Congregaci\u00f3n de la Misi\u00f3n, el 21 de\u2026","rel":"","context":"En \u00abBiograf\u00edas de Misioneros Pa\u00fales\u00bb","block_context":{"text":"Biograf\u00edas de Misioneros Pa\u00fales","link":"http:\/\/vincentians.com\/es\/category\/la-familia-vicenciana\/biografias-vicencianas\/biografias-de-misioneros-paules\/"},"img":{"alt_text":"","src":"https:\/\/i0.wp.com\/vincentians.com\/es\/wp-content\/uploads\/sites\/11\/2016\/07\/bio-cm.jpg?fit=1200%2C630&resize=350%2C200","width":350,"height":200,"srcset":"https:\/\/i0.wp.com\/vincentians.com\/es\/wp-content\/uploads\/sites\/11\/2016\/07\/bio-cm.jpg?fit=1200%2C630&resize=350%2C200 1x, https:\/\/i0.wp.com\/vincentians.com\/es\/wp-content\/uploads\/sites\/11\/2016\/07\/bio-cm.jpg?fit=1200%2C630&resize=525%2C300 1.5x, https:\/\/i0.wp.com\/vincentians.com\/es\/wp-content\/uploads\/sites\/11\/2016\/07\/bio-cm.jpg?fit=1200%2C630&resize=700%2C400 2x, https:\/\/i0.wp.com\/vincentians.com\/es\/wp-content\/uploads\/sites\/11\/2016\/07\/bio-cm.jpg?fit=1200%2C630&resize=1050%2C600 3x"},"classes":[]}],"_links":{"self":[{"href":"http:\/\/vincentians.com\/es\/wp-json\/wp\/v2\/posts\/57539","targetHints":{"allow":["GET"]}}],"collection":[{"href":"http:\/\/vincentians.com\/es\/wp-json\/wp\/v2\/posts"}],"about":[{"href":"http:\/\/vincentians.com\/es\/wp-json\/wp\/v2\/types\/post"}],"author":[{"embeddable":true,"href":"http:\/\/vincentians.com\/es\/wp-json\/wp\/v2\/users\/5"}],"replies":[{"embeddable":true,"href":"http:\/\/vincentians.com\/es\/wp-json\/wp\/v2\/comments?post=57539"}],"version-history":[{"count":0,"href":"http:\/\/vincentians.com\/es\/wp-json\/wp\/v2\/posts\/57539\/revisions"}],"wp:featuredmedia":[{"embeddable":true,"href":"http:\/\/vincentians.com\/es\/wp-json\/wp\/v2\/media\/391249"}],"wp:attachment":[{"href":"http:\/\/vincentians.com\/es\/wp-json\/wp\/v2\/media?parent=57539"}],"wp:term":[{"taxonomy":"category","embeddable":true,"href":"http:\/\/vincentians.com\/es\/wp-json\/wp\/v2\/categories?post=57539"},{"taxonomy":"post_tag","embeddable":true,"href":"http:\/\/vincentians.com\/es\/wp-json\/wp\/v2\/tags?post=57539"}],"curies":[{"name":"wp","href":"https:\/\/api.w.org\/{rel}","templated":true}]}}