{"id":57170,"date":"2015-03-27T00:30:46","date_gmt":"2015-03-26T23:30:46","guid":{"rendered":"http:\/\/somos.vicencianos.org\/blog\/2011\/12\/nuestro-apostolado-con-los-negros\/"},"modified":"2016-07-26T09:44:29","modified_gmt":"2016-07-26T07:44:29","slug":"nuestro-apostolado-con-los-negros","status":"publish","type":"post","link":"http:\/\/vincentians.com\/es\/nuestro-apostolado-con-los-negros\/","title":{"rendered":"Nuestro apostolado con los negros"},"content":{"rendered":"<p><a href=\"https:\/\/i0.wp.com\/vicencianos.org\/wp-content\/2011\/10\/logo_cm3.jpg\"><img data-recalc-dims=\"1\" loading=\"lazy\" decoding=\"async\" class=\"alignright size-medium wp-image-52381\" title=\"logo_cm3\" src=\"https:\/\/i0.wp.com\/vicencianos.org\/wp-content\/2011\/10\/logo_cm3-232x300.jpg?resize=232%2C300\" alt=\"\" width=\"232\" height=\"300\" \/><\/a>Podr\u00edase sospechar que al hablar de nuestro <em>Apostolado con los Negros <\/em>comenzar\u00edamos tejiendo el relato de los diversos servicios vicencianos, que, a lo ancho de los Estados Unidos tienen como objetivo primordial la comunidad Negra. Tal arranque no ser\u00eda completo y referir\u00eda solamente una peque\u00f1a parte de nuestra historia vicenciana. Si aspiramos a una historia plena es necesario que miremos a nuestra historia y a nuestro esp\u00edritu. Nuestro esp\u00edritu vicenciano es tal que no podemos ni debemos intentar hablar de individuos o comunidades locales como nuestro Apostolado con los Negros. Como vicencianos en Estados Unidos hemos tenido dos objetivos fundamentales: el servicio de los pobres (\u00abhe sido enviado a evangelizar a los pobres&#8230;\u00bb) y la formaci\u00f3n del clero. Es dentro de estos dos amplios par\u00e1metros donde debemos hablar de nuestro Apostolado con los Negros. En el marco de estos dos amplios par\u00e1metros todos los vicencianos han sido llamados, en alg\u00fan sentido, al Apostolado con los Negros. Es asimismo desde esta perspectiva c\u00f3mo debemos reconocer nuestros fracasos pasados y presentes.<\/p>\n<p>James Weldon Johnson en su canci\u00f3n \u00ab<em>Lift Every Voice and Sing\u00bb <\/em>(Lev\u00e1ntese toda voz y cante) cuenta la historia de la Experiencia de los Negros en los Estados Unidos.<span id='easy-footnote-1-57170' class='easy-footnote-margin-adjust'><\/span><span class='easy-footnote'><a href='http:\/\/vincentians.com\/es\/nuestro-apostolado-con-los-negros\/#easy-footnote-bottom-1-57170' title='\u00abLift Every Voice and Sing\u00bb est\u00e1 considerada como el Himno Afroamericano.'><sup>1<\/sup><\/a><\/span> Al hablar de nuestro Apostolado vicenciano con los Negros es necesario que escuchemos con un coraz\u00f3n y una mente abiertos las po\u00e9ticamente impresionantes palabras que refieren una historia:<\/p>\n<p align=\"center\"><em>Pedregosa la senda que pisamos<\/em><br \/>\n<em>Amarga la vara castigadora<br \/>\nSentida el d\u00eda en que la esperanza<br \/>\nNo nacida hab\u00eda muerto&#8230;.<\/em><\/p>\n<p>Estas palabras podr\u00edan emplearse para describir no s\u00f3lo la experiencia de los Negros en Am\u00e9rica, sino para describirla del mismo modo respecto a la Iglesia Cat\u00f3lica y a nuestra Comunidad Vicenciana en particular.<\/p>\n<p>Si vamos a hablar de nuestro Apostolado con los Negros no podemos ni debemos edulcorar nuestra hist\u00f3rica falta de respuesta; no podemos edulcorar nuestra hist\u00f3rica falta de respuesta a las necesidades espirituales de los Negros en los Estados Unidos. No podemos edulcorar nuestra falta de respuesta \u00e9tica a los problemas que los Negros han tenido que superar aqu\u00ed en los Estados Unidos. Ni podemos paliar nuestro fracaso en responder a las injustas condiciones f\u00edsicas y humanas que los Negros han afrontado durante siglos en los Estados Unidos. Desgraciadamente hoy, a causa de los efectos del racismo, muchas de estas condiciones y situaciones persisten todav\u00eda. \u00a1Oh!, sin duda, al referirnos a la justicia, al referirnos a la respuesta de la Iglesia, al referirnos a la repuesta de la Congregaci\u00f3n de la Misi\u00f3n en los Estados Unidos, los Afroamericanos pueden gritar: \u00abPedregosa la senda que pisamos\u00bb. \u00a1Una pena!<\/p>\n<p>Ser\u00eda maravilloso hablar de los significativos y, a veces, heroicos esfuerzos realizados por algunos cohermanos en favor de la Comunidad Negra. Ciertamente tales esfuerzos, individuales y colectivos, se han dado, pero esos esfuerzos ser\u00edan en realidad una peque\u00f1a parte de nuestra total historia vicenciana. Al hablar de nuestro \u00abApostolado con los Negros\u00bb necesitamos en primer lugar usar el <em>\u00abPrincipio Sankofa\u00bb<\/em> que significa que uno debe mirar atr\u00e1s antes de proceder hacia adelante.<span id='easy-footnote-2-57170' class='easy-footnote-margin-adjust'><\/span><span class='easy-footnote'><a href='http:\/\/vincentians.com\/es\/nuestro-apostolado-con-los-negros\/#easy-footnote-bottom-2-57170' title='El principio Sankofa recibe el nombre de un p\u00e1jaro afroamericano que es capaz de dar vueltas alrededor a la cabeza para ver donde ha estado con el fin de conocer a donde tiene que marchar. Este principio indica que debemos mirar atr\u00e1s, a donde hemos estado, con el fin de tener una idea clara de a donde estamos yendo.'><sup>2<\/sup><\/a><\/span> En segundo lugar, nosotros, la Congregaci\u00f3n de la Misi\u00f3n en los Estados Unidos nesitamos que nos pisen los dedos de los pies.<span id='easy-footnote-3-57170' class='easy-footnote-margin-adjust'><\/span><span class='easy-footnote'><a href='http:\/\/vincentians.com\/es\/nuestro-apostolado-con-los-negros\/#easy-footnote-bottom-3-57170' title='El \u00abque a uno le pisen los dedos de los pies\u00bb es una expresi\u00f3n idiom\u00e1tica usada en la Iglesia Negra respecto a la predicaci\u00f3n. Fundamentalmente significa que lo que se est\u00e1 predicando va a dar en el blanco, y que esa palabra nos convencer\u00e1.'><sup>3<\/sup><\/a><\/span> En otras palabras, necesitamos reconocer nuestros fracasos en nuestro Apostolado con los Negros, tanto en el pasado como en el presente.<\/p>\n<p>Si miramos atr\u00e1s, y debemos hacerlo, vemos que nuestro primer Apostolado con los Negros fue como propietarios de esclavos. En los a\u00f1os 1820 nosotros, la Congregaci\u00f3n de la Misi\u00f3n, pose\u00edamos esclavos en Missouri y m\u00e1s tarde en Louisiana. De hecho, el P. Jos\u00e9 Rosati, C.M., quien posteriormente llegar\u00eda a ser Obispo de San Luis, fue uno de los vicencianos encargados de adquirir esclavos como ayuda en la marcha de nuestro seminario. \u00bfFue este el inicio de nuestro Apostolado con los Negros en los Estados Unidos? \u00a1Ay! En los a\u00f1os 1840 comenzamos a desprendernos de los esclavos, pero no concedimos la libertad a estos fieles criados sino que los vendimos a los \u00abCatholic Slaveholders\u00bb (Propietarios Cat\u00f3licos de Esclavos), como si ello cohonestara moralmente la acci\u00f3n. Continuamos teniendo algunos esclavos en Missouri hasta el comienzo de la Guerra Civil. Mientras los Negros trabajaban en nuestros seminarios, parroquias y casas haciendo las tareas dom\u00e9sticas, poca es la evidencia de que se tratara de evangelizarlos. El bautizar a Negros hubiera sido reconocer a los Negros su plena dignidad humana, y como consecuencia hubi\u00e9ramos tenido que concederles la libertad. As\u00ed pues, en ese tiempo, a pesar de los beneficios que consegu\u00edamos del trabajo de nuestros esclavos Negros, acept\u00e1bamos la retorcida idea racista de la \u00e9poca y nada hicimos para evangelizarlos.<\/p>\n<p>Pronto despu\u00e9s de la Guerra Civil, en el Segundo Concilio Plenario de Baltimore en 1866, el Arzobispo Spalding de Baltimore habl\u00f3 de los cuatro millones de esclavos liberados y urgi\u00f3 a la Iglesia Cat\u00f3lica a que diera una respuesta a esa situaci\u00f3n. Escribi\u00f3: \u00abSe trata de una oportunidad de oro para recoger una cosecha de almas, oportunidad que si no aprovechamos puede no volver\u00bb.<span id='easy-footnote-4-57170' class='easy-footnote-margin-adjust'><\/span><span class='easy-footnote'><a href='http:\/\/vincentians.com\/es\/nuestro-apostolado-con-los-negros\/#easy-footnote-bottom-4-57170' title='Davis Cyprian, &lt;em&gt;The History of Black Catholics in the United States &lt;\/em&gt;(New York, Crossroads Publishing, 1991) 116.'><sup>4<\/sup><\/a><\/span> Desgraciadamente poca fue la respuesta de la Iglesia Cat\u00f3lica. Mayores fueron los esfuerzos de las \u00f3rdenes religiosas para llegar a los numerosos nuevos inmigrantes de Europa mientras ignoraban a los Negros libertos. De manera que, aunque nos beneficiamos directamente del trabajo y esfuerzos de los Negros que tuvimos como esclavos, nuestra Comunidad, en ese tiempo, no hizo esfuerzo alguno por recoger esa gran cosecha de almas. Nuestras prioridades, \u00a1ay!, eran otras.<\/p>\n<p>Cualquier estudio de nuestro Apostolado con los Negros a trav\u00e9s de nuestra historia en los Estados Unidos, se topar\u00e1 con un sofocante silencio y una cobarde conformidad con pasadas pol\u00edticas racistas tanto de la Iglesia como del Estado. S\u00ed, se podr\u00eda arg\u00fcir que hubo miembros de la Congregaci\u00f3n de la Misi\u00f3n que hicieron esfuerzos heroicos, pero como provincias y como Comunidad en los Estados Unidos pecamos con nuestro silencio. \u00bfD\u00f3nde estuvo el sentirnos ultrajados ante el racismo existente en las ciudades y pueblos donde nosotros viv\u00edamos y trabaj\u00e1bamos como vicencianos? \u00bfD\u00f3nde estuvo el grito moral de nuestros seminarios y universidades en favor de la justicia durante el Movimiento de los Derechos Civiles? \u00bfD\u00f3nde estuvo nuestra respuesta positiva a la carta desde la c\u00e1rcel de Birmingam de Martin Luther King llamando a la Iglesia a ponerse en pie y clamar contra la injusticia? Estas preguntas sin respuesta son parte de nuestra triste historia en nuestro Apostolado con los Negros.<\/p>\n<p>Al hablar de este Apostolado, pienso que necesitamos cuestionarnos nuestra conciencia moral y preguntarnos si realmente hemos estado abiertos a un Apostolado con los Negros. Si a lo largo de nuestra no corta historia de formaci\u00f3n vicenciana s\u00f3lo ha habido tres Afroamericanos que han ingresado en nuestras filas como sacerdotes o hermanos con votos perpetuos,<span id='easy-footnote-5-57170' class='easy-footnote-margin-adjust'><\/span><span class='easy-footnote'><a href='http:\/\/vincentians.com\/es\/nuestro-apostolado-con-los-negros\/#easy-footnote-bottom-5-57170' title='Estos tres Afroamericanos se han hecho miembros de la Congregaci\u00f3n dentro de los 30 \u00faltimo a\u00f1os.'><sup>5<\/sup><\/a><\/span> \u00bfno lo dice eso todo respecto a nuestro Apostolado con los Negros? Aunque hay muchos factores a los que podemos recurrir para explicar este raqu\u00edtico n\u00famero, sigue siendo, sin embargo, un triste comentario respecto a nuestro deseo de trabajar con los Negros. Al hablar de nuestro Apostolado con lo Negros debemos tambi\u00e9n mirar a nuestros seminarios como instituciones y faros de esperanza cuando se trata del desarrollo de perspectivas teol\u00f3gicas. Se puede sostener con mucha fuerza que el racismo es el mayor pecado con el que Am\u00e9rica se enfrenta, y, sin embargo, nuestros seminarios vicencianos y universidades han permanecido fr\u00edamente silenciosos respecto a una respuesta teol\u00f3gica al racismo cuando \u00e9ste hac\u00eda estragos en nuestra sociedad.<\/p>\n<p>En nuestros seminarios vicencianos apenas se puso \u00e9nfasis teol\u00f3gico en el problema de la raza. Sin duda estudiamos cuestiones sobre la justicia; \u00bfpero c\u00f3mo pudimos tratar de la justicia olvidando considerar adecuadamente el racismo? Estudiamos la Teolog\u00eda de la Liberaci\u00f3n como medio de comprender mejor el evangelio y la justicia; pero nuestro estudio se limitaba a la Liberaci\u00f3n del Tercer Mundo. Es siempre m\u00e1s f\u00e1cil tratar de la justicia \u00abah\u00ed afuera\u00bb cuando concierne a otros, que centrarse aqu\u00ed donde necesariamente nos ver\u00edamos implicados. No se trata de argumentar contra el gran valor de entender la Teolog\u00eda de la Liberaci\u00f3n del Tercer Mundo en cuanto que nos hace centrarnos en la justicia; sin embargo, debemos cuestionarnos nuestro miedo a centrarnos en el tema de la raza y nuestra reluctancia a enfrentarnos con el racismo como ha sido puesto de relieve por los te\u00f3logos de la Liberaci\u00f3n de los Negros. Dicho sencillamente, rehusamos, con toda nuestra experiencia en la formaci\u00f3n del clero, el tratar del racismo como una cuesti\u00f3n teol\u00f3gica. Si rehusamos reconocer en nuestros seminarios y universidades el impacto del racismo como una cr\u00edtica cuesti\u00f3n teol\u00f3gica y si rehusamos discutir seriamente la Teolog\u00eda de la Liberaci\u00f3n de los Negros, c\u00f3mo podemos hablar seriamente de nuestro Apostolado con los Negros.<\/p>\n<p>A todas nuestras obras: parroquias, hospitales, universidades, equipo misionero y de la novena se les puede preguntar qu\u00e9 han hecho o dejado de hacer hist\u00f3ricamente en esas obras para aliviar el racismo y promover nuestro Apostolado con los Negros. Es solamente cuando veamos la conexi\u00f3n de ese apostolado con nuestro coraz\u00f3n y esp\u00edritu vicenciano cuando nos daremos cuenta de que no es precisamente un cohermano o dos los que realizan un Apostolado con los Negros, sino que todo vicenciano est\u00e1 llamado por nuestro carisma a salir fuera y vincularse en todos nuestros ministerios con nuestro Apostolado con los Negros. Si llevamos a cabo tal profundo examen, prorrumpiremos, sin duda, en el grito:<\/p>\n<p align=\"center\"><em>Pedregosa la senda que pisamos<br \/>\nAmarga la vara castigadora.<\/em><\/p>\n<p>Est\u00e1, por supuesto, la otra cara de nuestra historia respecto a nuestro Apostolado con los Negros. Ha habido cohermanos concretos que a lo largo de nuestra historia han hablado fuertemente contra la esclavitud y contra el racismo. Ha habido casas en nuestras provincias que han sido bendecidas con la \u00abexperiencia de fe\u00bb de los Negros en sus ministerios y en sus comunidades. Ha habido respuestas positivas de casas y cohermanos para el ministerio con los Negros. En el pasado se nos pidi\u00f3 aceptar parroquias con poblaci\u00f3n exclusiva de Negros,<span id='easy-footnote-6-57170' class='easy-footnote-margin-adjust'><\/span><span class='easy-footnote'><a href='http:\/\/vincentians.com\/es\/nuestro-apostolado-con-los-negros\/#easy-footnote-bottom-6-57170' title='Santa Mar\u00eda en Greensboro, Carolina del Norte, ser\u00eda un ejemplo.'><sup>6<\/sup><\/a><\/span> y pese a que raramente hemos tratado de estudiar y comprender la cultura Negra, nuestra respuesta ha sido genuina y generosa. Desde el Movimiento de los Derechos Civiles hemos asumido un n\u00famero de nuevos Apostolados en la Comunidad Negra. Al cambiar la demograf\u00eda de nuestras ciudades, hemos permanecido fieles en continuar al cargo de parroquias que han cambiado de una poblaci\u00f3n blanca a una negra en unos pocos a\u00f1os. En estas zonas nuestra Comunidad Vicenciana ha tratado genuinamente de responder a las necesidades y de incluir el Apostolado con los Negros en nuestros ministerios. Nuestras Universidades podr\u00edan ciertamente celebrar sus \u00abinmersiones urbanas\u00bb como esfuerzos para sensibilizar a un pu\u00f1ado de estudiantes sobre la grave situaci\u00f3n y los efectos de la pobreza urbana y del racismo. Esta experiencia ayuda adem\u00e1s a aquellos pocos estudiantes a entender mejor el poder de la fe y la oraci\u00f3n al trabajar con la comunidad Negra rebosante de fe. Nuestras Universidades podr\u00edan celebrar una nueva sensibilidad respecto a las diferencias \u00e9tnicas y a la riqueza que las diferentes culturas aportan al mundo acad\u00e9mico.<\/p>\n<p>Como Vicencianos podr\u00edamos celebrar nuestras misiones fuera de Estados Unidos como positivos indicadores de nuestro deseo de estar al servicio de los Negros. Como Vicencianos estadounidenses podr\u00edamos celebrar la generosa respuesta de muchos cohermanos a lo ancho de los Estados Unidos ofreci\u00e9ndose como voluntarios para trabajar en varias partes de \u00c1frica.. Como Vicencianos de los Estados Unidos podr\u00edamos celebrar la presencia de la Provincia del Midwest (San Luis) en el seminario que regentan en Kenia. Podr\u00edamos celebrar el nombramiento de un Afroamericano como Director de Vocaciones y Jefe de la Oficina del Apostolado Afroamericano en Los \u00c1ngeles. Podr\u00edamos celebrar el establecimiento en la Provincia del Este de un comit\u00e9 para el estudio del racismo dentro de la Provincia. Como Vicencianos podr\u00edamos celebrar la creaci\u00f3n de un Centro para la Justicia Social en la Universidad de Saint John. Podr\u00edamos tambi\u00e9n celebrar lo que toda comunidad vicenciana en barrios predominantemente Negros est\u00e1 haciendo para promover la justicia social y la sanaci\u00f3n racial. Estos son s\u00f3lo unos pocos de los muchos esfuerzos en los que estamos empe\u00f1ados actualmente. Cada casa y cada cohermano tendr\u00e1n algo que decirnos sobre nuestros esfuerzos al respecto. Ciertamente, sin duda, celebramos muchos ejemplos brillantes de buen trabajo de individuos y casas en nuestro Apostolado con los Negros.<\/p>\n<p>Pero el que esto escribe es un cohermano que no cree que nuestro <em>\u00abApostolado con los Negros\u00bb<\/em> sea algo que concierne s\u00f3lo a una particular parroquia, programa o persona. \u00a1No! Nuestro <em>Apostolado con los Negros <\/em>nos concierne a todos nosotros, Vicencianos, pasados, presentes y futuros. Nuestro <em>Apostolado con los Negros <\/em>implica, como todo otro trabajo y ministerio debe, el carisma de San Vicente. Nuestro <em>Apostolado con los Negros <\/em>concierne a todos y cada uno de los sacerdotes y hermanos de la Congregaci\u00f3n en los Estados Unidos no importa cu\u00e1l sea su ministerio. De manera, que esperanzadamente, la canci\u00f3n de James Weldon \u00abLev\u00e1ntese toda voz y cante\u00bb describa no solamente la penosa situaci\u00f3n y la esperanza de los afroamericanos, sino tambi\u00e9n la penosa situaci\u00f3n y esperanza y sue\u00f1os de todos los cohermanos respecto a nuestro <em>Apostolado con los Negros. <\/em>\u00a1Escuchad!<\/p>\n<p align=\"center\"><em>Cantad una canci\u00f3n rebosante de la fe que el negro pasado nos ha ense\u00f1ado,<br \/>\nCantad una canci\u00f3n rebosante de la esperanza que el presente nos ha tra\u00eddo,<br \/>\nMirando al naciente sol de nuestro iniciado nuevo d\u00eda<br \/>\nMarchemos adelante hasta que la victoria sea conseguida.<\/em><\/p>\n<p>Pienso que para marchar adelante en nuestro <em>Apostolado con los Negros <\/em>debemos reconocer nuestros pecados del pasado: la tenencia de esclavos, los silenciosos pecados de racismo a lo largo de nuestra historia en los Estados Unidos. \u00danicamente entonces podremos unirnos, hombro con hombro, con nuestros hermanos y hermanas negros, solamente entonces podremos comenzar a hablar sinceramente de nuestro <em>Apostolado con los Negros. <\/em>Solamente entonces podremos esperar <em>\u00abMarchar adelante hasta que la victoria sea conseguida\u00bb. <\/em>Am\u00e9n, am\u00e9n, am\u00e9n.<\/p>\n","protected":false},"excerpt":{"rendered":"<p>Podr\u00edase sospechar que al hablar de nuestro Apostolado con los Negros comenzar\u00edamos tejiendo el relato de los diversos servicios vicencianos, que, a lo ancho de los Estados Unidos tienen como objetivo primordial la comunidad Negra. &#8230; <a href=\"http:\/\/vincentians.com\/es\/nuestro-apostolado-con-los-negros\/\" class=\"more-link\">Read More<\/a><\/p>\n","protected":false},"author":4,"featured_media":52381,"comment_status":"open","ping_status":"open","sticky":false,"template":"","format":"standard","meta":{"jetpack_post_was_ever_published":false,"_jetpack_newsletter_access":"","_jetpack_dont_email_post_to_subs":false,"_jetpack_newsletter_tier_id":0,"_jetpack_memberships_contains_paywalled_content":false,"_jetpack_memberships_contains_paid_content":false,"footnotes":"","jetpack_publicize_message":"","jetpack_publicize_feature_enabled":true,"jetpack_social_post_already_shared":true,"jetpack_social_options":{"image_generator_settings":{"template":"highway","default_image_id":0,"font":"","enabled":false},"version":2}},"categories":[16],"tags":[172],"class_list":["post-57170","post","type-post","status-publish","format-standard","has-post-thumbnail","hentry","category-congregacion-de-la-mision","tag-pobreza"],"yoast_head":"<!-- This site is optimized with the Yoast SEO plugin v26.3 - https:\/\/yoast.com\/wordpress\/plugins\/seo\/ -->\n<title>Nuestro apostolado con los negros - Somos Vicencianos<\/title>\n<meta name=\"robots\" content=\"index, follow, max-snippet:-1, max-image-preview:large, max-video-preview:-1\" \/>\n<link rel=\"canonical\" href=\"http:\/\/vincentians.com\/es\/nuestro-apostolado-con-los-negros\/\" \/>\n<meta property=\"og:locale\" content=\"es_ES\" \/>\n<meta property=\"og:type\" content=\"article\" \/>\n<meta property=\"og:title\" content=\"Nuestro apostolado con los negros - Somos Vicencianos\" \/>\n<meta property=\"og:description\" content=\"Podr\u00edase sospechar que al hablar de nuestro Apostolado con los Negros comenzar\u00edamos tejiendo el relato de los diversos servicios vicencianos, que, a lo ancho de los Estados Unidos tienen como objetivo primordial la comunidad Negra. ... Read More\" \/>\n<meta property=\"og:url\" content=\"http:\/\/vincentians.com\/es\/nuestro-apostolado-con-los-negros\/\" \/>\n<meta property=\"og:site_name\" content=\"Somos Vicencianos\" \/>\n<meta property=\"article:publisher\" content=\"https:\/\/www.facebook.com\/WeAreVincentians\/\" \/>\n<meta property=\"article:author\" content=\"https:\/\/www.facebook.com\/JavierChento\" \/>\n<meta property=\"article:published_time\" content=\"2015-03-26T23:30:46+00:00\" \/>\n<meta property=\"article:modified_time\" content=\"2016-07-26T07:44:29+00:00\" \/>\n<meta name=\"author\" content=\"Francisco Javier Fern\u00e1ndez Chento\" \/>\n<meta name=\"twitter:card\" content=\"summary_large_image\" \/>\n<meta name=\"twitter:creator\" content=\"@https:\/\/twitter.com\/javierchento\" \/>\n<meta name=\"twitter:site\" content=\"@WeVincentians\" \/>\n<meta name=\"twitter:label1\" content=\"Escrito por\" \/>\n\t<meta name=\"twitter:data1\" content=\"Francisco Javier Fern\u00e1ndez Chento\" \/>\n\t<meta name=\"twitter:label2\" content=\"Tiempo de lectura\" \/>\n\t<meta name=\"twitter:data2\" content=\"13 minutos\" \/>\n<script type=\"application\/ld+json\" class=\"yoast-schema-graph\">{\"@context\":\"https:\/\/schema.org\",\"@graph\":[{\"@type\":\"Article\",\"@id\":\"http:\/\/vincentians.com\/es\/nuestro-apostolado-con-los-negros\/#article\",\"isPartOf\":{\"@id\":\"http:\/\/vincentians.com\/es\/nuestro-apostolado-con-los-negros\/\"},\"author\":{\"name\":\"Francisco Javier Fern\u00e1ndez Chento\",\"@id\":\"http:\/\/vincentians.com\/es\/#\/schema\/person\/9623ef4d9aa3b2dfb8c061f1499288f2\"},\"headline\":\"Nuestro apostolado con los negros\",\"datePublished\":\"2015-03-26T23:30:46+00:00\",\"dateModified\":\"2016-07-26T07:44:29+00:00\",\"mainEntityOfPage\":{\"@id\":\"http:\/\/vincentians.com\/es\/nuestro-apostolado-con-los-negros\/\"},\"wordCount\":2602,\"commentCount\":0,\"publisher\":{\"@id\":\"http:\/\/vincentians.com\/es\/#organization\"},\"image\":{\"@id\":\"http:\/\/vincentians.com\/es\/nuestro-apostolado-con-los-negros\/#primaryimage\"},\"thumbnailUrl\":\"\",\"keywords\":[\"Pobreza\"],\"articleSection\":[\"Congregaci\u00f3n de la Misi\u00f3n\"],\"inLanguage\":\"es\",\"potentialAction\":[{\"@type\":\"CommentAction\",\"name\":\"Comment\",\"target\":[\"http:\/\/vincentians.com\/es\/nuestro-apostolado-con-los-negros\/#respond\"]}]},{\"@type\":\"WebPage\",\"@id\":\"http:\/\/vincentians.com\/es\/nuestro-apostolado-con-los-negros\/\",\"url\":\"http:\/\/vincentians.com\/es\/nuestro-apostolado-con-los-negros\/\",\"name\":\"Nuestro apostolado con los negros - Somos Vicencianos\",\"isPartOf\":{\"@id\":\"http:\/\/vincentians.com\/es\/#website\"},\"primaryImageOfPage\":{\"@id\":\"http:\/\/vincentians.com\/es\/nuestro-apostolado-con-los-negros\/#primaryimage\"},\"image\":{\"@id\":\"http:\/\/vincentians.com\/es\/nuestro-apostolado-con-los-negros\/#primaryimage\"},\"thumbnailUrl\":\"\",\"datePublished\":\"2015-03-26T23:30:46+00:00\",\"dateModified\":\"2016-07-26T07:44:29+00:00\",\"breadcrumb\":{\"@id\":\"http:\/\/vincentians.com\/es\/nuestro-apostolado-con-los-negros\/#breadcrumb\"},\"inLanguage\":\"es\",\"potentialAction\":[{\"@type\":\"ReadAction\",\"target\":[\"http:\/\/vincentians.com\/es\/nuestro-apostolado-con-los-negros\/\"]}]},{\"@type\":\"ImageObject\",\"inLanguage\":\"es\",\"@id\":\"http:\/\/vincentians.com\/es\/nuestro-apostolado-con-los-negros\/#primaryimage\",\"url\":\"\",\"contentUrl\":\"\"},{\"@type\":\"BreadcrumbList\",\"@id\":\"http:\/\/vincentians.com\/es\/nuestro-apostolado-con-los-negros\/#breadcrumb\",\"itemListElement\":[{\"@type\":\"ListItem\",\"position\":1,\"name\":\"Portada\",\"item\":\"http:\/\/vincentians.com\/es\/\"},{\"@type\":\"ListItem\",\"position\":2,\"name\":\"Nuestro apostolado con los negros\"}]},{\"@type\":\"WebSite\",\"@id\":\"http:\/\/vincentians.com\/es\/#website\",\"url\":\"http:\/\/vincentians.com\/es\/\",\"name\":\"Somos Vicencianos\",\"description\":\"Know more to serve more\",\"publisher\":{\"@id\":\"http:\/\/vincentians.com\/es\/#organization\"},\"potentialAction\":[{\"@type\":\"SearchAction\",\"target\":{\"@type\":\"EntryPoint\",\"urlTemplate\":\"http:\/\/vincentians.com\/es\/?s={search_term_string}\"},\"query-input\":{\"@type\":\"PropertyValueSpecification\",\"valueRequired\":true,\"valueName\":\"search_term_string\"}}],\"inLanguage\":\"es\"},{\"@type\":\"Organization\",\"@id\":\"http:\/\/vincentians.com\/es\/#organization\",\"name\":\"The Vincentian Network\",\"url\":\"http:\/\/vincentians.com\/es\/\",\"logo\":{\"@type\":\"ImageObject\",\"inLanguage\":\"es\",\"@id\":\"http:\/\/vincentians.com\/es\/#\/schema\/logo\/image\/\",\"url\":\"https:\/\/i1.wp.com\/vincentians.com\/es\/wp-content\/uploads\/sites\/11\/2016\/06\/Vincentian-Network-logo-big.png?fit=778%2C778\",\"contentUrl\":\"https:\/\/i1.wp.com\/vincentians.com\/es\/wp-content\/uploads\/sites\/11\/2016\/06\/Vincentian-Network-logo-big.png?fit=778%2C778\",\"width\":778,\"height\":778,\"caption\":\"The Vincentian Network\"},\"image\":{\"@id\":\"http:\/\/vincentians.com\/es\/#\/schema\/logo\/image\/\"},\"sameAs\":[\"https:\/\/www.facebook.com\/WeAreVincentians\/\",\"https:\/\/x.com\/WeVincentians\"]},{\"@type\":\"Person\",\"@id\":\"http:\/\/vincentians.com\/es\/#\/schema\/person\/9623ef4d9aa3b2dfb8c061f1499288f2\",\"name\":\"Francisco Javier Fern\u00e1ndez Chento\",\"image\":{\"@type\":\"ImageObject\",\"inLanguage\":\"es\",\"@id\":\"http:\/\/vincentians.com\/es\/#\/schema\/person\/image\/\",\"url\":\"https:\/\/secure.gravatar.com\/avatar\/497d5cde87b4c3d097d0315953521681ba2cd523ee66e5077c3711f7021e65de?s=96&d=mm&r=g\",\"contentUrl\":\"https:\/\/secure.gravatar.com\/avatar\/497d5cde87b4c3d097d0315953521681ba2cd523ee66e5077c3711f7021e65de?s=96&d=mm&r=g\",\"caption\":\"Francisco Javier Fern\u00e1ndez Chento\"},\"description\":\"Director General y cofundador de La Red de Formaci\u00f3n Vicenciana. Javier es laico vicenciano, afiliado a la Congregaci\u00f3n de la Misi\u00f3n y miembro del Equipo de Misiones Populares de la provincia can\u00f3nica de Zaragoza (Espa\u00f1a) de la Congregaci\u00f3n de la Misi\u00f3n. Graduado en la Universidad Oberta de Catalunya con cuatro grados (Asistente de direcci\u00f3n, Gesti\u00f3n Administrativa, Recursos Humanos y Contabilidad Avanzada). Bil\u00edng\u00fce Espa\u00f1ol\/Ingl\u00e9s. gestiona y mantiene varias p\u00e1ginas web cristianas y vicencianas, incluida including La Red de Formaci\u00f3n Vicenciana, de la que es cofundador. Actualmente es responsable del \u00e1rea de Espa\u00f1ol de .famvin, la Red de Noticias de la Familia Vicenciana. Tambi\u00e9n es m\u00fasico cat\u00f3lico y ha editado varios discos. Es Director General y cofundador de Trovador, una reconocida compa\u00f1\u00eda discogr\u00e1fica critiana de Espa\u00f1a. Trabaja en las Tecnolog\u00edas de la Informaci\u00f3n, ofreciendo servicios de alojamiento, dise\u00f1o y mantenimiento Web, as\u00ed como asesoramiento, formaci\u00f3n y soluciones inform\u00e1ticas, gesti\u00f3n documental y digitalizaci\u00f3n de textos, edici\u00f3n y maquetaci\u00f3n de libros, revistas, flyers, etc.\",\"sameAs\":[\"http:\/\/chento.org\",\"https:\/\/www.facebook.com\/JavierChento\",\"https:\/\/x.com\/https:\/\/twitter.com\/javierchento\"],\"url\":\"http:\/\/vincentians.com\/es\/author\/chento\/\"}]}<\/script>\n<!-- \/ Yoast SEO plugin. -->","yoast_head_json":{"title":"Nuestro apostolado con los negros - Somos Vicencianos","robots":{"index":"index","follow":"follow","max-snippet":"max-snippet:-1","max-image-preview":"max-image-preview:large","max-video-preview":"max-video-preview:-1"},"canonical":"http:\/\/vincentians.com\/es\/nuestro-apostolado-con-los-negros\/","og_locale":"es_ES","og_type":"article","og_title":"Nuestro apostolado con los negros - Somos Vicencianos","og_description":"Podr\u00edase sospechar que al hablar de nuestro Apostolado con los Negros comenzar\u00edamos tejiendo el relato de los diversos servicios vicencianos, que, a lo ancho de los Estados Unidos tienen como objetivo primordial la comunidad Negra. ... Read More","og_url":"http:\/\/vincentians.com\/es\/nuestro-apostolado-con-los-negros\/","og_site_name":"Somos Vicencianos","article_publisher":"https:\/\/www.facebook.com\/WeAreVincentians\/","article_author":"https:\/\/www.facebook.com\/JavierChento","article_published_time":"2015-03-26T23:30:46+00:00","article_modified_time":"2016-07-26T07:44:29+00:00","author":"Francisco Javier Fern\u00e1ndez Chento","twitter_card":"summary_large_image","twitter_creator":"@https:\/\/twitter.com\/javierchento","twitter_site":"@WeVincentians","twitter_misc":{"Escrito por":"Francisco Javier Fern\u00e1ndez Chento","Tiempo de lectura":"13 minutos"},"schema":{"@context":"https:\/\/schema.org","@graph":[{"@type":"Article","@id":"http:\/\/vincentians.com\/es\/nuestro-apostolado-con-los-negros\/#article","isPartOf":{"@id":"http:\/\/vincentians.com\/es\/nuestro-apostolado-con-los-negros\/"},"author":{"name":"Francisco Javier Fern\u00e1ndez Chento","@id":"http:\/\/vincentians.com\/es\/#\/schema\/person\/9623ef4d9aa3b2dfb8c061f1499288f2"},"headline":"Nuestro apostolado con los negros","datePublished":"2015-03-26T23:30:46+00:00","dateModified":"2016-07-26T07:44:29+00:00","mainEntityOfPage":{"@id":"http:\/\/vincentians.com\/es\/nuestro-apostolado-con-los-negros\/"},"wordCount":2602,"commentCount":0,"publisher":{"@id":"http:\/\/vincentians.com\/es\/#organization"},"image":{"@id":"http:\/\/vincentians.com\/es\/nuestro-apostolado-con-los-negros\/#primaryimage"},"thumbnailUrl":"","keywords":["Pobreza"],"articleSection":["Congregaci\u00f3n de la Misi\u00f3n"],"inLanguage":"es","potentialAction":[{"@type":"CommentAction","name":"Comment","target":["http:\/\/vincentians.com\/es\/nuestro-apostolado-con-los-negros\/#respond"]}]},{"@type":"WebPage","@id":"http:\/\/vincentians.com\/es\/nuestro-apostolado-con-los-negros\/","url":"http:\/\/vincentians.com\/es\/nuestro-apostolado-con-los-negros\/","name":"Nuestro apostolado con los negros - Somos Vicencianos","isPartOf":{"@id":"http:\/\/vincentians.com\/es\/#website"},"primaryImageOfPage":{"@id":"http:\/\/vincentians.com\/es\/nuestro-apostolado-con-los-negros\/#primaryimage"},"image":{"@id":"http:\/\/vincentians.com\/es\/nuestro-apostolado-con-los-negros\/#primaryimage"},"thumbnailUrl":"","datePublished":"2015-03-26T23:30:46+00:00","dateModified":"2016-07-26T07:44:29+00:00","breadcrumb":{"@id":"http:\/\/vincentians.com\/es\/nuestro-apostolado-con-los-negros\/#breadcrumb"},"inLanguage":"es","potentialAction":[{"@type":"ReadAction","target":["http:\/\/vincentians.com\/es\/nuestro-apostolado-con-los-negros\/"]}]},{"@type":"ImageObject","inLanguage":"es","@id":"http:\/\/vincentians.com\/es\/nuestro-apostolado-con-los-negros\/#primaryimage","url":"","contentUrl":""},{"@type":"BreadcrumbList","@id":"http:\/\/vincentians.com\/es\/nuestro-apostolado-con-los-negros\/#breadcrumb","itemListElement":[{"@type":"ListItem","position":1,"name":"Portada","item":"http:\/\/vincentians.com\/es\/"},{"@type":"ListItem","position":2,"name":"Nuestro apostolado con los negros"}]},{"@type":"WebSite","@id":"http:\/\/vincentians.com\/es\/#website","url":"http:\/\/vincentians.com\/es\/","name":"Somos Vicencianos","description":"Know more to serve more","publisher":{"@id":"http:\/\/vincentians.com\/es\/#organization"},"potentialAction":[{"@type":"SearchAction","target":{"@type":"EntryPoint","urlTemplate":"http:\/\/vincentians.com\/es\/?s={search_term_string}"},"query-input":{"@type":"PropertyValueSpecification","valueRequired":true,"valueName":"search_term_string"}}],"inLanguage":"es"},{"@type":"Organization","@id":"http:\/\/vincentians.com\/es\/#organization","name":"The Vincentian Network","url":"http:\/\/vincentians.com\/es\/","logo":{"@type":"ImageObject","inLanguage":"es","@id":"http:\/\/vincentians.com\/es\/#\/schema\/logo\/image\/","url":"https:\/\/i1.wp.com\/vincentians.com\/es\/wp-content\/uploads\/sites\/11\/2016\/06\/Vincentian-Network-logo-big.png?fit=778%2C778","contentUrl":"https:\/\/i1.wp.com\/vincentians.com\/es\/wp-content\/uploads\/sites\/11\/2016\/06\/Vincentian-Network-logo-big.png?fit=778%2C778","width":778,"height":778,"caption":"The Vincentian Network"},"image":{"@id":"http:\/\/vincentians.com\/es\/#\/schema\/logo\/image\/"},"sameAs":["https:\/\/www.facebook.com\/WeAreVincentians\/","https:\/\/x.com\/WeVincentians"]},{"@type":"Person","@id":"http:\/\/vincentians.com\/es\/#\/schema\/person\/9623ef4d9aa3b2dfb8c061f1499288f2","name":"Francisco Javier Fern\u00e1ndez Chento","image":{"@type":"ImageObject","inLanguage":"es","@id":"http:\/\/vincentians.com\/es\/#\/schema\/person\/image\/","url":"https:\/\/secure.gravatar.com\/avatar\/497d5cde87b4c3d097d0315953521681ba2cd523ee66e5077c3711f7021e65de?s=96&d=mm&r=g","contentUrl":"https:\/\/secure.gravatar.com\/avatar\/497d5cde87b4c3d097d0315953521681ba2cd523ee66e5077c3711f7021e65de?s=96&d=mm&r=g","caption":"Francisco Javier Fern\u00e1ndez Chento"},"description":"Director General y cofundador de La Red de Formaci\u00f3n Vicenciana. Javier es laico vicenciano, afiliado a la Congregaci\u00f3n de la Misi\u00f3n y miembro del Equipo de Misiones Populares de la provincia can\u00f3nica de Zaragoza (Espa\u00f1a) de la Congregaci\u00f3n de la Misi\u00f3n. Graduado en la Universidad Oberta de Catalunya con cuatro grados (Asistente de direcci\u00f3n, Gesti\u00f3n Administrativa, Recursos Humanos y Contabilidad Avanzada). Bil\u00edng\u00fce Espa\u00f1ol\/Ingl\u00e9s. gestiona y mantiene varias p\u00e1ginas web cristianas y vicencianas, incluida including La Red de Formaci\u00f3n Vicenciana, de la que es cofundador. Actualmente es responsable del \u00e1rea de Espa\u00f1ol de .famvin, la Red de Noticias de la Familia Vicenciana. Tambi\u00e9n es m\u00fasico cat\u00f3lico y ha editado varios discos. Es Director General y cofundador de Trovador, una reconocida compa\u00f1\u00eda discogr\u00e1fica critiana de Espa\u00f1a. Trabaja en las Tecnolog\u00edas de la Informaci\u00f3n, ofreciendo servicios de alojamiento, dise\u00f1o y mantenimiento Web, as\u00ed como asesoramiento, formaci\u00f3n y soluciones inform\u00e1ticas, gesti\u00f3n documental y digitalizaci\u00f3n de textos, edici\u00f3n y maquetaci\u00f3n de libros, revistas, flyers, etc.","sameAs":["http:\/\/chento.org","https:\/\/www.facebook.com\/JavierChento","https:\/\/x.com\/https:\/\/twitter.com\/javierchento"],"url":"http:\/\/vincentians.com\/es\/author\/chento\/"}]}},"jetpack_publicize_connections":[],"jetpack_featured_media_url":"","jetpack_sharing_enabled":true,"jetpack_shortlink":"https:\/\/wp.me\/p7ETMF-eS6","jetpack-related-posts":[{"id":387816,"url":"http:\/\/vincentians.com\/es\/espiritu-de-jesus-espiritu-de-la-familia-vicenciana\/","url_meta":{"origin":57170,"position":0},"title":"Esp\u00edritu de Jes\u00fas, esp\u00edritu de la Familia Vicenciana","author":"Mitxel Olabu\u00e9naga","date":"14\/09\/2016","format":false,"excerpt":"El Esp\u00edritu de Jes\u00fas es el Esp\u00ed\u00adritu Santo, Se\u00f1or y dador de vida, trasmitido a los cristianos por la participaci\u00f3n en la misi\u00f3n sacerdotal de Jesucristo. Pero se en\u00adtiende tambi\u00e9n por esp\u00edritu de Jes\u00fas un talante o estilo de vida que le distingue de los maestros de la Ley. Jes\u00fas\u2026","rel":"","context":"En \u00abFormaci\u00f3n Vicenciana sin categorizar\u00bb","block_context":{"text":"Formaci\u00f3n Vicenciana sin categorizar","link":"http:\/\/vincentians.com\/es\/category\/formacion-vicenciana\/formacion-vicenciana-sin-categorizar\/"},"img":{"alt_text":"","src":"https:\/\/i0.wp.com\/vincentians.com\/es\/wp-content\/uploads\/sites\/11\/2016\/09\/espiritu-de-jesus.jpg?fit=1200%2C630&resize=350%2C200","width":350,"height":200,"srcset":"https:\/\/i0.wp.com\/vincentians.com\/es\/wp-content\/uploads\/sites\/11\/2016\/09\/espiritu-de-jesus.jpg?fit=1200%2C630&resize=350%2C200 1x, https:\/\/i0.wp.com\/vincentians.com\/es\/wp-content\/uploads\/sites\/11\/2016\/09\/espiritu-de-jesus.jpg?fit=1200%2C630&resize=525%2C300 1.5x, https:\/\/i0.wp.com\/vincentians.com\/es\/wp-content\/uploads\/sites\/11\/2016\/09\/espiritu-de-jesus.jpg?fit=1200%2C630&resize=700%2C400 2x, https:\/\/i0.wp.com\/vincentians.com\/es\/wp-content\/uploads\/sites\/11\/2016\/09\/espiritu-de-jesus.jpg?fit=1200%2C630&resize=1050%2C600 3x"},"classes":[]},{"id":140316,"url":"http:\/\/vincentians.com\/es\/comunidad-fraterna-para-la-mision\/","url_meta":{"origin":57170,"position":1},"title":"Comunidad fraterna para la Misi\u00f3n","author":"Francisco Javier Fern\u00e1ndez Chento","date":"21\/02\/2015","format":false,"excerpt":"\u00abNo me elegisteis vosotros a m\u00ed, fui yo quien os eleg\u00ed \u00ada vosotros y os destin\u00e9 a que os pong\u00e1is en camino y d\u00e9is fruto, y un fruto que dure\u00bb. (Jn 15,16). \u00abSan Vicente reuni\u00f3 dentro de la Iglesia a algunos compa\u00f1eros, para que llevando una nueva forma de vida\u2026","rel":"","context":"En \u00abEspiritualidad vicenciana\u00bb","block_context":{"text":"Espiritualidad vicenciana","link":"http:\/\/vincentians.com\/es\/category\/espiritualidad\/espiritualidad-vicenciana\/"},"img":{"alt_text":"comunidad_fratrerna","src":"https:\/\/i0.wp.com\/vicencianos.org\/wp-content\/2015\/02\/comunidad_fratrerna-300x219.jpg?resize=350%2C200","width":350,"height":200},"classes":[]},{"id":399992,"url":"http:\/\/vincentians.com\/es\/carisma-vicenciano-la-nueva-evangelizacion-algunas-claves-vicencianas-la-evangelizacion-actual\/","url_meta":{"origin":57170,"position":2},"title":"El Carisma Vicenciano y la Nueva Evangelizaci\u00f3n: algunas claves vicencianas para la evangelizaci\u00f3n actual","author":"Francisco Javier Fern\u00e1ndez Chento","date":"16\/09\/2016","format":false,"excerpt":"Punto de partida: Confrontaci\u00f3n entre el Ser y el Quehacer Con frecuencia, en nuestros encuentros, convivencias, reuniones, asambleas... nos planteamos dos cuestiones relativas al ser y al quehacer vicencianos. Partimos de dos percepciones: por un lado, todos estamos de acuerdo en que el carisma, el ser, la identidad, el sello\u2026","rel":"","context":"En \u00abFormaci\u00f3n Vicenciana\u00bb","block_context":{"text":"Formaci\u00f3n Vicenciana","link":"http:\/\/vincentians.com\/es\/category\/formacion-vicenciana\/"},"img":{"alt_text":"","src":"https:\/\/i0.wp.com\/vincentians.com\/es\/wp-content\/uploads\/sites\/11\/2016\/09\/enviados-evangelizar-pobres.jpg?fit=1200%2C630&resize=350%2C200","width":350,"height":200,"srcset":"https:\/\/i0.wp.com\/vincentians.com\/es\/wp-content\/uploads\/sites\/11\/2016\/09\/enviados-evangelizar-pobres.jpg?fit=1200%2C630&resize=350%2C200 1x, https:\/\/i0.wp.com\/vincentians.com\/es\/wp-content\/uploads\/sites\/11\/2016\/09\/enviados-evangelizar-pobres.jpg?fit=1200%2C630&resize=525%2C300 1.5x, https:\/\/i0.wp.com\/vincentians.com\/es\/wp-content\/uploads\/sites\/11\/2016\/09\/enviados-evangelizar-pobres.jpg?fit=1200%2C630&resize=700%2C400 2x, https:\/\/i0.wp.com\/vincentians.com\/es\/wp-content\/uploads\/sites\/11\/2016\/09\/enviados-evangelizar-pobres.jpg?fit=1200%2C630&resize=1050%2C600 3x"},"classes":[]},{"id":126479,"url":"http:\/\/vincentians.com\/es\/el-laicado-vicenciano-a-la-luz-del-vaticano-ii\/","url_meta":{"origin":57170,"position":3},"title":"El Laicado Vicenciano a la luz del Vaticano II","author":"Francisco Javier Fern\u00e1ndez Chento","date":"26\/08\/2019","format":false,"excerpt":"De entrada, confieso mi rubor y mi atrevimiento. Porque soy consciente de que puedo caer en la sempiterna tentaci\u00f3n del t\u00edpico cl\u00e9rigo que, desde las alambradas del dogmatismo, se permite adoctrinar a los \"pobrecitos\" laicos, como si ellos no fueran mayores de edad y protagonis\u00adtas de su compromiso vital. Sin\u2026","rel":"","context":"En \u00abFormaci\u00f3n Vicenciana\u00bb","block_context":{"text":"Formaci\u00f3n Vicenciana","link":"http:\/\/vincentians.com\/es\/category\/formacion-vicenciana\/"},"img":{"alt_text":"","src":"https:\/\/i0.wp.com\/vincentians.com\/es\/wp-content\/uploads\/sites\/11\/2016\/09\/vincentian-missionarie.jpg?fit=846%2C444&resize=350%2C200","width":350,"height":200,"srcset":"https:\/\/i0.wp.com\/vincentians.com\/es\/wp-content\/uploads\/sites\/11\/2016\/09\/vincentian-missionarie.jpg?fit=846%2C444&resize=350%2C200 1x, https:\/\/i0.wp.com\/vincentians.com\/es\/wp-content\/uploads\/sites\/11\/2016\/09\/vincentian-missionarie.jpg?fit=846%2C444&resize=525%2C300 1.5x, https:\/\/i0.wp.com\/vincentians.com\/es\/wp-content\/uploads\/sites\/11\/2016\/09\/vincentian-missionarie.jpg?fit=846%2C444&resize=700%2C400 2x"},"classes":[]},{"id":122934,"url":"http:\/\/vincentians.com\/es\/introduccion-a-la-espiritualidad-vicenciana-laical\/","url_meta":{"origin":57170,"position":4},"title":"Introducci\u00f3n a la espiritualidad vicenciana laical","author":"Francisco Javier Fern\u00e1ndez Chento","date":"24\/06\/2015","format":false,"excerpt":"1. Lo que pretendo De momento, en este trabajo, no pretendo ofre\u00adcer un tratado perfecto y acabado de la espiritua\u00adlidad vicenciana laical, sino m\u00e1s bien asentar unos principios a modo de introducci\u00f3n. El pro\u00adyecto es ofrecer algunos criterios que puedan ayudar al laico vicenciano a vivir su condici\u00f3n de cristiano,\u2026","rel":"","context":"En \u00abEspiritualidad vicenciana\u00bb","block_context":{"text":"Espiritualidad vicenciana","link":"http:\/\/vincentians.com\/es\/category\/espiritualidad\/espiritualidad-vicenciana\/"},"img":{"alt_text":"sanvi_famvi","src":"https:\/\/i0.wp.com\/vicencianos.org\/wp-content\/2010\/12\/sanvi_famvi-300x296.jpg?resize=350%2C200","width":350,"height":200},"classes":[]},{"id":398637,"url":"http:\/\/vincentians.com\/es\/aportacion-del-carisma-vicenciano-la-mision-la-iglesia-1\/","url_meta":{"origin":57170,"position":5},"title":"Aportaci\u00f3n del carisma vicenciano a la Misi\u00f3n de la Iglesia (1)","author":"Francisco Javier Fern\u00e1ndez Chento","date":"04\/08\/2016","format":false,"excerpt":"Introducci\u00f3n: Al reflexionar sobre la aportaci\u00f3n del carisma vicenciano a la Misi\u00f3n de la Iglesia, me parece necesario formular previamente algunas precisiones. 1.- Cuando hablamos de carisma vicenciano, nos referimos al don del Esp\u00edritu suscitado por Dios en su Iglesia en las personas de Vicente de Pa\u00fal y de Luisa\u2026","rel":"","context":"En \u00abFormaci\u00f3n Vicenciana\u00bb","block_context":{"text":"Formaci\u00f3n Vicenciana","link":"http:\/\/vincentians.com\/es\/category\/formacion-vicenciana\/"},"img":{"alt_text":"","src":"https:\/\/i0.wp.com\/vincentians.com\/es\/wp-content\/uploads\/sites\/11\/2016\/06\/contributions-charism.jpg?fit=1200%2C630&resize=350%2C200","width":350,"height":200,"srcset":"https:\/\/i0.wp.com\/vincentians.com\/es\/wp-content\/uploads\/sites\/11\/2016\/06\/contributions-charism.jpg?fit=1200%2C630&resize=350%2C200 1x, https:\/\/i0.wp.com\/vincentians.com\/es\/wp-content\/uploads\/sites\/11\/2016\/06\/contributions-charism.jpg?fit=1200%2C630&resize=525%2C300 1.5x, https:\/\/i0.wp.com\/vincentians.com\/es\/wp-content\/uploads\/sites\/11\/2016\/06\/contributions-charism.jpg?fit=1200%2C630&resize=700%2C400 2x, https:\/\/i0.wp.com\/vincentians.com\/es\/wp-content\/uploads\/sites\/11\/2016\/06\/contributions-charism.jpg?fit=1200%2C630&resize=1050%2C600 3x"},"classes":[]}],"_links":{"self":[{"href":"http:\/\/vincentians.com\/es\/wp-json\/wp\/v2\/posts\/57170","targetHints":{"allow":["GET"]}}],"collection":[{"href":"http:\/\/vincentians.com\/es\/wp-json\/wp\/v2\/posts"}],"about":[{"href":"http:\/\/vincentians.com\/es\/wp-json\/wp\/v2\/types\/post"}],"author":[{"embeddable":true,"href":"http:\/\/vincentians.com\/es\/wp-json\/wp\/v2\/users\/4"}],"replies":[{"embeddable":true,"href":"http:\/\/vincentians.com\/es\/wp-json\/wp\/v2\/comments?post=57170"}],"version-history":[{"count":0,"href":"http:\/\/vincentians.com\/es\/wp-json\/wp\/v2\/posts\/57170\/revisions"}],"wp:featuredmedia":[{"embeddable":true,"href":"http:\/\/vincentians.com\/es\/wp-json\/"}],"wp:attachment":[{"href":"http:\/\/vincentians.com\/es\/wp-json\/wp\/v2\/media?parent=57170"}],"wp:term":[{"taxonomy":"category","embeddable":true,"href":"http:\/\/vincentians.com\/es\/wp-json\/wp\/v2\/categories?post=57170"},{"taxonomy":"post_tag","embeddable":true,"href":"http:\/\/vincentians.com\/es\/wp-json\/wp\/v2\/tags?post=57170"}],"curies":[{"name":"wp","href":"https:\/\/api.w.org\/{rel}","templated":true}]}}