{"id":56678,"date":"2011-12-20T03:30:07","date_gmt":"2011-12-20T02:30:07","guid":{"rendered":"http:\/\/somos.vicencianos.org\/blog\/2011\/12\/misiones-populares-en-la-provincia-canonica-de-salamanca-2010-2011\/"},"modified":"2011-12-20T03:30:07","modified_gmt":"2011-12-20T02:30:07","slug":"misiones-populares-en-la-provincia-canonica-de-salamanca-2010-2011","status":"publish","type":"post","link":"http:\/\/vincentians.com\/es\/misiones-populares-en-la-provincia-canonica-de-salamanca-2010-2011\/","title":{"rendered":"Misiones populares en la provincia can\u00f3nica de Salamanca, 2010-2011"},"content":{"rendered":"<p>La Nueva Evangelizaci\u00f3n avanza, no tiene t\u00e9rmino, y las Misiones Populares est\u00e1n al servicio de la misma evangelizaci\u00f3n, siendo adem\u00e1s su raz\u00f3n de ser. Por eso, no sin dificultades, hemos seguido \u00abmisionando\u00bb durante el Curso 2010 &#8211; 2011.<\/p>\n<p>El actual Equipo misionero de la Provincia de Salamanca, compuesto por los PP. Pedro Pascual, Antonio Villar y Fabriciano Prado, experimenta en alto grado la limitaci\u00f3n de las energ\u00edas f\u00edsicas y, por ello, viene reclamando un adecuado refuerzo y un digno relevo. Ya lo dej\u00f3 escrito el poeta Homero: <em>La vida de los hombres es como la de las hojas; cuando una generaci\u00f3n brota, otra declina.<\/em><\/p>\n<h2><strong>Hacia la Configuraci\u00f3n del Equipo Interprovincial<\/strong><\/h2>\n<p>Prefiero comenzar por este Apartado, pues consideramos primordial seguir dando pasos en este camino iniciado. Ponderar ahora su importancia y su oportunidad ser\u00eda como querer \u00abense\u00f1ar el Padrenuestro al Vicario\u00bb. Tenemos ya una l\u00ednea marcada y unos puentes tendidos y un proceso en marcha. Como es sabido (Cfr. Anales, nov.-dic. 2010, p\u00e1ginas 799-800), los Visitadores de las cuatro Provincias de Espa\u00f1a, con sus respectivos Consejos, nos pidieron a los directores de Misiones una reflexi\u00f3n sobre el Tema. Para ello, en Junio de 2010, nos reunimos el P. Jos\u00e9 Luis L\u00f3pez Gallardo (Prov. Barcelona), P. Jos\u00e9 Luis Castillo (Prov. Madrid) y P. Fabriciano Prado (Prov. Salamanca). Fruto de aquel encuentro fue la elaboraci\u00f3n del <strong>Documento 0, <\/strong>que pas\u00f3 a la Agenda de los Visitadores para su estudio. Posteriormente, el 16 de Enero de 2011, tuvo lugar otra Reuni\u00f3n conjunta de Visitadores y Directores, en la que se aclararon dudas, se concretaron algunos aspectos y se plante\u00f3 la conveniencia de presentar este sugerente Proyecto en diversos Foros vicencianos. He aqu\u00ed el ofrecido a la Coordinadora Vicenciana.<\/p>\n<p><em>Dicha Coordinadora est\u00e1 formada por<\/em>:<\/p>\n<ul>\n<li>P. Eblerino Diez (Congregaci\u00f3n de la Misi\u00f3n)<\/li>\n<li>Sor M\u00aa Soledad Garc\u00eda (Hijas de la Caridad)<\/li>\n<li>Roberto S\u00e1nchez (SSVP)<\/li>\n<li>M\u00aa Carmen G\u00f3mez (AIC)<\/li>\n<li>Irune Fern\u00e1ndez (JMV)<\/li>\n<li>M\u00aa \u00c1ngeles Esteban (AMM)<\/li>\n<li>Juana Ortiz (MISEVI).<\/li>\n<\/ul>\n<p>El d\u00eda 29 de Enero de 2011, en la Sede de la A. I. C., en Madrid, present\u00e9 -en nombre de los Visitadores de Barcelona, Madrid y Salamanca, como tambi\u00e9n en nombre de los Directores de Misiones Populares de dichas Provincias- un Informe sobre el ministerio de las Misiones Populares, obra fundante de la Congregaci\u00f3n de la Misi\u00f3n. He aqu\u00ed una S\u00edntesis escrita de lo all\u00ed expuesto de viva voz en un ambiente familiar y gozoso.<\/p>\n<p><em>Los tres Visitadores y sus respectivos Consejos Provinciales nos pidieron a los Directores de Misiones un estudio sobre la proyectada creaci\u00f3n de un Equipo Interprovincial de Misiones. Dimos una primera respuesta a este ilusionante reto, elaborando un Directorio-Documento 0, sobre el que reflexionamos los Visitadores y Directores en la Reuni\u00f3n del 16-I-2011. No participaron los representantes de la Provincia de Zaragoza, pero cuando decidan unirse ser\u00e1n recibidos con los brazos abiertos. Por ahora, seguir\u00e1n colaborando en momentos puntuales.<\/em><\/p>\n<p><em>En dicho Borrador se habla de qui\u00e9nes van a constituir tanto la Comisi\u00f3n Coordinadora como el Equipo Interprovincial. Forma de la designaci\u00f3n de responsables, competencias, formaci\u00f3n espec\u00edfica, secretariado, otros colaboradores, econom\u00eda, planificaci\u00f3n de Calendarios, plazos de revisi\u00f3n, etc. Conscientes de que estamos todav\u00eda en el Documento 0, aparecen ya algunos puntos concretos, a saber:<\/em><\/p>\n<p><em>La Comisi\u00f3n Coordinadora estar\u00e1 formada por un miembro de cada una de las Provincias que caminan hacia la reconfiguraci\u00f3n, nombrado por su correspondiente Visitador. <\/em><\/p>\n<p><em>El Equipo Interprovincial estar\u00e1 formado por:<\/em><\/p>\n<ul>\n<li>Los miembros de la Comisi\u00f3n Coordinadora.<\/li>\n<li>Tres Pa\u00fales m\u00e1s, nombrados por los Visitadores.<\/li>\n<li>Dos Hijas de la Caridad, designadas por las Visitadoras.<\/li>\n<li>Dos miembros de J. M. V. designados por el Consejo Nacional deJMV.<\/li>\n<li>Otros miembros de la Familia Vicenciana que se ir\u00edan incorporando progresivamente y dependiendo de su vinculaci\u00f3n con el Equipo (AIC, SSVP, AMM, MISEVI&#8230;).<\/li>\n<li>Tambi\u00e9n se habla del modo de designar al Responsable, Secretario, Tesorero, Colaboradores, etc.<\/li>\n<\/ul>\n<p>El Proyecto misionero que venimos ofertando desde hace a\u00f1os ha sido v\u00e1lido, pero ahora aparece un tanto obsoleto en algunos aspectos. Por eso, queremos sentarnos, detenernos un poco para, entre todos, actualizar el material de apoyo, reorientar Objetivos, reflexionar sobre las din\u00e1micas, los nuevos lenguajes, las metodolog\u00edas, etc., para no crear falsas expectativas. \u00abLas fuerzas que se asocian para el bien, no se suman, se multiplican<em>\u00ab. <\/em>(Concepci\u00f3n Arenal).<\/p>\n<p>Creemos que puede ser uno de <strong>esos Proyectos comunes <\/strong>en los que la Familia Vicenciana estar\u00eda llamada a dar pasos significativos. Respetando siempre la identidad de cada Movimiento. Tenemos necesidad no s\u00f3lo de trabajar juntos, sino tambi\u00e9n de planificar juntos y de formarnos juntos y de orar juntos. Aspiramos a m\u00e1s uni\u00f3n y a una mayor implicaci\u00f3n. Es una apuesta por la <strong>Misi\u00f3n compartida <\/strong>y un proyecto audaz, porque adem\u00e1s del ministerio de las Misiones Populares, pueden y deben tener cabida otras plataformas de evangelizaci\u00f3n.<\/p>\n<p>Nuestro deseo es el de ofrecer este Proyecto misionero conjunto, como una propuesta, una oferta respetuosa, y exponerlo tambi\u00e9n en otros Foros. Os agradecemos que teng\u00e1is a bien informar a vuestros respectivos Movimientos y nos comuniqu\u00e9is tan pronto como sea posible vuestras valoraciones y sugerencias.<\/p>\n<p>Creemos que la Misi\u00f3n Popular tiene futuro y contin\u00faa siendo una respuesta v\u00e1lida y eficaz para las Parroquias comprometidas en la renovaci\u00f3n pastoral. Para muchas personas es un buen medio para renovarse en la fe y lanzarse al apostolado. No es la panacea, pero es una apuesta seria que merece la pena. Anim\u00e9monos a <em>\u00abextraer la sabidur\u00eda de nuestra historia de familia<\/em>\u00bb (P. Robert Maloney, c.m.). Muchas gracias. <em>Fabriciano Prado, c. m.<\/em><\/p>\n<p>La exposici\u00f3n de este Proyecto provoc\u00f3 en la Coordinadora Vicenciana buenas vibraciones y una magn\u00edfica acogida. Como un \u00abrempujoncito\u00bb para encender m\u00e1s luces y para abrir nuevas puertas.<\/p>\n<p>Con el paso de los meses, varias Ramas vicencianas ya han dado una respuesta positiva y han propuesto nombres para formar parte del futuro Equipo Interprovincial. En consecuencia, las dificultades por las que atravesamos en la potenciaci\u00f3n del ministerio de las Misiones Populares pueden convertirse en una oportunidad para la renovaci\u00f3n y el cambio.<\/p>\n<h2><strong>Algunas misiones <\/strong><\/h2>\n<p><strong>Barrio de El Naranjo. C\u00f3rdoba<\/strong><\/p>\n<p><strong> <\/strong>Esta Parroquia de Santa Victoria, regentada por el sacerdote D. Manuel Navarro, fue misionada en Marzo de 2006. Fue adem\u00e1s la \u00faltima Misi\u00f3n en la tierra del inolvidable P. Juanmi, ya que al mes siguiente era llamado a la \u00abMisi\u00f3n del Cielo\u00bb. Desde all\u00ed nos protege y sigue con nosotros.<\/p>\n<p>Todos los a\u00f1os, tambi\u00e9n \u00e9ste, hemos vuelto para la Renovaci\u00f3n de la Misi\u00f3n. A lo largo de la primera semana de noviembre de 2010, la renovaci\u00f3n se centr\u00f3 principalmente en los j\u00f3venes, en vistas a las Jornadas de la JMJ, En Madrid, para Agosto de 2011. El P. Jos\u00e9 Luis Castillo fue el animador incansable de las actividades juveniles y a\u00fan encontr\u00f3 tiempo para reunirse con los Catequistas, los Animadores y los Due\u00f1os de Casa. Fueron seis d\u00edas de mucha creatividad y de movilizaci\u00f3n espiritual y de entrega a Dios.<\/p>\n<p><strong>Carballi\u00f1o (Ourense)<\/strong><\/p>\n<p><strong> <\/strong>Carballi\u00f1o, con sus 7.500 habitantes y con su afamada estaci\u00f3n balnearia, fue misionado en Octubre del a\u00f1o 2000. Desde entonces, a\u00f1o tras a\u00f1o, ininterrumpidamente, tiene lugar, durante cinco o seis d\u00edas, la Renovaci\u00f3n de la Misi\u00f3n. Y no s\u00f3lo en Carballi\u00f1o, sino tambi\u00e9n en las Parroquias lim\u00edtrofes de Arcos, Se\u00f1or\u00edn y Partovia. Los P\u00e1rrocos siguen los mismos. De aquellas ochenta Asambleas Familiares Cristianas, permanecen a\u00fan diecis\u00e9is, ahora llamadas \u00abGrupos de Biblia\u00bb. Entonces se visitaron 120 hogares de ancianos y enfermos, este a\u00f1o visitamos a setenta y siete. Entonces recibieron comunitariamente el Sacramente de la Santa Unci\u00f3n en la Iglesia del Centro, 224 personas. Ahora, despu\u00e9s de once a\u00f1os, fueron m\u00e1s de trescientas.<\/p>\n<p>La Renovaci\u00f3n tuvo lugar del 14 al 22 de Marzo de 2011 y abarc\u00f3, adem\u00e1s de las Parroquias citadas, tambi\u00e9n las de Astureses y Xurenz\u00e1s, atendidas por D. Sen\u00e9n. Misionereos\/as: PP. Antonio Villar y Fabriciano Prado. Hijas de la Caridad: Sor Prudencia Quintas y sor Celestina Mart\u00ednez.<\/p>\n<p><strong>Benalup &#8211; Casas Viejas. (C\u00e1diz)<\/strong><\/p>\n<p><strong> <\/strong>He aqu\u00ed la detallada Cr\u00f3nica que sobre la Renovaci\u00f3n de la Misi\u00f3n nos env\u00eda <strong>sor Amparo Toscano.<\/strong><\/p>\n<p><strong>BENALUP<\/strong><\/p>\n<p><a href=\"https:\/\/i0.wp.com\/vicencianos.org\/wp-content\/2011\/12\/misiones_salamanca_01.jpg\"><img data-recalc-dims=\"1\" loading=\"lazy\" decoding=\"async\" class=\"alignright size-medium wp-image-56688\" title=\"misiones_salamanca_01\" src=\"https:\/\/i0.wp.com\/vicencianos.org\/wp-content\/2011\/12\/misiones_salamanca_01-300x224.jpg?resize=300%2C224\" alt=\"\" width=\"300\" height=\"224\" \/><\/a>De nuevo nos encontramos, por segundo a\u00f1o consecutivo, realizando la Renovaci\u00f3n de la Misi\u00f3n en este bonito pueblo gaditano.<\/p>\n<p>Estuvimos s\u00f3lo cinco d\u00edas (desde el seis de Abril hasta el diez del presente a\u00f1o 2011) con pena por nuestra parte y por la de los habitantes del pueblo, que nos dec\u00edan que la estancia era muy corta y no quer\u00edan que nos march\u00e1ramos.<\/p>\n<p>Fuimos esta vez los misioneros siguientes: Los Padres Pa\u00fales: Fabriciano Prado, Antonio Villar y Jos\u00e9 Lu\u00eds Castillo (este \u00faltimo de la Provincia de Madrid).<\/p>\n<p>Las Hermanas: Sor Antonia Parra, Sor Rosario Celis, Sor M\u00aa Refugio Portillo, Sor Amparo Toscano y Sor Ana M\u00aa V\u00e1zquez, acompa\u00f1ada de las chicas de J.M.V. Anto\u00f1ita, Marta, Cristina y Roc\u00edo.<\/p>\n<p>Comenzamos reuni\u00e9ndonos el Equipo Misionero, para seguidamente tener encuentros con el Consejo Pastoral, los Animadores de las Asambleas Familiares cristianas, los due\u00f1os de las casas, la Pastoral de la Salud y la Pastoral juvenil. Visitamos despu\u00e9s las Catequesis de Comuni\u00f3n y Confirmaci\u00f3n y tuvimos la Eucarist\u00eda del Env\u00edo Misionero.<\/p>\n<p>Las visitas a los Centros de Ense\u00f1anza, a las Catequesis infantiles y juveniles, as\u00ed como las fiestas organizadas para los m\u00e1s peque\u00f1os, corr\u00edan a cargo del Padre y Hermana j\u00f3venes, junto a las chicas de J.M.V.<\/p>\n<p>Las visitas a los enfermos, administraci\u00f3n de Sacramentos, visitas a las casas donde se celebran las Asambleas, familiares cristianas, corr\u00edan a cargo de los Padres y Hermanas entrados en a\u00f1os.<\/p>\n<p>Y ya en com\u00fan todos particip\u00e1bamos en las Oraciones y Eucarist\u00edas diarias (que se celebraban en la Parroquia y en la Ermita de F\u00e1tima), en la celebraci\u00f3n de la Penitencia, Santa Unci\u00f3n y ofrenda Mariana, donde las flores, junto con las peticiones y acciones de gracias, fueron abundantes (m\u00e1s de lo que esper\u00e1bamos) y muy emotivas.<\/p>\n<p>Otras cosas que tambi\u00e9n ten\u00edamos en com\u00fan, era el entusiasmo, el esfuerzo (a pesar del cansancio f\u00edsico), la ilusi\u00f3n y la alegr\u00eda que pon\u00edamos en todo lo que ten\u00edamos que realizar.<\/p>\n<p>No puedo dejar de nombrar a Don Ricardo (P\u00e1rroco de Benalup) que rebosa juventud y entusiasmo y se siente muy feliz y agradecido al ver que en su corta estancia los Misioneros realizan trabajos espirituales y materiales a los cuales a \u00e9l le es imposible llegar con la frecuencia que desear\u00eda.<\/p>\n<p>En la primera y Gran Misi\u00f3n, que tuvo lugar durante quince d\u00edas en 2009, se form\u00f3 un buen grupo de j\u00f3venes de J.M.V. que siguen teniendo su seguimiento y que perduran y hacen el bien, en el Instituto y en su relaci\u00f3n con todas las personas con las cuales conviven.<\/p>\n<p>Los ni\u00f1os de Primaria y Secundaria recibieron a los Misioneros en sus clases y en sus catequesis respectivas, disfrutaron tambi\u00e9n de sus convivencias festivas con canciones y juegos. Los catequistas nos dec\u00edan que tambi\u00e9n a ellos les hab\u00edamos infundido una buena dosis de optimismo, de amor a Dios y a Mar\u00eda (su Virgen del Socorro) cuyo himno cantaban todos al terminar las Eucarist\u00edas, actos penitenciales y oraciones.<\/p>\n<p><a href=\"https:\/\/i0.wp.com\/vicencianos.org\/wp-content\/2011\/12\/misiones_salamanca_02.jpg\"><img data-recalc-dims=\"1\" loading=\"lazy\" decoding=\"async\" class=\"alignleft size-medium wp-image-56689\" title=\"misiones_salamanca_02\" src=\"https:\/\/i0.wp.com\/vicencianos.org\/wp-content\/2011\/12\/misiones_salamanca_02-300x205.jpg?resize=300%2C205\" alt=\"\" width=\"300\" height=\"205\" \/><\/a>Los enfermos e impedidos que nos recibieron en sus casas (no pod\u00edan asistir a la Parroquia) lo hac\u00edan con mucho cari\u00f1o y agradecimiento, que compart\u00edan tambi\u00e9n sus familiares o personas que los cuidan, deseaban que permaneci\u00e9ramos m\u00e1s tiempo en sus casas, pero el reloj nos lo imped\u00eda.<\/p>\n<p>Las asambleas familiares en las casas contin\u00faan casi todas llenas de vigor, pues los animadores son personas con valores humanos y formaci\u00f3n religiosa, adem\u00e1s de sentirse ilusionadas y fraternales.<\/p>\n<p>No puedo terminar sin mencionar a las personas que nos alojan en sus casas, nos proporcionan comida y cama y se desviven por atendernos lo mejor posible y de forma gratuita.<\/p>\n<p>Yo hago un ruego a las Hermanas que puedan, que se animen a formar parte del equipo misionero, pues con la ayuda del Se\u00f1or y de nuestra Madre la Virgen Milagrosa, los peque\u00f1os obst\u00e1culos son salvados y se recibe m\u00e1s de lo que se da.<\/p>\n<p>Quiero acabar con la frase del P. Antonio Villar (rebasa ya los setenta a\u00f1itos) que dice con entusiasmo. \u00abYo le pido al Se\u00f1or, que me sorprenda la muerte, realizando una Misi\u00f3n Popular\u00bb.<\/p>\n<p><strong>Misi\u00f3n en Lebrija. (Sevilla)<\/strong><\/p>\n<p><strong> <\/strong>Con motivo de la coronaci\u00f3n can\u00f3nica de la Virgen del Castillo, el Sr. Arzobispo de Sevilla puso dos condiciones: Primera, unas Jornadas previas de evangelizaci\u00f3n, y Segunda, la creaci\u00f3n de una Obra ben\u00e9fico-social.<\/p>\n<p>Para la primera, los Sres. P\u00e1rrocos (4 en total) nos solicitaron a los Pa\u00fales una Misi\u00f3n Popular. Despu\u00e9s de varios encuentros a todos los niveles, llevados a cabo por los Padres Jos\u00e9 Luis Castillo y Fabriciano Prado y las Hermanas sor Antonia Parra, sor Ana M\u00aa. V\u00e1zquez y sor Sof\u00eda S\u00e1nchez, dise\u00f1amos el siguiente <strong>Proceso Misionero: <\/strong><\/p>\n<p>Pero debido al destino de los dos p\u00e1rrocos m\u00e1s comprometidos y significativos con el tema: D. Adri\u00e1n a Roma y D. Alberto a Pe\u00f1aflor, nos hemos visto obligados a aplazarla y retomar de nuevo la Preparaci\u00f3n para Octubre de 2011. La coronaci\u00f3n est\u00e1 prevista para Octubre de 2012.<\/p>\n<p><strong>Parroquia de Santiago. C\u00e1ceres<\/strong><\/p>\n<p><strong> <\/strong>El P\u00e1rroco, D. Juan Manuel Cuadrado y su Coadjutor D. Ignacio L\u00f3pez, respaldados por el Consejo de Pastoral, nos han pedido tambi\u00e9n una Misi\u00f3n. Todo est\u00e1 en marcha ya, con el favor de Dios, tanto el Proceso Misionero como el despliegue de la Primera Fase de Pre-misi\u00f3n.<\/p>\n<p><strong>Carcabuey. Zagrillas Alta y Baja. (C\u00f3rdoba)<\/strong><\/p>\n<p><strong> <\/strong>La renovaci\u00f3n de esta Misi\u00f3n est\u00e1 programada para la primera Semana del mes de Noviembre de 2011. El P\u00e1rroco, D. Jos\u00e9 Antonia Tejero, formado en el Grupo de JMV de Cabra, espera con ilusi\u00f3n. Y la gente no digamos. Los del Equipo Misionero ya hemos empezado a saborear el gozo del reencuentro: sor Antonia Parra, sor Isabel Guardia, sor Carmen Varona, sor Valeriana Santamar\u00eda, el P. Sergio Asenjo y el P. Fabriciano Prado.<\/p>\n<p>Al terminar esta breve rese\u00f1a, me reafirmo en el convencimiento de que debemos seguir contemplando este Ministerio como algo absolutamente nuestro y desde ese soplo de salvaci\u00f3n cristiana que proporciona la seguridad y la felicidad de saber que <em>la carga es ligera y el yugo suave. <\/em><\/p>\n","protected":false},"excerpt":{"rendered":"<p>La Nueva Evangelizaci\u00f3n avanza, no tiene t\u00e9rmino, y las Misiones Populares est\u00e1n al servicio de la misma evangelizaci\u00f3n, siendo adem\u00e1s su raz\u00f3n de ser. Por eso, no sin dificultades, hemos seguido \u00abmisionando\u00bb durante el Curso &#8230; <a href=\"http:\/\/vincentians.com\/es\/misiones-populares-en-la-provincia-canonica-de-salamanca-2010-2011\/\" class=\"more-link\">Read More<\/a><\/p>\n","protected":false},"author":4,"featured_media":56688,"comment_status":"open","ping_status":"open","sticky":false,"template":"","format":"standard","meta":{"jetpack_post_was_ever_published":false,"_jetpack_newsletter_access":"","_jetpack_dont_email_post_to_subs":false,"_jetpack_newsletter_tier_id":0,"_jetpack_memberships_contains_paywalled_content":false,"_jetpack_memberships_contains_paid_content":false,"footnotes":"","jetpack_publicize_message":"","jetpack_publicize_feature_enabled":true,"jetpack_social_post_already_shared":true,"jetpack_social_options":{"image_generator_settings":{"template":"highway","default_image_id":0,"font":"","enabled":false},"version":2}},"categories":[201],"tags":[176],"class_list":["post-56678","post","type-post","status-publish","format-standard","has-post-thumbnail","hentry","category-misiones-ad-gentes","tag-misiones-populares"],"yoast_head":"<!-- This site is optimized with the Yoast SEO plugin v26.3 - https:\/\/yoast.com\/wordpress\/plugins\/seo\/ -->\n<title>Misiones populares en la provincia can\u00f3nica de Salamanca, 2010-2011 - Somos Vicencianos<\/title>\n<meta name=\"robots\" content=\"index, follow, max-snippet:-1, max-image-preview:large, max-video-preview:-1\" \/>\n<link rel=\"canonical\" href=\"http:\/\/vincentians.com\/es\/misiones-populares-en-la-provincia-canonica-de-salamanca-2010-2011\/\" \/>\n<meta property=\"og:locale\" content=\"es_ES\" \/>\n<meta property=\"og:type\" content=\"article\" \/>\n<meta property=\"og:title\" content=\"Misiones populares en la provincia can\u00f3nica de Salamanca, 2010-2011 - Somos Vicencianos\" \/>\n<meta property=\"og:description\" content=\"La Nueva Evangelizaci\u00f3n avanza, no tiene t\u00e9rmino, y las Misiones Populares est\u00e1n al servicio de la misma evangelizaci\u00f3n, siendo adem\u00e1s su raz\u00f3n de ser. Por eso, no sin dificultades, hemos seguido \u00abmisionando\u00bb durante el Curso ... Read More\" \/>\n<meta property=\"og:url\" content=\"http:\/\/vincentians.com\/es\/misiones-populares-en-la-provincia-canonica-de-salamanca-2010-2011\/\" \/>\n<meta property=\"og:site_name\" content=\"Somos Vicencianos\" \/>\n<meta property=\"article:publisher\" content=\"https:\/\/www.facebook.com\/WeAreVincentians\/\" \/>\n<meta property=\"article:author\" content=\"https:\/\/www.facebook.com\/JavierChento\" \/>\n<meta property=\"article:published_time\" content=\"2011-12-20T02:30:07+00:00\" \/>\n<meta name=\"author\" content=\"Francisco Javier Fern\u00e1ndez Chento\" \/>\n<meta name=\"twitter:card\" content=\"summary_large_image\" \/>\n<meta name=\"twitter:creator\" content=\"@https:\/\/twitter.com\/javierchento\" \/>\n<meta name=\"twitter:site\" content=\"@WeVincentians\" \/>\n<meta name=\"twitter:label1\" content=\"Escrito por\" \/>\n\t<meta name=\"twitter:data1\" content=\"Francisco Javier Fern\u00e1ndez Chento\" \/>\n\t<meta name=\"twitter:label2\" content=\"Tiempo de lectura\" \/>\n\t<meta name=\"twitter:data2\" content=\"13 minutos\" \/>\n<script type=\"application\/ld+json\" class=\"yoast-schema-graph\">{\"@context\":\"https:\/\/schema.org\",\"@graph\":[{\"@type\":\"Article\",\"@id\":\"http:\/\/vincentians.com\/es\/misiones-populares-en-la-provincia-canonica-de-salamanca-2010-2011\/#article\",\"isPartOf\":{\"@id\":\"http:\/\/vincentians.com\/es\/misiones-populares-en-la-provincia-canonica-de-salamanca-2010-2011\/\"},\"author\":{\"name\":\"Francisco Javier Fern\u00e1ndez Chento\",\"@id\":\"http:\/\/vincentians.com\/es\/#\/schema\/person\/9623ef4d9aa3b2dfb8c061f1499288f2\"},\"headline\":\"Misiones populares en la provincia can\u00f3nica de Salamanca, 2010-2011\",\"datePublished\":\"2011-12-20T02:30:07+00:00\",\"mainEntityOfPage\":{\"@id\":\"http:\/\/vincentians.com\/es\/misiones-populares-en-la-provincia-canonica-de-salamanca-2010-2011\/\"},\"wordCount\":2532,\"commentCount\":0,\"publisher\":{\"@id\":\"http:\/\/vincentians.com\/es\/#organization\"},\"image\":{\"@id\":\"http:\/\/vincentians.com\/es\/misiones-populares-en-la-provincia-canonica-de-salamanca-2010-2011\/#primaryimage\"},\"thumbnailUrl\":\"\",\"keywords\":[\"Misiones Populares\"],\"articleSection\":[\"Misiones \u00abAd gentes\u00bb\"],\"inLanguage\":\"es\",\"potentialAction\":[{\"@type\":\"CommentAction\",\"name\":\"Comment\",\"target\":[\"http:\/\/vincentians.com\/es\/misiones-populares-en-la-provincia-canonica-de-salamanca-2010-2011\/#respond\"]}]},{\"@type\":\"WebPage\",\"@id\":\"http:\/\/vincentians.com\/es\/misiones-populares-en-la-provincia-canonica-de-salamanca-2010-2011\/\",\"url\":\"http:\/\/vincentians.com\/es\/misiones-populares-en-la-provincia-canonica-de-salamanca-2010-2011\/\",\"name\":\"Misiones populares en la provincia can\u00f3nica de Salamanca, 2010-2011 - Somos Vicencianos\",\"isPartOf\":{\"@id\":\"http:\/\/vincentians.com\/es\/#website\"},\"primaryImageOfPage\":{\"@id\":\"http:\/\/vincentians.com\/es\/misiones-populares-en-la-provincia-canonica-de-salamanca-2010-2011\/#primaryimage\"},\"image\":{\"@id\":\"http:\/\/vincentians.com\/es\/misiones-populares-en-la-provincia-canonica-de-salamanca-2010-2011\/#primaryimage\"},\"thumbnailUrl\":\"\",\"datePublished\":\"2011-12-20T02:30:07+00:00\",\"breadcrumb\":{\"@id\":\"http:\/\/vincentians.com\/es\/misiones-populares-en-la-provincia-canonica-de-salamanca-2010-2011\/#breadcrumb\"},\"inLanguage\":\"es\",\"potentialAction\":[{\"@type\":\"ReadAction\",\"target\":[\"http:\/\/vincentians.com\/es\/misiones-populares-en-la-provincia-canonica-de-salamanca-2010-2011\/\"]}]},{\"@type\":\"ImageObject\",\"inLanguage\":\"es\",\"@id\":\"http:\/\/vincentians.com\/es\/misiones-populares-en-la-provincia-canonica-de-salamanca-2010-2011\/#primaryimage\",\"url\":\"\",\"contentUrl\":\"\"},{\"@type\":\"BreadcrumbList\",\"@id\":\"http:\/\/vincentians.com\/es\/misiones-populares-en-la-provincia-canonica-de-salamanca-2010-2011\/#breadcrumb\",\"itemListElement\":[{\"@type\":\"ListItem\",\"position\":1,\"name\":\"Portada\",\"item\":\"http:\/\/vincentians.com\/es\/\"},{\"@type\":\"ListItem\",\"position\":2,\"name\":\"Misiones populares en la provincia can\u00f3nica de Salamanca, 2010-2011\"}]},{\"@type\":\"WebSite\",\"@id\":\"http:\/\/vincentians.com\/es\/#website\",\"url\":\"http:\/\/vincentians.com\/es\/\",\"name\":\"Somos Vicencianos\",\"description\":\"Know more to serve more\",\"publisher\":{\"@id\":\"http:\/\/vincentians.com\/es\/#organization\"},\"potentialAction\":[{\"@type\":\"SearchAction\",\"target\":{\"@type\":\"EntryPoint\",\"urlTemplate\":\"http:\/\/vincentians.com\/es\/?s={search_term_string}\"},\"query-input\":{\"@type\":\"PropertyValueSpecification\",\"valueRequired\":true,\"valueName\":\"search_term_string\"}}],\"inLanguage\":\"es\"},{\"@type\":\"Organization\",\"@id\":\"http:\/\/vincentians.com\/es\/#organization\",\"name\":\"The Vincentian Network\",\"url\":\"http:\/\/vincentians.com\/es\/\",\"logo\":{\"@type\":\"ImageObject\",\"inLanguage\":\"es\",\"@id\":\"http:\/\/vincentians.com\/es\/#\/schema\/logo\/image\/\",\"url\":\"https:\/\/i1.wp.com\/vincentians.com\/es\/wp-content\/uploads\/sites\/11\/2016\/06\/Vincentian-Network-logo-big.png?fit=778%2C778\",\"contentUrl\":\"https:\/\/i1.wp.com\/vincentians.com\/es\/wp-content\/uploads\/sites\/11\/2016\/06\/Vincentian-Network-logo-big.png?fit=778%2C778\",\"width\":778,\"height\":778,\"caption\":\"The Vincentian Network\"},\"image\":{\"@id\":\"http:\/\/vincentians.com\/es\/#\/schema\/logo\/image\/\"},\"sameAs\":[\"https:\/\/www.facebook.com\/WeAreVincentians\/\",\"https:\/\/x.com\/WeVincentians\"]},{\"@type\":\"Person\",\"@id\":\"http:\/\/vincentians.com\/es\/#\/schema\/person\/9623ef4d9aa3b2dfb8c061f1499288f2\",\"name\":\"Francisco Javier Fern\u00e1ndez Chento\",\"image\":{\"@type\":\"ImageObject\",\"inLanguage\":\"es\",\"@id\":\"http:\/\/vincentians.com\/es\/#\/schema\/person\/image\/\",\"url\":\"https:\/\/secure.gravatar.com\/avatar\/497d5cde87b4c3d097d0315953521681ba2cd523ee66e5077c3711f7021e65de?s=96&d=mm&r=g\",\"contentUrl\":\"https:\/\/secure.gravatar.com\/avatar\/497d5cde87b4c3d097d0315953521681ba2cd523ee66e5077c3711f7021e65de?s=96&d=mm&r=g\",\"caption\":\"Francisco Javier Fern\u00e1ndez Chento\"},\"description\":\"Director General y cofundador de La Red de Formaci\u00f3n Vicenciana. Javier es laico vicenciano, afiliado a la Congregaci\u00f3n de la Misi\u00f3n y miembro del Equipo de Misiones Populares de la provincia can\u00f3nica de Zaragoza (Espa\u00f1a) de la Congregaci\u00f3n de la Misi\u00f3n. Graduado en la Universidad Oberta de Catalunya con cuatro grados (Asistente de direcci\u00f3n, Gesti\u00f3n Administrativa, Recursos Humanos y Contabilidad Avanzada). Bil\u00edng\u00fce Espa\u00f1ol\/Ingl\u00e9s. gestiona y mantiene varias p\u00e1ginas web cristianas y vicencianas, incluida including La Red de Formaci\u00f3n Vicenciana, de la que es cofundador. Actualmente es responsable del \u00e1rea de Espa\u00f1ol de .famvin, la Red de Noticias de la Familia Vicenciana. Tambi\u00e9n es m\u00fasico cat\u00f3lico y ha editado varios discos. Es Director General y cofundador de Trovador, una reconocida compa\u00f1\u00eda discogr\u00e1fica critiana de Espa\u00f1a. Trabaja en las Tecnolog\u00edas de la Informaci\u00f3n, ofreciendo servicios de alojamiento, dise\u00f1o y mantenimiento Web, as\u00ed como asesoramiento, formaci\u00f3n y soluciones inform\u00e1ticas, gesti\u00f3n documental y digitalizaci\u00f3n de textos, edici\u00f3n y maquetaci\u00f3n de libros, revistas, flyers, etc.\",\"sameAs\":[\"http:\/\/chento.org\",\"https:\/\/www.facebook.com\/JavierChento\",\"https:\/\/x.com\/https:\/\/twitter.com\/javierchento\"],\"url\":\"http:\/\/vincentians.com\/es\/author\/chento\/\"}]}<\/script>\n<!-- \/ Yoast SEO plugin. -->","yoast_head_json":{"title":"Misiones populares en la provincia can\u00f3nica de Salamanca, 2010-2011 - Somos Vicencianos","robots":{"index":"index","follow":"follow","max-snippet":"max-snippet:-1","max-image-preview":"max-image-preview:large","max-video-preview":"max-video-preview:-1"},"canonical":"http:\/\/vincentians.com\/es\/misiones-populares-en-la-provincia-canonica-de-salamanca-2010-2011\/","og_locale":"es_ES","og_type":"article","og_title":"Misiones populares en la provincia can\u00f3nica de Salamanca, 2010-2011 - Somos Vicencianos","og_description":"La Nueva Evangelizaci\u00f3n avanza, no tiene t\u00e9rmino, y las Misiones Populares est\u00e1n al servicio de la misma evangelizaci\u00f3n, siendo adem\u00e1s su raz\u00f3n de ser. Por eso, no sin dificultades, hemos seguido \u00abmisionando\u00bb durante el Curso ... Read More","og_url":"http:\/\/vincentians.com\/es\/misiones-populares-en-la-provincia-canonica-de-salamanca-2010-2011\/","og_site_name":"Somos Vicencianos","article_publisher":"https:\/\/www.facebook.com\/WeAreVincentians\/","article_author":"https:\/\/www.facebook.com\/JavierChento","article_published_time":"2011-12-20T02:30:07+00:00","author":"Francisco Javier Fern\u00e1ndez Chento","twitter_card":"summary_large_image","twitter_creator":"@https:\/\/twitter.com\/javierchento","twitter_site":"@WeVincentians","twitter_misc":{"Escrito por":"Francisco Javier Fern\u00e1ndez Chento","Tiempo de lectura":"13 minutos"},"schema":{"@context":"https:\/\/schema.org","@graph":[{"@type":"Article","@id":"http:\/\/vincentians.com\/es\/misiones-populares-en-la-provincia-canonica-de-salamanca-2010-2011\/#article","isPartOf":{"@id":"http:\/\/vincentians.com\/es\/misiones-populares-en-la-provincia-canonica-de-salamanca-2010-2011\/"},"author":{"name":"Francisco Javier Fern\u00e1ndez Chento","@id":"http:\/\/vincentians.com\/es\/#\/schema\/person\/9623ef4d9aa3b2dfb8c061f1499288f2"},"headline":"Misiones populares en la provincia can\u00f3nica de Salamanca, 2010-2011","datePublished":"2011-12-20T02:30:07+00:00","mainEntityOfPage":{"@id":"http:\/\/vincentians.com\/es\/misiones-populares-en-la-provincia-canonica-de-salamanca-2010-2011\/"},"wordCount":2532,"commentCount":0,"publisher":{"@id":"http:\/\/vincentians.com\/es\/#organization"},"image":{"@id":"http:\/\/vincentians.com\/es\/misiones-populares-en-la-provincia-canonica-de-salamanca-2010-2011\/#primaryimage"},"thumbnailUrl":"","keywords":["Misiones Populares"],"articleSection":["Misiones \u00abAd gentes\u00bb"],"inLanguage":"es","potentialAction":[{"@type":"CommentAction","name":"Comment","target":["http:\/\/vincentians.com\/es\/misiones-populares-en-la-provincia-canonica-de-salamanca-2010-2011\/#respond"]}]},{"@type":"WebPage","@id":"http:\/\/vincentians.com\/es\/misiones-populares-en-la-provincia-canonica-de-salamanca-2010-2011\/","url":"http:\/\/vincentians.com\/es\/misiones-populares-en-la-provincia-canonica-de-salamanca-2010-2011\/","name":"Misiones populares en la provincia can\u00f3nica de Salamanca, 2010-2011 - Somos Vicencianos","isPartOf":{"@id":"http:\/\/vincentians.com\/es\/#website"},"primaryImageOfPage":{"@id":"http:\/\/vincentians.com\/es\/misiones-populares-en-la-provincia-canonica-de-salamanca-2010-2011\/#primaryimage"},"image":{"@id":"http:\/\/vincentians.com\/es\/misiones-populares-en-la-provincia-canonica-de-salamanca-2010-2011\/#primaryimage"},"thumbnailUrl":"","datePublished":"2011-12-20T02:30:07+00:00","breadcrumb":{"@id":"http:\/\/vincentians.com\/es\/misiones-populares-en-la-provincia-canonica-de-salamanca-2010-2011\/#breadcrumb"},"inLanguage":"es","potentialAction":[{"@type":"ReadAction","target":["http:\/\/vincentians.com\/es\/misiones-populares-en-la-provincia-canonica-de-salamanca-2010-2011\/"]}]},{"@type":"ImageObject","inLanguage":"es","@id":"http:\/\/vincentians.com\/es\/misiones-populares-en-la-provincia-canonica-de-salamanca-2010-2011\/#primaryimage","url":"","contentUrl":""},{"@type":"BreadcrumbList","@id":"http:\/\/vincentians.com\/es\/misiones-populares-en-la-provincia-canonica-de-salamanca-2010-2011\/#breadcrumb","itemListElement":[{"@type":"ListItem","position":1,"name":"Portada","item":"http:\/\/vincentians.com\/es\/"},{"@type":"ListItem","position":2,"name":"Misiones populares en la provincia can\u00f3nica de Salamanca, 2010-2011"}]},{"@type":"WebSite","@id":"http:\/\/vincentians.com\/es\/#website","url":"http:\/\/vincentians.com\/es\/","name":"Somos Vicencianos","description":"Know more to serve more","publisher":{"@id":"http:\/\/vincentians.com\/es\/#organization"},"potentialAction":[{"@type":"SearchAction","target":{"@type":"EntryPoint","urlTemplate":"http:\/\/vincentians.com\/es\/?s={search_term_string}"},"query-input":{"@type":"PropertyValueSpecification","valueRequired":true,"valueName":"search_term_string"}}],"inLanguage":"es"},{"@type":"Organization","@id":"http:\/\/vincentians.com\/es\/#organization","name":"The Vincentian Network","url":"http:\/\/vincentians.com\/es\/","logo":{"@type":"ImageObject","inLanguage":"es","@id":"http:\/\/vincentians.com\/es\/#\/schema\/logo\/image\/","url":"https:\/\/i1.wp.com\/vincentians.com\/es\/wp-content\/uploads\/sites\/11\/2016\/06\/Vincentian-Network-logo-big.png?fit=778%2C778","contentUrl":"https:\/\/i1.wp.com\/vincentians.com\/es\/wp-content\/uploads\/sites\/11\/2016\/06\/Vincentian-Network-logo-big.png?fit=778%2C778","width":778,"height":778,"caption":"The Vincentian Network"},"image":{"@id":"http:\/\/vincentians.com\/es\/#\/schema\/logo\/image\/"},"sameAs":["https:\/\/www.facebook.com\/WeAreVincentians\/","https:\/\/x.com\/WeVincentians"]},{"@type":"Person","@id":"http:\/\/vincentians.com\/es\/#\/schema\/person\/9623ef4d9aa3b2dfb8c061f1499288f2","name":"Francisco Javier Fern\u00e1ndez Chento","image":{"@type":"ImageObject","inLanguage":"es","@id":"http:\/\/vincentians.com\/es\/#\/schema\/person\/image\/","url":"https:\/\/secure.gravatar.com\/avatar\/497d5cde87b4c3d097d0315953521681ba2cd523ee66e5077c3711f7021e65de?s=96&d=mm&r=g","contentUrl":"https:\/\/secure.gravatar.com\/avatar\/497d5cde87b4c3d097d0315953521681ba2cd523ee66e5077c3711f7021e65de?s=96&d=mm&r=g","caption":"Francisco Javier Fern\u00e1ndez Chento"},"description":"Director General y cofundador de La Red de Formaci\u00f3n Vicenciana. Javier es laico vicenciano, afiliado a la Congregaci\u00f3n de la Misi\u00f3n y miembro del Equipo de Misiones Populares de la provincia can\u00f3nica de Zaragoza (Espa\u00f1a) de la Congregaci\u00f3n de la Misi\u00f3n. Graduado en la Universidad Oberta de Catalunya con cuatro grados (Asistente de direcci\u00f3n, Gesti\u00f3n Administrativa, Recursos Humanos y Contabilidad Avanzada). Bil\u00edng\u00fce Espa\u00f1ol\/Ingl\u00e9s. gestiona y mantiene varias p\u00e1ginas web cristianas y vicencianas, incluida including La Red de Formaci\u00f3n Vicenciana, de la que es cofundador. Actualmente es responsable del \u00e1rea de Espa\u00f1ol de .famvin, la Red de Noticias de la Familia Vicenciana. Tambi\u00e9n es m\u00fasico cat\u00f3lico y ha editado varios discos. Es Director General y cofundador de Trovador, una reconocida compa\u00f1\u00eda discogr\u00e1fica critiana de Espa\u00f1a. Trabaja en las Tecnolog\u00edas de la Informaci\u00f3n, ofreciendo servicios de alojamiento, dise\u00f1o y mantenimiento Web, as\u00ed como asesoramiento, formaci\u00f3n y soluciones inform\u00e1ticas, gesti\u00f3n documental y digitalizaci\u00f3n de textos, edici\u00f3n y maquetaci\u00f3n de libros, revistas, flyers, etc.","sameAs":["http:\/\/chento.org","https:\/\/www.facebook.com\/JavierChento","https:\/\/x.com\/https:\/\/twitter.com\/javierchento"],"url":"http:\/\/vincentians.com\/es\/author\/chento\/"}]}},"jetpack_publicize_connections":[],"jetpack_featured_media_url":"","jetpack_sharing_enabled":true,"jetpack_shortlink":"https:\/\/wp.me\/p7ETMF-eKa","jetpack-related-posts":[{"id":56668,"url":"http:\/\/vincentians.com\/es\/misiones-populares-en-la-provincia-canonica-de-barcelona-2010-2011\/","url_meta":{"origin":56678,"position":0},"title":"Misiones populares en la provincia can\u00f3nica de Barcelona, 2010-2011","author":"Francisco Javier Fern\u00e1ndez Chento","date":"20\/12\/2011","format":false,"excerpt":"Presentaci\u00f3n de la Misi\u00f3n Parroquial en dos parroquias. El curso 2010-2011 se iniciaba dando respuesta a la solicitud de dos parroquias para que les explic\u00e1semos en qu\u00e9 consiste y cu\u00e1l es la din\u00e1mica de las Misiones parroquiales que los Pa\u00fales venimos realizando. La primera de Alicante: la Parroquia de San\u2026","rel":"","context":"En \u00abMisiones \u00abAd gentes\u00bb\u00bb","block_context":{"text":"Misiones \u00abAd gentes\u00bb","link":"http:\/\/vincentians.com\/es\/category\/servicios-y-ministerios\/misiones-ad-gentes\/"},"img":{"alt_text":"","src":"https:\/\/i0.wp.com\/vicencianos.org\/wp-content\/2011\/12\/misiones_barcelona_01-300x178.jpg?resize=350%2C200","width":350,"height":200},"classes":[]},{"id":11786,"url":"http:\/\/vincentians.com\/es\/misiones-populares-de-la-c-m-en-espana-1704-1975-parte-3\/","url_meta":{"origin":56678,"position":1},"title":"Misiones populares de la C.M. en Espa\u00f1a (1704-1975). Parte 3","author":"Mitxel Olabu\u00e9naga","date":"05\/07\/2011","format":false,"excerpt":"Bibliograf\u00eda 1. Relativa a la C.M., HH. de la C., y Asociaciones Laicales Vicencianas ABAITUA, M.: \"Fundaciones de Ayer. 1774-1974. El pasado de la Provincia de Zaragoza\". En Anales Madrid (1975), pp. 747-765; (1990), pp. 68-73. ABELLY, L.: La vie du v\u00e9n\u00e9rable serviteur de Dieu Vincent de Paul, instituteur et\u2026","rel":"","context":"En \u00abHistoria de la Congregaci\u00f3n de la Misi\u00f3n en Espa\u00f1a\u00bb","block_context":{"text":"Historia de la Congregaci\u00f3n de la Misi\u00f3n en Espa\u00f1a","link":"http:\/\/vincentians.com\/es\/category\/historia-de-la-familia-vicenciana\/historia-de-la-congregacion-de-la-mision-en-espana\/"},"img":{"alt_text":"","src":"https:\/\/i0.wp.com\/vicencianos.org\/wp-content\/2011\/07\/ESCUDOCM-237x300.jpg?resize=350%2C200","width":350,"height":200},"classes":[]},{"id":949,"url":"http:\/\/vincentians.com\/es\/bibliografia-sobre-la-congregacion-de-la-mision-en-espana\/","url_meta":{"origin":56678,"position":2},"title":"Bibliograf\u00eda sobre la Congregaci\u00f3n de la Misi\u00f3n en Espa\u00f1a","author":"Francisco Javier Fern\u00e1ndez Chento","date":"15\/11\/2022","format":false,"excerpt":"ABAD, N.: \"Ayamonte. Una parroquia m\u00e1s a cargo de la Congregaci\u00f3n\". En Anales Madrid, 1946, pp. 238-242. ABAITUA, M.: \"Fundaciones de Ayer. 1774-1974. El pasado de la Provincia de Zaragoza\". En Anales Madrid, 1975, pp. 747-765. ABAITUA, M.: \"Los PP. Pa\u00fales en el Seminario de San Pablo (Cuenca)\". En Bolet\u00edn\u2026","rel":"","context":"En \u00abCongregaci\u00f3n de la Misi\u00f3n\u00bb","block_context":{"text":"Congregaci\u00f3n de la Misi\u00f3n","link":"http:\/\/vincentians.com\/es\/category\/la-familia-vicenciana\/ramas\/congregacion-de-la-mision\/"},"img":{"alt_text":"","src":"","width":0,"height":0},"classes":[]},{"id":953,"url":"http:\/\/vincentians.com\/es\/la-congregacion-de-la-mision\/","url_meta":{"origin":56678,"position":3},"title":"La Congregaci\u00f3n de la Misi\u00f3n","author":"Francisco Javier Fern\u00e1ndez Chento","date":"11\/05\/2017","format":false,"excerpt":"Aspectos generales La fecha de fundaci\u00f3n de la Congregaci\u00f3n de la Misi\u00f3n C.M. se remonta al 25 de enero del a\u00f1o 1617, seg\u00fan expresa su propio fundador, Vicente de Pa\u00fal en alguno de sus escritos. En 1633 fue aprobada por el Papa Urbano VIII mediante la bula \"Salvatoris Nostri\" Seg\u00fan\u2026","rel":"","context":"En \u00abCongregaci\u00f3n de la Misi\u00f3n\u00bb","block_context":{"text":"Congregaci\u00f3n de la Misi\u00f3n","link":"http:\/\/vincentians.com\/es\/category\/la-familia-vicenciana\/ramas\/congregacion-de-la-mision\/"},"img":{"alt_text":"","src":"https:\/\/i0.wp.com\/vincentians.com\/es\/wp-content\/uploads\/sites\/11\/2016\/08\/investigacion-historica.jpg?fit=1200%2C630&resize=350%2C200","width":350,"height":200,"srcset":"https:\/\/i0.wp.com\/vincentians.com\/es\/wp-content\/uploads\/sites\/11\/2016\/08\/investigacion-historica.jpg?fit=1200%2C630&resize=350%2C200 1x, https:\/\/i0.wp.com\/vincentians.com\/es\/wp-content\/uploads\/sites\/11\/2016\/08\/investigacion-historica.jpg?fit=1200%2C630&resize=525%2C300 1.5x, https:\/\/i0.wp.com\/vincentians.com\/es\/wp-content\/uploads\/sites\/11\/2016\/08\/investigacion-historica.jpg?fit=1200%2C630&resize=700%2C400 2x, https:\/\/i0.wp.com\/vincentians.com\/es\/wp-content\/uploads\/sites\/11\/2016\/08\/investigacion-historica.jpg?fit=1200%2C630&resize=1050%2C600 3x"},"classes":[]},{"id":131591,"url":"http:\/\/vincentians.com\/es\/p-jose-prol-rodriguez-c-m\/","url_meta":{"origin":56678,"position":4},"title":"P. Jos\u00e9 Prol Rodr\u00edguez, C.M.","author":"Mitxel Olabu\u00e9naga","date":"21\/10\/2014","format":false,"excerpt":"Naci\u00f3 el padre Prol el 19 de agosto de 1923 y falleci\u00f3 el d\u00eda 22 de ju lio de 2014. Ten\u00eda, pues, 91 a\u00f1os. Hace un a\u00f1o que el padre Visitador destin\u00f3 al padre Jos\u00e9 Prol a la enfermer\u00eda de la comunidad de Salamanca. Atr\u00e1s qued\u00f3 una dilatada vida entregada\u2026","rel":"","context":"En \u00abBiograf\u00edas de Misioneros Pa\u00fales\u00bb","block_context":{"text":"Biograf\u00edas de Misioneros Pa\u00fales","link":"http:\/\/vincentians.com\/es\/category\/la-familia-vicenciana\/biografias-vicencianas\/biografias-de-misioneros-paules\/"},"img":{"alt_text":"","src":"https:\/\/i0.wp.com\/vincentians.com\/es\/wp-content\/uploads\/sites\/11\/2016\/07\/bio-cm.jpg?fit=1200%2C630&resize=350%2C200","width":350,"height":200,"srcset":"https:\/\/i0.wp.com\/vincentians.com\/es\/wp-content\/uploads\/sites\/11\/2016\/07\/bio-cm.jpg?fit=1200%2C630&resize=350%2C200 1x, https:\/\/i0.wp.com\/vincentians.com\/es\/wp-content\/uploads\/sites\/11\/2016\/07\/bio-cm.jpg?fit=1200%2C630&resize=525%2C300 1.5x, https:\/\/i0.wp.com\/vincentians.com\/es\/wp-content\/uploads\/sites\/11\/2016\/07\/bio-cm.jpg?fit=1200%2C630&resize=700%2C400 2x, https:\/\/i0.wp.com\/vincentians.com\/es\/wp-content\/uploads\/sites\/11\/2016\/07\/bio-cm.jpg?fit=1200%2C630&resize=1050%2C600 3x"},"classes":[]},{"id":48689,"url":"http:\/\/vincentians.com\/es\/la-mision-popular-una-respuesta-vicenciana-para-la-nueva-evangelizacion\/","url_meta":{"origin":56678,"position":5},"title":"La misi\u00f3n popular: una respuesta vicenciana para la nueva evangelizaci\u00f3n","author":"Francisco Javier Fern\u00e1ndez Chento","date":"28\/12\/2016","format":false,"excerpt":"I - Introducci\u00f3n Padres y Hermanos de la Congregaci\u00f3n de la Misi\u00f3n, Hijas de la Caridad y Colaboradores Seglares de distintas partes del mundo reunidos durante casi un mes en Par\u00eds del 7 de Julio al 2 de Agosto de 1997 nos hemos reunido para compartir nuestras experiencias en el\u2026","rel":"","context":"En \u00abCongregaci\u00f3n de la Misi\u00f3n\u00bb","block_context":{"text":"Congregaci\u00f3n de la Misi\u00f3n","link":"http:\/\/vincentians.com\/es\/category\/la-familia-vicenciana\/ramas\/congregacion-de-la-mision\/"},"img":{"alt_text":"","src":"https:\/\/i0.wp.com\/vincentians.com\/es\/wp-content\/uploads\/sites\/11\/2016\/08\/encuentro-con-jesus.jpg?fit=1200%2C630&resize=350%2C200","width":350,"height":200,"srcset":"https:\/\/i0.wp.com\/vincentians.com\/es\/wp-content\/uploads\/sites\/11\/2016\/08\/encuentro-con-jesus.jpg?fit=1200%2C630&resize=350%2C200 1x, https:\/\/i0.wp.com\/vincentians.com\/es\/wp-content\/uploads\/sites\/11\/2016\/08\/encuentro-con-jesus.jpg?fit=1200%2C630&resize=525%2C300 1.5x, https:\/\/i0.wp.com\/vincentians.com\/es\/wp-content\/uploads\/sites\/11\/2016\/08\/encuentro-con-jesus.jpg?fit=1200%2C630&resize=700%2C400 2x, https:\/\/i0.wp.com\/vincentians.com\/es\/wp-content\/uploads\/sites\/11\/2016\/08\/encuentro-con-jesus.jpg?fit=1200%2C630&resize=1050%2C600 3x"},"classes":[]}],"_links":{"self":[{"href":"http:\/\/vincentians.com\/es\/wp-json\/wp\/v2\/posts\/56678","targetHints":{"allow":["GET"]}}],"collection":[{"href":"http:\/\/vincentians.com\/es\/wp-json\/wp\/v2\/posts"}],"about":[{"href":"http:\/\/vincentians.com\/es\/wp-json\/wp\/v2\/types\/post"}],"author":[{"embeddable":true,"href":"http:\/\/vincentians.com\/es\/wp-json\/wp\/v2\/users\/4"}],"replies":[{"embeddable":true,"href":"http:\/\/vincentians.com\/es\/wp-json\/wp\/v2\/comments?post=56678"}],"version-history":[{"count":0,"href":"http:\/\/vincentians.com\/es\/wp-json\/wp\/v2\/posts\/56678\/revisions"}],"wp:featuredmedia":[{"embeddable":true,"href":"http:\/\/vincentians.com\/es\/wp-json\/"}],"wp:attachment":[{"href":"http:\/\/vincentians.com\/es\/wp-json\/wp\/v2\/media?parent=56678"}],"wp:term":[{"taxonomy":"category","embeddable":true,"href":"http:\/\/vincentians.com\/es\/wp-json\/wp\/v2\/categories?post=56678"},{"taxonomy":"post_tag","embeddable":true,"href":"http:\/\/vincentians.com\/es\/wp-json\/wp\/v2\/tags?post=56678"}],"curies":[{"name":"wp","href":"https:\/\/api.w.org\/{rel}","templated":true}]}}