{"id":56664,"date":"2016-11-19T08:00:42","date_gmt":"2016-11-19T07:00:42","guid":{"rendered":"http:\/\/somos.vicencianos.org\/?p=56664"},"modified":"2016-11-10T12:28:48","modified_gmt":"2016-11-10T11:28:48","slug":"reflexion-sobre-las-misiones-ad-gentes-a-la-luz-de-san-vicente","status":"publish","type":"post","link":"http:\/\/vincentians.com\/es\/reflexion-sobre-las-misiones-ad-gentes-a-la-luz-de-san-vicente\/","title":{"rendered":"Reflexi\u00f3n sobre las misiones \u00abAd Gentes\u00bb a la luz de san Vicente"},"content":{"rendered":"<p><img data-recalc-dims=\"1\" loading=\"lazy\" decoding=\"async\" class=\"alignnone size-medium wp-image-400138 alignleft\" src=\"https:\/\/i0.wp.com\/vincentians.com\/es\/wp-content\/uploads\/sites\/11\/2011\/11\/Logo-CM-II-248x300.jpg?resize=248%2C300\" alt=\"logo-cm-ii\" width=\"248\" height=\"300\" \/>Desde el anuncio de la pr\u00f3xima canonizaci\u00f3n de Juan Gabriel Perboyre bulle en el pecho de muchos misioneros una inquietud renovada por las misiones \u00abad gentes\u00bb. De \u00e9stas dicen las Constituciones CM, en consonancia con el pensamiento de San Vicente, que \u00abocupan un lugar eminente entre las obras de apostolado de la Congregaci\u00f3n\u00bb (CC. 16). Las exhortaciones del Fundador sobre el mismo tema se han agolpado en mi memoria al releer las cartas del P. Robert P. Maloney C.M., Superior General, en las que daba cuenta de las visitas giradas a China y a \u00c1frica y lanzaba a la vez llamadas a todos los miembros de la Congregaci\u00f3n, para que respondieran generosamente ofreci\u00e9ndose a ir a las misiones internacionales sostenidas por la Congregaci\u00f3n. \u00bfSer\u00e1 debido a que en las circunstancias actuales la Congregaci\u00f3n entera tendr\u00e1 que dar pruebas m\u00e1s evidentes, o hacer mayores sacrificios de personas y de medios, para demostrar que, de hecho, las misiones ocupan ese \u00ablugar eminente\u00bb entre sus obras? \u00bfNo estar\u00e1 pendiente la reactivaci\u00f3n del esp\u00edritu misionero en una entrega m\u00e1s generalizada a las misiones en cuyos pa\u00edses existe la pobreza m\u00e1s vergonzosa y urgente de socorro? La dedicaci\u00f3n real a las misiones revitaliza hoy y siempre el esp\u00edritu de una Congregaci\u00f3n nacida precisamente para evangelizar en cualquier lugar del mundo.<\/p>\n<p>Ya en tiempo de San Vicente, los misioneros se crec\u00edan en la vocaci\u00f3n ante la urgencia de ir a \u00abpa\u00edses lejanos\u00bb en los que el Evangelio no hab\u00eda sido predicado, o la Iglesia no estaba establecida. El llamamiento a las misiones constitu\u00eda un revulsivo vocacional que explotaba el Fundador en sus comunicaciones orales y escritas.<span id='easy-footnote-1-56664' class='easy-footnote-margin-adjust'><\/span><span class='easy-footnote'><a href='http:\/\/vincentians.com\/es\/reflexion-sobre-las-misiones-ad-gentes-a-la-luz-de-san-vicente\/#easy-footnote-bottom-1-56664' title='El tema de las misiones \u00abad gentes\u00bb, en relaci\u00f3n con San Vicente, ha sido ampliamente tratado por distintos autores. Aqu\u00ed damos un breve extracto de sus ense\u00f1anzas, cf. Redondo, J., Misionolog\u00eda de San Vicente, M\u00e9xico 1960; Van Winsen, Saint Vincent et les missions \u00e9trangeres, Vincentiana (1978), pp. l58-182; Esparza, C., San Vicente de Pa\u00fal y la misi\u00f3n \u00abad gentes\u00bb, Caminos de Misi\u00f3n (1992), n_ 50, pp.21-26; n_ 51, pp.23-25; Orcajo, A., La visi\u00f3n misionera de San Vicente, San Vicente y la misi\u00f3n \u00abad gentes\u00bb, CEME, Salamanca 1995, pp.169-199.'><sup>1<\/sup><\/a><\/span> Lo mismo cabe afirmar de las misiones asumidas por los Superiores Generales, sucesores de San Vicente, que generaron y consolidaron valios\u00edsimas vocaciones a la Congregaci\u00f3n de la Misi\u00f3n. El ejemplo de Juan Gabriel Perboyre lo confirma. Su dedicaci\u00f3n a predicar el mensaje del Evangelio, primero en los seminarios de San Floro y del Seminario Interno de Par\u00eds y luego en China, dedicaci\u00f3n sellada por el amor a Jesucristo y a la Iglesia, ha producido bienes incalculables en toda la cristiandad y sobre todo en la peque\u00f1a parcela de la familia Vicenciana.<\/p>\n<h2><strong> La pasi\u00f3n por el seguimiento de Jes\u00fas Evangelizador de los pobres.<\/strong><\/h2>\n<p>La entrega a las misiones arranca del amor apasionado a Jes\u00fas, enviado del Padre para evangelizar a los pobres, seg\u00fan la experiencia Vicenciana. Jes\u00fas es el primero y el modelo excelso de todos los misioneros. Encarnado en nuestra naturaleza y ungido por el Esp\u00edritu para anunciar la Buena Noticia de la salvaci\u00f3n, Jes\u00fas de Nazaret ense\u00f1a en las sinagogas, cura a los enfermos, perdona a los pecadores y llama a todos a la conversi\u00f3n. En \u00e9l se cumplen las Escrituras sobre el Mes\u00edas (cf. Lc 4,21), que pas\u00f3 haciendo el bien por los pueblos y aldeas de Palestina, y que habr\u00eda traspasado sus fronteras \u00absi hubiera cre\u00eddo conveniente su sabidur\u00eda eterna marchar y predicar la conversi\u00f3n a las naciones pobres. Para eso envi\u00f3 \u00e9l a sus ap\u00f3stoles y nos env\u00eda a nosotros como a ellos, para llevar su fuego a todas partes\u00bb (SVP XI,190).<span id='easy-footnote-2-56664' class='easy-footnote-margin-adjust'><\/span><span class='easy-footnote'><a href='http:\/\/vincentians.com\/es\/reflexion-sobre-las-misiones-ad-gentes-a-la-luz-de-san-vicente\/#easy-footnote-bottom-2-56664' title='Citamos a San Vicente de Pa\u00fal, Obras Completas, seg\u00fan la edici\u00f3n espa\u00f1ola de S\u00edgueme, en letra cursiva, seguida de tomo y p\u00e1gina a continuaci\u00f3n del texto.'><sup>2<\/sup><\/a><\/span> He aqu\u00ed el misionero de los pobres, lleno de caridad compasiva y misericordiosa, que suscita la vocaci\u00f3n de Vicente de Pa\u00fal y de la Misi\u00f3n que \u00e9l mismo echara a andar, a partir del a\u00f1o 1617, con ocasi\u00f3n de la misi\u00f3n dada en Gannes-Folleville.<\/p>\n<p>Las referencias Vicencianas a Jes\u00fas misionero son constantes en cualquier \u00e1rea en que se desenvuelvan sus ense\u00f1anzas espirituales, comunitarias y apost\u00f3licas. Un testigo nos asegura que \u00abcuando el Sr. Vicente habla a fondo (&#8230;) de la compasi\u00f3n con los afligidos, de la asistencia a los pobres, del celo por la salvaci\u00f3n de las almas (&#8230;), eso lo realiza en la pr\u00e1ctica y en la expresi\u00f3n\u00bb (SVP X1,835-836). Con toda seguridad, el contagio que inyectaba en sus compa\u00f1eros se deb\u00eda al amor profesado a Jes\u00fas, Salvador del mundo. De ah\u00ed que todos quedaran impresionados de su conducta y palabra, y dispuestos, en general, a ir hasta los \u00faltimos confines del mundo para \u00abdar a conocer a Dios a los pobres, anunciarles a Jesucristo, decirles que est\u00e1 cerca el Reino de los cielos, y que ese Reino es para los pobres\u00bb (SVP XI,387). Muchas veces le hab\u00edan o\u00eddo decir que su mayor ideal, en la tierra, era servir el Evangelio a toda criatura, por distante que fuera, y que envidiaba la suerte de los misioneros enviados a \u00ablos cuatro rincones del mundo\u00bb (cf. SVP III,260; XI,28). En fin, el deseo de imitar a Jes\u00fas Evangelizador de los pobres no era sustituido, en absoluto, por motivos exclusivos del orden sociol\u00f3gico.<\/p>\n<p>\u00bfQui\u00e9n no percibe en estas palabras la resonancia que produjeron en generaciones posteriores? No hay nadie entre nosotros que desconozca, al menos en teor\u00eda, que la vocaci\u00f3n a seguir a Jes\u00fas Evangelizador de los pobres entra\u00f1a una disposici\u00f3n \u00edntima para ir a cualquier lugar del mundo. Si existe alguna pista de discernimiento vocacional misionero, tiene que ser la de sentir la urgencia de la caridad de Cristo, como San Pablo, para llevar a todos al conocimiento de Dios y de su enviado Jesucristo (Jn 17,3). De no ser as\u00ed, habr\u00eda errado al entrar en una Compa\u00f1\u00eda, \u00abeducada en tal disposici\u00f3n que, dej\u00e1ndolo todo, cuando quiera Su Santidad enviarla a capite ad calcem, vaya muy gustosa\u00bb (SVP II,214). Esto escrib\u00eda el Fundador a B. Codoing, el 25 de mayo de 1642, expres\u00e1ndole el gran consuelo que experimentaba al recibir distintas llamadas de Mons. Ingoli, primer secretario \u00abde Propaganda Fide\u00bb, para hacerse cargo de algunas misiones. Tal sentimiento no obedec\u00eda a una emoci\u00f3n pasajera, sino a la m\u00e1s profunda convicci\u00f3n de fe y de amor a Jesucristo, como lo prueban multitud de comunicaciones anteriores y posteriores a la conocida del 25 de mayo de 1642. Pesaba sobre \u00e9l el convencimiento de que era en esos pa\u00edses de misi\u00f3n donde reinaban la mayor pobreza material y la falta de operarios, y la mies era m\u00e1s abundante (cf. SVP X,379). Pese a los tres siglos transcurridos, se mantiene la misma realidad: no hay desolaci\u00f3n m\u00e1s triste en el mundo que la contemplada en los pa\u00edses subdesarrollados, como lo acreditan incontables testigos, no s\u00f3lo Jerarcas de la Iglesia y Superiores de Congregaciones misioneras, sino cualquier observador atento a la evoluci\u00f3n de los pueblos.<\/p>\n<h2><strong>El amor probado a la Iglesia<\/strong><\/h2>\n<p>La misi\u00f3n de Jes\u00fas al mundo y el env\u00edo que \u00e9l hace de sus Ap\u00f3stoles, con el mandato de predicar el Evangelio a todas las gentes (Mt 28,19-20), vigorizan las catequesis de San Vicente a sus disc\u00edpulos. Tras muchas explicaciones sobre la vocaci\u00f3n misionera, concluye con gran conocimiento del sentido etimol\u00f3gico y conceptual del t\u00e9rmino \u00abmisionero\u00bb, equivalente al de ap\u00f3stol: \u00ab\u00bfQu\u00e9 quiere decir misionero? Quiere decir enviado, enviado de Dios. A vosotros os ha dicho el Se\u00f1or: Euntes in mundum un\u00edversum, predicate evangelium omni creaturae\u00bb (SVP XI,342). En efecto, los Doce, obedeciendo la orden de su Se\u00f1or, se reparten por el mundo, dando testimonio con palabras y obras de la vida de Jes\u00fas, encarnado, muerto y resucitado por la salvaci\u00f3n liberaci\u00f3n de toda la humanidad. Como prueba de su amor a Jes\u00fas, arrostran persecuciones, c\u00e1rceles, amenazas y hasta la muerte sin que nada ni nadie detuviera sus pasos o acallara su voz. Sobre todo el gran Ap\u00f3stol San Pablo, vaso de elecci\u00f3n, es modelo infatigable de trabajo y de amor a las comunidades cristianas que van surgiendo en un lugar o en otro, a impulsos del Esp\u00edritu que le llevaba por distintos caminos.<\/p>\n<p>El Fundador de la Congregaci\u00f3n no sabe leer el libro de los Hechos de los Ap\u00f3stoles sin sentirse acuciado por el mismo Esp\u00edritu que impel\u00eda a Pablo de Tarso a anunciar a los gentiles la riqueza insondable de Cristo. Despu\u00e9s de la lectura, el Sr. Vicente transmit\u00eda a sus compa\u00f1eros el fuego que le devoraba por dentro. Tampoco a \u00e9l, como a los Ap\u00f3stoles, le arredraban las penalidades de la evangelizaci\u00f3n, ni siquiera las bajas de la Compa\u00f1\u00eda por causa de las misiones. Dec\u00eda, por el contrario: \u00ab<em>Que no os acobarden las dificultades. Se trata de la gloria del Padre y de la eficacia de la palabra y de la pasi\u00f3n de su Hijo. La salvaci\u00f3n de los pueblos y nuestra propia salvaci\u00f3n son un beneficio tan grande que merece cualquier esfuerzo, al precio que sea; no importa que muramos antes, con tal que muramos con las armas en la mano (&#8230;). Por un misionero que da la vida por caridad, Dios suscitar\u00e1 otros muchos que har\u00e1n el bien que primero haya dejado de hacer\u00bb <\/em>(SVP Xl,290).<\/p>\n<p>La historia se ha encargado de confirmar esta profec\u00eda que hab\u00eda sido ya consignada por Tertuliano en su Apologeticus: \u00ab<em>Sanguis martyrum, semen christianorun<\/em>\u00ab.\u00a1Qu\u00e9 duda cabe que la sangre de nuestros m\u00e1rtires, como la de Juan Gabriel Perboyre y poco antes la de Francisco Regis Clet, por citar s\u00f3lo dos ejemplos, han sido semilla de abundantes vocaciones misioneras! La obra de las misiones interiores y exteriores no admite parang\u00f3n con otros ministerios de la Congregaci\u00f3n. Aqu\u00e9lla posee una fuerza educadora que no ofrece el resto de los ministerios. Son los modelos admirables de entrega a la evangelizaci\u00f3n de la fe los que han forjado las aut\u00e9nticas vocaciones a la Congregaci\u00f3n y han dado m\u00e1s santos a la comunidad. Si esto es as\u00ed, como no cabe duda, en el caso de diluirse el carisma de las misiones quedar\u00eda minada la Compa\u00f1\u00eda en su vocaci\u00f3n esencial y poco podr\u00eda ofrecer a quienes se presentan para ser continuadores de la obra principal de Jes\u00fas, que vino del cielo a la tierra en cumplimiento de la misi\u00f3n encomendada por el Padre.<\/p>\n<p>El amor apasionado por Jes\u00fas se vive conjuntamente en el amor a la Iglesia evangelizadora y evangelizada por aquellos mismos a los que ella consagra su trabajo. As\u00ed lo han testimoniado todos los servidores del Evangelio. La Iglesia como Reino de Dios, Redil de las ovejas y Cuerpo de Cristo sugiere a San Vicente interesantes ense\u00f1anzas misioneras, expresi\u00f3n de su experiencia bautismal y sacerdotal. Como Reino de Dios, la Iglesia demuestra, por medio de las misiones, que el Esp\u00edritu Santo la gu\u00eda (cf. SVP XI,730). Como Redil o Grey, la Iglesia requiere pastores celosos que apacienten a sus ovejas, vayan en su busca si se han extraviado, venden sus heridas y atraigan a todas al \u00fanico establo de salvaci\u00f3n (cf. Lc 15,4-7; Mt 18,12-14). Como Cuerpo de Cristo, la Iglesia se compone de muchos miembros trabados \u00edntimamente entre s\u00ed, siendo los misioneros los m\u00e1s solidarios y compasivos de los miembros dolientes de ese Cuerpo (cf. SVP XI,560-561). En estas im\u00e1genes de la Iglesia y en otras, como Mies que requiere obreros que trabajen para la cosecha (cf. SVP X1,734), o como Esposa que necesita purificarse (cf. SVP II,377), se destaca la bondad de Dios, que \u00ab<em>nos ha escogido a los misioneros como instrumentos de su caridad inmensa y paternal, que desea reinar y ensancharse en las almas<\/em>\u00bb (SVP XI,553).<\/p>\n<p>El temor de que la Iglesia desapareciera en Europa a causa de las guerras de religi\u00f3n y de la depravaci\u00f3n de costumbres, espoleaba el celo de San Vicente. En 1647 descubre dicha inquietud a J. Dehorgny: \u00ab<em>Puedo decirle que es \u00e9ste un sentimiento que hace tiempo est\u00e1 haciendo mella en mi alma (.. J. Pero, aunque Dios no tuviera este designio, \u00bfno debemos, acaso, contribuir a la extensi\u00f3n de la Iglesia<\/em>?\u00bb (SVP IIl,143). Lo cierto es que en la dedicaci\u00f3n a las misiones y a la formaci\u00f3n del clero invert\u00eda sus mejores fuerzas como prueba de su amor a la Iglesia.<\/p>\n<h2><strong>El ardor de la caridad<\/strong><\/h2>\n<p>Evidentemente, aquellas im\u00e1genes de la Iglesia tienen su aplicaci\u00f3n a personas f\u00edsicas y colectivas, aunque no todas hayan recibido el mismo carisma de la caridad misionera. La caridad fue la que arrastr\u00f3 al Hijo de Dios a hacerse hombre como nosotros y \u00abpara establecer entre nosotros, por su ejemplo y su palabra, la caridad con el pr\u00f3jimo\u00bb (SVP Xl,555). Si analizamos bien los or\u00edgenes de la Misi\u00f3n, veremos que fue \u00abel celo por la salvaci\u00f3n de las almas\u00bb el que le dio nacimiento. Por eso obra siempre urgida por la caridad e incluso permanece \u00aben estado de caridad\u00bb (cf. SVP XI,564).<\/p>\n<p>El efecto sobresaliente de la caridad es el celo apost\u00f3lico, celo por la gloria de Dios en la tierra, celo por llevar el Evangelio a todas las naciones. Es la virtud m\u00e1s caracter\u00edstica del misionero y en la que m\u00e1s insisti\u00f3 el Fundador de la Misi\u00f3n bajo distintos aspectos. Todos hemos o\u00eddo infinidad de veces aquella reflexi\u00f3n suya, inspirada por cierto en otra similar de San Francisco de Sales sobre la devoci\u00f3n: \u00ab<em>El celo consiste en un puro deseo de hacerse agradable a Dios y \u00fatil al pr\u00f3jimo. Celo por extender el Reino de Dios, celo de procurar la salvaci\u00f3n del pr\u00f3jimo. \u00bfHay en el mundo algo m\u00e1s perfecto? Si el amor es fuego, el celo es la llama; si el amor es un sol, el celo es su rayo. El celo es lo m\u00e1s puro que hay en el amor a Dios<\/em>\u00bb (SVP XI,590). Ahora se comprende mejor por qu\u00e9 los misioneros son dechados de caridad: porque siguen a Jes\u00fas, \u00ab<em>que vino a traer fuego a la tierra para inflamarla de su amor. \u00bfQu\u00e9 otra cosa hemos de hacer nosotros sino que arda y lo consuma todo<\/em>?\u00bb (SVP XI,555).<\/p>\n<p>El misionero demuestra que est\u00e1 abrasado de caridad teologal si siente la necesidad de llevarla a los pueblos necesitados, aunque se vea imposibilitado por la debilidad. En este caso, el hervor de su caridad interior producir\u00e1 efectos invisibles pero reales en el Cuerpo total de Cristo. Muchos, como consecuencia de la comuni\u00f3n de los santos, experimentar\u00e1n, sin saber c\u00f3mo, que una fuerza les empuja a dar su vida por los hermanos. Los Papas Pablo VI y Juan Pablo 11 lo han puesto de relieve en sus enc\u00edclicas y alocuciones misionales al referirse al celo, producto de la caridad, tan necesario en la empresa com\u00fan de la evangelizaci\u00f3n de los pueblos. La ausencia de celo traducir\u00eda, en cambio, efectos contrarios a la caridad, que es, por naturaleza, expansiva y contagiosa: la pusilanimidad, la cobard\u00eda, la insensibilidad, la pereza y la comodidad, vicios que fustiga severamente San Vicente como enemigos enconados de la Misi\u00f3n. Causa hasta risa imaginarse al Fundador de la Congregaci\u00f3n ironizando y ridiculizando a los perezosos y vac\u00edos de celo evang\u00e9lico, mientras que levanta admiraci\u00f3n y entusiasmo cuando ensalza a los intr\u00e9pidos ap\u00f3stoles del Evangelio. Semejante entusiasmo le brotaba al constatar la vida interior que cultivaban muchos misioneros, ansiosos de ir a misiones a pesar de su edad avanzada y de la enfermedad; pero, sobre todo, al comprobar que algunos compa\u00f1eros mor\u00edan empe\u00f1ados en la obra principal de la Iglesia y de la Congregaci\u00f3n.<\/p>\n<p>A \u00e9stos consideraba felices y dichosos. San Pablo, San Vicente Ferrer y San Francisco Javier eran tenidos como aut\u00e9nticos testigos de Jes\u00fas, por haber llevado a los pueblos el Reino de Dios. Por eso San Vicente alentaba la ilusi\u00f3n de las misiones, que \u00ab<em>es la labor m\u00e1s elevada, la m\u00e1s \u00fatil y santificadora que hay en la Iglesia <\/em>&#8230;). <em>Los ap\u00f3stoles y los mejores santos se han considerado muy felices en consumirse por esto<\/em>\u00bb (SVP IV,348). En una ocasi\u00f3n, al hablar de la vocaci\u00f3n misionera, apunt\u00f3 la causa de tanta dicha: \u00ab\u00a1<em>Qu\u00e9 feliz es la condici\u00f3n de un misionero que no tiene m\u00e1s limites en sus misiones que el mundo habitable! \u00bfPor qu\u00e9 restringirnos entonces a un punto y ponernos l\u00edmites dentro de una parroquia, si es nuestra toda la circunferencia del c\u00edrculo<\/em>?\u00bb (SVP X1,828-829).<\/p>\n<h2><strong>La envidiable disponibilidad<\/strong><\/h2>\n<p>El celo o caridad en llamas exige una actitud de disponibilidad sin la que es imposible la obra excelsa de las misiones. En tiempo del Fundador, la disponibilidad era requisito y prueba de la vocaci\u00f3n a la Misi\u00f3n. En efecto, \u00ab<em>nuestra vocaci\u00f3n consiste en ir, no a una parroquia ni s\u00f3lo a una Di\u00f3cesis, sino por toda la tierra<\/em>\u00bb (SVP XI,553). Lo contrario equivaldr\u00eda a negarse a los designios de Dios sobre esta Compa\u00f1\u00eda que ha de estar presente donde haya mayor necesidad de operarios evang\u00e9licos. No habr\u00e1 misiones si faltan misioneros disponibles, libres de toda atadura esclavizante: lugares, ministerios y aficiones idol\u00e1tricas. La disponibilidad no conoce fronteras de lenguas, color, culturas ni costumbres. Las dificultades que presentan las misiones carecen de importancia para un misionero despegado de s\u00ed mismo y de los bienes que promete el Maligno. Lo que cuenta para \u00e9l es el seguimiento de Jes\u00fas, que no tuvo lugar fijo ni d\u00f3nde reclinar su cabeza.<\/p>\n<p>\u00bfEst\u00e1 hoy en crisis la disponibilidad de las viejas comunidades de la Congregaci\u00f3n? \u00bfNo tienden a replegarse en s\u00ed mismas, como el caracol en su concha? \u00bfNo andan m\u00e1s preocupadas de la propia subsistencia, que de ampliar horizontes universales? A juzgar por las cartas antedichas del actual Superior General, se advierten signos de entusiasmo misionero por doquier; no obstante, insiste en dirigir nuevas llamadas a la disponibilidad de todos los miembros de la Congregaci\u00f3n. Aunque el descenso num\u00e9rico de vocaciones en Occidente y el envejecimiento del personal de las antiguas Provincias son datos irrefutables, no responden, al parecer, a pruebas contundentes de falta de esp\u00edritu para las misiones \u00abad gentes\u00bb. Si es cierto que el n\u00famero total de salidas y de defunciones en la Congregaci\u00f3n supera hoy al de ordenaciones sacerdotales, se comprueba, por otra parte, que el ardor misionero permanece incandescente en muchos cohermanos que trabajan en Iglesias j\u00f3venes de gran porvenir vocacional. Si se detecta cierto individualismo en el desempe\u00f1o de algunas funciones, desenmascarado en documentos de las \u00faltimas Asambleas, se cuenta a la vez con la colaboraci\u00f3n internacional en proyectos misionales. Argumentos a favor y en contra matizan el comportamiento disponible de los misioneros de hoga\u00f1o, que ojal\u00e1 guarden \u00abmemoria selectiva\u00bb de la conducta generalizada de los misioneros de anta\u00f1o ante las llamadas de socorro recibidas de los Superiores Mayores.<\/p>\n<p>Algunas viejas comunidades a\u00fan tienen campo abierto para el ministerio de las \u00abmisiones populares\u00bb. Si como ense\u00f1a Juan Pablo II, \u00abla misi\u00f3n ad intra es signo cre\u00edble y est\u00edmulo de la misi\u00f3n ad extra, y viceversa\u00bb (RM 34), la disponibilidad para la primera contribuye a verificar el esp\u00edritu universal que requiere la segunda, y a la inversa, la participaci\u00f3n activa -cuanto mayor, mejor- en las misiones exteriores refuerza el ideal de las misiones interiores. Esta constataci\u00f3n viene adem\u00e1s firmada por la historia de la Iglesia y de nuestra propia comunidad. En la Congregaci\u00f3n de la Misi\u00f3n, las misiones \u00abad gentes\u00bb nacieron de la pujanza de las misiones a los pueblos de vieja cristiandad. As\u00ed lo entendi\u00f3 y explic\u00f3 San Vicente: \u00ab<em>Hemos de mantener aqu\u00ed animosamente las posesiones de la Iglesia y los intereses de Jesucristo, y entre tanto trabajar incesantemente por realizar nuevas conquistas y hacer que lo reconozcan los pueblos m\u00e1s lejanos<\/em>\u00bb (SVP XI,245). Esto dec\u00eda, con lenguaje de su tiempo, contando con reducido n\u00famero de personal y con adversidades previstas e imprevistas.<\/p>\n<h2><strong>Conclusi\u00f3n<\/strong><\/h2>\n<p>Nada y nadie impiden que el esp\u00edritu misionero, abierto a cualquier disposici\u00f3n de la Providencia, se viva con esperanza ante el futuro. Todos los misioneros, incluidos los enfermos y ancianos, est\u00e1n llamados, cada uno desde su puesto, a buscar y a establecer el Reino de Dios cerca y lejos de s\u00ed mismos. Los probados por la incapacidad f\u00edsica ayudan a sostener vivos los anhelos de misi\u00f3n de los que trabajan en medio de fuerte oposici\u00f3n. A este prop\u00f3sito conviene recordar aquella sentencia de San Vicente: \u00ab<em>Jesucristo y los santos hicieron mucho m\u00e1s sufriendo que obrando<\/em>\u00bb (SVP II,9). Clavados sus ojos en Jes\u00fas crucificado, que muri\u00f3 por la salvaci\u00f3n de todas las gentes, en obediencia al Padre y amor a los hombres, los misioneros reducidos al silencio y al dolor completan la pasi\u00f3n redentora de Cristo uni\u00e9ndose, cordialmente, al Cuerpo doliente y Evangelizador de la Iglesia.<\/p>\n","protected":false},"excerpt":{"rendered":"<p>Desde el anuncio de la pr\u00f3xima canonizaci\u00f3n de Juan Gabriel Perboyre bulle en el pecho de muchos misioneros una inquietud renovada por las misiones \u00abad gentes\u00bb. De \u00e9stas dicen las Constituciones CM, en consonancia con &#8230; <a href=\"http:\/\/vincentians.com\/es\/reflexion-sobre-las-misiones-ad-gentes-a-la-luz-de-san-vicente\/\" class=\"more-link\">Read More<\/a><\/p>\n","protected":false},"author":4,"featured_media":399390,"comment_status":"open","ping_status":"open","sticky":false,"template":"","format":"standard","meta":{"jetpack_post_was_ever_published":false,"_jetpack_newsletter_access":"","_jetpack_dont_email_post_to_subs":false,"_jetpack_newsletter_tier_id":0,"_jetpack_memberships_contains_paywalled_content":false,"_jetpack_memberships_contains_paid_content":false,"footnotes":"","jetpack_publicize_message":"","jetpack_publicize_feature_enabled":true,"jetpack_social_post_already_shared":true,"jetpack_social_options":{"image_generator_settings":{"template":"highway","default_image_id":0,"font":"","enabled":false},"version":2}},"categories":[201],"tags":[126,175,145,176,196,149],"class_list":["post-56664","post","type-post","status-publish","format-standard","has-post-thumbnail","hentry","category-misiones-ad-gentes","tag-dehorgny","tag-folleville","tag-gannes","tag-misiones-populares","tag-perboyre","tag-san-francisco-javier"],"yoast_head":"<!-- This site is optimized with the Yoast SEO plugin v26.3 - https:\/\/yoast.com\/wordpress\/plugins\/seo\/ -->\n<title>Reflexi\u00f3n sobre las misiones &quot;Ad Gentes&quot; a la luz de san Vicente - Somos Vicencianos<\/title>\n<meta name=\"robots\" content=\"index, follow, max-snippet:-1, max-image-preview:large, max-video-preview:-1\" \/>\n<link rel=\"canonical\" href=\"http:\/\/vincentians.com\/es\/reflexion-sobre-las-misiones-ad-gentes-a-la-luz-de-san-vicente\/\" \/>\n<meta property=\"og:locale\" content=\"es_ES\" \/>\n<meta property=\"og:type\" content=\"article\" \/>\n<meta property=\"og:title\" content=\"Reflexi\u00f3n sobre las misiones &quot;Ad Gentes&quot; a la luz de san Vicente - Somos Vicencianos\" \/>\n<meta property=\"og:description\" content=\"Desde el anuncio de la pr\u00f3xima canonizaci\u00f3n de Juan Gabriel Perboyre bulle en el pecho de muchos misioneros una inquietud renovada por las misiones \u00abad gentes\u00bb. De \u00e9stas dicen las Constituciones CM, en consonancia con ... Read More\" \/>\n<meta property=\"og:url\" content=\"http:\/\/vincentians.com\/es\/reflexion-sobre-las-misiones-ad-gentes-a-la-luz-de-san-vicente\/\" \/>\n<meta property=\"og:site_name\" content=\"Somos Vicencianos\" \/>\n<meta property=\"article:publisher\" content=\"https:\/\/www.facebook.com\/WeAreVincentians\/\" \/>\n<meta property=\"article:author\" content=\"https:\/\/www.facebook.com\/JavierChento\" \/>\n<meta property=\"article:published_time\" content=\"2016-11-19T07:00:42+00:00\" \/>\n<meta property=\"og:image\" content=\"https:\/\/i0.wp.com\/vincentians.com\/es\/wp-content\/uploads\/sites\/11\/2011\/12\/mision-africa.jpg?fit=1200%2C630\" \/>\n\t<meta property=\"og:image:width\" content=\"1200\" \/>\n\t<meta property=\"og:image:height\" content=\"630\" \/>\n\t<meta property=\"og:image:type\" content=\"image\/jpeg\" \/>\n<meta name=\"author\" content=\"Francisco Javier Fern\u00e1ndez Chento\" \/>\n<meta name=\"twitter:card\" content=\"summary_large_image\" \/>\n<meta name=\"twitter:creator\" content=\"@https:\/\/twitter.com\/javierchento\" \/>\n<meta name=\"twitter:site\" content=\"@WeVincentians\" \/>\n<meta name=\"twitter:label1\" content=\"Escrito por\" \/>\n\t<meta name=\"twitter:data1\" content=\"Francisco Javier Fern\u00e1ndez Chento\" \/>\n\t<meta name=\"twitter:label2\" content=\"Tiempo de lectura\" \/>\n\t<meta name=\"twitter:data2\" content=\"18 minutos\" \/>\n<script type=\"application\/ld+json\" class=\"yoast-schema-graph\">{\"@context\":\"https:\/\/schema.org\",\"@graph\":[{\"@type\":\"Article\",\"@id\":\"http:\/\/vincentians.com\/es\/reflexion-sobre-las-misiones-ad-gentes-a-la-luz-de-san-vicente\/#article\",\"isPartOf\":{\"@id\":\"http:\/\/vincentians.com\/es\/reflexion-sobre-las-misiones-ad-gentes-a-la-luz-de-san-vicente\/\"},\"author\":{\"name\":\"Francisco Javier Fern\u00e1ndez Chento\",\"@id\":\"http:\/\/vincentians.com\/es\/#\/schema\/person\/9623ef4d9aa3b2dfb8c061f1499288f2\"},\"headline\":\"Reflexi\u00f3n sobre las misiones \u00abAd Gentes\u00bb a la luz de san Vicente\",\"datePublished\":\"2016-11-19T07:00:42+00:00\",\"mainEntityOfPage\":{\"@id\":\"http:\/\/vincentians.com\/es\/reflexion-sobre-las-misiones-ad-gentes-a-la-luz-de-san-vicente\/\"},\"wordCount\":3679,\"commentCount\":1,\"publisher\":{\"@id\":\"http:\/\/vincentians.com\/es\/#organization\"},\"image\":{\"@id\":\"http:\/\/vincentians.com\/es\/reflexion-sobre-las-misiones-ad-gentes-a-la-luz-de-san-vicente\/#primaryimage\"},\"thumbnailUrl\":\"https:\/\/i0.wp.com\/vincentians.com\/es\/wp-content\/uploads\/sites\/11\/2011\/12\/mision-africa.jpg?fit=1200%2C630\",\"keywords\":[\"Dehorgny\",\"Folleville\",\"Gannes\",\"Misiones Populares\",\"Perboyre\",\"San Francisco Javier\"],\"articleSection\":[\"Misiones \u00abAd gentes\u00bb\"],\"inLanguage\":\"es\",\"potentialAction\":[{\"@type\":\"CommentAction\",\"name\":\"Comment\",\"target\":[\"http:\/\/vincentians.com\/es\/reflexion-sobre-las-misiones-ad-gentes-a-la-luz-de-san-vicente\/#respond\"]}]},{\"@type\":\"WebPage\",\"@id\":\"http:\/\/vincentians.com\/es\/reflexion-sobre-las-misiones-ad-gentes-a-la-luz-de-san-vicente\/\",\"url\":\"http:\/\/vincentians.com\/es\/reflexion-sobre-las-misiones-ad-gentes-a-la-luz-de-san-vicente\/\",\"name\":\"Reflexi\u00f3n sobre las misiones \\\"Ad Gentes\\\" a la luz de san Vicente - Somos Vicencianos\",\"isPartOf\":{\"@id\":\"http:\/\/vincentians.com\/es\/#website\"},\"primaryImageOfPage\":{\"@id\":\"http:\/\/vincentians.com\/es\/reflexion-sobre-las-misiones-ad-gentes-a-la-luz-de-san-vicente\/#primaryimage\"},\"image\":{\"@id\":\"http:\/\/vincentians.com\/es\/reflexion-sobre-las-misiones-ad-gentes-a-la-luz-de-san-vicente\/#primaryimage\"},\"thumbnailUrl\":\"https:\/\/i0.wp.com\/vincentians.com\/es\/wp-content\/uploads\/sites\/11\/2011\/12\/mision-africa.jpg?fit=1200%2C630\",\"datePublished\":\"2016-11-19T07:00:42+00:00\",\"breadcrumb\":{\"@id\":\"http:\/\/vincentians.com\/es\/reflexion-sobre-las-misiones-ad-gentes-a-la-luz-de-san-vicente\/#breadcrumb\"},\"inLanguage\":\"es\",\"potentialAction\":[{\"@type\":\"ReadAction\",\"target\":[\"http:\/\/vincentians.com\/es\/reflexion-sobre-las-misiones-ad-gentes-a-la-luz-de-san-vicente\/\"]}]},{\"@type\":\"ImageObject\",\"inLanguage\":\"es\",\"@id\":\"http:\/\/vincentians.com\/es\/reflexion-sobre-las-misiones-ad-gentes-a-la-luz-de-san-vicente\/#primaryimage\",\"url\":\"https:\/\/i0.wp.com\/vincentians.com\/es\/wp-content\/uploads\/sites\/11\/2011\/12\/mision-africa.jpg?fit=1200%2C630\",\"contentUrl\":\"https:\/\/i0.wp.com\/vincentians.com\/es\/wp-content\/uploads\/sites\/11\/2011\/12\/mision-africa.jpg?fit=1200%2C630\",\"width\":1200,\"height\":630},{\"@type\":\"BreadcrumbList\",\"@id\":\"http:\/\/vincentians.com\/es\/reflexion-sobre-las-misiones-ad-gentes-a-la-luz-de-san-vicente\/#breadcrumb\",\"itemListElement\":[{\"@type\":\"ListItem\",\"position\":1,\"name\":\"Portada\",\"item\":\"http:\/\/vincentians.com\/es\/\"},{\"@type\":\"ListItem\",\"position\":2,\"name\":\"Reflexi\u00f3n sobre las misiones \u00abAd Gentes\u00bb a la luz de san Vicente\"}]},{\"@type\":\"WebSite\",\"@id\":\"http:\/\/vincentians.com\/es\/#website\",\"url\":\"http:\/\/vincentians.com\/es\/\",\"name\":\"Somos Vicencianos\",\"description\":\"Know more to serve more\",\"publisher\":{\"@id\":\"http:\/\/vincentians.com\/es\/#organization\"},\"potentialAction\":[{\"@type\":\"SearchAction\",\"target\":{\"@type\":\"EntryPoint\",\"urlTemplate\":\"http:\/\/vincentians.com\/es\/?s={search_term_string}\"},\"query-input\":{\"@type\":\"PropertyValueSpecification\",\"valueRequired\":true,\"valueName\":\"search_term_string\"}}],\"inLanguage\":\"es\"},{\"@type\":\"Organization\",\"@id\":\"http:\/\/vincentians.com\/es\/#organization\",\"name\":\"The Vincentian Network\",\"url\":\"http:\/\/vincentians.com\/es\/\",\"logo\":{\"@type\":\"ImageObject\",\"inLanguage\":\"es\",\"@id\":\"http:\/\/vincentians.com\/es\/#\/schema\/logo\/image\/\",\"url\":\"https:\/\/i1.wp.com\/vincentians.com\/es\/wp-content\/uploads\/sites\/11\/2016\/06\/Vincentian-Network-logo-big.png?fit=778%2C778\",\"contentUrl\":\"https:\/\/i1.wp.com\/vincentians.com\/es\/wp-content\/uploads\/sites\/11\/2016\/06\/Vincentian-Network-logo-big.png?fit=778%2C778\",\"width\":778,\"height\":778,\"caption\":\"The Vincentian Network\"},\"image\":{\"@id\":\"http:\/\/vincentians.com\/es\/#\/schema\/logo\/image\/\"},\"sameAs\":[\"https:\/\/www.facebook.com\/WeAreVincentians\/\",\"https:\/\/x.com\/WeVincentians\"]},{\"@type\":\"Person\",\"@id\":\"http:\/\/vincentians.com\/es\/#\/schema\/person\/9623ef4d9aa3b2dfb8c061f1499288f2\",\"name\":\"Francisco Javier Fern\u00e1ndez Chento\",\"image\":{\"@type\":\"ImageObject\",\"inLanguage\":\"es\",\"@id\":\"http:\/\/vincentians.com\/es\/#\/schema\/person\/image\/\",\"url\":\"https:\/\/secure.gravatar.com\/avatar\/497d5cde87b4c3d097d0315953521681ba2cd523ee66e5077c3711f7021e65de?s=96&d=mm&r=g\",\"contentUrl\":\"https:\/\/secure.gravatar.com\/avatar\/497d5cde87b4c3d097d0315953521681ba2cd523ee66e5077c3711f7021e65de?s=96&d=mm&r=g\",\"caption\":\"Francisco Javier Fern\u00e1ndez Chento\"},\"description\":\"Director General y cofundador de La Red de Formaci\u00f3n Vicenciana. Javier es laico vicenciano, afiliado a la Congregaci\u00f3n de la Misi\u00f3n y miembro del Equipo de Misiones Populares de la provincia can\u00f3nica de Zaragoza (Espa\u00f1a) de la Congregaci\u00f3n de la Misi\u00f3n. Graduado en la Universidad Oberta de Catalunya con cuatro grados (Asistente de direcci\u00f3n, Gesti\u00f3n Administrativa, Recursos Humanos y Contabilidad Avanzada). Bil\u00edng\u00fce Espa\u00f1ol\/Ingl\u00e9s. gestiona y mantiene varias p\u00e1ginas web cristianas y vicencianas, incluida including La Red de Formaci\u00f3n Vicenciana, de la que es cofundador. Actualmente es responsable del \u00e1rea de Espa\u00f1ol de .famvin, la Red de Noticias de la Familia Vicenciana. Tambi\u00e9n es m\u00fasico cat\u00f3lico y ha editado varios discos. Es Director General y cofundador de Trovador, una reconocida compa\u00f1\u00eda discogr\u00e1fica critiana de Espa\u00f1a. Trabaja en las Tecnolog\u00edas de la Informaci\u00f3n, ofreciendo servicios de alojamiento, dise\u00f1o y mantenimiento Web, as\u00ed como asesoramiento, formaci\u00f3n y soluciones inform\u00e1ticas, gesti\u00f3n documental y digitalizaci\u00f3n de textos, edici\u00f3n y maquetaci\u00f3n de libros, revistas, flyers, etc.\",\"sameAs\":[\"http:\/\/chento.org\",\"https:\/\/www.facebook.com\/JavierChento\",\"https:\/\/x.com\/https:\/\/twitter.com\/javierchento\"],\"url\":\"http:\/\/vincentians.com\/es\/author\/chento\/\"}]}<\/script>\n<!-- \/ Yoast SEO plugin. -->","yoast_head_json":{"title":"Reflexi\u00f3n sobre las misiones \"Ad Gentes\" a la luz de san Vicente - Somos Vicencianos","robots":{"index":"index","follow":"follow","max-snippet":"max-snippet:-1","max-image-preview":"max-image-preview:large","max-video-preview":"max-video-preview:-1"},"canonical":"http:\/\/vincentians.com\/es\/reflexion-sobre-las-misiones-ad-gentes-a-la-luz-de-san-vicente\/","og_locale":"es_ES","og_type":"article","og_title":"Reflexi\u00f3n sobre las misiones \"Ad Gentes\" a la luz de san Vicente - Somos Vicencianos","og_description":"Desde el anuncio de la pr\u00f3xima canonizaci\u00f3n de Juan Gabriel Perboyre bulle en el pecho de muchos misioneros una inquietud renovada por las misiones \u00abad gentes\u00bb. De \u00e9stas dicen las Constituciones CM, en consonancia con ... Read More","og_url":"http:\/\/vincentians.com\/es\/reflexion-sobre-las-misiones-ad-gentes-a-la-luz-de-san-vicente\/","og_site_name":"Somos Vicencianos","article_publisher":"https:\/\/www.facebook.com\/WeAreVincentians\/","article_author":"https:\/\/www.facebook.com\/JavierChento","article_published_time":"2016-11-19T07:00:42+00:00","og_image":[{"width":1200,"height":630,"url":"https:\/\/i0.wp.com\/vincentians.com\/es\/wp-content\/uploads\/sites\/11\/2011\/12\/mision-africa.jpg?fit=1200%2C630","type":"image\/jpeg"}],"author":"Francisco Javier Fern\u00e1ndez Chento","twitter_card":"summary_large_image","twitter_creator":"@https:\/\/twitter.com\/javierchento","twitter_site":"@WeVincentians","twitter_misc":{"Escrito por":"Francisco Javier Fern\u00e1ndez Chento","Tiempo de lectura":"18 minutos"},"schema":{"@context":"https:\/\/schema.org","@graph":[{"@type":"Article","@id":"http:\/\/vincentians.com\/es\/reflexion-sobre-las-misiones-ad-gentes-a-la-luz-de-san-vicente\/#article","isPartOf":{"@id":"http:\/\/vincentians.com\/es\/reflexion-sobre-las-misiones-ad-gentes-a-la-luz-de-san-vicente\/"},"author":{"name":"Francisco Javier Fern\u00e1ndez Chento","@id":"http:\/\/vincentians.com\/es\/#\/schema\/person\/9623ef4d9aa3b2dfb8c061f1499288f2"},"headline":"Reflexi\u00f3n sobre las misiones \u00abAd Gentes\u00bb a la luz de san Vicente","datePublished":"2016-11-19T07:00:42+00:00","mainEntityOfPage":{"@id":"http:\/\/vincentians.com\/es\/reflexion-sobre-las-misiones-ad-gentes-a-la-luz-de-san-vicente\/"},"wordCount":3679,"commentCount":1,"publisher":{"@id":"http:\/\/vincentians.com\/es\/#organization"},"image":{"@id":"http:\/\/vincentians.com\/es\/reflexion-sobre-las-misiones-ad-gentes-a-la-luz-de-san-vicente\/#primaryimage"},"thumbnailUrl":"https:\/\/i0.wp.com\/vincentians.com\/es\/wp-content\/uploads\/sites\/11\/2011\/12\/mision-africa.jpg?fit=1200%2C630","keywords":["Dehorgny","Folleville","Gannes","Misiones Populares","Perboyre","San Francisco Javier"],"articleSection":["Misiones \u00abAd gentes\u00bb"],"inLanguage":"es","potentialAction":[{"@type":"CommentAction","name":"Comment","target":["http:\/\/vincentians.com\/es\/reflexion-sobre-las-misiones-ad-gentes-a-la-luz-de-san-vicente\/#respond"]}]},{"@type":"WebPage","@id":"http:\/\/vincentians.com\/es\/reflexion-sobre-las-misiones-ad-gentes-a-la-luz-de-san-vicente\/","url":"http:\/\/vincentians.com\/es\/reflexion-sobre-las-misiones-ad-gentes-a-la-luz-de-san-vicente\/","name":"Reflexi\u00f3n sobre las misiones \"Ad Gentes\" a la luz de san Vicente - Somos Vicencianos","isPartOf":{"@id":"http:\/\/vincentians.com\/es\/#website"},"primaryImageOfPage":{"@id":"http:\/\/vincentians.com\/es\/reflexion-sobre-las-misiones-ad-gentes-a-la-luz-de-san-vicente\/#primaryimage"},"image":{"@id":"http:\/\/vincentians.com\/es\/reflexion-sobre-las-misiones-ad-gentes-a-la-luz-de-san-vicente\/#primaryimage"},"thumbnailUrl":"https:\/\/i0.wp.com\/vincentians.com\/es\/wp-content\/uploads\/sites\/11\/2011\/12\/mision-africa.jpg?fit=1200%2C630","datePublished":"2016-11-19T07:00:42+00:00","breadcrumb":{"@id":"http:\/\/vincentians.com\/es\/reflexion-sobre-las-misiones-ad-gentes-a-la-luz-de-san-vicente\/#breadcrumb"},"inLanguage":"es","potentialAction":[{"@type":"ReadAction","target":["http:\/\/vincentians.com\/es\/reflexion-sobre-las-misiones-ad-gentes-a-la-luz-de-san-vicente\/"]}]},{"@type":"ImageObject","inLanguage":"es","@id":"http:\/\/vincentians.com\/es\/reflexion-sobre-las-misiones-ad-gentes-a-la-luz-de-san-vicente\/#primaryimage","url":"https:\/\/i0.wp.com\/vincentians.com\/es\/wp-content\/uploads\/sites\/11\/2011\/12\/mision-africa.jpg?fit=1200%2C630","contentUrl":"https:\/\/i0.wp.com\/vincentians.com\/es\/wp-content\/uploads\/sites\/11\/2011\/12\/mision-africa.jpg?fit=1200%2C630","width":1200,"height":630},{"@type":"BreadcrumbList","@id":"http:\/\/vincentians.com\/es\/reflexion-sobre-las-misiones-ad-gentes-a-la-luz-de-san-vicente\/#breadcrumb","itemListElement":[{"@type":"ListItem","position":1,"name":"Portada","item":"http:\/\/vincentians.com\/es\/"},{"@type":"ListItem","position":2,"name":"Reflexi\u00f3n sobre las misiones \u00abAd Gentes\u00bb a la luz de san Vicente"}]},{"@type":"WebSite","@id":"http:\/\/vincentians.com\/es\/#website","url":"http:\/\/vincentians.com\/es\/","name":"Somos Vicencianos","description":"Know more to serve more","publisher":{"@id":"http:\/\/vincentians.com\/es\/#organization"},"potentialAction":[{"@type":"SearchAction","target":{"@type":"EntryPoint","urlTemplate":"http:\/\/vincentians.com\/es\/?s={search_term_string}"},"query-input":{"@type":"PropertyValueSpecification","valueRequired":true,"valueName":"search_term_string"}}],"inLanguage":"es"},{"@type":"Organization","@id":"http:\/\/vincentians.com\/es\/#organization","name":"The Vincentian Network","url":"http:\/\/vincentians.com\/es\/","logo":{"@type":"ImageObject","inLanguage":"es","@id":"http:\/\/vincentians.com\/es\/#\/schema\/logo\/image\/","url":"https:\/\/i1.wp.com\/vincentians.com\/es\/wp-content\/uploads\/sites\/11\/2016\/06\/Vincentian-Network-logo-big.png?fit=778%2C778","contentUrl":"https:\/\/i1.wp.com\/vincentians.com\/es\/wp-content\/uploads\/sites\/11\/2016\/06\/Vincentian-Network-logo-big.png?fit=778%2C778","width":778,"height":778,"caption":"The Vincentian Network"},"image":{"@id":"http:\/\/vincentians.com\/es\/#\/schema\/logo\/image\/"},"sameAs":["https:\/\/www.facebook.com\/WeAreVincentians\/","https:\/\/x.com\/WeVincentians"]},{"@type":"Person","@id":"http:\/\/vincentians.com\/es\/#\/schema\/person\/9623ef4d9aa3b2dfb8c061f1499288f2","name":"Francisco Javier Fern\u00e1ndez Chento","image":{"@type":"ImageObject","inLanguage":"es","@id":"http:\/\/vincentians.com\/es\/#\/schema\/person\/image\/","url":"https:\/\/secure.gravatar.com\/avatar\/497d5cde87b4c3d097d0315953521681ba2cd523ee66e5077c3711f7021e65de?s=96&d=mm&r=g","contentUrl":"https:\/\/secure.gravatar.com\/avatar\/497d5cde87b4c3d097d0315953521681ba2cd523ee66e5077c3711f7021e65de?s=96&d=mm&r=g","caption":"Francisco Javier Fern\u00e1ndez Chento"},"description":"Director General y cofundador de La Red de Formaci\u00f3n Vicenciana. Javier es laico vicenciano, afiliado a la Congregaci\u00f3n de la Misi\u00f3n y miembro del Equipo de Misiones Populares de la provincia can\u00f3nica de Zaragoza (Espa\u00f1a) de la Congregaci\u00f3n de la Misi\u00f3n. Graduado en la Universidad Oberta de Catalunya con cuatro grados (Asistente de direcci\u00f3n, Gesti\u00f3n Administrativa, Recursos Humanos y Contabilidad Avanzada). Bil\u00edng\u00fce Espa\u00f1ol\/Ingl\u00e9s. gestiona y mantiene varias p\u00e1ginas web cristianas y vicencianas, incluida including La Red de Formaci\u00f3n Vicenciana, de la que es cofundador. Actualmente es responsable del \u00e1rea de Espa\u00f1ol de .famvin, la Red de Noticias de la Familia Vicenciana. Tambi\u00e9n es m\u00fasico cat\u00f3lico y ha editado varios discos. Es Director General y cofundador de Trovador, una reconocida compa\u00f1\u00eda discogr\u00e1fica critiana de Espa\u00f1a. Trabaja en las Tecnolog\u00edas de la Informaci\u00f3n, ofreciendo servicios de alojamiento, dise\u00f1o y mantenimiento Web, as\u00ed como asesoramiento, formaci\u00f3n y soluciones inform\u00e1ticas, gesti\u00f3n documental y digitalizaci\u00f3n de textos, edici\u00f3n y maquetaci\u00f3n de libros, revistas, flyers, etc.","sameAs":["http:\/\/chento.org","https:\/\/www.facebook.com\/JavierChento","https:\/\/x.com\/https:\/\/twitter.com\/javierchento"],"url":"http:\/\/vincentians.com\/es\/author\/chento\/"}]}},"jetpack_publicize_connections":[],"jetpack_featured_media_url":"https:\/\/i0.wp.com\/vincentians.com\/es\/wp-content\/uploads\/sites\/11\/2011\/12\/mision-africa.jpg?fit=1200%2C630","jetpack_sharing_enabled":true,"jetpack_shortlink":"https:\/\/wp.me\/p7ETMF-eJW","jetpack-related-posts":[{"id":120719,"url":"http:\/\/vincentians.com\/es\/mision-ad-gentes-en-la-familia-vicenciana\/","url_meta":{"origin":56664,"position":0},"title":"Misi\u00f3n Ad Gentes en la Familia Vicenciana","author":"Francisco Javier Fern\u00e1ndez Chento","date":"19\/10\/2022","format":false,"excerpt":"Propuesta Mi propuesta para el tema de la misi\u00f3n ad gentes es muy sencilla. El compromiso con \"misiones ad gentes\", est\u00e1 en los funda\u00admentos de nuestra propia espiritualidad y carisma. Forma parte de nuestro ser. Una caracter\u00edstica a la que no hemos prestado excesiva atenci\u00f3n. Pero aunque no la hemos\u2026","rel":"","context":"En \u00abMisiones \u00abAd gentes\u00bb\u00bb","block_context":{"text":"Misiones \u00abAd gentes\u00bb","link":"http:\/\/vincentians.com\/es\/category\/servicios-y-ministerios\/misiones-ad-gentes\/"},"img":{"alt_text":"","src":"https:\/\/i0.wp.com\/vincentians.com\/es\/wp-content\/uploads\/sites\/11\/2015\/02\/St_Vincent_De_Paul_-bible-1.jpg?fit=1200%2C630&resize=350%2C200","width":350,"height":200,"srcset":"https:\/\/i0.wp.com\/vincentians.com\/es\/wp-content\/uploads\/sites\/11\/2015\/02\/St_Vincent_De_Paul_-bible-1.jpg?fit=1200%2C630&resize=350%2C200 1x, https:\/\/i0.wp.com\/vincentians.com\/es\/wp-content\/uploads\/sites\/11\/2015\/02\/St_Vincent_De_Paul_-bible-1.jpg?fit=1200%2C630&resize=525%2C300 1.5x, https:\/\/i0.wp.com\/vincentians.com\/es\/wp-content\/uploads\/sites\/11\/2015\/02\/St_Vincent_De_Paul_-bible-1.jpg?fit=1200%2C630&resize=700%2C400 2x, https:\/\/i0.wp.com\/vincentians.com\/es\/wp-content\/uploads\/sites\/11\/2015\/02\/St_Vincent_De_Paul_-bible-1.jpg?fit=1200%2C630&resize=1050%2C600 3x"},"classes":[]},{"id":117581,"url":"http:\/\/vincentians.com\/es\/he-sido-enviado-a-evangelizar-a-los-pobres\/","url_meta":{"origin":56664,"position":1},"title":"He sido enviado a evangelizar a los pobres","author":"Francisco Javier Fern\u00e1ndez Chento","date":"27\/05\/2015","format":false,"excerpt":"1.- Continuadores de la misi\u00f3n de Cristo S\u00ed, nuestro Se\u00f1or pide de nosotros que evangelicemos a los pobres: es lo que \u00e9l hizo y lo que quiere seguir haciendo por medio de nosotros (XI, 386). 1) El seguimiento de Cristo evangelizador de los pobres, fin de la Congre\u00adgaci\u00f3n (cf. C\u2026","rel":"","context":"En \u00abFormaci\u00f3n Vicenciana\u00bb","block_context":{"text":"Formaci\u00f3n Vicenciana","link":"http:\/\/vincentians.com\/es\/category\/formacion-vicenciana\/"},"img":{"alt_text":"St Vincent et Ste Louise recueillent des enfants","src":"https:\/\/i0.wp.com\/vicencianos.org\/wp-content\/2013\/02\/evangelizar_pobres-300x268.jpg?resize=350%2C200","width":350,"height":200},"classes":[]},{"id":136778,"url":"http:\/\/vincentians.com\/es\/enviados-ad-gentes\/","url_meta":{"origin":56664,"position":2},"title":"Enviados \u00abAd Gentes\u00bb","author":"Francisco Javier Fern\u00e1ndez Chento","date":"07\/02\/2015","format":false,"excerpt":"\u00abSabed que vamos a dedi\u00adcarnos a los paganos. As\u00ed \u00adnos lo ha mandado el Se\u00f1or: Yo te har\u00e9 luz de las naciones, para que lleves la salvaci\u00f3n hasta el extremo \u00adde la tierra\u00bb. (Hch 13,47). \u00abEntre las obras de apostolado de la Congregaci\u00f3n ocupan un lugar destacado las Misiones \u00abad\u2026","rel":"","context":"En \u00abEspiritualidad vicenciana\u00bb","block_context":{"text":"Espiritualidad vicenciana","link":"http:\/\/vincentians.com\/es\/category\/espiritualidad\/espiritualidad-vicenciana\/"},"img":{"alt_text":"mision_ad_gentes","src":"https:\/\/i0.wp.com\/vicencianos.org\/wp-content\/2013\/05\/mision_ad_gentes-300x225.jpg?resize=350%2C200","width":350,"height":200},"classes":[]},{"id":131326,"url":"http:\/\/vincentians.com\/es\/sentir-con-la-iglesia\/","url_meta":{"origin":56664,"position":3},"title":"Sentir con la Iglesia","author":"Francisco Javier Fern\u00e1ndez Chento","date":"06\/02\/2015","format":false,"excerpt":"\"Y aparte de eso (los peligros externos), la carga de cada d\u00eda, las preocupaciones por todas las comunidades \u00bfQui\u00e9n enferma sin que yo enferme? \u00bfQui\u00e9n cae sin que a m\u00ed me d\u00e9 fiebre? (II Cor 11, 28-29). \"Supuesto este fin, la Congregaci\u00f3n de la Misi\u00f3n, atendiendo siempre al Evangelio, a\u2026","rel":"","context":"En \u00abEspiritualidad vicenciana\u00bb","block_context":{"text":"Espiritualidad vicenciana","link":"http:\/\/vincentians.com\/es\/category\/espiritualidad\/espiritualidad-vicenciana\/"},"img":{"alt_text":"iglesia comunidad","src":"https:\/\/i0.wp.com\/vicencianos.org\/wp-content\/2014\/09\/iglesia-comunidad-297x300.jpg?resize=350%2C200","width":350,"height":200},"classes":[]},{"id":134512,"url":"http:\/\/vincentians.com\/es\/dos-papas-santos-simpatizantes-del-carisma-vicentino\/","url_meta":{"origin":56664,"position":4},"title":"Dos papas santos simpatizantes del carisma vicentino","author":"Francisco Javier Fern\u00e1ndez Chento","date":"31\/12\/2014","format":false,"excerpt":"El Papa Francisco canoniz\u00f3 a los papas Juan XXIII (1881\u20131963) y Juan Pablo II (1929\u20132005) el 27 de abril de 2014 en Roma, en el contexto del 50 aniversario de la apertura del Concilio Vaticano II convocado por el papa Roncalli, convirti\u00e9ndose as\u00ed en los otros pont\u00edfices proclamados santos en\u2026","rel":"","context":"En \u00abFormaci\u00f3n Vicenciana\u00bb","block_context":{"text":"Formaci\u00f3n Vicenciana","link":"http:\/\/vincentians.com\/es\/category\/formacion-vicenciana\/"},"img":{"alt_text":"juan23_y_juanpablo2","src":"https:\/\/i0.wp.com\/vicencianos.org\/wp-content\/2014\/12\/juan23_y_juanpablo2.jpg?resize=350%2C200","width":350,"height":200},"classes":[]},{"id":114096,"url":"http:\/\/vincentians.com\/es\/los-misioneros-paules-de-la-provincia-de-zaragoza-estrenan-web-de-misiones-populares\/","url_meta":{"origin":56664,"position":5},"title":"Los Misioneros Pa\u00fales de la Provincia de Zaragoza estrenan Web de Misiones Populares","author":"Francisco Javier Fern\u00e1ndez Chento","date":"25\/10\/2012","format":false,"excerpt":"Con el inicio del nuevo curso, el equipo de Misiones Populares de la Provincia Can\u00f3nica de Zaragoza estrena, tambi\u00e9n, una p\u00e1gina web espec\u00edfica en donde se podr\u00e1 ir siguiendo la vida diaria de las misiones populares que realizan. La direcci\u00f3n de la p\u00e1gina es: http:\/\/misiones-populares.es Con el tiempo y poco\u2026","rel":"","context":"En \u00abMisiones \u00abAd gentes\u00bb\u00bb","block_context":{"text":"Misiones \u00abAd gentes\u00bb","link":"http:\/\/vincentians.com\/es\/category\/servicios-y-ministerios\/misiones-ad-gentes\/"},"img":{"alt_text":"","src":"https:\/\/i0.wp.com\/vicencianos.org\/wp-content\/2012\/10\/web_misiones-300x234.jpg?resize=350%2C200","width":350,"height":200},"classes":[]}],"_links":{"self":[{"href":"http:\/\/vincentians.com\/es\/wp-json\/wp\/v2\/posts\/56664","targetHints":{"allow":["GET"]}}],"collection":[{"href":"http:\/\/vincentians.com\/es\/wp-json\/wp\/v2\/posts"}],"about":[{"href":"http:\/\/vincentians.com\/es\/wp-json\/wp\/v2\/types\/post"}],"author":[{"embeddable":true,"href":"http:\/\/vincentians.com\/es\/wp-json\/wp\/v2\/users\/4"}],"replies":[{"embeddable":true,"href":"http:\/\/vincentians.com\/es\/wp-json\/wp\/v2\/comments?post=56664"}],"version-history":[{"count":2,"href":"http:\/\/vincentians.com\/es\/wp-json\/wp\/v2\/posts\/56664\/revisions"}],"predecessor-version":[{"id":400192,"href":"http:\/\/vincentians.com\/es\/wp-json\/wp\/v2\/posts\/56664\/revisions\/400192"}],"wp:featuredmedia":[{"embeddable":true,"href":"http:\/\/vincentians.com\/es\/wp-json\/wp\/v2\/media\/399390"}],"wp:attachment":[{"href":"http:\/\/vincentians.com\/es\/wp-json\/wp\/v2\/media?parent=56664"}],"wp:term":[{"taxonomy":"category","embeddable":true,"href":"http:\/\/vincentians.com\/es\/wp-json\/wp\/v2\/categories?post=56664"},{"taxonomy":"post_tag","embeddable":true,"href":"http:\/\/vincentians.com\/es\/wp-json\/wp\/v2\/tags?post=56664"}],"curies":[{"name":"wp","href":"https:\/\/api.w.org\/{rel}","templated":true}]}}