{"id":56449,"date":"2015-04-25T09:57:03","date_gmt":"2015-04-25T07:57:03","guid":{"rendered":"http:\/\/somos.vicencianos.org\/?p=56449"},"modified":"2015-04-25T09:57:03","modified_gmt":"2015-04-25T07:57:03","slug":"beata-julia-nemesia-valle","status":"publish","type":"post","link":"http:\/\/vincentians.com\/es\/beata-julia-nemesia-valle\/","title":{"rendered":"Beata Julia Nemesia Valle"},"content":{"rendered":"<p><a href=\"https:\/\/i0.wp.com\/vicencianos.org\/wp-content\/2011\/12\/nemesia_valle.jpg\"><img data-recalc-dims=\"1\" loading=\"lazy\" decoding=\"async\" class=\"alignright size-medium wp-image-56450\" title=\"nemesia_valle\" src=\"https:\/\/i0.wp.com\/vicencianos.org\/wp-content\/2011\/12\/nemesia_valle-217x300.jpg?resize=217%2C300\" alt=\"\" width=\"217\" height=\"300\" \/><\/a>Julia, es el nombre que sus padres, Anselmo Valle y Mar\u00eda Cristina Dalbar, eligen para ella. Naci\u00f3 en Aosta el 26 de junio de 1847, en el mismo d\u00eda es bautizada en la antigua iglesia de San Orso.<\/p>\n<p>Los primeros a\u00f1os de su vida transcurren en la serenidad de una familia que se alegra por el nacimiento de un nuevo hijo, Vicente, y donde el trabajo de la mam\u00e1 que administra un negocio de modista y del pap\u00e1 que desempe\u00f1a una intensa actividad comercial, aseguran un cierto bienestar. Su mam\u00e1 muere cuando Julia tiene, tan s\u00f3lo, cuatro a\u00f1os. Los dos hu\u00e9rfanos son confiados al cuidado de los parientes paternos, primero en Aosta, despu\u00e9s a sus parientes maternos en Donnas. Aqu\u00ed encuentran un ambiente sereno, la escuela, el catecismo y la preparaci\u00f3n a los sacramentos se hace en casa, bajo la gu\u00eda de un sacerdote, amigo de la familia.<\/p>\n<p>Cuando Julia tiene once a\u00f1os, para completar su instrucci\u00f3n, es enviada a Francia, a Besan\u00e7on, a un pensionado perteneciente a las Hermanas de la Caridad. La separaci\u00f3n de la familia es un nuevo dolor para ella, una nueva experiencia de soledad que la orienta hacia una profunda amistad con \u00abel Se\u00f1or que tiene a su lado a su mam\u00e1\u00bb.<\/p>\n<p>En Besan\u00e7on aprende bien la lengua francesa, enriquece su cultura, llega a ser habilidosa en los trabajos femeninos, madura una delicada bondad que la hace amable y atenta hacia los otros.<\/p>\n<p>Despu\u00e9s de cinco a\u00f1os, Julia regresa a su tierra, pero no encuentra m\u00e1s su casa en Donnas. Su padre, se ha vuelto a casar, y se ha transferido a Pont Saint Mart\u00edn. Encuentra una situaci\u00f3n familiar tensa, donde la convivencia no es f\u00e1cil. Su hermano Vicente no soporta: se va de la casa y no se sabr\u00e1 nada m\u00e1s de \u00e9l \u2026 Julia se queda y en su soledad nace el deseo de buscar aquello que la familia no le puede dar, a comprender aquellos que viven la misma experiencia de dolor, a encontrar gestos que expresen amistad, comprensi\u00f3n, bondad para todos.<\/p>\n<p>En este periodo, en Pont Saint Mart\u00edn se hab\u00edan establecido las Hermanas de la Caridad. Julia encuentra all\u00ed su maestra de Besan\u00e7on; las hijas de santa Juana Antida Thouret, la ayudan, la animan. Observa el estilo de vida donado a Dios y a los otros y decide ser una de ellas. Cuando su padre le presenta la propuesta de un buen matrimonio, Julia no vacila: ha decidido que su vida ser\u00e1 toda donada a Dios: desea solamente ser Hermana de la Caridad.<\/p>\n<p>El 8 de septiembre de 1866 su padre la acompa\u00f1a a Vercelli, en el Monasterio de Santa Margarita donde las Hermanas de la Caridad tienen su noviciado.<\/p>\n<p>Comienza una vida nueva en la paz, en la alegr\u00eda, mas all\u00e1 de las l\u00e1grimas por una separaci\u00f3n no f\u00e1cil. Se trata de entrar en una relaci\u00f3n m\u00e1s profunda con Dios, de conocerse a s\u00ed misma y la misi\u00f3n de la comunidad, para ser disponible a andar donde Dios la llame. Julia entra con alegr\u00eda en este camino de noviciado. Cada d\u00eda descubre aquello que debe perder o conquistar: \u00abJes\u00fas desp\u00f3jame de mi misma y, rev\u00edsteme de Vos. Jes\u00fas por ti vivo, por ti muero\u2026\u00bb es la oraci\u00f3n que la acompa\u00f1a y la acompa\u00f1ar\u00e1 a lo largo de su vida.<\/p>\n<p>Al fin del noviciado, con el h\u00e1bito religioso recibe un nombre nuevo: Hermana Nemesia. Es el nombre de una m\u00e1rtir de los primeros siglos. Est\u00e1 contenta y del nombre hace su programa de vida: testimoniar su amor a Jes\u00fas hasta las \u00faltimas consecuencias, a cualquier precio, para siempre.<\/p>\n<p>Es enviada a Tortona, al Instituto de san Vicente. Encuentra una escuela primaria, cursos de cultura, un pensionado, un orfanato. Ense\u00f1a en la escuela primaria y en los cursos superiores la lengua francesa. Es el terreno adapto para sembrar bondad. La Hermana Nemesia est\u00e1 presente donde hay un trabajo humilde para desarrollar, un sufrimiento para aliviar, donde un disgusto impide relaciones serenas, donde la fatiga, el dolor, la pobreza limitan la vida.<\/p>\n<p>Muy pronto una voz se difunde dentro del instituto y en la ciudad: \u00ab\u00a1Oh, qu\u00e9 coraz\u00f3n el de la Hermana Nemesia!\u00bb<\/p>\n<p>Cada uno est\u00e1 convencido de tener un lugar particular en su coraz\u00f3n, que parece no tener limite: hermanas, hu\u00e9rfanos, alumnos, familias, pobres, sacerdotes del vecino seminario, soldados de la gran casa de Tortona recurren a ella, la buscan como si fuera la \u00fanica hermana presente en la casa.<\/p>\n<p>Cuando a los cuarenta a\u00f1os es nombrada superiora de la comunidad, la Hna.. Nemesia queda desconcertada, mas un pensamiento le da coraje: ser superiora significa \u00abservir\u00bb, por consiguiente podr\u00e1 darse sin medida y, humildemente, enfrenta la subida. Las l\u00edneas de su programa son trazadas:<\/p>\n<p>\u00abEnfrentar el paso, sin volver atr\u00e1s, fijando una \u00fanica meta: \u00a1S\u00f3lo Dios! \u00abA \u00c9l la gloria, a los otros la alegr\u00eda, a m\u00ed el precio a pagar, sufrir mas jam\u00e1s hacer sufrir. Ser\u00e9 severa conmigo misma y toda caridad con las hermanas: el amor que se dona es la \u00fanica cosa que permanece.\u00bb<\/p>\n<p>Su caridad no tiene limites. En Tortona la llaman \u00abnuestro \u00e1ngel\u00bb<\/p>\n<p>La ma\u00f1ana del 10 de mayo de 1903, las hu\u00e9rfanas y las pupilas encuentran un mensaje de la Hna.. Nemesia para ellas: \u00abMe voy contenta, las conf\u00edo a la Virgen\u2026Las seguir\u00e9 en cada momento del d\u00eda.\u00bb Parte a las 4 de la ma\u00f1ana, despu\u00e9s de 36 a\u00f1os\u2026 En Borgaro, peque\u00f1o pueblito cerca de Tur\u00edn, existe un grupo de j\u00f3venes que espera ser acompa\u00f1ado por un nuevo camino, hacia la donaci\u00f3n total a Dios en el servicio a los pobres\u2026 Son las novicias de la nueva provincia de las Hermanas de la Caridad\u2026 El m\u00e9todo de formaci\u00f3n usado por la Hna.. Nemesia es siempre el mismo: el de la bondad, de la comprensi\u00f3n que educa a la renuncia m\u00e1s por amor, de la paciencia que sabe esperar y encontrar el camino justo que conviene a cada una.<\/p>\n<p>Sus novicias la recuerdan: \u00abNos conoc\u00eda a cada una, comprend\u00eda nuestras necesidades, nos trataba seg\u00fan nuestra manera de ser, nos ped\u00eda aquello que consegu\u00eda hacernos amar\u2026\u00bb<\/p>\n<p>La superiora provincial que ten\u00eda un car\u00e1cter \u00aben perfecta ant\u00edtesis con el suyo\u00bb disent\u00eda de este m\u00e9todo. Ella aplicaba un m\u00e9todo r\u00edgido, fuerte, inmediato. Esta forma de ver generaba relevantes contrastes que desembocaban en reproches y humillaciones. La Hna.. Nemesia acog\u00eda todo en silencio, sonriendo continuaba su camino, sin apuro, sin dejar sus responsabilidades: \u00abDe estaci\u00f3n en estaci\u00f3n, recorremos nuestro camino en el desierto\u2026y si el desierto es sordo Aquel que te ha creado siempre escucha\u2026\u00bb<\/p>\n<p>A lo largo de su camino la Hna. Nemesia se acerca al final. Han pasado trece a\u00f1os de su llegada a Borgaro. Cerca de quinientas hermanas aprendieron con ella a caminar los senderos de Dios. Ha donado todo: ahora el Se\u00f1or le pide tambi\u00e9n de \u00abdejar\u00bb a otras \u00absu noviciado\u00bb.<\/p>\n<p>La oraci\u00f3n que ha hecho suya desde el inicio: \u00abJes\u00fas desp\u00f3jame de mi misma, rev\u00edsteme de Vos\u00bb la acompa\u00f1a a lo largo de toda la vida. Ahora puede decir \u00abno soy m\u00e1s para ninguno\u00bb. El despojo es total. Es la \u00faltima ofrenda de una vida donada totalmente por amor.<\/p>\n<p>El 18 diciembre de 1916 la Hna. Nemesia muere.<\/p>\n<p>Fue beatificada por Juan Pablo II el 25 de abril de 2004.<\/p>\n","protected":false},"excerpt":{"rendered":"<p>Julia, es el nombre que sus padres, Anselmo Valle y Mar\u00eda Cristina Dalbar, eligen para ella. Naci\u00f3 en Aosta el 26 de junio de 1847, en el mismo d\u00eda es bautizada en la antigua iglesia &#8230; <a href=\"http:\/\/vincentians.com\/es\/beata-julia-nemesia-valle\/\" class=\"more-link\">Read More<\/a><\/p>\n","protected":false},"author":4,"featured_media":132896,"comment_status":"open","ping_status":"open","sticky":false,"template":"","format":"standard","meta":{"jetpack_post_was_ever_published":false,"_jetpack_newsletter_access":"","_jetpack_dont_email_post_to_subs":false,"_jetpack_newsletter_tier_id":0,"_jetpack_memberships_contains_paywalled_content":false,"_jetpack_memberships_contains_paid_content":false,"footnotes":"","jetpack_publicize_message":"","jetpack_publicize_feature_enabled":true,"jetpack_social_post_already_shared":true,"jetpack_social_options":{"image_generator_settings":{"template":"highway","default_image_id":0,"font":"","enabled":false},"version":2}},"categories":[364],"tags":[172,267],"class_list":["post-56449","post","type-post","status-publish","format-standard","has-post-thumbnail","hentry","category-julia-nemesia-valle","tag-pobreza","tag-saint-martin"],"yoast_head":"<!-- This site is optimized with the Yoast SEO plugin v26.3 - https:\/\/yoast.com\/wordpress\/plugins\/seo\/ -->\n<title>Beata Julia Nemesia Valle - Somos Vicencianos<\/title>\n<meta name=\"robots\" content=\"index, follow, max-snippet:-1, max-image-preview:large, max-video-preview:-1\" \/>\n<link rel=\"canonical\" href=\"http:\/\/vincentians.com\/es\/beata-julia-nemesia-valle\/\" \/>\n<meta property=\"og:locale\" content=\"es_ES\" \/>\n<meta property=\"og:type\" content=\"article\" \/>\n<meta property=\"og:title\" content=\"Beata Julia Nemesia Valle - Somos Vicencianos\" \/>\n<meta property=\"og:description\" content=\"Julia, es el nombre que sus padres, Anselmo Valle y Mar\u00eda Cristina Dalbar, eligen para ella. Naci\u00f3 en Aosta el 26 de junio de 1847, en el mismo d\u00eda es bautizada en la antigua iglesia ... Read More\" \/>\n<meta property=\"og:url\" content=\"http:\/\/vincentians.com\/es\/beata-julia-nemesia-valle\/\" \/>\n<meta property=\"og:site_name\" content=\"Somos Vicencianos\" \/>\n<meta property=\"article:publisher\" content=\"https:\/\/www.facebook.com\/WeAreVincentians\/\" \/>\n<meta property=\"article:author\" content=\"https:\/\/www.facebook.com\/JavierChento\" \/>\n<meta property=\"article:published_time\" content=\"2015-04-25T07:57:03+00:00\" \/>\n<meta name=\"author\" content=\"Francisco Javier Fern\u00e1ndez Chento\" \/>\n<meta name=\"twitter:card\" content=\"summary_large_image\" \/>\n<meta name=\"twitter:creator\" content=\"@https:\/\/twitter.com\/javierchento\" \/>\n<meta name=\"twitter:site\" content=\"@WeVincentians\" \/>\n<meta name=\"twitter:label1\" content=\"Escrito por\" \/>\n\t<meta name=\"twitter:data1\" content=\"Francisco Javier Fern\u00e1ndez Chento\" \/>\n\t<meta name=\"twitter:label2\" content=\"Tiempo de lectura\" \/>\n\t<meta name=\"twitter:data2\" content=\"6 minutos\" \/>\n<script type=\"application\/ld+json\" class=\"yoast-schema-graph\">{\"@context\":\"https:\/\/schema.org\",\"@graph\":[{\"@type\":\"Article\",\"@id\":\"http:\/\/vincentians.com\/es\/beata-julia-nemesia-valle\/#article\",\"isPartOf\":{\"@id\":\"http:\/\/vincentians.com\/es\/beata-julia-nemesia-valle\/\"},\"author\":{\"name\":\"Francisco Javier Fern\u00e1ndez Chento\",\"@id\":\"http:\/\/vincentians.com\/es\/#\/schema\/person\/9623ef4d9aa3b2dfb8c061f1499288f2\"},\"headline\":\"Beata Julia Nemesia Valle\",\"datePublished\":\"2015-04-25T07:57:03+00:00\",\"mainEntityOfPage\":{\"@id\":\"http:\/\/vincentians.com\/es\/beata-julia-nemesia-valle\/\"},\"wordCount\":1294,\"commentCount\":0,\"publisher\":{\"@id\":\"http:\/\/vincentians.com\/es\/#organization\"},\"image\":{\"@id\":\"http:\/\/vincentians.com\/es\/beata-julia-nemesia-valle\/#primaryimage\"},\"thumbnailUrl\":\"\",\"keywords\":[\"Pobreza\",\"Saint Martin\"],\"articleSection\":[\"Julia Nemesia Valle\"],\"inLanguage\":\"es\",\"potentialAction\":[{\"@type\":\"CommentAction\",\"name\":\"Comment\",\"target\":[\"http:\/\/vincentians.com\/es\/beata-julia-nemesia-valle\/#respond\"]}]},{\"@type\":\"WebPage\",\"@id\":\"http:\/\/vincentians.com\/es\/beata-julia-nemesia-valle\/\",\"url\":\"http:\/\/vincentians.com\/es\/beata-julia-nemesia-valle\/\",\"name\":\"Beata Julia Nemesia Valle - Somos Vicencianos\",\"isPartOf\":{\"@id\":\"http:\/\/vincentians.com\/es\/#website\"},\"primaryImageOfPage\":{\"@id\":\"http:\/\/vincentians.com\/es\/beata-julia-nemesia-valle\/#primaryimage\"},\"image\":{\"@id\":\"http:\/\/vincentians.com\/es\/beata-julia-nemesia-valle\/#primaryimage\"},\"thumbnailUrl\":\"\",\"datePublished\":\"2015-04-25T07:57:03+00:00\",\"breadcrumb\":{\"@id\":\"http:\/\/vincentians.com\/es\/beata-julia-nemesia-valle\/#breadcrumb\"},\"inLanguage\":\"es\",\"potentialAction\":[{\"@type\":\"ReadAction\",\"target\":[\"http:\/\/vincentians.com\/es\/beata-julia-nemesia-valle\/\"]}]},{\"@type\":\"ImageObject\",\"inLanguage\":\"es\",\"@id\":\"http:\/\/vincentians.com\/es\/beata-julia-nemesia-valle\/#primaryimage\",\"url\":\"\",\"contentUrl\":\"\"},{\"@type\":\"BreadcrumbList\",\"@id\":\"http:\/\/vincentians.com\/es\/beata-julia-nemesia-valle\/#breadcrumb\",\"itemListElement\":[{\"@type\":\"ListItem\",\"position\":1,\"name\":\"Portada\",\"item\":\"http:\/\/vincentians.com\/es\/\"},{\"@type\":\"ListItem\",\"position\":2,\"name\":\"Beata Julia Nemesia Valle\"}]},{\"@type\":\"WebSite\",\"@id\":\"http:\/\/vincentians.com\/es\/#website\",\"url\":\"http:\/\/vincentians.com\/es\/\",\"name\":\"Somos Vicencianos\",\"description\":\"Know more to serve more\",\"publisher\":{\"@id\":\"http:\/\/vincentians.com\/es\/#organization\"},\"potentialAction\":[{\"@type\":\"SearchAction\",\"target\":{\"@type\":\"EntryPoint\",\"urlTemplate\":\"http:\/\/vincentians.com\/es\/?s={search_term_string}\"},\"query-input\":{\"@type\":\"PropertyValueSpecification\",\"valueRequired\":true,\"valueName\":\"search_term_string\"}}],\"inLanguage\":\"es\"},{\"@type\":\"Organization\",\"@id\":\"http:\/\/vincentians.com\/es\/#organization\",\"name\":\"The Vincentian Network\",\"url\":\"http:\/\/vincentians.com\/es\/\",\"logo\":{\"@type\":\"ImageObject\",\"inLanguage\":\"es\",\"@id\":\"http:\/\/vincentians.com\/es\/#\/schema\/logo\/image\/\",\"url\":\"https:\/\/i1.wp.com\/vincentians.com\/es\/wp-content\/uploads\/sites\/11\/2016\/06\/Vincentian-Network-logo-big.png?fit=778%2C778\",\"contentUrl\":\"https:\/\/i1.wp.com\/vincentians.com\/es\/wp-content\/uploads\/sites\/11\/2016\/06\/Vincentian-Network-logo-big.png?fit=778%2C778\",\"width\":778,\"height\":778,\"caption\":\"The Vincentian Network\"},\"image\":{\"@id\":\"http:\/\/vincentians.com\/es\/#\/schema\/logo\/image\/\"},\"sameAs\":[\"https:\/\/www.facebook.com\/WeAreVincentians\/\",\"https:\/\/x.com\/WeVincentians\"]},{\"@type\":\"Person\",\"@id\":\"http:\/\/vincentians.com\/es\/#\/schema\/person\/9623ef4d9aa3b2dfb8c061f1499288f2\",\"name\":\"Francisco Javier Fern\u00e1ndez Chento\",\"image\":{\"@type\":\"ImageObject\",\"inLanguage\":\"es\",\"@id\":\"http:\/\/vincentians.com\/es\/#\/schema\/person\/image\/\",\"url\":\"https:\/\/secure.gravatar.com\/avatar\/497d5cde87b4c3d097d0315953521681ba2cd523ee66e5077c3711f7021e65de?s=96&d=mm&r=g\",\"contentUrl\":\"https:\/\/secure.gravatar.com\/avatar\/497d5cde87b4c3d097d0315953521681ba2cd523ee66e5077c3711f7021e65de?s=96&d=mm&r=g\",\"caption\":\"Francisco Javier Fern\u00e1ndez Chento\"},\"description\":\"Director General y cofundador de La Red de Formaci\u00f3n Vicenciana. Javier es laico vicenciano, afiliado a la Congregaci\u00f3n de la Misi\u00f3n y miembro del Equipo de Misiones Populares de la provincia can\u00f3nica de Zaragoza (Espa\u00f1a) de la Congregaci\u00f3n de la Misi\u00f3n. Graduado en la Universidad Oberta de Catalunya con cuatro grados (Asistente de direcci\u00f3n, Gesti\u00f3n Administrativa, Recursos Humanos y Contabilidad Avanzada). Bil\u00edng\u00fce Espa\u00f1ol\/Ingl\u00e9s. gestiona y mantiene varias p\u00e1ginas web cristianas y vicencianas, incluida including La Red de Formaci\u00f3n Vicenciana, de la que es cofundador. Actualmente es responsable del \u00e1rea de Espa\u00f1ol de .famvin, la Red de Noticias de la Familia Vicenciana. Tambi\u00e9n es m\u00fasico cat\u00f3lico y ha editado varios discos. Es Director General y cofundador de Trovador, una reconocida compa\u00f1\u00eda discogr\u00e1fica critiana de Espa\u00f1a. Trabaja en las Tecnolog\u00edas de la Informaci\u00f3n, ofreciendo servicios de alojamiento, dise\u00f1o y mantenimiento Web, as\u00ed como asesoramiento, formaci\u00f3n y soluciones inform\u00e1ticas, gesti\u00f3n documental y digitalizaci\u00f3n de textos, edici\u00f3n y maquetaci\u00f3n de libros, revistas, flyers, etc.\",\"sameAs\":[\"http:\/\/chento.org\",\"https:\/\/www.facebook.com\/JavierChento\",\"https:\/\/x.com\/https:\/\/twitter.com\/javierchento\"],\"url\":\"http:\/\/vincentians.com\/es\/author\/chento\/\"}]}<\/script>\n<!-- \/ Yoast SEO plugin. -->","yoast_head_json":{"title":"Beata Julia Nemesia Valle - Somos Vicencianos","robots":{"index":"index","follow":"follow","max-snippet":"max-snippet:-1","max-image-preview":"max-image-preview:large","max-video-preview":"max-video-preview:-1"},"canonical":"http:\/\/vincentians.com\/es\/beata-julia-nemesia-valle\/","og_locale":"es_ES","og_type":"article","og_title":"Beata Julia Nemesia Valle - Somos Vicencianos","og_description":"Julia, es el nombre que sus padres, Anselmo Valle y Mar\u00eda Cristina Dalbar, eligen para ella. Naci\u00f3 en Aosta el 26 de junio de 1847, en el mismo d\u00eda es bautizada en la antigua iglesia ... Read More","og_url":"http:\/\/vincentians.com\/es\/beata-julia-nemesia-valle\/","og_site_name":"Somos Vicencianos","article_publisher":"https:\/\/www.facebook.com\/WeAreVincentians\/","article_author":"https:\/\/www.facebook.com\/JavierChento","article_published_time":"2015-04-25T07:57:03+00:00","author":"Francisco Javier Fern\u00e1ndez Chento","twitter_card":"summary_large_image","twitter_creator":"@https:\/\/twitter.com\/javierchento","twitter_site":"@WeVincentians","twitter_misc":{"Escrito por":"Francisco Javier Fern\u00e1ndez Chento","Tiempo de lectura":"6 minutos"},"schema":{"@context":"https:\/\/schema.org","@graph":[{"@type":"Article","@id":"http:\/\/vincentians.com\/es\/beata-julia-nemesia-valle\/#article","isPartOf":{"@id":"http:\/\/vincentians.com\/es\/beata-julia-nemesia-valle\/"},"author":{"name":"Francisco Javier Fern\u00e1ndez Chento","@id":"http:\/\/vincentians.com\/es\/#\/schema\/person\/9623ef4d9aa3b2dfb8c061f1499288f2"},"headline":"Beata Julia Nemesia Valle","datePublished":"2015-04-25T07:57:03+00:00","mainEntityOfPage":{"@id":"http:\/\/vincentians.com\/es\/beata-julia-nemesia-valle\/"},"wordCount":1294,"commentCount":0,"publisher":{"@id":"http:\/\/vincentians.com\/es\/#organization"},"image":{"@id":"http:\/\/vincentians.com\/es\/beata-julia-nemesia-valle\/#primaryimage"},"thumbnailUrl":"","keywords":["Pobreza","Saint Martin"],"articleSection":["Julia Nemesia Valle"],"inLanguage":"es","potentialAction":[{"@type":"CommentAction","name":"Comment","target":["http:\/\/vincentians.com\/es\/beata-julia-nemesia-valle\/#respond"]}]},{"@type":"WebPage","@id":"http:\/\/vincentians.com\/es\/beata-julia-nemesia-valle\/","url":"http:\/\/vincentians.com\/es\/beata-julia-nemesia-valle\/","name":"Beata Julia Nemesia Valle - Somos Vicencianos","isPartOf":{"@id":"http:\/\/vincentians.com\/es\/#website"},"primaryImageOfPage":{"@id":"http:\/\/vincentians.com\/es\/beata-julia-nemesia-valle\/#primaryimage"},"image":{"@id":"http:\/\/vincentians.com\/es\/beata-julia-nemesia-valle\/#primaryimage"},"thumbnailUrl":"","datePublished":"2015-04-25T07:57:03+00:00","breadcrumb":{"@id":"http:\/\/vincentians.com\/es\/beata-julia-nemesia-valle\/#breadcrumb"},"inLanguage":"es","potentialAction":[{"@type":"ReadAction","target":["http:\/\/vincentians.com\/es\/beata-julia-nemesia-valle\/"]}]},{"@type":"ImageObject","inLanguage":"es","@id":"http:\/\/vincentians.com\/es\/beata-julia-nemesia-valle\/#primaryimage","url":"","contentUrl":""},{"@type":"BreadcrumbList","@id":"http:\/\/vincentians.com\/es\/beata-julia-nemesia-valle\/#breadcrumb","itemListElement":[{"@type":"ListItem","position":1,"name":"Portada","item":"http:\/\/vincentians.com\/es\/"},{"@type":"ListItem","position":2,"name":"Beata Julia Nemesia Valle"}]},{"@type":"WebSite","@id":"http:\/\/vincentians.com\/es\/#website","url":"http:\/\/vincentians.com\/es\/","name":"Somos Vicencianos","description":"Know more to serve more","publisher":{"@id":"http:\/\/vincentians.com\/es\/#organization"},"potentialAction":[{"@type":"SearchAction","target":{"@type":"EntryPoint","urlTemplate":"http:\/\/vincentians.com\/es\/?s={search_term_string}"},"query-input":{"@type":"PropertyValueSpecification","valueRequired":true,"valueName":"search_term_string"}}],"inLanguage":"es"},{"@type":"Organization","@id":"http:\/\/vincentians.com\/es\/#organization","name":"The Vincentian Network","url":"http:\/\/vincentians.com\/es\/","logo":{"@type":"ImageObject","inLanguage":"es","@id":"http:\/\/vincentians.com\/es\/#\/schema\/logo\/image\/","url":"https:\/\/i1.wp.com\/vincentians.com\/es\/wp-content\/uploads\/sites\/11\/2016\/06\/Vincentian-Network-logo-big.png?fit=778%2C778","contentUrl":"https:\/\/i1.wp.com\/vincentians.com\/es\/wp-content\/uploads\/sites\/11\/2016\/06\/Vincentian-Network-logo-big.png?fit=778%2C778","width":778,"height":778,"caption":"The Vincentian Network"},"image":{"@id":"http:\/\/vincentians.com\/es\/#\/schema\/logo\/image\/"},"sameAs":["https:\/\/www.facebook.com\/WeAreVincentians\/","https:\/\/x.com\/WeVincentians"]},{"@type":"Person","@id":"http:\/\/vincentians.com\/es\/#\/schema\/person\/9623ef4d9aa3b2dfb8c061f1499288f2","name":"Francisco Javier Fern\u00e1ndez Chento","image":{"@type":"ImageObject","inLanguage":"es","@id":"http:\/\/vincentians.com\/es\/#\/schema\/person\/image\/","url":"https:\/\/secure.gravatar.com\/avatar\/497d5cde87b4c3d097d0315953521681ba2cd523ee66e5077c3711f7021e65de?s=96&d=mm&r=g","contentUrl":"https:\/\/secure.gravatar.com\/avatar\/497d5cde87b4c3d097d0315953521681ba2cd523ee66e5077c3711f7021e65de?s=96&d=mm&r=g","caption":"Francisco Javier Fern\u00e1ndez Chento"},"description":"Director General y cofundador de La Red de Formaci\u00f3n Vicenciana. Javier es laico vicenciano, afiliado a la Congregaci\u00f3n de la Misi\u00f3n y miembro del Equipo de Misiones Populares de la provincia can\u00f3nica de Zaragoza (Espa\u00f1a) de la Congregaci\u00f3n de la Misi\u00f3n. Graduado en la Universidad Oberta de Catalunya con cuatro grados (Asistente de direcci\u00f3n, Gesti\u00f3n Administrativa, Recursos Humanos y Contabilidad Avanzada). Bil\u00edng\u00fce Espa\u00f1ol\/Ingl\u00e9s. gestiona y mantiene varias p\u00e1ginas web cristianas y vicencianas, incluida including La Red de Formaci\u00f3n Vicenciana, de la que es cofundador. Actualmente es responsable del \u00e1rea de Espa\u00f1ol de .famvin, la Red de Noticias de la Familia Vicenciana. Tambi\u00e9n es m\u00fasico cat\u00f3lico y ha editado varios discos. Es Director General y cofundador de Trovador, una reconocida compa\u00f1\u00eda discogr\u00e1fica critiana de Espa\u00f1a. Trabaja en las Tecnolog\u00edas de la Informaci\u00f3n, ofreciendo servicios de alojamiento, dise\u00f1o y mantenimiento Web, as\u00ed como asesoramiento, formaci\u00f3n y soluciones inform\u00e1ticas, gesti\u00f3n documental y digitalizaci\u00f3n de textos, edici\u00f3n y maquetaci\u00f3n de libros, revistas, flyers, etc.","sameAs":["http:\/\/chento.org","https:\/\/www.facebook.com\/JavierChento","https:\/\/x.com\/https:\/\/twitter.com\/javierchento"],"url":"http:\/\/vincentians.com\/es\/author\/chento\/"}]}},"jetpack_publicize_connections":[],"jetpack_featured_media_url":"","jetpack_sharing_enabled":true,"jetpack_shortlink":"https:\/\/wp.me\/p7ETMF-eGt","jetpack-related-posts":[{"id":131720,"url":"http:\/\/vincentians.com\/es\/cardellach-busquets-nemesio\/","url_meta":{"origin":56449,"position":0},"title":"CARDELLACH BUSQUETS, NEMESIO","author":"Mitxel Olabu\u00e9naga","date":"04\/11\/2014","format":false,"excerpt":"Nacimiento: 27.12.28 en Tarrasa, Tarragona \/ Fecha de vocaci\u00f3n: 24.7.1859 en M\u00e9xico \/ Votos perpetuos: 25.7.1861 \/ Fecha de ordenaci\u00f3n: 11.6.1862 en Par\u00eds. Junto con los estudiantes Rocha y Monta\u00f1o, sali\u00f3 de M\u00e9xico cuando la guerra de los tres a\u00f1os para ordenarse fuera. De Cuba fueron enviados a Espa\u00f1a y\u2026","rel":"","context":"En \u00abBiograf\u00edas de Misioneros Pa\u00fales\u00bb","block_context":{"text":"Biograf\u00edas de Misioneros Pa\u00fales","link":"http:\/\/vincentians.com\/es\/category\/la-familia-vicenciana\/biografias-vicencianas\/biografias-de-misioneros-paules\/"},"img":{"alt_text":"","src":"https:\/\/i0.wp.com\/vincentians.com\/es\/wp-content\/uploads\/sites\/11\/2016\/07\/bio-cm.jpg?fit=1200%2C630&resize=350%2C200","width":350,"height":200,"srcset":"https:\/\/i0.wp.com\/vincentians.com\/es\/wp-content\/uploads\/sites\/11\/2016\/07\/bio-cm.jpg?fit=1200%2C630&resize=350%2C200 1x, https:\/\/i0.wp.com\/vincentians.com\/es\/wp-content\/uploads\/sites\/11\/2016\/07\/bio-cm.jpg?fit=1200%2C630&resize=525%2C300 1.5x, https:\/\/i0.wp.com\/vincentians.com\/es\/wp-content\/uploads\/sites\/11\/2016\/07\/bio-cm.jpg?fit=1200%2C630&resize=700%2C400 2x, https:\/\/i0.wp.com\/vincentians.com\/es\/wp-content\/uploads\/sites\/11\/2016\/07\/bio-cm.jpg?fit=1200%2C630&resize=1050%2C600 3x"},"classes":[]},{"id":116825,"url":"http:\/\/vincentians.com\/es\/ramon-maten-estudiante\/","url_meta":{"origin":56449,"position":1},"title":"Ram\u00f3n Maten, estudiante","author":"Mitxel Olabu\u00e9naga","date":"19\/01\/2013","format":false,"excerpt":"Naci\u00f3 en Marata (Barcelona) el 17 de julio de 1776; ingres\u00f3 en la Congre\u00adgaci\u00f3n el 7 de noviembre de 1795 e hizo dos a\u00f1os despu\u00e9s los votos; pero, seg\u00fan parece, con ciertas restricciones in\u00adteriores y no de modo absoluto conforme se hacen en la Congregaci\u00f3n. Cuando, pasados cuatro o cinco\u2026","rel":"","context":"En \u00abBiograf\u00edas de Misioneros Pa\u00fales\u00bb","block_context":{"text":"Biograf\u00edas de Misioneros Pa\u00fales","link":"http:\/\/vincentians.com\/es\/category\/la-familia-vicenciana\/biografias-vicencianas\/biografias-de-misioneros-paules\/"},"img":{"alt_text":"","src":"https:\/\/i0.wp.com\/vincentians.com\/es\/wp-content\/uploads\/sites\/11\/2016\/07\/bio-cm.jpg?fit=1200%2C630&resize=350%2C200","width":350,"height":200,"srcset":"https:\/\/i0.wp.com\/vincentians.com\/es\/wp-content\/uploads\/sites\/11\/2016\/07\/bio-cm.jpg?fit=1200%2C630&resize=350%2C200 1x, https:\/\/i0.wp.com\/vincentians.com\/es\/wp-content\/uploads\/sites\/11\/2016\/07\/bio-cm.jpg?fit=1200%2C630&resize=525%2C300 1.5x, https:\/\/i0.wp.com\/vincentians.com\/es\/wp-content\/uploads\/sites\/11\/2016\/07\/bio-cm.jpg?fit=1200%2C630&resize=700%2C400 2x, https:\/\/i0.wp.com\/vincentians.com\/es\/wp-content\/uploads\/sites\/11\/2016\/07\/bio-cm.jpg?fit=1200%2C630&resize=1050%2C600 3x"},"classes":[]},{"id":114853,"url":"http:\/\/vincentians.com\/es\/vicente-de-paul-carta-1019-julian-guerin-sacerdote-de-la-mision-a-san-vicente\/","url_meta":{"origin":56449,"position":2},"title":"Vicente de Pa\u00fal, Carta 1019: Julian Guerin, Sacerdote De La Misi\u00f3n, A San Vicente","author":"Francisco Javier Fern\u00e1ndez Chento","date":"30\/11\/2012","format":false,"excerpt":"[T\u00fanez, entre 1645 y mayo de 1648] No puedo menos de comunicarle lo que me dijo un turco uno de estos d\u00edas pasados, para confusi\u00f3n de los malos cristianos. Me estaba esforzando en reconciliar a dos cristianos que estaban re\u00f1idos; y al ver mis esfuerzos por conseguirlo, me dijo delante\u2026","rel":"","context":"En \u00abEscritos de Vicente de Pa\u00fal\u00bb","block_context":{"text":"Escritos de Vicente de Pa\u00fal","link":"http:\/\/vincentians.com\/es\/category\/escritos\/escritos-de-vicente-de-paul\/"},"img":{"alt_text":"","src":"https:\/\/i0.wp.com\/vincentians.com\/es\/wp-content\/uploads\/sites\/11\/2016\/07\/escritos-vicente-de-paul.jpg?fit=1200%2C630&resize=350%2C200","width":350,"height":200,"srcset":"https:\/\/i0.wp.com\/vincentians.com\/es\/wp-content\/uploads\/sites\/11\/2016\/07\/escritos-vicente-de-paul.jpg?fit=1200%2C630&resize=350%2C200 1x, https:\/\/i0.wp.com\/vincentians.com\/es\/wp-content\/uploads\/sites\/11\/2016\/07\/escritos-vicente-de-paul.jpg?fit=1200%2C630&resize=525%2C300 1.5x, https:\/\/i0.wp.com\/vincentians.com\/es\/wp-content\/uploads\/sites\/11\/2016\/07\/escritos-vicente-de-paul.jpg?fit=1200%2C630&resize=700%2C400 2x, https:\/\/i0.wp.com\/vincentians.com\/es\/wp-content\/uploads\/sites\/11\/2016\/07\/escritos-vicente-de-paul.jpg?fit=1200%2C630&resize=1050%2C600 3x"},"classes":[]},{"id":289,"url":"http:\/\/vincentians.com\/es\/julian-martinez-de-alegria\/","url_meta":{"origin":56449,"position":3},"title":"Juli\u00e1n Mart\u00ednez de Alegr\u00eda","author":"Mitxel Olabu\u00e9naga","date":"18\/11\/2009","format":false,"excerpt":"47 P. Juli\u00e1n Mnez. de Alegr\u00eda 06-01-96 Pamplona BPZ, Enero 1996 Hace unos d\u00edas tuve la ocasi\u00f3n de ver un v\u00eddeo que los feligreses del P. Juli\u00e1n Mart\u00ednez de Alegr\u00eda, de San Crist\u00f3bal de la Higuerita en la Laguna (Tenerife), le enviaron un poco antes de que \u00e9l falleciera en\u2026","rel":"","context":"En \u00abBiograf\u00edas de Misioneros Pa\u00fales\u00bb","block_context":{"text":"Biograf\u00edas de Misioneros Pa\u00fales","link":"http:\/\/vincentians.com\/es\/category\/la-familia-vicenciana\/biografias-vicencianas\/biografias-de-misioneros-paules\/"},"img":{"alt_text":"","src":"https:\/\/i0.wp.com\/vincentians.com\/es\/wp-content\/uploads\/sites\/11\/2016\/07\/bio-cm.jpg?fit=1200%2C630&resize=350%2C200","width":350,"height":200,"srcset":"https:\/\/i0.wp.com\/vincentians.com\/es\/wp-content\/uploads\/sites\/11\/2016\/07\/bio-cm.jpg?fit=1200%2C630&resize=350%2C200 1x, https:\/\/i0.wp.com\/vincentians.com\/es\/wp-content\/uploads\/sites\/11\/2016\/07\/bio-cm.jpg?fit=1200%2C630&resize=525%2C300 1.5x, https:\/\/i0.wp.com\/vincentians.com\/es\/wp-content\/uploads\/sites\/11\/2016\/07\/bio-cm.jpg?fit=1200%2C630&resize=700%2C400 2x, https:\/\/i0.wp.com\/vincentians.com\/es\/wp-content\/uploads\/sites\/11\/2016\/07\/bio-cm.jpg?fit=1200%2C630&resize=1050%2C600 3x"},"classes":[]},{"id":124440,"url":"http:\/\/vincentians.com\/es\/historia-de-los-paules-en-cuba-capitulo-xii-b\/","url_meta":{"origin":56449,"position":4},"title":"Historia de los PA\u00daLES en Cuba (CAP\u00cdTULO XII B)","author":"Mitxel Olabu\u00e9naga","date":"13\/05\/2023","format":false,"excerpt":"2. La Parroquia de la Milagrosa. Ya conocemos, por la lectura del cap\u00edtulo IX, los detalles que propiciaron la construcci\u00f3n de la capilla de la Milagrosa en el a\u00f1o 1927. Resumimos algunos datos. Todo comenz\u00f3 con una peque\u00f1a capilla que pronto result\u00f3 insuficiente para los fieles. En febrero de 1928,\u2026","rel":"","context":"En \u00abHistoria de la Congregaci\u00f3n de la Misi\u00f3n\u00bb","block_context":{"text":"Historia de la Congregaci\u00f3n de la Misi\u00f3n","link":"http:\/\/vincentians.com\/es\/category\/historia-de-la-familia-vicenciana\/historia-de-la-congregacion-de-la-mision\/"},"img":{"alt_text":"","src":"https:\/\/i0.wp.com\/vincentians.com\/es\/wp-content\/uploads\/sites\/11\/2013\/05\/Cuba-Iglesia-de-La-Milagrosa-La-Habana.png?fit=1200%2C919&resize=350%2C200","width":350,"height":200,"srcset":"https:\/\/i0.wp.com\/vincentians.com\/es\/wp-content\/uploads\/sites\/11\/2013\/05\/Cuba-Iglesia-de-La-Milagrosa-La-Habana.png?fit=1200%2C919&resize=350%2C200 1x, https:\/\/i0.wp.com\/vincentians.com\/es\/wp-content\/uploads\/sites\/11\/2013\/05\/Cuba-Iglesia-de-La-Milagrosa-La-Habana.png?fit=1200%2C919&resize=525%2C300 1.5x, https:\/\/i0.wp.com\/vincentians.com\/es\/wp-content\/uploads\/sites\/11\/2013\/05\/Cuba-Iglesia-de-La-Milagrosa-La-Habana.png?fit=1200%2C919&resize=700%2C400 2x, https:\/\/i0.wp.com\/vincentians.com\/es\/wp-content\/uploads\/sites\/11\/2013\/05\/Cuba-Iglesia-de-La-Milagrosa-La-Habana.png?fit=1200%2C919&resize=1050%2C600 3x"},"classes":[]},{"id":124436,"url":"http:\/\/vincentians.com\/es\/historia-de-los-paules-en-cuba-capitulo-xi-c\/","url_meta":{"origin":56449,"position":5},"title":"Historia de los Pa\u00fales en Cuba (Cap\u00edtulo XI C)","author":"Mitxel Olabu\u00e9naga","date":"03\/05\/2023","format":false,"excerpt":"Prescindiendo de las responsabilidades personales nos atenemos a los hechos. La realidad es que materialmente se derrumb\u00f3 la Provincia por el paso del vendaval de la revoluci\u00f3n. De los 53 misioneros que hab\u00edan trabajado en Cuba quedaron apenas unos pocos, y a\u00f1os despu\u00e9s fueron reducidos a 10. La Congregaci\u00f3n de\u2026","rel":"","context":"En \u00abHistoria de la Congregaci\u00f3n de la Misi\u00f3n\u00bb","block_context":{"text":"Historia de la Congregaci\u00f3n de la Misi\u00f3n","link":"http:\/\/vincentians.com\/es\/category\/historia-de-la-familia-vicenciana\/historia-de-la-congregacion-de-la-mision\/"},"img":{"alt_text":"","src":"https:\/\/i0.wp.com\/vincentians.com\/es\/wp-content\/uploads\/sites\/11\/2013\/05\/Cuba-Iglesia-de-La-Milagrosa-La-Habana.png?fit=1200%2C919&resize=350%2C200","width":350,"height":200,"srcset":"https:\/\/i0.wp.com\/vincentians.com\/es\/wp-content\/uploads\/sites\/11\/2013\/05\/Cuba-Iglesia-de-La-Milagrosa-La-Habana.png?fit=1200%2C919&resize=350%2C200 1x, https:\/\/i0.wp.com\/vincentians.com\/es\/wp-content\/uploads\/sites\/11\/2013\/05\/Cuba-Iglesia-de-La-Milagrosa-La-Habana.png?fit=1200%2C919&resize=525%2C300 1.5x, https:\/\/i0.wp.com\/vincentians.com\/es\/wp-content\/uploads\/sites\/11\/2013\/05\/Cuba-Iglesia-de-La-Milagrosa-La-Habana.png?fit=1200%2C919&resize=700%2C400 2x, https:\/\/i0.wp.com\/vincentians.com\/es\/wp-content\/uploads\/sites\/11\/2013\/05\/Cuba-Iglesia-de-La-Milagrosa-La-Habana.png?fit=1200%2C919&resize=1050%2C600 3x"},"classes":[]}],"_links":{"self":[{"href":"http:\/\/vincentians.com\/es\/wp-json\/wp\/v2\/posts\/56449","targetHints":{"allow":["GET"]}}],"collection":[{"href":"http:\/\/vincentians.com\/es\/wp-json\/wp\/v2\/posts"}],"about":[{"href":"http:\/\/vincentians.com\/es\/wp-json\/wp\/v2\/types\/post"}],"author":[{"embeddable":true,"href":"http:\/\/vincentians.com\/es\/wp-json\/wp\/v2\/users\/4"}],"replies":[{"embeddable":true,"href":"http:\/\/vincentians.com\/es\/wp-json\/wp\/v2\/comments?post=56449"}],"version-history":[{"count":0,"href":"http:\/\/vincentians.com\/es\/wp-json\/wp\/v2\/posts\/56449\/revisions"}],"wp:featuredmedia":[{"embeddable":true,"href":"http:\/\/vincentians.com\/es\/wp-json\/"}],"wp:attachment":[{"href":"http:\/\/vincentians.com\/es\/wp-json\/wp\/v2\/media?parent=56449"}],"wp:term":[{"taxonomy":"category","embeddable":true,"href":"http:\/\/vincentians.com\/es\/wp-json\/wp\/v2\/categories?post=56449"},{"taxonomy":"post_tag","embeddable":true,"href":"http:\/\/vincentians.com\/es\/wp-json\/wp\/v2\/tags?post=56449"}],"curies":[{"name":"wp","href":"https:\/\/api.w.org\/{rel}","templated":true}]}}