{"id":56413,"date":"2015-03-08T08:57:58","date_gmt":"2015-03-08T07:57:58","guid":{"rendered":"http:\/\/somos.vicencianos.org\/?p=56413"},"modified":"2016-07-27T12:06:27","modified_gmt":"2016-07-27T10:06:27","slug":"jean-melwenski-1712-1773","status":"publish","type":"post","link":"http:\/\/vincentians.com\/es\/jean-melwenski-1712-1773\/","title":{"rendered":"Jean Melwenski (1712-1773)"},"content":{"rendered":"<p>&nbsp;<\/p>\n<p><a href=\"https:\/\/i0.wp.com\/vicencianos.org\/wp-content\/2011\/12\/Biografias-Pa%C3%BAles16.jpg\"><img data-recalc-dims=\"1\" loading=\"lazy\" decoding=\"async\" class=\"alignleft size-full wp-image-56414\" src=\"https:\/\/i0.wp.com\/vicencianos.org\/wp-content\/2011\/12\/Biografias-Pa%C3%BAles16.jpg?resize=232%2C300\" alt=\"\" width=\"232\" height=\"300\" \/><\/a>\u00a0\u00a0 La casa de Misioneros en L\u00e9opol, en Polonia estaba destinada a dar misiones al pueblo de los campos, retiros y conferencias a los eclesi\u00e1sticos. El primer superior fue el Sr. Jean Melwenski que muri\u00f3 el 8 de septiembre de 1773.<\/p>\n<p>Hab\u00eda nacido en la di\u00f3cesis de Vilna, el 6 de julio de 1712, y fue recibido en la Congregaci\u00f3n, en Varsovia, el 4 de noviembre de 1731. Despu\u00e9s de su seminario, sigui\u00f3 los cursos acostumbrados\u00a0 de filosof\u00eda y de teolog\u00eda, y cuando fue ordenado sacerdote, ense\u00f1\u00f3 en varias casas con mucho \u00e9xito. Tom\u00f3 parte en varias misiones. Ten\u00eda muchas aptitudes y gusto por esta obra. Fue luego nombrado superior de la casa de Smilowicz, que llev\u00f3 durante varios a\u00f1os con mucha regularidad, edificaci\u00f3n y piedad, aunque al principio debi\u00f3 sufrir mucho.<\/p>\n<p>En 1748, le enviaron de superior a L\u00e9opol, y all\u00ed fue la primera piedra de esta nueva fundaci\u00f3n realizada por Mons Nicolas Wyzycki, arzlobispo de Leopol. Y comenz\u00f3 por dar una misi\u00f3n con sus cohermanos en la iglesia Nuestra Se\u00f1ora, en la que hubo una gran multitud para seguir sus ejercicios; en la comuni\u00f3n general, se contaron diecisiete mil personas. Pas\u00f3 seis a\u00f1os en esta casa de L\u00e9opol, manteniendo constantemente el orden y la regularidad. Con frecuencia, iba \u00e9l mismo a misiones y\u00a0 trabajaba en ellas con celo; su mayor felicidad era anunciar la palabra de Dios a las gentes sencillas del campo y escuchar sus confesiones.<\/p>\n<p>Fue luego, en 1752, encargado de la casa de Sambor, que dirigi\u00f3 de la misma manera durante el espacio de nueve a\u00f1os, tras lo cual regres\u00f3 a L\u00e9opol. Ser\u00eda dif\u00edcil decir el bien que hizo, pues ten\u00eda un don de Dios muy particular para dirigir a sus cohermanos y a los seminaristas. Se ve\u00eda en \u00e9l una fe viva; durante una misi\u00f3n que daba en Brody, devolvi\u00f3 a la Iglesia a un oficial luterano, y convirti\u00f3 tambi\u00e9n a buen n\u00famero de jud\u00edos.<\/p>\n<p>Este mismo esp\u00edritu de fe le hac\u00eda celebrar la santa misa con una piedad y una modestia admirables, que edificaban grandemente a los que le ve\u00edan; se cuidaba tambi\u00e9n mucho de hacer observar todas las ceremonias de la santa misa. En las diferentes penas o contrariedades que le suced\u00edan, pon\u00eda toda su confianza en Dios que no qued\u00f3 nunca confundida. Sus virtudes eran bien sabidas por toda la provincia de Polonia, que le design\u00f3 su diputado en 1762, para asistir a la 13\u00aa Asamblea general que nombr\u00f3 al Sr. Jacquier. \u00c9l era todav\u00eda\u00a0 superior de Samor.<\/p>\n<p>En L\u00e9opol como en Sambor, mand\u00f3 colocar muchos embellecimientos en las iglesias de estas dos casas y las dot\u00f3 de ornamentos y vasos sagrados. El ardor de su amor a Dios se manifestaba tambi\u00e9n en sus sermones de misi\u00f3n y en las conferencias que daba a sus cohermanos. Para procurar la salvaci\u00f3n de las almas, no miraba ni su salud ni su vida misma, ya que se puede decir muy bien que la ha sacrificado y ha muerto\u00a0 por exceso de trabajo. Es dif\u00edcil decir cu\u00e1ntos pobres, enfermos o vergonzantes, y de hu\u00e9rfanos ha reunido y aliviado. Su celo por la gloria de Dios y por la salvaci\u00f3n de las almas le hac\u00edan suspirar dolorosamente\u00a0 cuando no pod\u00eda ir de misiones, sobre todo cuando eran problemas civiles los que se lo imped\u00edan. Sab\u00eda hacer observaciones y reprimendas cuando eran necesarias, pero \u00e9l las acompa\u00f1aba siempre de prudencia y afabilidad. Todo el mundo le ten\u00eda en gran estima.<\/p>\n<p>Esta fue la causa de su muerte. Durante la Cuaresma de 1773, hab\u00eda ido de misiones a Ostrowa, y poco despu\u00e9s a Stary-Siel; cuando volvi\u00f3 a casa, se sinti\u00f3 muy debilitado y no pod\u00eda ya montar a caballo: dos d\u00edas despu\u00e9s, estuvo algo mejor, pero d\u00e9bil siempre, y parti\u00f3 otra vez para la misi\u00f3n de Wyslan; cuando regres\u00f3, despu\u00e9s de la fiesta de la Visitaci\u00f3n, se encontr\u00f3 m\u00e1s d\u00e9bil todav\u00eda, pero continu\u00f3 no obstante diciendo la santa misa.<\/p>\n<p>Desde el comienzo del mes de agosto, le fue imposible salir de su habitaci\u00f3n, vi\u00e9ndose obligado a quedarse sentado en un sill\u00f3n y con las piernas hinchadas. Al cabo de algunos d\u00edas se le declar\u00f3 la gangrena, y la medicina no pudo remediar nada. El enfermo se confes\u00f3, recibi\u00f3 la santa comuni\u00f3n varias veces, y se puso en las manos de Dios. El 8 de setiembre, d\u00eda de la Natividad de la sant\u00edsima Virgen, recibi\u00f3 el santo vi\u00e1tico, y por la noche la indulgencia de la buena muerte. Hacia las ocho, entr\u00f3 en agon\u00eda, y una hora despu\u00e9s, se durmi\u00f3 en el Se\u00f1or. Fue enterrado en el pante\u00f3n de la iglesia que hab\u00eda mandado construir y que no estaba a\u00fan terminada. M\u00e9moires; Pologne, p. 351.<\/p>\n<p>&nbsp;<\/p>\n","protected":false},"excerpt":{"rendered":"<p>&nbsp; \u00a0\u00a0 La casa de Misioneros en L\u00e9opol, en Polonia estaba destinada a dar misiones al pueblo de los campos, retiros y conferencias a los eclesi\u00e1sticos. El primer superior fue el Sr. Jean Melwenski que &#8230; <a href=\"http:\/\/vincentians.com\/es\/jean-melwenski-1712-1773\/\" class=\"more-link\">Read More<\/a><\/p>\n","protected":false},"author":5,"featured_media":391249,"comment_status":"open","ping_status":"open","sticky":false,"template":"","format":"standard","meta":{"jetpack_post_was_ever_published":false,"_jetpack_newsletter_access":"","_jetpack_dont_email_post_to_subs":false,"_jetpack_newsletter_tier_id":0,"_jetpack_memberships_contains_paywalled_content":false,"_jetpack_memberships_contains_paid_content":false,"footnotes":"","jetpack_publicize_message":"","jetpack_publicize_feature_enabled":true,"jetpack_social_post_already_shared":true,"jetpack_social_options":{"image_generator_settings":{"template":"highway","default_image_id":0,"font":"","enabled":false},"version":2}},"categories":[19],"tags":[],"class_list":["post-56413","post","type-post","status-publish","format-standard","has-post-thumbnail","hentry","category-biografias-de-misioneros-paules"],"yoast_head":"<!-- This site is optimized with the Yoast SEO plugin v26.3 - https:\/\/yoast.com\/wordpress\/plugins\/seo\/ -->\n<title>Jean Melwenski (1712-1773) - Somos Vicencianos<\/title>\n<meta name=\"robots\" content=\"index, follow, max-snippet:-1, max-image-preview:large, max-video-preview:-1\" \/>\n<link rel=\"canonical\" href=\"http:\/\/vincentians.com\/es\/jean-melwenski-1712-1773\/\" \/>\n<meta property=\"og:locale\" content=\"es_ES\" \/>\n<meta property=\"og:type\" content=\"article\" \/>\n<meta property=\"og:title\" content=\"Jean Melwenski (1712-1773) - Somos Vicencianos\" \/>\n<meta property=\"og:description\" content=\"&nbsp; \u00a0\u00a0 La casa de Misioneros en L\u00e9opol, en Polonia estaba destinada a dar misiones al pueblo de los campos, retiros y conferencias a los eclesi\u00e1sticos. El primer superior fue el Sr. Jean Melwenski que ... Read More\" \/>\n<meta property=\"og:url\" content=\"http:\/\/vincentians.com\/es\/jean-melwenski-1712-1773\/\" \/>\n<meta property=\"og:site_name\" content=\"Somos Vicencianos\" \/>\n<meta property=\"article:publisher\" content=\"https:\/\/www.facebook.com\/WeAreVincentians\/\" \/>\n<meta property=\"article:published_time\" content=\"2015-03-08T07:57:58+00:00\" \/>\n<meta property=\"article:modified_time\" content=\"2016-07-27T10:06:27+00:00\" \/>\n<meta property=\"og:image\" content=\"https:\/\/i0.wp.com\/vincentians.com\/es\/wp-content\/uploads\/sites\/11\/2016\/07\/bio-cm.jpg?fit=1200%2C630\" \/>\n\t<meta property=\"og:image:width\" content=\"1200\" \/>\n\t<meta property=\"og:image:height\" content=\"630\" \/>\n\t<meta property=\"og:image:type\" content=\"image\/jpeg\" \/>\n<meta name=\"author\" content=\"Mitxel Olabu\u00e9naga\" \/>\n<meta name=\"twitter:card\" content=\"summary_large_image\" \/>\n<meta name=\"twitter:creator\" content=\"@WeVincentians\" \/>\n<meta name=\"twitter:site\" content=\"@WeVincentians\" \/>\n<meta name=\"twitter:label1\" content=\"Escrito por\" \/>\n\t<meta name=\"twitter:data1\" content=\"Mitxel Olabu\u00e9naga\" \/>\n\t<meta name=\"twitter:label2\" content=\"Tiempo de lectura\" \/>\n\t<meta name=\"twitter:data2\" content=\"4 minutos\" \/>\n<script type=\"application\/ld+json\" class=\"yoast-schema-graph\">{\"@context\":\"https:\/\/schema.org\",\"@graph\":[{\"@type\":\"Article\",\"@id\":\"http:\/\/vincentians.com\/es\/jean-melwenski-1712-1773\/#article\",\"isPartOf\":{\"@id\":\"http:\/\/vincentians.com\/es\/jean-melwenski-1712-1773\/\"},\"author\":{\"name\":\"Mitxel Olabu\u00e9naga\",\"@id\":\"http:\/\/vincentians.com\/es\/#\/schema\/person\/7c2670b4445a7ca9d164ea6acdb31859\"},\"headline\":\"Jean Melwenski (1712-1773)\",\"datePublished\":\"2015-03-08T07:57:58+00:00\",\"dateModified\":\"2016-07-27T10:06:27+00:00\",\"mainEntityOfPage\":{\"@id\":\"http:\/\/vincentians.com\/es\/jean-melwenski-1712-1773\/\"},\"wordCount\":844,\"commentCount\":0,\"publisher\":{\"@id\":\"http:\/\/vincentians.com\/es\/#organization\"},\"image\":{\"@id\":\"http:\/\/vincentians.com\/es\/jean-melwenski-1712-1773\/#primaryimage\"},\"thumbnailUrl\":\"https:\/\/i0.wp.com\/vincentians.com\/es\/wp-content\/uploads\/sites\/11\/2016\/07\/bio-cm.jpg?fit=1200%2C630\",\"articleSection\":[\"Biograf\u00edas de Misioneros Pa\u00fales\"],\"inLanguage\":\"es\",\"potentialAction\":[{\"@type\":\"CommentAction\",\"name\":\"Comment\",\"target\":[\"http:\/\/vincentians.com\/es\/jean-melwenski-1712-1773\/#respond\"]}]},{\"@type\":\"WebPage\",\"@id\":\"http:\/\/vincentians.com\/es\/jean-melwenski-1712-1773\/\",\"url\":\"http:\/\/vincentians.com\/es\/jean-melwenski-1712-1773\/\",\"name\":\"Jean Melwenski (1712-1773) - Somos Vicencianos\",\"isPartOf\":{\"@id\":\"http:\/\/vincentians.com\/es\/#website\"},\"primaryImageOfPage\":{\"@id\":\"http:\/\/vincentians.com\/es\/jean-melwenski-1712-1773\/#primaryimage\"},\"image\":{\"@id\":\"http:\/\/vincentians.com\/es\/jean-melwenski-1712-1773\/#primaryimage\"},\"thumbnailUrl\":\"https:\/\/i0.wp.com\/vincentians.com\/es\/wp-content\/uploads\/sites\/11\/2016\/07\/bio-cm.jpg?fit=1200%2C630\",\"datePublished\":\"2015-03-08T07:57:58+00:00\",\"dateModified\":\"2016-07-27T10:06:27+00:00\",\"breadcrumb\":{\"@id\":\"http:\/\/vincentians.com\/es\/jean-melwenski-1712-1773\/#breadcrumb\"},\"inLanguage\":\"es\",\"potentialAction\":[{\"@type\":\"ReadAction\",\"target\":[\"http:\/\/vincentians.com\/es\/jean-melwenski-1712-1773\/\"]}]},{\"@type\":\"ImageObject\",\"inLanguage\":\"es\",\"@id\":\"http:\/\/vincentians.com\/es\/jean-melwenski-1712-1773\/#primaryimage\",\"url\":\"https:\/\/i0.wp.com\/vincentians.com\/es\/wp-content\/uploads\/sites\/11\/2016\/07\/bio-cm.jpg?fit=1200%2C630\",\"contentUrl\":\"https:\/\/i0.wp.com\/vincentians.com\/es\/wp-content\/uploads\/sites\/11\/2016\/07\/bio-cm.jpg?fit=1200%2C630\",\"width\":1200,\"height\":630},{\"@type\":\"BreadcrumbList\",\"@id\":\"http:\/\/vincentians.com\/es\/jean-melwenski-1712-1773\/#breadcrumb\",\"itemListElement\":[{\"@type\":\"ListItem\",\"position\":1,\"name\":\"Portada\",\"item\":\"http:\/\/vincentians.com\/es\/\"},{\"@type\":\"ListItem\",\"position\":2,\"name\":\"Jean Melwenski (1712-1773)\"}]},{\"@type\":\"WebSite\",\"@id\":\"http:\/\/vincentians.com\/es\/#website\",\"url\":\"http:\/\/vincentians.com\/es\/\",\"name\":\"Somos Vicencianos\",\"description\":\"Know more to serve more\",\"publisher\":{\"@id\":\"http:\/\/vincentians.com\/es\/#organization\"},\"potentialAction\":[{\"@type\":\"SearchAction\",\"target\":{\"@type\":\"EntryPoint\",\"urlTemplate\":\"http:\/\/vincentians.com\/es\/?s={search_term_string}\"},\"query-input\":{\"@type\":\"PropertyValueSpecification\",\"valueRequired\":true,\"valueName\":\"search_term_string\"}}],\"inLanguage\":\"es\"},{\"@type\":\"Organization\",\"@id\":\"http:\/\/vincentians.com\/es\/#organization\",\"name\":\"The Vincentian Network\",\"url\":\"http:\/\/vincentians.com\/es\/\",\"logo\":{\"@type\":\"ImageObject\",\"inLanguage\":\"es\",\"@id\":\"http:\/\/vincentians.com\/es\/#\/schema\/logo\/image\/\",\"url\":\"https:\/\/i1.wp.com\/vincentians.com\/es\/wp-content\/uploads\/sites\/11\/2016\/06\/Vincentian-Network-logo-big.png?fit=778%2C778\",\"contentUrl\":\"https:\/\/i1.wp.com\/vincentians.com\/es\/wp-content\/uploads\/sites\/11\/2016\/06\/Vincentian-Network-logo-big.png?fit=778%2C778\",\"width\":778,\"height\":778,\"caption\":\"The Vincentian Network\"},\"image\":{\"@id\":\"http:\/\/vincentians.com\/es\/#\/schema\/logo\/image\/\"},\"sameAs\":[\"https:\/\/www.facebook.com\/WeAreVincentians\/\",\"https:\/\/x.com\/WeVincentians\"]},{\"@type\":\"Person\",\"@id\":\"http:\/\/vincentians.com\/es\/#\/schema\/person\/7c2670b4445a7ca9d164ea6acdb31859\",\"name\":\"Mitxel Olabu\u00e9naga\",\"image\":{\"@type\":\"ImageObject\",\"inLanguage\":\"es\",\"@id\":\"http:\/\/vincentians.com\/es\/#\/schema\/person\/image\/\",\"url\":\"https:\/\/secure.gravatar.com\/avatar\/34137ec2e2b8939cbbed975731e71f3f4f1defc7266ded337a5ce0f925426877?s=96&d=mm&r=g\",\"contentUrl\":\"https:\/\/secure.gravatar.com\/avatar\/34137ec2e2b8939cbbed975731e71f3f4f1defc7266ded337a5ce0f925426877?s=96&d=mm&r=g\",\"caption\":\"Mitxel Olabu\u00e9naga\"},\"url\":\"http:\/\/vincentians.com\/es\/author\/mitxel\/\"}]}<\/script>\n<!-- \/ Yoast SEO plugin. -->","yoast_head_json":{"title":"Jean Melwenski (1712-1773) - Somos Vicencianos","robots":{"index":"index","follow":"follow","max-snippet":"max-snippet:-1","max-image-preview":"max-image-preview:large","max-video-preview":"max-video-preview:-1"},"canonical":"http:\/\/vincentians.com\/es\/jean-melwenski-1712-1773\/","og_locale":"es_ES","og_type":"article","og_title":"Jean Melwenski (1712-1773) - Somos Vicencianos","og_description":"&nbsp; \u00a0\u00a0 La casa de Misioneros en L\u00e9opol, en Polonia estaba destinada a dar misiones al pueblo de los campos, retiros y conferencias a los eclesi\u00e1sticos. El primer superior fue el Sr. Jean Melwenski que ... Read More","og_url":"http:\/\/vincentians.com\/es\/jean-melwenski-1712-1773\/","og_site_name":"Somos Vicencianos","article_publisher":"https:\/\/www.facebook.com\/WeAreVincentians\/","article_published_time":"2015-03-08T07:57:58+00:00","article_modified_time":"2016-07-27T10:06:27+00:00","og_image":[{"width":1200,"height":630,"url":"https:\/\/i0.wp.com\/vincentians.com\/es\/wp-content\/uploads\/sites\/11\/2016\/07\/bio-cm.jpg?fit=1200%2C630","type":"image\/jpeg"}],"author":"Mitxel Olabu\u00e9naga","twitter_card":"summary_large_image","twitter_creator":"@WeVincentians","twitter_site":"@WeVincentians","twitter_misc":{"Escrito por":"Mitxel Olabu\u00e9naga","Tiempo de lectura":"4 minutos"},"schema":{"@context":"https:\/\/schema.org","@graph":[{"@type":"Article","@id":"http:\/\/vincentians.com\/es\/jean-melwenski-1712-1773\/#article","isPartOf":{"@id":"http:\/\/vincentians.com\/es\/jean-melwenski-1712-1773\/"},"author":{"name":"Mitxel Olabu\u00e9naga","@id":"http:\/\/vincentians.com\/es\/#\/schema\/person\/7c2670b4445a7ca9d164ea6acdb31859"},"headline":"Jean Melwenski (1712-1773)","datePublished":"2015-03-08T07:57:58+00:00","dateModified":"2016-07-27T10:06:27+00:00","mainEntityOfPage":{"@id":"http:\/\/vincentians.com\/es\/jean-melwenski-1712-1773\/"},"wordCount":844,"commentCount":0,"publisher":{"@id":"http:\/\/vincentians.com\/es\/#organization"},"image":{"@id":"http:\/\/vincentians.com\/es\/jean-melwenski-1712-1773\/#primaryimage"},"thumbnailUrl":"https:\/\/i0.wp.com\/vincentians.com\/es\/wp-content\/uploads\/sites\/11\/2016\/07\/bio-cm.jpg?fit=1200%2C630","articleSection":["Biograf\u00edas de Misioneros Pa\u00fales"],"inLanguage":"es","potentialAction":[{"@type":"CommentAction","name":"Comment","target":["http:\/\/vincentians.com\/es\/jean-melwenski-1712-1773\/#respond"]}]},{"@type":"WebPage","@id":"http:\/\/vincentians.com\/es\/jean-melwenski-1712-1773\/","url":"http:\/\/vincentians.com\/es\/jean-melwenski-1712-1773\/","name":"Jean Melwenski (1712-1773) - Somos Vicencianos","isPartOf":{"@id":"http:\/\/vincentians.com\/es\/#website"},"primaryImageOfPage":{"@id":"http:\/\/vincentians.com\/es\/jean-melwenski-1712-1773\/#primaryimage"},"image":{"@id":"http:\/\/vincentians.com\/es\/jean-melwenski-1712-1773\/#primaryimage"},"thumbnailUrl":"https:\/\/i0.wp.com\/vincentians.com\/es\/wp-content\/uploads\/sites\/11\/2016\/07\/bio-cm.jpg?fit=1200%2C630","datePublished":"2015-03-08T07:57:58+00:00","dateModified":"2016-07-27T10:06:27+00:00","breadcrumb":{"@id":"http:\/\/vincentians.com\/es\/jean-melwenski-1712-1773\/#breadcrumb"},"inLanguage":"es","potentialAction":[{"@type":"ReadAction","target":["http:\/\/vincentians.com\/es\/jean-melwenski-1712-1773\/"]}]},{"@type":"ImageObject","inLanguage":"es","@id":"http:\/\/vincentians.com\/es\/jean-melwenski-1712-1773\/#primaryimage","url":"https:\/\/i0.wp.com\/vincentians.com\/es\/wp-content\/uploads\/sites\/11\/2016\/07\/bio-cm.jpg?fit=1200%2C630","contentUrl":"https:\/\/i0.wp.com\/vincentians.com\/es\/wp-content\/uploads\/sites\/11\/2016\/07\/bio-cm.jpg?fit=1200%2C630","width":1200,"height":630},{"@type":"BreadcrumbList","@id":"http:\/\/vincentians.com\/es\/jean-melwenski-1712-1773\/#breadcrumb","itemListElement":[{"@type":"ListItem","position":1,"name":"Portada","item":"http:\/\/vincentians.com\/es\/"},{"@type":"ListItem","position":2,"name":"Jean Melwenski (1712-1773)"}]},{"@type":"WebSite","@id":"http:\/\/vincentians.com\/es\/#website","url":"http:\/\/vincentians.com\/es\/","name":"Somos Vicencianos","description":"Know more to serve more","publisher":{"@id":"http:\/\/vincentians.com\/es\/#organization"},"potentialAction":[{"@type":"SearchAction","target":{"@type":"EntryPoint","urlTemplate":"http:\/\/vincentians.com\/es\/?s={search_term_string}"},"query-input":{"@type":"PropertyValueSpecification","valueRequired":true,"valueName":"search_term_string"}}],"inLanguage":"es"},{"@type":"Organization","@id":"http:\/\/vincentians.com\/es\/#organization","name":"The Vincentian Network","url":"http:\/\/vincentians.com\/es\/","logo":{"@type":"ImageObject","inLanguage":"es","@id":"http:\/\/vincentians.com\/es\/#\/schema\/logo\/image\/","url":"https:\/\/i1.wp.com\/vincentians.com\/es\/wp-content\/uploads\/sites\/11\/2016\/06\/Vincentian-Network-logo-big.png?fit=778%2C778","contentUrl":"https:\/\/i1.wp.com\/vincentians.com\/es\/wp-content\/uploads\/sites\/11\/2016\/06\/Vincentian-Network-logo-big.png?fit=778%2C778","width":778,"height":778,"caption":"The Vincentian Network"},"image":{"@id":"http:\/\/vincentians.com\/es\/#\/schema\/logo\/image\/"},"sameAs":["https:\/\/www.facebook.com\/WeAreVincentians\/","https:\/\/x.com\/WeVincentians"]},{"@type":"Person","@id":"http:\/\/vincentians.com\/es\/#\/schema\/person\/7c2670b4445a7ca9d164ea6acdb31859","name":"Mitxel Olabu\u00e9naga","image":{"@type":"ImageObject","inLanguage":"es","@id":"http:\/\/vincentians.com\/es\/#\/schema\/person\/image\/","url":"https:\/\/secure.gravatar.com\/avatar\/34137ec2e2b8939cbbed975731e71f3f4f1defc7266ded337a5ce0f925426877?s=96&d=mm&r=g","contentUrl":"https:\/\/secure.gravatar.com\/avatar\/34137ec2e2b8939cbbed975731e71f3f4f1defc7266ded337a5ce0f925426877?s=96&d=mm&r=g","caption":"Mitxel Olabu\u00e9naga"},"url":"http:\/\/vincentians.com\/es\/author\/mitxel\/"}]}},"jetpack_publicize_connections":[],"jetpack_featured_media_url":"https:\/\/i0.wp.com\/vincentians.com\/es\/wp-content\/uploads\/sites\/11\/2016\/07\/bio-cm.jpg?fit=1200%2C630","jetpack_sharing_enabled":true,"jetpack_shortlink":"https:\/\/wp.me\/p7ETMF-eFT","jetpack-related-posts":[{"id":132186,"url":"http:\/\/vincentians.com\/es\/jean-couty-c-m-1667-1746-vii-superior-general\/","url_meta":{"origin":56413,"position":0},"title":"Jean Couty, C.M. (1667-1746) (VII Superior General)","author":"Mitxel Olabu\u00e9naga","date":"27\/12\/2014","format":false,"excerpt":"Tuvo la bondad de nacer en Troyes en 1667, su a\u00f1o de vocaci\u00f3n fue el de 1684. Trabaj\u00f3 como Secretario general, como postulador de la causa de san Vicente durante diecisiete a\u00f1os (1712-1729) y como asistente general hasta que es elegido Superior general el 11 de marzo de 1735. Muere\u2026","rel":"","context":"En \u00abBiograf\u00edas de Misioneros Pa\u00fales\u00bb","block_context":{"text":"Biograf\u00edas de Misioneros Pa\u00fales","link":"http:\/\/vincentians.com\/es\/category\/la-familia-vicenciana\/biografias-vicencianas\/biografias-de-misioneros-paules\/"},"img":{"alt_text":"","src":"https:\/\/i0.wp.com\/vincentians.com\/es\/wp-content\/uploads\/sites\/11\/2016\/07\/bio-cm.jpg?fit=1200%2C630&resize=350%2C200","width":350,"height":200,"srcset":"https:\/\/i0.wp.com\/vincentians.com\/es\/wp-content\/uploads\/sites\/11\/2016\/07\/bio-cm.jpg?fit=1200%2C630&resize=350%2C200 1x, https:\/\/i0.wp.com\/vincentians.com\/es\/wp-content\/uploads\/sites\/11\/2016\/07\/bio-cm.jpg?fit=1200%2C630&resize=525%2C300 1.5x, https:\/\/i0.wp.com\/vincentians.com\/es\/wp-content\/uploads\/sites\/11\/2016\/07\/bio-cm.jpg?fit=1200%2C630&resize=700%2C400 2x, https:\/\/i0.wp.com\/vincentians.com\/es\/wp-content\/uploads\/sites\/11\/2016\/07\/bio-cm.jpg?fit=1200%2C630&resize=1050%2C600 3x"},"classes":[]},{"id":55199,"url":"http:\/\/vincentians.com\/es\/casas-fundadas-en-el-generalato-de-jean-couty\/","url_meta":{"origin":56413,"position":1},"title":"Casas fundadas en el generalato de Jean Couty","author":"Mitxel Olabu\u00e9naga","date":"26\/10\/2016","format":false,"excerpt":"\u00a0112 bis. PESCINA, 1732. - Pescinensis. S\u00e9minaire. Mencionamos aqu\u00ed esta casa que se refiere al generalato del Sr. Bonnet, pero que se omite a menudo\u00a0 porque ha durado poco. Con ocasi\u00f3n de la misi\u00f3n dada en 1720 por los Srs. Giannini, Ferrari, Caroni et Casati en Pescina, ville de l'Abruzze\u2026","rel":"","context":"En \u00abHistoria de la Congregaci\u00f3n de la Misi\u00f3n\u00bb","block_context":{"text":"Historia de la Congregaci\u00f3n de la Misi\u00f3n","link":"http:\/\/vincentians.com\/es\/category\/historia-de-la-familia-vicenciana\/historia-de-la-congregacion-de-la-mision\/"},"img":{"alt_text":"logo-cm-ii","src":"https:\/\/i0.wp.com\/vincentians.com\/es\/wp-content\/uploads\/sites\/11\/2011\/11\/Logo-CM-II-248x300.jpg?resize=350%2C200","width":350,"height":200},"classes":[]},{"id":57189,"url":"http:\/\/vincentians.com\/es\/bienhechores-6\/","url_meta":{"origin":56413,"position":2},"title":"Bienhechores","author":"Francisco Javier Fern\u00e1ndez Chento","date":"03\/01\/2012","format":false,"excerpt":"En su circular del 1\u00ba de enero de 1774, el Sr. Antoine Jacquier, Superior general de la Congregaci\u00f3n de la Misi\u00f3n se expresa as\u00ed hablando\u00a0 del papa CLEMENTE XIV\u00a0: \"\u00a0El Soberano Pont\u00edfice nos ha colmado de favores, recompens\u00e1ndonos\u00a0 con dos fundaciones\u00a0: una en Roma, donde \u00e9l nos ha trasladado de\u2026","rel":"","context":"En \u00abFormaci\u00f3n Vicenciana\u00bb","block_context":{"text":"Formaci\u00f3n Vicenciana","link":"http:\/\/vincentians.com\/es\/category\/formacion-vicenciana\/"},"img":{"alt_text":"","src":"https:\/\/i0.wp.com\/vicencianos.org\/wp-content\/2011\/12\/ESCUDOCM3-237x300.jpg?resize=350%2C200","width":350,"height":200},"classes":[]},{"id":57151,"url":"http:\/\/vincentians.com\/es\/christophie-matyaskiewicz-1722-1787\/","url_meta":{"origin":56413,"position":3},"title":"Christophie Matyaskiewicz (1722-1787)","author":"Mitxel Olabu\u00e9naga","date":"19\/04\/2015","format":false,"excerpt":"La casa de L\u00e9opol no tuvo m\u00e1s que una existencia de cuarenta a\u00f1os. Las ordenanzas de Joseph II la cerraron en 1782, y los misioneros se vieron obligados a dejarla. Uno de los que compartieron esta suerte fue el Sr. Christophe Matyaskiewicz, quien termin\u00f3 su vida en L\u00e9opol, el 7\u2026","rel":"","context":"En \u00abBiograf\u00edas de Misioneros Pa\u00fales\u00bb","block_context":{"text":"Biograf\u00edas de Misioneros Pa\u00fales","link":"http:\/\/vincentians.com\/es\/category\/la-familia-vicenciana\/biografias-vicencianas\/biografias-de-misioneros-paules\/"},"img":{"alt_text":"","src":"https:\/\/i0.wp.com\/vincentians.com\/es\/wp-content\/uploads\/sites\/11\/2016\/07\/bio-cm.jpg?fit=1200%2C630&resize=350%2C200","width":350,"height":200,"srcset":"https:\/\/i0.wp.com\/vincentians.com\/es\/wp-content\/uploads\/sites\/11\/2016\/07\/bio-cm.jpg?fit=1200%2C630&resize=350%2C200 1x, https:\/\/i0.wp.com\/vincentians.com\/es\/wp-content\/uploads\/sites\/11\/2016\/07\/bio-cm.jpg?fit=1200%2C630&resize=525%2C300 1.5x, https:\/\/i0.wp.com\/vincentians.com\/es\/wp-content\/uploads\/sites\/11\/2016\/07\/bio-cm.jpg?fit=1200%2C630&resize=700%2C400 2x, https:\/\/i0.wp.com\/vincentians.com\/es\/wp-content\/uploads\/sites\/11\/2016\/07\/bio-cm.jpg?fit=1200%2C630&resize=1050%2C600 3x"},"classes":[]},{"id":387071,"url":"http:\/\/vincentians.com\/es\/los-primeros-misioneros-en-espana-1704-1774\/","url_meta":{"origin":56413,"position":4},"title":"Los primeros misioneros en Espa\u00f1a (1704-1774)","author":"Mitxel Olabu\u00e9naga","date":"20\/08\/2019","format":false,"excerpt":"Introducci\u00f3n Dec\u00eda el cantautor que \u201cquien pierde sus or\u00edgenes, pierde identidad\u201d (Raimon \u201cYo vengo de un silencio\u201d). Quiz\u00e1 este sea uno de los motivos ocultos por el que nos hemos centrado en este tema dentro de Seminario de H\u00aa de la CM en Espa\u00f1a que venimos desarrollando en el Estudiantado\u2026","rel":"","context":"En \u00abHistoria de la Congregaci\u00f3n de la Misi\u00f3n en Espa\u00f1a\u00bb","block_context":{"text":"Historia de la Congregaci\u00f3n de la Misi\u00f3n en Espa\u00f1a","link":"http:\/\/vincentians.com\/es\/category\/historia-de-la-familia-vicenciana\/historia-de-la-congregacion-de-la-mision-en-espana\/"},"img":{"alt_text":"","src":"https:\/\/i0.wp.com\/vincentians.com\/es\/wp-content\/uploads\/sites\/11\/2015\/04\/tres-descubrimientos-de-Vicente-de-Paul.jpg?fit=1200%2C630&resize=350%2C200","width":350,"height":200,"srcset":"https:\/\/i0.wp.com\/vincentians.com\/es\/wp-content\/uploads\/sites\/11\/2015\/04\/tres-descubrimientos-de-Vicente-de-Paul.jpg?fit=1200%2C630&resize=350%2C200 1x, https:\/\/i0.wp.com\/vincentians.com\/es\/wp-content\/uploads\/sites\/11\/2015\/04\/tres-descubrimientos-de-Vicente-de-Paul.jpg?fit=1200%2C630&resize=525%2C300 1.5x, https:\/\/i0.wp.com\/vincentians.com\/es\/wp-content\/uploads\/sites\/11\/2015\/04\/tres-descubrimientos-de-Vicente-de-Paul.jpg?fit=1200%2C630&resize=700%2C400 2x, https:\/\/i0.wp.com\/vincentians.com\/es\/wp-content\/uploads\/sites\/11\/2015\/04\/tres-descubrimientos-de-Vicente-de-Paul.jpg?fit=1200%2C630&resize=1050%2C600 3x"},"classes":[]},{"id":49870,"url":"http:\/\/vincentians.com\/es\/casas-fundadas-durante-el-generalato-de-jean-bonnet\/","url_meta":{"origin":56413,"position":5},"title":"Casas fundadas durante el generalato de Jean Bonnet","author":"Mitxel Olabu\u00e9naga","date":"05\/12\/2019","format":false,"excerpt":"92. ILE BOURBON OU DE LA R\u00c9UNION. 1721.- Insula Borbonensis seu Reunionis. Paroisses. La isla de Bourbon, llamada primero Mascaregnes, y despu\u00e9s\u00a0 isla de la Reuni\u00f3n, fue descubierta por los portugueses hacia 1545. Est\u00e1 en el mar de las Indias, a 780 kil\u00f3metros al este de Madagascar y, en 1646,\u2026","rel":"","context":"En \u00abHistoria de la Congregaci\u00f3n de la Misi\u00f3n\u00bb","block_context":{"text":"Historia de la Congregaci\u00f3n de la Misi\u00f3n","link":"http:\/\/vincentians.com\/es\/category\/historia-de-la-familia-vicenciana\/historia-de-la-congregacion-de-la-mision\/"},"img":{"alt_text":"","src":"https:\/\/i0.wp.com\/vincentians.com\/es\/wp-content\/uploads\/sites\/11\/2016\/09\/identidad.jpg?fit=1200%2C630&resize=350%2C200","width":350,"height":200,"srcset":"https:\/\/i0.wp.com\/vincentians.com\/es\/wp-content\/uploads\/sites\/11\/2016\/09\/identidad.jpg?fit=1200%2C630&resize=350%2C200 1x, https:\/\/i0.wp.com\/vincentians.com\/es\/wp-content\/uploads\/sites\/11\/2016\/09\/identidad.jpg?fit=1200%2C630&resize=525%2C300 1.5x, https:\/\/i0.wp.com\/vincentians.com\/es\/wp-content\/uploads\/sites\/11\/2016\/09\/identidad.jpg?fit=1200%2C630&resize=700%2C400 2x, https:\/\/i0.wp.com\/vincentians.com\/es\/wp-content\/uploads\/sites\/11\/2016\/09\/identidad.jpg?fit=1200%2C630&resize=1050%2C600 3x"},"classes":[]}],"_links":{"self":[{"href":"http:\/\/vincentians.com\/es\/wp-json\/wp\/v2\/posts\/56413","targetHints":{"allow":["GET"]}}],"collection":[{"href":"http:\/\/vincentians.com\/es\/wp-json\/wp\/v2\/posts"}],"about":[{"href":"http:\/\/vincentians.com\/es\/wp-json\/wp\/v2\/types\/post"}],"author":[{"embeddable":true,"href":"http:\/\/vincentians.com\/es\/wp-json\/wp\/v2\/users\/5"}],"replies":[{"embeddable":true,"href":"http:\/\/vincentians.com\/es\/wp-json\/wp\/v2\/comments?post=56413"}],"version-history":[{"count":0,"href":"http:\/\/vincentians.com\/es\/wp-json\/wp\/v2\/posts\/56413\/revisions"}],"wp:featuredmedia":[{"embeddable":true,"href":"http:\/\/vincentians.com\/es\/wp-json\/wp\/v2\/media\/391249"}],"wp:attachment":[{"href":"http:\/\/vincentians.com\/es\/wp-json\/wp\/v2\/media?parent=56413"}],"wp:term":[{"taxonomy":"category","embeddable":true,"href":"http:\/\/vincentians.com\/es\/wp-json\/wp\/v2\/categories?post=56413"},{"taxonomy":"post_tag","embeddable":true,"href":"http:\/\/vincentians.com\/es\/wp-json\/wp\/v2\/tags?post=56413"}],"curies":[{"name":"wp","href":"https:\/\/api.w.org\/{rel}","templated":true}]}}