{"id":55877,"date":"2015-03-25T08:50:07","date_gmt":"2015-03-25T07:50:07","guid":{"rendered":"http:\/\/somos.vicencianos.org\/?p=55877"},"modified":"2016-07-27T12:06:24","modified_gmt":"2016-07-27T10:06:24","slug":"m-nobre-1757","status":"publish","type":"post","link":"http:\/\/vincentians.com\/es\/m-nobre-1757\/","title":{"rendered":"M. Nobr\u00e9 (????-1757)"},"content":{"rendered":"<p><a href=\"https:\/\/i0.wp.com\/vicencianos.org\/wp-content\/2011\/12\/Biografias-Pa%C3%BAles2.jpg\"><img data-recalc-dims=\"1\" loading=\"lazy\" decoding=\"async\" class=\"alignleft size-full wp-image-55878\" src=\"https:\/\/i0.wp.com\/vicencianos.org\/wp-content\/2011\/12\/Biografias-Pa%C3%BAles2.jpg?resize=232%2C300\" alt=\"\" width=\"232\" height=\"300\" \/><\/a>Nuestra casa de Lisboa\u00a0 ha sufrido con gran pena\u00a0 la p\u00e9rdida del Sr. Nobr\u00e9, nacido en la di\u00f3cesis de Leiria, que hab\u00eda entrado sacerdote en el seminario de esta ciudad. El tiempo que pas\u00f3 entre nosotros fue muy corto, ya que no vivi\u00f3 m\u00e1s que cinco a\u00f1os y un mes. Su p\u00e9rdida no obstante fue considerable, ya que era un misionero de quien se esperaba que hiciera mucho bien; era verdaderamente un sujeto de valor: ad omne opus bonum instructus. Buen canonista, tan bueno como legista, buen te\u00f3logo y excelente orador, era muy distinguido en la literatura latina.<\/p>\n<p>Hab\u00eda, seg\u00fan la costumbre del pa\u00eds, siendo incluso eclesi\u00e1stico, ejercido las funciones de abogado, pero al estilo de san Ives, es decir, para la defensa de las viudas, de los hu\u00e9rfanos\u00a0 dem\u00e1s personas pobres. Los jueces de la ciudad (como \u00e9l doctores por la Universidad de Co\u00edmbra),\u00a0 se estimaban dichosos cada vez que se presentaba a defender una causa, seguros que siguiendo su manera de ver\u00a0 podr\u00edan\u00a0 sosteniendo el derecho y su fama pronunciar sus sentencias a favor de sus clientes.<\/p>\n<p>Cuando se determin\u00f3 a venir a tomar el h\u00e1bito de Misionero, parti\u00f3 de casa sin manifestar sus planes, con el fin de evitar toda oposici\u00f3n de sus padres y de sus amigos, ya que en su pa\u00eds era considerado como un sacerdote muy digno y llamado a todas partes de su di\u00f3cesis: gemma sacerdotum. Desde el d\u00eda de su recepci\u00f3n hasta su \u00faltimo suspiro no ha cesado de ayudarnos con sus consejos y de edificarnos con sus raros ejemplos. Su dulzura inalterable le hac\u00eda siempre alegre; ten\u00eda sin cesar la sonrisa en los labios. Era afable, compasivo, dispuesto a prestar servicio a todo el mundo. Ten\u00eda de s\u00ed mismo los m\u00e1s modestos sentimientos, aunque todos admirasen en \u00e9l virtudes y un raro talento que le distingu\u00edan entre todos los sacerdotes de la ciudad. No hab\u00eda en la casa empleo que por humilde que fuera que \u00e9l no ejerciera con placer y que no realizara con gran exactitud.<\/p>\n<p>Era tambi\u00e9n muy activo y muy dedicado. La longitud de la ciudad de Lisboa a las orillas del Tajo es de m\u00e1s de una legua, y el Sr. Nobr\u00e9 que cumpl\u00eda de buena gana el oficio de segundo procurador hac\u00eda todos los d\u00edas a pie esta larga carrera sin prestar atenci\u00f3n ni al fr\u00edo del invierno ni a los calores del verano, y a veces en ayunas.<\/p>\n<p>Con ocasi\u00f3n del gran temblor de tierra que derrib\u00f3 casi todas las iglesias de la ciudad y una cantidad incalculable de casas, en nuestra iglesia, que por un favor especial de Dios hab\u00eda quedado en pie, un mundo considerable acudi\u00f3 para reconciliarse con Dios y para disponerse a la muerte de la que estaban amenazados ante una plaga parecida. En esta circunstancia se se\u00f1al\u00f3 de manera particular el celo del Sr. Nobr\u00e9; su confesionario estaba asediado insistentemente\u00a0 por una multitud de gente que deseaba confesarse con \u00e9l, y para satisfacerles no celebraba a veces la misa hasta mediod\u00eda. Si en esta circunstancia llegaban pobres vergonzantes a presentarse a \u00e9l y le dec\u00edan que no ten\u00edan h\u00e1bitos\u00a0 convenientes para asistir\u00a0 a la misa el domingo \u00e9l se interesaba ante personas ricas\u00a0 para lograr limosnas de manera que les hac\u00eda ir luego a la iglesia, no solo para o\u00edr la misa, sino tambi\u00e9n para asistir a las instrucciones y catecismos\u00a0 que se daban y aprender a vivir como buenos cristianos\u00a0 seg\u00fan la ley de Dios. Varias veces le obligaron a moderar un poco su celo y a tener m\u00e1s cuidado de su salud. Respond\u00eda entonces que se cre\u00eda obligado a escuchar la voz de sus penitentes que le ped\u00edan con insistencia su ayuda.<\/p>\n<p>Su buen coraz\u00f3n le llev\u00f3 a veces a olvidarse de tomar las medidas de la prudencia. En su bondad, creyendo a los dem\u00e1s tan fieles como \u00e9l en lo que se refer\u00eda a los bienes materiales, prestaba f\u00e1cilmente dinero confiando en la palabra de la gente y sin tomar las precauciones suficientes, de manera que varias veces la casa sufr\u00eda un poco por la excesiva gran bondad del Sr. Nobr\u00e9.<\/p>\n<p>Su uni\u00f3n con Dios era continua; apelaba a menudo a su auxilio, pidi\u00e9ndole\u00a0 de boca, ya que le ten\u00eda siempre\u00a0 presente en el coraz\u00f3n. Al final de su vida, sufri\u00f3 con paciencia los violentos dolores de una fiebre maligna, y siempre animado de una gran resignaci\u00f3n a la voluntad divina entreg\u00f3 su alma a su Creador dej\u00e1ndonos a todos con los vivos dolores de la muerte de un obrero evang\u00e9lico\u00a0 tan bueno. &#8211; Anciennes Notices manuscrites.<\/p>\n","protected":false},"excerpt":{"rendered":"<p>Nuestra casa de Lisboa\u00a0 ha sufrido con gran pena\u00a0 la p\u00e9rdida del Sr. Nobr\u00e9, nacido en la di\u00f3cesis de Leiria, que hab\u00eda entrado sacerdote en el seminario de esta ciudad. El tiempo que pas\u00f3 entre &#8230; <a href=\"http:\/\/vincentians.com\/es\/m-nobre-1757\/\" class=\"more-link\">Read More<\/a><\/p>\n","protected":false},"author":5,"featured_media":391249,"comment_status":"open","ping_status":"open","sticky":false,"template":"","format":"standard","meta":{"jetpack_post_was_ever_published":false,"_jetpack_newsletter_access":"","_jetpack_dont_email_post_to_subs":false,"_jetpack_newsletter_tier_id":0,"_jetpack_memberships_contains_paywalled_content":false,"_jetpack_memberships_contains_paid_content":false,"footnotes":"","jetpack_publicize_message":"","jetpack_publicize_feature_enabled":true,"jetpack_social_post_already_shared":true,"jetpack_social_options":{"image_generator_settings":{"template":"highway","default_image_id":0,"font":"","enabled":false},"version":2}},"categories":[19],"tags":[],"class_list":["post-55877","post","type-post","status-publish","format-standard","has-post-thumbnail","hentry","category-biografias-de-misioneros-paules"],"yoast_head":"<!-- This site is optimized with the Yoast SEO plugin v26.3 - https:\/\/yoast.com\/wordpress\/plugins\/seo\/ -->\n<title>M. Nobr\u00e9 (????-1757) - Somos Vicencianos<\/title>\n<meta name=\"robots\" content=\"index, follow, max-snippet:-1, max-image-preview:large, max-video-preview:-1\" \/>\n<link rel=\"canonical\" href=\"http:\/\/vincentians.com\/es\/m-nobre-1757\/\" \/>\n<meta property=\"og:locale\" content=\"es_ES\" \/>\n<meta property=\"og:type\" content=\"article\" \/>\n<meta property=\"og:title\" content=\"M. Nobr\u00e9 (????-1757) - Somos Vicencianos\" \/>\n<meta property=\"og:description\" content=\"Nuestra casa de Lisboa\u00a0 ha sufrido con gran pena\u00a0 la p\u00e9rdida del Sr. Nobr\u00e9, nacido en la di\u00f3cesis de Leiria, que hab\u00eda entrado sacerdote en el seminario de esta ciudad. El tiempo que pas\u00f3 entre ... Read More\" \/>\n<meta property=\"og:url\" content=\"http:\/\/vincentians.com\/es\/m-nobre-1757\/\" \/>\n<meta property=\"og:site_name\" content=\"Somos Vicencianos\" \/>\n<meta property=\"article:publisher\" content=\"https:\/\/www.facebook.com\/WeAreVincentians\/\" \/>\n<meta property=\"article:published_time\" content=\"2015-03-25T07:50:07+00:00\" \/>\n<meta property=\"article:modified_time\" content=\"2016-07-27T10:06:24+00:00\" \/>\n<meta property=\"og:image\" content=\"https:\/\/i0.wp.com\/vincentians.com\/es\/wp-content\/uploads\/sites\/11\/2016\/07\/bio-cm.jpg?fit=1200%2C630\" \/>\n\t<meta property=\"og:image:width\" content=\"1200\" \/>\n\t<meta property=\"og:image:height\" content=\"630\" \/>\n\t<meta property=\"og:image:type\" content=\"image\/jpeg\" \/>\n<meta name=\"author\" content=\"Mitxel Olabu\u00e9naga\" \/>\n<meta name=\"twitter:card\" content=\"summary_large_image\" \/>\n<meta name=\"twitter:creator\" content=\"@WeVincentians\" \/>\n<meta name=\"twitter:site\" content=\"@WeVincentians\" \/>\n<meta name=\"twitter:label1\" content=\"Escrito por\" \/>\n\t<meta name=\"twitter:data1\" content=\"Mitxel Olabu\u00e9naga\" \/>\n\t<meta name=\"twitter:label2\" content=\"Tiempo de lectura\" \/>\n\t<meta name=\"twitter:data2\" content=\"4 minutos\" \/>\n<script type=\"application\/ld+json\" class=\"yoast-schema-graph\">{\"@context\":\"https:\/\/schema.org\",\"@graph\":[{\"@type\":\"Article\",\"@id\":\"http:\/\/vincentians.com\/es\/m-nobre-1757\/#article\",\"isPartOf\":{\"@id\":\"http:\/\/vincentians.com\/es\/m-nobre-1757\/\"},\"author\":{\"name\":\"Mitxel Olabu\u00e9naga\",\"@id\":\"https:\/\/vincentians.com\/es\/#\/schema\/person\/7c2670b4445a7ca9d164ea6acdb31859\"},\"headline\":\"M. Nobr\u00e9 (????-1757)\",\"datePublished\":\"2015-03-25T07:50:07+00:00\",\"dateModified\":\"2016-07-27T10:06:24+00:00\",\"mainEntityOfPage\":{\"@id\":\"http:\/\/vincentians.com\/es\/m-nobre-1757\/\"},\"wordCount\":824,\"commentCount\":0,\"publisher\":{\"@id\":\"https:\/\/vincentians.com\/es\/#organization\"},\"image\":{\"@id\":\"http:\/\/vincentians.com\/es\/m-nobre-1757\/#primaryimage\"},\"thumbnailUrl\":\"https:\/\/i0.wp.com\/vincentians.com\/es\/wp-content\/uploads\/sites\/11\/2016\/07\/bio-cm.jpg?fit=1200%2C630\",\"articleSection\":[\"Biograf\u00edas de Misioneros Pa\u00fales\"],\"inLanguage\":\"es\",\"potentialAction\":[{\"@type\":\"CommentAction\",\"name\":\"Comment\",\"target\":[\"http:\/\/vincentians.com\/es\/m-nobre-1757\/#respond\"]}]},{\"@type\":\"WebPage\",\"@id\":\"http:\/\/vincentians.com\/es\/m-nobre-1757\/\",\"url\":\"http:\/\/vincentians.com\/es\/m-nobre-1757\/\",\"name\":\"M. Nobr\u00e9 (????-1757) - Somos Vicencianos\",\"isPartOf\":{\"@id\":\"https:\/\/vincentians.com\/es\/#website\"},\"primaryImageOfPage\":{\"@id\":\"http:\/\/vincentians.com\/es\/m-nobre-1757\/#primaryimage\"},\"image\":{\"@id\":\"http:\/\/vincentians.com\/es\/m-nobre-1757\/#primaryimage\"},\"thumbnailUrl\":\"https:\/\/i0.wp.com\/vincentians.com\/es\/wp-content\/uploads\/sites\/11\/2016\/07\/bio-cm.jpg?fit=1200%2C630\",\"datePublished\":\"2015-03-25T07:50:07+00:00\",\"dateModified\":\"2016-07-27T10:06:24+00:00\",\"breadcrumb\":{\"@id\":\"http:\/\/vincentians.com\/es\/m-nobre-1757\/#breadcrumb\"},\"inLanguage\":\"es\",\"potentialAction\":[{\"@type\":\"ReadAction\",\"target\":[\"http:\/\/vincentians.com\/es\/m-nobre-1757\/\"]}]},{\"@type\":\"ImageObject\",\"inLanguage\":\"es\",\"@id\":\"http:\/\/vincentians.com\/es\/m-nobre-1757\/#primaryimage\",\"url\":\"https:\/\/i0.wp.com\/vincentians.com\/es\/wp-content\/uploads\/sites\/11\/2016\/07\/bio-cm.jpg?fit=1200%2C630\",\"contentUrl\":\"https:\/\/i0.wp.com\/vincentians.com\/es\/wp-content\/uploads\/sites\/11\/2016\/07\/bio-cm.jpg?fit=1200%2C630\",\"width\":1200,\"height\":630},{\"@type\":\"BreadcrumbList\",\"@id\":\"http:\/\/vincentians.com\/es\/m-nobre-1757\/#breadcrumb\",\"itemListElement\":[{\"@type\":\"ListItem\",\"position\":1,\"name\":\"Portada\",\"item\":\"https:\/\/vincentians.com\/es\/\"},{\"@type\":\"ListItem\",\"position\":2,\"name\":\"M. Nobr\u00e9 (????-1757)\"}]},{\"@type\":\"WebSite\",\"@id\":\"https:\/\/vincentians.com\/es\/#website\",\"url\":\"https:\/\/vincentians.com\/es\/\",\"name\":\"Somos Vicencianos\",\"description\":\"Know more to serve more\",\"publisher\":{\"@id\":\"https:\/\/vincentians.com\/es\/#organization\"},\"potentialAction\":[{\"@type\":\"SearchAction\",\"target\":{\"@type\":\"EntryPoint\",\"urlTemplate\":\"https:\/\/vincentians.com\/es\/?s={search_term_string}\"},\"query-input\":{\"@type\":\"PropertyValueSpecification\",\"valueRequired\":true,\"valueName\":\"search_term_string\"}}],\"inLanguage\":\"es\"},{\"@type\":\"Organization\",\"@id\":\"https:\/\/vincentians.com\/es\/#organization\",\"name\":\"The Vincentian Network\",\"url\":\"https:\/\/vincentians.com\/es\/\",\"logo\":{\"@type\":\"ImageObject\",\"inLanguage\":\"es\",\"@id\":\"https:\/\/vincentians.com\/es\/#\/schema\/logo\/image\/\",\"url\":\"https:\/\/i1.wp.com\/vincentians.com\/es\/wp-content\/uploads\/sites\/11\/2016\/06\/Vincentian-Network-logo-big.png?fit=778%2C778\",\"contentUrl\":\"https:\/\/i1.wp.com\/vincentians.com\/es\/wp-content\/uploads\/sites\/11\/2016\/06\/Vincentian-Network-logo-big.png?fit=778%2C778\",\"width\":778,\"height\":778,\"caption\":\"The Vincentian Network\"},\"image\":{\"@id\":\"https:\/\/vincentians.com\/es\/#\/schema\/logo\/image\/\"},\"sameAs\":[\"https:\/\/www.facebook.com\/WeAreVincentians\/\",\"https:\/\/x.com\/WeVincentians\"]},{\"@type\":\"Person\",\"@id\":\"https:\/\/vincentians.com\/es\/#\/schema\/person\/7c2670b4445a7ca9d164ea6acdb31859\",\"name\":\"Mitxel Olabu\u00e9naga\",\"image\":{\"@type\":\"ImageObject\",\"inLanguage\":\"es\",\"@id\":\"https:\/\/vincentians.com\/es\/#\/schema\/person\/image\/\",\"url\":\"https:\/\/secure.gravatar.com\/avatar\/34137ec2e2b8939cbbed975731e71f3f4f1defc7266ded337a5ce0f925426877?s=96&d=mm&r=g\",\"contentUrl\":\"https:\/\/secure.gravatar.com\/avatar\/34137ec2e2b8939cbbed975731e71f3f4f1defc7266ded337a5ce0f925426877?s=96&d=mm&r=g\",\"caption\":\"Mitxel Olabu\u00e9naga\"},\"url\":\"http:\/\/vincentians.com\/es\/author\/mitxel\/\"}]}<\/script>\n<!-- \/ Yoast SEO plugin. -->","yoast_head_json":{"title":"M. Nobr\u00e9 (????-1757) - Somos Vicencianos","robots":{"index":"index","follow":"follow","max-snippet":"max-snippet:-1","max-image-preview":"max-image-preview:large","max-video-preview":"max-video-preview:-1"},"canonical":"http:\/\/vincentians.com\/es\/m-nobre-1757\/","og_locale":"es_ES","og_type":"article","og_title":"M. Nobr\u00e9 (????-1757) - Somos Vicencianos","og_description":"Nuestra casa de Lisboa\u00a0 ha sufrido con gran pena\u00a0 la p\u00e9rdida del Sr. Nobr\u00e9, nacido en la di\u00f3cesis de Leiria, que hab\u00eda entrado sacerdote en el seminario de esta ciudad. El tiempo que pas\u00f3 entre ... Read More","og_url":"http:\/\/vincentians.com\/es\/m-nobre-1757\/","og_site_name":"Somos Vicencianos","article_publisher":"https:\/\/www.facebook.com\/WeAreVincentians\/","article_published_time":"2015-03-25T07:50:07+00:00","article_modified_time":"2016-07-27T10:06:24+00:00","og_image":[{"width":1200,"height":630,"url":"https:\/\/i0.wp.com\/vincentians.com\/es\/wp-content\/uploads\/sites\/11\/2016\/07\/bio-cm.jpg?fit=1200%2C630","type":"image\/jpeg"}],"author":"Mitxel Olabu\u00e9naga","twitter_card":"summary_large_image","twitter_creator":"@WeVincentians","twitter_site":"@WeVincentians","twitter_misc":{"Escrito por":"Mitxel Olabu\u00e9naga","Tiempo de lectura":"4 minutos"},"schema":{"@context":"https:\/\/schema.org","@graph":[{"@type":"Article","@id":"http:\/\/vincentians.com\/es\/m-nobre-1757\/#article","isPartOf":{"@id":"http:\/\/vincentians.com\/es\/m-nobre-1757\/"},"author":{"name":"Mitxel Olabu\u00e9naga","@id":"https:\/\/vincentians.com\/es\/#\/schema\/person\/7c2670b4445a7ca9d164ea6acdb31859"},"headline":"M. Nobr\u00e9 (????-1757)","datePublished":"2015-03-25T07:50:07+00:00","dateModified":"2016-07-27T10:06:24+00:00","mainEntityOfPage":{"@id":"http:\/\/vincentians.com\/es\/m-nobre-1757\/"},"wordCount":824,"commentCount":0,"publisher":{"@id":"https:\/\/vincentians.com\/es\/#organization"},"image":{"@id":"http:\/\/vincentians.com\/es\/m-nobre-1757\/#primaryimage"},"thumbnailUrl":"https:\/\/i0.wp.com\/vincentians.com\/es\/wp-content\/uploads\/sites\/11\/2016\/07\/bio-cm.jpg?fit=1200%2C630","articleSection":["Biograf\u00edas de Misioneros Pa\u00fales"],"inLanguage":"es","potentialAction":[{"@type":"CommentAction","name":"Comment","target":["http:\/\/vincentians.com\/es\/m-nobre-1757\/#respond"]}]},{"@type":"WebPage","@id":"http:\/\/vincentians.com\/es\/m-nobre-1757\/","url":"http:\/\/vincentians.com\/es\/m-nobre-1757\/","name":"M. Nobr\u00e9 (????-1757) - Somos Vicencianos","isPartOf":{"@id":"https:\/\/vincentians.com\/es\/#website"},"primaryImageOfPage":{"@id":"http:\/\/vincentians.com\/es\/m-nobre-1757\/#primaryimage"},"image":{"@id":"http:\/\/vincentians.com\/es\/m-nobre-1757\/#primaryimage"},"thumbnailUrl":"https:\/\/i0.wp.com\/vincentians.com\/es\/wp-content\/uploads\/sites\/11\/2016\/07\/bio-cm.jpg?fit=1200%2C630","datePublished":"2015-03-25T07:50:07+00:00","dateModified":"2016-07-27T10:06:24+00:00","breadcrumb":{"@id":"http:\/\/vincentians.com\/es\/m-nobre-1757\/#breadcrumb"},"inLanguage":"es","potentialAction":[{"@type":"ReadAction","target":["http:\/\/vincentians.com\/es\/m-nobre-1757\/"]}]},{"@type":"ImageObject","inLanguage":"es","@id":"http:\/\/vincentians.com\/es\/m-nobre-1757\/#primaryimage","url":"https:\/\/i0.wp.com\/vincentians.com\/es\/wp-content\/uploads\/sites\/11\/2016\/07\/bio-cm.jpg?fit=1200%2C630","contentUrl":"https:\/\/i0.wp.com\/vincentians.com\/es\/wp-content\/uploads\/sites\/11\/2016\/07\/bio-cm.jpg?fit=1200%2C630","width":1200,"height":630},{"@type":"BreadcrumbList","@id":"http:\/\/vincentians.com\/es\/m-nobre-1757\/#breadcrumb","itemListElement":[{"@type":"ListItem","position":1,"name":"Portada","item":"https:\/\/vincentians.com\/es\/"},{"@type":"ListItem","position":2,"name":"M. Nobr\u00e9 (????-1757)"}]},{"@type":"WebSite","@id":"https:\/\/vincentians.com\/es\/#website","url":"https:\/\/vincentians.com\/es\/","name":"Somos Vicencianos","description":"Know more to serve more","publisher":{"@id":"https:\/\/vincentians.com\/es\/#organization"},"potentialAction":[{"@type":"SearchAction","target":{"@type":"EntryPoint","urlTemplate":"https:\/\/vincentians.com\/es\/?s={search_term_string}"},"query-input":{"@type":"PropertyValueSpecification","valueRequired":true,"valueName":"search_term_string"}}],"inLanguage":"es"},{"@type":"Organization","@id":"https:\/\/vincentians.com\/es\/#organization","name":"The Vincentian Network","url":"https:\/\/vincentians.com\/es\/","logo":{"@type":"ImageObject","inLanguage":"es","@id":"https:\/\/vincentians.com\/es\/#\/schema\/logo\/image\/","url":"https:\/\/i1.wp.com\/vincentians.com\/es\/wp-content\/uploads\/sites\/11\/2016\/06\/Vincentian-Network-logo-big.png?fit=778%2C778","contentUrl":"https:\/\/i1.wp.com\/vincentians.com\/es\/wp-content\/uploads\/sites\/11\/2016\/06\/Vincentian-Network-logo-big.png?fit=778%2C778","width":778,"height":778,"caption":"The Vincentian Network"},"image":{"@id":"https:\/\/vincentians.com\/es\/#\/schema\/logo\/image\/"},"sameAs":["https:\/\/www.facebook.com\/WeAreVincentians\/","https:\/\/x.com\/WeVincentians"]},{"@type":"Person","@id":"https:\/\/vincentians.com\/es\/#\/schema\/person\/7c2670b4445a7ca9d164ea6acdb31859","name":"Mitxel Olabu\u00e9naga","image":{"@type":"ImageObject","inLanguage":"es","@id":"https:\/\/vincentians.com\/es\/#\/schema\/person\/image\/","url":"https:\/\/secure.gravatar.com\/avatar\/34137ec2e2b8939cbbed975731e71f3f4f1defc7266ded337a5ce0f925426877?s=96&d=mm&r=g","contentUrl":"https:\/\/secure.gravatar.com\/avatar\/34137ec2e2b8939cbbed975731e71f3f4f1defc7266ded337a5ce0f925426877?s=96&d=mm&r=g","caption":"Mitxel Olabu\u00e9naga"},"url":"http:\/\/vincentians.com\/es\/author\/mitxel\/"}]}},"jetpack_publicize_connections":[],"jetpack_featured_media_url":"https:\/\/i0.wp.com\/vincentians.com\/es\/wp-content\/uploads\/sites\/11\/2016\/07\/bio-cm.jpg?fit=1200%2C630","jetpack_sharing_enabled":true,"jetpack_shortlink":"https:\/\/wp.me\/p7ETMF-exf","jetpack-related-posts":[{"id":119274,"url":"http:\/\/vincentians.com\/es\/historia-de-los-paules-en-cuba-capitulo-vi-a\/","url_meta":{"origin":55877,"position":0},"title":"Historia de los Pa\u00fales en Cuba: Cap\u00edtulo VI (A)","author":"Mitxel Olabu\u00e9naga","date":"15\/04\/2013","format":false,"excerpt":"1. Repercusiones de la Guerra de 1895 en las casas de Santiago de Cuba, Matanzas y La Habana. El 15 de febrero de 1898 ocurri\u00f3 un incidente anterior a la guerra hispano- estadounidense, en el cual, una explosi\u00f3n misteriosa hundi\u00f3 el acorazado estadounidense Maine que estaba anclando en la bah\u00eda\u2026","rel":"","context":"En \u00abHistoria de la Congregaci\u00f3n de la Misi\u00f3n\u00bb","block_context":{"text":"Historia de la Congregaci\u00f3n de la Misi\u00f3n","link":"http:\/\/vincentians.com\/es\/category\/historia-de-la-familia-vicenciana\/historia-de-la-congregacion-de-la-mision\/"},"img":{"alt_text":"41747943_95fc4657ec","src":"https:\/\/i0.wp.com\/vicencianos.org\/wp-content\/2013\/02\/41747943_95fc4657ec.jpg?resize=350%2C200","width":350,"height":200},"classes":[]},{"id":125842,"url":"http:\/\/vincentians.com\/es\/san-vicente-de-paul-siervo-de-los-pobres-09\/","url_meta":{"origin":55877,"position":1},"title":"San Vicente de Pa\u00fal, siervo de los pobres (09)","author":"Francisco Javier Fern\u00e1ndez Chento","date":"04\/12\/2013","format":false,"excerpt":"IX. La reforma del pueblo Desarrollo de las misiones Ahora el siervo de los pobres dispon\u00eda de un pu\u00f1ado de sacerdotes y de un pu\u00f1ado de hermanas con n\u00facleos de voluntarios del laicado femenino y masculino, para pro\u00admover y guiar la acci\u00f3n del renacimiento religioso del pueblo, para el fin\u2026","rel":"","context":"En \u00abVicente de Pa\u00fal\u00bb","block_context":{"text":"Vicente de Pa\u00fal","link":"http:\/\/vincentians.com\/es\/category\/la-familia-vicenciana\/fundadores\/vicente-de-paul\/"},"img":{"alt_text":"","src":"","width":0,"height":0},"classes":[]},{"id":126044,"url":"http:\/\/vincentians.com\/es\/san-vicente-de-paul-siervo-de-los-pobres-13\/","url_meta":{"origin":55877,"position":2},"title":"San Vicente de Pa\u00fal, siervo de los pobres (13)","author":"Francisco Javier Fern\u00e1ndez Chento","date":"08\/12\/2013","format":false,"excerpt":"XIII: La Misi\u00f3n fuera de Francia La misi\u00f3n en Roma En Roma existe todav\u00eda hoy, junto al palacio de Mon\u00adtecitorio, una via della Missione, y es la calle en que se le\u00advanta el palacio del cardenal Bagni, que fue comprado por los misioneros en 1659. La misi\u00f3n verdadera y propiamente\u2026","rel":"","context":"En \u00abVicente de Pa\u00fal\u00bb","block_context":{"text":"Vicente de Pa\u00fal","link":"http:\/\/vincentians.com\/es\/category\/la-familia-vicenciana\/fundadores\/vicente-de-paul\/"},"img":{"alt_text":"","src":"","width":0,"height":0},"classes":[]},{"id":129890,"url":"http:\/\/vincentians.com\/es\/san-vicente-de-paul-su-vida-su-tiempo-sus-obras-su-influencia-libro-6-capitulo-3-b\/","url_meta":{"origin":55877,"position":3},"title":"San Vicente de Pa\u00fal. Su vida, su tiempo; sus obras, su influencia. Libro 6, cap\u00edtulo 3 (b)","author":"Francisco Javier Fern\u00e1ndez Chento","date":"21\/01\/2015","format":false,"excerpt":"Cap\u00edtulo III: Misiones de Europa (cont.) Art\u00edculo Segundo: Misiones de las Islas Brit\u00e1nicas. I. Misi\u00f3n de Irlanda. En 1645, en el momento en que fracasaba un proyecto de Misi\u00f3n en Oriente y Vicente enviaba Misioneros a Berber\u00eda, el cardenal Fran\u00e7ois Barberini, sobrino de urbano VIII, le invit\u00f3, en nombre del\u2026","rel":"","context":"En \u00abVicente de Pa\u00fal\u00bb","block_context":{"text":"Vicente de Pa\u00fal","link":"http:\/\/vincentians.com\/es\/category\/la-familia-vicenciana\/fundadores\/vicente-de-paul\/"},"img":{"alt_text":"","src":"","width":0,"height":0},"classes":[]},{"id":119293,"url":"http:\/\/vincentians.com\/es\/p-jesus-taboada-laborra\/","url_meta":{"origin":55877,"position":4},"title":"P. Jes\u00fas Taboada Laborra","author":"Mitxel Olabu\u00e9naga","date":"29\/04\/2013","format":false,"excerpt":"Corr\u00edan los dif\u00edciles a\u00f1os de la guerra civil cuando Jes\u00fas Taboada Laborra culminaba su carrera eclesi\u00e1stica. El nuevo \u00f3leo le infund\u00eda fuerza para aceptar, con riesgo, su estreno\u00a0 del sacerdocio. As\u00ed que solicit\u00f3 Cuttak (India) como su destino. Para familiarizarse con el ingl\u00e9s, pas\u00f3 una no muy prolongada estancia en\u2026","rel":"","context":"En \u00abBiograf\u00edas de Misioneros Pa\u00fales\u00bb","block_context":{"text":"Biograf\u00edas de Misioneros Pa\u00fales","link":"http:\/\/vincentians.com\/es\/category\/la-familia-vicenciana\/biografias-vicencianas\/biografias-de-misioneros-paules\/"},"img":{"alt_text":"","src":"https:\/\/i0.wp.com\/vincentians.com\/es\/wp-content\/uploads\/sites\/11\/2016\/07\/bio-cm.jpg?fit=1200%2C630&resize=350%2C200","width":350,"height":200,"srcset":"https:\/\/i0.wp.com\/vincentians.com\/es\/wp-content\/uploads\/sites\/11\/2016\/07\/bio-cm.jpg?fit=1200%2C630&resize=350%2C200 1x, https:\/\/i0.wp.com\/vincentians.com\/es\/wp-content\/uploads\/sites\/11\/2016\/07\/bio-cm.jpg?fit=1200%2C630&resize=525%2C300 1.5x, https:\/\/i0.wp.com\/vincentians.com\/es\/wp-content\/uploads\/sites\/11\/2016\/07\/bio-cm.jpg?fit=1200%2C630&resize=700%2C400 2x, https:\/\/i0.wp.com\/vincentians.com\/es\/wp-content\/uploads\/sites\/11\/2016\/07\/bio-cm.jpg?fit=1200%2C630&resize=1050%2C600 3x"},"classes":[]},{"id":131583,"url":"http:\/\/vincentians.com\/es\/un-martir-en-tche-kiang-sr-andres-tsu-lazarista-chino\/","url_meta":{"origin":55877,"position":5},"title":"UN M\u00c1RTIR EN TCH\u00c9-KIANG SR. ANDR\u00c9S TSU, LAZARISTA CHINO","author":"Mitxel Olabu\u00e9naga","date":"16\/10\/2014","format":false,"excerpt":"Leemos en los Anales de la Propagaci\u00f3n de la Fe (Marzo 1904): \"Nada tan tierno, nada tan dram\u00e1tico como la relaci\u00f3n que sigue. Es una nueva p\u00e1gina que se ha de a\u00f1adir al martirologio chino. El Tch\u00e9Kiang, donde hasta ahora ning\u00fan Misionero hab\u00eda tenido la dicha de dar a Dios\u2026","rel":"","context":"En \u00abBiograf\u00edas de Misioneros Pa\u00fales\u00bb","block_context":{"text":"Biograf\u00edas de Misioneros Pa\u00fales","link":"http:\/\/vincentians.com\/es\/category\/la-familia-vicenciana\/biografias-vicencianas\/biografias-de-misioneros-paules\/"},"img":{"alt_text":"","src":"https:\/\/i0.wp.com\/vincentians.com\/es\/wp-content\/uploads\/sites\/11\/2016\/07\/bio-cm.jpg?fit=1200%2C630&resize=350%2C200","width":350,"height":200,"srcset":"https:\/\/i0.wp.com\/vincentians.com\/es\/wp-content\/uploads\/sites\/11\/2016\/07\/bio-cm.jpg?fit=1200%2C630&resize=350%2C200 1x, https:\/\/i0.wp.com\/vincentians.com\/es\/wp-content\/uploads\/sites\/11\/2016\/07\/bio-cm.jpg?fit=1200%2C630&resize=525%2C300 1.5x, https:\/\/i0.wp.com\/vincentians.com\/es\/wp-content\/uploads\/sites\/11\/2016\/07\/bio-cm.jpg?fit=1200%2C630&resize=700%2C400 2x, https:\/\/i0.wp.com\/vincentians.com\/es\/wp-content\/uploads\/sites\/11\/2016\/07\/bio-cm.jpg?fit=1200%2C630&resize=1050%2C600 3x"},"classes":[]}],"_links":{"self":[{"href":"http:\/\/vincentians.com\/es\/wp-json\/wp\/v2\/posts\/55877","targetHints":{"allow":["GET"]}}],"collection":[{"href":"http:\/\/vincentians.com\/es\/wp-json\/wp\/v2\/posts"}],"about":[{"href":"http:\/\/vincentians.com\/es\/wp-json\/wp\/v2\/types\/post"}],"author":[{"embeddable":true,"href":"http:\/\/vincentians.com\/es\/wp-json\/wp\/v2\/users\/5"}],"replies":[{"embeddable":true,"href":"http:\/\/vincentians.com\/es\/wp-json\/wp\/v2\/comments?post=55877"}],"version-history":[{"count":0,"href":"http:\/\/vincentians.com\/es\/wp-json\/wp\/v2\/posts\/55877\/revisions"}],"wp:featuredmedia":[{"embeddable":true,"href":"http:\/\/vincentians.com\/es\/wp-json\/wp\/v2\/media\/391249"}],"wp:attachment":[{"href":"http:\/\/vincentians.com\/es\/wp-json\/wp\/v2\/media?parent=55877"}],"wp:term":[{"taxonomy":"category","embeddable":true,"href":"http:\/\/vincentians.com\/es\/wp-json\/wp\/v2\/categories?post=55877"},{"taxonomy":"post_tag","embeddable":true,"href":"http:\/\/vincentians.com\/es\/wp-json\/wp\/v2\/tags?post=55877"}],"curies":[{"name":"wp","href":"https:\/\/api.w.org\/{rel}","templated":true}]}}