{"id":55748,"date":"2015-03-19T08:18:20","date_gmt":"2015-03-19T07:18:20","guid":{"rendered":"http:\/\/somos.vicencianos.org\/?p=55748"},"modified":"2016-07-27T12:06:25","modified_gmt":"2016-07-27T10:06:25","slug":"edme-perriquet-1701-1755","status":"publish","type":"post","link":"http:\/\/vincentians.com\/es\/edme-perriquet-1701-1755\/","title":{"rendered":"Edme Perriquet (1701-1755)"},"content":{"rendered":"<p><a href=\"https:\/\/i0.wp.com\/vicencianos.org\/wp-content\/2011\/11\/Biografias-Pa%C3%BAles24.jpg\"><img data-recalc-dims=\"1\" loading=\"lazy\" decoding=\"async\" class=\"alignleft size-full wp-image-55749\" src=\"https:\/\/i0.wp.com\/vicencianos.org\/wp-content\/2011\/11\/Biografias-Pa%C3%BAles24.jpg?resize=232%2C300\" alt=\"\" width=\"232\" height=\"300\" \/><\/a>\u00a0\u00a0 El m\u00e9rito del Sr. Edme Perriquet es bastante atestiguado por este hecho que fue elegido varias veces asistente de Superior general, y que a la muerte del Sr. Couty en 1746, carg\u00f3 con el t\u00edtulo de vicario general, del gobierno de la Congregaci\u00f3n.<\/p>\n<p>El 1\u00ba de enero de 1756, el Sr. Debras escrib\u00eda a Par\u00eds: \u00bb\u00a0Dios nos ha visitado sensiblemente, en esta casa, durante el curso de este a\u00f1o que acabamos de concluir, llamando a \u00e9l al Sr. Edme Perriquet, nuestro primer asistente. Esto ha sido, en las circunstancias en que nos vemos, una de las mayores p\u00e9rdidas de la Congregaci\u00f3n ha podido sufrir. Para darnos cuenta de ello ser\u00eda preciso haber sido testigos, como nosotros lo hemos sido, del \u00e9xito de este digno sujeto. Hombre verdaderamente sabio, m\u00e1s virtuoso a\u00fan, su vida se repart\u00eda entre la pr\u00e1ctica austera\u00a0 de todos\u00a0 los deberes de su estado y los trabajos que su celo, que lo comprend\u00eda todo, le hac\u00eda emprender para la edificaci\u00f3n\u00a0 del pr\u00f3jimo y el bien de la Iglesia. Los intereses de la religi\u00f3n le animaban vivamente el coraz\u00f3n, y los males que nos afligen produc\u00edan en \u00e9l una impresi\u00f3n poco com\u00fan. Habr\u00eda querido responder a todo lo que atacaba a la Iglesia o a la religi\u00f3n, y su viveza, unida a luces s\u00f3lidas, extensas y presentes, le hac\u00edan producir una obra casi en el mismo instante que se le hab\u00eda ocurrido. La piedad lamentar\u00e1 siempre que no haya terminado lo que ella misma le hab\u00eda llevado a comenzar. Estaba en la flor de la edad, y su complexi\u00f3n que parec\u00eda muy robusta, nos hac\u00eda esperar que nos prestar\u00eda tan largos como importantes servicios. Era nuestro recurso en todas las funciones que se han de cumplir en esta gran casa, y en los trabajos del gobierno que repart\u00eda con una capacidad superior. Estaba presto a escribir cartas, a realizar memorias, a predicar, a exhortar, a confesar; y de improviso, por el principio de la virtud m\u00e1s austera, pasaba de una funci\u00f3n penosa a los estudios m\u00e1s serios, sin tomarse el menor descanso. Fue en el ejercicio de una vida tan \u00fatilmente ocupada\u00a0 en el servicio de la Iglesia y de la Congregaci\u00f3n, pero al mismo tiempo tan dura y tan mortificada, cuando se encontr\u00f3 consumado demasiado pronto. Hacia finales del pasado mes de julio, se sinti\u00f3 vivamente atacado de dolores agudos en todos los miembros. Era empobrecimiento de sangre, cuyos progresos mortales no pudieron impedir los remedios imaginables. Su muerte nos causa un gran vac\u00edo \u00ab. &#8211; Circul., t. I, p. 586.<\/p>\n<p>Despu\u00e9s de la muerte del Sr. Perriquet se public\u00f3 uno de sus escritos m\u00e1s \u00fatiles: Instrucciones para el seminario de las Hijas de la Caridad, par M. P*** (\u00e0 Paris chez J.-B. Garnier, 1756, in-24 de 230 pages). Se trata, en forma de catecismo de una doble serie de instrucciones. La primera es para las Hijas de la Caridad como institutrices religiosas, y esta parte comprende un excelente compendio de la religi\u00f3n. La segunda serie, en forma de catecismo tambi\u00e9n,\u00a0 es para la conducta de las Hijas de la Caridad. Se desarrolla en forma de preguntas y respuestas: Virtudes que componen el esp\u00edritu de las Hijas de la Caridad; oraci\u00f3n, ex\u00e1menes y direcci\u00f3n espiritual; forma de confesarse bien.\u00a0 Por \u00faltimo hay una serie de m\u00e1ximas explicadas a las Hijas de la Caridad por san Vicente de Pa\u00fal, su Fundador\u00bb, que est\u00e1n muy bien escogidas. Todas estas instrucciones\u00a0 del libro de este distinguido misionero\u00a0 han pasado palabra por palabra\u00a0 a los libros que se han publicado desde entonces para uso de la Comunidad de las Hijas de la Caridad. Por ello en la Introducci\u00f3n escrita por el editor, despu\u00e9s de la muerte del Sr. Edme Perriquet, este precioso librito, se lee este justo elogio del autor: \u00abCon estas miras ha emprendido este trabajo el autor lleno de luces, de celo y de valent\u00eda. Pero ay, qu\u00e9 triste recuerdo ya no est\u00e1, ese hombre tan iluminado\u00a0 en los caminos de la salvaci\u00f3n, tan celoso por la religi\u00f3n, tan \u00edntegro en sus costumbres, tan celoso por llevar a las almas a Dios. Consumido por trabajos inmensos por el bien de la Iglesia, cuyos intereses tocaban vivamente su coraz\u00f3n\u00a0; agotado por las austeridades de una vida dura, mortificada, regular hasta la observancia del menor punto de la ley, Dios se ha apresurado a llamarle\u00a0 a s\u00ed para recompensarle sus m\u00e9ritos y sus virtudes.<\/p>\n<p><span style=\"text-decoration: underline\">\u00a0\u00a0 <\/span>\u00bb\u00a0Su caridad por vosotras, mis queridas Hermanas, caridad no solo tan sensible en esta obra, sino tantas veces probada por su entrega al servicio de vuestra Compa\u00f1\u00eda reclama la vuestra por \u00e9l. Le deb\u00e9is un tributo eterno de oraciones\u00a0\u00ab.<\/p>\n<p>El Sr. Edme Perriquet hab\u00eda nacido el 14 de mayo de 1701; falleci\u00f3 el 18 de agosto de 1755, a la edad tan solo de cincuenta y cuatro a\u00f1os y unos meses.<\/p>\n<p>&nbsp;<\/p>\n","protected":false},"excerpt":{"rendered":"<p>\u00a0\u00a0 El m\u00e9rito del Sr. Edme Perriquet es bastante atestiguado por este hecho que fue elegido varias veces asistente de Superior general, y que a la muerte del Sr. Couty en 1746, carg\u00f3 con el &#8230; <a href=\"http:\/\/vincentians.com\/es\/edme-perriquet-1701-1755\/\" class=\"more-link\">Read More<\/a><\/p>\n","protected":false},"author":5,"featured_media":391249,"comment_status":"open","ping_status":"open","sticky":false,"template":"","format":"standard","meta":{"jetpack_post_was_ever_published":false,"_jetpack_newsletter_access":"","_jetpack_dont_email_post_to_subs":false,"_jetpack_newsletter_tier_id":0,"_jetpack_memberships_contains_paywalled_content":false,"_jetpack_memberships_contains_paid_content":false,"footnotes":"","jetpack_publicize_message":"","jetpack_publicize_feature_enabled":true,"jetpack_social_post_already_shared":true,"jetpack_social_options":{"image_generator_settings":{"template":"highway","default_image_id":0,"font":"","enabled":false},"version":2}},"categories":[19],"tags":[],"class_list":["post-55748","post","type-post","status-publish","format-standard","has-post-thumbnail","hentry","category-biografias-de-misioneros-paules"],"yoast_head":"<!-- This site is optimized with the Yoast SEO plugin v26.3 - https:\/\/yoast.com\/wordpress\/plugins\/seo\/ -->\n<title>Edme Perriquet (1701-1755) - Somos Vicencianos<\/title>\n<meta name=\"robots\" content=\"index, follow, max-snippet:-1, max-image-preview:large, max-video-preview:-1\" \/>\n<link rel=\"canonical\" href=\"https:\/\/vincentians.com\/es\/edme-perriquet-1701-1755\/\" \/>\n<meta property=\"og:locale\" content=\"es_ES\" \/>\n<meta property=\"og:type\" content=\"article\" \/>\n<meta property=\"og:title\" content=\"Edme Perriquet (1701-1755) - Somos Vicencianos\" \/>\n<meta property=\"og:description\" content=\"\u00a0\u00a0 El m\u00e9rito del Sr. Edme Perriquet es bastante atestiguado por este hecho que fue elegido varias veces asistente de Superior general, y que a la muerte del Sr. Couty en 1746, carg\u00f3 con el ... Read More\" \/>\n<meta property=\"og:url\" content=\"https:\/\/vincentians.com\/es\/edme-perriquet-1701-1755\/\" \/>\n<meta property=\"og:site_name\" content=\"Somos Vicencianos\" \/>\n<meta property=\"article:publisher\" content=\"https:\/\/www.facebook.com\/WeAreVincentians\/\" \/>\n<meta property=\"article:published_time\" content=\"2015-03-19T07:18:20+00:00\" \/>\n<meta property=\"article:modified_time\" content=\"2016-07-27T10:06:25+00:00\" \/>\n<meta property=\"og:image\" content=\"https:\/\/i0.wp.com\/vincentians.com\/es\/wp-content\/uploads\/sites\/11\/2016\/07\/bio-cm.jpg?fit=1200%2C630&ssl=1\" \/>\n\t<meta property=\"og:image:width\" content=\"1200\" \/>\n\t<meta property=\"og:image:height\" content=\"630\" \/>\n\t<meta property=\"og:image:type\" content=\"image\/jpeg\" \/>\n<meta name=\"author\" content=\"Mitxel Olabu\u00e9naga\" \/>\n<meta name=\"twitter:card\" content=\"summary_large_image\" \/>\n<meta name=\"twitter:creator\" content=\"@WeVincentians\" \/>\n<meta name=\"twitter:site\" content=\"@WeVincentians\" \/>\n<meta name=\"twitter:label1\" content=\"Escrito por\" \/>\n\t<meta name=\"twitter:data1\" content=\"Mitxel Olabu\u00e9naga\" \/>\n\t<meta name=\"twitter:label2\" content=\"Tiempo de lectura\" \/>\n\t<meta name=\"twitter:data2\" content=\"4 minutos\" \/>\n<script type=\"application\/ld+json\" class=\"yoast-schema-graph\">{\"@context\":\"https:\/\/schema.org\",\"@graph\":[{\"@type\":\"Article\",\"@id\":\"https:\/\/vincentians.com\/es\/edme-perriquet-1701-1755\/#article\",\"isPartOf\":{\"@id\":\"https:\/\/vincentians.com\/es\/edme-perriquet-1701-1755\/\"},\"author\":{\"name\":\"Mitxel Olabu\u00e9naga\",\"@id\":\"https:\/\/vincentians.com\/es\/#\/schema\/person\/7c2670b4445a7ca9d164ea6acdb31859\"},\"headline\":\"Edme Perriquet (1701-1755)\",\"datePublished\":\"2015-03-19T07:18:20+00:00\",\"dateModified\":\"2016-07-27T10:06:25+00:00\",\"mainEntityOfPage\":{\"@id\":\"https:\/\/vincentians.com\/es\/edme-perriquet-1701-1755\/\"},\"wordCount\":856,\"commentCount\":0,\"publisher\":{\"@id\":\"https:\/\/vincentians.com\/es\/#organization\"},\"image\":{\"@id\":\"https:\/\/vincentians.com\/es\/edme-perriquet-1701-1755\/#primaryimage\"},\"thumbnailUrl\":\"https:\/\/i0.wp.com\/vincentians.com\/es\/wp-content\/uploads\/sites\/11\/2016\/07\/bio-cm.jpg?fit=1200%2C630\",\"articleSection\":[\"Biograf\u00edas de Misioneros Pa\u00fales\"],\"inLanguage\":\"es\",\"potentialAction\":[{\"@type\":\"CommentAction\",\"name\":\"Comment\",\"target\":[\"https:\/\/vincentians.com\/es\/edme-perriquet-1701-1755\/#respond\"]}]},{\"@type\":\"WebPage\",\"@id\":\"https:\/\/vincentians.com\/es\/edme-perriquet-1701-1755\/\",\"url\":\"https:\/\/vincentians.com\/es\/edme-perriquet-1701-1755\/\",\"name\":\"Edme Perriquet (1701-1755) - Somos Vicencianos\",\"isPartOf\":{\"@id\":\"https:\/\/vincentians.com\/es\/#website\"},\"primaryImageOfPage\":{\"@id\":\"https:\/\/vincentians.com\/es\/edme-perriquet-1701-1755\/#primaryimage\"},\"image\":{\"@id\":\"https:\/\/vincentians.com\/es\/edme-perriquet-1701-1755\/#primaryimage\"},\"thumbnailUrl\":\"https:\/\/i0.wp.com\/vincentians.com\/es\/wp-content\/uploads\/sites\/11\/2016\/07\/bio-cm.jpg?fit=1200%2C630\",\"datePublished\":\"2015-03-19T07:18:20+00:00\",\"dateModified\":\"2016-07-27T10:06:25+00:00\",\"breadcrumb\":{\"@id\":\"https:\/\/vincentians.com\/es\/edme-perriquet-1701-1755\/#breadcrumb\"},\"inLanguage\":\"es\",\"potentialAction\":[{\"@type\":\"ReadAction\",\"target\":[\"https:\/\/vincentians.com\/es\/edme-perriquet-1701-1755\/\"]}]},{\"@type\":\"ImageObject\",\"inLanguage\":\"es\",\"@id\":\"https:\/\/vincentians.com\/es\/edme-perriquet-1701-1755\/#primaryimage\",\"url\":\"https:\/\/i0.wp.com\/vincentians.com\/es\/wp-content\/uploads\/sites\/11\/2016\/07\/bio-cm.jpg?fit=1200%2C630\",\"contentUrl\":\"https:\/\/i0.wp.com\/vincentians.com\/es\/wp-content\/uploads\/sites\/11\/2016\/07\/bio-cm.jpg?fit=1200%2C630\",\"width\":1200,\"height\":630},{\"@type\":\"BreadcrumbList\",\"@id\":\"https:\/\/vincentians.com\/es\/edme-perriquet-1701-1755\/#breadcrumb\",\"itemListElement\":[{\"@type\":\"ListItem\",\"position\":1,\"name\":\"Portada\",\"item\":\"https:\/\/vincentians.com\/es\/\"},{\"@type\":\"ListItem\",\"position\":2,\"name\":\"Edme Perriquet (1701-1755)\"}]},{\"@type\":\"WebSite\",\"@id\":\"https:\/\/vincentians.com\/es\/#website\",\"url\":\"https:\/\/vincentians.com\/es\/\",\"name\":\"Somos Vicencianos\",\"description\":\"Know more to serve more\",\"publisher\":{\"@id\":\"https:\/\/vincentians.com\/es\/#organization\"},\"potentialAction\":[{\"@type\":\"SearchAction\",\"target\":{\"@type\":\"EntryPoint\",\"urlTemplate\":\"https:\/\/vincentians.com\/es\/?s={search_term_string}\"},\"query-input\":{\"@type\":\"PropertyValueSpecification\",\"valueRequired\":true,\"valueName\":\"search_term_string\"}}],\"inLanguage\":\"es\"},{\"@type\":\"Organization\",\"@id\":\"https:\/\/vincentians.com\/es\/#organization\",\"name\":\"The Vincentian Network\",\"url\":\"https:\/\/vincentians.com\/es\/\",\"logo\":{\"@type\":\"ImageObject\",\"inLanguage\":\"es\",\"@id\":\"https:\/\/vincentians.com\/es\/#\/schema\/logo\/image\/\",\"url\":\"https:\/\/i1.wp.com\/vincentians.com\/es\/wp-content\/uploads\/sites\/11\/2016\/06\/Vincentian-Network-logo-big.png?fit=778%2C778\",\"contentUrl\":\"https:\/\/i1.wp.com\/vincentians.com\/es\/wp-content\/uploads\/sites\/11\/2016\/06\/Vincentian-Network-logo-big.png?fit=778%2C778\",\"width\":778,\"height\":778,\"caption\":\"The Vincentian Network\"},\"image\":{\"@id\":\"https:\/\/vincentians.com\/es\/#\/schema\/logo\/image\/\"},\"sameAs\":[\"https:\/\/www.facebook.com\/WeAreVincentians\/\",\"https:\/\/x.com\/WeVincentians\"]},{\"@type\":\"Person\",\"@id\":\"https:\/\/vincentians.com\/es\/#\/schema\/person\/7c2670b4445a7ca9d164ea6acdb31859\",\"name\":\"Mitxel Olabu\u00e9naga\",\"image\":{\"@type\":\"ImageObject\",\"inLanguage\":\"es\",\"@id\":\"https:\/\/vincentians.com\/es\/#\/schema\/person\/image\/\",\"url\":\"https:\/\/secure.gravatar.com\/avatar\/34137ec2e2b8939cbbed975731e71f3f4f1defc7266ded337a5ce0f925426877?s=96&d=mm&r=g\",\"contentUrl\":\"https:\/\/secure.gravatar.com\/avatar\/34137ec2e2b8939cbbed975731e71f3f4f1defc7266ded337a5ce0f925426877?s=96&d=mm&r=g\",\"caption\":\"Mitxel Olabu\u00e9naga\"},\"url\":\"http:\/\/vincentians.com\/es\/author\/mitxel\/\"}]}<\/script>\n<!-- \/ Yoast SEO plugin. -->","yoast_head_json":{"title":"Edme Perriquet (1701-1755) - Somos Vicencianos","robots":{"index":"index","follow":"follow","max-snippet":"max-snippet:-1","max-image-preview":"max-image-preview:large","max-video-preview":"max-video-preview:-1"},"canonical":"https:\/\/vincentians.com\/es\/edme-perriquet-1701-1755\/","og_locale":"es_ES","og_type":"article","og_title":"Edme Perriquet (1701-1755) - Somos Vicencianos","og_description":"\u00a0\u00a0 El m\u00e9rito del Sr. Edme Perriquet es bastante atestiguado por este hecho que fue elegido varias veces asistente de Superior general, y que a la muerte del Sr. Couty en 1746, carg\u00f3 con el ... Read More","og_url":"https:\/\/vincentians.com\/es\/edme-perriquet-1701-1755\/","og_site_name":"Somos Vicencianos","article_publisher":"https:\/\/www.facebook.com\/WeAreVincentians\/","article_published_time":"2015-03-19T07:18:20+00:00","article_modified_time":"2016-07-27T10:06:25+00:00","og_image":[{"width":1200,"height":630,"url":"https:\/\/i0.wp.com\/vincentians.com\/es\/wp-content\/uploads\/sites\/11\/2016\/07\/bio-cm.jpg?fit=1200%2C630&ssl=1","type":"image\/jpeg"}],"author":"Mitxel Olabu\u00e9naga","twitter_card":"summary_large_image","twitter_creator":"@WeVincentians","twitter_site":"@WeVincentians","twitter_misc":{"Escrito por":"Mitxel Olabu\u00e9naga","Tiempo de lectura":"4 minutos"},"schema":{"@context":"https:\/\/schema.org","@graph":[{"@type":"Article","@id":"https:\/\/vincentians.com\/es\/edme-perriquet-1701-1755\/#article","isPartOf":{"@id":"https:\/\/vincentians.com\/es\/edme-perriquet-1701-1755\/"},"author":{"name":"Mitxel Olabu\u00e9naga","@id":"https:\/\/vincentians.com\/es\/#\/schema\/person\/7c2670b4445a7ca9d164ea6acdb31859"},"headline":"Edme Perriquet (1701-1755)","datePublished":"2015-03-19T07:18:20+00:00","dateModified":"2016-07-27T10:06:25+00:00","mainEntityOfPage":{"@id":"https:\/\/vincentians.com\/es\/edme-perriquet-1701-1755\/"},"wordCount":856,"commentCount":0,"publisher":{"@id":"https:\/\/vincentians.com\/es\/#organization"},"image":{"@id":"https:\/\/vincentians.com\/es\/edme-perriquet-1701-1755\/#primaryimage"},"thumbnailUrl":"https:\/\/i0.wp.com\/vincentians.com\/es\/wp-content\/uploads\/sites\/11\/2016\/07\/bio-cm.jpg?fit=1200%2C630","articleSection":["Biograf\u00edas de Misioneros Pa\u00fales"],"inLanguage":"es","potentialAction":[{"@type":"CommentAction","name":"Comment","target":["https:\/\/vincentians.com\/es\/edme-perriquet-1701-1755\/#respond"]}]},{"@type":"WebPage","@id":"https:\/\/vincentians.com\/es\/edme-perriquet-1701-1755\/","url":"https:\/\/vincentians.com\/es\/edme-perriquet-1701-1755\/","name":"Edme Perriquet (1701-1755) - Somos Vicencianos","isPartOf":{"@id":"https:\/\/vincentians.com\/es\/#website"},"primaryImageOfPage":{"@id":"https:\/\/vincentians.com\/es\/edme-perriquet-1701-1755\/#primaryimage"},"image":{"@id":"https:\/\/vincentians.com\/es\/edme-perriquet-1701-1755\/#primaryimage"},"thumbnailUrl":"https:\/\/i0.wp.com\/vincentians.com\/es\/wp-content\/uploads\/sites\/11\/2016\/07\/bio-cm.jpg?fit=1200%2C630","datePublished":"2015-03-19T07:18:20+00:00","dateModified":"2016-07-27T10:06:25+00:00","breadcrumb":{"@id":"https:\/\/vincentians.com\/es\/edme-perriquet-1701-1755\/#breadcrumb"},"inLanguage":"es","potentialAction":[{"@type":"ReadAction","target":["https:\/\/vincentians.com\/es\/edme-perriquet-1701-1755\/"]}]},{"@type":"ImageObject","inLanguage":"es","@id":"https:\/\/vincentians.com\/es\/edme-perriquet-1701-1755\/#primaryimage","url":"https:\/\/i0.wp.com\/vincentians.com\/es\/wp-content\/uploads\/sites\/11\/2016\/07\/bio-cm.jpg?fit=1200%2C630","contentUrl":"https:\/\/i0.wp.com\/vincentians.com\/es\/wp-content\/uploads\/sites\/11\/2016\/07\/bio-cm.jpg?fit=1200%2C630","width":1200,"height":630},{"@type":"BreadcrumbList","@id":"https:\/\/vincentians.com\/es\/edme-perriquet-1701-1755\/#breadcrumb","itemListElement":[{"@type":"ListItem","position":1,"name":"Portada","item":"https:\/\/vincentians.com\/es\/"},{"@type":"ListItem","position":2,"name":"Edme Perriquet (1701-1755)"}]},{"@type":"WebSite","@id":"https:\/\/vincentians.com\/es\/#website","url":"https:\/\/vincentians.com\/es\/","name":"Somos Vicencianos","description":"Know more to serve more","publisher":{"@id":"https:\/\/vincentians.com\/es\/#organization"},"potentialAction":[{"@type":"SearchAction","target":{"@type":"EntryPoint","urlTemplate":"https:\/\/vincentians.com\/es\/?s={search_term_string}"},"query-input":{"@type":"PropertyValueSpecification","valueRequired":true,"valueName":"search_term_string"}}],"inLanguage":"es"},{"@type":"Organization","@id":"https:\/\/vincentians.com\/es\/#organization","name":"The Vincentian Network","url":"https:\/\/vincentians.com\/es\/","logo":{"@type":"ImageObject","inLanguage":"es","@id":"https:\/\/vincentians.com\/es\/#\/schema\/logo\/image\/","url":"https:\/\/i1.wp.com\/vincentians.com\/es\/wp-content\/uploads\/sites\/11\/2016\/06\/Vincentian-Network-logo-big.png?fit=778%2C778","contentUrl":"https:\/\/i1.wp.com\/vincentians.com\/es\/wp-content\/uploads\/sites\/11\/2016\/06\/Vincentian-Network-logo-big.png?fit=778%2C778","width":778,"height":778,"caption":"The Vincentian Network"},"image":{"@id":"https:\/\/vincentians.com\/es\/#\/schema\/logo\/image\/"},"sameAs":["https:\/\/www.facebook.com\/WeAreVincentians\/","https:\/\/x.com\/WeVincentians"]},{"@type":"Person","@id":"https:\/\/vincentians.com\/es\/#\/schema\/person\/7c2670b4445a7ca9d164ea6acdb31859","name":"Mitxel Olabu\u00e9naga","image":{"@type":"ImageObject","inLanguage":"es","@id":"https:\/\/vincentians.com\/es\/#\/schema\/person\/image\/","url":"https:\/\/secure.gravatar.com\/avatar\/34137ec2e2b8939cbbed975731e71f3f4f1defc7266ded337a5ce0f925426877?s=96&d=mm&r=g","contentUrl":"https:\/\/secure.gravatar.com\/avatar\/34137ec2e2b8939cbbed975731e71f3f4f1defc7266ded337a5ce0f925426877?s=96&d=mm&r=g","caption":"Mitxel Olabu\u00e9naga"},"url":"http:\/\/vincentians.com\/es\/author\/mitxel\/"}]}},"jetpack_publicize_connections":[],"jetpack_featured_media_url":"https:\/\/i0.wp.com\/vincentians.com\/es\/wp-content\/uploads\/sites\/11\/2016\/07\/bio-cm.jpg?fit=1200%2C630","jetpack_sharing_enabled":true,"jetpack_shortlink":"https:\/\/wp.me\/p7ETMF-eva","jetpack-related-posts":[{"id":131834,"url":"http:\/\/vincentians.com\/es\/edme-jolly-c-m-1622-1697-superior-general\/","url_meta":{"origin":55748,"position":0},"title":"Edm\u00e8 Jolly, C.M. (1622-1697) (Superior General)","author":"Mitxel Olabu\u00e9naga","date":"06\/12\/2014","format":false,"excerpt":"Tambi\u00e9n el segundo sucesor de Vicente de Pa\u00fal era de familia de cierto relieve social. Su padre era fiscal real en la di\u00f3cesis de Meaux, all\u00ed fue donde naci\u00f3 el hijo en 1622. Con 19 a\u00f1os y despu\u00e9s de haber estudiado filosof\u00eda y teolog\u00eda form\u00f3 parte del s\u00e9quito del Embajador\u2026","rel":"","context":"En \u00abBiograf\u00edas de Misioneros Pa\u00fales\u00bb","block_context":{"text":"Biograf\u00edas de Misioneros Pa\u00fales","link":"http:\/\/vincentians.com\/es\/category\/la-familia-vicenciana\/biografias-vicencianas\/biografias-de-misioneros-paules\/"},"img":{"alt_text":"","src":"https:\/\/i0.wp.com\/vincentians.com\/es\/wp-content\/uploads\/sites\/11\/2016\/07\/bio-cm.jpg?fit=1200%2C630&resize=350%2C200","width":350,"height":200,"srcset":"https:\/\/i0.wp.com\/vincentians.com\/es\/wp-content\/uploads\/sites\/11\/2016\/07\/bio-cm.jpg?fit=1200%2C630&resize=350%2C200 1x, https:\/\/i0.wp.com\/vincentians.com\/es\/wp-content\/uploads\/sites\/11\/2016\/07\/bio-cm.jpg?fit=1200%2C630&resize=525%2C300 1.5x, https:\/\/i0.wp.com\/vincentians.com\/es\/wp-content\/uploads\/sites\/11\/2016\/07\/bio-cm.jpg?fit=1200%2C630&resize=700%2C400 2x, https:\/\/i0.wp.com\/vincentians.com\/es\/wp-content\/uploads\/sites\/11\/2016\/07\/bio-cm.jpg?fit=1200%2C630&resize=1050%2C600 3x"},"classes":[]},{"id":24733,"url":"http:\/\/vincentians.com\/es\/tal-dia-como-hoy-13-de-septiembre\/","url_meta":{"origin":55748,"position":1},"title":"Tal d\u00eda como hoy: 13 de septiembre","author":"Francisco Javier Fern\u00e1ndez Chento","date":"13\/09\/2016","format":false,"excerpt":"1599. El di\u00e1cono Vicente de Pa\u00fal, recibe en Dax, del vicario general, Guillermo de Massiot, en nombre del obispo, Juan Santiago Dusault, las cartas dimisorias para ordenarse sacerdote. De hecho, y por razones desconocidas, Vicente esperar\u00e1 un a\u00f1o antes de presentarse al Obispo de P\u00e9rigueux para recibir la unci\u00f3n sacerdotal,\u2026","rel":"","context":"En \u00abEfem\u00e9rides Vicencianas\u00bb","block_context":{"text":"Efem\u00e9rides Vicencianas","link":"http:\/\/vincentians.com\/es\/category\/historia-de-la-familia-vicenciana\/efemerides-vicencianas\/"},"img":{"alt_text":"","src":"https:\/\/i0.wp.com\/vincentians.com\/es\/wp-content\/uploads\/sites\/11\/2016\/07\/ephemerides-fb.jpg?fit=1200%2C630&resize=350%2C200","width":350,"height":200,"srcset":"https:\/\/i0.wp.com\/vincentians.com\/es\/wp-content\/uploads\/sites\/11\/2016\/07\/ephemerides-fb.jpg?fit=1200%2C630&resize=350%2C200 1x, https:\/\/i0.wp.com\/vincentians.com\/es\/wp-content\/uploads\/sites\/11\/2016\/07\/ephemerides-fb.jpg?fit=1200%2C630&resize=525%2C300 1.5x, https:\/\/i0.wp.com\/vincentians.com\/es\/wp-content\/uploads\/sites\/11\/2016\/07\/ephemerides-fb.jpg?fit=1200%2C630&resize=700%2C400 2x, https:\/\/i0.wp.com\/vincentians.com\/es\/wp-content\/uploads\/sites\/11\/2016\/07\/ephemerides-fb.jpg?fit=1200%2C630&resize=1050%2C600 3x"},"classes":[]},{"id":30534,"url":"http:\/\/vincentians.com\/es\/vicente-de-paul-carta-0546-al-senor-perriquet\/","url_meta":{"origin":55748,"position":2},"title":"Vicente de Pa\u00fal, Carta 0546: Al Se\u00f1or Perriquet","author":"Francisco Javier Fern\u00e1ndez Chento","date":"28\/03\/2011","format":false,"excerpt":"Par\u00eds, d\u00eda de Pascua de 1 641. Se\u00f1or: \u00a1La gracia de nuestro Se\u00f1or sea siempre con nosotros! Recib\u00ed la suya con gran consuelo y he sabido con mucha admiraci\u00f3n la bendici\u00f3n que nuestro Se\u00f1or le ha dado. Le doy muy humildemente gracias a su divina Majestad, rog\u00e1ndole que vaya santificando\u2026","rel":"","context":"En \u00abEscritos de Vicente de Pa\u00fal\u00bb","block_context":{"text":"Escritos de Vicente de Pa\u00fal","link":"http:\/\/vincentians.com\/es\/category\/escritos\/escritos-de-vicente-de-paul\/"},"img":{"alt_text":"","src":"https:\/\/i0.wp.com\/vincentians.com\/es\/wp-content\/uploads\/sites\/11\/2016\/07\/escritos-vicente-de-paul.jpg?fit=1200%2C630&resize=350%2C200","width":350,"height":200,"srcset":"https:\/\/i0.wp.com\/vincentians.com\/es\/wp-content\/uploads\/sites\/11\/2016\/07\/escritos-vicente-de-paul.jpg?fit=1200%2C630&resize=350%2C200 1x, https:\/\/i0.wp.com\/vincentians.com\/es\/wp-content\/uploads\/sites\/11\/2016\/07\/escritos-vicente-de-paul.jpg?fit=1200%2C630&resize=525%2C300 1.5x, https:\/\/i0.wp.com\/vincentians.com\/es\/wp-content\/uploads\/sites\/11\/2016\/07\/escritos-vicente-de-paul.jpg?fit=1200%2C630&resize=700%2C400 2x, https:\/\/i0.wp.com\/vincentians.com\/es\/wp-content\/uploads\/sites\/11\/2016\/07\/escritos-vicente-de-paul.jpg?fit=1200%2C630&resize=1050%2C600 3x"},"classes":[]},{"id":34548,"url":"http:\/\/vincentians.com\/es\/jean-david-1627-1647-edme-deschamps-1617-1643-y-guillaume-seguin-1616-1650\/","url_meta":{"origin":55748,"position":3},"title":"Jean David (1627-1647), Edme Deschamps (1617-1643) y Guillaume Seguin (1616-1650)","author":"Mitxel Olabu\u00e9naga","date":"02\/05\/2014","format":false,"excerpt":"M. Jean David, n\u00e9 \u00e0 M\u00e9zi\u00e8res, en 1627 ; re\u00e7u \u00e0 Paris, le 29 octobre 1647- M. Edme Deschamps, n\u00e9 \u00e0 Di\u00e9, alors du dioc\u00e8se de Langres, en 1617 ; re\u00e7u \u00e0 Paris, le 5 octobre 1643. Guillaume Seguin Patrocle, fr\u00e8re coadjuteur, n\u00e9 \u00e0 Paris en 1616 ; re\u00e7u dans\u2026","rel":"","context":"En \u00abBiograf\u00edas de Misioneros Pa\u00fales\u00bb","block_context":{"text":"Biograf\u00edas de Misioneros Pa\u00fales","link":"http:\/\/vincentians.com\/es\/category\/la-familia-vicenciana\/biografias-vicencianas\/biografias-de-misioneros-paules\/"},"img":{"alt_text":"","src":"https:\/\/i0.wp.com\/vincentians.com\/es\/wp-content\/uploads\/sites\/11\/2016\/07\/bio-cm.jpg?fit=1200%2C630&resize=350%2C200","width":350,"height":200,"srcset":"https:\/\/i0.wp.com\/vincentians.com\/es\/wp-content\/uploads\/sites\/11\/2016\/07\/bio-cm.jpg?fit=1200%2C630&resize=350%2C200 1x, https:\/\/i0.wp.com\/vincentians.com\/es\/wp-content\/uploads\/sites\/11\/2016\/07\/bio-cm.jpg?fit=1200%2C630&resize=525%2C300 1.5x, https:\/\/i0.wp.com\/vincentians.com\/es\/wp-content\/uploads\/sites\/11\/2016\/07\/bio-cm.jpg?fit=1200%2C630&resize=700%2C400 2x, https:\/\/i0.wp.com\/vincentians.com\/es\/wp-content\/uploads\/sites\/11\/2016\/07\/bio-cm.jpg?fit=1200%2C630&resize=1050%2C600 3x"},"classes":[]},{"id":6380,"url":"http:\/\/vincentians.com\/es\/tal-dia-como-hoy-16-de-febrero\/","url_meta":{"origin":55748,"position":4},"title":"Tal d\u00eda como hoy: 16 de febrero","author":"Francisco Javier Fern\u00e1ndez Chento","date":"16\/02\/2017","format":false,"excerpt":"1622. Sobre este fecha, Vicente de Pa\u00fal inicia sus funciones como director de la Visitaci\u00f3n, fundada por Francisco de Sales y Juana de Chantal, con la visita can\u00f3nica del monasterio de la calle del Petit-Musc. Vicente finaliza la visita presidiendo la elecci\u00f3n de Ana Catalina de Beaumont como directora del\u2026","rel":"","context":"En \u00abEfem\u00e9rides Vicencianas\u00bb","block_context":{"text":"Efem\u00e9rides Vicencianas","link":"http:\/\/vincentians.com\/es\/category\/historia-de-la-familia-vicenciana\/efemerides-vicencianas\/"},"img":{"alt_text":"","src":"https:\/\/i0.wp.com\/vincentians.com\/es\/wp-content\/uploads\/sites\/11\/2016\/07\/ephemerides-fb.jpg?fit=1200%2C630&resize=350%2C200","width":350,"height":200,"srcset":"https:\/\/i0.wp.com\/vincentians.com\/es\/wp-content\/uploads\/sites\/11\/2016\/07\/ephemerides-fb.jpg?fit=1200%2C630&resize=350%2C200 1x, https:\/\/i0.wp.com\/vincentians.com\/es\/wp-content\/uploads\/sites\/11\/2016\/07\/ephemerides-fb.jpg?fit=1200%2C630&resize=525%2C300 1.5x, https:\/\/i0.wp.com\/vincentians.com\/es\/wp-content\/uploads\/sites\/11\/2016\/07\/ephemerides-fb.jpg?fit=1200%2C630&resize=700%2C400 2x, https:\/\/i0.wp.com\/vincentians.com\/es\/wp-content\/uploads\/sites\/11\/2016\/07\/ephemerides-fb.jpg?fit=1200%2C630&resize=1050%2C600 3x"},"classes":[]},{"id":30423,"url":"http:\/\/vincentians.com\/es\/m-francois-charles-1611-1673\/","url_meta":{"origin":55748,"position":5},"title":"M. Fran\u00e7ois Charles (1611-1673)","author":"Mitxel Olabu\u00e9naga","date":"12\/03\/2014","format":false,"excerpt":"El Sr. Fran\u00e7ois Charles naci\u00f3 en la di\u00f3cesis de Saint-Brieuc, el 10 de diciembre de 1611, y fue recibido en Par\u00eds el 12 de marzo de 1640. Fue ordenado sacerdote en la cuaresma de 1641. Se encontraba en el seminario con el Sr. Julien Gu\u00e9rin que muri\u00f3 en T\u00fanez el\u2026","rel":"","context":"En \u00abBiograf\u00edas de Misioneros Pa\u00fales\u00bb","block_context":{"text":"Biograf\u00edas de Misioneros Pa\u00fales","link":"http:\/\/vincentians.com\/es\/category\/la-familia-vicenciana\/biografias-vicencianas\/biografias-de-misioneros-paules\/"},"img":{"alt_text":"","src":"https:\/\/i0.wp.com\/vincentians.com\/es\/wp-content\/uploads\/sites\/11\/2016\/07\/bio-cm.jpg?fit=1200%2C630&resize=350%2C200","width":350,"height":200,"srcset":"https:\/\/i0.wp.com\/vincentians.com\/es\/wp-content\/uploads\/sites\/11\/2016\/07\/bio-cm.jpg?fit=1200%2C630&resize=350%2C200 1x, https:\/\/i0.wp.com\/vincentians.com\/es\/wp-content\/uploads\/sites\/11\/2016\/07\/bio-cm.jpg?fit=1200%2C630&resize=525%2C300 1.5x, https:\/\/i0.wp.com\/vincentians.com\/es\/wp-content\/uploads\/sites\/11\/2016\/07\/bio-cm.jpg?fit=1200%2C630&resize=700%2C400 2x, https:\/\/i0.wp.com\/vincentians.com\/es\/wp-content\/uploads\/sites\/11\/2016\/07\/bio-cm.jpg?fit=1200%2C630&resize=1050%2C600 3x"},"classes":[]}],"_links":{"self":[{"href":"http:\/\/vincentians.com\/es\/wp-json\/wp\/v2\/posts\/55748","targetHints":{"allow":["GET"]}}],"collection":[{"href":"http:\/\/vincentians.com\/es\/wp-json\/wp\/v2\/posts"}],"about":[{"href":"http:\/\/vincentians.com\/es\/wp-json\/wp\/v2\/types\/post"}],"author":[{"embeddable":true,"href":"http:\/\/vincentians.com\/es\/wp-json\/wp\/v2\/users\/5"}],"replies":[{"embeddable":true,"href":"http:\/\/vincentians.com\/es\/wp-json\/wp\/v2\/comments?post=55748"}],"version-history":[{"count":0,"href":"http:\/\/vincentians.com\/es\/wp-json\/wp\/v2\/posts\/55748\/revisions"}],"wp:featuredmedia":[{"embeddable":true,"href":"http:\/\/vincentians.com\/es\/wp-json\/wp\/v2\/media\/391249"}],"wp:attachment":[{"href":"http:\/\/vincentians.com\/es\/wp-json\/wp\/v2\/media?parent=55748"}],"wp:term":[{"taxonomy":"category","embeddable":true,"href":"http:\/\/vincentians.com\/es\/wp-json\/wp\/v2\/categories?post=55748"},{"taxonomy":"post_tag","embeddable":true,"href":"http:\/\/vincentians.com\/es\/wp-json\/wp\/v2\/tags?post=55748"}],"curies":[{"name":"wp","href":"https:\/\/api.w.org\/{rel}","templated":true}]}}