{"id":55730,"date":"2015-03-15T08:00:07","date_gmt":"2015-03-15T07:00:07","guid":{"rendered":"http:\/\/somos.vicencianos.org\/?p=55730"},"modified":"2016-07-27T12:06:25","modified_gmt":"2016-07-27T10:06:25","slug":"bernard-boedeker-1716-1753","status":"publish","type":"post","link":"http:\/\/vincentians.com\/es\/bernard-boedeker-1716-1753\/","title":{"rendered":"Bernard Boedeker (1716-1753)"},"content":{"rendered":"<p><a href=\"https:\/\/i0.wp.com\/vicencianos.org\/wp-content\/2011\/11\/Biografias-Pa%C3%BAles21.jpg\"><img data-recalc-dims=\"1\" loading=\"lazy\" decoding=\"async\" class=\"alignleft size-full wp-image-55731\" src=\"https:\/\/i0.wp.com\/vicencianos.org\/wp-content\/2011\/11\/Biografias-Pa%C3%BAles21.jpg?resize=232%2C300\" alt=\"\" width=\"232\" height=\"300\" \/><\/a>\u00a0\u00a0 La casa de Gnesen dot\u00f3 a la Congregaci\u00f3n de un excelente misionero, en la persona del Sr. Bernard B\u0153deker, que muri\u00f3 en Varsovia, el 30 de marzo de 1753, a la edad de treinta y seis a\u00f1os y siete de vocaci\u00f3n, fortalecido con los sacramentos. Su enfermedad que dur\u00f3 seis semanas fue el resultado de la dedicaci\u00f3n extraordinaria que hab\u00eda puesto en prodigar sus cuidados\u00a0 a los alumnos del colegio alem\u00e1n, al servicio de los cuales le hab\u00eda destinado la obediencia. Despu\u00e9s\u00a0 de celebrar la misa del domingo de Sexag\u00e9sima, se vio obligado a privarse en adelante de esta felicidad.\u00a0\u00a0\u00a0\u00a0\u00a0\u00a0 Hab\u00eda nacido en Berl\u00edn, el 30 de octubre de 1716, de padres nobles pero luteranos. Fue educado en la corte del rey de Prusia, estudi\u00f3 muy bien las humanidades y se instruy\u00f3 por igual en el derecho civil. Fue provisto de un canonicato en la Iglesia colegial\u00a0 de los Santos-Mauricio-y- Bonifacio en Magdebourg, al mismo tiempo que recib\u00eda\u00a0 la dignidad de auditor del ej\u00e9rcito prusiano. Ejerci\u00f3 este \u00faltimo empleo durante varios a\u00f1os; despu\u00e9s, bajo pretexto de salud, sino m\u00e1s bien de una disposici\u00f3n\u00a0 particular de la divina Providencia, se lo cedi\u00f3 a su hermano menor, con gran disgusto del rey quien le profesaba gran afecto, y de todos los cortesanos que le quer\u00edan lo mismo, a causa de su gran dulzura y de su afabilidad notable.<\/p>\n<p>Guiado por la mano del Se\u00f1or, vino a Polonia y se detuvo en Posen. All\u00ed, alojado en casa de un jefe de correos, se puso a frecuentar las iglesias con los hijos de su hu\u00e9sped; iba sobre todo a la iglesia de los Dominicos. Poco a poco, lleg\u00f3 a hablar de religi\u00f3n con uno de estos religiosos y, por ah\u00ed, le vino la ocasi\u00f3n de instruirse en la doctrina cat\u00f3lica. El joven no tard\u00f3 en abrir los ojos a la verdad, y abjur\u00f3 p\u00fablicamente de los errores de Lutero.<\/p>\n<p>Sus compa\u00f1eros de viaje, que hab\u00edan sido tambi\u00e9n testigos de su abjuraci\u00f3n, de regreso a sus pa\u00edses, anunciaron a la madre del joven Boedeker la conversi\u00f3n de su hijo. Ante esta noticia, a ella le entr\u00f3 tal furor que le deshered\u00f3 y le priv\u00f3 de todos los bienes que le pertenec\u00edan. El jefe de correos quien, el primero, le hab\u00eda comprometido a abrazar la verdadera fe, enterado del asunto de la madre del convertido, le conserv\u00f3 en su casa\u00a0 y le trat\u00f3 como a su propio hijo durante varios meses. Se lo recomend\u00f3 enseguida a Mons. Christophe Szembeck, arzobispo de Gnesen, que le acogi\u00f3 de buena gana y le envi\u00f3 a su seminario. El joven Boedeker tuvo ocasi\u00f3n de conocer a los misioneros y de hacerse a su Instituto: pero tem\u00eda pedir ser admitido, figur\u00e1ndose que se lo negar\u00edan porque hab\u00eda sido luterano y soldado. Habiendo sabido pronto que esta circunstancia no era ninguna dificultad para su admisi\u00f3n, la solicit\u00f3 con insistencia y fue admitido en el seminario interno de Varsovia, el 28 de noviembre de 1745.<\/p>\n<p>El Sr. Boedeker, lleno de amor por la pr\u00e1ctica de las reglas, adelant\u00f3 tanto en la virtud que al cabo de un a\u00f1o de seminario, se crey\u00f3 oportuno enviarle a la casa de Przemysl para estudiar la teolog\u00eda moral, a la par que realizaba alg\u00fan peque\u00f1o empleo. Por su dedicaci\u00f3n y su docilidad, se gan\u00f3 el afecto de todos; llamado otra vez al cabo de un a\u00f1o a Varsovia, fue admitido a los votos y recibi\u00f3, poco despu\u00e9s, todas las \u00f3rdenes hasta el sacerdocio. Habr\u00eda sido capaz de ense\u00f1ar, si le debilidad de su voz no le hubiera impedido ejercer esta funci\u00f3n; por eso le encargaron del servicio espiritual del colegio alem\u00e1n.\u00a0 A ello se entreg\u00f3 con tanto cuidado como \u00e9xito, y todos los alumnos sent\u00edan por \u00e9l una gran\u00a0 estima,\u00a0 a causa de la piedad que se ve\u00eda en \u00e9l. Los instru\u00eda con mucha caridad y logr\u00f3 atraer a un buen n\u00famero de protestantes\u00a0 a la fe cat\u00f3lica. Socorr\u00eda tambi\u00e9n en lo posible las miserias de los pobres.<\/p>\n<p>Nombrado prefecto de iglesia, no se podr\u00eda decir con qu\u00e9 religiosidad manten\u00eda la limpieza, sobre todo en lo que se refer\u00eda a al santo sacrificio de la misa. Lleg\u00f3 a dotar a la iglesia de candeleros y de ornamentos nuevos. Sorprend\u00eda ver por todas partes reinar un bello orden, aunque estuviera la mayor parte del tiempo enfermo, y abrumado por una gran debilidad, sobre todo al final de sus d\u00edas. El Se\u00f1or le recompens\u00f3 temprano su celo, ya que tras algunos a\u00f1os de trabajos, se muri\u00f3 en los sentimientos de la m\u00e1s viva devoci\u00f3n. &#8211; M\u00e9moires; Pologne p. 248.<\/p>\n<p>&nbsp;<\/p>\n","protected":false},"excerpt":{"rendered":"<p>\u00a0\u00a0 La casa de Gnesen dot\u00f3 a la Congregaci\u00f3n de un excelente misionero, en la persona del Sr. Bernard B\u0153deker, que muri\u00f3 en Varsovia, el 30 de marzo de 1753, a la edad de treinta &#8230; <a href=\"http:\/\/vincentians.com\/es\/bernard-boedeker-1716-1753\/\" class=\"more-link\">Read More<\/a><\/p>\n","protected":false},"author":5,"featured_media":391249,"comment_status":"open","ping_status":"open","sticky":false,"template":"","format":"standard","meta":{"jetpack_post_was_ever_published":false,"_jetpack_newsletter_access":"","_jetpack_dont_email_post_to_subs":false,"_jetpack_newsletter_tier_id":0,"_jetpack_memberships_contains_paywalled_content":false,"_jetpack_memberships_contains_paid_content":false,"footnotes":"","jetpack_publicize_message":"","jetpack_publicize_feature_enabled":true,"jetpack_social_post_already_shared":true,"jetpack_social_options":{"image_generator_settings":{"template":"highway","default_image_id":0,"font":"","enabled":false},"version":2}},"categories":[19],"tags":[],"class_list":["post-55730","post","type-post","status-publish","format-standard","has-post-thumbnail","hentry","category-biografias-de-misioneros-paules"],"yoast_head":"<!-- This site is optimized with the Yoast SEO plugin v26.3 - https:\/\/yoast.com\/wordpress\/plugins\/seo\/ -->\n<title>Bernard Boedeker (1716-1753) - Somos Vicencianos<\/title>\n<meta name=\"robots\" content=\"index, follow, max-snippet:-1, max-image-preview:large, max-video-preview:-1\" \/>\n<link rel=\"canonical\" href=\"http:\/\/vincentians.com\/es\/bernard-boedeker-1716-1753\/\" \/>\n<meta property=\"og:locale\" content=\"es_ES\" \/>\n<meta property=\"og:type\" content=\"article\" \/>\n<meta property=\"og:title\" content=\"Bernard Boedeker (1716-1753) - Somos Vicencianos\" \/>\n<meta property=\"og:description\" content=\"\u00a0\u00a0 La casa de Gnesen dot\u00f3 a la Congregaci\u00f3n de un excelente misionero, en la persona del Sr. Bernard B\u0153deker, que muri\u00f3 en Varsovia, el 30 de marzo de 1753, a la edad de treinta ... Read More\" \/>\n<meta property=\"og:url\" content=\"http:\/\/vincentians.com\/es\/bernard-boedeker-1716-1753\/\" \/>\n<meta property=\"og:site_name\" content=\"Somos Vicencianos\" \/>\n<meta property=\"article:publisher\" content=\"https:\/\/www.facebook.com\/WeAreVincentians\/\" \/>\n<meta property=\"article:published_time\" content=\"2015-03-15T07:00:07+00:00\" \/>\n<meta property=\"article:modified_time\" content=\"2016-07-27T10:06:25+00:00\" \/>\n<meta property=\"og:image\" content=\"https:\/\/i0.wp.com\/vincentians.com\/es\/wp-content\/uploads\/sites\/11\/2016\/07\/bio-cm.jpg?fit=1200%2C630\" \/>\n\t<meta property=\"og:image:width\" content=\"1200\" \/>\n\t<meta property=\"og:image:height\" content=\"630\" \/>\n\t<meta property=\"og:image:type\" content=\"image\/jpeg\" \/>\n<meta name=\"author\" content=\"Mitxel Olabu\u00e9naga\" \/>\n<meta name=\"twitter:card\" content=\"summary_large_image\" \/>\n<meta name=\"twitter:creator\" content=\"@WeVincentians\" \/>\n<meta name=\"twitter:site\" content=\"@WeVincentians\" \/>\n<meta name=\"twitter:label1\" content=\"Escrito por\" \/>\n\t<meta name=\"twitter:data1\" content=\"Mitxel Olabu\u00e9naga\" \/>\n\t<meta name=\"twitter:label2\" content=\"Tiempo de lectura\" \/>\n\t<meta name=\"twitter:data2\" content=\"4 minutos\" \/>\n<script type=\"application\/ld+json\" class=\"yoast-schema-graph\">{\"@context\":\"https:\/\/schema.org\",\"@graph\":[{\"@type\":\"Article\",\"@id\":\"http:\/\/vincentians.com\/es\/bernard-boedeker-1716-1753\/#article\",\"isPartOf\":{\"@id\":\"http:\/\/vincentians.com\/es\/bernard-boedeker-1716-1753\/\"},\"author\":{\"name\":\"Mitxel Olabu\u00e9naga\",\"@id\":\"https:\/\/vincentians.com\/es\/#\/schema\/person\/7c2670b4445a7ca9d164ea6acdb31859\"},\"headline\":\"Bernard Boedeker (1716-1753)\",\"datePublished\":\"2015-03-15T07:00:07+00:00\",\"dateModified\":\"2016-07-27T10:06:25+00:00\",\"mainEntityOfPage\":{\"@id\":\"http:\/\/vincentians.com\/es\/bernard-boedeker-1716-1753\/\"},\"wordCount\":825,\"commentCount\":0,\"publisher\":{\"@id\":\"https:\/\/vincentians.com\/es\/#organization\"},\"image\":{\"@id\":\"http:\/\/vincentians.com\/es\/bernard-boedeker-1716-1753\/#primaryimage\"},\"thumbnailUrl\":\"https:\/\/i0.wp.com\/vincentians.com\/es\/wp-content\/uploads\/sites\/11\/2016\/07\/bio-cm.jpg?fit=1200%2C630\",\"articleSection\":[\"Biograf\u00edas de Misioneros Pa\u00fales\"],\"inLanguage\":\"es\",\"potentialAction\":[{\"@type\":\"CommentAction\",\"name\":\"Comment\",\"target\":[\"http:\/\/vincentians.com\/es\/bernard-boedeker-1716-1753\/#respond\"]}]},{\"@type\":\"WebPage\",\"@id\":\"http:\/\/vincentians.com\/es\/bernard-boedeker-1716-1753\/\",\"url\":\"http:\/\/vincentians.com\/es\/bernard-boedeker-1716-1753\/\",\"name\":\"Bernard Boedeker (1716-1753) - Somos Vicencianos\",\"isPartOf\":{\"@id\":\"https:\/\/vincentians.com\/es\/#website\"},\"primaryImageOfPage\":{\"@id\":\"http:\/\/vincentians.com\/es\/bernard-boedeker-1716-1753\/#primaryimage\"},\"image\":{\"@id\":\"http:\/\/vincentians.com\/es\/bernard-boedeker-1716-1753\/#primaryimage\"},\"thumbnailUrl\":\"https:\/\/i0.wp.com\/vincentians.com\/es\/wp-content\/uploads\/sites\/11\/2016\/07\/bio-cm.jpg?fit=1200%2C630\",\"datePublished\":\"2015-03-15T07:00:07+00:00\",\"dateModified\":\"2016-07-27T10:06:25+00:00\",\"breadcrumb\":{\"@id\":\"http:\/\/vincentians.com\/es\/bernard-boedeker-1716-1753\/#breadcrumb\"},\"inLanguage\":\"es\",\"potentialAction\":[{\"@type\":\"ReadAction\",\"target\":[\"http:\/\/vincentians.com\/es\/bernard-boedeker-1716-1753\/\"]}]},{\"@type\":\"ImageObject\",\"inLanguage\":\"es\",\"@id\":\"http:\/\/vincentians.com\/es\/bernard-boedeker-1716-1753\/#primaryimage\",\"url\":\"https:\/\/i0.wp.com\/vincentians.com\/es\/wp-content\/uploads\/sites\/11\/2016\/07\/bio-cm.jpg?fit=1200%2C630\",\"contentUrl\":\"https:\/\/i0.wp.com\/vincentians.com\/es\/wp-content\/uploads\/sites\/11\/2016\/07\/bio-cm.jpg?fit=1200%2C630\",\"width\":1200,\"height\":630},{\"@type\":\"BreadcrumbList\",\"@id\":\"http:\/\/vincentians.com\/es\/bernard-boedeker-1716-1753\/#breadcrumb\",\"itemListElement\":[{\"@type\":\"ListItem\",\"position\":1,\"name\":\"Portada\",\"item\":\"https:\/\/vincentians.com\/es\/\"},{\"@type\":\"ListItem\",\"position\":2,\"name\":\"Bernard Boedeker (1716-1753)\"}]},{\"@type\":\"WebSite\",\"@id\":\"https:\/\/vincentians.com\/es\/#website\",\"url\":\"https:\/\/vincentians.com\/es\/\",\"name\":\"Somos Vicencianos\",\"description\":\"Know more to serve more\",\"publisher\":{\"@id\":\"https:\/\/vincentians.com\/es\/#organization\"},\"potentialAction\":[{\"@type\":\"SearchAction\",\"target\":{\"@type\":\"EntryPoint\",\"urlTemplate\":\"https:\/\/vincentians.com\/es\/?s={search_term_string}\"},\"query-input\":{\"@type\":\"PropertyValueSpecification\",\"valueRequired\":true,\"valueName\":\"search_term_string\"}}],\"inLanguage\":\"es\"},{\"@type\":\"Organization\",\"@id\":\"https:\/\/vincentians.com\/es\/#organization\",\"name\":\"The Vincentian Network\",\"url\":\"https:\/\/vincentians.com\/es\/\",\"logo\":{\"@type\":\"ImageObject\",\"inLanguage\":\"es\",\"@id\":\"https:\/\/vincentians.com\/es\/#\/schema\/logo\/image\/\",\"url\":\"https:\/\/i1.wp.com\/vincentians.com\/es\/wp-content\/uploads\/sites\/11\/2016\/06\/Vincentian-Network-logo-big.png?fit=778%2C778\",\"contentUrl\":\"https:\/\/i1.wp.com\/vincentians.com\/es\/wp-content\/uploads\/sites\/11\/2016\/06\/Vincentian-Network-logo-big.png?fit=778%2C778\",\"width\":778,\"height\":778,\"caption\":\"The Vincentian Network\"},\"image\":{\"@id\":\"https:\/\/vincentians.com\/es\/#\/schema\/logo\/image\/\"},\"sameAs\":[\"https:\/\/www.facebook.com\/WeAreVincentians\/\",\"https:\/\/x.com\/WeVincentians\"]},{\"@type\":\"Person\",\"@id\":\"https:\/\/vincentians.com\/es\/#\/schema\/person\/7c2670b4445a7ca9d164ea6acdb31859\",\"name\":\"Mitxel Olabu\u00e9naga\",\"image\":{\"@type\":\"ImageObject\",\"inLanguage\":\"es\",\"@id\":\"https:\/\/vincentians.com\/es\/#\/schema\/person\/image\/\",\"url\":\"https:\/\/secure.gravatar.com\/avatar\/34137ec2e2b8939cbbed975731e71f3f4f1defc7266ded337a5ce0f925426877?s=96&d=mm&r=g\",\"contentUrl\":\"https:\/\/secure.gravatar.com\/avatar\/34137ec2e2b8939cbbed975731e71f3f4f1defc7266ded337a5ce0f925426877?s=96&d=mm&r=g\",\"caption\":\"Mitxel Olabu\u00e9naga\"},\"url\":\"http:\/\/vincentians.com\/es\/author\/mitxel\/\"}]}<\/script>\n<!-- \/ Yoast SEO plugin. -->","yoast_head_json":{"title":"Bernard Boedeker (1716-1753) - Somos Vicencianos","robots":{"index":"index","follow":"follow","max-snippet":"max-snippet:-1","max-image-preview":"max-image-preview:large","max-video-preview":"max-video-preview:-1"},"canonical":"http:\/\/vincentians.com\/es\/bernard-boedeker-1716-1753\/","og_locale":"es_ES","og_type":"article","og_title":"Bernard Boedeker (1716-1753) - Somos Vicencianos","og_description":"\u00a0\u00a0 La casa de Gnesen dot\u00f3 a la Congregaci\u00f3n de un excelente misionero, en la persona del Sr. Bernard B\u0153deker, que muri\u00f3 en Varsovia, el 30 de marzo de 1753, a la edad de treinta ... Read More","og_url":"http:\/\/vincentians.com\/es\/bernard-boedeker-1716-1753\/","og_site_name":"Somos Vicencianos","article_publisher":"https:\/\/www.facebook.com\/WeAreVincentians\/","article_published_time":"2015-03-15T07:00:07+00:00","article_modified_time":"2016-07-27T10:06:25+00:00","og_image":[{"width":1200,"height":630,"url":"https:\/\/i0.wp.com\/vincentians.com\/es\/wp-content\/uploads\/sites\/11\/2016\/07\/bio-cm.jpg?fit=1200%2C630","type":"image\/jpeg"}],"author":"Mitxel Olabu\u00e9naga","twitter_card":"summary_large_image","twitter_creator":"@WeVincentians","twitter_site":"@WeVincentians","twitter_misc":{"Escrito por":"Mitxel Olabu\u00e9naga","Tiempo de lectura":"4 minutos"},"schema":{"@context":"https:\/\/schema.org","@graph":[{"@type":"Article","@id":"http:\/\/vincentians.com\/es\/bernard-boedeker-1716-1753\/#article","isPartOf":{"@id":"http:\/\/vincentians.com\/es\/bernard-boedeker-1716-1753\/"},"author":{"name":"Mitxel Olabu\u00e9naga","@id":"https:\/\/vincentians.com\/es\/#\/schema\/person\/7c2670b4445a7ca9d164ea6acdb31859"},"headline":"Bernard Boedeker (1716-1753)","datePublished":"2015-03-15T07:00:07+00:00","dateModified":"2016-07-27T10:06:25+00:00","mainEntityOfPage":{"@id":"http:\/\/vincentians.com\/es\/bernard-boedeker-1716-1753\/"},"wordCount":825,"commentCount":0,"publisher":{"@id":"https:\/\/vincentians.com\/es\/#organization"},"image":{"@id":"http:\/\/vincentians.com\/es\/bernard-boedeker-1716-1753\/#primaryimage"},"thumbnailUrl":"https:\/\/i0.wp.com\/vincentians.com\/es\/wp-content\/uploads\/sites\/11\/2016\/07\/bio-cm.jpg?fit=1200%2C630","articleSection":["Biograf\u00edas de Misioneros Pa\u00fales"],"inLanguage":"es","potentialAction":[{"@type":"CommentAction","name":"Comment","target":["http:\/\/vincentians.com\/es\/bernard-boedeker-1716-1753\/#respond"]}]},{"@type":"WebPage","@id":"http:\/\/vincentians.com\/es\/bernard-boedeker-1716-1753\/","url":"http:\/\/vincentians.com\/es\/bernard-boedeker-1716-1753\/","name":"Bernard Boedeker (1716-1753) - Somos Vicencianos","isPartOf":{"@id":"https:\/\/vincentians.com\/es\/#website"},"primaryImageOfPage":{"@id":"http:\/\/vincentians.com\/es\/bernard-boedeker-1716-1753\/#primaryimage"},"image":{"@id":"http:\/\/vincentians.com\/es\/bernard-boedeker-1716-1753\/#primaryimage"},"thumbnailUrl":"https:\/\/i0.wp.com\/vincentians.com\/es\/wp-content\/uploads\/sites\/11\/2016\/07\/bio-cm.jpg?fit=1200%2C630","datePublished":"2015-03-15T07:00:07+00:00","dateModified":"2016-07-27T10:06:25+00:00","breadcrumb":{"@id":"http:\/\/vincentians.com\/es\/bernard-boedeker-1716-1753\/#breadcrumb"},"inLanguage":"es","potentialAction":[{"@type":"ReadAction","target":["http:\/\/vincentians.com\/es\/bernard-boedeker-1716-1753\/"]}]},{"@type":"ImageObject","inLanguage":"es","@id":"http:\/\/vincentians.com\/es\/bernard-boedeker-1716-1753\/#primaryimage","url":"https:\/\/i0.wp.com\/vincentians.com\/es\/wp-content\/uploads\/sites\/11\/2016\/07\/bio-cm.jpg?fit=1200%2C630","contentUrl":"https:\/\/i0.wp.com\/vincentians.com\/es\/wp-content\/uploads\/sites\/11\/2016\/07\/bio-cm.jpg?fit=1200%2C630","width":1200,"height":630},{"@type":"BreadcrumbList","@id":"http:\/\/vincentians.com\/es\/bernard-boedeker-1716-1753\/#breadcrumb","itemListElement":[{"@type":"ListItem","position":1,"name":"Portada","item":"https:\/\/vincentians.com\/es\/"},{"@type":"ListItem","position":2,"name":"Bernard Boedeker (1716-1753)"}]},{"@type":"WebSite","@id":"https:\/\/vincentians.com\/es\/#website","url":"https:\/\/vincentians.com\/es\/","name":"Somos Vicencianos","description":"Know more to serve more","publisher":{"@id":"https:\/\/vincentians.com\/es\/#organization"},"potentialAction":[{"@type":"SearchAction","target":{"@type":"EntryPoint","urlTemplate":"https:\/\/vincentians.com\/es\/?s={search_term_string}"},"query-input":{"@type":"PropertyValueSpecification","valueRequired":true,"valueName":"search_term_string"}}],"inLanguage":"es"},{"@type":"Organization","@id":"https:\/\/vincentians.com\/es\/#organization","name":"The Vincentian Network","url":"https:\/\/vincentians.com\/es\/","logo":{"@type":"ImageObject","inLanguage":"es","@id":"https:\/\/vincentians.com\/es\/#\/schema\/logo\/image\/","url":"https:\/\/i1.wp.com\/vincentians.com\/es\/wp-content\/uploads\/sites\/11\/2016\/06\/Vincentian-Network-logo-big.png?fit=778%2C778","contentUrl":"https:\/\/i1.wp.com\/vincentians.com\/es\/wp-content\/uploads\/sites\/11\/2016\/06\/Vincentian-Network-logo-big.png?fit=778%2C778","width":778,"height":778,"caption":"The Vincentian Network"},"image":{"@id":"https:\/\/vincentians.com\/es\/#\/schema\/logo\/image\/"},"sameAs":["https:\/\/www.facebook.com\/WeAreVincentians\/","https:\/\/x.com\/WeVincentians"]},{"@type":"Person","@id":"https:\/\/vincentians.com\/es\/#\/schema\/person\/7c2670b4445a7ca9d164ea6acdb31859","name":"Mitxel Olabu\u00e9naga","image":{"@type":"ImageObject","inLanguage":"es","@id":"https:\/\/vincentians.com\/es\/#\/schema\/person\/image\/","url":"https:\/\/secure.gravatar.com\/avatar\/34137ec2e2b8939cbbed975731e71f3f4f1defc7266ded337a5ce0f925426877?s=96&d=mm&r=g","contentUrl":"https:\/\/secure.gravatar.com\/avatar\/34137ec2e2b8939cbbed975731e71f3f4f1defc7266ded337a5ce0f925426877?s=96&d=mm&r=g","caption":"Mitxel Olabu\u00e9naga"},"url":"http:\/\/vincentians.com\/es\/author\/mitxel\/"}]}},"jetpack_publicize_connections":[],"jetpack_featured_media_url":"https:\/\/i0.wp.com\/vincentians.com\/es\/wp-content\/uploads\/sites\/11\/2016\/07\/bio-cm.jpg?fit=1200%2C630","jetpack_sharing_enabled":true,"jetpack_shortlink":"https:\/\/wp.me\/p7ETMF-euS","jetpack-related-posts":[{"id":58986,"url":"http:\/\/vincentians.com\/es\/antoine-imbert-1753-1793\/","url_meta":{"origin":55730,"position":0},"title":"Antoine Imbert (1753-1793)","author":"Mitxel Olabu\u00e9naga","date":"17\/01\/2012","format":false,"excerpt":"Antoine Imbert, naci\u00f3 en Lyon, en 1753, el d\u00eda de la fiesta de san Vicente de Pa\u00fal. Colocado en Valfleury, se encarg\u00f3 all\u00ed de los\u00a0 retiros. Sus tres cohermanos de Valfleury rehusaron el juramento; \u00e9l no tuvo el valor de seguir su ejemplo. \"La defecci\u00f3n del Sr. Imbert, escribe el\u2026","rel":"","context":"En \u00abBiograf\u00edas de Misioneros Pa\u00fales\u00bb","block_context":{"text":"Biograf\u00edas de Misioneros Pa\u00fales","link":"http:\/\/vincentians.com\/es\/category\/la-familia-vicenciana\/biografias-vicencianas\/biografias-de-misioneros-paules\/"},"img":{"alt_text":"","src":"https:\/\/i0.wp.com\/vincentians.com\/es\/wp-content\/uploads\/sites\/11\/2016\/07\/bio-cm.jpg?fit=1200%2C630&resize=350%2C200","width":350,"height":200,"srcset":"https:\/\/i0.wp.com\/vincentians.com\/es\/wp-content\/uploads\/sites\/11\/2016\/07\/bio-cm.jpg?fit=1200%2C630&resize=350%2C200 1x, https:\/\/i0.wp.com\/vincentians.com\/es\/wp-content\/uploads\/sites\/11\/2016\/07\/bio-cm.jpg?fit=1200%2C630&resize=525%2C300 1.5x, https:\/\/i0.wp.com\/vincentians.com\/es\/wp-content\/uploads\/sites\/11\/2016\/07\/bio-cm.jpg?fit=1200%2C630&resize=700%2C400 2x, https:\/\/i0.wp.com\/vincentians.com\/es\/wp-content\/uploads\/sites\/11\/2016\/07\/bio-cm.jpg?fit=1200%2C630&resize=1050%2C600 3x"},"classes":[]},{"id":109430,"url":"http:\/\/vincentians.com\/es\/tomas-oller\/","url_meta":{"origin":55730,"position":1},"title":"Tom\u00e1s Oller","author":"Mitxel Olabu\u00e9naga","date":"12\/10\/2012","format":false,"excerpt":"Vi\u00f3 la luz en Cervera el 8 de marzo de 1753, siendo admitido en la Congregaci\u00f3n el 23 de marzo de 1778. Concluido el noviciado, hizo los votos el 26 de marzo de 1780. En septiembre de 1788 fue destinado a Mallorca, donde permaneci\u00f3 trabajando en misiones y ejercicios hasta\u2026","rel":"","context":"En \u00abBiograf\u00edas de Misioneros Pa\u00fales\u00bb","block_context":{"text":"Biograf\u00edas de Misioneros Pa\u00fales","link":"http:\/\/vincentians.com\/es\/category\/la-familia-vicenciana\/biografias-vicencianas\/biografias-de-misioneros-paules\/"},"img":{"alt_text":"","src":"https:\/\/i0.wp.com\/vincentians.com\/es\/wp-content\/uploads\/sites\/11\/2016\/07\/bio-cm.jpg?fit=1200%2C630&resize=350%2C200","width":350,"height":200,"srcset":"https:\/\/i0.wp.com\/vincentians.com\/es\/wp-content\/uploads\/sites\/11\/2016\/07\/bio-cm.jpg?fit=1200%2C630&resize=350%2C200 1x, https:\/\/i0.wp.com\/vincentians.com\/es\/wp-content\/uploads\/sites\/11\/2016\/07\/bio-cm.jpg?fit=1200%2C630&resize=525%2C300 1.5x, https:\/\/i0.wp.com\/vincentians.com\/es\/wp-content\/uploads\/sites\/11\/2016\/07\/bio-cm.jpg?fit=1200%2C630&resize=700%2C400 2x, https:\/\/i0.wp.com\/vincentians.com\/es\/wp-content\/uploads\/sites\/11\/2016\/07\/bio-cm.jpg?fit=1200%2C630&resize=1050%2C600 3x"},"classes":[]},{"id":109406,"url":"http:\/\/vincentians.com\/es\/p-tomas-oller\/","url_meta":{"origin":55730,"position":2},"title":"P. Tom\u00e1s Oller","author":"Mitxel Olabu\u00e9naga","date":"06\/10\/2012","format":false,"excerpt":"Vi\u00f3 la luz en Cervera el 8 de marzo de 1753, siendo admitido en la Congregaci\u00f3n el 23 de marzo de 1778. Concluido el noviciado, hizo los votos el 26 de marzo de 1780. En septiembre de 1788 fue destinado a Mallorca, donde permaneci\u00f3 trabajando en misiones y ejercicios hasta\u2026","rel":"","context":"En \u00abBiograf\u00edas de Misioneros Pa\u00fales\u00bb","block_context":{"text":"Biograf\u00edas de Misioneros Pa\u00fales","link":"http:\/\/vincentians.com\/es\/category\/la-familia-vicenciana\/biografias-vicencianas\/biografias-de-misioneros-paules\/"},"img":{"alt_text":"","src":"https:\/\/i0.wp.com\/vincentians.com\/es\/wp-content\/uploads\/sites\/11\/2016\/07\/bio-cm.jpg?fit=1200%2C630&resize=350%2C200","width":350,"height":200,"srcset":"https:\/\/i0.wp.com\/vincentians.com\/es\/wp-content\/uploads\/sites\/11\/2016\/07\/bio-cm.jpg?fit=1200%2C630&resize=350%2C200 1x, https:\/\/i0.wp.com\/vincentians.com\/es\/wp-content\/uploads\/sites\/11\/2016\/07\/bio-cm.jpg?fit=1200%2C630&resize=525%2C300 1.5x, https:\/\/i0.wp.com\/vincentians.com\/es\/wp-content\/uploads\/sites\/11\/2016\/07\/bio-cm.jpg?fit=1200%2C630&resize=700%2C400 2x, https:\/\/i0.wp.com\/vincentians.com\/es\/wp-content\/uploads\/sites\/11\/2016\/07\/bio-cm.jpg?fit=1200%2C630&resize=1050%2C600 3x"},"classes":[]},{"id":131033,"url":"http:\/\/vincentians.com\/es\/francisco-camprodon-1817-1825-visitador\/","url_meta":{"origin":55730,"position":3},"title":"Francisco Camprod\u00f3n (1817-1825) (Visitador)","author":"Mitxel Olabu\u00e9naga","date":"15\/08\/2014","format":false,"excerpt":"Naci\u00f3 en Taradell (Barcelona) el 27 de septiembre de 1753, ingresando en la Congregaci\u00f3n en 1771. Recibidas las \u00f3rdenes se dedic\u00f3 a las Misiones en las casas de Barcelona, Mallorca y Reus. Fue superior de Guisona en 1796. Fue a la fundaci\u00f3n de Badajoz en 1802 aunque all\u00ed s\u00f3lo estuvo\u2026","rel":"","context":"En \u00abBiograf\u00edas de Misioneros Pa\u00fales\u00bb","block_context":{"text":"Biograf\u00edas de Misioneros Pa\u00fales","link":"http:\/\/vincentians.com\/es\/category\/la-familia-vicenciana\/biografias-vicencianas\/biografias-de-misioneros-paules\/"},"img":{"alt_text":"","src":"https:\/\/i0.wp.com\/vincentians.com\/es\/wp-content\/uploads\/sites\/11\/2016\/07\/bio-cm.jpg?fit=1200%2C630&resize=350%2C200","width":350,"height":200,"srcset":"https:\/\/i0.wp.com\/vincentians.com\/es\/wp-content\/uploads\/sites\/11\/2016\/07\/bio-cm.jpg?fit=1200%2C630&resize=350%2C200 1x, https:\/\/i0.wp.com\/vincentians.com\/es\/wp-content\/uploads\/sites\/11\/2016\/07\/bio-cm.jpg?fit=1200%2C630&resize=525%2C300 1.5x, https:\/\/i0.wp.com\/vincentians.com\/es\/wp-content\/uploads\/sites\/11\/2016\/07\/bio-cm.jpg?fit=1200%2C630&resize=700%2C400 2x, https:\/\/i0.wp.com\/vincentians.com\/es\/wp-content\/uploads\/sites\/11\/2016\/07\/bio-cm.jpg?fit=1200%2C630&resize=1050%2C600 3x"},"classes":[]},{"id":117996,"url":"http:\/\/vincentians.com\/es\/bernardo-campllong-estudiante\/","url_meta":{"origin":55730,"position":4},"title":"Bernardo Campllong, estudiante","author":"Mitxel Olabu\u00e9naga","date":"03\/03\/2013","format":false,"excerpt":"Natural de Morlaix (Francia), fue bautizado el 27 de junio de 1779. Admitido en el noviciado en la casa de Barcelona el 30 de marzo de 1803, hizo dos a\u00f1os m\u00e1s tarde los votos (31 marzo). En el libro de Memorias de los difuntos se dice que muri\u00f3 en 1809\u2026","rel":"","context":"En \u00abBiograf\u00edas de Misioneros Pa\u00fales\u00bb","block_context":{"text":"Biograf\u00edas de Misioneros Pa\u00fales","link":"http:\/\/vincentians.com\/es\/category\/la-familia-vicenciana\/biografias-vicencianas\/biografias-de-misioneros-paules\/"},"img":{"alt_text":"","src":"https:\/\/i0.wp.com\/vincentians.com\/es\/wp-content\/uploads\/sites\/11\/2016\/07\/bio-cm.jpg?fit=1200%2C630&resize=350%2C200","width":350,"height":200,"srcset":"https:\/\/i0.wp.com\/vincentians.com\/es\/wp-content\/uploads\/sites\/11\/2016\/07\/bio-cm.jpg?fit=1200%2C630&resize=350%2C200 1x, https:\/\/i0.wp.com\/vincentians.com\/es\/wp-content\/uploads\/sites\/11\/2016\/07\/bio-cm.jpg?fit=1200%2C630&resize=525%2C300 1.5x, https:\/\/i0.wp.com\/vincentians.com\/es\/wp-content\/uploads\/sites\/11\/2016\/07\/bio-cm.jpg?fit=1200%2C630&resize=700%2C400 2x, https:\/\/i0.wp.com\/vincentians.com\/es\/wp-content\/uploads\/sites\/11\/2016\/07\/bio-cm.jpg?fit=1200%2C630&resize=1050%2C600 3x"},"classes":[]},{"id":387071,"url":"http:\/\/vincentians.com\/es\/los-primeros-misioneros-en-espana-1704-1774\/","url_meta":{"origin":55730,"position":5},"title":"Los primeros misioneros en Espa\u00f1a (1704-1774)","author":"Mitxel Olabu\u00e9naga","date":"20\/08\/2019","format":false,"excerpt":"Introducci\u00f3n Dec\u00eda el cantautor que \u201cquien pierde sus or\u00edgenes, pierde identidad\u201d (Raimon \u201cYo vengo de un silencio\u201d). Quiz\u00e1 este sea uno de los motivos ocultos por el que nos hemos centrado en este tema dentro de Seminario de H\u00aa de la CM en Espa\u00f1a que venimos desarrollando en el Estudiantado\u2026","rel":"","context":"En \u00abHistoria de la Congregaci\u00f3n de la Misi\u00f3n en Espa\u00f1a\u00bb","block_context":{"text":"Historia de la Congregaci\u00f3n de la Misi\u00f3n en Espa\u00f1a","link":"http:\/\/vincentians.com\/es\/category\/historia-de-la-familia-vicenciana\/historia-de-la-congregacion-de-la-mision-en-espana\/"},"img":{"alt_text":"","src":"https:\/\/i0.wp.com\/vincentians.com\/es\/wp-content\/uploads\/sites\/11\/2015\/04\/tres-descubrimientos-de-Vicente-de-Paul.jpg?fit=1200%2C630&resize=350%2C200","width":350,"height":200,"srcset":"https:\/\/i0.wp.com\/vincentians.com\/es\/wp-content\/uploads\/sites\/11\/2015\/04\/tres-descubrimientos-de-Vicente-de-Paul.jpg?fit=1200%2C630&resize=350%2C200 1x, https:\/\/i0.wp.com\/vincentians.com\/es\/wp-content\/uploads\/sites\/11\/2015\/04\/tres-descubrimientos-de-Vicente-de-Paul.jpg?fit=1200%2C630&resize=525%2C300 1.5x, https:\/\/i0.wp.com\/vincentians.com\/es\/wp-content\/uploads\/sites\/11\/2015\/04\/tres-descubrimientos-de-Vicente-de-Paul.jpg?fit=1200%2C630&resize=700%2C400 2x, https:\/\/i0.wp.com\/vincentians.com\/es\/wp-content\/uploads\/sites\/11\/2015\/04\/tres-descubrimientos-de-Vicente-de-Paul.jpg?fit=1200%2C630&resize=1050%2C600 3x"},"classes":[]}],"_links":{"self":[{"href":"http:\/\/vincentians.com\/es\/wp-json\/wp\/v2\/posts\/55730","targetHints":{"allow":["GET"]}}],"collection":[{"href":"http:\/\/vincentians.com\/es\/wp-json\/wp\/v2\/posts"}],"about":[{"href":"http:\/\/vincentians.com\/es\/wp-json\/wp\/v2\/types\/post"}],"author":[{"embeddable":true,"href":"http:\/\/vincentians.com\/es\/wp-json\/wp\/v2\/users\/5"}],"replies":[{"embeddable":true,"href":"http:\/\/vincentians.com\/es\/wp-json\/wp\/v2\/comments?post=55730"}],"version-history":[{"count":0,"href":"http:\/\/vincentians.com\/es\/wp-json\/wp\/v2\/posts\/55730\/revisions"}],"wp:featuredmedia":[{"embeddable":true,"href":"http:\/\/vincentians.com\/es\/wp-json\/wp\/v2\/media\/391249"}],"wp:attachment":[{"href":"http:\/\/vincentians.com\/es\/wp-json\/wp\/v2\/media?parent=55730"}],"wp:term":[{"taxonomy":"category","embeddable":true,"href":"http:\/\/vincentians.com\/es\/wp-json\/wp\/v2\/categories?post=55730"},{"taxonomy":"post_tag","embeddable":true,"href":"http:\/\/vincentians.com\/es\/wp-json\/wp\/v2\/tags?post=55730"}],"curies":[{"name":"wp","href":"https:\/\/api.w.org\/{rel}","templated":true}]}}