{"id":54305,"date":"2019-06-13T08:00:29","date_gmt":"2019-06-13T06:00:29","guid":{"rendered":"http:\/\/somos.vicencianos.org\/?p=54305"},"modified":"2019-06-02T18:11:07","modified_gmt":"2019-06-02T16:11:07","slug":"las-sagradas-escrituras-nos-manifiestan-los-misterios-de-dios-san-hipolito","status":"publish","type":"post","link":"http:\/\/vincentians.com\/es\/las-sagradas-escrituras-nos-manifiestan-los-misterios-de-dios-san-hipolito\/","title":{"rendered":"Las Sagradas Escrituras nos manifiestan los misterios de Dios (San Hip\u00f3lito)"},"content":{"rendered":"<p style=\"text-align: center\"><strong><em>Las Sagradas Escrituras nos manifiestan los misterios de Dios<\/em><\/strong><br \/>\nDel Tratado de San Hip\u00f3lito, presb\u00edtero, Contra la herej\u00eda de Noeto.<br \/>\n<strong>Lectura b\u00edblica: Jn 1, 1-18<\/strong><\/p>\n<blockquote><p><strong>San Hip\u00f3lito (\u00bf-235)<\/strong><\/p>\n<p><em>Desconocemos lugar y fecha de su nacimiento, aunque sabemos que fue disc\u00edpulo de San Ireneo y compuso sus escritos entre los a\u00f1os 200 y 235 d.C. Es uno de los te\u00f3logos m\u00e1s antiguos de la Iglesia; fue presb\u00edte- ro en Roma y se opuso en asuntos doctrinales al Papa Calixto (217-222), a quien reprochaba excesiva indulgencia con los pecadores. Una comunidad rebelde lo eligi\u00f3 Obispo de Roma en contra de Calixto y la divisi\u00f3n se mantuvo durante los pontificados de Urbano y Ponciano, hasta que el emperador M\u00e1ximino (235-238) deport\u00f3 a Hip\u00f3lito junto con Ponciano a Cerde\u00f1a, \u00abla isla de la muerte\u00bb, donde ambos, condenados a trabajos forzados, renunciaron al papado y se reconciliaron. Hoy se les venera juntamente como m\u00e1rtires.<\/em><\/p><\/blockquote>\n<div class='stb-container stb-style-info stb-caption-box stb-no-caption'><div class='stb-caption'><div class='stb-logo'><img class='stb-logo__image' src='' alt='img'\/><\/div><div class='stb-caption-content'>Comentario<\/div><div class='stb-tool'><\/div><\/div><div class='stb-content'>\n<p><em>Este pasaje de San Hip\u00f3lito nos introduce de lleno en el misterio del Dios creador, visible en la historia humana por medio de su Hijo Jesucristo y que nos recrea por el Esp\u00edritu Santo. Para conocer a Dios debemos familiarizamos con la Sagrada Escritura y por eso una de las principales tareas de nuestra vida cristiana es profundizar en su conocimiento. \u00abLa Iglesia \u2013nos dice el Concilio Vaticano II- ha venerado siempre las Escrituras como al cuerpo mismo de Cristo\u00bb (DV 21), porque a trav\u00e9s de ella recibimos el sacramento de su\u00a0 palabra de vida.<\/em><\/p>\n<\/div><\/div>\n<p>Hay un \u00fanico <strong>Dios<\/strong>, hermanos, que <strong>s\u00f3lo puede ser conocido a trav\u00e9s de las Escrituras santas. Por ello debemos esforzarnos por penetrar en todas las cosas que nos anuncian las divinas Escrituras y procurar profundizar en lo que nos ense\u00f1an. <\/strong>Debemos conocer al Padre como \u00e9l desea ser conocido, debemos glorificar al Hijo como el Padre desea que lo glorifiquemos, debemos recibir al Esp\u00edritu Santo como el Padre desea d\u00e1rnoslo. En todo debemos proceder no seg\u00fan nuestro capricho ni seg\u00fan nuestros propios sentimientos ni haciendo violencia a los deseos de Dios, sino seg\u00fan los caminos que el mismo Se\u00f1or nos ha dado a conocer en las santas Escrituras.<\/p>\n<p><strong>Cuando s\u00f3lo exist\u00eda Dios y nada hab\u00eda a\u00fan que existiera con \u00e9l, el Se\u00f1or quiso crear el mundo. <\/strong>Lo cre\u00f3 por su inteligencia, por su voluntad y por su palabra; y el mundo lleg\u00f3 a la existencia tal como \u00e9l lo quiso y cuando \u00e9l lo quiso. <strong>Nos basta, por tanto, saber que, al principio, nada exist\u00eda junto a Dios, nada hab\u00eda fuera de \u00e9l. <\/strong>Pero Dios, siendo \u00fanico, era tambi\u00e9n m\u00faltiple. Porque con \u00e9l estaba su sabidur\u00eda, su raz\u00f3n, su poder y su consejo; todo esto estaba en \u00e9l, y \u00e9l era todas estas cosas. Y, cuando quiso y como quiso, y en el tiempo por \u00e9l mismo fijado de antemano, manifest\u00f3 al mundo su Palabra, por quien fueron hechas todas las cosas.<\/p>\n<p>Y como Dios conten\u00eda en s\u00ed mismo a la Palabra, aunque ella fuera invisible para el mundo creado, cuando Dios hizo o\u00edr su voz, la Palabra se hizo entonces visible; as\u00ed, <strong>de la luz que es el Padre sali\u00f3 la luz que es el Hijo, y la imagen del Se\u00f1or fue como reproducida en el ser de la criatura; de esta manera el que al principio era s\u00f3lo visible para el Padre empez\u00f3 a ser visible tambi\u00e9n para el mundo, para que \u00e9ste, al contemplarlo, pudiera alcanzar la salvaci\u00f3n.<\/strong><\/p>\n<p>El sentido de todo esto es que, al entrar en el mundo, la Palabra quiso aparecer como Hijo de Dios; pues, en efecto, todas las cosas fueron hechas por el Hijo, pero \u00e9l es engendrado \u00danicamente por el Padre.<\/p>\n<p>Dios dio la ley y los profetas, impulsando a \u00e9stos a hablar movidos por el Esp\u00edritu Santo, para que, habiendo recibido la inspiraci\u00f3n del poder del Padre, anunciaran su consejo y su voluntad.<\/p>\n<p>La Palabra, pues, se hizo visible, como dice San Juan. Y repiti\u00f3 en resumen todo lo que dijeron los profetas, demostrando as\u00ed que es realmente la Palabra por quien fueron hechas todas las cosas. Dice: <em>Ya al comienzo de las cosas exist\u00eda la Palabra, y la Palabra estaba con Dios y la Palabra era Dios; por ella empezaron a existir todas las cosas, y ninguna de las que existen empez\u00f3 a ser sino por ella. <\/em>Y m\u00e1s adelante: <em>El mundo empez\u00f3 por ella a existir; pero el mundo no la reconoci\u00f3. Vino a los suyos y los suyos no la recibieron.<\/em><\/p>\n","protected":false},"excerpt":{"rendered":"<p>Las Sagradas Escrituras nos manifiestan los misterios de Dios Del Tratado de San Hip\u00f3lito, presb\u00edtero, Contra la herej\u00eda de Noeto. Lectura b\u00edblica: Jn 1, 1-18 San Hip\u00f3lito (\u00bf-235) Desconocemos lugar y fecha de su nacimiento, &#8230; <a href=\"http:\/\/vincentians.com\/es\/las-sagradas-escrituras-nos-manifiestan-los-misterios-de-dios-san-hipolito\/\" class=\"more-link\">Read More<\/a><\/p>\n","protected":false},"author":4,"featured_media":399998,"comment_status":"open","ping_status":"open","sticky":false,"template":"","format":"standard","meta":{"jetpack_post_was_ever_published":false,"_jetpack_newsletter_access":"","_jetpack_dont_email_post_to_subs":false,"_jetpack_newsletter_tier_id":0,"_jetpack_memberships_contains_paywalled_content":false,"_jetpack_memberships_contains_paid_content":false,"footnotes":"","jetpack_publicize_message":"","jetpack_publicize_feature_enabled":true,"jetpack_social_post_already_shared":true,"jetpack_social_options":{"image_generator_settings":{"template":"highway","default_image_id":0,"font":"","enabled":false},"version":2}},"categories":[265],"tags":[],"class_list":["post-54305","post","type-post","status-publish","format-standard","has-post-thumbnail","hentry","category-padres-de-la-iglesia"],"yoast_head":"<!-- This site is optimized with the Yoast SEO plugin v26.3 - https:\/\/yoast.com\/wordpress\/plugins\/seo\/ -->\n<title>Las Sagradas Escrituras nos manifiestan los misterios de Dios (San Hip\u00f3lito) - Somos Vicencianos<\/title>\n<meta name=\"robots\" content=\"index, follow, max-snippet:-1, max-image-preview:large, max-video-preview:-1\" \/>\n<link rel=\"canonical\" href=\"http:\/\/vincentians.com\/es\/las-sagradas-escrituras-nos-manifiestan-los-misterios-de-dios-san-hipolito\/\" \/>\n<meta property=\"og:locale\" content=\"es_ES\" \/>\n<meta property=\"og:type\" content=\"article\" \/>\n<meta property=\"og:title\" content=\"Las Sagradas Escrituras nos manifiestan los misterios de Dios (San Hip\u00f3lito) - Somos Vicencianos\" \/>\n<meta property=\"og:description\" content=\"Las Sagradas Escrituras nos manifiestan los misterios de Dios Del Tratado de San Hip\u00f3lito, presb\u00edtero, Contra la herej\u00eda de Noeto. Lectura b\u00edblica: Jn 1, 1-18 San Hip\u00f3lito (\u00bf-235) Desconocemos lugar y fecha de su nacimiento, ... Read More\" \/>\n<meta property=\"og:url\" content=\"http:\/\/vincentians.com\/es\/las-sagradas-escrituras-nos-manifiestan-los-misterios-de-dios-san-hipolito\/\" \/>\n<meta property=\"og:site_name\" content=\"Somos Vicencianos\" \/>\n<meta property=\"article:publisher\" content=\"https:\/\/www.facebook.com\/WeAreVincentians\/\" \/>\n<meta property=\"article:author\" content=\"https:\/\/www.facebook.com\/JavierChento\" \/>\n<meta property=\"article:published_time\" content=\"2019-06-13T06:00:29+00:00\" \/>\n<meta property=\"og:image\" content=\"https:\/\/i0.wp.com\/vincentians.com\/es\/wp-content\/uploads\/sites\/11\/2016\/09\/enviados-evangelizar-pobres.jpg?fit=1200%2C630\" \/>\n\t<meta property=\"og:image:width\" content=\"1200\" \/>\n\t<meta property=\"og:image:height\" content=\"630\" \/>\n\t<meta property=\"og:image:type\" content=\"image\/jpeg\" \/>\n<meta name=\"author\" content=\"Francisco Javier Fern\u00e1ndez Chento\" \/>\n<meta name=\"twitter:card\" content=\"summary_large_image\" \/>\n<meta name=\"twitter:creator\" content=\"@https:\/\/twitter.com\/javierchento\" \/>\n<meta name=\"twitter:site\" content=\"@WeVincentians\" \/>\n<meta name=\"twitter:label1\" content=\"Escrito por\" \/>\n\t<meta name=\"twitter:data1\" content=\"Francisco Javier Fern\u00e1ndez Chento\" \/>\n\t<meta name=\"twitter:label2\" content=\"Tiempo de lectura\" \/>\n\t<meta name=\"twitter:data2\" content=\"4 minutos\" \/>\n<script type=\"application\/ld+json\" class=\"yoast-schema-graph\">{\"@context\":\"https:\/\/schema.org\",\"@graph\":[{\"@type\":\"Article\",\"@id\":\"http:\/\/vincentians.com\/es\/las-sagradas-escrituras-nos-manifiestan-los-misterios-de-dios-san-hipolito\/#article\",\"isPartOf\":{\"@id\":\"http:\/\/vincentians.com\/es\/las-sagradas-escrituras-nos-manifiestan-los-misterios-de-dios-san-hipolito\/\"},\"author\":{\"name\":\"Francisco Javier Fern\u00e1ndez Chento\",\"@id\":\"https:\/\/vincentians.com\/es\/#\/schema\/person\/9623ef4d9aa3b2dfb8c061f1499288f2\"},\"headline\":\"Las Sagradas Escrituras nos manifiestan los misterios de Dios (San Hip\u00f3lito)\",\"datePublished\":\"2019-06-13T06:00:29+00:00\",\"mainEntityOfPage\":{\"@id\":\"http:\/\/vincentians.com\/es\/las-sagradas-escrituras-nos-manifiestan-los-misterios-de-dios-san-hipolito\/\"},\"wordCount\":801,\"commentCount\":0,\"publisher\":{\"@id\":\"https:\/\/vincentians.com\/es\/#organization\"},\"image\":{\"@id\":\"http:\/\/vincentians.com\/es\/las-sagradas-escrituras-nos-manifiestan-los-misterios-de-dios-san-hipolito\/#primaryimage\"},\"thumbnailUrl\":\"https:\/\/i0.wp.com\/vincentians.com\/es\/wp-content\/uploads\/sites\/11\/2016\/09\/enviados-evangelizar-pobres.jpg?fit=1200%2C630\",\"articleSection\":[\"Padres de la Iglesia\"],\"inLanguage\":\"es\",\"potentialAction\":[{\"@type\":\"CommentAction\",\"name\":\"Comment\",\"target\":[\"http:\/\/vincentians.com\/es\/las-sagradas-escrituras-nos-manifiestan-los-misterios-de-dios-san-hipolito\/#respond\"]}]},{\"@type\":\"WebPage\",\"@id\":\"http:\/\/vincentians.com\/es\/las-sagradas-escrituras-nos-manifiestan-los-misterios-de-dios-san-hipolito\/\",\"url\":\"http:\/\/vincentians.com\/es\/las-sagradas-escrituras-nos-manifiestan-los-misterios-de-dios-san-hipolito\/\",\"name\":\"Las Sagradas Escrituras nos manifiestan los misterios de Dios (San Hip\u00f3lito) - Somos Vicencianos\",\"isPartOf\":{\"@id\":\"https:\/\/vincentians.com\/es\/#website\"},\"primaryImageOfPage\":{\"@id\":\"http:\/\/vincentians.com\/es\/las-sagradas-escrituras-nos-manifiestan-los-misterios-de-dios-san-hipolito\/#primaryimage\"},\"image\":{\"@id\":\"http:\/\/vincentians.com\/es\/las-sagradas-escrituras-nos-manifiestan-los-misterios-de-dios-san-hipolito\/#primaryimage\"},\"thumbnailUrl\":\"https:\/\/i0.wp.com\/vincentians.com\/es\/wp-content\/uploads\/sites\/11\/2016\/09\/enviados-evangelizar-pobres.jpg?fit=1200%2C630\",\"datePublished\":\"2019-06-13T06:00:29+00:00\",\"breadcrumb\":{\"@id\":\"http:\/\/vincentians.com\/es\/las-sagradas-escrituras-nos-manifiestan-los-misterios-de-dios-san-hipolito\/#breadcrumb\"},\"inLanguage\":\"es\",\"potentialAction\":[{\"@type\":\"ReadAction\",\"target\":[\"http:\/\/vincentians.com\/es\/las-sagradas-escrituras-nos-manifiestan-los-misterios-de-dios-san-hipolito\/\"]}]},{\"@type\":\"ImageObject\",\"inLanguage\":\"es\",\"@id\":\"http:\/\/vincentians.com\/es\/las-sagradas-escrituras-nos-manifiestan-los-misterios-de-dios-san-hipolito\/#primaryimage\",\"url\":\"https:\/\/i0.wp.com\/vincentians.com\/es\/wp-content\/uploads\/sites\/11\/2016\/09\/enviados-evangelizar-pobres.jpg?fit=1200%2C630\",\"contentUrl\":\"https:\/\/i0.wp.com\/vincentians.com\/es\/wp-content\/uploads\/sites\/11\/2016\/09\/enviados-evangelizar-pobres.jpg?fit=1200%2C630\",\"width\":1200,\"height\":630},{\"@type\":\"BreadcrumbList\",\"@id\":\"http:\/\/vincentians.com\/es\/las-sagradas-escrituras-nos-manifiestan-los-misterios-de-dios-san-hipolito\/#breadcrumb\",\"itemListElement\":[{\"@type\":\"ListItem\",\"position\":1,\"name\":\"Portada\",\"item\":\"https:\/\/vincentians.com\/es\/\"},{\"@type\":\"ListItem\",\"position\":2,\"name\":\"Las Sagradas Escrituras nos manifiestan los misterios de Dios (San Hip\u00f3lito)\"}]},{\"@type\":\"WebSite\",\"@id\":\"https:\/\/vincentians.com\/es\/#website\",\"url\":\"https:\/\/vincentians.com\/es\/\",\"name\":\"Somos Vicencianos\",\"description\":\"Know more to serve more\",\"publisher\":{\"@id\":\"https:\/\/vincentians.com\/es\/#organization\"},\"potentialAction\":[{\"@type\":\"SearchAction\",\"target\":{\"@type\":\"EntryPoint\",\"urlTemplate\":\"https:\/\/vincentians.com\/es\/?s={search_term_string}\"},\"query-input\":{\"@type\":\"PropertyValueSpecification\",\"valueRequired\":true,\"valueName\":\"search_term_string\"}}],\"inLanguage\":\"es\"},{\"@type\":\"Organization\",\"@id\":\"https:\/\/vincentians.com\/es\/#organization\",\"name\":\"The Vincentian Network\",\"url\":\"https:\/\/vincentians.com\/es\/\",\"logo\":{\"@type\":\"ImageObject\",\"inLanguage\":\"es\",\"@id\":\"https:\/\/vincentians.com\/es\/#\/schema\/logo\/image\/\",\"url\":\"https:\/\/i1.wp.com\/vincentians.com\/es\/wp-content\/uploads\/sites\/11\/2016\/06\/Vincentian-Network-logo-big.png?fit=778%2C778\",\"contentUrl\":\"https:\/\/i1.wp.com\/vincentians.com\/es\/wp-content\/uploads\/sites\/11\/2016\/06\/Vincentian-Network-logo-big.png?fit=778%2C778\",\"width\":778,\"height\":778,\"caption\":\"The Vincentian Network\"},\"image\":{\"@id\":\"https:\/\/vincentians.com\/es\/#\/schema\/logo\/image\/\"},\"sameAs\":[\"https:\/\/www.facebook.com\/WeAreVincentians\/\",\"https:\/\/x.com\/WeVincentians\"]},{\"@type\":\"Person\",\"@id\":\"https:\/\/vincentians.com\/es\/#\/schema\/person\/9623ef4d9aa3b2dfb8c061f1499288f2\",\"name\":\"Francisco Javier Fern\u00e1ndez Chento\",\"image\":{\"@type\":\"ImageObject\",\"inLanguage\":\"es\",\"@id\":\"https:\/\/vincentians.com\/es\/#\/schema\/person\/image\/\",\"url\":\"https:\/\/secure.gravatar.com\/avatar\/497d5cde87b4c3d097d0315953521681ba2cd523ee66e5077c3711f7021e65de?s=96&d=mm&r=g\",\"contentUrl\":\"https:\/\/secure.gravatar.com\/avatar\/497d5cde87b4c3d097d0315953521681ba2cd523ee66e5077c3711f7021e65de?s=96&d=mm&r=g\",\"caption\":\"Francisco Javier Fern\u00e1ndez Chento\"},\"description\":\"Director General y cofundador de La Red de Formaci\u00f3n Vicenciana. Javier es laico vicenciano, afiliado a la Congregaci\u00f3n de la Misi\u00f3n y miembro del Equipo de Misiones Populares de la provincia can\u00f3nica de Zaragoza (Espa\u00f1a) de la Congregaci\u00f3n de la Misi\u00f3n. Graduado en la Universidad Oberta de Catalunya con cuatro grados (Asistente de direcci\u00f3n, Gesti\u00f3n Administrativa, Recursos Humanos y Contabilidad Avanzada). Bil\u00edng\u00fce Espa\u00f1ol\/Ingl\u00e9s. gestiona y mantiene varias p\u00e1ginas web cristianas y vicencianas, incluida including La Red de Formaci\u00f3n Vicenciana, de la que es cofundador. Actualmente es responsable del \u00e1rea de Espa\u00f1ol de .famvin, la Red de Noticias de la Familia Vicenciana. Tambi\u00e9n es m\u00fasico cat\u00f3lico y ha editado varios discos. Es Director General y cofundador de Trovador, una reconocida compa\u00f1\u00eda discogr\u00e1fica critiana de Espa\u00f1a. Trabaja en las Tecnolog\u00edas de la Informaci\u00f3n, ofreciendo servicios de alojamiento, dise\u00f1o y mantenimiento Web, as\u00ed como asesoramiento, formaci\u00f3n y soluciones inform\u00e1ticas, gesti\u00f3n documental y digitalizaci\u00f3n de textos, edici\u00f3n y maquetaci\u00f3n de libros, revistas, flyers, etc.\",\"sameAs\":[\"http:\/\/chento.org\",\"https:\/\/www.facebook.com\/JavierChento\",\"https:\/\/x.com\/https:\/\/twitter.com\/javierchento\"],\"url\":\"http:\/\/vincentians.com\/es\/author\/chento\/\"}]}<\/script>\n<!-- \/ Yoast SEO plugin. -->","yoast_head_json":{"title":"Las Sagradas Escrituras nos manifiestan los misterios de Dios (San Hip\u00f3lito) - Somos Vicencianos","robots":{"index":"index","follow":"follow","max-snippet":"max-snippet:-1","max-image-preview":"max-image-preview:large","max-video-preview":"max-video-preview:-1"},"canonical":"http:\/\/vincentians.com\/es\/las-sagradas-escrituras-nos-manifiestan-los-misterios-de-dios-san-hipolito\/","og_locale":"es_ES","og_type":"article","og_title":"Las Sagradas Escrituras nos manifiestan los misterios de Dios (San Hip\u00f3lito) - Somos Vicencianos","og_description":"Las Sagradas Escrituras nos manifiestan los misterios de Dios Del Tratado de San Hip\u00f3lito, presb\u00edtero, Contra la herej\u00eda de Noeto. Lectura b\u00edblica: Jn 1, 1-18 San Hip\u00f3lito (\u00bf-235) Desconocemos lugar y fecha de su nacimiento, ... Read More","og_url":"http:\/\/vincentians.com\/es\/las-sagradas-escrituras-nos-manifiestan-los-misterios-de-dios-san-hipolito\/","og_site_name":"Somos Vicencianos","article_publisher":"https:\/\/www.facebook.com\/WeAreVincentians\/","article_author":"https:\/\/www.facebook.com\/JavierChento","article_published_time":"2019-06-13T06:00:29+00:00","og_image":[{"width":1200,"height":630,"url":"https:\/\/i0.wp.com\/vincentians.com\/es\/wp-content\/uploads\/sites\/11\/2016\/09\/enviados-evangelizar-pobres.jpg?fit=1200%2C630","type":"image\/jpeg"}],"author":"Francisco Javier Fern\u00e1ndez Chento","twitter_card":"summary_large_image","twitter_creator":"@https:\/\/twitter.com\/javierchento","twitter_site":"@WeVincentians","twitter_misc":{"Escrito por":"Francisco Javier Fern\u00e1ndez Chento","Tiempo de lectura":"4 minutos"},"schema":{"@context":"https:\/\/schema.org","@graph":[{"@type":"Article","@id":"http:\/\/vincentians.com\/es\/las-sagradas-escrituras-nos-manifiestan-los-misterios-de-dios-san-hipolito\/#article","isPartOf":{"@id":"http:\/\/vincentians.com\/es\/las-sagradas-escrituras-nos-manifiestan-los-misterios-de-dios-san-hipolito\/"},"author":{"name":"Francisco Javier Fern\u00e1ndez Chento","@id":"https:\/\/vincentians.com\/es\/#\/schema\/person\/9623ef4d9aa3b2dfb8c061f1499288f2"},"headline":"Las Sagradas Escrituras nos manifiestan los misterios de Dios (San Hip\u00f3lito)","datePublished":"2019-06-13T06:00:29+00:00","mainEntityOfPage":{"@id":"http:\/\/vincentians.com\/es\/las-sagradas-escrituras-nos-manifiestan-los-misterios-de-dios-san-hipolito\/"},"wordCount":801,"commentCount":0,"publisher":{"@id":"https:\/\/vincentians.com\/es\/#organization"},"image":{"@id":"http:\/\/vincentians.com\/es\/las-sagradas-escrituras-nos-manifiestan-los-misterios-de-dios-san-hipolito\/#primaryimage"},"thumbnailUrl":"https:\/\/i0.wp.com\/vincentians.com\/es\/wp-content\/uploads\/sites\/11\/2016\/09\/enviados-evangelizar-pobres.jpg?fit=1200%2C630","articleSection":["Padres de la Iglesia"],"inLanguage":"es","potentialAction":[{"@type":"CommentAction","name":"Comment","target":["http:\/\/vincentians.com\/es\/las-sagradas-escrituras-nos-manifiestan-los-misterios-de-dios-san-hipolito\/#respond"]}]},{"@type":"WebPage","@id":"http:\/\/vincentians.com\/es\/las-sagradas-escrituras-nos-manifiestan-los-misterios-de-dios-san-hipolito\/","url":"http:\/\/vincentians.com\/es\/las-sagradas-escrituras-nos-manifiestan-los-misterios-de-dios-san-hipolito\/","name":"Las Sagradas Escrituras nos manifiestan los misterios de Dios (San Hip\u00f3lito) - Somos Vicencianos","isPartOf":{"@id":"https:\/\/vincentians.com\/es\/#website"},"primaryImageOfPage":{"@id":"http:\/\/vincentians.com\/es\/las-sagradas-escrituras-nos-manifiestan-los-misterios-de-dios-san-hipolito\/#primaryimage"},"image":{"@id":"http:\/\/vincentians.com\/es\/las-sagradas-escrituras-nos-manifiestan-los-misterios-de-dios-san-hipolito\/#primaryimage"},"thumbnailUrl":"https:\/\/i0.wp.com\/vincentians.com\/es\/wp-content\/uploads\/sites\/11\/2016\/09\/enviados-evangelizar-pobres.jpg?fit=1200%2C630","datePublished":"2019-06-13T06:00:29+00:00","breadcrumb":{"@id":"http:\/\/vincentians.com\/es\/las-sagradas-escrituras-nos-manifiestan-los-misterios-de-dios-san-hipolito\/#breadcrumb"},"inLanguage":"es","potentialAction":[{"@type":"ReadAction","target":["http:\/\/vincentians.com\/es\/las-sagradas-escrituras-nos-manifiestan-los-misterios-de-dios-san-hipolito\/"]}]},{"@type":"ImageObject","inLanguage":"es","@id":"http:\/\/vincentians.com\/es\/las-sagradas-escrituras-nos-manifiestan-los-misterios-de-dios-san-hipolito\/#primaryimage","url":"https:\/\/i0.wp.com\/vincentians.com\/es\/wp-content\/uploads\/sites\/11\/2016\/09\/enviados-evangelizar-pobres.jpg?fit=1200%2C630","contentUrl":"https:\/\/i0.wp.com\/vincentians.com\/es\/wp-content\/uploads\/sites\/11\/2016\/09\/enviados-evangelizar-pobres.jpg?fit=1200%2C630","width":1200,"height":630},{"@type":"BreadcrumbList","@id":"http:\/\/vincentians.com\/es\/las-sagradas-escrituras-nos-manifiestan-los-misterios-de-dios-san-hipolito\/#breadcrumb","itemListElement":[{"@type":"ListItem","position":1,"name":"Portada","item":"https:\/\/vincentians.com\/es\/"},{"@type":"ListItem","position":2,"name":"Las Sagradas Escrituras nos manifiestan los misterios de Dios (San Hip\u00f3lito)"}]},{"@type":"WebSite","@id":"https:\/\/vincentians.com\/es\/#website","url":"https:\/\/vincentians.com\/es\/","name":"Somos Vicencianos","description":"Know more to serve more","publisher":{"@id":"https:\/\/vincentians.com\/es\/#organization"},"potentialAction":[{"@type":"SearchAction","target":{"@type":"EntryPoint","urlTemplate":"https:\/\/vincentians.com\/es\/?s={search_term_string}"},"query-input":{"@type":"PropertyValueSpecification","valueRequired":true,"valueName":"search_term_string"}}],"inLanguage":"es"},{"@type":"Organization","@id":"https:\/\/vincentians.com\/es\/#organization","name":"The Vincentian Network","url":"https:\/\/vincentians.com\/es\/","logo":{"@type":"ImageObject","inLanguage":"es","@id":"https:\/\/vincentians.com\/es\/#\/schema\/logo\/image\/","url":"https:\/\/i1.wp.com\/vincentians.com\/es\/wp-content\/uploads\/sites\/11\/2016\/06\/Vincentian-Network-logo-big.png?fit=778%2C778","contentUrl":"https:\/\/i1.wp.com\/vincentians.com\/es\/wp-content\/uploads\/sites\/11\/2016\/06\/Vincentian-Network-logo-big.png?fit=778%2C778","width":778,"height":778,"caption":"The Vincentian Network"},"image":{"@id":"https:\/\/vincentians.com\/es\/#\/schema\/logo\/image\/"},"sameAs":["https:\/\/www.facebook.com\/WeAreVincentians\/","https:\/\/x.com\/WeVincentians"]},{"@type":"Person","@id":"https:\/\/vincentians.com\/es\/#\/schema\/person\/9623ef4d9aa3b2dfb8c061f1499288f2","name":"Francisco Javier Fern\u00e1ndez Chento","image":{"@type":"ImageObject","inLanguage":"es","@id":"https:\/\/vincentians.com\/es\/#\/schema\/person\/image\/","url":"https:\/\/secure.gravatar.com\/avatar\/497d5cde87b4c3d097d0315953521681ba2cd523ee66e5077c3711f7021e65de?s=96&d=mm&r=g","contentUrl":"https:\/\/secure.gravatar.com\/avatar\/497d5cde87b4c3d097d0315953521681ba2cd523ee66e5077c3711f7021e65de?s=96&d=mm&r=g","caption":"Francisco Javier Fern\u00e1ndez Chento"},"description":"Director General y cofundador de La Red de Formaci\u00f3n Vicenciana. Javier es laico vicenciano, afiliado a la Congregaci\u00f3n de la Misi\u00f3n y miembro del Equipo de Misiones Populares de la provincia can\u00f3nica de Zaragoza (Espa\u00f1a) de la Congregaci\u00f3n de la Misi\u00f3n. Graduado en la Universidad Oberta de Catalunya con cuatro grados (Asistente de direcci\u00f3n, Gesti\u00f3n Administrativa, Recursos Humanos y Contabilidad Avanzada). Bil\u00edng\u00fce Espa\u00f1ol\/Ingl\u00e9s. gestiona y mantiene varias p\u00e1ginas web cristianas y vicencianas, incluida including La Red de Formaci\u00f3n Vicenciana, de la que es cofundador. Actualmente es responsable del \u00e1rea de Espa\u00f1ol de .famvin, la Red de Noticias de la Familia Vicenciana. Tambi\u00e9n es m\u00fasico cat\u00f3lico y ha editado varios discos. Es Director General y cofundador de Trovador, una reconocida compa\u00f1\u00eda discogr\u00e1fica critiana de Espa\u00f1a. Trabaja en las Tecnolog\u00edas de la Informaci\u00f3n, ofreciendo servicios de alojamiento, dise\u00f1o y mantenimiento Web, as\u00ed como asesoramiento, formaci\u00f3n y soluciones inform\u00e1ticas, gesti\u00f3n documental y digitalizaci\u00f3n de textos, edici\u00f3n y maquetaci\u00f3n de libros, revistas, flyers, etc.","sameAs":["http:\/\/chento.org","https:\/\/www.facebook.com\/JavierChento","https:\/\/x.com\/https:\/\/twitter.com\/javierchento"],"url":"http:\/\/vincentians.com\/es\/author\/chento\/"}]}},"jetpack_publicize_connections":[],"jetpack_featured_media_url":"https:\/\/i0.wp.com\/vincentians.com\/es\/wp-content\/uploads\/sites\/11\/2016\/09\/enviados-evangelizar-pobres.jpg?fit=1200%2C630","jetpack_sharing_enabled":true,"jetpack_shortlink":"https:\/\/wp.me\/p7ETMF-e7T","jetpack-related-posts":[{"id":116599,"url":"http:\/\/vincentians.com\/es\/dei-verbum\/","url_meta":{"origin":54305,"position":0},"title":"Dei Verbum","author":"Francisco Javier Fern\u00e1ndez Chento","date":"18\/10\/2018","format":false,"excerpt":"Comentario a \"Dei Verbum\" Autor: Jos\u00e9 Miguel Arr\u00e1iz La Dei Verbum o Constituci\u00f3n dogm\u00e1tica de la divina revelaci\u00f3n es otro de los documentos fundamentales del Concilio Vaticano II. Su valor doctrinal fue objeto de una notificaci\u00f3n el 15 de Noviembre de 1965 que reitera una dada el a\u00f1o anterior el\u2026","rel":"","context":"En \u00abConcilio Vaticano II\u00bb","block_context":{"text":"Concilio Vaticano II","link":"http:\/\/vincentians.com\/es\/category\/formacion-cristiana\/concilios-ecumenicos\/concilio-vaticano-ii\/"},"img":{"alt_text":"","src":"https:\/\/i0.wp.com\/vincentians.com\/es\/wp-content\/uploads\/sites\/11\/2016\/09\/sencillos-como-palomas.jpg?fit=1200%2C630&resize=350%2C200","width":350,"height":200,"srcset":"https:\/\/i0.wp.com\/vincentians.com\/es\/wp-content\/uploads\/sites\/11\/2016\/09\/sencillos-como-palomas.jpg?fit=1200%2C630&resize=350%2C200 1x, https:\/\/i0.wp.com\/vincentians.com\/es\/wp-content\/uploads\/sites\/11\/2016\/09\/sencillos-como-palomas.jpg?fit=1200%2C630&resize=525%2C300 1.5x, https:\/\/i0.wp.com\/vincentians.com\/es\/wp-content\/uploads\/sites\/11\/2016\/09\/sencillos-como-palomas.jpg?fit=1200%2C630&resize=700%2C400 2x, https:\/\/i0.wp.com\/vincentians.com\/es\/wp-content\/uploads\/sites\/11\/2016\/09\/sencillos-como-palomas.jpg?fit=1200%2C630&resize=1050%2C600 3x"},"classes":[]},{"id":121490,"url":"http:\/\/vincentians.com\/es\/exhortacion-apostolica-verbum-domini-conclusion\/","url_meta":{"origin":54305,"position":1},"title":"Exhortaci\u00f3n apost\u00f3lica &quot;Verbum Domini&quot;: Conclusi\u00f3n","author":"Francisco Javier Fern\u00e1ndez Chento","date":"23\/11\/2013","format":false,"excerpt":"Conclusi\u00f3n La palabra definitiva de Dios 121. Al t\u00e9rmino de estas reflexiones con las que he querido recoger y profundizar la riqueza de la XII Asamblea General Ordinaria del S\u00ednodo de los Obispos sobre la Palabra de Dios en la vida y la misi\u00f3n de la Iglesia, deseo exhortar una\u2026","rel":"","context":"En \u00abDocumentos Pontificios\u00bb","block_context":{"text":"Documentos Pontificios","link":"http:\/\/vincentians.com\/es\/category\/formacion-cristiana\/documentos-pontificios\/"},"img":{"alt_text":"DOC","src":"https:\/\/i0.wp.com\/vicencianos.org\/vicencianos\/files\/doc.png?resize=350%2C200","width":350,"height":200},"classes":[]},{"id":29559,"url":"http:\/\/vincentians.com\/es\/oracion-al-paso-de-las-horas-apendice-i-los-grandes-temas-del-leccionario-patristico-en-los-principales-tiempos-del-ano-liturgico\/","url_meta":{"origin":54305,"position":2},"title":"Oraci\u00f3n al paso de las Horas. Ap\u00e9ndice I. Los grandes temas del Leccionario patr\u00edstico en los principales tiempos del a\u00f1o lit\u00fargico","author":"Francisco Javier Fern\u00e1ndez Chento","date":"02\/03\/2011","format":false,"excerpt":"1. Adviento, hasta el 16 de diciembre a. Las dos venidas de Cristo: S. Cirilo de J. (dom.I), S. Carlos B. (lun.I), S. Bernardo (mi\u00e9r.I), S. Efr\u00e9n (juev.I), Vaticano II (mart.II). b. Actitudes cristianas del Adviento: Esperanza, S. Cipriano (s\u00e1b.I); oraci\u00f3n, S. Agust\u00edn (vier.III); deseo de Dios, S. Anselmo (vier.I),\u2026","rel":"","context":"En \u00abFormaci\u00f3n Cristiana\u00bb","block_context":{"text":"Formaci\u00f3n Cristiana","link":"http:\/\/vincentians.com\/es\/category\/formacion-cristiana\/"},"img":{"alt_text":"","src":"https:\/\/i0.wp.com\/vicencianos.org\/wp-content\/2011\/02\/liturgia_horas-300x224.jpg?resize=350%2C200","width":350,"height":200},"classes":[]},{"id":117160,"url":"http:\/\/vincentians.com\/es\/sacrosanctum-concilium\/","url_meta":{"origin":54305,"position":3},"title":"Sacrosanctum Concilium","author":"Francisco Javier Fern\u00e1ndez Chento","date":"01\/11\/2018","format":false,"excerpt":"Comentario a \"Sacrosanctum Concilium\" Autor: Jos\u00e9 Miguel Arr\u00e1iz La constituci\u00f3n Sacrosanctum Concilium fue el primer documento aprobado por el Concilio, el 4 de diciembre de 1963, por una abrumadora mayor\u00eda de 2158 votos a favor y 4 en contra. Daba a la liturgia un tratamiento tan generoso en comparaci\u00f3n con\u2026","rel":"","context":"En \u00abConcilio Vaticano II\u00bb","block_context":{"text":"Concilio Vaticano II","link":"http:\/\/vincentians.com\/es\/category\/formacion-cristiana\/concilios-ecumenicos\/concilio-vaticano-ii\/"},"img":{"alt_text":"","src":"https:\/\/i0.wp.com\/vincentians.com\/es\/wp-content\/uploads\/sites\/11\/2013\/10\/El-Cristo-de-las-virtudes-vicencianas.jpg?fit=1200%2C399&resize=350%2C200","width":350,"height":200,"srcset":"https:\/\/i0.wp.com\/vincentians.com\/es\/wp-content\/uploads\/sites\/11\/2013\/10\/El-Cristo-de-las-virtudes-vicencianas.jpg?fit=1200%2C399&resize=350%2C200 1x, https:\/\/i0.wp.com\/vincentians.com\/es\/wp-content\/uploads\/sites\/11\/2013\/10\/El-Cristo-de-las-virtudes-vicencianas.jpg?fit=1200%2C399&resize=525%2C300 1.5x, https:\/\/i0.wp.com\/vincentians.com\/es\/wp-content\/uploads\/sites\/11\/2013\/10\/El-Cristo-de-las-virtudes-vicencianas.jpg?fit=1200%2C399&resize=700%2C400 2x, https:\/\/i0.wp.com\/vincentians.com\/es\/wp-content\/uploads\/sites\/11\/2013\/10\/El-Cristo-de-las-virtudes-vicencianas.jpg?fit=1200%2C399&resize=1050%2C600 3x"},"classes":[]},{"id":16042,"url":"http:\/\/vincentians.com\/es\/tal-dia-como-hoy-2-de-abril\/","url_meta":{"origin":54305,"position":4},"title":"Tal d\u00eda como hoy: 2 de abril","author":"Francisco Javier Fern\u00e1ndez Chento","date":"02\/04\/2017","format":false,"excerpt":"1646. Se firma el acta de uni\u00f3n de la cura de Richelieu a la Congregaci\u00f3n de la Misi\u00f3n, con lo que se completa el establecimiento de la misma en las tierras del Cardenal Richelieu, tal como este lo ha querido. El padre Lamberto aux Couteaux, minuciosamente aconsejado por Vicente de\u2026","rel":"","context":"En \u00abEfem\u00e9rides Vicencianas\u00bb","block_context":{"text":"Efem\u00e9rides Vicencianas","link":"http:\/\/vincentians.com\/es\/category\/historia-de-la-familia-vicenciana\/efemerides-vicencianas\/"},"img":{"alt_text":"","src":"https:\/\/i0.wp.com\/vincentians.com\/es\/wp-content\/uploads\/sites\/11\/2016\/07\/ephemerides-fb.jpg?fit=1200%2C630&resize=350%2C200","width":350,"height":200,"srcset":"https:\/\/i0.wp.com\/vincentians.com\/es\/wp-content\/uploads\/sites\/11\/2016\/07\/ephemerides-fb.jpg?fit=1200%2C630&resize=350%2C200 1x, https:\/\/i0.wp.com\/vincentians.com\/es\/wp-content\/uploads\/sites\/11\/2016\/07\/ephemerides-fb.jpg?fit=1200%2C630&resize=525%2C300 1.5x, https:\/\/i0.wp.com\/vincentians.com\/es\/wp-content\/uploads\/sites\/11\/2016\/07\/ephemerides-fb.jpg?fit=1200%2C630&resize=700%2C400 2x, https:\/\/i0.wp.com\/vincentians.com\/es\/wp-content\/uploads\/sites\/11\/2016\/07\/ephemerides-fb.jpg?fit=1200%2C630&resize=1050%2C600 3x"},"classes":[]},{"id":116880,"url":"http:\/\/vincentians.com\/es\/nostra-aetate\/","url_meta":{"origin":54305,"position":5},"title":"Nostra Aetate","author":"Francisco Javier Fern\u00e1ndez Chento","date":"21\/10\/2018","format":false,"excerpt":"Comentario a \"Nostra Aetate\" Autor: Jos\u00e9 Miguel Arr\u00e1iz La declaraci\u00f3n Nostra Aetate es la declaraci\u00f3n conciliar que aborda las relaciones de la Iglesia con las religiones no cristianas, y es por tanto considerada la br\u00fajula del di\u00e1logo interreligioso. A pesar de ser el documento m\u00e1s breve del Concilio fue uno\u2026","rel":"","context":"En \u00abConcilio Vaticano II\u00bb","block_context":{"text":"Concilio Vaticano II","link":"http:\/\/vincentians.com\/es\/category\/formacion-cristiana\/concilios-ecumenicos\/concilio-vaticano-ii\/"},"img":{"alt_text":"","src":"https:\/\/i0.wp.com\/vincentians.com\/es\/wp-content\/uploads\/sites\/11\/2016\/09\/revolucion-francesa.jpg?fit=1200%2C630&resize=350%2C200","width":350,"height":200,"srcset":"https:\/\/i0.wp.com\/vincentians.com\/es\/wp-content\/uploads\/sites\/11\/2016\/09\/revolucion-francesa.jpg?fit=1200%2C630&resize=350%2C200 1x, https:\/\/i0.wp.com\/vincentians.com\/es\/wp-content\/uploads\/sites\/11\/2016\/09\/revolucion-francesa.jpg?fit=1200%2C630&resize=525%2C300 1.5x, https:\/\/i0.wp.com\/vincentians.com\/es\/wp-content\/uploads\/sites\/11\/2016\/09\/revolucion-francesa.jpg?fit=1200%2C630&resize=700%2C400 2x, https:\/\/i0.wp.com\/vincentians.com\/es\/wp-content\/uploads\/sites\/11\/2016\/09\/revolucion-francesa.jpg?fit=1200%2C630&resize=1050%2C600 3x"},"classes":[]}],"_links":{"self":[{"href":"http:\/\/vincentians.com\/es\/wp-json\/wp\/v2\/posts\/54305","targetHints":{"allow":["GET"]}}],"collection":[{"href":"http:\/\/vincentians.com\/es\/wp-json\/wp\/v2\/posts"}],"about":[{"href":"http:\/\/vincentians.com\/es\/wp-json\/wp\/v2\/types\/post"}],"author":[{"embeddable":true,"href":"http:\/\/vincentians.com\/es\/wp-json\/wp\/v2\/users\/4"}],"replies":[{"embeddable":true,"href":"http:\/\/vincentians.com\/es\/wp-json\/wp\/v2\/comments?post=54305"}],"version-history":[{"count":1,"href":"http:\/\/vincentians.com\/es\/wp-json\/wp\/v2\/posts\/54305\/revisions"}],"predecessor-version":[{"id":402324,"href":"http:\/\/vincentians.com\/es\/wp-json\/wp\/v2\/posts\/54305\/revisions\/402324"}],"wp:featuredmedia":[{"embeddable":true,"href":"http:\/\/vincentians.com\/es\/wp-json\/wp\/v2\/media\/399998"}],"wp:attachment":[{"href":"http:\/\/vincentians.com\/es\/wp-json\/wp\/v2\/media?parent=54305"}],"wp:term":[{"taxonomy":"category","embeddable":true,"href":"http:\/\/vincentians.com\/es\/wp-json\/wp\/v2\/categories?post=54305"},{"taxonomy":"post_tag","embeddable":true,"href":"http:\/\/vincentians.com\/es\/wp-json\/wp\/v2\/tags?post=54305"}],"curies":[{"name":"wp","href":"https:\/\/api.w.org\/{rel}","templated":true}]}}