{"id":54263,"date":"2019-06-15T08:15:10","date_gmt":"2019-06-15T06:15:10","guid":{"rendered":"http:\/\/somos.vicencianos.org\/?p=54263"},"modified":"2019-06-02T18:12:24","modified_gmt":"2019-06-02T16:12:24","slug":"en-tiempo-de-los-fundadores-los-reglamentos","status":"publish","type":"post","link":"http:\/\/vincentians.com\/es\/en-tiempo-de-los-fundadores-los-reglamentos\/","title":{"rendered":"En tiempo de los Fundadores: los Reglamentos"},"content":{"rendered":"<p>S\u00f3lo unos meses despu\u00e9s de la fundaci\u00f3n de la Compa\u00f1\u00eda, el 31 de julio de 1634, Vicente de Paul explicaba a las doce Hermanas que le rodeaban:<\/p>\n<p style=\"padding-left: 30px\"><em>\u00abMis buenas hijas: el \u00faltimo d\u00eda en que os habl\u00e9, os dec\u00eda que hace <\/em><em>ya alg\u00fan tiempo que est\u00e1is reunidas para vivir un mismo designio, y <\/em><em>que, sin embargo, todav\u00eda no hab\u00e9is tenido ning\u00fan reglamento que or\u00ad<\/em><em>dene vuestra manera de vivir. La Divina Providencia os ha conducido <\/em><em>en esto como condujo a su pueblo, que, desde la Creaci\u00f3n, estuvo m\u00e1s <\/em><em>de mil a\u00f1os sin ley\u00bb.<\/em><\/p>\n<h2><em>\u00a0<\/em><strong>El primer reglamento de 1634<\/strong><\/h2>\n<p>En esta conferencia, la primera que ha llegado hasta nosotras conservada por Luisa de Marillac, Vicente de Paul da a las Hermanas unos puntos de refe\u00adrencia para vivir con perfecci\u00f3n su vida de Hijas de la Caridad, para \u00abhonrar el de\u00adsignio de Dios\u00bb y para cumplir la misi\u00f3n confiada a la Compa\u00f1\u00eda.<\/p>\n<p>Comprende un horario detallado de la jornada. San Vicente va motivando cada una de las acciones a partir de la finalidad de la Compa\u00f1\u00eda: el ser\u00advicio a Dios en los Pobres:<\/p>\n<p style=\"padding-left: 30px\"><em>\u00abServir a los Pobres es ir a Dios.\u00bb <\/em><em>\u00abDeb\u00e9is mirar a Dios en sus personas.\u00bb<\/em><\/p>\n<p>Propone unos <em>medios concretos <\/em>para que las Hermanas puedan vivir esta vocaci\u00f3n a la que han sido llamadas:<\/p>\n<ol>\n<li>La oraci\u00f3n para pedir a Dios <em>\u00abque os d\u00e9 la voluntad de hacer <\/em><em>todas vuestras acciones por su sant\u00edsimo amor\u00bb. <\/em><\/li>\n<li>Una gran cordialidad y uni\u00f3n porque <em>\u00abel edificio no se sosten\u00ad<\/em><em>dr\u00e1 sino a condici\u00f3n de que os ayud\u00e9is tinas a otras.\u00bb<\/em><\/li>\n<li>La ascesis, el desprendimiento <em>\u00abde forma que solamente se\u00e1is <\/em><em>para Dios. Hay que despojarse de todo y no tener nada propio\u00bb.<\/em><\/li>\n<li>El dar cuenta: <em>\u00abQue todas vosotras deis cuenta todos los me<\/em><em>ses a la que est\u00e1 habitualmente encargada de vosotras.\u00bb<\/em><\/li>\n<\/ol>\n<p>Para terminar la Conferencia, San Vicente bendijo a las Hermanas y pidi\u00f3 a Dios:<\/p>\n<p style=\"padding-left: 30px\"><em>\u00abQue la bondad de Dios quiera imprimir de tal forma en vuestros corazones lo que yo, miserable pecador, acabo de deciros de parte <\/em><em>suya, que pod\u00e1is siempre acordaros de ello para practicarlo, y ser de esta forma verdaderamente Hijas de la Caridad. En el nombre del Padre, del Hijo y del Esp\u00edritu Santo. Am\u00e9n.\u00bb<\/em><\/p>\n<h2><strong>El reglamento de Angers<\/strong><\/h2>\n<p>En diciembre de 1639, Luisa de Marillac acompa\u00f1\u00f3 a tres Hijas de la Cari\u00addad a Angers. Muy pronto se les unieron otras seis.<\/p>\n<p>Para esta comunidad alejada de Par\u00eds, Vicente de Paul y la Se\u00f1orita hab\u00edan preparado, despu\u00e9s de minuciosa reflexi\u00f3n, un reglamento. El aut\u00f3grafo de pu\u00f1o y letra de Vicente contiene numerosas correcciones, a\u00f1adidos, tachaduras. Los Fundadores deseaban que este reglamento fuese un \u00abproyecto de vida\u00bb para las Hermanas del Hospital de Angers, al que pudieran acudir como punto de re\u00adferencia.<\/p>\n<h3><strong>1.\u00b0 Finalidad de la misi\u00f3n en Angers: Servir a Nuestro Se\u00f1or en sus miembros.<\/strong><\/h3>\n<p>Las Hijas de la Caridad de los pobres enfermos van a Angers para honrar <em>a Nuestro Se\u00f1or, Padre de los Pobres, <\/em>y a su Santa Madre, <em>para asistir a los pobres enfermos <\/em>del Hospital (Hotel-Dieu) de dicha Ciudad, <em>corporal <\/em>y <em>espiritualmente: <\/em>corporalmente, sirvi\u00e9ndoles y pro\u00adporcion\u00e1ndoles el alimento y los medicamentos; y espiritualmente, instruyendo a los enfermos en las cosas necesarias para la salva\u00adci\u00f3n, y procurando que hagan una buena confesi\u00f3n general de toda su vida pasada, a fin de que, por este medio, los que mueran salgan de este mundo en buen estado, y los que se curen hagan prop\u00f3sito de no ofender m\u00e1s a Dios.<\/p>\n<h3><strong>2.\u00ba Una prioridad misionera: La Caridad.<\/strong><\/h3>\n<p>Lo primero que Nuestro Se\u00f1or les pide es que <em>le amen sobre <\/em><em>todas las cosas <\/em>y que hagan todas sus acciones por amor a El; y lo segundo que <em>se quieran entre s\u00ed <\/em>como Hermanas que El ha unido con el v\u00ednculo de su Amor, y <em>a los pobres enfermos, como a se\u00f1ores <\/em>suyos, ya que Nuestro Se\u00f1or est\u00e1 en ellos y ellos en Nuestro Se\u00f1or.<\/p>\n<h3><strong>3.\u00b0 Unas actitudes evang\u00e9licas.<\/strong><\/h3>\n<p>a) Acci\u00f3n de gracias a Dios.<\/p>\n<p>Se mostrar\u00e1n infinitamente <em>agradecidas a la merced <\/em>de haber sido sacadas de entre las j\u00f3venes y viudas de condici\u00f3n humilde, y llama\u00addas por Dios a un estado divino en el que reyes y reinas han busca\u00addo y encontrado su santificaci\u00f3n.<\/p>\n<p>b) Humildad.<\/p>\n<p>Se esforzar\u00e1n en despreciar lo que el mundo estima, <em>y <\/em>estimar\u00e1n lo que el mundo desprecia, por amor a Jesucristo, que nos ha dado ejemplo de ello; para eso, cada una buscar\u00e1 el desprecio y se mor\u00adtificar\u00e1 en todas las cosas, prefiriendo las ocupaciones viles y ab\u00adyectas por encima de las honrosas, manteni\u00e9ndose firme contra to\u00addas las tentaciones que le vengan en contra.<\/p>\n<p>c) Ascesis.<\/p>\n<p><em>Renunciar\u00e1n <\/em>a los afectos carnales de sus padres y de su tierra y los transformar\u00e1n en espirituales, seg\u00fan el consejo de Nuestro Se\u00f1or, que nos dice que no podemos ser sus disc\u00edpulos si no aborrecemos a nuestro padre y a nuestra madre, y que ning\u00fan profeta carece de honor, a no ser en su propia tierra.<\/p>\n<p>Se mostrar\u00e1n fieles a la observancia de su reglamento, a la forma de vivir propia de su Compa\u00f1\u00eda, y a la adquisici\u00f3n de las virtu\u00addes s\u00f3lidas, especialmente a tener <em>una pura intenci\u00f3n de agradar a Dios <\/em>y de preferir la muerte antes que disgustarle; para ello traba\u00adjar\u00e1n incesantemente en <em>la renuncia a su propia voluntad.<\/em><\/p>\n<h3><strong><em>4.\u00b0 <\/em><\/strong><strong>Unos medios concretos de acci\u00f3n (estilo de vida).<\/strong><\/h3>\n<p>a) La Pobreza.<\/p>\n<p>Guardar\u00e1n con exactitud la <em>pobreza, <\/em>como un medio que debe conservarlas en su vocaci\u00f3n, con la ayuda de Dios; para ello cada una <em>escoger\u00e1 siempre para s\u00ed lo que sea m\u00e1s pobre; <\/em>no tendr\u00e1n dinero ni ninguna otra cosa en particular o en ning\u00fan otro sitio; cuidar\u00e1n de los bienes de los Pobres como si fueran de Dios; no recibir\u00e1n ni dar\u00e1n nada como regalo; <em>para vivir, vestir y dormir se contentar\u00e1n con lo que se les d\u00e9; <\/em>en resumen, se acordar\u00e1n de que han nacido pobres, de que de\u00adben vivir como pobres, por amor al Pobre de los pobres, Jesucristo Nuestro Se\u00f1or, y de que en calidad de tales deben ser extremada\u00admente humildes y respetuosas para con todo el mundo, manteniendo la vista baja cuando hablen con alguna persona.<\/p>\n<p>b) La castidad.<\/p>\n<p>Tomar\u00e1n todas las precauciones imaginables para conservar <em>la <\/em><em>castidad, y guardar\u00e1n sus sentidos exteriores e interiores; <\/em>no hablar\u00e1n a solas con los hombres, ni siquiera con los sacer\u00addotes o los religiosos de la casa; <em>guardar\u00e1n siempre la pobreza en su h\u00e1bito y en su tocado.<\/em><\/p>\n<p>c) La obediencia.<\/p>\n<p><em>Obedecer\u00e1n a sus Superiores <\/em>de esta ciudad de Par\u00eds en lo que se refiere a la disciplina y conducta interior, y a los se\u00f1ores <em>administradores en lo exterior, <\/em>que se refiere a las normas del hospital sobre la asistencia a los Pobres, y <em>a la Superiora de entre ellas para la ejecuci\u00f3n de dichos regla\u00ad<\/em><em>mentos, <\/em>y en general en todo lo que les ordene; su obediencia ser\u00e1 pronta, alegre, completa, constante, perseverante en todo, y con sumisi\u00f3n de su propio juicio y voluntad, estimando siempre que lo que se les ordena es lo mejor; ninguna hablar\u00e1, escri\u00adbir\u00e1 o recibir\u00e1 cartas m\u00e1s que por orden de la superiora, a no ser a su superior.<\/p>\n<p>d) La revisi\u00f3n de vida personal y comunitaria. Se sentir\u00e1n contentas de <em>que se avise <\/em>a su superiora <em>de todas las <\/em><em>faltas <\/em>que en ellas hayan visto, toda <em>las noches dir\u00e1n las faltas <\/em>que hayan cometido durante el d\u00eda, y esto, sencillamente, con humildad y franqueza. <em>recibiendo la penitencia <\/em>que la superiora les imponga.<\/p>\n<p>e) La vida espiritual.<\/p>\n<p>Se <em>confesar\u00e1n <\/em>y <em>comulgar\u00e1n <\/em>todos los domingos; oir\u00e1n <em>Misa <\/em>todos los d\u00edas; tendr\u00e1n med\u00eda hora de <em>oraci\u00f3n <\/em>por la ma\u00f1ana y otra media por la tarde; har\u00e1n <em>un breve examen <\/em>antes de comer sobre la virtud que se hayan propuesto adquirir y el <em>examen general <\/em>por la noche; leer\u00e1n todos los d\u00edas un cap\u00edtulo de la <em>lectura espiritual <\/em>que se les ordene, adem\u00e1s de lo que se lea durante las comidas.<\/p>\n<p>Sigue el orden del d\u00eda. Ver S\u00edg. X, p. 682.<\/p>\n<h3><strong>Conclusi\u00f3n: Caminar\u00e1n en la presencia de Dios.<\/strong><\/h3>\n<p>Y para que Dios tenga a bien concederles la gracia de cumplir todas estas cosas, se la pedir\u00e1n con frecuencia, se confesar\u00e1n y comulgar\u00e1n por esta intenci\u00f3n; <em>caminar\u00e1n en la presencia de Dios; <\/em>tomar\u00e1n como patronos e intercesores delante de Dios a la Sant\u00edsima Virgen, a San Jos\u00e9, a San Luis, a Santa Genoveva, a Santa Margarita Reina, a San Juan Evangelista, patrono del hospital&#8230;<\/p>\n<p>Y finalmente considerar\u00e1n la felicidad de su condici\u00f3n: <em>c\u00f3mo sirven a Nuestro Se\u00f1or en la persona de los Pobres, <\/em>c\u00f3mo El reconocer\u00e1 que es a El a quien sirven en la persona de sus pobres enfermos, y c\u00f3mo ellas podr\u00e1n ir con la cabeza muy alta en el d\u00eda del juicio, c\u00f3mo cum\u00adplen enteramente la ley de Dios haciendo lo que hacen, y c\u00f3mo, final\u00admente, estar\u00e1n siempre en Dios, y Dios en ellas, mientras <em>permanez\u00adcan en caridad.<\/em><\/p>\n<h2><strong>Los diversos reglamentos<\/strong><\/h2>\n<p>Ya el 19 de julio de 1640, Vicente de Paul hac\u00eda notar la necesidad de tener reglamentos adaptados a los diversos lugares en los que las Hermanas serv\u00edan a los Pobres:<\/p>\n<p style=\"padding-left: 30px\"><em>\u00abVed hijas m\u00edas, cu\u00e1n grande es el plan de Dios sobre vosotras y <\/em><em>la gracia que os concede al permitiros servir ya a una tan grande <\/em><em>cantidad de Pobres y en tan diversos lugares. Esto exige diversas cla\u00ad<\/em><em>ses de reglamentos. Las Hermanas de Angers tienen el suyo; se necesitar\u00e1 uno para las que sirven a los pobrecitos ni\u00f1os, otro para las que sirven a los Pobres del Hospital General (H\u00e1tel-Dieu), otro para las que sirven a los Pobres de las Parroquias, otro para las de los pobres galeotes, y tambi\u00e9n otro para las que se quedan en la Casa, a la que ten\u00e9is que mirar y amar como la de vuestra familia. Y todas estas reglas tienen que trazarse sobre la regla general.\u00bb <\/em>(Conf. Esp. n\u00fam. 46.)<\/p>\n<p>La redacci\u00f3n de los reglamentos iba a hacerse poco a poco, lentamente, con prudencia, teniendo en cuenta la experiencia de la vida. En la correspondencia entre ambos Fundadores encontramos primero c\u00f3mo va tomando forma el regla\u00admento para las Hermanas de los Ni\u00f1os Exp\u00f3sitos (Cf. C. II, 114; S\u00edg. II, 96). Parece que es Santa Luisa quien lo redacta y San Vicente quien lo corrige.<\/p>\n<p>Despu\u00e9s ir\u00e1n llegando los reglamentos para las Hermanas del Hospital Ge\u00adneral (H\u00f3tel-Dieu), las de los galeotes, las de la Casa Madre. Luisa de Marillac presenta a Vicente sus observaciones, por escrito (cf. Escritos. Ed. 1983, p. 731 y siguientes).<\/p>\n<p>Una Hermana expresa su deseo de tener el Reglamento para las Hermanas de las Parroquias. \u00abNuestro Muy Honorable Padre no hab\u00eda podido resolverse todav\u00eda a redactarlo por escrito\u00bb, observa Santa Luisa, el 14 de junio de 1643. Sin embargo, posiblemente a instancias suyas, en aquella misma fecha San Vi\u00adcente presenta las Reglas Comunes.<\/p>\n<p>Cada vez que env\u00eda en Misi\u00f3n a un nuevo grupo de Hermanas se hace nece\u00adsario un Reglamento especial, adaptado a los lugares y al servicio en cuesti\u00f3n. Tal es el caso de Chantilly, Le Mans&#8230;<\/p>\n<p>Terminada la redacci\u00f3n de las Reglas Comunes, Vicente de Pa\u00fal repite la necesidad de las particulares:<\/p>\n<p style=\"padding-left: 30px\">\u00abY <em>estas son vuestras reglas comunes, esto es, las que todas tienen <\/em><em>que guardar. Son comunes a todas; adem\u00e1s hay otras reglas particu\u00ad<\/em><em>lares para las Hermanas que est\u00e1n en las Parroquias de Par\u00eds y para las Hermanas que viven en las aldeas, otras para las que son maes\u00ad<\/em><em>tras de escuela, porque se trata de ocupaciones particulares.\u00bb <\/em>(Conf. Esp. n\u00fam. 2264.)<\/p>\n<h2><strong>Las reglas particulares de las Hermanas de las parroquias<\/strong><\/h2>\n<p>En las Conferencias de agosto a noviembre de 1659, San Vicente explic\u00f3 las Reglas particulares de las Hermanas de las Parroquias. Es indudable que su in\u00adtenci\u00f3n era seguir explicando las dem\u00e1s: las de Hermanas de las Aldeas, las de las Maestras de Escuela, las de la Casa Madre&#8230; Pero le falt\u00f3 tiempo para ello. En 1660 dedic\u00f3 dos Conferencias a las virtudes de Luisa de Marillac, la tercera tuvo como fin la elecci\u00f3n de las \u00abOficialas\u00bb.<\/p>\n<p>A la lectura y comentario de estas Reglas particulares de las Hermanas de las Parroquias dedic\u00f3 San Vicente cuatro Conferencias. (C. X., 659-692. Conf. Esp. nn. 2265-2314.)<\/p>\n<h3><strong>1.\u00b0 Una mirada dirigida a la realidad.<\/strong><\/h3>\n<p>Las Hermanas de las parroquias se hallan la mayor parte del tiempo fuera de casa, en medio del mundo, a menudo solas:<\/p>\n<p style=\"padding-left: 30px\">1.\u00b0 \u00abTendr\u00e1n presente que, como sus empleos las obligan a estar la mayor parte del tiempo fuera de casa y en medio del mundo, y aun a menudo solas, necesitan mayor perfecci\u00f3n que las que est\u00e1n em\u00adpleadas en los hospitales o en otros sitios semejantes, de donde no salen sino raras veces.\u00bb (Conf. Esp. n\u00fam. 2265.)<\/p>\n<h3>2.\u00b0 <strong>Como orientaci\u00f3n de vida: una gran perfecci\u00f3n.<\/strong><\/h3>\n<p>La vida consagrada vivida en medio del mundo requiere una gran perfecci\u00f3n. Un mismo amor habr\u00e1 de animar y orientar su contemplaci\u00f3n y su acci\u00f3n. La Hija de la Caridad se ha entregado por completo a Dios para servirle en los Pobres.<\/p>\n<p style=\"padding-left: 30px\">\u00ab&#8230; por eso se aplicar\u00e1n <em>con esmero a perfeccionarse <\/em>por medio de una observancia m\u00e1s estricta de sus reglamentos, sobre todo de los que les afectan m\u00e1s especialmente, como son los siguientes.\u00bb (Conf. Esp. 2265.)<\/p>\n<p style=\"padding-left: 30px\">2.\u00b0 Considerar\u00e1n que no se hallan en una religi\u00f3n, ya que este estado no conviene a los servicios de su vocaci\u00f3n. Sin embargo, como quiera que se ven m\u00e1s expuestas a las ocasiones de pecado que las religiosas obligadas a guardar clausura, puesto que tienen por <em>monasterio las casas de los enfermos <\/em>y aquella en que reside la Superiora, por <em>celda un cuarto de alquiler, por capilla la igle\u00adsia de la Parroquia, por claustro las calles de la ciudad, por clausura la obediencia, <\/em>sin que tengan que ir a otra parte m\u00e1s que a las casas de los enfermos o a los lugares necesarios para su servicio, <em>por rejas el temor de Dios, por velo la santa modestia, <\/em>y no hacen otra profesi\u00f3n para asegurar su vocaci\u00f3n m\u00e1s que esa <em>confianza <\/em>continua que tienen <em>en la Divina Providencia, y el ofrecimiento que le hacen de todo lo que son y de su ser\u00ad<\/em><em>vicio en la persona de los Pobres, <\/em>por todas estas consideracio\u00adnes deben tener tanta o m\u00e1s virtud que si fueran profesas en una orden religiosa; por eso, procurar\u00e1n portarse en todos esos lugares por lo menos con tanta modestia, recogimiento y edifica\u00adci\u00f3n como las verdaderas religiosas en su convento. (Conf. Esp. 2270.)<\/p>\n<p>Para vivir esta perfecci\u00f3n, San Vicente propone a las Hermanas de las pa\u00adrroquias cuatro medios principales:<\/p>\n<ul>\n<li>La humildad,<\/li>\n<li>la obediencia,<\/li>\n<li>la ascesis,<\/li>\n<li>la castidad.<\/li>\n<\/ul>\n<p style=\"padding-left: 30px\">\u00abPara llegar a ello es menester que se afanen en la adquisi\u00adci\u00f3n de las virtudes que les ordena su reglamento, especialmente <em>una profunda humildad, una perfecta obediencia <\/em>y un gran <em>des\u00adpego <\/em>de las criaturas, y que tomen todas las precauciones posi\u00adbles para conservar perfectamente <em>la castidad <\/em>de cuerpo y de coraz\u00f3n.\u00bb<\/p>\n<h3><strong>3.\u00b0 Una prioridad misionera<\/strong>: la asistencia espiritual a los enfermos.<\/h3>\n<p style=\"padding-left: 30px\">3.\u00b0 \u00abPensar\u00e1n a menudo <em>en el fin principal <\/em>para que Dios las ha enviado a la parroquia donde est\u00e1n, que es para <em>servir a los <\/em><em>pobres enfermos, no s\u00f3lo <\/em>corporalmente, administr\u00e1ndoles el ali\u00admento y las medicinas, <em>sino espiritualmente, <\/em>procurando que re\u00adciban dignamente y a tiempo todos los sacramentos, de suerte que los que est\u00e1n en peligro de muerte salgan en buen estado de este mundo, y los que hayan de sanar tomen la firme reso\u00adluci\u00f3n de vivir bien en adelante.\u00bb<\/p>\n<p style=\"padding-left: 30px\">4.\u00ba \u00abY para mejor procurarles este socorro espiritual, se dedicar\u00e1n a ello en la medida de sus posibilidades y del poco tiempo del que disponen y seg\u00fan lo requieran la calidad y la disposici\u00f3n de los enfermos. Pues bien, el socorro que procurar\u00e1n darles ser\u00e1 principalmente <em>consolarlos, animarlos e instruirlos en las cosas <\/em><em>necesarias para la salvaci\u00f3n, <\/em>haci\u00e9ndoles formular actos de fe, esperanza y caridad hacia Dios y hacia el pr\u00f3jimo, de contrici\u00f3n de sus pecados, de reconciliaci\u00f3n con sus enemigos, pidiendo perd\u00f3n a los que hayan ofendido, de conformidad con la volun\u00adtad de Dios, sea para sufrir, sea para morir, sea para sanar, sea para vivir, y otros actos semejante; pero no todos de una vez, <em>sino algunos cada d\u00eda <\/em>y muy brevemente, por temor a cansar\u00adles.\u00bb (Conf. Esp. n.\u00b0 2281.)<\/p>\n<p>Prioridad que no excluye el servicio corporal:<\/p>\n<p style=\"padding-left: 30px\">8.\u00b0 Por temor a que estos servicios espirituales <em>perjudiquen a los <\/em><em>corporales, <\/em>que deben prestar a los enfermos, como suceder\u00eda si por detenerse en hablar mucho con uno de ellos, hiciesen su\u00adfrir a los dem\u00e1s, por no llevarles a tiempo el alimento o las me\u00addicinas, <em>procurar\u00e1n tomar para esto sus medidas, <\/em>ordenando los ejercicios y tiempos seg\u00fan que el n\u00famero y la necesidad de los enfermos sea mayor o menor. Y como sus ocupaciones de la tarde no son tan grandes ni tan urgentes como las de la ma\u00f1ana, ocupar\u00e1n de ordinario ese tiempo en instruirles o exhortarles en la forma se\u00f1alada, particularmente cuando les llevan los re\u00admedios. (Conf. Esp. 2286.)<\/p>\n<h3><strong>4.\u00b0 Una actitud evang\u00e9lica<\/strong>: la actitud de sierva.<\/h3>\n<p>La Hija de la Caridad es una sirvienta humilde, afable, respetuosa. El servicio que presta al enfermo, miembro de Jesucristo, lo dirige a su Se\u00f1or.<\/p>\n<p style=\"padding-left: 30px\">12.\u00b0 \u00abAunque no deben ser demasiado f\u00e1ciles ni demasiado con\u00addescendientes con los enfermos, cuando \u00e9stos se nieguen a to\u00admar las medicinas, o sean muy insolentes, con todo, se guar\u00addar\u00e1n bien de tratarlos con aspereza o despreciarlos; al con\u00adtrario, los tratar\u00e1n con <em>respeto y humildad, <\/em>acord\u00e1ndose de que la rudeza o desprecio con que los traten <em>se dirigen a Nuestro <\/em><em>Se\u00f1or, <\/em>del mismo modo que el honor y servicio que puedan pres\u00adtarles.\u00bb (Conf. Esp. n.\u00b0 2298.)<\/p>\n<p>Si hacemos una r\u00e1pida comparaci\u00f3n entre el Reglamento de Angers y los Reglamentos Particulares para las Hermanas de las Parroquias, veremos c\u00f3mo San Vicente y Santa Luisa se propusieron ayudar a las primeras Hijas de la Caridad a que vivieran su misi\u00f3n particular.<\/p>\n<p>Entre ambos Reglamentos aparecen puntos de convergencia. Por ejemplo, los Fundadores insisten, tanto en uno como en el otro, en la humildad, la as\u00adcesis, la castidad.<\/p>\n<p>Pero ponen de relieve aspectos particulares:<\/p>\n<p>Trat\u00e1ndose de la Comunidad que vive en el hospital, los Fundadores se\u00f1alan la importancia de la vida fraterna en com\u00fan, insistiendo en la revisi\u00f3n de vida personal y comunitaria. Especifican tambi\u00e9n los diversos aspectos de la obediencia, porque las Hermanas est\u00e1n en relaci\u00f3n frecuente con los Administradores, m\u00e9dicos, se\u00f1oras.<\/p>\n<p>Trat\u00e1ndose de la Comunidad que vive en la parroquia, los Fundadores insis\u00adten mucho sobre la importancia de la perfecci\u00f3n personal, ya que para servir a los Pobres las Hermanas han de ir por todas partes. Tambi\u00e9n ponen de relieve el valor del servicio espiritual, aunque la prioridad dada a la evangelizaci\u00f3n no sea exclusiva de ellas.<\/p>\n<p>Tanto en uno como en otro Reglamento la identidad de la Hija de la Caridad queda perfectamente destacada: \u00abTotalmente entregada a Dios para servirle en sus miembros dolientes.\u00bb<\/p>\n<p>Vicente de Pa\u00fal en sus Conferencias, y la Se\u00f1orita en sus cartas, procla\u00adman con frecuencia la importancia de la fidelidad al reglamento. De esa fideli\u00addad depende tanto el mantenimiento del servicio a los Pobres, como el porvenir de la Compa\u00f1\u00eda.<\/p>\n","protected":false},"excerpt":{"rendered":"<p>S\u00f3lo unos meses despu\u00e9s de la fundaci\u00f3n de la Compa\u00f1\u00eda, el 31 de julio de 1634, Vicente de Paul explicaba a las doce Hermanas que le rodeaban: \u00abMis buenas hijas: el \u00faltimo d\u00eda en que &#8230; <a href=\"http:\/\/vincentians.com\/es\/en-tiempo-de-los-fundadores-los-reglamentos\/\" class=\"more-link\">Read More<\/a><\/p>\n","protected":false},"author":4,"featured_media":399748,"comment_status":"open","ping_status":"open","sticky":false,"template":"","format":"standard","meta":{"jetpack_post_was_ever_published":false,"_jetpack_newsletter_access":"","_jetpack_dont_email_post_to_subs":false,"_jetpack_newsletter_tier_id":0,"_jetpack_memberships_contains_paywalled_content":false,"_jetpack_memberships_contains_paid_content":false,"footnotes":"","jetpack_publicize_message":"","jetpack_publicize_feature_enabled":true,"jetpack_social_post_already_shared":true,"jetpack_social_options":{"image_generator_settings":{"template":"highway","default_image_id":0,"font":"","enabled":false},"version":2}},"categories":[17,199],"tags":[],"class_list":["post-54263","post","type-post","status-publish","format-standard","has-post-thumbnail","hentry","category-en-tiempos-de-vicente-de-paul","category-hijas-de-la-caridad"],"yoast_head":"<!-- This site is optimized with the Yoast SEO plugin v26.3 - https:\/\/yoast.com\/wordpress\/plugins\/seo\/ -->\n<title>En tiempo de los Fundadores: los Reglamentos - Somos Vicencianos<\/title>\n<meta name=\"robots\" content=\"index, follow, max-snippet:-1, max-image-preview:large, max-video-preview:-1\" \/>\n<link rel=\"canonical\" href=\"http:\/\/vincentians.com\/es\/en-tiempo-de-los-fundadores-los-reglamentos\/\" \/>\n<meta property=\"og:locale\" content=\"es_ES\" \/>\n<meta property=\"og:type\" content=\"article\" \/>\n<meta property=\"og:title\" content=\"En tiempo de los Fundadores: los Reglamentos - Somos Vicencianos\" \/>\n<meta property=\"og:description\" content=\"S\u00f3lo unos meses despu\u00e9s de la fundaci\u00f3n de la Compa\u00f1\u00eda, el 31 de julio de 1634, Vicente de Paul explicaba a las doce Hermanas que le rodeaban: \u00abMis buenas hijas: el \u00faltimo d\u00eda en que ... Read More\" \/>\n<meta property=\"og:url\" content=\"http:\/\/vincentians.com\/es\/en-tiempo-de-los-fundadores-los-reglamentos\/\" \/>\n<meta property=\"og:site_name\" content=\"Somos Vicencianos\" \/>\n<meta property=\"article:publisher\" content=\"https:\/\/www.facebook.com\/WeAreVincentians\/\" \/>\n<meta property=\"article:author\" content=\"https:\/\/www.facebook.com\/JavierChento\" \/>\n<meta property=\"article:published_time\" content=\"2019-06-15T06:15:10+00:00\" \/>\n<meta property=\"og:image\" content=\"https:\/\/i0.wp.com\/vincentians.com\/es\/wp-content\/uploads\/sites\/11\/2016\/08\/con-damas-de-la-caridad.jpg?fit=1200%2C630\" \/>\n\t<meta property=\"og:image:width\" content=\"1200\" \/>\n\t<meta property=\"og:image:height\" content=\"630\" \/>\n\t<meta property=\"og:image:type\" content=\"image\/jpeg\" \/>\n<meta name=\"author\" content=\"Francisco Javier Fern\u00e1ndez Chento\" \/>\n<meta name=\"twitter:card\" content=\"summary_large_image\" \/>\n<meta name=\"twitter:creator\" content=\"@https:\/\/twitter.com\/javierchento\" \/>\n<meta name=\"twitter:site\" content=\"@WeVincentians\" \/>\n<meta name=\"twitter:label1\" content=\"Escrito por\" \/>\n\t<meta name=\"twitter:data1\" content=\"Francisco Javier Fern\u00e1ndez Chento\" \/>\n\t<meta name=\"twitter:label2\" content=\"Tiempo de lectura\" \/>\n\t<meta name=\"twitter:data2\" content=\"17 minutos\" \/>\n<script type=\"application\/ld+json\" class=\"yoast-schema-graph\">{\"@context\":\"https:\/\/schema.org\",\"@graph\":[{\"@type\":\"Article\",\"@id\":\"http:\/\/vincentians.com\/es\/en-tiempo-de-los-fundadores-los-reglamentos\/#article\",\"isPartOf\":{\"@id\":\"http:\/\/vincentians.com\/es\/en-tiempo-de-los-fundadores-los-reglamentos\/\"},\"author\":{\"name\":\"Francisco Javier Fern\u00e1ndez Chento\",\"@id\":\"http:\/\/vincentians.com\/es\/#\/schema\/person\/9623ef4d9aa3b2dfb8c061f1499288f2\"},\"headline\":\"En tiempo de los Fundadores: los Reglamentos\",\"datePublished\":\"2019-06-15T06:15:10+00:00\",\"mainEntityOfPage\":{\"@id\":\"http:\/\/vincentians.com\/es\/en-tiempo-de-los-fundadores-los-reglamentos\/\"},\"wordCount\":3418,\"commentCount\":0,\"publisher\":{\"@id\":\"http:\/\/vincentians.com\/es\/#organization\"},\"image\":{\"@id\":\"http:\/\/vincentians.com\/es\/en-tiempo-de-los-fundadores-los-reglamentos\/#primaryimage\"},\"thumbnailUrl\":\"https:\/\/i0.wp.com\/vincentians.com\/es\/wp-content\/uploads\/sites\/11\/2016\/08\/con-damas-de-la-caridad.jpg?fit=1200%2C630\",\"articleSection\":[\"En tiempos de Vicente de Pa\u00fal\",\"Hijas de la Caridad\"],\"inLanguage\":\"es\",\"potentialAction\":[{\"@type\":\"CommentAction\",\"name\":\"Comment\",\"target\":[\"http:\/\/vincentians.com\/es\/en-tiempo-de-los-fundadores-los-reglamentos\/#respond\"]}]},{\"@type\":\"WebPage\",\"@id\":\"http:\/\/vincentians.com\/es\/en-tiempo-de-los-fundadores-los-reglamentos\/\",\"url\":\"http:\/\/vincentians.com\/es\/en-tiempo-de-los-fundadores-los-reglamentos\/\",\"name\":\"En tiempo de los Fundadores: los Reglamentos - Somos Vicencianos\",\"isPartOf\":{\"@id\":\"http:\/\/vincentians.com\/es\/#website\"},\"primaryImageOfPage\":{\"@id\":\"http:\/\/vincentians.com\/es\/en-tiempo-de-los-fundadores-los-reglamentos\/#primaryimage\"},\"image\":{\"@id\":\"http:\/\/vincentians.com\/es\/en-tiempo-de-los-fundadores-los-reglamentos\/#primaryimage\"},\"thumbnailUrl\":\"https:\/\/i0.wp.com\/vincentians.com\/es\/wp-content\/uploads\/sites\/11\/2016\/08\/con-damas-de-la-caridad.jpg?fit=1200%2C630\",\"datePublished\":\"2019-06-15T06:15:10+00:00\",\"breadcrumb\":{\"@id\":\"http:\/\/vincentians.com\/es\/en-tiempo-de-los-fundadores-los-reglamentos\/#breadcrumb\"},\"inLanguage\":\"es\",\"potentialAction\":[{\"@type\":\"ReadAction\",\"target\":[\"http:\/\/vincentians.com\/es\/en-tiempo-de-los-fundadores-los-reglamentos\/\"]}]},{\"@type\":\"ImageObject\",\"inLanguage\":\"es\",\"@id\":\"http:\/\/vincentians.com\/es\/en-tiempo-de-los-fundadores-los-reglamentos\/#primaryimage\",\"url\":\"https:\/\/i0.wp.com\/vincentians.com\/es\/wp-content\/uploads\/sites\/11\/2016\/08\/con-damas-de-la-caridad.jpg?fit=1200%2C630\",\"contentUrl\":\"https:\/\/i0.wp.com\/vincentians.com\/es\/wp-content\/uploads\/sites\/11\/2016\/08\/con-damas-de-la-caridad.jpg?fit=1200%2C630\",\"width\":1200,\"height\":630},{\"@type\":\"BreadcrumbList\",\"@id\":\"http:\/\/vincentians.com\/es\/en-tiempo-de-los-fundadores-los-reglamentos\/#breadcrumb\",\"itemListElement\":[{\"@type\":\"ListItem\",\"position\":1,\"name\":\"Portada\",\"item\":\"http:\/\/vincentians.com\/es\/\"},{\"@type\":\"ListItem\",\"position\":2,\"name\":\"En tiempo de los Fundadores: los Reglamentos\"}]},{\"@type\":\"WebSite\",\"@id\":\"http:\/\/vincentians.com\/es\/#website\",\"url\":\"http:\/\/vincentians.com\/es\/\",\"name\":\"Somos Vicencianos\",\"description\":\"Know more to serve more\",\"publisher\":{\"@id\":\"http:\/\/vincentians.com\/es\/#organization\"},\"potentialAction\":[{\"@type\":\"SearchAction\",\"target\":{\"@type\":\"EntryPoint\",\"urlTemplate\":\"http:\/\/vincentians.com\/es\/?s={search_term_string}\"},\"query-input\":{\"@type\":\"PropertyValueSpecification\",\"valueRequired\":true,\"valueName\":\"search_term_string\"}}],\"inLanguage\":\"es\"},{\"@type\":\"Organization\",\"@id\":\"http:\/\/vincentians.com\/es\/#organization\",\"name\":\"The Vincentian Network\",\"url\":\"http:\/\/vincentians.com\/es\/\",\"logo\":{\"@type\":\"ImageObject\",\"inLanguage\":\"es\",\"@id\":\"http:\/\/vincentians.com\/es\/#\/schema\/logo\/image\/\",\"url\":\"https:\/\/i1.wp.com\/vincentians.com\/es\/wp-content\/uploads\/sites\/11\/2016\/06\/Vincentian-Network-logo-big.png?fit=778%2C778\",\"contentUrl\":\"https:\/\/i1.wp.com\/vincentians.com\/es\/wp-content\/uploads\/sites\/11\/2016\/06\/Vincentian-Network-logo-big.png?fit=778%2C778\",\"width\":778,\"height\":778,\"caption\":\"The Vincentian Network\"},\"image\":{\"@id\":\"http:\/\/vincentians.com\/es\/#\/schema\/logo\/image\/\"},\"sameAs\":[\"https:\/\/www.facebook.com\/WeAreVincentians\/\",\"https:\/\/x.com\/WeVincentians\"]},{\"@type\":\"Person\",\"@id\":\"http:\/\/vincentians.com\/es\/#\/schema\/person\/9623ef4d9aa3b2dfb8c061f1499288f2\",\"name\":\"Francisco Javier Fern\u00e1ndez Chento\",\"image\":{\"@type\":\"ImageObject\",\"inLanguage\":\"es\",\"@id\":\"http:\/\/vincentians.com\/es\/#\/schema\/person\/image\/\",\"url\":\"https:\/\/secure.gravatar.com\/avatar\/497d5cde87b4c3d097d0315953521681ba2cd523ee66e5077c3711f7021e65de?s=96&d=mm&r=g\",\"contentUrl\":\"https:\/\/secure.gravatar.com\/avatar\/497d5cde87b4c3d097d0315953521681ba2cd523ee66e5077c3711f7021e65de?s=96&d=mm&r=g\",\"caption\":\"Francisco Javier Fern\u00e1ndez Chento\"},\"description\":\"Director General y cofundador de La Red de Formaci\u00f3n Vicenciana. Javier es laico vicenciano, afiliado a la Congregaci\u00f3n de la Misi\u00f3n y miembro del Equipo de Misiones Populares de la provincia can\u00f3nica de Zaragoza (Espa\u00f1a) de la Congregaci\u00f3n de la Misi\u00f3n. Graduado en la Universidad Oberta de Catalunya con cuatro grados (Asistente de direcci\u00f3n, Gesti\u00f3n Administrativa, Recursos Humanos y Contabilidad Avanzada). Bil\u00edng\u00fce Espa\u00f1ol\/Ingl\u00e9s. gestiona y mantiene varias p\u00e1ginas web cristianas y vicencianas, incluida including La Red de Formaci\u00f3n Vicenciana, de la que es cofundador. Actualmente es responsable del \u00e1rea de Espa\u00f1ol de .famvin, la Red de Noticias de la Familia Vicenciana. Tambi\u00e9n es m\u00fasico cat\u00f3lico y ha editado varios discos. Es Director General y cofundador de Trovador, una reconocida compa\u00f1\u00eda discogr\u00e1fica critiana de Espa\u00f1a. Trabaja en las Tecnolog\u00edas de la Informaci\u00f3n, ofreciendo servicios de alojamiento, dise\u00f1o y mantenimiento Web, as\u00ed como asesoramiento, formaci\u00f3n y soluciones inform\u00e1ticas, gesti\u00f3n documental y digitalizaci\u00f3n de textos, edici\u00f3n y maquetaci\u00f3n de libros, revistas, flyers, etc.\",\"sameAs\":[\"http:\/\/chento.org\",\"https:\/\/www.facebook.com\/JavierChento\",\"https:\/\/x.com\/https:\/\/twitter.com\/javierchento\"],\"url\":\"http:\/\/vincentians.com\/es\/author\/chento\/\"}]}<\/script>\n<!-- \/ Yoast SEO plugin. -->","yoast_head_json":{"title":"En tiempo de los Fundadores: los Reglamentos - Somos Vicencianos","robots":{"index":"index","follow":"follow","max-snippet":"max-snippet:-1","max-image-preview":"max-image-preview:large","max-video-preview":"max-video-preview:-1"},"canonical":"http:\/\/vincentians.com\/es\/en-tiempo-de-los-fundadores-los-reglamentos\/","og_locale":"es_ES","og_type":"article","og_title":"En tiempo de los Fundadores: los Reglamentos - Somos Vicencianos","og_description":"S\u00f3lo unos meses despu\u00e9s de la fundaci\u00f3n de la Compa\u00f1\u00eda, el 31 de julio de 1634, Vicente de Paul explicaba a las doce Hermanas que le rodeaban: \u00abMis buenas hijas: el \u00faltimo d\u00eda en que ... Read More","og_url":"http:\/\/vincentians.com\/es\/en-tiempo-de-los-fundadores-los-reglamentos\/","og_site_name":"Somos Vicencianos","article_publisher":"https:\/\/www.facebook.com\/WeAreVincentians\/","article_author":"https:\/\/www.facebook.com\/JavierChento","article_published_time":"2019-06-15T06:15:10+00:00","og_image":[{"width":1200,"height":630,"url":"https:\/\/i0.wp.com\/vincentians.com\/es\/wp-content\/uploads\/sites\/11\/2016\/08\/con-damas-de-la-caridad.jpg?fit=1200%2C630","type":"image\/jpeg"}],"author":"Francisco Javier Fern\u00e1ndez Chento","twitter_card":"summary_large_image","twitter_creator":"@https:\/\/twitter.com\/javierchento","twitter_site":"@WeVincentians","twitter_misc":{"Escrito por":"Francisco Javier Fern\u00e1ndez Chento","Tiempo de lectura":"17 minutos"},"schema":{"@context":"https:\/\/schema.org","@graph":[{"@type":"Article","@id":"http:\/\/vincentians.com\/es\/en-tiempo-de-los-fundadores-los-reglamentos\/#article","isPartOf":{"@id":"http:\/\/vincentians.com\/es\/en-tiempo-de-los-fundadores-los-reglamentos\/"},"author":{"name":"Francisco Javier Fern\u00e1ndez Chento","@id":"http:\/\/vincentians.com\/es\/#\/schema\/person\/9623ef4d9aa3b2dfb8c061f1499288f2"},"headline":"En tiempo de los Fundadores: los Reglamentos","datePublished":"2019-06-15T06:15:10+00:00","mainEntityOfPage":{"@id":"http:\/\/vincentians.com\/es\/en-tiempo-de-los-fundadores-los-reglamentos\/"},"wordCount":3418,"commentCount":0,"publisher":{"@id":"http:\/\/vincentians.com\/es\/#organization"},"image":{"@id":"http:\/\/vincentians.com\/es\/en-tiempo-de-los-fundadores-los-reglamentos\/#primaryimage"},"thumbnailUrl":"https:\/\/i0.wp.com\/vincentians.com\/es\/wp-content\/uploads\/sites\/11\/2016\/08\/con-damas-de-la-caridad.jpg?fit=1200%2C630","articleSection":["En tiempos de Vicente de Pa\u00fal","Hijas de la Caridad"],"inLanguage":"es","potentialAction":[{"@type":"CommentAction","name":"Comment","target":["http:\/\/vincentians.com\/es\/en-tiempo-de-los-fundadores-los-reglamentos\/#respond"]}]},{"@type":"WebPage","@id":"http:\/\/vincentians.com\/es\/en-tiempo-de-los-fundadores-los-reglamentos\/","url":"http:\/\/vincentians.com\/es\/en-tiempo-de-los-fundadores-los-reglamentos\/","name":"En tiempo de los Fundadores: los Reglamentos - Somos Vicencianos","isPartOf":{"@id":"http:\/\/vincentians.com\/es\/#website"},"primaryImageOfPage":{"@id":"http:\/\/vincentians.com\/es\/en-tiempo-de-los-fundadores-los-reglamentos\/#primaryimage"},"image":{"@id":"http:\/\/vincentians.com\/es\/en-tiempo-de-los-fundadores-los-reglamentos\/#primaryimage"},"thumbnailUrl":"https:\/\/i0.wp.com\/vincentians.com\/es\/wp-content\/uploads\/sites\/11\/2016\/08\/con-damas-de-la-caridad.jpg?fit=1200%2C630","datePublished":"2019-06-15T06:15:10+00:00","breadcrumb":{"@id":"http:\/\/vincentians.com\/es\/en-tiempo-de-los-fundadores-los-reglamentos\/#breadcrumb"},"inLanguage":"es","potentialAction":[{"@type":"ReadAction","target":["http:\/\/vincentians.com\/es\/en-tiempo-de-los-fundadores-los-reglamentos\/"]}]},{"@type":"ImageObject","inLanguage":"es","@id":"http:\/\/vincentians.com\/es\/en-tiempo-de-los-fundadores-los-reglamentos\/#primaryimage","url":"https:\/\/i0.wp.com\/vincentians.com\/es\/wp-content\/uploads\/sites\/11\/2016\/08\/con-damas-de-la-caridad.jpg?fit=1200%2C630","contentUrl":"https:\/\/i0.wp.com\/vincentians.com\/es\/wp-content\/uploads\/sites\/11\/2016\/08\/con-damas-de-la-caridad.jpg?fit=1200%2C630","width":1200,"height":630},{"@type":"BreadcrumbList","@id":"http:\/\/vincentians.com\/es\/en-tiempo-de-los-fundadores-los-reglamentos\/#breadcrumb","itemListElement":[{"@type":"ListItem","position":1,"name":"Portada","item":"http:\/\/vincentians.com\/es\/"},{"@type":"ListItem","position":2,"name":"En tiempo de los Fundadores: los Reglamentos"}]},{"@type":"WebSite","@id":"http:\/\/vincentians.com\/es\/#website","url":"http:\/\/vincentians.com\/es\/","name":"Somos Vicencianos","description":"Know more to serve more","publisher":{"@id":"http:\/\/vincentians.com\/es\/#organization"},"potentialAction":[{"@type":"SearchAction","target":{"@type":"EntryPoint","urlTemplate":"http:\/\/vincentians.com\/es\/?s={search_term_string}"},"query-input":{"@type":"PropertyValueSpecification","valueRequired":true,"valueName":"search_term_string"}}],"inLanguage":"es"},{"@type":"Organization","@id":"http:\/\/vincentians.com\/es\/#organization","name":"The Vincentian Network","url":"http:\/\/vincentians.com\/es\/","logo":{"@type":"ImageObject","inLanguage":"es","@id":"http:\/\/vincentians.com\/es\/#\/schema\/logo\/image\/","url":"https:\/\/i1.wp.com\/vincentians.com\/es\/wp-content\/uploads\/sites\/11\/2016\/06\/Vincentian-Network-logo-big.png?fit=778%2C778","contentUrl":"https:\/\/i1.wp.com\/vincentians.com\/es\/wp-content\/uploads\/sites\/11\/2016\/06\/Vincentian-Network-logo-big.png?fit=778%2C778","width":778,"height":778,"caption":"The Vincentian Network"},"image":{"@id":"http:\/\/vincentians.com\/es\/#\/schema\/logo\/image\/"},"sameAs":["https:\/\/www.facebook.com\/WeAreVincentians\/","https:\/\/x.com\/WeVincentians"]},{"@type":"Person","@id":"http:\/\/vincentians.com\/es\/#\/schema\/person\/9623ef4d9aa3b2dfb8c061f1499288f2","name":"Francisco Javier Fern\u00e1ndez Chento","image":{"@type":"ImageObject","inLanguage":"es","@id":"http:\/\/vincentians.com\/es\/#\/schema\/person\/image\/","url":"https:\/\/secure.gravatar.com\/avatar\/497d5cde87b4c3d097d0315953521681ba2cd523ee66e5077c3711f7021e65de?s=96&d=mm&r=g","contentUrl":"https:\/\/secure.gravatar.com\/avatar\/497d5cde87b4c3d097d0315953521681ba2cd523ee66e5077c3711f7021e65de?s=96&d=mm&r=g","caption":"Francisco Javier Fern\u00e1ndez Chento"},"description":"Director General y cofundador de La Red de Formaci\u00f3n Vicenciana. Javier es laico vicenciano, afiliado a la Congregaci\u00f3n de la Misi\u00f3n y miembro del Equipo de Misiones Populares de la provincia can\u00f3nica de Zaragoza (Espa\u00f1a) de la Congregaci\u00f3n de la Misi\u00f3n. Graduado en la Universidad Oberta de Catalunya con cuatro grados (Asistente de direcci\u00f3n, Gesti\u00f3n Administrativa, Recursos Humanos y Contabilidad Avanzada). Bil\u00edng\u00fce Espa\u00f1ol\/Ingl\u00e9s. gestiona y mantiene varias p\u00e1ginas web cristianas y vicencianas, incluida including La Red de Formaci\u00f3n Vicenciana, de la que es cofundador. Actualmente es responsable del \u00e1rea de Espa\u00f1ol de .famvin, la Red de Noticias de la Familia Vicenciana. Tambi\u00e9n es m\u00fasico cat\u00f3lico y ha editado varios discos. Es Director General y cofundador de Trovador, una reconocida compa\u00f1\u00eda discogr\u00e1fica critiana de Espa\u00f1a. Trabaja en las Tecnolog\u00edas de la Informaci\u00f3n, ofreciendo servicios de alojamiento, dise\u00f1o y mantenimiento Web, as\u00ed como asesoramiento, formaci\u00f3n y soluciones inform\u00e1ticas, gesti\u00f3n documental y digitalizaci\u00f3n de textos, edici\u00f3n y maquetaci\u00f3n de libros, revistas, flyers, etc.","sameAs":["http:\/\/chento.org","https:\/\/www.facebook.com\/JavierChento","https:\/\/x.com\/https:\/\/twitter.com\/javierchento"],"url":"http:\/\/vincentians.com\/es\/author\/chento\/"}]}},"jetpack_publicize_connections":[],"jetpack_featured_media_url":"https:\/\/i0.wp.com\/vincentians.com\/es\/wp-content\/uploads\/sites\/11\/2016\/08\/con-damas-de-la-caridad.jpg?fit=1200%2C630","jetpack_sharing_enabled":true,"jetpack_shortlink":"https:\/\/wp.me\/p7ETMF-e7d","jetpack-related-posts":[{"id":143274,"url":"http:\/\/vincentians.com\/es\/la-hija-de-la-caridad-docente-segun-san-vicente\/","url_meta":{"origin":54263,"position":0},"title":"La Hija de la Caridad docente, seg\u00fan san Vicente","author":"Francisco Javier Fern\u00e1ndez Chento","date":"17\/04\/2015","format":false,"excerpt":"Antes de reflexionar sobre el tema \u201cLa Hija de la Caridad docente\u201d, convendr\u00eda evocar la experiencia de estudiante y de docente de san Vicente, al menos por dos razones: Vicente de Pa\u00fal siempre dio una importancia capital a la experiencia; y todo lo que vivi\u00f3 como estudiante, luego como docente,\u2026","rel":"","context":"En \u00abHijas de la Caridad\u00bb","block_context":{"text":"Hijas de la Caridad","link":"http:\/\/vincentians.com\/es\/category\/la-familia-vicenciana\/ramas\/hijas-de-la-caridad\/"},"img":{"alt_text":"cochoapa+practica+prof+108","src":"https:\/\/i0.wp.com\/vicencianos.org\/wp-content\/2015\/04\/cochoapa-practica-prof-108-300x225.jpg?resize=350%2C200","width":350,"height":200},"classes":[]},{"id":387215,"url":"http:\/\/vincentians.com\/es\/las-hijas-de-la-caridad-2\/","url_meta":{"origin":54263,"position":1},"title":"Las Hijas de la Caridad","author":"Mitxel Olabu\u00e9naga","date":"16\/03\/2016","format":false,"excerpt":"Evoluci\u00f3n de las Caridades Aunque las Caridades estaban fundadas desde 1617, los dos cantos las van a perfeccionar, acomod\u00e1ndolas a la realidad concreta de las se\u00f1oras de Paris y a los pobres de la ciudad. Sin cambiar ni el fin ni la naturaleza, las Caridades de Vicente de Pa\u00fal evolucionaron\u2026","rel":"","context":"En \u00abHistoria de las Hijas de la Caridad\u00bb","block_context":{"text":"Historia de las Hijas de la Caridad","link":"http:\/\/vincentians.com\/es\/category\/historia-de-la-familia-vicenciana\/historia-de-las-hijas-de-la-caridad\/"},"img":{"alt_text":"HIjas-Caridad","src":"https:\/\/i0.wp.com\/vicencianos.org\/wp-content\/uploads\/2016\/03\/HIjas-Caridad-300x150.jpg?resize=350%2C200","width":350,"height":200},"classes":[]},{"id":125956,"url":"http:\/\/vincentians.com\/es\/las-hijas-de-la-caridad\/","url_meta":{"origin":54263,"position":2},"title":"Las Hijas de la Caridad","author":"Francisco Javier Fern\u00e1ndez Chento","date":"07\/12\/2013","format":false,"excerpt":"Evoluci\u00f3n de las Caridades Aunque las Caridades estaban fundadas desde 1617, los dos santos las van a perfec\u00adcionar, acomod\u00e1ndolas a la realidad concreta de las se\u00f1oras de Par\u00eds y a los pobres de la ciudad. Sin cambiar ni el fin ni la naturaleza, las Caridades de Vicente de Pa\u00fal evolucio\u00adnaron\u2026","rel":"","context":"En \u00abLuisa de Marillac\u00bb","block_context":{"text":"Luisa de Marillac","link":"http:\/\/vincentians.com\/es\/category\/la-familia-vicenciana\/fundadores\/luisa-de-marillac\/"},"img":{"alt_text":"Santa Luisa de Marillac","src":"https:\/\/i0.wp.com\/vicencianos.org\/wp-content\/2013\/09\/santaluisa3.jpg?resize=350%2C200","width":350,"height":200},"classes":[]},{"id":128927,"url":"http:\/\/vincentians.com\/es\/santa-luisa-de-marillac-una-mujer-para-nuestro-tiempo\/","url_meta":{"origin":54263,"position":3},"title":"Santa Luisa de Marillac, una mujer para nuestro tiempo","author":"Francisco Javier Fern\u00e1ndez Chento","date":"09\/05\/2025","format":false,"excerpt":"\"Hoy m\u00e1s que nunca , necesitamos, para vivir en esperanza, mirar las estrellas\" E. Tarac\u00f2n. Luisa de Marillac ha sido, es y sigue siendo en la Iglesia una estrella de primera magnitud por la luminosidad de su vida espiritual, por el brillo de su caridad y por el equilibrio y\u2026","rel":"","context":"En \u00abLuisa de Marillac\u00bb","block_context":{"text":"Luisa de Marillac","link":"http:\/\/vincentians.com\/es\/category\/la-familia-vicenciana\/fundadores\/luisa-de-marillac\/"},"img":{"alt_text":"","src":"https:\/\/i0.wp.com\/vincentians.com\/es\/wp-content\/uploads\/sites\/11\/2017\/10\/hijas-caridad1.jpg?fit=846%2C446&resize=350%2C200","width":350,"height":200,"srcset":"https:\/\/i0.wp.com\/vincentians.com\/es\/wp-content\/uploads\/sites\/11\/2017\/10\/hijas-caridad1.jpg?fit=846%2C446&resize=350%2C200 1x, https:\/\/i0.wp.com\/vincentians.com\/es\/wp-content\/uploads\/sites\/11\/2017\/10\/hijas-caridad1.jpg?fit=846%2C446&resize=525%2C300 1.5x, https:\/\/i0.wp.com\/vincentians.com\/es\/wp-content\/uploads\/sites\/11\/2017\/10\/hijas-caridad1.jpg?fit=846%2C446&resize=700%2C400 2x"},"classes":[]},{"id":399977,"url":"http:\/\/vincentians.com\/es\/espiritu-vicenciano-e-identidad\/","url_meta":{"origin":54263,"position":4},"title":"Esp\u00edritu vicenciano e identidad","author":"Francisco Javier Fern\u00e1ndez Chento","date":"11\/09\/2016","format":false,"excerpt":"Introducci\u00f3n Al comenzar esta reflexi\u00f3n viene a mi mente la memoria de un he\u00adcho notorio en mi vida: la expedici\u00f3n de mi carnet de identidad. Ten\u00eda 16 a\u00f1os. Mi estatura era casi la actual. Los rasgos de mi personalidad, tipo y aspecto exterior estaban ya bastante perfilados... La mayor\u00eda de\u2026","rel":"","context":"En \u00abEspiritualidad vicenciana\u00bb","block_context":{"text":"Espiritualidad vicenciana","link":"http:\/\/vincentians.com\/es\/category\/espiritualidad\/espiritualidad-vicenciana\/"},"img":{"alt_text":"","src":"https:\/\/i0.wp.com\/vincentians.com\/es\/wp-content\/uploads\/sites\/11\/2016\/09\/identidad.jpg?fit=1200%2C630&resize=350%2C200","width":350,"height":200,"srcset":"https:\/\/i0.wp.com\/vincentians.com\/es\/wp-content\/uploads\/sites\/11\/2016\/09\/identidad.jpg?fit=1200%2C630&resize=350%2C200 1x, https:\/\/i0.wp.com\/vincentians.com\/es\/wp-content\/uploads\/sites\/11\/2016\/09\/identidad.jpg?fit=1200%2C630&resize=525%2C300 1.5x, https:\/\/i0.wp.com\/vincentians.com\/es\/wp-content\/uploads\/sites\/11\/2016\/09\/identidad.jpg?fit=1200%2C630&resize=700%2C400 2x, https:\/\/i0.wp.com\/vincentians.com\/es\/wp-content\/uploads\/sites\/11\/2016\/09\/identidad.jpg?fit=1200%2C630&resize=1050%2C600 3x"},"classes":[]},{"id":130444,"url":"http:\/\/vincentians.com\/es\/un-perfil-heroico-santa-luisa-de-marillac-19\/","url_meta":{"origin":54263,"position":5},"title":"Un perfil heroico: santa Luisa de Marillac (19)","author":"Francisco Javier Fern\u00e1ndez Chento","date":"13\/03\/2015","format":false,"excerpt":"Y pondr\u00e9 mi esp\u00edritu en vosotros, y har\u00e9 que guard\u00e9is mis preceptos. Y vosotros ser\u00e9is el pueblo m\u00edo, y yo ser\u00e9 vuestro Dios. (Ezequiel, XXXVI.) VICENTE de Pa\u00fal, cuyo coraz\u00f3n se regocijaba santamente al contemplar las bellas disposiciones de esp\u00edritu de las Hijas de la Caridad, y los frutos copiosos\u2026","rel":"","context":"En \u00abLuisa de Marillac\u00bb","block_context":{"text":"Luisa de Marillac","link":"http:\/\/vincentians.com\/es\/category\/la-familia-vicenciana\/fundadores\/luisa-de-marillac\/"},"img":{"alt_text":"OLYMPUS DIGITAL CAMERA","src":"https:\/\/i0.wp.com\/vicencianos.org\/wp-content\/2014\/04\/louise-marillac-300x248.jpg?resize=350%2C200","width":350,"height":200},"classes":[]}],"_links":{"self":[{"href":"http:\/\/vincentians.com\/es\/wp-json\/wp\/v2\/posts\/54263","targetHints":{"allow":["GET"]}}],"collection":[{"href":"http:\/\/vincentians.com\/es\/wp-json\/wp\/v2\/posts"}],"about":[{"href":"http:\/\/vincentians.com\/es\/wp-json\/wp\/v2\/types\/post"}],"author":[{"embeddable":true,"href":"http:\/\/vincentians.com\/es\/wp-json\/wp\/v2\/users\/4"}],"replies":[{"embeddable":true,"href":"http:\/\/vincentians.com\/es\/wp-json\/wp\/v2\/comments?post=54263"}],"version-history":[{"count":1,"href":"http:\/\/vincentians.com\/es\/wp-json\/wp\/v2\/posts\/54263\/revisions"}],"predecessor-version":[{"id":402325,"href":"http:\/\/vincentians.com\/es\/wp-json\/wp\/v2\/posts\/54263\/revisions\/402325"}],"wp:featuredmedia":[{"embeddable":true,"href":"http:\/\/vincentians.com\/es\/wp-json\/wp\/v2\/media\/399748"}],"wp:attachment":[{"href":"http:\/\/vincentians.com\/es\/wp-json\/wp\/v2\/media?parent=54263"}],"wp:term":[{"taxonomy":"category","embeddable":true,"href":"http:\/\/vincentians.com\/es\/wp-json\/wp\/v2\/categories?post=54263"},{"taxonomy":"post_tag","embeddable":true,"href":"http:\/\/vincentians.com\/es\/wp-json\/wp\/v2\/tags?post=54263"}],"curies":[{"name":"wp","href":"https:\/\/api.w.org\/{rel}","templated":true}]}}