{"id":53981,"date":"2019-07-29T08:15:34","date_gmt":"2019-07-29T06:15:34","guid":{"rendered":"http:\/\/somos.vicencianos.org\/?p=53981"},"modified":"2019-06-07T09:20:07","modified_gmt":"2019-06-07T07:20:07","slug":"carta-apostolica-porta-fidei","status":"publish","type":"post","link":"http:\/\/vincentians.com\/es\/carta-apostolica-porta-fidei\/","title":{"rendered":"Carta apost\u00f3lica \u00abPorta Fidei\u00bb"},"content":{"rendered":"<p>&nbsp;<\/p>\n<p style=\"text-align: right\"><strong><em>\u00abQue la fe sea compa\u00f1era de vida, compromiso a convertirnos<br \/>\nen un signo vivo de la presencia de Cristo resucitado en el mundo\u00bb.<\/em><\/strong><\/p>\n<p>El d\u00eda 11 de octubre, el Santo Padre, el Papa <strong>Benedicto XVI<\/strong> proclama el A\u00f1o de la Fe, que ha comenzado coincidiendo con el <strong>50 Aniversario del Concilio Vaticano II<\/strong>, y se prolongar\u00e1 hasta el 24 de noviembre de 2013.<\/p>\n<p>El objetivo es dar <strong><em>\u00abun renovado impulso a la misi\u00f3n de la Iglesia\u00bb<\/em><\/strong> para que el testimonio de los creyentes sea cada vez m\u00e1s cre\u00edble a trav\u00e9s del \u00abcompromiso p\u00fablico\u00bb, para la renovaci\u00f3n de la Iglesia y para redescubrir y estudiar los contenidos fundamentales de la fe.<\/p>\n<p>En la Celebraci\u00f3n Eucar\u00edstica anunciaba que ha decidido convocar un \u00abA\u00f1o de la Fe\u00bb que ilustrar\u00e9 con una carta apost\u00f3lica especial. Ser\u00e1 un momento de <strong>gracia y de compromiso por una conversi\u00f3n a Dios<\/strong> cada vez m\u00e1s plena, para <strong>reforzar nuestra fe<\/strong> en \u00c9l y para <strong>anunciarlo con alegr\u00eda<\/strong> al hombre de nuestro tiempo.<\/p>\n<h3><strong><em>Objetivos del A\u00f1o de la fe<\/em><\/strong><\/h3>\n<p>Los objetivos los encontramos los dos documentos con los que fueron convocados los dos a\u00f1os de la fe despu\u00e9s del Concilio Vaticano II: el de Pablo VI (1967) y ahora el de Benedicto XVI:<\/p>\n<ol>\n<li>\u00abPara confirmar nuestra fe rectamente expresada\u00bb (Pablo VI), \u00abredescubrir los contenidos de la fe profesada, celebrada, vivida y rezada\u00bb (Benedicto XVI).<\/li>\n<li>\u00abPara promover el estudio de las ense\u00f1anzas del Concilio Vaticano II\u00bb (Pablo VI), \u00abcon el Concilio se nos ha ofrecido una br\u00fajula segura para orientarnos en el camino del siglo que comienza\u00bb (Benedicto XVI).<\/li>\n<li>\u00abPara sostener los esfuerzos de los cat\u00f3licos que buscan profundizar las verdades de la fe\u00bb (Pablo VI); \u00abintensificar la reflexi\u00f3n sobre la fe para ayudar a todos los creyentes en Cristo a que su adhesi\u00f3n al Evangelio sea m\u00e1s consciente y vigorosa, sobre todo en un momento de profundo cambio como el que la humanidad est\u00e1 viviendo\u00bb (Benedicto XVI).<\/li>\n<\/ol>\n<p>A estos fines comunes a los dos Papas, Benedicto XVI a\u00f1ade, fij\u00e1ndose en las circunstancias actuales, algunos m\u00e1s:<\/p>\n<ol>\n<li>\u00abInvitar a una aut\u00e9ntica y renovada conversi\u00f3n al Se\u00f1or, \u00fanico Salvador del mundo\u00bb.<\/li>\n<li>\u00abComprometerse a favor de una nueva evangelizaci\u00f3n para redescubrir la alegr\u00eda de creer y volver a encontrar el entusiasmo de comunicar la fe\u00bb.<\/li>\n<li>\u00abSuscitar en todo creyente la aspiraci\u00f3n a confesar la fe con plenitud y renovada convicci\u00f3n, con confianza y esperanza\u00bb.<\/li>\n<li>\u00abComprender de manera m\u00e1s profunda no s\u00f3lo los contenidos de la fe sino, juntamente tambi\u00e9n con eso, el acto con el que decidimos de entregarnos totalmente y con plena libertad a Dios\u00bb.<\/li>\n<\/ol>\n<p>Este \u00faltimo objetivo es el que m\u00e1s recalca el Papa. Le interesa subrayar la inseparabilidad del acto con el que se cree y de los contenidos a los que prestamos nuestro asentimiento:<\/p>\n<ul>\n<li>El acto de fe sin contenidos nos conduce a la total subjetivaci\u00f3n de la fe.<\/li>\n<\/ul>\n<h3><em><strong>Instruirse en el A\u00f1o de la fe<\/strong><\/em><\/h3>\n<p>El a\u00f1o de la fe deber\u00e1 expresar un compromiso un\u00e1nime para redescubrir y estudiar los contenidos fundamentales de la fe, sintetizados en el Catecismo de la Iglesia Cat\u00f3lica (Porta fidei, n\u00ba 11).<\/p>\n<p>Si de lo que se trata es de reavivar e infundir una nueva linfa a la fe de los creyentes en Cristo, el Catecismo es el camino seguro para conseguirlo. En \u00e9l se resume y expresa la fe de toda la Iglesia desde sus or\u00edgenes hasta nuestros d\u00edas. En \u00e9l hallamos:<\/p>\n<ul>\n<li>la fe que profesamos (credo)<\/li>\n<li>la fe que celebramos (liturgia)<\/li>\n<li>la fe que vivimos (moral)<\/li>\n<li>la fe que encarnamos (caridad)<\/li>\n<li>la fe que rezamos (oraci\u00f3n)<\/li>\n<\/ul>\n<p>Benedicto XVI propone <strong>el Catecismo<\/strong>, en este A\u00f1o de la Fe, \u00abcomo un verdadero instrumento de apoyo a la fe, especialmente para quienes se preocupan por la formaci\u00f3n de los cristianos, tan importante en nuestro contexto cultural\u00bb (Porta fidei, n\u00ba. 12).<\/p>\n<p>En las <strong>parroquias<\/strong>, en las <strong>escuelas<\/strong> privadas o p\u00fablicas, el Catecismo brinda un apoyo insustituible para la ense\u00f1anza de la fe a los ni\u00f1os y j\u00f3venes. Un cierto vaciamiento de la fe objetiva, que hoy se presiente en muchas iglesias particulares, tal vez sea debido a que se ha dejado de lado una referencia expl\u00edcita al Catecismo de la Iglesia Cat\u00f3lica. Quiz\u00e1s en estos \u00faltimos decenios se ha incubado y luego desarrollado el peligro de dar preferencia a los m\u00e9todos, a la pedagog\u00eda, a los sentimientos, sobre los contenidos.<\/p>\n<h3><em><strong>El poder de la fe<\/strong><\/em><\/h3>\n<p>El papa Benedicto XVI, hace el elogio de la fe en una hermosa y significativa p\u00e1gina del Motu proprio Porta fidei, un elogio que pone de manifiesto el poder de la fe primero la Virgen Mar\u00eda, los ap\u00f3stoles, disc\u00edpulos, m\u00e1rtires, hombres y mujeres a lo largo de la historia han dado su vida para acercar a todos a Cristo.<\/p>\n<p>Que este A\u00f1o de la Fe haga cada vez m\u00e1s fuerte la relaci\u00f3n con Cristo, pues s\u00f3lo en \u00c9l tenemos la certeza para mirar al futuro y la garant\u00eda de un amor aut\u00e9ntico y duradero.<\/p>\n<p style=\"text-align: right\">Juli\u00e1n Arana, C.M.<\/p>\n[\/stextbox]\n<div class='stb-container stb-style-info stb-caption-box stb-no-caption'><div class='stb-caption'><div class='stb-logo'><img class='stb-logo__image' src='' alt='img'\/><\/div><div class='stb-caption-content'>Resumen de la carta Apost\u00f3lica Porta Fidei de Benedicto XVI<\/div><div class='stb-tool'><\/div><\/div><div class='stb-content'>\n<div>\n<p>\u00abLa puerta de la fe\u00bb (cf. Hch 14, 27), que introduce en la vida de comuni\u00f3n con Dios y permite la entrada en su Iglesia, est\u00e1 siempre abierta para nosotros. Se cruza ese umbral cuando la Palabra de Dios se anuncia y el coraz\u00f3n se deja plasmar por la gracia que transforma. Atravesar esa puerta supone emprender un camino que dura toda la vida<\/p>\n<p><strong>La necesidad de la fe ayer, hoy y siempre<\/strong><\/p>\n<p>Profesar la fe en la Trinidad \u2013Padre, Hijo y Esp\u00edritu Santo \u2013equivale a creer en un solo Dios que es Amor (cf. 1 Jn 4, 8): el Padre, que en la plenitud de los tiempos envi\u00f3 a su Hijo para nuestra salvaci\u00f3n; Jesucristo, que en el misterio de su muerte y resurrecci\u00f3n redimi\u00f3 al mundo; el Esp\u00edritu Santo, que gu\u00eda a la Iglesia a trav\u00e9s de os siglos en la espera del retorno glorioso del Se\u00f1or.<\/p>\n<p>Sucede hoy con frecuencia que los cristianos se preocupan mucho por las consecuencias sociales, culturales y pol\u00edticas de su compromiso, al mismo tiempo que siguen considerando la fe como un presupuesto obvio de la vida com\u00fan. De hecho, este presupuesto no s\u00f3lo no aparece como tal, sino que incluso con frecuencia es negado. Mientras que en el pasado era posible reconocer un tejido cultural unitario, ampliamente aceptado en su referencia al contenido de la fe y a los valores inspirados por ella, hoy no parece que sea ya as\u00ed en vastos sectores de la sociedad, a causa de una profunda crisis de fe que afecta a muchas personas.<\/p>\n<p>No podemos dejar que la sal se vuelva sosa y la luz permanezca oculta (cf. Mt 5, 13-16). Como la samaritana, tambi\u00e9n el hombre actual puede sentir de nuevo la necesidad de acercarse al pozo para escuchar a Jes\u00fas, que invita a creer en \u00e9l y a extraer el agua viva que mana de su fuente (cf. Jn 4, 14).<\/p>\n<p>Debemos descubrir de nuevo el gusto de alimentarnos con la Palabra de Dios, transmitida fielmente por la Iglesia, y el Pan de la vida, ofrecido como sustento a todos los que son sus disc\u00edpulos (cf. Jn 6, 51). Creer en Jesucristo es, por tanto, el camino para poder llegar de modo definitivo a la salvaci\u00f3n.<\/p>\n<p><strong>Vigencia y valor del Concilio Vaticano II<\/strong><\/p>\n<p>Las ense\u00f1anzas del Concilio Vaticano II, seg\u00fan las palabras del beato Juan Pablo II, \u00abno pierden su valor ni su esplendor. Es necesario leerlos de manera apropiada y que sean conocidos y asimilados como textos cualificados y normativos del Magisterio, dentro de la Tradici\u00f3n de la Iglesia. [\u2026] Siento m\u00e1s que nunca el deber de indicar el Concilio como la gran gracia de la que la Iglesia se ha beneficiado en el siglo XX. Con el Concilio se nos ha ofrecido una br\u00fajula segura para orientarnos en el camino del siglo que comienza\u00bb. Yo tambi\u00e9n deseo reafirmar con fuerza lo que dije a prop\u00f3sito del Concilio pocos meses despu\u00e9s de mi elecci\u00f3n como Sucesor de Pedro: \u00abSi lo leemos y acogemos guiados por una hermen\u00e9utica correcta, puede ser y llegar a ser cada vez m\u00e1s una gran fuerza para la renovaci\u00f3n siempre necesaria de la Iglesia\u00bb.<\/p>\n<p><strong>La renovaci\u00f3n de la Iglesia es cuesti\u00f3n de fe<\/strong><\/p>\n<p>La renovaci\u00f3n de la Iglesia pasa tambi\u00e9n a trav\u00e9s del testimonio ofrecido por la vida de los creyentes: con su misma existencia en el mundo, los cristianos est\u00e1n llamados efectivamente a hacer resplandecer la Palabra de verdad que el Se\u00f1or Jes\u00fas nos dej\u00f3.<\/p>\n<\/div>\n<div>\n<p>En esta perspectiva, el A\u00f1o de la fe es una invitaci\u00f3n a una aut\u00e9ntica y renovada conversi\u00f3n al Se\u00f1or, \u00fanico Salvador del mundo. Dios, en el misterio de su muerte y resurrecci\u00f3n, ha revelado en plenitud el Amor que salva y llama a los hombres a la conversi\u00f3n de vida mediante la remisi\u00f3n de los pecados (cf. Hch 5, 31). Para el ap\u00f3stol Pablo, este Amor lleva al hombre a una nueva vida.<\/p>\n<p><strong>La fe crece creyendo<\/strong><\/p>\n<p>\u00abCaritas Christi urget nos\u00bb (2 Co 5, 14): es el amor de Cristo el que llena nuestros corazones y nos impulsa a evangelizar. Hoy como ayer, \u00e9l nos env\u00eda por los caminos del mundo para proclamar su Evangelio a todos los pueblos de la tierra (cf. Mt 28, 19). Con su amor, Jesucristo atrae hacia s\u00ed a los hombres de cada generaci\u00f3n: en todo tiempo, convoca a la Iglesia y le conf\u00eda el anuncio del Evangelio, con un mandato que es siempre nuevo. Por eso, tambi\u00e9n hoy es necesario un compromiso eclesial m\u00e1s convencido en favor de una nueva evangelizaci\u00f3n para redescubrir la alegr\u00eda de creer y volver a encontrar el entusiasmo de comunicar la fe.<\/p>\n<p>La fe, en efecto, crece cuando se vive como experiencia de un amor que se recibe y se comunica como experiencia de gracia y gozo. Nos hace fecundos, porque ensancha el coraz\u00f3n en la esperanza y permite dar un testimonio fecundo: en efecto, abre el coraz\u00f3n y la mente de los que escuchan para acoger la invitaci\u00f3n del Se\u00f1or a aceptar su Palabra para ser sus disc\u00edpulos. Como afirma san Agust\u00edn, los creyentes \u00abse fortalecen creyendo\u00bb.<\/p>\n<p><strong>Profesar, celebrar y testimoniar la fe p\u00fablicamente<\/strong><\/p>\n<p>Redescubrir los contenidos de la fe profesada, celebrada, vivida y rezada, y reflexionar sobre el mismo acto con el que se cree, es un compromiso que todo creyente debe de hacer propio, sobre todo en este A\u00f1o.<\/p>\n<p>El cristiano no puede pensar nunca que creer es un hecho privado. La fe es decidirse a estar con el Se\u00f1or para vivir con \u00e9l. Y este \u00abestar con \u00e9l\u00bb nos lleva a comprender las razones por las que se cree. La fe, precisamente porque es un acto de la libertad, exige tambi\u00e9n la responsabilidad social de lo que se cree.<\/p>\n<p>No podemos olvidar que muchas personas en nuestro contexto cultural, a\u00fan no reconociendo en ellos el don de la fe, buscan con sinceridad el sentido \u00faltimo y la verdad definitiva de su existencia y del mundo. Esta b\u00fasqueda es un aut\u00e9ntico \u00abpre\u00e1mbulo\u00bb de la fe, porque lleva a las personas por el camino que conduce al misterio de Dios. La misma raz\u00f3n del hombre, en efecto, lleva inscrita la exigencia de \u00ablo que vale y permanece siempre.<\/p>\n<p><strong>La utilidad del Catecismo de la Iglesia Cat\u00f3lica<\/strong><\/p>\n<p>Para acceder a un conocimiento sistem\u00e1tico del contenido de la fe, todos pueden encontrar en el Catecismo de la Iglesia Cat\u00f3lica un subsidio precioso e indispensable. Es uno de los frutos m\u00e1s importantes del Concilio Vaticano II.<\/p>\n<p>Precisamente en este horizonte, el A\u00f1o de la fe deber\u00e1 expresar un compromiso un\u00e1nime para redescubrir y estudiar los contenidos fundamentales de la fe, sintetizados sistem\u00e1tica y org\u00e1nicamente en el Catecismo de la Iglesia Cat\u00f3lica.<\/p>\n<\/div>\n<div>\n<p>En su misma estructura, el Catecismo de la Iglesia Cat\u00f3lica presenta el desarrollo de la fe hasta abordar los grandes temas de la vida cotidiana. A trav\u00e9s de sus p\u00e1ginas se descubre que todo lo que se presenta no es una teor\u00eda, sino el encuentro con una Persona que vive en la Iglesia. A la profesi\u00f3n de fe, de hecho, sigue la explicaci\u00f3n de la vida sacramental, en la que Cristo est\u00e1 presente y act\u00faa, y contin\u00faa la construcci\u00f3n de su Iglesia. Sin la liturgia y los sacramentos, la profesi\u00f3n de fe no tendr\u00eda eficacia, pues carecer\u00eda de la gracia que sostiene el testimonio de los cristianos. Del mismo modo, la ense\u00f1anza del Catecismo sobre la vida moral adquiere su pleno sentido cuando se pone en relaci\u00f3n con la fe, la liturgia y la oraci\u00f3n.<\/p>\n<p>As\u00ed, pues, el Catecismo de la Iglesia Cat\u00f3lica podr\u00e1 ser en este A\u00f1o un verdadero instrumento de apoyo a la fe, especialmente para quienes se preocupan por la formaci\u00f3n de los cristianos, tan importante en nuestro contexto cultural.<\/p>\n<p>La fe est\u00e1 sometida m\u00e1s que en el pasado a una serie de interrogantes que provienen de un cambio de mentalidad que, sobre todo hoy, reduce el \u00e1mbito de las certezas racionales al de los logros cient\u00edficos y tecnol\u00f3gicos. Pero la Iglesia nunca ha tenido miedo de mostrar c\u00f3mo entre la fe y la verdadera ciencia no puede haber conflicto alguno, porque ambas, aunque por caminos distintos, tienden a la verdad.<\/p>\n<p><strong>Recorrer y reactualizar la historia de la fe<\/strong><\/p>\n<p>A lo largo de este A\u00f1o, ser\u00e1 decisivo volver a recorrer la historia de nuestra fe, que contempla el misterio insondable del entrecruzarse de la santidad y el pecado. Mientras lo primero pone de relieve la gran contribuci\u00f3n que los hombres y las mujeres han ofrecido para el crecimiento y desarrollo de las comunidades a trav\u00e9s del testimonio de su vida, lo segundo debe suscitar en cada uno un sincero y constante acto de conversi\u00f3n, con el fin de experimentar la misericordia del Padre que sale al encuentro de todos.<\/p>\n<p>Durante este tiempo, tendremos la mirada fija en Jesucristo, \u00abque inici\u00f3 y completa nuestra fe\u00bb (Hb 12, 2): en \u00e9l encuentra su cumplimiento todo af\u00e1n y todo anhelo del coraz\u00f3n humano. La alegr\u00eda del amor, la respuesta al drama del sufrimiento y el dolor, la fuerza del perd\u00f3n ante la ofensa recibida y la victoria de la vida ante el vac\u00edo de la muerte, todo tiene su cumplimiento en el misterio de su Encarnaci\u00f3n, de su hacerse hombre, de su compartir con nosotros la debilidad humana para transformarla con el poder de su resurrecci\u00f3n. En \u00e9l, muerto y resucitado por nuestra salvaci\u00f3n, se iluminan plenamente los ejemplos de fe que han marcado los \u00faltimos dos mil a\u00f1os de nuestra historia de salvaci\u00f3n.<\/p>\n<p><strong>No hay fe sin caridad, no hay caridad sin fe<\/strong><\/p>\n<p>El A\u00f1o de la fe ser\u00e1 tambi\u00e9n una buena oportunidad para intensificar el testimonio de la caridad. San Pablo nos recuerda: \u00abAhora subsisten la fe, la esperanza y la caridad, estas tres. Pero la mayor de ellas es la caridad\u00bb (1 Co 13, 13). Con palabras a\u00fan m\u00e1s fuertes \u2014que siempre ata\u00f1en a los cristianos\u2014, el ap\u00f3stol Santiago dice: \u00ab\u00bfDe qu\u00e9 le sirve a uno, hermanos m\u00edos, decir que tiene fe, si no tiene obras? \u00bfPodr\u00e1 acaso salvarlo esa fe? Si un hermano o una hermana andan desnudos y faltos de alimento diario y alguno de vosotros les dice: \u00abId en paz, abrigaos y saciaos\u00bb, pero no les da lo necesario para el cuerpo, \u00bfde qu\u00e9 sirve? As\u00ed es tambi\u00e9n la fe: si no se tienen obras, est\u00e1 muerta por dentro. Pero alguno dir\u00e1: \u00abT\u00fa tienes fe y yo tengo obras, mu\u00e9strame esa fe tuya sin las obras, y yo con mis obras te mostrar\u00e9 la fe\u00bb\u00bb (St 2, 14- 18).<\/p>\n<\/div>\n<p>La fe sin la caridad no da fruto, y la caridad sin fe ser\u00eda un sentimiento constantemente a merced de la duda. La fe y el amor se necesitan mutuamente, de modo que una permite a la otra seguir su camino. En efecto, muchos cristianos dedican sus vidas con amor a quien est\u00e1 solo, marginado o excluido, como el primero a quien hay que atender y el m\u00e1s importante que socorrer, porque precisamente en \u00e9l se refleja el rostro mismo de Cristo. Gracias a la fe podemos reconocer en quienes piden nuestro amor el rostro del Se\u00f1or resucitado es compa\u00f1era de vida que nos permite distinguir con ojos siempre nuevos las maravillas que Dios hace por nosotros. Tratando de percibir los signos de los tiempos en la historia actual, nos compromete a cada uno a convertirnos en un signo vivo de la presencia de Cristo resucitado en el mundo.<\/p>\n<p><strong>Lo que el mundo necesita son testigos de la fe<\/strong><\/p>\n<p>Lo que el mundo necesita hoy de manera especial es el testimonio cre\u00edble de los que, iluminados en la mente y el coraz\u00f3n por la Palabra del Se\u00f1or, son capaces de abrir el coraz\u00f3n y la mente de muchos al deseo de Dios y de la vida verdadera, \u00e9sa que no tiene fin.<\/p>\n<p>\u00abQue la Palabra del Se\u00f1or siga avanzando y sea glorificada\u00bb (2 Ts 3, 1): que este A\u00f1o de la fe haga cada vez m\u00e1s fuerte la relaci\u00f3n con Cristo, el Se\u00f1or, pues s\u00f3lo en \u00e9l tenemos la certeza para mirar al futuro y la garant\u00eda de un amor aut\u00e9ntico y duradero.<\/p>\n<p>Las palabras del ap\u00f3stol Pedro proyectan un \u00faltimo rayo de luz sobre la fe: \u00abPor ello os alegr\u00e1is, aunque ahora sea preciso padecer un poco en pruebas diversas; as\u00ed la autenticidad de vuestra fe, m\u00e1s preciosa que el oro, que, aunque es perecedero, se aquilata a fuego, merecer\u00e1 premio, gloria y honor en la revelaci\u00f3n de Jesucristo; sin haberlo visto lo am\u00e1is y, sin contemplarlo todav\u00eda, cre\u00e9is en \u00e9l y as\u00ed os alegr\u00e1is con un gozo inefable y radiante, alcanzando as\u00ed la meta de vuestra fe; la salvaci\u00f3n de vuestras almas\u00bb (1 P 1, 6-9). La vida de los cristianos conoce la experiencia de la alegr\u00eda y el sufrimiento. Cu\u00e1ntos santos han experimentado la soledad. Cu\u00e1ntos creyentes son probados tambi\u00e9n en nuestros d\u00edas por el silencio de Dios, mientras quisieran escuchar su voz consoladora. Las pruebas de la vida, a la vez que permiten comprender el misterio de la Cruz y participar en los sufrimientos de Cristo (cf.Col 1, 24), son preludio de la alegr\u00eda y la esperanza a la que conduce la fe: \u00abCuando soy d\u00e9bil, entonces soy fuerte\u00bb (2 Co 12, 10). Nosotros creemos con firme certeza que el Se\u00f1or Jes\u00fas ha vencido el mal y la muerte. Con esta segura confianza nos encomendamos a \u00e9l: presente entre nosotros, vence el poder del maligno (cf. Lc 11, 20), y la Iglesia, comunidad visible de su misericordia, permanece en \u00e9l como signo de la reconciliaci\u00f3n definitiva con el Padre.<\/p>\n<\/div><\/div>\n<p>&nbsp;<\/p>\n<p><strong>Carta apost\u00f3lica en forma de Motu Proprio<\/strong><\/p>\n<h2><strong><em>Porta Fidei<\/em><\/strong><\/h2>\n<p><strong>del Sumo Pont\u00edfice Benedicto XVI<\/strong><br \/>\n<strong> con la que se convoca el <em>A\u00f1o de la Fe<\/em><\/strong><\/p>\n<p><a href=\"https:\/\/i0.wp.com\/vicencianos.org\/wp-content\/2011\/10\/porta_fidei.jpg\"><img data-recalc-dims=\"1\" loading=\"lazy\" decoding=\"async\" class=\"size-medium wp-image-53984 alignright\" title=\"porta_fidei\" src=\"https:\/\/i0.wp.com\/vicencianos.org\/wp-content\/2011\/10\/porta_fidei-185x300.jpg?resize=185%2C300\" alt=\"\" width=\"185\" height=\"300\" \/><\/a>1. \u00abLa puerta de la fe\u00bb (cf. <em>Hch<\/em> 14, 27), que introduce en la vida de comuni\u00f3n con Dios y permite la entrada en su Iglesia, est\u00e1 siempre abierta para nosotros. Se cruza ese umbral cuando la Palabra de Dios se anuncia y el coraz\u00f3n se deja plasmar por la gracia que transforma. Atravesar esa puerta supone emprender un camino que dura toda la vida. \u00c9ste empieza con el bautismo (cf. <em> Rm<\/em> 6, 4), con el que podemos llamar a Dios con el nombre de Padre, y se concluye con el paso de la muerte a la vida eterna, fruto de la resurrecci\u00f3n del Se\u00f1or Jes\u00fas que, con el don del Esp\u00edritu Santo, ha querido unir en su misma gloria a cuantos creen en \u00e9l (cf. <em>Jn<\/em> 17, 22). Profesar la fe en la Trinidad \u2013Padre, Hijo y Esp\u00edritu Santo\u2013 equivale a creer en un solo Dios que es Amor (cf. <em>1 Jn<\/em> 4, 8): el Padre, que en la plenitud de los tiempos envi\u00f3 a su Hijo para nuestra salvaci\u00f3n; Jesucristo, que en el misterio de su muerte y resurrecci\u00f3n redimi\u00f3 al mundo; el Esp\u00edritu Santo, que gu\u00eda a la Iglesia a trav\u00e9s de los siglos en la espera del retorno glorioso del Se\u00f1or.<\/p>\n<p>2. Desde el comienzo de mi ministerio como Sucesor de Pedro, he recordado la exigencia de redescubrir el camino de la fe para iluminar de manera cada vez m\u00e1s clara la alegr\u00eda y el entusiasmo renovado del encuentro con Cristo. En la homil\u00eda de la santa Misa de inicio del Pontificado dec\u00eda: \u00abLa Iglesia en su conjunto, y en ella sus pastores, como Cristo han de ponerse en camino para rescatar a los hombres del desierto y conducirlos al lugar de la vida, hacia la amistad con el Hijo de Dios, hacia Aquel que nos da la vida, y la vida en plenitud\u00bb.<span id='easy-footnote-1-53981' class='easy-footnote-margin-adjust'><\/span><span class='easy-footnote'><a href='http:\/\/vincentians.com\/es\/carta-apostolica-porta-fidei\/#easy-footnote-bottom-1-53981' title='&lt;em&gt;Homil\u00eda en la Misa de inicio de Pontificado &lt;\/em&gt;(24 abril 2005): &lt;em&gt;AAS&lt;\/em&gt;97 (2005), 710.'><sup>1<\/sup><\/a><\/span> Sucede hoy con frecuencia que los cristianos se preocupan mucho por las consecuencias sociales, culturales y pol\u00edticas de su compromiso, al mismo tiempo que siguen considerando la fe como un presupuesto obvio de la vida com\u00fan. De hecho, este presupuesto no s\u00f3lo no aparece como tal, sino que incluso con frecuencia es negado.<span id='easy-footnote-2-53981' class='easy-footnote-margin-adjust'><\/span><span class='easy-footnote'><a href='http:\/\/vincentians.com\/es\/carta-apostolica-porta-fidei\/#easy-footnote-bottom-2-53981' title='Cf. Benedicto XVI, &lt;em&gt; Homil\u00eda en la Misa en Terreiro do Pa\u00e7o&lt;\/em&gt;, Lisboa (11 mayo 2010), en &lt;em&gt;L\u2019Osservatore Romano&lt;\/em&gt; ed. en Leng. espa\u00f1ola (16 mayo 2010), pag. 8-9.'><sup>2<\/sup><\/a><\/span> Mientras que en el pasado era posible reconocer un tejido cultural unitario, ampliamente aceptado en su referencia al contenido de la fe y a los valores inspirados por ella, hoy no parece que sea ya as\u00ed en vastos sectores de la sociedad, a causa de una profunda crisis de fe que afecta a muchas personas.<\/p>\n<p>3. No podemos dejar que la sal se vuelva sosa y la luz permanezca oculta (cf. <em> Mt<\/em> 5, 13-16). Como la samaritana, tambi\u00e9n el hombre actual puede sentir de nuevo la necesidad de acercarse al pozo para escuchar a Jes\u00fas, que invita a creer en \u00e9l y a extraer el agua viva que mana de su fuente (cf. <em>Jn<\/em> 4, 14). Debemos descubrir de nuevo el gusto de alimentarnos con la Palabra de Dios, transmitida fielmente por la Iglesia, y el Pan de la vida, ofrecido como sustento a todos los que son sus disc\u00edpulos (cf. <em>Jn<\/em> 6, 51). En efecto, la ense\u00f1anza de Jes\u00fas resuena todav\u00eda hoy con la misma fuerza: \u00abTrabajad no por el alimento que perece, sino por el alimento que perdura para la vida eterna\u00bb (<em>Jn<\/em> 6, 27). La pregunta planteada por los que lo escuchaban es tambi\u00e9n hoy la misma para nosotros: \u00ab\u00bfQu\u00e9 tenemos que hacer para realizar las obras de Dios?\u00bb (<em>Jn<\/em> 6, 28). Sabemos la respuesta de Jes\u00fas: \u00abLa obra de Dios es \u00e9sta: que cre\u00e1is en el que \u00e9l ha enviado\u00bb (<em>Jn<\/em> 6, 29). Creer en Jesucristo es, por tanto, el camino para poder llegar de modo definitivo a la salvaci\u00f3n.<\/p>\n<p>4. A la luz de todo esto, he decidido convocar un <em>A\u00f1o de la fe<\/em>. Comenzar\u00e1 el 11 de octubre de 2012, en el cincuenta aniversario de la apertura del Concilio Vaticano II, y terminar\u00e1 en la solemnidad de Jesucristo, Rey del Universo, el 24 de noviembre de 2013. En la fecha del 11 de octubre de 2012, se celebrar\u00e1n tambi\u00e9n los veinte a\u00f1os de la publicaci\u00f3n del <em>Catecismo de la Iglesia Cat\u00f3lica<\/em>, promulgado por mi Predecesor, el beato Papa Juan Pablo II,<span id='easy-footnote-3-53981' class='easy-footnote-margin-adjust'><\/span><span class='easy-footnote'><a href='http:\/\/vincentians.com\/es\/carta-apostolica-porta-fidei\/#easy-footnote-bottom-3-53981' title='Cf. Juan Pablo II, Const. ap. &lt;em&gt; Fidei depositum&lt;\/em&gt; (11 octubre 1992): &lt;em&gt;AAS&lt;\/em&gt; 86 (1994), 113-118.'><sup>3<\/sup><\/a><\/span> con la intenci\u00f3n de ilustrar a todos los fieles la fuerza y belleza de la fe. Este documento, aut\u00e9ntico fruto del Concilio Vaticano II, fue querido por el S\u00ednodo Extraordinario de los Obispos de 1985 como instrumento al servicio de la catequesis,<span id='easy-footnote-4-53981' class='easy-footnote-margin-adjust'><\/span><span class='easy-footnote'><a href='http:\/\/vincentians.com\/es\/carta-apostolica-porta-fidei\/#easy-footnote-bottom-4-53981' title='Cf. &lt;em&gt;Relaci\u00f3n final del S\u00ednodo Extraordinario de los Obispos&lt;\/em&gt; (7 diciembre 1985), II, B, a, 4, en &lt;em&gt;L\u2019Osservatore Romano&lt;\/em&gt; ed. en Leng. espa\u00f1ola (22 diciembre 1985), pag. 12.'><sup>4<\/sup><\/a><\/span> realiz\u00e1ndose mediante la colaboraci\u00f3n de todo el Episcopado de la Iglesia cat\u00f3lica. Y precisamente he convocado la Asamblea General del S\u00ednodo de los Obispos, en el mes de octubre de 2012, sobre el tema de <em>La nueva evangelizaci\u00f3n para la transmisi\u00f3n de la fe cristiana<\/em>. Ser\u00e1 una buena ocasi\u00f3n para introducir a todo el cuerpo eclesial en un tiempo de especial reflexi\u00f3n y redescubrimiento de la fe. No es la primera vez que la Iglesia est\u00e1 llamada a celebrar un <em>A\u00f1o de la fe<\/em>. Mi venerado Predecesor, el Siervo de Dios Pablo VI, proclam\u00f3 uno parecido en 1967, para conmemorar el martirio de los ap\u00f3stoles Pedro y Pablo en el d\u00e9cimo noveno centenario de su supremo testimonio. Lo concibi\u00f3 como un momento solemne para que en toda la Iglesia se diese \u00abuna aut\u00e9ntica y sincera profesi\u00f3n de la misma fe\u00bb; adem\u00e1s, quiso que \u00e9sta fuera confirmada de manera \u00abindividual y colectiva, libre y consciente, interior y exterior, humilde y franca\u00bb.<span id='easy-footnote-5-53981' class='easy-footnote-margin-adjust'><\/span><span class='easy-footnote'><a href='http:\/\/vincentians.com\/es\/carta-apostolica-porta-fidei\/#easy-footnote-bottom-5-53981' title='Pablo VI, Exhort. ap. &lt;em&gt;Petrum et Paulum Apostolos&lt;\/em&gt;, en el XIX centenario del martirio de los santos ap\u00f3stoles Pedro y Pablo (22 febrero 1967): &lt;em&gt;AAS&lt;\/em&gt; 59 (1967), 196.'><sup>5<\/sup><\/a><\/span> Pensaba que de esa manera toda la Iglesia podr\u00eda adquirir una \u00abexacta conciencia de su fe, para reanimarla, para purificarla, para confirmarla y para confesarla\u00bb.<span id='easy-footnote-6-53981' class='easy-footnote-margin-adjust'><\/span><span class='easy-footnote'><a href='http:\/\/vincentians.com\/es\/carta-apostolica-porta-fidei\/#easy-footnote-bottom-6-53981' title='&lt;em&gt;Ib\u00edd&lt;\/em&gt;., 198.'><sup>6<\/sup><\/a><\/span> Las grandes transformaciones que tuvieron lugar en aquel A\u00f1o, hicieron que la necesidad de dicha celebraci\u00f3n fuera todav\u00eda m\u00e1s evidente. \u00c9sta concluy\u00f3 con la Profesi\u00f3n de fe del Pueblo de Dios,<span id='easy-footnote-7-53981' class='easy-footnote-margin-adjust'><\/span><span class='easy-footnote'><a href='http:\/\/vincentians.com\/es\/carta-apostolica-porta-fidei\/#easy-footnote-bottom-7-53981' title='Pablo VI, &lt;em&gt; Solemne profesi\u00f3n de fe&lt;\/em&gt;, Homil\u00eda para la concelebraci\u00f3n en el XIX centenario del martirio de los santos ap\u00f3stoles Pedro y Pablo, en la conclusi\u00f3n del \u00abA\u00f1o de la fe\u00bb (30 junio 1968): &lt;em&gt;AAS&lt;\/em&gt; 60 (1968), 433-445.'><sup>7<\/sup><\/a><\/span> para testimoniar c\u00f3mo los contenidos esenciales que desde siglos constituyen el patrimonio de todos los creyentes tienen necesidad de ser confirmados, comprendidos y profundizados de manera siempre nueva, con el fin de dar un testimonio coherente en condiciones hist\u00f3ricas distintas a las del pasado.<\/p>\n<p><!-- La puerta de la fe, que introduce en la vida de comuni\u00f3n con Dios y permite la entrada en su Iglesia, est\u00e1 siempre abierta para nosotros. Se cruza ese umbral cuando la Palabra de Dios se anuncia y el coraz\u00f3n se deja plasmar por la gracia que transforma. -->5. En ciertos aspectos, mi Venerado Predecesor vio ese A\u00f1o como una \u00abconsecuencia y exigencia postconciliar\u00bb,<span id='easy-footnote-8-53981' class='easy-footnote-margin-adjust'><\/span><span class='easy-footnote'><a href='http:\/\/vincentians.com\/es\/carta-apostolica-porta-fidei\/#easy-footnote-bottom-8-53981' title='Id., &lt;em&gt;Audiencia General&lt;\/em&gt; (14 junio 1967): &lt;em&gt;Insegnamenti&lt;\/em&gt; V (1967), 801.'><sup>8<\/sup><\/a><\/span> consciente de las graves dificultades del tiempo, sobre todo con respecto a la profesi\u00f3n de la fe verdadera y a su recta interpretaci\u00f3n. He pensado que iniciar el <em>A\u00f1o de la fe<\/em> coincidiendo con el cincuentenario de la apertura del Concilio Vaticano II puede ser una ocasi\u00f3n propicia para comprender que los textos dejados en herencia por los Padres conciliares, seg\u00fan las palabras del beato Juan Pablo II, \u00ab<em>no pierden su valor ni su esplendor<\/em>. Es necesario leerlos de manera apropiada y que sean conocidos y asimilados como textos cualificados y normativos del Magisterio, dentro de la Tradici\u00f3n de la Iglesia. [\u2026] Siento m\u00e1s que nunca el deber de indicar el Concilio como <em>la gran gracia de la que la Iglesia se ha beneficiado en el siglo XX<\/em>. Con el Concilio se nos ha ofrecido una br\u00fajula segura para orientarnos en el camino del siglo que comienza\u00bb.<span id='easy-footnote-9-53981' class='easy-footnote-margin-adjust'><\/span><span class='easy-footnote'><a href='http:\/\/vincentians.com\/es\/carta-apostolica-porta-fidei\/#easy-footnote-bottom-9-53981' title='Juan Pablo II, Carta ap. &lt;em&gt; Novo millennio ineunte &lt;\/em&gt;(6 enero 2001), 57: AAS 93 (2001), 308.'><sup>9<\/sup><\/a><\/span> Yo tambi\u00e9n deseo reafirmar con fuerza lo que dije a prop\u00f3sito del Concilio pocos meses despu\u00e9s de mi elecci\u00f3n como Sucesor de Pedro: \u00abSi lo leemos y acogemos guiados por una hermen\u00e9utica correcta, puede ser y llegar a ser cada vez m\u00e1s una gran fuerza para la renovaci\u00f3n siempre necesaria de la Iglesia\u00bb.<span id='easy-footnote-10-53981' class='easy-footnote-margin-adjust'><\/span><span class='easy-footnote'><a href='http:\/\/vincentians.com\/es\/carta-apostolica-porta-fidei\/#easy-footnote-bottom-10-53981' title='&lt;em&gt;Discurso a la Curia Romana &lt;\/em&gt;(22 diciembre 2005): &lt;em&gt;AAS &lt;\/em&gt;98 (2006), 52.'><sup>10<\/sup><\/a><\/span>\n<p>6. La renovaci\u00f3n de la Iglesia pasa tambi\u00e9n a trav\u00e9s del testimonio ofrecido por la vida de los creyentes: con su misma existencia en el mundo, los cristianos est\u00e1n llamados efectivamente a hacer resplandecer la Palabra de verdad que el Se\u00f1or Jes\u00fas nos dej\u00f3. Precisamente el Concilio, en la Constituci\u00f3n dogm\u00e1tica <em> Lumen gentium<\/em>, afirmaba: \u00abMientras que Cristo, \u00absanto, inocente, sin mancha\u00bb (<em>Hb<\/em> 7, 26), no conoci\u00f3 el pecado (cf. <em>2 Co<\/em> 5, 21), sino que vino solamente a expiar los pecados del pueblo (cf. <em>Hb<\/em> 2, 17), la Iglesia, abrazando en su seno a los pecadores, es a la vez santa y siempre necesitada de purificaci\u00f3n, y busca sin cesar la conversi\u00f3n y la renovaci\u00f3n. La Iglesia contin\u00faa su peregrinaci\u00f3n \u00aben medio de las persecuciones del mundo y de los consuelos de Dios\u00bb, anunciando la cruz y la muerte del Se\u00f1or hasta que vuelva (cf. <em>1 Co<\/em> 11, 26). Se siente fortalecida con la fuerza del Se\u00f1or resucitado para poder superar con paciencia y amor todos los sufrimientos y dificultades, tanto interiores como exteriores, y revelar en el mundo el misterio de Cristo, aunque bajo sombras, sin embargo, con fidelidad hasta que al final se manifieste a plena luz\u00bb.<span id='easy-footnote-11-53981' class='easy-footnote-margin-adjust'><\/span><span class='easy-footnote'><a href='http:\/\/vincentians.com\/es\/carta-apostolica-porta-fidei\/#easy-footnote-bottom-11-53981' title='Conc. Ecum. Vat. II, Const. dogm. &lt;em&gt; Lumen gentium&lt;\/em&gt;, sobre la Iglesia, 8.'><sup>11<\/sup><\/a><\/span>\n<p>En esta perspectiva, el <em>A\u00f1o de la fe<\/em> es una invitaci\u00f3n a una aut\u00e9ntica y renovada conversi\u00f3n al Se\u00f1or, \u00fanico Salvador del mundo. Dios, en el misterio de su muerte y resurrecci\u00f3n, ha revelado en plenitud el Amor que salva y llama a los hombres a la conversi\u00f3n de vida mediante la remisi\u00f3n de los pecados (cf. <em>Hch<\/em> 5, 31). Para el ap\u00f3stol Pablo, este Amor lleva al hombre a una nueva vida: \u00abPor el bautismo fuimos sepultados con \u00e9l en la muerte, para que, lo mismo que Cristo resucit\u00f3 de entre los muertos por la gloria del Padre, as\u00ed tambi\u00e9n nosotros andemos en una vida nueva\u00bb (<em>Rm<\/em> 6, 4). Gracias a la fe, esta vida nueva plasma toda la existencia humana en la novedad radical de la resurrecci\u00f3n. En la medida de su disponibilidad libre, los pensamientos y los afectos, la mentalidad y el comportamiento del hombre se purifican y transforman lentamente, en un proceso que no termina de cumplirse totalmente en esta vida. La \u00abfe que act\u00faa por el amor\u00bb (<em>Ga<\/em> 5, 6) se convierte en un nuevo criterio de pensamiento y de acci\u00f3n que cambia toda la vida del hombre (cf. <em>Rm<\/em> 12, 2; <em>Col<\/em> 3, 9-10; <em>Ef<\/em> 4, 20-29; <em>2 Co<\/em> 5, 17).<\/p>\n<p>7. \u00ab<em>Caritas Christi urget nos<\/em>\u00bb (<em>2 Co<\/em> 5, 14): es el amor de Cristo el que llena nuestros corazones y nos impulsa a evangelizar. Hoy como ayer, \u00e9l nos env\u00eda por los caminos del mundo para proclamar su Evangelio a todos los pueblos de la tierra (cf. <em>Mt<\/em> 28, 19). Con su amor, Jesucristo atrae hacia s\u00ed a los hombres de cada generaci\u00f3n: en todo tiempo, convoca a la Iglesia y le conf\u00eda el anuncio del Evangelio, con un mandato que es siempre nuevo. Por eso, tambi\u00e9n hoy es necesario un compromiso eclesial m\u00e1s convencido en favor de una nueva evangelizaci\u00f3n para redescubrir la alegr\u00eda de creer y volver a encontrar el entusiasmo de comunicar la fe. El compromiso misionero de los creyentes saca fuerza y vigor del descubrimiento cotidiano de su amor, que nunca puede faltar. La fe, en efecto, crece cuando se vive como experiencia de un amor que se recibe y se comunica como experiencia de gracia y gozo. Nos hace fecundos, porque ensancha el coraz\u00f3n en la esperanza y permite dar un testimonio fecundo: en efecto, abre el coraz\u00f3n y la mente de los que escuchan para acoger la invitaci\u00f3n del Se\u00f1or a aceptar su Palabra para ser sus disc\u00edpulos. Como afirma san Agust\u00edn, los creyentes \u00abse fortalecen creyendo\u00bb.<span id='easy-footnote-12-53981' class='easy-footnote-margin-adjust'><\/span><span class='easy-footnote'><a href='http:\/\/vincentians.com\/es\/carta-apostolica-porta-fidei\/#easy-footnote-bottom-12-53981' title='&lt;em&gt;De utilitate credendi&lt;\/em&gt;, 1, 2.'><sup>12<\/sup><\/a><\/span> El santo Obispo de Hipona ten\u00eda buenos motivos para expresarse de esta manera. Como sabemos, su vida fue una b\u00fasqueda continua de la belleza de la fe hasta que su coraz\u00f3n encontr\u00f3 descanso en Dios.<span id='easy-footnote-13-53981' class='easy-footnote-margin-adjust'><\/span><span class='easy-footnote'><a href='http:\/\/vincentians.com\/es\/carta-apostolica-porta-fidei\/#easy-footnote-bottom-13-53981' title='Cf. Agust\u00edn de Hipona, &lt;em&gt;Confesiones&lt;\/em&gt;, I, 1.'><sup>13<\/sup><\/a><\/span> Sus numerosos escritos, en los que explica la importancia de creer y la verdad de la fe, permanecen a\u00fan hoy como un patrimonio de riqueza sin igual, consintiendo todav\u00eda a tantas personas que buscan a Dios encontrar el sendero justo para acceder a la \u00abpuerta de la fe\u00bb.<\/p>\n<p>As\u00ed, la fe s\u00f3lo crece y se fortalece creyendo; no hay otra posibilidad para poseer la certeza sobre la propia vida que abandonarse, en un <em>in crescendo<\/em> continuo, en las manos de un amor que se experimenta siempre como m\u00e1s grande porque tiene su origen en Dios.<\/p>\n<p>8. En esta feliz conmemoraci\u00f3n, deseo invitar a los hermanos Obispos de todo el Orbe a que se unan al Sucesor de Pedro en el tiempo de gracia espiritual que el Se\u00f1or nos ofrece para rememorar el don precioso de la fe. Queremos celebrar este <em>A\u00f1o<\/em> de manera digna y fecunda. Habr\u00e1 que intensificar la reflexi\u00f3n sobre la fe para ayudar a todos los creyentes en Cristo a que su adhesi\u00f3n al Evangelio sea m\u00e1s consciente y vigorosa, sobre todo en un momento de profundo cambio como el que la humanidad est\u00e1 viviendo. Tendremos la oportunidad de confesar la fe en el Se\u00f1or Resucitado en nuestras catedrales e iglesias de todo el mundo; en nuestras casas y con nuestras familias, para que cada uno sienta con fuerza la exigencia de conocer y transmitir mejor a las generaciones futuras la fe de siempre. En este <em>A\u00f1o<\/em>, las comunidades religiosas, as\u00ed como las parroquiales, y todas las realidades eclesiales antiguas y nuevas, encontrar\u00e1n la manera de profesar p\u00fablicamente el <em>Credo<\/em>.<\/p>\n<p>9. Deseamos que este <em>A\u00f1o<\/em> suscite en todo creyente la aspiraci\u00f3n a <em> confesar<\/em> la fe con plenitud y renovada convicci\u00f3n, con confianza y esperanza. Ser\u00e1 tambi\u00e9n una ocasi\u00f3n propicia para intensificar la <em>celebraci\u00f3n<\/em> de la fe en la liturgia, y de modo particular en la Eucarist\u00eda, que es \u00abla cumbre a la que tiende la acci\u00f3n de la Iglesia y tambi\u00e9n la fuente de donde mana toda su fuerza\u00bb.<span id='easy-footnote-14-53981' class='easy-footnote-margin-adjust'><\/span><span class='easy-footnote'><a href='http:\/\/vincentians.com\/es\/carta-apostolica-porta-fidei\/#easy-footnote-bottom-14-53981' title='Conc. Ecum. Vat. II, Const. &lt;em&gt; Sacrosanctum Concilium&lt;\/em&gt;, sobre la sagrada liturgia, 10.'><sup>14<\/sup><\/a><\/span> Al mismo tiempo, esperamos que el <em>testimonio<\/em> de vida de los creyentes sea cada vez m\u00e1s cre\u00edble. Redescubrir los contenidos de la fe profesada, celebrada, vivida y rezada,<span id='easy-footnote-15-53981' class='easy-footnote-margin-adjust'><\/span><span class='easy-footnote'><a href='http:\/\/vincentians.com\/es\/carta-apostolica-porta-fidei\/#easy-footnote-bottom-15-53981' title='Cf. Juan Pablo II, Const. ap. &lt;em&gt; Fidei depositum&lt;\/em&gt; (11 octubre 1992): AAS 86 (1994), 116.'><sup>15<\/sup><\/a><\/span> y reflexionar sobre el mismo acto con el que se cree, es un compromiso que todo creyente debe de hacer propio, sobre todo en este <em>A\u00f1o<\/em>.<\/p>\n<p>No por casualidad, los cristianos en los primeros siglos estaban obligados a aprender de memoria el <em>Credo<\/em>. Esto les serv\u00eda como oraci\u00f3n cotidiana para no olvidar el compromiso asumido con el bautismo. San Agust\u00edn lo recuerda con unas palabras de profundo significado, cuando en un <em>serm\u00f3n<\/em> sobre la <em>redditio symboli<\/em>, la entrega del <em>Credo<\/em>, dice: \u00abEl s\u00edmbolo del sacrosanto misterio que recibisteis todos a la vez y que hoy hab\u00e9is recitado uno a uno, no es otra cosa que las palabras en las que se apoya s\u00f3lidamente la fe de la Iglesia, nuestra madre, sobre la base inconmovible que es Cristo el Se\u00f1or. [\u2026] Recibisteis y recitasteis algo que deb\u00e9is retener siempre en vuestra mente y coraz\u00f3n y repetir en vuestro lecho; algo sobre lo que ten\u00e9is que pensar cuando est\u00e1is en la calle y que no deb\u00e9is olvidar ni cuando com\u00e9is, de forma que, incluso cuando dorm\u00eds corporalmente, vigil\u00e9is con el coraz\u00f3n\u00bb.<span id='easy-footnote-16-53981' class='easy-footnote-margin-adjust'><\/span><span class='easy-footnote'><a href='http:\/\/vincentians.com\/es\/carta-apostolica-porta-fidei\/#easy-footnote-bottom-16-53981' title='&lt;em&gt;Sermo&lt;\/em&gt; 215, 1.'><sup>16<\/sup><\/a><\/span>\n<p>10. En este sentido, quisiera esbozar un camino que sea \u00fatil para comprender de manera m\u00e1s profunda no s\u00f3lo los contenidos de la fe sino, juntamente tambi\u00e9n con eso, el acto con el que decidimos de entregarnos totalmente y con plena libertad a Dios. En efecto, existe una unidad profunda entre el acto con el que se cree y los contenidos a los que prestamos nuestro asentimiento. El ap\u00f3stol Pablo nos ayuda a entrar dentro de esta realidad cuando escribe: \u00abcon el coraz\u00f3n se cree y con los labios se profesa\u00bb (cf. <em>Rm<\/em> 10, 10). El coraz\u00f3n indica que el primer acto con el que se llega a la fe es don de Dios y acci\u00f3n de la gracia que act\u00faa y transforma a la persona hasta en lo m\u00e1s \u00edntimo.<\/p>\n<p>A este prop\u00f3sito, el ejemplo de Lidia es muy elocuente. Cuenta san Lucas que Pablo, mientras se encontraba en Filipos, fue un s\u00e1bado a anunciar el Evangelio a algunas mujeres; entre estas estaba Lidia y el \u00abSe\u00f1or le abri\u00f3 el coraz\u00f3n para que aceptara lo que dec\u00eda Pablo\u00bb (<em>Hch<\/em> 16, 14). El sentido que encierra la expresi\u00f3n es importante. San Lucas ense\u00f1a que el conocimiento de los contenidos que se han de creer no es suficiente si despu\u00e9s el coraz\u00f3n, aut\u00e9ntico sagrario de la persona, no est\u00e1 abierto por la gracia que permite tener ojos para mirar en profundidad y comprender que lo que se ha anunciado es la Palabra de Dios.<\/p>\n<p>Profesar con la boca indica, a su vez, que la fe implica un testimonio y un compromiso p\u00fablico. El cristiano no puede pensar nunca que creer es un hecho privado. La fe es decidirse a estar con el Se\u00f1or para vivir con \u00e9l. Y este \u00abestar con \u00e9l\u00bb nos lleva a comprender las razones por las que se cree. La fe, precisamente porque es un acto de la libertad, exige tambi\u00e9n la responsabilidad social de lo que se cree. La Iglesia en el d\u00eda de Pentecost\u00e9s muestra con toda evidencia esta dimensi\u00f3n p\u00fablica del creer y del anunciar a todos sin temor la propia fe. Es el don del Esp\u00edritu Santo el que capacita para la misi\u00f3n y fortalece nuestro testimonio, haci\u00e9ndolo franco y valeroso.<\/p>\n<p>La misma profesi\u00f3n de fe es un acto personal y al mismo tiempo comunitario. En efecto, el primer sujeto de la fe es la Iglesia. En la fe de la comunidad cristiana cada uno recibe el bautismo, signo eficaz de la entrada en el pueblo de los creyentes para alcanzar la salvaci\u00f3n. Como afirma el <em> Catecismo de la Iglesia Cat\u00f3lica<\/em>: \u00ab\u00bbCreo\u00bb: Es la fe de la Iglesia profesada personalmente por cada creyente, principalmente en su bautismo. \u00abCreemos\u00bb: Es la fe de la Iglesia confesada por los obispos reunidos en Concilio o, m\u00e1s generalmente, por la asamblea lit\u00fargica de los creyentes. \u00abCreo\u00bb, es tambi\u00e9n la Iglesia, nuestra Madre, que responde a Dios por su fe y que nos ense\u00f1a a decir: \u00abcreo\u00bb, \u00abcreemos\u00bb\u00bb.<span id='easy-footnote-17-53981' class='easy-footnote-margin-adjust'><\/span><span class='easy-footnote'><a href='http:\/\/vincentians.com\/es\/carta-apostolica-porta-fidei\/#easy-footnote-bottom-17-53981' title='&lt;em&gt;Catecismo de la Iglesia Cat\u00f3lica&lt;\/em&gt;, 167.'><sup>17<\/sup><\/a><\/span>\n<p>Como se puede ver, el conocimiento de los contenidos de la fe es esencial para dar el propio <em>asentimiento<\/em>, es decir, para adherirse plenamente con la inteligencia y la voluntad a lo que propone la Iglesia. El conocimiento de la fe introduce en la totalidad del misterio salv\u00edfico revelado por Dios. El asentimiento que se presta implica por tanto que, cuando se cree, se acepta libremente todo el misterio de la fe, ya que quien garantiza su verdad es Dios mismo que se revela y da a conocer su misterio de amor.<span id='easy-footnote-18-53981' class='easy-footnote-margin-adjust'><\/span><span class='easy-footnote'><a href='http:\/\/vincentians.com\/es\/carta-apostolica-porta-fidei\/#easy-footnote-bottom-18-53981' title='Cf. Conc. Ecum. Vat. I, Const. dogm. &lt;em&gt;Dei Filius&lt;\/em&gt;, sobre la fe cat\u00f3lica, cap. III: DS 3008-3009; Conc. Ecum. Vat. II, Const. dogm. &lt;em&gt; Dei Verbum&lt;\/em&gt;, sobre la divina revelaci\u00f3n, 5.'><sup>18<\/sup><\/a><\/span>\n<p>Por otra parte, no podemos olvidar que muchas personas en nuestro contexto cultural, a\u00fan no reconociendo en ellos el don de la fe, buscan con sinceridad el sentido \u00faltimo y la verdad definitiva de su existencia y del mundo. Esta b\u00fasqueda es un aut\u00e9ntico \u00abpre\u00e1mbulo\u00bb de la fe, porque lleva a las personas por el camino que conduce al misterio de Dios. La misma raz\u00f3n del hombre, en efecto, lleva inscrita la exigencia de \u00ablo que vale y permanece siempre\u00bb.<span id='easy-footnote-19-53981' class='easy-footnote-margin-adjust'><\/span><span class='easy-footnote'><a href='http:\/\/vincentians.com\/es\/carta-apostolica-porta-fidei\/#easy-footnote-bottom-19-53981' title='&lt;em&gt;Discurso en el Coll\u00e8ge des Bernardins&lt;\/em&gt;, Par\u00eds (12 septiembre 2008): &lt;em&gt;AAS&lt;\/em&gt; 100 (2008), 722.'><sup>19<\/sup><\/a><\/span> Esta exigencia constituye una invitaci\u00f3n permanente, inscrita indeleblemente en el coraz\u00f3n humano, a ponerse en camino para encontrar a Aquel que no buscar\u00edamos si no hubiera ya venido.<span id='easy-footnote-20-53981' class='easy-footnote-margin-adjust'><\/span><span class='easy-footnote'><a href='http:\/\/vincentians.com\/es\/carta-apostolica-porta-fidei\/#easy-footnote-bottom-20-53981' title='Cf. Agust\u00edn de Hipona, &lt;em&gt;Confesiones&lt;\/em&gt;, XIII, 1.'><sup>20<\/sup><\/a><\/span> La fe nos invita y nos abre totalmente a este encuentro.<\/p>\n<p>11. Para acceder a un conocimiento sistem\u00e1tico del contenido de la fe, todos pueden encontrar en el <em> Catecismo de la Iglesia Cat\u00f3lica<\/em> un subsidio precioso e indispensable. Es uno de los frutos m\u00e1s importantes del Concilio Vaticano II. En la Constituci\u00f3n apost\u00f3lica <em> Fidei depositum<\/em>, firmada precisamente al cumplirse el trig\u00e9simo aniversario de la apertura del Concilio Vaticano II, el beato Juan Pablo II escrib\u00eda: \u00abEste Catecismo es una contribuci\u00f3n important\u00edsima a la obra de renovaci\u00f3n de la vida eclesial&#8230; Lo declaro como regla segura para la ense\u00f1anza de la fe y como instrumento v\u00e1lido y leg\u00edtimo al servicio de la comuni\u00f3n eclesial\u00bb.<span id='easy-footnote-21-53981' class='easy-footnote-margin-adjust'><\/span><span class='easy-footnote'><a href='http:\/\/vincentians.com\/es\/carta-apostolica-porta-fidei\/#easy-footnote-bottom-21-53981' title='Juan Pablo II, Const. ap. &lt;em&gt; Fidei depositum&lt;\/em&gt; (11 octubre 1992):&lt;em&gt;AAS&lt;\/em&gt; 86 (1994), 115 y 117.'><sup>21<\/sup><\/a><\/span>\n<p>Precisamente en este horizonte, el <em>A\u00f1o de la fe<\/em> deber\u00e1 expresar un compromiso un\u00e1nime para redescubrir y estudiar los contenidos fundamentales de la fe, sintetizados sistem\u00e1tica y org\u00e1nicamente en el <em> Catecismo de la Iglesia Cat\u00f3lica. <\/em> En efecto, en \u00e9l se pone de manifiesto la riqueza de la ense\u00f1anza que la Iglesia ha recibido, custodiado y ofrecido en sus dos mil a\u00f1os de historia. Desde la Sagrada Escritura a los Padres de la Iglesia, de los Maestros de teolog\u00eda a los Santos de todos los siglos, el Catecismo ofrece una memoria permanente de los diferentes modos en que la Iglesia ha meditado sobre la fe y ha progresado en la doctrina, para dar certeza a los creyentes en su vida de fe.<\/p>\n<p>En su misma estructura, el <em> Catecismo de la Iglesia Cat\u00f3lica<\/em> presenta el desarrollo de la fe hasta abordar los grandes temas de la vida cotidiana. A trav\u00e9s de sus p\u00e1ginas se descubre que todo lo que se presenta no es una teor\u00eda, sino el encuentro con una Persona que vive en la Iglesia. A la profesi\u00f3n de fe, de hecho, sigue la explicaci\u00f3n de la vida sacramental, en la que Cristo est\u00e1 presente y act\u00faa, y contin\u00faa la construcci\u00f3n de su Iglesia. Sin la liturgia y los sacramentos, la profesi\u00f3n de fe no tendr\u00eda eficacia, pues carecer\u00eda de la gracia que sostiene el testimonio de los cristianos. Del mismo modo, la ense\u00f1anza del <em> Catecismo<\/em> sobre la vida moral adquiere su pleno sentido cuando se pone en relaci\u00f3n con la fe, la liturgia y la oraci\u00f3n.<\/p>\n<p>12. As\u00ed, pues, el <em> Catecismo de la Iglesia Cat\u00f3lica <\/em> podr\u00e1 ser en este <em> A\u00f1o<\/em> un verdadero instrumento de apoyo a la fe, especialmente para quienes se preocupan por la formaci\u00f3n de los cristianos, tan importante en nuestro contexto cultural. Para ello, he invitado a la Congregaci\u00f3n para la Doctrina de la Fe a que, de acuerdo con los Dicasterios competentes de la Santa Sede, redacte una <em> Nota<\/em> con la que se ofrezca a la Iglesia y a los creyentes algunas indicaciones para vivir este <em>A\u00f1o de la fe<\/em> de la manera m\u00e1s eficaz y apropiada, ayud\u00e1ndoles a creer y evangelizar.<\/p>\n<p>En efecto, la fe est\u00e1 sometida m\u00e1s que en el pasado a una serie de interrogantes que provienen de un cambio de mentalidad que, sobre todo hoy, reduce el \u00e1mbito de las certezas racionales al de los logros cient\u00edficos y tecnol\u00f3gicos. Pero la Iglesia nunca ha tenido miedo de mostrar c\u00f3mo entre la fe y la verdadera ciencia no puede haber conflicto alguno, porque ambas, aunque por caminos distintos, tienden a la verdad.<span id='easy-footnote-22-53981' class='easy-footnote-margin-adjust'><\/span><span class='easy-footnote'><a href='http:\/\/vincentians.com\/es\/carta-apostolica-porta-fidei\/#easy-footnote-bottom-22-53981' title='Cf. Id., Carta enc. &lt;em&gt; Fides et ratio&lt;\/em&gt; (14 septiembre 1998) 34.106: &lt;em&gt;AAS&lt;\/em&gt; 91 (1999), 31-32. 86-87.'><sup>22<\/sup><\/a><\/span>\n<p>13. A lo largo de este <em>A\u00f1o<\/em>, ser\u00e1 decisivo volver a recorrer la historia de nuestra fe, que contempla el misterio insondable del entrecruzarse de la santidad y el pecado. Mientras lo primero pone de relieve la gran contribuci\u00f3n que los hombres y las mujeres han ofrecido para el crecimiento y desarrollo de las comunidades a trav\u00e9s del testimonio de su vida, lo segundo debe suscitar en cada uno un sincero y constante acto de conversi\u00f3n, con el fin de experimentar la misericordia del Padre que sale al encuentro de todos.<\/p>\n<p>Durante este tiempo, tendremos la mirada fija en Jesucristo, \u00abque inici\u00f3 y completa nuestra fe\u00bb (<em>Hb<\/em> 12, 2): en \u00e9l encuentra su cumplimiento todo af\u00e1n y todo anhelo del coraz\u00f3n humano. La alegr\u00eda del amor, la respuesta al drama del sufrimiento y el dolor, la fuerza del perd\u00f3n ante la ofensa recibida y la victoria de la vida ante el vac\u00edo de la muerte, todo tiene su cumplimiento en el misterio de su Encarnaci\u00f3n, de su hacerse hombre, de su compartir con nosotros la debilidad humana para transformarla con el poder de su resurrecci\u00f3n. En \u00e9l, muerto y resucitado por nuestra salvaci\u00f3n, se iluminan plenamente los ejemplos de fe que han marcado los \u00faltimos dos mil a\u00f1os de nuestra historia de salvaci\u00f3n.<\/p>\n<p>Por la fe, Mar\u00eda acogi\u00f3 la palabra del \u00c1ngel y crey\u00f3 en el anuncio de que ser\u00eda la Madre de Dios en la obediencia de su entrega (cf. <em>Lc<\/em> 1, 38). En la visita a Isabel enton\u00f3 su canto de alabanza al Omnipotente por las maravillas que hace en quienes se encomiendan a \u00c9l (cf. <em>Lc<\/em> 1, 46-55). Con gozo y temblor dio a luz a su \u00fanico hijo, manteniendo intacta su virginidad (cf. <em>Lc<\/em> 2, 6-7). Confiada en su esposo Jos\u00e9, llev\u00f3 a Jes\u00fas a Egipto para salvarlo de la persecuci\u00f3n de Herodes (cf. <em>Mt<\/em> 2, 13-15). Con la misma fe sigui\u00f3 al Se\u00f1or en su predicaci\u00f3n y permaneci\u00f3 con \u00e9l hasta el Calvario (cf. <em> Jn<\/em> 19, 25-27). Con fe, Mar\u00eda sabore\u00f3 los frutos de la resurrecci\u00f3n de Jes\u00fas y, guardando todos los recuerdos en su coraz\u00f3n (cf. <em>Lc<\/em> 2, 19.51), los transmiti\u00f3 a los Doce, reunidos con ella en el Cen\u00e1culo para recibir el Esp\u00edritu Santo (cf. <em>Hch<\/em> 1, 14; 2, 1-4).<\/p>\n<p>Por la fe, los Ap\u00f3stoles dejaron todo para seguir al Maestro (cf. <em>Mt<\/em> 10, 28). Creyeron en las palabras con las que anunciaba el Reino de Dios, que est\u00e1 presente y se realiza en su persona (cf. <em>Lc<\/em> 11, 20). Vivieron en comuni\u00f3n de vida con Jes\u00fas, que los instru\u00eda con sus ense\u00f1anzas, dej\u00e1ndoles una nueva regla de vida por la que ser\u00edan reconocidos como sus disc\u00edpulos despu\u00e9s de su muerte (cf. <em>Jn<\/em> 13, 34-35). Por la fe, fueron por el mundo entero, siguiendo el mandato de llevar el Evangelio a toda criatura (cf. <em>Mc<\/em> 16, 15) y, sin temor alguno, anunciaron a todos la alegr\u00eda de la resurrecci\u00f3n, de la que fueron testigos fieles.<\/p>\n<p>Por la fe, los disc\u00edpulos formaron la primera comunidad reunida en torno a la ense\u00f1anza de los Ap\u00f3stoles, la oraci\u00f3n y la celebraci\u00f3n de la Eucarist\u00eda, poniendo en com\u00fan todos sus bienes para atender las necesidades de los hermanos (cf. <em>Hch<\/em> 2, 42-47).<\/p>\n<p>Por la fe, los m\u00e1rtires entregaron su vida como testimonio de la verdad del Evangelio, que los hab\u00eda trasformado y hecho capaces de llegar hasta el mayor don del amor con el perd\u00f3n de sus perseguidores.<\/p>\n<p>Por la fe, hombres y mujeres han consagrado su vida a Cristo, dejando todo para vivir en la sencillez evang\u00e9lica la obediencia, la pobreza y la castidad, signos concretos de la espera del Se\u00f1or que no tarda en llegar. Por la fe, muchos cristianos han promovido acciones en favor de la justicia, para hacer concreta la palabra del Se\u00f1or, que ha venido a proclamar la liberaci\u00f3n de los oprimidos y un a\u00f1o de gracia para todos (cf. <em>Lc<\/em> 4, 18-19).<\/p>\n<p>Por la fe, hombres y mujeres de toda edad, cuyos nombres est\u00e1n escritos en el libro de la vida (cf. <em>Ap<\/em> 7, 9; 13, 8), han confesado a lo largo de los siglos la belleza de seguir al Se\u00f1or Jes\u00fas all\u00ed donde se les llamaba a dar testimonio de su ser cristianos: en la familia, la profesi\u00f3n, la vida p\u00fablica y el desempe\u00f1o de los carismas y ministerios que se les confiaban.<\/p>\n<p>Tambi\u00e9n nosotros vivimos por la fe: para el reconocimiento vivo del Se\u00f1or Jes\u00fas, presente en nuestras vidas y en la historia.<\/p>\n<p>14. El <em>A\u00f1o de la fe<\/em> ser\u00e1 tambi\u00e9n una buena oportunidad para intensificar el testimonio de la caridad. San Pablo nos recuerda: \u00abAhora subsisten la fe, la esperanza y la caridad, estas tres. Pero la mayor de ellas es la caridad\u00bb (<em>1 Co<\/em> 13, 13). Con palabras a\u00fan m\u00e1s fuertes \u2014que siempre ata\u00f1en a los cristianos\u2014, el ap\u00f3stol Santiago dice: \u00ab\u00bfDe qu\u00e9 le sirve a uno, hermanos m\u00edos, decir que tiene fe, si no tiene obras? \u00bfPodr\u00e1 acaso salvarlo esa fe? Si un hermano o una hermana andan desnudos y faltos de alimento diario y alguno de vosotros les dice: \u00abId en paz, abrigaos y saciaos\u00bb, pero no les da lo necesario para el cuerpo, \u00bfde qu\u00e9 sirve? As\u00ed es tambi\u00e9n la fe: si no se tienen obras, est\u00e1 muerta por dentro. Pero alguno dir\u00e1: \u00abT\u00fa tienes fe y yo tengo obras, mu\u00e9strame esa fe tuya sin las obras, y yo con mis obras te mostrar\u00e9 la fe\u00bb\u00bb (<em>St<\/em> 2, 14-18).<\/p>\n<p>La fe sin la caridad no da fruto, y la caridad sin fe ser\u00eda un sentimiento constantemente a merced de la duda. La fe y el amor se necesitan mutuamente, de modo que una permite a la otra seguir su camino. En efecto, muchos cristianos dedican sus vidas con amor a quien est\u00e1 solo, marginado o excluido, como el primero a quien hay que atender y el m\u00e1s importante que socorrer, porque precisamente en \u00e9l se refleja el rostro mismo de Cristo. Gracias a la fe podemos reconocer en quienes piden nuestro amor el rostro del Se\u00f1or resucitado. \u00abCada vez que lo hicisteis con uno de estos, mis hermanos m\u00e1s peque\u00f1os, conmigo lo hicisteis\u00bb (<em>Mt<\/em> 25, 40): estas palabras suyas son una advertencia que no se ha de olvidar, y una invitaci\u00f3n perenne a devolver ese amor con el que \u00e9l cuida de nosotros. Es la fe la que nos permite reconocer a Cristo, y es su mismo amor el que impulsa a socorrerlo cada vez que se hace nuestro pr\u00f3jimo en el camino de la vida. Sostenidos por la fe, miramos con esperanza a nuestro compromiso en el mundo, aguardando \u00abunos cielos nuevos y una tierra nueva en los que habite la justicia\u00bb (<em>2 P<\/em> 3, 13; cf. <em>Ap<\/em> 21, 1).<\/p>\n<p>15. Llegados sus \u00faltimos d\u00edas, el ap\u00f3stol Pablo pidi\u00f3 al disc\u00edpulo Timoteo que \u00abbuscara la fe\u00bb (cf. <em>2 Tm<\/em> 2, 22) con la misma constancia de cuando era ni\u00f1o (cf. <em>2 Tm<\/em> 3, 15). Escuchemos esta invitaci\u00f3n como dirigida a cada uno de nosotros, para que nadie se vuelva perezoso en la fe. Ella es compa\u00f1era de vida que nos permite distinguir con ojos siempre nuevos las maravillas que Dios hace por nosotros. Tratando de percibir los signos de los tiempos en la historia actual, nos compromete a cada uno a convertirnos en un signo vivo de la presencia de Cristo resucitado en el mundo. Lo que el mundo necesita hoy de manera especial es el testimonio cre\u00edble de los que, iluminados en la mente y el coraz\u00f3n por la Palabra del Se\u00f1or, son capaces de abrir el coraz\u00f3n y la mente de muchos al deseo de Dios y de la vida verdadera, \u00e9sa que no tiene fin.<\/p>\n<p>\u00abQue la Palabra del Se\u00f1or siga avanzando y sea glorificada\u00bb (<em>2 Ts<\/em> 3, 1): que este <em>A\u00f1o de la fe<\/em> haga cada vez m\u00e1s fuerte la relaci\u00f3n con Cristo, el Se\u00f1or, pues s\u00f3lo en \u00e9l tenemos la certeza para mirar al futuro y la garant\u00eda de un amor aut\u00e9ntico y duradero. Las palabras del ap\u00f3stol Pedro proyectan un \u00faltimo rayo de luz sobre la fe: \u00abPor ello os alegr\u00e1is, aunque ahora sea preciso padecer un poco en pruebas diversas; as\u00ed la autenticidad de vuestra fe, m\u00e1s preciosa que el oro, que, aunque es perecedero, se aquilata a fuego, merecer\u00e1 premio, gloria y honor en la revelaci\u00f3n de Jesucristo; sin haberlo visto lo am\u00e1is y, sin contemplarlo todav\u00eda, cre\u00e9is en \u00e9l y as\u00ed os alegr\u00e1is con un gozo inefable y radiante, alcanzando as\u00ed la meta de vuestra fe; la salvaci\u00f3n de vuestras almas\u00bb (<em>1 P<\/em> 1, 6-9). La vida de los cristianos conoce la experiencia de la alegr\u00eda y el sufrimiento. Cu\u00e1ntos santos han experimentado la soledad. Cu\u00e1ntos creyentes son probados tambi\u00e9n en nuestros d\u00edas por el silencio de Dios, mientras quisieran escuchar su voz consoladora. Las pruebas de la vida, a la vez que permiten comprender el misterio de la Cruz y participar en los sufrimientos de Cristo (cf. <em>Col<\/em> 1, 24), son preludio de la alegr\u00eda y la esperanza a la que conduce la fe: \u00abCuando soy d\u00e9bil, entonces soy fuerte\u00bb (<em>2 Co<\/em> 12, 10). Nosotros creemos con firme certeza que el Se\u00f1or Jes\u00fas ha vencido el mal y la muerte. Con esta segura confianza nos encomendamos a \u00e9l: presente entre nosotros, vence el poder del maligno (cf. <em>Lc<\/em> 11, 20), y la Iglesia, comunidad visible de su misericordia, permanece en \u00e9l como signo de la reconciliaci\u00f3n definitiva con el Padre.<\/p>\n<p>Confiemos a la Madre de Dios, proclamada \u00abbienaventurada porque ha cre\u00eddo\u00bb (<em>Lc<\/em> 1, 45), este tiempo de gracia.<\/p>\n<p><em>Dado en Roma, junto a San Pedro, el 11 de octubre del a\u00f1o 2011, s\u00e9ptimo de mi Pontificado.<\/em><\/p>\n<p align=\"center\"><strong>BENEDICTO XVI<\/strong><\/p>\n<hr \/>\n<h2 align=\"left\">Descarga el Documento completo en formato Word:<\/h2>\n<table border=\"0\" width=\"256\" align=\"center\">\n<tbody>\n<tr>\n<td>Formato DOC <em>(Microsoft Word):<\/em><\/td>\n<\/tr>\n<tr>\n<td><a href=\"http:\/\/vicencianos.org\/?dl_id=261\" target=\"_blank\" rel=\"noopener noreferrer\"><img data-recalc-dims=\"1\" loading=\"lazy\" decoding=\"async\" src=\"https:\/\/i0.wp.com\/vicencianos.org\/vicencianos\/files\/doc.png?resize=256%2C256\" alt=\"DOC\" width=\"256\" height=\"256\" \/><\/a><\/td>\n<\/tr>\n<\/tbody>\n<\/table>\n","protected":false},"excerpt":{"rendered":"<p>&nbsp; \u00abQue la fe sea compa\u00f1era de vida, compromiso a convertirnos en un signo vivo de la presencia de Cristo resucitado en el mundo\u00bb. El d\u00eda 11 de octubre, el Santo Padre, el Papa Benedicto &#8230; <a href=\"http:\/\/vincentians.com\/es\/carta-apostolica-porta-fidei\/\" class=\"more-link\">Read More<\/a><\/p>\n","protected":false},"author":4,"featured_media":400152,"comment_status":"open","ping_status":"open","sticky":false,"template":"","format":"standard","meta":{"jetpack_post_was_ever_published":false,"_jetpack_newsletter_access":"","_jetpack_dont_email_post_to_subs":false,"_jetpack_newsletter_tier_id":0,"_jetpack_memberships_contains_paywalled_content":false,"_jetpack_memberships_contains_paid_content":false,"footnotes":"","jetpack_publicize_message":"","jetpack_publicize_feature_enabled":true,"jetpack_social_post_already_shared":true,"jetpack_social_options":{"image_generator_settings":{"template":"highway","default_image_id":0,"font":"","enabled":false},"version":2}},"categories":[100,29],"tags":[],"class_list":["post-53981","post","type-post","status-publish","format-standard","has-post-thumbnail","hentry","category-documentos-pontificios","category-formacion-cristiana"],"yoast_head":"<!-- This site is optimized with the Yoast SEO plugin v26.3 - https:\/\/yoast.com\/wordpress\/plugins\/seo\/ -->\n<title>Carta apost\u00f3lica &quot;Porta Fidei&quot; - Somos Vicencianos<\/title>\n<meta name=\"robots\" content=\"index, follow, max-snippet:-1, max-image-preview:large, max-video-preview:-1\" \/>\n<link rel=\"canonical\" href=\"https:\/\/vincentians.com\/es\/carta-apostolica-porta-fidei\/\" \/>\n<meta property=\"og:locale\" content=\"es_ES\" \/>\n<meta property=\"og:type\" content=\"article\" \/>\n<meta property=\"og:title\" content=\"Carta apost\u00f3lica &quot;Porta Fidei&quot; - Somos Vicencianos\" \/>\n<meta property=\"og:description\" content=\"&nbsp; \u00abQue la fe sea compa\u00f1era de vida, compromiso a convertirnos en un signo vivo de la presencia de Cristo resucitado en el mundo\u00bb. El d\u00eda 11 de octubre, el Santo Padre, el Papa Benedicto ... Read More\" \/>\n<meta property=\"og:url\" content=\"https:\/\/vincentians.com\/es\/carta-apostolica-porta-fidei\/\" \/>\n<meta property=\"og:site_name\" content=\"Somos Vicencianos\" \/>\n<meta property=\"article:publisher\" content=\"https:\/\/www.facebook.com\/WeAreVincentians\/\" \/>\n<meta property=\"article:author\" content=\"https:\/\/www.facebook.com\/JavierChento\" \/>\n<meta property=\"article:published_time\" content=\"2019-07-29T06:15:34+00:00\" \/>\n<meta property=\"og:image\" content=\"https:\/\/i0.wp.com\/vincentians.com\/es\/wp-content\/uploads\/sites\/11\/2016\/10\/ranquines.jpg?fit=1200%2C630&ssl=1\" \/>\n\t<meta property=\"og:image:width\" content=\"1200\" \/>\n\t<meta property=\"og:image:height\" content=\"630\" \/>\n\t<meta property=\"og:image:type\" content=\"image\/jpeg\" \/>\n<meta name=\"author\" content=\"Francisco Javier Fern\u00e1ndez Chento\" \/>\n<meta name=\"twitter:card\" content=\"summary_large_image\" \/>\n<meta name=\"twitter:creator\" content=\"@https:\/\/twitter.com\/javierchento\" \/>\n<meta name=\"twitter:site\" content=\"@WeVincentians\" \/>\n<meta name=\"twitter:label1\" content=\"Escrito por\" \/>\n\t<meta name=\"twitter:data1\" content=\"Francisco Javier Fern\u00e1ndez Chento\" \/>\n\t<meta name=\"twitter:label2\" content=\"Tiempo de lectura\" \/>\n\t<meta name=\"twitter:data2\" content=\"46 minutos\" \/>\n<script type=\"application\/ld+json\" class=\"yoast-schema-graph\">{\"@context\":\"https:\/\/schema.org\",\"@graph\":[{\"@type\":\"Article\",\"@id\":\"https:\/\/vincentians.com\/es\/carta-apostolica-porta-fidei\/#article\",\"isPartOf\":{\"@id\":\"https:\/\/vincentians.com\/es\/carta-apostolica-porta-fidei\/\"},\"author\":{\"name\":\"Francisco Javier Fern\u00e1ndez Chento\",\"@id\":\"https:\/\/vincentians.com\/es\/#\/schema\/person\/9623ef4d9aa3b2dfb8c061f1499288f2\"},\"headline\":\"Carta apost\u00f3lica \u00abPorta Fidei\u00bb\",\"datePublished\":\"2019-07-29T06:15:34+00:00\",\"mainEntityOfPage\":{\"@id\":\"https:\/\/vincentians.com\/es\/carta-apostolica-porta-fidei\/\"},\"wordCount\":9119,\"commentCount\":0,\"publisher\":{\"@id\":\"https:\/\/vincentians.com\/es\/#organization\"},\"image\":{\"@id\":\"https:\/\/vincentians.com\/es\/carta-apostolica-porta-fidei\/#primaryimage\"},\"thumbnailUrl\":\"https:\/\/i0.wp.com\/vincentians.com\/es\/wp-content\/uploads\/sites\/11\/2016\/10\/ranquines.jpg?fit=1200%2C630\",\"articleSection\":[\"Documentos Pontificios\",\"Formaci\u00f3n Cristiana\"],\"inLanguage\":\"es\",\"potentialAction\":[{\"@type\":\"CommentAction\",\"name\":\"Comment\",\"target\":[\"https:\/\/vincentians.com\/es\/carta-apostolica-porta-fidei\/#respond\"]}]},{\"@type\":\"WebPage\",\"@id\":\"https:\/\/vincentians.com\/es\/carta-apostolica-porta-fidei\/\",\"url\":\"https:\/\/vincentians.com\/es\/carta-apostolica-porta-fidei\/\",\"name\":\"Carta apost\u00f3lica \\\"Porta Fidei\\\" - Somos Vicencianos\",\"isPartOf\":{\"@id\":\"https:\/\/vincentians.com\/es\/#website\"},\"primaryImageOfPage\":{\"@id\":\"https:\/\/vincentians.com\/es\/carta-apostolica-porta-fidei\/#primaryimage\"},\"image\":{\"@id\":\"https:\/\/vincentians.com\/es\/carta-apostolica-porta-fidei\/#primaryimage\"},\"thumbnailUrl\":\"https:\/\/i0.wp.com\/vincentians.com\/es\/wp-content\/uploads\/sites\/11\/2016\/10\/ranquines.jpg?fit=1200%2C630\",\"datePublished\":\"2019-07-29T06:15:34+00:00\",\"breadcrumb\":{\"@id\":\"https:\/\/vincentians.com\/es\/carta-apostolica-porta-fidei\/#breadcrumb\"},\"inLanguage\":\"es\",\"potentialAction\":[{\"@type\":\"ReadAction\",\"target\":[\"https:\/\/vincentians.com\/es\/carta-apostolica-porta-fidei\/\"]}]},{\"@type\":\"ImageObject\",\"inLanguage\":\"es\",\"@id\":\"https:\/\/vincentians.com\/es\/carta-apostolica-porta-fidei\/#primaryimage\",\"url\":\"https:\/\/i0.wp.com\/vincentians.com\/es\/wp-content\/uploads\/sites\/11\/2016\/10\/ranquines.jpg?fit=1200%2C630\",\"contentUrl\":\"https:\/\/i0.wp.com\/vincentians.com\/es\/wp-content\/uploads\/sites\/11\/2016\/10\/ranquines.jpg?fit=1200%2C630\",\"width\":1200,\"height\":630},{\"@type\":\"BreadcrumbList\",\"@id\":\"https:\/\/vincentians.com\/es\/carta-apostolica-porta-fidei\/#breadcrumb\",\"itemListElement\":[{\"@type\":\"ListItem\",\"position\":1,\"name\":\"Portada\",\"item\":\"https:\/\/vincentians.com\/es\/\"},{\"@type\":\"ListItem\",\"position\":2,\"name\":\"Carta apost\u00f3lica \u00abPorta Fidei\u00bb\"}]},{\"@type\":\"WebSite\",\"@id\":\"https:\/\/vincentians.com\/es\/#website\",\"url\":\"https:\/\/vincentians.com\/es\/\",\"name\":\"Somos Vicencianos\",\"description\":\"Know more to serve more\",\"publisher\":{\"@id\":\"https:\/\/vincentians.com\/es\/#organization\"},\"potentialAction\":[{\"@type\":\"SearchAction\",\"target\":{\"@type\":\"EntryPoint\",\"urlTemplate\":\"https:\/\/vincentians.com\/es\/?s={search_term_string}\"},\"query-input\":{\"@type\":\"PropertyValueSpecification\",\"valueRequired\":true,\"valueName\":\"search_term_string\"}}],\"inLanguage\":\"es\"},{\"@type\":\"Organization\",\"@id\":\"https:\/\/vincentians.com\/es\/#organization\",\"name\":\"The Vincentian Network\",\"url\":\"https:\/\/vincentians.com\/es\/\",\"logo\":{\"@type\":\"ImageObject\",\"inLanguage\":\"es\",\"@id\":\"https:\/\/vincentians.com\/es\/#\/schema\/logo\/image\/\",\"url\":\"https:\/\/i1.wp.com\/vincentians.com\/es\/wp-content\/uploads\/sites\/11\/2016\/06\/Vincentian-Network-logo-big.png?fit=778%2C778\",\"contentUrl\":\"https:\/\/i1.wp.com\/vincentians.com\/es\/wp-content\/uploads\/sites\/11\/2016\/06\/Vincentian-Network-logo-big.png?fit=778%2C778\",\"width\":778,\"height\":778,\"caption\":\"The Vincentian Network\"},\"image\":{\"@id\":\"https:\/\/vincentians.com\/es\/#\/schema\/logo\/image\/\"},\"sameAs\":[\"https:\/\/www.facebook.com\/WeAreVincentians\/\",\"https:\/\/x.com\/WeVincentians\"]},{\"@type\":\"Person\",\"@id\":\"https:\/\/vincentians.com\/es\/#\/schema\/person\/9623ef4d9aa3b2dfb8c061f1499288f2\",\"name\":\"Francisco Javier Fern\u00e1ndez Chento\",\"image\":{\"@type\":\"ImageObject\",\"inLanguage\":\"es\",\"@id\":\"https:\/\/vincentians.com\/es\/#\/schema\/person\/image\/\",\"url\":\"https:\/\/secure.gravatar.com\/avatar\/497d5cde87b4c3d097d0315953521681ba2cd523ee66e5077c3711f7021e65de?s=96&d=mm&r=g\",\"contentUrl\":\"https:\/\/secure.gravatar.com\/avatar\/497d5cde87b4c3d097d0315953521681ba2cd523ee66e5077c3711f7021e65de?s=96&d=mm&r=g\",\"caption\":\"Francisco Javier Fern\u00e1ndez Chento\"},\"description\":\"Director General y cofundador de La Red de Formaci\u00f3n Vicenciana. Javier es laico vicenciano, afiliado a la Congregaci\u00f3n de la Misi\u00f3n y miembro del Equipo de Misiones Populares de la provincia can\u00f3nica de Zaragoza (Espa\u00f1a) de la Congregaci\u00f3n de la Misi\u00f3n. Graduado en la Universidad Oberta de Catalunya con cuatro grados (Asistente de direcci\u00f3n, Gesti\u00f3n Administrativa, Recursos Humanos y Contabilidad Avanzada). Bil\u00edng\u00fce Espa\u00f1ol\/Ingl\u00e9s. gestiona y mantiene varias p\u00e1ginas web cristianas y vicencianas, incluida including La Red de Formaci\u00f3n Vicenciana, de la que es cofundador. Actualmente es responsable del \u00e1rea de Espa\u00f1ol de .famvin, la Red de Noticias de la Familia Vicenciana. Tambi\u00e9n es m\u00fasico cat\u00f3lico y ha editado varios discos. Es Director General y cofundador de Trovador, una reconocida compa\u00f1\u00eda discogr\u00e1fica critiana de Espa\u00f1a. Trabaja en las Tecnolog\u00edas de la Informaci\u00f3n, ofreciendo servicios de alojamiento, dise\u00f1o y mantenimiento Web, as\u00ed como asesoramiento, formaci\u00f3n y soluciones inform\u00e1ticas, gesti\u00f3n documental y digitalizaci\u00f3n de textos, edici\u00f3n y maquetaci\u00f3n de libros, revistas, flyers, etc.\",\"sameAs\":[\"http:\/\/chento.org\",\"https:\/\/www.facebook.com\/JavierChento\",\"https:\/\/x.com\/https:\/\/twitter.com\/javierchento\"],\"url\":\"http:\/\/vincentians.com\/es\/author\/chento\/\"}]}<\/script>\n<!-- \/ Yoast SEO plugin. -->","yoast_head_json":{"title":"Carta apost\u00f3lica \"Porta Fidei\" - Somos Vicencianos","robots":{"index":"index","follow":"follow","max-snippet":"max-snippet:-1","max-image-preview":"max-image-preview:large","max-video-preview":"max-video-preview:-1"},"canonical":"https:\/\/vincentians.com\/es\/carta-apostolica-porta-fidei\/","og_locale":"es_ES","og_type":"article","og_title":"Carta apost\u00f3lica \"Porta Fidei\" - Somos Vicencianos","og_description":"&nbsp; \u00abQue la fe sea compa\u00f1era de vida, compromiso a convertirnos en un signo vivo de la presencia de Cristo resucitado en el mundo\u00bb. El d\u00eda 11 de octubre, el Santo Padre, el Papa Benedicto ... Read More","og_url":"https:\/\/vincentians.com\/es\/carta-apostolica-porta-fidei\/","og_site_name":"Somos Vicencianos","article_publisher":"https:\/\/www.facebook.com\/WeAreVincentians\/","article_author":"https:\/\/www.facebook.com\/JavierChento","article_published_time":"2019-07-29T06:15:34+00:00","og_image":[{"width":1200,"height":630,"url":"https:\/\/i0.wp.com\/vincentians.com\/es\/wp-content\/uploads\/sites\/11\/2016\/10\/ranquines.jpg?fit=1200%2C630&ssl=1","type":"image\/jpeg"}],"author":"Francisco Javier Fern\u00e1ndez Chento","twitter_card":"summary_large_image","twitter_creator":"@https:\/\/twitter.com\/javierchento","twitter_site":"@WeVincentians","twitter_misc":{"Escrito por":"Francisco Javier Fern\u00e1ndez Chento","Tiempo de lectura":"46 minutos"},"schema":{"@context":"https:\/\/schema.org","@graph":[{"@type":"Article","@id":"https:\/\/vincentians.com\/es\/carta-apostolica-porta-fidei\/#article","isPartOf":{"@id":"https:\/\/vincentians.com\/es\/carta-apostolica-porta-fidei\/"},"author":{"name":"Francisco Javier Fern\u00e1ndez Chento","@id":"https:\/\/vincentians.com\/es\/#\/schema\/person\/9623ef4d9aa3b2dfb8c061f1499288f2"},"headline":"Carta apost\u00f3lica \u00abPorta Fidei\u00bb","datePublished":"2019-07-29T06:15:34+00:00","mainEntityOfPage":{"@id":"https:\/\/vincentians.com\/es\/carta-apostolica-porta-fidei\/"},"wordCount":9119,"commentCount":0,"publisher":{"@id":"https:\/\/vincentians.com\/es\/#organization"},"image":{"@id":"https:\/\/vincentians.com\/es\/carta-apostolica-porta-fidei\/#primaryimage"},"thumbnailUrl":"https:\/\/i0.wp.com\/vincentians.com\/es\/wp-content\/uploads\/sites\/11\/2016\/10\/ranquines.jpg?fit=1200%2C630","articleSection":["Documentos Pontificios","Formaci\u00f3n Cristiana"],"inLanguage":"es","potentialAction":[{"@type":"CommentAction","name":"Comment","target":["https:\/\/vincentians.com\/es\/carta-apostolica-porta-fidei\/#respond"]}]},{"@type":"WebPage","@id":"https:\/\/vincentians.com\/es\/carta-apostolica-porta-fidei\/","url":"https:\/\/vincentians.com\/es\/carta-apostolica-porta-fidei\/","name":"Carta apost\u00f3lica \"Porta Fidei\" - Somos Vicencianos","isPartOf":{"@id":"https:\/\/vincentians.com\/es\/#website"},"primaryImageOfPage":{"@id":"https:\/\/vincentians.com\/es\/carta-apostolica-porta-fidei\/#primaryimage"},"image":{"@id":"https:\/\/vincentians.com\/es\/carta-apostolica-porta-fidei\/#primaryimage"},"thumbnailUrl":"https:\/\/i0.wp.com\/vincentians.com\/es\/wp-content\/uploads\/sites\/11\/2016\/10\/ranquines.jpg?fit=1200%2C630","datePublished":"2019-07-29T06:15:34+00:00","breadcrumb":{"@id":"https:\/\/vincentians.com\/es\/carta-apostolica-porta-fidei\/#breadcrumb"},"inLanguage":"es","potentialAction":[{"@type":"ReadAction","target":["https:\/\/vincentians.com\/es\/carta-apostolica-porta-fidei\/"]}]},{"@type":"ImageObject","inLanguage":"es","@id":"https:\/\/vincentians.com\/es\/carta-apostolica-porta-fidei\/#primaryimage","url":"https:\/\/i0.wp.com\/vincentians.com\/es\/wp-content\/uploads\/sites\/11\/2016\/10\/ranquines.jpg?fit=1200%2C630","contentUrl":"https:\/\/i0.wp.com\/vincentians.com\/es\/wp-content\/uploads\/sites\/11\/2016\/10\/ranquines.jpg?fit=1200%2C630","width":1200,"height":630},{"@type":"BreadcrumbList","@id":"https:\/\/vincentians.com\/es\/carta-apostolica-porta-fidei\/#breadcrumb","itemListElement":[{"@type":"ListItem","position":1,"name":"Portada","item":"https:\/\/vincentians.com\/es\/"},{"@type":"ListItem","position":2,"name":"Carta apost\u00f3lica \u00abPorta Fidei\u00bb"}]},{"@type":"WebSite","@id":"https:\/\/vincentians.com\/es\/#website","url":"https:\/\/vincentians.com\/es\/","name":"Somos Vicencianos","description":"Know more to serve more","publisher":{"@id":"https:\/\/vincentians.com\/es\/#organization"},"potentialAction":[{"@type":"SearchAction","target":{"@type":"EntryPoint","urlTemplate":"https:\/\/vincentians.com\/es\/?s={search_term_string}"},"query-input":{"@type":"PropertyValueSpecification","valueRequired":true,"valueName":"search_term_string"}}],"inLanguage":"es"},{"@type":"Organization","@id":"https:\/\/vincentians.com\/es\/#organization","name":"The Vincentian Network","url":"https:\/\/vincentians.com\/es\/","logo":{"@type":"ImageObject","inLanguage":"es","@id":"https:\/\/vincentians.com\/es\/#\/schema\/logo\/image\/","url":"https:\/\/i1.wp.com\/vincentians.com\/es\/wp-content\/uploads\/sites\/11\/2016\/06\/Vincentian-Network-logo-big.png?fit=778%2C778","contentUrl":"https:\/\/i1.wp.com\/vincentians.com\/es\/wp-content\/uploads\/sites\/11\/2016\/06\/Vincentian-Network-logo-big.png?fit=778%2C778","width":778,"height":778,"caption":"The Vincentian Network"},"image":{"@id":"https:\/\/vincentians.com\/es\/#\/schema\/logo\/image\/"},"sameAs":["https:\/\/www.facebook.com\/WeAreVincentians\/","https:\/\/x.com\/WeVincentians"]},{"@type":"Person","@id":"https:\/\/vincentians.com\/es\/#\/schema\/person\/9623ef4d9aa3b2dfb8c061f1499288f2","name":"Francisco Javier Fern\u00e1ndez Chento","image":{"@type":"ImageObject","inLanguage":"es","@id":"https:\/\/vincentians.com\/es\/#\/schema\/person\/image\/","url":"https:\/\/secure.gravatar.com\/avatar\/497d5cde87b4c3d097d0315953521681ba2cd523ee66e5077c3711f7021e65de?s=96&d=mm&r=g","contentUrl":"https:\/\/secure.gravatar.com\/avatar\/497d5cde87b4c3d097d0315953521681ba2cd523ee66e5077c3711f7021e65de?s=96&d=mm&r=g","caption":"Francisco Javier Fern\u00e1ndez Chento"},"description":"Director General y cofundador de La Red de Formaci\u00f3n Vicenciana. Javier es laico vicenciano, afiliado a la Congregaci\u00f3n de la Misi\u00f3n y miembro del Equipo de Misiones Populares de la provincia can\u00f3nica de Zaragoza (Espa\u00f1a) de la Congregaci\u00f3n de la Misi\u00f3n. Graduado en la Universidad Oberta de Catalunya con cuatro grados (Asistente de direcci\u00f3n, Gesti\u00f3n Administrativa, Recursos Humanos y Contabilidad Avanzada). Bil\u00edng\u00fce Espa\u00f1ol\/Ingl\u00e9s. gestiona y mantiene varias p\u00e1ginas web cristianas y vicencianas, incluida including La Red de Formaci\u00f3n Vicenciana, de la que es cofundador. Actualmente es responsable del \u00e1rea de Espa\u00f1ol de .famvin, la Red de Noticias de la Familia Vicenciana. Tambi\u00e9n es m\u00fasico cat\u00f3lico y ha editado varios discos. Es Director General y cofundador de Trovador, una reconocida compa\u00f1\u00eda discogr\u00e1fica critiana de Espa\u00f1a. Trabaja en las Tecnolog\u00edas de la Informaci\u00f3n, ofreciendo servicios de alojamiento, dise\u00f1o y mantenimiento Web, as\u00ed como asesoramiento, formaci\u00f3n y soluciones inform\u00e1ticas, gesti\u00f3n documental y digitalizaci\u00f3n de textos, edici\u00f3n y maquetaci\u00f3n de libros, revistas, flyers, etc.","sameAs":["http:\/\/chento.org","https:\/\/www.facebook.com\/JavierChento","https:\/\/x.com\/https:\/\/twitter.com\/javierchento"],"url":"http:\/\/vincentians.com\/es\/author\/chento\/"}]}},"jetpack_publicize_connections":[],"jetpack_featured_media_url":"https:\/\/i0.wp.com\/vincentians.com\/es\/wp-content\/uploads\/sites\/11\/2016\/10\/ranquines.jpg?fit=1200%2C630","jetpack_sharing_enabled":true,"jetpack_shortlink":"https:\/\/wp.me\/p7ETMF-e2F","jetpack-related-posts":[{"id":124912,"url":"http:\/\/vincentians.com\/es\/novena-a-la-virgen-milagrosa-2013\/","url_meta":{"origin":53981,"position":0},"title":"Novena a la Virgen Milagrosa 2013","author":"Francisco Javier Fern\u00e1ndez Chento","date":"09\/11\/2013","format":false,"excerpt":"Seguimos la entra\u00f1able y participativa tradici\u00f3n de honrar a la Virgen Mar\u00eda, la Inmaculada de la Medalla Milagrosa, con la celebraci\u00f3n de la novena en la iglesia a ella dedicada y conocida en Pamplona como \"iglesia de La Milagrosa\". Seguimos la arraigada tradici\u00f3n de preparar con esmero, y con la\u2026","rel":"","context":"En \u00abVirgen Mar\u00eda\u00bb","block_context":{"text":"Virgen Mar\u00eda","link":"http:\/\/vincentians.com\/es\/category\/espiritualidad\/virgen-maria\/"},"img":{"alt_text":"","src":"https:\/\/i0.wp.com\/vicencianos.org\/wp-content\/2012\/11\/Milagrosa_Pamplona_2013-201x300.jpg?resize=350%2C200","width":350,"height":200},"classes":[]},{"id":116327,"url":"http:\/\/vincentians.com\/es\/el-concilio-vaticano-ii-y-el-ano-de-la-fe-catequesis-1\/","url_meta":{"origin":53981,"position":1},"title":"El Concilio Vaticano II y el A\u00f1o de la Fe (Catequesis 1)","author":"Francisco Javier Fern\u00e1ndez Chento","date":"16\/12\/2012","format":false,"excerpt":"Introducci\u00f3n: Discurso de Antonio Maria Rouco Varela, presidente de la CEE, en la apertura de la 99\u00aa Asamblea Plenaria de la CEE (Madrid, 23\/28-4-2012), y cuyo t\u00edtulo es \"salir de la crisis precisa de la caridad\". Dos son las partes que comprende este \"discurso\": El plan pastoral, la nueva evangelizaci\u00f3n\u2026","rel":"","context":"En \u00abFormaci\u00f3n Cristiana\u00bb","block_context":{"text":"Formaci\u00f3n Cristiana","link":"http:\/\/vincentians.com\/es\/category\/formacion-cristiana\/"},"img":{"alt_text":"logoanodelafe2","src":"https:\/\/i0.wp.com\/vicencianos.org\/wp-content\/2012\/12\/logoanodelafe2-296x300.jpg?resize=350%2C200","width":350,"height":200},"classes":[]},{"id":116549,"url":"http:\/\/vincentians.com\/es\/porta-fidei-la-puerta-de-la-fe-catequesis-2\/","url_meta":{"origin":53981,"position":2},"title":"Porta Fidei (La puerta de la fe) (Catequesis 2)","author":"Francisco Javier Fern\u00e1ndez Chento","date":"17\/12\/2012","format":false,"excerpt":"Carta Apost\u00f3lica de S.S. Benedicto XVI. n\u00ba 1. \u00bfQu\u00e9 es eso de la \"puerta de la fe\"? El Papa Benedicto nos dice textualmente que \" la puerta de la fe\",(cf He 14,27): que introducen en la vida de comuni\u00f3n con Dios y permite la entrada en su Iglesia, est\u00e1 siempre\u2026","rel":"","context":"En \u00abFormaci\u00f3n Cristiana\u00bb","block_context":{"text":"Formaci\u00f3n Cristiana","link":"http:\/\/vincentians.com\/es\/category\/formacion-cristiana\/"},"img":{"alt_text":"","src":"","width":0,"height":0},"classes":[]},{"id":114676,"url":"http:\/\/vincentians.com\/es\/novena-a-la-virgen-milagrosa-2012\/","url_meta":{"origin":53981,"position":3},"title":"Novena a la Virgen Milagrosa 2012","author":"Francisco Javier Fern\u00e1ndez Chento","date":"02\/11\/2012","format":false,"excerpt":"La Virgen Milagrosa un a\u00f1o m\u00e1s nos convoca en torno al altar de la Eucarist\u00eda y en torno a la mesa de la Palabra. Un a\u00f1o m\u00e1s la comunidad de \"La Milagrosa\" de los Misioneros Pa\u00fales de Pamplona presenta con humildad estos materiales para ayudarnos y ayudar a quienes deseen\u2026","rel":"","context":"En \u00abVirgen Mar\u00eda\u00bb","block_context":{"text":"Virgen Mar\u00eda","link":"http:\/\/vincentians.com\/es\/category\/espiritualidad\/virgen-maria\/"},"img":{"alt_text":"","src":"https:\/\/i0.wp.com\/vicencianos.org\/wp-content\/2012\/11\/novena_milagrosa_2012_portada-211x300.jpg?resize=350%2C200","width":350,"height":200},"classes":[]},{"id":120725,"url":"http:\/\/vincentians.com\/es\/los-movimientos-juveniles-como-transmisores-de-la-fe\/","url_meta":{"origin":53981,"position":4},"title":"Los movimientos juveniles como transmisores de la fe","author":"Francisco Javier Fern\u00e1ndez Chento","date":"15\/10\/2022","format":false,"excerpt":"En la Jornada Mundial de la Juventud en Colonia (agosto de 2005) pude sentir el peso de los \"movimientos juve\u00adniles\" en la pastoral con j\u00f3venes. A pesar de la unidad que se viv\u00eda entre todos los convocados por Cristo, se apreciaba la pluralidad y riqueza de \"carismas\" que se manifestaban\u2026","rel":"","context":"En \u00abJuventud\u00bb","block_context":{"text":"Juventud","link":"http:\/\/vincentians.com\/es\/category\/servicios-y-ministerios\/juventud\/"},"img":{"alt_text":"","src":"https:\/\/i0.wp.com\/vincentians.com\/es\/wp-content\/uploads\/sites\/11\/2016\/08\/iglesia-de-los-pobres.jpg?fit=1200%2C630&resize=350%2C200","width":350,"height":200,"srcset":"https:\/\/i0.wp.com\/vincentians.com\/es\/wp-content\/uploads\/sites\/11\/2016\/08\/iglesia-de-los-pobres.jpg?fit=1200%2C630&resize=350%2C200 1x, https:\/\/i0.wp.com\/vincentians.com\/es\/wp-content\/uploads\/sites\/11\/2016\/08\/iglesia-de-los-pobres.jpg?fit=1200%2C630&resize=525%2C300 1.5x, https:\/\/i0.wp.com\/vincentians.com\/es\/wp-content\/uploads\/sites\/11\/2016\/08\/iglesia-de-los-pobres.jpg?fit=1200%2C630&resize=700%2C400 2x, https:\/\/i0.wp.com\/vincentians.com\/es\/wp-content\/uploads\/sites\/11\/2016\/08\/iglesia-de-los-pobres.jpg?fit=1200%2C630&resize=1050%2C600 3x"},"classes":[]},{"id":104293,"url":"http:\/\/vincentians.com\/es\/novena-biblica-en-honor-al-beato-federico-ozanam-dia-septimo\/","url_meta":{"origin":53981,"position":5},"title":"Novena b\u00edblica en honor al beato Federico Ozanam: D\u00eda s\u00e9ptimo","author":"Francisco Javier Fern\u00e1ndez Chento","date":"07\/09\/2012","format":false,"excerpt":"Oraci\u00f3n Oh Dios de Caridad infinita, que no dejas de compadecerte de nosotros y contin\u00faas la obra misericordiosa de tu Divino Hijo Jesucristo en la historia de cada hombre. Te damos infinitas gracias por el amor que se hace manifiesto por medio de la gracia bautismal en todos y cada\u2026","rel":"","context":"En \u00abFederico Ozanam\u00bb","block_context":{"text":"Federico Ozanam","link":"http:\/\/vincentians.com\/es\/category\/la-familia-vicenciana\/fundadores\/federico-ozanam\/"},"img":{"alt_text":"","src":"https:\/\/i0.wp.com\/vicencianos.org\/wp-content\/2012\/09\/beato_ozanam_pobre-225x300.jpg?resize=350%2C200","width":350,"height":200},"classes":[]}],"_links":{"self":[{"href":"http:\/\/vincentians.com\/es\/wp-json\/wp\/v2\/posts\/53981","targetHints":{"allow":["GET"]}}],"collection":[{"href":"http:\/\/vincentians.com\/es\/wp-json\/wp\/v2\/posts"}],"about":[{"href":"http:\/\/vincentians.com\/es\/wp-json\/wp\/v2\/types\/post"}],"author":[{"embeddable":true,"href":"http:\/\/vincentians.com\/es\/wp-json\/wp\/v2\/users\/4"}],"replies":[{"embeddable":true,"href":"http:\/\/vincentians.com\/es\/wp-json\/wp\/v2\/comments?post=53981"}],"version-history":[{"count":1,"href":"http:\/\/vincentians.com\/es\/wp-json\/wp\/v2\/posts\/53981\/revisions"}],"predecessor-version":[{"id":402373,"href":"http:\/\/vincentians.com\/es\/wp-json\/wp\/v2\/posts\/53981\/revisions\/402373"}],"wp:featuredmedia":[{"embeddable":true,"href":"http:\/\/vincentians.com\/es\/wp-json\/wp\/v2\/media\/400152"}],"wp:attachment":[{"href":"http:\/\/vincentians.com\/es\/wp-json\/wp\/v2\/media?parent=53981"}],"wp:term":[{"taxonomy":"category","embeddable":true,"href":"http:\/\/vincentians.com\/es\/wp-json\/wp\/v2\/categories?post=53981"},{"taxonomy":"post_tag","embeddable":true,"href":"http:\/\/vincentians.com\/es\/wp-json\/wp\/v2\/tags?post=53981"}],"curies":[{"name":"wp","href":"https:\/\/api.w.org\/{rel}","templated":true}]}}