{"id":53889,"date":"2011-10-20T04:00:55","date_gmt":"2011-10-20T02:00:55","guid":{"rendered":"http:\/\/somos.vicencianos.org\/?p=53889"},"modified":"2011-10-20T04:00:55","modified_gmt":"2011-10-20T02:00:55","slug":"criterios-para-discernir-el-espiritu","status":"publish","type":"post","link":"http:\/\/vincentians.com\/es\/criterios-para-discernir-el-espiritu\/","title":{"rendered":"Criterios para discernir el Esp\u00edritu"},"content":{"rendered":"<p><a href=\"https:\/\/i0.wp.com\/vicencianos.org\/wp-content\/2011\/10\/logohijascaridad.jpg\"><img data-recalc-dims=\"1\" loading=\"lazy\" decoding=\"async\" class=\"size-full wp-image-53519 alignright\" title=\"logohijascaridad\" src=\"https:\/\/i0.wp.com\/vicencianos.org\/wp-content\/2011\/10\/logohijascaridad.jpg?resize=180%2C191\" alt=\"\" width=\"180\" height=\"191\" \/><\/a>\u00bfC\u00f3mo pueden las Hijas de la Caridad saber si viven verdaderamente del esp\u00edritu de su vocaci\u00f3n? \u00bfCon qu\u00e9 medios pueden contar para intensificar y renovar constantemente en ellas ese esp\u00edritu?<\/p>\n<p>San Vicente les da tres consignas fundamentales:<\/p>\n<ul>\n<li>Vividlo.<\/li>\n<li>Cobrad nuevas fuerzas&#8230;<\/li>\n<li>Manteneos en estado de conversi\u00f3n permanente.<\/li>\n<\/ul>\n<h2><strong>A.- Vivid<\/strong><strong><\/strong><\/h2>\n<p>Sin duda,<\/p>\n<p style=\"padding-left: 30px\"><em>\u00abes de la mayor importancia que las Hijas de la Caridad sepan en <\/em><em>qu\u00e9 consiste este esp\u00edritu, tanto como lo es para una persona que <\/em><em>quiere hacer un viaje saber el camino por donde se va al lugar al que quiere dirigirse\u00bb <\/em>(C. IX, 582).<\/p>\n<p>Pero San Vicente sabe mejor que nadie que las cosas del esp\u00edritu se aprenden mucho m\u00e1s vivi\u00e9ndolas que haciendo disertaciones sobre ellas. El Amor no puede reducirse a una ecuaci\u00f3n algebr\u00e1ica; se expresa, se prue\u00adba, se da, se entrega. La experiencia \u2014en el sentido m\u00e1s rico de la pala\u00adbra\u2014 es en este caso el criterio m\u00e1s seguro:<\/p>\n<p style=\"padding-left: 30px\"><em>\u00abEl primer amor es afectivo y el segundo efectivo. Ahora bien, hijas m\u00edas, <strong>hay que tener esos dos amores.<\/strong><\/em><\/p>\n<p style=\"padding-left: 30px\"><em>El esp\u00edritu de la Compa\u00f1\u00eda de las pobres Hijas de la Caridad consiste en esas dos clases de amor, hacia Dios v tambi\u00e9n hacia el pr\u00f3jimo, empezando por las propias Hermanas; consiste tambi\u00e9n en la humil\u00addad y en la sencillez, de tal suerte que una Hermana es verdadera Hija de la Caridad cuando posee esas virtudes.<\/em><\/p>\n<p style=\"padding-left: 30px\"><em>Por el contrario, si veis una Hermana que no tiene caridad, una Her\u00admana vanidosa, astuta, cautelosa, esa no es Hija de la Caridad\u00bb<\/em> (C. IX, 599).<\/p>\n<p>San Vicente remite, pues, a las Hermanas a sus propias convicciones; convicciones que se traslucen de una manera concreta en su comporta\u00admiento:<\/p>\n<p style=\"padding-left: 30px\"><em>\u00abUna Hija de la Caridad que no tiene esp\u00edritu de Caridad est\u00e1 muerta; vive, s\u00ed, con vida animal, pero su vida sobrenatural est\u00e1 muerta.<\/em><\/p>\n<p style=\"padding-left: 30px\"><em><strong>\u00a1Ah! \u00a1cu\u00e1nto agrada a Dios una Hermana que trabaja por adquirir <\/strong><strong>esas virtudes! <\/strong>A esa Hermana, \u00c9l la ama, se complace en ella, es como un hermoso sol a sus ojos; se la muestra a los bienaventurados y a las Hermanas que est\u00e1n ya en el Cielo.<\/em><\/p>\n<p style=\"padding-left: 30px\"><em>Ahora, pues, mis queridas Hermanas, tomemos la resoluci\u00f3n de per\u00adfeccionarnos, cueste lo que cueste y dig\u00e1monos cada d\u00eda: quiero ser caritativa humilde y sencilla\u00bb<\/em> (C. IX, 606).<\/p>\n<h2><strong>B.- Cobrad nuevas fuerzas<\/strong><\/h2>\n<p>Para ello, no hay mejor medio que acudir a la fuente, a la verdadera fuente. \u00bfD\u00f3nde est\u00e1?<\/p>\n<h3><strong>1) El Se\u00f1or es esa fuente<\/strong><\/h3>\n<p>Ya hemos visto la insistencia con que San Vicente nos dice que Dios es el \u00fanico Autor de la Compa\u00f1\u00eda, y por lo tanto, tambi\u00e9n la fuente de su esp\u00edritu:<\/p>\n<p style=\"padding-left: 30px\"><em>\u00abSi hay algo que tengamos que pedir a Dios, es nuestro esp\u00edritu; ya <\/em><em>os lo dec\u00eda \u00faltimamente, porque es la vida de nuestra alma. <\/em><em>Ped\u00eddselo a Dios, Hermanas m\u00edas, en la oraci\u00f3n, en todas vuestras <\/em><em>plegarias, lo m\u00e1s a menudo que pod\u00e1is\u00bb <\/em>(Ibid.).<\/p>\n<p>De hecho, el Fundador hab\u00eda dicho ya en la conferencia anterior:<\/p>\n<p style=\"padding-left: 30px\"><em>\u00abPodr\u00edais hacerme esta objeci\u00f3n: &#8216;Se\u00f1or, est\u00e1 muy bien lo que dice usted, pero \u00bfqu\u00e9 medios tenemos para adquirir ese esp\u00edritu y con\u00adservarlo&#8217;?<\/em><\/p>\n<p style=\"padding-left: 30px\"><em>Hermanas, os recomiendo dos cosas: la primera, que lo pid\u00e1is todos los d\u00edas a Dios en la oraci\u00f3n de la ma\u00f1ana, en la Santa Misa, a me\u00addiod\u00eda, a lo largo del d\u00eda, sobre todo al empezar las acciones princi\u00adpales, dici\u00e9ndoos a vosotras mismas: &#8216;\u00bfhago esta acci\u00f3n por caridad, por amor de Dios? o \u00bfla hago porque me place, por vana compla\u00adcencia?'\u00bb<\/em> (C. IX, 596).<\/p>\n<p>Y nos encontramos en esta conferencia con una expresi\u00f3n semejante a la que San Vicente hab\u00eda ya empleado diez a\u00f1os antes cuando habl\u00f3 sobre las buenas aldeanas; lo que no deja de ser significativo:<\/p>\n<p style=\"padding-left: 30px\"><em>\u00abAhora bien, Hermanas m\u00edas, os ruego que record\u00e9is esto, porque si alguna vez se os ha hecho una conferencia provechosa, es \u00e9sta.<\/em><\/p>\n<p style=\"padding-left: 30px\"><em>Si algo hay en el mundo que teng\u00e1is que pedir a Dios, es indudable\u00admente vuestro esp\u00edritu; y si ten\u00e9is que entregaros a Dios para alg\u00fan fin, es para \u00e9ste.<\/em><\/p>\n<p style=\"padding-left: 30px\"><em>Que este esp\u00edritu se trasluzca siempre en vosotras, cuando vais y ven\u00eds; que se vea siempre en vosotras el esp\u00edritu de caridad, de humildad y de una gran sencillez; que no uses nunca de astucias. Si viv\u00eds en ese esp\u00edritu, queridas Hermanas \u00a1ah! \u00a1qu\u00e9 feliz ser\u00e1 la Caridad, c\u00f3mo la honrar\u00e9is, c\u00f3mo se multiplicar\u00e1!\u00bb<\/em> (C. IX, 607).<\/p>\n<h3><strong>2) Hay que volver a las fuentes<\/strong><\/h3>\n<p>Los Fundadores sol\u00edan evocar con frecuencia el recuerdo de las pri\u00admeras Hermanas, con el fin de que siguiera &#8216;manando&#8217; el mismo esp\u00edritu:<\/p>\n<p style=\"padding-left: 30px\"><em>\u00abUna cosa que puede serviros de mucho es el recordar las virtudes \u2014que fueron grandes\u2014 de las Hermanas difuntas; v no dudo de que entre ellas haya varias santas; en vuestras Hermanas difuntas en\u00adcontrar\u00e9is las se\u00f1ales del verdadero esp\u00edritu de las Hijas de la Caridad. Imaginaos c\u00f3mo eran, lo que hicieron, y excitaos a imitarlas\u00bb<\/em> (C. II, 585).<\/p>\n<p>Por eso, tambi\u00e9n sol\u00eda San Vicente hacer con alguna frecuencia el relato de los or\u00edgenes de la Compa\u00f1\u00eda.<\/p>\n<p style=\"padding-left: 30px\"><em>\u00abPorque no estabais todas (la \u00faltima vez), volver\u00e9 a repetirlo.\u00bb<\/em><\/p>\n<p>Y siempre que esto hac\u00eda, pon\u00eda especial empe\u00f1o en hacer resaltar la figura de Margarita Naseau. En este a\u00f1o del 350&#8242; aniversario del naci\u00admiento de la Compa\u00f1\u00eda, es cierto que nada m\u00e1s sugestivo podremos en\u00adcontrar que esos breves relatos de los comienzos de nuestra familia espi\u00adritual y ese retrato de la pastora de Suresnes, as\u00ed como las dos confe\u00adrencias sobre las virtudes de Luisa de Marillac.<\/p>\n<p>San Vicente no dejaba de hacer referencia a las j\u00f3venes campesinas:<\/p>\n<p style=\"padding-left: 30px\"><em>\u00abAl haberse Dios dirigido a una pobre muchacha del campo, es que quiere que la Compa\u00f1\u00eda est\u00e9 formada por buenas j\u00f3venes de aldea. Si las hay as\u00ed en las ciudades, tanto mejor: deb\u00e9is pensar que es Dios quien las atrae; pero si viniesen j\u00f3venes de buena posici\u00f3n entre vosotras, ser\u00eda de temer que fuera para perdici\u00f3n de la Compa\u00f1\u00eda, a no ser que tuviesen el esp\u00edritu de las j\u00f3venes aldeanas, porque podr\u00eda ser que Dios se lo otorgara. Si acudieran entre vosotras se\u00f1oritas o se\u00f1oras, habr\u00eda que temer y probarlas bien antes, para cerciorarse de que era el esp\u00edritu de Dios quien las tra\u00eda\u00bb<\/em> (C. IX, 602).<\/p>\n<h3><strong>3) \u00abEs importante que no tom\u00e9is consejo sino de personas que pueden <\/strong><strong>d\u00e1roslo debidamente y a las que Dios haya comunicado vuestro <\/strong><strong>esp\u00edritu\u00bb<\/strong><\/h3>\n<p>Esta frase del 2 de febrero de 1653, expresa una de las convicciones m\u00e1s firmes de San Vicente. Ya sabemos a qu\u00e9 se deb\u00eda: una vez m\u00e1s, a que Dios se hab\u00eda servido de \u00e9l para instituir algo completamente nuevo y original en la Iglesia; si se llegara a perder de vista ese car\u00e1cter espec\u00ed\u00adfico; si se llegara a perder el verdadero esp\u00edritu, ser\u00eda no coincidir ya con designio de Dios y privar a la Iglesia y a los pobres del don que El les ha hecho.<\/p>\n<p>Sobre todo, no vayamos a creer que palabras como \u00e9stas que estamos recordando, no son ya de actualidad, aun cuando requieran hay alguna explicaci\u00f3n para ser debidamente comprendidas:<\/p>\n<p style=\"padding-left: 30px\"><em>\u00abDejad de lado la grandeza de las estimadlas mucho, pero no<\/em><em> busqu\u00e9is su trato, no porque <\/em><em>no sea<\/em><em> bueno y <\/em><em>aun<\/em><em> e<\/em><em>xcelente<\/em><em>, sino <\/em>porque su esp\u00edritu, que con el trato se os pod\u00eda comunicar, no os conviene a vosotras. <em>Esto es cierto tanto de los religiosos <\/em><strong><em>como <\/em><\/strong><em>de las <\/em><em>religiosas. No debas dirigiros nunca ni a unos ni a otras en vuestras <\/em><em>necesidades porque deb\u00e9is temer esa participaci\u00f3n en un esp\u00edritu que no ser\u00eda el que Dios ha dado a vuestra Compa\u00f1\u00eda. Y \u00bfc\u00f3mo podr\u00edais recibir consejo de una persona religiosa cuya vida es del todo dif<\/em><em>erente<\/em><em> a la vuestra y que, de ordinario, no podr\u00eda aconsejaros sino dentro de la l\u00ednea de su propio esp\u00edritu y de sus m\u00e1ximas?<\/em><\/p>\n<p style=\"padding-left: 30px\"><em>Por eso, Hermanas m\u00edas, en nombre de Dios, no busqu\u00e9is su trato, <\/em>adem\u00e1s de que no pod\u00e9is hacerlo sin causar perjuicio al servicio a los pobres <em>o a los ni\u00f1os, que os necesitan a todas las horas, ya sea <\/em><em>porque vais a verlos a sus casas o porque prepar\u00e1is en la vuestra lo que ellos necesitan\u00bb <\/em>(C. IX, 584).<\/p>\n<p>Y entonces cuenta San Vicente c\u00f3mo lleg\u00f3 a inducir a dos Hermanas que se lo ped\u00edan a que renunciaran a asistir a una ceremonia de profesi\u00f3n en la Visitaci\u00f3n. Lo hizo, por lo dem\u00e1s, con una gran delicadeza, de tal manera que Santa Luisa, en su manuscrito de esta conferencia, no puede por menos de a\u00f1adir su propio comentario:<\/p>\n<p style=\"padding-left: 30px\"><em>\u00abLas Hijas de la Caridad deben advertir la humildad y deferencia de nuestro muy Honorable Padre al contestar a las <\/em><em>Hermanas.\u00bb<\/em><\/p>\n<p>Es que, en verdad, San Vicente encarnaba el esp\u00edritu de que con tanto fervor hablaba, y esto nos ayuda a comprender la perseverancia que puso Santa Luisa en pedir lo que al fin obtuvo: que la Compa\u00f1\u00eda permaneciese siempre bajo su direcci\u00f3n y la de sus sucesores, los Superiores generales de la Congregaci\u00f3n de la Misi\u00f3n.<\/p>\n<h3><strong>4) <\/strong><strong>La \u00abRegla de Vida\u00bb<\/strong><\/h3>\n<p>San Vicente gustaba de establecer reglamentos para sus diversas funda\u00adciones. Atento a la experiencia, empezaba por reglamentos muy sucintos en los que ya revelaba, de hecho, intuiciones que el tiempo no har\u00eda sino confirmar. Poco a poco los iba concretando y perfeccionando a la luz de esa misma experiencia. Las Reglas Comunes de las Hijas de la Caridad y sus Reglas Particulares fueron el fruto de una admirable colaboraci\u00f3n entre \u00e9l y Santa Luisa.<\/p>\n<p>Parten de la vida y se orientan completamente hacia la vida; no ten\u00edan m\u00e1s que una finalidad: mantener a las Hermanas en una estricta fidelidad al designio de Dios sobre ellas y al esp\u00edritu que deb\u00eda animarlas, d\u00e1ndoles para ello los medios m\u00e1s adecuados.<\/p>\n<p>No es, pues, sorprendente que los Fundadores hayan insistido tanto en este punto. Poseemos numerosas conferencias dedicadas a la explica\u00adci\u00f3n de los reglamentos o de las reglas, que constituyen una de las can\u00adteras m\u00e1s ricas a las que podemos y debemos ir a extraer su pensamiento. <strong>Y <\/strong>con el mismo esp\u00edritu estamos obligados a recurrir de continuo a nues\u00adtra \u00abRegla de vida\u00bb para impregnarnos de ella.<\/p>\n<h2><strong>C. Manteneos en estado de conversi\u00f3n permanente<\/strong><\/h2>\n<p>Lo que acabamos de decir acerca de \u00abla Regla de vida\u00bb vale exactamente tambi\u00e9n para los \u00abex\u00e1menes de conciencia\u00bb, a los que ella nos invita todos los d\u00edas y aun varias veces al d\u00eda, ya sea sobre un punto particular sobre el que nos damos cuenta de que Dios nos interpela, ya sobre el con\u00adjunto de nuestra conducta interior y exterior. Hemos de permanecer siem\u00adpre alerta, hemos de saber cuestionarnos y dejar que otros nos cuestionen, con el solo deseo de responder con fidelidad creciente a las llamadas del Se\u00f1or.<\/p>\n<p>Una dimensi\u00f3n tan importante y tan fundamental de nuestra vocaci\u00f3n como es la de su esp\u00edritu, no puede dejar de ser el objeto constante de ese cuestionarnos. San Vicente insiste en ello varias veces en las tres Conferencias que dio sobre \u00abel esp\u00edritu de la Compa\u00f1\u00eda\u00bb, en febrero de 1653:<\/p>\n<p><em>\u00abEl segundo <\/em><em>medio es vivir debidamente dentro del esp\u00edritu de una <\/em><em>verdadera Hija de la Caridad y que, por la noche, al hacer el exa\u00ad<\/em><em>men de conciencia, ve\u00e1is si hab\u00e9is obrado de conformidad con vues\u00adtro <\/em><em>esp\u00edritu: <\/em><em>&#8216;\u00bfHe hecho hoy mis acciones en esp\u00edritu de caridad?&#8217; <\/em><em>\u00bfNo las he hecho por orgullo? \u00bfNo he usado de doblez'\u00bb, dice el 9 <\/em><em>de febrero.<\/em><\/p>\n<p>El 24 vuelve a insistir, puntualizando que el examen de conciencia debe abarcar tanto lo positivo como lo negativo:<\/p>\n<p style=\"padding-left: 30px\"><em>\u00abExaminaos todos <\/em><em>los d\u00edas para ver si hab\u00e9is tenido cuidado en prac\u00ad<\/em><em>ticar esas virtudes. Preguntaos con frecuencia vosotras mismas: <\/em><em>&#8216;\u00bfhe hecho actos de caridad, de humildad y de sencillez?&#8217; Y si advertir <\/em><em>que hab\u00e9is hecho alguno, dad gracias a Dios, Hermanas, porque El <\/em><em>quiere que se lo agradezcamos. Pero si os dais cuenta de que hab\u00e9is faltado, \u00a1ah! Hermanas, entonces haced penitencia para, as\u00ed, ayudaros <\/em><em>a levantaros con m\u00e1s facilidad de esas faltas, gracias al castigo que <\/em><em>vosotras mismas os impong\u00e1is.\u00bb<\/em><\/p>\n<p>Se trata, pues, como vemos, de un estado o de una actitud de con\u00adversi\u00f3n permanente. Hoy se habla mucho de ello. Y a ello nos invitan de manera m\u00e1s apremiante el A\u00f1o Santo y el S\u00ednodo sobre la Reconcilia\u00adci\u00f3n; tanto a nivel individual, como a nivel comunitario y de revisi\u00f3n <em>de <\/em>vida.<\/p>\n<p>En seguimiento de Jesucristo, tenemos que pasar, continuamente y cada vez m\u00e1s, a una vida nueva y pertenecerle siempre m\u00e1s y mejor para poder entregarnos a lo que quiere de nosotros. A una Hermana que, tras o\u00edr las palabras de San Vicente, se hab\u00eda acusado con mucha sencillez de una falta, \u00e9l le respondi\u00f3:<\/p>\n<p style=\"padding-left: 30px\"><em>\u00ab\u00a1Ah Dios m\u00edo! \u00a1bendito se\u00e1is, Vos que permit\u00eds que nuestras faltas <\/em><em>nos proporcionen ocasi\u00f3n para practicar la virtud de la santa humildad! <\/em><em>\u00a1Oh falta feliz!, queridas Hermanas.<strong> <\/strong><\/em>\u00a1Oh qu\u00e9 felices seremos si nues\u00adtras faltas nos hacen encontrar a Dios!\u00bb (C. IX, 608).<\/p>\n<p>&nbsp;<\/p>\n","protected":false},"excerpt":{"rendered":"<p>\u00bfC\u00f3mo pueden las Hijas de la Caridad saber si viven verdaderamente del esp\u00edritu de su vocaci\u00f3n? \u00bfCon qu\u00e9 medios pueden contar para intensificar y renovar constantemente en ellas ese esp\u00edritu? San Vicente les da tres &#8230; <a href=\"http:\/\/vincentians.com\/es\/criterios-para-discernir-el-espiritu\/\" class=\"more-link\">Read More<\/a><\/p>\n","protected":false},"author":4,"featured_media":53519,"comment_status":"open","ping_status":"open","sticky":false,"template":"","format":"standard","meta":{"jetpack_post_was_ever_published":false,"_jetpack_newsletter_access":"","_jetpack_dont_email_post_to_subs":false,"_jetpack_newsletter_tier_id":0,"_jetpack_memberships_contains_paywalled_content":false,"_jetpack_memberships_contains_paid_content":false,"footnotes":"","jetpack_publicize_message":"","jetpack_publicize_feature_enabled":true,"jetpack_social_post_already_shared":true,"jetpack_social_options":{"image_generator_settings":{"template":"highway","default_image_id":0,"font":"","enabled":false},"version":2}},"categories":[199],"tags":[],"class_list":["post-53889","post","type-post","status-publish","format-standard","has-post-thumbnail","hentry","category-hijas-de-la-caridad"],"yoast_head":"<!-- This site is optimized with the Yoast SEO plugin v26.3 - https:\/\/yoast.com\/wordpress\/plugins\/seo\/ -->\n<title>Criterios para discernir el Esp\u00edritu - Somos Vicencianos<\/title>\n<meta name=\"robots\" content=\"index, follow, max-snippet:-1, max-image-preview:large, max-video-preview:-1\" \/>\n<link rel=\"canonical\" href=\"http:\/\/vincentians.com\/es\/criterios-para-discernir-el-espiritu\/\" \/>\n<meta property=\"og:locale\" content=\"es_ES\" \/>\n<meta property=\"og:type\" content=\"article\" \/>\n<meta property=\"og:title\" content=\"Criterios para discernir el Esp\u00edritu - Somos Vicencianos\" \/>\n<meta property=\"og:description\" content=\"\u00bfC\u00f3mo pueden las Hijas de la Caridad saber si viven verdaderamente del esp\u00edritu de su vocaci\u00f3n? \u00bfCon qu\u00e9 medios pueden contar para intensificar y renovar constantemente en ellas ese esp\u00edritu? San Vicente les da tres ... Read More\" \/>\n<meta property=\"og:url\" content=\"http:\/\/vincentians.com\/es\/criterios-para-discernir-el-espiritu\/\" \/>\n<meta property=\"og:site_name\" content=\"Somos Vicencianos\" \/>\n<meta property=\"article:publisher\" content=\"https:\/\/www.facebook.com\/WeAreVincentians\/\" \/>\n<meta property=\"article:author\" content=\"https:\/\/www.facebook.com\/JavierChento\" \/>\n<meta property=\"article:published_time\" content=\"2011-10-20T02:00:55+00:00\" \/>\n<meta name=\"author\" content=\"Francisco Javier Fern\u00e1ndez Chento\" \/>\n<meta name=\"twitter:card\" content=\"summary_large_image\" \/>\n<meta name=\"twitter:creator\" content=\"@https:\/\/twitter.com\/javierchento\" \/>\n<meta name=\"twitter:site\" content=\"@WeVincentians\" \/>\n<meta name=\"twitter:label1\" content=\"Escrito por\" \/>\n\t<meta name=\"twitter:data1\" content=\"Francisco Javier Fern\u00e1ndez Chento\" \/>\n\t<meta name=\"twitter:label2\" content=\"Tiempo de lectura\" \/>\n\t<meta name=\"twitter:data2\" content=\"12 minutos\" \/>\n<script type=\"application\/ld+json\" class=\"yoast-schema-graph\">{\"@context\":\"https:\/\/schema.org\",\"@graph\":[{\"@type\":\"Article\",\"@id\":\"http:\/\/vincentians.com\/es\/criterios-para-discernir-el-espiritu\/#article\",\"isPartOf\":{\"@id\":\"http:\/\/vincentians.com\/es\/criterios-para-discernir-el-espiritu\/\"},\"author\":{\"name\":\"Francisco Javier Fern\u00e1ndez Chento\",\"@id\":\"https:\/\/vincentians.com\/es\/#\/schema\/person\/9623ef4d9aa3b2dfb8c061f1499288f2\"},\"headline\":\"Criterios para discernir el Esp\u00edritu\",\"datePublished\":\"2011-10-20T02:00:55+00:00\",\"mainEntityOfPage\":{\"@id\":\"http:\/\/vincentians.com\/es\/criterios-para-discernir-el-espiritu\/\"},\"wordCount\":2328,\"commentCount\":0,\"publisher\":{\"@id\":\"https:\/\/vincentians.com\/es\/#organization\"},\"image\":{\"@id\":\"http:\/\/vincentians.com\/es\/criterios-para-discernir-el-espiritu\/#primaryimage\"},\"thumbnailUrl\":\"\",\"articleSection\":[\"Hijas de la Caridad\"],\"inLanguage\":\"es\",\"potentialAction\":[{\"@type\":\"CommentAction\",\"name\":\"Comment\",\"target\":[\"http:\/\/vincentians.com\/es\/criterios-para-discernir-el-espiritu\/#respond\"]}]},{\"@type\":\"WebPage\",\"@id\":\"http:\/\/vincentians.com\/es\/criterios-para-discernir-el-espiritu\/\",\"url\":\"http:\/\/vincentians.com\/es\/criterios-para-discernir-el-espiritu\/\",\"name\":\"Criterios para discernir el Esp\u00edritu - Somos Vicencianos\",\"isPartOf\":{\"@id\":\"https:\/\/vincentians.com\/es\/#website\"},\"primaryImageOfPage\":{\"@id\":\"http:\/\/vincentians.com\/es\/criterios-para-discernir-el-espiritu\/#primaryimage\"},\"image\":{\"@id\":\"http:\/\/vincentians.com\/es\/criterios-para-discernir-el-espiritu\/#primaryimage\"},\"thumbnailUrl\":\"\",\"datePublished\":\"2011-10-20T02:00:55+00:00\",\"breadcrumb\":{\"@id\":\"http:\/\/vincentians.com\/es\/criterios-para-discernir-el-espiritu\/#breadcrumb\"},\"inLanguage\":\"es\",\"potentialAction\":[{\"@type\":\"ReadAction\",\"target\":[\"http:\/\/vincentians.com\/es\/criterios-para-discernir-el-espiritu\/\"]}]},{\"@type\":\"ImageObject\",\"inLanguage\":\"es\",\"@id\":\"http:\/\/vincentians.com\/es\/criterios-para-discernir-el-espiritu\/#primaryimage\",\"url\":\"\",\"contentUrl\":\"\"},{\"@type\":\"BreadcrumbList\",\"@id\":\"http:\/\/vincentians.com\/es\/criterios-para-discernir-el-espiritu\/#breadcrumb\",\"itemListElement\":[{\"@type\":\"ListItem\",\"position\":1,\"name\":\"Portada\",\"item\":\"https:\/\/vincentians.com\/es\/\"},{\"@type\":\"ListItem\",\"position\":2,\"name\":\"Criterios para discernir el Esp\u00edritu\"}]},{\"@type\":\"WebSite\",\"@id\":\"https:\/\/vincentians.com\/es\/#website\",\"url\":\"https:\/\/vincentians.com\/es\/\",\"name\":\"Somos Vicencianos\",\"description\":\"Know more to serve more\",\"publisher\":{\"@id\":\"https:\/\/vincentians.com\/es\/#organization\"},\"potentialAction\":[{\"@type\":\"SearchAction\",\"target\":{\"@type\":\"EntryPoint\",\"urlTemplate\":\"https:\/\/vincentians.com\/es\/?s={search_term_string}\"},\"query-input\":{\"@type\":\"PropertyValueSpecification\",\"valueRequired\":true,\"valueName\":\"search_term_string\"}}],\"inLanguage\":\"es\"},{\"@type\":\"Organization\",\"@id\":\"https:\/\/vincentians.com\/es\/#organization\",\"name\":\"The Vincentian Network\",\"url\":\"https:\/\/vincentians.com\/es\/\",\"logo\":{\"@type\":\"ImageObject\",\"inLanguage\":\"es\",\"@id\":\"https:\/\/vincentians.com\/es\/#\/schema\/logo\/image\/\",\"url\":\"https:\/\/i1.wp.com\/vincentians.com\/es\/wp-content\/uploads\/sites\/11\/2016\/06\/Vincentian-Network-logo-big.png?fit=778%2C778\",\"contentUrl\":\"https:\/\/i1.wp.com\/vincentians.com\/es\/wp-content\/uploads\/sites\/11\/2016\/06\/Vincentian-Network-logo-big.png?fit=778%2C778\",\"width\":778,\"height\":778,\"caption\":\"The Vincentian Network\"},\"image\":{\"@id\":\"https:\/\/vincentians.com\/es\/#\/schema\/logo\/image\/\"},\"sameAs\":[\"https:\/\/www.facebook.com\/WeAreVincentians\/\",\"https:\/\/x.com\/WeVincentians\"]},{\"@type\":\"Person\",\"@id\":\"https:\/\/vincentians.com\/es\/#\/schema\/person\/9623ef4d9aa3b2dfb8c061f1499288f2\",\"name\":\"Francisco Javier Fern\u00e1ndez Chento\",\"image\":{\"@type\":\"ImageObject\",\"inLanguage\":\"es\",\"@id\":\"https:\/\/vincentians.com\/es\/#\/schema\/person\/image\/\",\"url\":\"https:\/\/secure.gravatar.com\/avatar\/497d5cde87b4c3d097d0315953521681ba2cd523ee66e5077c3711f7021e65de?s=96&d=mm&r=g\",\"contentUrl\":\"https:\/\/secure.gravatar.com\/avatar\/497d5cde87b4c3d097d0315953521681ba2cd523ee66e5077c3711f7021e65de?s=96&d=mm&r=g\",\"caption\":\"Francisco Javier Fern\u00e1ndez Chento\"},\"description\":\"Director General y cofundador de La Red de Formaci\u00f3n Vicenciana. Javier es laico vicenciano, afiliado a la Congregaci\u00f3n de la Misi\u00f3n y miembro del Equipo de Misiones Populares de la provincia can\u00f3nica de Zaragoza (Espa\u00f1a) de la Congregaci\u00f3n de la Misi\u00f3n. Graduado en la Universidad Oberta de Catalunya con cuatro grados (Asistente de direcci\u00f3n, Gesti\u00f3n Administrativa, Recursos Humanos y Contabilidad Avanzada). Bil\u00edng\u00fce Espa\u00f1ol\/Ingl\u00e9s. gestiona y mantiene varias p\u00e1ginas web cristianas y vicencianas, incluida including La Red de Formaci\u00f3n Vicenciana, de la que es cofundador. Actualmente es responsable del \u00e1rea de Espa\u00f1ol de .famvin, la Red de Noticias de la Familia Vicenciana. Tambi\u00e9n es m\u00fasico cat\u00f3lico y ha editado varios discos. Es Director General y cofundador de Trovador, una reconocida compa\u00f1\u00eda discogr\u00e1fica critiana de Espa\u00f1a. Trabaja en las Tecnolog\u00edas de la Informaci\u00f3n, ofreciendo servicios de alojamiento, dise\u00f1o y mantenimiento Web, as\u00ed como asesoramiento, formaci\u00f3n y soluciones inform\u00e1ticas, gesti\u00f3n documental y digitalizaci\u00f3n de textos, edici\u00f3n y maquetaci\u00f3n de libros, revistas, flyers, etc.\",\"sameAs\":[\"http:\/\/chento.org\",\"https:\/\/www.facebook.com\/JavierChento\",\"https:\/\/x.com\/https:\/\/twitter.com\/javierchento\"],\"url\":\"http:\/\/vincentians.com\/es\/author\/chento\/\"}]}<\/script>\n<!-- \/ Yoast SEO plugin. -->","yoast_head_json":{"title":"Criterios para discernir el Esp\u00edritu - Somos Vicencianos","robots":{"index":"index","follow":"follow","max-snippet":"max-snippet:-1","max-image-preview":"max-image-preview:large","max-video-preview":"max-video-preview:-1"},"canonical":"http:\/\/vincentians.com\/es\/criterios-para-discernir-el-espiritu\/","og_locale":"es_ES","og_type":"article","og_title":"Criterios para discernir el Esp\u00edritu - Somos Vicencianos","og_description":"\u00bfC\u00f3mo pueden las Hijas de la Caridad saber si viven verdaderamente del esp\u00edritu de su vocaci\u00f3n? \u00bfCon qu\u00e9 medios pueden contar para intensificar y renovar constantemente en ellas ese esp\u00edritu? San Vicente les da tres ... Read More","og_url":"http:\/\/vincentians.com\/es\/criterios-para-discernir-el-espiritu\/","og_site_name":"Somos Vicencianos","article_publisher":"https:\/\/www.facebook.com\/WeAreVincentians\/","article_author":"https:\/\/www.facebook.com\/JavierChento","article_published_time":"2011-10-20T02:00:55+00:00","author":"Francisco Javier Fern\u00e1ndez Chento","twitter_card":"summary_large_image","twitter_creator":"@https:\/\/twitter.com\/javierchento","twitter_site":"@WeVincentians","twitter_misc":{"Escrito por":"Francisco Javier Fern\u00e1ndez Chento","Tiempo de lectura":"12 minutos"},"schema":{"@context":"https:\/\/schema.org","@graph":[{"@type":"Article","@id":"http:\/\/vincentians.com\/es\/criterios-para-discernir-el-espiritu\/#article","isPartOf":{"@id":"http:\/\/vincentians.com\/es\/criterios-para-discernir-el-espiritu\/"},"author":{"name":"Francisco Javier Fern\u00e1ndez Chento","@id":"https:\/\/vincentians.com\/es\/#\/schema\/person\/9623ef4d9aa3b2dfb8c061f1499288f2"},"headline":"Criterios para discernir el Esp\u00edritu","datePublished":"2011-10-20T02:00:55+00:00","mainEntityOfPage":{"@id":"http:\/\/vincentians.com\/es\/criterios-para-discernir-el-espiritu\/"},"wordCount":2328,"commentCount":0,"publisher":{"@id":"https:\/\/vincentians.com\/es\/#organization"},"image":{"@id":"http:\/\/vincentians.com\/es\/criterios-para-discernir-el-espiritu\/#primaryimage"},"thumbnailUrl":"","articleSection":["Hijas de la Caridad"],"inLanguage":"es","potentialAction":[{"@type":"CommentAction","name":"Comment","target":["http:\/\/vincentians.com\/es\/criterios-para-discernir-el-espiritu\/#respond"]}]},{"@type":"WebPage","@id":"http:\/\/vincentians.com\/es\/criterios-para-discernir-el-espiritu\/","url":"http:\/\/vincentians.com\/es\/criterios-para-discernir-el-espiritu\/","name":"Criterios para discernir el Esp\u00edritu - Somos Vicencianos","isPartOf":{"@id":"https:\/\/vincentians.com\/es\/#website"},"primaryImageOfPage":{"@id":"http:\/\/vincentians.com\/es\/criterios-para-discernir-el-espiritu\/#primaryimage"},"image":{"@id":"http:\/\/vincentians.com\/es\/criterios-para-discernir-el-espiritu\/#primaryimage"},"thumbnailUrl":"","datePublished":"2011-10-20T02:00:55+00:00","breadcrumb":{"@id":"http:\/\/vincentians.com\/es\/criterios-para-discernir-el-espiritu\/#breadcrumb"},"inLanguage":"es","potentialAction":[{"@type":"ReadAction","target":["http:\/\/vincentians.com\/es\/criterios-para-discernir-el-espiritu\/"]}]},{"@type":"ImageObject","inLanguage":"es","@id":"http:\/\/vincentians.com\/es\/criterios-para-discernir-el-espiritu\/#primaryimage","url":"","contentUrl":""},{"@type":"BreadcrumbList","@id":"http:\/\/vincentians.com\/es\/criterios-para-discernir-el-espiritu\/#breadcrumb","itemListElement":[{"@type":"ListItem","position":1,"name":"Portada","item":"https:\/\/vincentians.com\/es\/"},{"@type":"ListItem","position":2,"name":"Criterios para discernir el Esp\u00edritu"}]},{"@type":"WebSite","@id":"https:\/\/vincentians.com\/es\/#website","url":"https:\/\/vincentians.com\/es\/","name":"Somos Vicencianos","description":"Know more to serve more","publisher":{"@id":"https:\/\/vincentians.com\/es\/#organization"},"potentialAction":[{"@type":"SearchAction","target":{"@type":"EntryPoint","urlTemplate":"https:\/\/vincentians.com\/es\/?s={search_term_string}"},"query-input":{"@type":"PropertyValueSpecification","valueRequired":true,"valueName":"search_term_string"}}],"inLanguage":"es"},{"@type":"Organization","@id":"https:\/\/vincentians.com\/es\/#organization","name":"The Vincentian Network","url":"https:\/\/vincentians.com\/es\/","logo":{"@type":"ImageObject","inLanguage":"es","@id":"https:\/\/vincentians.com\/es\/#\/schema\/logo\/image\/","url":"https:\/\/i1.wp.com\/vincentians.com\/es\/wp-content\/uploads\/sites\/11\/2016\/06\/Vincentian-Network-logo-big.png?fit=778%2C778","contentUrl":"https:\/\/i1.wp.com\/vincentians.com\/es\/wp-content\/uploads\/sites\/11\/2016\/06\/Vincentian-Network-logo-big.png?fit=778%2C778","width":778,"height":778,"caption":"The Vincentian Network"},"image":{"@id":"https:\/\/vincentians.com\/es\/#\/schema\/logo\/image\/"},"sameAs":["https:\/\/www.facebook.com\/WeAreVincentians\/","https:\/\/x.com\/WeVincentians"]},{"@type":"Person","@id":"https:\/\/vincentians.com\/es\/#\/schema\/person\/9623ef4d9aa3b2dfb8c061f1499288f2","name":"Francisco Javier Fern\u00e1ndez Chento","image":{"@type":"ImageObject","inLanguage":"es","@id":"https:\/\/vincentians.com\/es\/#\/schema\/person\/image\/","url":"https:\/\/secure.gravatar.com\/avatar\/497d5cde87b4c3d097d0315953521681ba2cd523ee66e5077c3711f7021e65de?s=96&d=mm&r=g","contentUrl":"https:\/\/secure.gravatar.com\/avatar\/497d5cde87b4c3d097d0315953521681ba2cd523ee66e5077c3711f7021e65de?s=96&d=mm&r=g","caption":"Francisco Javier Fern\u00e1ndez Chento"},"description":"Director General y cofundador de La Red de Formaci\u00f3n Vicenciana. Javier es laico vicenciano, afiliado a la Congregaci\u00f3n de la Misi\u00f3n y miembro del Equipo de Misiones Populares de la provincia can\u00f3nica de Zaragoza (Espa\u00f1a) de la Congregaci\u00f3n de la Misi\u00f3n. Graduado en la Universidad Oberta de Catalunya con cuatro grados (Asistente de direcci\u00f3n, Gesti\u00f3n Administrativa, Recursos Humanos y Contabilidad Avanzada). Bil\u00edng\u00fce Espa\u00f1ol\/Ingl\u00e9s. gestiona y mantiene varias p\u00e1ginas web cristianas y vicencianas, incluida including La Red de Formaci\u00f3n Vicenciana, de la que es cofundador. Actualmente es responsable del \u00e1rea de Espa\u00f1ol de .famvin, la Red de Noticias de la Familia Vicenciana. Tambi\u00e9n es m\u00fasico cat\u00f3lico y ha editado varios discos. Es Director General y cofundador de Trovador, una reconocida compa\u00f1\u00eda discogr\u00e1fica critiana de Espa\u00f1a. Trabaja en las Tecnolog\u00edas de la Informaci\u00f3n, ofreciendo servicios de alojamiento, dise\u00f1o y mantenimiento Web, as\u00ed como asesoramiento, formaci\u00f3n y soluciones inform\u00e1ticas, gesti\u00f3n documental y digitalizaci\u00f3n de textos, edici\u00f3n y maquetaci\u00f3n de libros, revistas, flyers, etc.","sameAs":["http:\/\/chento.org","https:\/\/www.facebook.com\/JavierChento","https:\/\/x.com\/https:\/\/twitter.com\/javierchento"],"url":"http:\/\/vincentians.com\/es\/author\/chento\/"}]}},"jetpack_publicize_connections":[],"jetpack_featured_media_url":"","jetpack_sharing_enabled":true,"jetpack_shortlink":"https:\/\/wp.me\/p7ETMF-e1b","jetpack-related-posts":[{"id":399977,"url":"http:\/\/vincentians.com\/es\/espiritu-vicenciano-e-identidad\/","url_meta":{"origin":53889,"position":0},"title":"Esp\u00edritu vicenciano e identidad","author":"Francisco Javier Fern\u00e1ndez Chento","date":"11\/09\/2016","format":false,"excerpt":"Introducci\u00f3n Al comenzar esta reflexi\u00f3n viene a mi mente la memoria de un he\u00adcho notorio en mi vida: la expedici\u00f3n de mi carnet de identidad. Ten\u00eda 16 a\u00f1os. Mi estatura era casi la actual. Los rasgos de mi personalidad, tipo y aspecto exterior estaban ya bastante perfilados... La mayor\u00eda de\u2026","rel":"","context":"En \u00abEspiritualidad vicenciana\u00bb","block_context":{"text":"Espiritualidad vicenciana","link":"http:\/\/vincentians.com\/es\/category\/espiritualidad\/espiritualidad-vicenciana\/"},"img":{"alt_text":"","src":"https:\/\/i0.wp.com\/vincentians.com\/es\/wp-content\/uploads\/sites\/11\/2016\/09\/identidad.jpg?fit=1200%2C630&resize=350%2C200","width":350,"height":200,"srcset":"https:\/\/i0.wp.com\/vincentians.com\/es\/wp-content\/uploads\/sites\/11\/2016\/09\/identidad.jpg?fit=1200%2C630&resize=350%2C200 1x, https:\/\/i0.wp.com\/vincentians.com\/es\/wp-content\/uploads\/sites\/11\/2016\/09\/identidad.jpg?fit=1200%2C630&resize=525%2C300 1.5x, https:\/\/i0.wp.com\/vincentians.com\/es\/wp-content\/uploads\/sites\/11\/2016\/09\/identidad.jpg?fit=1200%2C630&resize=700%2C400 2x, https:\/\/i0.wp.com\/vincentians.com\/es\/wp-content\/uploads\/sites\/11\/2016\/09\/identidad.jpg?fit=1200%2C630&resize=1050%2C600 3x"},"classes":[]},{"id":119636,"url":"http:\/\/vincentians.com\/es\/identidad-de-la-compania-de-las-hijas-de-la-caridad\/","url_meta":{"origin":53889,"position":1},"title":"Identidad de la Compa\u00f1\u00eda de las Hijas de la Caridad","author":"Francisco Javier Fern\u00e1ndez Chento","date":"29\/11\/2022","format":false,"excerpt":"Introducci\u00f3n San Vicente estaba convencido de que, con la fundaci\u00f3n de la Compa\u00f1\u00eda de las Hijas de la Caridad, Dios hab\u00eda suscitado algo nuevo en la Iglesia. Y esa novedad no estaba s\u00f3lo en el fin de la Compa\u00f1\u00eda (servir a Cristo en los pobres); ni tampoco en el estilo\u2026","rel":"","context":"En \u00abHijas de la Caridad\u00bb","block_context":{"text":"Hijas de la Caridad","link":"http:\/\/vincentians.com\/es\/category\/la-familia-vicenciana\/ramas\/hijas-de-la-caridad\/"},"img":{"alt_text":"","src":"https:\/\/i0.wp.com\/vincentians.com\/es\/wp-content\/uploads\/sites\/11\/2013\/04\/Hijas-de-la-Caridad.jpg?fit=400%2C300&resize=350%2C200","width":350,"height":200},"classes":[]},{"id":139369,"url":"http:\/\/vincentians.com\/es\/servidores-de-las-hijas-de-la-caridad\/","url_meta":{"origin":53889,"position":2},"title":"Servidores de las Hijas de la Caridad","author":"Francisco Javier Fern\u00e1ndez Chento","date":"10\/02\/2015","format":false,"excerpt":"\u00abIba caminando de pueblo en pueblo y de aldea en al\u00addea proclamando la Buena Noticia del Reino de Dios; lo acompa\u00f1aban los Doce y algunas mujeres que \u00e9l hab\u00eda curado de malos esp\u00edritus y enfermedades\u00bb. (Lc 8,1-2). \u00abDado que la Congregaci\u00f3n de la Misi\u00f3n goza de la mis\u00adma herencia que\u2026","rel":"","context":"En \u00abEspiritualidad vicenciana\u00bb","block_context":{"text":"Espiritualidad vicenciana","link":"http:\/\/vincentians.com\/es\/category\/espiritualidad\/espiritualidad-vicenciana\/"},"img":{"alt_text":"maxresdefault","src":"https:\/\/i0.wp.com\/vicencianos.org\/wp-content\/2015\/02\/maxresdefault-300x179.jpg?resize=350%2C200","width":350,"height":200},"classes":[]},{"id":387816,"url":"http:\/\/vincentians.com\/es\/espiritu-de-jesus-espiritu-de-la-familia-vicenciana\/","url_meta":{"origin":53889,"position":3},"title":"Esp\u00edritu de Jes\u00fas, esp\u00edritu de la Familia Vicenciana","author":"Mitxel Olabu\u00e9naga","date":"14\/09\/2016","format":false,"excerpt":"El Esp\u00edritu de Jes\u00fas es el Esp\u00ed\u00adritu Santo, Se\u00f1or y dador de vida, trasmitido a los cristianos por la participaci\u00f3n en la misi\u00f3n sacerdotal de Jesucristo. Pero se en\u00adtiende tambi\u00e9n por esp\u00edritu de Jes\u00fas un talante o estilo de vida que le distingue de los maestros de la Ley. Jes\u00fas\u2026","rel":"","context":"En \u00abFormaci\u00f3n Vicenciana sin categorizar\u00bb","block_context":{"text":"Formaci\u00f3n Vicenciana sin categorizar","link":"http:\/\/vincentians.com\/es\/category\/formacion-vicenciana\/formacion-vicenciana-sin-categorizar\/"},"img":{"alt_text":"","src":"https:\/\/i0.wp.com\/vincentians.com\/es\/wp-content\/uploads\/sites\/11\/2016\/09\/espiritu-de-jesus.jpg?fit=1200%2C630&resize=350%2C200","width":350,"height":200,"srcset":"https:\/\/i0.wp.com\/vincentians.com\/es\/wp-content\/uploads\/sites\/11\/2016\/09\/espiritu-de-jesus.jpg?fit=1200%2C630&resize=350%2C200 1x, https:\/\/i0.wp.com\/vincentians.com\/es\/wp-content\/uploads\/sites\/11\/2016\/09\/espiritu-de-jesus.jpg?fit=1200%2C630&resize=525%2C300 1.5x, https:\/\/i0.wp.com\/vincentians.com\/es\/wp-content\/uploads\/sites\/11\/2016\/09\/espiritu-de-jesus.jpg?fit=1200%2C630&resize=700%2C400 2x, https:\/\/i0.wp.com\/vincentians.com\/es\/wp-content\/uploads\/sites\/11\/2016\/09\/espiritu-de-jesus.jpg?fit=1200%2C630&resize=1050%2C600 3x"},"classes":[]},{"id":131671,"url":"http:\/\/vincentians.com\/es\/participes-del-espiritu-de-cristo\/","url_meta":{"origin":53889,"position":4},"title":"Part\u00edcipes del Esp\u00edritu de Cristo","author":"Francisco Javier Fern\u00e1ndez Chento","date":"09\/02\/2015","format":false,"excerpt":"\"Pedimos a Dios que os d\u00e9 pleno conocimiento de su designio, con todo el saber e inteligencia que procura el Esp\u00edritu. As\u00ed vivir\u00e9is como el Se\u00f1or se merece, agrad\u00e1ndole en todo: dando fruto\u00a0 creciente en toda actividad, gracias al conocimiento de Dios; fortalecidos en todo aspecto por el poder que\u2026","rel":"","context":"En \u00abEspiritualidad vicenciana\u00bb","block_context":{"text":"Espiritualidad vicenciana","link":"http:\/\/vincentians.com\/es\/category\/espiritualidad\/espiritualidad-vicenciana\/"},"img":{"alt_text":"OXYGEN Volume 8","src":"https:\/\/i0.wp.com\/vicencianos.org\/wp-content\/2014\/11\/thespirit-300x225.jpg?resize=350%2C200","width":350,"height":200},"classes":[]},{"id":120297,"url":"http:\/\/vincentians.com\/es\/vicente-de-paul-la-fe-que-dio-sentido-a-su-vida-vii-obrar-segun-el-espiritu-de-dios\/","url_meta":{"origin":53889,"position":5},"title":"Vicente de Pa\u00fal: la fe que dio sentido a su vida. VII. Obrar seg\u00fan el Esp\u00edritu de Dios","author":"Francisco Javier Fern\u00e1ndez Chento","date":"06\/01\/2015","format":false,"excerpt":"VII. Obrar seg\u00fan el Esp\u00edritu de Dios El Se\u00f1or Vicente cre\u00eda en el diablo. Y aun hablaba de \u00e9l m\u00e1s a menudo que del Esp\u00edritu Santo. Pero no debe dete\u00adnerse uno en esta comprobaci\u00f3n simplista, si uno quiere dar cuenta de su verdadero pensamiento. Habla \u00e9l constantemente de Dios, que\u2026","rel":"","context":"En \u00abEspiritualidad vicenciana\u00bb","block_context":{"text":"Espiritualidad vicenciana","link":"http:\/\/vincentians.com\/es\/category\/espiritualidad\/espiritualidad-vicenciana\/"},"img":{"alt_text":"Vincent-de-Paul-and-bible-alternate","src":"https:\/\/i0.wp.com\/vicencianos.org\/wp-content\/2013\/04\/Vincent-de-Paul-and-bible-alternate-216x300.jpg?resize=350%2C200","width":350,"height":200},"classes":[]}],"_links":{"self":[{"href":"http:\/\/vincentians.com\/es\/wp-json\/wp\/v2\/posts\/53889","targetHints":{"allow":["GET"]}}],"collection":[{"href":"http:\/\/vincentians.com\/es\/wp-json\/wp\/v2\/posts"}],"about":[{"href":"http:\/\/vincentians.com\/es\/wp-json\/wp\/v2\/types\/post"}],"author":[{"embeddable":true,"href":"http:\/\/vincentians.com\/es\/wp-json\/wp\/v2\/users\/4"}],"replies":[{"embeddable":true,"href":"http:\/\/vincentians.com\/es\/wp-json\/wp\/v2\/comments?post=53889"}],"version-history":[{"count":0,"href":"http:\/\/vincentians.com\/es\/wp-json\/wp\/v2\/posts\/53889\/revisions"}],"wp:featuredmedia":[{"embeddable":true,"href":"http:\/\/vincentians.com\/es\/wp-json\/"}],"wp:attachment":[{"href":"http:\/\/vincentians.com\/es\/wp-json\/wp\/v2\/media?parent=53889"}],"wp:term":[{"taxonomy":"category","embeddable":true,"href":"http:\/\/vincentians.com\/es\/wp-json\/wp\/v2\/categories?post=53889"},{"taxonomy":"post_tag","embeddable":true,"href":"http:\/\/vincentians.com\/es\/wp-json\/wp\/v2\/tags?post=53889"}],"curies":[{"name":"wp","href":"https:\/\/api.w.org\/{rel}","templated":true}]}}