{"id":53837,"date":"2011-10-20T03:45:07","date_gmt":"2011-10-20T01:45:07","guid":{"rendered":"http:\/\/somos.vicencianos.org\/?p=53837"},"modified":"2011-10-20T03:45:07","modified_gmt":"2011-10-20T01:45:07","slug":"decreto-sobre-las-virtudes-de-marco-antonio-durando","status":"publish","type":"post","link":"http:\/\/vincentians.com\/es\/decreto-sobre-las-virtudes-de-marco-antonio-durando\/","title":{"rendered":"Decreto sobre las virtudes de Marco Antonio Durando"},"content":{"rendered":"<p align=\"center\">Marco Antonio Durando : Decreto sobre las virtudes<\/p>\n<p align=\"center\"><strong>CONGREGACI\u00d3N PARA LAS CAUSAS DE LOS SANTOS<\/strong><\/p>\n<p align=\"center\"><em>Tur\u00edn<\/em><\/p>\n<p align=\"center\"><em>Beatificaci\u00f3n y canonizaci\u00f3n del Siervo de Dios<\/em><\/p>\n<p align=\"center\">MARCO ANTONIO DURANDO<br \/>\nSacerdote de la Congregaci\u00f3n de la Misi\u00f3n de San Vicente de Pa\u00fal,<br \/>\nfundador del instituto de Hermanas de Jes\u00fas Nazareno<br \/>\n(1801-1880)<\/p>\n<p align=\"center\"><strong>DECRETO SOBRE LAS VIRTUDES<\/strong><\/p>\n<p>&nbsp;<\/p>\n<p>\u00abViviendo con autenticidad el amor, crezcamos en todo hacia aquel que es la cabeza, Cristo\u00bb (Ef 4, 15).<\/p>\n<p><a href=\"https:\/\/i0.wp.com\/vicencianos.org\/wp-content\/2009\/12\/MarcoAntonioDurando.jpg\"><img data-recalc-dims=\"1\" loading=\"lazy\" decoding=\"async\" class=\"alignright size-full wp-image-24144\" title=\"MarcoAntonioDurando\" src=\"https:\/\/i0.wp.com\/vicencianos.org\/wp-content\/2009\/12\/MarcoAntonioDurando.jpg?resize=200%2C279\" alt=\"\" width=\"200\" height=\"279\" \/><\/a>Estas palabras del ap\u00f3stol Pablo fueron la norma de vida de San Vicente de Pa\u00fal (1581-1660), de aquel var\u00f3n que jam\u00e1s se content\u00f3 con palabras, y que dej\u00f3 esa norma, la m\u00e1s preciosa, a sus hijos espirituales y a cuantos se dedican a las actividades de su Instituto. La ense\u00f1anza que aquel Santo recomendaba a sus Misioneros era \u00e9sta, que fueran \u00abcartujos en casa y ap\u00f3stoles fuera de ella\u00bb, y a\u00f1ad\u00eda: \u00abes necesario santificarse mediante la practica de la caridad\u00bb.<\/p>\n<p>Digno hijo de San Vicente de Pa\u00fal fue Marco Antonio Durando, que consagr\u00f3 toda su larga vida al servicio de Dios, de la Iglesia, de sus Comunidades y de los pobres; con una humilde y constante apertura de coraz\u00f3n, sol\u00eda declarar: \u00absi algo bueno puedo realizar lo hago, si no, encomiendo los asuntos en manos de la Providencia\u00bb.<\/p>\n<p>Este egregio disc\u00edpulo de Cristo naci\u00f3 en Mondov\u00ec, en el Piamonte, el 22 de mayo de 1801, de una distinguida y religiosa familia. A los 17 a\u00f1os, habiendo mostrado claras se\u00f1ales de vocaci\u00f3n al sacerdocio, y hechos los estudios filos\u00f3ficos, recibida la Tonsura y Ordenes menores en el Seminario diocesano de aquella ciudad, ingres\u00f3 a la Congregaci\u00f3n de la Misi\u00f3n. En su interior esperaba ser enviado a las misiones de China. Despu\u00e9s del curso de teolog\u00eda, realizado en la sede de estudios de Sarzana, fue ordenado presb\u00edtero en Fossano el 12 de junio de 1824.<\/p>\n<p>Su petici\u00f3n para las misiones, repetidas veces formulada, no fue aceptada por los Superiores y, en cambio, fue destinado a las misiones populares de su patria, como misionero rural y como predicador de los ejercicios espirituales al clero. Mediante su celo moderado e infatigable, con su preparaci\u00f3n cultural, su vida interior y su facilidad de expresi\u00f3n, favoreci\u00f3 sobremanera la renovaci\u00f3n de los dos principales ministerios de la Congregaci\u00f3n de la Misi\u00f3n.<\/p>\n<p>Enviado a Tur\u00edn, fue nombrado Superior de aquella casa en 1831, y luego Superior Provincial en 1837, y Director de las Hijas de la Caridad de la Provincia septentrional de Italia. Durante 42 a\u00f1os hasta su muerte, con firmeza, y a la vez con suavidad y dulzura, dirigi\u00f3 la Provincia Vicentina del Piemonte-Lombard\u00eda, ampliando sus actividades, protegi\u00e9ndola contra las leyes revolucionarias del a\u00f1o 1866 y renovando la disciplina religiosa.<\/p>\n<p>En 1833 hab\u00eda hecho llegar las Hijas de la Caridad de Francia a Italia, fomentando un admirable florecimiento de vocaciones y de obras, mediante su entusiasmo. En 1835 restaur\u00f3 la Cofrad\u00eda de las Se\u00f1oras de la Caridad, a la cual agreg\u00f3 las ricas y m\u00e1s nobles se\u00f1oras de Tur\u00edn. Con la ayuda de las Se\u00f1oras y de las Hijas de la Caridad creo una verdadera aldea para proporcionar asistencia a los pobres, llamada: \u00abLas Misericordias\u00bb, de la que \u00e9l fue infatigable protector.<\/p>\n<p>No habiendo podido lograr las misiones extranjeras particip\u00f3 con particular celo en difundir la Obra de la Propagaci\u00f3n de la fe, y en la casa de G\u00e9nova construy\u00f3 un gimnasio llamado Brignole-Sale, para formar a los futuros ap\u00f3stoles de las misiones en el mundo entero (a\u00f1o 1856).<\/p>\n<p>En Tur\u00edn, principal teatro de su actividad, fue el consejero prudente, y estimado sobremanera. Estaba preparado en toda especie de asuntos referentes a la cuesti\u00f3n pol\u00edtica. El Arzobispo de la ciudad, pol\u00edticos y personas representativas lo tuvieron como consejero. El rey Carlos Alberto deseaba vivamente fuera promovido como obispo, pero el Siervo de Dios, muy humildemente, rechaz\u00f3 siempre ese honor.<\/p>\n<p>En 1865, con la ayuda de la Sierva de Dios Luisa Borgiotti, fund\u00f3 el Instituto de las Hermanas de Jes\u00fas Nazareno, para aquellas j\u00f3venes que por defecto de nacimiento no eran recibidas en las otras Congregaciones. Su apertura de coraz\u00f3n y de esp\u00edritu se mostr\u00f3 principalmente cuando recomend\u00f3 a las Hermanas como empe\u00f1o principal la asistencia a los enfermos, d\u00eda y noche, en sus propias casas, y el cuidado de la juventud desamparada.<\/p>\n<p>Su existencia terrena, laboriosa y colmada de m\u00e9ritos, extingui\u00f3 en Tur\u00edn el 10 de diciembre de 1880.<\/p>\n<p>El Siervo de Dios desarroll\u00f3 su alegre, incomparable y ben\u00e9fica actividad apost\u00f3lica en \u00e9pocas muy dif\u00edciles, con una fe admirable. Cada d\u00eda confiaba en el auxilio del Se\u00f1or y de la Virgen Mar\u00eda, armado de invencible fortaleza y singular prudencia.<\/p>\n<p>La fe vivific\u00f3 toda su actividad. Obten\u00eda su vigor de la Eucarist\u00eda que era el centro de su vida sacerdotal. Profes\u00f3 una intensa piedad hacia la pasi\u00f3n de Cristo y la celebraci\u00f3n del misterio eucar\u00edstico, memorial de la muerte del Se\u00f1or. Cultiv\u00f3 una sencilla y filial devoci\u00f3n hacia la Madre del Redentor; de modo especial se esforzaba por meditar y difundir el misterio de su inmaculada concepci\u00f3n, y acept\u00f3 el encargo de difundir la Asociaci\u00f3n de las Hijas de Mar\u00eda en las casas de las Hijas de la Caridad. Su fe, su esperanza y su fortaleza aparecieron, sobre todo en la supresi\u00f3n de comunidades religiosas en el a\u00f1o 1866. En esos casos sol\u00eda seguir serenamente lo que la Providencia hab\u00eda determinado: \u00aben lo intimo de nuestro coraz\u00f3n &#8211; sol\u00eda declarar &#8211; adoremos los designios de Dios que permite tantas revoluciones, cambios, mudanzas en los acontecimientos y en las cosas. De todo esto \u00c9l sabr\u00e1 sacar gloria, aunque nosotros no podamos prever ese tiempo\u00bb.<\/p>\n<p>Su amor a Dios era puro y libre de todo artificio humano, y se expres\u00f3 en amor a los hombres, y muy particularmente a la Iglesia y al Sumo Pont\u00edfice.<\/p>\n<p>El Siervo de Dios fue un padre bueno que acog\u00eda a todos, ricos y pobres, grandes y peque\u00f1os, con gran caridad, bondad y cortes\u00eda. Am\u00f3 entra\u00f1ablemente al Papa y experiment\u00f3 profunda angustia por todo lo que en aquella \u00e9poca el Romano Pont\u00edfice tendr\u00eda que soportar de la llamada Joven Italia. \u00abDe todo coraz\u00f3n, deseo la paz entre el poder civil y la Iglesia &#8211; escribi\u00f3 su hermano Santiago, ministro de estado -, deseo vivamente que cese la lucha contra la Iglesia, contra sus instituciones. La autoridad pontificia fue siempre el sol de Italia. Sin los Sumos Pont\u00edfices, Roma ser\u00eda como Babilonia y N\u00ednive\u00bb.<\/p>\n<p>En asuntos concernientes a la pol\u00edtica obr\u00f3 con m\u00e1xima prudencia y no permiti\u00f3 a sus misioneros predicar otra pol\u00edtica sino la del Evangelio.<\/p>\n<p>En su t\u00e1ctica de gobierno combin\u00f3 la fortaleza con la mansedumbre y se lamentaba cuando no pod\u00edan evitar algunas irregularidades. Impulsado por su sencilla y sincera humildad, pidi\u00f3 repetidas veces, hasta sus \u00faltimos d\u00edas, que se le librara del oficio de Superior Provincial y de Director de las Hijas de la Caridad. Pero jam\u00e1s fue escuchado por los Superiores Mayores, que conoc\u00edan muy bien de la eficiencia de su gobierno. Fue ingenioso, moderado, casto, justo, prudente, administrador, y en privado practic\u00f3 una riguros\u00edsima pobreza. La renovaci\u00f3n de la observancia religiosa en las Provincias Vicentinas debe atribuirse a su ejemplo y a sus exhortaciones y advertencias.<\/p>\n<p>La fama de sus virtudes no mengu\u00f3, mas bien creci\u00f3 despu\u00e9s de su muerte. A ra\u00edz de esto, el Arzobispo de Tur\u00edn inici\u00f3 la Causa de beatificaci\u00f3n y canonizaci\u00f3n, y en los a\u00f1os 1928 a 1930 instruy\u00f3 el Proceso Ordinario de Informaci\u00f3n. Promulgado el Decreto sobre la Introducci\u00f3n de la Causa en 1941, en la misma curia de Tur\u00edn se celebr\u00f3 el Proceso Apost\u00f3lico sobre las virtudes en particular. En 1951 se verific\u00f3 la autoridad y la fuerza de estos Procesos can\u00f3nicos. Preparada ya la <em>Positio, <\/em>se pregunt\u00f3 si el Siervo de Dios hab\u00eda practicado en grado heroico las virtudes teologales, las cardinales y las virtudes correlativas. Los Te\u00f3logos Consultores emitieron su voto en la Reuni\u00f3n Especial, el 12 de enero de 1971. Realizado el Sumario hist\u00f3rico Adicional, se celebr\u00f3 con feliz \u00e9xito otra Reuni\u00f3n Especial, el 21 de septiembre de 1978. Los Padres Cardenales y los Obispos investigaron la <em>Positio<\/em> el 27 de marzo de 1979. Despu\u00e9s de haber perfeccionado otros estudios peculiares, el 20 de junio del a\u00f1o 2000, cumplidas luego otras diligencias, y con el Excmo. Se\u00f1or Ottorino Pedro Alberti, Arzobispo de Cagliari, presentada la Causa, se celebro la otra Sesi\u00f3n Ordinaria de Cardenales y Obispos que atestiguaron: hay acuerdo en que el Siervo de Dios Marco Antonio Durando practic\u00f3 las virtudes en grado heroico.<\/p>\n<p>Hecho por fin el esmerado relato de todas estas diligencias al Sumo Pont\u00edfice Juan Pablo II por el suscrito Prefecto, su Santidad, al aceptar y ratificar los votos de la Congregaci\u00f3n para las Causas de los Santos, orden\u00f3 que se consignara por escrito el decreto sobre las virtudes heroicas del Siervo de Dios.<\/p>\n<p>Cuando se cumpli\u00f3 lo mandado, convocados en este d\u00eda el suscrito Prefecto y Postulador de la Causa, y yo, Obispo secretario de la Congregaci\u00f3n, y los dem\u00e1s que deben ser convocados, y estando todos presentes, el Beat\u00edsimo Padre declar\u00f3 solemnemente:<\/p>\n<p style=\"padding-left: 30px\"><em>Hay certeza sobre las virtudes teologales de Fe, Esperanza y Caridad hacia Dios, y tambi\u00e9n hacia el pr\u00f3jimo, igualmente sobre las cardinales de Prudencia, Justicia, Fortaleza y Templanza y dem\u00e1s virtudes anejas en grado heroico del Siervo de Dios Marco Antonio Durando, Sacerdote de la Congregaci\u00f3n de la Misi\u00f3n de San Vicente de Pa\u00fal, fundador de las Hermanas de Jes\u00fas Nazareno.<\/em><\/p>\n<p>El Sumo Pont\u00edfice orden\u00f3 que este Decreto se publicara y se hiciera constar en las Actas de la Congregaci\u00f3n para las Causas de los Santos.<\/p>\n<p>Dado en Roma, el 1\u00ba de julio del a\u00f1o del Se\u00f1or 2000.<\/p>\n<p>+ Jos\u00e9 SARAIVA MARTINS<br \/>\nArzobispo titular de Thuburnica<br \/>\n<em>Prefecto <\/em><\/p>\n<p>&nbsp;<\/p>\n<p>+ Edward NOWAK<br \/>\nArzobispo titular de Luna<br \/>\n<em>Secretario<\/em><\/p>\n","protected":false},"excerpt":{"rendered":"<p>Marco Antonio Durando : Decreto sobre las virtudes CONGREGACI\u00d3N PARA LAS CAUSAS DE LOS SANTOS Tur\u00edn Beatificaci\u00f3n y canonizaci\u00f3n del Siervo de Dios MARCO ANTONIO DURANDO Sacerdote de la Congregaci\u00f3n de la Misi\u00f3n de San &#8230; <a href=\"http:\/\/vincentians.com\/es\/decreto-sobre-las-virtudes-de-marco-antonio-durando\/\" class=\"more-link\">Read More<\/a><\/p>\n","protected":false},"author":4,"featured_media":24144,"comment_status":"open","ping_status":"open","sticky":false,"template":"","format":"standard","meta":{"jetpack_post_was_ever_published":false,"_jetpack_newsletter_access":"","_jetpack_dont_email_post_to_subs":false,"_jetpack_newsletter_tier_id":0,"_jetpack_memberships_contains_paywalled_content":false,"_jetpack_memberships_contains_paid_content":false,"footnotes":"","jetpack_publicize_message":"","jetpack_publicize_feature_enabled":true,"jetpack_social_post_already_shared":true,"jetpack_social_options":{"image_generator_settings":{"template":"highway","default_image_id":0,"font":"","enabled":false},"version":2}},"categories":[22],"tags":[174,176],"class_list":["post-53837","post","type-post","status-publish","format-standard","has-post-thumbnail","hentry","category-marco-antonio-durando","tag-durando","tag-misiones-populares"],"yoast_head":"<!-- This site is optimized with the Yoast SEO plugin v26.3 - https:\/\/yoast.com\/wordpress\/plugins\/seo\/ -->\n<title>Decreto sobre las virtudes de Marco Antonio Durando - Somos Vicencianos<\/title>\n<meta name=\"robots\" content=\"index, follow, max-snippet:-1, max-image-preview:large, max-video-preview:-1\" \/>\n<link rel=\"canonical\" href=\"http:\/\/vincentians.com\/es\/decreto-sobre-las-virtudes-de-marco-antonio-durando\/\" \/>\n<meta property=\"og:locale\" content=\"es_ES\" \/>\n<meta property=\"og:type\" content=\"article\" \/>\n<meta property=\"og:title\" content=\"Decreto sobre las virtudes de Marco Antonio Durando - Somos Vicencianos\" \/>\n<meta property=\"og:description\" content=\"Marco Antonio Durando : Decreto sobre las virtudes CONGREGACI\u00d3N PARA LAS CAUSAS DE LOS SANTOS Tur\u00edn Beatificaci\u00f3n y canonizaci\u00f3n del Siervo de Dios MARCO ANTONIO DURANDO Sacerdote de la Congregaci\u00f3n de la Misi\u00f3n de San ... Read More\" \/>\n<meta property=\"og:url\" content=\"http:\/\/vincentians.com\/es\/decreto-sobre-las-virtudes-de-marco-antonio-durando\/\" \/>\n<meta property=\"og:site_name\" content=\"Somos Vicencianos\" \/>\n<meta property=\"article:publisher\" content=\"https:\/\/www.facebook.com\/WeAreVincentians\/\" \/>\n<meta property=\"article:author\" content=\"https:\/\/www.facebook.com\/JavierChento\" \/>\n<meta property=\"article:published_time\" content=\"2011-10-20T01:45:07+00:00\" \/>\n<meta name=\"author\" content=\"Francisco Javier Fern\u00e1ndez Chento\" \/>\n<meta name=\"twitter:card\" content=\"summary_large_image\" \/>\n<meta name=\"twitter:creator\" content=\"@https:\/\/twitter.com\/javierchento\" \/>\n<meta name=\"twitter:site\" content=\"@WeVincentians\" \/>\n<meta name=\"twitter:label1\" content=\"Escrito por\" \/>\n\t<meta name=\"twitter:data1\" content=\"Francisco Javier Fern\u00e1ndez Chento\" \/>\n\t<meta name=\"twitter:label2\" content=\"Tiempo de lectura\" \/>\n\t<meta name=\"twitter:data2\" content=\"9 minutos\" \/>\n<script type=\"application\/ld+json\" class=\"yoast-schema-graph\">{\"@context\":\"https:\/\/schema.org\",\"@graph\":[{\"@type\":\"Article\",\"@id\":\"http:\/\/vincentians.com\/es\/decreto-sobre-las-virtudes-de-marco-antonio-durando\/#article\",\"isPartOf\":{\"@id\":\"http:\/\/vincentians.com\/es\/decreto-sobre-las-virtudes-de-marco-antonio-durando\/\"},\"author\":{\"name\":\"Francisco Javier Fern\u00e1ndez Chento\",\"@id\":\"http:\/\/vincentians.com\/es\/#\/schema\/person\/9623ef4d9aa3b2dfb8c061f1499288f2\"},\"headline\":\"Decreto sobre las virtudes de Marco Antonio Durando\",\"datePublished\":\"2011-10-20T01:45:07+00:00\",\"mainEntityOfPage\":{\"@id\":\"http:\/\/vincentians.com\/es\/decreto-sobre-las-virtudes-de-marco-antonio-durando\/\"},\"wordCount\":1730,\"commentCount\":0,\"publisher\":{\"@id\":\"http:\/\/vincentians.com\/es\/#organization\"},\"image\":{\"@id\":\"http:\/\/vincentians.com\/es\/decreto-sobre-las-virtudes-de-marco-antonio-durando\/#primaryimage\"},\"thumbnailUrl\":\"\",\"keywords\":[\"Durando\",\"Misiones Populares\"],\"articleSection\":[\"Marco Antonio Durando\"],\"inLanguage\":\"es\",\"potentialAction\":[{\"@type\":\"CommentAction\",\"name\":\"Comment\",\"target\":[\"http:\/\/vincentians.com\/es\/decreto-sobre-las-virtudes-de-marco-antonio-durando\/#respond\"]}]},{\"@type\":\"WebPage\",\"@id\":\"http:\/\/vincentians.com\/es\/decreto-sobre-las-virtudes-de-marco-antonio-durando\/\",\"url\":\"http:\/\/vincentians.com\/es\/decreto-sobre-las-virtudes-de-marco-antonio-durando\/\",\"name\":\"Decreto sobre las virtudes de Marco Antonio Durando - Somos Vicencianos\",\"isPartOf\":{\"@id\":\"http:\/\/vincentians.com\/es\/#website\"},\"primaryImageOfPage\":{\"@id\":\"http:\/\/vincentians.com\/es\/decreto-sobre-las-virtudes-de-marco-antonio-durando\/#primaryimage\"},\"image\":{\"@id\":\"http:\/\/vincentians.com\/es\/decreto-sobre-las-virtudes-de-marco-antonio-durando\/#primaryimage\"},\"thumbnailUrl\":\"\",\"datePublished\":\"2011-10-20T01:45:07+00:00\",\"breadcrumb\":{\"@id\":\"http:\/\/vincentians.com\/es\/decreto-sobre-las-virtudes-de-marco-antonio-durando\/#breadcrumb\"},\"inLanguage\":\"es\",\"potentialAction\":[{\"@type\":\"ReadAction\",\"target\":[\"http:\/\/vincentians.com\/es\/decreto-sobre-las-virtudes-de-marco-antonio-durando\/\"]}]},{\"@type\":\"ImageObject\",\"inLanguage\":\"es\",\"@id\":\"http:\/\/vincentians.com\/es\/decreto-sobre-las-virtudes-de-marco-antonio-durando\/#primaryimage\",\"url\":\"\",\"contentUrl\":\"\"},{\"@type\":\"BreadcrumbList\",\"@id\":\"http:\/\/vincentians.com\/es\/decreto-sobre-las-virtudes-de-marco-antonio-durando\/#breadcrumb\",\"itemListElement\":[{\"@type\":\"ListItem\",\"position\":1,\"name\":\"Portada\",\"item\":\"http:\/\/vincentians.com\/es\/\"},{\"@type\":\"ListItem\",\"position\":2,\"name\":\"Decreto sobre las virtudes de Marco Antonio Durando\"}]},{\"@type\":\"WebSite\",\"@id\":\"http:\/\/vincentians.com\/es\/#website\",\"url\":\"http:\/\/vincentians.com\/es\/\",\"name\":\"Somos Vicencianos\",\"description\":\"Know more to serve more\",\"publisher\":{\"@id\":\"http:\/\/vincentians.com\/es\/#organization\"},\"potentialAction\":[{\"@type\":\"SearchAction\",\"target\":{\"@type\":\"EntryPoint\",\"urlTemplate\":\"http:\/\/vincentians.com\/es\/?s={search_term_string}\"},\"query-input\":{\"@type\":\"PropertyValueSpecification\",\"valueRequired\":true,\"valueName\":\"search_term_string\"}}],\"inLanguage\":\"es\"},{\"@type\":\"Organization\",\"@id\":\"http:\/\/vincentians.com\/es\/#organization\",\"name\":\"The Vincentian Network\",\"url\":\"http:\/\/vincentians.com\/es\/\",\"logo\":{\"@type\":\"ImageObject\",\"inLanguage\":\"es\",\"@id\":\"http:\/\/vincentians.com\/es\/#\/schema\/logo\/image\/\",\"url\":\"https:\/\/i1.wp.com\/vincentians.com\/es\/wp-content\/uploads\/sites\/11\/2016\/06\/Vincentian-Network-logo-big.png?fit=778%2C778\",\"contentUrl\":\"https:\/\/i1.wp.com\/vincentians.com\/es\/wp-content\/uploads\/sites\/11\/2016\/06\/Vincentian-Network-logo-big.png?fit=778%2C778\",\"width\":778,\"height\":778,\"caption\":\"The Vincentian Network\"},\"image\":{\"@id\":\"http:\/\/vincentians.com\/es\/#\/schema\/logo\/image\/\"},\"sameAs\":[\"https:\/\/www.facebook.com\/WeAreVincentians\/\",\"https:\/\/x.com\/WeVincentians\"]},{\"@type\":\"Person\",\"@id\":\"http:\/\/vincentians.com\/es\/#\/schema\/person\/9623ef4d9aa3b2dfb8c061f1499288f2\",\"name\":\"Francisco Javier Fern\u00e1ndez Chento\",\"image\":{\"@type\":\"ImageObject\",\"inLanguage\":\"es\",\"@id\":\"http:\/\/vincentians.com\/es\/#\/schema\/person\/image\/\",\"url\":\"https:\/\/secure.gravatar.com\/avatar\/497d5cde87b4c3d097d0315953521681ba2cd523ee66e5077c3711f7021e65de?s=96&d=mm&r=g\",\"contentUrl\":\"https:\/\/secure.gravatar.com\/avatar\/497d5cde87b4c3d097d0315953521681ba2cd523ee66e5077c3711f7021e65de?s=96&d=mm&r=g\",\"caption\":\"Francisco Javier Fern\u00e1ndez Chento\"},\"description\":\"Director General y cofundador de La Red de Formaci\u00f3n Vicenciana. Javier es laico vicenciano, afiliado a la Congregaci\u00f3n de la Misi\u00f3n y miembro del Equipo de Misiones Populares de la provincia can\u00f3nica de Zaragoza (Espa\u00f1a) de la Congregaci\u00f3n de la Misi\u00f3n. Graduado en la Universidad Oberta de Catalunya con cuatro grados (Asistente de direcci\u00f3n, Gesti\u00f3n Administrativa, Recursos Humanos y Contabilidad Avanzada). Bil\u00edng\u00fce Espa\u00f1ol\/Ingl\u00e9s. gestiona y mantiene varias p\u00e1ginas web cristianas y vicencianas, incluida including La Red de Formaci\u00f3n Vicenciana, de la que es cofundador. Actualmente es responsable del \u00e1rea de Espa\u00f1ol de .famvin, la Red de Noticias de la Familia Vicenciana. Tambi\u00e9n es m\u00fasico cat\u00f3lico y ha editado varios discos. Es Director General y cofundador de Trovador, una reconocida compa\u00f1\u00eda discogr\u00e1fica critiana de Espa\u00f1a. Trabaja en las Tecnolog\u00edas de la Informaci\u00f3n, ofreciendo servicios de alojamiento, dise\u00f1o y mantenimiento Web, as\u00ed como asesoramiento, formaci\u00f3n y soluciones inform\u00e1ticas, gesti\u00f3n documental y digitalizaci\u00f3n de textos, edici\u00f3n y maquetaci\u00f3n de libros, revistas, flyers, etc.\",\"sameAs\":[\"http:\/\/chento.org\",\"https:\/\/www.facebook.com\/JavierChento\",\"https:\/\/x.com\/https:\/\/twitter.com\/javierchento\"],\"url\":\"http:\/\/vincentians.com\/es\/author\/chento\/\"}]}<\/script>\n<!-- \/ Yoast SEO plugin. -->","yoast_head_json":{"title":"Decreto sobre las virtudes de Marco Antonio Durando - Somos Vicencianos","robots":{"index":"index","follow":"follow","max-snippet":"max-snippet:-1","max-image-preview":"max-image-preview:large","max-video-preview":"max-video-preview:-1"},"canonical":"http:\/\/vincentians.com\/es\/decreto-sobre-las-virtudes-de-marco-antonio-durando\/","og_locale":"es_ES","og_type":"article","og_title":"Decreto sobre las virtudes de Marco Antonio Durando - Somos Vicencianos","og_description":"Marco Antonio Durando : Decreto sobre las virtudes CONGREGACI\u00d3N PARA LAS CAUSAS DE LOS SANTOS Tur\u00edn Beatificaci\u00f3n y canonizaci\u00f3n del Siervo de Dios MARCO ANTONIO DURANDO Sacerdote de la Congregaci\u00f3n de la Misi\u00f3n de San ... Read More","og_url":"http:\/\/vincentians.com\/es\/decreto-sobre-las-virtudes-de-marco-antonio-durando\/","og_site_name":"Somos Vicencianos","article_publisher":"https:\/\/www.facebook.com\/WeAreVincentians\/","article_author":"https:\/\/www.facebook.com\/JavierChento","article_published_time":"2011-10-20T01:45:07+00:00","author":"Francisco Javier Fern\u00e1ndez Chento","twitter_card":"summary_large_image","twitter_creator":"@https:\/\/twitter.com\/javierchento","twitter_site":"@WeVincentians","twitter_misc":{"Escrito por":"Francisco Javier Fern\u00e1ndez Chento","Tiempo de lectura":"9 minutos"},"schema":{"@context":"https:\/\/schema.org","@graph":[{"@type":"Article","@id":"http:\/\/vincentians.com\/es\/decreto-sobre-las-virtudes-de-marco-antonio-durando\/#article","isPartOf":{"@id":"http:\/\/vincentians.com\/es\/decreto-sobre-las-virtudes-de-marco-antonio-durando\/"},"author":{"name":"Francisco Javier Fern\u00e1ndez Chento","@id":"http:\/\/vincentians.com\/es\/#\/schema\/person\/9623ef4d9aa3b2dfb8c061f1499288f2"},"headline":"Decreto sobre las virtudes de Marco Antonio Durando","datePublished":"2011-10-20T01:45:07+00:00","mainEntityOfPage":{"@id":"http:\/\/vincentians.com\/es\/decreto-sobre-las-virtudes-de-marco-antonio-durando\/"},"wordCount":1730,"commentCount":0,"publisher":{"@id":"http:\/\/vincentians.com\/es\/#organization"},"image":{"@id":"http:\/\/vincentians.com\/es\/decreto-sobre-las-virtudes-de-marco-antonio-durando\/#primaryimage"},"thumbnailUrl":"","keywords":["Durando","Misiones Populares"],"articleSection":["Marco Antonio Durando"],"inLanguage":"es","potentialAction":[{"@type":"CommentAction","name":"Comment","target":["http:\/\/vincentians.com\/es\/decreto-sobre-las-virtudes-de-marco-antonio-durando\/#respond"]}]},{"@type":"WebPage","@id":"http:\/\/vincentians.com\/es\/decreto-sobre-las-virtudes-de-marco-antonio-durando\/","url":"http:\/\/vincentians.com\/es\/decreto-sobre-las-virtudes-de-marco-antonio-durando\/","name":"Decreto sobre las virtudes de Marco Antonio Durando - Somos Vicencianos","isPartOf":{"@id":"http:\/\/vincentians.com\/es\/#website"},"primaryImageOfPage":{"@id":"http:\/\/vincentians.com\/es\/decreto-sobre-las-virtudes-de-marco-antonio-durando\/#primaryimage"},"image":{"@id":"http:\/\/vincentians.com\/es\/decreto-sobre-las-virtudes-de-marco-antonio-durando\/#primaryimage"},"thumbnailUrl":"","datePublished":"2011-10-20T01:45:07+00:00","breadcrumb":{"@id":"http:\/\/vincentians.com\/es\/decreto-sobre-las-virtudes-de-marco-antonio-durando\/#breadcrumb"},"inLanguage":"es","potentialAction":[{"@type":"ReadAction","target":["http:\/\/vincentians.com\/es\/decreto-sobre-las-virtudes-de-marco-antonio-durando\/"]}]},{"@type":"ImageObject","inLanguage":"es","@id":"http:\/\/vincentians.com\/es\/decreto-sobre-las-virtudes-de-marco-antonio-durando\/#primaryimage","url":"","contentUrl":""},{"@type":"BreadcrumbList","@id":"http:\/\/vincentians.com\/es\/decreto-sobre-las-virtudes-de-marco-antonio-durando\/#breadcrumb","itemListElement":[{"@type":"ListItem","position":1,"name":"Portada","item":"http:\/\/vincentians.com\/es\/"},{"@type":"ListItem","position":2,"name":"Decreto sobre las virtudes de Marco Antonio Durando"}]},{"@type":"WebSite","@id":"http:\/\/vincentians.com\/es\/#website","url":"http:\/\/vincentians.com\/es\/","name":"Somos Vicencianos","description":"Know more to serve more","publisher":{"@id":"http:\/\/vincentians.com\/es\/#organization"},"potentialAction":[{"@type":"SearchAction","target":{"@type":"EntryPoint","urlTemplate":"http:\/\/vincentians.com\/es\/?s={search_term_string}"},"query-input":{"@type":"PropertyValueSpecification","valueRequired":true,"valueName":"search_term_string"}}],"inLanguage":"es"},{"@type":"Organization","@id":"http:\/\/vincentians.com\/es\/#organization","name":"The Vincentian Network","url":"http:\/\/vincentians.com\/es\/","logo":{"@type":"ImageObject","inLanguage":"es","@id":"http:\/\/vincentians.com\/es\/#\/schema\/logo\/image\/","url":"https:\/\/i1.wp.com\/vincentians.com\/es\/wp-content\/uploads\/sites\/11\/2016\/06\/Vincentian-Network-logo-big.png?fit=778%2C778","contentUrl":"https:\/\/i1.wp.com\/vincentians.com\/es\/wp-content\/uploads\/sites\/11\/2016\/06\/Vincentian-Network-logo-big.png?fit=778%2C778","width":778,"height":778,"caption":"The Vincentian Network"},"image":{"@id":"http:\/\/vincentians.com\/es\/#\/schema\/logo\/image\/"},"sameAs":["https:\/\/www.facebook.com\/WeAreVincentians\/","https:\/\/x.com\/WeVincentians"]},{"@type":"Person","@id":"http:\/\/vincentians.com\/es\/#\/schema\/person\/9623ef4d9aa3b2dfb8c061f1499288f2","name":"Francisco Javier Fern\u00e1ndez Chento","image":{"@type":"ImageObject","inLanguage":"es","@id":"http:\/\/vincentians.com\/es\/#\/schema\/person\/image\/","url":"https:\/\/secure.gravatar.com\/avatar\/497d5cde87b4c3d097d0315953521681ba2cd523ee66e5077c3711f7021e65de?s=96&d=mm&r=g","contentUrl":"https:\/\/secure.gravatar.com\/avatar\/497d5cde87b4c3d097d0315953521681ba2cd523ee66e5077c3711f7021e65de?s=96&d=mm&r=g","caption":"Francisco Javier Fern\u00e1ndez Chento"},"description":"Director General y cofundador de La Red de Formaci\u00f3n Vicenciana. Javier es laico vicenciano, afiliado a la Congregaci\u00f3n de la Misi\u00f3n y miembro del Equipo de Misiones Populares de la provincia can\u00f3nica de Zaragoza (Espa\u00f1a) de la Congregaci\u00f3n de la Misi\u00f3n. Graduado en la Universidad Oberta de Catalunya con cuatro grados (Asistente de direcci\u00f3n, Gesti\u00f3n Administrativa, Recursos Humanos y Contabilidad Avanzada). Bil\u00edng\u00fce Espa\u00f1ol\/Ingl\u00e9s. gestiona y mantiene varias p\u00e1ginas web cristianas y vicencianas, incluida including La Red de Formaci\u00f3n Vicenciana, de la que es cofundador. Actualmente es responsable del \u00e1rea de Espa\u00f1ol de .famvin, la Red de Noticias de la Familia Vicenciana. Tambi\u00e9n es m\u00fasico cat\u00f3lico y ha editado varios discos. Es Director General y cofundador de Trovador, una reconocida compa\u00f1\u00eda discogr\u00e1fica critiana de Espa\u00f1a. Trabaja en las Tecnolog\u00edas de la Informaci\u00f3n, ofreciendo servicios de alojamiento, dise\u00f1o y mantenimiento Web, as\u00ed como asesoramiento, formaci\u00f3n y soluciones inform\u00e1ticas, gesti\u00f3n documental y digitalizaci\u00f3n de textos, edici\u00f3n y maquetaci\u00f3n de libros, revistas, flyers, etc.","sameAs":["http:\/\/chento.org","https:\/\/www.facebook.com\/JavierChento","https:\/\/x.com\/https:\/\/twitter.com\/javierchento"],"url":"http:\/\/vincentians.com\/es\/author\/chento\/"}]}},"jetpack_publicize_connections":[],"jetpack_featured_media_url":"","jetpack_sharing_enabled":true,"jetpack_shortlink":"https:\/\/wp.me\/p7ETMF-e0l","jetpack-related-posts":[{"id":124208,"url":"http:\/\/vincentians.com\/es\/vicente-de-paul-el-ocaso\/","url_meta":{"origin":53837,"position":0},"title":"Vicente de Pa\u00fal: El ocaso","author":"Francisco Javier Fern\u00e1ndez Chento","date":"27\/03\/2023","format":false,"excerpt":"As\u00ed como la misi\u00f3n de Madagascar fue el calvario para la Congregaci\u00f3n de la Misi\u00f3n, el calvario personal del P. Vicente comenz\u00f3 un poco m\u00e1s tarde. Desde el a\u00f1o 1656 estuvo enfermo sin recuperarse del todo ya nunca m\u00e1s. En 1658 sufri\u00f3 un accidente de carroza recibiendo una herida en\u2026","rel":"","context":"En \u00abVicente de Pa\u00fal\u00bb","block_context":{"text":"Vicente de Pa\u00fal","link":"http:\/\/vincentians.com\/es\/category\/la-familia-vicenciana\/fundadores\/vicente-de-paul\/"},"img":{"alt_text":"","src":"https:\/\/i0.wp.com\/vincentians.com\/es\/wp-content\/uploads\/sites\/11\/2013\/04\/e-3.jpg?fit=976%2C570&resize=350%2C200","width":350,"height":200,"srcset":"https:\/\/i0.wp.com\/vincentians.com\/es\/wp-content\/uploads\/sites\/11\/2013\/04\/e-3.jpg?fit=976%2C570&resize=350%2C200 1x, https:\/\/i0.wp.com\/vincentians.com\/es\/wp-content\/uploads\/sites\/11\/2013\/04\/e-3.jpg?fit=976%2C570&resize=525%2C300 1.5x, https:\/\/i0.wp.com\/vincentians.com\/es\/wp-content\/uploads\/sites\/11\/2013\/04\/e-3.jpg?fit=976%2C570&resize=700%2C400 2x"},"classes":[]},{"id":387153,"url":"http:\/\/vincentians.com\/es\/observantes-de-las-constituciones\/","url_meta":{"origin":53837,"position":1},"title":"Observantes de las Constituciones","author":"Mitxel Olabu\u00e9naga","date":"06\/03\/2016","format":false,"excerpt":"\u00abMaestro bueno \u00bfqu\u00e9 tengo que hacer para heredar la vida eterna? Jes\u00fas le contest\u00f3: \u00bfPor qu\u00e9 me llamas bue no? Nadie es bueno m\u00e1s que uno, Dios. Ya sabes los mandamientos: No mates... honra a tu padre y a tu madre. El declar\u00f3: Maestro, todo eso lo he cumplido des\u2026","rel":"","context":"En \u00abEspiritualidad\u00bb","block_context":{"text":"Espiritualidad","link":"http:\/\/vincentians.com\/es\/category\/espiritualidad\/"},"img":{"alt_text":"adf","src":"https:\/\/i0.wp.com\/vicencianos.org\/wp-content\/uploads\/2016\/03\/adf.jpg?resize=350%2C200","width":350,"height":200},"classes":[]},{"id":387068,"url":"http:\/\/vincentians.com\/es\/la-basilica-parroquia-de-la-milagrosa-madrid\/","url_meta":{"origin":53837,"position":2},"title":"La Bas\u00edlica-Parroquia de La Milagrosa (Madrid)","author":"Mitxel Olabu\u00e9naga","date":"11\/02\/2016","format":false,"excerpt":"Una Iglesia dedicada a San Vicente de Paul Una vez terminada la casa de Garc\u00eda de Paredes, 45, la Comunidad de Misioneros Paules, cada d\u00eda m\u00e1s numerosa, echaba en falta una iglesia capaz para celebrar el culto divino. Se decidieron a edificar un templo en honor de San Vicente de\u2026","rel":"","context":"En \u00abHistoria de la Congregaci\u00f3n de la Misi\u00f3n en Espa\u00f1a\u00bb","block_context":{"text":"Historia de la Congregaci\u00f3n de la Misi\u00f3n en Espa\u00f1a","link":"http:\/\/vincentians.com\/es\/category\/historia-de-la-familia-vicenciana\/historia-de-la-congregacion-de-la-mision-en-espana\/"},"img":{"alt_text":"msoFDCDE","src":"https:\/\/i0.wp.com\/vicencianos.org\/wp-content\/uploads\/2016\/02\/msoFDCDE-210x300.jpg?resize=350%2C200","width":350,"height":200},"classes":[]},{"id":49312,"url":"http:\/\/vincentians.com\/es\/triple-invitacion-del-beato-marco-antonio-durando-a-la-provincia-de-turin-y-a-la-familia-vicenciana\/","url_meta":{"origin":53837,"position":3},"title":"Triple invitaci\u00f3n del Beato Marco Antonio Durando a la Provincia de Tur\u00edn y a la Familia Vicenciana","author":"Francisco Javier Fern\u00e1ndez Chento","date":"06\/09\/2011","format":false,"excerpt":"1. A reavivar la espiritualidad de San Vicente de Pa\u00fal Si, gracias a la presencia de los \"Se\u00f1ores de la Misi\u00f3n\" en la peque\u00f1a poblaci\u00f3n de Mondov\u00ec, donde naci\u00f3 el P. Marco Antonio Durando, \u00e9ste decidi\u00f3 entrar en la Congregaci\u00f3n, para realizar su deseo de ir como misionero a China,\u2026","rel":"","context":"En \u00abMarco Antonio Durando\u00bb","block_context":{"text":"Marco Antonio Durando","link":"http:\/\/vincentians.com\/es\/category\/la-familia-vicenciana\/la-familia-vicenciana-en-los-altares\/beatos\/marco-antonio-durando\/"},"img":{"alt_text":"Marco Antonio Durando","src":"https:\/\/i0.wp.com\/vicencianos.org\/wp-content\/2011\/04\/marco_antonio_durando-242x300.jpg?resize=350%2C200","width":350,"height":200},"classes":[]},{"id":123748,"url":"http:\/\/vincentians.com\/es\/verdad-religiosa-y-caridad-social-tercera-parte\/","url_meta":{"origin":53837,"position":4},"title":"Verdad religiosa y caridad social: Tercera parte","author":"Mitxel Olabu\u00e9naga","date":"25\/09\/2022","format":false,"excerpt":"Tercera parte: Al Servicio del Clero La \"Religi\u00f3n de San Pedro\".\u2014Urgente necesidad.\u2014Los \"Ejercicios de San Vi\u00adcente\". \u2014 Los Ordenados. \u2014 Asociaci\u00f3n Sacerdotal.\u2014Las Conferencias eclesi\u00e1sti\u00adcas y Bossuet.\u2014Difusi\u00f3n de las Conferen\u00adcias.\u2014El Clero Espa\u00f1ol.\u2014Los Seminarios en Francia.\u2014La Innovaci\u00f3n de San Vi\u00adcente.\u2014La Congregaci\u00f3n de la Misi\u00f3n y los Seminarios Conciliares.\u2014En Espa\u00f1a y sus Colonias.\u2014Episcopologio\u2026","rel":"","context":"En \u00abHistoria de la Congregaci\u00f3n de la Misi\u00f3n\u00bb","block_context":{"text":"Historia de la Congregaci\u00f3n de la Misi\u00f3n","link":"http:\/\/vincentians.com\/es\/category\/historia-de-la-familia-vicenciana\/historia-de-la-congregacion-de-la-mision\/"},"img":{"alt_text":"","src":"https:\/\/i0.wp.com\/vincentians.com\/es\/wp-content\/uploads\/sites\/11\/2013\/04\/formacion_permanente-1.jpg?fit=303%2C303&resize=350%2C200","width":350,"height":200},"classes":[]},{"id":387869,"url":"http:\/\/vincentians.com\/es\/amigo-de-los-pobres-anos-de-despedida-1654-1660\/","url_meta":{"origin":53837,"position":5},"title":"San Vicente: Amigo de los pobres: a\u00f1os de despedida (1654-1660)","author":"Mitxel Olabu\u00e9naga","date":"17\/10\/2016","format":false,"excerpt":"La vejez se parece a los atardeceres. Todos los d\u00edas, cuando concluye la tarde las nubes sacan sus vestidos de colores para celebrar la fiesta del sol que ha completado felizmente su jornada. Vicente de Pa\u00fal ha llegado al ocaso de su vida. Va a concluir una feliz jornada. Hab\u00eda\u2026","rel":"","context":"En \u00abFormaci\u00f3n Vicenciana\u00bb","block_context":{"text":"Formaci\u00f3n Vicenciana","link":"http:\/\/vincentians.com\/es\/category\/formacion-vicenciana\/"},"img":{"alt_text":"","src":"https:\/\/i0.wp.com\/vincentians.com\/es\/wp-content\/uploads\/sites\/11\/2016\/07\/st-vincent-de-paul.jpg?fit=1200%2C630&resize=350%2C200","width":350,"height":200,"srcset":"https:\/\/i0.wp.com\/vincentians.com\/es\/wp-content\/uploads\/sites\/11\/2016\/07\/st-vincent-de-paul.jpg?fit=1200%2C630&resize=350%2C200 1x, https:\/\/i0.wp.com\/vincentians.com\/es\/wp-content\/uploads\/sites\/11\/2016\/07\/st-vincent-de-paul.jpg?fit=1200%2C630&resize=525%2C300 1.5x, https:\/\/i0.wp.com\/vincentians.com\/es\/wp-content\/uploads\/sites\/11\/2016\/07\/st-vincent-de-paul.jpg?fit=1200%2C630&resize=700%2C400 2x, https:\/\/i0.wp.com\/vincentians.com\/es\/wp-content\/uploads\/sites\/11\/2016\/07\/st-vincent-de-paul.jpg?fit=1200%2C630&resize=1050%2C600 3x"},"classes":[]}],"_links":{"self":[{"href":"http:\/\/vincentians.com\/es\/wp-json\/wp\/v2\/posts\/53837","targetHints":{"allow":["GET"]}}],"collection":[{"href":"http:\/\/vincentians.com\/es\/wp-json\/wp\/v2\/posts"}],"about":[{"href":"http:\/\/vincentians.com\/es\/wp-json\/wp\/v2\/types\/post"}],"author":[{"embeddable":true,"href":"http:\/\/vincentians.com\/es\/wp-json\/wp\/v2\/users\/4"}],"replies":[{"embeddable":true,"href":"http:\/\/vincentians.com\/es\/wp-json\/wp\/v2\/comments?post=53837"}],"version-history":[{"count":0,"href":"http:\/\/vincentians.com\/es\/wp-json\/wp\/v2\/posts\/53837\/revisions"}],"wp:featuredmedia":[{"embeddable":true,"href":"http:\/\/vincentians.com\/es\/wp-json\/"}],"wp:attachment":[{"href":"http:\/\/vincentians.com\/es\/wp-json\/wp\/v2\/media?parent=53837"}],"wp:term":[{"taxonomy":"category","embeddable":true,"href":"http:\/\/vincentians.com\/es\/wp-json\/wp\/v2\/categories?post=53837"},{"taxonomy":"post_tag","embeddable":true,"href":"http:\/\/vincentians.com\/es\/wp-json\/wp\/v2\/tags?post=53837"}],"curies":[{"name":"wp","href":"https:\/\/api.w.org\/{rel}","templated":true}]}}