{"id":53778,"date":"2019-05-19T08:30:47","date_gmt":"2019-05-19T06:30:47","guid":{"rendered":"http:\/\/somos.vicencianos.org\/?p=53778"},"modified":"2019-03-15T08:58:11","modified_gmt":"2019-03-15T07:58:11","slug":"mis-esperanzas-para-la-congregacion-de-la-mision","status":"publish","type":"post","link":"http:\/\/vincentians.com\/es\/mis-esperanzas-para-la-congregacion-de-la-mision\/","title":{"rendered":"Mis esperanzas para la Congregaci\u00f3n de la Misi\u00f3n"},"content":{"rendered":"<p>Hace unos a\u00f1os les confi\u00e9 mis esperanzas para la Congregaci\u00f3n para los a\u00f1os siguientes. Gracias a Dios, y con la generosa cooperaci\u00f3n de los miembros de nuestra familia en todo el mundo, un buen n\u00famero de esas esperanzas se ha convertido en realidad.<\/p>\n<p>Hoy, en el primer a\u00f1o de un nuevo mandato como Superior General, les ofrezco mis esperanzas para los pr\u00f3ximos seis a\u00f1os. Deseo hacerlo en la humildad, porque s\u00f3lo Dios sabe el futuro y, al descubrirse, con frecuencia Dios nos revela cosas inesperadas. Por ejemplo, hace seis a\u00f1os yo apenas mencion\u00e9 la Familia Vicenciana y ahora tiene un importante lugar en nuestras mentes. Sin embargo hoy, a\u00fan reconociendo lo limitado de nuestra visi\u00f3n humana, deseo tambi\u00e9n comunicarles mis esperanzas con gran confianza porque creo que el Se\u00f1or camina con nosotros y conf\u00edo en que con su ayuda, y la de otros miembros de la Familia Vicenciana, podemos convertir muchos de nuestros sue\u00f1os en realidad.<\/p>\n<p>Por supuesto, deseo ardientemente que continuemos los proyectos que hemos comenzado durante los pasados seis a\u00f1os: las nuevas misiones internacionales, CIF, las nuevas formas de oraci\u00f3n comunitaria, el uso de nuevos medios de comunicaci\u00f3n, etc. Ya les he hablado de esto muchas veces. Las esperanzas que hoy les comunico surgen en gran parte de la Asamblea General de 1998 y de alguna reflexi\u00f3n iniciada en dicha Asamblea.<\/p>\n<h2><em>1. <\/em><em>Espero que podamos ser, junto con los miembros de la Familia Vicenciana de todo el mundo, una fuerza unida, un ej\u00e9rcito (por llamarlo as\u00ed), para la evangelizaci\u00f3n y promoci\u00f3n humana integral de los pobres.<\/em><\/h2>\n<p>Durante la Asamblea General los miembros de nuestra familia nos presentaron 20 recomendaciones. No voy a repetirlas todas aqu\u00ed. Perm\u00edtanme mencionar \u00fanicamente las cuatro llamadas que con m\u00e1s clamor escuch\u00e9 en estas recomendaciones.<\/p>\n<ol>\n<li>Escuch\u00e9 una llamada a la coordinaci\u00f3n en el \u00e1mbito local, regional, nacional e internacional. Para describir esta estructura coordinadora se usan diversas palabras. Se le llama a veces equipo, otras veces comit\u00e9, otras secretariado. Pero existe una llamada clara a crear instrumentos de coordinaci\u00f3n que canalicen nuestras energ\u00edas comunes. Internacionalmente, los responsables de muchas de las ramas principales de nuestra familia nos hemos venido reuniendo regularmente durante los \u00faltimos cuatro a\u00f1os. Espero que dichas reuniones regulares se organicen en el \u00e1mbito nacional, regional y local.<\/li>\n<li>Escuch\u00e9 repetidamente una llamada a la ayuda mutua en la formaci\u00f3n. Los miembros de nuestra familia desean profundizar en su espiritualidad. Quieren conocer a\u00fan mejor a San Vicente y su visi\u00f3n de Cristo y del mundo. Ellos creen que esta es una de las grandes necesidades de nuestra familia y reconocen que podemos ayudarnos mutuamente en la satisfacci\u00f3n de esta necesidad. Recientemente he pedido a un cohermano y a una se\u00f1ora casada que colaboraran en la redacci\u00f3n de un libro sobre la espiritualidad Vicenciana en la vida de los seglares, hombres y mujeres. Varios miembros de diversas ramas de nuestra familia se reunir\u00e1n con los autores en un retiro para ofrecerles sugerencias y concretar esta espiritualidad.<\/li>\n<li>Escuch\u00e9 una llamada a una mayor comunicaci\u00f3n entre la familia, compartiendo publicaciones ya existentes, creando quiz\u00e1s otras nuevas o con el uso de medios de comunicaci\u00f3n como Internet. M\u00e1s adelante, cuando hable de Internet, volver\u00e9 sobre este tema.<\/li>\n<li>Escuch\u00e9 una clamorosa llamada, incluso un grito, pidiendo la realizaci\u00f3n de proyectos comunes, en diversas partes del mundo, para combatir las necesidades de los pobres. El pasado a\u00f1o publicamos en <em>Vincentiana <\/em>seis proyectos comunes realizados en diferentes continentes. Espero que en cada pa\u00eds donde exista nuestra familia, y con la participaci\u00f3n de todas sus ramas, dichos proyectos sean pronto realizados.<\/li>\n<\/ol>\n<p>Espero que podamos responder a estas cuatro llamadas.<\/p>\n<h2><em>2. <\/em><em>Espero que podamos enriquecer nuestros programas de formaci\u00f3n en toda la Congregaci\u00f3n de la Misi\u00f3n en todos los niveles.<\/em><\/h2>\n<p>La Asamblea General trat\u00f3 esta cuesti\u00f3n muy concretamente y formul\u00f3 diversos compromisos sobre:<\/p>\n<ol>\n<li>la formaci\u00f3n inicial y permanente de nuestros miembros,<\/li>\n<li>la formaci\u00f3n de nuestros formadores,<\/li>\n<li>la formaci\u00f3n de la Familia Vicenciana<\/li>\n<\/ol>\n<p>Tengo grandes esperanzas a este respecto. Perm\u00edtanme mencionar s\u00f3lo tres:<\/p>\n<ol>\n<li>Espero que podamos ayudar a nuestros formadores a ser maestros y gu\u00edas en el camino espiritual. Es muy importante que nuestros formadores est\u00e9n profundamente enraizados en el misterio del amor de Dios a fin de poder ayudar a nuestros candidatos a compartir profundamente ese mismo misterio. Despu\u00e9s de todo, la misi\u00f3n de la Congregaci\u00f3n es anunciar gozosamente este misterio. La buena noticia es que Dios vive, que vive en nosotros, que trabaja entre nosotros, y que tiene un amor especial a los pobres. Nuestros formadores desempe\u00f1an una funci\u00f3n crucial ayud\u00e1ndonos a todos a sumergirnos en este misterio. Mi esperanza es que la Congregaci\u00f3n pueda ayudarles a ellos a penetrar cada vez m\u00e1s en sus profundidades.<\/li>\n<li>Espero que podamos establecer centros regionales para la formaci\u00f3n Vicenciana de nuestros formadores. Deseo animar a todas las Conferencias de Visitadores (CLAPVI, ASPAC, COVIAM, CEVIM, los Visitadores de USA) a organizar dichos centros, donde nuestros formadores puedan reunirse, por ejemplo, una vez al a\u00f1o durante varias semanas para estudiar, compartir experiencias y preocupaciones como formadores, y para vivir una experiencia de vida comunitaria y de oraci\u00f3n juntos.<\/li>\n<li>Espero que nosotros podamos ayudar a otras ramas de la Familia Vicenciana a desarrollar buenos programas de formaci\u00f3n. Como ya he mencionado anteriormente, yo escucho esta llamada repetidamente. Nuestras ramas seglares (especialmente la AIC, la Juventud Mariana Vicenciana y la Sociedad de San Vicente de Pa\u00fal) nos animan continuamente a ofrecerles esa ayuda. Esto, con frecuencia, exige mucho trabajo, creatividad y preparaci\u00f3n de materiales atractivos, incluso libros, que ayuden a otros en su formaci\u00f3n. El desaf\u00edo es tambi\u00e9n divulgar estos materiales ampliamente a fin de que lleguen a la base. Hay millones de miembros laicos en nuestra familia. C\u00f3mo poder hacer llegar a todos este material de formaci\u00f3n. Este es el desaf\u00edo clave. Mi esperanza es que le demos respuesta.<\/li>\n<\/ol>\n<h2><em>3. <\/em><em>Espero que las \u00abnuevas provincias\u00bb \u2014las de \u00c1frica, la regi\u00f3n de Asia-Pac\u00edfico y Latinoam\u00e9rica\u2014 puedan continuar creciendo en la inculturaci\u00f3n del carisma Vicenciano, y que las provincias m\u00e1s \u00abveteranas\u00bb \u2014especialmente las de Europa Occidental y Norte Am\u00e9rica\u2014 puedan generar nueva vida como entidades m\u00e1s peque\u00f1as, con m\u00e1s enfoque y m\u00e1s flexibles.<\/em><\/h2>\n<p>La Congregaci\u00f3n est\u00e1 creciendo con gran rapidez en \u00c1frica, en la regi\u00f3n Asia-Pac\u00edfico y en muchos pa\u00edses de Am\u00e9rica Latina y disminuyendo en los Estados Unidos y en Europa Occidental. Espero la total inculturaci\u00f3n del carisma Vicenciano en las \u00abnuevas provincias\u00bb y la revitalizaci\u00f3n del carisma en las \u00abprovincias veteranas\u00bb.<\/p>\n<p>El leitmotiv de la santidad fue impresionante durante los S\u00ednodos de \u00c1frica, de la Vida Consagrada, de Asia, de las Am\u00e9ricas y de Europa. El mensaje del S\u00ednodo de \u00c1frica proclama que la santidad es el fin y el verdadero fruto de la inculturaci\u00f3n. La santidad supone autenticidad, integridad, coherencia entre lo que decimos y c\u00f3mo lo vivimos, especialmente con respecto a la vivencia de los votos. En otras palabras, cuando predicamos la solidaridad con los pobres, debemos tambi\u00e9n vivir en solidaridad con los pobres. Cuando exhortamos a los dem\u00e1s a un estilo de vida sencillo, nosotros debemos tambi\u00e9n vivir en sencillez. Cuando hablamos de la obediencia, debemos ser r\u00e1pidos en escuchar, r\u00e1pidos en obedecer los signos de la voluntad de Dios. Nuestro amor a Dios y a su pueblo debe ser profundo y fruct\u00edfero; debe ser evidente que nosotros tenemos muchos hijos e hijas cuya vida en Dios buscamos nutrir diariamente.<\/p>\n<p>Autenticidad, integridad, coherencia (o lo que San Vicente llamaba \u00absencillez\u00bb) deben ser el signo de la santidad Vicenciana dondequiera que la Congregaci\u00f3n est\u00e1 realmente inculturada.<\/p>\n<p>Aqu\u00ed en Europa hay signos muy prometedores de crecimiento en el Este, con expansi\u00f3n hacia los pa\u00edses de la anterior Uni\u00f3n Sovi\u00e9tica. Sin embargo en Europa Occidental y en los Estados Unidos el n\u00famero de vocaciones ha disminuido enormemente y la edad media de los cohermanos ha ascendido de modo notable. Admiro los esfuerzos hechos por estas provincias para revisar sus obras, crear nuevas formas de vida comunitaria, y revitalizar la oraci\u00f3n com\u00fan. Deseo animar a los Visitadores y a todos los miembros de dichas provincias en una tarea dif\u00edcil. Me dirijo hoy a cada miembro de estas provincias para decirles que: no se desanimen. Tengo una total confianza en que el Se\u00f1or est\u00e1 con nosotros, en que \u00c9l ama a los pobres, y que el carisma de Vicente de Pa\u00fal es inmensamente atractivo como medio de llegar a los pobres. Les apremio a ser creativos para atraer a otros al ejercicio de la caridad pr\u00e1ctica y efectiva por la que es tan conocido nuestro fundador. Al mismo tiempo atr\u00e1iganles a la espiritualidad profundamente evang\u00e9lica de San Vicente. Ay\u00fadenles a ver a Cristo evangelizador y siervo de los pobres como el centro de sus vidas.<\/p>\n<h2><em>4. <\/em><em>Espero que podamos hacer o\u00edr claramente nuestra voz Vicenciana en los organismos internacionales, como las Naciones Unidas y la Comunidad Europea.<\/em><\/h2>\n<p>A este respecto tenemos mucho que aprender de la AIC. Puede servirnos de modelo el trabajo que ellas realizan en su centro de Bruselas.<\/p>\n<p>Como Vds. saben, en Diciembre de 1998 fuimos reconocidos oficialmente como Organizaci\u00f3n No Gubernamental con derecho a participar en diversas comisiones de las Naciones Unidas. Esta nueva forma de servicio a los pobres est\u00e1 a punto de comenzar. Deseo ardientemente hacer o\u00edr nuestra voz Vicenciana en las Naciones Unidas sobre temas sociales importantes como la pobreza, el hambre, la educaci\u00f3n, la sanidad, y los derechos humanos.<\/p>\n<h2>5. <em> Espero que podamos desarrollar una \u00abratio missionum\u00bb creativa que sirva para las misiones <span style=\"text-decoration: underline\">ad gentes<\/span> patrocinadas por las provincias y para las nuevas misiones internacionales que dependen del Superior General. <\/em><\/h2>\n<p>Este fue uno de los compromisos concretos de la reciente Asamblea General.<\/p>\n<p>M\u00e1s concretamente, lo que yo desear\u00eda es tener un plan general para las misiones, delineado por cohermanos con experiencia, que ofrezca l\u00edneas de acci\u00f3n para una evangelizaci\u00f3n a gran escala en la misi\u00f3n y a la vez tiempo para la promoci\u00f3n humana integral. La uni\u00f3n entre evangelizaci\u00f3n y promoci\u00f3n humana, tan importante para San Vicente, se ha convertido hoy en una piedra angular en la doctrina social de la Iglesia.<\/p>\n<p>Para poner esto en pr\u00e1ctica, hemos nombrado recientemente una comisi\u00f3n para empezar a redactar el <em>Ratio.<\/em> Sus miembros son: Victor Bieler, Antonius Sad Budianto, Jorge Homero El\u00edas, Dominique Iyolo Iyombe, Hugh O\u2019Donnell, \u00c1ngel Santamar\u00eda. La comisi\u00f3n se reuni\u00f3 a principios de Enero y ahora ha enviado un cuestionario con el que persigue la aportaci\u00f3n de todos los cohermanos.<\/p>\n<h2><em>6. Espero que podamos usar los medios modernos de comunicaci\u00f3n con creatividad en el servicio de los pobres y canalizar nuestras energ\u00edas en temas de justicia y paz.<\/em><\/h2>\n<p>La Asamblea General de 1998 nos encomend\u00f3 establecer una red de comunicaciones en el \u00e1mbito mundial, en cooperaci\u00f3n con la Familia Vicenciana y usarla, no s\u00f3lo para promover nuestra formaci\u00f3n y la difusi\u00f3n de la informaci\u00f3n entre la Familia, sino tambi\u00e9n encontrar medios de hacer este instrumento accesible para los pobres.<\/p>\n<p>En la reuni\u00f3n de los responsables de las principales ramas de nuestra familia, del 14 al 16 de Enero de 1999, en Roma, decidimos abrir una \u00abp\u00e1gina de familia\u00bb. Esperamos que comenzar\u00e1 a principios de Abril de este a\u00f1o. Los comienzos ser\u00e1n modestos ya que se necesita mucho trabajo en cada una de las ramas de la familia y en cada una de nuestras provincias. Recientemente escrib\u00ed a todos los Visitadores pidi\u00e9ndoles una lista de todos los \u00absitios web\u00bb de la Congregaci\u00f3n de la Misi\u00f3n y los nombres de cualquier cohermano de sus provincias que est\u00e9 interesado en colaborar en el desarrollo de la \u00abp\u00e1gina de nuestra familia\u00bb. Los colaboradores pueden trabajar en este proyecto varias horas a la semana, en sus mismas casas, sin necesidad de trasladarse.<\/p>\n<p>Espero que esta p\u00e1gina pueda ser un lugar de di\u00e1logo donde podamos informarnos mutuamente sobre temas de justicia y paz y unir nuestras energ\u00edas hacia metas concretas.<\/p>\n<h2><em>7. <\/em><em>Espero que MISEVI se extienda a otros pa\u00edses.<\/em><\/h2>\n<p>Nuestra Asamblea General pidi\u00f3 que trabajemos unidos, <em>como familia<\/em>, en las misiones <em>ad gentes.<\/em> Me alegra decir que, cuando la Provincia de Colombia se ofreci\u00f3 a abrir una nueva misi\u00f3n en Ruanda, dijo que ser\u00eda una misi\u00f3n <em>de la familia.<\/em><\/p>\n<p>Recientemente, despu\u00e9s de dos a\u00f1os de consultas, present\u00e9 los Estatutos Internacionales de MISEVI a la Santa Sede para su aprobaci\u00f3n. Este nuevo miembro de nuestra familia tiene como fin enviar laicos, hombres y mujeres, a las misiones <em>ad gentes. <\/em>MISEVI les ofrece formaci\u00f3n, un lugar de apostolado, ambiente comunitario, mantenimiento econ\u00f3mico, el apoyo humano y espiritual de su organizaci\u00f3n y el regreso a su lugar de origen.<\/p>\n<p>Espero que esta Asociaci\u00f3n, que existe ahora principalmente en Espa\u00f1a, se extienda a otros pa\u00edses.<\/p>\n<h2><em>8. <\/em><em>Espero que podamos animar a los j\u00f3venes a formar parte de los grupos laicos Vicencianos ya existentes (como JMV, AIC, Sociedad de San Vicente) y podamos tambi\u00e9n formar otros grupos Vicencianos al servicio de los pobres.<\/em><\/h2>\n<p>El Consejo General recientemente finaliz\u00f3 un estudio, en el cual todos hemos gozado, ya que lo encontramos muy interesante. Dicho estudio se titula \u00abAsociaci\u00f3n de Grupos y Personas con la Congregaci\u00f3n de la Misi\u00f3n\u00bb<em>. <\/em>Ahora se ha enviado a los Visitadores y pr\u00f3ximamente se publicar\u00e1 en<em> Vincentiana <\/em>en tres idiomas<em>.<\/em><\/p>\n<p>Este estudio, y sus conclusiones, ofrecen muchas sugerencias concretas sobre grupos y personas que pueden establecer lazos con la Familia Vicenciana, como profesores, doctores, enfermeras, estudiantes de nuestros colegios, etc. Yo esperar\u00eda que podamos fomentar asociaciones Vicencianas que ofrezcan a dichas personas el compartir nuestra espiritualidad, la oraci\u00f3n, nuestra amistad y nuestra misi\u00f3n apost\u00f3lica.<\/p>\n<h2><em>9. <\/em><em>Espero que podamos incrementar los fondos que estamos recogiendo para nuestras misiones y para la formaci\u00f3n.<\/em><\/h2>\n<p>Perm\u00edtanme comenzar agradeciendo a los Visitadores y a las personas individuales que han contribuido con tanta generosidad al Fondo Internacional para las Misiones 2000, que empez\u00f3 en 1995 y que se est\u00e1 incrementando regularmente. El a\u00f1o pr\u00f3ximo empezaremos a utilizar los intereses de estos fondos para los pobres y en la formaci\u00f3n de quienes les servir\u00e1n.<\/p>\n<p>Cuando San Vicente estableci\u00f3 las obras, siempre intentaba proveerlas de una base econ\u00f3mica que garantizara su futuro. El fin del IMF: 2000 es precisamente establecer dicha base. Yo continuar\u00e9 haciendo una llamada a los Visitadores y cohermanos para que contribuyan al incremento de este fondo, ya que precisamente la congregaci\u00f3n est\u00e1 creciendo con m\u00e1s rapidez en los lugares donde los recursos econ\u00f3micos son m\u00e1s escasos.<\/p>\n<h2><em>10. <\/em><em>Espero que podamos llegar a ser una familia que ora con fervor y atractivamente.<\/em><\/h2>\n<p>\u00bfNos dice la gente: \u00ab\u00a1Realmente los misioneros de la Congregaci\u00f3n de la Misi\u00f3n saben orar!?\u00bb.Ciertamente, las gentes conocen nuestra familia por las obras. El nombre de Vicente de Pa\u00fal es sin\u00f3nimo de obras de caridad. Muchos obispos espont\u00e1neamente piensan tambi\u00e9n en la Congregaci\u00f3n de la Misi\u00f3n cuando se encuentran en la mesa de su despacho con un tema de formaci\u00f3n. Pero, \u00bfnos ve la gente como grupo profundamente comprometido con la oraci\u00f3n? \u00bfLos j\u00f3venes que se encuentran entre nosotros se sienten atra\u00eddos al experimentar c\u00f3mo oramos?<\/p>\n<p>San Vicente fue admirable en la oraci\u00f3n. Sus contempor\u00e1neos le reconoc\u00edan como un contemplativo en acci\u00f3n. \u00c9l puso gran \u00e9nfasis en la oraci\u00f3n mental pero nos pidi\u00f3 tambi\u00e9n que nos atuvi\u00e9semos al ritmo de la vida lit\u00fargica de la Iglesia y lo celebr\u00e1ramos con esplendor.<\/p>\n<p>Mi esperanza es que podamos ayudarnos mutuamente a meditar diaria y fruct\u00edferamente y que nuestra oraci\u00f3n com\u00fan lit\u00fargica, como he indicado repetidamente, sea \u00abalgo maravilloso para Dios\u00bb y atractivo para los j\u00f3venes. Estoy a punto de escribir a toda la Congregaci\u00f3n en este sentido.<\/p>\n<p>J\u00fcrgen Moltmann escribi\u00f3 recientemente:<\/p>\n<p style=\"padding-left: 30px\"><em>Los m\u00edsticos \u2014<\/em> <em>especialmente las m\u00edsticas<\/em>\u2014 <em>han descrito repetidamente la cercan\u00eda de Dios como&#8230;. corriente de olas de energ\u00eda. Rodeados, inundados y penetrados totalmente de las corrientes de energ\u00eda divina, cuerpo y alma despiertan como flores en primavera y dan frutos\u2014 es decir, se convierten en vida que da vida&#8230; Las personas colmadas del esp\u00edritu pasan las energ\u00edas de la vida que da vida, y aparentemente no s\u00f3lo de esp\u00edritu a esp\u00edritu, sino tambi\u00e9n a trav\u00e9s de sus cuerpos. Las partes del cuerpo que irradian energ\u00eda son un rostro ardiente, ojos brillantes, la boca al hablar, el juego de posturas y gestos que muestran afecto y compromiso. Es esto lo que aporta y carga de met\u00e1foras de dador de vida, la estimulante y electrizante cercan\u00eda de Dios en el Esp\u00edritu<\/em>.<span id='easy-footnote-1-53778' class='easy-footnote-margin-adjust'><\/span><span class='easy-footnote'><a href='http:\/\/vincentians.com\/es\/mis-esperanzas-para-la-congregacion-de-la-mision\/#easy-footnote-bottom-1-53778' title='J\u00fcrgens Moltmann, &lt;em&gt;The Life of the Spirit &lt;\/em&gt;(Minneapolis: Fortress Press, 1992) 273-276.'><sup>1<\/sup><\/a><\/span>\n<p>Espero que nuestra familia irradie la vida de Dios. En nuestra familia, como dice el autor de los Hebreros, estamos rodeados, \u00abde una gran nube de testigos\u00bb.<span id='easy-footnote-2-53778' class='easy-footnote-margin-adjust'><\/span><span class='easy-footnote'><a href='http:\/\/vincentians.com\/es\/mis-esperanzas-para-la-congregacion-de-la-mision\/#easy-footnote-bottom-2-53778' title='Heb. 12,1.'><sup>2<\/sup><\/a><\/span> Ellos irradian energ\u00eda: Vicente de Pa\u00fal, Luisa de Marillac, Catalina Labour\u00e9, Isabel Ana Seton, Federico Ozanam, Rosal\u00eda Rendu, Justino de Jacobis, Juan Gabriel Perboyre y otros muchos innumerables. Espero que muchos de nosotros seamos como ellos, llenos de la vida de Dios, llenos de amor a los pobres, testigos radiantes de los que brote la energ\u00eda de Dios.<\/p>\n","protected":false},"excerpt":{"rendered":"<p>Hace unos a\u00f1os les confi\u00e9 mis esperanzas para la Congregaci\u00f3n para los a\u00f1os siguientes. Gracias a Dios, y con la generosa cooperaci\u00f3n de los miembros de nuestra familia en todo el mundo, un buen n\u00famero &#8230; <a href=\"http:\/\/vincentians.com\/es\/mis-esperanzas-para-la-congregacion-de-la-mision\/\" class=\"more-link\">Read More<\/a><\/p>\n","protected":false},"author":4,"featured_media":401142,"comment_status":"open","ping_status":"open","sticky":false,"template":"","format":"standard","meta":{"jetpack_post_was_ever_published":false,"_jetpack_newsletter_access":"","_jetpack_dont_email_post_to_subs":false,"_jetpack_newsletter_tier_id":0,"_jetpack_memberships_contains_paywalled_content":false,"_jetpack_memberships_contains_paid_content":false,"footnotes":"","jetpack_publicize_message":"","jetpack_publicize_feature_enabled":true,"jetpack_social_post_already_shared":true,"jetpack_social_options":{"image_generator_settings":{"template":"highway","default_image_id":0,"font":"","enabled":false},"version":2}},"categories":[16],"tags":[196],"class_list":["post-53778","post","type-post","status-publish","format-standard","has-post-thumbnail","hentry","category-congregacion-de-la-mision","tag-perboyre"],"yoast_head":"<!-- This site is optimized with the Yoast SEO plugin v26.3 - https:\/\/yoast.com\/wordpress\/plugins\/seo\/ -->\n<title>Mis esperanzas para la Congregaci\u00f3n de la Misi\u00f3n - Somos Vicencianos<\/title>\n<meta name=\"robots\" content=\"index, follow, max-snippet:-1, max-image-preview:large, max-video-preview:-1\" \/>\n<link rel=\"canonical\" href=\"http:\/\/vincentians.com\/es\/mis-esperanzas-para-la-congregacion-de-la-mision\/\" \/>\n<meta property=\"og:locale\" content=\"es_ES\" \/>\n<meta property=\"og:type\" content=\"article\" \/>\n<meta property=\"og:title\" content=\"Mis esperanzas para la Congregaci\u00f3n de la Misi\u00f3n - Somos Vicencianos\" \/>\n<meta property=\"og:description\" content=\"Hace unos a\u00f1os les confi\u00e9 mis esperanzas para la Congregaci\u00f3n para los a\u00f1os siguientes. Gracias a Dios, y con la generosa cooperaci\u00f3n de los miembros de nuestra familia en todo el mundo, un buen n\u00famero ... Read More\" \/>\n<meta property=\"og:url\" content=\"http:\/\/vincentians.com\/es\/mis-esperanzas-para-la-congregacion-de-la-mision\/\" \/>\n<meta property=\"og:site_name\" content=\"Somos Vicencianos\" \/>\n<meta property=\"article:publisher\" content=\"https:\/\/www.facebook.com\/WeAreVincentians\/\" \/>\n<meta property=\"article:author\" content=\"https:\/\/www.facebook.com\/JavierChento\" \/>\n<meta property=\"article:published_time\" content=\"2019-05-19T06:30:47+00:00\" \/>\n<meta property=\"og:image\" content=\"https:\/\/i0.wp.com\/vincentians.com\/es\/wp-content\/uploads\/sites\/11\/2011\/07\/Justino-de-Jacobis-1.jpg?fit=795%2C417\" \/>\n\t<meta property=\"og:image:width\" content=\"795\" \/>\n\t<meta property=\"og:image:height\" content=\"417\" \/>\n\t<meta property=\"og:image:type\" content=\"image\/jpeg\" \/>\n<meta name=\"author\" content=\"Francisco Javier Fern\u00e1ndez Chento\" \/>\n<meta name=\"twitter:card\" content=\"summary_large_image\" \/>\n<meta name=\"twitter:creator\" content=\"@https:\/\/twitter.com\/javierchento\" \/>\n<meta name=\"twitter:site\" content=\"@WeVincentians\" \/>\n<meta name=\"twitter:label1\" content=\"Escrito por\" \/>\n\t<meta name=\"twitter:data1\" content=\"Francisco Javier Fern\u00e1ndez Chento\" \/>\n\t<meta name=\"twitter:label2\" content=\"Tiempo de lectura\" \/>\n\t<meta name=\"twitter:data2\" content=\"15 minutos\" \/>\n<script type=\"application\/ld+json\" class=\"yoast-schema-graph\">{\"@context\":\"https:\/\/schema.org\",\"@graph\":[{\"@type\":\"Article\",\"@id\":\"http:\/\/vincentians.com\/es\/mis-esperanzas-para-la-congregacion-de-la-mision\/#article\",\"isPartOf\":{\"@id\":\"http:\/\/vincentians.com\/es\/mis-esperanzas-para-la-congregacion-de-la-mision\/\"},\"author\":{\"name\":\"Francisco Javier Fern\u00e1ndez Chento\",\"@id\":\"http:\/\/vincentians.com\/es\/#\/schema\/person\/9623ef4d9aa3b2dfb8c061f1499288f2\"},\"headline\":\"Mis esperanzas para la Congregaci\u00f3n de la Misi\u00f3n\",\"datePublished\":\"2019-05-19T06:30:47+00:00\",\"mainEntityOfPage\":{\"@id\":\"http:\/\/vincentians.com\/es\/mis-esperanzas-para-la-congregacion-de-la-mision\/\"},\"wordCount\":3020,\"commentCount\":0,\"publisher\":{\"@id\":\"http:\/\/vincentians.com\/es\/#organization\"},\"image\":{\"@id\":\"http:\/\/vincentians.com\/es\/mis-esperanzas-para-la-congregacion-de-la-mision\/#primaryimage\"},\"thumbnailUrl\":\"https:\/\/i0.wp.com\/vincentians.com\/es\/wp-content\/uploads\/sites\/11\/2011\/07\/Justino-de-Jacobis-1.jpg?fit=795%2C417\",\"keywords\":[\"Perboyre\"],\"articleSection\":[\"Congregaci\u00f3n de la Misi\u00f3n\"],\"inLanguage\":\"es\",\"potentialAction\":[{\"@type\":\"CommentAction\",\"name\":\"Comment\",\"target\":[\"http:\/\/vincentians.com\/es\/mis-esperanzas-para-la-congregacion-de-la-mision\/#respond\"]}]},{\"@type\":\"WebPage\",\"@id\":\"http:\/\/vincentians.com\/es\/mis-esperanzas-para-la-congregacion-de-la-mision\/\",\"url\":\"http:\/\/vincentians.com\/es\/mis-esperanzas-para-la-congregacion-de-la-mision\/\",\"name\":\"Mis esperanzas para la Congregaci\u00f3n de la Misi\u00f3n - Somos Vicencianos\",\"isPartOf\":{\"@id\":\"http:\/\/vincentians.com\/es\/#website\"},\"primaryImageOfPage\":{\"@id\":\"http:\/\/vincentians.com\/es\/mis-esperanzas-para-la-congregacion-de-la-mision\/#primaryimage\"},\"image\":{\"@id\":\"http:\/\/vincentians.com\/es\/mis-esperanzas-para-la-congregacion-de-la-mision\/#primaryimage\"},\"thumbnailUrl\":\"https:\/\/i0.wp.com\/vincentians.com\/es\/wp-content\/uploads\/sites\/11\/2011\/07\/Justino-de-Jacobis-1.jpg?fit=795%2C417\",\"datePublished\":\"2019-05-19T06:30:47+00:00\",\"breadcrumb\":{\"@id\":\"http:\/\/vincentians.com\/es\/mis-esperanzas-para-la-congregacion-de-la-mision\/#breadcrumb\"},\"inLanguage\":\"es\",\"potentialAction\":[{\"@type\":\"ReadAction\",\"target\":[\"http:\/\/vincentians.com\/es\/mis-esperanzas-para-la-congregacion-de-la-mision\/\"]}]},{\"@type\":\"ImageObject\",\"inLanguage\":\"es\",\"@id\":\"http:\/\/vincentians.com\/es\/mis-esperanzas-para-la-congregacion-de-la-mision\/#primaryimage\",\"url\":\"https:\/\/i0.wp.com\/vincentians.com\/es\/wp-content\/uploads\/sites\/11\/2011\/07\/Justino-de-Jacobis-1.jpg?fit=795%2C417\",\"contentUrl\":\"https:\/\/i0.wp.com\/vincentians.com\/es\/wp-content\/uploads\/sites\/11\/2011\/07\/Justino-de-Jacobis-1.jpg?fit=795%2C417\",\"width\":795,\"height\":417},{\"@type\":\"BreadcrumbList\",\"@id\":\"http:\/\/vincentians.com\/es\/mis-esperanzas-para-la-congregacion-de-la-mision\/#breadcrumb\",\"itemListElement\":[{\"@type\":\"ListItem\",\"position\":1,\"name\":\"Portada\",\"item\":\"http:\/\/vincentians.com\/es\/\"},{\"@type\":\"ListItem\",\"position\":2,\"name\":\"Mis esperanzas para la Congregaci\u00f3n de la Misi\u00f3n\"}]},{\"@type\":\"WebSite\",\"@id\":\"http:\/\/vincentians.com\/es\/#website\",\"url\":\"http:\/\/vincentians.com\/es\/\",\"name\":\"Somos Vicencianos\",\"description\":\"Know more to serve more\",\"publisher\":{\"@id\":\"http:\/\/vincentians.com\/es\/#organization\"},\"potentialAction\":[{\"@type\":\"SearchAction\",\"target\":{\"@type\":\"EntryPoint\",\"urlTemplate\":\"http:\/\/vincentians.com\/es\/?s={search_term_string}\"},\"query-input\":{\"@type\":\"PropertyValueSpecification\",\"valueRequired\":true,\"valueName\":\"search_term_string\"}}],\"inLanguage\":\"es\"},{\"@type\":\"Organization\",\"@id\":\"http:\/\/vincentians.com\/es\/#organization\",\"name\":\"The Vincentian Network\",\"url\":\"http:\/\/vincentians.com\/es\/\",\"logo\":{\"@type\":\"ImageObject\",\"inLanguage\":\"es\",\"@id\":\"http:\/\/vincentians.com\/es\/#\/schema\/logo\/image\/\",\"url\":\"https:\/\/i1.wp.com\/vincentians.com\/es\/wp-content\/uploads\/sites\/11\/2016\/06\/Vincentian-Network-logo-big.png?fit=778%2C778\",\"contentUrl\":\"https:\/\/i1.wp.com\/vincentians.com\/es\/wp-content\/uploads\/sites\/11\/2016\/06\/Vincentian-Network-logo-big.png?fit=778%2C778\",\"width\":778,\"height\":778,\"caption\":\"The Vincentian Network\"},\"image\":{\"@id\":\"http:\/\/vincentians.com\/es\/#\/schema\/logo\/image\/\"},\"sameAs\":[\"https:\/\/www.facebook.com\/WeAreVincentians\/\",\"https:\/\/x.com\/WeVincentians\"]},{\"@type\":\"Person\",\"@id\":\"http:\/\/vincentians.com\/es\/#\/schema\/person\/9623ef4d9aa3b2dfb8c061f1499288f2\",\"name\":\"Francisco Javier Fern\u00e1ndez Chento\",\"image\":{\"@type\":\"ImageObject\",\"inLanguage\":\"es\",\"@id\":\"http:\/\/vincentians.com\/es\/#\/schema\/person\/image\/\",\"url\":\"https:\/\/secure.gravatar.com\/avatar\/497d5cde87b4c3d097d0315953521681ba2cd523ee66e5077c3711f7021e65de?s=96&d=mm&r=g\",\"contentUrl\":\"https:\/\/secure.gravatar.com\/avatar\/497d5cde87b4c3d097d0315953521681ba2cd523ee66e5077c3711f7021e65de?s=96&d=mm&r=g\",\"caption\":\"Francisco Javier Fern\u00e1ndez Chento\"},\"description\":\"Director General y cofundador de La Red de Formaci\u00f3n Vicenciana. Javier es laico vicenciano, afiliado a la Congregaci\u00f3n de la Misi\u00f3n y miembro del Equipo de Misiones Populares de la provincia can\u00f3nica de Zaragoza (Espa\u00f1a) de la Congregaci\u00f3n de la Misi\u00f3n. Graduado en la Universidad Oberta de Catalunya con cuatro grados (Asistente de direcci\u00f3n, Gesti\u00f3n Administrativa, Recursos Humanos y Contabilidad Avanzada). Bil\u00edng\u00fce Espa\u00f1ol\/Ingl\u00e9s. gestiona y mantiene varias p\u00e1ginas web cristianas y vicencianas, incluida including La Red de Formaci\u00f3n Vicenciana, de la que es cofundador. Actualmente es responsable del \u00e1rea de Espa\u00f1ol de .famvin, la Red de Noticias de la Familia Vicenciana. Tambi\u00e9n es m\u00fasico cat\u00f3lico y ha editado varios discos. Es Director General y cofundador de Trovador, una reconocida compa\u00f1\u00eda discogr\u00e1fica critiana de Espa\u00f1a. Trabaja en las Tecnolog\u00edas de la Informaci\u00f3n, ofreciendo servicios de alojamiento, dise\u00f1o y mantenimiento Web, as\u00ed como asesoramiento, formaci\u00f3n y soluciones inform\u00e1ticas, gesti\u00f3n documental y digitalizaci\u00f3n de textos, edici\u00f3n y maquetaci\u00f3n de libros, revistas, flyers, etc.\",\"sameAs\":[\"http:\/\/chento.org\",\"https:\/\/www.facebook.com\/JavierChento\",\"https:\/\/x.com\/https:\/\/twitter.com\/javierchento\"],\"url\":\"http:\/\/vincentians.com\/es\/author\/chento\/\"}]}<\/script>\n<!-- \/ Yoast SEO plugin. -->","yoast_head_json":{"title":"Mis esperanzas para la Congregaci\u00f3n de la Misi\u00f3n - Somos Vicencianos","robots":{"index":"index","follow":"follow","max-snippet":"max-snippet:-1","max-image-preview":"max-image-preview:large","max-video-preview":"max-video-preview:-1"},"canonical":"http:\/\/vincentians.com\/es\/mis-esperanzas-para-la-congregacion-de-la-mision\/","og_locale":"es_ES","og_type":"article","og_title":"Mis esperanzas para la Congregaci\u00f3n de la Misi\u00f3n - Somos Vicencianos","og_description":"Hace unos a\u00f1os les confi\u00e9 mis esperanzas para la Congregaci\u00f3n para los a\u00f1os siguientes. Gracias a Dios, y con la generosa cooperaci\u00f3n de los miembros de nuestra familia en todo el mundo, un buen n\u00famero ... Read More","og_url":"http:\/\/vincentians.com\/es\/mis-esperanzas-para-la-congregacion-de-la-mision\/","og_site_name":"Somos Vicencianos","article_publisher":"https:\/\/www.facebook.com\/WeAreVincentians\/","article_author":"https:\/\/www.facebook.com\/JavierChento","article_published_time":"2019-05-19T06:30:47+00:00","og_image":[{"width":795,"height":417,"url":"https:\/\/i0.wp.com\/vincentians.com\/es\/wp-content\/uploads\/sites\/11\/2011\/07\/Justino-de-Jacobis-1.jpg?fit=795%2C417","type":"image\/jpeg"}],"author":"Francisco Javier Fern\u00e1ndez Chento","twitter_card":"summary_large_image","twitter_creator":"@https:\/\/twitter.com\/javierchento","twitter_site":"@WeVincentians","twitter_misc":{"Escrito por":"Francisco Javier Fern\u00e1ndez Chento","Tiempo de lectura":"15 minutos"},"schema":{"@context":"https:\/\/schema.org","@graph":[{"@type":"Article","@id":"http:\/\/vincentians.com\/es\/mis-esperanzas-para-la-congregacion-de-la-mision\/#article","isPartOf":{"@id":"http:\/\/vincentians.com\/es\/mis-esperanzas-para-la-congregacion-de-la-mision\/"},"author":{"name":"Francisco Javier Fern\u00e1ndez Chento","@id":"http:\/\/vincentians.com\/es\/#\/schema\/person\/9623ef4d9aa3b2dfb8c061f1499288f2"},"headline":"Mis esperanzas para la Congregaci\u00f3n de la Misi\u00f3n","datePublished":"2019-05-19T06:30:47+00:00","mainEntityOfPage":{"@id":"http:\/\/vincentians.com\/es\/mis-esperanzas-para-la-congregacion-de-la-mision\/"},"wordCount":3020,"commentCount":0,"publisher":{"@id":"http:\/\/vincentians.com\/es\/#organization"},"image":{"@id":"http:\/\/vincentians.com\/es\/mis-esperanzas-para-la-congregacion-de-la-mision\/#primaryimage"},"thumbnailUrl":"https:\/\/i0.wp.com\/vincentians.com\/es\/wp-content\/uploads\/sites\/11\/2011\/07\/Justino-de-Jacobis-1.jpg?fit=795%2C417","keywords":["Perboyre"],"articleSection":["Congregaci\u00f3n de la Misi\u00f3n"],"inLanguage":"es","potentialAction":[{"@type":"CommentAction","name":"Comment","target":["http:\/\/vincentians.com\/es\/mis-esperanzas-para-la-congregacion-de-la-mision\/#respond"]}]},{"@type":"WebPage","@id":"http:\/\/vincentians.com\/es\/mis-esperanzas-para-la-congregacion-de-la-mision\/","url":"http:\/\/vincentians.com\/es\/mis-esperanzas-para-la-congregacion-de-la-mision\/","name":"Mis esperanzas para la Congregaci\u00f3n de la Misi\u00f3n - Somos Vicencianos","isPartOf":{"@id":"http:\/\/vincentians.com\/es\/#website"},"primaryImageOfPage":{"@id":"http:\/\/vincentians.com\/es\/mis-esperanzas-para-la-congregacion-de-la-mision\/#primaryimage"},"image":{"@id":"http:\/\/vincentians.com\/es\/mis-esperanzas-para-la-congregacion-de-la-mision\/#primaryimage"},"thumbnailUrl":"https:\/\/i0.wp.com\/vincentians.com\/es\/wp-content\/uploads\/sites\/11\/2011\/07\/Justino-de-Jacobis-1.jpg?fit=795%2C417","datePublished":"2019-05-19T06:30:47+00:00","breadcrumb":{"@id":"http:\/\/vincentians.com\/es\/mis-esperanzas-para-la-congregacion-de-la-mision\/#breadcrumb"},"inLanguage":"es","potentialAction":[{"@type":"ReadAction","target":["http:\/\/vincentians.com\/es\/mis-esperanzas-para-la-congregacion-de-la-mision\/"]}]},{"@type":"ImageObject","inLanguage":"es","@id":"http:\/\/vincentians.com\/es\/mis-esperanzas-para-la-congregacion-de-la-mision\/#primaryimage","url":"https:\/\/i0.wp.com\/vincentians.com\/es\/wp-content\/uploads\/sites\/11\/2011\/07\/Justino-de-Jacobis-1.jpg?fit=795%2C417","contentUrl":"https:\/\/i0.wp.com\/vincentians.com\/es\/wp-content\/uploads\/sites\/11\/2011\/07\/Justino-de-Jacobis-1.jpg?fit=795%2C417","width":795,"height":417},{"@type":"BreadcrumbList","@id":"http:\/\/vincentians.com\/es\/mis-esperanzas-para-la-congregacion-de-la-mision\/#breadcrumb","itemListElement":[{"@type":"ListItem","position":1,"name":"Portada","item":"http:\/\/vincentians.com\/es\/"},{"@type":"ListItem","position":2,"name":"Mis esperanzas para la Congregaci\u00f3n de la Misi\u00f3n"}]},{"@type":"WebSite","@id":"http:\/\/vincentians.com\/es\/#website","url":"http:\/\/vincentians.com\/es\/","name":"Somos Vicencianos","description":"Know more to serve more","publisher":{"@id":"http:\/\/vincentians.com\/es\/#organization"},"potentialAction":[{"@type":"SearchAction","target":{"@type":"EntryPoint","urlTemplate":"http:\/\/vincentians.com\/es\/?s={search_term_string}"},"query-input":{"@type":"PropertyValueSpecification","valueRequired":true,"valueName":"search_term_string"}}],"inLanguage":"es"},{"@type":"Organization","@id":"http:\/\/vincentians.com\/es\/#organization","name":"The Vincentian Network","url":"http:\/\/vincentians.com\/es\/","logo":{"@type":"ImageObject","inLanguage":"es","@id":"http:\/\/vincentians.com\/es\/#\/schema\/logo\/image\/","url":"https:\/\/i1.wp.com\/vincentians.com\/es\/wp-content\/uploads\/sites\/11\/2016\/06\/Vincentian-Network-logo-big.png?fit=778%2C778","contentUrl":"https:\/\/i1.wp.com\/vincentians.com\/es\/wp-content\/uploads\/sites\/11\/2016\/06\/Vincentian-Network-logo-big.png?fit=778%2C778","width":778,"height":778,"caption":"The Vincentian Network"},"image":{"@id":"http:\/\/vincentians.com\/es\/#\/schema\/logo\/image\/"},"sameAs":["https:\/\/www.facebook.com\/WeAreVincentians\/","https:\/\/x.com\/WeVincentians"]},{"@type":"Person","@id":"http:\/\/vincentians.com\/es\/#\/schema\/person\/9623ef4d9aa3b2dfb8c061f1499288f2","name":"Francisco Javier Fern\u00e1ndez Chento","image":{"@type":"ImageObject","inLanguage":"es","@id":"http:\/\/vincentians.com\/es\/#\/schema\/person\/image\/","url":"https:\/\/secure.gravatar.com\/avatar\/497d5cde87b4c3d097d0315953521681ba2cd523ee66e5077c3711f7021e65de?s=96&d=mm&r=g","contentUrl":"https:\/\/secure.gravatar.com\/avatar\/497d5cde87b4c3d097d0315953521681ba2cd523ee66e5077c3711f7021e65de?s=96&d=mm&r=g","caption":"Francisco Javier Fern\u00e1ndez Chento"},"description":"Director General y cofundador de La Red de Formaci\u00f3n Vicenciana. Javier es laico vicenciano, afiliado a la Congregaci\u00f3n de la Misi\u00f3n y miembro del Equipo de Misiones Populares de la provincia can\u00f3nica de Zaragoza (Espa\u00f1a) de la Congregaci\u00f3n de la Misi\u00f3n. Graduado en la Universidad Oberta de Catalunya con cuatro grados (Asistente de direcci\u00f3n, Gesti\u00f3n Administrativa, Recursos Humanos y Contabilidad Avanzada). Bil\u00edng\u00fce Espa\u00f1ol\/Ingl\u00e9s. gestiona y mantiene varias p\u00e1ginas web cristianas y vicencianas, incluida including La Red de Formaci\u00f3n Vicenciana, de la que es cofundador. Actualmente es responsable del \u00e1rea de Espa\u00f1ol de .famvin, la Red de Noticias de la Familia Vicenciana. Tambi\u00e9n es m\u00fasico cat\u00f3lico y ha editado varios discos. Es Director General y cofundador de Trovador, una reconocida compa\u00f1\u00eda discogr\u00e1fica critiana de Espa\u00f1a. Trabaja en las Tecnolog\u00edas de la Informaci\u00f3n, ofreciendo servicios de alojamiento, dise\u00f1o y mantenimiento Web, as\u00ed como asesoramiento, formaci\u00f3n y soluciones inform\u00e1ticas, gesti\u00f3n documental y digitalizaci\u00f3n de textos, edici\u00f3n y maquetaci\u00f3n de libros, revistas, flyers, etc.","sameAs":["http:\/\/chento.org","https:\/\/www.facebook.com\/JavierChento","https:\/\/x.com\/https:\/\/twitter.com\/javierchento"],"url":"http:\/\/vincentians.com\/es\/author\/chento\/"}]}},"jetpack_publicize_connections":[],"jetpack_featured_media_url":"https:\/\/i0.wp.com\/vincentians.com\/es\/wp-content\/uploads\/sites\/11\/2011\/07\/Justino-de-Jacobis-1.jpg?fit=795%2C417","jetpack_sharing_enabled":true,"jetpack_shortlink":"https:\/\/wp.me\/p7ETMF-dZo","jetpack-related-posts":[{"id":118065,"url":"http:\/\/vincentians.com\/es\/panoramica-de-la-provincia-del-peru-1966\/","url_meta":{"origin":53778,"position":0},"title":"Panor\u00e1mica de la provincia del Per\u00fa (1966)","author":"Mitxel Olabu\u00e9naga","date":"09\/09\/2021","format":false,"excerpt":"Ojeando el cat\u00e1logo de nuestra congregaci\u00f3n, vemos que Am\u00e9\u00adrica es el continente donde la congregaci\u00f3n se halla con el mayor n\u00famero de provincias, viceprovincias, casas y personas. He ah\u00ed un hecho de actualidad: el desarrollo y la numerosa presencia de la congregaci\u00f3n en las naciones americanas. El historial de este\u2026","rel":"","context":"En \u00abHistoria de la Congregaci\u00f3n de la Misi\u00f3n\u00bb","block_context":{"text":"Historia de la Congregaci\u00f3n de la Misi\u00f3n","link":"http:\/\/vincentians.com\/es\/category\/historia-de-la-familia-vicenciana\/historia-de-la-congregacion-de-la-mision\/"},"img":{"alt_text":"","src":"https:\/\/i0.wp.com\/vincentians.com\/es\/wp-content\/uploads\/sites\/11\/2016\/09\/anyos-vida-vicente.jpg?fit=1200%2C630&resize=350%2C200","width":350,"height":200,"srcset":"https:\/\/i0.wp.com\/vincentians.com\/es\/wp-content\/uploads\/sites\/11\/2016\/09\/anyos-vida-vicente.jpg?fit=1200%2C630&resize=350%2C200 1x, https:\/\/i0.wp.com\/vincentians.com\/es\/wp-content\/uploads\/sites\/11\/2016\/09\/anyos-vida-vicente.jpg?fit=1200%2C630&resize=525%2C300 1.5x, https:\/\/i0.wp.com\/vincentians.com\/es\/wp-content\/uploads\/sites\/11\/2016\/09\/anyos-vida-vicente.jpg?fit=1200%2C630&resize=700%2C400 2x, https:\/\/i0.wp.com\/vincentians.com\/es\/wp-content\/uploads\/sites\/11\/2016\/09\/anyos-vida-vicente.jpg?fit=1200%2C630&resize=1050%2C600 3x"},"classes":[]},{"id":387153,"url":"http:\/\/vincentians.com\/es\/observantes-de-las-constituciones\/","url_meta":{"origin":53778,"position":1},"title":"Observantes de las Constituciones","author":"Mitxel Olabu\u00e9naga","date":"06\/03\/2016","format":false,"excerpt":"\u00abMaestro bueno \u00bfqu\u00e9 tengo que hacer para heredar la vida eterna? Jes\u00fas le contest\u00f3: \u00bfPor qu\u00e9 me llamas bue no? Nadie es bueno m\u00e1s que uno, Dios. Ya sabes los mandamientos: No mates... honra a tu padre y a tu madre. El declar\u00f3: Maestro, todo eso lo he cumplido des\u2026","rel":"","context":"En \u00abEspiritualidad\u00bb","block_context":{"text":"Espiritualidad","link":"http:\/\/vincentians.com\/es\/category\/espiritualidad\/"},"img":{"alt_text":"adf","src":"https:\/\/i0.wp.com\/vicencianos.org\/wp-content\/uploads\/2016\/03\/adf.jpg?resize=350%2C200","width":350,"height":200},"classes":[]},{"id":116845,"url":"http:\/\/vincentians.com\/es\/la-congregacion-vicenciana-del-rito-siro-malabar-india\/","url_meta":{"origin":53778,"position":2},"title":"La Congregaci\u00f3n Vicenciana del rito Siro-Malabar (India)","author":"Francisco Javier Fern\u00e1ndez Chento","date":"15\/06\/2016","format":false,"excerpt":"Historia y desarrollo La INDIA es un pa\u00eds extens\u00edsimo y sumamente variado. Hacia el sur de la misma y a lo largo de la estrecha franja de su costa occidental est\u00e1 situada la regi\u00f3n denominada Malabar y tambi\u00e9n Kerala, que, con raz\u00f3n, se considera como \"el Jard\u00edn de la India\".\u2026","rel":"","context":"En \u00abCongregaci\u00f3n Vicenciana del rito Siro-Malabar\u00bb","block_context":{"text":"Congregaci\u00f3n Vicenciana del rito Siro-Malabar","link":"http:\/\/vincentians.com\/es\/category\/la-familia-vicenciana\/ramas\/congregacion-vicenciana-del-rito-siro-malabar\/"},"img":{"alt_text":"asd","src":"https:\/\/i0.wp.com\/vicencianos.org\/wp-content\/uploads\/2013\/01\/asd-3-137x300.jpg?resize=350%2C200","width":350,"height":200},"classes":[]},{"id":131125,"url":"http:\/\/vincentians.com\/es\/la-congregacion-de-la-mision-don-de-dios-a-la-iglesia\/","url_meta":{"origin":53778,"position":3},"title":"La Congregaci\u00f3n de la Misi\u00f3n don de Dios a la Iglesia","author":"Francisco Javier Fern\u00e1ndez Chento","date":"19\/08\/2014","format":false,"excerpt":"Los Se\u00f1ores de Gondi... \"creyeron ser\u00eda de gran provecho para la salvaci\u00f3n de las almas y una obra agradable a Dios instituir una piadosa Congregaci\u00f3n de varones rectos e id\u00f3neos que se encargasen de la instrucci\u00f3n de los campesinos... Una vez tomada esta santa resoluci\u00f3n, el Padre Vicente, a quien\u2026","rel":"","context":"En \u00abEspiritualidad vicenciana\u00bb","block_context":{"text":"Espiritualidad vicenciana","link":"http:\/\/vincentians.com\/es\/category\/espiritualidad\/espiritualidad-vicenciana\/"},"img":{"alt_text":"espiritualidad","src":"https:\/\/i0.wp.com\/vicencianos.org\/wp-content\/2014\/07\/espiritualidad.jpg?resize=350%2C200","width":350,"height":200},"classes":[]},{"id":38074,"url":"http:\/\/vincentians.com\/es\/estado-de-la-congregacion-de-la-mision-julio-1998\/","url_meta":{"origin":53778,"position":4},"title":"Estado de la Congregaci\u00f3n de la Misi\u00f3n, Julio 1998","author":"Francisco Javier Fern\u00e1ndez Chento","date":"28\/08\/2020","format":false,"excerpt":"Introducci\u00f3n Empezamos esta Asamblea en los a\u00f1os crepusculares del segundo milenio. Podemos ver ya en el horizonte signos que presagian el amanecer del tercero. Hoy echamos la mirada hacia atr\u00e1s y miramos tambi\u00e9n hacia adelante, confiados en que el Reino de Dios se encuentra presente entre nosotros. Para los cristianos,\u2026","rel":"","context":"En \u00abCongregaci\u00f3n de la Misi\u00f3n\u00bb","block_context":{"text":"Congregaci\u00f3n de la Misi\u00f3n","link":"http:\/\/vincentians.com\/es\/category\/la-familia-vicenciana\/ramas\/congregacion-de-la-mision\/"},"img":{"alt_text":"","src":"https:\/\/i0.wp.com\/vincentians.com\/es\/wp-content\/uploads\/sites\/11\/2016\/09\/jesus-discipulos.jpg?fit=1200%2C630&resize=350%2C200","width":350,"height":200,"srcset":"https:\/\/i0.wp.com\/vincentians.com\/es\/wp-content\/uploads\/sites\/11\/2016\/09\/jesus-discipulos.jpg?fit=1200%2C630&resize=350%2C200 1x, https:\/\/i0.wp.com\/vincentians.com\/es\/wp-content\/uploads\/sites\/11\/2016\/09\/jesus-discipulos.jpg?fit=1200%2C630&resize=525%2C300 1.5x, https:\/\/i0.wp.com\/vincentians.com\/es\/wp-content\/uploads\/sites\/11\/2016\/09\/jesus-discipulos.jpg?fit=1200%2C630&resize=700%2C400 2x, https:\/\/i0.wp.com\/vincentians.com\/es\/wp-content\/uploads\/sites\/11\/2016\/09\/jesus-discipulos.jpg?fit=1200%2C630&resize=1050%2C600 3x"},"classes":[]},{"id":130852,"url":"http:\/\/vincentians.com\/es\/resumen-historico-de-la-congregacion-de-la-mision-en-espana\/","url_meta":{"origin":53778,"position":5},"title":"Resumen hist\u00f3rico de la Congregaci\u00f3n de la Misi\u00f3n en Espa\u00f1a","author":"Mitxel Olabu\u00e9naga","date":"09\/07\/2014","format":false,"excerpt":"Resumen hist\u00f3rico de la Congregaci\u00f3n de la Misi\u00f3n en Espa\u00f1a. Su introducci\u00f3n y propagaci\u00f3n. Sus pruebas, paz y prosperidad. Su divisi\u00f3n en dos provincias. Es la Congregaci\u00f3n de la Misi\u00f3n, seg\u00fan la expresi\u00f3n del Papa Urbano VIII, un Instituto acept\u00edsimo a Dios, utilisimo a los hombres y absolutamente necesario. As\u00ed\u2026","rel":"","context":"En \u00abHistoria de la Congregaci\u00f3n de la Misi\u00f3n en Espa\u00f1a\u00bb","block_context":{"text":"Historia de la Congregaci\u00f3n de la Misi\u00f3n en Espa\u00f1a","link":"http:\/\/vincentians.com\/es\/category\/historia-de-la-familia-vicenciana\/historia-de-la-congregacion-de-la-mision-en-espana\/"},"img":{"alt_text":"cruz_sv","src":"https:\/\/i0.wp.com\/vicencianos.org\/wp-content\/2011\/04\/cruz_sv1.jpg?resize=350%2C200","width":350,"height":200},"classes":[]}],"_links":{"self":[{"href":"http:\/\/vincentians.com\/es\/wp-json\/wp\/v2\/posts\/53778","targetHints":{"allow":["GET"]}}],"collection":[{"href":"http:\/\/vincentians.com\/es\/wp-json\/wp\/v2\/posts"}],"about":[{"href":"http:\/\/vincentians.com\/es\/wp-json\/wp\/v2\/types\/post"}],"author":[{"embeddable":true,"href":"http:\/\/vincentians.com\/es\/wp-json\/wp\/v2\/users\/4"}],"replies":[{"embeddable":true,"href":"http:\/\/vincentians.com\/es\/wp-json\/wp\/v2\/comments?post=53778"}],"version-history":[{"count":1,"href":"http:\/\/vincentians.com\/es\/wp-json\/wp\/v2\/posts\/53778\/revisions"}],"predecessor-version":[{"id":402188,"href":"http:\/\/vincentians.com\/es\/wp-json\/wp\/v2\/posts\/53778\/revisions\/402188"}],"wp:featuredmedia":[{"embeddable":true,"href":"http:\/\/vincentians.com\/es\/wp-json\/wp\/v2\/media\/401142"}],"wp:attachment":[{"href":"http:\/\/vincentians.com\/es\/wp-json\/wp\/v2\/media?parent=53778"}],"wp:term":[{"taxonomy":"category","embeddable":true,"href":"http:\/\/vincentians.com\/es\/wp-json\/wp\/v2\/categories?post=53778"},{"taxonomy":"post_tag","embeddable":true,"href":"http:\/\/vincentians.com\/es\/wp-json\/wp\/v2\/tags?post=53778"}],"curies":[{"name":"wp","href":"https:\/\/api.w.org\/{rel}","templated":true}]}}