{"id":53544,"date":"2011-10-15T03:40:39","date_gmt":"2011-10-15T01:40:39","guid":{"rendered":"http:\/\/somos.vicencianos.org\/?p=53544"},"modified":"2016-07-26T19:32:02","modified_gmt":"2016-07-26T17:32:02","slug":"carta-de-juan-pablo-ii-en-el-400-aniversario-del-nacimiento-de-vicente-de-paul","status":"publish","type":"post","link":"http:\/\/vincentians.com\/es\/carta-de-juan-pablo-ii-en-el-400-aniversario-del-nacimiento-de-vicente-de-paul\/","title":{"rendered":"Carta de Juan Pablo II en el 400 aniversario del nacimiento de Vicente de Pa\u00fal"},"content":{"rendered":"<p style=\"text-align: right\"><strong>Al Reverendo Padre Richard McCULLEN<\/strong><br \/>\n<strong>Superior General de la Congre\u00adgaci\u00f3n de la Misi\u00f3n.<\/strong><\/p>\n<p>Hace cuatrocientos a\u00f1os \u2014el 24 de abril de 1581, en el pueblo de Pouy, en las Landas\u2014 nac\u00eda San Vicente de Pa\u00fal. La Iglesia debe tanto al tercer hijo de Juan de Pa\u00fal y de Bertranda Demoras que se siente en la obligaci\u00f3n de se\u00f1alar este aniversario. En efecto, a lo largo de los siglos, ya en vida y m\u00e1s a\u00fan despu\u00e9s de su muerte, los santos atestiguan la amorosa presencia y la acci\u00f3n salvadora de Dios en el mundo. El cuarto centenario del nacimiento de Vicente de Pa\u00fal es ciertamente una oportunidad \u2014para las familias na\u00adcidas de su carisma, como para el pueblo cristiano\u2014 de meditar sobre las maravillas realizadas por el Dios de ter\u00adnura y de conmiseraci\u00f3n, mediante un hombre que se ha entregado a El sin reservas, con los v\u00ednculos irrevocables del sacerdocio. Deseando manifestar vivamente a la Congre\u00adgaci\u00f3n de la Misi\u00f3n, a la Compa\u00f1\u00eda de las Hijas de la Cari\u00addad, a las Conferencias de San Vicente de Pa\u00fal y a todas las obras de inspiraci\u00f3n vicenciana, cu\u00e1nto valora la Iglesia el trabajo apost\u00f3lico que ellas realizan, siguiendo los pasos de su Fundador, tengo empe\u00f1o en expresarles, por inter\u00admedio de Vd, los pensamientos que este acontecimiento me sugiere y mis alientos m\u00e1s fervientes para avivar siempre y en todas partes el fuego de la caridad evang\u00e9lica (cf. Lc 12,49) que ard\u00eda en el coraz\u00f3n de San Vicente.<\/p>\n<p><a href=\"https:\/\/i0.wp.com\/vicencianos.org\/wp-content\/2011\/04\/Juan_Pablo_II_y_la_vida.jpg\"><img data-recalc-dims=\"1\" loading=\"lazy\" decoding=\"async\" class=\"alignright size-medium wp-image-35868\" title=\"Juan_Pablo_II_y_la_vida\" src=\"https:\/\/i0.wp.com\/vicencianos.org\/wp-content\/2011\/04\/Juan_Pablo_II_y_la_vida-300x252.jpg?resize=300%2C252\" alt=\"\" width=\"300\" height=\"252\" \/><\/a>Y, ante todo, la vocaci\u00f3n &#8216;de este genial iniciador de la acci\u00f3n caritativa y social, ilumina todav\u00eda hoy la senda de sus hijos y de sus hijas, de los seglares que viven de su esp\u00edritu, de los j\u00f3venes que buscan la clave de una vida \u00fatil y radicalmente gastada en el don de s\u00ed mismos. El iti\u00adnerario de Vicente de Pa\u00fal es fascinante. Despu\u00e9s de su ordenaci\u00f3n sacerdotal y de una extra\u00f1a aventura de escla\u00advitud en T\u00fanez, parece dar la espalda al mundo de los po\u00adbres, al ir a Par\u00eds, con la esperanza de conseguir un bene\u00adficio eclesi\u00e1stico. Logra obtener un puesto de limosnero de la reina Margarita. Este empleo le lleva a caminar junto a la miseria humana, especialmente en el nuevo hospital de la Caridad. As\u00ed las cosas, el Padre B\u00e9rulle, fundador del Ora\u00adtorio de Francia, escogido como gu\u00eda espiritual por el joven sacerdote land\u00e9s, va a proporcionarle \u2014mediante una serie de iniciativas aparentemente poco coherentes\u2014 la ocasi\u00f3n de unos descubrimientos que estar\u00e1n en los or\u00edgenes de las grandes realizaciones de su vida. B\u00e9rulle env\u00eda a Vicente, primero a ejercer las funciones de cura p\u00e1rroco en los alre\u00addedores de Par\u00eds, en Clichy-la-Garenne. Cuatro meses des\u00adpu\u00e9s, lo llama junto a la familia de Gondi, como preceptor de los hijos del general de las galeras. La Providencia ten\u00eda sus designios. Acompa\u00f1ando siempre a los Gondi en sus cas\u00adtillos y propiedades de provincia, Vicente de Pa\u00fal hace en ello el estremecedor descubrimiento de la miseria material y espiritual del \u00abpobre pueblo de los campos\u00bb. Desde entonces se pregunta, si tiene todav\u00eda el derecho de reservar su ministerio sacerdotal a la educaci\u00f3n de unos ni\u00f1os de buena familia, mientras que los campesinos viven y mueren en tan extremoso abandono religioso. Acogiendo las inquietudes de Vicente, B\u00e9rulle lo encamina hacia la parroquia de Ch\u00e1tillon\u00adles-Dombes. En esta parroquia sumamente descuidada, el nuevo p\u00e1rroco hace una experiencia determinante. Llamado, un domingo de agosto de 1617, junto a una familia, cuyos miembros est\u00e1n todos enfermos, empieza a organizar la abne\u00adgaci\u00f3n de los vecinos y de las gentes de buena voluntad: hab\u00eda nacido la primera \u00abCaridad\u00bb que servir\u00e1 de modelo a otras muchas m\u00e1s. Y la convicci\u00f3n de que el servicio de los pobres deber\u00eda ser su vida, morar\u00e1 en \u00e9l hasta su \u00faltimo aliento. Este r\u00e1pido recuerdo de la \u00abandadura interior\u00bb de San Vicente de Pa\u00fal, durante los veinte primeros a\u00f1os de su sacerdocio, nos evidencia un sacerdote extremadamente aten\u00adto a la vida de su tiempo, a un sacerdote que se deja con\u00adducir por los acontecimientos, o mejor, por la divina Provi\u00addencia, sin \u00abpasar por encima de ella\u00bb, tal como gusta de decir. Tal disponibilidad \u00bfno es, hoy como ayer, el secreto de la paz y de la alegr\u00eda evang\u00e9licas, el camino privilegiado de la santidad?<\/p>\n<p>Para mejor servir a los pobres, Vicente quiso \u00abasociarse eclesi\u00e1sticos libres de cualquier beneficio, para poder dedi\u00adcarse enteramente, con el benepl\u00e1cito de los Obispos, a la salvaci\u00f3n del pobre pueblo de los campos, por la predica\u00adci\u00f3n los catecismos y las confesiones generales, sin percibir por ello retribuci\u00f3n de ninguna clase\u00bb. Este grupo de sacer\u00addotes, muy pronto denominados \u00ablazaristas\u00bb, a causa del nombre del c\u00e9lebre Priorato de San L\u00e1zaro, adquirido hacia 1632, se desarroll\u00f3 r\u00e1pidamente y se estableci\u00f3 en unas quince di\u00f3cesis, para dar misiones parroquiales y fundar en ellas \u00abCaridades\u00bb. La Congregaci\u00f3n de la Misi\u00f3n se extendi\u00f3 tam\u00adbi\u00e9n en Italia, Irlanda, Polonia, Argelia, Madagascar. Vicente no cesa de inculcar a sus compa\u00f1eros \u00abel esp\u00edritu de Nues\u00adtro Se\u00f1or\u00bb; lo condensa en cinco virtudes fundamentales: la sencillez, la mansedumbre para el pr\u00f3jimo, la humildad para consigo mismo y, como condicional de estas tres virtudes, la mortificaci\u00f3n y el celo que son, en cierto modo, los aspec\u00adtos din\u00e1micos de las anteriores. Sus exhortaciones a quienes env\u00eda a predicar el Evangelio, est\u00e1n llenas de sabidur\u00eda espiritual y de realismo pastoral: no se trata de ser amado por s\u00ed mismo, sino de hacer amar a Jesucristo. Y, en una \u00e9poca en que demasiados sacerdotes mezclaban griego y la\u00adt\u00edn a unos complicados sermones, exige la sencillez, el len\u00adguaje convincente y adornado de im\u00e1genes, en nombre del Evangelio. \u00a1Que los lazaristas de hoy \u2014siempre fieles a su Padre San Vicente\u2014 puedan sembrar con abundancia la Pa\u00adlabra de Dios, mediante sus predicaciones y contribuir de continuo a \u00abfortificar la identidad sacerdotal y su aut\u00e9ntico dinamismo evang\u00e9lico\u00bb en el pueblo de Dios, como yo mis\u00admo lo deseaba, el Jueves Santo de 1979, en mi carta a todos los sacerdotes de la Iglesia! \u00a1Que el ejemplo del Se\u00f1or Vi\u00adcente estimule todav\u00eda a todos aquellos que tienen la grav\u00ed\u00adsima responsabilidad de preparar para las comunidades cristianas urbanas y rurales a los ministros ordenados que ellas necesitan absolutamente!<\/p>\n<p>En el transcurso de las misiones, Vicente de Pa\u00fal obtuvo igualmente la evidencia que este m\u00e9todo de evangelizaci\u00f3n no lograr\u00eda sus frutos si no hubiese en el sitio mismo un clero instruido y celoso. Es as\u00ed como los lazaristas se entre\u00adgaron muy pronto a la formaci\u00f3n de los sacerdotes, como tambi\u00e9n a las misiones populares, y fundaron seminarios en conformidad con las apremiantes llamadas del Concilio de<\/p>\n<p>Trento. El primer retiro de ordenandos, predicado por San Vicente mismo, en 1628, a petici\u00f3n del Obispo de Beauvais, fue el punto de partida de los ejercicios prepara\u00adtorios a las ordenaciones y, adem\u00e1s, de una cierta formaci\u00f3n permanente del clero, merced a las conferencias eclesi\u00e1s\u00adticas de los martes, en San L\u00e1zaro. Estas iniciativas, que entusiasmaban al se\u00f1or Olier, dieron a la Iglesia sacerdotes ejemplares, de los cuales varios, entre ellos el c\u00e9lebre Bossuet, fueron llamados al episcopado. A este clero de Par\u00eds y de provincias, Vicente de Pa\u00fal comunic\u00f3 su esp\u00edritu evang\u00e9lico y su impulso misionero y lo orient\u00f3 hacia el cultivo de la fraternidad sacerdotal y de la ayuda mutua al servicio de los m\u00e1s pobres, en dependencia filial de los Obispos. \u00bfC\u00f3mo relevar el amor de Dios para con el mundo \u2014gustaba repetir\u2014 si los mensajeros de este amor no est\u00e1n estrechamente unidos entre s\u00ed? San Vicente, \u00bfno llamar\u00eda a los sacerdotes de hoy en d\u00eda a vivir su sacerdocio en equi\u00adpos fraternos indisolublemente orantes y apost\u00f3licos, al mis\u00admo tiempo muy abiertos a la colaboraci\u00f3n con los seglares y penetrados del sentido de su sacerdocio ministerial, el cual procede de Cristo, para el servicio de las comunidades cristianas?<\/p>\n<p>En fin, otro aspecto del dinamismo y del realismo de Vicente de Pa\u00fal, fue dar a las \u00abCaridades\u00bb, que se hab\u00edan multiplicado, una estructura de unidad y eficacia. Luisa de Marillac, viuda de Antonio Le Gras, primeramente iniciada a la vida espiritual por Monse\u00f1or de Sales, guiada despu\u00e9s por el mismo Se\u00f1or Vicente, fue encargada por \u00e9l de la inspecci\u00f3n y el sost\u00e9n de las \u00abCaridades\u00bb; se desempe\u00f1\u00f3 admirablemente y su irradiaci\u00f3n contribuy\u00f3 mucho a que varias \u00abbuenas hijas del campo\u00bb, quienes ayudaban en las \u00abCaridades\u00bb, se decidieran a seguir su ejemplo de oblaci\u00f3n total a Dios y a los pobres. El 29 de noviembre de 1633, iniciaba su vida la Compa\u00f1\u00eda de las Hijas de la Caridad. Y Vicente <em>de <\/em>Pa\u00fal le daba un reglamento original y muy exigente: \u00abtendr\u00e9is por monasterio las casas de los enfer\u00admos; por celda, un aposento de alquiler; por capilla, la igle\u00adsia parroquial; por claustro, las calles de la ciudad; por clausura, la obediencia; por rejas, el temor de Dios; por velo, la santa modestia\u00bb. Resume as\u00ed el esp\u00edritu de la Compa\u00f1\u00eda: \u00abDeb\u00e9is hacer lo que el Hijo de Dios hizo en la tierra. Deb\u00e9is dar la vida a estos pobres enfermos, la vida del cuerpo y la vida del alma\u00bb. Siguiendo a Luisa de Marillac, millares y mi\u00adllares de mujeres han gastado su vida entera en el servicio humild\u00edsimo de los dolientes, mendigos, prisioneros, margi\u00adnados, minusv\u00e1lidos, analfabetos, ni\u00f1os abandonados. Hijas de San Vicente, despu\u00e9s de \u00e9l y como \u00e9l, son el coraz\u00f3n de Cristo en el mundo de los Pobres y tambi\u00e9n de los ricos a quienes ellas tratan de hacer bondadosos con los pobres. Sin haber conocido los movimientos feministas de nuestros tiempos, el Se\u00f1or Vicente supo encontrar en las mujeres de su \u00e9poca auxiliares inteligentes <em>y <\/em>generosas, fieles v cons\u00adtantes. La historia de la Compa\u00f1\u00eda ilustra singularmente el aspecto, sin duda, m\u00e1s hondo de la femineidad: el de su vocaci\u00f3n a la ternura y a la conmiseraci\u00f3n, de la cual nece\u00adsitar\u00e1 siempre la humanidad. Porque siempre hay pobres&#8217;en ella. Y las sociedades modernas hacen brotar, todav\u00eda, nue\u00advas formas <em>de <\/em>pobreza.<\/p>\n<p>Esta mirada de contemplaci\u00f3n sobre la epopeya vicen\u00adciana nos har\u00eda f\u00e1cilmente decir que San Vicente es un santo moderno. Ciertamente, si hoy regresase, su campo de actividad no ser\u00eda el mismo. Se ha logrado curar muchas enfermedades que \u00e9l hab\u00eda aprendido a cuidar. Pero encon\u00adtrar\u00eda de seguro el camino de los pobres, de los nuevos pobres, en las concentraciones urbanas de nuestro tiempo, como anta\u00f1o en las campi\u00f1as. \u00bfSe puede imaginar, siquiera, lo que este heraldo de la misericordia y de la ternura de Dios ser\u00eda capaz de emprender, utilizando con sabidur\u00eda to\u00addos los medios actuales que est\u00e1n a nuestra disposici\u00f3n? En una palabra, su vida ser\u00eda semejante a la que siempre fue: un evangelio ampliamente abierto, con el mismo s\u00e9quito de pobres, enfermos, pecadores, ni\u00f1os desgraciados, de hom\u00adbres y de mujeres, poni\u00e9ndose, ellos tambi\u00e9n, a amar y a servir a los pobres. \u00a1Todos hambrientos de verdad y de amor, tanto como de alimentos terrenales y de cuidados corporales!<\/p>\n<p>\u00a1Que el cuarto centenario del nacimiento de Vicente de Pa\u00fal ilumine abundantemente al pueblo de Dios, reanime el ardor de todos sus disc\u00edpulos y haga resonar en el coraz\u00f3n de numerosos j\u00f3venes la llamada al servicio exclusivo de la caridad evang\u00e9lica! Estos son los sentimientos y los anhelos que quer\u00eda expresar a la gran y querida familia de los PP. Pa\u00fales y de las Hijas de la Caridad y a todos los movi\u00admientos vicencianos, uniendo a esta expresi\u00f3n mi afectuosa Bendici\u00f3n Apost\u00f3lica.<\/p>\n<p>Desde el Vaticano, el d\u00eda 12 de mayo de 1981.<\/p>\n<p><em>Joannes Paulus PP. II<\/em><\/p>\n","protected":false},"excerpt":{"rendered":"<p>Al Reverendo Padre Richard McCULLEN Superior General de la Congre\u00adgaci\u00f3n de la Misi\u00f3n. Hace cuatrocientos a\u00f1os \u2014el 24 de abril de 1581, en el pueblo de Pouy, en las Landas\u2014 nac\u00eda San Vicente de Pa\u00fal. &#8230; <a href=\"http:\/\/vincentians.com\/es\/carta-de-juan-pablo-ii-en-el-400-aniversario-del-nacimiento-de-vicente-de-paul\/\" class=\"more-link\">Read More<\/a><\/p>\n","protected":false},"author":4,"featured_media":393753,"comment_status":"open","ping_status":"open","sticky":false,"template":"","format":"standard","meta":{"jetpack_post_was_ever_published":false,"_jetpack_newsletter_access":"","_jetpack_dont_email_post_to_subs":false,"_jetpack_newsletter_tier_id":0,"_jetpack_memberships_contains_paywalled_content":false,"_jetpack_memberships_contains_paid_content":false,"footnotes":"","jetpack_publicize_message":"","jetpack_publicize_feature_enabled":true,"jetpack_social_post_already_shared":true,"jetpack_social_options":{"image_generator_settings":{"template":"highway","default_image_id":0,"font":"","enabled":false},"version":2}},"categories":[5],"tags":[168,130,148,119,176,117,179,143,116],"class_list":["post-53544","post","type-post","status-publish","format-standard","has-post-thumbnail","hentry","category-vicente-de-paul","tag-argel","tag-beauvais","tag-clichy","tag-gondi","tag-misiones-populares","tag-pouy","tag-reina-margarita","tag-san-lazaro","tag-tunez"],"yoast_head":"<!-- This site is optimized with the Yoast SEO plugin v26.3 - https:\/\/yoast.com\/wordpress\/plugins\/seo\/ -->\n<title>Carta de Juan Pablo II en el 400 aniversario del nacimiento de Vicente de Pa\u00fal - Somos Vicencianos<\/title>\n<meta name=\"robots\" content=\"index, follow, max-snippet:-1, max-image-preview:large, max-video-preview:-1\" \/>\n<link rel=\"canonical\" href=\"http:\/\/vincentians.com\/es\/carta-de-juan-pablo-ii-en-el-400-aniversario-del-nacimiento-de-vicente-de-paul\/\" \/>\n<meta property=\"og:locale\" content=\"es_ES\" \/>\n<meta property=\"og:type\" content=\"article\" \/>\n<meta property=\"og:title\" content=\"Carta de Juan Pablo II en el 400 aniversario del nacimiento de Vicente de Pa\u00fal - Somos Vicencianos\" \/>\n<meta property=\"og:description\" content=\"Al Reverendo Padre Richard McCULLEN Superior General de la Congre\u00adgaci\u00f3n de la Misi\u00f3n. Hace cuatrocientos a\u00f1os \u2014el 24 de abril de 1581, en el pueblo de Pouy, en las Landas\u2014 nac\u00eda San Vicente de Pa\u00fal. ... Read More\" \/>\n<meta property=\"og:url\" content=\"http:\/\/vincentians.com\/es\/carta-de-juan-pablo-ii-en-el-400-aniversario-del-nacimiento-de-vicente-de-paul\/\" \/>\n<meta property=\"og:site_name\" content=\"Somos Vicencianos\" \/>\n<meta property=\"article:publisher\" content=\"https:\/\/www.facebook.com\/WeAreVincentians\/\" \/>\n<meta property=\"article:author\" content=\"https:\/\/www.facebook.com\/JavierChento\" \/>\n<meta property=\"article:published_time\" content=\"2011-10-15T01:40:39+00:00\" \/>\n<meta property=\"article:modified_time\" content=\"2016-07-26T17:32:02+00:00\" \/>\n<meta property=\"og:image\" content=\"https:\/\/i0.wp.com\/vincentians.com\/es\/wp-content\/uploads\/sites\/11\/2016\/07\/escritos-vicente-de-paul.jpg?fit=1200%2C630\" \/>\n\t<meta property=\"og:image:width\" content=\"1200\" \/>\n\t<meta property=\"og:image:height\" content=\"630\" \/>\n\t<meta property=\"og:image:type\" content=\"image\/jpeg\" \/>\n<meta name=\"author\" content=\"Francisco Javier Fern\u00e1ndez Chento\" \/>\n<meta name=\"twitter:card\" content=\"summary_large_image\" \/>\n<meta name=\"twitter:creator\" content=\"@https:\/\/twitter.com\/javierchento\" \/>\n<meta name=\"twitter:site\" content=\"@WeVincentians\" \/>\n<meta name=\"twitter:label1\" content=\"Escrito por\" \/>\n\t<meta name=\"twitter:data1\" content=\"Francisco Javier Fern\u00e1ndez Chento\" \/>\n\t<meta name=\"twitter:label2\" content=\"Tiempo de lectura\" \/>\n\t<meta name=\"twitter:data2\" content=\"11 minutos\" \/>\n<script type=\"application\/ld+json\" class=\"yoast-schema-graph\">{\"@context\":\"https:\/\/schema.org\",\"@graph\":[{\"@type\":\"Article\",\"@id\":\"http:\/\/vincentians.com\/es\/carta-de-juan-pablo-ii-en-el-400-aniversario-del-nacimiento-de-vicente-de-paul\/#article\",\"isPartOf\":{\"@id\":\"http:\/\/vincentians.com\/es\/carta-de-juan-pablo-ii-en-el-400-aniversario-del-nacimiento-de-vicente-de-paul\/\"},\"author\":{\"name\":\"Francisco Javier Fern\u00e1ndez Chento\",\"@id\":\"http:\/\/vincentians.com\/es\/#\/schema\/person\/9623ef4d9aa3b2dfb8c061f1499288f2\"},\"headline\":\"Carta de Juan Pablo II en el 400 aniversario del nacimiento de Vicente de Pa\u00fal\",\"datePublished\":\"2011-10-15T01:40:39+00:00\",\"dateModified\":\"2016-07-26T17:32:02+00:00\",\"mainEntityOfPage\":{\"@id\":\"http:\/\/vincentians.com\/es\/carta-de-juan-pablo-ii-en-el-400-aniversario-del-nacimiento-de-vicente-de-paul\/\"},\"wordCount\":2119,\"commentCount\":0,\"publisher\":{\"@id\":\"http:\/\/vincentians.com\/es\/#organization\"},\"image\":{\"@id\":\"http:\/\/vincentians.com\/es\/carta-de-juan-pablo-ii-en-el-400-aniversario-del-nacimiento-de-vicente-de-paul\/#primaryimage\"},\"thumbnailUrl\":\"https:\/\/i0.wp.com\/vincentians.com\/es\/wp-content\/uploads\/sites\/11\/2016\/07\/escritos-vicente-de-paul.jpg?fit=1200%2C630\",\"keywords\":[\"Argel\",\"Beauvais\",\"Clichy\",\"Gondi\",\"Misiones Populares\",\"Pouy\",\"Reina Margarita\",\"San L\u00e1zaro\",\"T\u00fanez\"],\"articleSection\":[\"Vicente de Pa\u00fal\"],\"inLanguage\":\"es\",\"potentialAction\":[{\"@type\":\"CommentAction\",\"name\":\"Comment\",\"target\":[\"http:\/\/vincentians.com\/es\/carta-de-juan-pablo-ii-en-el-400-aniversario-del-nacimiento-de-vicente-de-paul\/#respond\"]}]},{\"@type\":\"WebPage\",\"@id\":\"http:\/\/vincentians.com\/es\/carta-de-juan-pablo-ii-en-el-400-aniversario-del-nacimiento-de-vicente-de-paul\/\",\"url\":\"http:\/\/vincentians.com\/es\/carta-de-juan-pablo-ii-en-el-400-aniversario-del-nacimiento-de-vicente-de-paul\/\",\"name\":\"Carta de Juan Pablo II en el 400 aniversario del nacimiento de Vicente de Pa\u00fal - Somos Vicencianos\",\"isPartOf\":{\"@id\":\"http:\/\/vincentians.com\/es\/#website\"},\"primaryImageOfPage\":{\"@id\":\"http:\/\/vincentians.com\/es\/carta-de-juan-pablo-ii-en-el-400-aniversario-del-nacimiento-de-vicente-de-paul\/#primaryimage\"},\"image\":{\"@id\":\"http:\/\/vincentians.com\/es\/carta-de-juan-pablo-ii-en-el-400-aniversario-del-nacimiento-de-vicente-de-paul\/#primaryimage\"},\"thumbnailUrl\":\"https:\/\/i0.wp.com\/vincentians.com\/es\/wp-content\/uploads\/sites\/11\/2016\/07\/escritos-vicente-de-paul.jpg?fit=1200%2C630\",\"datePublished\":\"2011-10-15T01:40:39+00:00\",\"dateModified\":\"2016-07-26T17:32:02+00:00\",\"breadcrumb\":{\"@id\":\"http:\/\/vincentians.com\/es\/carta-de-juan-pablo-ii-en-el-400-aniversario-del-nacimiento-de-vicente-de-paul\/#breadcrumb\"},\"inLanguage\":\"es\",\"potentialAction\":[{\"@type\":\"ReadAction\",\"target\":[\"http:\/\/vincentians.com\/es\/carta-de-juan-pablo-ii-en-el-400-aniversario-del-nacimiento-de-vicente-de-paul\/\"]}]},{\"@type\":\"ImageObject\",\"inLanguage\":\"es\",\"@id\":\"http:\/\/vincentians.com\/es\/carta-de-juan-pablo-ii-en-el-400-aniversario-del-nacimiento-de-vicente-de-paul\/#primaryimage\",\"url\":\"https:\/\/i0.wp.com\/vincentians.com\/es\/wp-content\/uploads\/sites\/11\/2016\/07\/escritos-vicente-de-paul.jpg?fit=1200%2C630\",\"contentUrl\":\"https:\/\/i0.wp.com\/vincentians.com\/es\/wp-content\/uploads\/sites\/11\/2016\/07\/escritos-vicente-de-paul.jpg?fit=1200%2C630\",\"width\":1200,\"height\":630},{\"@type\":\"BreadcrumbList\",\"@id\":\"http:\/\/vincentians.com\/es\/carta-de-juan-pablo-ii-en-el-400-aniversario-del-nacimiento-de-vicente-de-paul\/#breadcrumb\",\"itemListElement\":[{\"@type\":\"ListItem\",\"position\":1,\"name\":\"Portada\",\"item\":\"http:\/\/vincentians.com\/es\/\"},{\"@type\":\"ListItem\",\"position\":2,\"name\":\"Carta de Juan Pablo II en el 400 aniversario del nacimiento de Vicente de Pa\u00fal\"}]},{\"@type\":\"WebSite\",\"@id\":\"http:\/\/vincentians.com\/es\/#website\",\"url\":\"http:\/\/vincentians.com\/es\/\",\"name\":\"Somos Vicencianos\",\"description\":\"Know more to serve more\",\"publisher\":{\"@id\":\"http:\/\/vincentians.com\/es\/#organization\"},\"potentialAction\":[{\"@type\":\"SearchAction\",\"target\":{\"@type\":\"EntryPoint\",\"urlTemplate\":\"http:\/\/vincentians.com\/es\/?s={search_term_string}\"},\"query-input\":{\"@type\":\"PropertyValueSpecification\",\"valueRequired\":true,\"valueName\":\"search_term_string\"}}],\"inLanguage\":\"es\"},{\"@type\":\"Organization\",\"@id\":\"http:\/\/vincentians.com\/es\/#organization\",\"name\":\"The Vincentian Network\",\"url\":\"http:\/\/vincentians.com\/es\/\",\"logo\":{\"@type\":\"ImageObject\",\"inLanguage\":\"es\",\"@id\":\"http:\/\/vincentians.com\/es\/#\/schema\/logo\/image\/\",\"url\":\"https:\/\/i1.wp.com\/vincentians.com\/es\/wp-content\/uploads\/sites\/11\/2016\/06\/Vincentian-Network-logo-big.png?fit=778%2C778\",\"contentUrl\":\"https:\/\/i1.wp.com\/vincentians.com\/es\/wp-content\/uploads\/sites\/11\/2016\/06\/Vincentian-Network-logo-big.png?fit=778%2C778\",\"width\":778,\"height\":778,\"caption\":\"The Vincentian Network\"},\"image\":{\"@id\":\"http:\/\/vincentians.com\/es\/#\/schema\/logo\/image\/\"},\"sameAs\":[\"https:\/\/www.facebook.com\/WeAreVincentians\/\",\"https:\/\/x.com\/WeVincentians\"]},{\"@type\":\"Person\",\"@id\":\"http:\/\/vincentians.com\/es\/#\/schema\/person\/9623ef4d9aa3b2dfb8c061f1499288f2\",\"name\":\"Francisco Javier Fern\u00e1ndez Chento\",\"image\":{\"@type\":\"ImageObject\",\"inLanguage\":\"es\",\"@id\":\"http:\/\/vincentians.com\/es\/#\/schema\/person\/image\/\",\"url\":\"https:\/\/secure.gravatar.com\/avatar\/497d5cde87b4c3d097d0315953521681ba2cd523ee66e5077c3711f7021e65de?s=96&d=mm&r=g\",\"contentUrl\":\"https:\/\/secure.gravatar.com\/avatar\/497d5cde87b4c3d097d0315953521681ba2cd523ee66e5077c3711f7021e65de?s=96&d=mm&r=g\",\"caption\":\"Francisco Javier Fern\u00e1ndez Chento\"},\"description\":\"Director General y cofundador de La Red de Formaci\u00f3n Vicenciana. Javier es laico vicenciano, afiliado a la Congregaci\u00f3n de la Misi\u00f3n y miembro del Equipo de Misiones Populares de la provincia can\u00f3nica de Zaragoza (Espa\u00f1a) de la Congregaci\u00f3n de la Misi\u00f3n. Graduado en la Universidad Oberta de Catalunya con cuatro grados (Asistente de direcci\u00f3n, Gesti\u00f3n Administrativa, Recursos Humanos y Contabilidad Avanzada). Bil\u00edng\u00fce Espa\u00f1ol\/Ingl\u00e9s. gestiona y mantiene varias p\u00e1ginas web cristianas y vicencianas, incluida including La Red de Formaci\u00f3n Vicenciana, de la que es cofundador. Actualmente es responsable del \u00e1rea de Espa\u00f1ol de .famvin, la Red de Noticias de la Familia Vicenciana. Tambi\u00e9n es m\u00fasico cat\u00f3lico y ha editado varios discos. Es Director General y cofundador de Trovador, una reconocida compa\u00f1\u00eda discogr\u00e1fica critiana de Espa\u00f1a. Trabaja en las Tecnolog\u00edas de la Informaci\u00f3n, ofreciendo servicios de alojamiento, dise\u00f1o y mantenimiento Web, as\u00ed como asesoramiento, formaci\u00f3n y soluciones inform\u00e1ticas, gesti\u00f3n documental y digitalizaci\u00f3n de textos, edici\u00f3n y maquetaci\u00f3n de libros, revistas, flyers, etc.\",\"sameAs\":[\"http:\/\/chento.org\",\"https:\/\/www.facebook.com\/JavierChento\",\"https:\/\/x.com\/https:\/\/twitter.com\/javierchento\"],\"url\":\"http:\/\/vincentians.com\/es\/author\/chento\/\"}]}<\/script>\n<!-- \/ Yoast SEO plugin. -->","yoast_head_json":{"title":"Carta de Juan Pablo II en el 400 aniversario del nacimiento de Vicente de Pa\u00fal - Somos Vicencianos","robots":{"index":"index","follow":"follow","max-snippet":"max-snippet:-1","max-image-preview":"max-image-preview:large","max-video-preview":"max-video-preview:-1"},"canonical":"http:\/\/vincentians.com\/es\/carta-de-juan-pablo-ii-en-el-400-aniversario-del-nacimiento-de-vicente-de-paul\/","og_locale":"es_ES","og_type":"article","og_title":"Carta de Juan Pablo II en el 400 aniversario del nacimiento de Vicente de Pa\u00fal - Somos Vicencianos","og_description":"Al Reverendo Padre Richard McCULLEN Superior General de la Congre\u00adgaci\u00f3n de la Misi\u00f3n. Hace cuatrocientos a\u00f1os \u2014el 24 de abril de 1581, en el pueblo de Pouy, en las Landas\u2014 nac\u00eda San Vicente de Pa\u00fal. ... Read More","og_url":"http:\/\/vincentians.com\/es\/carta-de-juan-pablo-ii-en-el-400-aniversario-del-nacimiento-de-vicente-de-paul\/","og_site_name":"Somos Vicencianos","article_publisher":"https:\/\/www.facebook.com\/WeAreVincentians\/","article_author":"https:\/\/www.facebook.com\/JavierChento","article_published_time":"2011-10-15T01:40:39+00:00","article_modified_time":"2016-07-26T17:32:02+00:00","og_image":[{"width":1200,"height":630,"url":"https:\/\/i0.wp.com\/vincentians.com\/es\/wp-content\/uploads\/sites\/11\/2016\/07\/escritos-vicente-de-paul.jpg?fit=1200%2C630","type":"image\/jpeg"}],"author":"Francisco Javier Fern\u00e1ndez Chento","twitter_card":"summary_large_image","twitter_creator":"@https:\/\/twitter.com\/javierchento","twitter_site":"@WeVincentians","twitter_misc":{"Escrito por":"Francisco Javier Fern\u00e1ndez Chento","Tiempo de lectura":"11 minutos"},"schema":{"@context":"https:\/\/schema.org","@graph":[{"@type":"Article","@id":"http:\/\/vincentians.com\/es\/carta-de-juan-pablo-ii-en-el-400-aniversario-del-nacimiento-de-vicente-de-paul\/#article","isPartOf":{"@id":"http:\/\/vincentians.com\/es\/carta-de-juan-pablo-ii-en-el-400-aniversario-del-nacimiento-de-vicente-de-paul\/"},"author":{"name":"Francisco Javier Fern\u00e1ndez Chento","@id":"http:\/\/vincentians.com\/es\/#\/schema\/person\/9623ef4d9aa3b2dfb8c061f1499288f2"},"headline":"Carta de Juan Pablo II en el 400 aniversario del nacimiento de Vicente de Pa\u00fal","datePublished":"2011-10-15T01:40:39+00:00","dateModified":"2016-07-26T17:32:02+00:00","mainEntityOfPage":{"@id":"http:\/\/vincentians.com\/es\/carta-de-juan-pablo-ii-en-el-400-aniversario-del-nacimiento-de-vicente-de-paul\/"},"wordCount":2119,"commentCount":0,"publisher":{"@id":"http:\/\/vincentians.com\/es\/#organization"},"image":{"@id":"http:\/\/vincentians.com\/es\/carta-de-juan-pablo-ii-en-el-400-aniversario-del-nacimiento-de-vicente-de-paul\/#primaryimage"},"thumbnailUrl":"https:\/\/i0.wp.com\/vincentians.com\/es\/wp-content\/uploads\/sites\/11\/2016\/07\/escritos-vicente-de-paul.jpg?fit=1200%2C630","keywords":["Argel","Beauvais","Clichy","Gondi","Misiones Populares","Pouy","Reina Margarita","San L\u00e1zaro","T\u00fanez"],"articleSection":["Vicente de Pa\u00fal"],"inLanguage":"es","potentialAction":[{"@type":"CommentAction","name":"Comment","target":["http:\/\/vincentians.com\/es\/carta-de-juan-pablo-ii-en-el-400-aniversario-del-nacimiento-de-vicente-de-paul\/#respond"]}]},{"@type":"WebPage","@id":"http:\/\/vincentians.com\/es\/carta-de-juan-pablo-ii-en-el-400-aniversario-del-nacimiento-de-vicente-de-paul\/","url":"http:\/\/vincentians.com\/es\/carta-de-juan-pablo-ii-en-el-400-aniversario-del-nacimiento-de-vicente-de-paul\/","name":"Carta de Juan Pablo II en el 400 aniversario del nacimiento de Vicente de Pa\u00fal - Somos Vicencianos","isPartOf":{"@id":"http:\/\/vincentians.com\/es\/#website"},"primaryImageOfPage":{"@id":"http:\/\/vincentians.com\/es\/carta-de-juan-pablo-ii-en-el-400-aniversario-del-nacimiento-de-vicente-de-paul\/#primaryimage"},"image":{"@id":"http:\/\/vincentians.com\/es\/carta-de-juan-pablo-ii-en-el-400-aniversario-del-nacimiento-de-vicente-de-paul\/#primaryimage"},"thumbnailUrl":"https:\/\/i0.wp.com\/vincentians.com\/es\/wp-content\/uploads\/sites\/11\/2016\/07\/escritos-vicente-de-paul.jpg?fit=1200%2C630","datePublished":"2011-10-15T01:40:39+00:00","dateModified":"2016-07-26T17:32:02+00:00","breadcrumb":{"@id":"http:\/\/vincentians.com\/es\/carta-de-juan-pablo-ii-en-el-400-aniversario-del-nacimiento-de-vicente-de-paul\/#breadcrumb"},"inLanguage":"es","potentialAction":[{"@type":"ReadAction","target":["http:\/\/vincentians.com\/es\/carta-de-juan-pablo-ii-en-el-400-aniversario-del-nacimiento-de-vicente-de-paul\/"]}]},{"@type":"ImageObject","inLanguage":"es","@id":"http:\/\/vincentians.com\/es\/carta-de-juan-pablo-ii-en-el-400-aniversario-del-nacimiento-de-vicente-de-paul\/#primaryimage","url":"https:\/\/i0.wp.com\/vincentians.com\/es\/wp-content\/uploads\/sites\/11\/2016\/07\/escritos-vicente-de-paul.jpg?fit=1200%2C630","contentUrl":"https:\/\/i0.wp.com\/vincentians.com\/es\/wp-content\/uploads\/sites\/11\/2016\/07\/escritos-vicente-de-paul.jpg?fit=1200%2C630","width":1200,"height":630},{"@type":"BreadcrumbList","@id":"http:\/\/vincentians.com\/es\/carta-de-juan-pablo-ii-en-el-400-aniversario-del-nacimiento-de-vicente-de-paul\/#breadcrumb","itemListElement":[{"@type":"ListItem","position":1,"name":"Portada","item":"http:\/\/vincentians.com\/es\/"},{"@type":"ListItem","position":2,"name":"Carta de Juan Pablo II en el 400 aniversario del nacimiento de Vicente de Pa\u00fal"}]},{"@type":"WebSite","@id":"http:\/\/vincentians.com\/es\/#website","url":"http:\/\/vincentians.com\/es\/","name":"Somos Vicencianos","description":"Know more to serve more","publisher":{"@id":"http:\/\/vincentians.com\/es\/#organization"},"potentialAction":[{"@type":"SearchAction","target":{"@type":"EntryPoint","urlTemplate":"http:\/\/vincentians.com\/es\/?s={search_term_string}"},"query-input":{"@type":"PropertyValueSpecification","valueRequired":true,"valueName":"search_term_string"}}],"inLanguage":"es"},{"@type":"Organization","@id":"http:\/\/vincentians.com\/es\/#organization","name":"The Vincentian Network","url":"http:\/\/vincentians.com\/es\/","logo":{"@type":"ImageObject","inLanguage":"es","@id":"http:\/\/vincentians.com\/es\/#\/schema\/logo\/image\/","url":"https:\/\/i1.wp.com\/vincentians.com\/es\/wp-content\/uploads\/sites\/11\/2016\/06\/Vincentian-Network-logo-big.png?fit=778%2C778","contentUrl":"https:\/\/i1.wp.com\/vincentians.com\/es\/wp-content\/uploads\/sites\/11\/2016\/06\/Vincentian-Network-logo-big.png?fit=778%2C778","width":778,"height":778,"caption":"The Vincentian Network"},"image":{"@id":"http:\/\/vincentians.com\/es\/#\/schema\/logo\/image\/"},"sameAs":["https:\/\/www.facebook.com\/WeAreVincentians\/","https:\/\/x.com\/WeVincentians"]},{"@type":"Person","@id":"http:\/\/vincentians.com\/es\/#\/schema\/person\/9623ef4d9aa3b2dfb8c061f1499288f2","name":"Francisco Javier Fern\u00e1ndez Chento","image":{"@type":"ImageObject","inLanguage":"es","@id":"http:\/\/vincentians.com\/es\/#\/schema\/person\/image\/","url":"https:\/\/secure.gravatar.com\/avatar\/497d5cde87b4c3d097d0315953521681ba2cd523ee66e5077c3711f7021e65de?s=96&d=mm&r=g","contentUrl":"https:\/\/secure.gravatar.com\/avatar\/497d5cde87b4c3d097d0315953521681ba2cd523ee66e5077c3711f7021e65de?s=96&d=mm&r=g","caption":"Francisco Javier Fern\u00e1ndez Chento"},"description":"Director General y cofundador de La Red de Formaci\u00f3n Vicenciana. Javier es laico vicenciano, afiliado a la Congregaci\u00f3n de la Misi\u00f3n y miembro del Equipo de Misiones Populares de la provincia can\u00f3nica de Zaragoza (Espa\u00f1a) de la Congregaci\u00f3n de la Misi\u00f3n. Graduado en la Universidad Oberta de Catalunya con cuatro grados (Asistente de direcci\u00f3n, Gesti\u00f3n Administrativa, Recursos Humanos y Contabilidad Avanzada). Bil\u00edng\u00fce Espa\u00f1ol\/Ingl\u00e9s. gestiona y mantiene varias p\u00e1ginas web cristianas y vicencianas, incluida including La Red de Formaci\u00f3n Vicenciana, de la que es cofundador. Actualmente es responsable del \u00e1rea de Espa\u00f1ol de .famvin, la Red de Noticias de la Familia Vicenciana. Tambi\u00e9n es m\u00fasico cat\u00f3lico y ha editado varios discos. Es Director General y cofundador de Trovador, una reconocida compa\u00f1\u00eda discogr\u00e1fica critiana de Espa\u00f1a. Trabaja en las Tecnolog\u00edas de la Informaci\u00f3n, ofreciendo servicios de alojamiento, dise\u00f1o y mantenimiento Web, as\u00ed como asesoramiento, formaci\u00f3n y soluciones inform\u00e1ticas, gesti\u00f3n documental y digitalizaci\u00f3n de textos, edici\u00f3n y maquetaci\u00f3n de libros, revistas, flyers, etc.","sameAs":["http:\/\/chento.org","https:\/\/www.facebook.com\/JavierChento","https:\/\/x.com\/https:\/\/twitter.com\/javierchento"],"url":"http:\/\/vincentians.com\/es\/author\/chento\/"}]}},"jetpack_publicize_connections":[],"jetpack_featured_media_url":"https:\/\/i0.wp.com\/vincentians.com\/es\/wp-content\/uploads\/sites\/11\/2016\/07\/escritos-vicente-de-paul.jpg?fit=1200%2C630","jetpack_sharing_enabled":true,"jetpack_shortlink":"https:\/\/wp.me\/p7ETMF-dVC","jetpack-related-posts":[{"id":121252,"url":"http:\/\/vincentians.com\/es\/san-vicente-de-paul-nacio-en-francia-i-nacimiento\/","url_meta":{"origin":53544,"position":0},"title":"San Vicente de Pa\u00fal naci\u00f3 en Francia. I. Nacimiento","author":"Francisco Javier Fern\u00e1ndez Chento","date":"26\/04\/2015","format":false,"excerpt":"Vincentius a Pa\u00falo, natione Gallus, Podii non procul ab Aquis Tarbellis in Aquitania natus. (Breviario romano, 19 julio.) Primera parte Se public\u00f3 en Barcelona (Espa\u00f1a), como ap\u00e9ndice a la traducci\u00f3n de la obra del Sr. Arturo Loth: San Vicente de Pa\u00fal y su misi\u00f3n social, una tesis hist\u00f3rica en extremo\u2026","rel":"","context":"En \u00abVicente de Pa\u00fal\u00bb","block_context":{"text":"Vicente de Pa\u00fal","link":"http:\/\/vincentians.com\/es\/category\/la-familia-vicenciana\/fundadores\/vicente-de-paul\/"},"img":{"alt_text":"pemartin","src":"https:\/\/i0.wp.com\/vicencianos.org\/wp-content\/2013\/04\/pemartin-189x300.jpg?resize=350%2C200","width":350,"height":200},"classes":[]},{"id":121433,"url":"http:\/\/vincentians.com\/es\/san-vicente-de-paul-nacio-en-francia-vi-tercera-dificultad\/","url_meta":{"origin":53544,"position":1},"title":"San Vicente de Pa\u00fal naci\u00f3 en Francia. VI. Tercera dificultad","author":"Francisco Javier Fern\u00e1ndez Chento","date":"01\/05\/2015","format":false,"excerpt":"Tercera dificultad Es Tamarite de Litera, en la provincia de Huesca, un pa\u00eds seco, y s\u00f3lo f\u00e9rtil cuando, por excepci\u00f3n, vienen a\u00f1os lluviosos. All\u00ed naci\u00f3 el \u00ednclito S. Vicente de Pa\u00fal por los a\u00f1os de 1576, de padres humildes y cristianos. Los habi\u00adtantes de Tamarite, en su mayor parte sencillos\u2026","rel":"","context":"En \u00abVicente de Pa\u00fal\u00bb","block_context":{"text":"Vicente de Pa\u00fal","link":"http:\/\/vincentians.com\/es\/category\/la-familia-vicenciana\/fundadores\/vicente-de-paul\/"},"img":{"alt_text":"","src":"","width":0,"height":0},"classes":[]},{"id":119541,"url":"http:\/\/vincentians.com\/es\/san-vicente-de-paul-y-su-entronque-hispanico-i\/","url_meta":{"origin":53544,"position":2},"title":"San Vicente de Pa\u00fal y su entronque hisp\u00e1nico (I)","author":"Francisco Javier Fern\u00e1ndez Chento","date":"05\/05\/2013","format":false,"excerpt":"P\u00f3rtico En este a\u00f1o tricentenario todo el orbe cat\u00f3lico ha registrado con j\u00fabilo y exaltaci\u00f3n gozosa las gestas del -eximio h\u00e9roe de la caridad que fue San Vicente de Pa\u00fal. Pero hay naciones que durante su vida mantuvieron con \u00e9l \u00edntimos y fecundos contactos. Tal en primer lugar Francia, en\u2026","rel":"","context":"En \u00abVicente de Pa\u00fal\u00bb","block_context":{"text":"Vicente de Pa\u00fal","link":"http:\/\/vincentians.com\/es\/category\/la-familia-vicenciana\/fundadores\/vicente-de-paul\/"},"img":{"alt_text":"SANV","src":"https:\/\/i0.wp.com\/vicencianos.org\/wp-content\/2013\/04\/SANV.jpg?resize=350%2C200","width":350,"height":200},"classes":[]},{"id":123942,"url":"http:\/\/vincentians.com\/es\/san-vicente-de-paul-y-su-entronque-hispanico-i-2\/","url_meta":{"origin":53544,"position":3},"title":"San Vicente de Pa\u00fal y su entronque hisp\u00e1nico (I)","author":"Francisco Javier Fern\u00e1ndez Chento","date":"05\/05\/2013","format":false,"excerpt":"P\u00f3rtico En este a\u00f1o tricentenario todo el orbe cat\u00f3lico ha registrado con j\u00fabilo y exaltaci\u00f3n gozosa las gestas del -eximio h\u00e9roe de la caridad que fue San Vicente de Pa\u00fal. Pero hay naciones que durante su vida mantuvieron con \u00e9l \u00edntimos y fecundos contactos. Tal en primer lugar Francia, en\u2026","rel":"","context":"En \u00abVicente de Pa\u00fal\u00bb","block_context":{"text":"Vicente de Pa\u00fal","link":"http:\/\/vincentians.com\/es\/category\/la-familia-vicenciana\/fundadores\/vicente-de-paul\/"},"img":{"alt_text":"SANV","src":"https:\/\/i0.wp.com\/vicencianos.org\/wp-content\/2013\/04\/SANV.jpg?resize=350%2C200","width":350,"height":200},"classes":[]},{"id":387345,"url":"http:\/\/vincentians.com\/es\/fechas-en-la-vida-de-san-vicente\/","url_meta":{"origin":53544,"position":4},"title":"Fechas en la vida de San Vicente","author":"Francisco Javier Fern\u00e1ndez Chento","date":"21\/12\/2017","format":false,"excerpt":"1581: En Pouy (Landas) nace Vicente de Pa\u00fal, tercer hijo de la familia de Pa\u00fal. 1595: Vicente sale de Pouy para ir a Dax, donde vivir\u00e1 en casa del Se\u00f1or de Comet, abogado en Dax y juez en Pouy. Cursa estudios en el colegio de los Franciscanos. 1596: Vicente inicia\u2026","rel":"","context":"En \u00abVicente de Pa\u00fal\u00bb","block_context":{"text":"Vicente de Pa\u00fal","link":"http:\/\/vincentians.com\/es\/category\/la-familia-vicenciana\/fundadores\/vicente-de-paul\/"},"img":{"alt_text":"","src":"https:\/\/i0.wp.com\/vincentians.com\/es\/wp-content\/uploads\/sites\/11\/2016\/08\/con-damas-de-la-caridad.jpg?fit=1200%2C630&resize=350%2C200","width":350,"height":200,"srcset":"https:\/\/i0.wp.com\/vincentians.com\/es\/wp-content\/uploads\/sites\/11\/2016\/08\/con-damas-de-la-caridad.jpg?fit=1200%2C630&resize=350%2C200 1x, https:\/\/i0.wp.com\/vincentians.com\/es\/wp-content\/uploads\/sites\/11\/2016\/08\/con-damas-de-la-caridad.jpg?fit=1200%2C630&resize=525%2C300 1.5x, https:\/\/i0.wp.com\/vincentians.com\/es\/wp-content\/uploads\/sites\/11\/2016\/08\/con-damas-de-la-caridad.jpg?fit=1200%2C630&resize=700%2C400 2x, https:\/\/i0.wp.com\/vincentians.com\/es\/wp-content\/uploads\/sites\/11\/2016\/08\/con-damas-de-la-caridad.jpg?fit=1200%2C630&resize=1050%2C600 3x"},"classes":[]},{"id":121437,"url":"http:\/\/vincentians.com\/es\/san-vicente-de-paul-nacio-en-francia-ix-la-prensa-periodica\/","url_meta":{"origin":53544,"position":5},"title":"San Vicente de Pa\u00fal naci\u00f3 en Francia. IX. La prensa peri\u00f3dica","author":"Francisco Javier Fern\u00e1ndez Chento","date":"04\/05\/2015","format":false,"excerpt":"La prensa peri\u00f3dica El traductor de Arturo Loth, nos ha dicho contar con el concurso de la prensa peri\u00f3dica, y nosotros hemos ofrecido examinar el apoyo que prestan al Sr Feli\u00fa, los peri\u00f3dicos El Correo Catal\u00e1n de Barcelona, La Controversia de Ma\u00addrid, y El Pilar de Zaragoza. Tenemos tres n\u00fameros\u2026","rel":"","context":"En \u00abVicente de Pa\u00fal\u00bb","block_context":{"text":"Vicente de Pa\u00fal","link":"http:\/\/vincentians.com\/es\/category\/la-familia-vicenciana\/fundadores\/vicente-de-paul\/"},"img":{"alt_text":"","src":"","width":0,"height":0},"classes":[]}],"_links":{"self":[{"href":"http:\/\/vincentians.com\/es\/wp-json\/wp\/v2\/posts\/53544","targetHints":{"allow":["GET"]}}],"collection":[{"href":"http:\/\/vincentians.com\/es\/wp-json\/wp\/v2\/posts"}],"about":[{"href":"http:\/\/vincentians.com\/es\/wp-json\/wp\/v2\/types\/post"}],"author":[{"embeddable":true,"href":"http:\/\/vincentians.com\/es\/wp-json\/wp\/v2\/users\/4"}],"replies":[{"embeddable":true,"href":"http:\/\/vincentians.com\/es\/wp-json\/wp\/v2\/comments?post=53544"}],"version-history":[{"count":0,"href":"http:\/\/vincentians.com\/es\/wp-json\/wp\/v2\/posts\/53544\/revisions"}],"wp:featuredmedia":[{"embeddable":true,"href":"http:\/\/vincentians.com\/es\/wp-json\/wp\/v2\/media\/393753"}],"wp:attachment":[{"href":"http:\/\/vincentians.com\/es\/wp-json\/wp\/v2\/media?parent=53544"}],"wp:term":[{"taxonomy":"category","embeddable":true,"href":"http:\/\/vincentians.com\/es\/wp-json\/wp\/v2\/categories?post=53544"},{"taxonomy":"post_tag","embeddable":true,"href":"http:\/\/vincentians.com\/es\/wp-json\/wp\/v2\/tags?post=53544"}],"curies":[{"name":"wp","href":"https:\/\/api.w.org\/{rel}","templated":true}]}}