{"id":53414,"date":"2015-06-09T03:15:22","date_gmt":"2015-06-09T01:15:22","guid":{"rendered":"http:\/\/somos.vicencianos.org\/?p=53414"},"modified":"2015-06-09T03:15:22","modified_gmt":"2015-06-09T01:15:22","slug":"importancia-de-la-continuidad-en-las-misiones-populares","status":"publish","type":"post","link":"http:\/\/vincentians.com\/es\/importancia-de-la-continuidad-en-las-misiones-populares\/","title":{"rendered":"Importancia de la continuidad en las Misiones Populares"},"content":{"rendered":"<p><em><a href=\"https:\/\/i0.wp.com\/vicencianos.org\/wp-content\/2011\/06\/espiritualidad_misiones_populares.jpg\"><img data-recalc-dims=\"1\" loading=\"lazy\" decoding=\"async\" class=\"alignright size-medium wp-image-41930\" title=\"espiritualidad_misiones_populares\" src=\"https:\/\/i0.wp.com\/vicencianos.org\/wp-content\/2011\/06\/espiritualidad_misiones_populares-286x300.jpg?resize=286%2C300\" alt=\"\" width=\"286\" height=\"300\" \/><\/a>Dime una cosa, y despu\u00e9s de la Misi\u00f3n Popular, \u00bfqu\u00e9 ha quedado?<\/em>, preguntaba un compa\u00f1ero a un sacerdote en cuya parroquia hab\u00eda realizado una misi\u00f3n.<\/p>\n<p><em>\u00ab\u00bfY despu\u00e9s qu\u00e9?\u00bb<\/em> nos preguntan tambi\u00e9n a nosotros. Nos puede parecer una pregunta relativa, pero no dudemos que el futuro pr\u00f3ximo de las Misiones Populares depende en gran medida de cu\u00e1les sean sus \u00abefectos percibidos\u00bb por parte de los sacerdotes y agentes de pastoral.<\/p>\n<p>Misiones Populares bien realizadas y con resultados satisfactorios para quienes las solicitaron, son la mejor promoci\u00f3n de nuevas peticiones y la \u00fanica meta a la que podemos aspirar. Las Misiones Populares son un servicio a la Iglesia y como tal deben \u00abservir\u00bb para algo \u00a1y demostrarlo!.<\/p>\n<p>Naturalmente, si se da una misi\u00f3n es para que despu\u00e9s de ella quede alg\u00fan efecto m\u00e1s o menos constatable. Debe dar respuesta a las expectativas que justificaron su petici\u00f3n. En caso contrario no hac\u00eda falta tanto trabajo. La Misi\u00f3n Popular no se justifica en s\u00ed misma: responde a unos fines de evangelizaci\u00f3n y se realiza dentro de un marco pastoral m\u00e1s amplio.<\/p>\n<p>Por todo ello la continuidad es fundamental para la misi\u00f3n y no podemos dejar de tenerla en cuenta en un planteamiento serio de este ministerio.<\/p>\n<p>Las preguntas que nos hacemos y a las que trataremos de responder<span id='easy-footnote-1-53414' class='easy-footnote-margin-adjust'><\/span><span class='easy-footnote'><a href='http:\/\/vincentians.com\/es\/importancia-de-la-continuidad-en-las-misiones-populares\/#easy-footnote-bottom-1-53414' title='Partimos aqu\u00ed de la experiencia de las provincias de Espa\u00f1a y Portugal puesta en com\u00fan en Valencia, en el Encuentro Interprovicial de los Equipos de Misiones Populares, en 1994.'><sup>1<\/sup><\/a><\/span> en esta peque\u00f1a intervenci\u00f3n son:<\/p>\n<ul>\n<li>en el tiempo posterior a la misi\u00f3n, \u00bfcual es el grado de responsabilidad que los misioneros seguimos teniendo en la animaci\u00f3n evang\u00e9lica de aquella comunidad?<\/li>\n<li>\u00bfqu\u00e9 m\u00e9todos, materiales y din\u00e1micas se deben seguir en una continuidad?<\/li>\n<li>\u00bfdebe regresar el Equipo Misionero? \u00bfcada cu\u00e1nto tiempo?<\/li>\n<li>frente a estilos y concepciones pastorales muy variadas \u00bfes posible dar respuesta a las aut\u00e9nticas necesidades hoy de la Iglesia?<\/li>\n<li>en defintiva, \u00bfc\u00f3mo favorecer una adecuada continuidad?<\/li>\n<\/ul>\n<h2>Tradici\u00f3n b\u00edblica y vicenciana<\/h2>\n<p>As\u00ed como Dios no abandona a su pueblo, as\u00ed los pastores acompa\u00f1an a los suyos en el largo camino de la fe. El mismo ap\u00f3stol Pablo manten\u00eda un fluido contacto con aquellas comunidades que \u00e9l hab\u00eda evangelizado: estaba al corriente de lo que en ellas suced\u00eda, les escrib\u00eda, les enviaba a sus colaboradores&#8230;<\/p>\n<p>Vicente de Pa\u00fal y los primeros misioneros no solo dejaban establecidas <em>Las Caridades<\/em> en los pueblos misionados, sino que estaba organizada su continuidad. Recordemos que la misma Luisa de Marillac inici\u00f3 su colaboraci\u00f3n con Vicente de Pa\u00fal como visitadora de las Cofrad\u00edas de Caridad.<\/p>\n<p>De 1940 a 1965, en Espa\u00f1a y en otros pa\u00edses, se vivi\u00f3 una \u00e9poca de efervescencia de las Misiones Populares. Muchas parroquias, conforme al derecho can\u00f3nico vigente entonces, eran misionadas sistem\u00e1ticamente cada diez a\u00f1os. De alguna manera, esta misma regularidad constitu\u00eda en s\u00ed una continuidad de la misi\u00f3n. En muchos lugares, como por ejemplo en nuestras parroquias, no estar\u00eda nada mal recuperar esta costumbre.<\/p>\n<h2>Definici\u00f3n<\/h2>\n<p>En un ambiente como \u00e9ste con experiencias y procedencias tan variadas hemos de clarificar a qu\u00e9 nos estamos refiriendo al hablar de <em>continuidad (seguimiento, postmisi\u00f3n) de la Misi\u00f3n Popular<\/em>. Por nuestra parte, hacemos referencia al tiempo posterior a los d\u00edas en los cuales actu\u00f3 directamente (durante unas pocas semanas) el Equipo Misionero.<\/p>\n<p>M\u00e1s concretamente, nos preocupa aqu\u00ed la continuidad de la misi\u00f3n en la medida en la cual los misioneros podemos influir en ella: previamente, en su planificaci\u00f3n o, m\u00e1s adelante, en su acompa\u00f1amiento y animaci\u00f3n. Es decir, hoy, la continuidad es parte de la misi\u00f3n misma, y por tanto alguna responsabilidad sienten en ella los misioneros. Esto se concreta siempre de mutuo acuerdo con los responsables de la pastoral ordinaria.<\/p>\n<p>No hay que confundir [toco]continuidad de la misi\u00f3n[tondo], con renovaci\u00f3n de la misi\u00f3n, o simplemente con que haya perseverancia en algunos de los grupos nacidos durante la misi\u00f3n. Dicha continuidad hace referencia a unos objetivos (din\u00e1micas misioneras, estilo, mensaje, grupos, ministerios laicales, servicios&#8230;) por los que la Misi\u00f3n Popular trabaj\u00f3. Para ello, ser\u00e1 de gran ayuda que desde la preparaci\u00f3n de la Misi\u00f3n Popular existan unos objetivos amplios que contemplen tambi\u00e9n su continuidad.<\/p>\n<p>De alguna manera, la Misi\u00f3n Popular, a su vez, es <em>continuidad<\/em> de la pastoral ordinaria. En ella se inserta y a ella trata de dinamizar y apoyar en sus fines, que en el \u00faltimo t\u00e9rmino comparte. Durante la continuidad de la misi\u00f3n los fieles de la comunidad han de tomar, definitivamente, conciencia de su protagonismo misionero. Como consecuencia, \u00e9ste es el tiempo en el que se confirma la parroquia como permanentemente misionera en todos sus acciones y estructuras.<\/p>\n<p>Con palabras sencillas podemos decir que si la Misi\u00f3n Popular significa <em>evangelizaci\u00f3n, comuni\u00f3n, reconciliaci\u00f3n, anuncio, ilusi\u00f3n, compromiso por los pobres&#8230;<\/em> entonces:<\/p>\n<p style=\"padding-left: 30px\">la continuidad de la misi\u00f3n ha de consistir en la perseverancia y desarrollo de estos mismos elementos (evangelizaci\u00f3n, comuni\u00f3n&#8230;) asumidos activamente por la comunidad cristiana misionada.<\/p>\n<p>Por \u00faltimo, tratando de definir conceptos, dejemos claro lo que pensamos que NO debe ser la continuidad de la Misi\u00f3n:<\/p>\n<ul>\n<li>no debe ser un maquillaje que queda en la parroquia para cubrir deficiencias;<\/li>\n<li>no debe ser -necesariamente- un aumento directo en la asistencia a los sacramentos;<\/li>\n<li>no debe ser una ayuda permanente para que el p\u00e1rroco trabaje menos;<\/li>\n<li>no debe ser, s\u00f3lo, un recuerdo bonito que no ha afectado nada al coraz\u00f3n de los fieles y a la pastoral ordinaria.<\/li>\n<\/ul>\n<h2>Experiencias, constataciones, opiniones<\/h2>\n<h3><strong>As\u00ed opinan los p\u00e1rrocos misionados<\/strong><\/h3>\n<p>En una encuesta realizada hace tres a\u00f1os en parroquias que hab\u00edan recibido una Misi\u00f3n Popular constatamos la distinta valoraci\u00f3n que merece la postmisi\u00f3n para los p\u00e1rrocos. Frente a los que la ven como el fin \u00faltimo, los hay que no la consideran en absoluto esencial. Predominan los que la califican tan importante como las otras fases.<\/p>\n<p>Preguntados por la repercusi\u00f3n de la Misi\u00f3n en la vida parroquial, no hay nadie que diga que \u00abnula o escasa\u00bb aunque s\u00ed algunos dicen que fue \u00abpasajera\u00bb. La mayor parte la califican de \u00absignificativa\u00bb, es decir, que ha quedado su influencia en varias cosas.<\/p>\n<p>De las realidades m\u00e1s o menos concretas que quedan despu\u00e9s de la misi\u00f3n, los p\u00e1rrocos valoran la creaci\u00f3n de determinados grupos espec\u00edficos (de ancianos, de matrimonios, de catequesis de adultos&#8230;).<\/p>\n<p>Es frecuente que contin\u00faen reuni\u00e9ndose las Comunidades Familiares (Asambleas; Grupos de Encuentro) iniciadas en la misi\u00f3n. En proporci\u00f3n tienen mayor continuidad en las parroquias urbanas que en pueblos muy peque\u00f1os, donde es dif\u00edcil encontrar \u00abpersonal preparado\u00bb para hacer de moderadores o animadores. En alg\u00fan caso es el mismo sacerdote quien est\u00e1 dando directamente las Catequesis Familiares en la casas. En otros lugares, la dificultad que signific\u00f3 reunirse por las casas, fue superada s\u00f3lo durante la Misi\u00f3n, pero despu\u00e9s volvi\u00f3 a surgir, e impidi\u00f3 continuar la din\u00e1mica.<\/p>\n<p>En determinadas parroquias los propios p\u00e1rrocos constatan que ha aumentado la participaci\u00f3n activa de los laicos y en general que se ha notado un incremento en la conciencia evangelizadora dentro de la misma parroquia.<\/p>\n<p>Mientras en unas la participaci\u00f3n en los actos de culto ha aumentado notablemente, en otras no ha variado nada.<\/p>\n<p>En la continuidad, las Comunidades Familiares, por su din\u00e1mica particular, necesitan un material preparado especialmente para ellas. A veces se utilizan los que ofrecen los misioneros, otras veces se elaboran propios siguiendo el mismo estilo, o toman catecumenados de adultos editados por las di\u00f3cesis.<\/p>\n<p>Consultados sobre la idoneidad de una nueva presencia de los misioneros (Renovaci\u00f3n de la Misi\u00f3n) las respuestas son variadas, imaginamos que en consonancia con las experiencias habidas. Hay quien no la ve necesaria y quien la pide ya al primer o segundo a\u00f1o. La mayor parte la ven adecuada cuando la solicita el p\u00e1rroco. No quieren cerrar las puertas, pero tampoco implicarse en exceso. Por parte de los p\u00e1rrocos se observa que, si bien desean (necesitan) ayuda, ante todo prefieren mantener su autonom\u00eda sin m\u00e1s \u00abinterferencias\u00bb exteriores que las que ellos mismos pidan.<\/p>\n<p>Alguno propone ya la repetici\u00f3n de la misi\u00f3n (a los 10 a\u00f1os, como en otros tiempos). Los hay que ponderan la visita posterior de los misioneros no s\u00f3lo como amigos, sino como evangelizadores.<\/p>\n<p>Desde las iglesias locales se espera de la Misi\u00f3n Popular una renovaci\u00f3n de la parroquia, pero especialmente un acercamiento a los alejados. La continuidad, como toda la Misi\u00f3n Popular, debe estar integrada dentro de las l\u00edneas pastorales de la propia parroquia y di\u00f3cesis.<\/p>\n<p><strong>As\u00ed opinan nuestros Misioneros<\/strong><span id='easy-footnote-2-53414' class='easy-footnote-margin-adjust'><\/span><span class='easy-footnote'><a href='http:\/\/vincentians.com\/es\/importancia-de-la-continuidad-en-las-misiones-populares\/#easy-footnote-bottom-2-53414' title='Recogiendo experiencias de los Equipos de las provincias de Espa\u00f1a y Portugal.'><sup>2<\/sup><\/a><\/span>\n<p>Se reconoce que la post-misi\u00f3n o continuidad es todav\u00eda un punto d\u00e9bil de la Misi\u00f3n. \u00c9sta debe existir, pero, se opina que, como parte de la pastoral ordinaria, corresponde en primer lugar a la iniciativa del p\u00e1rroco con quien habr\u00e1 que concertar toda acci\u00f3n posterior a la Misi\u00f3n. Nunca puede parecer que pretendemos sustituir su papel.<\/p>\n<p>En alguna misi\u00f3n, al cabo de unos a\u00f1os, las Comunidades Familiares no s\u00f3lo han perseverado, sino que de ellas han nacido nuevas Comunidades. Pero lo m\u00e1s frecuente es una progresiva disminuci\u00f3n, para terminar diluy\u00e9ndose a los tres o cuatro a\u00f1os.<\/p>\n<p>En otros lugares la clave de la continuidad de la misi\u00f3n ha estado en el grupo de matrimonios j\u00f3venes que se form\u00f3 en la Misi\u00f3n Popular.<\/p>\n<p>Hay que tener prevista la manera c\u00f3mo los diversos grupos que quedan despu\u00e9s de la misi\u00f3n se incorporan a la pastoral parroquial y la enriquecen. Especialmente las personas que se han encontrado con el Se\u00f1or por primera vez durante la Misi\u00f3n Popular, o las que han vuelto a \u00e9l, necesitan un lugar donde alimentar adecuadamente esta reciente adhesi\u00f3n.<\/p>\n<p>En general se ha visto que la perseverancia depende mucho de la preparaci\u00f3n y entusiasmo de los moderadores de las Comunidades Familiares. Constatan los misioneros que la postmisi\u00f3n est\u00e1 condicionada ya por los primeros pasos de la preparaci\u00f3n.<\/p>\n<p>La continuidad es m\u00e1s f\u00e1cil donde hay un proyecto claro de comunidad. Donde no lo hay, no se sabe que es a lo que hay que dar continuidad. Siempre ser\u00e1n necesarias las personas que en la parroquia se ocupen espec\u00edficamente de este ministerio.<\/p>\n<p>Se observa despu\u00e9s de la misi\u00f3n una mayor conciencia entre los feligreses de lo que es la parroquia. Siempre hay algunos de ellos que se incorporan activamente a colaborar en mayor medida. Durante la continuidad de la misi\u00f3n se refuerza la pastoral de conjunto.<\/p>\n<p>Tambi\u00e9n para los mismos sacerdotes ha supuesto en ocasiones una gran renovaci\u00f3n de su \u00e1nimo e ilusi\u00f3n pastoral.<\/p>\n<h2>Dificultades<\/h2>\n<h3>Dificultades expresadas por los mismos p\u00e1rrocos<\/h3>\n<p>Entre las principales dificultades con que se encuentran las parroquias en el momento de la continuidad podemos se\u00f1alar la p\u00e9rdida del entusiasmo con el que se funcion\u00f3 durante la misma misi\u00f3n, y que m\u00e1s tarde dur\u00f3 poco. Algunos de los \u00abalejados acercados\u00bb vuelven a alejarse. Los ya implicados, retoman sus responsabilidades y \u00abya no pueden m\u00e1s\u00bb, el p\u00e1rroco vuelve a sentirse solo y sin el apoyo de los misioneros. Con la expresi\u00f3n [toco]falt\u00f3 de fuerza[tondo] indican la sensaci\u00f3n que tienen de no llegar, de \u00abquerer y no poder\u00bb, de no tener las personas adecuadas para continuar la misi\u00f3n. Aparece la necesidad y prioridad de la formaci\u00f3n de agentes de pastoral.<\/p>\n<p>La falta de material adecuado tambi\u00e9n es expuesto, aunque algunas provincias han avanzado mucho en este sentido. Proponen concretar mejor las sugerencias que los misioneros hacen.<\/p>\n<h3>Dificultades que detectan los misioneros<\/h3>\n<p>En el parecer de los misioneros la premisi\u00f3n ya marca c\u00f3mo ser\u00e1 la continuidad. Durante la misi\u00f3n, el empuje del Equipo Misionero es capaz de suplir deficiencias en la preparaci\u00f3n, pero despu\u00e9s vuelven a surgir los errores del principio.<\/p>\n<p>Otra dificultad, de orden pr\u00e1ctico es que la mayor\u00eda de los Equipos Provinciales de Misiones no alcanzan a dar continuidad, simplemente porque no tienen tiempo. La agenda se llena cada curso con las misiones de ese a\u00f1o y las correspondientes premisiones. Eso es lo que urge y se hace, pero la continuidad suele estar condicionada a la disponibilidad de misioneros para ocuparse de ella. Har\u00eda falta un grupo de misioneros especialmente dedicado a la continuidad.<\/p>\n<p>Los propios sacerdotes son, en algunos casos, el impedimento para una correcta continuidad. Dicho aqu\u00ed no creo que sorprenda a nadie. A veces es por pasividad; no han dado los pasos necesarios para su organizaci\u00f3n y animaci\u00f3n. Otras veces, simplemente, no han querido cambiar nada de lo que ya ten\u00edan antes, y han preferido continuar todo exactamente igual. En uno y otro caso la misi\u00f3n puede quedar como una an\u00e9cdota.<\/p>\n<p>En muchas ocasiones no existen los suficientes agentes de pastoral que asuman la animaci\u00f3n de los nuevos grupos: nuevo grupo de j\u00f3venes sin catequista, matrimonios sin asesor, Comunidades Familiares sin los suficientes Moderadores o sin nadie que prepare a estos&#8230; Normalmente, las personas m\u00e1s disponibles ya estaban cargadas de ocupaciones pastorales antes de la misi\u00f3n. Una vez m\u00e1s: \u00a1prioridad de suscitar y formar agentes de pastoral!<\/p>\n<h2>Opciones de continuidad<\/h2>\n<ol>\n<li>Una primera opci\u00f3n, la que puede parecer m\u00e1s sencilla para nosotros, es la de no hacer postmisi\u00f3n. Una vez concluida la presencia del Equipo Misionero, \u00e9ste se despide y los agentes de la pastoral ordinaria asumen la responsabilidad de dar continuidad a la Misi\u00f3n Popular. O dicho de otra manera, retoman sus tareas con lo a\u00f1adido -en cantidad y en calidad- por la misi\u00f3n. Esto se hace con la convicci\u00f3n de que es a la misma comunidad a quien corresponde ahora perseverar en su propia evangelizaci\u00f3n.<\/li>\n<li>Otras f\u00f3rmulas, en cambio, no solamente preveen la continuidad, sino que la misma Misi\u00f3n Popular se concibe y se desarrolla en tres fases que se realizan en tres a\u00f1os consecutivos. Ser\u00eda, dir\u00edamos, como tres misiones seguidas, con un planteamiento de conjunto que se va desarrollando a lo largo del tiempo.<\/li>\n<li>Una opci\u00f3n m\u00e1s tajante es la de asumir ante el obispo la responsabilidad de una parroquia durante dos o tres a\u00f1os. Tiempo durante el cual la parroquia est\u00e1 en misi\u00f3n permanente. Finalizado el contrato \u00e9sta se deja. Se espera, que quede ampliamente renovada. Pero esto ser\u00eda m\u00e1s bien otro tipo de Misi\u00f3n Popular, sin contar con que tambi\u00e9n tiene sus dificultades.<\/li>\n<li>La Renovaci\u00f3n de la Misi\u00f3n (Anexo 1). Es lo m\u00e1s frecuente. El Equipo Misionero regresa a la comunidad misionada, generalmente al a\u00f1o, para, en un corto per\u00edodo de tiempo -tres d\u00edas a una semana-, revisar, animar y renovar lo que fue la Misi\u00f3n Popular.<br \/>\nSuele incluir: reuni\u00f3n de evaluaci\u00f3n con el p\u00e1rroco y los moderadores de las Comunidades Familiares; convocatoria (hasta tres d\u00edas) de las Comunidades Familiares que funcionaron durante la misi\u00f3n, tambi\u00e9n las que no han perseverado; oraci\u00f3n y eucarist\u00eda diaria; visita a los enfermos en sus casas; encuentro con los j\u00f3venes; celebraci\u00f3n con los ni\u00f1os; Misa de Comunidades. Aqu\u00ed existen diferentes experiencias y objetivos distintos.<\/li>\n<li>En \u00abgrandes misiones\u00bb pudieron quedar zonas o parroquias menos influenciadas por la misi\u00f3n. Un tiempo m\u00e1s tarde se da una nueva Misi\u00f3n Popular en aquel lugar, quiz\u00e1s tratando de corregir anteriores errores o de incidir en los aspectos que quedaron m\u00e1s flojos en \u00abun primer intento\u00bb.<\/li>\n<li>En otras ocasiones el v\u00ednculo que mantienen los misioneros se ci\u00f1e a momentos puntuales en los que son llamados. Suelen coincidir con fiestas importantes de la parroquia o bien en las programaci\u00f3n de las actividades. Se quiere \u00abrecuperar\u00bb algo de aquel <em>esp\u00edritu nuevo<\/em> que se vivi\u00f3 en la misi\u00f3n. No est\u00e1 exento aqu\u00ed el grado de amistad personal que dejaron los misioneros.<\/li>\n<li>Hay quienes desde el inicio de la preparaci\u00f3n de la misi\u00f3n, exponen un plan detallado (Anexo 2) de los contenidos y m\u00e9todos de la continuidad, que se considera plenamente parte de la acci\u00f3n a la que se comprometen mutuamente parroquia y Equipo Misionero. Los misioneros regresan: al mes, para la revisi\u00f3n de la misi\u00f3n y planificaci\u00f3n de la postmisi\u00f3n; a los seis meses, convocando a las Comunidades Familiares; y al a\u00f1o, para realizar una renovaci\u00f3n de la Misi\u00f3n.<\/li>\n<li>Hay tambi\u00e9n otras experiencias como las misiones de varios meses, pero yo no las conozco. Espero su aportaci\u00f3n.<\/li>\n<\/ol>\n<h2>Propuestas<\/h2>\n<p>Para que la acci\u00f3n de la Misi\u00f3n Popular beneficie durante tiempo a la comunidad lo m\u00e1s importante es que todos los fieles hayan quedado concienciados de la importancia de evangelizar y que, unidos a sus pastores, dirijan a ese fin las diversas acciones y campos de la parroquia. Y esto m\u00e1s all\u00e1 de la presencia de los misioneros e incluso del recuerdo expl\u00edcito de la misi\u00f3n.<\/p>\n<p>En este sentido se encaminan las diversas propuestas que presentamos a continuaci\u00f3n y que de una u otra manera ya han sido aplicadas, aunque por separado, en diversos lugares:<\/p>\n<p>La continuidad, (con sus agentes, medios, tiempos, din\u00e1micas, iniciativas, lugares) quede planificada antes de terminar el tiempo fuerte de la misi\u00f3n. En este sentido conviene que se pongan de acuerdo los misioneros con el sacerdote, ya antes del tiempo fuerte de la misi\u00f3n. Planificaci\u00f3n detallada debe contemplar:<\/p>\n<ul>\n<li>los pasos a dar y sus tiempos;<\/li>\n<li>personas encargadas para cada nueva tarea;<\/li>\n<li>regularidad de las reuniones;<\/li>\n<li>materiales a utilizar y otros medios;<\/li>\n<li>prever la pr\u00f3xima presencia, o no, de los misioneros;<\/li>\n<li>qui\u00e9n se encargar\u00e1 de preparar a los moderadores;<\/li>\n<li>asambleas parroquiales;<\/li>\n<li>qui\u00e9n convoca y cu\u00e1ndo a las Comunidades Familiares<\/li>\n<li>celebraciones, en los tiempos fuertes, con las Comunidades Familiares;<\/li>\n<li>revisiones de la misi\u00f3n y de la continuidad;<\/li>\n<li>convocar a aquellas personas que se ofrecieron para colaborar en los compromisos de la misi\u00f3n;<\/li>\n<li>dejar creado, al final de la misi\u00f3n, el <em>Equipo de Evangelizaci\u00f3n Permanente<\/em> (dando seguimiento al Consejo de Misi\u00f3n parroquial que funcion\u00f3 durante la preparaci\u00f3n y realizaci\u00f3n)<\/li>\n<\/ul>\n<p>En cada parroquia debe quedar creado el Equipo de Evangelizaci\u00f3n Permanente, que puede estar formado, en parte, por aquellos que pertenecieron al Consejo de Misi\u00f3n.<\/p>\n<p>Este Equipo es distinto del Consejo de Pastoral y de cualquier otro grupo o movimiento. En adelante tendr\u00e1 como finalidad:<\/p>\n<ul>\n<li>preocuparse de que la parroquia sea evangelizadora en todos sus campos (sea parroquia misionera)<\/li>\n<li>ser la \u00abconciencia misionera\u00bb de la parroquia<\/li>\n<li>suscitar nuevas iniciativas de evangelizaci\u00f3n<\/li>\n<li>pastoral de alejados<\/li>\n<li>la perseverancia de las Comunidades Familiares<\/li>\n<li>mantener y desarrollar aquellas aportaciones de la Misi\u00f3n Popular que enriquecieron la parroquia<\/li>\n<li>se ocupa tambi\u00e9n, de la colaboraci\u00f3n con las Misiones Ad Gentes<\/li>\n<\/ul>\n<p>Aunque ya ha sido citado anteriormente insistimos en la importancia que tiene una adecuada formaci\u00f3n de Agentes y preparaci\u00f3n de materiales.<\/p>\n<p>Como en todo \u00e1mbito de la vida, tambi\u00e9n son importantes los \u00abdetalles\u00bb humanos, como pueden ser: escribir (por ejemplo en Navidad) a las Comunidades Familiares, visitar a los sacerdotes, acudir a las fiestas parroquiales&#8230;<\/p>\n<p>En conexi\u00f3n con otra de las principales finalidades de la Congregaci\u00f3n de la Misi\u00f3n ser\u00eda muy conveniente reunir a los sacerdotes misionados cada cierto tiempo para un retiro o simplemente para un encuentro de revisi\u00f3n.<\/p>\n<p>Potenciando su <em>nueva <\/em>conciencia misionera se les puede pedir que recen por las nuevas misiones e incluso que colaboren.<\/p>\n<h3>Renovaci\u00f3n de Misi\u00f3n (tres d\u00edas)<\/h3>\n<table border=\"1\" width=\"917\" cellspacing=\"0\" cellpadding=\"0\">\n<tbody>\n<tr>\n<td valign=\"top\" width=\"206\">\n<h3>JUEVES<\/h3>\n<\/td>\n<td valign=\"top\" width=\"262\">\n<p align=\"center\"><strong>VIERNES<\/strong><\/p>\n<\/td>\n<td valign=\"top\" width=\"215\">\n<p align=\"center\"><strong>S\u00c1BADO<\/strong><\/p>\n<\/td>\n<td valign=\"top\" width=\"233\">\n<p align=\"center\"><strong> DOMINGO<\/strong><\/p>\n<\/td>\n<\/tr>\n<tr>\n<td valign=\"top\" width=\"206\">Llegada de los misioneros:Reuni\u00f3n con los agentes de pastoralComunidades Familiares<\/td>\n<td valign=\"top\" width=\"262\">Oraci\u00f3n y misa<\/td>\n<td valign=\"top\" width=\"215\">Oraci\u00f3n<\/td>\n<td valign=\"top\" width=\"233\">Misa con las Comunidades Familiares. (Asamblea Parroquial)Se pone en com\u00fan lo vivido.<\/td>\n<\/tr>\n<tr>\n<td valign=\"top\" width=\"206\"><\/td>\n<td valign=\"top\" width=\"262\">Visita enfermos<\/td>\n<td valign=\"top\" width=\"215\">Visita enfermos<\/td>\n<td valign=\"top\" width=\"233\"><\/td>\n<\/tr>\n<tr>\n<td valign=\"top\" width=\"206\"><\/td>\n<td valign=\"top\" width=\"262\">Comunidades Familiares<\/td>\n<td valign=\"top\" width=\"215\">Ni\u00f1os<\/td>\n<td valign=\"top\" width=\"233\"><\/td>\n<\/tr>\n<tr>\n<td valign=\"top\" width=\"206\"><\/td>\n<td valign=\"top\" width=\"262\">J\u00f3venes<\/td>\n<td valign=\"top\" width=\"215\">Matrimonios<\/td>\n<td valign=\"top\" width=\"233\"><\/td>\n<\/tr>\n<\/tbody>\n<\/table>\n<h3>Renovaci\u00f3n de Misi\u00f3n (una semana)<\/h3>\n<table border=\"1\" cellspacing=\"0\" cellpadding=\"0\">\n<tbody>\n<tr>\n<td valign=\"top\" width=\"103\">\n<p align=\"center\"><strong>DOMINGO<\/strong><\/p>\n<\/td>\n<td valign=\"top\" width=\"124\">\n<p align=\"center\"><strong>LUNES<\/strong><\/p>\n<\/td>\n<td valign=\"top\" width=\"127\">\n<p align=\"center\"><strong>MARTES<\/strong><\/p>\n<\/td>\n<td valign=\"top\" width=\"124\">\n<p align=\"center\"><strong>MI\u00c9RCOLES<\/strong><\/p>\n<\/td>\n<td valign=\"top\" width=\"124\">\n<p align=\"center\"><strong>JUEVES<\/strong><\/p>\n<\/td>\n<td valign=\"top\" width=\"125\">\n<p align=\"center\"><strong>VIERNES<\/strong><\/p>\n<\/td>\n<td valign=\"top\" width=\"85\">\n<p align=\"center\"><strong>S\u00c1BADO<\/strong><\/p>\n<\/td>\n<td valign=\"top\" width=\"103\">\n<p align=\"center\"><strong>DOMINGO<\/strong><\/p>\n<\/td>\n<\/tr>\n<tr>\n<td valign=\"top\" width=\"103\">Inicio de la Renovaci\u00f3n en la MisaParroquial<\/td>\n<td valign=\"top\" width=\"124\">Oraci\u00f3n y Misa<\/td>\n<td valign=\"top\" width=\"127\">Oraci\u00f3n y Misa<\/td>\n<td valign=\"top\" width=\"124\">Oraci\u00f3n y Misa<\/td>\n<td valign=\"top\" width=\"124\">Oraci\u00f3n y Misa<\/td>\n<td valign=\"top\" width=\"125\">Oraci\u00f3n y Misa<\/td>\n<td valign=\"top\" width=\"85\">Oraci\u00f3n<\/td>\n<td valign=\"top\" width=\"103\">MIsa de CCFF(Asamblea)Se pone en com\u00fan lo vivido<\/td>\n<\/tr>\n<tr>\n<td valign=\"top\" width=\"103\"><\/td>\n<td valign=\"top\" width=\"124\">Visita Enfermos<\/td>\n<td valign=\"top\" width=\"127\">Vosita Enfermos<\/td>\n<td valign=\"top\" width=\"124\">Visita Enfermos<\/td>\n<td valign=\"top\" width=\"124\">Visita Enfermos<\/td>\n<td valign=\"top\" width=\"125\">Visita Enfermos<\/td>\n<td valign=\"top\" width=\"85\">Fiesta Ni\u00f1os<\/td>\n<td valign=\"top\" width=\"103\"><\/td>\n<\/tr>\n<tr>\n<td valign=\"top\" width=\"103\">Reuni\u00f3n con los Agentes de pastoral<\/td>\n<td valign=\"top\" width=\"124\">Preparaci\u00f3n moderadores<\/td>\n<td valign=\"top\" width=\"127\">Comunidades Familiares<\/td>\n<td valign=\"top\" width=\"124\">Comunidades Familiares<\/td>\n<td valign=\"top\" width=\"124\">Comunidades Familiares<\/td>\n<td valign=\"top\" width=\"125\">Celebraci\u00f3n Penitencia<\/td>\n<td valign=\"top\" width=\"85\">Vigilia joven<\/td>\n<td valign=\"top\" width=\"103\"><\/td>\n<\/tr>\n<tr>\n<td valign=\"top\" width=\"103\"><\/td>\n<td valign=\"top\" width=\"124\">Ni\u00f1os<\/td>\n<td valign=\"top\" width=\"127\">J\u00f3venes (hasta 18 a\u00f1os)<\/td>\n<td valign=\"top\" width=\"124\">J\u00f3venes (hasta 18 a\u00f1os)<\/td>\n<td valign=\"top\" width=\"124\">Matrimonios<\/td>\n<td valign=\"top\" width=\"125\">J\u00f3venes (mayores de 18a\u00f1os)<\/td>\n<td valign=\"top\" width=\"85\"><\/td>\n<td valign=\"top\" width=\"103\"><\/td>\n<\/tr>\n<\/tbody>\n<\/table>\n<h3><strong>Plan de continuidad (una propuesta)<\/strong><\/h3>\n<p>Debe estar previsto ya desde la preparaci\u00f3n de la Misi\u00f3n. En su redacci\u00f3n intervienen junto, al p\u00e1rroco y el Consejo de Pastoral (que asumen su realizaci\u00f3n), los misioneros (que aportan su experiencia).<\/p>\n<ol>\n<li>La continuidad de la Misi\u00f3n ata\u00f1e a todos los miembros de la parroquia. Junto al p\u00e1rroco, D. ______________ se van a ocupar especialmente de ello:\n<ul>\n<li>&#8211; ______________<\/li>\n<li>&#8211; ______________<\/li>\n<\/ul>\n<\/li>\n<li>Como fruto de la inquietud evangelizadora vivida en la Misi\u00f3n Popular se crea el <em>Equipo de Evangelizaci\u00f3n Permanente<\/em>, formado por:\n<ul>\n<li>&#8211; ______________ &#8211; ______________<\/li>\n<li>&#8211; ______________ &#8211; ______________<\/li>\n<li>&#8211; ______________ &#8211; ______________<\/li>\n<li>&#8211; ______________ &#8211; ______________<\/li>\n<\/ul>\n<\/li>\n<li>Finalizada la misi\u00f3n:encuentro de revisi\u00f3n y aportaciones mutuas entre el Equipo Misionero y el Consejo de Pastoral.<\/li>\n<li>Durante los quince d\u00edas siguientes al final de la misi\u00f3n, se re\u00fane el Consejo de Pastoral Parroquial para:\n<ul>\n<li>revisar la Misi\u00f3n Popular, informando de sus conclusiones al Equipo Misionero<\/li>\n<li>disolver el Consejo de Misi\u00f3n y crear el Equipo de Evangelizaci\u00f3n Permanente<\/li>\n<li>acoger las iniciativas surgidas durante la Misi\u00f3n<\/li>\n<li>convocar, en pocos d\u00edas, las Comunidades Familiares<\/li>\n<li>aplicar a la pastoral ordinaria (sacramentos, enfermos, catequesis, matrimonios&#8230;) las novedades que la misi\u00f3n ha aportado en esos campos<\/li>\n<li>estudiar nuevas iniciativas que puedan confirmar la din\u00e1mica evangelizadora de la parroquia<\/li>\n<li>determinar qui\u00e9n se va a ocupar de la preparaci\u00f3n de los moderadores de las Comunidades Familiares<\/li>\n<\/ul>\n<\/li>\n<li>En los tiempos fuertes de la liturgia ser\u00e1n convocadas en Asamblea Celebrativa las Comunidades Familiares.<\/li>\n<li>La Renovaci\u00f3n de la Misi\u00f3n se tendr\u00e1, aproximadamente, al a\u00f1o.<\/li>\n<\/ol>\n","protected":false},"excerpt":{"rendered":"<p>Dime una cosa, y despu\u00e9s de la Misi\u00f3n Popular, \u00bfqu\u00e9 ha quedado?, preguntaba un compa\u00f1ero a un sacerdote en cuya parroquia hab\u00eda realizado una misi\u00f3n. \u00ab\u00bfY despu\u00e9s qu\u00e9?\u00bb nos preguntan tambi\u00e9n a nosotros. Nos puede &#8230; <a href=\"http:\/\/vincentians.com\/es\/importancia-de-la-continuidad-en-las-misiones-populares\/\" class=\"more-link\">Read More<\/a><\/p>\n","protected":false},"author":4,"featured_media":41930,"comment_status":"open","ping_status":"open","sticky":false,"template":"","format":"standard","meta":{"jetpack_post_was_ever_published":false,"_jetpack_newsletter_access":"","_jetpack_dont_email_post_to_subs":false,"_jetpack_newsletter_tier_id":0,"_jetpack_memberships_contains_paywalled_content":false,"_jetpack_memberships_contains_paid_content":false,"footnotes":"","jetpack_publicize_message":"","jetpack_publicize_feature_enabled":true,"jetpack_social_post_already_shared":true,"jetpack_social_options":{"image_generator_settings":{"template":"highway","default_image_id":0,"font":"","enabled":false},"version":2}},"categories":[201],"tags":[176],"class_list":["post-53414","post","type-post","status-publish","format-standard","has-post-thumbnail","hentry","category-misiones-ad-gentes","tag-misiones-populares"],"yoast_head":"<!-- This site is optimized with the Yoast SEO plugin v26.3 - https:\/\/yoast.com\/wordpress\/plugins\/seo\/ -->\n<title>Importancia de la continuidad en las Misiones Populares - Somos Vicencianos<\/title>\n<meta name=\"robots\" content=\"index, follow, max-snippet:-1, max-image-preview:large, max-video-preview:-1\" \/>\n<link rel=\"canonical\" href=\"http:\/\/vincentians.com\/es\/importancia-de-la-continuidad-en-las-misiones-populares\/\" \/>\n<meta property=\"og:locale\" content=\"es_ES\" \/>\n<meta property=\"og:type\" content=\"article\" \/>\n<meta property=\"og:title\" content=\"Importancia de la continuidad en las Misiones Populares - Somos Vicencianos\" \/>\n<meta property=\"og:description\" content=\"Dime una cosa, y despu\u00e9s de la Misi\u00f3n Popular, \u00bfqu\u00e9 ha quedado?, preguntaba un compa\u00f1ero a un sacerdote en cuya parroquia hab\u00eda realizado una misi\u00f3n. \u00ab\u00bfY despu\u00e9s qu\u00e9?\u00bb nos preguntan tambi\u00e9n a nosotros. Nos puede ... Read More\" \/>\n<meta property=\"og:url\" content=\"http:\/\/vincentians.com\/es\/importancia-de-la-continuidad-en-las-misiones-populares\/\" \/>\n<meta property=\"og:site_name\" content=\"Somos Vicencianos\" \/>\n<meta property=\"article:publisher\" content=\"https:\/\/www.facebook.com\/WeAreVincentians\/\" \/>\n<meta property=\"article:author\" content=\"https:\/\/www.facebook.com\/JavierChento\" \/>\n<meta property=\"article:published_time\" content=\"2015-06-09T01:15:22+00:00\" \/>\n<meta name=\"author\" content=\"Francisco Javier Fern\u00e1ndez Chento\" \/>\n<meta name=\"twitter:card\" content=\"summary_large_image\" \/>\n<meta name=\"twitter:creator\" content=\"@https:\/\/twitter.com\/javierchento\" \/>\n<meta name=\"twitter:site\" content=\"@WeVincentians\" \/>\n<meta name=\"twitter:label1\" content=\"Escrito por\" \/>\n\t<meta name=\"twitter:data1\" content=\"Francisco Javier Fern\u00e1ndez Chento\" \/>\n\t<meta name=\"twitter:label2\" content=\"Tiempo de lectura\" \/>\n\t<meta name=\"twitter:data2\" content=\"19 minutos\" \/>\n<script type=\"application\/ld+json\" class=\"yoast-schema-graph\">{\"@context\":\"https:\/\/schema.org\",\"@graph\":[{\"@type\":\"Article\",\"@id\":\"http:\/\/vincentians.com\/es\/importancia-de-la-continuidad-en-las-misiones-populares\/#article\",\"isPartOf\":{\"@id\":\"http:\/\/vincentians.com\/es\/importancia-de-la-continuidad-en-las-misiones-populares\/\"},\"author\":{\"name\":\"Francisco Javier Fern\u00e1ndez Chento\",\"@id\":\"http:\/\/vincentians.com\/es\/#\/schema\/person\/9623ef4d9aa3b2dfb8c061f1499288f2\"},\"headline\":\"Importancia de la continuidad en las Misiones Populares\",\"datePublished\":\"2015-06-09T01:15:22+00:00\",\"mainEntityOfPage\":{\"@id\":\"http:\/\/vincentians.com\/es\/importancia-de-la-continuidad-en-las-misiones-populares\/\"},\"wordCount\":3827,\"commentCount\":0,\"publisher\":{\"@id\":\"http:\/\/vincentians.com\/es\/#organization\"},\"image\":{\"@id\":\"http:\/\/vincentians.com\/es\/importancia-de-la-continuidad-en-las-misiones-populares\/#primaryimage\"},\"thumbnailUrl\":\"\",\"keywords\":[\"Misiones Populares\"],\"articleSection\":[\"Misiones \u00abAd gentes\u00bb\"],\"inLanguage\":\"es\",\"potentialAction\":[{\"@type\":\"CommentAction\",\"name\":\"Comment\",\"target\":[\"http:\/\/vincentians.com\/es\/importancia-de-la-continuidad-en-las-misiones-populares\/#respond\"]}]},{\"@type\":\"WebPage\",\"@id\":\"http:\/\/vincentians.com\/es\/importancia-de-la-continuidad-en-las-misiones-populares\/\",\"url\":\"http:\/\/vincentians.com\/es\/importancia-de-la-continuidad-en-las-misiones-populares\/\",\"name\":\"Importancia de la continuidad en las Misiones Populares - Somos Vicencianos\",\"isPartOf\":{\"@id\":\"http:\/\/vincentians.com\/es\/#website\"},\"primaryImageOfPage\":{\"@id\":\"http:\/\/vincentians.com\/es\/importancia-de-la-continuidad-en-las-misiones-populares\/#primaryimage\"},\"image\":{\"@id\":\"http:\/\/vincentians.com\/es\/importancia-de-la-continuidad-en-las-misiones-populares\/#primaryimage\"},\"thumbnailUrl\":\"\",\"datePublished\":\"2015-06-09T01:15:22+00:00\",\"breadcrumb\":{\"@id\":\"http:\/\/vincentians.com\/es\/importancia-de-la-continuidad-en-las-misiones-populares\/#breadcrumb\"},\"inLanguage\":\"es\",\"potentialAction\":[{\"@type\":\"ReadAction\",\"target\":[\"http:\/\/vincentians.com\/es\/importancia-de-la-continuidad-en-las-misiones-populares\/\"]}]},{\"@type\":\"ImageObject\",\"inLanguage\":\"es\",\"@id\":\"http:\/\/vincentians.com\/es\/importancia-de-la-continuidad-en-las-misiones-populares\/#primaryimage\",\"url\":\"\",\"contentUrl\":\"\"},{\"@type\":\"BreadcrumbList\",\"@id\":\"http:\/\/vincentians.com\/es\/importancia-de-la-continuidad-en-las-misiones-populares\/#breadcrumb\",\"itemListElement\":[{\"@type\":\"ListItem\",\"position\":1,\"name\":\"Portada\",\"item\":\"http:\/\/vincentians.com\/es\/\"},{\"@type\":\"ListItem\",\"position\":2,\"name\":\"Importancia de la continuidad en las Misiones Populares\"}]},{\"@type\":\"WebSite\",\"@id\":\"http:\/\/vincentians.com\/es\/#website\",\"url\":\"http:\/\/vincentians.com\/es\/\",\"name\":\"Somos Vicencianos\",\"description\":\"Know more to serve more\",\"publisher\":{\"@id\":\"http:\/\/vincentians.com\/es\/#organization\"},\"potentialAction\":[{\"@type\":\"SearchAction\",\"target\":{\"@type\":\"EntryPoint\",\"urlTemplate\":\"http:\/\/vincentians.com\/es\/?s={search_term_string}\"},\"query-input\":{\"@type\":\"PropertyValueSpecification\",\"valueRequired\":true,\"valueName\":\"search_term_string\"}}],\"inLanguage\":\"es\"},{\"@type\":\"Organization\",\"@id\":\"http:\/\/vincentians.com\/es\/#organization\",\"name\":\"The Vincentian Network\",\"url\":\"http:\/\/vincentians.com\/es\/\",\"logo\":{\"@type\":\"ImageObject\",\"inLanguage\":\"es\",\"@id\":\"http:\/\/vincentians.com\/es\/#\/schema\/logo\/image\/\",\"url\":\"https:\/\/i1.wp.com\/vincentians.com\/es\/wp-content\/uploads\/sites\/11\/2016\/06\/Vincentian-Network-logo-big.png?fit=778%2C778\",\"contentUrl\":\"https:\/\/i1.wp.com\/vincentians.com\/es\/wp-content\/uploads\/sites\/11\/2016\/06\/Vincentian-Network-logo-big.png?fit=778%2C778\",\"width\":778,\"height\":778,\"caption\":\"The Vincentian Network\"},\"image\":{\"@id\":\"http:\/\/vincentians.com\/es\/#\/schema\/logo\/image\/\"},\"sameAs\":[\"https:\/\/www.facebook.com\/WeAreVincentians\/\",\"https:\/\/x.com\/WeVincentians\"]},{\"@type\":\"Person\",\"@id\":\"http:\/\/vincentians.com\/es\/#\/schema\/person\/9623ef4d9aa3b2dfb8c061f1499288f2\",\"name\":\"Francisco Javier Fern\u00e1ndez Chento\",\"image\":{\"@type\":\"ImageObject\",\"inLanguage\":\"es\",\"@id\":\"http:\/\/vincentians.com\/es\/#\/schema\/person\/image\/\",\"url\":\"https:\/\/secure.gravatar.com\/avatar\/497d5cde87b4c3d097d0315953521681ba2cd523ee66e5077c3711f7021e65de?s=96&d=mm&r=g\",\"contentUrl\":\"https:\/\/secure.gravatar.com\/avatar\/497d5cde87b4c3d097d0315953521681ba2cd523ee66e5077c3711f7021e65de?s=96&d=mm&r=g\",\"caption\":\"Francisco Javier Fern\u00e1ndez Chento\"},\"description\":\"Director General y cofundador de La Red de Formaci\u00f3n Vicenciana. Javier es laico vicenciano, afiliado a la Congregaci\u00f3n de la Misi\u00f3n y miembro del Equipo de Misiones Populares de la provincia can\u00f3nica de Zaragoza (Espa\u00f1a) de la Congregaci\u00f3n de la Misi\u00f3n. Graduado en la Universidad Oberta de Catalunya con cuatro grados (Asistente de direcci\u00f3n, Gesti\u00f3n Administrativa, Recursos Humanos y Contabilidad Avanzada). Bil\u00edng\u00fce Espa\u00f1ol\/Ingl\u00e9s. gestiona y mantiene varias p\u00e1ginas web cristianas y vicencianas, incluida including La Red de Formaci\u00f3n Vicenciana, de la que es cofundador. Actualmente es responsable del \u00e1rea de Espa\u00f1ol de .famvin, la Red de Noticias de la Familia Vicenciana. Tambi\u00e9n es m\u00fasico cat\u00f3lico y ha editado varios discos. Es Director General y cofundador de Trovador, una reconocida compa\u00f1\u00eda discogr\u00e1fica critiana de Espa\u00f1a. Trabaja en las Tecnolog\u00edas de la Informaci\u00f3n, ofreciendo servicios de alojamiento, dise\u00f1o y mantenimiento Web, as\u00ed como asesoramiento, formaci\u00f3n y soluciones inform\u00e1ticas, gesti\u00f3n documental y digitalizaci\u00f3n de textos, edici\u00f3n y maquetaci\u00f3n de libros, revistas, flyers, etc.\",\"sameAs\":[\"http:\/\/chento.org\",\"https:\/\/www.facebook.com\/JavierChento\",\"https:\/\/x.com\/https:\/\/twitter.com\/javierchento\"],\"url\":\"http:\/\/vincentians.com\/es\/author\/chento\/\"}]}<\/script>\n<!-- \/ Yoast SEO plugin. -->","yoast_head_json":{"title":"Importancia de la continuidad en las Misiones Populares - Somos Vicencianos","robots":{"index":"index","follow":"follow","max-snippet":"max-snippet:-1","max-image-preview":"max-image-preview:large","max-video-preview":"max-video-preview:-1"},"canonical":"http:\/\/vincentians.com\/es\/importancia-de-la-continuidad-en-las-misiones-populares\/","og_locale":"es_ES","og_type":"article","og_title":"Importancia de la continuidad en las Misiones Populares - Somos Vicencianos","og_description":"Dime una cosa, y despu\u00e9s de la Misi\u00f3n Popular, \u00bfqu\u00e9 ha quedado?, preguntaba un compa\u00f1ero a un sacerdote en cuya parroquia hab\u00eda realizado una misi\u00f3n. \u00ab\u00bfY despu\u00e9s qu\u00e9?\u00bb nos preguntan tambi\u00e9n a nosotros. Nos puede ... Read More","og_url":"http:\/\/vincentians.com\/es\/importancia-de-la-continuidad-en-las-misiones-populares\/","og_site_name":"Somos Vicencianos","article_publisher":"https:\/\/www.facebook.com\/WeAreVincentians\/","article_author":"https:\/\/www.facebook.com\/JavierChento","article_published_time":"2015-06-09T01:15:22+00:00","author":"Francisco Javier Fern\u00e1ndez Chento","twitter_card":"summary_large_image","twitter_creator":"@https:\/\/twitter.com\/javierchento","twitter_site":"@WeVincentians","twitter_misc":{"Escrito por":"Francisco Javier Fern\u00e1ndez Chento","Tiempo de lectura":"19 minutos"},"schema":{"@context":"https:\/\/schema.org","@graph":[{"@type":"Article","@id":"http:\/\/vincentians.com\/es\/importancia-de-la-continuidad-en-las-misiones-populares\/#article","isPartOf":{"@id":"http:\/\/vincentians.com\/es\/importancia-de-la-continuidad-en-las-misiones-populares\/"},"author":{"name":"Francisco Javier Fern\u00e1ndez Chento","@id":"http:\/\/vincentians.com\/es\/#\/schema\/person\/9623ef4d9aa3b2dfb8c061f1499288f2"},"headline":"Importancia de la continuidad en las Misiones Populares","datePublished":"2015-06-09T01:15:22+00:00","mainEntityOfPage":{"@id":"http:\/\/vincentians.com\/es\/importancia-de-la-continuidad-en-las-misiones-populares\/"},"wordCount":3827,"commentCount":0,"publisher":{"@id":"http:\/\/vincentians.com\/es\/#organization"},"image":{"@id":"http:\/\/vincentians.com\/es\/importancia-de-la-continuidad-en-las-misiones-populares\/#primaryimage"},"thumbnailUrl":"","keywords":["Misiones Populares"],"articleSection":["Misiones \u00abAd gentes\u00bb"],"inLanguage":"es","potentialAction":[{"@type":"CommentAction","name":"Comment","target":["http:\/\/vincentians.com\/es\/importancia-de-la-continuidad-en-las-misiones-populares\/#respond"]}]},{"@type":"WebPage","@id":"http:\/\/vincentians.com\/es\/importancia-de-la-continuidad-en-las-misiones-populares\/","url":"http:\/\/vincentians.com\/es\/importancia-de-la-continuidad-en-las-misiones-populares\/","name":"Importancia de la continuidad en las Misiones Populares - Somos Vicencianos","isPartOf":{"@id":"http:\/\/vincentians.com\/es\/#website"},"primaryImageOfPage":{"@id":"http:\/\/vincentians.com\/es\/importancia-de-la-continuidad-en-las-misiones-populares\/#primaryimage"},"image":{"@id":"http:\/\/vincentians.com\/es\/importancia-de-la-continuidad-en-las-misiones-populares\/#primaryimage"},"thumbnailUrl":"","datePublished":"2015-06-09T01:15:22+00:00","breadcrumb":{"@id":"http:\/\/vincentians.com\/es\/importancia-de-la-continuidad-en-las-misiones-populares\/#breadcrumb"},"inLanguage":"es","potentialAction":[{"@type":"ReadAction","target":["http:\/\/vincentians.com\/es\/importancia-de-la-continuidad-en-las-misiones-populares\/"]}]},{"@type":"ImageObject","inLanguage":"es","@id":"http:\/\/vincentians.com\/es\/importancia-de-la-continuidad-en-las-misiones-populares\/#primaryimage","url":"","contentUrl":""},{"@type":"BreadcrumbList","@id":"http:\/\/vincentians.com\/es\/importancia-de-la-continuidad-en-las-misiones-populares\/#breadcrumb","itemListElement":[{"@type":"ListItem","position":1,"name":"Portada","item":"http:\/\/vincentians.com\/es\/"},{"@type":"ListItem","position":2,"name":"Importancia de la continuidad en las Misiones Populares"}]},{"@type":"WebSite","@id":"http:\/\/vincentians.com\/es\/#website","url":"http:\/\/vincentians.com\/es\/","name":"Somos Vicencianos","description":"Know more to serve more","publisher":{"@id":"http:\/\/vincentians.com\/es\/#organization"},"potentialAction":[{"@type":"SearchAction","target":{"@type":"EntryPoint","urlTemplate":"http:\/\/vincentians.com\/es\/?s={search_term_string}"},"query-input":{"@type":"PropertyValueSpecification","valueRequired":true,"valueName":"search_term_string"}}],"inLanguage":"es"},{"@type":"Organization","@id":"http:\/\/vincentians.com\/es\/#organization","name":"The Vincentian Network","url":"http:\/\/vincentians.com\/es\/","logo":{"@type":"ImageObject","inLanguage":"es","@id":"http:\/\/vincentians.com\/es\/#\/schema\/logo\/image\/","url":"https:\/\/i1.wp.com\/vincentians.com\/es\/wp-content\/uploads\/sites\/11\/2016\/06\/Vincentian-Network-logo-big.png?fit=778%2C778","contentUrl":"https:\/\/i1.wp.com\/vincentians.com\/es\/wp-content\/uploads\/sites\/11\/2016\/06\/Vincentian-Network-logo-big.png?fit=778%2C778","width":778,"height":778,"caption":"The Vincentian Network"},"image":{"@id":"http:\/\/vincentians.com\/es\/#\/schema\/logo\/image\/"},"sameAs":["https:\/\/www.facebook.com\/WeAreVincentians\/","https:\/\/x.com\/WeVincentians"]},{"@type":"Person","@id":"http:\/\/vincentians.com\/es\/#\/schema\/person\/9623ef4d9aa3b2dfb8c061f1499288f2","name":"Francisco Javier Fern\u00e1ndez Chento","image":{"@type":"ImageObject","inLanguage":"es","@id":"http:\/\/vincentians.com\/es\/#\/schema\/person\/image\/","url":"https:\/\/secure.gravatar.com\/avatar\/497d5cde87b4c3d097d0315953521681ba2cd523ee66e5077c3711f7021e65de?s=96&d=mm&r=g","contentUrl":"https:\/\/secure.gravatar.com\/avatar\/497d5cde87b4c3d097d0315953521681ba2cd523ee66e5077c3711f7021e65de?s=96&d=mm&r=g","caption":"Francisco Javier Fern\u00e1ndez Chento"},"description":"Director General y cofundador de La Red de Formaci\u00f3n Vicenciana. Javier es laico vicenciano, afiliado a la Congregaci\u00f3n de la Misi\u00f3n y miembro del Equipo de Misiones Populares de la provincia can\u00f3nica de Zaragoza (Espa\u00f1a) de la Congregaci\u00f3n de la Misi\u00f3n. Graduado en la Universidad Oberta de Catalunya con cuatro grados (Asistente de direcci\u00f3n, Gesti\u00f3n Administrativa, Recursos Humanos y Contabilidad Avanzada). Bil\u00edng\u00fce Espa\u00f1ol\/Ingl\u00e9s. gestiona y mantiene varias p\u00e1ginas web cristianas y vicencianas, incluida including La Red de Formaci\u00f3n Vicenciana, de la que es cofundador. Actualmente es responsable del \u00e1rea de Espa\u00f1ol de .famvin, la Red de Noticias de la Familia Vicenciana. Tambi\u00e9n es m\u00fasico cat\u00f3lico y ha editado varios discos. Es Director General y cofundador de Trovador, una reconocida compa\u00f1\u00eda discogr\u00e1fica critiana de Espa\u00f1a. Trabaja en las Tecnolog\u00edas de la Informaci\u00f3n, ofreciendo servicios de alojamiento, dise\u00f1o y mantenimiento Web, as\u00ed como asesoramiento, formaci\u00f3n y soluciones inform\u00e1ticas, gesti\u00f3n documental y digitalizaci\u00f3n de textos, edici\u00f3n y maquetaci\u00f3n de libros, revistas, flyers, etc.","sameAs":["http:\/\/chento.org","https:\/\/www.facebook.com\/JavierChento","https:\/\/x.com\/https:\/\/twitter.com\/javierchento"],"url":"http:\/\/vincentians.com\/es\/author\/chento\/"}]}},"jetpack_publicize_connections":[],"jetpack_featured_media_url":"","jetpack_sharing_enabled":true,"jetpack_shortlink":"https:\/\/wp.me\/p7ETMF-dTw","jetpack-related-posts":[{"id":114659,"url":"http:\/\/vincentians.com\/es\/en-torno-a-la-asamblea-general-1968\/","url_meta":{"origin":53414,"position":0},"title":"En torno a la Asamblea General (1968)","author":"Francisco Javier Fern\u00e1ndez Chento","date":"02\/12\/2012","format":false,"excerpt":"MISIONES Y PARROQUIAS Supuesto que est\u00e1 ya inminente la renovaci\u00f3n de los trabajos de la Asamblea general, con el presente art\u00edculo daremos por terminada la tarea que nos propusimos de hacer p\u00fablicas las opiniones de la Provincia en las mate\u00adrias que dicha Asamblea no hab\u00eda tratado en su primera etapa.\u2026","rel":"","context":"En \u00abCongregaci\u00f3n de la Misi\u00f3n\u00bb","block_context":{"text":"Congregaci\u00f3n de la Misi\u00f3n","link":"http:\/\/vincentians.com\/es\/category\/la-familia-vicenciana\/ramas\/congregacion-de-la-mision\/"},"img":{"alt_text":"","src":"https:\/\/i0.wp.com\/vicencianos.org\/wp-content\/2012\/10\/ESCUDOCM1-237x300.jpg?resize=350%2C200","width":350,"height":200},"classes":[]},{"id":48121,"url":"http:\/\/vincentians.com\/es\/las-misiones-populares-de-la-c-m-en-estados-unidos-aspectos-historicos\/","url_meta":{"origin":53414,"position":1},"title":"Las Misiones Populares de la C.M. en Estados Unidos. Aspectos hist\u00f3ricos","author":"Mitxel Olabu\u00e9naga","date":"29\/11\/2016","format":false,"excerpt":"Introducci\u00f3n Este ensayo hist\u00f3rico se basa principalmente en el trabajo del Dr. Douglas Slawson en el libro The American Vincentians. En su trabajo, Slawson (1988) indic\u00f3 que el apostolado de misiones populares era el hijastro de las provincias de Estados Unidos. Una interpretaci\u00f3n alternativa pudiera considerar a las misiones populares\u2026","rel":"","context":"En \u00abHistoria de la Congregaci\u00f3n de la Misi\u00f3n\u00bb","block_context":{"text":"Historia de la Congregaci\u00f3n de la Misi\u00f3n","link":"http:\/\/vincentians.com\/es\/category\/historia-de-la-familia-vicenciana\/historia-de-la-congregacion-de-la-mision\/"},"img":{"alt_text":"","src":"https:\/\/i0.wp.com\/vincentians.com\/es\/wp-content\/uploads\/sites\/11\/2016\/10\/ranquines.jpg?fit=1200%2C630&resize=350%2C200","width":350,"height":200,"srcset":"https:\/\/i0.wp.com\/vincentians.com\/es\/wp-content\/uploads\/sites\/11\/2016\/10\/ranquines.jpg?fit=1200%2C630&resize=350%2C200 1x, https:\/\/i0.wp.com\/vincentians.com\/es\/wp-content\/uploads\/sites\/11\/2016\/10\/ranquines.jpg?fit=1200%2C630&resize=525%2C300 1.5x, https:\/\/i0.wp.com\/vincentians.com\/es\/wp-content\/uploads\/sites\/11\/2016\/10\/ranquines.jpg?fit=1200%2C630&resize=700%2C400 2x, https:\/\/i0.wp.com\/vincentians.com\/es\/wp-content\/uploads\/sites\/11\/2016\/10\/ranquines.jpg?fit=1200%2C630&resize=1050%2C600 3x"},"classes":[]},{"id":118544,"url":"http:\/\/vincentians.com\/es\/vicente-de-paul-carta-1097-juan-le-vacher-sacerdote-de-la-mision-a-san-vicente\/","url_meta":{"origin":53414,"position":2},"title":"Vicente de Pa\u00fal, Carta 1097: Juan Le Vacher, Sacerdote De La Misi\u00f3n, A San Vicente","author":"Francisco Javier Fern\u00e1ndez Chento","date":"20\/03\/2013","format":false,"excerpt":"T\u00fanez, 1648. Entre los esclavos capturados por los corsarios y tra\u00eddos a T\u00fanez hab\u00eda dos muchachos, de unos quince a\u00f1os, uno franc\u00e9s y otro ingl\u00e9s; como las casas de sus amos estaban muy cerca, ten\u00edan oportunidad de verse con frecuencia; se amaban como hermanos. El ingl\u00e9s, convertido del luteranismo por\u2026","rel":"","context":"En \u00abEscritos de Vicente de Pa\u00fal\u00bb","block_context":{"text":"Escritos de Vicente de Pa\u00fal","link":"http:\/\/vincentians.com\/es\/category\/escritos\/escritos-de-vicente-de-paul\/"},"img":{"alt_text":"","src":"https:\/\/i0.wp.com\/vincentians.com\/es\/wp-content\/uploads\/sites\/11\/2016\/07\/escritos-vicente-de-paul.jpg?fit=1200%2C630&resize=350%2C200","width":350,"height":200,"srcset":"https:\/\/i0.wp.com\/vincentians.com\/es\/wp-content\/uploads\/sites\/11\/2016\/07\/escritos-vicente-de-paul.jpg?fit=1200%2C630&resize=350%2C200 1x, https:\/\/i0.wp.com\/vincentians.com\/es\/wp-content\/uploads\/sites\/11\/2016\/07\/escritos-vicente-de-paul.jpg?fit=1200%2C630&resize=525%2C300 1.5x, https:\/\/i0.wp.com\/vincentians.com\/es\/wp-content\/uploads\/sites\/11\/2016\/07\/escritos-vicente-de-paul.jpg?fit=1200%2C630&resize=700%2C400 2x, https:\/\/i0.wp.com\/vincentians.com\/es\/wp-content\/uploads\/sites\/11\/2016\/07\/escritos-vicente-de-paul.jpg?fit=1200%2C630&resize=1050%2C600 3x"},"classes":[]},{"id":103858,"url":"http:\/\/vincentians.com\/es\/vicente-de-paul-carta-0971-un-sacerdote-de-la-mision-a-san-vicente\/","url_meta":{"origin":53414,"position":3},"title":"Vicente de Pa\u00fal, Carta 0971: Un Sacerdote De La Misi\u00f3n A San Vicente","author":"Francisco Javier Fern\u00e1ndez Chento","date":"18\/09\/2012","format":false,"excerpt":"1647. La misi\u00f3n de G\u00e9mozac ha dado muy buenos resultados: siete u ocho herejes han abjurado de sus errores; otros les habr\u00edan imitado, si no hubieran tenido los impuestos de los principales del lugar, que son de la religi\u00f3n reformada. Los habitantes que no van a misa por respeto humano\u2026","rel":"","context":"En \u00abEscritos de Vicente de Pa\u00fal\u00bb","block_context":{"text":"Escritos de Vicente de Pa\u00fal","link":"http:\/\/vincentians.com\/es\/category\/escritos\/escritos-de-vicente-de-paul\/"},"img":{"alt_text":"","src":"https:\/\/i0.wp.com\/vincentians.com\/es\/wp-content\/uploads\/sites\/11\/2016\/07\/escritos-vicente-de-paul.jpg?fit=1200%2C630&resize=350%2C200","width":350,"height":200,"srcset":"https:\/\/i0.wp.com\/vincentians.com\/es\/wp-content\/uploads\/sites\/11\/2016\/07\/escritos-vicente-de-paul.jpg?fit=1200%2C630&resize=350%2C200 1x, https:\/\/i0.wp.com\/vincentians.com\/es\/wp-content\/uploads\/sites\/11\/2016\/07\/escritos-vicente-de-paul.jpg?fit=1200%2C630&resize=525%2C300 1.5x, https:\/\/i0.wp.com\/vincentians.com\/es\/wp-content\/uploads\/sites\/11\/2016\/07\/escritos-vicente-de-paul.jpg?fit=1200%2C630&resize=700%2C400 2x, https:\/\/i0.wp.com\/vincentians.com\/es\/wp-content\/uploads\/sites\/11\/2016\/07\/escritos-vicente-de-paul.jpg?fit=1200%2C630&resize=1050%2C600 3x"},"classes":[]},{"id":124197,"url":"http:\/\/vincentians.com\/es\/vicente-de-paul-el-fundador\/","url_meta":{"origin":53414,"position":4},"title":"Vicente de Pa\u00fal: El fundador","author":"Francisco Javier Fern\u00e1ndez Chento","date":"03\/03\/2023","format":false,"excerpt":"Por a\u00f1os, Vicente hab\u00eda compartido con sacerdotes y seglares su atenci\u00f3n a los pobres. Ahora empieza por reunir a estos compa\u00f1eros en una comunidad permanente. Es decir, como Jesucristo, o el ap\u00f3stol Pablo, empieza a juntar sacerdotes y ayudantes para que compartan no s\u00f3lo sus deberes sino tambi\u00e9n toda su\u2026","rel":"","context":"En \u00abVicente de Pa\u00fal\u00bb","block_context":{"text":"Vicente de Pa\u00fal","link":"http:\/\/vincentians.com\/es\/category\/la-familia-vicenciana\/fundadores\/vicente-de-paul\/"},"img":{"alt_text":"","src":"https:\/\/i0.wp.com\/vincentians.com\/es\/wp-content\/uploads\/sites\/11\/2013\/04\/d.jpg?fit=1200%2C799&resize=350%2C200","width":350,"height":200,"srcset":"https:\/\/i0.wp.com\/vincentians.com\/es\/wp-content\/uploads\/sites\/11\/2013\/04\/d.jpg?fit=1200%2C799&resize=350%2C200 1x, https:\/\/i0.wp.com\/vincentians.com\/es\/wp-content\/uploads\/sites\/11\/2013\/04\/d.jpg?fit=1200%2C799&resize=525%2C300 1.5x, https:\/\/i0.wp.com\/vincentians.com\/es\/wp-content\/uploads\/sites\/11\/2013\/04\/d.jpg?fit=1200%2C799&resize=700%2C400 2x, https:\/\/i0.wp.com\/vincentians.com\/es\/wp-content\/uploads\/sites\/11\/2013\/04\/d.jpg?fit=1200%2C799&resize=1050%2C600 3x"},"classes":[]},{"id":48689,"url":"http:\/\/vincentians.com\/es\/la-mision-popular-una-respuesta-vicenciana-para-la-nueva-evangelizacion\/","url_meta":{"origin":53414,"position":5},"title":"La misi\u00f3n popular: una respuesta vicenciana para la nueva evangelizaci\u00f3n","author":"Francisco Javier Fern\u00e1ndez Chento","date":"28\/12\/2016","format":false,"excerpt":"I - Introducci\u00f3n Padres y Hermanos de la Congregaci\u00f3n de la Misi\u00f3n, Hijas de la Caridad y Colaboradores Seglares de distintas partes del mundo reunidos durante casi un mes en Par\u00eds del 7 de Julio al 2 de Agosto de 1997 nos hemos reunido para compartir nuestras experiencias en el\u2026","rel":"","context":"En \u00abCongregaci\u00f3n de la Misi\u00f3n\u00bb","block_context":{"text":"Congregaci\u00f3n de la Misi\u00f3n","link":"http:\/\/vincentians.com\/es\/category\/la-familia-vicenciana\/ramas\/congregacion-de-la-mision\/"},"img":{"alt_text":"","src":"https:\/\/i0.wp.com\/vincentians.com\/es\/wp-content\/uploads\/sites\/11\/2016\/08\/encuentro-con-jesus.jpg?fit=1200%2C630&resize=350%2C200","width":350,"height":200,"srcset":"https:\/\/i0.wp.com\/vincentians.com\/es\/wp-content\/uploads\/sites\/11\/2016\/08\/encuentro-con-jesus.jpg?fit=1200%2C630&resize=350%2C200 1x, https:\/\/i0.wp.com\/vincentians.com\/es\/wp-content\/uploads\/sites\/11\/2016\/08\/encuentro-con-jesus.jpg?fit=1200%2C630&resize=525%2C300 1.5x, https:\/\/i0.wp.com\/vincentians.com\/es\/wp-content\/uploads\/sites\/11\/2016\/08\/encuentro-con-jesus.jpg?fit=1200%2C630&resize=700%2C400 2x, https:\/\/i0.wp.com\/vincentians.com\/es\/wp-content\/uploads\/sites\/11\/2016\/08\/encuentro-con-jesus.jpg?fit=1200%2C630&resize=1050%2C600 3x"},"classes":[]}],"_links":{"self":[{"href":"http:\/\/vincentians.com\/es\/wp-json\/wp\/v2\/posts\/53414","targetHints":{"allow":["GET"]}}],"collection":[{"href":"http:\/\/vincentians.com\/es\/wp-json\/wp\/v2\/posts"}],"about":[{"href":"http:\/\/vincentians.com\/es\/wp-json\/wp\/v2\/types\/post"}],"author":[{"embeddable":true,"href":"http:\/\/vincentians.com\/es\/wp-json\/wp\/v2\/users\/4"}],"replies":[{"embeddable":true,"href":"http:\/\/vincentians.com\/es\/wp-json\/wp\/v2\/comments?post=53414"}],"version-history":[{"count":0,"href":"http:\/\/vincentians.com\/es\/wp-json\/wp\/v2\/posts\/53414\/revisions"}],"wp:featuredmedia":[{"embeddable":true,"href":"http:\/\/vincentians.com\/es\/wp-json\/"}],"wp:attachment":[{"href":"http:\/\/vincentians.com\/es\/wp-json\/wp\/v2\/media?parent=53414"}],"wp:term":[{"taxonomy":"category","embeddable":true,"href":"http:\/\/vincentians.com\/es\/wp-json\/wp\/v2\/categories?post=53414"},{"taxonomy":"post_tag","embeddable":true,"href":"http:\/\/vincentians.com\/es\/wp-json\/wp\/v2\/tags?post=53414"}],"curies":[{"name":"wp","href":"https:\/\/api.w.org\/{rel}","templated":true}]}}