{"id":53279,"date":"2023-11-01T08:18:22","date_gmt":"2023-11-01T07:18:22","guid":{"rendered":"http:\/\/somos.vicencianos.org\/blog\/2011\/11\/el-mensaje-de-rue-du-bac-ii-carta-del-p-aladel-al-abate-le-guillou\/"},"modified":"2023-08-02T18:06:42","modified_gmt":"2023-08-02T16:06:42","slug":"el-mensaje-de-rue-du-bac-ii-carta-del-p-aladel-al-abate-le-guillou","status":"publish","type":"post","link":"http:\/\/vincentians.com\/es\/el-mensaje-de-rue-du-bac-ii-carta-del-p-aladel-al-abate-le-guillou\/","title":{"rendered":"El mensaje de Rue du Bac (II. Carta del P. Aladel al Abate Le Guillou)"},"content":{"rendered":"<p>Par\u00eds, 17 de marzo de 1834.<\/p>\n<p>\u00ab&#8230; Hacia finales del a\u00f1o 1830, Sor N&#8230;, novicia en una Co\u00admunidad de Par\u00eds consagrada al servicio de los pobres, hab\u00eda cre\u00eddo ver, durante la oraci\u00f3n, como en un cuadro, a la Sant\u00ed\u00adsima Virgen, tal como se la representa de ordinario bajo el t\u00ed\u00adtulo de la Inmaculada Concepci\u00f3n, en pie y con los brazos ex\u00adtendidos; de sus manos, como en haces, sal\u00edan rayor de un brillo deslumbrador; y oy\u00f3 estas palabras: <em>estos rayos son el s\u00edmbolo de las gracias que Mar\u00eda obtiene a los hombres. <\/em>Alredeaor de esta imagen ella le\u00eda, en caracteres de oro, esta peque\u00f1a invo\u00adcaci\u00f3n: <em>Oh, Mar\u00eda, concebida sin pecado, rogad por nosotros que recurrimos a vos. <\/em>Despu\u00e9s de haberlo considerado unos momen\u00adtos, este cuadro se dio la vuelta y en el reverso vio la letra \u00abM\u00bb con una cruz encima, y debajo los SS. CC. de Jes\u00fas y de Ma\u00adr\u00eda. Entonces la voz se hizo o\u00edr de nuevo y le dijo: <em>Hay que ha\u00adcer acu\u00f1ar una medalla seg\u00fan este modelo, y las personas que la lleven indulgenciada y digan con piedad esta peque\u00f1a oraci\u00f3n disfrutar\u00e1n de una protecci\u00f3n especial\u00edsima de la Madre de Dios. <\/em>Esta persona me lo comunic\u00f3 inmediatamente; pero os confieso que tom\u00e9 todo esto por una pura ilusi\u00f3n de su imaginaci\u00f3n pia\u00addosa, y me content\u00e9 con decirle algunas palabras sobre la ver\u00addadera devoci\u00f3n a Mar\u00eda, indic\u00e1ndole que imitar sus virtudes es el medio m\u00e1s seguro para honrarla y asegurarse su protecci\u00f3n. Ella se retir\u00f3, sin ocuparse m\u00e1s de lo que hab\u00eda visto. Unos seis meses m\u00e1s tarde tuvo la misma visi\u00f3n, y, habi\u00e9ndome dado cuenta de ella, yo pens\u00e9 y la trat\u00e9 como la primera vez. Por fin, despu\u00e9s de un intervalo igual, de seis meses, vio y oy\u00f3 por tercera vez las mismas cosas, pero la voz le dijo, adem\u00e1s, que <em>la Sant\u00edsima Virgen no estaba contenta de que as\u00ed se descuidara el hacer acu\u00ad\u00f1ar esta medalla.<\/em><\/p>\n<p>\u00abEsta vez yo no dej\u00e9 de atribuir al asunto cierta importancia, pero sin manifestarlo al exterior, <em>y <\/em>experiment\u00e9 un cierto temor de desagradar a aquella a quien la Iglesia llama, con justo t\u00edtu\u00adlo, \u00abrefugio de los pecadores\u00bb. Pero algunas semanas m\u00e1s tarde, habiendo tenido ocasi\u00f3n de ver a Monse\u00f1or el Arzobispo, la con\u00adversaci\u00f3n me dio oportunidad de comunicar a su Excelencia to\u00addos estos detalles, <em>y <\/em>Monse\u00f1or me dijo que no hab\u00eda inconve\u00adniente en hacer acu\u00f1ar esta medalla, ya que no ten\u00eda nada que no estuviera muy en conformidad con la fe de la Iglesia <em>y <\/em>con la piedad de los fieles para con la Madre de Dios, y que ella s\u00f3lo podr\u00eda contribuir a hacerla honrar.<\/p>\n<p>\u00abDespu\u00e9s de las palabras del venerable Prelado yo me resolv\u00ed a hacer acu\u00f1ar la Medalla. Algunos incidentes hicieron todav\u00eda retardar este proyecto hasta el mes de junio de 1832, fecha en que fue acu\u00f1ada seg\u00fan el modelo de que he tenido el honor de hablaros.<\/p>\n<p>\u00abOlvidaba deciros, Monse\u00f1or, que, en una de las tres visiones, la persona pregunt\u00f3 si hab\u00eda que poner algunas palabras en el lado en que estaba la letra \u00abM\u00bb, la cruz <em>y <\/em>los dos corazones, como las hab\u00eda en el otro lado; le fue respondido que no, porque estos objetos ya dec\u00edan bastante al alma piadosa.<\/p>\n<p>\u00abEsta Medalla comenz\u00f3 al principio a extenderse entre las Hi\u00adjas de la Caridad, que la dieron a algunos enfermos y moribun\u00addos obstinados en el mal. Se produjeron curaciones del todo asombrosas <em>y <\/em>conversiones que no lo eran menos. Entonces de todas partes pidieron estas Medallas, de modo que el n\u00famero de ellas ya proporcionado es incalculable.<\/p>\n<p>A&#8230;, sacerdote de la Misi\u00f3n.\u00bb<\/p>\n<p>Esta carta, densa de noticias, concisa <em>y <\/em>clara, sirvi\u00f3 al Abate Le Guillou de pr\u00f3logo a su obra sobre la Medalla. Para el estudio presente contiene un valor b\u00e1sico: fue el esquema de cuanto se dijo durante medio siglo. Conten\u00eda los datos suficientes de una par\u00e1bola, para crear un clima de doctrina y misterio. La ima\u00adginaci\u00f3n descriptiva pod\u00eda a\u00f1adir el color maravilloso de lo so\u00adbrenatural. El af\u00e1n de la ciencia encontraba un tema espiritual de discusi\u00f3n: las revelaciones privadas. Teol\u00f3gicamente avalaba el dogma de la Inmaculada Concepci\u00f3n, y devocionalmente abr\u00eda un respiro contra el materialismo, condenado por Gregorio XVI en 1832. No sabemos la reacci\u00f3n de Sor Catalina Labour\u00e9 cuando leyera esta carta. Seguramente consider\u00f3 que sus informes eran incompletos y parciales. Considerar\u00eda il\u00f3gico que se hablara \u00fani\u00adcamente de la \u00faltima parte de la visi\u00f3n, la de la Virgen con los brazos tendidos, y no de la primera, la de la Virgen con el globo en las manos. Pero en el fondo estar\u00eda contenta de ver que todo marchaba.<\/p>\n<p>Esta carta, pues, queda en el p\u00f3rtico de toda investigaci\u00f3n y de todo el movimiento surgido a ra\u00edz de las apariciones de 1830. No era tanto lo que dec\u00eda la carta cuanto lo que suger\u00eda.<\/p>\n","protected":false},"excerpt":{"rendered":"<p>Par\u00eds, 17 de marzo de 1834. \u00ab&#8230; Hacia finales del a\u00f1o 1830, Sor N&#8230;, novicia en una Co\u00admunidad de Par\u00eds consagrada al servicio de los pobres, hab\u00eda cre\u00eddo ver, durante la oraci\u00f3n, como en un &#8230; <a href=\"http:\/\/vincentians.com\/es\/el-mensaje-de-rue-du-bac-ii-carta-del-p-aladel-al-abate-le-guillou\/\" class=\"more-link\">Read More<\/a><\/p>\n","protected":false},"author":4,"featured_media":404259,"comment_status":"open","ping_status":"open","sticky":false,"template":"","format":"standard","meta":{"jetpack_post_was_ever_published":false,"_jetpack_newsletter_access":"","_jetpack_dont_email_post_to_subs":false,"_jetpack_newsletter_tier_id":0,"_jetpack_memberships_contains_paywalled_content":false,"_jetpack_memberships_contains_paid_content":false,"footnotes":"","jetpack_publicize_message":"","jetpack_publicize_feature_enabled":true,"jetpack_social_post_already_shared":true,"jetpack_social_options":{"image_generator_settings":{"template":"highway","default_image_id":0,"font":"","enabled":false},"version":2}},"categories":[8],"tags":[190],"class_list":["post-53279","post","type-post","status-publish","format-standard","has-post-thumbnail","hentry","category-virgen-maria","tag-rue-du-bac"],"yoast_head":"<!-- This site is optimized with the Yoast SEO plugin v26.3 - https:\/\/yoast.com\/wordpress\/plugins\/seo\/ -->\n<title>El mensaje de Rue du Bac (II. Carta del P. Aladel al Abate Le Guillou) - Somos Vicencianos<\/title>\n<meta name=\"robots\" content=\"index, follow, max-snippet:-1, max-image-preview:large, max-video-preview:-1\" \/>\n<link rel=\"canonical\" href=\"http:\/\/vincentians.com\/es\/el-mensaje-de-rue-du-bac-ii-carta-del-p-aladel-al-abate-le-guillou\/\" \/>\n<meta property=\"og:locale\" content=\"es_ES\" \/>\n<meta property=\"og:type\" content=\"article\" \/>\n<meta property=\"og:title\" content=\"El mensaje de Rue du Bac (II. Carta del P. Aladel al Abate Le Guillou) - Somos Vicencianos\" \/>\n<meta property=\"og:description\" content=\"Par\u00eds, 17 de marzo de 1834. \u00ab&#8230; Hacia finales del a\u00f1o 1830, Sor N&#8230;, novicia en una Co\u00admunidad de Par\u00eds consagrada al servicio de los pobres, hab\u00eda cre\u00eddo ver, durante la oraci\u00f3n, como en un ... Read More\" \/>\n<meta property=\"og:url\" content=\"http:\/\/vincentians.com\/es\/el-mensaje-de-rue-du-bac-ii-carta-del-p-aladel-al-abate-le-guillou\/\" \/>\n<meta property=\"og:site_name\" content=\"Somos Vicencianos\" \/>\n<meta property=\"article:publisher\" content=\"https:\/\/www.facebook.com\/WeAreVincentians\/\" \/>\n<meta property=\"article:author\" content=\"https:\/\/www.facebook.com\/JavierChento\" \/>\n<meta property=\"article:published_time\" content=\"2023-11-01T07:18:22+00:00\" \/>\n<meta property=\"og:image\" content=\"https:\/\/i0.wp.com\/vincentians.com\/es\/wp-content\/uploads\/sites\/11\/2022\/08\/imagen-1-2.jpg?fit=350%2C349\" \/>\n\t<meta property=\"og:image:width\" content=\"350\" \/>\n\t<meta property=\"og:image:height\" content=\"349\" \/>\n\t<meta property=\"og:image:type\" content=\"image\/jpeg\" \/>\n<meta name=\"author\" content=\"Francisco Javier Fern\u00e1ndez Chento\" \/>\n<meta name=\"twitter:card\" content=\"summary_large_image\" \/>\n<meta name=\"twitter:creator\" content=\"@https:\/\/twitter.com\/javierchento\" \/>\n<meta name=\"twitter:site\" content=\"@WeVincentians\" \/>\n<meta name=\"twitter:label1\" content=\"Escrito por\" \/>\n\t<meta name=\"twitter:data1\" content=\"Francisco Javier Fern\u00e1ndez Chento\" \/>\n\t<meta name=\"twitter:label2\" content=\"Tiempo de lectura\" \/>\n\t<meta name=\"twitter:data2\" content=\"4 minutos\" \/>\n<script type=\"application\/ld+json\" class=\"yoast-schema-graph\">{\"@context\":\"https:\/\/schema.org\",\"@graph\":[{\"@type\":\"Article\",\"@id\":\"http:\/\/vincentians.com\/es\/el-mensaje-de-rue-du-bac-ii-carta-del-p-aladel-al-abate-le-guillou\/#article\",\"isPartOf\":{\"@id\":\"http:\/\/vincentians.com\/es\/el-mensaje-de-rue-du-bac-ii-carta-del-p-aladel-al-abate-le-guillou\/\"},\"author\":{\"name\":\"Francisco Javier Fern\u00e1ndez Chento\",\"@id\":\"http:\/\/vincentians.com\/es\/#\/schema\/person\/9623ef4d9aa3b2dfb8c061f1499288f2\"},\"headline\":\"El mensaje de Rue du Bac (II. Carta del P. Aladel al Abate Le Guillou)\",\"datePublished\":\"2023-11-01T07:18:22+00:00\",\"mainEntityOfPage\":{\"@id\":\"http:\/\/vincentians.com\/es\/el-mensaje-de-rue-du-bac-ii-carta-del-p-aladel-al-abate-le-guillou\/\"},\"wordCount\":914,\"commentCount\":0,\"publisher\":{\"@id\":\"http:\/\/vincentians.com\/es\/#organization\"},\"image\":{\"@id\":\"http:\/\/vincentians.com\/es\/el-mensaje-de-rue-du-bac-ii-carta-del-p-aladel-al-abate-le-guillou\/#primaryimage\"},\"thumbnailUrl\":\"https:\/\/i0.wp.com\/vincentians.com\/es\/wp-content\/uploads\/sites\/11\/2022\/08\/imagen-1-2.jpg?fit=350%2C349\",\"keywords\":[\"Rue du Bac\"],\"articleSection\":[\"Virgen Mar\u00eda\"],\"inLanguage\":\"es\",\"potentialAction\":[{\"@type\":\"CommentAction\",\"name\":\"Comment\",\"target\":[\"http:\/\/vincentians.com\/es\/el-mensaje-de-rue-du-bac-ii-carta-del-p-aladel-al-abate-le-guillou\/#respond\"]}]},{\"@type\":\"WebPage\",\"@id\":\"http:\/\/vincentians.com\/es\/el-mensaje-de-rue-du-bac-ii-carta-del-p-aladel-al-abate-le-guillou\/\",\"url\":\"http:\/\/vincentians.com\/es\/el-mensaje-de-rue-du-bac-ii-carta-del-p-aladel-al-abate-le-guillou\/\",\"name\":\"El mensaje de Rue du Bac (II. Carta del P. Aladel al Abate Le Guillou) - Somos Vicencianos\",\"isPartOf\":{\"@id\":\"http:\/\/vincentians.com\/es\/#website\"},\"primaryImageOfPage\":{\"@id\":\"http:\/\/vincentians.com\/es\/el-mensaje-de-rue-du-bac-ii-carta-del-p-aladel-al-abate-le-guillou\/#primaryimage\"},\"image\":{\"@id\":\"http:\/\/vincentians.com\/es\/el-mensaje-de-rue-du-bac-ii-carta-del-p-aladel-al-abate-le-guillou\/#primaryimage\"},\"thumbnailUrl\":\"https:\/\/i0.wp.com\/vincentians.com\/es\/wp-content\/uploads\/sites\/11\/2022\/08\/imagen-1-2.jpg?fit=350%2C349\",\"datePublished\":\"2023-11-01T07:18:22+00:00\",\"breadcrumb\":{\"@id\":\"http:\/\/vincentians.com\/es\/el-mensaje-de-rue-du-bac-ii-carta-del-p-aladel-al-abate-le-guillou\/#breadcrumb\"},\"inLanguage\":\"es\",\"potentialAction\":[{\"@type\":\"ReadAction\",\"target\":[\"http:\/\/vincentians.com\/es\/el-mensaje-de-rue-du-bac-ii-carta-del-p-aladel-al-abate-le-guillou\/\"]}]},{\"@type\":\"ImageObject\",\"inLanguage\":\"es\",\"@id\":\"http:\/\/vincentians.com\/es\/el-mensaje-de-rue-du-bac-ii-carta-del-p-aladel-al-abate-le-guillou\/#primaryimage\",\"url\":\"https:\/\/i0.wp.com\/vincentians.com\/es\/wp-content\/uploads\/sites\/11\/2022\/08\/imagen-1-2.jpg?fit=350%2C349\",\"contentUrl\":\"https:\/\/i0.wp.com\/vincentians.com\/es\/wp-content\/uploads\/sites\/11\/2022\/08\/imagen-1-2.jpg?fit=350%2C349\",\"width\":350,\"height\":349},{\"@type\":\"BreadcrumbList\",\"@id\":\"http:\/\/vincentians.com\/es\/el-mensaje-de-rue-du-bac-ii-carta-del-p-aladel-al-abate-le-guillou\/#breadcrumb\",\"itemListElement\":[{\"@type\":\"ListItem\",\"position\":1,\"name\":\"Portada\",\"item\":\"http:\/\/vincentians.com\/es\/\"},{\"@type\":\"ListItem\",\"position\":2,\"name\":\"El mensaje de Rue du Bac (II. Carta del P. Aladel al Abate Le Guillou)\"}]},{\"@type\":\"WebSite\",\"@id\":\"http:\/\/vincentians.com\/es\/#website\",\"url\":\"http:\/\/vincentians.com\/es\/\",\"name\":\"Somos Vicencianos\",\"description\":\"Know more to serve more\",\"publisher\":{\"@id\":\"http:\/\/vincentians.com\/es\/#organization\"},\"potentialAction\":[{\"@type\":\"SearchAction\",\"target\":{\"@type\":\"EntryPoint\",\"urlTemplate\":\"http:\/\/vincentians.com\/es\/?s={search_term_string}\"},\"query-input\":{\"@type\":\"PropertyValueSpecification\",\"valueRequired\":true,\"valueName\":\"search_term_string\"}}],\"inLanguage\":\"es\"},{\"@type\":\"Organization\",\"@id\":\"http:\/\/vincentians.com\/es\/#organization\",\"name\":\"The Vincentian Network\",\"url\":\"http:\/\/vincentians.com\/es\/\",\"logo\":{\"@type\":\"ImageObject\",\"inLanguage\":\"es\",\"@id\":\"http:\/\/vincentians.com\/es\/#\/schema\/logo\/image\/\",\"url\":\"https:\/\/i1.wp.com\/vincentians.com\/es\/wp-content\/uploads\/sites\/11\/2016\/06\/Vincentian-Network-logo-big.png?fit=778%2C778\",\"contentUrl\":\"https:\/\/i1.wp.com\/vincentians.com\/es\/wp-content\/uploads\/sites\/11\/2016\/06\/Vincentian-Network-logo-big.png?fit=778%2C778\",\"width\":778,\"height\":778,\"caption\":\"The Vincentian Network\"},\"image\":{\"@id\":\"http:\/\/vincentians.com\/es\/#\/schema\/logo\/image\/\"},\"sameAs\":[\"https:\/\/www.facebook.com\/WeAreVincentians\/\",\"https:\/\/x.com\/WeVincentians\"]},{\"@type\":\"Person\",\"@id\":\"http:\/\/vincentians.com\/es\/#\/schema\/person\/9623ef4d9aa3b2dfb8c061f1499288f2\",\"name\":\"Francisco Javier Fern\u00e1ndez Chento\",\"image\":{\"@type\":\"ImageObject\",\"inLanguage\":\"es\",\"@id\":\"http:\/\/vincentians.com\/es\/#\/schema\/person\/image\/\",\"url\":\"https:\/\/secure.gravatar.com\/avatar\/497d5cde87b4c3d097d0315953521681ba2cd523ee66e5077c3711f7021e65de?s=96&d=mm&r=g\",\"contentUrl\":\"https:\/\/secure.gravatar.com\/avatar\/497d5cde87b4c3d097d0315953521681ba2cd523ee66e5077c3711f7021e65de?s=96&d=mm&r=g\",\"caption\":\"Francisco Javier Fern\u00e1ndez Chento\"},\"description\":\"Director General y cofundador de La Red de Formaci\u00f3n Vicenciana. Javier es laico vicenciano, afiliado a la Congregaci\u00f3n de la Misi\u00f3n y miembro del Equipo de Misiones Populares de la provincia can\u00f3nica de Zaragoza (Espa\u00f1a) de la Congregaci\u00f3n de la Misi\u00f3n. Graduado en la Universidad Oberta de Catalunya con cuatro grados (Asistente de direcci\u00f3n, Gesti\u00f3n Administrativa, Recursos Humanos y Contabilidad Avanzada). Bil\u00edng\u00fce Espa\u00f1ol\/Ingl\u00e9s. gestiona y mantiene varias p\u00e1ginas web cristianas y vicencianas, incluida including La Red de Formaci\u00f3n Vicenciana, de la que es cofundador. Actualmente es responsable del \u00e1rea de Espa\u00f1ol de .famvin, la Red de Noticias de la Familia Vicenciana. Tambi\u00e9n es m\u00fasico cat\u00f3lico y ha editado varios discos. Es Director General y cofundador de Trovador, una reconocida compa\u00f1\u00eda discogr\u00e1fica critiana de Espa\u00f1a. Trabaja en las Tecnolog\u00edas de la Informaci\u00f3n, ofreciendo servicios de alojamiento, dise\u00f1o y mantenimiento Web, as\u00ed como asesoramiento, formaci\u00f3n y soluciones inform\u00e1ticas, gesti\u00f3n documental y digitalizaci\u00f3n de textos, edici\u00f3n y maquetaci\u00f3n de libros, revistas, flyers, etc.\",\"sameAs\":[\"http:\/\/chento.org\",\"https:\/\/www.facebook.com\/JavierChento\",\"https:\/\/x.com\/https:\/\/twitter.com\/javierchento\"],\"url\":\"http:\/\/vincentians.com\/es\/author\/chento\/\"}]}<\/script>\n<!-- \/ Yoast SEO plugin. -->","yoast_head_json":{"title":"El mensaje de Rue du Bac (II. Carta del P. Aladel al Abate Le Guillou) - Somos Vicencianos","robots":{"index":"index","follow":"follow","max-snippet":"max-snippet:-1","max-image-preview":"max-image-preview:large","max-video-preview":"max-video-preview:-1"},"canonical":"http:\/\/vincentians.com\/es\/el-mensaje-de-rue-du-bac-ii-carta-del-p-aladel-al-abate-le-guillou\/","og_locale":"es_ES","og_type":"article","og_title":"El mensaje de Rue du Bac (II. Carta del P. Aladel al Abate Le Guillou) - Somos Vicencianos","og_description":"Par\u00eds, 17 de marzo de 1834. \u00ab&#8230; Hacia finales del a\u00f1o 1830, Sor N&#8230;, novicia en una Co\u00admunidad de Par\u00eds consagrada al servicio de los pobres, hab\u00eda cre\u00eddo ver, durante la oraci\u00f3n, como en un ... Read More","og_url":"http:\/\/vincentians.com\/es\/el-mensaje-de-rue-du-bac-ii-carta-del-p-aladel-al-abate-le-guillou\/","og_site_name":"Somos Vicencianos","article_publisher":"https:\/\/www.facebook.com\/WeAreVincentians\/","article_author":"https:\/\/www.facebook.com\/JavierChento","article_published_time":"2023-11-01T07:18:22+00:00","og_image":[{"width":350,"height":349,"url":"https:\/\/i0.wp.com\/vincentians.com\/es\/wp-content\/uploads\/sites\/11\/2022\/08\/imagen-1-2.jpg?fit=350%2C349","type":"image\/jpeg"}],"author":"Francisco Javier Fern\u00e1ndez Chento","twitter_card":"summary_large_image","twitter_creator":"@https:\/\/twitter.com\/javierchento","twitter_site":"@WeVincentians","twitter_misc":{"Escrito por":"Francisco Javier Fern\u00e1ndez Chento","Tiempo de lectura":"4 minutos"},"schema":{"@context":"https:\/\/schema.org","@graph":[{"@type":"Article","@id":"http:\/\/vincentians.com\/es\/el-mensaje-de-rue-du-bac-ii-carta-del-p-aladel-al-abate-le-guillou\/#article","isPartOf":{"@id":"http:\/\/vincentians.com\/es\/el-mensaje-de-rue-du-bac-ii-carta-del-p-aladel-al-abate-le-guillou\/"},"author":{"name":"Francisco Javier Fern\u00e1ndez Chento","@id":"http:\/\/vincentians.com\/es\/#\/schema\/person\/9623ef4d9aa3b2dfb8c061f1499288f2"},"headline":"El mensaje de Rue du Bac (II. Carta del P. Aladel al Abate Le Guillou)","datePublished":"2023-11-01T07:18:22+00:00","mainEntityOfPage":{"@id":"http:\/\/vincentians.com\/es\/el-mensaje-de-rue-du-bac-ii-carta-del-p-aladel-al-abate-le-guillou\/"},"wordCount":914,"commentCount":0,"publisher":{"@id":"http:\/\/vincentians.com\/es\/#organization"},"image":{"@id":"http:\/\/vincentians.com\/es\/el-mensaje-de-rue-du-bac-ii-carta-del-p-aladel-al-abate-le-guillou\/#primaryimage"},"thumbnailUrl":"https:\/\/i0.wp.com\/vincentians.com\/es\/wp-content\/uploads\/sites\/11\/2022\/08\/imagen-1-2.jpg?fit=350%2C349","keywords":["Rue du Bac"],"articleSection":["Virgen Mar\u00eda"],"inLanguage":"es","potentialAction":[{"@type":"CommentAction","name":"Comment","target":["http:\/\/vincentians.com\/es\/el-mensaje-de-rue-du-bac-ii-carta-del-p-aladel-al-abate-le-guillou\/#respond"]}]},{"@type":"WebPage","@id":"http:\/\/vincentians.com\/es\/el-mensaje-de-rue-du-bac-ii-carta-del-p-aladel-al-abate-le-guillou\/","url":"http:\/\/vincentians.com\/es\/el-mensaje-de-rue-du-bac-ii-carta-del-p-aladel-al-abate-le-guillou\/","name":"El mensaje de Rue du Bac (II. Carta del P. Aladel al Abate Le Guillou) - Somos Vicencianos","isPartOf":{"@id":"http:\/\/vincentians.com\/es\/#website"},"primaryImageOfPage":{"@id":"http:\/\/vincentians.com\/es\/el-mensaje-de-rue-du-bac-ii-carta-del-p-aladel-al-abate-le-guillou\/#primaryimage"},"image":{"@id":"http:\/\/vincentians.com\/es\/el-mensaje-de-rue-du-bac-ii-carta-del-p-aladel-al-abate-le-guillou\/#primaryimage"},"thumbnailUrl":"https:\/\/i0.wp.com\/vincentians.com\/es\/wp-content\/uploads\/sites\/11\/2022\/08\/imagen-1-2.jpg?fit=350%2C349","datePublished":"2023-11-01T07:18:22+00:00","breadcrumb":{"@id":"http:\/\/vincentians.com\/es\/el-mensaje-de-rue-du-bac-ii-carta-del-p-aladel-al-abate-le-guillou\/#breadcrumb"},"inLanguage":"es","potentialAction":[{"@type":"ReadAction","target":["http:\/\/vincentians.com\/es\/el-mensaje-de-rue-du-bac-ii-carta-del-p-aladel-al-abate-le-guillou\/"]}]},{"@type":"ImageObject","inLanguage":"es","@id":"http:\/\/vincentians.com\/es\/el-mensaje-de-rue-du-bac-ii-carta-del-p-aladel-al-abate-le-guillou\/#primaryimage","url":"https:\/\/i0.wp.com\/vincentians.com\/es\/wp-content\/uploads\/sites\/11\/2022\/08\/imagen-1-2.jpg?fit=350%2C349","contentUrl":"https:\/\/i0.wp.com\/vincentians.com\/es\/wp-content\/uploads\/sites\/11\/2022\/08\/imagen-1-2.jpg?fit=350%2C349","width":350,"height":349},{"@type":"BreadcrumbList","@id":"http:\/\/vincentians.com\/es\/el-mensaje-de-rue-du-bac-ii-carta-del-p-aladel-al-abate-le-guillou\/#breadcrumb","itemListElement":[{"@type":"ListItem","position":1,"name":"Portada","item":"http:\/\/vincentians.com\/es\/"},{"@type":"ListItem","position":2,"name":"El mensaje de Rue du Bac (II. Carta del P. Aladel al Abate Le Guillou)"}]},{"@type":"WebSite","@id":"http:\/\/vincentians.com\/es\/#website","url":"http:\/\/vincentians.com\/es\/","name":"Somos Vicencianos","description":"Know more to serve more","publisher":{"@id":"http:\/\/vincentians.com\/es\/#organization"},"potentialAction":[{"@type":"SearchAction","target":{"@type":"EntryPoint","urlTemplate":"http:\/\/vincentians.com\/es\/?s={search_term_string}"},"query-input":{"@type":"PropertyValueSpecification","valueRequired":true,"valueName":"search_term_string"}}],"inLanguage":"es"},{"@type":"Organization","@id":"http:\/\/vincentians.com\/es\/#organization","name":"The Vincentian Network","url":"http:\/\/vincentians.com\/es\/","logo":{"@type":"ImageObject","inLanguage":"es","@id":"http:\/\/vincentians.com\/es\/#\/schema\/logo\/image\/","url":"https:\/\/i1.wp.com\/vincentians.com\/es\/wp-content\/uploads\/sites\/11\/2016\/06\/Vincentian-Network-logo-big.png?fit=778%2C778","contentUrl":"https:\/\/i1.wp.com\/vincentians.com\/es\/wp-content\/uploads\/sites\/11\/2016\/06\/Vincentian-Network-logo-big.png?fit=778%2C778","width":778,"height":778,"caption":"The Vincentian Network"},"image":{"@id":"http:\/\/vincentians.com\/es\/#\/schema\/logo\/image\/"},"sameAs":["https:\/\/www.facebook.com\/WeAreVincentians\/","https:\/\/x.com\/WeVincentians"]},{"@type":"Person","@id":"http:\/\/vincentians.com\/es\/#\/schema\/person\/9623ef4d9aa3b2dfb8c061f1499288f2","name":"Francisco Javier Fern\u00e1ndez Chento","image":{"@type":"ImageObject","inLanguage":"es","@id":"http:\/\/vincentians.com\/es\/#\/schema\/person\/image\/","url":"https:\/\/secure.gravatar.com\/avatar\/497d5cde87b4c3d097d0315953521681ba2cd523ee66e5077c3711f7021e65de?s=96&d=mm&r=g","contentUrl":"https:\/\/secure.gravatar.com\/avatar\/497d5cde87b4c3d097d0315953521681ba2cd523ee66e5077c3711f7021e65de?s=96&d=mm&r=g","caption":"Francisco Javier Fern\u00e1ndez Chento"},"description":"Director General y cofundador de La Red de Formaci\u00f3n Vicenciana. Javier es laico vicenciano, afiliado a la Congregaci\u00f3n de la Misi\u00f3n y miembro del Equipo de Misiones Populares de la provincia can\u00f3nica de Zaragoza (Espa\u00f1a) de la Congregaci\u00f3n de la Misi\u00f3n. Graduado en la Universidad Oberta de Catalunya con cuatro grados (Asistente de direcci\u00f3n, Gesti\u00f3n Administrativa, Recursos Humanos y Contabilidad Avanzada). Bil\u00edng\u00fce Espa\u00f1ol\/Ingl\u00e9s. gestiona y mantiene varias p\u00e1ginas web cristianas y vicencianas, incluida including La Red de Formaci\u00f3n Vicenciana, de la que es cofundador. Actualmente es responsable del \u00e1rea de Espa\u00f1ol de .famvin, la Red de Noticias de la Familia Vicenciana. Tambi\u00e9n es m\u00fasico cat\u00f3lico y ha editado varios discos. Es Director General y cofundador de Trovador, una reconocida compa\u00f1\u00eda discogr\u00e1fica critiana de Espa\u00f1a. Trabaja en las Tecnolog\u00edas de la Informaci\u00f3n, ofreciendo servicios de alojamiento, dise\u00f1o y mantenimiento Web, as\u00ed como asesoramiento, formaci\u00f3n y soluciones inform\u00e1ticas, gesti\u00f3n documental y digitalizaci\u00f3n de textos, edici\u00f3n y maquetaci\u00f3n de libros, revistas, flyers, etc.","sameAs":["http:\/\/chento.org","https:\/\/www.facebook.com\/JavierChento","https:\/\/x.com\/https:\/\/twitter.com\/javierchento"],"url":"http:\/\/vincentians.com\/es\/author\/chento\/"}]}},"jetpack_publicize_connections":[],"jetpack_featured_media_url":"https:\/\/i0.wp.com\/vincentians.com\/es\/wp-content\/uploads\/sites\/11\/2022\/08\/imagen-1-2.jpg?fit=350%2C349","jetpack_sharing_enabled":true,"jetpack_shortlink":"https:\/\/wp.me\/p7ETMF-dRl","jetpack-related-posts":[{"id":53283,"url":"http:\/\/vincentians.com\/es\/el-mensaje-de-rue-du-bac-iv-palabras-de-la-virgen\/","url_meta":{"origin":53279,"position":0},"title":"El mensaje de Rue du Bac (IV. Palabras de la Virgen)","author":"Francisco Javier Fern\u00e1ndez Chento","date":"05\/11\/2023","format":false,"excerpt":"En M\u00edstica se habla de un lenguaje divino, de locuciones so\u00adbrenaturales, con el cual Dios manifiesta su pensamiento inefable a un alma. Esta comunicaci\u00f3n sobrenatural puede hacerse a tra\u00adv\u00e9s del o\u00eddo o de la imaginaci\u00f3n (fantas\u00eda), o por impresiones di\u00adrectas en el entendimiento. As\u00ed surge la cl\u00e1sica divisi\u00f3n de locu\u00adciones\u2026","rel":"","context":"En \u00abVirgen Mar\u00eda\u00bb","block_context":{"text":"Virgen Mar\u00eda","link":"http:\/\/vincentians.com\/es\/category\/espiritualidad\/virgen-maria\/"},"img":{"alt_text":"","src":"https:\/\/i0.wp.com\/vincentians.com\/es\/wp-content\/uploads\/sites\/11\/2022\/08\/imagen-1-2.jpg?fit=350%2C349&resize=350%2C200","width":350,"height":200},"classes":[]},{"id":2522,"url":"http:\/\/vincentians.com\/es\/una-relectura-del-mensaje-de-la-rue-du-bac-para-nuestro-tiempo\/","url_meta":{"origin":53279,"position":1},"title":"Una relectura del mensaje de la Rue du Bac para nuestro tiempo","author":"Francisco Javier Fern\u00e1ndez Chento","date":"23\/12\/2023","format":false,"excerpt":"Introducci\u00f3n No es \u00e9sta la primera vez que se pide a alguien tratar este tema. \u00bfC\u00f3mo actualizar el mensaje de la Rue du Bac?. La preocupaci\u00f3n por este enfoque surgi\u00f3 especialmente a partir de la celebraci\u00f3n del 150 aniversario de las apariciones de la Virgen a Santa Catalina y desde\u2026","rel":"","context":"En \u00abVirgen Mar\u00eda\u00bb","block_context":{"text":"Virgen Mar\u00eda","link":"http:\/\/vincentians.com\/es\/category\/espiritualidad\/virgen-maria\/"},"img":{"alt_text":"","src":"https:\/\/i0.wp.com\/vincentians.com\/es\/wp-content\/uploads\/sites\/11\/2013\/05\/La-milagrosa3.jpg?fit=670%2C430&resize=350%2C200","width":350,"height":200,"srcset":"https:\/\/i0.wp.com\/vincentians.com\/es\/wp-content\/uploads\/sites\/11\/2013\/05\/La-milagrosa3.jpg?fit=670%2C430&resize=350%2C200 1x, https:\/\/i0.wp.com\/vincentians.com\/es\/wp-content\/uploads\/sites\/11\/2013\/05\/La-milagrosa3.jpg?fit=670%2C430&resize=525%2C300 1.5x"},"classes":[]},{"id":53285,"url":"http:\/\/vincentians.com\/es\/el-mensaje-de-rue-du-bac-v-la-vision\/","url_meta":{"origin":53279,"position":2},"title":"El mensaje de Rue du Bac (V. La visi\u00f3n)","author":"Francisco Javier Fern\u00e1ndez Chento","date":"07\/11\/2023","format":false,"excerpt":"En los documentos primeros m\u00e1s autorizados se describen las revelaciones de la Virgen a Santa Catalina usando la palabra \"vi\u00adsi\u00f3n\" con preferencia a \"aparici\u00f3n\". Tanto el Padre Aladel como los Padres Etienne y Lamboley tienen frases como \u00e9stas: \"vio\", \"crey\u00f3 haber visto\", \"tuvo otra visi\u00f3n\", etc. As\u00ed puede leerse en\u2026","rel":"","context":"En \u00abVirgen Mar\u00eda\u00bb","block_context":{"text":"Virgen Mar\u00eda","link":"http:\/\/vincentians.com\/es\/category\/espiritualidad\/virgen-maria\/"},"img":{"alt_text":"","src":"https:\/\/i0.wp.com\/vincentians.com\/es\/wp-content\/uploads\/sites\/11\/2022\/08\/imagen-1-2.jpg?fit=350%2C349&resize=350%2C200","width":350,"height":200},"classes":[]},{"id":53281,"url":"http:\/\/vincentians.com\/es\/el-mensaje-de-rue-du-bac-iii-la-aparicion-se-repitio-muchas-veces\/","url_meta":{"origin":53279,"position":3},"title":"El mensaje de Rue du Bac (III. La aparici\u00f3n se repiti\u00f3 muchas veces)","author":"Francisco Javier Fern\u00e1ndez Chento","date":"03\/11\/2023","format":false,"excerpt":"Todos cuantos han escrito sobre la Medalla o sobre la vida de Santa Catalina Labour\u00e9 coinciden en afirmar que la aparici\u00f3n de la Virgen de los Rayos y tambi\u00e9n de la Virgen del Globo, ya que es la misma en fases distintas, se repiti\u00f3 varias veces. Pero, \u00bfcu\u00e1ntas? Joseph Dirvin,\u2026","rel":"","context":"En \u00abVirgen Mar\u00eda\u00bb","block_context":{"text":"Virgen Mar\u00eda","link":"http:\/\/vincentians.com\/es\/category\/espiritualidad\/virgen-maria\/"},"img":{"alt_text":"","src":"https:\/\/i0.wp.com\/vincentians.com\/es\/wp-content\/uploads\/sites\/11\/2022\/08\/imagen-1-2.jpg?fit=350%2C349&resize=350%2C200","width":350,"height":200},"classes":[]},{"id":53272,"url":"http:\/\/vincentians.com\/es\/el-mensaje-de-rue-du-bac-introduccion\/","url_meta":{"origin":53279,"position":4},"title":"El mensaje de Rue du Bac (Introducci\u00f3n)","author":"Francisco Javier Fern\u00e1ndez Chento","date":"27\/10\/2023","format":false,"excerpt":"Es dif\u00edcil precisar el significado y mensaje de las apariciones de la Virgen Mar\u00eda a Santa Catalina Labour\u00e9. Aunque fueron las primeras de todas las mariofan\u00edas modernas no han tenido a\u00fan ni un historiador ni un te\u00f3logo que las haya estudiado en profun\u00addidad. Cierto que las biograf\u00edas de la vidente\u2026","rel":"","context":"En \u00abVirgen Mar\u00eda\u00bb","block_context":{"text":"Virgen Mar\u00eda","link":"http:\/\/vincentians.com\/es\/category\/espiritualidad\/virgen-maria\/"},"img":{"alt_text":"","src":"https:\/\/i0.wp.com\/vincentians.com\/es\/wp-content\/uploads\/sites\/11\/2022\/08\/imagen-1-2.jpg?fit=350%2C349&resize=350%2C200","width":350,"height":200},"classes":[]},{"id":11920,"url":"http:\/\/vincentians.com\/es\/oracion-de-juan-pablo-ii-en-la-capilla-de-la-rue-du-bac\/","url_meta":{"origin":53279,"position":5},"title":"Oraci\u00f3n de Juan Pablo II en la Capilla de la Rue du Bac","author":"Francisco Javier Fern\u00e1ndez Chento","date":"23\/07\/2019","format":false,"excerpt":"\u00a1Bendita t\u00fa eres entre todas las mujeres! Has sido \u00edntimamente asociada a toda la obra de nuestra Redenci\u00f3n. Asociada a la Cruz de nuestro Salvador: T\u00fa coraz\u00f3n fue traspasado junto a su coraz\u00f3n. Y ahora, en la gloria de tu Hijo, no cesas de interceder por nosotros, pobres pecadores. Velas\u2026","rel":"","context":"En \u00abOraci\u00f3n\u00bb","block_context":{"text":"Oraci\u00f3n","link":"http:\/\/vincentians.com\/es\/category\/espiritualidad\/oracion\/"},"img":{"alt_text":"","src":"https:\/\/i0.wp.com\/vincentians.com\/es\/wp-content\/uploads\/sites\/11\/2016\/07\/test-juan-pablo-ii.jpg?fit=1200%2C630&resize=350%2C200","width":350,"height":200,"srcset":"https:\/\/i0.wp.com\/vincentians.com\/es\/wp-content\/uploads\/sites\/11\/2016\/07\/test-juan-pablo-ii.jpg?fit=1200%2C630&resize=350%2C200 1x, https:\/\/i0.wp.com\/vincentians.com\/es\/wp-content\/uploads\/sites\/11\/2016\/07\/test-juan-pablo-ii.jpg?fit=1200%2C630&resize=525%2C300 1.5x, https:\/\/i0.wp.com\/vincentians.com\/es\/wp-content\/uploads\/sites\/11\/2016\/07\/test-juan-pablo-ii.jpg?fit=1200%2C630&resize=700%2C400 2x, https:\/\/i0.wp.com\/vincentians.com\/es\/wp-content\/uploads\/sites\/11\/2016\/07\/test-juan-pablo-ii.jpg?fit=1200%2C630&resize=1050%2C600 3x"},"classes":[]}],"_links":{"self":[{"href":"http:\/\/vincentians.com\/es\/wp-json\/wp\/v2\/posts\/53279","targetHints":{"allow":["GET"]}}],"collection":[{"href":"http:\/\/vincentians.com\/es\/wp-json\/wp\/v2\/posts"}],"about":[{"href":"http:\/\/vincentians.com\/es\/wp-json\/wp\/v2\/types\/post"}],"author":[{"embeddable":true,"href":"http:\/\/vincentians.com\/es\/wp-json\/wp\/v2\/users\/4"}],"replies":[{"embeddable":true,"href":"http:\/\/vincentians.com\/es\/wp-json\/wp\/v2\/comments?post=53279"}],"version-history":[{"count":1,"href":"http:\/\/vincentians.com\/es\/wp-json\/wp\/v2\/posts\/53279\/revisions"}],"predecessor-version":[{"id":404885,"href":"http:\/\/vincentians.com\/es\/wp-json\/wp\/v2\/posts\/53279\/revisions\/404885"}],"wp:featuredmedia":[{"embeddable":true,"href":"http:\/\/vincentians.com\/es\/wp-json\/wp\/v2\/media\/404259"}],"wp:attachment":[{"href":"http:\/\/vincentians.com\/es\/wp-json\/wp\/v2\/media?parent=53279"}],"wp:term":[{"taxonomy":"category","embeddable":true,"href":"http:\/\/vincentians.com\/es\/wp-json\/wp\/v2\/categories?post=53279"},{"taxonomy":"post_tag","embeddable":true,"href":"http:\/\/vincentians.com\/es\/wp-json\/wp\/v2\/tags?post=53279"}],"curies":[{"name":"wp","href":"https:\/\/api.w.org\/{rel}","templated":true}]}}