{"id":53277,"date":"2023-10-29T08:30:22","date_gmt":"2023-10-29T07:30:22","guid":{"rendered":"http:\/\/somos.vicencianos.org\/blog\/2011\/11\/el-mensaje-de-rue-du-bac-i-nota-sobre-la-vidente\/"},"modified":"2023-08-02T18:05:44","modified_gmt":"2023-08-02T16:05:44","slug":"el-mensaje-de-rue-du-bac-i-nota-sobre-la-vidente","status":"publish","type":"post","link":"http:\/\/vincentians.com\/es\/el-mensaje-de-rue-du-bac-i-nota-sobre-la-vidente\/","title":{"rendered":"El mensaje de Rue du Bac (I. Nota sobre la vidente)"},"content":{"rendered":"<p>Zo\u00e9 Catalina, hija de Pedro Labour\u00e9 y Magdalena Gontard, na\u00adci\u00f3 el 2 de mayo de 1806 en Fain-les-Moutiers, de 200 habitantes, en la Costa de Oro francesa, di\u00f3cesis de Dijon. Su padre, ex-se\u00adminarista, y su madre, ex-maestra, cultivaban una extensa labran\u00adza, con doce jornaleros, al mismo tiempo que procuraban una educaci\u00f3n a sus hijos. De los diez que sobrevivieron, Zo\u00e9 fue la primera sin opci\u00f3n a estudiar: \u00abjustamente sab\u00eda leer y escribir\u00bb. As\u00ed lo atestiguan la ficha personal de su noviciado y sus escri\u00adtos aut\u00f3grafos.<\/p>\n<p>En 1815 muri\u00f3 su madre. Zo\u00e9 contaba tan s\u00f3lo nueve a\u00f1os y pronto sinti\u00f3 la soledad. Fue entonces cuando la vieron subirse a una silla para abrazar a la imagen de la Virgen y cuando la oye\u00adron decir: \u00abAhora t\u00fa ser\u00e1s mi \u00fanica madre.\u00bb En todas las biogra\u00adf\u00edas y en el proceso de beatificaci\u00f3n de la Santa se describen los detalles de este acontecimiento sencillo, pero revelador. Como pri\u00admera medida, para evitar esta soledad de sus peque\u00f1os, el se\u00f1or Pedro los envi\u00f3 a Saint-Remy, con los cuatro hijos de su herma\u00adna Margarita. La vida en Saint Remy era c\u00f3moda, divertida y alegre.<\/p>\n<p>Mar\u00eda Luisa, la hermana mayor de Zo\u00e9, ingres\u00f3 en las Hijas de la Caridad tres a\u00f1os despu\u00e9s, y, as\u00ed, Zo\u00e9 hubo de volver a casa para encargarse del traj\u00edn hogare\u00f1o. M\u00e1s tarde, venciendo los halagos de los pretendientes a su mano y la obstinaci\u00f3n de su padre, se decidi\u00f3 a seguir la misma vocaci\u00f3n. San Vicente se le hab\u00eda aparecido en sue\u00f1os para anunciarle su llamada. Entonces, el se\u00f1or Pedro, en un esfuerzo supremo por disuadirla, la envi\u00f3 a Par\u00eds, a ayudar a su hermano Carlos, que ten\u00eda una taberna. Pero todos eran de la misma madera: tozudos, perseve\u00adrantes y nobles. Zo\u00e9 persever\u00f3 en sus deseos. De sus a\u00f1os de ama de casa son las an\u00e9cdotas del palomar, donde mimaba a cientos de palomas.<\/p>\n<p>El hermano mayor, Humberto, se hab\u00eda casado con Juana Gon\u00adtard, prima de su madre, a quien se parec\u00eda. El pertenec\u00eda a la escolta de Carlos X. Viv\u00edan en Chatillon-sur-Sein, donde ella di\u00adrig\u00eda una escuela. Con el pretexto de que Zo\u00e9 aprendiera las co\u2022 sas elementales de leer y escribir se la llevaron a Chatillon. Pero all\u00ed Zo\u00e9 no se encontraba bien. Las chicas arist\u00f3cratas del colegio eran remilgadas, puntillosas, cursis; ella era sencilla, noble, abier\u00adta. Ellas, con su empaque eran elegantes pavos reales; ella, con su sencillez era callada paloma.<\/p>\n<p>Pero all\u00ed encontr\u00f3 la soluci\u00f3n a su vida. Su prima y cu\u00f1ada lo\u00adgr\u00f3 del se\u00f1or Pedro autorizaci\u00f3n para que Zo\u00e9 ingresara en el pos\u00adtulantado de las Hermanas, en Chatillon. El, sin embargo, man\u00adtendr\u00eda su oposici\u00f3n: no ir\u00eda a despedir a su hija ni permitir\u00eda que ella lo hiciera; tampoco pagar\u00eda la dote que entonces se exig\u00eda. Fueron Humberto y Juana quienes pagaron las 7.500 pe\u00adsetas de gastos. A fin de cuentas, lo sustancial estaba conse\u00adguido. Iba a cumplir, entonces, los veinticuatro a\u00f1os.<\/p>\n<p>En v\u00edsperas de la traslaci\u00f3n de las reliquias de San Vicente lleg\u00f3 al Seminario o Noviciado de Par\u00eds. Y all\u00ed pronto comenz\u00f3 a tener visiones, a diario, del coraz\u00f3n de San Vicente, de Cristo Rey, de la Cruz y, sobre todo, de la Virgen, a quien ella \u00abdesea\u00adba ver ardientemente\u00bb. De estas \u00faltimas visiones trata este li\u00adbro. Exteriormente no se distingu\u00eda de las dem\u00e1s novicias. Todo cuanto se pudo decir de ella es que era \u00abrobusta y parec\u00eda que\u00adrer ser buena\u00bb. Su director, a quien hab\u00eda comunicado sus vi\u00adsiones, ten\u00eda \u00f3rdenes de no decir nada sobre ella.<\/p>\n<p>Su primero y \u00faltimo destino fue la casa de ancianos de En\u00adghien, donde vivi\u00f3 cuarenta y cinco a\u00f1os de trabajo silencioso, en menesteres humildes: cocinera, portera y encargada de los an\u00adcianos y de la granja. No era extra\u00f1o verla sentada en un tabu\u00adrete orde\u00f1ando las vacas, con las mismas manos que hab\u00edan tocado a la Virgen, o tirando, escaleras arriba, de uno de los an\u00adcianos, que en sus salidas hab\u00eda bebido m\u00e1s de la cuenta.<\/p>\n<p>Much\u00edsimos millones de personas llevaban la medalla al cue\u00adllo. Todo el mundo hablaba de las apariciones de <em>Rue du Bac. <\/em>Pero nadie pod\u00eda se\u00f1alar con el dedo a la vidente. Viv\u00eda una vida oculta, con sus ojos azules atentos a las cosas. La milagrosa con\u00adversi\u00f3n, por la medalla, de Alfonso Ratisbona, ocurrida en Roma, en <em>Sant&#8217;Andrea della Fratte, <\/em>atrajo muchos curiosos a Par\u00eds. Lo mismo ocurri\u00f3 cuando Bernardita Soubirous afirm\u00f3 que la Vir\u00adgen se le hab\u00eda aparecido, sobre las rocas de Lourdes, en actitud de Virgen Milagrosa. Pero nadie pudo decir ante la gente: \u00abEsta es la vidente de <em>Rue du Bac\u00bb <\/em>a pesar de que sus visiones fueran las primeras de un siglo devocionalmente mariano.<\/p>\n<p>Mantenerse en silencio no fue una cosa f\u00e1cil. Mucho la hicie\u00adron penar su confesor, P. Aladel, y su superiora, Sor Dufes, por incomprensi\u00f3n, desconfianza y prueba. La imagen del Globo fue para Sor Catalina, seg\u00fan sus palabras, \u00abel tormento de su vida\u00bb. La medalla no se acu\u00f1\u00f3 a la hora ni de la forma que ella de\u00adseaba. El cumplimiento del mensaje, en una palabra, fue para ella un crisol purificador.<\/p>\n<p>Por si estos sufrimientos fueran pocos, su padre, con quien hab\u00eda hecho las paces a medias, muri\u00f3 antes de que ella profe\u00adsara. Su hermana Mar\u00eda Luisa, despu\u00e9s de haber sido superiora, colg\u00f3 los h\u00e1bitos, en 1834, y aunque volvi\u00f3 a tomarlos doce a\u00f1os despu\u00e9s, hizo sufrir mucho a Catalina. Ella hab\u00eda so\u00f1ado en ha\u00adcer los votos el d\u00eda en que su hermana los renovara. Derram\u00f3 l\u00e1grimas y escribi\u00f3 cartas con un lenguaje fuerte; pero hubo de esperar a\u00f1os amargos. Durante la revoluci\u00f3n de la <em>Commune, <\/em>Sor Catalina hubo de enfrentarse con los revolucionarios para defender a sus compa\u00f1eras. Un d\u00eda la hicieron comparecer ante el tribunal revolucionario, del que, afortunadamente, sali\u00f3 con plena libertad. De esta \u00e9poca son muchas de sus predicciones, algunas de las cuales no se cumplieron, por lo cual se corri\u00f3 la misma voz decepcionante que cuando los casos de amnesia: la vidente de la medalla ha perdido la memoria; ha perdido el jui\u00adcio. Lo cual llegaba a sus o\u00eddos y la hac\u00eda sufrir. A su superiora le dijo, en el \u00faltimo a\u00f1o de su vida: \u00abNo se preocupe porque digan que he perdido el juicio; no ser\u00eda la primera vez.\u00bb<\/p>\n<p>Que sepamos, fueron tres los confesores a quienes ella comu\u00adnic\u00f3 sus visiones: al P. Aladel, al P. Chinch\u00f3n y al P. Chevalier. El primero public\u00f3 la <em>Notice <\/em>acerca del origen de la medalla. Muri\u00f3 en 1865, y a la vidente le cost\u00f3 acostumbrarse al P. Chinch\u00f3n, que despu\u00e9s ser\u00eda testigo en el proceso de beatificaci\u00f3n. Testigo en el proceso tambi\u00e9n lo fue el P. Chevalier, reeditor de la <em>Notice, <\/em>en la cual incluye 50 p\u00e1ginas de biograf\u00eda de la vidente.<\/p>\n<p>De su sencillez y candor es bien significativo el hecho ocu\u00adrrido a la hora de la muerte. Sor Dufes, su \u00faltima superiora, se acerc\u00f3 a su lecho mortuorio y le susurr\u00f3: \u00abNo se olvide de ha\u00adcer mis pedidos y encargos en el cielo.\u00bb A lo que ella respon\u00addi\u00f3 agonizante: \u00abDe todo coraz\u00f3n lo har\u00eda, pero como siempre he sido tan tonta no acertar\u00e9 a explicarme, pues no s,1 c\u00f3mo se habla en el cielo.\u00bb Sencilla, humilde y trabajadora, no se desta\u00adc\u00f3 sino por su tes\u00f3n en el servicio al pobre y por su fiel obser\u00advancia de la Regla. La parte de herencia que le cupo en suerte la dedic\u00f3 a vocaciones sacerdotales y a misas para sus enfermos.<\/p>\n<p>La vidente muri\u00f3 el 31 de diciembre de 1876, cumpli\u00e9ndose su profec\u00eda: \u00abNo ver\u00e9 el nuevo a\u00f1o.\u00bb Su entierro se hizo en la crip\u00adta de la capilla de Reuilly, donde obr\u00f3, seg\u00fan dicen, varias cu\u00adraciones y donde se conserv\u00f3 su cuerpo incorrupto. Su silencio hizo exclamar a P\u00edo XI, que la beatific\u00f3: \u00abY pensar que un se\u00adcreto tal pudiera ser guardado durante cuarenta y cinco a\u00f1os por una mujer&#8230; \u00a1Oh, es un milagro! P\u00edo XII la canoniz\u00f3 el 28 de julio de 1947, bajo el t\u00edtulo de la <em>Santa del Silencio. <\/em>Gaetano di Sales, periodista internacional, meditando ante su tumba, ahora en <em>Rue du Bac, <\/em>justificaba esta canonizaci\u00f3n as\u00ed: \u00abYo quisiera poder volver a la vida a esta Hermana, en toda su brillantez es\u00adpiritual y su hermosura, y hacer hablar a su silencio. Quisiera hacer esto para que ella aparezca ante el mundo tal y como fue, para que todos los que soportan en silencio la cruz del deber, del trabajo y del ejemplo puedan ver que no sufren en vano.\u00bb<\/p>\n<p>El 1.\u00b0 de enero de 1878, la Superiora General dirigi\u00f3, seg\u00fan costumbre, una circular a las Hijas de la Caridad, y en ella hace unas <em>Observaciones sobre Zo\u00e9 Labour\u00e9, llamada Sor Catalina. <\/em>Era el comienzo de la poularizaci\u00f3n de una santa. Desafortuna\u00addamente no se ha hecho una historia cr\u00edtica de su vida, a pesar de que casi todos los a\u00f1os se publica alguna biograf\u00eda suya, de tipo popular <em>y <\/em>divulgador. Para darnos una idea de estos libros, oigamos algunos t\u00edtulos: <em>La vie secr\u00e9te de Catherine Labour\u00e9, <\/em>de Colette YVER; <em>La belle aventure de Catherine, <\/em>de Mar\u00eda WINOWSKA; <em>L&#8217;Evan gelista dell&#8217;Immacolata nel secolo <\/em>xix, de Salvatore PANE; <em>Le message du Coeur de Marie a Sainte Catherine Labour\u00e9, <\/em>de Edmond CRAPEZ; <em>Le silence de Catherine Labour\u00e9, <\/em>de Marie Th\u00e9\u00adr\u00e9se LOUIS-LEFEBVRE; <em>Estudio psicol\u00f3gico de Sor Catalina Labou\u00adr\u00e9, <\/em>de Justo JUNQUERA Ruiz; <em>Catherine Labour\u00e9 et les apparitions nioderns de la tras Sainte Vierge, <\/em>de Omer ENGLEBERT; <em>La premier confidente de l&#8217;Immacul\u00e9e, <\/em>de B. VILLERS-LANIAL; <em>Santa Caterina Labour\u00e9, la privilegiata de Mar\u00eda, <\/em>de Margherita NICOLI, por no citar m\u00e1s que unos cuantos. Pero niguno de estos libros puede considerarse para una investigaci\u00f3n seria; sus t\u00edtulos, algunos prometedores, no son m\u00e1s que la pantalla en que se expone des\u00adpu\u00e9s una biograf\u00eda de mascarilla. Estas biograf\u00edas cuentan, m\u00e1s que la vida de la vidente, la propagaci\u00f3n de la medalla y su aportaci\u00f3n doctrinal al dogma de la Inmaculada.<\/p>\n<p>Como biograf\u00edas m\u00e1s serias e informadas, sin llegar a cr\u00edticas, tenemos las de Edmond Crapez, Luden Misermont y Joseph Dirvin.<\/p>\n<p>Robusta, sana, sencilla, noble, trabajadora, silenciosa, jovial y de car\u00e1cter fuerte, casi explosivo, son las cualidades de la vi\u00addente de 1830.<\/p>\n<p>Por su vocaci\u00f3n religiosa conviene relacionarla con San Vi cente de Pa\u00fal. Aunque nacidos en dos rincones opuestos de Fran\u00adcia (\u00e9l era gasc\u00f3n <em>y <\/em>ella borgo\u00f1ona), ambos vieron la luz prime\u00adra en el campo. Ambos eran hijos de campesinos con terrenos propios. Ambos eran conscientes de la tierra y del cielo, de las monta\u00f1as <em>y <\/em>de las llanuras, de la lluvia y del sol. Ambos apren\u00addieron la misma lecci\u00f3n de paciencia en los bruscos cambios del tiempo. San Vicente y Santa Catalina aprendieron en el campo a esperar las obras de Dios con paso lento, pero seguro. Al buen sentido de ambos se un\u00eda la sagacidad de Vicente y la tozudez de Catalina.<\/p>\n<p><strong>Bibliograf\u00eda<\/strong><\/p>\n<p>LEQUETTE, Sor: <em>Circular del 1 de enero de <\/em>1878: <em>Remarques sur ma soeur Zo\u00e9 Labour\u00e9, dete soeur Catherine; <\/em>C HEVALIER, Jules (Ala-del): <em>La M\u00e9daille Miraculeuse, <\/em>10.a edic., p\u00e1gs. 1-52, Par\u00eds, 1895; DIRVIN, Joseph: <em>Saint Catherine Labour\u00e9, New <\/em>York, 1958; DELGADO, Jos\u00e9: <em>La Santa del Silencio, <\/em>edic., Madrid, 1966; CRAPEZ, Edmond: <em>La v\u00e9n\u00e9rable Catherine Labour\u00e9, <\/em>2.edic., Par\u00eds, 1911; <em>Beatificationis et canonizationis ven. servae Dei Catherine Labour\u00e9 Virginis e Societate <\/em><em>Puellarum Cari\u00ad<\/em><em>tatis S. Vincenti a Paulo <\/em>(4 vol\u00famenes de m\u00e1s de 800 p\u00e1gs.), Arch. de Roma; AASS 25 (1933) 161-63, 217-19; 367-71; 39 (1946) 443; 39 (1947) 378, 877-880; DAYDI, Leandro: <em>La bienaventurada Sor Catalina Labour\u00e9, Hija de la Caridad, <\/em>Barcelona, 1933; <em>Notas acerca de las Hijas de la Caridad difuntas, <\/em>versi\u00f3n castellana (Arch. PP. Pa\u00fales, Madrid); FRANCO, Vicente: <em>La sinfon\u00eda del silencio, <\/em>en \u00abLa Milagrosa\u00bb: (1949 5-8; 27-28; 40; 51-54; 83-88; 107-110.<\/p>\n","protected":false},"excerpt":{"rendered":"<p>Zo\u00e9 Catalina, hija de Pedro Labour\u00e9 y Magdalena Gontard, na\u00adci\u00f3 el 2 de mayo de 1806 en Fain-les-Moutiers, de 200 habitantes, en la Costa de Oro francesa, di\u00f3cesis de Dijon. Su padre, ex-se\u00adminarista, y su &#8230; <a href=\"http:\/\/vincentians.com\/es\/el-mensaje-de-rue-du-bac-i-nota-sobre-la-vidente\/\" class=\"more-link\">Read More<\/a><\/p>\n","protected":false},"author":4,"featured_media":404259,"comment_status":"open","ping_status":"open","sticky":false,"template":"","format":"standard","meta":{"jetpack_post_was_ever_published":false,"_jetpack_newsletter_access":"","_jetpack_dont_email_post_to_subs":false,"_jetpack_newsletter_tier_id":0,"_jetpack_memberships_contains_paywalled_content":false,"_jetpack_memberships_contains_paid_content":false,"footnotes":"","jetpack_publicize_message":"","jetpack_publicize_feature_enabled":true,"jetpack_social_post_already_shared":true,"jetpack_social_options":{"image_generator_settings":{"template":"highway","default_image_id":0,"font":"","enabled":false},"version":2}},"categories":[8],"tags":[173,182,190],"class_list":["post-53277","post","type-post","status-publish","format-standard","has-post-thumbnail","hentry","category-virgen-maria","tag-chatillon-les-dombes","tag-ratisbona","tag-rue-du-bac"],"yoast_head":"<!-- This site is optimized with the Yoast SEO plugin v26.3 - https:\/\/yoast.com\/wordpress\/plugins\/seo\/ -->\n<title>El mensaje de Rue du Bac (I. Nota sobre la vidente) - Somos Vicencianos<\/title>\n<meta name=\"robots\" content=\"index, follow, max-snippet:-1, max-image-preview:large, max-video-preview:-1\" \/>\n<link rel=\"canonical\" href=\"http:\/\/vincentians.com\/es\/el-mensaje-de-rue-du-bac-i-nota-sobre-la-vidente\/\" \/>\n<meta property=\"og:locale\" content=\"es_ES\" \/>\n<meta property=\"og:type\" content=\"article\" \/>\n<meta property=\"og:title\" content=\"El mensaje de Rue du Bac (I. Nota sobre la vidente) - Somos Vicencianos\" \/>\n<meta property=\"og:description\" content=\"Zo\u00e9 Catalina, hija de Pedro Labour\u00e9 y Magdalena Gontard, na\u00adci\u00f3 el 2 de mayo de 1806 en Fain-les-Moutiers, de 200 habitantes, en la Costa de Oro francesa, di\u00f3cesis de Dijon. Su padre, ex-se\u00adminarista, y su ... Read More\" \/>\n<meta property=\"og:url\" content=\"http:\/\/vincentians.com\/es\/el-mensaje-de-rue-du-bac-i-nota-sobre-la-vidente\/\" \/>\n<meta property=\"og:site_name\" content=\"Somos Vicencianos\" \/>\n<meta property=\"article:publisher\" content=\"https:\/\/www.facebook.com\/WeAreVincentians\/\" \/>\n<meta property=\"article:author\" content=\"https:\/\/www.facebook.com\/JavierChento\" \/>\n<meta property=\"article:published_time\" content=\"2023-10-29T07:30:22+00:00\" \/>\n<meta property=\"og:image\" content=\"https:\/\/i0.wp.com\/vincentians.com\/es\/wp-content\/uploads\/sites\/11\/2022\/08\/imagen-1-2.jpg?fit=350%2C349\" \/>\n\t<meta property=\"og:image:width\" content=\"350\" \/>\n\t<meta property=\"og:image:height\" content=\"349\" \/>\n\t<meta property=\"og:image:type\" content=\"image\/jpeg\" \/>\n<meta name=\"author\" content=\"Francisco Javier Fern\u00e1ndez Chento\" \/>\n<meta name=\"twitter:card\" content=\"summary_large_image\" \/>\n<meta name=\"twitter:creator\" content=\"@https:\/\/twitter.com\/javierchento\" \/>\n<meta name=\"twitter:site\" content=\"@WeVincentians\" \/>\n<meta name=\"twitter:label1\" content=\"Escrito por\" \/>\n\t<meta name=\"twitter:data1\" content=\"Francisco Javier Fern\u00e1ndez Chento\" \/>\n\t<meta name=\"twitter:label2\" content=\"Tiempo de lectura\" \/>\n\t<meta name=\"twitter:data2\" content=\"9 minutos\" \/>\n<script type=\"application\/ld+json\" class=\"yoast-schema-graph\">{\"@context\":\"https:\/\/schema.org\",\"@graph\":[{\"@type\":\"Article\",\"@id\":\"http:\/\/vincentians.com\/es\/el-mensaje-de-rue-du-bac-i-nota-sobre-la-vidente\/#article\",\"isPartOf\":{\"@id\":\"http:\/\/vincentians.com\/es\/el-mensaje-de-rue-du-bac-i-nota-sobre-la-vidente\/\"},\"author\":{\"name\":\"Francisco Javier Fern\u00e1ndez Chento\",\"@id\":\"http:\/\/vincentians.com\/es\/#\/schema\/person\/9623ef4d9aa3b2dfb8c061f1499288f2\"},\"headline\":\"El mensaje de Rue du Bac (I. Nota sobre la vidente)\",\"datePublished\":\"2023-10-29T07:30:22+00:00\",\"mainEntityOfPage\":{\"@id\":\"http:\/\/vincentians.com\/es\/el-mensaje-de-rue-du-bac-i-nota-sobre-la-vidente\/\"},\"wordCount\":2115,\"commentCount\":0,\"publisher\":{\"@id\":\"http:\/\/vincentians.com\/es\/#organization\"},\"image\":{\"@id\":\"http:\/\/vincentians.com\/es\/el-mensaje-de-rue-du-bac-i-nota-sobre-la-vidente\/#primaryimage\"},\"thumbnailUrl\":\"https:\/\/i0.wp.com\/vincentians.com\/es\/wp-content\/uploads\/sites\/11\/2022\/08\/imagen-1-2.jpg?fit=350%2C349\",\"keywords\":[\"Chatillon\",\"Ratisbona\",\"Rue du Bac\"],\"articleSection\":[\"Virgen Mar\u00eda\"],\"inLanguage\":\"es\",\"potentialAction\":[{\"@type\":\"CommentAction\",\"name\":\"Comment\",\"target\":[\"http:\/\/vincentians.com\/es\/el-mensaje-de-rue-du-bac-i-nota-sobre-la-vidente\/#respond\"]}]},{\"@type\":\"WebPage\",\"@id\":\"http:\/\/vincentians.com\/es\/el-mensaje-de-rue-du-bac-i-nota-sobre-la-vidente\/\",\"url\":\"http:\/\/vincentians.com\/es\/el-mensaje-de-rue-du-bac-i-nota-sobre-la-vidente\/\",\"name\":\"El mensaje de Rue du Bac (I. Nota sobre la vidente) - Somos Vicencianos\",\"isPartOf\":{\"@id\":\"http:\/\/vincentians.com\/es\/#website\"},\"primaryImageOfPage\":{\"@id\":\"http:\/\/vincentians.com\/es\/el-mensaje-de-rue-du-bac-i-nota-sobre-la-vidente\/#primaryimage\"},\"image\":{\"@id\":\"http:\/\/vincentians.com\/es\/el-mensaje-de-rue-du-bac-i-nota-sobre-la-vidente\/#primaryimage\"},\"thumbnailUrl\":\"https:\/\/i0.wp.com\/vincentians.com\/es\/wp-content\/uploads\/sites\/11\/2022\/08\/imagen-1-2.jpg?fit=350%2C349\",\"datePublished\":\"2023-10-29T07:30:22+00:00\",\"breadcrumb\":{\"@id\":\"http:\/\/vincentians.com\/es\/el-mensaje-de-rue-du-bac-i-nota-sobre-la-vidente\/#breadcrumb\"},\"inLanguage\":\"es\",\"potentialAction\":[{\"@type\":\"ReadAction\",\"target\":[\"http:\/\/vincentians.com\/es\/el-mensaje-de-rue-du-bac-i-nota-sobre-la-vidente\/\"]}]},{\"@type\":\"ImageObject\",\"inLanguage\":\"es\",\"@id\":\"http:\/\/vincentians.com\/es\/el-mensaje-de-rue-du-bac-i-nota-sobre-la-vidente\/#primaryimage\",\"url\":\"https:\/\/i0.wp.com\/vincentians.com\/es\/wp-content\/uploads\/sites\/11\/2022\/08\/imagen-1-2.jpg?fit=350%2C349\",\"contentUrl\":\"https:\/\/i0.wp.com\/vincentians.com\/es\/wp-content\/uploads\/sites\/11\/2022\/08\/imagen-1-2.jpg?fit=350%2C349\",\"width\":350,\"height\":349},{\"@type\":\"BreadcrumbList\",\"@id\":\"http:\/\/vincentians.com\/es\/el-mensaje-de-rue-du-bac-i-nota-sobre-la-vidente\/#breadcrumb\",\"itemListElement\":[{\"@type\":\"ListItem\",\"position\":1,\"name\":\"Portada\",\"item\":\"http:\/\/vincentians.com\/es\/\"},{\"@type\":\"ListItem\",\"position\":2,\"name\":\"El mensaje de Rue du Bac (I. Nota sobre la vidente)\"}]},{\"@type\":\"WebSite\",\"@id\":\"http:\/\/vincentians.com\/es\/#website\",\"url\":\"http:\/\/vincentians.com\/es\/\",\"name\":\"Somos Vicencianos\",\"description\":\"Know more to serve more\",\"publisher\":{\"@id\":\"http:\/\/vincentians.com\/es\/#organization\"},\"potentialAction\":[{\"@type\":\"SearchAction\",\"target\":{\"@type\":\"EntryPoint\",\"urlTemplate\":\"http:\/\/vincentians.com\/es\/?s={search_term_string}\"},\"query-input\":{\"@type\":\"PropertyValueSpecification\",\"valueRequired\":true,\"valueName\":\"search_term_string\"}}],\"inLanguage\":\"es\"},{\"@type\":\"Organization\",\"@id\":\"http:\/\/vincentians.com\/es\/#organization\",\"name\":\"The Vincentian Network\",\"url\":\"http:\/\/vincentians.com\/es\/\",\"logo\":{\"@type\":\"ImageObject\",\"inLanguage\":\"es\",\"@id\":\"http:\/\/vincentians.com\/es\/#\/schema\/logo\/image\/\",\"url\":\"https:\/\/i1.wp.com\/vincentians.com\/es\/wp-content\/uploads\/sites\/11\/2016\/06\/Vincentian-Network-logo-big.png?fit=778%2C778\",\"contentUrl\":\"https:\/\/i1.wp.com\/vincentians.com\/es\/wp-content\/uploads\/sites\/11\/2016\/06\/Vincentian-Network-logo-big.png?fit=778%2C778\",\"width\":778,\"height\":778,\"caption\":\"The Vincentian Network\"},\"image\":{\"@id\":\"http:\/\/vincentians.com\/es\/#\/schema\/logo\/image\/\"},\"sameAs\":[\"https:\/\/www.facebook.com\/WeAreVincentians\/\",\"https:\/\/x.com\/WeVincentians\"]},{\"@type\":\"Person\",\"@id\":\"http:\/\/vincentians.com\/es\/#\/schema\/person\/9623ef4d9aa3b2dfb8c061f1499288f2\",\"name\":\"Francisco Javier Fern\u00e1ndez Chento\",\"image\":{\"@type\":\"ImageObject\",\"inLanguage\":\"es\",\"@id\":\"http:\/\/vincentians.com\/es\/#\/schema\/person\/image\/\",\"url\":\"https:\/\/secure.gravatar.com\/avatar\/497d5cde87b4c3d097d0315953521681ba2cd523ee66e5077c3711f7021e65de?s=96&d=mm&r=g\",\"contentUrl\":\"https:\/\/secure.gravatar.com\/avatar\/497d5cde87b4c3d097d0315953521681ba2cd523ee66e5077c3711f7021e65de?s=96&d=mm&r=g\",\"caption\":\"Francisco Javier Fern\u00e1ndez Chento\"},\"description\":\"Director General y cofundador de La Red de Formaci\u00f3n Vicenciana. Javier es laico vicenciano, afiliado a la Congregaci\u00f3n de la Misi\u00f3n y miembro del Equipo de Misiones Populares de la provincia can\u00f3nica de Zaragoza (Espa\u00f1a) de la Congregaci\u00f3n de la Misi\u00f3n. Graduado en la Universidad Oberta de Catalunya con cuatro grados (Asistente de direcci\u00f3n, Gesti\u00f3n Administrativa, Recursos Humanos y Contabilidad Avanzada). Bil\u00edng\u00fce Espa\u00f1ol\/Ingl\u00e9s. gestiona y mantiene varias p\u00e1ginas web cristianas y vicencianas, incluida including La Red de Formaci\u00f3n Vicenciana, de la que es cofundador. Actualmente es responsable del \u00e1rea de Espa\u00f1ol de .famvin, la Red de Noticias de la Familia Vicenciana. Tambi\u00e9n es m\u00fasico cat\u00f3lico y ha editado varios discos. Es Director General y cofundador de Trovador, una reconocida compa\u00f1\u00eda discogr\u00e1fica critiana de Espa\u00f1a. Trabaja en las Tecnolog\u00edas de la Informaci\u00f3n, ofreciendo servicios de alojamiento, dise\u00f1o y mantenimiento Web, as\u00ed como asesoramiento, formaci\u00f3n y soluciones inform\u00e1ticas, gesti\u00f3n documental y digitalizaci\u00f3n de textos, edici\u00f3n y maquetaci\u00f3n de libros, revistas, flyers, etc.\",\"sameAs\":[\"http:\/\/chento.org\",\"https:\/\/www.facebook.com\/JavierChento\",\"https:\/\/x.com\/https:\/\/twitter.com\/javierchento\"],\"url\":\"http:\/\/vincentians.com\/es\/author\/chento\/\"}]}<\/script>\n<!-- \/ Yoast SEO plugin. -->","yoast_head_json":{"title":"El mensaje de Rue du Bac (I. Nota sobre la vidente) - Somos Vicencianos","robots":{"index":"index","follow":"follow","max-snippet":"max-snippet:-1","max-image-preview":"max-image-preview:large","max-video-preview":"max-video-preview:-1"},"canonical":"http:\/\/vincentians.com\/es\/el-mensaje-de-rue-du-bac-i-nota-sobre-la-vidente\/","og_locale":"es_ES","og_type":"article","og_title":"El mensaje de Rue du Bac (I. Nota sobre la vidente) - Somos Vicencianos","og_description":"Zo\u00e9 Catalina, hija de Pedro Labour\u00e9 y Magdalena Gontard, na\u00adci\u00f3 el 2 de mayo de 1806 en Fain-les-Moutiers, de 200 habitantes, en la Costa de Oro francesa, di\u00f3cesis de Dijon. Su padre, ex-se\u00adminarista, y su ... Read More","og_url":"http:\/\/vincentians.com\/es\/el-mensaje-de-rue-du-bac-i-nota-sobre-la-vidente\/","og_site_name":"Somos Vicencianos","article_publisher":"https:\/\/www.facebook.com\/WeAreVincentians\/","article_author":"https:\/\/www.facebook.com\/JavierChento","article_published_time":"2023-10-29T07:30:22+00:00","og_image":[{"width":350,"height":349,"url":"https:\/\/i0.wp.com\/vincentians.com\/es\/wp-content\/uploads\/sites\/11\/2022\/08\/imagen-1-2.jpg?fit=350%2C349","type":"image\/jpeg"}],"author":"Francisco Javier Fern\u00e1ndez Chento","twitter_card":"summary_large_image","twitter_creator":"@https:\/\/twitter.com\/javierchento","twitter_site":"@WeVincentians","twitter_misc":{"Escrito por":"Francisco Javier Fern\u00e1ndez Chento","Tiempo de lectura":"9 minutos"},"schema":{"@context":"https:\/\/schema.org","@graph":[{"@type":"Article","@id":"http:\/\/vincentians.com\/es\/el-mensaje-de-rue-du-bac-i-nota-sobre-la-vidente\/#article","isPartOf":{"@id":"http:\/\/vincentians.com\/es\/el-mensaje-de-rue-du-bac-i-nota-sobre-la-vidente\/"},"author":{"name":"Francisco Javier Fern\u00e1ndez Chento","@id":"http:\/\/vincentians.com\/es\/#\/schema\/person\/9623ef4d9aa3b2dfb8c061f1499288f2"},"headline":"El mensaje de Rue du Bac (I. Nota sobre la vidente)","datePublished":"2023-10-29T07:30:22+00:00","mainEntityOfPage":{"@id":"http:\/\/vincentians.com\/es\/el-mensaje-de-rue-du-bac-i-nota-sobre-la-vidente\/"},"wordCount":2115,"commentCount":0,"publisher":{"@id":"http:\/\/vincentians.com\/es\/#organization"},"image":{"@id":"http:\/\/vincentians.com\/es\/el-mensaje-de-rue-du-bac-i-nota-sobre-la-vidente\/#primaryimage"},"thumbnailUrl":"https:\/\/i0.wp.com\/vincentians.com\/es\/wp-content\/uploads\/sites\/11\/2022\/08\/imagen-1-2.jpg?fit=350%2C349","keywords":["Chatillon","Ratisbona","Rue du Bac"],"articleSection":["Virgen Mar\u00eda"],"inLanguage":"es","potentialAction":[{"@type":"CommentAction","name":"Comment","target":["http:\/\/vincentians.com\/es\/el-mensaje-de-rue-du-bac-i-nota-sobre-la-vidente\/#respond"]}]},{"@type":"WebPage","@id":"http:\/\/vincentians.com\/es\/el-mensaje-de-rue-du-bac-i-nota-sobre-la-vidente\/","url":"http:\/\/vincentians.com\/es\/el-mensaje-de-rue-du-bac-i-nota-sobre-la-vidente\/","name":"El mensaje de Rue du Bac (I. Nota sobre la vidente) - Somos Vicencianos","isPartOf":{"@id":"http:\/\/vincentians.com\/es\/#website"},"primaryImageOfPage":{"@id":"http:\/\/vincentians.com\/es\/el-mensaje-de-rue-du-bac-i-nota-sobre-la-vidente\/#primaryimage"},"image":{"@id":"http:\/\/vincentians.com\/es\/el-mensaje-de-rue-du-bac-i-nota-sobre-la-vidente\/#primaryimage"},"thumbnailUrl":"https:\/\/i0.wp.com\/vincentians.com\/es\/wp-content\/uploads\/sites\/11\/2022\/08\/imagen-1-2.jpg?fit=350%2C349","datePublished":"2023-10-29T07:30:22+00:00","breadcrumb":{"@id":"http:\/\/vincentians.com\/es\/el-mensaje-de-rue-du-bac-i-nota-sobre-la-vidente\/#breadcrumb"},"inLanguage":"es","potentialAction":[{"@type":"ReadAction","target":["http:\/\/vincentians.com\/es\/el-mensaje-de-rue-du-bac-i-nota-sobre-la-vidente\/"]}]},{"@type":"ImageObject","inLanguage":"es","@id":"http:\/\/vincentians.com\/es\/el-mensaje-de-rue-du-bac-i-nota-sobre-la-vidente\/#primaryimage","url":"https:\/\/i0.wp.com\/vincentians.com\/es\/wp-content\/uploads\/sites\/11\/2022\/08\/imagen-1-2.jpg?fit=350%2C349","contentUrl":"https:\/\/i0.wp.com\/vincentians.com\/es\/wp-content\/uploads\/sites\/11\/2022\/08\/imagen-1-2.jpg?fit=350%2C349","width":350,"height":349},{"@type":"BreadcrumbList","@id":"http:\/\/vincentians.com\/es\/el-mensaje-de-rue-du-bac-i-nota-sobre-la-vidente\/#breadcrumb","itemListElement":[{"@type":"ListItem","position":1,"name":"Portada","item":"http:\/\/vincentians.com\/es\/"},{"@type":"ListItem","position":2,"name":"El mensaje de Rue du Bac (I. Nota sobre la vidente)"}]},{"@type":"WebSite","@id":"http:\/\/vincentians.com\/es\/#website","url":"http:\/\/vincentians.com\/es\/","name":"Somos Vicencianos","description":"Know more to serve more","publisher":{"@id":"http:\/\/vincentians.com\/es\/#organization"},"potentialAction":[{"@type":"SearchAction","target":{"@type":"EntryPoint","urlTemplate":"http:\/\/vincentians.com\/es\/?s={search_term_string}"},"query-input":{"@type":"PropertyValueSpecification","valueRequired":true,"valueName":"search_term_string"}}],"inLanguage":"es"},{"@type":"Organization","@id":"http:\/\/vincentians.com\/es\/#organization","name":"The Vincentian Network","url":"http:\/\/vincentians.com\/es\/","logo":{"@type":"ImageObject","inLanguage":"es","@id":"http:\/\/vincentians.com\/es\/#\/schema\/logo\/image\/","url":"https:\/\/i1.wp.com\/vincentians.com\/es\/wp-content\/uploads\/sites\/11\/2016\/06\/Vincentian-Network-logo-big.png?fit=778%2C778","contentUrl":"https:\/\/i1.wp.com\/vincentians.com\/es\/wp-content\/uploads\/sites\/11\/2016\/06\/Vincentian-Network-logo-big.png?fit=778%2C778","width":778,"height":778,"caption":"The Vincentian Network"},"image":{"@id":"http:\/\/vincentians.com\/es\/#\/schema\/logo\/image\/"},"sameAs":["https:\/\/www.facebook.com\/WeAreVincentians\/","https:\/\/x.com\/WeVincentians"]},{"@type":"Person","@id":"http:\/\/vincentians.com\/es\/#\/schema\/person\/9623ef4d9aa3b2dfb8c061f1499288f2","name":"Francisco Javier Fern\u00e1ndez Chento","image":{"@type":"ImageObject","inLanguage":"es","@id":"http:\/\/vincentians.com\/es\/#\/schema\/person\/image\/","url":"https:\/\/secure.gravatar.com\/avatar\/497d5cde87b4c3d097d0315953521681ba2cd523ee66e5077c3711f7021e65de?s=96&d=mm&r=g","contentUrl":"https:\/\/secure.gravatar.com\/avatar\/497d5cde87b4c3d097d0315953521681ba2cd523ee66e5077c3711f7021e65de?s=96&d=mm&r=g","caption":"Francisco Javier Fern\u00e1ndez Chento"},"description":"Director General y cofundador de La Red de Formaci\u00f3n Vicenciana. Javier es laico vicenciano, afiliado a la Congregaci\u00f3n de la Misi\u00f3n y miembro del Equipo de Misiones Populares de la provincia can\u00f3nica de Zaragoza (Espa\u00f1a) de la Congregaci\u00f3n de la Misi\u00f3n. Graduado en la Universidad Oberta de Catalunya con cuatro grados (Asistente de direcci\u00f3n, Gesti\u00f3n Administrativa, Recursos Humanos y Contabilidad Avanzada). Bil\u00edng\u00fce Espa\u00f1ol\/Ingl\u00e9s. gestiona y mantiene varias p\u00e1ginas web cristianas y vicencianas, incluida including La Red de Formaci\u00f3n Vicenciana, de la que es cofundador. Actualmente es responsable del \u00e1rea de Espa\u00f1ol de .famvin, la Red de Noticias de la Familia Vicenciana. Tambi\u00e9n es m\u00fasico cat\u00f3lico y ha editado varios discos. Es Director General y cofundador de Trovador, una reconocida compa\u00f1\u00eda discogr\u00e1fica critiana de Espa\u00f1a. Trabaja en las Tecnolog\u00edas de la Informaci\u00f3n, ofreciendo servicios de alojamiento, dise\u00f1o y mantenimiento Web, as\u00ed como asesoramiento, formaci\u00f3n y soluciones inform\u00e1ticas, gesti\u00f3n documental y digitalizaci\u00f3n de textos, edici\u00f3n y maquetaci\u00f3n de libros, revistas, flyers, etc.","sameAs":["http:\/\/chento.org","https:\/\/www.facebook.com\/JavierChento","https:\/\/x.com\/https:\/\/twitter.com\/javierchento"],"url":"http:\/\/vincentians.com\/es\/author\/chento\/"}]}},"jetpack_publicize_connections":[],"jetpack_featured_media_url":"https:\/\/i0.wp.com\/vincentians.com\/es\/wp-content\/uploads\/sites\/11\/2022\/08\/imagen-1-2.jpg?fit=350%2C349","jetpack_sharing_enabled":true,"jetpack_shortlink":"https:\/\/wp.me\/p7ETMF-dRj","jetpack-related-posts":[{"id":28937,"url":"http:\/\/vincentians.com\/es\/la-supersticion-superada-rue-du-bac-2-catalina-campesina-de-borgona\/","url_meta":{"origin":53277,"position":0},"title":"La superstici\u00f3n superada. Rue du Bac. 2. Catalina, campesina de Borgo\u00f1a","author":"Francisco Javier Fern\u00e1ndez Chento","date":"20\/11\/2013","format":false,"excerpt":"2.\u00a0Catalina, campesina de Borgo\u00f1a A la salida de la autopista del Sur, se penetra en una pro\u00advincia de nombre po\u00e9tico. Situada en medio de las tierras, por paradoja, se llama la Costa de Oro, aunque no se ve ni mar ni oro. Pero su vi\u00f1edo tiene prestigio en Europa. A\u2026","rel":"","context":"En \u00abCatalina Labour\u00e9\u00bb","block_context":{"text":"Catalina Labour\u00e9","link":"http:\/\/vincentians.com\/es\/category\/la-familia-vicenciana\/la-familia-vicenciana-en-los-altares\/santos\/catalina-laboure\/"},"img":{"alt_text":"","src":"https:\/\/i0.wp.com\/vicencianos.org\/wp-content\/2009\/11\/Guatemala-casa-madre_JPG1-300x225.jpg?resize=350%2C200","width":350,"height":200},"classes":[]},{"id":17382,"url":"http:\/\/vincentians.com\/es\/santa-catalina-laboure-la-santa-del-silencio\/","url_meta":{"origin":53277,"position":1},"title":"Santa Catalina Labour\u00e9, la santa del silencio","author":"Francisco Javier Fern\u00e1ndez Chento","date":"25\/11\/2021","format":false,"excerpt":"Pedro Labour\u00e9 (ex-seminarista) y Luisa Magdalena Gontard, maestra del pueblo de Senaill\u00ed, se casan el 4 de junio de 1973. Son los d\u00edas malos de la revoluci\u00f3n francesa. En 1800 pasan a vivir a un pueblecito de la Borgo\u00f1a llamado Fain-les-\u00adMoutiers, a 60 km. de Dijon. All\u00ed cultivan una tierra\u2026","rel":"","context":"En \u00abCatalina Labour\u00e9\u00bb","block_context":{"text":"Catalina Labour\u00e9","link":"http:\/\/vincentians.com\/es\/category\/la-familia-vicenciana\/la-familia-vicenciana-en-los-altares\/santos\/catalina-laboure\/"},"img":{"alt_text":"","src":"https:\/\/i0.wp.com\/vincentians.com\/es\/wp-content\/uploads\/sites\/11\/2016\/11\/Catalina2.jpg?fit=1200%2C675&resize=350%2C200","width":350,"height":200,"srcset":"https:\/\/i0.wp.com\/vincentians.com\/es\/wp-content\/uploads\/sites\/11\/2016\/11\/Catalina2.jpg?fit=1200%2C675&resize=350%2C200 1x, https:\/\/i0.wp.com\/vincentians.com\/es\/wp-content\/uploads\/sites\/11\/2016\/11\/Catalina2.jpg?fit=1200%2C675&resize=525%2C300 1.5x, https:\/\/i0.wp.com\/vincentians.com\/es\/wp-content\/uploads\/sites\/11\/2016\/11\/Catalina2.jpg?fit=1200%2C675&resize=700%2C400 2x, https:\/\/i0.wp.com\/vincentians.com\/es\/wp-content\/uploads\/sites\/11\/2016\/11\/Catalina2.jpg?fit=1200%2C675&resize=1050%2C600 3x"},"classes":[]},{"id":28941,"url":"http:\/\/vincentians.com\/es\/la-supersticion-superada-rue-du-bac-3-la-primera-vision\/","url_meta":{"origin":53277,"position":2},"title":"La superstici\u00f3n superada. Rue du Bac. 3. La primera visi\u00f3n","author":"Francisco Javier Fern\u00e1ndez Chento","date":"21\/11\/2013","format":false,"excerpt":"3.\u00a0La primera visi\u00f3n Nos encontramos en la primavera del a\u00f1o 1830, antes de las famosas jornadas de julio, entonces tan imprevisibles. En la comunidad s\u00f3lo se habla de un acontecimiento, de una fiesta, fijada para el domingo 25 de abril, es decir, cuatro d\u00edas despu\u00e9s de la llegada de Zo\u00e9.\u2026","rel":"","context":"En \u00abCatalina Labour\u00e9\u00bb","block_context":{"text":"Catalina Labour\u00e9","link":"http:\/\/vincentians.com\/es\/category\/la-familia-vicenciana\/la-familia-vicenciana-en-los-altares\/santos\/catalina-laboure\/"},"img":{"alt_text":"","src":"https:\/\/i0.wp.com\/vicencianos.org\/wp-content\/2009\/11\/Guatemala-casa-madre_JPG1-300x225.jpg?resize=350%2C200","width":350,"height":200},"classes":[]},{"id":11920,"url":"http:\/\/vincentians.com\/es\/oracion-de-juan-pablo-ii-en-la-capilla-de-la-rue-du-bac\/","url_meta":{"origin":53277,"position":3},"title":"Oraci\u00f3n de Juan Pablo II en la Capilla de la Rue du Bac","author":"Francisco Javier Fern\u00e1ndez Chento","date":"23\/07\/2019","format":false,"excerpt":"\u00a1Bendita t\u00fa eres entre todas las mujeres! Has sido \u00edntimamente asociada a toda la obra de nuestra Redenci\u00f3n. Asociada a la Cruz de nuestro Salvador: T\u00fa coraz\u00f3n fue traspasado junto a su coraz\u00f3n. Y ahora, en la gloria de tu Hijo, no cesas de interceder por nosotros, pobres pecadores. Velas\u2026","rel":"","context":"En \u00abOraci\u00f3n\u00bb","block_context":{"text":"Oraci\u00f3n","link":"http:\/\/vincentians.com\/es\/category\/espiritualidad\/oracion\/"},"img":{"alt_text":"","src":"https:\/\/i0.wp.com\/vincentians.com\/es\/wp-content\/uploads\/sites\/11\/2016\/07\/test-juan-pablo-ii.jpg?fit=1200%2C630&resize=350%2C200","width":350,"height":200,"srcset":"https:\/\/i0.wp.com\/vincentians.com\/es\/wp-content\/uploads\/sites\/11\/2016\/07\/test-juan-pablo-ii.jpg?fit=1200%2C630&resize=350%2C200 1x, https:\/\/i0.wp.com\/vincentians.com\/es\/wp-content\/uploads\/sites\/11\/2016\/07\/test-juan-pablo-ii.jpg?fit=1200%2C630&resize=525%2C300 1.5x, https:\/\/i0.wp.com\/vincentians.com\/es\/wp-content\/uploads\/sites\/11\/2016\/07\/test-juan-pablo-ii.jpg?fit=1200%2C630&resize=700%2C400 2x, https:\/\/i0.wp.com\/vincentians.com\/es\/wp-content\/uploads\/sites\/11\/2016\/07\/test-juan-pablo-ii.jpg?fit=1200%2C630&resize=1050%2C600 3x"},"classes":[]},{"id":117065,"url":"http:\/\/vincentians.com\/es\/la-basilica-de-la-milagrosa-madrid-tiene-larga-historia\/","url_meta":{"origin":53277,"position":4},"title":"La Bas\u00edlica de La Milagrosa en Madrid tiene larga historia","author":"Mitxel Olabu\u00e9naga","date":"03\/08\/2021","format":false,"excerpt":"Con motivo de sus Bodas de Oro vocacionales, el P. Eladio Ar\u00adn\u00e1iz hizo un viaje a Roma, y durante su estancia en la ciudad, el Papa P\u00edo X le recibi\u00f3 en audiencia. Luego, a su regreso a Espa\u00f1a, como Director de las Hijas de la Caridad de la entonces enorme\u2026","rel":"","context":"En \u00abHistoria de la Congregaci\u00f3n de la Misi\u00f3n en Espa\u00f1a\u00bb","block_context":{"text":"Historia de la Congregaci\u00f3n de la Misi\u00f3n en Espa\u00f1a","link":"http:\/\/vincentians.com\/es\/category\/historia-de-la-familia-vicenciana\/historia-de-la-congregacion-de-la-mision-en-espana\/"},"img":{"alt_text":"","src":"https:\/\/i0.wp.com\/vincentians.com\/es\/wp-content\/uploads\/sites\/11\/2016\/09\/enviados-evangelizar-pobres.jpg?fit=1200%2C630&resize=350%2C200","width":350,"height":200,"srcset":"https:\/\/i0.wp.com\/vincentians.com\/es\/wp-content\/uploads\/sites\/11\/2016\/09\/enviados-evangelizar-pobres.jpg?fit=1200%2C630&resize=350%2C200 1x, https:\/\/i0.wp.com\/vincentians.com\/es\/wp-content\/uploads\/sites\/11\/2016\/09\/enviados-evangelizar-pobres.jpg?fit=1200%2C630&resize=525%2C300 1.5x, https:\/\/i0.wp.com\/vincentians.com\/es\/wp-content\/uploads\/sites\/11\/2016\/09\/enviados-evangelizar-pobres.jpg?fit=1200%2C630&resize=700%2C400 2x, https:\/\/i0.wp.com\/vincentians.com\/es\/wp-content\/uploads\/sites\/11\/2016\/09\/enviados-evangelizar-pobres.jpg?fit=1200%2C630&resize=1050%2C600 3x"},"classes":[]},{"id":53279,"url":"http:\/\/vincentians.com\/es\/el-mensaje-de-rue-du-bac-ii-carta-del-p-aladel-al-abate-le-guillou\/","url_meta":{"origin":53277,"position":5},"title":"El mensaje de Rue du Bac (II. Carta del P. Aladel al Abate Le Guillou)","author":"Francisco Javier Fern\u00e1ndez Chento","date":"01\/11\/2023","format":false,"excerpt":"Par\u00eds, 17 de marzo de 1834. \"... Hacia finales del a\u00f1o 1830, Sor N..., novicia en una Co\u00admunidad de Par\u00eds consagrada al servicio de los pobres, hab\u00eda cre\u00eddo ver, durante la oraci\u00f3n, como en un cuadro, a la Sant\u00ed\u00adsima Virgen, tal como se la representa de ordinario bajo el t\u00ed\u00adtulo\u2026","rel":"","context":"En \u00abVirgen Mar\u00eda\u00bb","block_context":{"text":"Virgen Mar\u00eda","link":"http:\/\/vincentians.com\/es\/category\/espiritualidad\/virgen-maria\/"},"img":{"alt_text":"","src":"https:\/\/i0.wp.com\/vincentians.com\/es\/wp-content\/uploads\/sites\/11\/2022\/08\/imagen-1-2.jpg?fit=350%2C349&resize=350%2C200","width":350,"height":200},"classes":[]}],"_links":{"self":[{"href":"http:\/\/vincentians.com\/es\/wp-json\/wp\/v2\/posts\/53277","targetHints":{"allow":["GET"]}}],"collection":[{"href":"http:\/\/vincentians.com\/es\/wp-json\/wp\/v2\/posts"}],"about":[{"href":"http:\/\/vincentians.com\/es\/wp-json\/wp\/v2\/types\/post"}],"author":[{"embeddable":true,"href":"http:\/\/vincentians.com\/es\/wp-json\/wp\/v2\/users\/4"}],"replies":[{"embeddable":true,"href":"http:\/\/vincentians.com\/es\/wp-json\/wp\/v2\/comments?post=53277"}],"version-history":[{"count":1,"href":"http:\/\/vincentians.com\/es\/wp-json\/wp\/v2\/posts\/53277\/revisions"}],"predecessor-version":[{"id":404884,"href":"http:\/\/vincentians.com\/es\/wp-json\/wp\/v2\/posts\/53277\/revisions\/404884"}],"wp:featuredmedia":[{"embeddable":true,"href":"http:\/\/vincentians.com\/es\/wp-json\/wp\/v2\/media\/404259"}],"wp:attachment":[{"href":"http:\/\/vincentians.com\/es\/wp-json\/wp\/v2\/media?parent=53277"}],"wp:term":[{"taxonomy":"category","embeddable":true,"href":"http:\/\/vincentians.com\/es\/wp-json\/wp\/v2\/categories?post=53277"},{"taxonomy":"post_tag","embeddable":true,"href":"http:\/\/vincentians.com\/es\/wp-json\/wp\/v2\/tags?post=53277"}],"curies":[{"name":"wp","href":"https:\/\/api.w.org\/{rel}","templated":true}]}}