{"id":53191,"date":"2024-09-23T08:50:12","date_gmt":"2024-09-23T06:50:12","guid":{"rendered":"http:\/\/somos.vicencianos.org\/?p=53191"},"modified":"2024-08-16T13:38:25","modified_gmt":"2024-08-16T11:38:25","slug":"gobierno-de-la-congregacion-segun-las-nuevas-constituciones","status":"publish","type":"post","link":"http:\/\/vincentians.com\/es\/gobierno-de-la-congregacion-segun-las-nuevas-constituciones\/","title":{"rendered":"Gobierno de la Congregaci\u00f3n seg\u00fan las nuevas constituciones"},"content":{"rendered":"<p>El gobierno es una parte importante del derecho particular de la Congregaci\u00f3n de la Misi\u00f3n. \u00c9sta es a imagen de la Iglesia cuyas estructuras jer\u00e1rquicas son bien conocidas. Pero tiene la obligaci\u00f3n de estar particularmente bien organizada a causa de su estatuto de sociedad de vida apost\u00f3lica en la que se pone el acento en el apostolado organizado por los superiores y mantenido por la vida comunitaria.<\/p>\n<h2><strong>Las primeras reglas de la Congregaci\u00f3n<\/strong><\/h2>\n<p title=\"\">Recordemos r\u00e1pidamente que la organizaci\u00f3n actual de la Congregaci\u00f3n tiene sus ra\u00edces en su historia. San Vicente tiene conciencia, desde un principio, de instituir una asociaci\u00f3n de misioneros destinada a durar. El contrato de fundaci\u00f3n de la Congregaci\u00f3n de la Misi\u00f3n establecido el 17 de abril de 1625 es expl\u00edcito: \u00abQue para perpetuar dicha obra, para la mayor gloria de Dios, edificaci\u00f3n y salvaci\u00f3n del pr\u00f3jimo, una vez fallecido el se\u00f1or de Pa\u00fal, los que hayan sido admitidos en esta obra y hayan perseverado hasta entonces elegir\u00e1n, por mayor\u00eda de votos, a aquel de entre ellos que juzguen bueno para ser su superior\u00bb.<span id='easy-footnote-1-53191' class='easy-footnote-margin-adjust'><\/span><span class='easy-footnote'><a href='http:\/\/vincentians.com\/es\/gobierno-de-la-congregacion-segun-las-nuevas-constituciones\/#easy-footnote-bottom-1-53191' title='SV XIII, 199-200 \/ ES X, 239.'><sup>1<\/sup><\/a><\/span> La bula de erecci\u00f3n \u00abSalvatoris Nostri\u00bb, promulgada por Urbano VIII el 12 de abril de 1633, repite las mismas disposiciones precisando algo m\u00e1s los poderes del Superior General.<span id='easy-footnote-2-53191' class='easy-footnote-margin-adjust'><\/span><span class='easy-footnote'><a href='http:\/\/vincentians.com\/es\/gobierno-de-la-congregacion-segun-las-nuevas-constituciones\/#easy-footnote-bottom-2-53191' title='SV XIII, 201-202 \/ ES X, 240.'><sup>2<\/sup><\/a><\/span>\n<p>San Vicente es consciente de la importancia de establecer claramente la organizaci\u00f3n de la Congregaci\u00f3n. Hacia 1635, en un momento en que una grave enfermedad pone en peligro su vida, se pregunta qu\u00e9 podr\u00eda lamentar m\u00e1s: \u00abAl examinarme sobre lo que podr\u00eda causarme alg\u00fan pesar, he hallado que no hay nada sino que no hemos hecho todav\u00eda nuestras reglas\u00bb.<span id='easy-footnote-3-53191' class='easy-footnote-margin-adjust'><\/span><span class='easy-footnote'><a href='http:\/\/vincentians.com\/es\/gobierno-de-la-congregacion-segun-las-nuevas-constituciones\/#easy-footnote-bottom-3-53191' title='Luis Abelly, \u00abLa vida del venerable siervo de Dios, Vicente de Pa\u00fal, fundador y primer Superior General de la Congregaci\u00f3n de la Misi\u00f3n\u00bb, Par\u00eds, 1664, t. I, c. LI, p. 252, (de la edic. francesa).'><sup>3<\/sup><\/a><\/span> Se aplica, desde entonces, a elaborar un reglamento pidiendo el parecer de los que le rodean e inspir\u00e1ndose en las pr\u00e1cticas ya aplicadas en las comunidades.<\/p>\n<p>En 1642, parece llegado el momento favorable. El rey acaba de aceptar la bula \u00abSalvatoris Nostri\u00bb. Un a\u00f1o antes, el arzobispo de Par\u00eds ha aprobado el uso de los votos en la Congregaci\u00f3n de la Misi\u00f3n. San Vicente convoca entonces la primera Asamblea General que se abre en San L\u00e1zaro el 13 de octubre de 1642.<span id='easy-footnote-4-53191' class='easy-footnote-margin-adjust'><\/span><span class='easy-footnote'><a href='http:\/\/vincentians.com\/es\/gobierno-de-la-congregacion-segun-las-nuevas-constituciones\/#easy-footnote-bottom-4-53191' title='SV XIII, 287-298 \/ ES X, 354-363.'><sup>4<\/sup><\/a><\/span> Compuesta de doce miembros, se entrega a examinar las reglas relativas al Superior General y a su sucesi\u00f3n. Est\u00e1 previsto que sea ayudado en su funci\u00f3n por dos asistentes, que pueda intervenir por s\u00ed mismo o por otros en todos los asuntos importantes de la Congregaci\u00f3n y que se organicen asambleas cada tres a\u00f1os. Adem\u00e1s las casas se reparten en cuatro provincias.<\/p>\n<h2><strong>La consolidaci\u00f3n de las pr\u00e1cticas<\/strong><\/h2>\n<p>Esta primera asamblea es importante para el gobierno de la Congregaci\u00f3n ya que consagra la autoridad suprema de la Asamblea General, su deber de reunirse seg\u00fan los tiempos determinados y su derecho a elegir al Superior General que tiene por misi\u00f3n unir y organizar la Congregaci\u00f3n. Estos puntos se ver\u00e1n concretados o precisados posteriormente, pero constituyen hasta nuestros d\u00edas los elementos de base de nuestra administraci\u00f3n.<\/p>\n<p title=\"\">San Vicente sabe que esta asamblea es determinante para el futuro de la Compa\u00f1\u00eda. Propone su dimisi\u00f3n de Superior General por humildad, ciertamente, pero sin duda tambi\u00e9n para asegurarse del buen funcionamiento y de la perennidad de la instituci\u00f3n que ha fundado. A instancias de sus Cohermanos, acepta conservar su funci\u00f3n \u00abprotestando que era el primer acto de obediencia que cre\u00eda hacer a la Compa\u00f1\u00eda\u00bb.<span id='easy-footnote-5-53191' class='easy-footnote-margin-adjust'><\/span><span class='easy-footnote'><a href='http:\/\/vincentians.com\/es\/gobierno-de-la-congregacion-segun-las-nuevas-constituciones\/#easy-footnote-bottom-5-53191' title='SV XIII, 296 \/ ES X, 361.'><sup>5<\/sup><\/a><\/span> Despu\u00e9s de esta asamblea, se esfuerza por reconocer lo que se ha decidido. El 11 de noviembre de 1644, escribe al superior de Roma, Juan Dehorgny: \u00abEstamos procurando que nos aprueben aqu\u00ed las reglas comunes, las del General, la de la elecci\u00f3n y la del visitador. Si lo conseguimos, in <em>nomine Domini<\/em>, no dejar\u00e1 usted de ver por ah\u00ed qu\u00e9 es lo que se puede hacer\u00bb.<span id='easy-footnote-6-53191' class='easy-footnote-margin-adjust'><\/span><span class='easy-footnote'><a href='http:\/\/vincentians.com\/es\/gobierno-de-la-congregacion-segun-las-nuevas-constituciones\/#easy-footnote-bottom-6-53191' title='SV II, 488 \/ ES II, 416.'><sup>6<\/sup><\/a><\/span>\n<p>Algunas pr\u00e1cticas van a instalarse con el paso del tiempo. San Vicente se preocupa por que se implanten. La comunidad de Saint-M\u00e9en recibe la visita oficial de Antonio Portail quien presenta, por otra parte, un informe positivo de ella. A pesar de todo, el superior, Juan Bourdet, no oculta su desacuerdo con semejante pr\u00e1ctica. San Vicente le responde el 22 de julio de 1646 para mostrarle la importancia de este paso. Le expone once razones para conservar esta costumbre que ser\u00e1 una pr\u00e1ctica corriente en la Congregaci\u00f3n.<\/p>\n<h2><strong>La codificaci\u00f3n de los reglamentos<\/strong><\/h2>\n<p>As\u00ed se van precisando poco a poco las reglas de gobierno. En 1651, una nueva asamblea que reuni\u00f3 a catorce miembros tiene lugar en San L\u00e1zaro. Se ocupa principalmente de la redacci\u00f3n final de las reglas comunes y confirma lo que se dijo sobre el tema de la elecci\u00f3n del Superior General. En 1658, San Vicente se siente feliz al presentar a su comunidad las \u00abReglas comunes de la Congregaci\u00f3n de la Misi\u00f3n\u00bb. Este texto que es un reglamento de vida no precisa sobre la organizaci\u00f3n de la Congregaci\u00f3n. Sabemos, sin embargo, por lo que se ha dado en llamar el Codex Sarzana<span id='easy-footnote-7-53191' class='easy-footnote-margin-adjust'><\/span><span class='easy-footnote'><a href='http:\/\/vincentians.com\/es\/gobierno-de-la-congregacion-segun-las-nuevas-constituciones\/#easy-footnote-bottom-7-53191' title='Este texto es un primer borrador de nuestras Reglas Comunes seguidas de las disposiciones relativas a los diferentes oficios. Fue descubierto por Angelo Coppo en Sarzana (Italia). El texto cr\u00edtico fue presentado por John Rybolt en Vincentiana, 4-5, 1991, pp. 307-406.'><sup>7<\/sup><\/a><\/span> que exist\u00eda un conjunto de textos que reglamentaban el gobierno de la Compa\u00f1\u00eda.<\/p>\n<p>A pesar de todo, habr\u00e1 que esperar varios a\u00f1os para tener un texto bien hecho, reconocido por las m\u00e1s altas instancias de la Iglesia. Renato Almer\u00e1s, desde su elecci\u00f3n como Superior General, despu\u00e9s de la muerte de San Vicente, se esfuerza por codificar los reglamentos relativos a la administraci\u00f3n de la Congregaci\u00f3n. Despu\u00e9s de algunos retoques, quedan aprobados por la Asamblea General de 1668 y ratificados pot el arzobispo de Par\u00eds.<\/p>\n<p>Las reglas m\u00e1s importantes son reagrupadas entonces para ser sometidas al examen y aprobaci\u00f3n de la Santa Sede. Las Constitutiones selectae que salen de all\u00ed son aprobadas por el Papa Clemente X con el Breve \u00abEx injuncto Nobis\u00bb del 2 de junio de 1670. Se completar\u00e1n a continuaci\u00f3n por las decisiones de las diferentes Asambleas Generales. La edici\u00f3n privada que se hace de ellas en 1847 con el t\u00edtulo \u00abCollectio Bullarum, Constitutionum ac Decretorum quae Congregationis Administrationem spectant\u00bb servir\u00e1 de referencia principal hasta la promulgaci\u00f3n de las Constituciones de 1954.<\/p>\n<h2><strong>Las Constituciones de 1954<\/strong><\/h2>\n<p>Hay que reconocerlo. Las \u00abConstituciones y Reglas de la Congregaci\u00f3n de la Misi\u00f3n\u00bb promulgadas el 25 de enero de 1954 no constituyen una verdadera novedad. Su principal inter\u00e9s est\u00e1 en reunir de forma clara las principales reglas que rigen la Congregaci\u00f3n despu\u00e9s de ser acomodadas al Derecho Can\u00f3nico de 1917. Incluso se llega a decir que estas constituciones fueron impuestas por la Santa Sede. El Superior General, el P. William Slattery, tuvo que dar cuenta en la circular del 1\u00ba de enero de 1954: \u00abNo hay nada que altere el esp\u00edritu de la Compa\u00f1\u00eda. El esp\u00edritu de San Vicente se encuentra en ellas absolutamente intacto. La mayor parte de los cambios tienen que ver con la administraci\u00f3n de la Compa\u00f1\u00eda&#8230; En cuanto a las modificaciones que ata\u00f1en a las reglas comunes, son muy pocas\u00bb. Y concluye: \u00abEst\u00e1 claro que ning\u00fan cambio afecta a lo esencial\u00bb.<\/p>\n<p title=\"\">Todo lo cual es exacto, particularmente lo que se refer\u00eda al gobierno de la Congregaci\u00f3n. Los reparos que se pod\u00edan sentir proven\u00edan menos de las reglas mismas que del esp\u00edritu que hab\u00eda prevalecido en su elaboraci\u00f3n y su presentaci\u00f3n. Ten\u00eda que ver con nuestra identidad. La referencia m\u00e1s o menos expl\u00edcita era la del estado consagrado cuando San Vicente hab\u00eda hecho todo lo posible por distinguirnos de los religiosos. Declaraba una vez m\u00e1s meses antes de su muerte: \u00abOs digo que no es una religi\u00f3n y que nosotros no somos religiosos\u00bb.<span id='easy-footnote-8-53191' class='easy-footnote-margin-adjust'><\/span><span class='easy-footnote'><a href='http:\/\/vincentians.com\/es\/gobierno-de-la-congregacion-segun-las-nuevas-constituciones\/#easy-footnote-bottom-8-53191' title='SV XII, 372 \/ ES XI, 643.'><sup>8<\/sup><\/a><\/span>\n<p>El reparto mismo de los cap\u00edtulos es revelador de un concepto muy seguro de la organizaci\u00f3n de la Congregaci\u00f3n m\u00e1s basada en las estructuras jer\u00e1rquicas que en la actividad misionera. El tono se advierte desde el principio ya que el cap\u00edtulo segundo determina seguidamente la precedencia entre los miembros de la Congregaci\u00f3n. Se pasa a continuaci\u00f3n a su gobierno y a las personas que lo forman, viniendo m\u00e1s tarde los votos y los ministerios. Los problemas de poder y de organizaci\u00f3n ocupan casi la mitad del documento. La relaci\u00f3n interpersonal dentro de la comunidad s\u00f3lo se aborda una vez y esto para poner de manifiesto al propio tiempo sus peligros (n\u00ba 223).<\/p>\n<h2><strong>Las nuevas Constituciones<\/strong><\/h2>\n<p>Las Constituciones de 1984 son de otra factura. La organizaci\u00f3n de la Congregaci\u00f3n est\u00e1 tratada en la tercera y \u00faltima parte. Est\u00e1 as\u00ed al servicio de la actividad apost\u00f3lica con vistas a realizar el fin de la Congregaci\u00f3n y a sostener la vida de sus miembros. Se inspira al mismo tiempo en la teolog\u00eda del Vaticano II atenta a situar a los miembros de la Iglesia en relaci\u00f3n con el misterio de Dios. El Concilio, en la constituci\u00f3n \u00abLumen Gentium\u00bb, al definir la Iglesia como el pueblo de Dios y al presentar esta noci\u00f3n antes que la de la jerarqu\u00eda, quiere demostrar que todos sus miembros son iguales \u00aben cuanto a la dignidad y a la actividad com\u00fan en la edificaci\u00f3n del Cuerpo de Cristo\u00bb (n\u00ba 32). Una afirmaci\u00f3n as\u00ed no s\u00f3lo afecta a la naturaleza profunda de la Iglesia sino tambi\u00e9n a su forma de existir y de actuar.<\/p>\n<p>Percibimos la misma sensibilidad en nuestras Constituciones. \u00c9stas presentan al gobierno de la Congregaci\u00f3n partiendo de las ideas de colaboraci\u00f3n, de participaci\u00f3n, de cooperaci\u00f3n, de responsabilidad y de comuni\u00f3n, principios que definen el lugar y el trabajo de cada miembro en la comunidad. Como todos los Cohermanos tienen la responsabilidad de participar en \u00abel cumplimiento de la misi\u00f3n com\u00fan\u00bb (n\u00ba 19) es natural que tengan tambi\u00e9n la posibilidad de colaborar en su elaboraci\u00f3n y en su organizaci\u00f3n.<\/p>\n<p>\u00abTodos los miembros de la Congregaci\u00f3n, habiendo sido llamados a trabajar en la continuaci\u00f3n de la misi\u00f3n de Cristo, tienen el derecho y la obligaci\u00f3n tanto de colaborar al bien de la comunidad apost\u00f3lica, como de participar en el gobierno de la misma\u00bb (n\u00ba 96). Desde el principio de la secci\u00f3n que trata del gobierno de la Congregaci\u00f3n, se establece el principio con su fundamento a la vez teol\u00f3gico y pastoral pues todo bautizado est\u00e1 llamado a participar y a prolongar la acci\u00f3n de Cristo. Las Constituciones llaman a los Cohermanos no s\u00f3lo a trabajar por el \u00abbien de la Comunidad apost\u00f3lica\u00bb, sino tambi\u00e9n a colaborar, es decir a actuar de acuerdo con los miembros de la comunidad y, de forma ordinaria, a obrar con ellos. Para eso, deben poder participar en su gobierno con derecho a discutir y a intervenir en la elaboraci\u00f3n y en la realizaci\u00f3n de los proyectos.<\/p>\n<p>Las consecuencias se exponen a continuaci\u00f3n: \u00abTodos han de cooperar activa y responsablemente en el desempe\u00f1o de los oficios, en la aceptaci\u00f3n de las tareas apost\u00f3licas y en el cumplimiento de los mandatos\u00bb (n\u00ba 96). No se puede olvidar que la responsabilidad tiene un valor moral: Es la expresi\u00f3n de un ser libre que se compromete con entero conocimiento de causa en cuanto emprende. El hombre responsable tiene conocimiento claro de lo que se propone hacer. Lo acepta conscientemente y se entrega a la acci\u00f3n que ha decidido.<\/p>\n<h2><strong>La corresponsabilidad<\/strong><\/h2>\n<p>Volvemos a observar en las Constituciones estas diferentes exigencias. El di\u00e1logo en el seno de la comunidad (n\u00ba 37,1), entre los Cohermanos (n\u00ba 24,2) y con el Superior (n\u00ba 97,2), permite reflexionar con madurez en la acci\u00f3n apost\u00f3lica, considerar todos sus aspectos y apreciar su valor. No se trata de una simple intervenci\u00f3n oral que se limita a hacerse o\u00edr en un debate. El Cohermano debe entrar plenamente en la decisi\u00f3n que se adopte por acuerdo, dicho de otro modo, ser \u00abresponsable en el compromiso con los proyectos apost\u00f3licos\u00bb. San Vicente, en la Reglas Comunes, pide que la obediencia sobrepase la simple aceptaci\u00f3n de la decisi\u00f3n para unirse tambi\u00e9n a la intenci\u00f3n que la sobreentiende (V,2).<\/p>\n<p>Por fin, la responsabilidad verdadera reclama el compromiso personal y la ejecuci\u00f3n de las \u00f3rdenes recibidas. La palabra activo aparece varias veces en las Constituciones para dejar claro, en es esp\u00edritu de San Vicente, que al verdadero misionero se le juzga por el trabajo apost\u00f3lico que realiza. Est\u00e1 de acuerdo con el deseo del Vaticano II de valorar el principio de participaci\u00f3n de todos los religiosos en el gobierno de su instituto. Este principio ser\u00e1 uno de los puntos rectores de la revisi\u00f3n del Derecho Can\u00f3nico. El n\u00famero 96 de las Constituciones se inspira, adem\u00e1s, en gran parte en el decreto conciliar \u00abPerfectae caritatis\u00bb que declara en particular: \u00abEllos (los superiores) lograr\u00e1n que los religiosos colaboren por una obediencia activa y responsable tanto en el cumplimiento de su tarea como en las iniciativas que se tomen\u00bb (n\u00ba 14).<\/p>\n<p>De esta forma, no hay en la comunidad jerarqu\u00eda de dignidad, sino que cada uno, en raz\u00f3n de sus funciones y de su lugar, est\u00e1 llamado a cooperar aceptando su responsabilidad en la obra com\u00fan que se ha de llevar a cabo. Las responsabilidades se definen m\u00e1s en funci\u00f3n de un querer com\u00fan que de un poder impuesto. Por ello tienen lugar en la comunidad y se ejercen a partir de ella ya que \u00e9sta \u00abest\u00e1 ordenada a preparar la actividad apost\u00f3lica, fomentarla y ayudarla constantemente\u00bb (n\u00ba 19). La verdadera responsabilidad es, de hecho, una corresponsabilidad que se expresa primeramente dentro de la comunidad. Se dice, en efecto: \u00abayudados del necesario servicio de la autoridad y sujetos activamente a la obediencia, nos haremos corresponsables con el Superior, de buscar la voluntad de Dios en la vida y en las obras y fomentaremos entre nosotros el di\u00e1logo, superando el excesivo individualismo en nuestra forma de vivir\u00bb (n\u00ba 24, 2).<\/p>\n<h2><strong>La importancia de la Comunidad<\/strong><\/h2>\n<p>Es cierto que la importancia de la vida comunitaria otorgada por las Constituciones determina un modo de gobierno particular. La estructura de un grupo y las relaciones de sus constituyentes determinan el ejercicio de la autoridad y se definen por los poderes que en \u00e9l se ejercitan. En el \u00edndice anal\u00edtico de las Constituciones de 1954 no figura la palabra \u00abcomunidad\u00bb. En las actuales este t\u00e9rmino aparece con frecuencia y a veces de manera insistente. Reviste diferentes significados porque designa tanto la realidad del grupo religioso como la vida de relaci\u00f3n entre los Cohermanos. No es una casualidad que la vida comunitaria est\u00e9 tratada en el cap\u00edtulo segundo de nuestras Constituciones y que la comunidad local se defina como una expresi\u00f3n viva de la Congregaci\u00f3n entera (n\u00ba 23).<\/p>\n<p>Esta visi\u00f3n de las cosas caracteriza un estilo de gobierno. Las Reglas Comunes conservan todo su valor para definir y mantener nuestra identidad y nuestro esp\u00edritu. Se refiere, sin embargo, a estructuras sociales y religiosas basadas en las relaciones superior-s\u00fabdito con referencias sicol\u00f3gicas del siglo XVII seg\u00fan las cuales la unidad se expresa ante todo por la uniformidad. En este documento, el superior aparece como aquel alrededor del cual se organiza la comunidad. Sobre \u00e9l recae decidir de la marcha de la vida diaria (V,5) como la del trabajo (II,10), debiendo estimar cada uno que \u00abla voluntad de Dios se manifiesta por la del superior\u00bb (V,4). La unidad del grupo la establece el superior y se realiza por la uniformidad, \u00abvirtud que mantiene el buen orden y la santa uni\u00f3n\u00bb (II,11). El comer, vestir, dormir lo mismo que \u00abocurre con el modo de dirigir, de ense\u00f1ar, de predicar, de gobernar, y asimismo con las pr\u00e1cticas espirituales\u00bb (II,11), deben se\u00f1alarse por la preocupaci\u00f3n de no distinguirse. La uniformidad se presenta as\u00ed como un criterio importante de la unidad del grupo religioso que se define mucho m\u00e1s en relaci\u00f3n a s\u00ed mismo que en relaci\u00f3n a su cualidad de apertura al exterior.<\/p>\n<p>Esta comparaci\u00f3n tiene sus l\u00edmites a causa de su contexto hist\u00f3rico. En el siglo XVII, la autoridad, basada en el poder, estaba dominada por el s\u00edmbolo del padre omnipotente. La Comunidad, sospechosa de muchos defectos a partir de la reforma protestante, no representaba un valor en s\u00ed misma. La misma palabra es ignorada por Ignacio de Loyola en las reglas que estableci\u00f3. No obstante, con los tiempos modernos, la relaci\u00f3n individual superior-s\u00fabdito se ha transformado en beneficio de la comunidad dentro de la cual se sit\u00faan las relaciones interpersonales. Este contexto permite poner de relieve el esp\u00edritu que preside actualmente la animaci\u00f3n de las comunidades, a saber que la autoridad tiene una responsabilidad no ya limitada sino mejor repartida en funci\u00f3n de las actividades de los diferentes miembros que componen estas comunidades<\/p>\n<h2><strong>Bajo la mirada de Dios<\/strong><\/h2>\n<p>Dicho lo cual, el gobierno en la Congregaci\u00f3n de la Misi\u00f3n no se ejercita de forma colegial aunque nuestro derecho particular prev\u00e9 numerosas consultas obligatorias. La autoridad no es la expresi\u00f3n ni la emanaci\u00f3n de la voluntad general que delega conservando un derecho de vigilancia y de control. No pertenece tampoco a quien la recibe como una capacidad definitiva e inalienable. Se ejerce con dependencia de aquel que la ha confiado, es decir Dios, y por el intermedio de las diferentes madiaciones eclesiales. Es por ello obediencia a Dios, sumisi\u00f3n a la Iglesia y fidelidad al esp\u00edritu de la Congregaci\u00f3n. Por esto reclama un continuo discernimiento espiritual bajo la moci\u00f3n del Esp\u00edritu y con un respeto profundo y claro de las reglas que rigen la Congregaci\u00f3n. Este es el sentido de la segunda parte del n\u00famero 97, 1, de las Constituciones: \u00abconscientes de su responsabilidad ante Dios, t\u00e9nganse por servidores de la comunidad, para promover el fin propio de la misma seg\u00fan el esp\u00edritu de San Vicente, en una verdadera comuni\u00f3n de apostolado y vida\u00bb.<\/p>\n<p>San Vicente pide, en las Reglas Comunes, obedecer a los superiores \u00abvi\u00e9ndoles en Nuestro Se\u00f1or, y a Nuestro Se\u00f1or en ellos\u00bb (V,1). Las Constituciones actuales hablan de \u00abla autoridad venida de Dios\u00bb (n\u00ba 97,1). Se unen al Derecho Can\u00f3nico que afirma, inspir\u00e1ndose en el decreto conciliar \u00abPerfectae caritatis\u00bb: Los Superiores ejercer\u00e1n con esp\u00edritu de servicio el poder que han recibido de Dios por el ministerio de la Iglesia\u00bb (canon 618). Este poder no puede ser un dominio porque pertenece m\u00e1s bien al orden de la mediaci\u00f3n. \u00abHay un aspecto sacramental en el cual el acto humano es instrumento de gracia divina\u00bb.<span id='easy-footnote-9-53191' class='easy-footnote-margin-adjust'><\/span><span class='easy-footnote'><a href='http:\/\/vincentians.com\/es\/gobierno-de-la-congregacion-segun-las-nuevas-constituciones\/#easy-footnote-bottom-9-53191' title='J. Beyer, \u00abLe droit de la vie consacr\u00e9e. Commentaires des canons 607-746. Instituts et soci\u00e9t\u00e9s\u00bb, Par\u00eds, Tardy, 1988, p. 25.'><sup>9<\/sup><\/a><\/span> Se caracteriza sencillamente por un esp\u00edritu de servicio.<\/p>\n<p>Para explicarse las Constituciones recurren a dos im\u00e1genes que se compenetran pero que son suficientemente diferentes para distinguirse, a saber el Buen Pastor y el servidor. Piden que los que ejercen la autoridad tengan \u00abante los ojos el ejemplo del Buen Pastor, venido no a ser servido sino a servir\u00bb, expresi\u00f3n empleada por los obispos en la Constituci\u00f3n \u00abLumen Gentium\u00bb (n\u00ba 27). En San Juan, Cristo se presenta como el \u00fanico buen Pastor, el que conoce personalmente a sus ovejas, las re\u00fane estando preparado para ir en busca de la oveja perdida, las protege en los duros combates y las conduce a los lugares propicios para vivir expres\u00e1ndoles un afecto inagotable. Es al propio tiempo el servidor de los hombres porque es el servidor de Dios. Por eso es dulce y humilde de coraz\u00f3n, capaz de entregarse y llegar hasta el extremo de las exigencias del amor que inspira su servicio. Hallamos en estas dos im\u00e1genes de Cristo toda una teolog\u00eda espiritual del verdadero responsable.<\/p>\n<h2><strong>El sentido del di\u00e1logo<\/strong><\/h2>\n<p>El esp\u00edritu de servicio, con todo, no quita nada a la autoridad de los superiores. As\u00ed lo afirma el canon 618 ya citado: \u00abD\u00f3ciles a la voluntad de Dios en el ejercicio de su cargo, (los superiores) gobiernan a su s\u00fabditos como a hijos de Dios, y para promover su obediencia voluntaria en el respeto a la persona humana, los escuchan con agrado y favorecen de esta manera su cooperaci\u00f3n al bien del instituto y de la Iglesia, quedando a salvo su autoridad para decidir y ordenar lo que se ha de hacer\u00bb.<\/p>\n<p>Las Constituciones dicen lo mismo de una forma equivalente pero m\u00e1s breve: \u00abEntablen, pues, el di\u00e1logo con sus compa\u00f1eros, quedando, no obstante, a salvo su autoridad de decidir y mandar lo que se ha de hacer\u00bb (n\u00b0 97,2). Encontramos en ello uno de los medios m\u00e1s favorables para permitir a los miembros de una comunidad mostrar su inter\u00e9s y su participaci\u00f3n en la tarea com\u00fan. La importancia del di\u00e1logo se pone aqu\u00ed de manifiesto pero sin ninguna otra precisi\u00f3n acerca de su naturaleza y de su fin. La intenci\u00f3n es sencillamente se\u00f1alarle los l\u00edmites recordando que el di\u00e1logo, si suscita una reflexi\u00f3n o una deliberaci\u00f3n, no puede obligar al superior, que conserva su libertad de juicio y su autoridad de decisi\u00f3n.<\/p>\n<p>De hecho, el principio sobre el di\u00e1logo se trat\u00f3 en el cap\u00edtulo segundo de las Constituciones. Se habla en \u00e9l de un \u00abdi\u00e1logo abierto y responsable\u00bb tenido en el seno de la comunidad, a partir del cual \u00abvan madurando las tendencias coincidentes y surgen las que nos llevan a la toma de decisiones\u00bb (n\u00ba 37,1). Esta manera de actuar est\u00e1 inspirada en la ense\u00f1anza de Pablo VI cuya influencia ha jugado alg\u00fan papel en la redacci\u00f3n de las Constituciones puesto que \u00e9l constituye la \u00fanica referencia pontificia expl\u00edcita.<span id='easy-footnote-10-53191' class='easy-footnote-margin-adjust'><\/span><span class='easy-footnote'><a href='http:\/\/vincentians.com\/es\/gobierno-de-la-congregacion-segun-las-nuevas-constituciones\/#easy-footnote-bottom-10-53191' title='La exhortaci\u00f3n apost\u00f3lica \u00abEvangelii nuntiandi\u00bb est\u00e1 citada tres veces en las Constituciones (n\u00ba 10,11 y 16).'><sup>10<\/sup><\/a><\/span> Pablo VI ha puesto el di\u00e1logo en el centro de la misi\u00f3n evangelizadora de la Iglesia. Public\u00f3 su enc\u00edclica \u00abEcclesiam suam\u00bb el 6 de agosto de 1964, unos meses antes de la promulgaci\u00f3n de la Constituci\u00f3n conciliar \u00abLumen Gentium\u00bb, explicando que \u00aben el di\u00e1logo se realiza la uni\u00f3n de la verdad y de la caridad, de la inteligencia y del amor\u00bb (n\u00ba 85).<\/p>\n<p>El di\u00e1logo reclama cierto derecho a la informaci\u00f3n, lo que plantea el problema de la calidad de la comunicaci\u00f3n, tema que se trata en breves apartados en los Estatutos (n\u00ba 78, 6 y 82). Asimismo, el ejercicio de la autoridad exige la claridad y la precisi\u00f3n en las decisiones. El Derecho Can\u00f3nico conserva todas sus exigencias sobre este punto cuando declara: \u00abEl decreto se dar\u00e1 por escrito, con la m\u00ednima expresi\u00f3n de los motivos, si se trata de una decisi\u00f3n\u00bb (canon 51 que completa al canon 37).<\/p>\n<h2><strong>A cada uno su responsabilidad<\/strong><\/h2>\n<p>La responsabilidad pide que cada uno reciba la capacidad de asumirla personalmente en los l\u00edmites del cargo que se le ha confiado. Este es el sentido del n\u00ba 98 de las Constituciones que cita, sin nombrarlo, el principio de subsidiariedad: \u00abno se ha de avocar a un grado superior de gobierno aquello a lo que pueden proveer los particulares o los grados inferiores\u00bb. Este principio, utilizado en la ense\u00f1anza social de la Iglesia para reglamentar las relaciones entre el Estado y los individuos, se emplea para definir las relaciones entre los diferentes niveles de responsabilidad en la Iglesia.<span id='easy-footnote-11-53191' class='easy-footnote-margin-adjust'><\/span><span class='easy-footnote'><a href='http:\/\/vincentians.com\/es\/gobierno-de-la-congregacion-segun-las-nuevas-constituciones\/#easy-footnote-bottom-11-53191' title='El S\u00ednodo extraordinario para el 20\u00ba aniversario del Vaticano II, en su informe final del 7 de diciembre de 1985, recomienda estudiar un poco m\u00e1s el principio de subsidiariedad para aplicarlo a la Iglesia.'><sup>11<\/sup><\/a><\/span> El principio de subsidiariedad se nombra expl\u00edcitamente para la publicaci\u00f3n de las leyes decididas por la Asamblea General (n\u00ba 137,3).<\/p>\n<p>Los principios generales recuerdan por fin el derecho de exenci\u00f3n de que goza la Congregaci\u00f3n (n\u00ba 99) antes de concluir sobre los poderes de los diferentes niveles de gobierno. Una observaci\u00f3n final que ha suscitado algunas reacciones acompa\u00f1a a esta conclusi\u00f3n: \u00abLos superiores deben estar investidos con el orden sagrado\u00bb (n\u00ba 100). Lo que impide el nombramiento de un Hermano como superior. Esta disposici\u00f3n, impuesta por Roma como a las otras congregaciones clericales, es quiz\u00e1s lamentable, pero se inscribe, debemos admitirlo, en la coherencia de nuestras Constituciones. Para \u00e9stas, en efecto, s\u00f3lo los cl\u00e9rigos \u00abconforme al propio orden, a ejemplo de Nuestro Se\u00f1or Jesucristo Sacerdote, Pastor y Maestro, cumplen su vocaci\u00f3n ejerciendo este triple oficio en todas las formas de apostolado que pueden servir para lograr el fin de la Congregaci\u00f3n\u00bb (n\u00ba 52,1).<\/p>\n<p>Habr\u00eda que detenerse en los principios generales que presiden el gobierno de la Congregaci\u00f3n de la Misi\u00f3n (96 a 100) porque determinan su esp\u00edritu y constituyen la verdadera novedad de las Constituciones. Las reglas particulares de cada oficio que las siguen no son originales en su conjunto.<span id='easy-footnote-12-53191' class='easy-footnote-margin-adjust'><\/span><span class='easy-footnote'><a href='http:\/\/vincentians.com\/es\/gobierno-de-la-congregacion-segun-las-nuevas-constituciones\/#easy-footnote-bottom-12-53191' title='Varios estudios han aparecido ya sobre este tema. As\u00ed los oficios del Superior General, del Asistente General y de los dem\u00e1s Asistentes fueron tratados en el curso de la XXXVIII\u00aa Asamblea General (Vincentiana, 1992, 4-5, pp. 489-515). Las reuniones peri\u00f3dicas de los Visitadores son la ocasi\u00f3n de presentar y de explicar la funci\u00f3n del Visitador (Vincentiana, 1989, 4-5; l996, 4-5). En cuanto al papel del superior local, se trata a menudo a nivel provincial. El Padre Richard McCullen hizo una hermosa exposici\u00f3n de este tema en Dubl\u00edn en febrero de 1997 con el t\u00edtulo \u00abMisi\u00f3n en el coraz\u00f3n de la misi\u00f3n, el superior local\u00bb, cf. Bulletin des Lazaristes de France, abril de 1998, pp. 103-109.'><sup>12<\/sup><\/a><\/span> La \u00faltima redacci\u00f3n de estos textos ha sido sobre todo ocupada por la repartici\u00f3n de las Constituciones y los Estatutos. Esto no carece de importancia ya que s\u00f3lo la Santa Sede puede dar la interpretaci\u00f3n aut\u00e9ntica de las Constituciones, quedando la de los estatutos reservada a la Asamblea General (n\u00ba 137,5).<\/p>\n<h2><strong>Las cuatro normas principales<\/strong><\/h2>\n<p>Sin embargo, podemos destacar las cuatro principales normas que dan a las Constituciones una novedad particular y est\u00e1n en l\u00ednea directa con las reglas ya evocadas: la duraci\u00f3n determinada de los cargos, la consulta, la libertad en el procedimiento de algunos nombramientos y la obligaci\u00f3n de tener un proyecto comunitario bien provincial, bien local.<\/p>\n<p>La limitaci\u00f3n en el tiempo de los cargos es una referencia constante en la organizaci\u00f3n de las Congregaciones. Estando definidas las funciones como servicios, es normal que el compromiso sea limitado para permitir la renovaci\u00f3n de las personas y favorecer el dinamismo inventivo de las comunidades. El Derecho Can\u00f3nico pide que \u00ablos superiores sean constituidos por un lapso de tiempo determinado y conveniente\u00bb (canon 624, 1). Este mandato exist\u00eda en nuestro antiguo derecho. Se ha reforzado para aplicarse tambi\u00e9n al Superior General que no puede sobrepasar el tiempo de un doble sexenio (n\u00ba 105, 3). Adem\u00e1s, es la elecci\u00f3n de \u00e9ste \u00faltimo la que marca el ritmo de la convocaci\u00f3n de la Asamblea General ordinaria (n\u00ba 137,2; 138,1).<\/p>\n<p>La responsabilidad de los Cohermanos queda comprometida por el cariz de las consultas o de lo que las sustituya. Con vistas a la elecci\u00f3n del Superior General, \u00abse ha de fomentar la libre informaci\u00f3n acerca de los asuntos que se han de tratar y acerca de las cualidades de los candidatos\u00bb (E 82). Para el Visitador y el Superior local, es indispensable la consulta a los Cohermanos interesados (C 124; 130, 1). Para que escojan, se deja una gran libertad a la Asamblea provincial para precisar el modo de su elecci\u00f3n (E 68, 2 y 3; C 130, 2).<\/p>\n<p>Por fin, la obligaci\u00f3n de poner en marcha un proyecto a nivel provincial o a nivel local se ve como un nuevo medio y de gran inter\u00e9s para unificar la vida de los Cohermanos y dinamizar la acci\u00f3n apost\u00f3lica. Se establece que el proyecto provincial se realice con consentimiento del Consejo del Visitador (E 69,1) y que el proyecto comunitario manifieste la verdadera expresi\u00f3n de la comunidad local (C 27; E 16; 69, 5; 78, 4). Se invita a todos los Cohermanos a tomarlo en serio, (C 32, 1; E l9). La cantidad de referencias a \u00e9l dan a entender suficientemente el inter\u00e9s particular que se da al proyecto comunitario.<\/p>\n<p>Una novedad mucho m\u00e1s administrativa es el perfil del Vicario General. Era tradicionalmente el Cohermano designado en secreto por el Superior General para asumir el \u00ednterin en caso de fallecimiento. Aparece despu\u00e9s como el segundo personaje de la Congregaci\u00f3n encargado de suplir al Superior General en caso de ausencia, impedimento o muerte. Elegido por la Asamblea General, \u00abse convierte tambi\u00e9n en Asistente General (C 109). Parece que su funci\u00f3n haya vuelto obsoleto el papel del admonitor suprimido ya a nivel del Superior General, como para los dem\u00e1s oficios, aunque su existencia se remonte hasta San Vicente.<\/p>\n<p>Al contrario de las antiguas Constituciones, las cualidades espirituales y humanas requeridas para ser superior no se expresan ya, aparte de la regla que exige que lleve incorporado a la Congregaci\u00f3n por lo menos tres a\u00f1os y tenga veinticinco cumplidos (C 61). No obstante, estando definida cada funci\u00f3n de manera sucinta pero sugestiva, es f\u00e1cil deducir por ella las cualidades que prevalecen para asumirla. El Superior General es presentado como el \u00abcentro de unidad y coordinador de las Provincias\u00bb (C 102). El Visitador debe ser \u00abceloso por la activa participaci\u00f3n de todos en la vida y apostolado de la Provincia\u00bb (C 123,2). En cuanto al Superior local, es el \u00abcentro de unidad y animador de la vida de la Comunidad local\u00bb (C 129,2). A cada uno toca responder lo mejor posible a lo que se espera de \u00e9l. Se podr\u00eda decir en resumen que el Superior General coordina, el Visitador estimula y el Superior local anima.<\/p>\n<p>El gobierno es un elemento importante de la vida de una Congregaci\u00f3n. Nuestras Constituciones actuales le presentan con un esp\u00edritu que contrasta con la expresi\u00f3n fr\u00eda de las antiguas Constituciones. Siguiendo las consignas del Concilio Vaticano II, sobrepasan el car\u00e1cter jur\u00eddico de las reglas que nos rigen para englobarlas en una visi\u00f3n espiritual que les da una dimensi\u00f3n m\u00e1s significativa y m\u00e1s viva. La Congregaci\u00f3n de la Misi\u00f3n no es una simple asociaci\u00f3n de car\u00e1cter religioso. Su organizaci\u00f3n est\u00e1 alentada por la voluntad de inscribirse con su carisma propio en la vida de la Iglesia y de responder a sus expectativas. De ah\u00ed que la importancia concedida a los principios generales demuestre que \u00e9ste no es solamente un elemento de estructura, sino que participa tambi\u00e9n en la identidad de la Congregaci\u00f3n querida por San Vicente.<\/p>\n","protected":false},"excerpt":{"rendered":"<p>El gobierno es una parte importante del derecho particular de la Congregaci\u00f3n de la Misi\u00f3n. \u00c9sta es a imagen de la Iglesia cuyas estructuras jer\u00e1rquicas son bien conocidas. Pero tiene la obligaci\u00f3n de estar particularmente &#8230; <a href=\"http:\/\/vincentians.com\/es\/gobierno-de-la-congregacion-segun-las-nuevas-constituciones\/\" class=\"more-link\">Read More<\/a><\/p>\n","protected":false},"author":4,"featured_media":404119,"comment_status":"open","ping_status":"open","sticky":false,"template":"","format":"standard","meta":{"jetpack_post_was_ever_published":false,"_jetpack_newsletter_access":"","_jetpack_dont_email_post_to_subs":false,"_jetpack_newsletter_tier_id":0,"_jetpack_memberships_contains_paywalled_content":false,"_jetpack_memberships_contains_paid_content":false,"footnotes":"","jetpack_publicize_message":"","jetpack_publicize_feature_enabled":true,"jetpack_social_post_already_shared":true,"jetpack_social_options":{"image_generator_settings":{"template":"highway","default_image_id":0,"font":"","enabled":false},"version":2}},"categories":[16],"tags":[218,230,126,174,127,143,129],"class_list":["post-53191","post","type-post","status-publish","format-standard","has-post-thumbnail","hentry","category-congregacion-de-la-mision","tag-abelly","tag-almeras","tag-dehorgny","tag-durando","tag-portail","tag-san-lazaro","tag-urbano-viii"],"yoast_head":"<!-- This site is optimized with the Yoast SEO plugin v26.3 - https:\/\/yoast.com\/wordpress\/plugins\/seo\/ -->\n<title>Gobierno de la Congregaci\u00f3n seg\u00fan las nuevas constituciones - Somos Vicencianos<\/title>\n<meta name=\"robots\" content=\"index, follow, max-snippet:-1, max-image-preview:large, max-video-preview:-1\" \/>\n<link rel=\"canonical\" href=\"http:\/\/vincentians.com\/es\/gobierno-de-la-congregacion-segun-las-nuevas-constituciones\/\" \/>\n<meta property=\"og:locale\" content=\"es_ES\" \/>\n<meta property=\"og:type\" content=\"article\" \/>\n<meta property=\"og:title\" content=\"Gobierno de la Congregaci\u00f3n seg\u00fan las nuevas constituciones - Somos Vicencianos\" \/>\n<meta property=\"og:description\" content=\"El gobierno es una parte importante del derecho particular de la Congregaci\u00f3n de la Misi\u00f3n. \u00c9sta es a imagen de la Iglesia cuyas estructuras jer\u00e1rquicas son bien conocidas. Pero tiene la obligaci\u00f3n de estar particularmente ... Read More\" \/>\n<meta property=\"og:url\" content=\"http:\/\/vincentians.com\/es\/gobierno-de-la-congregacion-segun-las-nuevas-constituciones\/\" \/>\n<meta property=\"og:site_name\" content=\"Somos Vicencianos\" \/>\n<meta property=\"article:publisher\" content=\"https:\/\/www.facebook.com\/WeAreVincentians\/\" \/>\n<meta property=\"article:author\" content=\"https:\/\/www.facebook.com\/JavierChento\" \/>\n<meta property=\"article:published_time\" content=\"2024-09-23T06:50:12+00:00\" \/>\n<meta property=\"og:image\" content=\"https:\/\/i0.wp.com\/vincentians.com\/es\/wp-content\/uploads\/sites\/11\/2013\/04\/f-7-scaled.jpg?fit=2560%2C1216\" \/>\n\t<meta property=\"og:image:width\" content=\"2560\" \/>\n\t<meta property=\"og:image:height\" content=\"1216\" \/>\n\t<meta property=\"og:image:type\" content=\"image\/jpeg\" \/>\n<meta name=\"author\" content=\"Francisco Javier Fern\u00e1ndez Chento\" \/>\n<meta name=\"twitter:card\" content=\"summary_large_image\" \/>\n<meta name=\"twitter:creator\" content=\"@https:\/\/twitter.com\/javierchento\" \/>\n<meta name=\"twitter:site\" content=\"@WeVincentians\" \/>\n<meta name=\"twitter:label1\" content=\"Escrito por\" \/>\n\t<meta name=\"twitter:data1\" content=\"Francisco Javier Fern\u00e1ndez Chento\" \/>\n\t<meta name=\"twitter:label2\" content=\"Tiempo de lectura\" \/>\n\t<meta name=\"twitter:data2\" content=\"24 minutos\" \/>\n<script type=\"application\/ld+json\" class=\"yoast-schema-graph\">{\"@context\":\"https:\/\/schema.org\",\"@graph\":[{\"@type\":\"Article\",\"@id\":\"http:\/\/vincentians.com\/es\/gobierno-de-la-congregacion-segun-las-nuevas-constituciones\/#article\",\"isPartOf\":{\"@id\":\"http:\/\/vincentians.com\/es\/gobierno-de-la-congregacion-segun-las-nuevas-constituciones\/\"},\"author\":{\"name\":\"Francisco Javier Fern\u00e1ndez Chento\",\"@id\":\"http:\/\/vincentians.com\/es\/#\/schema\/person\/9623ef4d9aa3b2dfb8c061f1499288f2\"},\"headline\":\"Gobierno de la Congregaci\u00f3n seg\u00fan las nuevas constituciones\",\"datePublished\":\"2024-09-23T06:50:12+00:00\",\"mainEntityOfPage\":{\"@id\":\"http:\/\/vincentians.com\/es\/gobierno-de-la-congregacion-segun-las-nuevas-constituciones\/\"},\"wordCount\":5336,\"commentCount\":0,\"publisher\":{\"@id\":\"http:\/\/vincentians.com\/es\/#organization\"},\"image\":{\"@id\":\"http:\/\/vincentians.com\/es\/gobierno-de-la-congregacion-segun-las-nuevas-constituciones\/#primaryimage\"},\"thumbnailUrl\":\"https:\/\/i0.wp.com\/vincentians.com\/es\/wp-content\/uploads\/sites\/11\/2013\/04\/f-7-scaled.jpg?fit=2560%2C1216\",\"keywords\":[\"Abelly\",\"Almer\u00e1s\",\"Dehorgny\",\"Durando\",\"Portail\",\"San L\u00e1zaro\",\"Urbano VIII\"],\"articleSection\":[\"Congregaci\u00f3n de la Misi\u00f3n\"],\"inLanguage\":\"es\",\"potentialAction\":[{\"@type\":\"CommentAction\",\"name\":\"Comment\",\"target\":[\"http:\/\/vincentians.com\/es\/gobierno-de-la-congregacion-segun-las-nuevas-constituciones\/#respond\"]}]},{\"@type\":\"WebPage\",\"@id\":\"http:\/\/vincentians.com\/es\/gobierno-de-la-congregacion-segun-las-nuevas-constituciones\/\",\"url\":\"http:\/\/vincentians.com\/es\/gobierno-de-la-congregacion-segun-las-nuevas-constituciones\/\",\"name\":\"Gobierno de la Congregaci\u00f3n seg\u00fan las nuevas constituciones - Somos Vicencianos\",\"isPartOf\":{\"@id\":\"http:\/\/vincentians.com\/es\/#website\"},\"primaryImageOfPage\":{\"@id\":\"http:\/\/vincentians.com\/es\/gobierno-de-la-congregacion-segun-las-nuevas-constituciones\/#primaryimage\"},\"image\":{\"@id\":\"http:\/\/vincentians.com\/es\/gobierno-de-la-congregacion-segun-las-nuevas-constituciones\/#primaryimage\"},\"thumbnailUrl\":\"https:\/\/i0.wp.com\/vincentians.com\/es\/wp-content\/uploads\/sites\/11\/2013\/04\/f-7-scaled.jpg?fit=2560%2C1216\",\"datePublished\":\"2024-09-23T06:50:12+00:00\",\"breadcrumb\":{\"@id\":\"http:\/\/vincentians.com\/es\/gobierno-de-la-congregacion-segun-las-nuevas-constituciones\/#breadcrumb\"},\"inLanguage\":\"es\",\"potentialAction\":[{\"@type\":\"ReadAction\",\"target\":[\"http:\/\/vincentians.com\/es\/gobierno-de-la-congregacion-segun-las-nuevas-constituciones\/\"]}]},{\"@type\":\"ImageObject\",\"inLanguage\":\"es\",\"@id\":\"http:\/\/vincentians.com\/es\/gobierno-de-la-congregacion-segun-las-nuevas-constituciones\/#primaryimage\",\"url\":\"https:\/\/i0.wp.com\/vincentians.com\/es\/wp-content\/uploads\/sites\/11\/2013\/04\/f-7-scaled.jpg?fit=2560%2C1216\",\"contentUrl\":\"https:\/\/i0.wp.com\/vincentians.com\/es\/wp-content\/uploads\/sites\/11\/2013\/04\/f-7-scaled.jpg?fit=2560%2C1216\",\"width\":2560,\"height\":1216},{\"@type\":\"BreadcrumbList\",\"@id\":\"http:\/\/vincentians.com\/es\/gobierno-de-la-congregacion-segun-las-nuevas-constituciones\/#breadcrumb\",\"itemListElement\":[{\"@type\":\"ListItem\",\"position\":1,\"name\":\"Portada\",\"item\":\"http:\/\/vincentians.com\/es\/\"},{\"@type\":\"ListItem\",\"position\":2,\"name\":\"Gobierno de la Congregaci\u00f3n seg\u00fan las nuevas constituciones\"}]},{\"@type\":\"WebSite\",\"@id\":\"http:\/\/vincentians.com\/es\/#website\",\"url\":\"http:\/\/vincentians.com\/es\/\",\"name\":\"Somos Vicencianos\",\"description\":\"Know more to serve more\",\"publisher\":{\"@id\":\"http:\/\/vincentians.com\/es\/#organization\"},\"potentialAction\":[{\"@type\":\"SearchAction\",\"target\":{\"@type\":\"EntryPoint\",\"urlTemplate\":\"http:\/\/vincentians.com\/es\/?s={search_term_string}\"},\"query-input\":{\"@type\":\"PropertyValueSpecification\",\"valueRequired\":true,\"valueName\":\"search_term_string\"}}],\"inLanguage\":\"es\"},{\"@type\":\"Organization\",\"@id\":\"http:\/\/vincentians.com\/es\/#organization\",\"name\":\"The Vincentian Network\",\"url\":\"http:\/\/vincentians.com\/es\/\",\"logo\":{\"@type\":\"ImageObject\",\"inLanguage\":\"es\",\"@id\":\"http:\/\/vincentians.com\/es\/#\/schema\/logo\/image\/\",\"url\":\"https:\/\/i1.wp.com\/vincentians.com\/es\/wp-content\/uploads\/sites\/11\/2016\/06\/Vincentian-Network-logo-big.png?fit=778%2C778\",\"contentUrl\":\"https:\/\/i1.wp.com\/vincentians.com\/es\/wp-content\/uploads\/sites\/11\/2016\/06\/Vincentian-Network-logo-big.png?fit=778%2C778\",\"width\":778,\"height\":778,\"caption\":\"The Vincentian Network\"},\"image\":{\"@id\":\"http:\/\/vincentians.com\/es\/#\/schema\/logo\/image\/\"},\"sameAs\":[\"https:\/\/www.facebook.com\/WeAreVincentians\/\",\"https:\/\/x.com\/WeVincentians\"]},{\"@type\":\"Person\",\"@id\":\"http:\/\/vincentians.com\/es\/#\/schema\/person\/9623ef4d9aa3b2dfb8c061f1499288f2\",\"name\":\"Francisco Javier Fern\u00e1ndez Chento\",\"image\":{\"@type\":\"ImageObject\",\"inLanguage\":\"es\",\"@id\":\"http:\/\/vincentians.com\/es\/#\/schema\/person\/image\/\",\"url\":\"https:\/\/secure.gravatar.com\/avatar\/497d5cde87b4c3d097d0315953521681ba2cd523ee66e5077c3711f7021e65de?s=96&d=mm&r=g\",\"contentUrl\":\"https:\/\/secure.gravatar.com\/avatar\/497d5cde87b4c3d097d0315953521681ba2cd523ee66e5077c3711f7021e65de?s=96&d=mm&r=g\",\"caption\":\"Francisco Javier Fern\u00e1ndez Chento\"},\"description\":\"Director General y cofundador de La Red de Formaci\u00f3n Vicenciana. Javier es laico vicenciano, afiliado a la Congregaci\u00f3n de la Misi\u00f3n y miembro del Equipo de Misiones Populares de la provincia can\u00f3nica de Zaragoza (Espa\u00f1a) de la Congregaci\u00f3n de la Misi\u00f3n. Graduado en la Universidad Oberta de Catalunya con cuatro grados (Asistente de direcci\u00f3n, Gesti\u00f3n Administrativa, Recursos Humanos y Contabilidad Avanzada). Bil\u00edng\u00fce Espa\u00f1ol\/Ingl\u00e9s. gestiona y mantiene varias p\u00e1ginas web cristianas y vicencianas, incluida including La Red de Formaci\u00f3n Vicenciana, de la que es cofundador. Actualmente es responsable del \u00e1rea de Espa\u00f1ol de .famvin, la Red de Noticias de la Familia Vicenciana. Tambi\u00e9n es m\u00fasico cat\u00f3lico y ha editado varios discos. Es Director General y cofundador de Trovador, una reconocida compa\u00f1\u00eda discogr\u00e1fica critiana de Espa\u00f1a. Trabaja en las Tecnolog\u00edas de la Informaci\u00f3n, ofreciendo servicios de alojamiento, dise\u00f1o y mantenimiento Web, as\u00ed como asesoramiento, formaci\u00f3n y soluciones inform\u00e1ticas, gesti\u00f3n documental y digitalizaci\u00f3n de textos, edici\u00f3n y maquetaci\u00f3n de libros, revistas, flyers, etc.\",\"sameAs\":[\"http:\/\/chento.org\",\"https:\/\/www.facebook.com\/JavierChento\",\"https:\/\/x.com\/https:\/\/twitter.com\/javierchento\"],\"url\":\"http:\/\/vincentians.com\/es\/author\/chento\/\"}]}<\/script>\n<!-- \/ Yoast SEO plugin. -->","yoast_head_json":{"title":"Gobierno de la Congregaci\u00f3n seg\u00fan las nuevas constituciones - Somos Vicencianos","robots":{"index":"index","follow":"follow","max-snippet":"max-snippet:-1","max-image-preview":"max-image-preview:large","max-video-preview":"max-video-preview:-1"},"canonical":"http:\/\/vincentians.com\/es\/gobierno-de-la-congregacion-segun-las-nuevas-constituciones\/","og_locale":"es_ES","og_type":"article","og_title":"Gobierno de la Congregaci\u00f3n seg\u00fan las nuevas constituciones - Somos Vicencianos","og_description":"El gobierno es una parte importante del derecho particular de la Congregaci\u00f3n de la Misi\u00f3n. \u00c9sta es a imagen de la Iglesia cuyas estructuras jer\u00e1rquicas son bien conocidas. Pero tiene la obligaci\u00f3n de estar particularmente ... Read More","og_url":"http:\/\/vincentians.com\/es\/gobierno-de-la-congregacion-segun-las-nuevas-constituciones\/","og_site_name":"Somos Vicencianos","article_publisher":"https:\/\/www.facebook.com\/WeAreVincentians\/","article_author":"https:\/\/www.facebook.com\/JavierChento","article_published_time":"2024-09-23T06:50:12+00:00","og_image":[{"width":2560,"height":1216,"url":"https:\/\/i0.wp.com\/vincentians.com\/es\/wp-content\/uploads\/sites\/11\/2013\/04\/f-7-scaled.jpg?fit=2560%2C1216","type":"image\/jpeg"}],"author":"Francisco Javier Fern\u00e1ndez Chento","twitter_card":"summary_large_image","twitter_creator":"@https:\/\/twitter.com\/javierchento","twitter_site":"@WeVincentians","twitter_misc":{"Escrito por":"Francisco Javier Fern\u00e1ndez Chento","Tiempo de lectura":"24 minutos"},"schema":{"@context":"https:\/\/schema.org","@graph":[{"@type":"Article","@id":"http:\/\/vincentians.com\/es\/gobierno-de-la-congregacion-segun-las-nuevas-constituciones\/#article","isPartOf":{"@id":"http:\/\/vincentians.com\/es\/gobierno-de-la-congregacion-segun-las-nuevas-constituciones\/"},"author":{"name":"Francisco Javier Fern\u00e1ndez Chento","@id":"http:\/\/vincentians.com\/es\/#\/schema\/person\/9623ef4d9aa3b2dfb8c061f1499288f2"},"headline":"Gobierno de la Congregaci\u00f3n seg\u00fan las nuevas constituciones","datePublished":"2024-09-23T06:50:12+00:00","mainEntityOfPage":{"@id":"http:\/\/vincentians.com\/es\/gobierno-de-la-congregacion-segun-las-nuevas-constituciones\/"},"wordCount":5336,"commentCount":0,"publisher":{"@id":"http:\/\/vincentians.com\/es\/#organization"},"image":{"@id":"http:\/\/vincentians.com\/es\/gobierno-de-la-congregacion-segun-las-nuevas-constituciones\/#primaryimage"},"thumbnailUrl":"https:\/\/i0.wp.com\/vincentians.com\/es\/wp-content\/uploads\/sites\/11\/2013\/04\/f-7-scaled.jpg?fit=2560%2C1216","keywords":["Abelly","Almer\u00e1s","Dehorgny","Durando","Portail","San L\u00e1zaro","Urbano VIII"],"articleSection":["Congregaci\u00f3n de la Misi\u00f3n"],"inLanguage":"es","potentialAction":[{"@type":"CommentAction","name":"Comment","target":["http:\/\/vincentians.com\/es\/gobierno-de-la-congregacion-segun-las-nuevas-constituciones\/#respond"]}]},{"@type":"WebPage","@id":"http:\/\/vincentians.com\/es\/gobierno-de-la-congregacion-segun-las-nuevas-constituciones\/","url":"http:\/\/vincentians.com\/es\/gobierno-de-la-congregacion-segun-las-nuevas-constituciones\/","name":"Gobierno de la Congregaci\u00f3n seg\u00fan las nuevas constituciones - Somos Vicencianos","isPartOf":{"@id":"http:\/\/vincentians.com\/es\/#website"},"primaryImageOfPage":{"@id":"http:\/\/vincentians.com\/es\/gobierno-de-la-congregacion-segun-las-nuevas-constituciones\/#primaryimage"},"image":{"@id":"http:\/\/vincentians.com\/es\/gobierno-de-la-congregacion-segun-las-nuevas-constituciones\/#primaryimage"},"thumbnailUrl":"https:\/\/i0.wp.com\/vincentians.com\/es\/wp-content\/uploads\/sites\/11\/2013\/04\/f-7-scaled.jpg?fit=2560%2C1216","datePublished":"2024-09-23T06:50:12+00:00","breadcrumb":{"@id":"http:\/\/vincentians.com\/es\/gobierno-de-la-congregacion-segun-las-nuevas-constituciones\/#breadcrumb"},"inLanguage":"es","potentialAction":[{"@type":"ReadAction","target":["http:\/\/vincentians.com\/es\/gobierno-de-la-congregacion-segun-las-nuevas-constituciones\/"]}]},{"@type":"ImageObject","inLanguage":"es","@id":"http:\/\/vincentians.com\/es\/gobierno-de-la-congregacion-segun-las-nuevas-constituciones\/#primaryimage","url":"https:\/\/i0.wp.com\/vincentians.com\/es\/wp-content\/uploads\/sites\/11\/2013\/04\/f-7-scaled.jpg?fit=2560%2C1216","contentUrl":"https:\/\/i0.wp.com\/vincentians.com\/es\/wp-content\/uploads\/sites\/11\/2013\/04\/f-7-scaled.jpg?fit=2560%2C1216","width":2560,"height":1216},{"@type":"BreadcrumbList","@id":"http:\/\/vincentians.com\/es\/gobierno-de-la-congregacion-segun-las-nuevas-constituciones\/#breadcrumb","itemListElement":[{"@type":"ListItem","position":1,"name":"Portada","item":"http:\/\/vincentians.com\/es\/"},{"@type":"ListItem","position":2,"name":"Gobierno de la Congregaci\u00f3n seg\u00fan las nuevas constituciones"}]},{"@type":"WebSite","@id":"http:\/\/vincentians.com\/es\/#website","url":"http:\/\/vincentians.com\/es\/","name":"Somos Vicencianos","description":"Know more to serve more","publisher":{"@id":"http:\/\/vincentians.com\/es\/#organization"},"potentialAction":[{"@type":"SearchAction","target":{"@type":"EntryPoint","urlTemplate":"http:\/\/vincentians.com\/es\/?s={search_term_string}"},"query-input":{"@type":"PropertyValueSpecification","valueRequired":true,"valueName":"search_term_string"}}],"inLanguage":"es"},{"@type":"Organization","@id":"http:\/\/vincentians.com\/es\/#organization","name":"The Vincentian Network","url":"http:\/\/vincentians.com\/es\/","logo":{"@type":"ImageObject","inLanguage":"es","@id":"http:\/\/vincentians.com\/es\/#\/schema\/logo\/image\/","url":"https:\/\/i1.wp.com\/vincentians.com\/es\/wp-content\/uploads\/sites\/11\/2016\/06\/Vincentian-Network-logo-big.png?fit=778%2C778","contentUrl":"https:\/\/i1.wp.com\/vincentians.com\/es\/wp-content\/uploads\/sites\/11\/2016\/06\/Vincentian-Network-logo-big.png?fit=778%2C778","width":778,"height":778,"caption":"The Vincentian Network"},"image":{"@id":"http:\/\/vincentians.com\/es\/#\/schema\/logo\/image\/"},"sameAs":["https:\/\/www.facebook.com\/WeAreVincentians\/","https:\/\/x.com\/WeVincentians"]},{"@type":"Person","@id":"http:\/\/vincentians.com\/es\/#\/schema\/person\/9623ef4d9aa3b2dfb8c061f1499288f2","name":"Francisco Javier Fern\u00e1ndez Chento","image":{"@type":"ImageObject","inLanguage":"es","@id":"http:\/\/vincentians.com\/es\/#\/schema\/person\/image\/","url":"https:\/\/secure.gravatar.com\/avatar\/497d5cde87b4c3d097d0315953521681ba2cd523ee66e5077c3711f7021e65de?s=96&d=mm&r=g","contentUrl":"https:\/\/secure.gravatar.com\/avatar\/497d5cde87b4c3d097d0315953521681ba2cd523ee66e5077c3711f7021e65de?s=96&d=mm&r=g","caption":"Francisco Javier Fern\u00e1ndez Chento"},"description":"Director General y cofundador de La Red de Formaci\u00f3n Vicenciana. Javier es laico vicenciano, afiliado a la Congregaci\u00f3n de la Misi\u00f3n y miembro del Equipo de Misiones Populares de la provincia can\u00f3nica de Zaragoza (Espa\u00f1a) de la Congregaci\u00f3n de la Misi\u00f3n. Graduado en la Universidad Oberta de Catalunya con cuatro grados (Asistente de direcci\u00f3n, Gesti\u00f3n Administrativa, Recursos Humanos y Contabilidad Avanzada). Bil\u00edng\u00fce Espa\u00f1ol\/Ingl\u00e9s. gestiona y mantiene varias p\u00e1ginas web cristianas y vicencianas, incluida including La Red de Formaci\u00f3n Vicenciana, de la que es cofundador. Actualmente es responsable del \u00e1rea de Espa\u00f1ol de .famvin, la Red de Noticias de la Familia Vicenciana. Tambi\u00e9n es m\u00fasico cat\u00f3lico y ha editado varios discos. Es Director General y cofundador de Trovador, una reconocida compa\u00f1\u00eda discogr\u00e1fica critiana de Espa\u00f1a. Trabaja en las Tecnolog\u00edas de la Informaci\u00f3n, ofreciendo servicios de alojamiento, dise\u00f1o y mantenimiento Web, as\u00ed como asesoramiento, formaci\u00f3n y soluciones inform\u00e1ticas, gesti\u00f3n documental y digitalizaci\u00f3n de textos, edici\u00f3n y maquetaci\u00f3n de libros, revistas, flyers, etc.","sameAs":["http:\/\/chento.org","https:\/\/www.facebook.com\/JavierChento","https:\/\/x.com\/https:\/\/twitter.com\/javierchento"],"url":"http:\/\/vincentians.com\/es\/author\/chento\/"}]}},"jetpack_publicize_connections":[],"jetpack_featured_media_url":"https:\/\/i0.wp.com\/vincentians.com\/es\/wp-content\/uploads\/sites\/11\/2013\/04\/f-7-scaled.jpg?fit=2560%2C1216","jetpack_sharing_enabled":true,"jetpack_shortlink":"https:\/\/wp.me\/p7ETMF-dPV","jetpack-related-posts":[{"id":131332,"url":"http:\/\/vincentians.com\/es\/vida-fraterna-en-comun\/","url_meta":{"origin":53191,"position":0},"title":"Vida fraterna en com\u00fan","author":"Francisco Javier Fern\u00e1ndez Chento","date":"01\/10\/2014","format":false,"excerpt":"\"Mientras sub\u00eda a la monta\u00f1a fue llamando a los que \u00e9l quiso y se reunieron con \u00e9l. Design\u00f3 a doce para que fueran sus compa\u00f1eros y para enviarles a predicar con poder de expulsar demonios\". (Mc. 7, 13.15). \"La Congregaci\u00f3n de la Misi\u00f3n es una sociedad clerical de vida apost\u00f3lica\u2026","rel":"","context":"En \u00abEspiritualidad vicenciana\u00bb","block_context":{"text":"Espiritualidad vicenciana","link":"http:\/\/vincentians.com\/es\/category\/espiritualidad\/espiritualidad-vicenciana\/"},"img":{"alt_text":"duccio296","src":"https:\/\/i0.wp.com\/vicencianos.org\/wp-content\/2014\/10\/duccio296-300x240.jpg?resize=350%2C200","width":350,"height":200},"classes":[]},{"id":131328,"url":"http:\/\/vincentians.com\/es\/descubridores-de-nuevos-caminos\/","url_meta":{"origin":53191,"position":1},"title":"Descubridores de nuevos caminos","author":"Francisco Javier Fern\u00e1ndez Chento","date":"06\/02\/2015","format":false,"excerpt":"\"No apagu\u00e9is el esp\u00edritu, no teng\u00e1is en poco los mensajes inspirados; pero examinadlo todo, retener lo que haya de bueno y manteneos lejos de toda clase de mal\". (II Tes 5,19-22). \"Supuesto este fin, la Congregaci\u00f3n de la Misi\u00f3n, atendiendo siempre al Evangelio, a los signos de los tiempos y\u2026","rel":"","context":"En \u00abEspiritualidad vicenciana\u00bb","block_context":{"text":"Espiritualidad vicenciana","link":"http:\/\/vincentians.com\/es\/category\/espiritualidad\/espiritualidad-vicenciana\/"},"img":{"alt_text":"nuevos caminos","src":"https:\/\/i0.wp.com\/vicencianos.org\/wp-content\/2014\/09\/nuevos-caminos-300x223.jpg?resize=350%2C200","width":350,"height":200},"classes":[]},{"id":124417,"url":"http:\/\/vincentians.com\/es\/de-la-religion-de-san-pedro-ii\/","url_meta":{"origin":53191,"position":2},"title":"De la religi\u00f3n de san Pedro (II)","author":"Francisco Javier Fern\u00e1ndez Chento","date":"19\/04\/2023","format":false,"excerpt":"SECULARIDAD DE LA CONGREGACI\u00d3N DE LA MISI\u00d3N Ser\u00e1 del cuerpo del clero secular (X, 437) 14.- Son muchas las veces que san Vicente dijo que los misioneros no eran religiosos, sino del clero secular. El Breve \"Ex Commissa Nobis\" afirma que, no obstante los votos simples de pobreza, castidad, obediencia\u2026","rel":"","context":"En \u00abFormaci\u00f3n Vicenciana\u00bb","block_context":{"text":"Formaci\u00f3n Vicenciana","link":"http:\/\/vincentians.com\/es\/category\/formacion-vicenciana\/"},"img":{"alt_text":"","src":"https:\/\/i0.wp.com\/vincentians.com\/es\/wp-content\/uploads\/sites\/11\/2013\/05\/Almeria-2.jpg?fit=600%2C400&resize=350%2C200","width":350,"height":200,"srcset":"https:\/\/i0.wp.com\/vincentians.com\/es\/wp-content\/uploads\/sites\/11\/2013\/05\/Almeria-2.jpg?fit=600%2C400&resize=350%2C200 1x, https:\/\/i0.wp.com\/vincentians.com\/es\/wp-content\/uploads\/sites\/11\/2013\/05\/Almeria-2.jpg?fit=600%2C400&resize=525%2C300 1.5x"},"classes":[]},{"id":131634,"url":"http:\/\/vincentians.com\/es\/al-servicio-de-la-iglesia-universal\/","url_meta":{"origin":53191,"position":3},"title":"Al servicio de la Iglesia universal","author":"Francisco Javier Fern\u00e1ndez Chento","date":"17\/10\/2014","format":false,"excerpt":"\"Convoc\u00f3 a los Doce y les dio poder y autoridad sobre toda clase de demonios y para curar enfermedades. Luego los envi\u00f3 a proclamar el reinado de Dios y curar a los enfermos, dici\u00e9ndoles: No coj\u00e1is nada en el camino ni bast\u00f3n, ni alforja, ni pan, ni dinero, ni llev\u00e9is\u2026","rel":"","context":"En \u00abEspiritualidad vicenciana\u00bb","block_context":{"text":"Espiritualidad vicenciana","link":"http:\/\/vincentians.com\/es\/category\/espiritualidad\/espiritualidad-vicenciana\/"},"img":{"alt_text":"iglesia1","src":"https:\/\/i0.wp.com\/vicencianos.org\/wp-content\/2014\/10\/iglesia1-240x300.jpg?resize=350%2C200","width":350,"height":200},"classes":[]},{"id":131336,"url":"http:\/\/vincentians.com\/es\/de-la-religion-de-san-pedro\/","url_meta":{"origin":53191,"position":4},"title":"\u00abDe la religi\u00f3n de san Pedro\u00bb","author":"Francisco Javier Fern\u00e1ndez Chento","date":"24\/05\/2015","format":false,"excerpt":"\"Fue \u00e9l quien dio a unos como ap\u00f3stoles, otros como profetas, a otros como evangelistas, a otros como pastores y maestros con el fin de equipar a los consagrados para la tarea del servicio, para constituir el cuerpo del Mes\u00edas\". (Ef 4,11-12). \"La Congregaci\u00f3n de la Misi\u00f3n, seg\u00fan una tradici\u00f3n\u2026","rel":"","context":"En \u00abEspiritualidad vicenciana\u00bb","block_context":{"text":"Espiritualidad vicenciana","link":"http:\/\/vincentians.com\/es\/category\/espiritualidad\/espiritualidad-vicenciana\/"},"img":{"alt_text":"logocm","src":"https:\/\/i0.wp.com\/vicencianos.org\/wp-content\/2011\/04\/logocm-237x300.jpg?resize=350%2C200","width":350,"height":200},"classes":[]},{"id":387232,"url":"http:\/\/vincentians.com\/es\/todos-corresponsables\/","url_meta":{"origin":53191,"position":5},"title":"Todos corresponsables","author":"Mitxel Olabu\u00e9naga","date":"26\/03\/2016","format":false,"excerpt":"En la Comunidad, Dios ha establecido a algunos, en primer lugar, como ap\u00f3stoles; en segundo lugar, como profetas; en tercer lugar, como maestros luego hay milagros, luego hay dones de curar, asistencias, funciones, directivas, diferentes lenguas. \u00bfSon todos ap\u00f3stoles? \u00bfSon todos profetas? \u00bfSon todos maestros? \u00bfHacen todos milagros? \u00bfTienen todos\u2026","rel":"","context":"En \u00abEspiritualidad\u00bb","block_context":{"text":"Espiritualidad","link":"http:\/\/vincentians.com\/es\/category\/espiritualidad\/"},"img":{"alt_text":"asd","src":"https:\/\/i0.wp.com\/vicencianos.org\/wp-content\/uploads\/2016\/03\/asd-300x138.png?resize=350%2C200","width":350,"height":200},"classes":[]}],"_links":{"self":[{"href":"http:\/\/vincentians.com\/es\/wp-json\/wp\/v2\/posts\/53191","targetHints":{"allow":["GET"]}}],"collection":[{"href":"http:\/\/vincentians.com\/es\/wp-json\/wp\/v2\/posts"}],"about":[{"href":"http:\/\/vincentians.com\/es\/wp-json\/wp\/v2\/types\/post"}],"author":[{"embeddable":true,"href":"http:\/\/vincentians.com\/es\/wp-json\/wp\/v2\/users\/4"}],"replies":[{"embeddable":true,"href":"http:\/\/vincentians.com\/es\/wp-json\/wp\/v2\/comments?post=53191"}],"version-history":[{"count":1,"href":"http:\/\/vincentians.com\/es\/wp-json\/wp\/v2\/posts\/53191\/revisions"}],"predecessor-version":[{"id":405511,"href":"http:\/\/vincentians.com\/es\/wp-json\/wp\/v2\/posts\/53191\/revisions\/405511"}],"wp:featuredmedia":[{"embeddable":true,"href":"http:\/\/vincentians.com\/es\/wp-json\/wp\/v2\/media\/404119"}],"wp:attachment":[{"href":"http:\/\/vincentians.com\/es\/wp-json\/wp\/v2\/media?parent=53191"}],"wp:term":[{"taxonomy":"category","embeddable":true,"href":"http:\/\/vincentians.com\/es\/wp-json\/wp\/v2\/categories?post=53191"},{"taxonomy":"post_tag","embeddable":true,"href":"http:\/\/vincentians.com\/es\/wp-json\/wp\/v2\/tags?post=53191"}],"curies":[{"name":"wp","href":"https:\/\/api.w.org\/{rel}","templated":true}]}}