{"id":51273,"date":"2019-10-11T08:51:29","date_gmt":"2019-10-11T06:51:29","guid":{"rendered":"http:\/\/somos.vicencianos.org\/blog\/2011\/09\/doctrina-espiritual-de-vicente-de-paul-2\/"},"modified":"2019-09-09T09:24:44","modified_gmt":"2019-09-09T07:24:44","slug":"el-canto-liturgico-en-la-epoca-barroca","status":"publish","type":"post","link":"http:\/\/vincentians.com\/es\/el-canto-liturgico-en-la-epoca-barroca\/","title":{"rendered":"El canto lit\u00fargico en la \u00e9poca barroca"},"content":{"rendered":"<p>La decadencia del canto lit\u00fargico \u00abgregoriano\u00bb era un he\u00adcho a partir del siglo XII. El Gregoriano en su evoluci\u00f3n dio co\u00admo fruto natural la aparici\u00f3n de la polifon\u00eda. Esta acapar\u00f3 pronto el repertorio de las \u00abcapillas\u00bb catedralicias y, con el des\u00adpertar del renacimiento, el de las cortes principescas y se\u00f1o\u00adriales, para luego extenderse, como sucedi\u00f3 en Roma, a casi todas las iglesias. El canto lit\u00fargico segu\u00edase interpretando pe\u00adro no con aquella frescura de anta\u00f1o: el estilo de cantar la po\u00adlifon\u00eda se introdujo en la pr\u00e1ctica del canto lit\u00fargico, perdien\u00addo \u00e9ste aquel ritmo suyo, libre, por un ritmo que tiende a la cuadratura: ritmo llamado \u00abmensurado\u00bb, esto es, medido, len\u00adto y en estilo popular, que recuerda el \u00abcantus firmus\u00bb, pesado, como cimiento que era del entramado polif\u00f3nico. De esta ma\u00adnera el canto lit\u00fargico, interpretado con lentitud, viene muti\u00adlado en sus largos \u00abmelismas\u00bb, porque ya no tienen sentido, con lo que su devastaci\u00f3n va creciendo no s\u00f3lo hasta el Conci\u00adlio de Trento sino hasta la restauraci\u00f3n comenzada el siglo pa\u00adsado. En tiempos de Vicente el canto lit\u00fargico era en muchas de sus melod\u00edas irreconocible.<span id='easy-footnote-1-51273' class='easy-footnote-margin-adjust'><\/span><span class='easy-footnote'><a href='http:\/\/vincentians.com\/es\/el-canto-liturgico-en-la-epoca-barroca\/#easy-footnote-bottom-1-51273' title='Ver la reproducci\u00f3n del &lt;em&gt;Christus factus est &lt;\/em&gt;de la ed. \u00abMedicea\u00bb.'><sup>1<\/sup><\/a><\/span>\n<p>Los grandes compositores de la \u00e9poca decadente del canto lit\u00fargico apenas se preocupan de \u00e9l, tan s\u00f3lo como fuente de inspiraci\u00f3n para sus composiciones polif\u00f3nicas, y entonces lo tratan en \u00abcantus firmus\u00bb, notas largas, iguales, pesadas, sobre el que se entretejen varias l\u00edneas mel\u00f3dicas. Esta era la pr\u00e1c\u00adtica de la escuela \u00abFlamenca\u00bb, de la \u00abRomana\u00bb y de la \u00abEspa\u00ad\u00f1ola\u00bb. La pr\u00e1ctica del \u00abtropo\u00bb en el Kyrie y en el Gloria ayudar\u00e1 a precipitarse la decadencia a la vez que introduce la os\u00adcuridad del texto. Mucho m\u00e1s peligroso fue para la dignidad del canto lit\u00fargico y la misma liturgia la introducci\u00f3n de tex\u00adtos profanos, como \u00abparodias\u00bb, en medio del texto lit\u00fargico. La polifon\u00eda apartaba al pueblo de la intervenci\u00f3n en la celebra\u00adci\u00f3n por el canto. El lat\u00edn era lengua extra\u00f1a y la polifon\u00eda exi\u00adg\u00eda un serio y largo aprendizaje para personas muy bien dota\u00addas. \u00bfQu\u00e9 hac\u00eda la asamblea durante la celebraci\u00f3n? \u00bfLa mera asistencia?<span id='easy-footnote-2-51273' class='easy-footnote-margin-adjust'><\/span><span class='easy-footnote'><a href='http:\/\/vincentians.com\/es\/el-canto-liturgico-en-la-epoca-barroca\/#easy-footnote-bottom-2-51273' title='Cf. CORTE, A. della, &lt;em&gt;Antologia della Storia della Musica, &lt;\/em&gt;ver varios art\u00edculos de Casimiri, Zarlino, Galilei.'><sup>2<\/sup><\/a><\/span>\n<p>La liturgia luterana y calvinista encontraron un obst\u00e1culo en el lat\u00edn y en el canto lit\u00fargico basado en el texto latino. \u00bfQu\u00e9 hacer? Suprimir el lat\u00edn por la lengua vern\u00e1cula y crear nue\u00advas composiciones o adaptar, si esto era posible, nuevos textos a melod\u00edas lit\u00fargicas o populares. Nace la \u00abmisa protestante\u00bb, el \u00abcoral luterano\u00bb, y la \u00absalmodia\u00bb calvinista. El nuevo tipo de liturgia hizo furor entre el pueblo que se sent\u00eda participar con personalidad en la celebraci\u00f3n. Mientras, la Iglesia cat\u00f3\u00adlica se debat\u00eda entre el desorden y la improvisaci\u00f3n lit\u00fargica. La polifon\u00eda y el canto lit\u00fargico \u2014canto llano\u2014 eran servidos por la \u00abcapilla\u00bb desde el coro. Si faltaba la \u00abcapilla\u00bb supl\u00eda el coro de can\u00f3nigos o de monjes.<\/p>\n<p>Si la asamblea era afortunada quedaba admirada de la bra\u00advura de la \u00abcapilla\u00bb; si no lo era tanto, se contentaba con es\u00adcuchar al clero que cantaba algo que fue canto lit\u00fargico. Las cr\u00edticas de los contempor\u00e1neos a la forma de cantar de unos y de otros es elocuente: escuchando el cardenal Capr\u00e1nica a la \u00abCapilla Papal\u00bb le pareci\u00f3 un piara de cerdos, <em>sacculum por\u00adcellis plenum. <\/em>Tal era la forma de gritar y la imposibilidad de entender el texto.<span id='easy-footnote-3-51273' class='easy-footnote-margin-adjust'><\/span><span class='easy-footnote'><a href='http:\/\/vincentians.com\/es\/el-canto-liturgico-en-la-epoca-barroca\/#easy-footnote-bottom-3-51273' title='Cf. PORTE, J., &lt;em&gt;Encyclop\u00e9die des Musiques sacr\u00e9es, &lt;\/em&gt;II, 404-415. ER\u00adNETTI, Il &lt;em&gt;Canto Gregoriano, &lt;\/em&gt;206 ss. CASIMIRI, &lt;em&gt;Abusi melle composizioni sa\u00adcre, &lt;\/em&gt;en Corte A., op. supra cit., 109.'><sup>3<\/sup><\/a><\/span>\n<p>La reacci\u00f3n contra estos abusos y contra la decadencia del canto lit\u00fargico no se hizo esperar. El Papa Marcelo II, en los pocos d\u00edas que dur\u00f3 su pontificado, amonest\u00f3 severamente a los cantores de la \u00abCapilla Papal\u00bb por el servicio religioso del Viernes Santo, por las canciones alegres y la forma ligera de interpretarlas en contraste con el d\u00eda que recuerda la Pasi\u00f3n del Se\u00f1or, y por la falta de intelecci\u00f3n del texto sagrado. Les exige el Papa que en adelante el texto se pueda oir y entender: <em>quae proferebantur audiri atque percipi possent<\/em>.<span id='easy-footnote-4-51273' class='easy-footnote-margin-adjust'><\/span><span class='easy-footnote'><a href='http:\/\/vincentians.com\/es\/el-canto-liturgico-en-la-epoca-barroca\/#easy-footnote-bottom-4-51273' title='Cf. ROMITA, F., &lt;em&gt;lus musicae liturgicae, &lt;\/em&gt;56.'><sup>4<\/sup><\/a><\/span>\n<p>El Concilio de Trento discuti\u00f3 largamente el valor de la po\u00adlifon\u00eda en la liturgia, habiendo momentos en que la prohibi\u00adci\u00f3n parec\u00eda ya un hecho. En el decreto ya citado <em>De obser\u00advandis et vitandis in celebratione Missae <\/em>se daban los prime\u00adros pasos, bien que gen\u00e9ricos, para una revisi\u00f3n del Gregoria\u00adno en la liturgia, y unas normas para la polifon\u00eda: intelecci\u00f3n del texto, supresi\u00f3n de \u00abtropos\u00bb, y de \u00abmisas parodiadas\u00bb de temas profanos. \u00abAl\u00e9jese de las iglesias aquellas m\u00fasicas, en las que se mezcla, sea con el \u00f3rgano sea con el canto, lo lascivo o impuro, asimismo al\u00e9jese toda acci\u00f3n mundana, conversacio\u00adnes vanas, y m\u00e1s a\u00fan las profanas, paseos, ruidos y gritos, de suerte que la Casa del Se\u00f1or aparezca y sea en verdad, casa de oraci\u00f3n\u00bb.<span id='easy-footnote-5-51273' class='easy-footnote-margin-adjust'><\/span><span class='easy-footnote'><a href='http:\/\/vincentians.com\/es\/el-canto-liturgico-en-la-epoca-barroca\/#easy-footnote-bottom-5-51273' title='Cf. Idem., I. cit., 56-64. ERNETTI, op. cit., 106 ss.'><sup>5<\/sup><\/a><\/span>\n<p>La polifon\u00eda, con la gran \u00abMisa del Papa Marcelo\u00bb de Pa\u00adlestrina, como testimonio, continu\u00f3 su \u00e9poca de oro, mientras que el canto lit\u00fargico, pese a la reforma pretendida por Gre\u00adgorio XIII, sigui\u00f3 su ritmo natural de decadencia y casi liqui\u00addaci\u00f3n.<\/p>\n<p>La Iglesia prescrib\u00eda que los organistas no ejecutaran me\u00adlod\u00edas de sabor profano o ritmos para delectaci\u00f3n de los fie\u00adles. Se volv\u00eda a insistir en la dignidad que el texto lit\u00fargico de\u00adbe tener dentro de la composici\u00f3n polif\u00f3nica: \u00abque el texto pueda ser entendido por todos\u00bb.<span id='easy-footnote-6-51273' class='easy-footnote-margin-adjust'><\/span><span class='easy-footnote'><a href='http:\/\/vincentians.com\/es\/el-canto-liturgico-en-la-epoca-barroca\/#easy-footnote-bottom-6-51273' title='Cf. ROMITA, op. cit., 60.'><sup>6<\/sup><\/a><\/span>\n<p>En la sesi\u00f3n XXIII del 23 de julio de 1563 se prescribe la ense\u00f1anza del canto lit\u00fargico en los seminarios. Decreto que se comienza a aplicar por primera vez en el reci\u00e9n estrenado Seminario Romano y en el colegio Germ\u00e1nico, teniendo el pri\u00admero como maestro al gran Palestrina y como disc\u00edpulo a To\u00adm\u00e1s Luis de Victoria, el cual, terminado el aprendizaje, volve\u00adr\u00eda al Colegio Germ\u00e1nico como ense\u00f1ante.<\/p>\n<p>El 25 de octubre de 1577 el Papa Gregorio XIII encarga a Palestrina y An\u00edbal Zoilo la revisi\u00f3n del Antifonario, Gradual y Salterio, con la \u00abfacultad de seleccionar, corregir y reformar lo que fuera \u00fatil para obtener la pureza del canto lit\u00fargico. Las palabras \u00abseleccionar, corregir y reformar\u00bb fueron entendidas al pie de la letra, no por Palestrina a quien la muerte impidi\u00f3 continuar el trabajo, sino por editores caprichosos que pretendieron dar a la edici\u00f3n no s\u00f3lo car\u00e1cter oficial sino tambi\u00e9n una abundante ganancia monetaria. No eran tiempos para una edici\u00f3n cr\u00edtica: las fuentes no se ten\u00edan a mano, y la interpre\u00adtaci\u00f3n que entonces se daba al canto gregoriano hac\u00eda in\u00fatil toda posibilidad de \u00e9xito.<\/p>\n<p>En 1580 aparece el Gradual de Liechtenstein y en 1614 la llamada <em>Edici\u00f3n Medicea, <\/em>que nunca fue oficial. A esta desgra\u00adciada reforma se opuso desde un principio el embajador de Espa\u00f1a ante la Santa Sede, Don Fernando de las Infantas, quien escribiendo a su se\u00f1or, el rey Felipe, le comunica: \u00ab&#8230;y aunque dicen que solamente mudaran algunas cosas que al pa\u00adrecer no observan el tono, otras el acento y muchedumbre de ligados, que ocurren por euitar prolixidad, ello es de manera que dan con todo lo hecho en el suelo y quedara my diferente de como estava\u00bb.<span id='easy-footnote-7-51273' class='easy-footnote-margin-adjust'><\/span><span class='easy-footnote'><a href='http:\/\/vincentians.com\/es\/el-canto-liturgico-en-la-epoca-barroca\/#easy-footnote-bottom-7-51273' title='Cf. Idem. op. cit., 60-74. GATTI, La &lt;em&gt;M\u00fasica, 111&lt;\/em&gt;&lt;em&gt;&amp;#8211;&lt;\/em&gt;&lt;em&gt;1V , &lt;\/em&gt;ver Palestrina y Vitoria. BERNIER, &lt;em&gt;St. Robert Bellarmin, &lt;\/em&gt;3-43.'><sup>7<\/sup><\/a><\/span> La edici\u00f3n <em>Medicea, <\/em>obra de Fco. Anerio y Soriano, lleva multitud de corruptelas, unas tonales, otras me\u00adl\u00f3dicas y melism\u00e1ticas. Las protestas del rey Felipe II s\u00f3lo sir\u00advieron para quitar el car\u00e1cter oficial por parte de la Iglesia. Lo cierto es que la edici\u00f3n sigui\u00f3 adelante, utiliz\u00e1ndose en multi\u00adtud de iglesias y llegando a ser en el siglo xIx la edici\u00f3n casi \u00fanica. En el siglo xvii a ejemplo de la edici\u00f3n <em>Medicea <\/em>se es\u00adtamparon res\u00famenes y cantorales a\u00fan m\u00e1s mutilados, hasta el punto de no reconocerse las melodias corregidas si se las com\u00adpara con sus originales.<span id='easy-footnote-8-51273' class='easy-footnote-margin-adjust'><\/span><span class='easy-footnote'><a href='http:\/\/vincentians.com\/es\/el-canto-liturgico-en-la-epoca-barroca\/#easy-footnote-bottom-8-51273' title='Cf. I\u00d1IGO, J. J., &lt;em&gt;S. Vicente de Pa\u00fal y la M\u00fasica Sagrada, &lt;\/em&gt;en Tesoro Sacro Musical, julio-agosto, 1962, 70-71. CORTE-PANNAIN, &lt;em&gt;Storia della Mu\u00adsica, 1, &lt;\/em&gt;324-353.'><sup>8<\/sup><\/a><\/span>\n<p>Con el siglo xvii la floreciente polifon\u00eda comienza su oto\u00f1o al mismo tiempo que surge la \u00abmonod\u00eda acompa\u00f1ada\u00bb: es el nuevo estilo que se impondr\u00e1 irreversiblemente en el mundo profano y religioso. El desarrollo del \u00f3rgano y de la orquesta relega el canto lit\u00fargico a las peque\u00f1as iglesias, abad\u00edas y mo\u00adnasterios. Las catedrales que han mantenido hasta el momento la \u00abcapilla\u00bb, la enriquecen con instrumentos de cuerda y de viento: violines, violas y bajos, oboes y fagotes&#8230;, al modo de la \u00abcapilla\u00bb de palacio. El canto lit\u00fargico es el hermano pobre de los d\u00edas feriales en las grandes catedrales e iglesias o el in\u00addispensable de las horas menores, cuando no canta la \u00abcapilla\u00bb y no hay asistencia de fieles. La misa solemne y las v\u00edsperas brillan por una rica y desbordante polifon\u00eda, mientras que el canto lit\u00fargico se supedita al estilo concertante que ha impues\u00adto la pr\u00e1ctica alternada de la \u00abcapilla\u00bb y el coro. El \u00f3rgano acapara para s\u00ed momentos de la Misa y del Oficio: \u00abTocatas\u00bb para antes de la Misa, para la elevaci\u00f3n, \u00abcanci\u00f3n\u00bb para des\u00adpu\u00e9s de la ep\u00edstola, del evangelio, \u00abricercare\u00bb para despu\u00e9s del Credo&#8230; versos para el \u00abmagn\u00edficat\u00bb.<span id='easy-footnote-9-51273' class='easy-footnote-margin-adjust'><\/span><span class='easy-footnote'><a href='http:\/\/vincentians.com\/es\/el-canto-liturgico-en-la-epoca-barroca\/#easy-footnote-bottom-9-51273' title='Ver las composiciones organ\u00edsticas de los siglos XVI y XVII: Antonio de Cabez\u00f3n, Frescobaldi, Gabrielli&amp;#8230;'><sup>9<\/sup><\/a><\/span>\n<p>Un hecho significativo en la \u00e9poca barroca es el desarrollo de la m\u00fasica sagrada en las cortes de los reyes y pr\u00edncipes, cuyos maestros de \u00abcapilla\u00bb dejar\u00e1n poco a poco de ser ecle\u00adsi\u00e1sticos, olvid\u00e1ndose aquel principio fundamental de que la \u00abm\u00fasica debe servir al culto\u00bb. Los cantos polif\u00f3nicos cada d\u00eda m\u00e1s largos van sofocando la celebraci\u00f3n: llegar\u00e1 el momento, ya al final del Barroco, en el que se puede definir a la Misa y al Oficio como un \u00abconcierto sacro con asistencia lit\u00fargica\u00bb.<span id='easy-footnote-10-51273' class='easy-footnote-margin-adjust'><\/span><span class='easy-footnote'><a href='http:\/\/vincentians.com\/es\/el-canto-liturgico-en-la-epoca-barroca\/#easy-footnote-bottom-10-51273' title='Cf. JUNGMANN, op. cit., 125-129.'><sup>10<\/sup><\/a><\/span> A esta mentalidad responde el hecho de ir separando el \u00f3rga\u00adno y la cantor\u00eda del presbiterio hasta colocarse sobre las puer\u00adtas de entrada, \u00abentre el mundo y la iglesia\u00bb.<\/p>\n<p>La Iglesia era consciente del momento en que viv\u00eda y de la evoluci\u00f3n de la m\u00fasica como arte. En cuanto al canto lit\u00fargico o Gregoriano no pod\u00eda hacer otra cosa que luchar por su exis\u00adtencia, y en cuanto a la polifon\u00eda la quer\u00eda siempre en servicio y esplendor de la liturgia.<span id='easy-footnote-11-51273' class='easy-footnote-margin-adjust'><\/span><span class='easy-footnote'><a href='http:\/\/vincentians.com\/es\/el-canto-liturgico-en-la-epoca-barroca\/#easy-footnote-bottom-11-51273' title='Las \u00abCapillas romanas\u00bb han mantenido siempre el canto lit\u00fargico y la polifon\u00eda a \u00abcapella\u00bb, ya sin acompa\u00f1amiento del \u00f3rgano o con acom\u00adpa\u00f1amiento del mismo. En Espa\u00f1a durante el Barroco se introducen en las catedrales los llamados \u00abministriles\u00bb o instrumentistas (ver la obra de H. Angl\u00e9s). Las capillas reales y principescas y muchas capillas de ca\u00adtedrales han pasado a la Historia de la m\u00fasica por su abundante material polif\u00f3nico e instrumental y por sus compositores de recia personalidad. Recordamos en el siglo xvii la \u00abcapella Marciana\u00bb de Venecia y las com\u00adposiciones de Monteverdi (Vespro de la B. M. V.), Viadana, los Gabrieli, Vivaldi&amp;#8230; La \u00abcapella real\u00bb de Versalles con Charpentier (Te Deum, Misa de Navidad&amp;#8230;), Lulli, Campra, Delalande, Du Mont, F. Couperin&amp;#8230; La Abad\u00eda de Montserrat con la producci\u00f3n polif\u00f3nica y orquestal de Cererols, Casanovas, L\u00f3pez. En el siglo xviii la Misa adquiere la forma de gran oratorio, que parece compuesta no ya para la liturgia sino para el con\u00adcierto sacro; no obstante las trece Misas de Haynd son lit\u00fargicas en su intenci\u00f3n y destino y fueron interpretadas en la celebraci\u00f3n. Hoy estas composiciones dif\u00edcilmente caben dentro del marco lit\u00fargico. Esta misma estructura tienen muchas de las composiciones que se conservan en el real monasterio del Escorial como las del P. Soler, Romaneda&amp;#8230; Con el Romanticismo musical el texto de la Misa viene tratado no para la li\u00adturgia sino para el concierto sacro o espiritual: las dos Misas de Beetho\u00adven, las famosas y numerosas misas de Requiem, como las de Cherubini, Mozart, Schumann, Berlioz, Verdi, etc. Muchas de estas composiciones sa\u00adcras muestran la profundidad religiosa y la sinceridad de la fe, aunque admitan efectismos propios de la est\u00e9tica de su \u00e9poca. El &lt;em&gt;Gloria &lt;\/em&gt;de la Misa de Rosini tiene una duraci\u00f3n de cuarenta y cinco minutos, en los que se pierde el sentido religioso y aflora demasiado lo oper\u00edstico.'><sup>11<\/sup><\/a><\/span>\n<p>En tiempos de Urbano VIII (1623-1644) la Congregaci\u00f3n de Ritos dio un decreto se\u00f1alando los abusos a los que era so\u00admetido el canto lit\u00fargico y la misma polifon\u00eda, con gran detri\u00admento del mismo rito sagrado: se alteraba el texto sagrado, se serv\u00eda m\u00fasica ajena al culto, y por tanto espacio de tiempo que interrump\u00eda la marcha de la misma celebraci\u00f3n.<span id='easy-footnote-12-51273' class='easy-footnote-margin-adjust'><\/span><span class='easy-footnote'><a href='http:\/\/vincentians.com\/es\/el-canto-liturgico-en-la-epoca-barroca\/#easy-footnote-bottom-12-51273' title='ROMITA, op. cit., 77: 1. \u00abQuod in multis ecclesiis ad insirviendum lepori musices, alteratur notabiliter Textus Sacrarum Scripturarum mutilando, anteponendo&amp;#8230; alterando verba et adaptando eas modulationi, ita ut non MUSICA SACRAE SCRIPTURAE, SED HAEC ILLI INSERVIRE VIDEATUR\u00bb. 2. \u00abQuod in Misiis solemnibus concentus musicales, quae ad rem non pertinent, misceantur; et in tantum spatium protrahantur, ut sacerdotes otiosi diutius ad Altare distracti haereant, et caeremoniarum ordo inflectatur, ita ut non MUSICA MISSAE, SED MISSA MUSICAE FAMULETUR\u00bb.'><sup>12<\/sup><\/a><\/span> Se inflig\u00eda la norma sagrada de que la m\u00fasica debe servir al texto y a la celebraci\u00f3n lit\u00fargica. La pr\u00e1ctica vigente no pod\u00eda ser m\u00e1s desafortunada: el texto lit\u00fargico y la misma celebraci\u00f3n crea\u00adban el clima para ejecutar la m\u00e1s bella m\u00fasica: Misas y V\u00eds\u00adperas a modo de concierto sacro.<\/p>\n<p>En esta situaci\u00f3n se debat\u00eda el canto lit\u00fargico y la polifon\u00eda cuando Vicente de Pa\u00fal aporta su esp\u00edritu iluminador y su acci\u00f3n din\u00e1mica a la Iglesia de Francia.<\/p>\n","protected":false},"excerpt":{"rendered":"<p>La decadencia del canto lit\u00fargico \u00abgregoriano\u00bb era un he\u00adcho a partir del siglo XII. El Gregoriano en su evoluci\u00f3n dio co\u00admo fruto natural la aparici\u00f3n de la polifon\u00eda. Esta acapar\u00f3 pronto el repertorio de las &#8230; <a href=\"http:\/\/vincentians.com\/es\/el-canto-liturgico-en-la-epoca-barroca\/\" class=\"more-link\">Read More<\/a><\/p>\n","protected":false},"author":4,"featured_media":399797,"comment_status":"open","ping_status":"open","sticky":false,"template":"","format":"standard","meta":{"jetpack_post_was_ever_published":false,"_jetpack_newsletter_access":"","_jetpack_dont_email_post_to_subs":false,"_jetpack_newsletter_tier_id":0,"_jetpack_memberships_contains_paywalled_content":false,"_jetpack_memberships_contains_paid_content":false,"footnotes":"","jetpack_publicize_message":"","jetpack_publicize_feature_enabled":true,"jetpack_social_post_already_shared":true,"jetpack_social_options":{"image_generator_settings":{"template":"highway","default_image_id":0,"font":"","enabled":false},"version":2}},"categories":[17],"tags":[129],"class_list":["post-51273","post","type-post","status-publish","format-standard","has-post-thumbnail","hentry","category-en-tiempos-de-vicente-de-paul","tag-urbano-viii"],"yoast_head":"<!-- This site is optimized with the Yoast SEO plugin v26.3 - https:\/\/yoast.com\/wordpress\/plugins\/seo\/ -->\n<title>El canto lit\u00fargico en la \u00e9poca barroca - Somos Vicencianos<\/title>\n<meta name=\"robots\" content=\"index, follow, max-snippet:-1, max-image-preview:large, max-video-preview:-1\" \/>\n<link rel=\"canonical\" href=\"http:\/\/vincentians.com\/es\/el-canto-liturgico-en-la-epoca-barroca\/\" \/>\n<meta property=\"og:locale\" content=\"es_ES\" \/>\n<meta property=\"og:type\" content=\"article\" \/>\n<meta property=\"og:title\" content=\"El canto lit\u00fargico en la \u00e9poca barroca - Somos Vicencianos\" \/>\n<meta property=\"og:description\" content=\"La decadencia del canto lit\u00fargico \u00abgregoriano\u00bb era un he\u00adcho a partir del siglo XII. El Gregoriano en su evoluci\u00f3n dio co\u00admo fruto natural la aparici\u00f3n de la polifon\u00eda. Esta acapar\u00f3 pronto el repertorio de las ... Read More\" \/>\n<meta property=\"og:url\" content=\"http:\/\/vincentians.com\/es\/el-canto-liturgico-en-la-epoca-barroca\/\" \/>\n<meta property=\"og:site_name\" content=\"Somos Vicencianos\" \/>\n<meta property=\"article:publisher\" content=\"https:\/\/www.facebook.com\/WeAreVincentians\/\" \/>\n<meta property=\"article:author\" content=\"https:\/\/www.facebook.com\/JavierChento\" \/>\n<meta property=\"article:published_time\" content=\"2019-10-11T06:51:29+00:00\" \/>\n<meta property=\"og:image\" content=\"https:\/\/i0.wp.com\/vincentians.com\/es\/wp-content\/uploads\/sites\/11\/2016\/08\/providencia.jpg?fit=1200%2C630\" \/>\n\t<meta property=\"og:image:width\" content=\"1200\" \/>\n\t<meta property=\"og:image:height\" content=\"630\" \/>\n\t<meta property=\"og:image:type\" content=\"image\/jpeg\" \/>\n<meta name=\"author\" content=\"Francisco Javier Fern\u00e1ndez Chento\" \/>\n<meta name=\"twitter:card\" content=\"summary_large_image\" \/>\n<meta name=\"twitter:creator\" content=\"@https:\/\/twitter.com\/javierchento\" \/>\n<meta name=\"twitter:site\" content=\"@WeVincentians\" \/>\n<meta name=\"twitter:label1\" content=\"Escrito por\" \/>\n\t<meta name=\"twitter:data1\" content=\"Francisco Javier Fern\u00e1ndez Chento\" \/>\n\t<meta name=\"twitter:label2\" content=\"Tiempo de lectura\" \/>\n\t<meta name=\"twitter:data2\" content=\"13 minutos\" \/>\n<script type=\"application\/ld+json\" class=\"yoast-schema-graph\">{\"@context\":\"https:\/\/schema.org\",\"@graph\":[{\"@type\":\"Article\",\"@id\":\"http:\/\/vincentians.com\/es\/el-canto-liturgico-en-la-epoca-barroca\/#article\",\"isPartOf\":{\"@id\":\"http:\/\/vincentians.com\/es\/el-canto-liturgico-en-la-epoca-barroca\/\"},\"author\":{\"name\":\"Francisco Javier Fern\u00e1ndez Chento\",\"@id\":\"http:\/\/vincentians.com\/es\/#\/schema\/person\/9623ef4d9aa3b2dfb8c061f1499288f2\"},\"headline\":\"El canto lit\u00fargico en la \u00e9poca barroca\",\"datePublished\":\"2019-10-11T06:51:29+00:00\",\"mainEntityOfPage\":{\"@id\":\"http:\/\/vincentians.com\/es\/el-canto-liturgico-en-la-epoca-barroca\/\"},\"wordCount\":2539,\"commentCount\":0,\"publisher\":{\"@id\":\"http:\/\/vincentians.com\/es\/#organization\"},\"image\":{\"@id\":\"http:\/\/vincentians.com\/es\/el-canto-liturgico-en-la-epoca-barroca\/#primaryimage\"},\"thumbnailUrl\":\"https:\/\/i0.wp.com\/vincentians.com\/es\/wp-content\/uploads\/sites\/11\/2016\/08\/providencia.jpg?fit=1200%2C630\",\"keywords\":[\"Urbano VIII\"],\"articleSection\":[\"En tiempos de Vicente de Pa\u00fal\"],\"inLanguage\":\"es\",\"potentialAction\":[{\"@type\":\"CommentAction\",\"name\":\"Comment\",\"target\":[\"http:\/\/vincentians.com\/es\/el-canto-liturgico-en-la-epoca-barroca\/#respond\"]}]},{\"@type\":\"WebPage\",\"@id\":\"http:\/\/vincentians.com\/es\/el-canto-liturgico-en-la-epoca-barroca\/\",\"url\":\"http:\/\/vincentians.com\/es\/el-canto-liturgico-en-la-epoca-barroca\/\",\"name\":\"El canto lit\u00fargico en la \u00e9poca barroca - Somos Vicencianos\",\"isPartOf\":{\"@id\":\"http:\/\/vincentians.com\/es\/#website\"},\"primaryImageOfPage\":{\"@id\":\"http:\/\/vincentians.com\/es\/el-canto-liturgico-en-la-epoca-barroca\/#primaryimage\"},\"image\":{\"@id\":\"http:\/\/vincentians.com\/es\/el-canto-liturgico-en-la-epoca-barroca\/#primaryimage\"},\"thumbnailUrl\":\"https:\/\/i0.wp.com\/vincentians.com\/es\/wp-content\/uploads\/sites\/11\/2016\/08\/providencia.jpg?fit=1200%2C630\",\"datePublished\":\"2019-10-11T06:51:29+00:00\",\"breadcrumb\":{\"@id\":\"http:\/\/vincentians.com\/es\/el-canto-liturgico-en-la-epoca-barroca\/#breadcrumb\"},\"inLanguage\":\"es\",\"potentialAction\":[{\"@type\":\"ReadAction\",\"target\":[\"http:\/\/vincentians.com\/es\/el-canto-liturgico-en-la-epoca-barroca\/\"]}]},{\"@type\":\"ImageObject\",\"inLanguage\":\"es\",\"@id\":\"http:\/\/vincentians.com\/es\/el-canto-liturgico-en-la-epoca-barroca\/#primaryimage\",\"url\":\"https:\/\/i0.wp.com\/vincentians.com\/es\/wp-content\/uploads\/sites\/11\/2016\/08\/providencia.jpg?fit=1200%2C630\",\"contentUrl\":\"https:\/\/i0.wp.com\/vincentians.com\/es\/wp-content\/uploads\/sites\/11\/2016\/08\/providencia.jpg?fit=1200%2C630\",\"width\":1200,\"height\":630},{\"@type\":\"BreadcrumbList\",\"@id\":\"http:\/\/vincentians.com\/es\/el-canto-liturgico-en-la-epoca-barroca\/#breadcrumb\",\"itemListElement\":[{\"@type\":\"ListItem\",\"position\":1,\"name\":\"Portada\",\"item\":\"http:\/\/vincentians.com\/es\/\"},{\"@type\":\"ListItem\",\"position\":2,\"name\":\"El canto lit\u00fargico en la \u00e9poca barroca\"}]},{\"@type\":\"WebSite\",\"@id\":\"http:\/\/vincentians.com\/es\/#website\",\"url\":\"http:\/\/vincentians.com\/es\/\",\"name\":\"Somos Vicencianos\",\"description\":\"Know more to serve more\",\"publisher\":{\"@id\":\"http:\/\/vincentians.com\/es\/#organization\"},\"potentialAction\":[{\"@type\":\"SearchAction\",\"target\":{\"@type\":\"EntryPoint\",\"urlTemplate\":\"http:\/\/vincentians.com\/es\/?s={search_term_string}\"},\"query-input\":{\"@type\":\"PropertyValueSpecification\",\"valueRequired\":true,\"valueName\":\"search_term_string\"}}],\"inLanguage\":\"es\"},{\"@type\":\"Organization\",\"@id\":\"http:\/\/vincentians.com\/es\/#organization\",\"name\":\"The Vincentian Network\",\"url\":\"http:\/\/vincentians.com\/es\/\",\"logo\":{\"@type\":\"ImageObject\",\"inLanguage\":\"es\",\"@id\":\"http:\/\/vincentians.com\/es\/#\/schema\/logo\/image\/\",\"url\":\"https:\/\/i1.wp.com\/vincentians.com\/es\/wp-content\/uploads\/sites\/11\/2016\/06\/Vincentian-Network-logo-big.png?fit=778%2C778\",\"contentUrl\":\"https:\/\/i1.wp.com\/vincentians.com\/es\/wp-content\/uploads\/sites\/11\/2016\/06\/Vincentian-Network-logo-big.png?fit=778%2C778\",\"width\":778,\"height\":778,\"caption\":\"The Vincentian Network\"},\"image\":{\"@id\":\"http:\/\/vincentians.com\/es\/#\/schema\/logo\/image\/\"},\"sameAs\":[\"https:\/\/www.facebook.com\/WeAreVincentians\/\",\"https:\/\/x.com\/WeVincentians\"]},{\"@type\":\"Person\",\"@id\":\"http:\/\/vincentians.com\/es\/#\/schema\/person\/9623ef4d9aa3b2dfb8c061f1499288f2\",\"name\":\"Francisco Javier Fern\u00e1ndez Chento\",\"image\":{\"@type\":\"ImageObject\",\"inLanguage\":\"es\",\"@id\":\"http:\/\/vincentians.com\/es\/#\/schema\/person\/image\/\",\"url\":\"https:\/\/secure.gravatar.com\/avatar\/497d5cde87b4c3d097d0315953521681ba2cd523ee66e5077c3711f7021e65de?s=96&d=mm&r=g\",\"contentUrl\":\"https:\/\/secure.gravatar.com\/avatar\/497d5cde87b4c3d097d0315953521681ba2cd523ee66e5077c3711f7021e65de?s=96&d=mm&r=g\",\"caption\":\"Francisco Javier Fern\u00e1ndez Chento\"},\"description\":\"Director General y cofundador de La Red de Formaci\u00f3n Vicenciana. Javier es laico vicenciano, afiliado a la Congregaci\u00f3n de la Misi\u00f3n y miembro del Equipo de Misiones Populares de la provincia can\u00f3nica de Zaragoza (Espa\u00f1a) de la Congregaci\u00f3n de la Misi\u00f3n. Graduado en la Universidad Oberta de Catalunya con cuatro grados (Asistente de direcci\u00f3n, Gesti\u00f3n Administrativa, Recursos Humanos y Contabilidad Avanzada). Bil\u00edng\u00fce Espa\u00f1ol\/Ingl\u00e9s. gestiona y mantiene varias p\u00e1ginas web cristianas y vicencianas, incluida including La Red de Formaci\u00f3n Vicenciana, de la que es cofundador. Actualmente es responsable del \u00e1rea de Espa\u00f1ol de .famvin, la Red de Noticias de la Familia Vicenciana. Tambi\u00e9n es m\u00fasico cat\u00f3lico y ha editado varios discos. Es Director General y cofundador de Trovador, una reconocida compa\u00f1\u00eda discogr\u00e1fica critiana de Espa\u00f1a. Trabaja en las Tecnolog\u00edas de la Informaci\u00f3n, ofreciendo servicios de alojamiento, dise\u00f1o y mantenimiento Web, as\u00ed como asesoramiento, formaci\u00f3n y soluciones inform\u00e1ticas, gesti\u00f3n documental y digitalizaci\u00f3n de textos, edici\u00f3n y maquetaci\u00f3n de libros, revistas, flyers, etc.\",\"sameAs\":[\"http:\/\/chento.org\",\"https:\/\/www.facebook.com\/JavierChento\",\"https:\/\/x.com\/https:\/\/twitter.com\/javierchento\"],\"url\":\"http:\/\/vincentians.com\/es\/author\/chento\/\"}]}<\/script>\n<!-- \/ Yoast SEO plugin. -->","yoast_head_json":{"title":"El canto lit\u00fargico en la \u00e9poca barroca - Somos Vicencianos","robots":{"index":"index","follow":"follow","max-snippet":"max-snippet:-1","max-image-preview":"max-image-preview:large","max-video-preview":"max-video-preview:-1"},"canonical":"http:\/\/vincentians.com\/es\/el-canto-liturgico-en-la-epoca-barroca\/","og_locale":"es_ES","og_type":"article","og_title":"El canto lit\u00fargico en la \u00e9poca barroca - Somos Vicencianos","og_description":"La decadencia del canto lit\u00fargico \u00abgregoriano\u00bb era un he\u00adcho a partir del siglo XII. El Gregoriano en su evoluci\u00f3n dio co\u00admo fruto natural la aparici\u00f3n de la polifon\u00eda. Esta acapar\u00f3 pronto el repertorio de las ... Read More","og_url":"http:\/\/vincentians.com\/es\/el-canto-liturgico-en-la-epoca-barroca\/","og_site_name":"Somos Vicencianos","article_publisher":"https:\/\/www.facebook.com\/WeAreVincentians\/","article_author":"https:\/\/www.facebook.com\/JavierChento","article_published_time":"2019-10-11T06:51:29+00:00","og_image":[{"width":1200,"height":630,"url":"https:\/\/i0.wp.com\/vincentians.com\/es\/wp-content\/uploads\/sites\/11\/2016\/08\/providencia.jpg?fit=1200%2C630","type":"image\/jpeg"}],"author":"Francisco Javier Fern\u00e1ndez Chento","twitter_card":"summary_large_image","twitter_creator":"@https:\/\/twitter.com\/javierchento","twitter_site":"@WeVincentians","twitter_misc":{"Escrito por":"Francisco Javier Fern\u00e1ndez Chento","Tiempo de lectura":"13 minutos"},"schema":{"@context":"https:\/\/schema.org","@graph":[{"@type":"Article","@id":"http:\/\/vincentians.com\/es\/el-canto-liturgico-en-la-epoca-barroca\/#article","isPartOf":{"@id":"http:\/\/vincentians.com\/es\/el-canto-liturgico-en-la-epoca-barroca\/"},"author":{"name":"Francisco Javier Fern\u00e1ndez Chento","@id":"http:\/\/vincentians.com\/es\/#\/schema\/person\/9623ef4d9aa3b2dfb8c061f1499288f2"},"headline":"El canto lit\u00fargico en la \u00e9poca barroca","datePublished":"2019-10-11T06:51:29+00:00","mainEntityOfPage":{"@id":"http:\/\/vincentians.com\/es\/el-canto-liturgico-en-la-epoca-barroca\/"},"wordCount":2539,"commentCount":0,"publisher":{"@id":"http:\/\/vincentians.com\/es\/#organization"},"image":{"@id":"http:\/\/vincentians.com\/es\/el-canto-liturgico-en-la-epoca-barroca\/#primaryimage"},"thumbnailUrl":"https:\/\/i0.wp.com\/vincentians.com\/es\/wp-content\/uploads\/sites\/11\/2016\/08\/providencia.jpg?fit=1200%2C630","keywords":["Urbano VIII"],"articleSection":["En tiempos de Vicente de Pa\u00fal"],"inLanguage":"es","potentialAction":[{"@type":"CommentAction","name":"Comment","target":["http:\/\/vincentians.com\/es\/el-canto-liturgico-en-la-epoca-barroca\/#respond"]}]},{"@type":"WebPage","@id":"http:\/\/vincentians.com\/es\/el-canto-liturgico-en-la-epoca-barroca\/","url":"http:\/\/vincentians.com\/es\/el-canto-liturgico-en-la-epoca-barroca\/","name":"El canto lit\u00fargico en la \u00e9poca barroca - Somos Vicencianos","isPartOf":{"@id":"http:\/\/vincentians.com\/es\/#website"},"primaryImageOfPage":{"@id":"http:\/\/vincentians.com\/es\/el-canto-liturgico-en-la-epoca-barroca\/#primaryimage"},"image":{"@id":"http:\/\/vincentians.com\/es\/el-canto-liturgico-en-la-epoca-barroca\/#primaryimage"},"thumbnailUrl":"https:\/\/i0.wp.com\/vincentians.com\/es\/wp-content\/uploads\/sites\/11\/2016\/08\/providencia.jpg?fit=1200%2C630","datePublished":"2019-10-11T06:51:29+00:00","breadcrumb":{"@id":"http:\/\/vincentians.com\/es\/el-canto-liturgico-en-la-epoca-barroca\/#breadcrumb"},"inLanguage":"es","potentialAction":[{"@type":"ReadAction","target":["http:\/\/vincentians.com\/es\/el-canto-liturgico-en-la-epoca-barroca\/"]}]},{"@type":"ImageObject","inLanguage":"es","@id":"http:\/\/vincentians.com\/es\/el-canto-liturgico-en-la-epoca-barroca\/#primaryimage","url":"https:\/\/i0.wp.com\/vincentians.com\/es\/wp-content\/uploads\/sites\/11\/2016\/08\/providencia.jpg?fit=1200%2C630","contentUrl":"https:\/\/i0.wp.com\/vincentians.com\/es\/wp-content\/uploads\/sites\/11\/2016\/08\/providencia.jpg?fit=1200%2C630","width":1200,"height":630},{"@type":"BreadcrumbList","@id":"http:\/\/vincentians.com\/es\/el-canto-liturgico-en-la-epoca-barroca\/#breadcrumb","itemListElement":[{"@type":"ListItem","position":1,"name":"Portada","item":"http:\/\/vincentians.com\/es\/"},{"@type":"ListItem","position":2,"name":"El canto lit\u00fargico en la \u00e9poca barroca"}]},{"@type":"WebSite","@id":"http:\/\/vincentians.com\/es\/#website","url":"http:\/\/vincentians.com\/es\/","name":"Somos Vicencianos","description":"Know more to serve more","publisher":{"@id":"http:\/\/vincentians.com\/es\/#organization"},"potentialAction":[{"@type":"SearchAction","target":{"@type":"EntryPoint","urlTemplate":"http:\/\/vincentians.com\/es\/?s={search_term_string}"},"query-input":{"@type":"PropertyValueSpecification","valueRequired":true,"valueName":"search_term_string"}}],"inLanguage":"es"},{"@type":"Organization","@id":"http:\/\/vincentians.com\/es\/#organization","name":"The Vincentian Network","url":"http:\/\/vincentians.com\/es\/","logo":{"@type":"ImageObject","inLanguage":"es","@id":"http:\/\/vincentians.com\/es\/#\/schema\/logo\/image\/","url":"https:\/\/i1.wp.com\/vincentians.com\/es\/wp-content\/uploads\/sites\/11\/2016\/06\/Vincentian-Network-logo-big.png?fit=778%2C778","contentUrl":"https:\/\/i1.wp.com\/vincentians.com\/es\/wp-content\/uploads\/sites\/11\/2016\/06\/Vincentian-Network-logo-big.png?fit=778%2C778","width":778,"height":778,"caption":"The Vincentian Network"},"image":{"@id":"http:\/\/vincentians.com\/es\/#\/schema\/logo\/image\/"},"sameAs":["https:\/\/www.facebook.com\/WeAreVincentians\/","https:\/\/x.com\/WeVincentians"]},{"@type":"Person","@id":"http:\/\/vincentians.com\/es\/#\/schema\/person\/9623ef4d9aa3b2dfb8c061f1499288f2","name":"Francisco Javier Fern\u00e1ndez Chento","image":{"@type":"ImageObject","inLanguage":"es","@id":"http:\/\/vincentians.com\/es\/#\/schema\/person\/image\/","url":"https:\/\/secure.gravatar.com\/avatar\/497d5cde87b4c3d097d0315953521681ba2cd523ee66e5077c3711f7021e65de?s=96&d=mm&r=g","contentUrl":"https:\/\/secure.gravatar.com\/avatar\/497d5cde87b4c3d097d0315953521681ba2cd523ee66e5077c3711f7021e65de?s=96&d=mm&r=g","caption":"Francisco Javier Fern\u00e1ndez Chento"},"description":"Director General y cofundador de La Red de Formaci\u00f3n Vicenciana. Javier es laico vicenciano, afiliado a la Congregaci\u00f3n de la Misi\u00f3n y miembro del Equipo de Misiones Populares de la provincia can\u00f3nica de Zaragoza (Espa\u00f1a) de la Congregaci\u00f3n de la Misi\u00f3n. Graduado en la Universidad Oberta de Catalunya con cuatro grados (Asistente de direcci\u00f3n, Gesti\u00f3n Administrativa, Recursos Humanos y Contabilidad Avanzada). Bil\u00edng\u00fce Espa\u00f1ol\/Ingl\u00e9s. gestiona y mantiene varias p\u00e1ginas web cristianas y vicencianas, incluida including La Red de Formaci\u00f3n Vicenciana, de la que es cofundador. Actualmente es responsable del \u00e1rea de Espa\u00f1ol de .famvin, la Red de Noticias de la Familia Vicenciana. Tambi\u00e9n es m\u00fasico cat\u00f3lico y ha editado varios discos. Es Director General y cofundador de Trovador, una reconocida compa\u00f1\u00eda discogr\u00e1fica critiana de Espa\u00f1a. Trabaja en las Tecnolog\u00edas de la Informaci\u00f3n, ofreciendo servicios de alojamiento, dise\u00f1o y mantenimiento Web, as\u00ed como asesoramiento, formaci\u00f3n y soluciones inform\u00e1ticas, gesti\u00f3n documental y digitalizaci\u00f3n de textos, edici\u00f3n y maquetaci\u00f3n de libros, revistas, flyers, etc.","sameAs":["http:\/\/chento.org","https:\/\/www.facebook.com\/JavierChento","https:\/\/x.com\/https:\/\/twitter.com\/javierchento"],"url":"http:\/\/vincentians.com\/es\/author\/chento\/"}]}},"jetpack_publicize_connections":[],"jetpack_featured_media_url":"https:\/\/i0.wp.com\/vincentians.com\/es\/wp-content\/uploads\/sites\/11\/2016\/08\/providencia.jpg?fit=1200%2C630","jetpack_sharing_enabled":true,"jetpack_shortlink":"https:\/\/wp.me\/p7ETMF-dkZ","jetpack-related-posts":[{"id":51277,"url":"http:\/\/vincentians.com\/es\/formacion-musical-de-vicente-de-paul\/","url_meta":{"origin":51273,"position":0},"title":"Formaci\u00f3n musical de Vicente de Pa\u00fal","author":"Francisco Javier Fern\u00e1ndez Chento","date":"17\/10\/2019","format":false,"excerpt":"En la vida de Vicente encontramos hechos que ponen de manifiesto su formaci\u00f3n en el canto lit\u00fargico: canta tan de\u00advotamente que suscita la conversi\u00f3n, y ense\u00f1a el canto para que la asamblea participe en los Oficios lit\u00fargicos. He aqu\u00ed el primer relato del mismo Vicente en la versi\u00f3n castellana que\u2026","rel":"","context":"En \u00abVicente de Pa\u00fal\u00bb","block_context":{"text":"Vicente de Pa\u00fal","link":"http:\/\/vincentians.com\/es\/category\/la-familia-vicenciana\/fundadores\/vicente-de-paul\/"},"img":{"alt_text":"","src":"https:\/\/i0.wp.com\/vincentians.com\/es\/wp-content\/uploads\/sites\/11\/2017\/09\/San-Vicente-11.jpg?fit=900%2C500&resize=350%2C200","width":350,"height":200,"srcset":"https:\/\/i0.wp.com\/vincentians.com\/es\/wp-content\/uploads\/sites\/11\/2017\/09\/San-Vicente-11.jpg?fit=900%2C500&resize=350%2C200 1x, https:\/\/i0.wp.com\/vincentians.com\/es\/wp-content\/uploads\/sites\/11\/2017\/09\/San-Vicente-11.jpg?fit=900%2C500&resize=525%2C300 1.5x, https:\/\/i0.wp.com\/vincentians.com\/es\/wp-content\/uploads\/sites\/11\/2017\/09\/San-Vicente-11.jpg?fit=900%2C500&resize=700%2C400 2x"},"classes":[]},{"id":127243,"url":"http:\/\/vincentians.com\/es\/cancionero-polifonico-para-actos-del-culto-del-p-alcacer-c-m\/","url_meta":{"origin":51273,"position":1},"title":"\u00abCancionero polif\u00f3nico para actos del Culto\u00bb, del P. Alc\u00e1cer, C.M.","author":"Francisco Javier Fern\u00e1ndez Chento","date":"19\/01\/2024","format":false,"excerpt":"Traemos para descarga directa una de las obras m\u00e1s conocidas \u2014y actualmente descatalogadas\u2014 del P. Alc\u00e1cer, misionero pa\u00fal que dedic\u00f3 su vida al canto lit\u00fargico. Se trata del libro \"Cancionero polif\u00f3nico para actos del Culto\", publicado en Madrid en el a\u00f1o 1963, cuando la reforma lit\u00fargica hab\u00eda comenzado a dar\u2026","rel":"","context":"En \u00abM\u00fasica vicenciana\u00bb","block_context":{"text":"M\u00fasica vicenciana","link":"http:\/\/vincentians.com\/es\/category\/servicios-y-ministerios\/musica-vicenciana\/"},"img":{"alt_text":"","src":"https:\/\/i0.wp.com\/vincentians.com\/es\/wp-content\/uploads\/sites\/11\/2013\/04\/Biblioteca_panoramica.jpg?fit=750%2C500&resize=350%2C200","width":350,"height":200,"srcset":"https:\/\/i0.wp.com\/vincentians.com\/es\/wp-content\/uploads\/sites\/11\/2013\/04\/Biblioteca_panoramica.jpg?fit=750%2C500&resize=350%2C200 1x, https:\/\/i0.wp.com\/vincentians.com\/es\/wp-content\/uploads\/sites\/11\/2013\/04\/Biblioteca_panoramica.jpg?fit=750%2C500&resize=525%2C300 1.5x, https:\/\/i0.wp.com\/vincentians.com\/es\/wp-content\/uploads\/sites\/11\/2013\/04\/Biblioteca_panoramica.jpg?fit=750%2C500&resize=700%2C400 2x"},"classes":[]},{"id":119299,"url":"http:\/\/vincentians.com\/es\/p-jose-ma-alcacer-martinez\/","url_meta":{"origin":51273,"position":2},"title":"P. Jos\u00e9 M\u00aa Alc\u00e1cer Mart\u00ednez","author":"Mitxel Olabu\u00e9naga","date":"05\/05\/2013","format":false,"excerpt":"Jos\u00e9 M\u00aa Alc\u00e1cer Mart\u00ednez nace en Aldaya (Valencia) en 1899. M\u00fasico precoz, lleva la m\u00fasica en la sangre. Su padre tocaba el clarinete y el viol\u00edn. Jos\u00e9 M\u00aa, a sus 5 a\u00f1os, llevaba la funda del clarinete y silbaba las piezas de la Banda. Con 12 a\u00f1os se matricula en\u2026","rel":"","context":"En \u00abBiograf\u00edas de Misioneros Pa\u00fales\u00bb","block_context":{"text":"Biograf\u00edas de Misioneros Pa\u00fales","link":"http:\/\/vincentians.com\/es\/category\/la-familia-vicenciana\/biografias-vicencianas\/biografias-de-misioneros-paules\/"},"img":{"alt_text":"","src":"https:\/\/i0.wp.com\/vincentians.com\/es\/wp-content\/uploads\/sites\/11\/2016\/07\/bio-cm.jpg?fit=1200%2C630&resize=350%2C200","width":350,"height":200,"srcset":"https:\/\/i0.wp.com\/vincentians.com\/es\/wp-content\/uploads\/sites\/11\/2016\/07\/bio-cm.jpg?fit=1200%2C630&resize=350%2C200 1x, https:\/\/i0.wp.com\/vincentians.com\/es\/wp-content\/uploads\/sites\/11\/2016\/07\/bio-cm.jpg?fit=1200%2C630&resize=525%2C300 1.5x, https:\/\/i0.wp.com\/vincentians.com\/es\/wp-content\/uploads\/sites\/11\/2016\/07\/bio-cm.jpg?fit=1200%2C630&resize=700%2C400 2x, https:\/\/i0.wp.com\/vincentians.com\/es\/wp-content\/uploads\/sites\/11\/2016\/07\/bio-cm.jpg?fit=1200%2C630&resize=1050%2C600 3x"},"classes":[]},{"id":109372,"url":"http:\/\/vincentians.com\/es\/nuestra-musica-religiosa-jose-ma-alcacer-martinez\/","url_meta":{"origin":51273,"position":3},"title":"Jos\u00e9 M\u00aa Alc\u00e1cer Mart\u00ednez","author":"Mitxel Olabu\u00e9naga","date":"12\/06\/2021","format":false,"excerpt":"El compositor que hoy es nuestro protagonista merece puesto bien ganado en esta serie de trabajos nuestros por doble motivo: una larga, constante y regular entrega, limpia de muy posible contaminaci\u00f3n ambien\u00adtal, a la m\u00fasica religiosa espa\u00f1ola, y el hecho de ser colaborador destacado y asiduo de esta revista y\u2026","rel":"","context":"En \u00abBiograf\u00edas de Misioneros Pa\u00fales\u00bb","block_context":{"text":"Biograf\u00edas de Misioneros Pa\u00fales","link":"http:\/\/vincentians.com\/es\/category\/la-familia-vicenciana\/biografias-vicencianas\/biografias-de-misioneros-paules\/"},"img":{"alt_text":"","src":"https:\/\/i0.wp.com\/vincentians.com\/es\/wp-content\/uploads\/sites\/11\/2016\/07\/bio-cm.jpg?fit=1200%2C630&resize=350%2C200","width":350,"height":200,"srcset":"https:\/\/i0.wp.com\/vincentians.com\/es\/wp-content\/uploads\/sites\/11\/2016\/07\/bio-cm.jpg?fit=1200%2C630&resize=350%2C200 1x, https:\/\/i0.wp.com\/vincentians.com\/es\/wp-content\/uploads\/sites\/11\/2016\/07\/bio-cm.jpg?fit=1200%2C630&resize=525%2C300 1.5x, https:\/\/i0.wp.com\/vincentians.com\/es\/wp-content\/uploads\/sites\/11\/2016\/07\/bio-cm.jpg?fit=1200%2C630&resize=700%2C400 2x, https:\/\/i0.wp.com\/vincentians.com\/es\/wp-content\/uploads\/sites\/11\/2016\/07\/bio-cm.jpg?fit=1200%2C630&resize=1050%2C600 3x"},"classes":[]},{"id":51279,"url":"http:\/\/vincentians.com\/es\/ideas-de-vicente-sobre-el-canto-liturgico\/","url_meta":{"origin":51273,"position":4},"title":"Ideas de Vicente sobre el canto lit\u00fargico","author":"Francisco Javier Fern\u00e1ndez Chento","date":"04\/10\/2011","format":false,"excerpt":"Advertencia Ser\u00eda pretencioso por mi parte el querer atribuir a Vicente la categor\u00eda de \"restaurador\" del canto lit\u00fargico, a todas luces imposible en una \u00e9poca, madre de la edici\u00f3n Medicea (1614), que para muchos gozaba del visto bueno de Roma y llevaba el cu\u00f1o del gran maestro Palestrina. En aquellos\u2026","rel":"","context":"En \u00abVicente de Pa\u00fal\u00bb","block_context":{"text":"Vicente de Pa\u00fal","link":"http:\/\/vincentians.com\/es\/category\/la-familia-vicenciana\/fundadores\/vicente-de-paul\/"},"img":{"alt_text":"","src":"https:\/\/i0.wp.com\/vicencianos.org\/wp-content\/2011\/06\/vicente_sacerdote-205x300.jpg?resize=350%2C200","width":350,"height":200},"classes":[]},{"id":117160,"url":"http:\/\/vincentians.com\/es\/sacrosanctum-concilium\/","url_meta":{"origin":51273,"position":5},"title":"Sacrosanctum Concilium","author":"Francisco Javier Fern\u00e1ndez Chento","date":"01\/11\/2018","format":false,"excerpt":"Comentario a \"Sacrosanctum Concilium\" Autor: Jos\u00e9 Miguel Arr\u00e1iz La constituci\u00f3n Sacrosanctum Concilium fue el primer documento aprobado por el Concilio, el 4 de diciembre de 1963, por una abrumadora mayor\u00eda de 2158 votos a favor y 4 en contra. Daba a la liturgia un tratamiento tan generoso en comparaci\u00f3n con\u2026","rel":"","context":"En \u00abConcilio Vaticano II\u00bb","block_context":{"text":"Concilio Vaticano II","link":"http:\/\/vincentians.com\/es\/category\/formacion-cristiana\/concilios-ecumenicos\/concilio-vaticano-ii\/"},"img":{"alt_text":"","src":"https:\/\/i0.wp.com\/vincentians.com\/es\/wp-content\/uploads\/sites\/11\/2013\/10\/El-Cristo-de-las-virtudes-vicencianas.jpg?fit=1200%2C399&resize=350%2C200","width":350,"height":200,"srcset":"https:\/\/i0.wp.com\/vincentians.com\/es\/wp-content\/uploads\/sites\/11\/2013\/10\/El-Cristo-de-las-virtudes-vicencianas.jpg?fit=1200%2C399&resize=350%2C200 1x, https:\/\/i0.wp.com\/vincentians.com\/es\/wp-content\/uploads\/sites\/11\/2013\/10\/El-Cristo-de-las-virtudes-vicencianas.jpg?fit=1200%2C399&resize=525%2C300 1.5x, https:\/\/i0.wp.com\/vincentians.com\/es\/wp-content\/uploads\/sites\/11\/2013\/10\/El-Cristo-de-las-virtudes-vicencianas.jpg?fit=1200%2C399&resize=700%2C400 2x, https:\/\/i0.wp.com\/vincentians.com\/es\/wp-content\/uploads\/sites\/11\/2013\/10\/El-Cristo-de-las-virtudes-vicencianas.jpg?fit=1200%2C399&resize=1050%2C600 3x"},"classes":[]}],"_links":{"self":[{"href":"http:\/\/vincentians.com\/es\/wp-json\/wp\/v2\/posts\/51273","targetHints":{"allow":["GET"]}}],"collection":[{"href":"http:\/\/vincentians.com\/es\/wp-json\/wp\/v2\/posts"}],"about":[{"href":"http:\/\/vincentians.com\/es\/wp-json\/wp\/v2\/types\/post"}],"author":[{"embeddable":true,"href":"http:\/\/vincentians.com\/es\/wp-json\/wp\/v2\/users\/4"}],"replies":[{"embeddable":true,"href":"http:\/\/vincentians.com\/es\/wp-json\/wp\/v2\/comments?post=51273"}],"version-history":[{"count":1,"href":"http:\/\/vincentians.com\/es\/wp-json\/wp\/v2\/posts\/51273\/revisions"}],"predecessor-version":[{"id":402630,"href":"http:\/\/vincentians.com\/es\/wp-json\/wp\/v2\/posts\/51273\/revisions\/402630"}],"wp:featuredmedia":[{"embeddable":true,"href":"http:\/\/vincentians.com\/es\/wp-json\/wp\/v2\/media\/399797"}],"wp:attachment":[{"href":"http:\/\/vincentians.com\/es\/wp-json\/wp\/v2\/media?parent=51273"}],"wp:term":[{"taxonomy":"category","embeddable":true,"href":"http:\/\/vincentians.com\/es\/wp-json\/wp\/v2\/categories?post=51273"},{"taxonomy":"post_tag","embeddable":true,"href":"http:\/\/vincentians.com\/es\/wp-json\/wp\/v2\/tags?post=51273"}],"curies":[{"name":"wp","href":"https:\/\/api.w.org\/{rel}","templated":true}]}}