{"id":51271,"date":"2019-09-21T08:51:29","date_gmt":"2019-09-21T06:51:29","guid":{"rendered":"http:\/\/somos.vicencianos.org\/blog\/2011\/09\/la-liturgia-en-la-epoca-barroca\/"},"modified":"2019-09-09T09:08:17","modified_gmt":"2019-09-09T07:08:17","slug":"la-liturgia-en-la-epoca-barroca","status":"publish","type":"post","link":"http:\/\/vincentians.com\/es\/la-liturgia-en-la-epoca-barroca\/","title":{"rendered":"La liturgia en la \u00e9poca barroca"},"content":{"rendered":"<h2><em>1. Trento<\/em><\/h2>\n<p>Antes de presentar las caracter\u00edsticas lit\u00fargicas del mundo barroco conviene subrayar el ambiente lit\u00fargico que pis\u00f3 el concilio de Trento. El Renacimiento, con su mirada retrospec\u00adtiva al pasado grecorromano y su af\u00e1n de modernismo, no puede olvidar, aunque lo intenta, el pensamiento y la actua\u00adci\u00f3n del mundo medieval. El Renacimiento es sentido por un grupo min\u00fasculo, el m\u00e1s capacitado desde luego, el humanista, el pol\u00edtico y el artista, el pueblo y la Iglesia heredan el pasado con sus costumbres, su actitud religiosa y social, la liturgia y el culto. Esta herencia es poco a poco mermada por el resur\u00adgir del mundo pagano que crea una nueva mentalidad que en\u00adsalza al hombre y relega la intervenci\u00f3n de Dios en la historia. Este nuevo sentir deteriora <em>y <\/em>envejece r\u00e1pidamente aquellos patrones que hab\u00edan sostenido en otro tiempo la fe y la vida cristiana. El desorden y la indisciplina se hacen patentes con el cisma de Occidente. En el campo lit\u00fargico hay que se\u00f1alar que la imposici\u00f3n de la liturgia romana con Gregorio VII no fue siempre del agrado de las naciones, regiones o di\u00f3cesis. Permanecieron muchos ritos y costumbres de las liturgias abo\u00adlidas, que se mantuvieron a trav\u00e9s de toda la \u00abEdad Media\u00bb, a pesar del papel unificador de las \u00f3rdenes mon\u00e1sticas y men\u00addicantes, en particular los Benedictinos y Franciscanos. El cul\u00adto, en la \u00abBaja Edad Media\u00bb, se caracteriza por una superabun\u00addante proliferaci\u00f3n de fiestas y devociones, unas semilit\u00fargicas y otras paralit\u00fargicas, regionales y gremiales. La diversidad del \u00abordo missae\u00bb, las reminiscencias de las viejas liturgias, las devociones de origen dudoso o, lo que es peor, fundamentadas en la leyenda o la superstici\u00f3n, la ignorancia del bajo clero, la poca participaci\u00f3n de los fieles en la verdadera liturgia, con\u00adfieren al culto una sensaci\u00f3n de decadencia y de falta de con\u00adtenido. Para remediar un mal tan grave se abusa de la devo\u00adci\u00f3n: a la poca participaci\u00f3n eucar\u00edstica, mucha exposici\u00f3n del sacramento. Nadie comulga en la misa, pero todos estar\u00e1n atentos para ver la \u00abhostia\u00bb en la elevaci\u00f3n, adorarla y mar\u00adcharse. Se va perdiendo el aut\u00e9ntico sentido de la celebraci\u00f3n, y no s\u00f3lo por parte del pueblo, hasta los mismos sacerdotes quedan insatisfechos de la misa, por lo que la adornan de ora\u00adciones privadas para antes de la celebraci\u00f3n, en la misma cele\u00adbraci\u00f3n y al final del rito. El mismo rito es \u00abenriquecido\u00bb con abundantes genuflexiones, inclinaciones, bendiciones. Aparece lo m\u00e1gico del gesto o del rito. Se llega no s\u00f3lo a la \u00abmisa pri\u00advada\u00bb, sin asamblea, sino a la \u00abmisa seca\u00bb, esto es: a la misa sin eucarist\u00eda. La desintegraci\u00f3n de la asamblea lit\u00fargica que participa activamente en los misterios de la muerte y resurrec\u00adci\u00f3n de Cristo es un hecho consumado. A las puertas del con\u00adcilio de Trento as\u00ed estaban las cosas. La anarqu\u00eda en el campo lit\u00fargico motivar\u00e1 el cambio que la Reforma protestante rea\u00adlizar\u00e1 en el culto, centr\u00e1ndolo, no en el Sacramento, sino en la Palabra y en la participaci\u00f3n de la asamblea.<span id='easy-footnote-1-51271' class='easy-footnote-margin-adjust'><\/span><span class='easy-footnote'><a href='http:\/\/vincentians.com\/es\/la-liturgia-en-la-epoca-barroca\/#easy-footnote-bottom-1-51271' title='Cf. KLAUSER, T., &lt;em&gt;Breve historia de la liturgia occidental, &lt;\/em&gt;78-92.'><sup>1<\/sup><\/a><\/span>\n<p>\u00abLos ataques de Lutero y Zwinglio contra la misa, a la vez que el general descontento por parte de los cat\u00f3licos ante la incoherente situaci\u00f3n tanto de la praxis lit\u00fargica como de los correspondientes libros lit\u00fargicos; la evidencia de los muchos e innumerables abusos; la convicci\u00f3n de que los obispos por s\u00ed solos no pod\u00edan solucionar tales problemas, movi\u00f3 al con\u00adcilio de Trento a considerar la reforma del misal y del brevia\u00adrio, as\u00ed como la praxis lit\u00fargica codificada en ellos\u00bb.<span id='easy-footnote-2-51271' class='easy-footnote-margin-adjust'><\/span><span class='easy-footnote'><a href='http:\/\/vincentians.com\/es\/la-liturgia-en-la-epoca-barroca\/#easy-footnote-bottom-2-51271' title='Ibid., 93.'><sup>2<\/sup><\/a><\/span>\n<p>El grito de reforma \u00abin capite et in membris\u00bb y la fisura abierta en la Iglesia por los protestantes, obliga a la jerarqu\u00eda y a los pr\u00edncipes a acelerar el Concilio. Lo que no pudo lograr el Concilio Lateranense V, lo obtiene Trento con sus numero\u00adsas jornadas de trabajo. Del concilio sal\u00eda fijada la doctrina del sacrificio de la misa y el ruego para que la reforma lit\u00far\u00adgica fuera puesta en marcha urgentemente por los Papas.<span id='easy-footnote-3-51271' class='easy-footnote-margin-adjust'><\/span><span class='easy-footnote'><a href='http:\/\/vincentians.com\/es\/la-liturgia-en-la-epoca-barroca\/#easy-footnote-bottom-3-51271' title='Cf. HEFELE-LECREC, &lt;em&gt;Histoire des Conciles &lt;\/em&gt;8\/1, 309 ss.'><sup>3<\/sup><\/a><\/span>\n<p>Lutero, separado de la unidad eclesial, organiza su liturgia sin ning\u00fan respeto a la tradici\u00f3n. Aunque en un principio pro\u00adtest\u00f3 contra las innovaciones de Karstadt, luego las acepta: fuera el lat\u00edn, el canon, el Pater Noster&#8230; La misa ya no es sacri\u00adficio eucar\u00edstico, es la \u00abcena\u00bb con sentido de recuerdo. Lo que importa en el culto es la participaci\u00f3n de la asamblea, que es\u00adcucha la \u00abPalabra\u00bb b\u00edblica en lengua vulgar y que canta como respuesta: nace la llamada \u00abmisa alemana\u00bb y el \u00abcoral protes\u00adtante\u00bb.<span id='easy-footnote-4-51271' class='easy-footnote-margin-adjust'><\/span><span class='easy-footnote'><a href='http:\/\/vincentians.com\/es\/la-liturgia-en-la-epoca-barroca\/#easy-footnote-bottom-4-51271' title='Cf. JUNGMANN, &lt;em&gt;Missarum Solemnis, &lt;\/em&gt;113.'><sup>4<\/sup><\/a><\/span>\n<p>La sesi\u00f3n XXII, del 7 de septiembre de 1562, constituye el punto de partida para la reforma de la vida lit\u00fargica: valor sacrificial de la Misa y legitimidad de los ritos que la celebran. La liturgia eucar\u00edstico-sacrificial viene dividida en sus dos ele\u00admentos tradicionales: Liturgia de la Palabra y liturgia del Sa\u00adcrificio. Aqu\u00e9lla para que \u00abno falte a los fieles el alimento de la Palabra\u00bb,<span id='easy-footnote-5-51271' class='easy-footnote-margin-adjust'><\/span><span class='easy-footnote'><a href='http:\/\/vincentians.com\/es\/la-liturgia-en-la-epoca-barroca\/#easy-footnote-bottom-5-51271' title='DENZINGER, &lt;em&gt;Enchiridion Symbolorum, &lt;\/em&gt;n. 1749: \u00abne oyes Christi esuriant\u00bb.'><sup>5<\/sup><\/a><\/span> \u00e9sta para que no les falte el sacramento.<span id='easy-footnote-6-51271' class='easy-footnote-margin-adjust'><\/span><span class='easy-footnote'><a href='http:\/\/vincentians.com\/es\/la-liturgia-en-la-epoca-barroca\/#easy-footnote-bottom-6-51271' title='Ibid. n. 1747: \u00abUt in singulis Missis fideles adstantes non solum spirituali affectu, sed sacramentali etiam Eucaristiae perceptione commu\u00adnicarent, quo ad eos sactissimi huius sacrificii fructus uberior proveniret\u00bb.'><sup>6<\/sup><\/a><\/span>\n<p>A esta orientaci\u00f3n pastoral se un\u00eda el decreto disciplinar que intentaba sanar de ra\u00edz todo abuso e improvisaci\u00f3n en la celebraci\u00f3n eucar\u00edstica y administraci\u00f3n sacramental: \u00abDe ob\u00adservandis et vitandis in celebratione missae\u00bb.<span id='easy-footnote-7-51271' class='easy-footnote-margin-adjust'><\/span><span class='easy-footnote'><a href='http:\/\/vincentians.com\/es\/la-liturgia-en-la-epoca-barroca\/#easy-footnote-bottom-7-51271' title='Cf. MARTIMORT, &lt;em&gt;L&amp;#8217;Eglise en pri\u00e9re, &lt;\/em&gt;43-44.'><sup>7<\/sup><\/a><\/span>\n<p>S. P\u00edo V lleva a t\u00e9rmino el mandato conciliar con respecto al Breviario y al Misal. Apenas cuatro a\u00f1os de clausurarse el Concilio aparece la edici\u00f3n t\u00edpica del Breviario Romano, en 1568; dos a\u00f1os m\u00e1s tarde, en 1570, el Misal Romano. Ambas obras se imponen a la Iglesia de Occidente, y anulan tanto el proyectado y discutido \u00abBreviario del cardenal Qui\u00f1ones\u00bb, co\u00admo multitud de fiestas y gran parte de la floresta del santoral. Las secuencias, antes tan abundantes, se reducen a cinco, mien\u00adtras que los tropos del Kyrie y del Gloria desaparecen. Las adi\u00adciones y cambios quedar\u00e1n en el futuro reservados a la Santa Sede. El centralismo se acent\u00faa a\u00fan m\u00e1s con la erecci\u00f3n, en 1588, de la Congregaci\u00f3n de Ritos por Sixto V, con la misi\u00f3n de velar por la fiel observancia de las r\u00fabricas y de promulgar en el futuro las que fueran necesarias. Clemente VIII promul\u00adga, en el a\u00f1o 1600, el <em>Ceremoniale Episcoporum, <\/em>con las nor\u00admas y ritos de los sacramentos reservados a los obispos. Esta obra quedar\u00e1 completada con el <em>Rituale Romanum, <\/em>publicado en 1614 por Paulo V.<span id='easy-footnote-8-51271' class='easy-footnote-margin-adjust'><\/span><span class='easy-footnote'><a href='http:\/\/vincentians.com\/es\/la-liturgia-en-la-epoca-barroca\/#easy-footnote-bottom-8-51271' title='Cf. KLAUSER, op. cit., 98-102.'><sup>8<\/sup><\/a><\/span>\n<p>El abundante material de tales publicaciones ten\u00edan en cuenta, adem\u00e1s de la tradici\u00f3n romana, las obras lit\u00fargicas anteriores al concilio y en boga en aquellos a\u00f1os, como la de Patrizi (t 1496), Burcardo (t 1506), Crist\u00f3bal Marcello, que es\u00adtampa la suya en 1516, as\u00ed como el <em>Directorium <\/em>de Ciconiolano y el <em>Rubricarium <\/em>de Frisco.<span id='easy-footnote-9-51271' class='easy-footnote-margin-adjust'><\/span><span class='easy-footnote'><a href='http:\/\/vincentians.com\/es\/la-liturgia-en-la-epoca-barroca\/#easy-footnote-bottom-9-51271' title='Cf. BRAGA, C., &lt;em&gt;La genesi storica delle rubriche, en &lt;\/em&gt;Liturgica 1, 58 ss.'><sup>9<\/sup><\/a><\/span>\n<p>El <em>Missale Romanum <\/em>se\u00f1ala el triunfo de la Iglesia romana sobre las viejas liturgias occidentales, en particular sobre la influencia galicana, y marca, con su imposici\u00f3n, la uniformi\u00addad lit\u00fargica querida por el Concilio como medio de mantener la unidad de la Iglesia. Pero hab\u00eda una ventana abierta en el <em>Missale, <\/em>que permit\u00eda el mantener aquellos ritos y fiestas con una tradici\u00f3n de doscientos a\u00f1os.<span id='easy-footnote-10-51271' class='easy-footnote-margin-adjust'><\/span><span class='easy-footnote'><a href='http:\/\/vincentians.com\/es\/la-liturgia-en-la-epoca-barroca\/#easy-footnote-bottom-10-51271' title='P\u00edo V, Bula &lt;em&gt;\u00abQuo primum\u00bb &lt;\/em&gt;que promulga el Misal en la Natividad del Se\u00f1or de 1570.'><sup>10<\/sup><\/a><\/span> \u00bfQu\u00e9 rito de las viejas li\u00adturgias no ten\u00eda una existencia superior a doscientos a\u00f1os?<\/p>\n<p>Seg\u00fan Jedin \u00abel centralismo lit\u00fargico era una necesidad hist\u00f3rica\u00bb.<span id='easy-footnote-11-51271' class='easy-footnote-margin-adjust'><\/span><span class='easy-footnote'><a href='http:\/\/vincentians.com\/es\/la-liturgia-en-la-epoca-barroca\/#easy-footnote-bottom-11-51271' title='JEDIN, cit. por Klauser en op. cit., 101.'><sup>11<\/sup><\/a><\/span> Con el nuevo misal desaparecen todas aquellas fiestas que no gozan de popularidad en Roma, fiestas que eran regionales o de gremios, tropos del Kyrie y del Gloria&#8230;, en favor de una mayor claridad del texto y a\u00fan del A\u00f1o Lit\u00fargico.<\/p>\n<p>Los obispos y el pueblo aceptaron la \u00abreforma\u00bb con entu\u00adsiasmo, y no tanto como reacci\u00f3n \u00abcontrarreformista\u00bb, sino m\u00e1s bien por la seguridad que encontraban en los nuevos tex\u00adtos uniformes, lengua y ritos comunes. Martimort enjuicia el \u00e9xito conseguido por la reforma lit\u00fargica del Concilio Vati\u00adcano II y lo compara con aquel que obtuvo el Concilio de Tren\u00adto en sentido inverso: el primero por su apertura al sentir de las culturas de los diversos pueblos y por la participaci\u00f3n de la asamblea en la liturgia, el segundo por la uniformidad lo\u00adgrada. Y dice: \u00abNo podemos enga\u00f1arnos, los fieles sentir\u00e1n dentro de poco tiempo el mismo cansancio que aqu\u00e9llos de los siglos xv y xvI hacia la gran diversidad de celebrar la Misa\u00bb.<span id='easy-footnote-12-51271' class='easy-footnote-margin-adjust'><\/span><span class='easy-footnote'><a href='http:\/\/vincentians.com\/es\/la-liturgia-en-la-epoca-barroca\/#easy-footnote-bottom-12-51271' title='MARTIMORT, Il &lt;em&gt;Nuovo Messale, &lt;\/em&gt;68-72.'><sup>12<\/sup><\/a><\/span>\n<h2>2. <em>La \u00e9poca del ritualismo<\/em><\/h2>\n<p>Los liturgistas llaman a la \u00e9poca barroca con el sobrenom\u00adbre de \u00abritualista\u00bb, \u00abuniformista\u00bb, \u00abindividualista\u00bb, \u00abpietista\u00bb&#8230; \u00abRitualista y Uniformista\u00bb por aquello de que se prescribe el rito, la lengua y la ceremonia en toda la Iglesia y, adem\u00e1s, la reci\u00e9n estrenada Congregaci\u00f3n de Ritos vela celosamente por su fiel cumplimiento. \u00abIndividualista\u00bb porque se ha revalori\u00adzado o fijado la \u00abmisa privada\u00bb, sin asistencia de asamblea, y por las numerosas oraciones privadas que debe recitar el sacer\u00addote, en deterioro de la oraci\u00f3n p\u00fablica y lit\u00fargica. \u00abPietista\u00bb en el sentido de que la devoci\u00f3n particular ahoga la verdadera participaci\u00f3n en la liturgia.<span id='easy-footnote-13-51271' class='easy-footnote-margin-adjust'><\/span><span class='easy-footnote'><a href='http:\/\/vincentians.com\/es\/la-liturgia-en-la-epoca-barroca\/#easy-footnote-bottom-13-51271' title='Cf. JUNGMANN, op. cit., 121. SCHMIDT, &lt;em&gt;Liturgiam occidentalem, &lt;\/em&gt;142. MARSILI, &lt;em&gt;Teolog\u00eda Lit\u00fargica, &lt;\/em&gt;16-102. KLAUSER, op. cit., 98-107.'><sup>13<\/sup><\/a><\/span>\n<p>El arte barroco se caracteriza por la ampulosidad de for\u00admas, ricos efectos de luz, gusto por lo curvil\u00edneo, tensi\u00f3n en el modelado de las figuras&#8230;, recordemos: el templo \u00abjesu\u00edtico\u00bb, las obras de Bernini, de Caravagio, de la imaginer\u00eda espa\u00f1o\u00adla&#8230;, etc. Caracter\u00edsticas que invaden el comportamiento reli\u00adgioso y social. El gusto por lo fastuoso se mima en las cortes y en las grandes iglesias; el ceremonial de la corte francesa de Luis XIV y el de la misa \u00abpapal\u00bb. Daniel Rops trae en las pri\u00admeras p\u00e1ginas a huecograbado del volumen VIII de su <em>Histo\u00adria de la Iglesia <\/em>dos reproducciones de lienzos de Felipe de Champaigne y de Antoine de la Nain que ilustran el ambiente civil y religioso en el que gusta vivir el hombre del Barroco. El lienzo de Felipe de Champaigne representa a Luis XIII de Francia recibiendo en la Orden del Santo Esp\u00edritu al conde de Longueville y le hace la entrega de insignias con fastuoso y espectacular ceremonial. Antoine de la Nain ha pintado \u00abLa procesi\u00f3n\u00bb, en la que obispo y di\u00e1conos caminan conscientes de la majestad divina que representan. En uno y otro cuadro la riqueza de las vestiduras se pone en juego con los sutiles y tenues colores que las componen.<\/p>\n<p>La celebraci\u00f3n como espect\u00e1culo hace peligrar la partici\u00adpaci\u00f3n de los fieles, que por otra parte no entienden el lat\u00edn ni pueden unirse al canto de la \u00abschola\u00bb. Para remediar en parte el vac\u00edo que deja la liturgia surgen los \u00aboratorios\u00bb con sus de\u00advociones y catequesis moralizantes. Los fieles asisten a misa con sus devociones, pero no participan y apenas comulgan: van porque est\u00e1n obligados, no porque sientan la necesidad. Algunos santos tienen este mismo sentir: S. Francisco de Sa\u00adles gustaba de recitar el rosario durante la misa solemne del domingo y d\u00edas de fiesta.<span id='easy-footnote-14-51271' class='easy-footnote-margin-adjust'><\/span><span class='easy-footnote'><a href='http:\/\/vincentians.com\/es\/la-liturgia-en-la-epoca-barroca\/#easy-footnote-bottom-14-51271' title='Cf. CATTANEO, &lt;em&gt;L&amp;#8217; Insegnamento della Stork, en Liturgica &lt;\/em&gt;3, 330.'><sup>14<\/sup><\/a><\/span>\n<p>Las devociones, en su manifestaci\u00f3n externa, se nutr\u00edan de procesiones, romer\u00edas, autos sacramentales u otra forma tea\u00adtral, y abundante imaginer\u00eda de la Pasi\u00f3n de Nuestro Se\u00f1or: baste recordar las procesiones del \u00abCorpus\u00bb y las de la Sema\u00adna Santa. La devoci\u00f3n, en su sentir \u00edntimo, consist\u00eda en una multiplicidad de oraciones, actos de piedad, triduos, novenas, exposici\u00f3n solemne del Sacramento en el tabern\u00e1culo, \u00abtrono de la majestad divina\u00bb&#8230;<span id='easy-footnote-15-51271' class='easy-footnote-margin-adjust'><\/span><span class='easy-footnote'><a href='http:\/\/vincentians.com\/es\/la-liturgia-en-la-epoca-barroca\/#easy-footnote-bottom-15-51271' title='Cf. JUNOMANN, op. cit., 121-136.'><sup>15<\/sup><\/a><\/span>\n<p>El concilio exig\u00eda el lat\u00edn como lengua lit\u00fargica, por lo que se prohib\u00eda la lengua vulgar en la celebraci\u00f3n, pero al mismo tiempo se ped\u00eda a los que ten\u00edan el cuidado pastoral a que ex\u00adplicaran a los fieles los misterios divinos, en particular, el mis\u00adterio del \u00absanto sacrificio\u00bb, al menos los domingos y d\u00edas fes\u00adtivos.<span id='easy-footnote-16-51271' class='easy-footnote-margin-adjust'><\/span><span class='easy-footnote'><a href='http:\/\/vincentians.com\/es\/la-liturgia-en-la-epoca-barroca\/#easy-footnote-bottom-16-51271' title='DENZ., nn. 1747 y 1749. Sesi\u00f3n XXII, cap. 8, can. 9.'><sup>16<\/sup><\/a><\/span>\n<p>Los frutos de la reforma tridentina fueron sin duda muy positivos, y m\u00e1s si los miramos con respecto a los a\u00f1os ante\u00adriores a Trento. Junto a la uniformidad lograda y a la correc\u00adci\u00f3n de abundante material lit\u00fargico de procedencia dudosa, hay que sumar la inestimable creaci\u00f3n de un \u00abcuerpo lit\u00fargico\u00bb org\u00e1nico y seguro, y que ha sido la <em>lex orandi <\/em>de la Iglesia du\u00adrante cuatro siglos.<\/p>\n<p>Algunos autores han subrayado los puntos d\u00e9biles de aque\u00adlla reforma. Neunheuser trae estas l\u00edneas de Mayer: \u00abLa litur\u00adgia no consideraba la participaci\u00f3n de los fieles en la celebra\u00adci\u00f3n del misterio de Cristo como su fin principal, sino la re\u00adpresentaci\u00f3n casi \u00abteatral\u00bb, visual-auditiva, para crear un am\u00adbiente en que fuera posible la oraci\u00f3n personal. La comuni\u00f3n era un asunto moral-asc\u00e9tico\u00bb.<span id='easy-footnote-17-51271' class='easy-footnote-margin-adjust'><\/span><span class='easy-footnote'><a href='http:\/\/vincentians.com\/es\/la-liturgia-en-la-epoca-barroca\/#easy-footnote-bottom-17-51271' title='Cit. NEUNHEUSER, &lt;em&gt;Storia della Liturgia secondo le \u00e9poche cultu\u00adrali, &lt;\/em&gt;67.'><sup>17<\/sup><\/a><\/span>\n<p>El sentido devocional orienta la construcci\u00f3n del templo barroco, en particular el llamado \u00abjesu\u00edtico\u00bb, donde se multi\u00adplican los altares en las capillas laterales. Hallamos en el pres\u00adbiterio el \u00abgran altar\u00bb, fachada de columnas salom\u00f3nicas con floresta y racimos de uva, hornacinas de santos y angelotes lu\u00adcidos que hacen pedestal al misterio de la crucifixi\u00f3n, y for\u00adman la aureola del \u00abtrono\u00bb de la exposici\u00f3n solemne, mientras que la mesa del sacrificio parece empeque\u00f1ecerse y como esfu\u00admarse ante la grandiosidad del conjunto. Se someten los sen\u00adtidos no a la celebraci\u00f3n sino a la devoci\u00f3n eucar\u00edstica: <em>missa coram SS. Sacramento. <\/em>Tambi\u00e9n sufre la liturgia de la \u00abPala\u00adbra\u00bb: el p\u00falpito se alza en el centro de la nave, lejos del pres\u00adbiterio, se pierde la conexi\u00f3n entre Palabra y Eucarist\u00eda. Se predica mucho, pero fuera de la misa, para satisfacer la devo\u00adci\u00f3n privada. La predicaci\u00f3n ampulosa, a lo Vieira, con orien\u00adtaci\u00f3n moralizante o panegir\u00edstica, sofoca por su vaciedad la sencilla palabra evang\u00e9lica.<span id='easy-footnote-18-51271' class='easy-footnote-margin-adjust'><\/span><span class='easy-footnote'><a href='http:\/\/vincentians.com\/es\/la-liturgia-en-la-epoca-barroca\/#easy-footnote-bottom-18-51271' title='Cf. KLAUSER, op. cit., 107-120.'><sup>18<\/sup><\/a><\/span>\n<p>Louis Bouyer, tras una desenfadada cr\u00edtica de los concep\u00adtos que rigieron la religiosidad barroca, se\u00f1ala este punto po\u00adsitivo: \u00abel tradicionalismo r\u00edgido y falto de inteligencia&#8230;, fue el medio providencial que permiti\u00f3 a la Iglesia salvar sus teso\u00adros lit\u00fargicos\u00bb.<span id='easy-footnote-19-51271' class='easy-footnote-margin-adjust'><\/span><span class='easy-footnote'><a href='http:\/\/vincentians.com\/es\/la-liturgia-en-la-epoca-barroca\/#easy-footnote-bottom-19-51271' title='OUYER, L., &lt;em&gt;Piedad Lit\u00fargica.&lt;\/em&gt;'><sup>19<\/sup><\/a><\/span>\n<p>Al cerrar este cap\u00edtulo no se pueden olvidar las palabras de Pablo VI con las que abre la constituci\u00f3n apost\u00f3lica <em>Missale Romanum, <\/em>que promulga el Misal restaurado seg\u00fan los decre\u00adtos del Concilio Vaticano II: \u00abEl Misal Romano, promulgado en 1570 por Nuestro Predecesor San P\u00edo V, en conformidad con los decretos del Concilio de Trento, ha sido siempre conside\u00adrado como uno de los numerosos y admirables frutos que aquel sacrosanto Concilio disemin\u00f3 por toda la Iglesia de Cristo. Du\u00adrante cuatro siglos constituy\u00f3 la norma de la celebraci\u00f3n del Sacrificio eucar\u00edstico para los sacerdotes de rito latino&#8230; No se debe olvidar que innumerables santos alimentaron su pie\u00addad y su amor a Dios con las lecturas b\u00edblicas y las oraciones del Misal&#8230;, cuya ordenaci\u00f3n general remonta en lo esencial a San Gregorio Magno\u00bb.<span id='easy-footnote-20-51271' class='easy-footnote-margin-adjust'><\/span><span class='easy-footnote'><a href='http:\/\/vincentians.com\/es\/la-liturgia-en-la-epoca-barroca\/#easy-footnote-bottom-20-51271' title='PABLO VI, &lt;em&gt;Const. Apst. Missale Romanum, &lt;\/em&gt;primer p\u00e1rrafo, ed. tip. vaticana.'><sup>20<\/sup><\/a><\/span>\n","protected":false},"excerpt":{"rendered":"<p>1. Trento Antes de presentar las caracter\u00edsticas lit\u00fargicas del mundo barroco conviene subrayar el ambiente lit\u00fargico que pis\u00f3 el concilio de Trento. El Renacimiento, con su mirada retrospec\u00adtiva al pasado grecorromano y su af\u00e1n de &#8230; <a href=\"http:\/\/vincentians.com\/es\/la-liturgia-en-la-epoca-barroca\/\" class=\"more-link\">Read More<\/a><\/p>\n","protected":false},"author":4,"featured_media":400001,"comment_status":"open","ping_status":"open","sticky":false,"template":"","format":"standard","meta":{"jetpack_post_was_ever_published":false,"_jetpack_newsletter_access":"","_jetpack_dont_email_post_to_subs":false,"_jetpack_newsletter_tier_id":0,"_jetpack_memberships_contains_paywalled_content":false,"_jetpack_memberships_contains_paid_content":false,"footnotes":"","jetpack_publicize_message":"","jetpack_publicize_feature_enabled":true,"jetpack_social_post_already_shared":true,"jetpack_social_options":{"image_generator_settings":{"template":"highway","default_image_id":0,"font":"","enabled":false},"version":2}},"categories":[17],"tags":[],"class_list":["post-51271","post","type-post","status-publish","format-standard","has-post-thumbnail","hentry","category-en-tiempos-de-vicente-de-paul"],"yoast_head":"<!-- This site is optimized with the Yoast SEO plugin v26.3 - https:\/\/yoast.com\/wordpress\/plugins\/seo\/ -->\n<title>La liturgia en la \u00e9poca barroca - Somos Vicencianos<\/title>\n<meta name=\"robots\" content=\"index, follow, max-snippet:-1, max-image-preview:large, max-video-preview:-1\" \/>\n<link rel=\"canonical\" href=\"http:\/\/vincentians.com\/es\/la-liturgia-en-la-epoca-barroca\/\" \/>\n<meta property=\"og:locale\" content=\"es_ES\" \/>\n<meta property=\"og:type\" content=\"article\" \/>\n<meta property=\"og:title\" content=\"La liturgia en la \u00e9poca barroca - Somos Vicencianos\" \/>\n<meta property=\"og:description\" content=\"1. Trento Antes de presentar las caracter\u00edsticas lit\u00fargicas del mundo barroco conviene subrayar el ambiente lit\u00fargico que pis\u00f3 el concilio de Trento. El Renacimiento, con su mirada retrospec\u00adtiva al pasado grecorromano y su af\u00e1n de ... Read More\" \/>\n<meta property=\"og:url\" content=\"http:\/\/vincentians.com\/es\/la-liturgia-en-la-epoca-barroca\/\" \/>\n<meta property=\"og:site_name\" content=\"Somos Vicencianos\" \/>\n<meta property=\"article:publisher\" content=\"https:\/\/www.facebook.com\/WeAreVincentians\/\" \/>\n<meta property=\"article:author\" content=\"https:\/\/www.facebook.com\/JavierChento\" \/>\n<meta property=\"article:published_time\" content=\"2019-09-21T06:51:29+00:00\" \/>\n<meta property=\"og:image\" content=\"https:\/\/i0.wp.com\/vincentians.com\/es\/wp-content\/uploads\/sites\/11\/2016\/09\/revolucion-francesa.jpg?fit=1600%2C840\" \/>\n\t<meta property=\"og:image:width\" content=\"1600\" \/>\n\t<meta property=\"og:image:height\" content=\"840\" \/>\n\t<meta property=\"og:image:type\" content=\"image\/jpeg\" \/>\n<meta name=\"author\" content=\"Francisco Javier Fern\u00e1ndez Chento\" \/>\n<meta name=\"twitter:card\" content=\"summary_large_image\" \/>\n<meta name=\"twitter:creator\" content=\"@https:\/\/twitter.com\/javierchento\" \/>\n<meta name=\"twitter:site\" content=\"@WeVincentians\" \/>\n<meta name=\"twitter:label1\" content=\"Escrito por\" \/>\n\t<meta name=\"twitter:data1\" content=\"Francisco Javier Fern\u00e1ndez Chento\" \/>\n\t<meta name=\"twitter:label2\" content=\"Tiempo de lectura\" \/>\n\t<meta name=\"twitter:data2\" content=\"14 minutos\" \/>\n<script type=\"application\/ld+json\" class=\"yoast-schema-graph\">{\"@context\":\"https:\/\/schema.org\",\"@graph\":[{\"@type\":\"Article\",\"@id\":\"http:\/\/vincentians.com\/es\/la-liturgia-en-la-epoca-barroca\/#article\",\"isPartOf\":{\"@id\":\"http:\/\/vincentians.com\/es\/la-liturgia-en-la-epoca-barroca\/\"},\"author\":{\"name\":\"Francisco Javier Fern\u00e1ndez Chento\",\"@id\":\"http:\/\/vincentians.com\/es\/#\/schema\/person\/9623ef4d9aa3b2dfb8c061f1499288f2\"},\"headline\":\"La liturgia en la \u00e9poca barroca\",\"datePublished\":\"2019-09-21T06:51:29+00:00\",\"mainEntityOfPage\":{\"@id\":\"http:\/\/vincentians.com\/es\/la-liturgia-en-la-epoca-barroca\/\"},\"wordCount\":2800,\"commentCount\":1,\"publisher\":{\"@id\":\"http:\/\/vincentians.com\/es\/#organization\"},\"image\":{\"@id\":\"http:\/\/vincentians.com\/es\/la-liturgia-en-la-epoca-barroca\/#primaryimage\"},\"thumbnailUrl\":\"https:\/\/i0.wp.com\/vincentians.com\/es\/wp-content\/uploads\/sites\/11\/2016\/09\/revolucion-francesa.jpg?fit=1600%2C840\",\"articleSection\":[\"En tiempos de Vicente de Pa\u00fal\"],\"inLanguage\":\"es\",\"potentialAction\":[{\"@type\":\"CommentAction\",\"name\":\"Comment\",\"target\":[\"http:\/\/vincentians.com\/es\/la-liturgia-en-la-epoca-barroca\/#respond\"]}]},{\"@type\":\"WebPage\",\"@id\":\"http:\/\/vincentians.com\/es\/la-liturgia-en-la-epoca-barroca\/\",\"url\":\"http:\/\/vincentians.com\/es\/la-liturgia-en-la-epoca-barroca\/\",\"name\":\"La liturgia en la \u00e9poca barroca - Somos Vicencianos\",\"isPartOf\":{\"@id\":\"http:\/\/vincentians.com\/es\/#website\"},\"primaryImageOfPage\":{\"@id\":\"http:\/\/vincentians.com\/es\/la-liturgia-en-la-epoca-barroca\/#primaryimage\"},\"image\":{\"@id\":\"http:\/\/vincentians.com\/es\/la-liturgia-en-la-epoca-barroca\/#primaryimage\"},\"thumbnailUrl\":\"https:\/\/i0.wp.com\/vincentians.com\/es\/wp-content\/uploads\/sites\/11\/2016\/09\/revolucion-francesa.jpg?fit=1600%2C840\",\"datePublished\":\"2019-09-21T06:51:29+00:00\",\"breadcrumb\":{\"@id\":\"http:\/\/vincentians.com\/es\/la-liturgia-en-la-epoca-barroca\/#breadcrumb\"},\"inLanguage\":\"es\",\"potentialAction\":[{\"@type\":\"ReadAction\",\"target\":[\"http:\/\/vincentians.com\/es\/la-liturgia-en-la-epoca-barroca\/\"]}]},{\"@type\":\"ImageObject\",\"inLanguage\":\"es\",\"@id\":\"http:\/\/vincentians.com\/es\/la-liturgia-en-la-epoca-barroca\/#primaryimage\",\"url\":\"https:\/\/i0.wp.com\/vincentians.com\/es\/wp-content\/uploads\/sites\/11\/2016\/09\/revolucion-francesa.jpg?fit=1600%2C840\",\"contentUrl\":\"https:\/\/i0.wp.com\/vincentians.com\/es\/wp-content\/uploads\/sites\/11\/2016\/09\/revolucion-francesa.jpg?fit=1600%2C840\",\"width\":1600,\"height\":840},{\"@type\":\"BreadcrumbList\",\"@id\":\"http:\/\/vincentians.com\/es\/la-liturgia-en-la-epoca-barroca\/#breadcrumb\",\"itemListElement\":[{\"@type\":\"ListItem\",\"position\":1,\"name\":\"Portada\",\"item\":\"http:\/\/vincentians.com\/es\/\"},{\"@type\":\"ListItem\",\"position\":2,\"name\":\"La liturgia en la \u00e9poca barroca\"}]},{\"@type\":\"WebSite\",\"@id\":\"http:\/\/vincentians.com\/es\/#website\",\"url\":\"http:\/\/vincentians.com\/es\/\",\"name\":\"Somos Vicencianos\",\"description\":\"Know more to serve more\",\"publisher\":{\"@id\":\"http:\/\/vincentians.com\/es\/#organization\"},\"potentialAction\":[{\"@type\":\"SearchAction\",\"target\":{\"@type\":\"EntryPoint\",\"urlTemplate\":\"http:\/\/vincentians.com\/es\/?s={search_term_string}\"},\"query-input\":{\"@type\":\"PropertyValueSpecification\",\"valueRequired\":true,\"valueName\":\"search_term_string\"}}],\"inLanguage\":\"es\"},{\"@type\":\"Organization\",\"@id\":\"http:\/\/vincentians.com\/es\/#organization\",\"name\":\"The Vincentian Network\",\"url\":\"http:\/\/vincentians.com\/es\/\",\"logo\":{\"@type\":\"ImageObject\",\"inLanguage\":\"es\",\"@id\":\"http:\/\/vincentians.com\/es\/#\/schema\/logo\/image\/\",\"url\":\"https:\/\/i1.wp.com\/vincentians.com\/es\/wp-content\/uploads\/sites\/11\/2016\/06\/Vincentian-Network-logo-big.png?fit=778%2C778\",\"contentUrl\":\"https:\/\/i1.wp.com\/vincentians.com\/es\/wp-content\/uploads\/sites\/11\/2016\/06\/Vincentian-Network-logo-big.png?fit=778%2C778\",\"width\":778,\"height\":778,\"caption\":\"The Vincentian Network\"},\"image\":{\"@id\":\"http:\/\/vincentians.com\/es\/#\/schema\/logo\/image\/\"},\"sameAs\":[\"https:\/\/www.facebook.com\/WeAreVincentians\/\",\"https:\/\/x.com\/WeVincentians\"]},{\"@type\":\"Person\",\"@id\":\"http:\/\/vincentians.com\/es\/#\/schema\/person\/9623ef4d9aa3b2dfb8c061f1499288f2\",\"name\":\"Francisco Javier Fern\u00e1ndez Chento\",\"image\":{\"@type\":\"ImageObject\",\"inLanguage\":\"es\",\"@id\":\"http:\/\/vincentians.com\/es\/#\/schema\/person\/image\/\",\"url\":\"https:\/\/secure.gravatar.com\/avatar\/497d5cde87b4c3d097d0315953521681ba2cd523ee66e5077c3711f7021e65de?s=96&d=mm&r=g\",\"contentUrl\":\"https:\/\/secure.gravatar.com\/avatar\/497d5cde87b4c3d097d0315953521681ba2cd523ee66e5077c3711f7021e65de?s=96&d=mm&r=g\",\"caption\":\"Francisco Javier Fern\u00e1ndez Chento\"},\"description\":\"Director General y cofundador de La Red de Formaci\u00f3n Vicenciana. Javier es laico vicenciano, afiliado a la Congregaci\u00f3n de la Misi\u00f3n y miembro del Equipo de Misiones Populares de la provincia can\u00f3nica de Zaragoza (Espa\u00f1a) de la Congregaci\u00f3n de la Misi\u00f3n. Graduado en la Universidad Oberta de Catalunya con cuatro grados (Asistente de direcci\u00f3n, Gesti\u00f3n Administrativa, Recursos Humanos y Contabilidad Avanzada). Bil\u00edng\u00fce Espa\u00f1ol\/Ingl\u00e9s. gestiona y mantiene varias p\u00e1ginas web cristianas y vicencianas, incluida including La Red de Formaci\u00f3n Vicenciana, de la que es cofundador. Actualmente es responsable del \u00e1rea de Espa\u00f1ol de .famvin, la Red de Noticias de la Familia Vicenciana. Tambi\u00e9n es m\u00fasico cat\u00f3lico y ha editado varios discos. Es Director General y cofundador de Trovador, una reconocida compa\u00f1\u00eda discogr\u00e1fica critiana de Espa\u00f1a. Trabaja en las Tecnolog\u00edas de la Informaci\u00f3n, ofreciendo servicios de alojamiento, dise\u00f1o y mantenimiento Web, as\u00ed como asesoramiento, formaci\u00f3n y soluciones inform\u00e1ticas, gesti\u00f3n documental y digitalizaci\u00f3n de textos, edici\u00f3n y maquetaci\u00f3n de libros, revistas, flyers, etc.\",\"sameAs\":[\"http:\/\/chento.org\",\"https:\/\/www.facebook.com\/JavierChento\",\"https:\/\/x.com\/https:\/\/twitter.com\/javierchento\"],\"url\":\"http:\/\/vincentians.com\/es\/author\/chento\/\"}]}<\/script>\n<!-- \/ Yoast SEO plugin. -->","yoast_head_json":{"title":"La liturgia en la \u00e9poca barroca - Somos Vicencianos","robots":{"index":"index","follow":"follow","max-snippet":"max-snippet:-1","max-image-preview":"max-image-preview:large","max-video-preview":"max-video-preview:-1"},"canonical":"http:\/\/vincentians.com\/es\/la-liturgia-en-la-epoca-barroca\/","og_locale":"es_ES","og_type":"article","og_title":"La liturgia en la \u00e9poca barroca - Somos Vicencianos","og_description":"1. Trento Antes de presentar las caracter\u00edsticas lit\u00fargicas del mundo barroco conviene subrayar el ambiente lit\u00fargico que pis\u00f3 el concilio de Trento. El Renacimiento, con su mirada retrospec\u00adtiva al pasado grecorromano y su af\u00e1n de ... Read More","og_url":"http:\/\/vincentians.com\/es\/la-liturgia-en-la-epoca-barroca\/","og_site_name":"Somos Vicencianos","article_publisher":"https:\/\/www.facebook.com\/WeAreVincentians\/","article_author":"https:\/\/www.facebook.com\/JavierChento","article_published_time":"2019-09-21T06:51:29+00:00","og_image":[{"width":1600,"height":840,"url":"https:\/\/i0.wp.com\/vincentians.com\/es\/wp-content\/uploads\/sites\/11\/2016\/09\/revolucion-francesa.jpg?fit=1600%2C840","type":"image\/jpeg"}],"author":"Francisco Javier Fern\u00e1ndez Chento","twitter_card":"summary_large_image","twitter_creator":"@https:\/\/twitter.com\/javierchento","twitter_site":"@WeVincentians","twitter_misc":{"Escrito por":"Francisco Javier Fern\u00e1ndez Chento","Tiempo de lectura":"14 minutos"},"schema":{"@context":"https:\/\/schema.org","@graph":[{"@type":"Article","@id":"http:\/\/vincentians.com\/es\/la-liturgia-en-la-epoca-barroca\/#article","isPartOf":{"@id":"http:\/\/vincentians.com\/es\/la-liturgia-en-la-epoca-barroca\/"},"author":{"name":"Francisco Javier Fern\u00e1ndez Chento","@id":"http:\/\/vincentians.com\/es\/#\/schema\/person\/9623ef4d9aa3b2dfb8c061f1499288f2"},"headline":"La liturgia en la \u00e9poca barroca","datePublished":"2019-09-21T06:51:29+00:00","mainEntityOfPage":{"@id":"http:\/\/vincentians.com\/es\/la-liturgia-en-la-epoca-barroca\/"},"wordCount":2800,"commentCount":1,"publisher":{"@id":"http:\/\/vincentians.com\/es\/#organization"},"image":{"@id":"http:\/\/vincentians.com\/es\/la-liturgia-en-la-epoca-barroca\/#primaryimage"},"thumbnailUrl":"https:\/\/i0.wp.com\/vincentians.com\/es\/wp-content\/uploads\/sites\/11\/2016\/09\/revolucion-francesa.jpg?fit=1600%2C840","articleSection":["En tiempos de Vicente de Pa\u00fal"],"inLanguage":"es","potentialAction":[{"@type":"CommentAction","name":"Comment","target":["http:\/\/vincentians.com\/es\/la-liturgia-en-la-epoca-barroca\/#respond"]}]},{"@type":"WebPage","@id":"http:\/\/vincentians.com\/es\/la-liturgia-en-la-epoca-barroca\/","url":"http:\/\/vincentians.com\/es\/la-liturgia-en-la-epoca-barroca\/","name":"La liturgia en la \u00e9poca barroca - Somos Vicencianos","isPartOf":{"@id":"http:\/\/vincentians.com\/es\/#website"},"primaryImageOfPage":{"@id":"http:\/\/vincentians.com\/es\/la-liturgia-en-la-epoca-barroca\/#primaryimage"},"image":{"@id":"http:\/\/vincentians.com\/es\/la-liturgia-en-la-epoca-barroca\/#primaryimage"},"thumbnailUrl":"https:\/\/i0.wp.com\/vincentians.com\/es\/wp-content\/uploads\/sites\/11\/2016\/09\/revolucion-francesa.jpg?fit=1600%2C840","datePublished":"2019-09-21T06:51:29+00:00","breadcrumb":{"@id":"http:\/\/vincentians.com\/es\/la-liturgia-en-la-epoca-barroca\/#breadcrumb"},"inLanguage":"es","potentialAction":[{"@type":"ReadAction","target":["http:\/\/vincentians.com\/es\/la-liturgia-en-la-epoca-barroca\/"]}]},{"@type":"ImageObject","inLanguage":"es","@id":"http:\/\/vincentians.com\/es\/la-liturgia-en-la-epoca-barroca\/#primaryimage","url":"https:\/\/i0.wp.com\/vincentians.com\/es\/wp-content\/uploads\/sites\/11\/2016\/09\/revolucion-francesa.jpg?fit=1600%2C840","contentUrl":"https:\/\/i0.wp.com\/vincentians.com\/es\/wp-content\/uploads\/sites\/11\/2016\/09\/revolucion-francesa.jpg?fit=1600%2C840","width":1600,"height":840},{"@type":"BreadcrumbList","@id":"http:\/\/vincentians.com\/es\/la-liturgia-en-la-epoca-barroca\/#breadcrumb","itemListElement":[{"@type":"ListItem","position":1,"name":"Portada","item":"http:\/\/vincentians.com\/es\/"},{"@type":"ListItem","position":2,"name":"La liturgia en la \u00e9poca barroca"}]},{"@type":"WebSite","@id":"http:\/\/vincentians.com\/es\/#website","url":"http:\/\/vincentians.com\/es\/","name":"Somos Vicencianos","description":"Know more to serve more","publisher":{"@id":"http:\/\/vincentians.com\/es\/#organization"},"potentialAction":[{"@type":"SearchAction","target":{"@type":"EntryPoint","urlTemplate":"http:\/\/vincentians.com\/es\/?s={search_term_string}"},"query-input":{"@type":"PropertyValueSpecification","valueRequired":true,"valueName":"search_term_string"}}],"inLanguage":"es"},{"@type":"Organization","@id":"http:\/\/vincentians.com\/es\/#organization","name":"The Vincentian Network","url":"http:\/\/vincentians.com\/es\/","logo":{"@type":"ImageObject","inLanguage":"es","@id":"http:\/\/vincentians.com\/es\/#\/schema\/logo\/image\/","url":"https:\/\/i1.wp.com\/vincentians.com\/es\/wp-content\/uploads\/sites\/11\/2016\/06\/Vincentian-Network-logo-big.png?fit=778%2C778","contentUrl":"https:\/\/i1.wp.com\/vincentians.com\/es\/wp-content\/uploads\/sites\/11\/2016\/06\/Vincentian-Network-logo-big.png?fit=778%2C778","width":778,"height":778,"caption":"The Vincentian Network"},"image":{"@id":"http:\/\/vincentians.com\/es\/#\/schema\/logo\/image\/"},"sameAs":["https:\/\/www.facebook.com\/WeAreVincentians\/","https:\/\/x.com\/WeVincentians"]},{"@type":"Person","@id":"http:\/\/vincentians.com\/es\/#\/schema\/person\/9623ef4d9aa3b2dfb8c061f1499288f2","name":"Francisco Javier Fern\u00e1ndez Chento","image":{"@type":"ImageObject","inLanguage":"es","@id":"http:\/\/vincentians.com\/es\/#\/schema\/person\/image\/","url":"https:\/\/secure.gravatar.com\/avatar\/497d5cde87b4c3d097d0315953521681ba2cd523ee66e5077c3711f7021e65de?s=96&d=mm&r=g","contentUrl":"https:\/\/secure.gravatar.com\/avatar\/497d5cde87b4c3d097d0315953521681ba2cd523ee66e5077c3711f7021e65de?s=96&d=mm&r=g","caption":"Francisco Javier Fern\u00e1ndez Chento"},"description":"Director General y cofundador de La Red de Formaci\u00f3n Vicenciana. Javier es laico vicenciano, afiliado a la Congregaci\u00f3n de la Misi\u00f3n y miembro del Equipo de Misiones Populares de la provincia can\u00f3nica de Zaragoza (Espa\u00f1a) de la Congregaci\u00f3n de la Misi\u00f3n. Graduado en la Universidad Oberta de Catalunya con cuatro grados (Asistente de direcci\u00f3n, Gesti\u00f3n Administrativa, Recursos Humanos y Contabilidad Avanzada). Bil\u00edng\u00fce Espa\u00f1ol\/Ingl\u00e9s. gestiona y mantiene varias p\u00e1ginas web cristianas y vicencianas, incluida including La Red de Formaci\u00f3n Vicenciana, de la que es cofundador. Actualmente es responsable del \u00e1rea de Espa\u00f1ol de .famvin, la Red de Noticias de la Familia Vicenciana. Tambi\u00e9n es m\u00fasico cat\u00f3lico y ha editado varios discos. Es Director General y cofundador de Trovador, una reconocida compa\u00f1\u00eda discogr\u00e1fica critiana de Espa\u00f1a. Trabaja en las Tecnolog\u00edas de la Informaci\u00f3n, ofreciendo servicios de alojamiento, dise\u00f1o y mantenimiento Web, as\u00ed como asesoramiento, formaci\u00f3n y soluciones inform\u00e1ticas, gesti\u00f3n documental y digitalizaci\u00f3n de textos, edici\u00f3n y maquetaci\u00f3n de libros, revistas, flyers, etc.","sameAs":["http:\/\/chento.org","https:\/\/www.facebook.com\/JavierChento","https:\/\/x.com\/https:\/\/twitter.com\/javierchento"],"url":"http:\/\/vincentians.com\/es\/author\/chento\/"}]}},"jetpack_publicize_connections":[],"jetpack_featured_media_url":"https:\/\/i0.wp.com\/vincentians.com\/es\/wp-content\/uploads\/sites\/11\/2016\/09\/revolucion-francesa.jpg?fit=1600%2C840","jetpack_sharing_enabled":true,"jetpack_shortlink":"https:\/\/wp.me\/p7ETMF-dkX","jetpack-related-posts":[{"id":51273,"url":"http:\/\/vincentians.com\/es\/el-canto-liturgico-en-la-epoca-barroca\/","url_meta":{"origin":51271,"position":0},"title":"El canto lit\u00fargico en la \u00e9poca barroca","author":"Francisco Javier Fern\u00e1ndez Chento","date":"11\/10\/2019","format":false,"excerpt":"La decadencia del canto lit\u00fargico \"gregoriano\" era un he\u00adcho a partir del siglo XII. El Gregoriano en su evoluci\u00f3n dio co\u00admo fruto natural la aparici\u00f3n de la polifon\u00eda. Esta acapar\u00f3 pronto el repertorio de las \"capillas\" catedralicias y, con el des\u00adpertar del renacimiento, el de las cortes principescas y se\u00f1o\u00adriales,\u2026","rel":"","context":"En \u00abEn tiempos de Vicente de Pa\u00fal\u00bb","block_context":{"text":"En tiempos de Vicente de Pa\u00fal","link":"http:\/\/vincentians.com\/es\/category\/historia-de-la-familia-vicenciana\/en-tiempos-de-vicente-de-paul\/"},"img":{"alt_text":"","src":"https:\/\/i0.wp.com\/vincentians.com\/es\/wp-content\/uploads\/sites\/11\/2016\/08\/providencia.jpg?fit=1200%2C630&resize=350%2C200","width":350,"height":200,"srcset":"https:\/\/i0.wp.com\/vincentians.com\/es\/wp-content\/uploads\/sites\/11\/2016\/08\/providencia.jpg?fit=1200%2C630&resize=350%2C200 1x, https:\/\/i0.wp.com\/vincentians.com\/es\/wp-content\/uploads\/sites\/11\/2016\/08\/providencia.jpg?fit=1200%2C630&resize=525%2C300 1.5x, https:\/\/i0.wp.com\/vincentians.com\/es\/wp-content\/uploads\/sites\/11\/2016\/08\/providencia.jpg?fit=1200%2C630&resize=700%2C400 2x, https:\/\/i0.wp.com\/vincentians.com\/es\/wp-content\/uploads\/sites\/11\/2016\/08\/providencia.jpg?fit=1200%2C630&resize=1050%2C600 3x"},"classes":[]},{"id":117160,"url":"http:\/\/vincentians.com\/es\/sacrosanctum-concilium\/","url_meta":{"origin":51271,"position":1},"title":"Sacrosanctum Concilium","author":"Francisco Javier Fern\u00e1ndez Chento","date":"01\/11\/2018","format":false,"excerpt":"Comentario a \"Sacrosanctum Concilium\" Autor: Jos\u00e9 Miguel Arr\u00e1iz La constituci\u00f3n Sacrosanctum Concilium fue el primer documento aprobado por el Concilio, el 4 de diciembre de 1963, por una abrumadora mayor\u00eda de 2158 votos a favor y 4 en contra. Daba a la liturgia un tratamiento tan generoso en comparaci\u00f3n con\u2026","rel":"","context":"En \u00abConcilio Vaticano II\u00bb","block_context":{"text":"Concilio Vaticano II","link":"http:\/\/vincentians.com\/es\/category\/formacion-cristiana\/concilios-ecumenicos\/concilio-vaticano-ii\/"},"img":{"alt_text":"","src":"https:\/\/i0.wp.com\/vincentians.com\/es\/wp-content\/uploads\/sites\/11\/2013\/10\/El-Cristo-de-las-virtudes-vicencianas.jpg?fit=1200%2C399&resize=350%2C200","width":350,"height":200,"srcset":"https:\/\/i0.wp.com\/vincentians.com\/es\/wp-content\/uploads\/sites\/11\/2013\/10\/El-Cristo-de-las-virtudes-vicencianas.jpg?fit=1200%2C399&resize=350%2C200 1x, https:\/\/i0.wp.com\/vincentians.com\/es\/wp-content\/uploads\/sites\/11\/2013\/10\/El-Cristo-de-las-virtudes-vicencianas.jpg?fit=1200%2C399&resize=525%2C300 1.5x, https:\/\/i0.wp.com\/vincentians.com\/es\/wp-content\/uploads\/sites\/11\/2013\/10\/El-Cristo-de-las-virtudes-vicencianas.jpg?fit=1200%2C399&resize=700%2C400 2x, https:\/\/i0.wp.com\/vincentians.com\/es\/wp-content\/uploads\/sites\/11\/2013\/10\/El-Cristo-de-las-virtudes-vicencianas.jpg?fit=1200%2C399&resize=1050%2C600 3x"},"classes":[]},{"id":51272,"url":"http:\/\/vincentians.com\/es\/formacion-liturgica-de-vicente-de-paul\/","url_meta":{"origin":51271,"position":2},"title":"Formaci\u00f3n lit\u00fargica de Vicente de Pa\u00fal","author":"Francisco Javier Fern\u00e1ndez Chento","date":"30\/09\/2019","format":false,"excerpt":"Han quedado ya expuestas las principales fuentes de la es\u00adpiritualidad vicenciana. Es la espiritualidad del Oratorio la m\u00e1s influyente, y es l\u00f3gico dadas las relaciones entre Vicente y los m\u00e1s eminentes miembros de aqu\u00e9l. Vicente, dirigido por B\u00e9rulle en sus a\u00f1os de b\u00fasqueda; unido en amistad con Con\u00addren y Bourgoing,\u2026","rel":"","context":"En \u00abVicente de Pa\u00fal\u00bb","block_context":{"text":"Vicente de Pa\u00fal","link":"http:\/\/vincentians.com\/es\/category\/la-familia-vicenciana\/fundadores\/vicente-de-paul\/"},"img":{"alt_text":"","src":"https:\/\/i0.wp.com\/vincentians.com\/es\/wp-content\/uploads\/sites\/11\/2016\/09\/identidad.jpg?fit=1200%2C630&resize=350%2C200","width":350,"height":200,"srcset":"https:\/\/i0.wp.com\/vincentians.com\/es\/wp-content\/uploads\/sites\/11\/2016\/09\/identidad.jpg?fit=1200%2C630&resize=350%2C200 1x, https:\/\/i0.wp.com\/vincentians.com\/es\/wp-content\/uploads\/sites\/11\/2016\/09\/identidad.jpg?fit=1200%2C630&resize=525%2C300 1.5x, https:\/\/i0.wp.com\/vincentians.com\/es\/wp-content\/uploads\/sites\/11\/2016\/09\/identidad.jpg?fit=1200%2C630&resize=700%2C400 2x, https:\/\/i0.wp.com\/vincentians.com\/es\/wp-content\/uploads\/sites\/11\/2016\/09\/identidad.jpg?fit=1200%2C630&resize=1050%2C600 3x"},"classes":[]},{"id":40710,"url":"http:\/\/vincentians.com\/es\/espiritualidad-vicenciana-liturgia\/","url_meta":{"origin":51271,"position":3},"title":"Espiritualidad vicenciana: Liturgia","author":"Francisco Javier Fern\u00e1ndez Chento","date":"17\/01\/2023","format":false,"excerpt":"Introducci\u00f3n \"La asamblea como tal es el sujeto de la ce\u00adlebraci\u00f3n eucar\u00edstica\". Todav\u00eda hoy una afirmaci\u00f3n semejante sorprende a m\u00e1s de uno. Sin embar\u00adgo, est\u00e1 sacada de un documento del episcopa\u00addo franc\u00e9s. En realidad debemos asombrarnos un poco de que se tuviera que descubrir de nuevo lo expresado desde siempre\u2026","rel":"","context":"En \u00abEspiritualidad vicenciana\u00bb","block_context":{"text":"Espiritualidad vicenciana","link":"http:\/\/vincentians.com\/es\/category\/espiritualidad\/espiritualidad-vicenciana\/"},"img":{"alt_text":"","src":"https:\/\/i0.wp.com\/vincentians.com\/es\/wp-content\/uploads\/sites\/11\/2016\/07\/espiritualidad-vicenciana.jpg?fit=1200%2C630&resize=350%2C200","width":350,"height":200,"srcset":"https:\/\/i0.wp.com\/vincentians.com\/es\/wp-content\/uploads\/sites\/11\/2016\/07\/espiritualidad-vicenciana.jpg?fit=1200%2C630&resize=350%2C200 1x, https:\/\/i0.wp.com\/vincentians.com\/es\/wp-content\/uploads\/sites\/11\/2016\/07\/espiritualidad-vicenciana.jpg?fit=1200%2C630&resize=525%2C300 1.5x, https:\/\/i0.wp.com\/vincentians.com\/es\/wp-content\/uploads\/sites\/11\/2016\/07\/espiritualidad-vicenciana.jpg?fit=1200%2C630&resize=700%2C400 2x, https:\/\/i0.wp.com\/vincentians.com\/es\/wp-content\/uploads\/sites\/11\/2016\/07\/espiritualidad-vicenciana.jpg?fit=1200%2C630&resize=1050%2C600 3x"},"classes":[]},{"id":51278,"url":"http:\/\/vincentians.com\/es\/ideas-de-vicente-sobre-el-culto-y-la-liturgia\/","url_meta":{"origin":51271,"position":4},"title":"Ideas de Vicente sobre el culto y la liturgia","author":"Francisco Javier Fern\u00e1ndez Chento","date":"03\/10\/2011","format":false,"excerpt":"Introducci\u00f3n Vicente con la Misi\u00f3n y la obra de renovaci\u00f3n del clero fue, sin duda, uno de los principales restauradores de la pureza del culto y de la liturgia. San L\u00e1zaro, a igual que la iglesia del Oratorio de la calle de Saint Honnor\u00e9, actu\u00f3 como escuela de renovaci\u00f3n de\u2026","rel":"","context":"En \u00abVicente de Pa\u00fal\u00bb","block_context":{"text":"Vicente de Pa\u00fal","link":"http:\/\/vincentians.com\/es\/category\/la-familia-vicenciana\/fundadores\/vicente-de-paul\/"},"img":{"alt_text":"","src":"https:\/\/i0.wp.com\/vicencianos.org\/wp-content\/2011\/06\/vicente_sacerdote-205x300.jpg?resize=350%2C200","width":350,"height":200},"classes":[]},{"id":29563,"url":"http:\/\/vincentians.com\/es\/oracion-al-paso-de-las-horas-apendice-iii-pastoral-de-la-liturgia-de-las-horas\/","url_meta":{"origin":51271,"position":5},"title":"Oraci\u00f3n al paso de las Horas. Ap\u00e9ndice III. Pastoral de la Liturgia de las Horas","author":"Francisco Javier Fern\u00e1ndez Chento","date":"04\/03\/2011","format":false,"excerpt":"\"Cuando los fieles son convocados y se re\u00fanen para la Liturgia de las Horas, uniendo sus corazones y sus voces, visibilizan a la Iglesia que celebra el misterio de Cristo\" (OGLH 22). No son muchos los estudios sobre la pastoral de la Liturgia de las Horas, y entre ellos conviene\u2026","rel":"","context":"En \u00abFormaci\u00f3n Cristiana\u00bb","block_context":{"text":"Formaci\u00f3n Cristiana","link":"http:\/\/vincentians.com\/es\/category\/formacion-cristiana\/"},"img":{"alt_text":"","src":"https:\/\/i0.wp.com\/vicencianos.org\/wp-content\/2011\/02\/liturgia_horas-300x224.jpg?resize=350%2C200","width":350,"height":200},"classes":[]}],"_links":{"self":[{"href":"http:\/\/vincentians.com\/es\/wp-json\/wp\/v2\/posts\/51271","targetHints":{"allow":["GET"]}}],"collection":[{"href":"http:\/\/vincentians.com\/es\/wp-json\/wp\/v2\/posts"}],"about":[{"href":"http:\/\/vincentians.com\/es\/wp-json\/wp\/v2\/types\/post"}],"author":[{"embeddable":true,"href":"http:\/\/vincentians.com\/es\/wp-json\/wp\/v2\/users\/4"}],"replies":[{"embeddable":true,"href":"http:\/\/vincentians.com\/es\/wp-json\/wp\/v2\/comments?post=51271"}],"version-history":[{"count":1,"href":"http:\/\/vincentians.com\/es\/wp-json\/wp\/v2\/posts\/51271\/revisions"}],"predecessor-version":[{"id":402618,"href":"http:\/\/vincentians.com\/es\/wp-json\/wp\/v2\/posts\/51271\/revisions\/402618"}],"wp:featuredmedia":[{"embeddable":true,"href":"http:\/\/vincentians.com\/es\/wp-json\/wp\/v2\/media\/400001"}],"wp:attachment":[{"href":"http:\/\/vincentians.com\/es\/wp-json\/wp\/v2\/media?parent=51271"}],"wp:term":[{"taxonomy":"category","embeddable":true,"href":"http:\/\/vincentians.com\/es\/wp-json\/wp\/v2\/categories?post=51271"},{"taxonomy":"post_tag","embeddable":true,"href":"http:\/\/vincentians.com\/es\/wp-json\/wp\/v2\/tags?post=51271"}],"curies":[{"name":"wp","href":"https:\/\/api.w.org\/{rel}","templated":true}]}}