{"id":51269,"date":"2019-11-08T08:30:29","date_gmt":"2019-11-08T07:30:29","guid":{"rendered":"http:\/\/somos.vicencianos.org\/blog\/2011\/09\/estado-del-clero-frances-en-los-siglos-xvi-y-xvii\/"},"modified":"2019-09-09T10:25:40","modified_gmt":"2019-09-09T08:25:40","slug":"estado-del-clero-frances-en-los-siglos-xvi-y-xvii","status":"publish","type":"post","link":"http:\/\/vincentians.com\/es\/estado-del-clero-frances-en-los-siglos-xvi-y-xvii\/","title":{"rendered":"Estado del clero franc\u00e9s en los siglos XVI y XVII"},"content":{"rendered":"<p>A trav\u00e9s de los hechos que nos ofrecen serios investigado\u00adres de la historia de la Iglesia, bi\u00f3grafos y el mismo Vicente de Pa\u00fal, se descubre el estado decadente de la sociedad clerical de aquella \u00e9poca. La baja calidad cultural y moral no era pecu\u00adliar del clero franc\u00e9s, se sent\u00eda en toda la cristiandad. Los sig\u00adnos de su renovaci\u00f3n se manifestar\u00e1n en Francia varias dece\u00adnas de arios m\u00e1s tarde que en otras regiones, debido a las gue\u00adrras de religi\u00f3n que asolaron el reino en los \u00faltimos a\u00f1os del siglo xvi y primera mitad del xvii. Parte de culpa tuvo la opo\u00adsici\u00f3n mantenida contra las disposiciones del concilio de Tren\u00adto por parte del Parlamento y la Asamblea del Clero.<\/p>\n<p>La historia nos ofrece el dato crudo y seco; la biograf\u00eda po\u00adsee el encanto de la luminosidad panegir\u00edstica y, sin ensombre\u00adcer la verdadera historia pierde el horizonte de lo general por el contorno de su h\u00e9roe. De las cartas, conferencias y repeti\u00adciones de oraci\u00f3n que el mismo Vicente dirig\u00eda al clero y a sus misioneros, aparece el dato vivido y sentido, el m\u00e1s real y aut\u00e9ntico.<\/p>\n<h2><em>1. Datos sacados de la Historia<\/em><\/h2>\n<p>\u00abEl abad de Saint Germain des Pr\u00e9s pose\u00eda la jurisdicci\u00f3n eclesi\u00e1stica en gran parte de Par\u00eds. Se llamaba Enrique de Bor\u00adb\u00f3n, marqu\u00e9s de Verneuil, hijo adulterino de Enrique IV y de Catalina de Balzac. Sin ser sacerdote, era obispo de Metz, abad comendador de Saint-Germain des Pr\u00e9s, de Fecamp, de Bon\u00adport, de Tir\u00f3n, de Velasse. Se casar\u00eda en 1678. Esta clase de abades, bastardos de grandes familias, no hac\u00edan otra cosa que saquear las rentas de las abad\u00edas, dejando a los monjes la oraci\u00f3n y el cumplimiento de las reglas. Bien es cierto que, en ocasiones, los monjes no mejoraban mucho a sus abades\u00bb.<span id='easy-footnote-1-51269' class='easy-footnote-margin-adjust'><\/span><span class='easy-footnote'><a href='http:\/\/vincentians.com\/es\/estado-del-clero-frances-en-los-siglos-xvi-y-xvii\/#easy-footnote-bottom-1-51269' title='Cf. ROHBACHER, &lt;em&gt;Hist. de l&amp;#8217;Eglise, &lt;\/em&gt;cit. por Mott, Saint Vincent de Paul et le sacerdote, 233.'><sup>1<\/sup><\/a><\/span>\n<p>En estos mismos t\u00e9rminos abunda B. Llorca en su <em>Historia eclesi\u00e1stica<\/em>,<span id='easy-footnote-2-51269' class='easy-footnote-margin-adjust'><\/span><span class='easy-footnote'><a href='http:\/\/vincentians.com\/es\/estado-del-clero-frances-en-los-siglos-xvi-y-xvii\/#easy-footnote-bottom-2-51269' title='Cf. LLORCA, &lt;em&gt;Historia Eclesi\u00e1stica, &lt;\/em&gt;532 ss.'><sup>2<\/sup><\/a><\/span> y Benito Mart\u00ednez en su art\u00edculo \u00abSan Vicente de Pa\u00fal en su contexto social <em>y <\/em>religioso\u00bb.<span id='easy-footnote-3-51269' class='easy-footnote-margin-adjust'><\/span><span class='easy-footnote'><a href='http:\/\/vincentians.com\/es\/estado-del-clero-frances-en-los-siglos-xvi-y-xvii\/#easy-footnote-bottom-3-51269' title='Cf. MART\u00cdNEZ, B., art. cit., en &lt;em&gt;Vicente de Pa\u00fal, pervivencia de un Fundador, &lt;\/em&gt;28-29.'><sup>3<\/sup><\/a><\/span>\n<p>De Daniel Rops son estas l\u00edneas: \u00abLos decretos del concilio de Trento no hab\u00edan bastado, evidentemente, para detener de golpe la decadencia del clero. Para remontar una pendiente por la que la Iglesia resbalaba desde hac\u00eda m\u00e1s de dos siglos, se necesitaban muchos esfuerzos. Buen n\u00famero de sacerdotes de la campi\u00f1a, viv\u00edan a la altura intelectual y moral de sus pue\u00adblos&#8230;, que no era demasiado alta. No es que la mayor parte de los sacerdotes se hundieran en p\u00e9simas costumbres, sino que viv\u00edan de un modo que nada ten\u00eda de sacerdotal\u00bb. Y a\u00f1ade unas p\u00e1ginas m\u00e1s adelante: \u00abUna familia que posea un episcopado, hace todo lo posible por conservarlo. Verdaderas &#8216;familias de obispos&#8217; reponen en sucesi\u00f3n a sus miembros&#8230;\u00bb. \u00abBella cosa es que un sacerdote sepa leer y escribir. Por supuesto nadie se preocupa de que conozcan el lat\u00edn. \u00a1Ya es bastante si son ca\u00adpaces de farfullar un poco de liturgia!\u00bb.<span id='easy-footnote-4-51269' class='easy-footnote-margin-adjust'><\/span><span class='easy-footnote'><a href='http:\/\/vincentians.com\/es\/estado-del-clero-frances-en-los-siglos-xvi-y-xvii\/#easy-footnote-bottom-4-51269' title='ROPS, D., La &lt;em&gt;Iglesia de los tiempos cl\u00e1sicos, &lt;\/em&gt;VIII, 31-32 y 76-88.'><sup>4<\/sup><\/a><\/span>\n<p>Este mismo autor, gran conocedor de la Iglesia de Francia, en su <em>Historia de la Iglesia de Cristo, <\/em>habla por extenso del es\u00adtado del clero en lo que \u00e9l llama el \u00abGran siglo de las almas\u00bb. Cita numerosas y pat\u00e9ticas confesiones de personas eclesi\u00e1s\u00adticas preocupadas por la renovaci\u00f3n del clero. De Juan Eudes es esta frase: \u00abQuienes deben trabajar en la salvaci\u00f3n de las almas hacen profesi\u00f3n de perderlas\u00bb. \u00bfTendr\u00e1 raz\u00f3n el abate de Saint-Cyran, cuando exclama: \u00abDe diez mil sacerdotes, ni uno s\u00f3lo\u00bb?<span id='easy-footnote-5-51269' class='easy-footnote-margin-adjust'><\/span><span class='easy-footnote'><a href='http:\/\/vincentians.com\/es\/estado-del-clero-frances-en-los-siglos-xvi-y-xvii\/#easy-footnote-bottom-5-51269' title='Idem, op. cit., 55 ss.'><sup>5<\/sup><\/a><\/span>\n<h2>2. <em>Datos presentados en las biograf\u00edas de S. Vicente de Pa\u00fal<\/em><\/h2>\n<p>Luis Abelly, primer bi\u00f3grafo, contempor\u00e1neo y disc\u00edpulo de Vicente, obispo, te\u00f3logo y escritor eclesi\u00e1stico, ha dejado al descubierto la situaci\u00f3n, lamentable y triste, del clero de su \u00e9poca.<span id='easy-footnote-6-51269' class='easy-footnote-margin-adjust'><\/span><span class='easy-footnote'><a href='http:\/\/vincentians.com\/es\/estado-del-clero-frances-en-los-siglos-xvi-y-xvii\/#easy-footnote-bottom-6-51269' title='Luis Abelly, nacido en 1604, qued\u00f3 marcado por la obra apost\u00f3lica de Vicente siendo miembro asiduo a las Conferencias de los Martes. Fue Obispo de Rodez, Di\u00f3cesis en la que abundaban los hugonotes. Escribi\u00f3 obras teol\u00f3gicas, pastorales y de instrucci\u00f3n cristiana, adem\u00e1s de la cita\u00adda biograf\u00eda en 3 tomos, escrita apenas cuatro a\u00f1os de la desaparici\u00f3n de Vicente de Pa\u00fal. La biograf\u00eda tiene el gran m\u00e9rito de la cercan\u00eda, del tes\u00adtimonio personal y de fuentes de primera mano. Lleva la fecha de 1664. Entre sus obras destacan: &lt;em&gt;Medulla Theologica, Sacerdos christianus, Me\u00additations.&lt;\/em&gt;'><sup>6<\/sup><\/a><\/span>\n<p>\u00abEl estado de la Iglesia de Francia al terminar el siglo xvI era deplorable, debido a la influencia de Lutero y Calvino, y a las continuas guerras civiles. A la destrucci\u00f3n de templos por causa de las guerras, se un\u00eda la total decadencia de la disci\u00adplina eclesi\u00e1stica. La mayor parte del pueblo estaba abando\u00adnado y privado de los sacramentos. Eran tantos los defectos del clero que, su estima, hab\u00eda deca\u00eddo en la opini\u00f3n p\u00fablica. El pueblo del campo, por culpa de sus pastores, se adormec\u00eda en la m\u00e1s crasa ignorancia\u00bb.<span id='easy-footnote-7-51269' class='easy-footnote-margin-adjust'><\/span><span class='easy-footnote'><a href='http:\/\/vincentians.com\/es\/estado-del-clero-frances-en-los-siglos-xvi-y-xvii\/#easy-footnote-bottom-7-51269' title='ABELLY, op. cit., I, II ss.'><sup>7<\/sup><\/a><\/span>\n<p>El mismo Abelly trae la carta dirigida a Vicente por un ca\u00adn\u00f3nigo: \u00abEn esta di\u00f3cesis el clero est\u00e1 sin disciplina; el pue\u00adblo, sin temor; los sacerdotes, sin piedad y caridad; los p\u00falpi\u00adtos sin predicadores; la ciencia, sin honor, y el vicio, sin cas\u00adtigo; la virtud es perseguida, la autoridad de la Iglesia odiada o menospreciada; el inter\u00e9s particular es lo \u00fanico que cuenta en el santuario; los m\u00e1s escandalosos son los m\u00e1s fuertes. La carne y la sangre han suplantado al Evangelio y al Esp\u00edritu de Cristo\u00bb.<span id='easy-footnote-8-51269' class='easy-footnote-margin-adjust'><\/span><span class='easy-footnote'><a href='http:\/\/vincentians.com\/es\/estado-del-clero-frances-en-los-siglos-xvi-y-xvii\/#easy-footnote-bottom-8-51269' title='Idem., op. cit., I, 213.'><sup>8<\/sup><\/a><\/span>\n<p>Pierre Coste, al recoger este texto tan elocuente, a\u00f1ade: \u00abNo era rara la di\u00f3cesis a la que se le pod\u00eda aplicar tales pala\u00adbras\u00bb.<span id='easy-footnote-9-51269' class='easy-footnote-margin-adjust'><\/span><span class='easy-footnote'><a href='http:\/\/vincentians.com\/es\/estado-del-clero-frances-en-los-siglos-xvi-y-xvii\/#easy-footnote-bottom-9-51269' title='COSTE, S. V. P., I, 285.'><sup>9<\/sup><\/a><\/span> Este documentado bi\u00f3grafo se\u00f1ala: \u00abEl mal era gran\u00adde, que ser\u00eda preferible para muchos echar un velo sobre los tristes esc\u00e1ndalos que daba una parte del clero. El estado ecle\u00adsi\u00e1stico era un oficio, y el m\u00e1s f\u00e1cil de todos: si se quer\u00eda, uno se ordenaba sin vocaci\u00f3n ni preparaci\u00f3n, ya que se buscaba el beneficio, que en muchos casos, como patrimonio familiar, lo heredaba un segund\u00f3n de la familia. Los decretos del concilio de Trento a\u00fan no se aplicaban en Francia. Y no s\u00f3lo se alcan\u00adzaba el sacerdocio sin preparaci\u00f3n, sino que el mismo episco\u00adpado estaba en manos inexpertas. S\u00f3lo en una di\u00f3cesis hab\u00eda m\u00e1s de siete mil cl\u00e9rigos que se despreocupaban de sus obli\u00adgaciones y eran lujuriosos. Los obispos de toda una regi\u00f3n ecle\u00adsi\u00e1stica se reunieron para poner coto a la borrachera, en la cual hab\u00edan ca\u00eddo la mayor\u00eda de los sacerdotes. En Marchais los herejes acusan a diez mil sacerdotes que vagabundean por Par\u00eds: no evangelizan y abandonan a los pobres\u00bb.<span id='easy-footnote-10-51269' class='easy-footnote-margin-adjust'><\/span><span class='easy-footnote'><a href='http:\/\/vincentians.com\/es\/estado-del-clero-frances-en-los-siglos-xvi-y-xvii\/#easy-footnote-bottom-10-51269' title='Ibid., 286 ss.'><sup>10<\/sup><\/a><\/span>\n<p>Hasta que no fueron organizados los seminarios, los estu\u00addiantes que aspiraban al estado eclesi\u00e1stico estudiaban en las grandes escuelas teol\u00f3gicas, sitas generalmente en las univer\u00adsidades. Era una ense\u00f1anza teol\u00f3gica de escuela, con ninguna proyecci\u00f3n pastoral ni moral aplicada. El aprendizaje de la praxis sacramental, del rito y de la ceremonia no exist\u00eda. Fal\u00adtaban estudios apropiados para orientar la vocaci\u00f3n, ejercicios espirituales de reflexi\u00f3n o vida en com\u00fan&#8230;, etc. Los j\u00f3venes te\u00f3logos viv\u00edan el mismo ambiente que los otros estudiantes. En gran n\u00famero, los estudiantes de teolog\u00eda se orientaban ha\u00adcia el sacerdocio o la vida religiosa. \u00a1Qu\u00e9 problema para los obispos celosos! \u00bfQu\u00e9 decir de aquellas di\u00f3cesis vacantes des\u00adde muchos arios?, y \u00bfaquellas que eran administradas por obis\u00adpos indignos o sin vocaci\u00f3n?<span id='easy-footnote-11-51269' class='easy-footnote-margin-adjust'><\/span><span class='easy-footnote'><a href='http:\/\/vincentians.com\/es\/estado-del-clero-frances-en-los-siglos-xvi-y-xvii\/#easy-footnote-bottom-11-51269' title='Ibid., I, 288-289. Cf. MAYNARD, op. cit., II, 15-18. En todas las biograf\u00edas existe uno o m\u00e1s cap\u00edtulos sobre esta materia. Cf. IB\u00c1\u00d1EZ BURGOS, J. M., &lt;em&gt;Saint Vincent de Paul et l&amp;#8217;Evang\u00e9lisation des pauvres, &lt;\/em&gt;418-422. Tesis no impresa.'><sup>11<\/sup><\/a><\/span>\n<p>Pierre Coste trae adem\u00e1s la carta dirigida a Vicente por el obispo de Cahors, Alano de Solminihac: \u00abEl estado de la di\u00f3\u00adcesis de Rodez es tan deplorable y tan ruinoso como la de Pe\u00adrigueux&#8230;, y de los sacerdotes que son m\u00e1s numerosos, pero tan depravados, que, cuando el se\u00f1or obispo, Carlos de Noail\u00adle, pas\u00f3 a mejor vida, abandonaron en masa el h\u00e1bito clerical. Unos colgaron las sotanas de las ventanas de las tabernas, otros beb\u00edan a su salud, y los que hab\u00edan dejado sus concubi\u00adnas las volvieron a tomar&#8230;\u00bb. (III, 294-95).<\/p>\n<p>El hecho es revelador y suficiente.<\/p>\n<h2>3. <em>Visi\u00f3n que del Clero de Francia da Vicente de Pa\u00fal<\/em><\/h2>\n<h3>Ejemplo de ignorancia.<\/h3>\n<p>En la repetici\u00f3n de oraci\u00f3n del 25 de enero de 1655, hablan\u00addo a los misioneros del origen de la \u00abpeque\u00f1a compa\u00f1\u00eda\u00bb, na\u00adrra esta an\u00e9cdota: \u00abEl hecho es que una dama, confes\u00e1ndose con un sacerdote, observa que \u00e9ste no le da la absoluci\u00f3n, sino que murmura algo entre dientes. Como el caso se repite, ape\u00adnada acude a un religioso para que le d\u00e9 la f\u00f3rmula de la ab\u00adsoluci\u00f3n por escrito. Esta buena dama, volviendo a confesarse, ruega al sacerdote que pronuncie las palabras de la absoluci\u00f3n que le ha entregado en un papel\u00bb (XI, 170).<\/p>\n<h3>Ejemplo de incapacidad.<\/h3>\n<p>Un obispo escribe a Vicente en estos t\u00e9rminos: \u00abExcepto el can\u00f3nigo lectoral de mi Iglesia, yo no encuentro otro sacer\u00addote en mi di\u00f3cesis que se le pueda encomendar un cargo ecle\u00adsi\u00e1stico. Vos juzgar\u00e9is cu\u00e1n grande es la necesidad de tener buenos obreros. Os pido me dej\u00e9is vuestros misioneros para ayudarnos en nuestra ordenaci\u00f3n\u00bb (VI, 53).<\/p>\n<h3>Ejemplo de depravaci\u00f3n.<\/h3>\n<p>He aqu\u00ed un fragmento de la carta dirigida por otro obispo al se\u00f1or Vicente: \u00ab&#8230;un grupo numeroso y extra\u00f1o de sacer\u00addotes ignorantes y viciosos componen mi clero; no pueden co\u00adrregirse ni con exhortaciones ni con ejemplos. Siento horror pensar que en mi di\u00f3cesis hay cerca de siete mil sacerdotes bo\u00adrrachos o imp\u00fadicos que suben todos los d\u00edas al altar sin vo\u00adcaci\u00f3n\u00bb (II, 428-29).<\/p>\n<p>\u00abLa Iglesia camina hacia la ruina en much\u00edsimos lugares por los malos ejemplos de los sacerdotes; estos malos ejem\u00adplos la arruinan y destruyen&#8230; La depravaci\u00f3n del estado ecle\u00adsi\u00e1stico es la causa principal de la ruina de la Iglesia de Dios\u00bb (XI, 308-9).<\/p>\n","protected":false},"excerpt":{"rendered":"<p>A trav\u00e9s de los hechos que nos ofrecen serios investigado\u00adres de la historia de la Iglesia, bi\u00f3grafos y el mismo Vicente de Pa\u00fal, se descubre el estado decadente de la sociedad clerical de aquella \u00e9poca. &#8230; <a href=\"http:\/\/vincentians.com\/es\/estado-del-clero-frances-en-los-siglos-xvi-y-xvii\/\" class=\"more-link\">Read More<\/a><\/p>\n","protected":false},"author":4,"featured_media":400152,"comment_status":"open","ping_status":"open","sticky":false,"template":"","format":"standard","meta":{"jetpack_post_was_ever_published":false,"_jetpack_newsletter_access":"","_jetpack_dont_email_post_to_subs":false,"_jetpack_newsletter_tier_id":0,"_jetpack_memberships_contains_paywalled_content":false,"_jetpack_memberships_contains_paid_content":false,"footnotes":"","jetpack_publicize_message":"","jetpack_publicize_feature_enabled":true,"jetpack_social_post_already_shared":true,"jetpack_social_options":{"image_generator_settings":{"template":"highway","default_image_id":0,"font":"","enabled":false},"version":2}},"categories":[17],"tags":[218,227],"class_list":["post-51269","post","type-post","status-publish","format-standard","has-post-thumbnail","hentry","category-en-tiempos-de-vicente-de-paul","tag-abelly","tag-maynard"],"yoast_head":"<!-- This site is optimized with the Yoast SEO plugin v26.3 - https:\/\/yoast.com\/wordpress\/plugins\/seo\/ -->\n<title>Estado del clero franc\u00e9s en los siglos XVI y XVII - Somos Vicencianos<\/title>\n<meta name=\"robots\" content=\"index, follow, max-snippet:-1, max-image-preview:large, max-video-preview:-1\" \/>\n<link rel=\"canonical\" href=\"http:\/\/vincentians.com\/es\/estado-del-clero-frances-en-los-siglos-xvi-y-xvii\/\" \/>\n<meta property=\"og:locale\" content=\"es_ES\" \/>\n<meta property=\"og:type\" content=\"article\" \/>\n<meta property=\"og:title\" content=\"Estado del clero franc\u00e9s en los siglos XVI y XVII - Somos Vicencianos\" \/>\n<meta property=\"og:description\" content=\"A trav\u00e9s de los hechos que nos ofrecen serios investigado\u00adres de la historia de la Iglesia, bi\u00f3grafos y el mismo Vicente de Pa\u00fal, se descubre el estado decadente de la sociedad clerical de aquella \u00e9poca. ... Read More\" \/>\n<meta property=\"og:url\" content=\"http:\/\/vincentians.com\/es\/estado-del-clero-frances-en-los-siglos-xvi-y-xvii\/\" \/>\n<meta property=\"og:site_name\" content=\"Somos Vicencianos\" \/>\n<meta property=\"article:publisher\" content=\"https:\/\/www.facebook.com\/WeAreVincentians\/\" \/>\n<meta property=\"article:author\" content=\"https:\/\/www.facebook.com\/JavierChento\" \/>\n<meta property=\"article:published_time\" content=\"2019-11-08T07:30:29+00:00\" \/>\n<meta property=\"og:image\" content=\"https:\/\/i0.wp.com\/vincentians.com\/es\/wp-content\/uploads\/sites\/11\/2016\/10\/ranquines.jpg?fit=1200%2C630\" \/>\n\t<meta property=\"og:image:width\" content=\"1200\" \/>\n\t<meta property=\"og:image:height\" content=\"630\" \/>\n\t<meta property=\"og:image:type\" content=\"image\/jpeg\" \/>\n<meta name=\"author\" content=\"Francisco Javier Fern\u00e1ndez Chento\" \/>\n<meta name=\"twitter:card\" content=\"summary_large_image\" \/>\n<meta name=\"twitter:creator\" content=\"@https:\/\/twitter.com\/javierchento\" \/>\n<meta name=\"twitter:site\" content=\"@WeVincentians\" \/>\n<meta name=\"twitter:label1\" content=\"Escrito por\" \/>\n\t<meta name=\"twitter:data1\" content=\"Francisco Javier Fern\u00e1ndez Chento\" \/>\n\t<meta name=\"twitter:label2\" content=\"Tiempo de lectura\" \/>\n\t<meta name=\"twitter:data2\" content=\"9 minutos\" \/>\n<script type=\"application\/ld+json\" class=\"yoast-schema-graph\">{\"@context\":\"https:\/\/schema.org\",\"@graph\":[{\"@type\":\"Article\",\"@id\":\"http:\/\/vincentians.com\/es\/estado-del-clero-frances-en-los-siglos-xvi-y-xvii\/#article\",\"isPartOf\":{\"@id\":\"http:\/\/vincentians.com\/es\/estado-del-clero-frances-en-los-siglos-xvi-y-xvii\/\"},\"author\":{\"name\":\"Francisco Javier Fern\u00e1ndez Chento\",\"@id\":\"http:\/\/vincentians.com\/es\/#\/schema\/person\/9623ef4d9aa3b2dfb8c061f1499288f2\"},\"headline\":\"Estado del clero franc\u00e9s en los siglos XVI y XVII\",\"datePublished\":\"2019-11-08T07:30:29+00:00\",\"mainEntityOfPage\":{\"@id\":\"http:\/\/vincentians.com\/es\/estado-del-clero-frances-en-los-siglos-xvi-y-xvii\/\"},\"wordCount\":1904,\"commentCount\":0,\"publisher\":{\"@id\":\"http:\/\/vincentians.com\/es\/#organization\"},\"image\":{\"@id\":\"http:\/\/vincentians.com\/es\/estado-del-clero-frances-en-los-siglos-xvi-y-xvii\/#primaryimage\"},\"thumbnailUrl\":\"https:\/\/i0.wp.com\/vincentians.com\/es\/wp-content\/uploads\/sites\/11\/2016\/10\/ranquines.jpg?fit=1200%2C630\",\"keywords\":[\"Abelly\",\"Maynard\"],\"articleSection\":[\"En tiempos de Vicente de Pa\u00fal\"],\"inLanguage\":\"es\",\"potentialAction\":[{\"@type\":\"CommentAction\",\"name\":\"Comment\",\"target\":[\"http:\/\/vincentians.com\/es\/estado-del-clero-frances-en-los-siglos-xvi-y-xvii\/#respond\"]}]},{\"@type\":\"WebPage\",\"@id\":\"http:\/\/vincentians.com\/es\/estado-del-clero-frances-en-los-siglos-xvi-y-xvii\/\",\"url\":\"http:\/\/vincentians.com\/es\/estado-del-clero-frances-en-los-siglos-xvi-y-xvii\/\",\"name\":\"Estado del clero franc\u00e9s en los siglos XVI y XVII - Somos Vicencianos\",\"isPartOf\":{\"@id\":\"http:\/\/vincentians.com\/es\/#website\"},\"primaryImageOfPage\":{\"@id\":\"http:\/\/vincentians.com\/es\/estado-del-clero-frances-en-los-siglos-xvi-y-xvii\/#primaryimage\"},\"image\":{\"@id\":\"http:\/\/vincentians.com\/es\/estado-del-clero-frances-en-los-siglos-xvi-y-xvii\/#primaryimage\"},\"thumbnailUrl\":\"https:\/\/i0.wp.com\/vincentians.com\/es\/wp-content\/uploads\/sites\/11\/2016\/10\/ranquines.jpg?fit=1200%2C630\",\"datePublished\":\"2019-11-08T07:30:29+00:00\",\"breadcrumb\":{\"@id\":\"http:\/\/vincentians.com\/es\/estado-del-clero-frances-en-los-siglos-xvi-y-xvii\/#breadcrumb\"},\"inLanguage\":\"es\",\"potentialAction\":[{\"@type\":\"ReadAction\",\"target\":[\"http:\/\/vincentians.com\/es\/estado-del-clero-frances-en-los-siglos-xvi-y-xvii\/\"]}]},{\"@type\":\"ImageObject\",\"inLanguage\":\"es\",\"@id\":\"http:\/\/vincentians.com\/es\/estado-del-clero-frances-en-los-siglos-xvi-y-xvii\/#primaryimage\",\"url\":\"https:\/\/i0.wp.com\/vincentians.com\/es\/wp-content\/uploads\/sites\/11\/2016\/10\/ranquines.jpg?fit=1200%2C630\",\"contentUrl\":\"https:\/\/i0.wp.com\/vincentians.com\/es\/wp-content\/uploads\/sites\/11\/2016\/10\/ranquines.jpg?fit=1200%2C630\",\"width\":1200,\"height\":630},{\"@type\":\"BreadcrumbList\",\"@id\":\"http:\/\/vincentians.com\/es\/estado-del-clero-frances-en-los-siglos-xvi-y-xvii\/#breadcrumb\",\"itemListElement\":[{\"@type\":\"ListItem\",\"position\":1,\"name\":\"Portada\",\"item\":\"http:\/\/vincentians.com\/es\/\"},{\"@type\":\"ListItem\",\"position\":2,\"name\":\"Estado del clero franc\u00e9s en los siglos XVI y XVII\"}]},{\"@type\":\"WebSite\",\"@id\":\"http:\/\/vincentians.com\/es\/#website\",\"url\":\"http:\/\/vincentians.com\/es\/\",\"name\":\"Somos Vicencianos\",\"description\":\"Know more to serve more\",\"publisher\":{\"@id\":\"http:\/\/vincentians.com\/es\/#organization\"},\"potentialAction\":[{\"@type\":\"SearchAction\",\"target\":{\"@type\":\"EntryPoint\",\"urlTemplate\":\"http:\/\/vincentians.com\/es\/?s={search_term_string}\"},\"query-input\":{\"@type\":\"PropertyValueSpecification\",\"valueRequired\":true,\"valueName\":\"search_term_string\"}}],\"inLanguage\":\"es\"},{\"@type\":\"Organization\",\"@id\":\"http:\/\/vincentians.com\/es\/#organization\",\"name\":\"The Vincentian Network\",\"url\":\"http:\/\/vincentians.com\/es\/\",\"logo\":{\"@type\":\"ImageObject\",\"inLanguage\":\"es\",\"@id\":\"http:\/\/vincentians.com\/es\/#\/schema\/logo\/image\/\",\"url\":\"https:\/\/i1.wp.com\/vincentians.com\/es\/wp-content\/uploads\/sites\/11\/2016\/06\/Vincentian-Network-logo-big.png?fit=778%2C778\",\"contentUrl\":\"https:\/\/i1.wp.com\/vincentians.com\/es\/wp-content\/uploads\/sites\/11\/2016\/06\/Vincentian-Network-logo-big.png?fit=778%2C778\",\"width\":778,\"height\":778,\"caption\":\"The Vincentian Network\"},\"image\":{\"@id\":\"http:\/\/vincentians.com\/es\/#\/schema\/logo\/image\/\"},\"sameAs\":[\"https:\/\/www.facebook.com\/WeAreVincentians\/\",\"https:\/\/x.com\/WeVincentians\"]},{\"@type\":\"Person\",\"@id\":\"http:\/\/vincentians.com\/es\/#\/schema\/person\/9623ef4d9aa3b2dfb8c061f1499288f2\",\"name\":\"Francisco Javier Fern\u00e1ndez Chento\",\"image\":{\"@type\":\"ImageObject\",\"inLanguage\":\"es\",\"@id\":\"http:\/\/vincentians.com\/es\/#\/schema\/person\/image\/\",\"url\":\"https:\/\/secure.gravatar.com\/avatar\/497d5cde87b4c3d097d0315953521681ba2cd523ee66e5077c3711f7021e65de?s=96&d=mm&r=g\",\"contentUrl\":\"https:\/\/secure.gravatar.com\/avatar\/497d5cde87b4c3d097d0315953521681ba2cd523ee66e5077c3711f7021e65de?s=96&d=mm&r=g\",\"caption\":\"Francisco Javier Fern\u00e1ndez Chento\"},\"description\":\"Director General y cofundador de La Red de Formaci\u00f3n Vicenciana. Javier es laico vicenciano, afiliado a la Congregaci\u00f3n de la Misi\u00f3n y miembro del Equipo de Misiones Populares de la provincia can\u00f3nica de Zaragoza (Espa\u00f1a) de la Congregaci\u00f3n de la Misi\u00f3n. Graduado en la Universidad Oberta de Catalunya con cuatro grados (Asistente de direcci\u00f3n, Gesti\u00f3n Administrativa, Recursos Humanos y Contabilidad Avanzada). Bil\u00edng\u00fce Espa\u00f1ol\/Ingl\u00e9s. gestiona y mantiene varias p\u00e1ginas web cristianas y vicencianas, incluida including La Red de Formaci\u00f3n Vicenciana, de la que es cofundador. Actualmente es responsable del \u00e1rea de Espa\u00f1ol de .famvin, la Red de Noticias de la Familia Vicenciana. Tambi\u00e9n es m\u00fasico cat\u00f3lico y ha editado varios discos. Es Director General y cofundador de Trovador, una reconocida compa\u00f1\u00eda discogr\u00e1fica critiana de Espa\u00f1a. Trabaja en las Tecnolog\u00edas de la Informaci\u00f3n, ofreciendo servicios de alojamiento, dise\u00f1o y mantenimiento Web, as\u00ed como asesoramiento, formaci\u00f3n y soluciones inform\u00e1ticas, gesti\u00f3n documental y digitalizaci\u00f3n de textos, edici\u00f3n y maquetaci\u00f3n de libros, revistas, flyers, etc.\",\"sameAs\":[\"http:\/\/chento.org\",\"https:\/\/www.facebook.com\/JavierChento\",\"https:\/\/x.com\/https:\/\/twitter.com\/javierchento\"],\"url\":\"http:\/\/vincentians.com\/es\/author\/chento\/\"}]}<\/script>\n<!-- \/ Yoast SEO plugin. -->","yoast_head_json":{"title":"Estado del clero franc\u00e9s en los siglos XVI y XVII - Somos Vicencianos","robots":{"index":"index","follow":"follow","max-snippet":"max-snippet:-1","max-image-preview":"max-image-preview:large","max-video-preview":"max-video-preview:-1"},"canonical":"http:\/\/vincentians.com\/es\/estado-del-clero-frances-en-los-siglos-xvi-y-xvii\/","og_locale":"es_ES","og_type":"article","og_title":"Estado del clero franc\u00e9s en los siglos XVI y XVII - Somos Vicencianos","og_description":"A trav\u00e9s de los hechos que nos ofrecen serios investigado\u00adres de la historia de la Iglesia, bi\u00f3grafos y el mismo Vicente de Pa\u00fal, se descubre el estado decadente de la sociedad clerical de aquella \u00e9poca. ... Read More","og_url":"http:\/\/vincentians.com\/es\/estado-del-clero-frances-en-los-siglos-xvi-y-xvii\/","og_site_name":"Somos Vicencianos","article_publisher":"https:\/\/www.facebook.com\/WeAreVincentians\/","article_author":"https:\/\/www.facebook.com\/JavierChento","article_published_time":"2019-11-08T07:30:29+00:00","og_image":[{"width":1200,"height":630,"url":"https:\/\/i0.wp.com\/vincentians.com\/es\/wp-content\/uploads\/sites\/11\/2016\/10\/ranquines.jpg?fit=1200%2C630","type":"image\/jpeg"}],"author":"Francisco Javier Fern\u00e1ndez Chento","twitter_card":"summary_large_image","twitter_creator":"@https:\/\/twitter.com\/javierchento","twitter_site":"@WeVincentians","twitter_misc":{"Escrito por":"Francisco Javier Fern\u00e1ndez Chento","Tiempo de lectura":"9 minutos"},"schema":{"@context":"https:\/\/schema.org","@graph":[{"@type":"Article","@id":"http:\/\/vincentians.com\/es\/estado-del-clero-frances-en-los-siglos-xvi-y-xvii\/#article","isPartOf":{"@id":"http:\/\/vincentians.com\/es\/estado-del-clero-frances-en-los-siglos-xvi-y-xvii\/"},"author":{"name":"Francisco Javier Fern\u00e1ndez Chento","@id":"http:\/\/vincentians.com\/es\/#\/schema\/person\/9623ef4d9aa3b2dfb8c061f1499288f2"},"headline":"Estado del clero franc\u00e9s en los siglos XVI y XVII","datePublished":"2019-11-08T07:30:29+00:00","mainEntityOfPage":{"@id":"http:\/\/vincentians.com\/es\/estado-del-clero-frances-en-los-siglos-xvi-y-xvii\/"},"wordCount":1904,"commentCount":0,"publisher":{"@id":"http:\/\/vincentians.com\/es\/#organization"},"image":{"@id":"http:\/\/vincentians.com\/es\/estado-del-clero-frances-en-los-siglos-xvi-y-xvii\/#primaryimage"},"thumbnailUrl":"https:\/\/i0.wp.com\/vincentians.com\/es\/wp-content\/uploads\/sites\/11\/2016\/10\/ranquines.jpg?fit=1200%2C630","keywords":["Abelly","Maynard"],"articleSection":["En tiempos de Vicente de Pa\u00fal"],"inLanguage":"es","potentialAction":[{"@type":"CommentAction","name":"Comment","target":["http:\/\/vincentians.com\/es\/estado-del-clero-frances-en-los-siglos-xvi-y-xvii\/#respond"]}]},{"@type":"WebPage","@id":"http:\/\/vincentians.com\/es\/estado-del-clero-frances-en-los-siglos-xvi-y-xvii\/","url":"http:\/\/vincentians.com\/es\/estado-del-clero-frances-en-los-siglos-xvi-y-xvii\/","name":"Estado del clero franc\u00e9s en los siglos XVI y XVII - Somos Vicencianos","isPartOf":{"@id":"http:\/\/vincentians.com\/es\/#website"},"primaryImageOfPage":{"@id":"http:\/\/vincentians.com\/es\/estado-del-clero-frances-en-los-siglos-xvi-y-xvii\/#primaryimage"},"image":{"@id":"http:\/\/vincentians.com\/es\/estado-del-clero-frances-en-los-siglos-xvi-y-xvii\/#primaryimage"},"thumbnailUrl":"https:\/\/i0.wp.com\/vincentians.com\/es\/wp-content\/uploads\/sites\/11\/2016\/10\/ranquines.jpg?fit=1200%2C630","datePublished":"2019-11-08T07:30:29+00:00","breadcrumb":{"@id":"http:\/\/vincentians.com\/es\/estado-del-clero-frances-en-los-siglos-xvi-y-xvii\/#breadcrumb"},"inLanguage":"es","potentialAction":[{"@type":"ReadAction","target":["http:\/\/vincentians.com\/es\/estado-del-clero-frances-en-los-siglos-xvi-y-xvii\/"]}]},{"@type":"ImageObject","inLanguage":"es","@id":"http:\/\/vincentians.com\/es\/estado-del-clero-frances-en-los-siglos-xvi-y-xvii\/#primaryimage","url":"https:\/\/i0.wp.com\/vincentians.com\/es\/wp-content\/uploads\/sites\/11\/2016\/10\/ranquines.jpg?fit=1200%2C630","contentUrl":"https:\/\/i0.wp.com\/vincentians.com\/es\/wp-content\/uploads\/sites\/11\/2016\/10\/ranquines.jpg?fit=1200%2C630","width":1200,"height":630},{"@type":"BreadcrumbList","@id":"http:\/\/vincentians.com\/es\/estado-del-clero-frances-en-los-siglos-xvi-y-xvii\/#breadcrumb","itemListElement":[{"@type":"ListItem","position":1,"name":"Portada","item":"http:\/\/vincentians.com\/es\/"},{"@type":"ListItem","position":2,"name":"Estado del clero franc\u00e9s en los siglos XVI y XVII"}]},{"@type":"WebSite","@id":"http:\/\/vincentians.com\/es\/#website","url":"http:\/\/vincentians.com\/es\/","name":"Somos Vicencianos","description":"Know more to serve more","publisher":{"@id":"http:\/\/vincentians.com\/es\/#organization"},"potentialAction":[{"@type":"SearchAction","target":{"@type":"EntryPoint","urlTemplate":"http:\/\/vincentians.com\/es\/?s={search_term_string}"},"query-input":{"@type":"PropertyValueSpecification","valueRequired":true,"valueName":"search_term_string"}}],"inLanguage":"es"},{"@type":"Organization","@id":"http:\/\/vincentians.com\/es\/#organization","name":"The Vincentian Network","url":"http:\/\/vincentians.com\/es\/","logo":{"@type":"ImageObject","inLanguage":"es","@id":"http:\/\/vincentians.com\/es\/#\/schema\/logo\/image\/","url":"https:\/\/i1.wp.com\/vincentians.com\/es\/wp-content\/uploads\/sites\/11\/2016\/06\/Vincentian-Network-logo-big.png?fit=778%2C778","contentUrl":"https:\/\/i1.wp.com\/vincentians.com\/es\/wp-content\/uploads\/sites\/11\/2016\/06\/Vincentian-Network-logo-big.png?fit=778%2C778","width":778,"height":778,"caption":"The Vincentian Network"},"image":{"@id":"http:\/\/vincentians.com\/es\/#\/schema\/logo\/image\/"},"sameAs":["https:\/\/www.facebook.com\/WeAreVincentians\/","https:\/\/x.com\/WeVincentians"]},{"@type":"Person","@id":"http:\/\/vincentians.com\/es\/#\/schema\/person\/9623ef4d9aa3b2dfb8c061f1499288f2","name":"Francisco Javier Fern\u00e1ndez Chento","image":{"@type":"ImageObject","inLanguage":"es","@id":"http:\/\/vincentians.com\/es\/#\/schema\/person\/image\/","url":"https:\/\/secure.gravatar.com\/avatar\/497d5cde87b4c3d097d0315953521681ba2cd523ee66e5077c3711f7021e65de?s=96&d=mm&r=g","contentUrl":"https:\/\/secure.gravatar.com\/avatar\/497d5cde87b4c3d097d0315953521681ba2cd523ee66e5077c3711f7021e65de?s=96&d=mm&r=g","caption":"Francisco Javier Fern\u00e1ndez Chento"},"description":"Director General y cofundador de La Red de Formaci\u00f3n Vicenciana. Javier es laico vicenciano, afiliado a la Congregaci\u00f3n de la Misi\u00f3n y miembro del Equipo de Misiones Populares de la provincia can\u00f3nica de Zaragoza (Espa\u00f1a) de la Congregaci\u00f3n de la Misi\u00f3n. Graduado en la Universidad Oberta de Catalunya con cuatro grados (Asistente de direcci\u00f3n, Gesti\u00f3n Administrativa, Recursos Humanos y Contabilidad Avanzada). Bil\u00edng\u00fce Espa\u00f1ol\/Ingl\u00e9s. gestiona y mantiene varias p\u00e1ginas web cristianas y vicencianas, incluida including La Red de Formaci\u00f3n Vicenciana, de la que es cofundador. Actualmente es responsable del \u00e1rea de Espa\u00f1ol de .famvin, la Red de Noticias de la Familia Vicenciana. Tambi\u00e9n es m\u00fasico cat\u00f3lico y ha editado varios discos. Es Director General y cofundador de Trovador, una reconocida compa\u00f1\u00eda discogr\u00e1fica critiana de Espa\u00f1a. Trabaja en las Tecnolog\u00edas de la Informaci\u00f3n, ofreciendo servicios de alojamiento, dise\u00f1o y mantenimiento Web, as\u00ed como asesoramiento, formaci\u00f3n y soluciones inform\u00e1ticas, gesti\u00f3n documental y digitalizaci\u00f3n de textos, edici\u00f3n y maquetaci\u00f3n de libros, revistas, flyers, etc.","sameAs":["http:\/\/chento.org","https:\/\/www.facebook.com\/JavierChento","https:\/\/x.com\/https:\/\/twitter.com\/javierchento"],"url":"http:\/\/vincentians.com\/es\/author\/chento\/"}]}},"jetpack_publicize_connections":[],"jetpack_featured_media_url":"https:\/\/i0.wp.com\/vincentians.com\/es\/wp-content\/uploads\/sites\/11\/2016\/10\/ranquines.jpg?fit=1200%2C630","jetpack_sharing_enabled":true,"jetpack_shortlink":"https:\/\/wp.me\/p7ETMF-dkV","jetpack-related-posts":[{"id":149456,"url":"http:\/\/vincentians.com\/es\/las-corrientes-espirituales-del-siglo-xvii-frances\/","url_meta":{"origin":51269,"position":0},"title":"Las corrientes espirituales del siglo XVII franc\u00e9s","author":"Francisco Javier Fern\u00e1ndez Chento","date":"24\/05\/2015","format":false,"excerpt":"I- El contexto espiritual general: de San Agust\u00edn a la Ilustraci\u00f3n Introducci\u00f3n Se trata de presentar el mundo espiritual en el que Juan Bautista De La Salle ha vivido, aclarar sus actitudes y sus opciones, con el fin de comprender mejor lo que nos dice, en particular lo que se\u2026","rel":"","context":"En \u00abEn tiempos de Vicente de Pa\u00fal\u00bb","block_context":{"text":"En tiempos de Vicente de Pa\u00fal","link":"http:\/\/vincentians.com\/es\/category\/historia-de-la-familia-vicenciana\/en-tiempos-de-vicente-de-paul\/"},"img":{"alt_text":"clero_siglo_xvii","src":"https:\/\/i0.wp.com\/vicencianos.org\/wp-content\/2012\/02\/clero_siglo_xvii-300x280.jpg?resize=350%2C200","width":350,"height":200},"classes":[]},{"id":149455,"url":"http:\/\/vincentians.com\/es\/corrientes-espirituales-en-francia-del-siglo-xvii\/","url_meta":{"origin":51269,"position":1},"title":"Corrientes Espirituales en Francia del Siglo XVII","author":"Francisco Javier Fern\u00e1ndez Chento","date":"24\/05\/2015","format":false,"excerpt":"En la Francia del siglo XVII las corrientes espirituales reaccionan a las posturas filos\u00f3ficas y espirituales del Renacimiento, las cuales tienden a exaltar a la persona humana. Entre los principales expositores y que influyeron en el pensamiento de San Vicente de Pa\u00fal, se encuentra tres grandes maestros espirituales de la\u2026","rel":"","context":"En \u00abEn tiempos de Vicente de Pa\u00fal\u00bb","block_context":{"text":"En tiempos de Vicente de Pa\u00fal","link":"http:\/\/vincentians.com\/es\/category\/historia-de-la-familia-vicenciana\/en-tiempos-de-vicente-de-paul\/"},"img":{"alt_text":"Francisco_de_Zurbaran","src":"https:\/\/i0.wp.com\/vicencianos.org\/wp-content\/2015\/05\/Francisco_de_Zurbaran-300x242.jpg?resize=350%2C200","width":350,"height":200},"classes":[]},{"id":387342,"url":"http:\/\/vincentians.com\/es\/resena-historica-de-francia-en-el-siglo-xvii\/","url_meta":{"origin":51269,"position":2},"title":"Rese\u00f1a hist\u00f3rica de Francia en el siglo XVII","author":"Francisco Javier Fern\u00e1ndez Chento","date":"24\/05\/2015","format":false,"excerpt":"Este siglo empieza a ser gobernado por Enrique IV llamado el grande que gobierna de 1594 al 1610 resuelve en parte el conflicto armado que se ven\u00eda suscitando desde el siglo anterior, llamada la guerra de los 30 a\u00f1os, por lo que se mira a \u00e9ste rey como el sin\u00f3nimo\u2026","rel":"","context":"En \u00abEn tiempos de Vicente de Pa\u00fal\u00bb","block_context":{"text":"En tiempos de Vicente de Pa\u00fal","link":"http:\/\/vincentians.com\/es\/category\/historia-de-la-familia-vicenciana\/en-tiempos-de-vicente-de-paul\/"},"img":{"alt_text":"francia siglo xvii","src":"https:\/\/i0.wp.com\/vicencianos.org\/wp-content\/2015\/05\/francia-siglo-xvii-300x209.jpg?resize=350%2C200","width":350,"height":200},"classes":[]},{"id":109321,"url":"http:\/\/vincentians.com\/es\/la-congregacion-de-la-mision-secular-o-religiosa\/","url_meta":{"origin":51269,"position":3},"title":"La Congregaci\u00f3n de la Misi\u00f3n \u00bfSecular o Religiosa?","author":"Francisco Javier Fern\u00e1ndez Chento","date":"02\/06\/2021","format":false,"excerpt":"Nuestra Compa\u00f1\u00eda \u00bfes secular o regular? Dicho de otro modo: nosotros \u00bfsomos seculares o religiosos? Pensar\u00e1n algunos que aqu\u00ed se trata s\u00f3lo de una pol\u00e9mica de palabras. Falso. La respuesta que demos a la cuesti\u00f3n condicionar\u00e1 m\u00e1s de una de las opciones que adoptemos en vistas al futuro de la\u2026","rel":"","context":"En \u00abFormaci\u00f3n Vicenciana\u00bb","block_context":{"text":"Formaci\u00f3n Vicenciana","link":"http:\/\/vincentians.com\/es\/category\/formacion-vicenciana\/"},"img":{"alt_text":"","src":"https:\/\/i0.wp.com\/vincentians.com\/es\/wp-content\/uploads\/sites\/11\/2016\/09\/espiritu-de-jesus.jpg?fit=1200%2C630&resize=350%2C200","width":350,"height":200,"srcset":"https:\/\/i0.wp.com\/vincentians.com\/es\/wp-content\/uploads\/sites\/11\/2016\/09\/espiritu-de-jesus.jpg?fit=1200%2C630&resize=350%2C200 1x, https:\/\/i0.wp.com\/vincentians.com\/es\/wp-content\/uploads\/sites\/11\/2016\/09\/espiritu-de-jesus.jpg?fit=1200%2C630&resize=525%2C300 1.5x, https:\/\/i0.wp.com\/vincentians.com\/es\/wp-content\/uploads\/sites\/11\/2016\/09\/espiritu-de-jesus.jpg?fit=1200%2C630&resize=700%2C400 2x, https:\/\/i0.wp.com\/vincentians.com\/es\/wp-content\/uploads\/sites\/11\/2016\/09\/espiritu-de-jesus.jpg?fit=1200%2C630&resize=1050%2C600 3x"},"classes":[]},{"id":123748,"url":"http:\/\/vincentians.com\/es\/verdad-religiosa-y-caridad-social-tercera-parte\/","url_meta":{"origin":51269,"position":4},"title":"Verdad religiosa y caridad social: Tercera parte","author":"Mitxel Olabu\u00e9naga","date":"25\/09\/2022","format":false,"excerpt":"Tercera parte: Al Servicio del Clero La \"Religi\u00f3n de San Pedro\".\u2014Urgente necesidad.\u2014Los \"Ejercicios de San Vi\u00adcente\". \u2014 Los Ordenados. \u2014 Asociaci\u00f3n Sacerdotal.\u2014Las Conferencias eclesi\u00e1sti\u00adcas y Bossuet.\u2014Difusi\u00f3n de las Conferen\u00adcias.\u2014El Clero Espa\u00f1ol.\u2014Los Seminarios en Francia.\u2014La Innovaci\u00f3n de San Vi\u00adcente.\u2014La Congregaci\u00f3n de la Misi\u00f3n y los Seminarios Conciliares.\u2014En Espa\u00f1a y sus Colonias.\u2014Episcopologio\u2026","rel":"","context":"En \u00abHistoria de la Congregaci\u00f3n de la Misi\u00f3n\u00bb","block_context":{"text":"Historia de la Congregaci\u00f3n de la Misi\u00f3n","link":"http:\/\/vincentians.com\/es\/category\/historia-de-la-familia-vicenciana\/historia-de-la-congregacion-de-la-mision\/"},"img":{"alt_text":"","src":"https:\/\/i0.wp.com\/vincentians.com\/es\/wp-content\/uploads\/sites\/11\/2013\/04\/formacion_permanente-1.jpg?fit=303%2C303&resize=350%2C200","width":350,"height":200},"classes":[]},{"id":128755,"url":"http:\/\/vincentians.com\/es\/los-sacerdotes-de-la-congregacion-de-la-mision-recoder-1\/","url_meta":{"origin":51269,"position":5},"title":"Los sacerdotes de la Congregaci\u00f3n de la Misi\u00f3n (Recoder) (1)","author":"Mitxel Olabu\u00e9naga","date":"07\/04\/2025","format":false,"excerpt":"Bases que presentan los Sacerdotes Espa\u00f1oles, individuos de la Congregaci\u00f3n de la Misi\u00f3n, para el definitivo ar\u00adreglo de las diferencias suscitadas por el Superior General de la misma, residente en Par\u00eds. Que el Visitador de Espa\u00f1a, sea nombrado por el Superior general, de uno de los tres que le presente\u2026","rel":"","context":"En \u00abHistoria de la Congregaci\u00f3n de la Misi\u00f3n en Espa\u00f1a\u00bb","block_context":{"text":"Historia de la Congregaci\u00f3n de la Misi\u00f3n en Espa\u00f1a","link":"http:\/\/vincentians.com\/es\/category\/historia-de-la-familia-vicenciana\/historia-de-la-congregacion-de-la-mision-en-espana\/"},"img":{"alt_text":"","src":"https:\/\/i0.wp.com\/vincentians.com\/es\/wp-content\/uploads\/sites\/11\/2013\/04\/f-8-scaled.jpg?fit=1200%2C570&resize=350%2C200","width":350,"height":200,"srcset":"https:\/\/i0.wp.com\/vincentians.com\/es\/wp-content\/uploads\/sites\/11\/2013\/04\/f-8-scaled.jpg?fit=1200%2C570&resize=350%2C200 1x, https:\/\/i0.wp.com\/vincentians.com\/es\/wp-content\/uploads\/sites\/11\/2013\/04\/f-8-scaled.jpg?fit=1200%2C570&resize=525%2C300 1.5x, https:\/\/i0.wp.com\/vincentians.com\/es\/wp-content\/uploads\/sites\/11\/2013\/04\/f-8-scaled.jpg?fit=1200%2C570&resize=700%2C400 2x, https:\/\/i0.wp.com\/vincentians.com\/es\/wp-content\/uploads\/sites\/11\/2013\/04\/f-8-scaled.jpg?fit=1200%2C570&resize=1050%2C600 3x"},"classes":[]}],"_links":{"self":[{"href":"http:\/\/vincentians.com\/es\/wp-json\/wp\/v2\/posts\/51269","targetHints":{"allow":["GET"]}}],"collection":[{"href":"http:\/\/vincentians.com\/es\/wp-json\/wp\/v2\/posts"}],"about":[{"href":"http:\/\/vincentians.com\/es\/wp-json\/wp\/v2\/types\/post"}],"author":[{"embeddable":true,"href":"http:\/\/vincentians.com\/es\/wp-json\/wp\/v2\/users\/4"}],"replies":[{"embeddable":true,"href":"http:\/\/vincentians.com\/es\/wp-json\/wp\/v2\/comments?post=51269"}],"version-history":[{"count":1,"href":"http:\/\/vincentians.com\/es\/wp-json\/wp\/v2\/posts\/51269\/revisions"}],"predecessor-version":[{"id":402669,"href":"http:\/\/vincentians.com\/es\/wp-json\/wp\/v2\/posts\/51269\/revisions\/402669"}],"wp:featuredmedia":[{"embeddable":true,"href":"http:\/\/vincentians.com\/es\/wp-json\/wp\/v2\/media\/400152"}],"wp:attachment":[{"href":"http:\/\/vincentians.com\/es\/wp-json\/wp\/v2\/media?parent=51269"}],"wp:term":[{"taxonomy":"category","embeddable":true,"href":"http:\/\/vincentians.com\/es\/wp-json\/wp\/v2\/categories?post=51269"},{"taxonomy":"post_tag","embeddable":true,"href":"http:\/\/vincentians.com\/es\/wp-json\/wp\/v2\/tags?post=51269"}],"curies":[{"name":"wp","href":"https:\/\/api.w.org\/{rel}","templated":true}]}}