{"id":51150,"date":"2015-02-07T03:30:27","date_gmt":"2015-02-07T02:30:27","guid":{"rendered":"http:\/\/somos.vicencianos.org\/blog\/2011\/10\/regla-comentada-de-la-sociedad-de-san-vicente-de-paul-6-otras-relaciones\/"},"modified":"2015-02-07T03:30:27","modified_gmt":"2015-02-07T02:30:27","slug":"regla-comentada-de-la-ssvp-6-otras-relaciones","status":"publish","type":"post","link":"http:\/\/vincentians.com\/es\/regla-comentada-de-la-ssvp-6-otras-relaciones\/","title":{"rendered":"Regla comentada de la SSVP (6. Otras relaciones)"},"content":{"rendered":"<h2><strong><strong>6. Otras relaciones<\/strong><\/strong><\/h2>\n<p><a><img data-recalc-dims=\"1\" loading=\"lazy\" decoding=\"async\" class=\"alignright size-medium wp-image-51123\" title=\"regla_ssvp_comentada\" src=\"https:\/\/i0.wp.com\/vicencianos.org\/wp-content\/2011\/10\/regla_ssvp_comentada-158x300.jpg?resize=158%2C300\" alt=\"\" width=\"158\" height=\"300\" \/><\/a><strong><em>Relaciones ecum\u00e9nicas y entre distintas religiones.<\/em><\/strong><\/p>\n<h3><strong>6.1 Todos los miembros deben fomentar el ecumenismo<\/strong><\/h3>\n<p>Cada Vicentino busca profundizar en su propio compro\u00admiso hacia el Ecumenismo y hacia la cooperaci\u00f3n en tra\u00adbajos de caridad y justicia, como una contribuci\u00f3n hacia la consecuci\u00f3n de la unidad plena y visible de la Iglesia tal y como el mismo Cristo suplic\u00f3, \u00ab<strong><em>para que todos sean uno. Como Tu, Padre, en mi y yo en ti, que ellos tambi\u00e9n sean uno en nosotros para que el mundo crea que Tu me has enviado. <\/em><\/strong>\u00bb (Jn 17:21).<\/p>\n<p style=\"padding-left: 30px\"><em>Comentario.- La Sociedad, cada Conferencia, cada vicen\u00adtino que forma parte de ella, no olvida las exigencias del <\/em><em>ecumenismo tal y como se\u00f1ala la Santa Iglesia. No es po\u00adsible convertir esta exigencia en un deber siguiendo una \u00abnorma\u00bb. No hay ecumenismo digno de serlo sin cambiar el coraz\u00f3n.<\/em><\/p>\n<p style=\"padding-left: 30px\"><em>Porque es desde el cambio de actitudes (ver Eph 4:23), <\/em><em>desde el desprendimiento y el amor sin l\u00edmites, como el empe\u00f1o en la unidad comienza y crece hacia la madurez. Es la acci\u00f3n del Esp\u00edritu Santo la que nos abre a este cambio en nuestros corazones que solici\u00adtamos en la oraci\u00f3n (ver C.Vaticano II Ec 7&#8243; y CIC 1108\/1109).<\/em><\/p>\n<p style=\"padding-left: 30px\"><em>\u00abpara que el mundo crea que T\u00fa me has enviado\u00bb.<\/em><\/p>\n<p style=\"padding-left: 30px\"><em>Las divisiones contradicen claramente la voluntad de Cristo, pone barreras en el mundo y provoca da\u00f1os a la m\u00e1s santa de las causas que es proclamar la Buena Nueva a cada ser humano\u00bb (C.Vaticano II Ec. 1&#8243;). \u00abEn este movi\u00admiento de unidad, llamado ecum\u00e9nico, participan los que invocan al Dios Trino y confiesan a Jesucristo como Se\u00f1or y Salvador, y esto lo hacen no solo por separado, sino tam\u00adbi\u00e9n reunidos en asambleas&#8230;\u00bb (C. Vaticano II Ec 1).<\/em><\/p>\n<h3><strong>6.2 La Sociedad est\u00e1 comprometida con la cooperaci\u00f3n <\/strong><strong>ecum\u00e9nica y entre las distintas religiones<\/strong><\/h3>\n<p>Siguiendo el Magisterio de la Iglesia Cat\u00f3lica, la Sociedad de San Vicente de Pa\u00fal reconoce, acepta y alienta la llamada hacia el di\u00e1logo y cooperaci\u00f3n ecum\u00e9nicos y entre las distintas creencias, que surjan de su actividad caritativa. Participa en las iniciativas cat\u00f3lico-ecum\u00e9nicas y la cola\u00adboraci\u00f3n con otras creencias dentro de cada pa\u00eds, y en ar\u00admon\u00eda con el Obispo de cada Di\u00f3cesis.<\/p>\n<p style=\"padding-left: 30px\"><em>Comentario.- Siendo conscientes de esta exigencia ecle\u00adsial, la Sociedad en cada lugar en el mundo, se somete a las directrices de cada Di\u00f3cesis. Entiende cada Conferen\u00adcia, que la respuesta cat\u00f3lica en cada lugar, debe estar presidida por la armon\u00eda y por ello, antes de cualquier ac\u00adtuaci\u00f3n en este delicado terreno, escucha y act\u00faa de acuerdo a lo indicado por el Ordinario del lugar.<\/em><\/p>\n<p style=\"padding-left: 30px\"><em>En esta cooperaci\u00f3n fundamentalmente con las otras de\u00adnominaciones cristianas, se trata de actuar como testigo cara a una sociedad en muchos casos incr\u00e9dula. Es im\u00adportante que quien nos vea, observe una amistad fluida, un amor y una confianza tal, que intente reflejar la propia unidad de la Sant\u00edsima Trinidad.<\/em><\/p>\n<h3><strong>6.3 Adoptar iniciativas pr\u00e1cticas<\/strong><\/h3>\n<p>Las Conferencias y los Consejos establecer\u00e1n un di\u00e1logo sobre la cooperaci\u00f3n en el trabajo caritativo con sus socios hom\u00f3logos de otras iglesias cristianas, de comunidades ecum\u00e9nicas y entre otras creencias, cuando sea apropiado.<\/p>\n<p style=\"padding-left: 30px\"><em>Comentario.- Son m\u00faltiples las circunstancias en las que pueden encontrarse las Conferencias establecidas en tan\u00adtos lugares en el mundo. El principio de subsidiariedad del que habla el art\u00edculo 3.9 de esta Regla, (cuya lectura recomendamos), facilitar\u00e1 a las diversas Conferencias, el buen criterio para saber con quien han de contar en cada ocasi\u00f3n para encontrar la colaboraci\u00f3n necesaria para su servicio a los m\u00e1s pobres. La prudencia, aconsejar\u00e1 en cada ocasi\u00f3n, que opiniones han de recabar antes de ini\u00adciar estas colaboraciones, que siempre deber\u00e1n respetar el esp\u00edritu de la Sociedad (Regla art\u00edculo 6.7)<\/em><\/p>\n<h3><strong>6.4 Asociaci\u00f3n ecum\u00e9nica y entre distintas creencias re\u00adligiosas<\/strong><\/h3>\n<p>En algunos pa\u00edses, las circunstancias pueden hacer desea\u00adble la aceptaci\u00f3n, como consocios, de cristianos de otras confesiones o de personas de otras creencias que respeten y acepten sinceramente la identidad y los principios de la Sociedad, en cuanto las diferencias de fe lo permitan. La Conferencia Episcopal debe ser consultada.<\/p>\n<p style=\"padding-left: 30px\"><em>Comentario.- Grande es el mundo y multitud de personas sienten la vocaci\u00f3n de ayudar a los m\u00e1s pobres. Las Con\u00adferencias, han de estar abiertas a admitir estas colabora\u00adciones. Dicho esto, la Sociedad no puede olvidar que, adem\u00e1s de tratar de ayudar a los que m\u00e1s nos necesitan, a los que sufren, cada Conferencia, es una comunidad ca\u00adt\u00f3lica que se extiende por el mundo. Han de contemplar los consocios que se sientan llamados a admitir a personas de otras creencias, hasta que punto afectan en la comuni\u00addad de la Conferencia, a las propias pr\u00e1cticas de piedad <\/em><em>comunes al mundo cat\u00f3lico. Para preservarnos de este pe\u00adligro real, la Regla se\u00f1ala la necesidad de consultar con la Conferencia Episcopal de cada lugar. Somet\u00e1monos a su criterio que ser\u00e1 siempre bueno para la tranquilidad de nuestras almas. (ver Regla art\u00edculo 3.1)<\/em><\/p>\n<h3><strong>6.5 Preservaci\u00f3n del credo y de la filosof\u00eda cat\u00f3lica<\/strong><\/h3>\n<p>El credo y la filosof\u00eda cat\u00f3lica de la Sociedad de San Vi\u00adcente de Pa\u00fal deben preservarse. El Presidente, Vicepresi\u00addente y el Asesor Espiritual deber\u00e1n por lo tanto, ser cat\u00f3licos romanos. Pueden, en determinadas situaciones dependiendo de las circunstancias nacionales, y tras la con\u00adsulta con el Obispo diocesano, ser miembros de Iglesias y otras comunidades cristianas, que compartan la creencia cat\u00f3lica, entre otros, de la presencia real de Cristo en la Eucarist\u00eda, los siete Sacramentos y la devoci\u00f3n a Mar\u00eda.<\/p>\n<p style=\"padding-left: 30px\"><em>Comentario.- Aparte del Asesor Espiritual, el Presidente tiene la obligaci\u00f3n de promocionar la espiritualidad vi\u00adcentina y la \u00e9tica cat\u00f3lica (ver art\u00edculo 3.11). Id\u00e9ntica obli\u00adgaci\u00f3n se aplica tambi\u00e9n al Wice-presidente que cuando es necesario asume el servicio del Presidente. La intenci\u00f3n de la Asamblea General de la Sociedad en 1999, fue per\u00admitir al menos a los Ortodoxos y a los Anglicanos-cat\u00f3li\u00adcos, asumir estas responsabilidades. La Jerarqu\u00eda cat\u00f3lica en cada pa\u00eds sabr\u00e1 si hay otras iglesias o comunidades eclesiales que corresponden a estos criterios. Ya que otros puestos no conllevan la obligaci\u00f3n espec\u00edfica de promo\u00adcionar la espiritualidad vicentina, estas responsabilidades <\/em><em>como Secretario, Tesorero, etc&#8230; quedan abiertas a cual\u00adquier miembro.<\/em><\/p>\n<h3><strong>6.6 Los grupos afiliados pueden trabajar muy estrecha\u00admente con nosotros<\/strong><\/h3>\n<p>La Sociedad acepta el principio de grupos afiliados. Estos grupos estar\u00e1n formados principalmente por personas de otras iglesias cristianas y comunidades ecum\u00e9nicas que se sientan atra\u00eddos por el trabajo de la Sociedad y\/o por su espiritualidad. Ser\u00e1n bienvenidos a participar en el trabajo caritativo de la Sociedad, en los debates adecuados de los Consejos y en la vida fraternal de la Sociedad, pero no ser\u00e1n elegibles para cargos dentro de la Sociedad.<\/p>\n<p>Grupos de laicos pertenecientes a religiones no cristianas tambi\u00e9n pueden ser tratados de una forma similar.<\/p>\n<p style=\"padding-left: 30px\"><em>Comentario.- En algunos lugares, puede ser conveniente la aceptaci\u00f3n, con las limitaciones que se\u00f1ala el art\u00edculo, de grupos afiliados de otras confesiones o creencias. La Sociedad puede admitirlos en su seno pero, en su deseo de permanecer cat\u00f3lica, impide su elegibilidad para cargos de representaci\u00f3n.<\/em><\/p>\n<h3><strong>6.7 Relaciones con agencias estatales y otras entidades caritativas<\/strong><\/h3>\n<p>Cuando los problemas que se encuentran van m\u00e1s all\u00e1 de su competencia o capacidad y siempre que ayude a la So\u00adciedad en su preocupaci\u00f3n de combatir la injusticia, los Vicentinos deben establecer constantes v\u00ednculos y relacio\u00adnes, con las Agencias Estatales y con otras entidades cari\u00adtativas m\u00e1s especializadas dispuestas a trabajar con ellas, siempre y cuando sea respetado el esp\u00edritu de la Sociedad.<\/p>\n<p style=\"padding-left: 30px\"><em>Comentario.- Un mundo cada vez m\u00e1s globalizado, es tambi\u00e9n un mundo m\u00e1s complicado. Las Conferencias, a trav\u00e9s de los Consejos oportunos, pueden y deben acudir a la colaboraci\u00f3n puntual con otras Entidades que puedan favorecer su trabajo a favor de los m\u00e1s necesitados. Una actitud prudente, observadora, nos alejara del esc\u00e1ndalo que supondr\u00eda el trabajo en com\u00fan con grupos o personas que mantuvieran planteamientos contrarios a la Doctrina de la Santa Iglesia.[\u00ab&#8230;.es preciso evitar hasta las apa\u00adriencias del mal y cuanto pudiera escandalizar a los d\u00e9\u00adbiles.\u00bb (Consideraciones Preliminares al Reglamento S.S.V.P. 1.835)]<\/em><\/p>\n","protected":false},"excerpt":{"rendered":"<p>6. Otras relaciones Relaciones ecum\u00e9nicas y entre distintas religiones. 6.1 Todos los miembros deben fomentar el ecumenismo Cada Vicentino busca profundizar en su propio compro\u00admiso hacia el Ecumenismo y hacia la cooperaci\u00f3n en tra\u00adbajos de &#8230; <a href=\"http:\/\/vincentians.com\/es\/regla-comentada-de-la-ssvp-6-otras-relaciones\/\" class=\"more-link\">Read More<\/a><\/p>\n","protected":false},"author":4,"featured_media":51123,"comment_status":"open","ping_status":"open","sticky":false,"template":"","format":"standard","meta":{"jetpack_post_was_ever_published":false,"_jetpack_newsletter_access":"","_jetpack_dont_email_post_to_subs":false,"_jetpack_newsletter_tier_id":0,"_jetpack_memberships_contains_paywalled_content":false,"_jetpack_memberships_contains_paid_content":false,"footnotes":"","jetpack_publicize_message":"","jetpack_publicize_feature_enabled":true,"jetpack_social_post_already_shared":true,"jetpack_social_options":{"image_generator_settings":{"template":"highway","default_image_id":0,"font":"","enabled":false},"version":2}},"categories":[357],"tags":[],"class_list":["post-51150","post","type-post","status-publish","format-standard","has-post-thumbnail","hentry","category-documentos-de-la-sociedad-de-san-vicente-de-paul"],"yoast_head":"<!-- This site is optimized with the Yoast SEO plugin v26.3 - https:\/\/yoast.com\/wordpress\/plugins\/seo\/ -->\n<title>Regla comentada de la SSVP (6. Otras relaciones) - Somos Vicencianos<\/title>\n<meta name=\"robots\" content=\"index, follow, max-snippet:-1, max-image-preview:large, max-video-preview:-1\" \/>\n<link rel=\"canonical\" href=\"http:\/\/vincentians.com\/es\/regla-comentada-de-la-ssvp-6-otras-relaciones\/\" \/>\n<meta property=\"og:locale\" content=\"es_ES\" \/>\n<meta property=\"og:type\" content=\"article\" \/>\n<meta property=\"og:title\" content=\"Regla comentada de la SSVP (6. Otras relaciones) - Somos Vicencianos\" \/>\n<meta property=\"og:description\" content=\"6. Otras relaciones Relaciones ecum\u00e9nicas y entre distintas religiones. 6.1 Todos los miembros deben fomentar el ecumenismo Cada Vicentino busca profundizar en su propio compro\u00admiso hacia el Ecumenismo y hacia la cooperaci\u00f3n en tra\u00adbajos de ... Read More\" \/>\n<meta property=\"og:url\" content=\"http:\/\/vincentians.com\/es\/regla-comentada-de-la-ssvp-6-otras-relaciones\/\" \/>\n<meta property=\"og:site_name\" content=\"Somos Vicencianos\" \/>\n<meta property=\"article:publisher\" content=\"https:\/\/www.facebook.com\/WeAreVincentians\/\" \/>\n<meta property=\"article:author\" content=\"https:\/\/www.facebook.com\/JavierChento\" \/>\n<meta property=\"article:published_time\" content=\"2015-02-07T02:30:27+00:00\" \/>\n<meta name=\"author\" content=\"Francisco Javier Fern\u00e1ndez Chento\" \/>\n<meta name=\"twitter:card\" content=\"summary_large_image\" \/>\n<meta name=\"twitter:creator\" content=\"@https:\/\/twitter.com\/javierchento\" \/>\n<meta name=\"twitter:site\" content=\"@WeVincentians\" \/>\n<meta name=\"twitter:label1\" content=\"Escrito por\" \/>\n\t<meta name=\"twitter:data1\" content=\"Francisco Javier Fern\u00e1ndez Chento\" \/>\n\t<meta name=\"twitter:label2\" content=\"Tiempo de lectura\" \/>\n\t<meta name=\"twitter:data2\" content=\"7 minutos\" \/>\n<script type=\"application\/ld+json\" class=\"yoast-schema-graph\">{\"@context\":\"https:\/\/schema.org\",\"@graph\":[{\"@type\":\"Article\",\"@id\":\"http:\/\/vincentians.com\/es\/regla-comentada-de-la-ssvp-6-otras-relaciones\/#article\",\"isPartOf\":{\"@id\":\"http:\/\/vincentians.com\/es\/regla-comentada-de-la-ssvp-6-otras-relaciones\/\"},\"author\":{\"name\":\"Francisco Javier Fern\u00e1ndez Chento\",\"@id\":\"http:\/\/vincentians.com\/es\/#\/schema\/person\/9623ef4d9aa3b2dfb8c061f1499288f2\"},\"headline\":\"Regla comentada de la SSVP (6. Otras relaciones)\",\"datePublished\":\"2015-02-07T02:30:27+00:00\",\"mainEntityOfPage\":{\"@id\":\"http:\/\/vincentians.com\/es\/regla-comentada-de-la-ssvp-6-otras-relaciones\/\"},\"wordCount\":1455,\"commentCount\":0,\"publisher\":{\"@id\":\"http:\/\/vincentians.com\/es\/#organization\"},\"image\":{\"@id\":\"http:\/\/vincentians.com\/es\/regla-comentada-de-la-ssvp-6-otras-relaciones\/#primaryimage\"},\"thumbnailUrl\":\"\",\"articleSection\":[\"Documentos de la Sociedad de San Vicente de Pa\u00fal\"],\"inLanguage\":\"es\",\"potentialAction\":[{\"@type\":\"CommentAction\",\"name\":\"Comment\",\"target\":[\"http:\/\/vincentians.com\/es\/regla-comentada-de-la-ssvp-6-otras-relaciones\/#respond\"]}]},{\"@type\":\"WebPage\",\"@id\":\"http:\/\/vincentians.com\/es\/regla-comentada-de-la-ssvp-6-otras-relaciones\/\",\"url\":\"http:\/\/vincentians.com\/es\/regla-comentada-de-la-ssvp-6-otras-relaciones\/\",\"name\":\"Regla comentada de la SSVP (6. Otras relaciones) - Somos Vicencianos\",\"isPartOf\":{\"@id\":\"http:\/\/vincentians.com\/es\/#website\"},\"primaryImageOfPage\":{\"@id\":\"http:\/\/vincentians.com\/es\/regla-comentada-de-la-ssvp-6-otras-relaciones\/#primaryimage\"},\"image\":{\"@id\":\"http:\/\/vincentians.com\/es\/regla-comentada-de-la-ssvp-6-otras-relaciones\/#primaryimage\"},\"thumbnailUrl\":\"\",\"datePublished\":\"2015-02-07T02:30:27+00:00\",\"breadcrumb\":{\"@id\":\"http:\/\/vincentians.com\/es\/regla-comentada-de-la-ssvp-6-otras-relaciones\/#breadcrumb\"},\"inLanguage\":\"es\",\"potentialAction\":[{\"@type\":\"ReadAction\",\"target\":[\"http:\/\/vincentians.com\/es\/regla-comentada-de-la-ssvp-6-otras-relaciones\/\"]}]},{\"@type\":\"ImageObject\",\"inLanguage\":\"es\",\"@id\":\"http:\/\/vincentians.com\/es\/regla-comentada-de-la-ssvp-6-otras-relaciones\/#primaryimage\",\"url\":\"\",\"contentUrl\":\"\"},{\"@type\":\"BreadcrumbList\",\"@id\":\"http:\/\/vincentians.com\/es\/regla-comentada-de-la-ssvp-6-otras-relaciones\/#breadcrumb\",\"itemListElement\":[{\"@type\":\"ListItem\",\"position\":1,\"name\":\"Portada\",\"item\":\"http:\/\/vincentians.com\/es\/\"},{\"@type\":\"ListItem\",\"position\":2,\"name\":\"Regla comentada de la SSVP (6. Otras relaciones)\"}]},{\"@type\":\"WebSite\",\"@id\":\"http:\/\/vincentians.com\/es\/#website\",\"url\":\"http:\/\/vincentians.com\/es\/\",\"name\":\"Somos Vicencianos\",\"description\":\"Know more to serve more\",\"publisher\":{\"@id\":\"http:\/\/vincentians.com\/es\/#organization\"},\"potentialAction\":[{\"@type\":\"SearchAction\",\"target\":{\"@type\":\"EntryPoint\",\"urlTemplate\":\"http:\/\/vincentians.com\/es\/?s={search_term_string}\"},\"query-input\":{\"@type\":\"PropertyValueSpecification\",\"valueRequired\":true,\"valueName\":\"search_term_string\"}}],\"inLanguage\":\"es\"},{\"@type\":\"Organization\",\"@id\":\"http:\/\/vincentians.com\/es\/#organization\",\"name\":\"The Vincentian Network\",\"url\":\"http:\/\/vincentians.com\/es\/\",\"logo\":{\"@type\":\"ImageObject\",\"inLanguage\":\"es\",\"@id\":\"http:\/\/vincentians.com\/es\/#\/schema\/logo\/image\/\",\"url\":\"https:\/\/i1.wp.com\/vincentians.com\/es\/wp-content\/uploads\/sites\/11\/2016\/06\/Vincentian-Network-logo-big.png?fit=778%2C778\",\"contentUrl\":\"https:\/\/i1.wp.com\/vincentians.com\/es\/wp-content\/uploads\/sites\/11\/2016\/06\/Vincentian-Network-logo-big.png?fit=778%2C778\",\"width\":778,\"height\":778,\"caption\":\"The Vincentian Network\"},\"image\":{\"@id\":\"http:\/\/vincentians.com\/es\/#\/schema\/logo\/image\/\"},\"sameAs\":[\"https:\/\/www.facebook.com\/WeAreVincentians\/\",\"https:\/\/x.com\/WeVincentians\"]},{\"@type\":\"Person\",\"@id\":\"http:\/\/vincentians.com\/es\/#\/schema\/person\/9623ef4d9aa3b2dfb8c061f1499288f2\",\"name\":\"Francisco Javier Fern\u00e1ndez Chento\",\"image\":{\"@type\":\"ImageObject\",\"inLanguage\":\"es\",\"@id\":\"http:\/\/vincentians.com\/es\/#\/schema\/person\/image\/\",\"url\":\"https:\/\/secure.gravatar.com\/avatar\/497d5cde87b4c3d097d0315953521681ba2cd523ee66e5077c3711f7021e65de?s=96&d=mm&r=g\",\"contentUrl\":\"https:\/\/secure.gravatar.com\/avatar\/497d5cde87b4c3d097d0315953521681ba2cd523ee66e5077c3711f7021e65de?s=96&d=mm&r=g\",\"caption\":\"Francisco Javier Fern\u00e1ndez Chento\"},\"description\":\"Director General y cofundador de La Red de Formaci\u00f3n Vicenciana. Javier es laico vicenciano, afiliado a la Congregaci\u00f3n de la Misi\u00f3n y miembro del Equipo de Misiones Populares de la provincia can\u00f3nica de Zaragoza (Espa\u00f1a) de la Congregaci\u00f3n de la Misi\u00f3n. Graduado en la Universidad Oberta de Catalunya con cuatro grados (Asistente de direcci\u00f3n, Gesti\u00f3n Administrativa, Recursos Humanos y Contabilidad Avanzada). Bil\u00edng\u00fce Espa\u00f1ol\/Ingl\u00e9s. gestiona y mantiene varias p\u00e1ginas web cristianas y vicencianas, incluida including La Red de Formaci\u00f3n Vicenciana, de la que es cofundador. Actualmente es responsable del \u00e1rea de Espa\u00f1ol de .famvin, la Red de Noticias de la Familia Vicenciana. Tambi\u00e9n es m\u00fasico cat\u00f3lico y ha editado varios discos. Es Director General y cofundador de Trovador, una reconocida compa\u00f1\u00eda discogr\u00e1fica critiana de Espa\u00f1a. Trabaja en las Tecnolog\u00edas de la Informaci\u00f3n, ofreciendo servicios de alojamiento, dise\u00f1o y mantenimiento Web, as\u00ed como asesoramiento, formaci\u00f3n y soluciones inform\u00e1ticas, gesti\u00f3n documental y digitalizaci\u00f3n de textos, edici\u00f3n y maquetaci\u00f3n de libros, revistas, flyers, etc.\",\"sameAs\":[\"http:\/\/chento.org\",\"https:\/\/www.facebook.com\/JavierChento\",\"https:\/\/x.com\/https:\/\/twitter.com\/javierchento\"],\"url\":\"http:\/\/vincentians.com\/es\/author\/chento\/\"}]}<\/script>\n<!-- \/ Yoast SEO plugin. -->","yoast_head_json":{"title":"Regla comentada de la SSVP (6. Otras relaciones) - Somos Vicencianos","robots":{"index":"index","follow":"follow","max-snippet":"max-snippet:-1","max-image-preview":"max-image-preview:large","max-video-preview":"max-video-preview:-1"},"canonical":"http:\/\/vincentians.com\/es\/regla-comentada-de-la-ssvp-6-otras-relaciones\/","og_locale":"es_ES","og_type":"article","og_title":"Regla comentada de la SSVP (6. Otras relaciones) - Somos Vicencianos","og_description":"6. Otras relaciones Relaciones ecum\u00e9nicas y entre distintas religiones. 6.1 Todos los miembros deben fomentar el ecumenismo Cada Vicentino busca profundizar en su propio compro\u00admiso hacia el Ecumenismo y hacia la cooperaci\u00f3n en tra\u00adbajos de ... Read More","og_url":"http:\/\/vincentians.com\/es\/regla-comentada-de-la-ssvp-6-otras-relaciones\/","og_site_name":"Somos Vicencianos","article_publisher":"https:\/\/www.facebook.com\/WeAreVincentians\/","article_author":"https:\/\/www.facebook.com\/JavierChento","article_published_time":"2015-02-07T02:30:27+00:00","author":"Francisco Javier Fern\u00e1ndez Chento","twitter_card":"summary_large_image","twitter_creator":"@https:\/\/twitter.com\/javierchento","twitter_site":"@WeVincentians","twitter_misc":{"Escrito por":"Francisco Javier Fern\u00e1ndez Chento","Tiempo de lectura":"7 minutos"},"schema":{"@context":"https:\/\/schema.org","@graph":[{"@type":"Article","@id":"http:\/\/vincentians.com\/es\/regla-comentada-de-la-ssvp-6-otras-relaciones\/#article","isPartOf":{"@id":"http:\/\/vincentians.com\/es\/regla-comentada-de-la-ssvp-6-otras-relaciones\/"},"author":{"name":"Francisco Javier Fern\u00e1ndez Chento","@id":"http:\/\/vincentians.com\/es\/#\/schema\/person\/9623ef4d9aa3b2dfb8c061f1499288f2"},"headline":"Regla comentada de la SSVP (6. Otras relaciones)","datePublished":"2015-02-07T02:30:27+00:00","mainEntityOfPage":{"@id":"http:\/\/vincentians.com\/es\/regla-comentada-de-la-ssvp-6-otras-relaciones\/"},"wordCount":1455,"commentCount":0,"publisher":{"@id":"http:\/\/vincentians.com\/es\/#organization"},"image":{"@id":"http:\/\/vincentians.com\/es\/regla-comentada-de-la-ssvp-6-otras-relaciones\/#primaryimage"},"thumbnailUrl":"","articleSection":["Documentos de la Sociedad de San Vicente de Pa\u00fal"],"inLanguage":"es","potentialAction":[{"@type":"CommentAction","name":"Comment","target":["http:\/\/vincentians.com\/es\/regla-comentada-de-la-ssvp-6-otras-relaciones\/#respond"]}]},{"@type":"WebPage","@id":"http:\/\/vincentians.com\/es\/regla-comentada-de-la-ssvp-6-otras-relaciones\/","url":"http:\/\/vincentians.com\/es\/regla-comentada-de-la-ssvp-6-otras-relaciones\/","name":"Regla comentada de la SSVP (6. Otras relaciones) - Somos Vicencianos","isPartOf":{"@id":"http:\/\/vincentians.com\/es\/#website"},"primaryImageOfPage":{"@id":"http:\/\/vincentians.com\/es\/regla-comentada-de-la-ssvp-6-otras-relaciones\/#primaryimage"},"image":{"@id":"http:\/\/vincentians.com\/es\/regla-comentada-de-la-ssvp-6-otras-relaciones\/#primaryimage"},"thumbnailUrl":"","datePublished":"2015-02-07T02:30:27+00:00","breadcrumb":{"@id":"http:\/\/vincentians.com\/es\/regla-comentada-de-la-ssvp-6-otras-relaciones\/#breadcrumb"},"inLanguage":"es","potentialAction":[{"@type":"ReadAction","target":["http:\/\/vincentians.com\/es\/regla-comentada-de-la-ssvp-6-otras-relaciones\/"]}]},{"@type":"ImageObject","inLanguage":"es","@id":"http:\/\/vincentians.com\/es\/regla-comentada-de-la-ssvp-6-otras-relaciones\/#primaryimage","url":"","contentUrl":""},{"@type":"BreadcrumbList","@id":"http:\/\/vincentians.com\/es\/regla-comentada-de-la-ssvp-6-otras-relaciones\/#breadcrumb","itemListElement":[{"@type":"ListItem","position":1,"name":"Portada","item":"http:\/\/vincentians.com\/es\/"},{"@type":"ListItem","position":2,"name":"Regla comentada de la SSVP (6. Otras relaciones)"}]},{"@type":"WebSite","@id":"http:\/\/vincentians.com\/es\/#website","url":"http:\/\/vincentians.com\/es\/","name":"Somos Vicencianos","description":"Know more to serve more","publisher":{"@id":"http:\/\/vincentians.com\/es\/#organization"},"potentialAction":[{"@type":"SearchAction","target":{"@type":"EntryPoint","urlTemplate":"http:\/\/vincentians.com\/es\/?s={search_term_string}"},"query-input":{"@type":"PropertyValueSpecification","valueRequired":true,"valueName":"search_term_string"}}],"inLanguage":"es"},{"@type":"Organization","@id":"http:\/\/vincentians.com\/es\/#organization","name":"The Vincentian Network","url":"http:\/\/vincentians.com\/es\/","logo":{"@type":"ImageObject","inLanguage":"es","@id":"http:\/\/vincentians.com\/es\/#\/schema\/logo\/image\/","url":"https:\/\/i1.wp.com\/vincentians.com\/es\/wp-content\/uploads\/sites\/11\/2016\/06\/Vincentian-Network-logo-big.png?fit=778%2C778","contentUrl":"https:\/\/i1.wp.com\/vincentians.com\/es\/wp-content\/uploads\/sites\/11\/2016\/06\/Vincentian-Network-logo-big.png?fit=778%2C778","width":778,"height":778,"caption":"The Vincentian Network"},"image":{"@id":"http:\/\/vincentians.com\/es\/#\/schema\/logo\/image\/"},"sameAs":["https:\/\/www.facebook.com\/WeAreVincentians\/","https:\/\/x.com\/WeVincentians"]},{"@type":"Person","@id":"http:\/\/vincentians.com\/es\/#\/schema\/person\/9623ef4d9aa3b2dfb8c061f1499288f2","name":"Francisco Javier Fern\u00e1ndez Chento","image":{"@type":"ImageObject","inLanguage":"es","@id":"http:\/\/vincentians.com\/es\/#\/schema\/person\/image\/","url":"https:\/\/secure.gravatar.com\/avatar\/497d5cde87b4c3d097d0315953521681ba2cd523ee66e5077c3711f7021e65de?s=96&d=mm&r=g","contentUrl":"https:\/\/secure.gravatar.com\/avatar\/497d5cde87b4c3d097d0315953521681ba2cd523ee66e5077c3711f7021e65de?s=96&d=mm&r=g","caption":"Francisco Javier Fern\u00e1ndez Chento"},"description":"Director General y cofundador de La Red de Formaci\u00f3n Vicenciana. Javier es laico vicenciano, afiliado a la Congregaci\u00f3n de la Misi\u00f3n y miembro del Equipo de Misiones Populares de la provincia can\u00f3nica de Zaragoza (Espa\u00f1a) de la Congregaci\u00f3n de la Misi\u00f3n. Graduado en la Universidad Oberta de Catalunya con cuatro grados (Asistente de direcci\u00f3n, Gesti\u00f3n Administrativa, Recursos Humanos y Contabilidad Avanzada). Bil\u00edng\u00fce Espa\u00f1ol\/Ingl\u00e9s. gestiona y mantiene varias p\u00e1ginas web cristianas y vicencianas, incluida including La Red de Formaci\u00f3n Vicenciana, de la que es cofundador. Actualmente es responsable del \u00e1rea de Espa\u00f1ol de .famvin, la Red de Noticias de la Familia Vicenciana. Tambi\u00e9n es m\u00fasico cat\u00f3lico y ha editado varios discos. Es Director General y cofundador de Trovador, una reconocida compa\u00f1\u00eda discogr\u00e1fica critiana de Espa\u00f1a. Trabaja en las Tecnolog\u00edas de la Informaci\u00f3n, ofreciendo servicios de alojamiento, dise\u00f1o y mantenimiento Web, as\u00ed como asesoramiento, formaci\u00f3n y soluciones inform\u00e1ticas, gesti\u00f3n documental y digitalizaci\u00f3n de textos, edici\u00f3n y maquetaci\u00f3n de libros, revistas, flyers, etc.","sameAs":["http:\/\/chento.org","https:\/\/www.facebook.com\/JavierChento","https:\/\/x.com\/https:\/\/twitter.com\/javierchento"],"url":"http:\/\/vincentians.com\/es\/author\/chento\/"}]}},"jetpack_publicize_connections":[],"jetpack_featured_media_url":"","jetpack_sharing_enabled":true,"jetpack_shortlink":"https:\/\/wp.me\/p7ETMF-dj0","jetpack-related-posts":[{"id":139658,"url":"http:\/\/vincentians.com\/es\/abiertos-al-dialogo-ecumenico\/","url_meta":{"origin":51150,"position":0},"title":"Abiertos al di\u00e1logo ecum\u00e9nico","author":"Francisco Javier Fern\u00e1ndez Chento","date":"15\/02\/2015","format":false,"excerpt":"\u00abHay un solo cuerpo un solo Esp\u00edritu, como una es tam\u00adbi\u00e9n la esperanza que os abri\u00f3 su llamamiento; un Se\u00ad\u00f1or, una fe, un bautismo, un Dios y Padre de todos, que est\u00e1 sobre todos, entre to\u00addos y en todos\u00bb. (Ef 4,4-6). \u00abLos misioneros fomentar\u00e1n el di\u00e1logo ecum\u00e9nico y par\u00adticipar\u00e1n activamente\u2026","rel":"","context":"En \u00abEspiritualidad vicenciana\u00bb","block_context":{"text":"Espiritualidad vicenciana","link":"http:\/\/vincentians.com\/es\/category\/espiritualidad\/espiritualidad-vicenciana\/"},"img":{"alt_text":"Pope Francis and Ecumenical Patriarch Bartholomew attend ecumenical celebration in Church of the Holy Sepulcher","src":"https:\/\/i0.wp.com\/vicencianos.org\/wp-content\/2015\/02\/popepatriarch-300x203.jpg?resize=350%2C200","width":350,"height":200},"classes":[]},{"id":117161,"url":"http:\/\/vincentians.com\/es\/unitatis-redintegratio\/","url_meta":{"origin":51150,"position":1},"title":"Unitatis redintegratio","author":"Francisco Javier Fern\u00e1ndez Chento","date":"04\/11\/2018","format":false,"excerpt":"Comentario a \"Unitatis redintegratio\" Autor: Jos\u00e9 Miguel Arr\u00e1iz El documento Unitatis Redintegratio es el decreto del Concilio Vaticano II referente al ecumenismo. Fue promulgado el 20 de noviembre de 1964 con el siguiente resultado: 2054 votos a favor, 64 en contra, 6 votos iuxta modum y 5 votos nulos. Composici\u00f3n\u2026","rel":"","context":"En \u00abConcilio Vaticano II\u00bb","block_context":{"text":"Concilio Vaticano II","link":"http:\/\/vincentians.com\/es\/category\/formacion-cristiana\/concilios-ecumenicos\/concilio-vaticano-ii\/"},"img":{"alt_text":"","src":"","width":0,"height":0},"classes":[]},{"id":128955,"url":"http:\/\/vincentians.com\/es\/el-senor-portal-y-los-suyos-1855-1926-40-y-final\/","url_meta":{"origin":51150,"position":2},"title":"El Se\u00f1or Portal y los suyos (1855-1926) (40 y final)","author":"Mitxel Olabu\u00e9naga","date":"03\/03\/2014","format":false,"excerpt":"Conclusi\u00f3n El Se\u00f1or Portal, su alzacuello galicano, su escritura excelente, sus carn\u00e9s de apuntes llenos de citas de Vicente de Pa\u00fal, Juana de Chantal, Francisco de As\u00eds, Bossuet, Fenel\u00f3n, Bourdaloue; un estilo, un modo, en los que Pierre-Henri Simon reconoci\u00f3 Lo que el amable erudito de Henri Bremond ilustraba por\u2026","rel":"","context":"En \u00abHistoria de la Congregaci\u00f3n de la Misi\u00f3n\u00bb","block_context":{"text":"Historia de la Congregaci\u00f3n de la Misi\u00f3n","link":"http:\/\/vincentians.com\/es\/category\/historia-de-la-familia-vicenciana\/historia-de-la-congregacion-de-la-mision\/"},"img":{"alt_text":"Portal-A","src":"https:\/\/i0.wp.com\/vicencianos.org\/wp-content\/2014\/01\/Portal-A2.jpg?resize=350%2C200","width":350,"height":200},"classes":[]},{"id":37283,"url":"http:\/\/vincentians.com\/es\/espiritualidad-vicenciana-ecumenismo\/","url_meta":{"origin":51150,"position":3},"title":"Espiritualidad vicenciana: Ecumenismo","author":"Francisco Javier Fern\u00e1ndez Chento","date":"09\/02\/2017","format":false,"excerpt":"O. Introducci\u00f3n Ecumenismo, etimol\u00f3gicamente procede del t\u00e9rmino griego \"oukumene\", que tiene un signi\u00adficado geogr\u00e1fico (\"tierra habitada\", \"mundo en\u00adtero\", Mt. 24, 14) y pol\u00edtico (\"todo el imperio\", Lc. 2, 1), adquiriendo tambi\u00e9n un sentido religioso\u00ad eclesial (\"lo que ata\u00f1e al conjunto de todos los cristianos\"). Pero el sentido original del adjetivo\u2026","rel":"","context":"En \u00abEspiritualidad vicenciana\u00bb","block_context":{"text":"Espiritualidad vicenciana","link":"http:\/\/vincentians.com\/es\/category\/espiritualidad\/espiritualidad-vicenciana\/"},"img":{"alt_text":"","src":"https:\/\/i0.wp.com\/vincentians.com\/es\/wp-content\/uploads\/sites\/11\/2016\/07\/espiritualidad-vicenciana.jpg?fit=1200%2C630&resize=350%2C200","width":350,"height":200,"srcset":"https:\/\/i0.wp.com\/vincentians.com\/es\/wp-content\/uploads\/sites\/11\/2016\/07\/espiritualidad-vicenciana.jpg?fit=1200%2C630&resize=350%2C200 1x, https:\/\/i0.wp.com\/vincentians.com\/es\/wp-content\/uploads\/sites\/11\/2016\/07\/espiritualidad-vicenciana.jpg?fit=1200%2C630&resize=525%2C300 1.5x, https:\/\/i0.wp.com\/vincentians.com\/es\/wp-content\/uploads\/sites\/11\/2016\/07\/espiritualidad-vicenciana.jpg?fit=1200%2C630&resize=700%2C400 2x, https:\/\/i0.wp.com\/vincentians.com\/es\/wp-content\/uploads\/sites\/11\/2016\/07\/espiritualidad-vicenciana.jpg?fit=1200%2C630&resize=1050%2C600 3x"},"classes":[]},{"id":87837,"url":"http:\/\/vincentians.com\/es\/el-ecumenismo\/","url_meta":{"origin":51150,"position":4},"title":"El Ecumenismo","author":"Francisco Javier Fern\u00e1ndez Chento","date":"21\/01\/2018","format":false,"excerpt":"Introducci\u00f3n Los Estatutos de la Compa\u00f1\u00eda, al tratar sobre la formaci\u00f3n, dicen: Las Hijas de la Caridad \"se inspiran en el pensamiento de la Iglesia en lo referente al ecume\u00adnismo y a las relaciones con los no cristianos y los no creyentes, para poder obrar con discreci\u00f3n, comprensi\u00f3n y celo\u2026","rel":"","context":"En \u00abFormaci\u00f3n Cristiana\u00bb","block_context":{"text":"Formaci\u00f3n Cristiana","link":"http:\/\/vincentians.com\/es\/category\/formacion-cristiana\/"},"img":{"alt_text":"","src":"https:\/\/i0.wp.com\/vincentians.com\/es\/wp-content\/uploads\/sites\/11\/2016\/09\/sencillos-como-palomas.jpg?fit=1200%2C630&resize=350%2C200","width":350,"height":200,"srcset":"https:\/\/i0.wp.com\/vincentians.com\/es\/wp-content\/uploads\/sites\/11\/2016\/09\/sencillos-como-palomas.jpg?fit=1200%2C630&resize=350%2C200 1x, https:\/\/i0.wp.com\/vincentians.com\/es\/wp-content\/uploads\/sites\/11\/2016\/09\/sencillos-como-palomas.jpg?fit=1200%2C630&resize=525%2C300 1.5x, https:\/\/i0.wp.com\/vincentians.com\/es\/wp-content\/uploads\/sites\/11\/2016\/09\/sencillos-como-palomas.jpg?fit=1200%2C630&resize=700%2C400 2x, https:\/\/i0.wp.com\/vincentians.com\/es\/wp-content\/uploads\/sites\/11\/2016\/09\/sencillos-como-palomas.jpg?fit=1200%2C630&resize=1050%2C600 3x"},"classes":[]},{"id":117074,"url":"http:\/\/vincentians.com\/es\/orientalium-ecclesiarum\/","url_meta":{"origin":51150,"position":5},"title":"Orientalium Ecclesiarum","author":"Francisco Javier Fern\u00e1ndez Chento","date":"22\/10\/2018","format":false,"excerpt":"DECRETO ORIENTALIUM ECCLESIARUM SOBRE LAS IGLESIAS ORIENTALES CAT\u00d3LICAS PROEMIO 1. La Iglesia cat\u00f3lica tiene en gran aprecio las instituciones, los ritos lit\u00fargicos, las tradiciones eclesi\u00e1sticas y la disciplina de la vida cristiana de las Iglesias orientales. Pues en todas ellas, preclaras por su venerable antig\u00fcedad, brilla aquella tradici\u00f3n de los\u2026","rel":"","context":"En \u00abConcilio Vaticano II\u00bb","block_context":{"text":"Concilio Vaticano II","link":"http:\/\/vincentians.com\/es\/category\/formacion-cristiana\/concilios-ecumenicos\/concilio-vaticano-ii\/"},"img":{"alt_text":"","src":"https:\/\/i0.wp.com\/vincentians.com\/es\/wp-content\/uploads\/sites\/11\/2017\/08\/milagrosa-laboure-fb.jpg?fit=1200%2C630&resize=350%2C200","width":350,"height":200,"srcset":"https:\/\/i0.wp.com\/vincentians.com\/es\/wp-content\/uploads\/sites\/11\/2017\/08\/milagrosa-laboure-fb.jpg?fit=1200%2C630&resize=350%2C200 1x, https:\/\/i0.wp.com\/vincentians.com\/es\/wp-content\/uploads\/sites\/11\/2017\/08\/milagrosa-laboure-fb.jpg?fit=1200%2C630&resize=525%2C300 1.5x, https:\/\/i0.wp.com\/vincentians.com\/es\/wp-content\/uploads\/sites\/11\/2017\/08\/milagrosa-laboure-fb.jpg?fit=1200%2C630&resize=700%2C400 2x, https:\/\/i0.wp.com\/vincentians.com\/es\/wp-content\/uploads\/sites\/11\/2017\/08\/milagrosa-laboure-fb.jpg?fit=1200%2C630&resize=1050%2C600 3x"},"classes":[]}],"_links":{"self":[{"href":"http:\/\/vincentians.com\/es\/wp-json\/wp\/v2\/posts\/51150","targetHints":{"allow":["GET"]}}],"collection":[{"href":"http:\/\/vincentians.com\/es\/wp-json\/wp\/v2\/posts"}],"about":[{"href":"http:\/\/vincentians.com\/es\/wp-json\/wp\/v2\/types\/post"}],"author":[{"embeddable":true,"href":"http:\/\/vincentians.com\/es\/wp-json\/wp\/v2\/users\/4"}],"replies":[{"embeddable":true,"href":"http:\/\/vincentians.com\/es\/wp-json\/wp\/v2\/comments?post=51150"}],"version-history":[{"count":0,"href":"http:\/\/vincentians.com\/es\/wp-json\/wp\/v2\/posts\/51150\/revisions"}],"wp:featuredmedia":[{"embeddable":true,"href":"http:\/\/vincentians.com\/es\/wp-json\/"}],"wp:attachment":[{"href":"http:\/\/vincentians.com\/es\/wp-json\/wp\/v2\/media?parent=51150"}],"wp:term":[{"taxonomy":"category","embeddable":true,"href":"http:\/\/vincentians.com\/es\/wp-json\/wp\/v2\/categories?post=51150"},{"taxonomy":"post_tag","embeddable":true,"href":"http:\/\/vincentians.com\/es\/wp-json\/wp\/v2\/tags?post=51150"}],"curies":[{"name":"wp","href":"https:\/\/api.w.org\/{rel}","templated":true}]}}